{"id":44920,"date":"2019-11-18T10:35:03","date_gmt":"2019-11-18T12:35:03","guid":{"rendered":"https:\/\/www.suno.com.br\/noticias\/?p=44920"},"modified":"2021-06-14T00:23:45","modified_gmt":"2021-06-14T03:23:45","slug":"agenda-do-dia-petrobras-braskem-gerdau-sabesp","status":"publish","type":"post","link":"https:\/\/www.suno.com.br\/noticias\/agenda-do-dia-petrobras-braskem-gerdau-sabesp\/","title":{"rendered":"Agenda do Dia: Petrobras; Braskem; Gerdau; Sabesp"},"content":{"rendered":"<p>Os assuntos da Agenda do Dia desta segunda-feira (18) prometem agitar o mercado interno e externo.<\/p>\t<div class=\"wrapper-featured-image\">\n\t\t<figure class=\"spotlightImg\">\n\n\t\t\t<picture>\n\t\t\t\t<source media=\"(max-width: 768px)\" srcset=\"https:\/\/files.sunoresearch.com.br\/n\/uploads\/2019\/05\/a4e99772-petrobras-400x200.webp\">\n\t\t\t\t<img loading=\"lazy\" decoding=\"async\" class=\"newsContent__article__imgCapa lazyloadDisabled newsContent__article__imgCapa--noCaption\" src=\"https:\/\/files.sunoresearch.com.br\/n\/uploads\/2019\/05\/a4e99772-petrobras-800x450.webp\" width=\"800\" height=\"450\" alt=\"Agenda do Dia: Petrobras; Braskem; Gerdau; Sabesp\" fetchpriority=high \/>\n\t\t\t<\/picture>\n\n\t\t\t<figcaption class=\"wp-caption-text wp-caption-text--hide\">A Petrobras (PETR3; PETR4) iniciou a fase vinculante referente \u00e0 venda de sua subsidi\u00e1ria integral Petrobras Biocombust\u00edvel (PBIO).<\/figcaption>\n\t\t<\/figure>\n\t<\/div>\n\n\n\n<p>A <b>Petrobras <\/b>comunicou que deu in\u00edcio a produ\u00e7\u00e3o de petr\u00f3leo e g\u00e1s natural, por meio da plataforma P-68. A <b>Braskem<\/b> reportou preju\u00edzo no trimestre entre julho e setembro deste ano. Estas e outras not\u00edcias fazem parte da <strong>Agenda do Dia<\/strong> desta segunda.<\/p>\n<p>A Agenda do Dia conta tamb\u00e9m com a not\u00edcia da <strong>Gerdau, <\/strong>que confirmou a emiss\u00e3o de bonds no exterior.<\/p>\n<p>Confira os principais pontos da Agenda do Dia:<\/p>\n<h2>Petrobras<\/h2>\n<p>A <strong>Petrobras<\/strong> comunicou que deu in\u00edcio a produ\u00e7\u00e3o de petr\u00f3leo e g\u00e1s natural, por meio da plataforma P-68, do campo de Berbig\u00e3o, no pr\u00e9-sal da Bacia de Santos. Em comunicado enviado \u00e0 Comiss\u00e3o de Valores Mobili\u00e1rios (CVM), a empresa diz que ap\u00f3s a P-67, no campo de Lula, e P-76 e P-77, no campo de B\u00fazios, a P-68 \u00e9 a quarta unidade a entrar em opera\u00e7\u00e3o em 2019, em linha com o Plano de Neg\u00f3cios e Gest\u00e3o da Petrobras.<\/p>\n\t<p>\n\t\t<a href=\"https:\/\/simulador-aposentadoria.suno.com.br\/?utm_source=suno-noticias&#038;utm_medium=banner&#038;utm_content=como-investir-para-aposentadoria-carteira-go&#038;utm_campaign=_SNC36CE4E9F_\" target=\"_blank\" data-element=\"shortcode-suno-banner\" title=\"Banner SUNO, clique e saiba mais\">\n\t\t\t<picture>\n\t\t\t\t<source media=\"(max-width: 500px)\" srcset=\"https:\/\/files.sunoresearch.com.br\/n\/uploads\/2025\/11\/400x300.webp\">\n\t\t\t\t<img class=\"newsContent__article__imgCapa newsContent__article__imgCapa--banner\"\n\t\t\t\t\tsrc=\"https:\/\/files.sunoresearch.com.br\/n\/uploads\/2025\/11\/1420x240.webp\"\n\t\t\t\t\tdata-promo-id=\"631530\"\t\t\t\t\t\t\t\t\t\twidth='1420' height='240'\t\t\t\t\talt=\"https:\/\/files.sunoresearch.com.br\/n\/uploads\/2025\/11\/1420x240.webp\"\n\t\t\t\t>\n\t\t\t<\/picture>\n\t\t<\/a>\n\t<\/p>\n\n\n<p>\u201cCom capacidade para processar diariamente at\u00e9 150 mil barris de \u00f3leo e comprimir at\u00e9 6 milh\u00f5es de metro c\u00fabicos de g\u00e1s natural, a P-68 contribuir\u00e1 para o crescimento da produ\u00e7\u00e3o da Petrobras, principalmente em 2020, com a interliga\u00e7\u00e3o de novos po\u00e7os do campo de Berbig\u00e3o e com a interliga\u00e7\u00e3o de po\u00e7os do campo de Sururu\u201d, informa a estatal.<\/p>\n<p>De acordo a petroleira, o projeto prev\u00ea a interliga\u00e7\u00e3o de dez po\u00e7os produtores e sete po\u00e7os injetores \u00e0 P-68.<\/p>\n<h2>Braskem<\/h2>\n<p>A <strong>Braskem<\/strong> teve preju\u00edzo de R$ 888 milh\u00f5es no terceiro trimestre deste ano. O resultado pode ser explicado por conta do impacto negativo da deprecia\u00e7\u00e3o do real em rela\u00e7\u00e3o ao d\u00f3lar sobre a exposi\u00e7\u00e3o l\u00edquida da empresa n\u00e3o designada para <a href=\"https:\/\/www.suno.com.br\/artigos\/como-utilizar-hedge\/\">hedge accounting<\/a>, revertendo lucro de R$ 1,344 bilh\u00e3o do mesmo per\u00edodo de 2018.<\/p>\n<p><a href=\"https:\/\/www.suno.com.br\/noticias\/saudi-aramco-ipo-25-bilhoes\/\">Veja tamb\u00e9m: Saudi Aramco revela que vender\u00e1 1,5% das a\u00e7\u00f5es em IPO, arrecadando US$ 25,6 bilh\u00f5es<\/a><\/p>\n<p>O <strong>lucro antes de juros, impostos, deprecia\u00e7\u00e3o e amortiza\u00e7\u00e3o<\/strong> <a href=\"https:\/\/www.suno.com.br\/artigos\/ebitda\/\">(Ebitda)<\/a> recorrente foi de R$ 1,549 bilh\u00e3o, uma baixa de 58% na compara\u00e7\u00e3o anualizada. A <a href=\"https:\/\/www.suno.com.br\/artigos\/o-que-receita-liquida\/\">receita l\u00edquida<\/a> foi de R$ 13,368 bilh\u00f5es, uma queda de 18%. A d\u00edvida l\u00edquida consolidada foi de US$ 6,566 bilh\u00f5es, uma queda de 8% na compara\u00e7\u00e3o anual.<\/p>\n<h2>Sabesp<\/h2>\n<p>A <strong>Sabesp<\/strong> reportou seu resultado trimestral na noite da \u00faltima quinta-feira (14). A empresa teve lucro l\u00edquido de R$ 1,208 bilh\u00e3o no terceiro trimestre deste ano, uma alta de 113,9% em compara\u00e7\u00e3o ao valor de R$ 565,22 milh\u00f5es registrado no mesmo per\u00edodo do ano passado.<\/p>\n\t<p>\n\t\t<a href=\"https:\/\/lp.suno.com.br\/ebook-como-analisar-uma-acao\/\" target=\"_blank\" data-element=\"shortcode-suno-banner\" title=\"Banner SUNO, clique e saiba mais\">\n\t\t\t<picture>\n\t\t\t\t<source media=\"(max-width: 500px)\" srcset=\"https:\/\/files.sunoresearch.com.br\/n\/uploads\/2023\/03\/Ebook-Acoes-Mobile.jpg\">\n\t\t\t\t<img class=\"newsContent__article__imgCapa newsContent__article__imgCapa--banner\"\n\t\t\t\t\tsrc=\"https:\/\/files.sunoresearch.com.br\/n\/uploads\/2023\/03\/Ebook-Acoes-Desktop.jpg\"\n\t\t\t\t\tdata-promo-id=\"311946\"\t\t\t\t\t\t\t\t\t\twidth='1420' height='286'\t\t\t\t\talt=\"https:\/\/files.sunoresearch.com.br\/n\/uploads\/2023\/03\/Ebook-Acoes-Desktop.jpg\"\n\t\t\t\t>\n\t\t\t<\/picture>\n\t\t<\/a>\n\t<\/p>\n\n\n<p>O lucro antes de juros, impostos, deprecia\u00e7\u00e3o e amortiza\u00e7\u00e3o (Ebitda) ajustado da empresa foi de R$ 3,009 bilh\u00f5es entre julho e setembro, avan\u00e7ando 109,8% na compara\u00e7\u00e3o ano a ano. A margem <a href=\"https:\/\/www.suno.com.br\/artigos\/ebitda\/\">Ebitda<\/a> ajustada foi de 55,6% no per\u00edodo, frente a 37,6% na compara\u00e7\u00e3o anual.<\/p>\n<p>A empresa justificou que o desempenho no trimestre est\u00e1 atrelado a, principalmente, o in\u00edcio das opera\u00e7\u00f5es em Santo Andr\u00e9 e em Guarulhos.<\/p>\n<h2>Gerdau<\/h2>\n<p>A <strong>Gerdau<\/strong> confirmou a emiss\u00e3o de bonds no exterior no valor de US$ 500 milh\u00f5es. As informa\u00e7\u00f5es foram antecipadas pelo jornal &#8220;O Estado de S\u00e3o Paulo&#8221;. Os pap\u00e9is vencer\u00e3o em 2030, com juros remunerat\u00f3rios de 4,250% ao ano, e foram precificados a 98,973% de seu valor de face.<\/p>\n<p>A <strong>GUSAP III LP<\/strong> ser\u00e1 a respons\u00e1vel pela emiss\u00e3o, com garantia da <strong>Gerdau<\/strong>, <strong>Gerdau A\u00e7ominas<\/strong> e <strong>Gerdau<\/strong> <strong>A\u00e7os<\/strong> <strong>Longos<\/strong>. A empresa realizou uma apresenta\u00e7\u00e3o aos investidores estrangeiros nos \u00faltimos dias, tendo o Bradesco BBI, Bank of Am\u00e9rica<strong>,<\/strong> Merrill Lynch e Mizuho como coordenadores.<\/p>\n<h2>Eletrobras<\/h2>\n<p>O presidente da C\u00e2mara dos Deputados, <strong>Rodrigo<\/strong> <strong>Maia<\/strong>, afirmou que a privatiza\u00e7\u00e3o da <strong>Eletrobras<\/strong> est\u00e1 enfrentando uma certa resist\u00eancia do presidente do Senado, <strong>Davi<\/strong> <strong>Alcolumbre<\/strong>. De acordo com Maia, os deputados n\u00e3o querem passar por cima do aval dos senadores e o governo precisa agir para conseguir um acordo com a Casa.<\/p>\n<h2>P\u00e3o de A\u00e7\u00facar<\/h2>\n<p>Ap\u00f3s dois anos sem inaugura\u00e7\u00e3o de novas lojas, o <b>Grupo P\u00e3o de A\u00e7\u00facar <\/b>planeja inaugurar at\u00e9 sete novos pontos de venda com a marca P\u00e3o de A\u00e7\u00facar em 2020. Al\u00e9m disso, ir\u00e1 acelerar o projeto de reforma de 17 lojas em um modelo novo de varejo.<\/p>\n<p>\u201cNeste ano trabalhamos na revitaliza\u00e7\u00e3o dos ativos existentes e, em 2020, vamos avan\u00e7ar com esse plano e tamb\u00e9m abrir novas lojas\u201d, afirma Laurent Cadillat, diretor executivo do <strong>GPA<\/strong>.<\/p>\n<h2>Cemig<\/h2>\n<p>A <strong>Cemig<\/strong> registrou preju\u00edzo de R$ 281,8 milh\u00f5es no terceiro trimestre de 2019. No mesmo per\u00edodo de 2018, a empresa teve lucro de R$ 244,5 milh\u00f5es. O Ebitda ajustado chegou a R$ 983,7 milh\u00f5es (+9,03%), enquanto o Ebitda IFRS diminuiu 87,7% para R$ 110,2 milh\u00f5es.<\/p>\n<p>A <a href=\"https:\/\/www.suno.com.br\/artigos\/o-que-receita-liquida\/\">receita l\u00edquida<\/a> foi de R$ 6,070 bilh\u00f5es, baixa de 2,9%. A energia vendida, excluindo CCEE, teve baixa 1,5%, e a energia transportada avan\u00e7ou 0,5%. A empresa apresentou despesa com provis\u00e3o no valor de R$ 1,182 bilh\u00e3o, por conta da a\u00e7\u00e3o judicial de contribui\u00e7\u00f5es previdenci\u00e1rias.<\/p>\n<p><a href=\"https:\/\/www.suno.com.br\/noticias\/joint-venture-embraer-boeing-e-nomeada\/\">Veja tamb\u00e9m: Joint venture entre Embraer e Boeing para nova aeronave \u00e9 nomeada<\/a><\/p>\n<p>A empresa apresentou despesa com provis\u00e3o no valor de R$ 1,182 bilh\u00e3o, por conta da a\u00e7\u00e3o judicial de contribui\u00e7\u00f5es previdenci\u00e1rias. A <a href=\"https:\/\/www.suno.com.br\/artigos\/divida-liquida\/\">d\u00edvida l\u00edquida<\/a> da empresa foi de R$ 13,613 bilh\u00f5es no terceiro trimestre, uma diminui\u00e7\u00e3o de 0,57%.<\/p>\n<p>A <strong>Agenda do Dia<\/strong> da <a href=\"https:\/\/www.youtube.com\/channel\/UCWDeEIDAIi_oYKDiqwfGyRg\/videos\">Suno<\/a> mostra os principais acontecimentos que prometem movimentar o mercado durante o dia.<\/p>\n","protected":false},"excerpt":{"rendered":"<p>Os assuntos da Agenda do Dia desta segunda-feira (18) prometem agitar o mercado interno e externo. A Petrobras (PETR3; PETR4) iniciou a fase vinculante referente \u00e0 venda de sua subsidi\u00e1ria integral Petrobras Biocombust\u00edvel (PBIO). A Petrobras comunicou que deu in\u00edcio a produ\u00e7\u00e3o de petr\u00f3leo e g\u00e1s natural, por meio da plataforma P-68. A Braskem reportou [&hellip;]<\/p>\n","protected":false},"author":19,"featured_media":25113,"comment_status":"closed","ping_status":"closed","sticky":false,"template":"","format":"standard","meta":[],"categories":[64],"tags":[1980,455,488,595,621],"suno_strategy":[],"class_list":["post-44920","post","type-post","status-publish","format-standard","has-post-thumbnail","hentry","category-negocios","tag-agenda-do-dia","tag-eletrobras-elet3-elet5-elet6","tag-gerdau-ggbr3-ggbr4","tag-petrobras-petr4","tag-sabesp"],"yoast_head":"<!-- This site is optimized with the Yoast SEO plugin v24.4 - https:\/\/yoast.com\/wordpress\/plugins\/seo\/ -->\n<title>Agenda do Dia: Petrobras; Braskem; Gerdau; Sabesp<\/title>\n<meta name=\"description\" content=\"Agenda do Dia: produ\u00e7\u00e3o na plataforma p-68 da Petrobras; resultado da Braskem; Gerdau emite bonds no exterior; Sabesp. Clique e saiba mais.\" \/>\n<meta name=\"robots\" content=\"index, follow, max-snippet:-1, max-image-preview:large, max-video-preview:-1\" \/>\n<link rel=\"canonical\" href=\"https:\/\/www.suno.com.br\/noticias\/agenda-do-dia-petrobras-braskem-gerdau-sabesp\/\" \/>\n<meta property=\"og:locale\" content=\"pt_BR\" \/>\n<meta property=\"og:type\" content=\"article\" \/>\n<meta property=\"og:title\" content=\"Agenda do Dia: Petrobras; Braskem; Gerdau; Sabesp\" \/>\n<meta property=\"og:description\" content=\"Agenda do Dia: produ\u00e7\u00e3o na plataforma p-68 da Petrobras; resultado da Braskem; Gerdau emite bonds no exterior; Sabesp. Clique e saiba mais.\" \/>\n<meta property=\"og:url\" content=\"https:\/\/www.suno.com.br\/noticias\/agenda-do-dia-petrobras-braskem-gerdau-sabesp\/\" \/>\n<meta property=\"og:site_name\" content=\"Suno Not\u00edcias\" \/>\n<meta property=\"article:publisher\" content=\"https:\/\/facebook.com\/sunoresearch\" \/>\n<meta property=\"og:image\" content=\"https:\/\/files.sunoresearch.com.br\/n\/uploads\/2019\/05\/a4e99772-petrobras.jpg\" \/>\n\t<meta property=\"og:image:width\" content=\"1140\" \/>\n\t<meta property=\"og:image:height\" content=\"760\" \/>\n\t<meta property=\"og:image:type\" content=\"image\/jpeg\" \/>\n<meta name=\"author\" content=\"Juliano Passaro\" \/>\n<meta name=\"twitter:card\" content=\"summary_large_image\" \/>\n<meta name=\"twitter:creator\" content=\"@sunoresearch\" \/>\n<meta name=\"twitter:site\" content=\"@sunoresearch\" \/>\n<meta name=\"twitter:label1\" content=\"Escrito por\" \/>\n\t<meta name=\"twitter:data1\" content=\"Juliano Passaro\" \/>\n\t<meta name=\"twitter:label2\" content=\"Est. tempo de leitura\" \/>\n\t<meta name=\"twitter:data2\" content=\"5 minutos\" \/>\n<script type=\"application\/ld+json\" class=\"yoast-schema-graph\">{\"@context\":\"https:\/\/schema.org\",\"@graph\":[{\"@type\":\"NewsArticle\",\"@id\":\"https:\/\/www.suno.com.br\/noticias\/agenda-do-dia-petrobras-braskem-gerdau-sabesp\/#article\",\"isPartOf\":{\"@id\":\"https:\/\/www.suno.com.br\/noticias\/agenda-do-dia-petrobras-braskem-gerdau-sabesp\/\"},\"author\":{\"name\":\"Juliano Passaro\",\"@id\":\"https:\/\/www.suno.com.br\/noticias\/#\/schema\/person\/1db762f78ffd8919a648a63e425953e3\"},\"headline\":\"Agenda do Dia: Petrobras; Braskem; Gerdau; Sabesp\",\"datePublished\":\"2019-11-18T12:35:03+00:00\",\"dateModified\":\"2021-06-14T03:23:45+00:00\",\"mainEntityOfPage\":{\"@id\":\"https:\/\/www.suno.com.br\/noticias\/agenda-do-dia-petrobras-braskem-gerdau-sabesp\/\"},\"wordCount\":944,\"publisher\":{\"@id\":\"https:\/\/www.suno.com.br\/noticias\/#organization\"},\"image\":{\"@id\":\"https:\/\/www.suno.com.br\/noticias\/agenda-do-dia-petrobras-braskem-gerdau-sabesp\/#primaryimage\"},\"thumbnailUrl\":\"https:\/\/files.sunoresearch.com.br\/n\/uploads\/2019\/05\/a4e99772-petrobras-jpg.webp\",\"keywords\":[\"agenda do dia\",\"Eletrobras (ELET3\/ELET5\/ELET6)\",\"Gerdau (GGBR3\/GGBR4)\",\"Petrobras (PETR4)\",\"Sabesp\"],\"articleSection\":[\"Neg\u00f3cios\"],\"inLanguage\":\"pt-BR\"},{\"@type\":\"WebPage\",\"@id\":\"https:\/\/www.suno.com.br\/noticias\/agenda-do-dia-petrobras-braskem-gerdau-sabesp\/\",\"url\":\"https:\/\/www.suno.com.br\/noticias\/agenda-do-dia-petrobras-braskem-gerdau-sabesp\/\",\"name\":\"Agenda do Dia: Petrobras; Braskem; Gerdau; Sabesp\",\"isPartOf\":{\"@id\":\"https:\/\/www.suno.com.br\/noticias\/#website\"},\"primaryImageOfPage\":{\"@id\":\"https:\/\/www.suno.com.br\/noticias\/agenda-do-dia-petrobras-braskem-gerdau-sabesp\/#primaryimage\"},\"image\":{\"@id\":\"https:\/\/www.suno.com.br\/noticias\/agenda-do-dia-petrobras-braskem-gerdau-sabesp\/#primaryimage\"},\"thumbnailUrl\":\"https:\/\/files.sunoresearch.com.br\/n\/uploads\/2019\/05\/a4e99772-petrobras-jpg.webp\",\"datePublished\":\"2019-11-18T12:35:03+00:00\",\"dateModified\":\"2021-06-14T03:23:45+00:00\",\"description\":\"Agenda do Dia: produ\u00e7\u00e3o na plataforma p-68 da Petrobras; resultado da Braskem; Gerdau emite bonds no exterior; Sabesp. Clique e saiba mais.\",\"breadcrumb\":{\"@id\":\"https:\/\/www.suno.com.br\/noticias\/agenda-do-dia-petrobras-braskem-gerdau-sabesp\/#breadcrumb\"},\"inLanguage\":\"pt-BR\",\"potentialAction\":[{\"@type\":\"ReadAction\",\"target\":[\"https:\/\/www.suno.com.br\/noticias\/agenda-do-dia-petrobras-braskem-gerdau-sabesp\/\"]}]},{\"@type\":\"ImageObject\",\"inLanguage\":\"pt-BR\",\"@id\":\"https:\/\/www.suno.com.br\/noticias\/agenda-do-dia-petrobras-braskem-gerdau-sabesp\/#primaryimage\",\"url\":\"https:\/\/files.sunoresearch.com.br\/n\/uploads\/2019\/05\/a4e99772-petrobras-jpg.webp\",\"contentUrl\":\"https:\/\/files.sunoresearch.com.br\/n\/uploads\/2019\/05\/a4e99772-petrobras-jpg.webp\",\"width\":1140,\"height\":760,\"caption\":\"A Petrobras (PETR3; PETR4) iniciou a fase vinculante referente \u00e0 venda de sua subsidi\u00e1ria integral Petrobras Biocombust\u00edvel (PBIO).\"},{\"@type\":\"BreadcrumbList\",\"@id\":\"https:\/\/www.suno.com.br\/noticias\/agenda-do-dia-petrobras-braskem-gerdau-sabesp\/#breadcrumb\",\"itemListElement\":[{\"@type\":\"ListItem\",\"position\":1,\"name\":\"Not\u00edcias\",\"item\":\"https:\/\/www.suno.com.br\/noticias\/\"},{\"@type\":\"ListItem\",\"position\":2,\"name\":\"Neg\u00f3cios\",\"item\":\"https:\/\/www.suno.com.br\/noticias\/negocios\/\"},{\"@type\":\"ListItem\",\"position\":3,\"name\":\"Agenda do Dia: Petrobras; Braskem; Gerdau; Sabesp\"}]},{\"@type\":\"WebSite\",\"@id\":\"https:\/\/www.suno.com.br\/noticias\/#website\",\"url\":\"https:\/\/www.suno.com.br\/noticias\/\",\"name\":\"Suno Not\u00edcias\",\"description\":\"Seu portal de informa\u00e7\u00e3o sobre o mundo dos investimentos\",\"publisher\":{\"@id\":\"https:\/\/www.suno.com.br\/noticias\/#organization\"},\"potentialAction\":[{\"@type\":\"SearchAction\",\"target\":{\"@type\":\"EntryPoint\",\"urlTemplate\":\"https:\/\/www.suno.com.br\/noticias\/?s={search_term_string}\"},\"query-input\":{\"@type\":\"PropertyValueSpecification\",\"valueRequired\":true,\"valueName\":\"search_term_string\"}}],\"inLanguage\":\"pt-BR\"},{\"@type\":\"Organization\",\"@id\":\"https:\/\/www.suno.com.br\/noticias\/#organization\",\"name\":\"Suno Not\u00edcias\",\"url\":\"https:\/\/www.suno.com.br\/noticias\/\",\"logo\":{\"@type\":\"ImageObject\",\"inLanguage\":\"pt-BR\",\"@id\":\"https:\/\/www.suno.com.br\/noticias\/#\/schema\/logo\/image\/\",\"url\":\"https:\/\/files.sunoresearch.com.br\/n\/uploads\/2021\/09\/suno-logo.png\",\"contentUrl\":\"https:\/\/files.sunoresearch.com.br\/n\/uploads\/2021\/09\/suno-logo.png\",\"width\":180,\"height\":180,\"caption\":\"Suno Not\u00edcias\"},\"image\":{\"@id\":\"https:\/\/www.suno.com.br\/noticias\/#\/schema\/logo\/image\/\"},\"sameAs\":[\"https:\/\/facebook.com\/sunoresearch\",\"https:\/\/x.com\/sunoresearch\",\"https:\/\/www.instagram.com\/suno\",\"https:\/\/www.linkedin.com\/company\/suno-research\/\",\"https:\/\/www.youtube.com\/c\/sunoresearch\"]},{\"@type\":\"Person\",\"@id\":\"https:\/\/www.suno.com.br\/noticias\/#\/schema\/person\/1db762f78ffd8919a648a63e425953e3\",\"name\":\"Juliano Passaro\",\"image\":{\"@type\":\"ImageObject\",\"inLanguage\":\"pt-BR\",\"@id\":\"https:\/\/www.suno.com.br\/noticias\/#\/schema\/person\/image\/\",\"url\":\"https:\/\/secure.gravatar.com\/avatar\/743d4df28eebf6dcc46b4ad03c319e92?s=96&r=g\",\"contentUrl\":\"https:\/\/secure.gravatar.com\/avatar\/743d4df28eebf6dcc46b4ad03c319e92?s=96&r=g\",\"caption\":\"Juliano Passaro\"},\"description\":\"Juliano Passaro escreve sobre pol\u00edtica, economia e neg\u00f3cios para o portal da Suno Research. Antes da Suno, trabalhou no Portal da Band. \u00c9 formado em jornalismo pela Universidade Presbiteriana Mackenzie.\",\"url\":\"https:\/\/www.suno.com.br\/noticias\/author\/juliano\/\"}]}<\/script>\n<!-- \/ Yoast SEO plugin. -->","yoast_head_json":{"title":"Agenda do Dia: Petrobras; Braskem; Gerdau; Sabesp","description":"Agenda do Dia: produ\u00e7\u00e3o na plataforma p-68 da Petrobras; resultado da Braskem; Gerdau emite bonds no exterior; Sabesp. Clique e saiba mais.","robots":{"index":"index","follow":"follow","max-snippet":"max-snippet:-1","max-image-preview":"max-image-preview:large","max-video-preview":"max-video-preview:-1"},"canonical":"https:\/\/www.suno.com.br\/noticias\/agenda-do-dia-petrobras-braskem-gerdau-sabesp\/","og_locale":"pt_BR","og_type":"article","og_title":"Agenda do Dia: Petrobras; Braskem; Gerdau; Sabesp","og_description":"Agenda do Dia: produ\u00e7\u00e3o na plataforma p-68 da Petrobras; resultado da Braskem; Gerdau emite bonds no exterior; Sabesp. Clique e saiba mais.","og_url":"https:\/\/www.suno.com.br\/noticias\/agenda-do-dia-petrobras-braskem-gerdau-sabesp\/","og_site_name":"Suno Not\u00edcias","article_publisher":"https:\/\/facebook.com\/sunoresearch","og_image":[{"width":1140,"height":760,"url":"https:\/\/files.sunoresearch.com.br\/n\/uploads\/2019\/05\/a4e99772-petrobras.jpg","type":"image\/jpeg"}],"author":"Juliano Passaro","twitter_card":"summary_large_image","twitter_creator":"@sunoresearch","twitter_site":"@sunoresearch","twitter_misc":{"Escrito por":"Juliano Passaro","Est. tempo de leitura":"5 minutos"},"schema":{"@context":"https:\/\/schema.org","@graph":[{"@type":"NewsArticle","@id":"https:\/\/www.suno.com.br\/noticias\/agenda-do-dia-petrobras-braskem-gerdau-sabesp\/#article","isPartOf":{"@id":"https:\/\/www.suno.com.br\/noticias\/agenda-do-dia-petrobras-braskem-gerdau-sabesp\/"},"author":{"name":"Juliano Passaro","@id":"https:\/\/www.suno.com.br\/noticias\/#\/schema\/person\/1db762f78ffd8919a648a63e425953e3"},"headline":"Agenda do Dia: Petrobras; Braskem; Gerdau; Sabesp","datePublished":"2019-11-18T12:35:03+00:00","dateModified":"2021-06-14T03:23:45+00:00","mainEntityOfPage":{"@id":"https:\/\/www.suno.com.br\/noticias\/agenda-do-dia-petrobras-braskem-gerdau-sabesp\/"},"wordCount":944,"publisher":{"@id":"https:\/\/www.suno.com.br\/noticias\/#organization"},"image":{"@id":"https:\/\/www.suno.com.br\/noticias\/agenda-do-dia-petrobras-braskem-gerdau-sabesp\/#primaryimage"},"thumbnailUrl":"https:\/\/files.sunoresearch.com.br\/n\/uploads\/2019\/05\/a4e99772-petrobras-jpg.webp","keywords":["agenda do dia","Eletrobras (ELET3\/ELET5\/ELET6)","Gerdau (GGBR3\/GGBR4)","Petrobras (PETR4)","Sabesp"],"articleSection":["Neg\u00f3cios"],"inLanguage":"pt-BR"},{"@type":"WebPage","@id":"https:\/\/www.suno.com.br\/noticias\/agenda-do-dia-petrobras-braskem-gerdau-sabesp\/","url":"https:\/\/www.suno.com.br\/noticias\/agenda-do-dia-petrobras-braskem-gerdau-sabesp\/","name":"Agenda do Dia: Petrobras; Braskem; Gerdau; Sabesp","isPartOf":{"@id":"https:\/\/www.suno.com.br\/noticias\/#website"},"primaryImageOfPage":{"@id":"https:\/\/www.suno.com.br\/noticias\/agenda-do-dia-petrobras-braskem-gerdau-sabesp\/#primaryimage"},"image":{"@id":"https:\/\/www.suno.com.br\/noticias\/agenda-do-dia-petrobras-braskem-gerdau-sabesp\/#primaryimage"},"thumbnailUrl":"https:\/\/files.sunoresearch.com.br\/n\/uploads\/2019\/05\/a4e99772-petrobras-jpg.webp","datePublished":"2019-11-18T12:35:03+00:00","dateModified":"2021-06-14T03:23:45+00:00","description":"Agenda do Dia: produ\u00e7\u00e3o na plataforma p-68 da Petrobras; resultado da Braskem; Gerdau emite bonds no exterior; Sabesp. Clique e saiba mais.","breadcrumb":{"@id":"https:\/\/www.suno.com.br\/noticias\/agenda-do-dia-petrobras-braskem-gerdau-sabesp\/#breadcrumb"},"inLanguage":"pt-BR","potentialAction":[{"@type":"ReadAction","target":["https:\/\/www.suno.com.br\/noticias\/agenda-do-dia-petrobras-braskem-gerdau-sabesp\/"]}]},{"@type":"ImageObject","inLanguage":"pt-BR","@id":"https:\/\/www.suno.com.br\/noticias\/agenda-do-dia-petrobras-braskem-gerdau-sabesp\/#primaryimage","url":"https:\/\/files.sunoresearch.com.br\/n\/uploads\/2019\/05\/a4e99772-petrobras-jpg.webp","contentUrl":"https:\/\/files.sunoresearch.com.br\/n\/uploads\/2019\/05\/a4e99772-petrobras-jpg.webp","width":1140,"height":760,"caption":"A Petrobras (PETR3; PETR4) iniciou a fase vinculante referente \u00e0 venda de sua subsidi\u00e1ria integral Petrobras Biocombust\u00edvel (PBIO)."},{"@type":"BreadcrumbList","@id":"https:\/\/www.suno.com.br\/noticias\/agenda-do-dia-petrobras-braskem-gerdau-sabesp\/#breadcrumb","itemListElement":[{"@type":"ListItem","position":1,"name":"Not\u00edcias","item":"https:\/\/www.suno.com.br\/noticias\/"},{"@type":"ListItem","position":2,"name":"Neg\u00f3cios","item":"https:\/\/www.suno.com.br\/noticias\/negocios\/"},{"@type":"ListItem","position":3,"name":"Agenda do Dia: Petrobras; Braskem; Gerdau; Sabesp"}]},{"@type":"WebSite","@id":"https:\/\/www.suno.com.br\/noticias\/#website","url":"https:\/\/www.suno.com.br\/noticias\/","name":"Suno Not\u00edcias","description":"Seu portal de informa\u00e7\u00e3o sobre o mundo dos investimentos","publisher":{"@id":"https:\/\/www.suno.com.br\/noticias\/#organization"},"potentialAction":[{"@type":"SearchAction","target":{"@type":"EntryPoint","urlTemplate":"https:\/\/www.suno.com.br\/noticias\/?s={search_term_string}"},"query-input":{"@type":"PropertyValueSpecification","valueRequired":true,"valueName":"search_term_string"}}],"inLanguage":"pt-BR"},{"@type":"Organization","@id":"https:\/\/www.suno.com.br\/noticias\/#organization","name":"Suno Not\u00edcias","url":"https:\/\/www.suno.com.br\/noticias\/","logo":{"@type":"ImageObject","inLanguage":"pt-BR","@id":"https:\/\/www.suno.com.br\/noticias\/#\/schema\/logo\/image\/","url":"https:\/\/files.sunoresearch.com.br\/n\/uploads\/2021\/09\/suno-logo.png","contentUrl":"https:\/\/files.sunoresearch.com.br\/n\/uploads\/2021\/09\/suno-logo.png","width":180,"height":180,"caption":"Suno Not\u00edcias"},"image":{"@id":"https:\/\/www.suno.com.br\/noticias\/#\/schema\/logo\/image\/"},"sameAs":["https:\/\/facebook.com\/sunoresearch","https:\/\/x.com\/sunoresearch","https:\/\/www.instagram.com\/suno","https:\/\/www.linkedin.com\/company\/suno-research\/","https:\/\/www.youtube.com\/c\/sunoresearch"]},{"@type":"Person","@id":"https:\/\/www.suno.com.br\/noticias\/#\/schema\/person\/1db762f78ffd8919a648a63e425953e3","name":"Juliano Passaro","image":{"@type":"ImageObject","inLanguage":"pt-BR","@id":"https:\/\/www.suno.com.br\/noticias\/#\/schema\/person\/image\/","url":"https:\/\/secure.gravatar.com\/avatar\/743d4df28eebf6dcc46b4ad03c319e92?s=96&r=g","contentUrl":"https:\/\/secure.gravatar.com\/avatar\/743d4df28eebf6dcc46b4ad03c319e92?s=96&r=g","caption":"Juliano Passaro"},"description":"Juliano Passaro escreve sobre pol\u00edtica, economia e neg\u00f3cios para o portal da Suno Research. Antes da Suno, trabalhou no Portal da Band. \u00c9 formado em jornalismo pela Universidade Presbiteriana Mackenzie.","url":"https:\/\/www.suno.com.br\/noticias\/author\/juliano\/"}]}},"default_loop_html":"<div class=\"cardsPage__listCard__boxs\"><div class=\"cardsPage__listCard__boxs__img\"><a href=\"https:\/\/www.suno.com.br\/noticias\/agenda-do-dia-petrobras-braskem-gerdau-sabesp\/\"><img class=\"mask\" src=\"https:\/\/www.suno.com.br\/noticias\/wp-content\/themes\/suno\/resources\/images\/spotlight\/spotlight1img\/bg-mask.png\" alt=\"Image Mask\"\/><img src=\"https:\/\/files.sunoresearch.com.br\/n\/uploads\/2019\/05\/a4e99772-petrobras-400x200.webp\" alt=\"Agenda do Dia: Petrobras; Braskem; Gerdau; Sabesp\"\/><\/a><span class=\"spotlightCategory\"><a href=\"https:\/\/www.suno.com.br\/noticias\/negocios\/\">Neg\u00f3cios<\/a><\/span><\/div><div class=\"cardsPage__listCard__boxs__content\"><a href=\"https:\/\/www.suno.com.br\/noticias\/agenda-do-dia-petrobras-braskem-gerdau-sabesp\/\"><h2 class=\"content__title\">Agenda do Dia: Petrobras; Braskem; Gerdau; Sabesp<\/h2><\/a><div class=\"newsContent__article__meta\"><div class=\"newsContent__article__meta__authorBox\"><a href=\"https:\/\/www.suno.com.br\/noticias\/author\/juliano\/\" class=\"authorBox__avatar noMobi\"><img src=\"https:\/\/files.sunoresearch.com.br\/n\/uploads\/2019\/06\/7cc3efea-whatsapp-image-2019-07-18-at-21.59.33-e1563499821209-150x150.webp\" alt=\"Juliano Passaro\"><\/a><div class=\"authorBox__name\"><span>por\n\t\t\t<a href=\"https:\/\/www.suno.com.br\/noticias\/author\/juliano\/\"><span itemprop=\"author\">Juliano Passaro<\/span><\/a><\/span><time datetime=\"2019-11-18T10:35:03-03:00\" itemprop=\"datePublished\">18\/11\/2019 10:35<\/time><\/div><\/div><\/div><\/div><\/div>","single_layout":"posts","amp_enabled":true,"_links":{"self":[{"href":"https:\/\/www.suno.com.br\/noticias\/wp-json\/wp\/v2\/posts\/44920"}],"collection":[{"href":"https:\/\/www.suno.com.br\/noticias\/wp-json\/wp\/v2\/posts"}],"about":[{"href":"https:\/\/www.suno.com.br\/noticias\/wp-json\/wp\/v2\/types\/post"}],"author":[{"embeddable":true,"href":"https:\/\/www.suno.com.br\/noticias\/wp-json\/wp\/v2\/users\/19"}],"replies":[{"embeddable":true,"href":"https:\/\/www.suno.com.br\/noticias\/wp-json\/wp\/v2\/comments?post=44920"}],"version-history":[{"count":1,"href":"https:\/\/www.suno.com.br\/noticias\/wp-json\/wp\/v2\/posts\/44920\/revisions"}],"predecessor-version":[{"id":157667,"href":"https:\/\/www.suno.com.br\/noticias\/wp-json\/wp\/v2\/posts\/44920\/revisions\/157667"}],"wp:featuredmedia":[{"embeddable":true,"href":"https:\/\/www.suno.com.br\/noticias\/wp-json\/wp\/v2\/media\/25113"}],"wp:attachment":[{"href":"https:\/\/www.suno.com.br\/noticias\/wp-json\/wp\/v2\/media?parent=44920"}],"wp:term":[{"taxonomy":"category","embeddable":true,"href":"https:\/\/www.suno.com.br\/noticias\/wp-json\/wp\/v2\/categories?post=44920"},{"taxonomy":"post_tag","embeddable":true,"href":"https:\/\/www.suno.com.br\/noticias\/wp-json\/wp\/v2\/tags?post=44920"},{"taxonomy":"suno_strategy","embeddable":true,"href":"https:\/\/www.suno.com.br\/noticias\/wp-json\/wp\/v2\/suno_strategy?post=44920"}],"curies":[{"name":"wp","href":"https:\/\/api.w.org\/{rel}","templated":true}]}}