{"id":44914,"date":"2019-11-18T09:32:18","date_gmt":"2019-11-18T11:32:18","guid":{"rendered":"https:\/\/www.suno.com.br\/noticias\/?p=44914"},"modified":"2019-11-19T13:51:05","modified_gmt":"2019-11-19T15:51:05","slug":"china-eua-guerra-comercial-disputa-acordo","status":"publish","type":"post","link":"https:\/\/www.suno.com.br\/noticias\/china-eua-guerra-comercial-disputa-acordo\/","title":{"rendered":"China e EUA tiveram negocia\u00e7\u00f5es construtivas sobre acordo comercial"},"content":{"rendered":"<p>A ag\u00eancia estatal de not\u00edcias da China, Xinhua, informou no \u00faltimo domingo (17) que o pa\u00eds asi\u00e1tico e os<strong> Estados Unidos<\/strong> tiveram &#8220;negocia\u00e7\u00f5es construtivas&#8221;.<\/p>\t<div class=\"wrapper-featured-image\">\n\t\t<figure class=\"spotlightImg\">\n\n\t\t\t<picture>\n\t\t\t\t<source media=\"(max-width: 768px)\" srcset=\"https:\/\/files.sunoresearch.com.br\/n\/uploads\/2019\/08\/e7680817-chinaeuaa-400x200.webp\">\n\t\t\t\t<img loading=\"lazy\" decoding=\"async\" class=\"newsContent__article__imgCapa lazyloadDisabled newsContent__article__imgCapa--noCaption\" src=\"https:\/\/files.sunoresearch.com.br\/n\/uploads\/2019\/08\/e7680817-chinaeuaa-800x450.webp\" width=\"800\" height=\"450\" alt=\"China e EUA tiveram negocia\u00e7\u00f5es construtivas sobre acordo comercial\" fetchpriority=high \/>\n\t\t\t<\/picture>\n\n\t\t\t<figcaption class=\"wp-caption-text wp-caption-text--hide\">EUA e Reino Unido discutem planos de coaliz\u00e3o para resistir \u00e0 China<\/figcaption>\n\t\t<\/figure>\n\t<\/div>\n\n\n\n<p>De acordo com Xinhua, as negocia\u00e7\u00f5es foram feitas pelo telefone com o vice-primeiro-ministro da <strong>China<\/strong>, Liu He, o representante comercial dos EUA, <strong>Robert Lighthizer<\/strong>, e o secret\u00e1rio do Tesouro americano, <strong>Steven Mnunchin<\/strong>.<\/p>\n<p>Os negociadores discutiram as quest\u00f5es centrais da primeira fase de um poss\u00edvel acordo comercial entre as duas maiores economias do mundo. Al\u00e9m disso, ambos os pa\u00edses concordaram em manter uma comunica\u00e7\u00e3o pr\u00f3xima. A ag\u00eancia n\u00e3o forneceu mais detalhes.<\/p>\n<h2>Acordo provis\u00f3rio entre China e EUA<\/h2>\n<p>No in\u00edcio de novembro, o\u00a0<strong>Minist\u00e9rio do<\/strong>\u00a0<strong>Com\u00e9rcio<\/strong> da <strong>China<\/strong> comunicou que o pa\u00eds asi\u00e1tico e os <strong>EUA<\/strong> concordaram em cancelar em fases as tarifas adotadas durante sua guerra comercial. Apesar do comunicado, o Minist\u00e9rio n\u00e3o especificou um cronograma.<\/p>\n<p>O planejamento \u00e9 de que um acordo provis\u00f3rio sobre a <a href=\"https:\/\/www.suno.com.br\/artigos\/a-guerra-comercial\/\"><strong>guerra comercial<\/strong> <\/a>entre <strong>EUA<\/strong> e <strong>China<\/strong> possa incluir uma promessa dos norte-americanos de retirar as tarifas que devem entrar em vigor em 15 de dezembro em cerca de US$ 156 bilh\u00f5es em importa\u00e7\u00f5es chinesas, que incluem :<\/p>\n<ul>\n<li><strong>celulares;<\/strong><\/li>\n<li><strong>laptops;<\/strong><\/li>\n<li><strong>brinquedos.<\/strong><\/li>\n<\/ul>\n<p>De acordo com o porta-voz do minist\u00e9rio chin\u00eas, <strong>Gao<\/strong> <strong>Feng<\/strong>, o cancelamento das <a href=\"https:\/\/www.suno.com.br\/artigos\/protecionismo\/\"><strong>tarifas<\/strong> <\/a>era uma condi\u00e7\u00e3o importante para qualquer acordo. Al\u00e9m disso, Gao afirmou que ambos deveriam cancelar simultaneamente algumas tarifas para que se alcance a &#8220;fase um&#8221; de um <strong>acordo comercial<\/strong>.<\/p>\n\t<p>\n\t\t<a href=\"https:\/\/lp.suno.com.br\/ebook-guia-ir\/\" target=\"_blank\" data-element=\"shortcode-suno-banner\" title=\"Banner SUNO, clique e saiba mais\">\n\t\t\t<picture>\n\t\t\t\t<source media=\"(max-width: 500px)\" srcset=\"https:\/\/files.sunoresearch.com.br\/n\/uploads\/2023\/03\/400x300-Ebook-IR.png\">\n\t\t\t\t<img class=\"newsContent__article__imgCapa newsContent__article__imgCapa--banner\"\n\t\t\t\t\tsrc=\"https:\/\/files.sunoresearch.com.br\/n\/uploads\/2023\/03\/1420x240-Ebook-IR.png\"\n\t\t\t\t\tdata-promo-id=\"383124\"\t\t\t\t\t\t\t\t\t\twidth='1420' height='240'\t\t\t\t\talt=\"https:\/\/files.sunoresearch.com.br\/n\/uploads\/2023\/03\/1420x240-Ebook-IR.png\"\n\t\t\t\t>\n\t\t\t<\/picture>\n\t\t<\/a>\n\t<\/p>\n\n\n<p>Em entrevista, <strong>Gao <\/strong>salientou: &#8220;A <strong>guerra<\/strong> <strong>comercial<\/strong> come\u00e7ou com tarifas, e deve terminar com o cancelamento de <strong>tarifas<\/strong>&#8220;.<\/p>\n<p>A propor\u00e7\u00e3o de tarifas canceladas para que os dois pa\u00edses possam chegar \u00e0 &#8220;fase um&#8221; do acordo deve ser a mesma, mas o n\u00famero a ser cancelado pode ser negociado, completou <strong>Gao<\/strong>.<\/p>\n<p><a href=\"\/\/www.suno.com.br\/noticias\/guerra-comercial-eua-acordo-china-novembro\/\">Confira Tamb\u00e9m: Guerra comercial: EUA ainda esperam acordo com China em novembro<\/a><\/p>\n<p>&#8220;Nas \u00faltimas duas semanas, os principais negociadores de ambos os lados tiveram discuss\u00f5es s\u00e9rias e construtivas para resolver v\u00e1rias preocupa\u00e7\u00f5es de forma apropriada. Ambos os lados concordaram em cancelar tarifas adicionais em diferentes fases, j\u00e1 que os dois fizeram progresso em suas negocia\u00e7\u00f5es.&#8221;, afirmou o porta-voz da <strong>China<\/strong>.<\/p>\n","protected":false},"excerpt":{"rendered":"<p>A ag\u00eancia estatal de not\u00edcias da China, Xinhua, informou no \u00faltimo domingo (17) que o pa\u00eds asi\u00e1tico e os Estados Unidos tiveram &#8220;negocia\u00e7\u00f5es construtivas&#8221;. EUA e Reino Unido discutem planos de coaliz\u00e3o para resistir \u00e0 China De acordo com Xinhua, as negocia\u00e7\u00f5es foram feitas pelo telefone com o vice-primeiro-ministro da China, Liu He, o representante [&hellip;]<\/p>\n","protected":false},"author":15,"featured_media":33908,"comment_status":"closed","ping_status":"closed","sticky":false,"template":"","format":"standard","meta":[],"categories":[63],"tags":[711,793],"suno_strategy":[],"class_list":["post-44914","post","type-post","status-publish","format-standard","has-post-thumbnail","hentry","category-internacional","tag-china","tag-estados-unidos-eua"],"yoast_head":"<!-- This site is optimized with the Yoast SEO plugin v24.4 - https:\/\/yoast.com\/wordpress\/plugins\/seo\/ -->\n<title>China e EUA tiveram negocia\u00e7\u00f5es construtivas sobre acordo comercial<\/title>\n<meta name=\"description\" content=\"A ag\u00eancia estatal de not\u00edcias que a China e os Estados Unidos tiveram &quot;negocia\u00e7\u00f5es construtivas&quot;.\u00a0 Para saber mais clique aqui\" \/>\n<meta name=\"robots\" content=\"index, follow, max-snippet:-1, max-image-preview:large, max-video-preview:-1\" \/>\n<link rel=\"canonical\" href=\"https:\/\/www.suno.com.br\/noticias\/china-eua-guerra-comercial-disputa-acordo\/\" \/>\n<meta property=\"og:locale\" content=\"pt_BR\" \/>\n<meta property=\"og:type\" content=\"article\" \/>\n<meta property=\"og:title\" content=\"China e EUA tiveram negocia\u00e7\u00f5es construtivas sobre acordo comercial\" \/>\n<meta property=\"og:description\" content=\"A ag\u00eancia estatal de not\u00edcias que a China e os Estados Unidos tiveram &quot;negocia\u00e7\u00f5es construtivas&quot;.\u00a0 Para saber mais clique aqui\" \/>\n<meta property=\"og:url\" content=\"https:\/\/www.suno.com.br\/noticias\/china-eua-guerra-comercial-disputa-acordo\/\" \/>\n<meta property=\"og:site_name\" content=\"Suno Not\u00edcias\" \/>\n<meta property=\"article:publisher\" content=\"https:\/\/facebook.com\/sunoresearch\" \/>\n<meta property=\"og:image\" content=\"https:\/\/files.sunoresearch.com.br\/n\/uploads\/2019\/08\/e7680817-chinaeuaa.jpg\" \/>\n\t<meta property=\"og:image:width\" content=\"1200\" \/>\n\t<meta property=\"og:image:height\" content=\"675\" \/>\n\t<meta property=\"og:image:type\" content=\"image\/jpeg\" \/>\n<meta name=\"author\" content=\"Poliana Santos\" \/>\n<meta name=\"twitter:card\" content=\"summary_large_image\" \/>\n<meta name=\"twitter:creator\" content=\"@sunoresearch\" \/>\n<meta name=\"twitter:site\" content=\"@sunoresearch\" \/>\n<meta name=\"twitter:label1\" content=\"Escrito por\" \/>\n\t<meta name=\"twitter:data1\" content=\"Poliana Santos\" \/>\n\t<meta name=\"twitter:label2\" content=\"Est. tempo de leitura\" \/>\n\t<meta name=\"twitter:data2\" content=\"2 minutos\" \/>\n<script type=\"application\/ld+json\" class=\"yoast-schema-graph\">{\"@context\":\"https:\/\/schema.org\",\"@graph\":[{\"@type\":\"NewsArticle\",\"@id\":\"https:\/\/www.suno.com.br\/noticias\/china-eua-guerra-comercial-disputa-acordo\/#article\",\"isPartOf\":{\"@id\":\"https:\/\/www.suno.com.br\/noticias\/china-eua-guerra-comercial-disputa-acordo\/\"},\"author\":{\"name\":\"Poliana Santos\",\"@id\":\"https:\/\/www.suno.com.br\/noticias\/#\/schema\/person\/02ec1f752758247878a2bf4abee1aeda\"},\"headline\":\"China e EUA tiveram negocia\u00e7\u00f5es construtivas sobre acordo comercial\",\"datePublished\":\"2019-11-18T11:32:18+00:00\",\"dateModified\":\"2019-11-19T15:51:05+00:00\",\"mainEntityOfPage\":{\"@id\":\"https:\/\/www.suno.com.br\/noticias\/china-eua-guerra-comercial-disputa-acordo\/\"},\"wordCount\":391,\"publisher\":{\"@id\":\"https:\/\/www.suno.com.br\/noticias\/#organization\"},\"image\":{\"@id\":\"https:\/\/www.suno.com.br\/noticias\/china-eua-guerra-comercial-disputa-acordo\/#primaryimage\"},\"thumbnailUrl\":\"https:\/\/files.sunoresearch.com.br\/n\/uploads\/2019\/08\/e7680817-chinaeuaa-jpg.webp\",\"keywords\":[\"China\",\"Estados Unidos (EUA)\"],\"articleSection\":[\"Internacional\"],\"inLanguage\":\"pt-BR\"},{\"@type\":\"WebPage\",\"@id\":\"https:\/\/www.suno.com.br\/noticias\/china-eua-guerra-comercial-disputa-acordo\/\",\"url\":\"https:\/\/www.suno.com.br\/noticias\/china-eua-guerra-comercial-disputa-acordo\/\",\"name\":\"China e EUA tiveram negocia\u00e7\u00f5es construtivas sobre acordo comercial\",\"isPartOf\":{\"@id\":\"https:\/\/www.suno.com.br\/noticias\/#website\"},\"primaryImageOfPage\":{\"@id\":\"https:\/\/www.suno.com.br\/noticias\/china-eua-guerra-comercial-disputa-acordo\/#primaryimage\"},\"image\":{\"@id\":\"https:\/\/www.suno.com.br\/noticias\/china-eua-guerra-comercial-disputa-acordo\/#primaryimage\"},\"thumbnailUrl\":\"https:\/\/files.sunoresearch.com.br\/n\/uploads\/2019\/08\/e7680817-chinaeuaa-jpg.webp\",\"datePublished\":\"2019-11-18T11:32:18+00:00\",\"dateModified\":\"2019-11-19T15:51:05+00:00\",\"description\":\"A ag\u00eancia estatal de not\u00edcias que a China e os Estados Unidos tiveram \\\"negocia\u00e7\u00f5es construtivas\\\".\u00a0 Para saber mais clique aqui\",\"breadcrumb\":{\"@id\":\"https:\/\/www.suno.com.br\/noticias\/china-eua-guerra-comercial-disputa-acordo\/#breadcrumb\"},\"inLanguage\":\"pt-BR\",\"potentialAction\":[{\"@type\":\"ReadAction\",\"target\":[\"https:\/\/www.suno.com.br\/noticias\/china-eua-guerra-comercial-disputa-acordo\/\"]}]},{\"@type\":\"ImageObject\",\"inLanguage\":\"pt-BR\",\"@id\":\"https:\/\/www.suno.com.br\/noticias\/china-eua-guerra-comercial-disputa-acordo\/#primaryimage\",\"url\":\"https:\/\/files.sunoresearch.com.br\/n\/uploads\/2019\/08\/e7680817-chinaeuaa-jpg.webp\",\"contentUrl\":\"https:\/\/files.sunoresearch.com.br\/n\/uploads\/2019\/08\/e7680817-chinaeuaa-jpg.webp\",\"width\":1200,\"height\":675,\"caption\":\"EUA e Reino Unido discutem planos de coaliz\u00e3o para resistir \u00e0 China\"},{\"@type\":\"BreadcrumbList\",\"@id\":\"https:\/\/www.suno.com.br\/noticias\/china-eua-guerra-comercial-disputa-acordo\/#breadcrumb\",\"itemListElement\":[{\"@type\":\"ListItem\",\"position\":1,\"name\":\"Not\u00edcias\",\"item\":\"https:\/\/www.suno.com.br\/noticias\/\"},{\"@type\":\"ListItem\",\"position\":2,\"name\":\"Internacional\",\"item\":\"https:\/\/www.suno.com.br\/noticias\/internacional\/\"},{\"@type\":\"ListItem\",\"position\":3,\"name\":\"China e EUA tiveram negocia\u00e7\u00f5es construtivas sobre acordo comercial\"}]},{\"@type\":\"WebSite\",\"@id\":\"https:\/\/www.suno.com.br\/noticias\/#website\",\"url\":\"https:\/\/www.suno.com.br\/noticias\/\",\"name\":\"Suno Not\u00edcias\",\"description\":\"Seu portal de informa\u00e7\u00e3o sobre o mundo dos investimentos\",\"publisher\":{\"@id\":\"https:\/\/www.suno.com.br\/noticias\/#organization\"},\"potentialAction\":[{\"@type\":\"SearchAction\",\"target\":{\"@type\":\"EntryPoint\",\"urlTemplate\":\"https:\/\/www.suno.com.br\/noticias\/?s={search_term_string}\"},\"query-input\":{\"@type\":\"PropertyValueSpecification\",\"valueRequired\":true,\"valueName\":\"search_term_string\"}}],\"inLanguage\":\"pt-BR\"},{\"@type\":\"Organization\",\"@id\":\"https:\/\/www.suno.com.br\/noticias\/#organization\",\"name\":\"Suno Not\u00edcias\",\"url\":\"https:\/\/www.suno.com.br\/noticias\/\",\"logo\":{\"@type\":\"ImageObject\",\"inLanguage\":\"pt-BR\",\"@id\":\"https:\/\/www.suno.com.br\/noticias\/#\/schema\/logo\/image\/\",\"url\":\"https:\/\/files.sunoresearch.com.br\/n\/uploads\/2021\/09\/suno-logo.png\",\"contentUrl\":\"https:\/\/files.sunoresearch.com.br\/n\/uploads\/2021\/09\/suno-logo.png\",\"width\":180,\"height\":180,\"caption\":\"Suno Not\u00edcias\"},\"image\":{\"@id\":\"https:\/\/www.suno.com.br\/noticias\/#\/schema\/logo\/image\/\"},\"sameAs\":[\"https:\/\/facebook.com\/sunoresearch\",\"https:\/\/x.com\/sunoresearch\",\"https:\/\/www.instagram.com\/suno\",\"https:\/\/www.linkedin.com\/company\/suno-research\/\",\"https:\/\/www.youtube.com\/c\/sunoresearch\"]},{\"@type\":\"Person\",\"@id\":\"https:\/\/www.suno.com.br\/noticias\/#\/schema\/person\/02ec1f752758247878a2bf4abee1aeda\",\"name\":\"Poliana Santos\",\"image\":{\"@type\":\"ImageObject\",\"inLanguage\":\"pt-BR\",\"@id\":\"https:\/\/www.suno.com.br\/noticias\/#\/schema\/person\/image\/\",\"url\":\"https:\/\/secure.gravatar.com\/avatar\/0645bd32f23d87b2130f2b2dff1d3f8d?s=96&r=g\",\"contentUrl\":\"https:\/\/secure.gravatar.com\/avatar\/0645bd32f23d87b2130f2b2dff1d3f8d?s=96&r=g\",\"caption\":\"Poliana Santos\"},\"description\":\"Rep\u00f3rter no Suno Not\u00edcias, com cobertura em mercado financeiro, economia, finan\u00e7as pessoais, renda fixa e varejo. Jornalista formada pela Faculdade C\u00e1sper L\u00edbero e possui passagem na R\u00e1dio Gazeta AM com a produ\u00e7\u00e3o de conte\u00fado sobre economia, pol\u00edtica, sa\u00fade, moda e m\u00fasica. Possui certificado de conclus\u00e3o do curso de An\u00e1lise de Balan\u00e7os pela Funda\u00e7\u00e3o Bradesco, Agenda Brasil pela FAAP, Educa\u00e7\u00e3o Pol\u00edtica por Alexandre Garcia e do Tesouro Direto e Mercado de A\u00e7\u00f5es pela B3.\",\"url\":\"https:\/\/www.suno.com.br\/noticias\/author\/poliana-santos\/\"}]}<\/script>\n<!-- \/ Yoast SEO plugin. -->","yoast_head_json":{"title":"China e EUA tiveram negocia\u00e7\u00f5es construtivas sobre acordo comercial","description":"A ag\u00eancia estatal de not\u00edcias que a China e os Estados Unidos tiveram \"negocia\u00e7\u00f5es construtivas\".\u00a0 Para saber mais clique aqui","robots":{"index":"index","follow":"follow","max-snippet":"max-snippet:-1","max-image-preview":"max-image-preview:large","max-video-preview":"max-video-preview:-1"},"canonical":"https:\/\/www.suno.com.br\/noticias\/china-eua-guerra-comercial-disputa-acordo\/","og_locale":"pt_BR","og_type":"article","og_title":"China e EUA tiveram negocia\u00e7\u00f5es construtivas sobre acordo comercial","og_description":"A ag\u00eancia estatal de not\u00edcias que a China e os Estados Unidos tiveram \"negocia\u00e7\u00f5es construtivas\".\u00a0 Para saber mais clique aqui","og_url":"https:\/\/www.suno.com.br\/noticias\/china-eua-guerra-comercial-disputa-acordo\/","og_site_name":"Suno Not\u00edcias","article_publisher":"https:\/\/facebook.com\/sunoresearch","og_image":[{"width":1200,"height":675,"url":"https:\/\/files.sunoresearch.com.br\/n\/uploads\/2019\/08\/e7680817-chinaeuaa.jpg","type":"image\/jpeg"}],"author":"Poliana Santos","twitter_card":"summary_large_image","twitter_creator":"@sunoresearch","twitter_site":"@sunoresearch","twitter_misc":{"Escrito por":"Poliana Santos","Est. tempo de leitura":"2 minutos"},"schema":{"@context":"https:\/\/schema.org","@graph":[{"@type":"NewsArticle","@id":"https:\/\/www.suno.com.br\/noticias\/china-eua-guerra-comercial-disputa-acordo\/#article","isPartOf":{"@id":"https:\/\/www.suno.com.br\/noticias\/china-eua-guerra-comercial-disputa-acordo\/"},"author":{"name":"Poliana Santos","@id":"https:\/\/www.suno.com.br\/noticias\/#\/schema\/person\/02ec1f752758247878a2bf4abee1aeda"},"headline":"China e EUA tiveram negocia\u00e7\u00f5es construtivas sobre acordo comercial","datePublished":"2019-11-18T11:32:18+00:00","dateModified":"2019-11-19T15:51:05+00:00","mainEntityOfPage":{"@id":"https:\/\/www.suno.com.br\/noticias\/china-eua-guerra-comercial-disputa-acordo\/"},"wordCount":391,"publisher":{"@id":"https:\/\/www.suno.com.br\/noticias\/#organization"},"image":{"@id":"https:\/\/www.suno.com.br\/noticias\/china-eua-guerra-comercial-disputa-acordo\/#primaryimage"},"thumbnailUrl":"https:\/\/files.sunoresearch.com.br\/n\/uploads\/2019\/08\/e7680817-chinaeuaa-jpg.webp","keywords":["China","Estados Unidos (EUA)"],"articleSection":["Internacional"],"inLanguage":"pt-BR"},{"@type":"WebPage","@id":"https:\/\/www.suno.com.br\/noticias\/china-eua-guerra-comercial-disputa-acordo\/","url":"https:\/\/www.suno.com.br\/noticias\/china-eua-guerra-comercial-disputa-acordo\/","name":"China e EUA tiveram negocia\u00e7\u00f5es construtivas sobre acordo comercial","isPartOf":{"@id":"https:\/\/www.suno.com.br\/noticias\/#website"},"primaryImageOfPage":{"@id":"https:\/\/www.suno.com.br\/noticias\/china-eua-guerra-comercial-disputa-acordo\/#primaryimage"},"image":{"@id":"https:\/\/www.suno.com.br\/noticias\/china-eua-guerra-comercial-disputa-acordo\/#primaryimage"},"thumbnailUrl":"https:\/\/files.sunoresearch.com.br\/n\/uploads\/2019\/08\/e7680817-chinaeuaa-jpg.webp","datePublished":"2019-11-18T11:32:18+00:00","dateModified":"2019-11-19T15:51:05+00:00","description":"A ag\u00eancia estatal de not\u00edcias que a China e os Estados Unidos tiveram \"negocia\u00e7\u00f5es construtivas\".\u00a0 Para saber mais clique aqui","breadcrumb":{"@id":"https:\/\/www.suno.com.br\/noticias\/china-eua-guerra-comercial-disputa-acordo\/#breadcrumb"},"inLanguage":"pt-BR","potentialAction":[{"@type":"ReadAction","target":["https:\/\/www.suno.com.br\/noticias\/china-eua-guerra-comercial-disputa-acordo\/"]}]},{"@type":"ImageObject","inLanguage":"pt-BR","@id":"https:\/\/www.suno.com.br\/noticias\/china-eua-guerra-comercial-disputa-acordo\/#primaryimage","url":"https:\/\/files.sunoresearch.com.br\/n\/uploads\/2019\/08\/e7680817-chinaeuaa-jpg.webp","contentUrl":"https:\/\/files.sunoresearch.com.br\/n\/uploads\/2019\/08\/e7680817-chinaeuaa-jpg.webp","width":1200,"height":675,"caption":"EUA e Reino Unido discutem planos de coaliz\u00e3o para resistir \u00e0 China"},{"@type":"BreadcrumbList","@id":"https:\/\/www.suno.com.br\/noticias\/china-eua-guerra-comercial-disputa-acordo\/#breadcrumb","itemListElement":[{"@type":"ListItem","position":1,"name":"Not\u00edcias","item":"https:\/\/www.suno.com.br\/noticias\/"},{"@type":"ListItem","position":2,"name":"Internacional","item":"https:\/\/www.suno.com.br\/noticias\/internacional\/"},{"@type":"ListItem","position":3,"name":"China e EUA tiveram negocia\u00e7\u00f5es construtivas sobre acordo comercial"}]},{"@type":"WebSite","@id":"https:\/\/www.suno.com.br\/noticias\/#website","url":"https:\/\/www.suno.com.br\/noticias\/","name":"Suno Not\u00edcias","description":"Seu portal de informa\u00e7\u00e3o sobre o mundo dos investimentos","publisher":{"@id":"https:\/\/www.suno.com.br\/noticias\/#organization"},"potentialAction":[{"@type":"SearchAction","target":{"@type":"EntryPoint","urlTemplate":"https:\/\/www.suno.com.br\/noticias\/?s={search_term_string}"},"query-input":{"@type":"PropertyValueSpecification","valueRequired":true,"valueName":"search_term_string"}}],"inLanguage":"pt-BR"},{"@type":"Organization","@id":"https:\/\/www.suno.com.br\/noticias\/#organization","name":"Suno Not\u00edcias","url":"https:\/\/www.suno.com.br\/noticias\/","logo":{"@type":"ImageObject","inLanguage":"pt-BR","@id":"https:\/\/www.suno.com.br\/noticias\/#\/schema\/logo\/image\/","url":"https:\/\/files.sunoresearch.com.br\/n\/uploads\/2021\/09\/suno-logo.png","contentUrl":"https:\/\/files.sunoresearch.com.br\/n\/uploads\/2021\/09\/suno-logo.png","width":180,"height":180,"caption":"Suno Not\u00edcias"},"image":{"@id":"https:\/\/www.suno.com.br\/noticias\/#\/schema\/logo\/image\/"},"sameAs":["https:\/\/facebook.com\/sunoresearch","https:\/\/x.com\/sunoresearch","https:\/\/www.instagram.com\/suno","https:\/\/www.linkedin.com\/company\/suno-research\/","https:\/\/www.youtube.com\/c\/sunoresearch"]},{"@type":"Person","@id":"https:\/\/www.suno.com.br\/noticias\/#\/schema\/person\/02ec1f752758247878a2bf4abee1aeda","name":"Poliana Santos","image":{"@type":"ImageObject","inLanguage":"pt-BR","@id":"https:\/\/www.suno.com.br\/noticias\/#\/schema\/person\/image\/","url":"https:\/\/secure.gravatar.com\/avatar\/0645bd32f23d87b2130f2b2dff1d3f8d?s=96&r=g","contentUrl":"https:\/\/secure.gravatar.com\/avatar\/0645bd32f23d87b2130f2b2dff1d3f8d?s=96&r=g","caption":"Poliana Santos"},"description":"Rep\u00f3rter no Suno Not\u00edcias, com cobertura em mercado financeiro, economia, finan\u00e7as pessoais, renda fixa e varejo. Jornalista formada pela Faculdade C\u00e1sper L\u00edbero e possui passagem na R\u00e1dio Gazeta AM com a produ\u00e7\u00e3o de conte\u00fado sobre economia, pol\u00edtica, sa\u00fade, moda e m\u00fasica. Possui certificado de conclus\u00e3o do curso de An\u00e1lise de Balan\u00e7os pela Funda\u00e7\u00e3o Bradesco, Agenda Brasil pela FAAP, Educa\u00e7\u00e3o Pol\u00edtica por Alexandre Garcia e do Tesouro Direto e Mercado de A\u00e7\u00f5es pela B3.","url":"https:\/\/www.suno.com.br\/noticias\/author\/poliana-santos\/"}]}},"default_loop_html":"<div class=\"cardsPage__listCard__boxs\"><div class=\"cardsPage__listCard__boxs__img\"><a href=\"https:\/\/www.suno.com.br\/noticias\/china-eua-guerra-comercial-disputa-acordo\/\"><img class=\"mask\" src=\"https:\/\/www.suno.com.br\/noticias\/wp-content\/themes\/suno\/resources\/images\/spotlight\/spotlight1img\/bg-mask.png\" alt=\"Image Mask\"\/><img src=\"https:\/\/files.sunoresearch.com.br\/n\/uploads\/2019\/08\/e7680817-chinaeuaa-400x200.webp\" alt=\"China e EUA tiveram negocia\u00e7\u00f5es construtivas sobre acordo comercial\"\/><\/a><span class=\"spotlightCategory\"><a href=\"https:\/\/www.suno.com.br\/noticias\/internacional\/\">Internacional<\/a><\/span><\/div><div class=\"cardsPage__listCard__boxs__content\"><a href=\"https:\/\/www.suno.com.br\/noticias\/china-eua-guerra-comercial-disputa-acordo\/\"><h2 class=\"content__title\">China e EUA tiveram negocia\u00e7\u00f5es construtivas sobre acordo comercial<\/h2><\/a><div class=\"newsContent__article__meta\"><div class=\"newsContent__article__meta__authorBox\"><a href=\"https:\/\/www.suno.com.br\/noticias\/author\/poliana-santos\/\" class=\"authorBox__avatar noMobi\"><img src=\"https:\/\/files.sunoresearch.com.br\/n\/uploads\/2020\/08\/7ef34026-whatsapp-image-2020-08-03-at-12.37.57-150x150.webp\" alt=\"Poliana Santos\"><\/a><div class=\"authorBox__name\"><span>por\n\t\t\t<a href=\"https:\/\/www.suno.com.br\/noticias\/author\/poliana-santos\/\"><span itemprop=\"author\">Poliana Santos<\/span><\/a><\/span><time datetime=\"2019-11-18T09:32:18-03:00\" itemprop=\"datePublished\">18\/11\/2019 09:32<\/time><\/div><\/div><\/div><\/div><\/div>","single_layout":"posts","amp_enabled":true,"_links":{"self":[{"href":"https:\/\/www.suno.com.br\/noticias\/wp-json\/wp\/v2\/posts\/44914"}],"collection":[{"href":"https:\/\/www.suno.com.br\/noticias\/wp-json\/wp\/v2\/posts"}],"about":[{"href":"https:\/\/www.suno.com.br\/noticias\/wp-json\/wp\/v2\/types\/post"}],"author":[{"embeddable":true,"href":"https:\/\/www.suno.com.br\/noticias\/wp-json\/wp\/v2\/users\/15"}],"replies":[{"embeddable":true,"href":"https:\/\/www.suno.com.br\/noticias\/wp-json\/wp\/v2\/comments?post=44914"}],"version-history":[{"count":0,"href":"https:\/\/www.suno.com.br\/noticias\/wp-json\/wp\/v2\/posts\/44914\/revisions"}],"wp:featuredmedia":[{"embeddable":true,"href":"https:\/\/www.suno.com.br\/noticias\/wp-json\/wp\/v2\/media\/33908"}],"wp:attachment":[{"href":"https:\/\/www.suno.com.br\/noticias\/wp-json\/wp\/v2\/media?parent=44914"}],"wp:term":[{"taxonomy":"category","embeddable":true,"href":"https:\/\/www.suno.com.br\/noticias\/wp-json\/wp\/v2\/categories?post=44914"},{"taxonomy":"post_tag","embeddable":true,"href":"https:\/\/www.suno.com.br\/noticias\/wp-json\/wp\/v2\/tags?post=44914"},{"taxonomy":"suno_strategy","embeddable":true,"href":"https:\/\/www.suno.com.br\/noticias\/wp-json\/wp\/v2\/suno_strategy?post=44914"}],"curies":[{"name":"wp","href":"https:\/\/api.w.org\/{rel}","templated":true}]}}