{"id":449069,"date":"2023-08-30T08:58:58","date_gmt":"2023-08-30T11:58:58","guid":{"rendered":"https:\/\/www.suno.com.br\/noticias\/?p=449069"},"modified":"2023-08-30T22:33:24","modified_gmt":"2023-08-31T01:33:24","slug":"fundos-exclusivos-bilhoes-jornal-gpj","status":"publish","type":"post","link":"https:\/\/www.suno.com.br\/noticias\/fundos-exclusivos-bilhoes-jornal-gpj\/","title":{"rendered":"Fundos exclusivos t\u00eam sa\u00eddas de R$ 13,7 bilh\u00f5es em 2023, revela Anbima"},"content":{"rendered":"<p>Os <strong>fundos exclusivos<\/strong> ou reservados a poucos investidores tiveram em 2023, at\u00e9 julho, sa\u00eddas l\u00edquidas de R$ 13,7 bilh\u00f5es, diz a Anbima &#8211; e n\u00e3o os R$ 71,4 bilh\u00f5es, como a Ambima e o jornal Valor Econ\u00f4mico informaram pela manh\u00e3 do dia 30 de agosto. O montante representa pouco mais de 10% R$ 125 bilh\u00f5es que deixaram a ind\u00fastria no per\u00edodo.<\/p>\t<div class=\"wrapper-featured-image\">\n\t\t<figure class=\"spotlightImg\">\n\n\t\t\t<picture>\n\t\t\t\t<source media=\"(max-width: 768px)\" srcset=\"https:\/\/files.sunoresearch.com.br\/n\/uploads\/2023\/05\/fundos-fiis-400x200.jpg\">\n\t\t\t\t<img loading=\"lazy\" decoding=\"async\" class=\"newsContent__article__imgCapa lazyloadDisabled \" src=\"https:\/\/files.sunoresearch.com.br\/n\/uploads\/2023\/05\/fundos-fiis-800x450.jpg\" width=\"800\" height=\"450\" alt=\"Fundos exclusivos t\u00eam sa\u00eddas de R$ 13,7 bilh\u00f5es em 2023, revela Anbima\" fetchpriority=high \/>\n\t\t\t<\/picture>\n\n\t\t\t<figcaption class=\"wp-caption-text wp-caption-text--show\">Investimentos. Foto: iStock <\/figcaption>\n\t\t<\/figure>\n\t<\/div>\n\n\n\n\n\n\n\n\t<p>\n\t\t<a href=\"https:\/\/lp.suno.com.br\/plataforma-de-controle-de-investimentos\/\" target=\"_blank\" data-element=\"shortcode-suno-banner\" title=\"Banner SUNO, clique e saiba mais\">\n\t\t\t<picture>\n\t\t\t\t<source media=\"(max-width: 500px)\" srcset=\"https:\/\/files.sunoresearch.com.br\/n\/uploads\/2023\/03\/400x300-Controle-de-Investimentos.png\">\n\t\t\t\t<img class=\"newsContent__article__imgCapa newsContent__article__imgCapa--banner\"\n\t\t\t\t\tsrc=\"https:\/\/files.sunoresearch.com.br\/n\/uploads\/2023\/03\/1420x240-Controle-de-Investimentos.png\"\n\t\t\t\t\tdata-promo-id=\"383162\"\t\t\t\t\t\t\t\t\t\twidth='1420' height='240'\t\t\t\t\talt=\"https:\/\/files.sunoresearch.com.br\/n\/uploads\/2023\/03\/1420x240-Controle-de-Investimentos.png\"\n\t\t\t\t>\n\t\t\t<\/picture>\n\t\t<\/a>\n\t<\/p>\n\n\n\n\n\n<h2 class=\"wp-block-heading\">Nota \u00e0 imprensa: dados de fundos fechados<\/h2>\n\n\n\n<p><em>&#8220;A ANBIMA (Associa\u00e7\u00e3o Brasileira das Entidades dos Mercados Financeiro e de Capitais) enviou dados incorretos sobre a capta\u00e7\u00e3o l\u00edquida dos fundos fechados em 2023 para a imprensa.<\/em><\/p>\n\n\n\n<p><em>Informamos que este segmento registrou capta\u00e7\u00e3o l\u00edquida positiva de R$ 13,7 bilh\u00f5es entre janeiro e julho de 2023 \u2013 e n\u00e3o R$ 71,4 bilh\u00f5es de resgates l\u00edquidos como informado equivocadamente.<\/em><\/p>\n\n\n\n<p><em>N\u00e3o se tratou de um erro metodol\u00f3gico, de captura ou de consolida\u00e7\u00e3o de dados. A falha ocorreu ao copiar n\u00fameros incorretos e encaminh\u00e1-los por engano.<\/em><\/p>\n\n\n\n<p><em>Em todo o ano passado, no qual o setor em geral n\u00e3o teve um bom desempenho, os <strong>ve\u00edculos fechados <\/strong>tiveram uma subtra\u00e7\u00e3o de R$ 21,9 bilh\u00f5es, para resgates de R$ 113,2 bilh\u00f5es em conjunto, diz a publica\u00e7\u00e3o.&#8221;<\/em><\/p>\n\n\n\n<p>Al\u00e9m disso, segundo o Valor, o patrim\u00f4nio dessas carteiras, normalmente destinadas \u00e0 gest\u00e3o de fam\u00edlias endinheiradas, alcan\u00e7ava R$ 966,2 bilh\u00f5es em julho, aumento de 10,6% em rela\u00e7\u00e3o a dezembro de 2022, impulsionado pela valoriza\u00e7\u00e3o dos ativos.<\/p>\n\n\n\n<p>Ainda de acordo como o estudo, no total, o setor de fundos terminou o m\u00eas de julho pr\u00f3ximo de R$ 8 trilh\u00f5es.<\/p>\n\n\n\n<p>O&nbsp;<a href=\"https:\/\/www.suno.com.br\/artigos\/ministerio-da-fazenda\/\" target=\"_blank\" rel=\"noreferrer noopener\">Minist\u00e9rio da Fazenda<\/a>&nbsp;estima que a Medida Provis\u00f3ria de tributa\u00e7\u00e3o dos fundos fechados (ou&nbsp;<strong>fundos exclusivos<\/strong>, em que h\u00e1 um \u00fanico cotista), editada na \u00faltima segunda-feira (28), deve garantir uma arrecada\u00e7\u00e3o de R$ 13,28 bilh\u00f5es em 2024. <\/p>\n\n\n\n<p>O montante ajudar\u00e1 na tarefa da pasta de zerar o d\u00e9ficit do resultado prim\u00e1rio no pr\u00f3ximo ano. A previs\u00e3o da \u00e1rea econ\u00f4mica \u00e9 de arrecadar R$ 24 bilh\u00f5es entre 2023 e 2026.<\/p>\n\n\n\n\t<div data-element=\"shortcode-read-more\" class=\"readToo\">\n\t\t\t\t<span class=\"readToo__title\">Leia mais<\/span>\n\t\t\t\t<ul class=\"readToo__list\">\n\t\t\t<li><a href=\"https:\/\/www.suno.com.br\/noticias\/fundos-de-super-ricos-taxacao-secretario-receita-federal-evm\/\">Fundos de super ricos: &#8216;N\u00e3o \u00e9 tributa\u00e7\u00e3o a mais para milion\u00e1rios, mas corre\u00e7\u00e3o de distor\u00e7\u00f5es&#8217;, diz secret\u00e1rio da Receita<\/a><\/li><li><a href=\"https:\/\/www.suno.com.br\/noticias\/lula-congresso-taxacao-fundos-exclusivos-super-ricos-evm\/\">Lula tem expectativa de aprova\u00e7\u00e3o de taxa\u00e7\u00e3o de fundos de super-ricos<\/a><\/li>\t\t<\/ul>\n\t<\/div>\n\n\n\n\n<h2 class=\"wp-block-heading\">FIIs e Fiagros ser\u00e3o taxados pela nova MP dos fundos exclusivos?<\/h2>\n\n\n\n<p>A tributa\u00e7\u00e3o de&nbsp;<strong>FIIs&nbsp;<\/strong>e Fiagros sofreu uma pequena altera\u00e7\u00e3o, de acordo com a Medida Provis\u00f3ria (MP) que muda a taxa\u00e7\u00e3o de offshores e&nbsp;fundos de investimento&nbsp;exclusivos publicada nesta segunda-feira (28).<\/p>\n\n\n\n<p>Para&nbsp;<a href=\"https:\/\/www.suno.com.br\/artigos\/fundos-de-investimento-exterior\/\" target=\"_blank\" rel=\"noreferrer noopener\">fundos de investimento<\/a>&nbsp;imobili\u00e1rios (<strong>FIIs<\/strong>) ou&nbsp;<a href=\"https:\/\/www.suno.com.br\/guias\/fiagro\/\" target=\"_blank\" rel=\"noreferrer noopener\">Fiagro<\/a>&nbsp;serem isentos de Imposto de Renda atualmente, basta ter mais de 50 cotistas, al\u00e9m de outras regras.<\/p>\n\n\n\n<p>A mudan\u00e7a, indica a MP, \u00e9 que a&nbsp;<strong>quantidade de cotistas&nbsp;<\/strong>passa de 50 para 500 cotistas.<\/p>\n\n\n\n<p>\u201cA MP apresentou que essa r\u00e9gua subisse de 50 pra 500 cotistas.\u201d explica o Professor Baroni, especialista em fundos imobili\u00e1rios da Suno.<\/p>\n\n\n\n<blockquote class=\"wp-block-quote is-layout-flow wp-block-quote-is-layout-flow\">\n<p>\u201cOs fundos que estamos acostumados a lidar no dia-a-dia, mais populares e j\u00e1 consolidados, praticamente n\u00e3o tiveram mudan\u00e7a, mas sim para aqueles com menos cotistas, com grupos de investidores mais seletos\u201d, afirma Baroni.<\/p>\n<\/blockquote>\n\n\n\n<p>Al\u00e9m disso, o professor pontua que esses fundos de at\u00e9 500 cotistas s\u00e3o ativos estruturados pra fins tribut\u00e1rios.<\/p>\n\n\n\n<p>As demais regras sobre a isen\u00e7\u00e3o de Imposto de Renda dos&nbsp;<strong>dividendos de FIIs&nbsp;<\/strong>e Fiagros discriminam que as cotas devem ser negociadas na Bolsa de Valores e nenhum investidor pode ter mais de 10% das cotas. Estas duas n\u00e3o sofreram altera\u00e7\u00f5es.<\/p>\n\n\n\t<p>\n\t\t<a href=\"\" target=\"_blank\" data-element=\"shortcode-suno-banner\" title=\"Banner SUNO, clique e saiba mais\">\n\t\t\t<picture>\n\t\t\t\t<source media=\"(max-width: 500px)\" srcset=\"\">\n\t\t\t\t<img class=\"newsContent__article__imgCapa newsContent__article__imgCapa--banner\"\n\t\t\t\t\tsrc=\"\"\n\t\t\t\t\tdata-promo-id=\"77014\"\t\t\t\t\t\t\t\t\t\t\t\t\t\t\talt=\"\"\n\t\t\t\t>\n\t\t\t<\/picture>\n\t\t<\/a>\n\t<\/p>\n\n\n\n\n\n<h2 class=\"wp-block-heading\">Como funciona a tributa\u00e7\u00e3o de FIIs e Fiagros<\/h2>\n\n\n\n<p>Como exemplo, o especialista apresenta um exemplo em que a tributa\u00e7\u00e3o pode ou n\u00e3o atingir o investidor:<\/p>\n\n\n\n<p>Se um fundo imobili\u00e1rio de 100 mil cotistas compra cotas de um fundo (<strong>FIIs ou Fiagros<\/strong>) que tem 100 cotistas:<\/p>\n\n\n\n<ul class=\"wp-block-list\">\n<li>Para o cotistas pessoa f\u00edsica com posi\u00e7\u00e3o principal no fundo de 100 mil cotistas, nada muda;<\/li>\n\n\n\n<li>Para quem \u00e9 investidor direto no FII de 100 cotistas, arcar\u00e1 com a tributa\u00e7\u00e3o, pois ele \u00e9 pessoa f\u00edsica e est\u00e1 abaixo da r\u00e9gua de 500 cotistas.<\/li>\n<\/ul>\n\n\n\n<figure class=\"wp-block-embed is-type-rich is-provider-twitter wp-block-embed-twitter\"><div class=\"wp-block-embed__wrapper\">\n<blockquote class=\"twitter-tweet\" data-width=\"550\" data-dnt=\"true\"><p lang=\"pt\" dir=\"ltr\">De in\u00edcio, mantenha a calma!<br><br>No geral, nada mudar\u00e1 para os FIIs de grande porte (e com maior n\u00famero de cotistas), inclusive para aqueles que possuem posi\u00e7\u00f5es indiretas em outros FIIs.<br><br>Vale lembrar que\u2026<\/p>&mdash; Prof. Baroni (@ProfessorBaroni) <a href=\"https:\/\/twitter.com\/ProfessorBaroni\/status\/1696526782298820761?ref_src=twsrc%5Etfw\">August 29, 2023<\/a><\/blockquote>\n<\/div><\/figure>\n\n\n\n<p>Ainda sobre a MP dos <strong>fundos exclusivos<\/strong> e as novas regras de taxa\u00e7\u00e3o, Baroni tranquiliza: &#8220;Era um ponto hist\u00f3rico de preocupa\u00e7\u00e3o e que, agora, est\u00e1 melhor delimitado, o que deixa o tema mais claro para os investidores em geral&#8221;.<\/p>\n\n\n\t<p>\n\t\t<a href=\"https:\/\/lp.suno.com.br\/ebook-investindo-em-fiis\/\" target=\"_blank\" data-element=\"shortcode-suno-banner\" title=\"Banner SUNO, clique e saiba mais\">\n\t\t\t<picture>\n\t\t\t\t<source media=\"(max-width: 500px)\" srcset=\"https:\/\/files.sunoresearch.com.br\/n\/uploads\/2023\/07\/Ebook-Fundos-Imobiliarios-Mobile.jpg\">\n\t\t\t\t<img class=\"newsContent__article__imgCapa newsContent__article__imgCapa--banner\"\n\t\t\t\t\tsrc=\"https:\/\/files.sunoresearch.com.br\/n\/uploads\/2023\/07\/Ebook-Fundos-Imobiliarios-Desktop.jpg\"\n\t\t\t\t\tdata-promo-id=\"378301\"\t\t\t\t\t\t\t\t\t\twidth='1420' height='286'\t\t\t\t\talt=\"https:\/\/files.sunoresearch.com.br\/n\/uploads\/2023\/07\/Ebook-Fundos-Imobiliarios-Desktop.jpg\"\n\t\t\t\t>\n\t\t\t<\/picture>\n\t\t<\/a>\n\t<\/p>\n\n\n\n\n\n<h2 class=\"wp-block-heading\">FIIs da Suno isentos de taxa\u00e7\u00e3o<\/h2>\n\n\n\n<p>Os principais Fundos geridos pela Suno s\u00e3o o SNID11, SNAG11, <a href=\"https:\/\/www.suno.com.br\/fundos-imobiliarios\/snff11\/\">SNFF11<\/a>, SNCI11 e SNLG11. Todos eles contam com mais de 100 mil cotistas. <\/p>\n\n\n\n<p>Logo, de acordo com a nova r\u00e9gua de taxa\u00e7\u00e3o de <strong>FIIs <\/strong>e Fiagros, os <a href=\"https:\/\/www.suno.com.br\/guias\/dividendos\/\">dividendos<\/a> provenientes destes investimentos seguem isentos.<\/p>\n\n\n\t<p>\n\t\t<a href=\"https:\/\/lp.suno.com.br\/planilha-da-vida-financeira\/\" target=\"_blank\" data-element=\"shortcode-suno-banner\" title=\"Banner SUNO, clique e saiba mais\">\n\t\t\t<picture>\n\t\t\t\t<source media=\"(max-width: 500px)\" srcset=\"https:\/\/files.sunoresearch.com.br\/n\/uploads\/2023\/04\/400x300-Planilha-vida-financeira-true.png\">\n\t\t\t\t<img class=\"newsContent__article__imgCapa newsContent__article__imgCapa--banner\"\n\t\t\t\t\tsrc=\"https:\/\/files.sunoresearch.com.br\/n\/uploads\/2023\/04\/1420x240-Planilha-vida-financeira-true.png\"\n\t\t\t\t\tdata-promo-id=\"383123\"\t\t\t\t\t\t\t\t\t\twidth='1420' height='240'\t\t\t\t\talt=\"https:\/\/files.sunoresearch.com.br\/n\/uploads\/2023\/04\/1420x240-Planilha-vida-financeira-true.png\"\n\t\t\t\t>\n\t\t\t<\/picture>\n\t\t<\/a>\n\t<\/p>\n\n\n","protected":false},"excerpt":{"rendered":"<p>Os fundos exclusivos ou reservados a poucos investidores tiveram em 2023, at\u00e9 julho, sa\u00eddas l\u00edquidas de R$ 13,7 bilh\u00f5es, diz a Anbima &#8211; e n\u00e3o os R$ 71,4 bilh\u00f5es, como a Ambima e o jornal Valor Econ\u00f4mico informaram pela manh\u00e3 do dia 30 de agosto. O montante representa pouco mais de 10% R$ 125 bilh\u00f5es [&hellip;]<\/p>\n","protected":false},"author":313,"featured_media":408494,"comment_status":"closed","ping_status":"closed","sticky":false,"template":"","format":"standard","meta":[],"categories":[62],"tags":[313,704],"suno_strategy":[],"class_list":["post-449069","post","type-post","status-publish","format-standard","has-post-thumbnail","hentry","category-economia","tag-fundos-de-investimento","tag-impostos"],"yoast_head":"<!-- This site is optimized with the Yoast SEO plugin v24.4 - https:\/\/yoast.com\/wordpress\/plugins\/seo\/ -->\n<title>Fundos exclusivos t\u00eam sa\u00eddas de R$ 71,4 bilh\u00f5es, diz jornal<\/title>\n<meta name=\"description\" content=\"Os fundos exclusivos ou reservados a poucos investidores tiveram em 2023, at\u00e9 julho, sa\u00eddas l\u00edquidas de R$ 71,4 bilh\u00f5es.\" \/>\n<meta name=\"robots\" content=\"index, follow, max-snippet:-1, max-image-preview:large, max-video-preview:-1\" \/>\n<link rel=\"canonical\" href=\"https:\/\/www.suno.com.br\/noticias\/fundos-exclusivos-bilhoes-jornal-gpj\/\" \/>\n<meta property=\"og:locale\" content=\"pt_BR\" \/>\n<meta property=\"og:type\" content=\"article\" \/>\n<meta property=\"og:title\" content=\"Fundos exclusivos t\u00eam sa\u00eddas de R$ 71,4 bilh\u00f5es, diz jornal\" \/>\n<meta property=\"og:description\" content=\"Os fundos exclusivos ou reservados a poucos investidores tiveram em 2023, at\u00e9 julho, sa\u00eddas l\u00edquidas de R$ 71,4 bilh\u00f5es.\" \/>\n<meta property=\"og:url\" content=\"https:\/\/www.suno.com.br\/noticias\/fundos-exclusivos-bilhoes-jornal-gpj\/\" \/>\n<meta property=\"og:site_name\" content=\"Suno Not\u00edcias\" \/>\n<meta property=\"article:publisher\" content=\"https:\/\/facebook.com\/sunoresearch\" \/>\n<meta property=\"og:image\" content=\"https:\/\/files.sunoresearch.com.br\/n\/uploads\/2023\/05\/fundos-fiis.jpg\" \/>\n\t<meta property=\"og:image:width\" content=\"1200\" \/>\n\t<meta property=\"og:image:height\" content=\"800\" \/>\n\t<meta property=\"og:image:type\" content=\"image\/jpeg\" \/>\n<meta name=\"author\" content=\"Giovanni Porf\u00edrio Jacomino\" \/>\n<meta name=\"twitter:card\" content=\"summary_large_image\" \/>\n<meta name=\"twitter:creator\" content=\"@sunoresearch\" \/>\n<meta name=\"twitter:site\" content=\"@sunoresearch\" \/>\n<meta name=\"twitter:label1\" content=\"Escrito por\" \/>\n\t<meta name=\"twitter:data1\" content=\"Giovanni Porf\u00edrio Jacomino\" \/>\n\t<meta name=\"twitter:label2\" content=\"Est. tempo de leitura\" \/>\n\t<meta name=\"twitter:data2\" content=\"4 minutos\" \/>\n<script type=\"application\/ld+json\" class=\"yoast-schema-graph\">{\"@context\":\"https:\/\/schema.org\",\"@graph\":[{\"@type\":\"NewsArticle\",\"@id\":\"https:\/\/www.suno.com.br\/noticias\/fundos-exclusivos-bilhoes-jornal-gpj\/#article\",\"isPartOf\":{\"@id\":\"https:\/\/www.suno.com.br\/noticias\/fundos-exclusivos-bilhoes-jornal-gpj\/\"},\"author\":{\"name\":\"Giovanni Porf\u00edrio Jacomino\",\"@id\":\"https:\/\/www.suno.com.br\/noticias\/#\/schema\/person\/d0f32748bbca4bee871fa191ee4e2d40\"},\"headline\":\"Fundos exclusivos t\u00eam sa\u00eddas de R$ 13,7 bilh\u00f5es em 2023, revela Anbima\",\"datePublished\":\"2023-08-30T11:58:58+00:00\",\"dateModified\":\"2023-08-31T01:33:24+00:00\",\"mainEntityOfPage\":{\"@id\":\"https:\/\/www.suno.com.br\/noticias\/fundos-exclusivos-bilhoes-jornal-gpj\/\"},\"wordCount\":778,\"publisher\":{\"@id\":\"https:\/\/www.suno.com.br\/noticias\/#organization\"},\"image\":{\"@id\":\"https:\/\/www.suno.com.br\/noticias\/fundos-exclusivos-bilhoes-jornal-gpj\/#primaryimage\"},\"thumbnailUrl\":\"https:\/\/files.sunoresearch.com.br\/n\/uploads\/2023\/05\/fundos-fiis.jpg\",\"keywords\":[\"Fundos de investimento\",\"impostos\"],\"articleSection\":[\"Economia\"],\"inLanguage\":\"pt-BR\"},{\"@type\":\"WebPage\",\"@id\":\"https:\/\/www.suno.com.br\/noticias\/fundos-exclusivos-bilhoes-jornal-gpj\/\",\"url\":\"https:\/\/www.suno.com.br\/noticias\/fundos-exclusivos-bilhoes-jornal-gpj\/\",\"name\":\"Fundos exclusivos t\u00eam sa\u00eddas de R$ 71,4 bilh\u00f5es, diz jornal\",\"isPartOf\":{\"@id\":\"https:\/\/www.suno.com.br\/noticias\/#website\"},\"primaryImageOfPage\":{\"@id\":\"https:\/\/www.suno.com.br\/noticias\/fundos-exclusivos-bilhoes-jornal-gpj\/#primaryimage\"},\"image\":{\"@id\":\"https:\/\/www.suno.com.br\/noticias\/fundos-exclusivos-bilhoes-jornal-gpj\/#primaryimage\"},\"thumbnailUrl\":\"https:\/\/files.sunoresearch.com.br\/n\/uploads\/2023\/05\/fundos-fiis.jpg\",\"datePublished\":\"2023-08-30T11:58:58+00:00\",\"dateModified\":\"2023-08-31T01:33:24+00:00\",\"description\":\"Os fundos exclusivos ou reservados a poucos investidores tiveram em 2023, at\u00e9 julho, sa\u00eddas l\u00edquidas de R$ 71,4 bilh\u00f5es.\",\"breadcrumb\":{\"@id\":\"https:\/\/www.suno.com.br\/noticias\/fundos-exclusivos-bilhoes-jornal-gpj\/#breadcrumb\"},\"inLanguage\":\"pt-BR\",\"potentialAction\":[{\"@type\":\"ReadAction\",\"target\":[\"https:\/\/www.suno.com.br\/noticias\/fundos-exclusivos-bilhoes-jornal-gpj\/\"]}]},{\"@type\":\"ImageObject\",\"inLanguage\":\"pt-BR\",\"@id\":\"https:\/\/www.suno.com.br\/noticias\/fundos-exclusivos-bilhoes-jornal-gpj\/#primaryimage\",\"url\":\"https:\/\/files.sunoresearch.com.br\/n\/uploads\/2023\/05\/fundos-fiis.jpg\",\"contentUrl\":\"https:\/\/files.sunoresearch.com.br\/n\/uploads\/2023\/05\/fundos-fiis.jpg\",\"width\":1200,\"height\":800,\"caption\":\"Investimentos. Foto: iStock\"},{\"@type\":\"BreadcrumbList\",\"@id\":\"https:\/\/www.suno.com.br\/noticias\/fundos-exclusivos-bilhoes-jornal-gpj\/#breadcrumb\",\"itemListElement\":[{\"@type\":\"ListItem\",\"position\":1,\"name\":\"Not\u00edcias\",\"item\":\"https:\/\/www.suno.com.br\/noticias\/\"},{\"@type\":\"ListItem\",\"position\":2,\"name\":\"Economia\",\"item\":\"https:\/\/www.suno.com.br\/noticias\/economia\/\"},{\"@type\":\"ListItem\",\"position\":3,\"name\":\"Fundos exclusivos t\u00eam sa\u00eddas de R$ 13,7 bilh\u00f5es em 2023, revela Anbima\"}]},{\"@type\":\"WebSite\",\"@id\":\"https:\/\/www.suno.com.br\/noticias\/#website\",\"url\":\"https:\/\/www.suno.com.br\/noticias\/\",\"name\":\"Suno Not\u00edcias\",\"description\":\"Seu portal de informa\u00e7\u00e3o sobre o mundo dos investimentos\",\"publisher\":{\"@id\":\"https:\/\/www.suno.com.br\/noticias\/#organization\"},\"potentialAction\":[{\"@type\":\"SearchAction\",\"target\":{\"@type\":\"EntryPoint\",\"urlTemplate\":\"https:\/\/www.suno.com.br\/noticias\/?s={search_term_string}\"},\"query-input\":{\"@type\":\"PropertyValueSpecification\",\"valueRequired\":true,\"valueName\":\"search_term_string\"}}],\"inLanguage\":\"pt-BR\"},{\"@type\":\"Organization\",\"@id\":\"https:\/\/www.suno.com.br\/noticias\/#organization\",\"name\":\"Suno Not\u00edcias\",\"url\":\"https:\/\/www.suno.com.br\/noticias\/\",\"logo\":{\"@type\":\"ImageObject\",\"inLanguage\":\"pt-BR\",\"@id\":\"https:\/\/www.suno.com.br\/noticias\/#\/schema\/logo\/image\/\",\"url\":\"https:\/\/files.sunoresearch.com.br\/n\/uploads\/2021\/09\/suno-logo.png\",\"contentUrl\":\"https:\/\/files.sunoresearch.com.br\/n\/uploads\/2021\/09\/suno-logo.png\",\"width\":180,\"height\":180,\"caption\":\"Suno Not\u00edcias\"},\"image\":{\"@id\":\"https:\/\/www.suno.com.br\/noticias\/#\/schema\/logo\/image\/\"},\"sameAs\":[\"https:\/\/facebook.com\/sunoresearch\",\"https:\/\/x.com\/sunoresearch\",\"https:\/\/www.instagram.com\/suno\",\"https:\/\/www.linkedin.com\/company\/suno-research\/\",\"https:\/\/www.youtube.com\/c\/sunoresearch\"]},{\"@type\":\"Person\",\"@id\":\"https:\/\/www.suno.com.br\/noticias\/#\/schema\/person\/d0f32748bbca4bee871fa191ee4e2d40\",\"name\":\"Giovanni Porf\u00edrio Jacomino\",\"image\":{\"@type\":\"ImageObject\",\"inLanguage\":\"pt-BR\",\"@id\":\"https:\/\/www.suno.com.br\/noticias\/#\/schema\/person\/image\/\",\"url\":\"https:\/\/secure.gravatar.com\/avatar\/efb32e19b730a121cb7a80f41ffec01a?s=96&r=g\",\"contentUrl\":\"https:\/\/secure.gravatar.com\/avatar\/efb32e19b730a121cb7a80f41ffec01a?s=96&r=g\",\"caption\":\"Giovanni Porf\u00edrio Jacomino\"},\"description\":\"Giovanni Porf\u00edrio Jacomino \u00e9 jornalista formado pela Universidade Estadual de Londrina (UEL) e p\u00f3s-graduado em Produ\u00e7\u00e3o e Pr\u00e1ticas Jornal\u00edsticas na Contemporaneidade na Faculdade C\u00e1sper L\u00edbero (FCL). Foi editor web no Startupi e no Finsiders, atuando ainda como editor no TC Mover, portal de not\u00edcias da TradersClub, fazendo a cobertura de assuntos relacionados ao mercado financeiro interno e externo. Atualmente, \u00e9 Rep\u00f3rter do Suno Not\u00edcias.\",\"url\":\"https:\/\/www.suno.com.br\/noticias\/author\/giovanni-porfiriosuno-com-br\/\"}]}<\/script>\n<!-- \/ Yoast SEO plugin. -->","yoast_head_json":{"title":"Fundos exclusivos t\u00eam sa\u00eddas de R$ 71,4 bilh\u00f5es, diz jornal","description":"Os fundos exclusivos ou reservados a poucos investidores tiveram em 2023, at\u00e9 julho, sa\u00eddas l\u00edquidas de R$ 71,4 bilh\u00f5es.","robots":{"index":"index","follow":"follow","max-snippet":"max-snippet:-1","max-image-preview":"max-image-preview:large","max-video-preview":"max-video-preview:-1"},"canonical":"https:\/\/www.suno.com.br\/noticias\/fundos-exclusivos-bilhoes-jornal-gpj\/","og_locale":"pt_BR","og_type":"article","og_title":"Fundos exclusivos t\u00eam sa\u00eddas de R$ 71,4 bilh\u00f5es, diz jornal","og_description":"Os fundos exclusivos ou reservados a poucos investidores tiveram em 2023, at\u00e9 julho, sa\u00eddas l\u00edquidas de R$ 71,4 bilh\u00f5es.","og_url":"https:\/\/www.suno.com.br\/noticias\/fundos-exclusivos-bilhoes-jornal-gpj\/","og_site_name":"Suno Not\u00edcias","article_publisher":"https:\/\/facebook.com\/sunoresearch","og_image":[{"width":1200,"height":800,"url":"https:\/\/files.sunoresearch.com.br\/n\/uploads\/2023\/05\/fundos-fiis.jpg","type":"image\/jpeg"}],"author":"Giovanni Porf\u00edrio Jacomino","twitter_card":"summary_large_image","twitter_creator":"@sunoresearch","twitter_site":"@sunoresearch","twitter_misc":{"Escrito por":"Giovanni Porf\u00edrio Jacomino","Est. tempo de leitura":"4 minutos"},"schema":{"@context":"https:\/\/schema.org","@graph":[{"@type":"NewsArticle","@id":"https:\/\/www.suno.com.br\/noticias\/fundos-exclusivos-bilhoes-jornal-gpj\/#article","isPartOf":{"@id":"https:\/\/www.suno.com.br\/noticias\/fundos-exclusivos-bilhoes-jornal-gpj\/"},"author":{"name":"Giovanni Porf\u00edrio Jacomino","@id":"https:\/\/www.suno.com.br\/noticias\/#\/schema\/person\/d0f32748bbca4bee871fa191ee4e2d40"},"headline":"Fundos exclusivos t\u00eam sa\u00eddas de R$ 13,7 bilh\u00f5es em 2023, revela Anbima","datePublished":"2023-08-30T11:58:58+00:00","dateModified":"2023-08-31T01:33:24+00:00","mainEntityOfPage":{"@id":"https:\/\/www.suno.com.br\/noticias\/fundos-exclusivos-bilhoes-jornal-gpj\/"},"wordCount":778,"publisher":{"@id":"https:\/\/www.suno.com.br\/noticias\/#organization"},"image":{"@id":"https:\/\/www.suno.com.br\/noticias\/fundos-exclusivos-bilhoes-jornal-gpj\/#primaryimage"},"thumbnailUrl":"https:\/\/files.sunoresearch.com.br\/n\/uploads\/2023\/05\/fundos-fiis.jpg","keywords":["Fundos de investimento","impostos"],"articleSection":["Economia"],"inLanguage":"pt-BR"},{"@type":"WebPage","@id":"https:\/\/www.suno.com.br\/noticias\/fundos-exclusivos-bilhoes-jornal-gpj\/","url":"https:\/\/www.suno.com.br\/noticias\/fundos-exclusivos-bilhoes-jornal-gpj\/","name":"Fundos exclusivos t\u00eam sa\u00eddas de R$ 71,4 bilh\u00f5es, diz jornal","isPartOf":{"@id":"https:\/\/www.suno.com.br\/noticias\/#website"},"primaryImageOfPage":{"@id":"https:\/\/www.suno.com.br\/noticias\/fundos-exclusivos-bilhoes-jornal-gpj\/#primaryimage"},"image":{"@id":"https:\/\/www.suno.com.br\/noticias\/fundos-exclusivos-bilhoes-jornal-gpj\/#primaryimage"},"thumbnailUrl":"https:\/\/files.sunoresearch.com.br\/n\/uploads\/2023\/05\/fundos-fiis.jpg","datePublished":"2023-08-30T11:58:58+00:00","dateModified":"2023-08-31T01:33:24+00:00","description":"Os fundos exclusivos ou reservados a poucos investidores tiveram em 2023, at\u00e9 julho, sa\u00eddas l\u00edquidas de R$ 71,4 bilh\u00f5es.","breadcrumb":{"@id":"https:\/\/www.suno.com.br\/noticias\/fundos-exclusivos-bilhoes-jornal-gpj\/#breadcrumb"},"inLanguage":"pt-BR","potentialAction":[{"@type":"ReadAction","target":["https:\/\/www.suno.com.br\/noticias\/fundos-exclusivos-bilhoes-jornal-gpj\/"]}]},{"@type":"ImageObject","inLanguage":"pt-BR","@id":"https:\/\/www.suno.com.br\/noticias\/fundos-exclusivos-bilhoes-jornal-gpj\/#primaryimage","url":"https:\/\/files.sunoresearch.com.br\/n\/uploads\/2023\/05\/fundos-fiis.jpg","contentUrl":"https:\/\/files.sunoresearch.com.br\/n\/uploads\/2023\/05\/fundos-fiis.jpg","width":1200,"height":800,"caption":"Investimentos. Foto: iStock"},{"@type":"BreadcrumbList","@id":"https:\/\/www.suno.com.br\/noticias\/fundos-exclusivos-bilhoes-jornal-gpj\/#breadcrumb","itemListElement":[{"@type":"ListItem","position":1,"name":"Not\u00edcias","item":"https:\/\/www.suno.com.br\/noticias\/"},{"@type":"ListItem","position":2,"name":"Economia","item":"https:\/\/www.suno.com.br\/noticias\/economia\/"},{"@type":"ListItem","position":3,"name":"Fundos exclusivos t\u00eam sa\u00eddas de R$ 13,7 bilh\u00f5es em 2023, revela Anbima"}]},{"@type":"WebSite","@id":"https:\/\/www.suno.com.br\/noticias\/#website","url":"https:\/\/www.suno.com.br\/noticias\/","name":"Suno Not\u00edcias","description":"Seu portal de informa\u00e7\u00e3o sobre o mundo dos investimentos","publisher":{"@id":"https:\/\/www.suno.com.br\/noticias\/#organization"},"potentialAction":[{"@type":"SearchAction","target":{"@type":"EntryPoint","urlTemplate":"https:\/\/www.suno.com.br\/noticias\/?s={search_term_string}"},"query-input":{"@type":"PropertyValueSpecification","valueRequired":true,"valueName":"search_term_string"}}],"inLanguage":"pt-BR"},{"@type":"Organization","@id":"https:\/\/www.suno.com.br\/noticias\/#organization","name":"Suno Not\u00edcias","url":"https:\/\/www.suno.com.br\/noticias\/","logo":{"@type":"ImageObject","inLanguage":"pt-BR","@id":"https:\/\/www.suno.com.br\/noticias\/#\/schema\/logo\/image\/","url":"https:\/\/files.sunoresearch.com.br\/n\/uploads\/2021\/09\/suno-logo.png","contentUrl":"https:\/\/files.sunoresearch.com.br\/n\/uploads\/2021\/09\/suno-logo.png","width":180,"height":180,"caption":"Suno Not\u00edcias"},"image":{"@id":"https:\/\/www.suno.com.br\/noticias\/#\/schema\/logo\/image\/"},"sameAs":["https:\/\/facebook.com\/sunoresearch","https:\/\/x.com\/sunoresearch","https:\/\/www.instagram.com\/suno","https:\/\/www.linkedin.com\/company\/suno-research\/","https:\/\/www.youtube.com\/c\/sunoresearch"]},{"@type":"Person","@id":"https:\/\/www.suno.com.br\/noticias\/#\/schema\/person\/d0f32748bbca4bee871fa191ee4e2d40","name":"Giovanni Porf\u00edrio Jacomino","image":{"@type":"ImageObject","inLanguage":"pt-BR","@id":"https:\/\/www.suno.com.br\/noticias\/#\/schema\/person\/image\/","url":"https:\/\/secure.gravatar.com\/avatar\/efb32e19b730a121cb7a80f41ffec01a?s=96&r=g","contentUrl":"https:\/\/secure.gravatar.com\/avatar\/efb32e19b730a121cb7a80f41ffec01a?s=96&r=g","caption":"Giovanni Porf\u00edrio Jacomino"},"description":"Giovanni Porf\u00edrio Jacomino \u00e9 jornalista formado pela Universidade Estadual de Londrina (UEL) e p\u00f3s-graduado em Produ\u00e7\u00e3o e Pr\u00e1ticas Jornal\u00edsticas na Contemporaneidade na Faculdade C\u00e1sper L\u00edbero (FCL). Foi editor web no Startupi e no Finsiders, atuando ainda como editor no TC Mover, portal de not\u00edcias da TradersClub, fazendo a cobertura de assuntos relacionados ao mercado financeiro interno e externo. Atualmente, \u00e9 Rep\u00f3rter do Suno Not\u00edcias.","url":"https:\/\/www.suno.com.br\/noticias\/author\/giovanni-porfiriosuno-com-br\/"}]}},"default_loop_html":"<div class=\"cardsPage__listCard__boxs\"><div class=\"cardsPage__listCard__boxs__img\"><a href=\"https:\/\/www.suno.com.br\/noticias\/fundos-exclusivos-bilhoes-jornal-gpj\/\"><img class=\"mask\" src=\"https:\/\/www.suno.com.br\/noticias\/wp-content\/themes\/suno\/resources\/images\/spotlight\/spotlight1img\/bg-mask.png\" alt=\"Image Mask\"\/><img src=\"https:\/\/files.sunoresearch.com.br\/n\/uploads\/2023\/05\/fundos-fiis-400x200.jpg\" alt=\"Fundos exclusivos t\u00eam sa\u00eddas de R$ 13,7 bilh\u00f5es em 2023, revela Anbima\"\/><\/a><span class=\"spotlightCategory\"><a href=\"https:\/\/www.suno.com.br\/noticias\/economia\/\">Economia<\/a><\/span><\/div><div class=\"cardsPage__listCard__boxs__content\"><a href=\"https:\/\/www.suno.com.br\/noticias\/fundos-exclusivos-bilhoes-jornal-gpj\/\"><h2 class=\"content__title\">Fundos exclusivos t\u00eam sa\u00eddas de R$ 13,7 bilh\u00f5es em 2023, revela Anbima<\/h2><\/a><div class=\"newsContent__article__meta\"><div class=\"newsContent__article__meta__authorBox\"><a href=\"https:\/\/www.suno.com.br\/noticias\/author\/eduardo-vargas\/\" class=\"authorBox__avatar noMobi\"><img src=\"https:\/\/secure.gravatar.com\/avatar\/dac340933427a22924c9f99d1eb2e3f2?s=96&#038;r=g\" alt=\"Eduardo Vargas\"><\/a><div class=\"authorBox__name\"><span>por\n\t\t\t<a href=\"https:\/\/www.suno.com.br\/noticias\/author\/eduardo-vargas\/\"><span itemprop=\"author\">Eduardo Vargas<\/span><\/a><\/span><time datetime=\"2023-08-30T08:58:58-03:00\" itemprop=\"datePublished\">30\/08\/2023 08:58<\/time><\/div><\/div><\/div><\/div><\/div>","single_layout":"posts","amp_enabled":true,"_links":{"self":[{"href":"https:\/\/www.suno.com.br\/noticias\/wp-json\/wp\/v2\/posts\/449069"}],"collection":[{"href":"https:\/\/www.suno.com.br\/noticias\/wp-json\/wp\/v2\/posts"}],"about":[{"href":"https:\/\/www.suno.com.br\/noticias\/wp-json\/wp\/v2\/types\/post"}],"author":[{"embeddable":true,"href":"https:\/\/www.suno.com.br\/noticias\/wp-json\/wp\/v2\/users\/313"}],"replies":[{"embeddable":true,"href":"https:\/\/www.suno.com.br\/noticias\/wp-json\/wp\/v2\/comments?post=449069"}],"version-history":[{"count":2,"href":"https:\/\/www.suno.com.br\/noticias\/wp-json\/wp\/v2\/posts\/449069\/revisions"}],"predecessor-version":[{"id":449572,"href":"https:\/\/www.suno.com.br\/noticias\/wp-json\/wp\/v2\/posts\/449069\/revisions\/449572"}],"wp:featuredmedia":[{"embeddable":true,"href":"https:\/\/www.suno.com.br\/noticias\/wp-json\/wp\/v2\/media\/408494"}],"wp:attachment":[{"href":"https:\/\/www.suno.com.br\/noticias\/wp-json\/wp\/v2\/media?parent=449069"}],"wp:term":[{"taxonomy":"category","embeddable":true,"href":"https:\/\/www.suno.com.br\/noticias\/wp-json\/wp\/v2\/categories?post=449069"},{"taxonomy":"post_tag","embeddable":true,"href":"https:\/\/www.suno.com.br\/noticias\/wp-json\/wp\/v2\/tags?post=449069"},{"taxonomy":"suno_strategy","embeddable":true,"href":"https:\/\/www.suno.com.br\/noticias\/wp-json\/wp\/v2\/suno_strategy?post=449069"}],"curies":[{"name":"wp","href":"https:\/\/api.w.org\/{rel}","templated":true}]}}