{"id":448997,"date":"2023-08-29T21:58:04","date_gmt":"2023-08-30T00:58:04","guid":{"rendered":"https:\/\/www.suno.com.br\/noticias\/?p=448997"},"modified":"2023-08-29T21:58:22","modified_gmt":"2023-08-30T00:58:22","slug":"radar-minerva-beef3-braskem-brkm5-taesa-taee11-marfrig-mrfg3","status":"publish","type":"post","link":"https:\/\/www.suno.com.br\/noticias\/radar-minerva-beef3-braskem-brkm5-taesa-taee11-marfrig-mrfg3\/","title":{"rendered":"Radar: Minerva (BEEF3) sofre na Bolsa ap\u00f3s compra de ativos da Marfrig (MRFG3), Braskem (BRKM5) \u00e9 rebaixada e Taesa (TAEE11) planeja emitir deb\u00eantures milion\u00e1rias"},"content":{"rendered":"<p>As a\u00e7\u00f5es da&nbsp;<a href=\"https:\/\/www.suno.com.br\/acoes\/beef3\/\" target=\"_blank\" rel=\"noreferrer noopener\"><strong>Minerva&nbsp;<\/strong>(BEEF3)<\/a>&nbsp;despencam nesta ter\u00e7a-feira (29), liderando as quedas do Ibovespa, com o mercado repercutindo a not\u00edcia de que a companhia e sua controlada Athn Foods Holdings firmaram contratos de compra e venda de a\u00e7\u00f5es para adquirir ativos da&nbsp;<a href=\"https:\/\/www.suno.com.br\/acoes\/MRFG3\/\">Marfrig (MRFG3)<\/a>&nbsp;pelo valor de R$ 7,5 bilh\u00f5es.<\/p>\t<div class=\"wrapper-featured-image\">\n\t\t<figure class=\"spotlightImg\">\n\n\t\t\t<picture>\n\t\t\t\t<source media=\"(max-width: 768px)\" srcset=\"https:\/\/files.sunoresearch.com.br\/n\/uploads\/2022\/11\/minerva-beef3-400x200.jpg\">\n\t\t\t\t<img loading=\"lazy\" decoding=\"async\" class=\"newsContent__article__imgCapa lazyloadDisabled \" src=\"https:\/\/files.sunoresearch.com.br\/n\/uploads\/2022\/11\/minerva-beef3-800x450.jpg\" width=\"800\" height=\"450\" alt=\"Radar: Minerva (BEEF3) sofre na Bolsa ap\u00f3s compra de ativos da Marfrig (MRFG3), Braskem (BRKM5) \u00e9 rebaixada e Taesa (TAEE11) planeja emitir deb\u00eantures milion\u00e1rias\" fetchpriority=high \/>\n\t\t\t<\/picture>\n\n\t\t\t<figcaption class=\"wp-caption-text wp-caption-text--show\">Minerva (BEEF3). Foto: Divulga\u00e7\u00e3o<\/figcaption>\n\t\t<\/figure>\n\t<\/div>\n\n\n\n\n\n\t<p>\n\t\t<a href=\"https:\/\/lp.suno.com.br\/planilha-da-vida-financeira\/\" target=\"_blank\" data-element=\"shortcode-suno-banner\" title=\"Banner SUNO, clique e saiba mais\">\n\t\t\t<picture>\n\t\t\t\t<source media=\"(max-width: 500px)\" srcset=\"https:\/\/files.sunoresearch.com.br\/n\/uploads\/2023\/04\/400x300-Planilha-vida-financeira-true.png\">\n\t\t\t\t<img class=\"newsContent__article__imgCapa newsContent__article__imgCapa--banner\"\n\t\t\t\t\tsrc=\"https:\/\/files.sunoresearch.com.br\/n\/uploads\/2023\/04\/1420x240-Planilha-vida-financeira-true.png\"\n\t\t\t\t\tdata-promo-id=\"106682\"\t\t\t\t\t\t\t\t\t\twidth='1420' height='240'\t\t\t\t\talt=\"https:\/\/files.sunoresearch.com.br\/n\/uploads\/2023\/04\/1420x240-Planilha-vida-financeira-true.png\"\n\t\t\t\t>\n\t\t\t<\/picture>\n\t\t<\/a>\n\t<\/p>\n\n\n\n\n\n\n\n<p>No fechamento, as&nbsp;<a href=\"https:\/\/www.suno.com.br\/artigos\/o-que-sao-acoes-ordinarias-preferenciais-e-units\/\"><strong>a\u00e7\u00f5es ordin\u00e1rias<\/strong><\/a>&nbsp;da Minerva ca\u00edram 18,2%, cotadas a R$ 8,91. No lado oposto, os&nbsp;<strong>pap\u00e9is ordin\u00e1rios de<\/strong>&nbsp;<strong>Marfrig<\/strong>&nbsp;dispararam 10,7%, a R$ 7,45. As<strong>&nbsp;a\u00e7\u00f5es de BRF<\/strong>&nbsp;<strong>(BRFS3)&nbsp;<\/strong>recuaram 0,42%, a R$ 9,62.<\/p>\n\n\n\n<p>A Minerva dever\u00e1 comprar alguns estabelecimentos industriais e comerciais de propriedade da&nbsp;<strong>Marfrig&nbsp;<\/strong>que est\u00e3o localizados no Brasil, Argentina e Chile.<\/p>\n\n\n\n<p>J\u00e1 a&nbsp;<strong>Athn Foods<\/strong>&nbsp;deve comprar a participa\u00e7\u00e3o societ\u00e1ria em&nbsp;<strong>controladas uruguaias da Marfrig<\/strong>, adquirindo de forma indireta determinados estabelecimentos industriais e comerciais de propriedade de controladas da companhia situadas no Uruguai.<\/p>\n\n\n\n<p>As duas opera\u00e7\u00f5es est\u00e3o sujeitas a determinadas condi\u00e7\u00f5es precedentes, como a aprova\u00e7\u00e3o das autoridades concorrenciais, por exemplo.<\/p>\n\n\n\n<p>No caso da opera\u00e7\u00e3o envolvendo a Minerva e a Marfrig, a vendedora constituir\u00e1 uma nova empresa brasileira, com o intuito exclusivo de receber e passar a deter os ativos, enquanto a&nbsp;<strong>Marfrig&nbsp;<\/strong>e suas controladas dever\u00e3o implementar procedimentos de transfer\u00eancia e titularidade dos neg\u00f3cios para a NewCo criada.<\/p>\n\n\n\n<p>Al\u00e9m de Minerva, confira outros destaques desta ter\u00e7a-feira:<\/p>\n\n\n\n<h2 class=\"wp-block-heading\">Braskem (BRKM5): banco reduz pre\u00e7o-alvo e rebaixa recomenda\u00e7\u00e3o; a\u00e7\u00f5es caem<\/h2>\n\n\n\n<ul class=\"wp-block-list\">\n<li>As a\u00e7\u00f5es da&nbsp;<strong>Braskem&nbsp;<\/strong>(BRKM5) ca\u00edram nesta ter\u00e7a-feira (29) ap\u00f3s divulga\u00e7\u00e3o de relat\u00f3rio do banco UBS BB, que reduz o pre\u00e7o-alvo da empresa de R$ 26 para R$ 20. Al\u00e9m disso, a UBS rebaixou a recomenda\u00e7\u00e3o de neutra para venda.<\/li>\n<\/ul>\n\n\n\n<ul class=\"wp-block-list\">\n<li>Quando a recomenda\u00e7\u00e3o \u00e9 neutra, significa que os investidores devem manter a posi\u00e7\u00e3o, mas sem realizar novos aportes. J\u00e1 com a recomenda\u00e7\u00e3o venda, quer dizer que os investidores devem se desfazer dos pap\u00e9is da empresa.<\/li>\n<\/ul>\n\n\n\n<ul class=\"wp-block-list\">\n<li>\u00c0s 10h08 de hoje, a&nbsp;<strong>cota\u00e7\u00e3o da Braskem<\/strong>&nbsp;estava a R$ 22,05, mas a queda levou o valor para R$ 21,25 \u00e0s 10h46, m\u00ednima do dia. Por\u00e9m, ao longo da manh\u00e3 o pre\u00e7o voltou a subir, alcan\u00e7ando R$ 22,46 \u00e0s 12h12. Nos \u00faltimos 12 meses, a desvaloriza\u00e7\u00e3o das a\u00e7\u00f5es foi de 29,81%.<\/li>\n<\/ul>\n\n\n\n<ul class=\"wp-block-list\">\n<li>As&nbsp;<strong>a\u00e7\u00f5es da Braskem<\/strong>&nbsp;encerraram o dia com queda de 0,31%, cotadas a R$ 22,52.<\/li>\n<\/ul>\n\n\n\n<ul class=\"wp-block-list\">\n<li>O fato de os pap\u00e9is terem despencado hoje est\u00e1 associado \u00e0 deteriora\u00e7\u00e3o do&nbsp;<strong>setor petroqu\u00edmico<\/strong>. O rebaixamento foi baseado nos fundamentos da empresa, tendo como refer\u00eancia tamb\u00e9m uma revis\u00e3o para baixo nos&nbsp;<strong>lucros da Braskem<\/strong>.<\/li>\n<\/ul>\n\n\n\n<ul class=\"wp-block-list\">\n<li>\u201cDesde o in\u00edcio de fevereiro, houve uma deteriora\u00e7\u00e3o significativa das principais perspectivas de spread\u201d, diz o documento elaborado pelo&nbsp;<strong>UBS-BB<\/strong>.<\/li>\n<\/ul>\n\n\n\n<ul class=\"wp-block-list\">\n<li>O relat\u00f3rio do&nbsp;<strong>banco su\u00ed\u00e7o i<\/strong>nforma, por exemplo, que em 2023-24 o&nbsp;<strong>polipropileno<\/strong>&nbsp;est\u00e1 com um spread de cerca de 30% abaixo da m\u00e9dia hist\u00f3rica, com valor de US$ 441\/tonelada. A queda \u00e9 observada tamb\u00e9m em outros produtos.<\/li>\n<\/ul>\n\n\n\n<ul class=\"wp-block-list\">\n<li>\u201cN\u00e3o acreditamos que um acordo avance a&nbsp;<a href=\"https:\/\/www.suno.com.br\/artigos\/curto-prazo\/\" target=\"_blank\" rel=\"noreferrer noopener\">curto prazo<\/a>, embora n\u00e3o possamos descartar totalmente a possibilidade. Poder\u00e1 ainda haver ramifica\u00e7\u00f5es nas discuss\u00f5es, com v\u00e1rios resultados potenciais, incluindo a aus\u00eancia de acordo\u201d, aponta o relat\u00f3rio da USB BB sobre uma poss\u00edvel mudan\u00e7a na estrutura acionista da Braskem.<\/li>\n<\/ul>\n\n\n\n<ul class=\"wp-block-list\">\n<li>A Braskem tenta ainda solucionar outra crise. Em 2018 houve danifica\u00e7\u00e3o e rachaduras do solo em Macei\u00f3, o que desalojou mais de 50 mil pessoas. Em julho deste ano a Braskem fez um acordo de R$ 1,7 bilh\u00e3o com a prefeitura da capital alagoana pelo incidente.<\/li>\n<\/ul>\n\n\n\n<ul class=\"wp-block-list\">\n<li>A Braskem \u00e9 uma empresa brasileira que possui unidades no exterior (Estados Unidos, Alemanha e M\u00e9xico). Ela \u00e9 produtora de resinas termopl\u00e1sticas e est\u00e1 no mercado desde 2002. A capacidade de produ\u00e7\u00e3o \u00e9 de mais de 20 milh\u00f5es de toneladas de petroqu\u00edmicos e produtos qu\u00edmicos por ano.<\/li>\n<\/ul>\n\n\n\n<h2 class=\"wp-block-heading\">Taesa (TAEE11) ensaia emiss\u00e3o de R$ 800 milh\u00f5es em deb\u00eantures<\/h2>\n\n\n\n<ul class=\"wp-block-list\">\n<li>A&nbsp;<a href=\"https:\/\/www.suno.com.br\/acoes\/TAEE11\/\" target=\"_blank\" rel=\"noreferrer noopener\"><strong>Taesa<\/strong>&nbsp;(TAEE11)<\/a>&nbsp;deve iniciar ainda na quarta-feira (3) a apresenta\u00e7\u00e3o aos investidores de uma oferta de R$ 800 milh\u00f5es em&nbsp;<a href=\"https:\/\/www.suno.com.br\/artigos\/debentures-incentivadas\/\" target=\"_blank\" rel=\"noreferrer noopener\">deb\u00eantures incentivadas<\/a>&nbsp;da companhia. A emiss\u00e3o foi aprovada recentemente pelo&nbsp;<a href=\"https:\/\/www.suno.com.br\/artigos\/conselho-administracao\/\" target=\"_blank\" rel=\"noreferrer noopener\">conselho de administra\u00e7\u00e3o<\/a>.<\/li>\n<\/ul>\n\n\n\n<ul class=\"wp-block-list\">\n<li>Com o capital levantado com a&nbsp;<strong>emiss\u00e3o de deb\u00eantures<\/strong>, a Taesa deve investir nos projetos Anana\u00ed, Sa\u00edra, Pitiguari e Novatrans.<\/li>\n<\/ul>\n\n\n\n<ul class=\"wp-block-list\">\n<li>A opera\u00e7\u00e3o de&nbsp;<strong>deb\u00eantures da Taesa<\/strong>&nbsp;deve ser feita em at\u00e9 tr\u00eas s\u00e9ries, cada uma com um prazo e uma remunera\u00e7\u00e3o diferente.<\/li>\n<\/ul>\n\n\n\n<ul class=\"wp-block-list\">\n<li>Primeira s\u00e9rie: Vencimento em 2033, com pagamento de NTNB-32 +0,50% (ou IPCA+5,80%)<\/li>\n\n\n\n<li>Segunda s\u00e9rie: Vencimento em 2035, com pagamento de NTNB-35 +0,60% (ou IPCA+5,90%)<\/li>\n\n\n\n<li>Terceira s\u00e9rie: Vencimento em 2038, com pagamento de NTNB-35 +0,70% (ou IPCA+6,05%)<\/li>\n<\/ul>\n\n\n\n<ul class=\"wp-block-list\">\n<li>A oferta ser\u00e1 coordenada pelo Santander \u2013 que ser\u00e1 l\u00edder -, Ita\u00fa BBA, Safra e XP.<\/li>\n<\/ul>\n\n\n\t<p>\n\t\t<a href=\"https:\/\/lp.suno.com.br\/ebook-como-analisar-uma-acao\/\" target=\"_blank\" data-element=\"shortcode-suno-banner\" title=\"Banner SUNO, clique e saiba mais\">\n\t\t\t<picture>\n\t\t\t\t<source media=\"(max-width: 500px)\" srcset=\"https:\/\/files.sunoresearch.com.br\/n\/uploads\/2023\/03\/Ebook-Acoes-Mobile.jpg\">\n\t\t\t\t<img class=\"newsContent__article__imgCapa newsContent__article__imgCapa--banner\"\n\t\t\t\t\tsrc=\"https:\/\/files.sunoresearch.com.br\/n\/uploads\/2023\/03\/Ebook-Acoes-Desktop.jpg\"\n\t\t\t\t\tdata-promo-id=\"378302\"\t\t\t\t\t\t\t\t\t\twidth='1420' height='286'\t\t\t\t\talt=\"https:\/\/files.sunoresearch.com.br\/n\/uploads\/2023\/03\/Ebook-Acoes-Desktop.jpg\"\n\t\t\t\t>\n\t\t\t<\/picture>\n\t\t<\/a>\n\t<\/p>\n\n\n\n\n\n<h2 class=\"wp-block-heading\">Petrobras (PETR4): dividendos podem ser afetados em um acordo sobre o Carf?<\/h2>\n\n\n\n<ul class=\"wp-block-list\">\n<li>Nas \u00faltimas semanas, circulou a not\u00edcia de que a&nbsp;<strong>Petrobras<\/strong>&nbsp;(PETR4) poderia negociar o pagamento de parte dos passivos de processos que t\u00eam no&nbsp;<a href=\"https:\/\/www.suno.com.br\/artigos\/carf\/\" target=\"_blank\" rel=\"noreferrer noopener\">Conselho Administrativo de Recursos Fiscais (Carf)<\/a>. Segundo o Ita\u00fa BBA, esse acordo pode significar um poss\u00edvel desembolso de caixa para a empresa a&nbsp;<a href=\"https:\/\/www.suno.com.br\/artigos\/curto-prazo\/\" target=\"_blank\" rel=\"noreferrer noopener\">curto prazo<\/a>, afetando potenciais&nbsp;<a href=\"https:\/\/www.suno.com.br\/guias\/dividendos\/\" target=\"_blank\" rel=\"noreferrer noopener\">dividendos<\/a>&nbsp;extraordin\u00e1rios em 2023.<\/li>\n<\/ul>\n\n\n\n<ul class=\"wp-block-list\">\n<li>\u201cExiste uma probabilidade significativa de que o Senado aprove, nesta semana, a reintegra\u00e7\u00e3o do \u2018voto de qualidade\u2019 nas&nbsp;<strong>decis\u00f5es do Carf<\/strong>. Isso significa que, em caso de disputa acirrada, o voto decisivo vir\u00e1 de um representante do Minist\u00e9rio da Fazenda, aumentando a probabilidade de resultados negativos para as empresas\u201d, aponta o BBA.<\/li>\n<\/ul>\n\n\n\n<ul class=\"wp-block-list\">\n<li>De acordo com algumas informa\u00e7\u00f5es divulgadas, o governo deseja que a Petrobras pague R$ 30 bilh\u00f5es para resolver os processos em andamento no Carf. No entanto, em comunicado, a Petrobras afirmou que as not\u00edcias sobre a negocia\u00e7\u00e3o de um acordo com a Uni\u00e3o Federal s\u00e3o infundadas.<\/li>\n<\/ul>\n\n\n\n<ul class=\"wp-block-list\">\n<li>O montante de R$ 30 bilh\u00f5es representa 73% de todos os&nbsp;<strong>processos da Petrobras<\/strong>&nbsp;no Carf. Al\u00e9m disso, a estatal tem R$ 76 bilh\u00f5es em outros processos com a Uni\u00e3o, totalizando mais de R$ 117 bilh\u00f5es em processos legais com o governo federal, segundo&nbsp;<a href=\"https:\/\/www.suno.com.br\/artigos\/formulario-de-referencia\/\" target=\"_blank\" rel=\"noreferrer noopener\">formul\u00e1rio de refer\u00eancia<\/a>&nbsp;da Petrobras.<\/li>\n<\/ul>\n\n\n\n<ul class=\"wp-block-list\">\n<li>Para analistas do BBA, o potencial de&nbsp;<strong>pagamentos de&nbsp;<a href=\"https:\/\/www.suno.com.br\/guias\/dividendos\/\" target=\"_blank\" rel=\"noreferrer noopener\">dividendos<\/a><\/strong>&nbsp;extraordin\u00e1rios para 2023 poderia ser limitado se a estatal avan\u00e7asse com um acordo financeiro com a Uni\u00e3o para encerrar processos no Carf.<\/li>\n<\/ul>\n\n\n\n<ul class=\"wp-block-list\">\n<li>\u201cDe acordo com nossa avalia\u00e7\u00e3o preliminar, a Petrobras poderia ser capaz de pagar cerca de R$ 17 bilh\u00f5es em&nbsp;<a href=\"https:\/\/www.suno.com.br\/guias\/dividendos\/\" target=\"_blank\" rel=\"noreferrer noopener\">dividendos<\/a>&nbsp;extraordin\u00e1rios para este ano, o que poderia ser reduzido a zero por um eventual acordo dessa magnitude\u201d, diz o BBA.<\/li>\n<\/ul>\n\n\n\n<h2 class=\"wp-block-heading\">Com d\u00edvidas de R$ 2,3 bi, 123 Milhas entra com pedido de recupera\u00e7\u00e3o judicial e suspende pagamento de cobran\u00e7as<\/h2>\n\n\n\n<ul class=\"wp-block-list\">\n<li>A&nbsp;<strong>123 Milhas<\/strong>&nbsp;solicitou nesta ter\u00e7a-feira (29) para 1\u00aa Vara Empresarial de Belo Horizonte que seja autorizado o pedido de&nbsp;<a href=\"https:\/\/www.suno.com.br\/artigos\/recuperacao-judicial\/\" target=\"_blank\" rel=\"noreferrer noopener\">recupera\u00e7\u00e3o judicial<\/a>&nbsp;da companhia.&nbsp; A solicita\u00e7\u00e3o tamb\u00e9m abrange a suspens\u00e3o imediata, por um per\u00edodo de 180 dias, das a\u00e7\u00f5es judiciais de cobran\u00e7as movidas contra a empresa.<\/li>\n<\/ul>\n\n\n\n<ul class=\"wp-block-list\">\n<li>Segundo o colunista Lauro Jardim, de O Globo, s\u00e3o mais de 600 processos somente em Minas Gerais.&nbsp;&nbsp;<\/li>\n<\/ul>\n\n\n\n<ul class=\"wp-block-list\">\n<li>Na peti\u00e7\u00e3o, a 123 Milhas afirma que enfrenta uma crise moment\u00e2nea, mas sendo plaus\u00edvel de ser resolvida. Para a solu\u00e7\u00e3o, a companhia argumenta que a&nbsp;<a href=\"https:\/\/www.suno.com.br\/artigos\/recuperacao-judicial\/\" target=\"_blank\" rel=\"noreferrer noopener\">recupera\u00e7\u00e3o judicial<\/a>&nbsp;\u00e9 necess\u00e1ria.<\/li>\n<\/ul>\n\n\n\n<ul class=\"wp-block-list\">\n<li>De acordo com a empresa, a venda de passagens promocionais \u00e9 um dos fatores da crise, uma vez que o processo operacional das promo\u00e7\u00f5es foi frustrado por causa da covid-19, alta de juros e novas regras para as companhias a\u00e9reas.<\/li>\n<\/ul>\n\n\n\n<p>Da Minerva \u00e0 Taesa, essas foram as empresas que se destacaram hoje. Para ler todas as mat\u00e9rias&nbsp;<strong><a href=\"https:\/\/www.suno.com.br\/noticias\/todos\/?utm_content=XYOE2ItQuUY.20201113&amp;utm_campaign=Track%2B&amp;utm_medium=video&amp;utm_source=telegram.sunoresearch\" target=\"_blank\" rel=\"noreferrer noopener\">clique aqui<\/a>.<\/strong><a href=\"https:\/\/lp.suno.com.br\/pv\/sr-premium\/o-proximo-passo-no-seus-investimentos\/?_fs=16412753060-15131594205\" target=\"_blank\" rel=\"noreferrer noopener\"><\/a><a href=\"https:\/\/lp.suno.com.br\/planilha-da-vida-financeira\/?_fs=16412753060-15131594205\" target=\"_blank\" rel=\"noreferrer noopener\"><\/a><a href=\"https:\/\/lp.suno.com.br\/pv\/sr-premium\/o-proximo-passo-no-seus-investimentos\/?_fs=16412753060-15131594205\" target=\"_blank\" rel=\"noreferrer noopener\"><\/a><a href=\"https:\/\/lp.suno.com.br\/planilha-da-vida-financeira\/?_fs=16412753060-15131594205\" target=\"_blank\" rel=\"noreferrer noopener\"><\/a><a href=\"https:\/\/lp.suno.com.br\/planilha-da-vida-financeira\/?_fs=16412753060-15131594205\" target=\"_blank\" rel=\"noreferrer noopener\"><\/a><a href=\"https:\/\/lp.suno.com.br\/planilha-da-vida-financeira\/?_fs=16412753060-15131594205\" target=\"_blank\" rel=\"noreferrer noopener\"><\/a><a href=\"https:\/\/lp.suno.com.br\/planilha-da-vida-financeira\/\" target=\"_blank\" rel=\"noreferrer noopener\"><\/a><\/p>\n\n\n\t<p>\n\t\t<a href=\"https:\/\/lp.suno.com.br\/planilha-da-vida-financeira\/\" target=\"_blank\" data-element=\"shortcode-suno-banner\" title=\"Banner SUNO, clique e saiba mais\">\n\t\t\t<picture>\n\t\t\t\t<source media=\"(max-width: 500px)\" srcset=\"https:\/\/files.sunoresearch.com.br\/n\/uploads\/2023\/04\/400x300-Planilha-vida-financeira-true.png\">\n\t\t\t\t<img class=\"newsContent__article__imgCapa newsContent__article__imgCapa--banner\"\n\t\t\t\t\tsrc=\"https:\/\/files.sunoresearch.com.br\/n\/uploads\/2023\/04\/1420x240-Planilha-vida-financeira-true.png\"\n\t\t\t\t\tdata-promo-id=\"383123\"\t\t\t\t\t\t\t\t\t\twidth='1420' height='240'\t\t\t\t\talt=\"https:\/\/files.sunoresearch.com.br\/n\/uploads\/2023\/04\/1420x240-Planilha-vida-financeira-true.png\"\n\t\t\t\t>\n\t\t\t<\/picture>\n\t\t<\/a>\n\t<\/p>\n\n\n","protected":false},"excerpt":{"rendered":"<p>As a\u00e7\u00f5es da&nbsp;Minerva&nbsp;(BEEF3)&nbsp;despencam nesta ter\u00e7a-feira (29), liderando as quedas do Ibovespa, com o mercado repercutindo a not\u00edcia de que a companhia e sua controlada Athn Foods Holdings firmaram contratos de compra e venda de a\u00e7\u00f5es para adquirir ativos da&nbsp;Marfrig (MRFG3)&nbsp;pelo valor de R$ 7,5 bilh\u00f5es. Minerva (BEEF3). Foto: Divulga\u00e7\u00e3o No fechamento, as&nbsp;a\u00e7\u00f5es ordin\u00e1rias&nbsp;da Minerva ca\u00edram [&hellip;]<\/p>\n","protected":false},"author":227,"featured_media":321571,"comment_status":"closed","ping_status":"closed","sticky":false,"template":"","format":"standard","meta":[],"categories":[64],"tags":[395,563,595,649],"suno_strategy":[],"class_list":["post-448997","post","type-post","status-publish","format-standard","has-post-thumbnail","hentry","category-negocios","tag-braskem-brkm3-brkm5-brkm6","tag-minerva-beef11-beef3","tag-petrobras-petr4","tag-taesa-taee11-taee3-taee4"],"yoast_head":"<!-- This site is optimized with the Yoast SEO plugin v24.4 - https:\/\/yoast.com\/wordpress\/plugins\/seo\/ -->\n<title>Radar: Minerva (BEEF3) sofre na Bolsa ap\u00f3s compra de ativos da Marfrig (MRFG3), Braskem (BRKM5) \u00e9 rebaixada e Taesa (TAEE11) planeja deb\u00eantures milion\u00e1rias<\/title>\n<meta name=\"description\" content=\"Minerva (BEEF3) sofre com acordo bilion\u00e1rio, Braskem (BRKM5) tem pre\u00e7o-alvo reduzido e Taesa (TAEE11) planeja emitir deb\u00eantures milion\u00e1rias\" \/>\n<meta name=\"robots\" content=\"index, follow, max-snippet:-1, max-image-preview:large, max-video-preview:-1\" \/>\n<link rel=\"canonical\" href=\"https:\/\/www.suno.com.br\/noticias\/radar-minerva-beef3-braskem-brkm5-taesa-taee11-marfrig-mrfg3\/\" \/>\n<meta property=\"og:locale\" content=\"pt_BR\" \/>\n<meta property=\"og:type\" content=\"article\" \/>\n<meta property=\"og:title\" content=\"Radar: Minerva (BEEF3) sofre na Bolsa ap\u00f3s compra de ativos da Marfrig (MRFG3), Braskem (BRKM5) \u00e9 rebaixada e Taesa (TAEE11) planeja deb\u00eantures milion\u00e1rias\" \/>\n<meta property=\"og:description\" content=\"Minerva (BEEF3) sofre com acordo bilion\u00e1rio, Braskem (BRKM5) tem pre\u00e7o-alvo reduzido e Taesa (TAEE11) planeja emitir deb\u00eantures milion\u00e1rias\" \/>\n<meta property=\"og:url\" content=\"https:\/\/www.suno.com.br\/noticias\/radar-minerva-beef3-braskem-brkm5-taesa-taee11-marfrig-mrfg3\/\" \/>\n<meta property=\"og:site_name\" content=\"Suno Not\u00edcias\" \/>\n<meta property=\"article:publisher\" content=\"https:\/\/facebook.com\/sunoresearch\" \/>\n<meta property=\"og:image\" content=\"https:\/\/files.sunoresearch.com.br\/n\/uploads\/2022\/11\/minerva-beef3-scaled.jpg\" \/>\n\t<meta property=\"og:image:width\" content=\"2560\" \/>\n\t<meta property=\"og:image:height\" content=\"1702\" \/>\n\t<meta property=\"og:image:type\" content=\"image\/jpeg\" \/>\n<meta name=\"author\" content=\"Vanessa Loiola\" \/>\n<meta name=\"twitter:card\" content=\"summary_large_image\" \/>\n<meta name=\"twitter:creator\" content=\"@sunoresearch\" \/>\n<meta name=\"twitter:site\" content=\"@sunoresearch\" \/>\n<meta name=\"twitter:label1\" content=\"Escrito por\" \/>\n\t<meta name=\"twitter:data1\" content=\"Vanessa Loiola\" \/>\n\t<meta name=\"twitter:label2\" content=\"Est. tempo de leitura\" \/>\n\t<meta name=\"twitter:data2\" content=\"7 minutos\" \/>\n<script type=\"application\/ld+json\" class=\"yoast-schema-graph\">{\"@context\":\"https:\/\/schema.org\",\"@graph\":[{\"@type\":\"NewsArticle\",\"@id\":\"https:\/\/www.suno.com.br\/noticias\/radar-minerva-beef3-braskem-brkm5-taesa-taee11-marfrig-mrfg3\/#article\",\"isPartOf\":{\"@id\":\"https:\/\/www.suno.com.br\/noticias\/radar-minerva-beef3-braskem-brkm5-taesa-taee11-marfrig-mrfg3\/\"},\"author\":{\"name\":\"Vanessa Loiola\",\"@id\":\"https:\/\/www.suno.com.br\/noticias\/#\/schema\/person\/450c455ecff319bab1f1a0e643451479\"},\"headline\":\"Radar: Minerva (BEEF3) sofre na Bolsa ap\u00f3s compra de ativos da Marfrig (MRFG3), Braskem (BRKM5) \u00e9 rebaixada e Taesa (TAEE11) planeja emitir deb\u00eantures milion\u00e1rias\",\"datePublished\":\"2023-08-30T00:58:04+00:00\",\"dateModified\":\"2023-08-30T00:58:22+00:00\",\"mainEntityOfPage\":{\"@id\":\"https:\/\/www.suno.com.br\/noticias\/radar-minerva-beef3-braskem-brkm5-taesa-taee11-marfrig-mrfg3\/\"},\"wordCount\":1379,\"publisher\":{\"@id\":\"https:\/\/www.suno.com.br\/noticias\/#organization\"},\"image\":{\"@id\":\"https:\/\/www.suno.com.br\/noticias\/radar-minerva-beef3-braskem-brkm5-taesa-taee11-marfrig-mrfg3\/#primaryimage\"},\"thumbnailUrl\":\"https:\/\/files.sunoresearch.com.br\/n\/uploads\/2022\/11\/minerva-beef3-scaled.jpg\",\"keywords\":[\"Braskem (BRKM3\/BRKM5\/BRKM6)\",\"Minerva (BEEF11\/BEEF3)\",\"Petrobras (PETR4)\",\"Taesa (TAEE11\/TAEE3\/TAEE4)\"],\"articleSection\":[\"Neg\u00f3cios\"],\"inLanguage\":\"pt-BR\"},{\"@type\":\"WebPage\",\"@id\":\"https:\/\/www.suno.com.br\/noticias\/radar-minerva-beef3-braskem-brkm5-taesa-taee11-marfrig-mrfg3\/\",\"url\":\"https:\/\/www.suno.com.br\/noticias\/radar-minerva-beef3-braskem-brkm5-taesa-taee11-marfrig-mrfg3\/\",\"name\":\"Radar: Minerva (BEEF3) sofre na Bolsa ap\u00f3s compra de ativos da Marfrig (MRFG3), Braskem (BRKM5) \u00e9 rebaixada e Taesa (TAEE11) planeja deb\u00eantures milion\u00e1rias\",\"isPartOf\":{\"@id\":\"https:\/\/www.suno.com.br\/noticias\/#website\"},\"primaryImageOfPage\":{\"@id\":\"https:\/\/www.suno.com.br\/noticias\/radar-minerva-beef3-braskem-brkm5-taesa-taee11-marfrig-mrfg3\/#primaryimage\"},\"image\":{\"@id\":\"https:\/\/www.suno.com.br\/noticias\/radar-minerva-beef3-braskem-brkm5-taesa-taee11-marfrig-mrfg3\/#primaryimage\"},\"thumbnailUrl\":\"https:\/\/files.sunoresearch.com.br\/n\/uploads\/2022\/11\/minerva-beef3-scaled.jpg\",\"datePublished\":\"2023-08-30T00:58:04+00:00\",\"dateModified\":\"2023-08-30T00:58:22+00:00\",\"description\":\"Minerva (BEEF3) sofre com acordo bilion\u00e1rio, Braskem (BRKM5) tem pre\u00e7o-alvo reduzido e Taesa (TAEE11) planeja emitir deb\u00eantures milion\u00e1rias\",\"breadcrumb\":{\"@id\":\"https:\/\/www.suno.com.br\/noticias\/radar-minerva-beef3-braskem-brkm5-taesa-taee11-marfrig-mrfg3\/#breadcrumb\"},\"inLanguage\":\"pt-BR\",\"potentialAction\":[{\"@type\":\"ReadAction\",\"target\":[\"https:\/\/www.suno.com.br\/noticias\/radar-minerva-beef3-braskem-brkm5-taesa-taee11-marfrig-mrfg3\/\"]}]},{\"@type\":\"ImageObject\",\"inLanguage\":\"pt-BR\",\"@id\":\"https:\/\/www.suno.com.br\/noticias\/radar-minerva-beef3-braskem-brkm5-taesa-taee11-marfrig-mrfg3\/#primaryimage\",\"url\":\"https:\/\/files.sunoresearch.com.br\/n\/uploads\/2022\/11\/minerva-beef3-scaled.jpg\",\"contentUrl\":\"https:\/\/files.sunoresearch.com.br\/n\/uploads\/2022\/11\/minerva-beef3-scaled.jpg\",\"width\":2560,\"height\":1702,\"caption\":\"Minerva (BEEF3). Foto: Divulga\u00e7\u00e3o\"},{\"@type\":\"BreadcrumbList\",\"@id\":\"https:\/\/www.suno.com.br\/noticias\/radar-minerva-beef3-braskem-brkm5-taesa-taee11-marfrig-mrfg3\/#breadcrumb\",\"itemListElement\":[{\"@type\":\"ListItem\",\"position\":1,\"name\":\"Not\u00edcias\",\"item\":\"https:\/\/www.suno.com.br\/noticias\/\"},{\"@type\":\"ListItem\",\"position\":2,\"name\":\"Neg\u00f3cios\",\"item\":\"https:\/\/www.suno.com.br\/noticias\/negocios\/\"},{\"@type\":\"ListItem\",\"position\":3,\"name\":\"Radar: Minerva (BEEF3) sofre na Bolsa ap\u00f3s compra de ativos da Marfrig (MRFG3), Braskem (BRKM5) \u00e9 rebaixada e Taesa (TAEE11) planeja emitir deb\u00eantures milion\u00e1rias\"}]},{\"@type\":\"WebSite\",\"@id\":\"https:\/\/www.suno.com.br\/noticias\/#website\",\"url\":\"https:\/\/www.suno.com.br\/noticias\/\",\"name\":\"Suno Not\u00edcias\",\"description\":\"Seu portal de informa\u00e7\u00e3o sobre o mundo dos investimentos\",\"publisher\":{\"@id\":\"https:\/\/www.suno.com.br\/noticias\/#organization\"},\"potentialAction\":[{\"@type\":\"SearchAction\",\"target\":{\"@type\":\"EntryPoint\",\"urlTemplate\":\"https:\/\/www.suno.com.br\/noticias\/?s={search_term_string}\"},\"query-input\":{\"@type\":\"PropertyValueSpecification\",\"valueRequired\":true,\"valueName\":\"search_term_string\"}}],\"inLanguage\":\"pt-BR\"},{\"@type\":\"Organization\",\"@id\":\"https:\/\/www.suno.com.br\/noticias\/#organization\",\"name\":\"Suno Not\u00edcias\",\"url\":\"https:\/\/www.suno.com.br\/noticias\/\",\"logo\":{\"@type\":\"ImageObject\",\"inLanguage\":\"pt-BR\",\"@id\":\"https:\/\/www.suno.com.br\/noticias\/#\/schema\/logo\/image\/\",\"url\":\"https:\/\/files.sunoresearch.com.br\/n\/uploads\/2021\/09\/suno-logo.png\",\"contentUrl\":\"https:\/\/files.sunoresearch.com.br\/n\/uploads\/2021\/09\/suno-logo.png\",\"width\":180,\"height\":180,\"caption\":\"Suno Not\u00edcias\"},\"image\":{\"@id\":\"https:\/\/www.suno.com.br\/noticias\/#\/schema\/logo\/image\/\"},\"sameAs\":[\"https:\/\/facebook.com\/sunoresearch\",\"https:\/\/x.com\/sunoresearch\",\"https:\/\/www.instagram.com\/suno\",\"https:\/\/www.linkedin.com\/company\/suno-research\/\",\"https:\/\/www.youtube.com\/c\/sunoresearch\"]},{\"@type\":\"Person\",\"@id\":\"https:\/\/www.suno.com.br\/noticias\/#\/schema\/person\/450c455ecff319bab1f1a0e643451479\",\"name\":\"Vanessa Loiola\",\"image\":{\"@type\":\"ImageObject\",\"inLanguage\":\"pt-BR\",\"@id\":\"https:\/\/www.suno.com.br\/noticias\/#\/schema\/person\/image\/\",\"url\":\"https:\/\/secure.gravatar.com\/avatar\/8b41117f9780831919eb38da349c3f20?s=96&r=g\",\"contentUrl\":\"https:\/\/secure.gravatar.com\/avatar\/8b41117f9780831919eb38da349c3f20?s=96&r=g\",\"caption\":\"Vanessa Loiola\"},\"description\":\"Jornalista formada pela PUC-SP, com experi\u00eancia na cobertura das editorias de economia, finan\u00e7as, bolsa de valores, pol\u00edtica, energia solar e entretenimento. Com passagem pela BM&amp;C News e RedeTV!\",\"url\":\"https:\/\/www.suno.com.br\/noticias\/author\/vanessal-loiolagmail-com\/\"}]}<\/script>\n<!-- \/ Yoast SEO plugin. -->","yoast_head_json":{"title":"Radar: Minerva (BEEF3) sofre na Bolsa ap\u00f3s compra de ativos da Marfrig (MRFG3), Braskem (BRKM5) \u00e9 rebaixada e Taesa (TAEE11) planeja deb\u00eantures milion\u00e1rias","description":"Minerva (BEEF3) sofre com acordo bilion\u00e1rio, Braskem (BRKM5) tem pre\u00e7o-alvo reduzido e Taesa (TAEE11) planeja emitir deb\u00eantures milion\u00e1rias","robots":{"index":"index","follow":"follow","max-snippet":"max-snippet:-1","max-image-preview":"max-image-preview:large","max-video-preview":"max-video-preview:-1"},"canonical":"https:\/\/www.suno.com.br\/noticias\/radar-minerva-beef3-braskem-brkm5-taesa-taee11-marfrig-mrfg3\/","og_locale":"pt_BR","og_type":"article","og_title":"Radar: Minerva (BEEF3) sofre na Bolsa ap\u00f3s compra de ativos da Marfrig (MRFG3), Braskem (BRKM5) \u00e9 rebaixada e Taesa (TAEE11) planeja deb\u00eantures milion\u00e1rias","og_description":"Minerva (BEEF3) sofre com acordo bilion\u00e1rio, Braskem (BRKM5) tem pre\u00e7o-alvo reduzido e Taesa (TAEE11) planeja emitir deb\u00eantures milion\u00e1rias","og_url":"https:\/\/www.suno.com.br\/noticias\/radar-minerva-beef3-braskem-brkm5-taesa-taee11-marfrig-mrfg3\/","og_site_name":"Suno Not\u00edcias","article_publisher":"https:\/\/facebook.com\/sunoresearch","og_image":[{"width":2560,"height":1702,"url":"https:\/\/files.sunoresearch.com.br\/n\/uploads\/2022\/11\/minerva-beef3-scaled.jpg","type":"image\/jpeg"}],"author":"Vanessa Loiola","twitter_card":"summary_large_image","twitter_creator":"@sunoresearch","twitter_site":"@sunoresearch","twitter_misc":{"Escrito por":"Vanessa Loiola","Est. tempo de leitura":"7 minutos"},"schema":{"@context":"https:\/\/schema.org","@graph":[{"@type":"NewsArticle","@id":"https:\/\/www.suno.com.br\/noticias\/radar-minerva-beef3-braskem-brkm5-taesa-taee11-marfrig-mrfg3\/#article","isPartOf":{"@id":"https:\/\/www.suno.com.br\/noticias\/radar-minerva-beef3-braskem-brkm5-taesa-taee11-marfrig-mrfg3\/"},"author":{"name":"Vanessa Loiola","@id":"https:\/\/www.suno.com.br\/noticias\/#\/schema\/person\/450c455ecff319bab1f1a0e643451479"},"headline":"Radar: Minerva (BEEF3) sofre na Bolsa ap\u00f3s compra de ativos da Marfrig (MRFG3), Braskem (BRKM5) \u00e9 rebaixada e Taesa (TAEE11) planeja emitir deb\u00eantures milion\u00e1rias","datePublished":"2023-08-30T00:58:04+00:00","dateModified":"2023-08-30T00:58:22+00:00","mainEntityOfPage":{"@id":"https:\/\/www.suno.com.br\/noticias\/radar-minerva-beef3-braskem-brkm5-taesa-taee11-marfrig-mrfg3\/"},"wordCount":1379,"publisher":{"@id":"https:\/\/www.suno.com.br\/noticias\/#organization"},"image":{"@id":"https:\/\/www.suno.com.br\/noticias\/radar-minerva-beef3-braskem-brkm5-taesa-taee11-marfrig-mrfg3\/#primaryimage"},"thumbnailUrl":"https:\/\/files.sunoresearch.com.br\/n\/uploads\/2022\/11\/minerva-beef3-scaled.jpg","keywords":["Braskem (BRKM3\/BRKM5\/BRKM6)","Minerva (BEEF11\/BEEF3)","Petrobras (PETR4)","Taesa (TAEE11\/TAEE3\/TAEE4)"],"articleSection":["Neg\u00f3cios"],"inLanguage":"pt-BR"},{"@type":"WebPage","@id":"https:\/\/www.suno.com.br\/noticias\/radar-minerva-beef3-braskem-brkm5-taesa-taee11-marfrig-mrfg3\/","url":"https:\/\/www.suno.com.br\/noticias\/radar-minerva-beef3-braskem-brkm5-taesa-taee11-marfrig-mrfg3\/","name":"Radar: Minerva (BEEF3) sofre na Bolsa ap\u00f3s compra de ativos da Marfrig (MRFG3), Braskem (BRKM5) \u00e9 rebaixada e Taesa (TAEE11) planeja deb\u00eantures milion\u00e1rias","isPartOf":{"@id":"https:\/\/www.suno.com.br\/noticias\/#website"},"primaryImageOfPage":{"@id":"https:\/\/www.suno.com.br\/noticias\/radar-minerva-beef3-braskem-brkm5-taesa-taee11-marfrig-mrfg3\/#primaryimage"},"image":{"@id":"https:\/\/www.suno.com.br\/noticias\/radar-minerva-beef3-braskem-brkm5-taesa-taee11-marfrig-mrfg3\/#primaryimage"},"thumbnailUrl":"https:\/\/files.sunoresearch.com.br\/n\/uploads\/2022\/11\/minerva-beef3-scaled.jpg","datePublished":"2023-08-30T00:58:04+00:00","dateModified":"2023-08-30T00:58:22+00:00","description":"Minerva (BEEF3) sofre com acordo bilion\u00e1rio, Braskem (BRKM5) tem pre\u00e7o-alvo reduzido e Taesa (TAEE11) planeja emitir deb\u00eantures milion\u00e1rias","breadcrumb":{"@id":"https:\/\/www.suno.com.br\/noticias\/radar-minerva-beef3-braskem-brkm5-taesa-taee11-marfrig-mrfg3\/#breadcrumb"},"inLanguage":"pt-BR","potentialAction":[{"@type":"ReadAction","target":["https:\/\/www.suno.com.br\/noticias\/radar-minerva-beef3-braskem-brkm5-taesa-taee11-marfrig-mrfg3\/"]}]},{"@type":"ImageObject","inLanguage":"pt-BR","@id":"https:\/\/www.suno.com.br\/noticias\/radar-minerva-beef3-braskem-brkm5-taesa-taee11-marfrig-mrfg3\/#primaryimage","url":"https:\/\/files.sunoresearch.com.br\/n\/uploads\/2022\/11\/minerva-beef3-scaled.jpg","contentUrl":"https:\/\/files.sunoresearch.com.br\/n\/uploads\/2022\/11\/minerva-beef3-scaled.jpg","width":2560,"height":1702,"caption":"Minerva (BEEF3). Foto: Divulga\u00e7\u00e3o"},{"@type":"BreadcrumbList","@id":"https:\/\/www.suno.com.br\/noticias\/radar-minerva-beef3-braskem-brkm5-taesa-taee11-marfrig-mrfg3\/#breadcrumb","itemListElement":[{"@type":"ListItem","position":1,"name":"Not\u00edcias","item":"https:\/\/www.suno.com.br\/noticias\/"},{"@type":"ListItem","position":2,"name":"Neg\u00f3cios","item":"https:\/\/www.suno.com.br\/noticias\/negocios\/"},{"@type":"ListItem","position":3,"name":"Radar: Minerva (BEEF3) sofre na Bolsa ap\u00f3s compra de ativos da Marfrig (MRFG3), Braskem (BRKM5) \u00e9 rebaixada e Taesa (TAEE11) planeja emitir deb\u00eantures milion\u00e1rias"}]},{"@type":"WebSite","@id":"https:\/\/www.suno.com.br\/noticias\/#website","url":"https:\/\/www.suno.com.br\/noticias\/","name":"Suno Not\u00edcias","description":"Seu portal de informa\u00e7\u00e3o sobre o mundo dos investimentos","publisher":{"@id":"https:\/\/www.suno.com.br\/noticias\/#organization"},"potentialAction":[{"@type":"SearchAction","target":{"@type":"EntryPoint","urlTemplate":"https:\/\/www.suno.com.br\/noticias\/?s={search_term_string}"},"query-input":{"@type":"PropertyValueSpecification","valueRequired":true,"valueName":"search_term_string"}}],"inLanguage":"pt-BR"},{"@type":"Organization","@id":"https:\/\/www.suno.com.br\/noticias\/#organization","name":"Suno Not\u00edcias","url":"https:\/\/www.suno.com.br\/noticias\/","logo":{"@type":"ImageObject","inLanguage":"pt-BR","@id":"https:\/\/www.suno.com.br\/noticias\/#\/schema\/logo\/image\/","url":"https:\/\/files.sunoresearch.com.br\/n\/uploads\/2021\/09\/suno-logo.png","contentUrl":"https:\/\/files.sunoresearch.com.br\/n\/uploads\/2021\/09\/suno-logo.png","width":180,"height":180,"caption":"Suno Not\u00edcias"},"image":{"@id":"https:\/\/www.suno.com.br\/noticias\/#\/schema\/logo\/image\/"},"sameAs":["https:\/\/facebook.com\/sunoresearch","https:\/\/x.com\/sunoresearch","https:\/\/www.instagram.com\/suno","https:\/\/www.linkedin.com\/company\/suno-research\/","https:\/\/www.youtube.com\/c\/sunoresearch"]},{"@type":"Person","@id":"https:\/\/www.suno.com.br\/noticias\/#\/schema\/person\/450c455ecff319bab1f1a0e643451479","name":"Vanessa Loiola","image":{"@type":"ImageObject","inLanguage":"pt-BR","@id":"https:\/\/www.suno.com.br\/noticias\/#\/schema\/person\/image\/","url":"https:\/\/secure.gravatar.com\/avatar\/8b41117f9780831919eb38da349c3f20?s=96&r=g","contentUrl":"https:\/\/secure.gravatar.com\/avatar\/8b41117f9780831919eb38da349c3f20?s=96&r=g","caption":"Vanessa Loiola"},"description":"Jornalista formada pela PUC-SP, com experi\u00eancia na cobertura das editorias de economia, finan\u00e7as, bolsa de valores, pol\u00edtica, energia solar e entretenimento. Com passagem pela BM&amp;C News e RedeTV!","url":"https:\/\/www.suno.com.br\/noticias\/author\/vanessal-loiolagmail-com\/"}]}},"default_loop_html":"<div class=\"cardsPage__listCard__boxs\"><div class=\"cardsPage__listCard__boxs__img\"><a href=\"https:\/\/www.suno.com.br\/noticias\/radar-minerva-beef3-braskem-brkm5-taesa-taee11-marfrig-mrfg3\/\"><img class=\"mask\" src=\"https:\/\/www.suno.com.br\/noticias\/wp-content\/themes\/suno\/resources\/images\/spotlight\/spotlight1img\/bg-mask.png\" alt=\"Image Mask\"\/><img src=\"https:\/\/files.sunoresearch.com.br\/n\/uploads\/2022\/11\/minerva-beef3-400x200.jpg\" alt=\"Radar: Minerva (BEEF3) sofre na Bolsa ap\u00f3s compra de ativos da Marfrig (MRFG3), Braskem (BRKM5) \u00e9 rebaixada e Taesa (TAEE11) planeja emitir deb\u00eantures milion\u00e1rias\"\/><\/a><span class=\"spotlightCategory\"><a href=\"https:\/\/www.suno.com.br\/noticias\/negocios\/\">Neg\u00f3cios<\/a><\/span><\/div><div class=\"cardsPage__listCard__boxs__content\"><a href=\"https:\/\/www.suno.com.br\/noticias\/radar-minerva-beef3-braskem-brkm5-taesa-taee11-marfrig-mrfg3\/\"><h2 class=\"content__title\">Radar: Minerva (BEEF3) sofre na Bolsa ap\u00f3s compra de ativos da Marfrig (MRFG3), Braskem (BRKM5) \u00e9 rebaixada e Taesa (TAEE11) planeja emitir deb\u00eantures milion\u00e1rias<\/h2><\/a><div class=\"newsContent__article__meta\"><div class=\"newsContent__article__meta__authorBox\"><a href=\"https:\/\/www.suno.com.br\/noticias\/author\/vanessal-loiolagmail-com\/\" class=\"authorBox__avatar noMobi\"><img src=\"https:\/\/secure.gravatar.com\/avatar\/8b41117f9780831919eb38da349c3f20?s=96&#038;r=g\" alt=\"Vanessa Loiola\"><\/a><div class=\"authorBox__name\"><span>por\n\t\t\t<a href=\"https:\/\/www.suno.com.br\/noticias\/author\/vanessal-loiolagmail-com\/\"><span itemprop=\"author\">Vanessa Loiola<\/span><\/a><\/span><time datetime=\"2023-08-29T21:58:04-03:00\" itemprop=\"datePublished\">29\/08\/2023 21:58<\/time><\/div><\/div><\/div><\/div><\/div>","single_layout":"posts","amp_enabled":true,"_links":{"self":[{"href":"https:\/\/www.suno.com.br\/noticias\/wp-json\/wp\/v2\/posts\/448997"}],"collection":[{"href":"https:\/\/www.suno.com.br\/noticias\/wp-json\/wp\/v2\/posts"}],"about":[{"href":"https:\/\/www.suno.com.br\/noticias\/wp-json\/wp\/v2\/types\/post"}],"author":[{"embeddable":true,"href":"https:\/\/www.suno.com.br\/noticias\/wp-json\/wp\/v2\/users\/227"}],"replies":[{"embeddable":true,"href":"https:\/\/www.suno.com.br\/noticias\/wp-json\/wp\/v2\/comments?post=448997"}],"version-history":[{"count":2,"href":"https:\/\/www.suno.com.br\/noticias\/wp-json\/wp\/v2\/posts\/448997\/revisions"}],"predecessor-version":[{"id":449026,"href":"https:\/\/www.suno.com.br\/noticias\/wp-json\/wp\/v2\/posts\/448997\/revisions\/449026"}],"wp:featuredmedia":[{"embeddable":true,"href":"https:\/\/www.suno.com.br\/noticias\/wp-json\/wp\/v2\/media\/321571"}],"wp:attachment":[{"href":"https:\/\/www.suno.com.br\/noticias\/wp-json\/wp\/v2\/media?parent=448997"}],"wp:term":[{"taxonomy":"category","embeddable":true,"href":"https:\/\/www.suno.com.br\/noticias\/wp-json\/wp\/v2\/categories?post=448997"},{"taxonomy":"post_tag","embeddable":true,"href":"https:\/\/www.suno.com.br\/noticias\/wp-json\/wp\/v2\/tags?post=448997"},{"taxonomy":"suno_strategy","embeddable":true,"href":"https:\/\/www.suno.com.br\/noticias\/wp-json\/wp\/v2\/suno_strategy?post=448997"}],"curies":[{"name":"wp","href":"https:\/\/api.w.org\/{rel}","templated":true}]}}