{"id":448900,"date":"2023-08-29T18:05:53","date_gmt":"2023-08-29T21:05:53","guid":{"rendered":"https:\/\/www.suno.com.br\/noticias\/?p=448900"},"modified":"2023-08-29T19:49:23","modified_gmt":"2023-08-29T22:49:23","slug":"braskem-brkm5-recomendacao-preco-alvo-reducao","status":"publish","type":"post","link":"https:\/\/www.suno.com.br\/noticias\/braskem-brkm5-recomendacao-preco-alvo-reducao\/","title":{"rendered":"Braskem (BRKM5): banco reduz pre\u00e7o-alvo e rebaixa recomenda\u00e7\u00e3o; a\u00e7\u00f5es caem"},"content":{"rendered":"<p>As a\u00e7\u00f5es da <strong>Braskem <\/strong>(BRKM5) ca\u00edram nesta ter\u00e7a-feira (29) ap\u00f3s divulga\u00e7\u00e3o de relat\u00f3rio do banco UBS BB, que reduz o pre\u00e7o-alvo da empresa de R$ 26 para R$ 20. Al\u00e9m disso, a UBS rebaixou a recomenda\u00e7\u00e3o de neutra para venda.<\/p>\t<div class=\"wrapper-featured-image\">\n\t\t<figure class=\"spotlightImg\">\n\n\t\t\t<picture>\n\t\t\t\t<source media=\"(max-width: 768px)\" srcset=\"https:\/\/files.sunoresearch.com.br\/n\/uploads\/2023\/06\/braskem-brkm5-polo-petroquimico-abc-explosao-1-400x200.jpg\">\n\t\t\t\t<img loading=\"lazy\" decoding=\"async\" class=\"newsContent__article__imgCapa lazyloadDisabled \" src=\"https:\/\/files.sunoresearch.com.br\/n\/uploads\/2023\/06\/braskem-brkm5-polo-petroquimico-abc-explosao-1-800x450.jpg\" width=\"800\" height=\"450\" alt=\"Braskem (BRKM5): banco reduz pre\u00e7o-alvo e rebaixa recomenda\u00e7\u00e3o; a\u00e7\u00f5es caem\" fetchpriority=high \/>\n\t\t\t<\/picture>\n\n\t\t\t<figcaption class=\"wp-caption-text wp-caption-text--show\">Braskem - Foto: Reprodu\u00e7\u00e3o\/ Twitter<\/figcaption>\n\t\t<\/figure>\n\t<\/div>\n\n\n\n\n\n\t<p>\n\t\t<a href=\"https:\/\/lp.suno.com.br\/planilha-da-vida-financeira\/\" target=\"_blank\" data-element=\"shortcode-suno-banner\" title=\"Banner SUNO, clique e saiba mais\">\n\t\t\t<picture>\n\t\t\t\t<source media=\"(max-width: 500px)\" srcset=\"https:\/\/files.sunoresearch.com.br\/n\/uploads\/2023\/04\/400x300-Planilha-vida-financeira-true.png\">\n\t\t\t\t<img class=\"newsContent__article__imgCapa newsContent__article__imgCapa--banner\"\n\t\t\t\t\tsrc=\"https:\/\/files.sunoresearch.com.br\/n\/uploads\/2023\/04\/1420x240-Planilha-vida-financeira-true.png\"\n\t\t\t\t\tdata-promo-id=\"383123\"\t\t\t\t\t\t\t\t\t\twidth='1420' height='240'\t\t\t\t\talt=\"https:\/\/files.sunoresearch.com.br\/n\/uploads\/2023\/04\/1420x240-Planilha-vida-financeira-true.png\"\n\t\t\t\t>\n\t\t\t<\/picture>\n\t\t<\/a>\n\t<\/p>\n\n\n\n\n\n\n\n<p>Quando a recomenda\u00e7\u00e3o \u00e9 neutra, significa que os investidores devem manter a posi\u00e7\u00e3o, mas sem realizar novos aportes. J\u00e1 com a recomenda\u00e7\u00e3o venda, quer dizer que os investidores devem se desfazer dos pap\u00e9is da empresa.<\/p>\n\n\n\n<p>\u00c0s 10h08 de hoje, a <strong>cota\u00e7\u00e3o da Braskem<\/strong> estava a R$ 22,05, mas a queda levou o valor para R$ 21,25 \u00e0s 10h46, m\u00ednima do dia. Por\u00e9m, ao longo da manh\u00e3 o pre\u00e7o voltou a subir, alcan\u00e7ando R$ 22,46 \u00e0s 12h12. Nos \u00faltimos 12 meses, a desvaloriza\u00e7\u00e3o das a\u00e7\u00f5es foi de 29,81%.<\/p>\n\n\n\n<p>As <strong>a\u00e7\u00f5es da Braskem<\/strong> encerraram o dia com queda de 0,31%, cotadas a R$ 22,52.<\/p>\n\n\n\n<div class=\"pluginQuotation\">\n  <p class=\"ticker\">\n    Cota\u00e7\u00e3o <span>BRKM5<\/span>\n  <\/p>\n  <div class=\"info\">\n    <div class=\"leftSide\">\n      Gr\u00e1fico gerado em: 29\/08\/2023    <\/div>\n\t\t\t\t\t<div class=\"rightSide\">\n\t\t\t\t\t<span class=\"period\">\n\t\t\t\t\t\t1 Dia\t\t\t\t\t<\/span>\n\t\t\t<\/div>\n\t\t  <\/div>\n\n  <div id=\"chart-7a823b8acf8e1bf2a22919fba169f032\" data-block-hash=\"7a823b8acf8e1bf2a22919fba169f032\"  class=\"chart\" style=\"width:100%;height:400px;\"><\/div>\n\n  <div class=\"pluginQuotation__footer\">\n    <div class=\"dataChart\">\n\n      <div class=\"dataChart__div1 variation\">\n        <div class=\"value-positive\">\n          1,86 (+0,41%)        <\/div>\n        <div class=\"text\">\n          Varia\u00e7\u00e3o do per\u00edodo\n        <\/div>\n      <\/div>\n\n      <div class=\"dataChart__div2 minMax\">\n        <div class=\"value\">\n          R$\u00a021,25        <\/div>\n        <div class=\"text\">\n          M\u00ednima\n        <\/div>\n      <\/div>\n\n      <div class=\"dataChart__div3 minMax\">\n        <div class=\"value\">\n          R$\u00a022,46        <\/div>\n        <div class=\"text\">\n          M\u00e1xima\n        <\/div>\n      <\/div>\n\n\t\t\t<div class=\"dataChart__div4 rightSide\">\n\t\t\t\t<div class=\"analiticaSource\">\n\t\t\t\t\t<span>\n\t\t\t\t\t\tFonte:\n\t\t\t\t\t<\/span>\n\t\t\t\t\t<img decoding=\"async\" class=\"analiticaLogo\" src=\"https:\/\/www.suno.com.br\/noticias\/wp-content\/plugins\/suno-block-ticker-quotation\/src\/suno-analitica-logo.png\" alt=\"Logo Suno Anal\u00edtica\" \/>\n\t\t\t\t<\/div>\n\n\t\t\t\t<a href=\"https:\/\/www.suno.com.br\/analitica\/acoes\/BRKM5\" target=\"_blank\">\n\t\t\t\t\t<span>\n\t\t\t\t\t\tVer mais cota\u00e7\u00f5es\n\t\t\t\t\t<\/span>\n\t\t\t\t\t<svg xmlns=\"http:\/\/www.w3.org\/2000\/svg\" width=\"9\" height=\"8\" viewBox=\"0 0 9 8\" fill=\"none\">\n\t\t\t\t\t\t<path d=\"M4.20996 0L3.50496 0.705L6.29496 3.5H0.209961V4.5H6.29496L3.50496 7.295L4.20996 8L8.20996 4L4.20996 0Z\" fill=\"#D42126\" \/>\n\t\t\t\t\t<\/svg>\n\t\t\t\t<\/a>\n    <\/div>\n\n    <\/div>\n  <\/div>\n<\/div>\n\n\n<script type=\"text\/javascript\">\n  let chart_7a823b8acf8e1bf2a22919fba169f032 = document.getElementById('chart-7a823b8acf8e1bf2a22919fba169f032');\n  let data_json_7a823b8acf8e1bf2a22919fba169f032 = \"[{\\\"date\\\":\\\"29\\\\\\\/08\\\\\\\/23 10:08\\\",\\\"value\\\":22.05},{\\\"date\\\":\\\"29\\\\\\\/08\\\\\\\/23 10:10\\\",\\\"value\\\":22.06},{\\\"date\\\":\\\"29\\\\\\\/08\\\\\\\/23 10:12\\\",\\\"value\\\":21.93},{\\\"date\\\":\\\"29\\\\\\\/08\\\\\\\/23 10:14\\\",\\\"value\\\":22.02},{\\\"date\\\":\\\"29\\\\\\\/08\\\\\\\/23 10:16\\\",\\\"value\\\":21.92},{\\\"date\\\":\\\"29\\\\\\\/08\\\\\\\/23 10:18\\\",\\\"value\\\":21.88},{\\\"date\\\":\\\"29\\\\\\\/08\\\\\\\/23 10:20\\\",\\\"value\\\":21.86},{\\\"date\\\":\\\"29\\\\\\\/08\\\\\\\/23 10:22\\\",\\\"value\\\":21.81},{\\\"date\\\":\\\"29\\\\\\\/08\\\\\\\/23 10:24\\\",\\\"value\\\":21.74},{\\\"date\\\":\\\"29\\\\\\\/08\\\\\\\/23 10:26\\\",\\\"value\\\":21.73},{\\\"date\\\":\\\"29\\\\\\\/08\\\\\\\/23 10:28\\\",\\\"value\\\":21.72},{\\\"date\\\":\\\"29\\\\\\\/08\\\\\\\/23 10:30\\\",\\\"value\\\":21.78},{\\\"date\\\":\\\"29\\\\\\\/08\\\\\\\/23 10:32\\\",\\\"value\\\":21.71},{\\\"date\\\":\\\"29\\\\\\\/08\\\\\\\/23 10:34\\\",\\\"value\\\":21.68},{\\\"date\\\":\\\"29\\\\\\\/08\\\\\\\/23 10:36\\\",\\\"value\\\":21.56},{\\\"date\\\":\\\"29\\\\\\\/08\\\\\\\/23 10:38\\\",\\\"value\\\":21.5},{\\\"date\\\":\\\"29\\\\\\\/08\\\\\\\/23 10:40\\\",\\\"value\\\":21.39},{\\\"date\\\":\\\"29\\\\\\\/08\\\\\\\/23 10:42\\\",\\\"value\\\":21.33},{\\\"date\\\":\\\"29\\\\\\\/08\\\\\\\/23 10:44\\\",\\\"value\\\":21.32},{\\\"date\\\":\\\"29\\\\\\\/08\\\\\\\/23 10:46\\\",\\\"value\\\":21.25},{\\\"date\\\":\\\"29\\\\\\\/08\\\\\\\/23 10:48\\\",\\\"value\\\":21.35},{\\\"date\\\":\\\"29\\\\\\\/08\\\\\\\/23 10:50\\\",\\\"value\\\":21.35},{\\\"date\\\":\\\"29\\\\\\\/08\\\\\\\/23 10:52\\\",\\\"value\\\":21.41},{\\\"date\\\":\\\"29\\\\\\\/08\\\\\\\/23 10:54\\\",\\\"value\\\":21.39},{\\\"date\\\":\\\"29\\\\\\\/08\\\\\\\/23 10:56\\\",\\\"value\\\":21.34},{\\\"date\\\":\\\"29\\\\\\\/08\\\\\\\/23 10:58\\\",\\\"value\\\":21.3},{\\\"date\\\":\\\"29\\\\\\\/08\\\\\\\/23 11:00\\\",\\\"value\\\":21.33},{\\\"date\\\":\\\"29\\\\\\\/08\\\\\\\/23 11:02\\\",\\\"value\\\":21.37},{\\\"date\\\":\\\"29\\\\\\\/08\\\\\\\/23 11:04\\\",\\\"value\\\":21.39},{\\\"date\\\":\\\"29\\\\\\\/08\\\\\\\/23 11:06\\\",\\\"value\\\":21.5},{\\\"date\\\":\\\"29\\\\\\\/08\\\\\\\/23 11:08\\\",\\\"value\\\":21.5},{\\\"date\\\":\\\"29\\\\\\\/08\\\\\\\/23 11:10\\\",\\\"value\\\":21.57},{\\\"date\\\":\\\"29\\\\\\\/08\\\\\\\/23 11:12\\\",\\\"value\\\":21.47},{\\\"date\\\":\\\"29\\\\\\\/08\\\\\\\/23 11:14\\\",\\\"value\\\":21.62},{\\\"date\\\":\\\"29\\\\\\\/08\\\\\\\/23 11:16\\\",\\\"value\\\":21.64},{\\\"date\\\":\\\"29\\\\\\\/08\\\\\\\/23 11:18\\\",\\\"value\\\":21.63},{\\\"date\\\":\\\"29\\\\\\\/08\\\\\\\/23 11:20\\\",\\\"value\\\":21.67},{\\\"date\\\":\\\"29\\\\\\\/08\\\\\\\/23 11:22\\\",\\\"value\\\":21.71},{\\\"date\\\":\\\"29\\\\\\\/08\\\\\\\/23 11:24\\\",\\\"value\\\":21.69},{\\\"date\\\":\\\"29\\\\\\\/08\\\\\\\/23 11:26\\\",\\\"value\\\":21.67},{\\\"date\\\":\\\"29\\\\\\\/08\\\\\\\/23 11:28\\\",\\\"value\\\":21.68},{\\\"date\\\":\\\"29\\\\\\\/08\\\\\\\/23 11:30\\\",\\\"value\\\":21.77},{\\\"date\\\":\\\"29\\\\\\\/08\\\\\\\/23 11:32\\\",\\\"value\\\":21.87},{\\\"date\\\":\\\"29\\\\\\\/08\\\\\\\/23 11:34\\\",\\\"value\\\":21.87},{\\\"date\\\":\\\"29\\\\\\\/08\\\\\\\/23 11:36\\\",\\\"value\\\":21.89},{\\\"date\\\":\\\"29\\\\\\\/08\\\\\\\/23 11:38\\\",\\\"value\\\":21.84},{\\\"date\\\":\\\"29\\\\\\\/08\\\\\\\/23 11:40\\\",\\\"value\\\":21.82},{\\\"date\\\":\\\"29\\\\\\\/08\\\\\\\/23 11:42\\\",\\\"value\\\":21.87},{\\\"date\\\":\\\"29\\\\\\\/08\\\\\\\/23 11:44\\\",\\\"value\\\":21.86},{\\\"date\\\":\\\"29\\\\\\\/08\\\\\\\/23 11:46\\\",\\\"value\\\":21.9},{\\\"date\\\":\\\"29\\\\\\\/08\\\\\\\/23 11:48\\\",\\\"value\\\":21.87},{\\\"date\\\":\\\"29\\\\\\\/08\\\\\\\/23 11:50\\\",\\\"value\\\":21.87},{\\\"date\\\":\\\"29\\\\\\\/08\\\\\\\/23 11:52\\\",\\\"value\\\":21.89},{\\\"date\\\":\\\"29\\\\\\\/08\\\\\\\/23 11:54\\\",\\\"value\\\":21.84},{\\\"date\\\":\\\"29\\\\\\\/08\\\\\\\/23 11:56\\\",\\\"value\\\":21.88},{\\\"date\\\":\\\"29\\\\\\\/08\\\\\\\/23 11:58\\\",\\\"value\\\":21.86},{\\\"date\\\":\\\"29\\\\\\\/08\\\\\\\/23 12:00\\\",\\\"value\\\":21.83},{\\\"date\\\":\\\"29\\\\\\\/08\\\\\\\/23 12:02\\\",\\\"value\\\":21.88},{\\\"date\\\":\\\"29\\\\\\\/08\\\\\\\/23 12:04\\\",\\\"value\\\":21.89},{\\\"date\\\":\\\"29\\\\\\\/08\\\\\\\/23 12:06\\\",\\\"value\\\":21.88},{\\\"date\\\":\\\"29\\\\\\\/08\\\\\\\/23 12:08\\\",\\\"value\\\":21.84},{\\\"date\\\":\\\"29\\\\\\\/08\\\\\\\/23 12:10\\\",\\\"value\\\":22.46},{\\\"date\\\":\\\"29\\\\\\\/08\\\\\\\/23 12:12\\\",\\\"value\\\":22.46}]\";\n  let isPositive_7a823b8acf8e1bf2a22919fba169f032 = true;\n\n  let color_7a823b8acf8e1bf2a22919fba169f032 = isPositive_7a823b8acf8e1bf2a22919fba169f032 ? '#3AB53A' : '#D92C2D';\n\n  let data_7a823b8acf8e1bf2a22919fba169f032 = JSON.parse(data_json_7a823b8acf8e1bf2a22919fba169f032);\n\n  const result_7a823b8acf8e1bf2a22919fba169f032 = {\n    date: [],\n    value: [],\n  };\n\n  data_7a823b8acf8e1bf2a22919fba169f032.forEach((item) => {\n    result_7a823b8acf8e1bf2a22919fba169f032.date.push(item.date);\n    result_7a823b8acf8e1bf2a22919fba169f032.value.push(Number(item.value));\n  });\n\n  let option_7a823b8acf8e1bf2a22919fba169f032 = {\n    \/\/ variavel de cor global\n    color: [color_7a823b8acf8e1bf2a22919fba169f032],\n    title: {\n      text: '',\n    },\n    tooltip: {\n      trigger: 'axis',\n      axisPointer: {\n        type: 'cross',\n        label: {\n          \/\/ cor dos valores em X e Y\n          backgroundColor: color_7a823b8acf8e1bf2a22919fba169f032,\n          formatter: (value) => {\n            if (typeof value.value === 'number') {\n              return Number(value.value).toLocaleString('pt-br', {\n                style: 'currency',\n                currency: 'BRL'\n              });\n            }\n            return value.value;\n          },\n        },\n      },\n      valueFormatter: (value) => Number(value).toLocaleString('pt-br', {\n        style: 'currency',\n        currency: 'BRL'\n      }),\n    },\n    legend: {\n      \/\/ data: ['Valor de Fechamento'],\n      show: false,\n    },\n    toolbox: {\n      feature: {\n        saveAsImage: {\n          show: false,\n        },\n      },\n    },\n    grid: {\n      left: '0px',\n      right: '0px',\n      bottom: '0px',\n      containLabel: true,\n    },\n    xAxis: [{\n      type: 'category',\n      data: result_7a823b8acf8e1bf2a22919fba169f032.date,\n      boundaryGap: true,\n    }],\n    yAxis: [{\n      type: 'value',\n      min: Math.min(...result_7a823b8acf8e1bf2a22919fba169f032.value),\n      max: Math.max(...result_7a823b8acf8e1bf2a22919fba169f032.value),\n      axisLabel: {\n        formatter: (value) => value.toLocaleString('pt-br', {\n          style: 'currency',\n          currency: 'BRL'\n        }),\n      },\n    }],\n    series: [{\n      name: 'Valor de Fechamento',\n      type: 'line',\n      stack: 'Total',\n      \/\/ cor do grafico\n      areaStyle: {},\n      emphasis: {\n        focus: 'series',\n      },\n      data: result_7a823b8acf8e1bf2a22919fba169f032.value,\n      \/\/ cor da linha\n      lineStyle: {\n        color: color_7a823b8acf8e1bf2a22919fba169f032,\n      },\n    }, ],\n  };\n\n\twindow.chart_7a823b8acf8e1bf2a22919fba169f032 = {\n\t\tel: chart_7a823b8acf8e1bf2a22919fba169f032,\n\t\toption: option_7a823b8acf8e1bf2a22919fba169f032\t};\n\n\n<\/script>\n\n\n\n<p>O fato de os pap\u00e9is terem despencado hoje est\u00e1 associado \u00e0 deteriora\u00e7\u00e3o do <strong>setor petroqu\u00edmico<\/strong>. O rebaixamento foi baseado nos fundamentos da empresa, tendo como refer\u00eancia tamb\u00e9m uma revis\u00e3o para baixo nos <strong>lucros da Braskem<\/strong>.<\/p>\n\n\n\n<p>\u201cDesde o in\u00edcio de fevereiro, houve uma deteriora\u00e7\u00e3o significativa das principais perspectivas de spread\u201d, diz o documento elaborado pelo <strong>UBS-BB<\/strong>.<\/p>\n\n\n\t<p>\n\t\t<a href=\"https:\/\/lp.suno.com.br\/ebook-como-analisar-uma-acao\/\" target=\"_blank\" data-element=\"shortcode-suno-banner\" title=\"Banner SUNO, clique e saiba mais\">\n\t\t\t<picture>\n\t\t\t\t<source media=\"(max-width: 500px)\" srcset=\"https:\/\/files.sunoresearch.com.br\/n\/uploads\/2023\/03\/Ebook-Acoes-Mobile.jpg\">\n\t\t\t\t<img class=\"newsContent__article__imgCapa newsContent__article__imgCapa--banner\"\n\t\t\t\t\tsrc=\"https:\/\/files.sunoresearch.com.br\/n\/uploads\/2023\/03\/Ebook-Acoes-Desktop.jpg\"\n\t\t\t\t\tdata-promo-id=\"378302\"\t\t\t\t\t\t\t\t\t\twidth='1420' height='286'\t\t\t\t\talt=\"https:\/\/files.sunoresearch.com.br\/n\/uploads\/2023\/03\/Ebook-Acoes-Desktop.jpg\"\n\t\t\t\t>\n\t\t\t<\/picture>\n\t\t<\/a>\n\t<\/p>\n\n\n\n\n\n<p>O relat\u00f3rio do <strong>banco su\u00ed\u00e7o i<\/strong>nforma, por exemplo, que em 2023-24 o <strong>polipropileno<\/strong> est\u00e1 com um spread de cerca de 30% abaixo da m\u00e9dia hist\u00f3rica, com valor de US$ 441\/tonelada. A queda \u00e9 observada tamb\u00e9m em outros produtos.<\/p>\n\n\n\n<p>\u201cN\u00e3o acreditamos que um acordo avance a <a class=\"suno-keyword\" target=\"_blank\" data-force=\"no\" data-priority=\"1\" href=\"https:\/\/www.suno.com.br\/artigos\/curto-prazo\/\" rel=\"noopener\">curto prazo<\/a>, embora n\u00e3o possamos descartar totalmente a possibilidade. Poder\u00e1 ainda haver ramifica\u00e7\u00f5es nas discuss\u00f5es, com v\u00e1rios resultados potenciais, incluindo a aus\u00eancia de acordo\u201d, aponta o relat\u00f3rio da USB BB sobre uma poss\u00edvel mudan\u00e7a na estrutura acionista da Braskem.<\/p>\n\n\n\n<p>A Braskem tenta ainda solucionar outra crise. Em 2018 houve danifica\u00e7\u00e3o e rachaduras do solo em Macei\u00f3, o que desalojou mais de 50 mil pessoas. Em julho deste ano a Braskem fez um acordo de R$ 1,7 bilh\u00e3o com a prefeitura da capital alagoana pelo incidente.<\/p>\n\n\n\n<p>A Braskem \u00e9 uma empresa brasileira que possui unidades no exterior (Estados Unidos, Alemanha e M\u00e9xico). Ela \u00e9 produtora de resinas termopl\u00e1sticas e est\u00e1 no mercado desde 2002. A capacidade de produ\u00e7\u00e3o \u00e9 de mais de 20 milh\u00f5es de toneladas de petroqu\u00edmicos e produtos qu\u00edmicos por ano.<\/p>\n\n\n\n<h2 class=\"wp-block-heading\">Braskem: mesmo no \u201cpior <a class=\"suno-keyword\" target=\"_blank\" data-force=\"no\" data-priority=\"1\" href=\"https:\/\/www.suno.com.br\/artigos\/ciclo-economico\/\" rel=\"noopener\">ciclo econ\u00f4mico<\/a>\u201d, analistas da Guide veem valoriza\u00e7\u00e3o das a\u00e7\u00f5es<\/h2>\n\n\n\n<p>A&nbsp;<strong>Braskem&nbsp;<\/strong>est\u00e1 no pior momento do&nbsp;<a href=\"https:\/\/www.suno.com.br\/artigos\/ciclo-economico\/\" target=\"_blank\" rel=\"noreferrer noopener\">ciclo econ\u00f4mico<\/a>&nbsp;petroqu\u00edmico, diz a Guide Investimento. Apesar desta fase, os analistas acreditam que existe um potencial de upside, recomendando a compra das a\u00e7\u00f5es da companhia.<\/p>\n\n\n\n<p>A Braskem encontra-se no pior momento do&nbsp;<a href=\"https:\/\/www.suno.com.br\/artigos\/ciclo-economico\/\" target=\"_blank\" rel=\"noreferrer noopener\">ciclo econ\u00f4mico<\/a>&nbsp;petroqu\u00edmico, com o spread de seus produtos abaixo da m\u00e9dia hist\u00f3rica. No entanto, v\u00e1rias empresas t\u00eam feito propostas para comprar a participa\u00e7\u00e3o da Novonor na Braskem, o que pode beneficiar os acionistas\u201d, diz a Guide.<\/p>\n\n\n\n<p>Segundo analistas, a venda tem 50% de probabilidade de ocorrer, mas pode ser impedida pela aliena\u00e7\u00e3o fiduci\u00e1ria das&nbsp;<strong>a\u00e7\u00f5es da Braskem<\/strong>&nbsp;e pela participa\u00e7\u00e3o da&nbsp;<a href=\"https:\/\/www.suno.com.br\/acoes\/PETR4\/\" target=\"_blank\" rel=\"noreferrer noopener\">Petrobras (PETR4)<\/a>.<\/p>\n\n\n\n<p>Com base no hist\u00f3rico de 10 anos, diz a Guide, todos os spreads relevantes para Braskem est\u00e3o relativamente com as m\u00e9dias em valores baixos. \u201cEspera-se que nesse ambiente as margens das petroqu\u00edmicas sejam pressionadas. Por outro lado, pode ser que as a\u00e7\u00f5es estejam descontadas em fun\u00e7\u00e3o do momento.\u201d<\/p>\n\n\n\n<p>Por\u00e9m, a casa v\u00ea um desconto muito atrativo nas a\u00e7\u00f5es da Braskem, comparando a seus pares, recomendando compra, ao pre\u00e7o-alvo de e R$ 30.<\/p>\n\n\n\n<h2 class=\"wp-block-heading\">Braskem: pior momento com alta de juros e baixos spreads, diz Guide<\/h2>\n\n\n\n<p>Al\u00e9m disso, a Guide afirma que as&nbsp;<strong>petroqu\u00edmicas<\/strong>&nbsp;est\u00e3o no pior momento do ciclo devido \u00e0s altas taxas b\u00e1sicas de juros e os baixos spreads. Para a equipe da Guide, isso se comprova pela baixa&nbsp;<a href=\"https:\/\/www.suno.com.br\/artigos\/margem-ebitda\/\" target=\"_blank\" rel=\"noreferrer noopener\">margem Ebitda<\/a>&nbsp;das petroqu\u00edmicas.<\/p>\n\n\n\n<p>O mercado j\u00e1 prev\u00ea uma recupera\u00e7\u00e3o de suas rentabilidades. Contudo, ser\u00e1 bem lenta, visto que at\u00e9 julho de 2024 n\u00e3o atingiram a m\u00e9dia hist\u00f3rica.<\/p>\n\n\n\n<h2 class=\"wp-block-heading\">Caso de Alagoas<\/h2>\n\n\n\n<p>Segundo a Guide, j\u00e1 poss\u00edvel quantificar o impacto dessa cat\u00e1strofe. No&nbsp;<a href=\"https:\/\/www.suno.com.br\/artigos\/passivo-circulante\/\" target=\"_blank\" rel=\"noreferrer noopener\">passivo circulante<\/a>, a provis\u00e3o de gastos em alagoas totaliza R$ 4 bilh\u00f5es enquanto no passivo n\u00e3o-circulante chega a R$ 1,9 bilh\u00e3o.<\/p>\n\n\n\n<p>O market cap da Braskem vale aproximadamente R$ 20 bilh\u00f5es. O valor total provisionado equivale a 20% do&nbsp;<a target=\"_blank\" href=\"https:\/\/www.suno.com.br\/artigos\/valor-de-mercado\/\" rel=\"noreferrer noopener\">valor de mercado<\/a>&nbsp;da companhia.<\/p>\n\n\n\n<p>\u201cEmbora possa parecer algo relevante, visto que ele j\u00e1 foi quantificado, ele j\u00e1 incorpora muito bem o valor de negocia\u00e7\u00e3o da Braskem. No nosso ponto de vista, n\u00e3o haver\u00e1 mais disp\u00eandios devido a essa cat\u00e1strofe\u201d, diz a Guide.<\/p>\n\n\n\n<p>A&nbsp;<a href=\"https:\/\/www.suno.com.br\/acoes\/BRKM5\/\" target=\"_blank\" rel=\"noreferrer noopener\"><strong>Braskem<\/strong>&nbsp;(BRKM5)<\/a>&nbsp;fechou um acordo de R$ 1,7 bilh\u00e3o com o Munic\u00edpio de Macei\u00f3, segundo&nbsp;<a href=\"https:\/\/www.suno.com.br\/artigos\/fato-relevante\/\" target=\"_blank\" rel=\"noreferrer noopener\">fato relevante<\/a>&nbsp;divulgado em julho.<\/p>\n\n\n\n<p>De acordo com o comunicado da Braskem, dessa cifra ser\u00e3o cerca de R$ 700 milh\u00f5es j\u00e1 haviam sido provisionados pela empresa em exerc\u00edcios anteriores.<\/p>\n\n\n\n<p>\u201cO Termo de Acordo Global estabelece a indeniza\u00e7\u00e3o, compensa\u00e7\u00e3o e ressarcimento integral do Munic\u00edpio de Macei\u00f3 em rela\u00e7\u00e3o a todo e qualquer dano patrimonial e extrapatrimonial por ele suportado, e est\u00e1 sujeito \u00e0 homologa\u00e7\u00e3o judicial\u201d, diz o <a class=\"suno-keyword\" target=\"_blank\" data-force=\"no\" data-priority=\"1\" href=\"https:\/\/www.suno.com.br\/artigos\/fato-relevante\/\" rel=\"noopener\">fato relevante<\/a>.<\/p>\n\n\n\n<p>O valor deve compensar perdas arrecadat\u00f3rias que ao munic\u00edpio teve com o problema geol\u00f3gico, segundo informa\u00e7\u00f5es do Valor Econ\u00f4mico.<\/p>\n\n\n\n<h2 class=\"wp-block-heading\">Governador de Alagoas pediu ao TCU suspens\u00e3o da venda da petroqu\u00edmica<\/h2>\n\n\n\n<p>O governador de Alagoas, Paulo Dantas, foi a Bras\u00edlia em 26 de julho e pediu a suspens\u00e3o da poss\u00edvel venda da&nbsp;<strong>Braskem (BRKM5)<\/strong>&nbsp;para o ministro do Tribunal de Contas da Uni\u00e3o (TCU), Aroldo Cedraz, relator da representa\u00e7\u00e3o encaminhada pelo governo estadual e pelo Senado Federal, que contesta os acordos financeiros firmados pela petroqu\u00edmica<\/p>\n\n\n\n<p>De acordo com nota do&nbsp;<strong>governo de Alagoas<\/strong>, o neg\u00f3cio prejudicaria diretamente os moradores das regi\u00f5es atingidas pelo afundamento do solo em 2018, decorrente das atividades de explora\u00e7\u00e3o de&nbsp;<strong>sal-gema pela Braskem<\/strong>.<\/p>\n\n\n\n<p>O governador de Alagoas afirmou que o Estado foi prejudicado pela&nbsp;<strong>explora\u00e7\u00e3o da mineradora<\/strong>&nbsp;e disse que \u00e9 necess\u00e1rio que os danos causados ao governo sejam observados nas negocia\u00e7\u00f5es para a venda da empresa. \u201cO estado foi impactado diretamente com a perda de postos de sa\u00fade e escolas desativadas, um hospital psiqui\u00e1trico e uma central da Samu, al\u00e9m de uma perda brutal de arrecada\u00e7\u00e3o do ICMS daquela regi\u00e3o\u201d, explicou.<\/p>\n\n\n\n<h2 class=\"wp-block-heading\">Acordo com a prefeitura de Macei\u00f3<\/h2>\n\n\n\n<p>Durante o encontro com o ministro Aroldo Cedraz, o governador de Alagoas criticou o acordo firmado entre a&nbsp;<strong>prefeitura de Macei\u00f3 e a Braskem<\/strong>. Anunciado na \u00faltima sexta-feira, 21, a negocia\u00e7\u00e3o entre o munic\u00edpio e a petroqu\u00edmica prev\u00ea o pagamento de R$ 1,7 bilh\u00e3o pelos danos ambientais provocados pelo desastre.<\/p>\n\n\n\n<p>De acordo com o governo de Alagoas, Dantas teria dito que, pelo acordo, a empresa pode comercializar as \u00e1reas e im\u00f3veis caso consiga estabilizar o terreno, o que proporcionaria um lucro de R$ 50 bilh\u00f5es em vinte anos.<\/p>\n\n\n\n<p>\u201c\u00c9 o maior case imobili\u00e1rio especulativo do mundo. A empresa que cometeu um crime ambiental sem precedentes pode lucrar bilh\u00f5es de reais em alguns anos. O acordo simplesmente faz o causador do desastre lucrar, e a v\u00edtima, pagar o pre\u00e7o\u201d, afirmou o governador.<\/p>\n\n\n\n<h2 class=\"wp-block-heading\">Compra da Braskem<\/h2>\n\n\n\n<p>V\u00e1rias empresas demonstraram interesse em comprar&nbsp;<strong>parcela da Braskem<\/strong>. Para a Guide, a transfer\u00eancia da participa\u00e7\u00e3o ativaria o direito de&nbsp;<a href=\"https:\/\/www.suno.com.br\/artigos\/tag-along\/\" target=\"_blank\" rel=\"noreferrer noopener\">tag along<\/a>&nbsp;para todos os acionistas, o que seria muito ben\u00e9fico, pois o pre\u00e7o do neg\u00f3cio provavelmente seria maior que o atual pre\u00e7o de mercado de a\u00e7\u00f5es.<\/p>\n\n\n\n<p>\u201cA Novonor, na nossa vis\u00e3o, tem grandes chances de se desfazer da sua parcela, pois a companhia est\u00e1 atualmente endividada e em recupera\u00e7\u00e3o judicial\u201d, explicam analistas.<\/p>\n\n\n\n<p>Por\u00e9m, para a<strong>&nbsp;venda da participa\u00e7\u00e3o da Novonor<\/strong>&nbsp;ser fechada, os seus credores teriam que aceit\u00e1-la.<\/p>\n\n\n\n<p>A Guide destaca quatro desfechos poss\u00edveis da Novonor:<\/p>\n\n\n\n<ul class=\"wp-block-list\">\n<li>Venda de sua participa\u00e7\u00e3o e a Petrobras exerce seu direito de prefer\u00eancia.<\/li>\n\n\n\n<li>Venda de sua participa\u00e7\u00e3o e a Petrobras n\u00e3o exerce seu direito de prefer\u00eancia<\/li>\n\n\n\n<li>Venda sua participa\u00e7\u00e3o e Petrobras opta por tag along na transa\u00e7\u00e3o de venda<\/li>\n\n\n\n<li>Nenhum acordo \u00e9 fechado.<\/li>\n<\/ul>\n\n\n\n<h2 class=\"wp-block-heading\">Braskem reduz preju\u00edzo no segundo trimestre em 45%<\/h2>\n\n\n\n<p>A&nbsp;<a target=\"_blank\" href=\"https:\/\/www.suno.com.br\/acoes\/BRKM5\/\" rel=\"noreferrer noopener\">Braskem (BRKM5)<\/a>&nbsp;anotou preju\u00edzo l\u00edquido de R$ 771 milh\u00f5es no segundo trimestre de de 2023 (2T23), representando uma baixa de 45% contra igual etapa do ano anterior, quando registrou perdas de R$ 1,406 bilh\u00e3o.<\/p>\n\n\n\n<p>O Ebitda recorrente totalizou R$ 703 milh\u00f5es no 2T23, baixa de 82% na base anual.<\/p>\n\n\n\n<p>A&nbsp;<a href=\"https:\/\/www.suno.com.br\/artigos\/o-que-receita-liquida\/\" target=\"_blank\" rel=\"noreferrer noopener\">receita l\u00edquida<\/a>&nbsp;de vendas, por sua vez, caiu 30% ante igual etapa no ano anterior, para atuais R$ 17,7 bilh\u00f5es.<\/p>\n\n\n\n<p>O&nbsp;<strong>resultado da Braskem<\/strong>&nbsp;mostrou tamb\u00e9m que o&nbsp;<a href=\"https:\/\/www.suno.com.br\/artigos\/resultado-financeiro\/\" target=\"_blank\" rel=\"noreferrer noopener\">resultado financeiro<\/a>&nbsp;ficou positivo em R$ 161 milh\u00f5es, ante resultado negativo de R$ 3,39 bilh\u00f5es apurado em igual per\u00edodo de 2022.<\/p>\n\n\n\n<p>O saldo da&nbsp;<a href=\"https:\/\/www.suno.com.br\/artigos\/divida-bruta\/\" target=\"_blank\" rel=\"noreferrer noopener\">d\u00edvida bruta<\/a>&nbsp;da&nbsp;<strong>Braskem no 2T23<\/strong>&nbsp;fechou em US$ 8,9 bilh\u00f5es, com 95% dos vencimentos sendo de&nbsp;<a href=\"https:\/\/www.suno.com.br\/artigos\/longo-prazo\/\" target=\"_blank\" rel=\"noreferrer noopener\">longo prazo<\/a>&nbsp;e 5% de&nbsp;<a target=\"_blank\" href=\"https:\/\/www.suno.com.br\/artigos\/longo-prazo\/\" rel=\"noreferrer noopener\">longo prazo<\/a>.<\/p>\n\n\n\n<p>A&nbsp;<a href=\"https:\/\/www.suno.com.br\/artigos\/divida-liquida\/\" target=\"_blank\" rel=\"noreferrer noopener\">d\u00edvida l\u00edquida<\/a>&nbsp;ajustada, por sua vez, foi de US$ 4,6 bilh\u00f5es, est\u00e1vel em rela\u00e7\u00e3o ao trimestre imediatamente anterior.<\/p>\n\n\n\n<p>Al\u00e9m disso, a Braskem investiu cerca de US$ 344 milh\u00f5es (R$ 1,7 bilh\u00e3o) no primeiro semestre deste ano. Para o total deste ano, a proje\u00e7\u00e3o \u00e9 de que a empresa invista US$ 724 milh\u00f5es (R$ 4,0 bilh\u00f5es).<\/p>\n\n\n\n<p><strong>*Com Soraya Utsumi<\/strong><\/p>\n\n\n\t<p>\n\t\t<a href=\"https:\/\/lp.suno.com.br\/planilha-da-vida-financeira\/\" target=\"_blank\" data-element=\"shortcode-suno-banner\" title=\"Banner SUNO, clique e saiba mais\">\n\t\t\t<picture>\n\t\t\t\t<source media=\"(max-width: 500px)\" srcset=\"https:\/\/files.sunoresearch.com.br\/n\/uploads\/2023\/04\/400x300-Planilha-vida-financeira-true.png\">\n\t\t\t\t<img class=\"newsContent__article__imgCapa newsContent__article__imgCapa--banner\"\n\t\t\t\t\tsrc=\"https:\/\/files.sunoresearch.com.br\/n\/uploads\/2023\/04\/1420x240-Planilha-vida-financeira-true.png\"\n\t\t\t\t\tdata-promo-id=\"383123\"\t\t\t\t\t\t\t\t\t\twidth='1420' height='240'\t\t\t\t\talt=\"https:\/\/files.sunoresearch.com.br\/n\/uploads\/2023\/04\/1420x240-Planilha-vida-financeira-true.png\"\n\t\t\t\t>\n\t\t\t<\/picture>\n\t\t<\/a>\n\t<\/p>\n\n\n","protected":false},"excerpt":{"rendered":"<p>As a\u00e7\u00f5es da Braskem (BRKM5) ca\u00edram nesta ter\u00e7a-feira (29) ap\u00f3s divulga\u00e7\u00e3o de relat\u00f3rio do banco UBS BB, que reduz o pre\u00e7o-alvo da empresa de R$ 26 para R$ 20. Al\u00e9m disso, a UBS rebaixou a recomenda\u00e7\u00e3o de neutra para venda. Braskem &#8211; Foto: Reprodu\u00e7\u00e3o\/ Twitter Quando a recomenda\u00e7\u00e3o \u00e9 neutra, significa que os investidores devem [&hellip;]<\/p>\n","protected":false},"author":43,"featured_media":420051,"comment_status":"closed","ping_status":"closed","sticky":false,"template":"","format":"standard","meta":[],"categories":[64],"tags":[],"suno_strategy":[],"class_list":["post-448900","post","type-post","status-publish","format-standard","has-post-thumbnail","hentry","category-negocios"],"yoast_head":"<!-- This site is optimized with the Yoast SEO plugin v24.4 - https:\/\/yoast.com\/wordpress\/plugins\/seo\/ -->\n<title>Braskem (BRKM5): banco reduz pre\u00e7o-alvo e rebaixa recomenda\u00e7\u00e3o<\/title>\n<meta name=\"description\" content=\"As a\u00e7\u00f5es da Braskem (BRKM5) ca\u00edram nesta ter\u00e7a-feira (29) ap\u00f3s divulga\u00e7\u00e3o de relat\u00f3rio do banco UBS BB, que reduz o pre\u00e7o-alvo da empresa\" \/>\n<meta name=\"robots\" content=\"index, follow, max-snippet:-1, max-image-preview:large, max-video-preview:-1\" \/>\n<link rel=\"canonical\" href=\"https:\/\/www.suno.com.br\/noticias\/braskem-brkm5-recomendacao-preco-alvo-reducao\/\" \/>\n<meta property=\"og:locale\" content=\"pt_BR\" \/>\n<meta property=\"og:type\" content=\"article\" \/>\n<meta property=\"og:title\" content=\"Braskem (BRKM5): banco reduz pre\u00e7o-alvo e rebaixa recomenda\u00e7\u00e3o\" \/>\n<meta property=\"og:description\" content=\"As a\u00e7\u00f5es da Braskem (BRKM5) ca\u00edram nesta ter\u00e7a-feira (29) ap\u00f3s divulga\u00e7\u00e3o de relat\u00f3rio do banco UBS BB, que reduz o pre\u00e7o-alvo da empresa\" \/>\n<meta property=\"og:url\" content=\"https:\/\/www.suno.com.br\/noticias\/braskem-brkm5-recomendacao-preco-alvo-reducao\/\" \/>\n<meta property=\"og:site_name\" content=\"Suno Not\u00edcias\" \/>\n<meta property=\"article:publisher\" content=\"https:\/\/facebook.com\/sunoresearch\" \/>\n<meta property=\"article:author\" content=\"https:\/\/www.facebook.com\/sunonoticias\/\" \/>\n<meta property=\"og:image\" content=\"https:\/\/files.sunoresearch.com.br\/n\/uploads\/2023\/06\/braskem-brkm5-polo-petroquimico-abc-explosao-1.jpg\" \/>\n\t<meta property=\"og:image:width\" content=\"1200\" \/>\n\t<meta property=\"og:image:height\" content=\"800\" \/>\n\t<meta property=\"og:image:type\" content=\"image\/jpeg\" \/>\n<meta name=\"author\" content=\"Reda\u00e7\u00e3o Suno Not\u00edcias\" \/>\n<meta name=\"twitter:card\" content=\"summary_large_image\" \/>\n<meta name=\"twitter:creator\" content=\"@https:\/\/twitter.com\/sunoresearch\" \/>\n<meta name=\"twitter:site\" content=\"@sunoresearch\" \/>\n<meta name=\"twitter:label1\" content=\"Escrito por\" \/>\n\t<meta name=\"twitter:data1\" content=\"Reda\u00e7\u00e3o Suno Not\u00edcias\" \/>\n\t<meta name=\"twitter:label2\" content=\"Est. tempo de leitura\" \/>\n\t<meta name=\"twitter:data2\" content=\"9 minutos\" \/>\n<script type=\"application\/ld+json\" class=\"yoast-schema-graph\">{\"@context\":\"https:\/\/schema.org\",\"@graph\":[{\"@type\":\"NewsArticle\",\"@id\":\"https:\/\/www.suno.com.br\/noticias\/braskem-brkm5-recomendacao-preco-alvo-reducao\/#article\",\"isPartOf\":{\"@id\":\"https:\/\/www.suno.com.br\/noticias\/braskem-brkm5-recomendacao-preco-alvo-reducao\/\"},\"author\":{\"name\":\"Reda\u00e7\u00e3o Suno Not\u00edcias\",\"@id\":\"https:\/\/www.suno.com.br\/noticias\/#\/schema\/person\/c1b1bd3727fa852bd045e9dbff3673ea\"},\"headline\":\"Braskem (BRKM5): banco reduz pre\u00e7o-alvo e rebaixa recomenda\u00e7\u00e3o; a\u00e7\u00f5es caem\",\"datePublished\":\"2023-08-29T21:05:53+00:00\",\"dateModified\":\"2023-08-29T22:49:23+00:00\",\"mainEntityOfPage\":{\"@id\":\"https:\/\/www.suno.com.br\/noticias\/braskem-brkm5-recomendacao-preco-alvo-reducao\/\"},\"wordCount\":1673,\"publisher\":{\"@id\":\"https:\/\/www.suno.com.br\/noticias\/#organization\"},\"image\":{\"@id\":\"https:\/\/www.suno.com.br\/noticias\/braskem-brkm5-recomendacao-preco-alvo-reducao\/#primaryimage\"},\"thumbnailUrl\":\"https:\/\/files.sunoresearch.com.br\/n\/uploads\/2023\/06\/braskem-brkm5-polo-petroquimico-abc-explosao-1.jpg\",\"articleSection\":[\"Neg\u00f3cios\"],\"inLanguage\":\"pt-BR\"},{\"@type\":\"WebPage\",\"@id\":\"https:\/\/www.suno.com.br\/noticias\/braskem-brkm5-recomendacao-preco-alvo-reducao\/\",\"url\":\"https:\/\/www.suno.com.br\/noticias\/braskem-brkm5-recomendacao-preco-alvo-reducao\/\",\"name\":\"Braskem (BRKM5): banco reduz pre\u00e7o-alvo e rebaixa recomenda\u00e7\u00e3o\",\"isPartOf\":{\"@id\":\"https:\/\/www.suno.com.br\/noticias\/#website\"},\"primaryImageOfPage\":{\"@id\":\"https:\/\/www.suno.com.br\/noticias\/braskem-brkm5-recomendacao-preco-alvo-reducao\/#primaryimage\"},\"image\":{\"@id\":\"https:\/\/www.suno.com.br\/noticias\/braskem-brkm5-recomendacao-preco-alvo-reducao\/#primaryimage\"},\"thumbnailUrl\":\"https:\/\/files.sunoresearch.com.br\/n\/uploads\/2023\/06\/braskem-brkm5-polo-petroquimico-abc-explosao-1.jpg\",\"datePublished\":\"2023-08-29T21:05:53+00:00\",\"dateModified\":\"2023-08-29T22:49:23+00:00\",\"description\":\"As a\u00e7\u00f5es da Braskem (BRKM5) ca\u00edram nesta ter\u00e7a-feira (29) ap\u00f3s divulga\u00e7\u00e3o de relat\u00f3rio do banco UBS BB, que reduz o pre\u00e7o-alvo da empresa\",\"breadcrumb\":{\"@id\":\"https:\/\/www.suno.com.br\/noticias\/braskem-brkm5-recomendacao-preco-alvo-reducao\/#breadcrumb\"},\"inLanguage\":\"pt-BR\",\"potentialAction\":[{\"@type\":\"ReadAction\",\"target\":[\"https:\/\/www.suno.com.br\/noticias\/braskem-brkm5-recomendacao-preco-alvo-reducao\/\"]}]},{\"@type\":\"ImageObject\",\"inLanguage\":\"pt-BR\",\"@id\":\"https:\/\/www.suno.com.br\/noticias\/braskem-brkm5-recomendacao-preco-alvo-reducao\/#primaryimage\",\"url\":\"https:\/\/files.sunoresearch.com.br\/n\/uploads\/2023\/06\/braskem-brkm5-polo-petroquimico-abc-explosao-1.jpg\",\"contentUrl\":\"https:\/\/files.sunoresearch.com.br\/n\/uploads\/2023\/06\/braskem-brkm5-polo-petroquimico-abc-explosao-1.jpg\",\"width\":1200,\"height\":800,\"caption\":\"Braskem - Foto: Reprodu\u00e7\u00e3o\/ Twitter\"},{\"@type\":\"BreadcrumbList\",\"@id\":\"https:\/\/www.suno.com.br\/noticias\/braskem-brkm5-recomendacao-preco-alvo-reducao\/#breadcrumb\",\"itemListElement\":[{\"@type\":\"ListItem\",\"position\":1,\"name\":\"Not\u00edcias\",\"item\":\"https:\/\/www.suno.com.br\/noticias\/\"},{\"@type\":\"ListItem\",\"position\":2,\"name\":\"Neg\u00f3cios\",\"item\":\"https:\/\/www.suno.com.br\/noticias\/negocios\/\"},{\"@type\":\"ListItem\",\"position\":3,\"name\":\"Braskem (BRKM5): banco reduz pre\u00e7o-alvo e rebaixa recomenda\u00e7\u00e3o; a\u00e7\u00f5es caem\"}]},{\"@type\":\"WebSite\",\"@id\":\"https:\/\/www.suno.com.br\/noticias\/#website\",\"url\":\"https:\/\/www.suno.com.br\/noticias\/\",\"name\":\"Suno Not\u00edcias\",\"description\":\"Seu portal de informa\u00e7\u00e3o sobre o mundo dos investimentos\",\"publisher\":{\"@id\":\"https:\/\/www.suno.com.br\/noticias\/#organization\"},\"potentialAction\":[{\"@type\":\"SearchAction\",\"target\":{\"@type\":\"EntryPoint\",\"urlTemplate\":\"https:\/\/www.suno.com.br\/noticias\/?s={search_term_string}\"},\"query-input\":{\"@type\":\"PropertyValueSpecification\",\"valueRequired\":true,\"valueName\":\"search_term_string\"}}],\"inLanguage\":\"pt-BR\"},{\"@type\":\"Organization\",\"@id\":\"https:\/\/www.suno.com.br\/noticias\/#organization\",\"name\":\"Suno Not\u00edcias\",\"url\":\"https:\/\/www.suno.com.br\/noticias\/\",\"logo\":{\"@type\":\"ImageObject\",\"inLanguage\":\"pt-BR\",\"@id\":\"https:\/\/www.suno.com.br\/noticias\/#\/schema\/logo\/image\/\",\"url\":\"https:\/\/files.sunoresearch.com.br\/n\/uploads\/2021\/09\/suno-logo.png\",\"contentUrl\":\"https:\/\/files.sunoresearch.com.br\/n\/uploads\/2021\/09\/suno-logo.png\",\"width\":180,\"height\":180,\"caption\":\"Suno Not\u00edcias\"},\"image\":{\"@id\":\"https:\/\/www.suno.com.br\/noticias\/#\/schema\/logo\/image\/\"},\"sameAs\":[\"https:\/\/facebook.com\/sunoresearch\",\"https:\/\/x.com\/sunoresearch\",\"https:\/\/www.instagram.com\/suno\",\"https:\/\/www.linkedin.com\/company\/suno-research\/\",\"https:\/\/www.youtube.com\/c\/sunoresearch\"]},{\"@type\":\"Person\",\"@id\":\"https:\/\/www.suno.com.br\/noticias\/#\/schema\/person\/c1b1bd3727fa852bd045e9dbff3673ea\",\"name\":\"Reda\u00e7\u00e3o Suno Not\u00edcias\",\"image\":{\"@type\":\"ImageObject\",\"inLanguage\":\"pt-BR\",\"@id\":\"https:\/\/www.suno.com.br\/noticias\/#\/schema\/person\/image\/\",\"url\":\"https:\/\/secure.gravatar.com\/avatar\/b8104b9b5a71985d5238ee59fbe418af?s=96&r=g\",\"contentUrl\":\"https:\/\/secure.gravatar.com\/avatar\/b8104b9b5a71985d5238ee59fbe418af?s=96&r=g\",\"caption\":\"Reda\u00e7\u00e3o Suno Not\u00edcias\"},\"description\":\"O Suno Not\u00edcias \u00e9 um portal de informa\u00e7\u00f5es sobre Mercado Financeiro, Pol\u00edtica, Neg\u00f3cios, Economia e Finan\u00e7as Pessoais.\",\"sameAs\":[\"https:\/\/www.suno.com.br\/noticias\",\"https:\/\/www.facebook.com\/sunonoticias\/\",\"https:\/\/www.instagram.com\/sunonoticias\/\",\"https:\/\/x.com\/https:\/\/twitter.com\/sunoresearch\",\"https:\/\/www.youtube.com\/sunonoticias\"],\"url\":\"https:\/\/www.suno.com.br\/noticias\/author\/redacao-suno\/\"}]}<\/script>\n<!-- \/ Yoast SEO plugin. -->","yoast_head_json":{"title":"Braskem (BRKM5): banco reduz pre\u00e7o-alvo e rebaixa recomenda\u00e7\u00e3o","description":"As a\u00e7\u00f5es da Braskem (BRKM5) ca\u00edram nesta ter\u00e7a-feira (29) ap\u00f3s divulga\u00e7\u00e3o de relat\u00f3rio do banco UBS BB, que reduz o pre\u00e7o-alvo da empresa","robots":{"index":"index","follow":"follow","max-snippet":"max-snippet:-1","max-image-preview":"max-image-preview:large","max-video-preview":"max-video-preview:-1"},"canonical":"https:\/\/www.suno.com.br\/noticias\/braskem-brkm5-recomendacao-preco-alvo-reducao\/","og_locale":"pt_BR","og_type":"article","og_title":"Braskem (BRKM5): banco reduz pre\u00e7o-alvo e rebaixa recomenda\u00e7\u00e3o","og_description":"As a\u00e7\u00f5es da Braskem (BRKM5) ca\u00edram nesta ter\u00e7a-feira (29) ap\u00f3s divulga\u00e7\u00e3o de relat\u00f3rio do banco UBS BB, que reduz o pre\u00e7o-alvo da empresa","og_url":"https:\/\/www.suno.com.br\/noticias\/braskem-brkm5-recomendacao-preco-alvo-reducao\/","og_site_name":"Suno Not\u00edcias","article_publisher":"https:\/\/facebook.com\/sunoresearch","article_author":"https:\/\/www.facebook.com\/sunonoticias\/","og_image":[{"width":1200,"height":800,"url":"https:\/\/files.sunoresearch.com.br\/n\/uploads\/2023\/06\/braskem-brkm5-polo-petroquimico-abc-explosao-1.jpg","type":"image\/jpeg"}],"author":"Reda\u00e7\u00e3o Suno Not\u00edcias","twitter_card":"summary_large_image","twitter_creator":"@https:\/\/twitter.com\/sunoresearch","twitter_site":"@sunoresearch","twitter_misc":{"Escrito por":"Reda\u00e7\u00e3o Suno Not\u00edcias","Est. tempo de leitura":"9 minutos"},"schema":{"@context":"https:\/\/schema.org","@graph":[{"@type":"NewsArticle","@id":"https:\/\/www.suno.com.br\/noticias\/braskem-brkm5-recomendacao-preco-alvo-reducao\/#article","isPartOf":{"@id":"https:\/\/www.suno.com.br\/noticias\/braskem-brkm5-recomendacao-preco-alvo-reducao\/"},"author":{"name":"Reda\u00e7\u00e3o Suno Not\u00edcias","@id":"https:\/\/www.suno.com.br\/noticias\/#\/schema\/person\/c1b1bd3727fa852bd045e9dbff3673ea"},"headline":"Braskem (BRKM5): banco reduz pre\u00e7o-alvo e rebaixa recomenda\u00e7\u00e3o; a\u00e7\u00f5es caem","datePublished":"2023-08-29T21:05:53+00:00","dateModified":"2023-08-29T22:49:23+00:00","mainEntityOfPage":{"@id":"https:\/\/www.suno.com.br\/noticias\/braskem-brkm5-recomendacao-preco-alvo-reducao\/"},"wordCount":1673,"publisher":{"@id":"https:\/\/www.suno.com.br\/noticias\/#organization"},"image":{"@id":"https:\/\/www.suno.com.br\/noticias\/braskem-brkm5-recomendacao-preco-alvo-reducao\/#primaryimage"},"thumbnailUrl":"https:\/\/files.sunoresearch.com.br\/n\/uploads\/2023\/06\/braskem-brkm5-polo-petroquimico-abc-explosao-1.jpg","articleSection":["Neg\u00f3cios"],"inLanguage":"pt-BR"},{"@type":"WebPage","@id":"https:\/\/www.suno.com.br\/noticias\/braskem-brkm5-recomendacao-preco-alvo-reducao\/","url":"https:\/\/www.suno.com.br\/noticias\/braskem-brkm5-recomendacao-preco-alvo-reducao\/","name":"Braskem (BRKM5): banco reduz pre\u00e7o-alvo e rebaixa recomenda\u00e7\u00e3o","isPartOf":{"@id":"https:\/\/www.suno.com.br\/noticias\/#website"},"primaryImageOfPage":{"@id":"https:\/\/www.suno.com.br\/noticias\/braskem-brkm5-recomendacao-preco-alvo-reducao\/#primaryimage"},"image":{"@id":"https:\/\/www.suno.com.br\/noticias\/braskem-brkm5-recomendacao-preco-alvo-reducao\/#primaryimage"},"thumbnailUrl":"https:\/\/files.sunoresearch.com.br\/n\/uploads\/2023\/06\/braskem-brkm5-polo-petroquimico-abc-explosao-1.jpg","datePublished":"2023-08-29T21:05:53+00:00","dateModified":"2023-08-29T22:49:23+00:00","description":"As a\u00e7\u00f5es da Braskem (BRKM5) ca\u00edram nesta ter\u00e7a-feira (29) ap\u00f3s divulga\u00e7\u00e3o de relat\u00f3rio do banco UBS BB, que reduz o pre\u00e7o-alvo da empresa","breadcrumb":{"@id":"https:\/\/www.suno.com.br\/noticias\/braskem-brkm5-recomendacao-preco-alvo-reducao\/#breadcrumb"},"inLanguage":"pt-BR","potentialAction":[{"@type":"ReadAction","target":["https:\/\/www.suno.com.br\/noticias\/braskem-brkm5-recomendacao-preco-alvo-reducao\/"]}]},{"@type":"ImageObject","inLanguage":"pt-BR","@id":"https:\/\/www.suno.com.br\/noticias\/braskem-brkm5-recomendacao-preco-alvo-reducao\/#primaryimage","url":"https:\/\/files.sunoresearch.com.br\/n\/uploads\/2023\/06\/braskem-brkm5-polo-petroquimico-abc-explosao-1.jpg","contentUrl":"https:\/\/files.sunoresearch.com.br\/n\/uploads\/2023\/06\/braskem-brkm5-polo-petroquimico-abc-explosao-1.jpg","width":1200,"height":800,"caption":"Braskem - Foto: Reprodu\u00e7\u00e3o\/ Twitter"},{"@type":"BreadcrumbList","@id":"https:\/\/www.suno.com.br\/noticias\/braskem-brkm5-recomendacao-preco-alvo-reducao\/#breadcrumb","itemListElement":[{"@type":"ListItem","position":1,"name":"Not\u00edcias","item":"https:\/\/www.suno.com.br\/noticias\/"},{"@type":"ListItem","position":2,"name":"Neg\u00f3cios","item":"https:\/\/www.suno.com.br\/noticias\/negocios\/"},{"@type":"ListItem","position":3,"name":"Braskem (BRKM5): banco reduz pre\u00e7o-alvo e rebaixa recomenda\u00e7\u00e3o; a\u00e7\u00f5es caem"}]},{"@type":"WebSite","@id":"https:\/\/www.suno.com.br\/noticias\/#website","url":"https:\/\/www.suno.com.br\/noticias\/","name":"Suno Not\u00edcias","description":"Seu portal de informa\u00e7\u00e3o sobre o mundo dos investimentos","publisher":{"@id":"https:\/\/www.suno.com.br\/noticias\/#organization"},"potentialAction":[{"@type":"SearchAction","target":{"@type":"EntryPoint","urlTemplate":"https:\/\/www.suno.com.br\/noticias\/?s={search_term_string}"},"query-input":{"@type":"PropertyValueSpecification","valueRequired":true,"valueName":"search_term_string"}}],"inLanguage":"pt-BR"},{"@type":"Organization","@id":"https:\/\/www.suno.com.br\/noticias\/#organization","name":"Suno Not\u00edcias","url":"https:\/\/www.suno.com.br\/noticias\/","logo":{"@type":"ImageObject","inLanguage":"pt-BR","@id":"https:\/\/www.suno.com.br\/noticias\/#\/schema\/logo\/image\/","url":"https:\/\/files.sunoresearch.com.br\/n\/uploads\/2021\/09\/suno-logo.png","contentUrl":"https:\/\/files.sunoresearch.com.br\/n\/uploads\/2021\/09\/suno-logo.png","width":180,"height":180,"caption":"Suno Not\u00edcias"},"image":{"@id":"https:\/\/www.suno.com.br\/noticias\/#\/schema\/logo\/image\/"},"sameAs":["https:\/\/facebook.com\/sunoresearch","https:\/\/x.com\/sunoresearch","https:\/\/www.instagram.com\/suno","https:\/\/www.linkedin.com\/company\/suno-research\/","https:\/\/www.youtube.com\/c\/sunoresearch"]},{"@type":"Person","@id":"https:\/\/www.suno.com.br\/noticias\/#\/schema\/person\/c1b1bd3727fa852bd045e9dbff3673ea","name":"Reda\u00e7\u00e3o Suno Not\u00edcias","image":{"@type":"ImageObject","inLanguage":"pt-BR","@id":"https:\/\/www.suno.com.br\/noticias\/#\/schema\/person\/image\/","url":"https:\/\/secure.gravatar.com\/avatar\/b8104b9b5a71985d5238ee59fbe418af?s=96&r=g","contentUrl":"https:\/\/secure.gravatar.com\/avatar\/b8104b9b5a71985d5238ee59fbe418af?s=96&r=g","caption":"Reda\u00e7\u00e3o Suno Not\u00edcias"},"description":"O Suno Not\u00edcias \u00e9 um portal de informa\u00e7\u00f5es sobre Mercado Financeiro, Pol\u00edtica, Neg\u00f3cios, Economia e Finan\u00e7as Pessoais.","sameAs":["https:\/\/www.suno.com.br\/noticias","https:\/\/www.facebook.com\/sunonoticias\/","https:\/\/www.instagram.com\/sunonoticias\/","https:\/\/x.com\/https:\/\/twitter.com\/sunoresearch","https:\/\/www.youtube.com\/sunonoticias"],"url":"https:\/\/www.suno.com.br\/noticias\/author\/redacao-suno\/"}]}},"default_loop_html":"<div class=\"cardsPage__listCard__boxs\"><div class=\"cardsPage__listCard__boxs__img\"><a href=\"https:\/\/www.suno.com.br\/noticias\/braskem-brkm5-recomendacao-preco-alvo-reducao\/\"><img class=\"mask\" src=\"https:\/\/www.suno.com.br\/noticias\/wp-content\/themes\/suno\/resources\/images\/spotlight\/spotlight1img\/bg-mask.png\" alt=\"Image Mask\"\/><img src=\"https:\/\/files.sunoresearch.com.br\/n\/uploads\/2023\/06\/braskem-brkm5-polo-petroquimico-abc-explosao-1-400x200.jpg\" alt=\"Braskem (BRKM5): banco reduz pre\u00e7o-alvo e rebaixa recomenda\u00e7\u00e3o; a\u00e7\u00f5es caem\"\/><\/a><span class=\"spotlightCategory\"><a href=\"https:\/\/www.suno.com.br\/noticias\/negocios\/\">Neg\u00f3cios<\/a><\/span><\/div><div class=\"cardsPage__listCard__boxs__content\"><a href=\"https:\/\/www.suno.com.br\/noticias\/braskem-brkm5-recomendacao-preco-alvo-reducao\/\"><h2 class=\"content__title\">Braskem (BRKM5): banco reduz pre\u00e7o-alvo e rebaixa recomenda\u00e7\u00e3o; a\u00e7\u00f5es caem<\/h2><\/a><div class=\"newsContent__article__meta\"><div class=\"newsContent__article__meta__authorBox\"><a href=\"https:\/\/www.suno.com.br\/noticias\/author\/redacao-suno\/\" class=\"authorBox__avatar noMobi\"><img src=\"https:\/\/files.sunoresearch.com.br\/n\/uploads\/2020\/08\/0ace682d-redacao-1-150x150.webp\" alt=\"Reda\u00e7\u00e3o Suno Not\u00edcias\"><\/a><div class=\"authorBox__name\"><span>por\n\t\t\t<a href=\"https:\/\/www.suno.com.br\/noticias\/author\/redacao-suno\/\"><span itemprop=\"author\">Reda\u00e7\u00e3o Suno Not\u00edcias<\/span><\/a><\/span><time datetime=\"2023-08-29T18:05:53-03:00\" itemprop=\"datePublished\">29\/08\/2023 18:05<\/time><\/div><\/div><\/div><\/div><\/div>","single_layout":"posts","amp_enabled":true,"_links":{"self":[{"href":"https:\/\/www.suno.com.br\/noticias\/wp-json\/wp\/v2\/posts\/448900"}],"collection":[{"href":"https:\/\/www.suno.com.br\/noticias\/wp-json\/wp\/v2\/posts"}],"about":[{"href":"https:\/\/www.suno.com.br\/noticias\/wp-json\/wp\/v2\/types\/post"}],"author":[{"embeddable":true,"href":"https:\/\/www.suno.com.br\/noticias\/wp-json\/wp\/v2\/users\/43"}],"replies":[{"embeddable":true,"href":"https:\/\/www.suno.com.br\/noticias\/wp-json\/wp\/v2\/comments?post=448900"}],"version-history":[{"count":3,"href":"https:\/\/www.suno.com.br\/noticias\/wp-json\/wp\/v2\/posts\/448900\/revisions"}],"predecessor-version":[{"id":448956,"href":"https:\/\/www.suno.com.br\/noticias\/wp-json\/wp\/v2\/posts\/448900\/revisions\/448956"}],"wp:featuredmedia":[{"embeddable":true,"href":"https:\/\/www.suno.com.br\/noticias\/wp-json\/wp\/v2\/media\/420051"}],"wp:attachment":[{"href":"https:\/\/www.suno.com.br\/noticias\/wp-json\/wp\/v2\/media?parent=448900"}],"wp:term":[{"taxonomy":"category","embeddable":true,"href":"https:\/\/www.suno.com.br\/noticias\/wp-json\/wp\/v2\/categories?post=448900"},{"taxonomy":"post_tag","embeddable":true,"href":"https:\/\/www.suno.com.br\/noticias\/wp-json\/wp\/v2\/tags?post=448900"},{"taxonomy":"suno_strategy","embeddable":true,"href":"https:\/\/www.suno.com.br\/noticias\/wp-json\/wp\/v2\/suno_strategy?post=448900"}],"curies":[{"name":"wp","href":"https:\/\/api.w.org\/{rel}","templated":true}]}}