{"id":4488,"date":"2018-09-26T17:48:55","date_gmt":"2018-09-26T20:48:55","guid":{"rendered":"https:\/\/www.suno.com.br\/noticias\/?p=4488"},"modified":"2021-02-18T15:25:41","modified_gmt":"2021-02-18T18:25:41","slug":"ibovespa-alta-pesquisa-eleitoral","status":"publish","type":"post","link":"https:\/\/www.suno.com.br\/noticias\/ibovespa-alta-pesquisa-eleitoral\/","title":{"rendered":"Ibovespa fecha com leve alta em dia de pesquisa eleitoral e decis\u00e3o do Fed"},"content":{"rendered":"<p>o Ibovespa fechou o dia com valoriza\u00e7\u00e3o de 0,03% com 78.656 pontos em um dia com alta volatilidade ap\u00f3s duas pesquisas eleitorais e a decis\u00e3o do Federal Reserve (Fed, banco central dos Estados Unidos) de aperto monet\u00e1rio na pol\u00edtica econ\u00f4mica norte-americana.<\/p>\t<div class=\"wrapper-featured-image\">\n\t\t<figure class=\"spotlightImg\">\n\n\t\t\t<picture>\n\t\t\t\t<source media=\"(max-width: 768px)\" srcset=\"https:\/\/files.sunoresearch.com.br\/n\/uploads\/2018\/09\/6e7a09a8-ibovespa-dolar-400x200.webp\">\n\t\t\t\t<img loading=\"lazy\" decoding=\"async\" class=\"newsContent__article__imgCapa lazyloadDisabled newsContent__article__imgCapa--noCaption\" src=\"https:\/\/files.sunoresearch.com.br\/n\/uploads\/2018\/09\/6e7a09a8-ibovespa-dolar-800x450.webp\" width=\"800\" height=\"450\" alt=\"Ibovespa fecha com leve alta em dia de pesquisa eleitoral e decis\u00e3o do Fed\" fetchpriority=high \/>\n\t\t\t<\/picture>\n\n\t\t\t<figcaption class=\"wp-caption-text wp-caption-text--hide\">\u00edndices futuros<\/figcaption>\n\t\t<\/figure>\n\t<\/div>\n\n\n<p>O benchmark da bolsa brasileira chegou a ser cotada com valoriza\u00e7\u00e3o de 1,06% na m\u00e1xima do dia.<\/p>\n<p>Os investidores reagiram bem a j\u00e1 esperada eleva\u00e7\u00e3o da taxa de juros pelo Federal Reserve em 0,25 ponto percentual para a faixa de 2,0% a 2,25%, entretanto a coletiva de imprensa do presidente do banco central dos Estados Unidos, Jerome Powell, inclinou o mercado para baixo. O texto publicado no site do Fed, retirou uma parte, j\u00e1 conhecida do discurso de Powell pelos investidores, que afirmava que a pol\u00edtica norte-americana \u201csegue acomodativa\u201d, deixando o mercado confuso.<\/p>\n<p>Os analistas enxergam esta mudan\u00e7a no texto como o fim do aperto monet\u00e1rio que o Fed prop\u00f5em desde o come\u00e7o deste ano. Este foi o quarto aumento da taxa b\u00e1sica de juros feita pelo Federal Reserve em 2018. A reviravolta mercadol\u00f3gica se ilustra com os resultados da Dow Jones que do verde foi para a desvaloriza\u00e7\u00e3o de 0,5%.<\/p>\n<p>As a\u00e7\u00f5es do Fed refletiram diretamente no d\u00f3lar que fechou com queda de 1,39%, cotado a 4,0262 na venda e derrubou o Tesouro dos Estados Unidos, j\u00e1 que se confirmou a subida dos juros mais uma vez este ano e tr\u00eas em 2019<\/p>\n<p>J\u00e1 no mercado interno, os operadores da bolsa novamente ficaram atentos as pesquisas eleitorais. Hoje o Ibope publicou a sua mais recente apura\u00e7\u00e3o \u00e0 corrida eleitoral.<\/p>\n<p>O cen\u00e1rio mostrado pelo Ibope \u00a0foi parecido com o da \u00faltima pesquisa do instituto, na segunda-feira. Jair Bolsonaro (PSL) aparece com 27% das inten\u00e7\u00f5es de voto, enquanto Fernando Haddad (PT) tem 21%.<\/p>\n<p>Atr\u00e1s dos dois l\u00edderes, Ciro Gomes (PDT) aparece com 12%, Geraldo Alckmin (PSDB) com 8% e Marina Silva (Rede) com 6%. Jo\u00e3o Amo\u00eado (Novo) figura com 3%, enquanto \u00c1lvaro Dias (PODE) e Henrique Meirelles (MDB) aparecem com dois pontos. Guilherme Boulos (PSOL) tem 1%, e o resto n\u00e3o pontua.<\/p>\n<p>A diferen\u00e7a entre a pesquisa divulgada hoje e a de segunda \u00e9 pequena, e inteiramente contida pela margem de erro. Tanto Haddad quanto Bolsonaro aparecem 1 ponto abaixo da pesquisa de segunda, enquanto Marina e Ciro aparecem um ponto acima.<\/p>\n<p>11% dos entrevistados dizem que votariam branco ou nulo, enquanto 7% dizem n\u00e3o saber ou n\u00e3o quiseram responder.<\/p>\n<p>Quanto \u00e0 rejei\u00e7\u00e3o, a CNI divulga que Bolsonaro tamb\u00e9m lidera, com 44% dos eleitores dizendo que jamais votariam nele. Em segundo lugar, empate entre Fernando Haddad e Marina Silva, com 27% cada.<\/p>\n<p>Bolsonaro tem tamb\u00e9m os eleitores mais convictos, com 55% dizendo que n\u00e3o mudariam seu voto de jeito nenhum. Os de Haddad s\u00e3o 49%.<\/p>\n<p>28% dos eleitores dizem que mudariam seu voto para evitar que um candidato do qual n\u00e3o gostam ven\u00e7a a elei\u00e7\u00e3o.<\/p>\n","protected":false},"excerpt":{"rendered":"<p>o Ibovespa fechou o dia com valoriza\u00e7\u00e3o de 0,03% com 78.656 pontos em um dia com alta volatilidade ap\u00f3s duas pesquisas eleitorais e a decis\u00e3o do Federal Reserve (Fed, banco central dos Estados Unidos) de aperto monet\u00e1rio na pol\u00edtica econ\u00f4mica norte-americana. \u00edndices futuros O benchmark da bolsa brasileira chegou a ser cotada com valoriza\u00e7\u00e3o de [&hellip;]<\/p>\n","protected":false},"author":6,"featured_media":4356,"comment_status":"closed","ping_status":"closed","sticky":false,"template":"","format":"standard","meta":[],"categories":[60],"tags":[],"suno_strategy":[],"class_list":["post-4488","post","type-post","status-publish","format-standard","has-post-thumbnail","hentry","category-mercado"],"yoast_head":"<!-- This site is optimized with the Yoast SEO plugin v24.4 - https:\/\/yoast.com\/wordpress\/plugins\/seo\/ -->\n<title>Ibovespa fecha com leve alta em dia de pesquisa eleitoral e decis\u00e3o do Fed<\/title>\n<meta name=\"robots\" content=\"index, follow, max-snippet:-1, max-image-preview:large, max-video-preview:-1\" \/>\n<link rel=\"canonical\" href=\"https:\/\/www.suno.com.br\/noticias\/ibovespa-alta-pesquisa-eleitoral\/\" \/>\n<meta property=\"og:locale\" content=\"pt_BR\" \/>\n<meta property=\"og:type\" content=\"article\" \/>\n<meta property=\"og:title\" content=\"Ibovespa fecha com leve alta em dia de pesquisa eleitoral e decis\u00e3o do Fed\" \/>\n<meta property=\"og:description\" content=\"o Ibovespa fechou o dia com valoriza\u00e7\u00e3o de 0,03% com 78.656 pontos em um dia com alta volatilidade ap\u00f3s duas pesquisas eleitorais e a decis\u00e3o do Federal Reserve (Fed, banco central dos Estados Unidos) de aperto monet\u00e1rio na pol\u00edtica econ\u00f4mica norte-americana. \u00edndices futuros O benchmark da bolsa brasileira chegou a ser cotada com valoriza\u00e7\u00e3o de [&hellip;]\" \/>\n<meta property=\"og:url\" content=\"https:\/\/www.suno.com.br\/noticias\/ibovespa-alta-pesquisa-eleitoral\/\" \/>\n<meta property=\"og:site_name\" content=\"Suno Not\u00edcias\" \/>\n<meta property=\"article:publisher\" content=\"https:\/\/facebook.com\/sunoresearch\" \/>\n<meta property=\"article:author\" content=\"https:\/\/www.linkedin.com\/in\/paulo-jaschke-328221168\/\" \/>\n<meta property=\"og:image\" content=\"https:\/\/files.sunoresearch.com.br\/n\/uploads\/2018\/09\/6e7a09a8-ibovespa-dolar.jpg\" \/>\n\t<meta property=\"og:image:width\" content=\"1920\" \/>\n\t<meta property=\"og:image:height\" content=\"1280\" \/>\n\t<meta property=\"og:image:type\" content=\"image\/jpeg\" \/>\n<meta name=\"author\" content=\"Paulo Jaschke\" \/>\n<meta name=\"twitter:card\" content=\"summary_large_image\" \/>\n<meta name=\"twitter:creator\" content=\"@sunoresearch\" \/>\n<meta name=\"twitter:site\" content=\"@sunoresearch\" \/>\n<meta name=\"twitter:label1\" content=\"Escrito por\" \/>\n\t<meta name=\"twitter:data1\" content=\"Paulo Jaschke\" \/>\n\t<meta name=\"twitter:label2\" content=\"Est. tempo de leitura\" \/>\n\t<meta name=\"twitter:data2\" content=\"2 minutos\" \/>\n<script type=\"application\/ld+json\" class=\"yoast-schema-graph\">{\"@context\":\"https:\/\/schema.org\",\"@graph\":[{\"@type\":\"NewsArticle\",\"@id\":\"https:\/\/www.suno.com.br\/noticias\/ibovespa-alta-pesquisa-eleitoral\/#article\",\"isPartOf\":{\"@id\":\"https:\/\/www.suno.com.br\/noticias\/ibovespa-alta-pesquisa-eleitoral\/\"},\"author\":{\"name\":\"Paulo Jaschke\",\"@id\":\"https:\/\/www.suno.com.br\/noticias\/#\/schema\/person\/edc78e26bff487bcad4a7d5e75ca2938\"},\"headline\":\"Ibovespa fecha com leve alta em dia de pesquisa eleitoral e decis\u00e3o do Fed\",\"datePublished\":\"2018-09-26T20:48:55+00:00\",\"dateModified\":\"2021-02-18T18:25:41+00:00\",\"mainEntityOfPage\":{\"@id\":\"https:\/\/www.suno.com.br\/noticias\/ibovespa-alta-pesquisa-eleitoral\/\"},\"wordCount\":500,\"publisher\":{\"@id\":\"https:\/\/www.suno.com.br\/noticias\/#organization\"},\"image\":{\"@id\":\"https:\/\/www.suno.com.br\/noticias\/ibovespa-alta-pesquisa-eleitoral\/#primaryimage\"},\"thumbnailUrl\":\"https:\/\/files.sunoresearch.com.br\/n\/uploads\/2018\/09\/6e7a09a8-ibovespa-dolar-jpg.webp\",\"articleSection\":[\"Mercado\"],\"inLanguage\":\"pt-BR\"},{\"@type\":\"WebPage\",\"@id\":\"https:\/\/www.suno.com.br\/noticias\/ibovespa-alta-pesquisa-eleitoral\/\",\"url\":\"https:\/\/www.suno.com.br\/noticias\/ibovespa-alta-pesquisa-eleitoral\/\",\"name\":\"Ibovespa fecha com leve alta em dia de pesquisa eleitoral e decis\u00e3o do Fed\",\"isPartOf\":{\"@id\":\"https:\/\/www.suno.com.br\/noticias\/#website\"},\"primaryImageOfPage\":{\"@id\":\"https:\/\/www.suno.com.br\/noticias\/ibovespa-alta-pesquisa-eleitoral\/#primaryimage\"},\"image\":{\"@id\":\"https:\/\/www.suno.com.br\/noticias\/ibovespa-alta-pesquisa-eleitoral\/#primaryimage\"},\"thumbnailUrl\":\"https:\/\/files.sunoresearch.com.br\/n\/uploads\/2018\/09\/6e7a09a8-ibovespa-dolar-jpg.webp\",\"datePublished\":\"2018-09-26T20:48:55+00:00\",\"dateModified\":\"2021-02-18T18:25:41+00:00\",\"breadcrumb\":{\"@id\":\"https:\/\/www.suno.com.br\/noticias\/ibovespa-alta-pesquisa-eleitoral\/#breadcrumb\"},\"inLanguage\":\"pt-BR\",\"potentialAction\":[{\"@type\":\"ReadAction\",\"target\":[\"https:\/\/www.suno.com.br\/noticias\/ibovespa-alta-pesquisa-eleitoral\/\"]}]},{\"@type\":\"ImageObject\",\"inLanguage\":\"pt-BR\",\"@id\":\"https:\/\/www.suno.com.br\/noticias\/ibovespa-alta-pesquisa-eleitoral\/#primaryimage\",\"url\":\"https:\/\/files.sunoresearch.com.br\/n\/uploads\/2018\/09\/6e7a09a8-ibovespa-dolar-jpg.webp\",\"contentUrl\":\"https:\/\/files.sunoresearch.com.br\/n\/uploads\/2018\/09\/6e7a09a8-ibovespa-dolar-jpg.webp\",\"width\":1920,\"height\":1280,\"caption\":\"\u00edndices futuros\"},{\"@type\":\"BreadcrumbList\",\"@id\":\"https:\/\/www.suno.com.br\/noticias\/ibovespa-alta-pesquisa-eleitoral\/#breadcrumb\",\"itemListElement\":[{\"@type\":\"ListItem\",\"position\":1,\"name\":\"Not\u00edcias\",\"item\":\"https:\/\/www.suno.com.br\/noticias\/\"},{\"@type\":\"ListItem\",\"position\":2,\"name\":\"Mercado\",\"item\":\"https:\/\/www.suno.com.br\/noticias\/mercado\/\"},{\"@type\":\"ListItem\",\"position\":3,\"name\":\"Ibovespa fecha com leve alta em dia de pesquisa eleitoral e decis\u00e3o do Fed\"}]},{\"@type\":\"WebSite\",\"@id\":\"https:\/\/www.suno.com.br\/noticias\/#website\",\"url\":\"https:\/\/www.suno.com.br\/noticias\/\",\"name\":\"Suno Not\u00edcias\",\"description\":\"Seu portal de informa\u00e7\u00e3o sobre o mundo dos investimentos\",\"publisher\":{\"@id\":\"https:\/\/www.suno.com.br\/noticias\/#organization\"},\"potentialAction\":[{\"@type\":\"SearchAction\",\"target\":{\"@type\":\"EntryPoint\",\"urlTemplate\":\"https:\/\/www.suno.com.br\/noticias\/?s={search_term_string}\"},\"query-input\":{\"@type\":\"PropertyValueSpecification\",\"valueRequired\":true,\"valueName\":\"search_term_string\"}}],\"inLanguage\":\"pt-BR\"},{\"@type\":\"Organization\",\"@id\":\"https:\/\/www.suno.com.br\/noticias\/#organization\",\"name\":\"Suno Not\u00edcias\",\"url\":\"https:\/\/www.suno.com.br\/noticias\/\",\"logo\":{\"@type\":\"ImageObject\",\"inLanguage\":\"pt-BR\",\"@id\":\"https:\/\/www.suno.com.br\/noticias\/#\/schema\/logo\/image\/\",\"url\":\"https:\/\/files.sunoresearch.com.br\/n\/uploads\/2021\/09\/suno-logo.png\",\"contentUrl\":\"https:\/\/files.sunoresearch.com.br\/n\/uploads\/2021\/09\/suno-logo.png\",\"width\":180,\"height\":180,\"caption\":\"Suno Not\u00edcias\"},\"image\":{\"@id\":\"https:\/\/www.suno.com.br\/noticias\/#\/schema\/logo\/image\/\"},\"sameAs\":[\"https:\/\/facebook.com\/sunoresearch\",\"https:\/\/x.com\/sunoresearch\",\"https:\/\/www.instagram.com\/suno\",\"https:\/\/www.linkedin.com\/company\/suno-research\/\",\"https:\/\/www.youtube.com\/c\/sunoresearch\"]},{\"@type\":\"Person\",\"@id\":\"https:\/\/www.suno.com.br\/noticias\/#\/schema\/person\/edc78e26bff487bcad4a7d5e75ca2938\",\"name\":\"Paulo Jaschke\",\"image\":{\"@type\":\"ImageObject\",\"inLanguage\":\"pt-BR\",\"@id\":\"https:\/\/www.suno.com.br\/noticias\/#\/schema\/person\/image\/\",\"url\":\"https:\/\/secure.gravatar.com\/avatar\/d866ede420b0a0e4741620ba27841b8f?s=96&r=g\",\"contentUrl\":\"https:\/\/secure.gravatar.com\/avatar\/d866ede420b0a0e4741620ba27841b8f?s=96&r=g\",\"caption\":\"Paulo Jaschke\"},\"description\":\"Paulo Jaschke \u00e9 estudante de jornalismo na ESPM-SP. Escreve sobre o mercado financeiro, economia e pol\u00edtica internacional para o portal da Suno Research. Tamb\u00e9m escreve sobre economia internacional na ag\u00eancia CMA e \u00e9 rep\u00f3rter esportivo pela Web r\u00e1dio EsportesNet. Em 2018, foi rep\u00f3rter esportivo pela R\u00e1dio ESPM na Copa do Mundo 2018 e escreveu para a Revista Plural ESPM.\",\"sameAs\":[\"https:\/\/www.suno.com.br\/\",\"https:\/\/www.linkedin.com\/in\/paulo-jaschke-328221168\/\"],\"url\":\"https:\/\/www.suno.com.br\/noticias\/author\/paulo-jaschke\/\"}]}<\/script>\n<!-- \/ Yoast SEO plugin. -->","yoast_head_json":{"title":"Ibovespa fecha com leve alta em dia de pesquisa eleitoral e decis\u00e3o do Fed","robots":{"index":"index","follow":"follow","max-snippet":"max-snippet:-1","max-image-preview":"max-image-preview:large","max-video-preview":"max-video-preview:-1"},"canonical":"https:\/\/www.suno.com.br\/noticias\/ibovespa-alta-pesquisa-eleitoral\/","og_locale":"pt_BR","og_type":"article","og_title":"Ibovespa fecha com leve alta em dia de pesquisa eleitoral e decis\u00e3o do Fed","og_description":"o Ibovespa fechou o dia com valoriza\u00e7\u00e3o de 0,03% com 78.656 pontos em um dia com alta volatilidade ap\u00f3s duas pesquisas eleitorais e a decis\u00e3o do Federal Reserve (Fed, banco central dos Estados Unidos) de aperto monet\u00e1rio na pol\u00edtica econ\u00f4mica norte-americana. \u00edndices futuros O benchmark da bolsa brasileira chegou a ser cotada com valoriza\u00e7\u00e3o de [&hellip;]","og_url":"https:\/\/www.suno.com.br\/noticias\/ibovespa-alta-pesquisa-eleitoral\/","og_site_name":"Suno Not\u00edcias","article_publisher":"https:\/\/facebook.com\/sunoresearch","article_author":"https:\/\/www.linkedin.com\/in\/paulo-jaschke-328221168\/","og_image":[{"width":1920,"height":1280,"url":"https:\/\/files.sunoresearch.com.br\/n\/uploads\/2018\/09\/6e7a09a8-ibovespa-dolar.jpg","type":"image\/jpeg"}],"author":"Paulo Jaschke","twitter_card":"summary_large_image","twitter_creator":"@sunoresearch","twitter_site":"@sunoresearch","twitter_misc":{"Escrito por":"Paulo Jaschke","Est. tempo de leitura":"2 minutos"},"schema":{"@context":"https:\/\/schema.org","@graph":[{"@type":"NewsArticle","@id":"https:\/\/www.suno.com.br\/noticias\/ibovespa-alta-pesquisa-eleitoral\/#article","isPartOf":{"@id":"https:\/\/www.suno.com.br\/noticias\/ibovespa-alta-pesquisa-eleitoral\/"},"author":{"name":"Paulo Jaschke","@id":"https:\/\/www.suno.com.br\/noticias\/#\/schema\/person\/edc78e26bff487bcad4a7d5e75ca2938"},"headline":"Ibovespa fecha com leve alta em dia de pesquisa eleitoral e decis\u00e3o do Fed","datePublished":"2018-09-26T20:48:55+00:00","dateModified":"2021-02-18T18:25:41+00:00","mainEntityOfPage":{"@id":"https:\/\/www.suno.com.br\/noticias\/ibovespa-alta-pesquisa-eleitoral\/"},"wordCount":500,"publisher":{"@id":"https:\/\/www.suno.com.br\/noticias\/#organization"},"image":{"@id":"https:\/\/www.suno.com.br\/noticias\/ibovespa-alta-pesquisa-eleitoral\/#primaryimage"},"thumbnailUrl":"https:\/\/files.sunoresearch.com.br\/n\/uploads\/2018\/09\/6e7a09a8-ibovespa-dolar-jpg.webp","articleSection":["Mercado"],"inLanguage":"pt-BR"},{"@type":"WebPage","@id":"https:\/\/www.suno.com.br\/noticias\/ibovespa-alta-pesquisa-eleitoral\/","url":"https:\/\/www.suno.com.br\/noticias\/ibovespa-alta-pesquisa-eleitoral\/","name":"Ibovespa fecha com leve alta em dia de pesquisa eleitoral e decis\u00e3o do Fed","isPartOf":{"@id":"https:\/\/www.suno.com.br\/noticias\/#website"},"primaryImageOfPage":{"@id":"https:\/\/www.suno.com.br\/noticias\/ibovespa-alta-pesquisa-eleitoral\/#primaryimage"},"image":{"@id":"https:\/\/www.suno.com.br\/noticias\/ibovespa-alta-pesquisa-eleitoral\/#primaryimage"},"thumbnailUrl":"https:\/\/files.sunoresearch.com.br\/n\/uploads\/2018\/09\/6e7a09a8-ibovespa-dolar-jpg.webp","datePublished":"2018-09-26T20:48:55+00:00","dateModified":"2021-02-18T18:25:41+00:00","breadcrumb":{"@id":"https:\/\/www.suno.com.br\/noticias\/ibovespa-alta-pesquisa-eleitoral\/#breadcrumb"},"inLanguage":"pt-BR","potentialAction":[{"@type":"ReadAction","target":["https:\/\/www.suno.com.br\/noticias\/ibovespa-alta-pesquisa-eleitoral\/"]}]},{"@type":"ImageObject","inLanguage":"pt-BR","@id":"https:\/\/www.suno.com.br\/noticias\/ibovespa-alta-pesquisa-eleitoral\/#primaryimage","url":"https:\/\/files.sunoresearch.com.br\/n\/uploads\/2018\/09\/6e7a09a8-ibovespa-dolar-jpg.webp","contentUrl":"https:\/\/files.sunoresearch.com.br\/n\/uploads\/2018\/09\/6e7a09a8-ibovespa-dolar-jpg.webp","width":1920,"height":1280,"caption":"\u00edndices futuros"},{"@type":"BreadcrumbList","@id":"https:\/\/www.suno.com.br\/noticias\/ibovespa-alta-pesquisa-eleitoral\/#breadcrumb","itemListElement":[{"@type":"ListItem","position":1,"name":"Not\u00edcias","item":"https:\/\/www.suno.com.br\/noticias\/"},{"@type":"ListItem","position":2,"name":"Mercado","item":"https:\/\/www.suno.com.br\/noticias\/mercado\/"},{"@type":"ListItem","position":3,"name":"Ibovespa fecha com leve alta em dia de pesquisa eleitoral e decis\u00e3o do Fed"}]},{"@type":"WebSite","@id":"https:\/\/www.suno.com.br\/noticias\/#website","url":"https:\/\/www.suno.com.br\/noticias\/","name":"Suno Not\u00edcias","description":"Seu portal de informa\u00e7\u00e3o sobre o mundo dos investimentos","publisher":{"@id":"https:\/\/www.suno.com.br\/noticias\/#organization"},"potentialAction":[{"@type":"SearchAction","target":{"@type":"EntryPoint","urlTemplate":"https:\/\/www.suno.com.br\/noticias\/?s={search_term_string}"},"query-input":{"@type":"PropertyValueSpecification","valueRequired":true,"valueName":"search_term_string"}}],"inLanguage":"pt-BR"},{"@type":"Organization","@id":"https:\/\/www.suno.com.br\/noticias\/#organization","name":"Suno Not\u00edcias","url":"https:\/\/www.suno.com.br\/noticias\/","logo":{"@type":"ImageObject","inLanguage":"pt-BR","@id":"https:\/\/www.suno.com.br\/noticias\/#\/schema\/logo\/image\/","url":"https:\/\/files.sunoresearch.com.br\/n\/uploads\/2021\/09\/suno-logo.png","contentUrl":"https:\/\/files.sunoresearch.com.br\/n\/uploads\/2021\/09\/suno-logo.png","width":180,"height":180,"caption":"Suno Not\u00edcias"},"image":{"@id":"https:\/\/www.suno.com.br\/noticias\/#\/schema\/logo\/image\/"},"sameAs":["https:\/\/facebook.com\/sunoresearch","https:\/\/x.com\/sunoresearch","https:\/\/www.instagram.com\/suno","https:\/\/www.linkedin.com\/company\/suno-research\/","https:\/\/www.youtube.com\/c\/sunoresearch"]},{"@type":"Person","@id":"https:\/\/www.suno.com.br\/noticias\/#\/schema\/person\/edc78e26bff487bcad4a7d5e75ca2938","name":"Paulo Jaschke","image":{"@type":"ImageObject","inLanguage":"pt-BR","@id":"https:\/\/www.suno.com.br\/noticias\/#\/schema\/person\/image\/","url":"https:\/\/secure.gravatar.com\/avatar\/d866ede420b0a0e4741620ba27841b8f?s=96&r=g","contentUrl":"https:\/\/secure.gravatar.com\/avatar\/d866ede420b0a0e4741620ba27841b8f?s=96&r=g","caption":"Paulo Jaschke"},"description":"Paulo Jaschke \u00e9 estudante de jornalismo na ESPM-SP. Escreve sobre o mercado financeiro, economia e pol\u00edtica internacional para o portal da Suno Research. Tamb\u00e9m escreve sobre economia internacional na ag\u00eancia CMA e \u00e9 rep\u00f3rter esportivo pela Web r\u00e1dio EsportesNet. Em 2018, foi rep\u00f3rter esportivo pela R\u00e1dio ESPM na Copa do Mundo 2018 e escreveu para a Revista Plural ESPM.","sameAs":["https:\/\/www.suno.com.br\/","https:\/\/www.linkedin.com\/in\/paulo-jaschke-328221168\/"],"url":"https:\/\/www.suno.com.br\/noticias\/author\/paulo-jaschke\/"}]}},"default_loop_html":"<div class=\"cardsPage__listCard__boxs\"><div class=\"cardsPage__listCard__boxs__img\"><a href=\"https:\/\/www.suno.com.br\/noticias\/ibovespa-alta-pesquisa-eleitoral\/\"><img class=\"mask\" src=\"https:\/\/www.suno.com.br\/noticias\/wp-content\/themes\/suno\/resources\/images\/spotlight\/spotlight1img\/bg-mask.png\" alt=\"Image Mask\"\/><img src=\"https:\/\/files.sunoresearch.com.br\/n\/uploads\/2018\/09\/6e7a09a8-ibovespa-dolar-400x200.webp\" alt=\"Ibovespa fecha com leve alta em dia de pesquisa eleitoral e decis\u00e3o do Fed\"\/><\/a><span class=\"spotlightCategory\"><a href=\"https:\/\/www.suno.com.br\/noticias\/mercado\/\">Mercado<\/a><\/span><\/div><div class=\"cardsPage__listCard__boxs__content\"><a href=\"https:\/\/www.suno.com.br\/noticias\/ibovespa-alta-pesquisa-eleitoral\/\"><h2 class=\"content__title\">Ibovespa fecha com leve alta em dia de pesquisa eleitoral e decis\u00e3o do Fed<\/h2><\/a><div class=\"newsContent__article__meta\"><div class=\"newsContent__article__meta__authorBox\"><a href=\"https:\/\/www.suno.com.br\/noticias\/author\/paulo-jaschke\/\" class=\"authorBox__avatar noMobi\"><img src=\"https:\/\/secure.gravatar.com\/avatar\/d866ede420b0a0e4741620ba27841b8f?s=96&#038;r=g\" alt=\"Paulo Jaschke\"><\/a><div class=\"authorBox__name\"><span>por\n\t\t\t<a href=\"https:\/\/www.suno.com.br\/noticias\/author\/paulo-jaschke\/\"><span itemprop=\"author\">Paulo Jaschke<\/span><\/a><\/span><time datetime=\"2018-09-26T17:48:55-03:00\" itemprop=\"datePublished\">26\/09\/2018 17:48<\/time><\/div><\/div><\/div><\/div><\/div>","single_layout":"posts","amp_enabled":true,"_links":{"self":[{"href":"https:\/\/www.suno.com.br\/noticias\/wp-json\/wp\/v2\/posts\/4488"}],"collection":[{"href":"https:\/\/www.suno.com.br\/noticias\/wp-json\/wp\/v2\/posts"}],"about":[{"href":"https:\/\/www.suno.com.br\/noticias\/wp-json\/wp\/v2\/types\/post"}],"author":[{"embeddable":true,"href":"https:\/\/www.suno.com.br\/noticias\/wp-json\/wp\/v2\/users\/6"}],"replies":[{"embeddable":true,"href":"https:\/\/www.suno.com.br\/noticias\/wp-json\/wp\/v2\/comments?post=4488"}],"version-history":[{"count":0,"href":"https:\/\/www.suno.com.br\/noticias\/wp-json\/wp\/v2\/posts\/4488\/revisions"}],"wp:featuredmedia":[{"embeddable":true,"href":"https:\/\/www.suno.com.br\/noticias\/wp-json\/wp\/v2\/media\/4356"}],"wp:attachment":[{"href":"https:\/\/www.suno.com.br\/noticias\/wp-json\/wp\/v2\/media?parent=4488"}],"wp:term":[{"taxonomy":"category","embeddable":true,"href":"https:\/\/www.suno.com.br\/noticias\/wp-json\/wp\/v2\/categories?post=4488"},{"taxonomy":"post_tag","embeddable":true,"href":"https:\/\/www.suno.com.br\/noticias\/wp-json\/wp\/v2\/tags?post=4488"},{"taxonomy":"suno_strategy","embeddable":true,"href":"https:\/\/www.suno.com.br\/noticias\/wp-json\/wp\/v2\/suno_strategy?post=4488"}],"curies":[{"name":"wp","href":"https:\/\/api.w.org\/{rel}","templated":true}]}}