{"id":44824,"date":"2019-11-14T16:55:35","date_gmt":"2019-11-14T18:55:35","guid":{"rendered":"https:\/\/www.suno.com.br\/noticias\/?p=44824"},"modified":"2021-02-18T15:23:24","modified_gmt":"2021-02-18T18:23:24","slug":"qualidade-impostos-brasil-ruim-diz-itau","status":"publish","type":"post","link":"https:\/\/www.suno.com.br\/noticias\/qualidade-impostos-brasil-ruim-diz-itau\/","title":{"rendered":"Qualidade dos impostos no Brasil \u00e9 ruim, diz executivo do Ita\u00fa"},"content":{"rendered":"<p>O economista-chefe do Ita\u00fa, <strong>M\u00e1rio Mesquita<\/strong>, afirmou que o Brasil \u00e9 um pa\u00eds que taxa demais para o n\u00edvel de renda per capita que possui. A declara\u00e7\u00e3o foi feita nesta quinta-feira (14) em evento realizado em S\u00e3o Paulo.<\/p>\t<div class=\"wrapper-featured-image\">\n\t\t<figure class=\"spotlightImg\">\n\n\t\t\t<picture>\n\t\t\t\t<source media=\"(max-width: 768px)\" srcset=\"https:\/\/files.sunoresearch.com.br\/n\/uploads\/2019\/08\/c97a08ed-mario-mesquita-e1566316521981-400x200.webp\">\n\t\t\t\t<img loading=\"lazy\" decoding=\"async\" class=\"newsContent__article__imgCapa lazyloadDisabled newsContent__article__imgCapa--noCaption\" src=\"https:\/\/files.sunoresearch.com.br\/n\/uploads\/2019\/08\/c97a08ed-mario-mesquita-e1566316521981-800x450.webp\" width=\"800\" height=\"450\" alt=\"Qualidade dos impostos no Brasil \u00e9 ruim, diz executivo do Ita\u00fa\" fetchpriority=high \/>\n\t\t\t<\/picture>\n\n\t\t\t<figcaption class=\"wp-caption-text wp-caption-text--hide\">M\u00e1rio Mesquita, do Ita\u00fa, ressalta que apesar da infla\u00e7\u00e3o, dados do \u00edndice da institui\u00e7\u00e3o apontam emprego em vias de recupera\u00e7\u00e3o - Foto: Divulga\u00e7\u00e3o<\/figcaption>\n\t\t<\/figure>\n\t<\/div>\n\n\n\n<p>Ap\u00f3s falar sobre as previs\u00f5es do <a href=\"https:\/\/www.suno.com.br\/artigos\/pib-produto-interno-bruto\/\">PIB<\/a> global e do Brasil, o economista do Ita\u00fa falou sobre a infla\u00e7\u00e3o e a forma como s\u00e3o cobrados os impostos no Pa\u00eds. Para ele, a maneira pela qual o Estado gerencia essa cobran\u00e7a n\u00e3o \u00e9 eficiente.<\/p>\n<p>&#8220;A ideia \u00e9 que \u00e0 medida que voc\u00ea aumenta a <a href=\"https:\/\/www.suno.com.br\/artigos\/renda-per-capita\/\">renda per capita<\/a>, tenha um aumento da carga tribut\u00e1ria, mas o Brasil est\u00e1 acima da curva, ele taxa demais para o n\u00edvel de renda per capita que tem. Ent\u00e3o, \u00e9 um pa\u00eds altamente endividado, altamente tributado e a qualidade dos impostos \u00e9 ruim&#8221;, afirmou o executivo do <strong>Ita\u00fa<\/strong> durante a coletiva.<\/p>\n<h2>An\u00e1lise do Ita\u00fa sobre a taxa de juros<\/h2>\n<p>Sobre o \u00e2mbito monet\u00e1rio, o economista-chefe do Ita\u00fa explicou o motivo das quedas que v\u00eam acontecendo na taxa b\u00e1sica de juros (Selic) h\u00e1 tr\u00eas anos. &#8220;A gente teve tamb\u00e9m, de 2009 para c\u00e1, dois momentos distintos de pol\u00edtica monet\u00e1ria. A partir de 2016, o juros come\u00e7ou a cair. Teve um per\u00edodo de acelera\u00e7\u00e3o, especialmente a partir de 2012 quando houve desancoragem da expectativas de infla\u00e7\u00e3o. Assim, ela atingiu um pico em 2015, que poderia ter sido atingido antes. A partir de 2016 come\u00e7ou a cair [a Selic] e teve queda para o patamar com o qual a gente tem convivido, que \u00e9 o patamar entre 3 e 4% ao ano&#8221;, disse o executivo.<\/p>\n<p><a href=\"https:\/\/www.suno.com.br\/noticias\/itau-bank-america-cvm-acordo\/\">Veja tamb\u00e9m: Ita\u00fa e Bank of America alcan\u00e7am acordo com CVM e evitam processo<\/a><\/p>\n<p>&#8220;A taxa de juros b\u00e1sica \u00e9 baixa [atualmente], mas esperamos que ela caia mais. A gente espera que ela chegue a 4% no final do processo de flexibiliza\u00e7\u00e3o&#8221;, reiterou Mesquita.<\/p>\n<p>O Ita\u00fa espera que a taxa de juros chegue a 4%. O banco afirmou que a pol\u00edtica monet\u00e1ria vai ter mais efeito a frente e isso, consequentemente, vai ajudar na recupera\u00e7\u00e3o econ\u00f4mica do Pa\u00eds.<\/p>\n<h2>Novas medidas do governo<\/h2>\n<p>O Ita\u00fa afirmou que as medidas aprovadas pelo governo recentemente podem ajudar o Pa\u00eds no crescimento, entretanto elas sozinhas n\u00e3o s\u00e3o o suficiente. &#8220;O governo tem apresentado medidas para resolver as partes que faltam do ajuste fiscal. Na nossa vis\u00e3o, a Previd\u00eancia e a aprova\u00e7\u00e3o da MP antifraude foi metade do dever de casa. A outra metade prescinde de medidas sobre gastos obrigat\u00f3rios. Essas medidas j\u00e1 est\u00e3o no or\u00e7amento de 2020, mas precisam ser trabalhadas&#8221;, afirmou Pedro Schneider, economista s\u00eanior do <strong>Ita\u00fa<\/strong>.<\/p>\n","protected":false},"excerpt":{"rendered":"<p>O economista-chefe do Ita\u00fa, M\u00e1rio Mesquita, afirmou que o Brasil \u00e9 um pa\u00eds que taxa demais para o n\u00edvel de renda per capita que possui. A declara\u00e7\u00e3o foi feita nesta quinta-feira (14) em evento realizado em S\u00e3o Paulo. M\u00e1rio Mesquita, do Ita\u00fa, ressalta que apesar da infla\u00e7\u00e3o, dados do \u00edndice da institui\u00e7\u00e3o apontam emprego em [&hellip;]<\/p>\n","protected":false},"author":19,"featured_media":34679,"comment_status":"closed","ping_status":"closed","sticky":false,"template":"","format":"standard","meta":[],"categories":[62],"tags":[519,2005],"suno_strategy":[],"class_list":["post-44824","post","type-post","status-publish","format-standard","has-post-thumbnail","hentry","category-economia","tag-itau-unibanco-itub3-itub4","tag-mario-mesquita"],"yoast_head":"<!-- This site is optimized with the Yoast SEO plugin v24.4 - https:\/\/yoast.com\/wordpress\/plugins\/seo\/ -->\n<title>Qualidade dos impostos no Brasil \u00e9 ruim, diz executivo do Ita\u00fa<\/title>\n<meta name=\"description\" content=\"O economista-chefe do Ita\u00fa, M\u00e1rio Mesquita, afirmou que o Brasil \u00e9 um pa\u00eds que taxa demais para o n\u00edvel de renda per capita que possui.\" \/>\n<meta name=\"robots\" content=\"index, follow, max-snippet:-1, max-image-preview:large, max-video-preview:-1\" \/>\n<link rel=\"canonical\" href=\"https:\/\/www.suno.com.br\/noticias\/qualidade-impostos-brasil-ruim-diz-itau\/\" \/>\n<meta property=\"og:locale\" content=\"pt_BR\" \/>\n<meta property=\"og:type\" content=\"article\" \/>\n<meta property=\"og:title\" content=\"Qualidade dos impostos no Brasil \u00e9 ruim, diz executivo do Ita\u00fa\" \/>\n<meta property=\"og:description\" content=\"O economista-chefe do Ita\u00fa, M\u00e1rio Mesquita, afirmou que o Brasil \u00e9 um pa\u00eds que taxa demais para o n\u00edvel de renda per capita que possui.\" \/>\n<meta property=\"og:url\" content=\"https:\/\/www.suno.com.br\/noticias\/qualidade-impostos-brasil-ruim-diz-itau\/\" \/>\n<meta property=\"og:site_name\" content=\"Suno Not\u00edcias\" \/>\n<meta property=\"article:publisher\" content=\"https:\/\/facebook.com\/sunoresearch\" \/>\n<meta property=\"og:image\" content=\"https:\/\/files.sunoresearch.com.br\/n\/uploads\/2019\/08\/c97a08ed-mario-mesquita-e1566316521981.jpg\" \/>\n\t<meta property=\"og:image:width\" content=\"1871\" \/>\n\t<meta property=\"og:image:height\" content=\"926\" \/>\n\t<meta property=\"og:image:type\" content=\"image\/jpeg\" \/>\n<meta name=\"author\" content=\"Juliano Passaro\" \/>\n<meta name=\"twitter:card\" content=\"summary_large_image\" \/>\n<meta name=\"twitter:creator\" content=\"@sunoresearch\" \/>\n<meta name=\"twitter:site\" content=\"@sunoresearch\" \/>\n<meta name=\"twitter:label1\" content=\"Escrito por\" \/>\n\t<meta name=\"twitter:data1\" content=\"Juliano Passaro\" \/>\n\t<meta name=\"twitter:label2\" content=\"Est. tempo de leitura\" \/>\n\t<meta name=\"twitter:data2\" content=\"2 minutos\" \/>\n<script type=\"application\/ld+json\" class=\"yoast-schema-graph\">{\"@context\":\"https:\/\/schema.org\",\"@graph\":[{\"@type\":\"NewsArticle\",\"@id\":\"https:\/\/www.suno.com.br\/noticias\/qualidade-impostos-brasil-ruim-diz-itau\/#article\",\"isPartOf\":{\"@id\":\"https:\/\/www.suno.com.br\/noticias\/qualidade-impostos-brasil-ruim-diz-itau\/\"},\"author\":{\"name\":\"Juliano Passaro\",\"@id\":\"https:\/\/www.suno.com.br\/noticias\/#\/schema\/person\/1db762f78ffd8919a648a63e425953e3\"},\"headline\":\"Qualidade dos impostos no Brasil \u00e9 ruim, diz executivo do Ita\u00fa\",\"datePublished\":\"2019-11-14T18:55:35+00:00\",\"dateModified\":\"2021-02-18T18:23:24+00:00\",\"mainEntityOfPage\":{\"@id\":\"https:\/\/www.suno.com.br\/noticias\/qualidade-impostos-brasil-ruim-diz-itau\/\"},\"wordCount\":468,\"publisher\":{\"@id\":\"https:\/\/www.suno.com.br\/noticias\/#organization\"},\"image\":{\"@id\":\"https:\/\/www.suno.com.br\/noticias\/qualidade-impostos-brasil-ruim-diz-itau\/#primaryimage\"},\"thumbnailUrl\":\"https:\/\/files.sunoresearch.com.br\/n\/uploads\/2019\/08\/c97a08ed-mario-mesquita-e1566316521981-jpg.webp\",\"keywords\":[\"Ita\u00fa Unibanco (ITUB3\/ITUB4)\",\"M\u00e1rio Mesquita\"],\"articleSection\":[\"Economia\"],\"inLanguage\":\"pt-BR\"},{\"@type\":\"WebPage\",\"@id\":\"https:\/\/www.suno.com.br\/noticias\/qualidade-impostos-brasil-ruim-diz-itau\/\",\"url\":\"https:\/\/www.suno.com.br\/noticias\/qualidade-impostos-brasil-ruim-diz-itau\/\",\"name\":\"Qualidade dos impostos no Brasil \u00e9 ruim, diz executivo do Ita\u00fa\",\"isPartOf\":{\"@id\":\"https:\/\/www.suno.com.br\/noticias\/#website\"},\"primaryImageOfPage\":{\"@id\":\"https:\/\/www.suno.com.br\/noticias\/qualidade-impostos-brasil-ruim-diz-itau\/#primaryimage\"},\"image\":{\"@id\":\"https:\/\/www.suno.com.br\/noticias\/qualidade-impostos-brasil-ruim-diz-itau\/#primaryimage\"},\"thumbnailUrl\":\"https:\/\/files.sunoresearch.com.br\/n\/uploads\/2019\/08\/c97a08ed-mario-mesquita-e1566316521981-jpg.webp\",\"datePublished\":\"2019-11-14T18:55:35+00:00\",\"dateModified\":\"2021-02-18T18:23:24+00:00\",\"description\":\"O economista-chefe do Ita\u00fa, M\u00e1rio Mesquita, afirmou que o Brasil \u00e9 um pa\u00eds que taxa demais para o n\u00edvel de renda per capita que possui.\",\"breadcrumb\":{\"@id\":\"https:\/\/www.suno.com.br\/noticias\/qualidade-impostos-brasil-ruim-diz-itau\/#breadcrumb\"},\"inLanguage\":\"pt-BR\",\"potentialAction\":[{\"@type\":\"ReadAction\",\"target\":[\"https:\/\/www.suno.com.br\/noticias\/qualidade-impostos-brasil-ruim-diz-itau\/\"]}]},{\"@type\":\"ImageObject\",\"inLanguage\":\"pt-BR\",\"@id\":\"https:\/\/www.suno.com.br\/noticias\/qualidade-impostos-brasil-ruim-diz-itau\/#primaryimage\",\"url\":\"https:\/\/files.sunoresearch.com.br\/n\/uploads\/2019\/08\/c97a08ed-mario-mesquita-e1566316521981-jpg.webp\",\"contentUrl\":\"https:\/\/files.sunoresearch.com.br\/n\/uploads\/2019\/08\/c97a08ed-mario-mesquita-e1566316521981-jpg.webp\",\"width\":1871,\"height\":926,\"caption\":\"M\u00e1rio Mesquita, do Ita\u00fa, ressalta que apesar da infla\u00e7\u00e3o, dados do \u00edndice da institui\u00e7\u00e3o apontam emprego em vias de recupera\u00e7\u00e3o - Foto: Divulga\u00e7\u00e3o\"},{\"@type\":\"BreadcrumbList\",\"@id\":\"https:\/\/www.suno.com.br\/noticias\/qualidade-impostos-brasil-ruim-diz-itau\/#breadcrumb\",\"itemListElement\":[{\"@type\":\"ListItem\",\"position\":1,\"name\":\"Not\u00edcias\",\"item\":\"https:\/\/www.suno.com.br\/noticias\/\"},{\"@type\":\"ListItem\",\"position\":2,\"name\":\"Economia\",\"item\":\"https:\/\/www.suno.com.br\/noticias\/economia\/\"},{\"@type\":\"ListItem\",\"position\":3,\"name\":\"Qualidade dos impostos no Brasil \u00e9 ruim, diz executivo do Ita\u00fa\"}]},{\"@type\":\"WebSite\",\"@id\":\"https:\/\/www.suno.com.br\/noticias\/#website\",\"url\":\"https:\/\/www.suno.com.br\/noticias\/\",\"name\":\"Suno Not\u00edcias\",\"description\":\"Seu portal de informa\u00e7\u00e3o sobre o mundo dos investimentos\",\"publisher\":{\"@id\":\"https:\/\/www.suno.com.br\/noticias\/#organization\"},\"potentialAction\":[{\"@type\":\"SearchAction\",\"target\":{\"@type\":\"EntryPoint\",\"urlTemplate\":\"https:\/\/www.suno.com.br\/noticias\/?s={search_term_string}\"},\"query-input\":{\"@type\":\"PropertyValueSpecification\",\"valueRequired\":true,\"valueName\":\"search_term_string\"}}],\"inLanguage\":\"pt-BR\"},{\"@type\":\"Organization\",\"@id\":\"https:\/\/www.suno.com.br\/noticias\/#organization\",\"name\":\"Suno Not\u00edcias\",\"url\":\"https:\/\/www.suno.com.br\/noticias\/\",\"logo\":{\"@type\":\"ImageObject\",\"inLanguage\":\"pt-BR\",\"@id\":\"https:\/\/www.suno.com.br\/noticias\/#\/schema\/logo\/image\/\",\"url\":\"https:\/\/files.sunoresearch.com.br\/n\/uploads\/2021\/09\/suno-logo.png\",\"contentUrl\":\"https:\/\/files.sunoresearch.com.br\/n\/uploads\/2021\/09\/suno-logo.png\",\"width\":180,\"height\":180,\"caption\":\"Suno Not\u00edcias\"},\"image\":{\"@id\":\"https:\/\/www.suno.com.br\/noticias\/#\/schema\/logo\/image\/\"},\"sameAs\":[\"https:\/\/facebook.com\/sunoresearch\",\"https:\/\/x.com\/sunoresearch\",\"https:\/\/www.instagram.com\/suno\",\"https:\/\/www.linkedin.com\/company\/suno-research\/\",\"https:\/\/www.youtube.com\/c\/sunoresearch\"]},{\"@type\":\"Person\",\"@id\":\"https:\/\/www.suno.com.br\/noticias\/#\/schema\/person\/1db762f78ffd8919a648a63e425953e3\",\"name\":\"Juliano Passaro\",\"image\":{\"@type\":\"ImageObject\",\"inLanguage\":\"pt-BR\",\"@id\":\"https:\/\/www.suno.com.br\/noticias\/#\/schema\/person\/image\/\",\"url\":\"https:\/\/secure.gravatar.com\/avatar\/743d4df28eebf6dcc46b4ad03c319e92?s=96&r=g\",\"contentUrl\":\"https:\/\/secure.gravatar.com\/avatar\/743d4df28eebf6dcc46b4ad03c319e92?s=96&r=g\",\"caption\":\"Juliano Passaro\"},\"description\":\"Juliano Passaro escreve sobre pol\u00edtica, economia e neg\u00f3cios para o portal da Suno Research. Antes da Suno, trabalhou no Portal da Band. \u00c9 formado em jornalismo pela Universidade Presbiteriana Mackenzie.\",\"url\":\"https:\/\/www.suno.com.br\/noticias\/author\/juliano\/\"}]}<\/script>\n<!-- \/ Yoast SEO plugin. -->","yoast_head_json":{"title":"Qualidade dos impostos no Brasil \u00e9 ruim, diz executivo do Ita\u00fa","description":"O economista-chefe do Ita\u00fa, M\u00e1rio Mesquita, afirmou que o Brasil \u00e9 um pa\u00eds que taxa demais para o n\u00edvel de renda per capita que possui.","robots":{"index":"index","follow":"follow","max-snippet":"max-snippet:-1","max-image-preview":"max-image-preview:large","max-video-preview":"max-video-preview:-1"},"canonical":"https:\/\/www.suno.com.br\/noticias\/qualidade-impostos-brasil-ruim-diz-itau\/","og_locale":"pt_BR","og_type":"article","og_title":"Qualidade dos impostos no Brasil \u00e9 ruim, diz executivo do Ita\u00fa","og_description":"O economista-chefe do Ita\u00fa, M\u00e1rio Mesquita, afirmou que o Brasil \u00e9 um pa\u00eds que taxa demais para o n\u00edvel de renda per capita que possui.","og_url":"https:\/\/www.suno.com.br\/noticias\/qualidade-impostos-brasil-ruim-diz-itau\/","og_site_name":"Suno Not\u00edcias","article_publisher":"https:\/\/facebook.com\/sunoresearch","og_image":[{"width":1871,"height":926,"url":"https:\/\/files.sunoresearch.com.br\/n\/uploads\/2019\/08\/c97a08ed-mario-mesquita-e1566316521981.jpg","type":"image\/jpeg"}],"author":"Juliano Passaro","twitter_card":"summary_large_image","twitter_creator":"@sunoresearch","twitter_site":"@sunoresearch","twitter_misc":{"Escrito por":"Juliano Passaro","Est. tempo de leitura":"2 minutos"},"schema":{"@context":"https:\/\/schema.org","@graph":[{"@type":"NewsArticle","@id":"https:\/\/www.suno.com.br\/noticias\/qualidade-impostos-brasil-ruim-diz-itau\/#article","isPartOf":{"@id":"https:\/\/www.suno.com.br\/noticias\/qualidade-impostos-brasil-ruim-diz-itau\/"},"author":{"name":"Juliano Passaro","@id":"https:\/\/www.suno.com.br\/noticias\/#\/schema\/person\/1db762f78ffd8919a648a63e425953e3"},"headline":"Qualidade dos impostos no Brasil \u00e9 ruim, diz executivo do Ita\u00fa","datePublished":"2019-11-14T18:55:35+00:00","dateModified":"2021-02-18T18:23:24+00:00","mainEntityOfPage":{"@id":"https:\/\/www.suno.com.br\/noticias\/qualidade-impostos-brasil-ruim-diz-itau\/"},"wordCount":468,"publisher":{"@id":"https:\/\/www.suno.com.br\/noticias\/#organization"},"image":{"@id":"https:\/\/www.suno.com.br\/noticias\/qualidade-impostos-brasil-ruim-diz-itau\/#primaryimage"},"thumbnailUrl":"https:\/\/files.sunoresearch.com.br\/n\/uploads\/2019\/08\/c97a08ed-mario-mesquita-e1566316521981-jpg.webp","keywords":["Ita\u00fa Unibanco (ITUB3\/ITUB4)","M\u00e1rio Mesquita"],"articleSection":["Economia"],"inLanguage":"pt-BR"},{"@type":"WebPage","@id":"https:\/\/www.suno.com.br\/noticias\/qualidade-impostos-brasil-ruim-diz-itau\/","url":"https:\/\/www.suno.com.br\/noticias\/qualidade-impostos-brasil-ruim-diz-itau\/","name":"Qualidade dos impostos no Brasil \u00e9 ruim, diz executivo do Ita\u00fa","isPartOf":{"@id":"https:\/\/www.suno.com.br\/noticias\/#website"},"primaryImageOfPage":{"@id":"https:\/\/www.suno.com.br\/noticias\/qualidade-impostos-brasil-ruim-diz-itau\/#primaryimage"},"image":{"@id":"https:\/\/www.suno.com.br\/noticias\/qualidade-impostos-brasil-ruim-diz-itau\/#primaryimage"},"thumbnailUrl":"https:\/\/files.sunoresearch.com.br\/n\/uploads\/2019\/08\/c97a08ed-mario-mesquita-e1566316521981-jpg.webp","datePublished":"2019-11-14T18:55:35+00:00","dateModified":"2021-02-18T18:23:24+00:00","description":"O economista-chefe do Ita\u00fa, M\u00e1rio Mesquita, afirmou que o Brasil \u00e9 um pa\u00eds que taxa demais para o n\u00edvel de renda per capita que possui.","breadcrumb":{"@id":"https:\/\/www.suno.com.br\/noticias\/qualidade-impostos-brasil-ruim-diz-itau\/#breadcrumb"},"inLanguage":"pt-BR","potentialAction":[{"@type":"ReadAction","target":["https:\/\/www.suno.com.br\/noticias\/qualidade-impostos-brasil-ruim-diz-itau\/"]}]},{"@type":"ImageObject","inLanguage":"pt-BR","@id":"https:\/\/www.suno.com.br\/noticias\/qualidade-impostos-brasil-ruim-diz-itau\/#primaryimage","url":"https:\/\/files.sunoresearch.com.br\/n\/uploads\/2019\/08\/c97a08ed-mario-mesquita-e1566316521981-jpg.webp","contentUrl":"https:\/\/files.sunoresearch.com.br\/n\/uploads\/2019\/08\/c97a08ed-mario-mesquita-e1566316521981-jpg.webp","width":1871,"height":926,"caption":"M\u00e1rio Mesquita, do Ita\u00fa, ressalta que apesar da infla\u00e7\u00e3o, dados do \u00edndice da institui\u00e7\u00e3o apontam emprego em vias de recupera\u00e7\u00e3o - Foto: Divulga\u00e7\u00e3o"},{"@type":"BreadcrumbList","@id":"https:\/\/www.suno.com.br\/noticias\/qualidade-impostos-brasil-ruim-diz-itau\/#breadcrumb","itemListElement":[{"@type":"ListItem","position":1,"name":"Not\u00edcias","item":"https:\/\/www.suno.com.br\/noticias\/"},{"@type":"ListItem","position":2,"name":"Economia","item":"https:\/\/www.suno.com.br\/noticias\/economia\/"},{"@type":"ListItem","position":3,"name":"Qualidade dos impostos no Brasil \u00e9 ruim, diz executivo do Ita\u00fa"}]},{"@type":"WebSite","@id":"https:\/\/www.suno.com.br\/noticias\/#website","url":"https:\/\/www.suno.com.br\/noticias\/","name":"Suno Not\u00edcias","description":"Seu portal de informa\u00e7\u00e3o sobre o mundo dos investimentos","publisher":{"@id":"https:\/\/www.suno.com.br\/noticias\/#organization"},"potentialAction":[{"@type":"SearchAction","target":{"@type":"EntryPoint","urlTemplate":"https:\/\/www.suno.com.br\/noticias\/?s={search_term_string}"},"query-input":{"@type":"PropertyValueSpecification","valueRequired":true,"valueName":"search_term_string"}}],"inLanguage":"pt-BR"},{"@type":"Organization","@id":"https:\/\/www.suno.com.br\/noticias\/#organization","name":"Suno Not\u00edcias","url":"https:\/\/www.suno.com.br\/noticias\/","logo":{"@type":"ImageObject","inLanguage":"pt-BR","@id":"https:\/\/www.suno.com.br\/noticias\/#\/schema\/logo\/image\/","url":"https:\/\/files.sunoresearch.com.br\/n\/uploads\/2021\/09\/suno-logo.png","contentUrl":"https:\/\/files.sunoresearch.com.br\/n\/uploads\/2021\/09\/suno-logo.png","width":180,"height":180,"caption":"Suno Not\u00edcias"},"image":{"@id":"https:\/\/www.suno.com.br\/noticias\/#\/schema\/logo\/image\/"},"sameAs":["https:\/\/facebook.com\/sunoresearch","https:\/\/x.com\/sunoresearch","https:\/\/www.instagram.com\/suno","https:\/\/www.linkedin.com\/company\/suno-research\/","https:\/\/www.youtube.com\/c\/sunoresearch"]},{"@type":"Person","@id":"https:\/\/www.suno.com.br\/noticias\/#\/schema\/person\/1db762f78ffd8919a648a63e425953e3","name":"Juliano Passaro","image":{"@type":"ImageObject","inLanguage":"pt-BR","@id":"https:\/\/www.suno.com.br\/noticias\/#\/schema\/person\/image\/","url":"https:\/\/secure.gravatar.com\/avatar\/743d4df28eebf6dcc46b4ad03c319e92?s=96&r=g","contentUrl":"https:\/\/secure.gravatar.com\/avatar\/743d4df28eebf6dcc46b4ad03c319e92?s=96&r=g","caption":"Juliano Passaro"},"description":"Juliano Passaro escreve sobre pol\u00edtica, economia e neg\u00f3cios para o portal da Suno Research. Antes da Suno, trabalhou no Portal da Band. \u00c9 formado em jornalismo pela Universidade Presbiteriana Mackenzie.","url":"https:\/\/www.suno.com.br\/noticias\/author\/juliano\/"}]}},"default_loop_html":"<div class=\"cardsPage__listCard__boxs\"><div class=\"cardsPage__listCard__boxs__img\"><a href=\"https:\/\/www.suno.com.br\/noticias\/qualidade-impostos-brasil-ruim-diz-itau\/\"><img class=\"mask\" src=\"https:\/\/www.suno.com.br\/noticias\/wp-content\/themes\/suno\/resources\/images\/spotlight\/spotlight1img\/bg-mask.png\" alt=\"Image Mask\"\/><img src=\"https:\/\/files.sunoresearch.com.br\/n\/uploads\/2019\/08\/c97a08ed-mario-mesquita-e1566316521981-400x200.webp\" alt=\"Qualidade dos impostos no Brasil \u00e9 ruim, diz executivo do Ita\u00fa\"\/><\/a><span class=\"spotlightCategory\"><a href=\"https:\/\/www.suno.com.br\/noticias\/economia\/\">Economia<\/a><\/span><\/div><div class=\"cardsPage__listCard__boxs__content\"><a href=\"https:\/\/www.suno.com.br\/noticias\/qualidade-impostos-brasil-ruim-diz-itau\/\"><h2 class=\"content__title\">Qualidade dos impostos no Brasil \u00e9 ruim, diz executivo do Ita\u00fa<\/h2><\/a><div class=\"newsContent__article__meta\"><div class=\"newsContent__article__meta__authorBox\"><a href=\"https:\/\/www.suno.com.br\/noticias\/author\/juliano\/\" class=\"authorBox__avatar noMobi\"><img src=\"https:\/\/files.sunoresearch.com.br\/n\/uploads\/2019\/06\/7cc3efea-whatsapp-image-2019-07-18-at-21.59.33-e1563499821209-150x150.webp\" alt=\"Juliano Passaro\"><\/a><div class=\"authorBox__name\"><span>por\n\t\t\t<a href=\"https:\/\/www.suno.com.br\/noticias\/author\/juliano\/\"><span itemprop=\"author\">Juliano Passaro<\/span><\/a><\/span><time datetime=\"2019-11-14T16:55:35-03:00\" itemprop=\"datePublished\">14\/11\/2019 16:55<\/time><\/div><\/div><\/div><\/div><\/div>","single_layout":"posts","amp_enabled":true,"_links":{"self":[{"href":"https:\/\/www.suno.com.br\/noticias\/wp-json\/wp\/v2\/posts\/44824"}],"collection":[{"href":"https:\/\/www.suno.com.br\/noticias\/wp-json\/wp\/v2\/posts"}],"about":[{"href":"https:\/\/www.suno.com.br\/noticias\/wp-json\/wp\/v2\/types\/post"}],"author":[{"embeddable":true,"href":"https:\/\/www.suno.com.br\/noticias\/wp-json\/wp\/v2\/users\/19"}],"replies":[{"embeddable":true,"href":"https:\/\/www.suno.com.br\/noticias\/wp-json\/wp\/v2\/comments?post=44824"}],"version-history":[{"count":0,"href":"https:\/\/www.suno.com.br\/noticias\/wp-json\/wp\/v2\/posts\/44824\/revisions"}],"wp:featuredmedia":[{"embeddable":true,"href":"https:\/\/www.suno.com.br\/noticias\/wp-json\/wp\/v2\/media\/34679"}],"wp:attachment":[{"href":"https:\/\/www.suno.com.br\/noticias\/wp-json\/wp\/v2\/media?parent=44824"}],"wp:term":[{"taxonomy":"category","embeddable":true,"href":"https:\/\/www.suno.com.br\/noticias\/wp-json\/wp\/v2\/categories?post=44824"},{"taxonomy":"post_tag","embeddable":true,"href":"https:\/\/www.suno.com.br\/noticias\/wp-json\/wp\/v2\/tags?post=44824"},{"taxonomy":"suno_strategy","embeddable":true,"href":"https:\/\/www.suno.com.br\/noticias\/wp-json\/wp\/v2\/suno_strategy?post=44824"}],"curies":[{"name":"wp","href":"https:\/\/api.w.org\/{rel}","templated":true}]}}