{"id":44800,"date":"2019-11-16T14:32:01","date_gmt":"2019-11-16T16:32:01","guid":{"rendered":"https:\/\/www.suno.com.br\/noticias\/?p=44800"},"modified":"2019-11-16T20:01:25","modified_gmt":"2019-11-16T22:01:25","slug":"black-friday-acao-produtos-desconto-oferta","status":"publish","type":"post","link":"https:\/\/www.suno.com.br\/noticias\/black-friday-acao-produtos-desconto-oferta\/","title":{"rendered":"Confira 4 a\u00e7\u00f5es com pre\u00e7o dos produtos mais comprados na Black Friday"},"content":{"rendered":"<p>A Black Friday, na tradu\u00e7\u00e3o literal do ingl\u00eas &#8220;Sexta-feira preta&#8221;, \u00e9 o dia que inaugura a temporada de compras do final do ano, com grandes <strong>promo\u00e7\u00f5es<\/strong> oferecidas por muitas lojas. Nos Estados Unidos a tradi\u00e7\u00e3o sempre foi de vender produtos com grandes descontos na \u00faltima sexta-feira do m\u00eas de novembro.<\/p>\t<div class=\"wrapper-featured-image\">\n\t\t<figure class=\"spotlightImg\">\n\n\t\t\t<picture>\n\t\t\t\t<source media=\"(max-width: 768px)\" srcset=\"https:\/\/files.sunoresearch.com.br\/n\/uploads\/2019\/11\/f91a74a3-black-friday-morning-400x200.webp\">\n\t\t\t\t<img loading=\"lazy\" decoding=\"async\" class=\"newsContent__article__imgCapa lazyloadDisabled newsContent__article__imgCapa--noCaption\" src=\"https:\/\/files.sunoresearch.com.br\/n\/uploads\/2019\/11\/f91a74a3-black-friday-morning-800x450.webp\" width=\"800\" height=\"450\" alt=\"Confira 4 a\u00e7\u00f5es com pre\u00e7o dos produtos mais comprados na Black Friday\" fetchpriority=high \/>\n\t\t\t<\/picture>\n\n\t\t\t<figcaption class=\"wp-caption-text wp-caption-text--hide\">Lojas devem faturar R$ 3,45 bilh\u00f5es na Black Friday, aponta ABComm<\/figcaption>\n\t\t<\/figure>\n\t<\/div>\n\n\n\n<p>Aqui no<strong> Brasil<\/strong> essa pr\u00e1tica se tornou comum h\u00e1 alguns anos, movimentando a economia como um todo, desde <strong>lojas virtuais<\/strong> at\u00e9 o <strong>sistema banc\u00e1rio<\/strong>. O objetivo da<strong> Black Friday<\/strong> \u00e9 estimular o consumo de produtos em um m\u00eas onde n\u00e3o h\u00e1 grandes eventos comerciais, como Natal em dezembro ou o dia das crian\u00e7as em outubro.<\/p>\n<p>Este ano os descontos da <strong>Black Friday<\/strong> ocorrer\u00e3o no dia 30 de novembro. As lojas j\u00e1 est\u00e3o se preparando para oferecer as melhores ofertas e captar o maior n\u00fameros de clientes. Para se ter uma ideia da propor\u00e7\u00e3o do evento no Pa\u00eds, a varejista brasileira <strong><a href=\"https:\/\/www.suno.com.br\/noticias\/magazine-luiza-show-black-friday-luciano-hulk\/\">Magine Luiza (MGLU3)<\/a> <\/strong>j\u00e1 anunciou um show ao vivo de duas horas na televis\u00e3o um dia antes do evento.<\/p>\n<p><a href=\"https:\/\/lp.suno.com.br\/black-friday-2019\/\">Black Friday: Descontos imperd\u00edveis em todas as nossas assinaturas<\/a><\/p>\n<p>Entretanto, \u00e9 sempre bom ficar atento para n\u00e3o gastar demais nesse turbilh\u00e3o de promo\u00e7\u00f5es. Muitas vezes os consumidores acabam realizando compras desnecess\u00e1rias, atra\u00eddos pelos descontos. E colocando em cheque seu or\u00e7amento familiar.<\/p>\n<p>Pensando nisso, o portal <strong><a href=\"https:\/\/www.suno.com.br\/\">SUNO Not\u00edcias<\/a><\/strong> pesquisou os produtos queridinhos dos consumidores para se comprar na <strong>Black Friday,<\/strong> mostrando quais a\u00e7\u00f5es que voc\u00ea pode comprar pelo valor das mercadorias.<\/p>\n<h2>Produtos queridinhos da Black Friday<\/h2>\n<p>No dia dos descontos \u00e9 poss\u00edvel encontrar ofertas em todas categorias como:<\/p>\n<ul>\n<li>brinquedos<\/li>\n<li>videogames<\/li>\n<li>cosm\u00e9ticos<\/li>\n<li>pacotes de viagens<\/li>\n<li>passagens a\u00e9reas<\/li>\n<li>roupas<\/li>\n<li>cal\u00e7ados<\/li>\n<li>artigos de esporte e lazer.<\/li>\n<\/ul>\n<p>No entanto, de acordo com uma pesquisa realizada pelo portal Mercado Livre, os produtos mais procurados pelos consumidores brasileiros na <strong>Black Friday<\/strong>\u00a0 se concentram em apenas tr\u00eas categorias:<\/p>\n<ol>\n<li>celulares<\/li>\n<li>eletrodom\u00e9sticos<\/li>\n<li>TVs<\/li>\n<\/ol>\n<h2>Redmi Note 7 &#8211; Xiaomi<\/h2>\n<p>Segundo uma pesquisa realizada pelo site &#8216;www.tudocelular.com&#8217; o smartphone Redmi Note 7 da fabricante chinesa Xiaomi lidera o ranking de celulares mais buscados deste ano. Em m\u00e9dia, o celular custa R$ 1.074,95.<\/p>\n<p>De acordo com o especialista em renda vari\u00e1vel da SUNO Research, Felipe Tadewald, com esse valor, na compra em um lote padr\u00e3o, ou seja, de 100 a\u00e7\u00f5es, a melhor escolha seria a <strong>Wiz (WIZS3).<\/strong><\/p>\n<p><a href=\"\/\/www.suno.com.br\/noticias\/wiz-reporta-lucro-liquido-62-milhoes-3-trimestre\/\">Saiba Mais: Wiz reporta o lucro l\u00edquido de R$ 62,3 milh\u00f5es no 3\u00ba trimestre<\/a><\/p>\n<p>A <strong>Wiz<\/strong> faz distribui\u00e7\u00e3o de servi\u00e7os financeiros e de seguros atrav\u00e9s de sua plataforma multicanal. O lote da corretora \u00e9 de R$ 1.110,00<\/p>\n<p>A empresa registrou <strong><a href=\"https:\/\/www.suno.com.br\/artigos\/lucro-liquido\/\">lucro l\u00edquido<\/a><\/strong> de R$ 62,3 milh\u00f5es no terceiro trimestre, uma alta de 14,8% na compara\u00e7\u00e3o com o mesmo per\u00edodo do ano passado. A Wiz tamb\u00e9m salientou o seu <a href=\"https:\/\/www.suno.com.br\/artigos\/o-que-e-ebitda\/\"><strong>Ebitda<\/strong><\/a> (lucro antes de juros, impostos, deprecia\u00e7\u00e3o e amortiza\u00e7\u00e3o) de R$ 102,6 milh\u00f5es, uma alta de 15,3%. A <a href=\"https:\/\/www.suno.com.br\/artigos\/margem-ebitda\/\">Margem Ebitda<\/a>, por sua vez, foi de 69,1%, frente a 77,7% na compara\u00e7\u00e3o anualizada, uma queda de 8,6 p.p.<\/p>\n<h2>Ar condicionado<\/h2>\n<p>De acordo a <strong>Amazon,<\/strong> o eletrodom\u00e9stico mais vendido na Black Friday \u00e9 o ar condicionado, os pre\u00e7os variam de R$ 1.840 a R$ 2.160. Em primeiro lugar do site est\u00e1 o modelo Split HW LG Dual Inverter da LG pelo valor de R$ 2.160.<\/p>\n<p><strong>Tadewald<\/strong> explicou que com esse valor a melhor compra seriam a\u00e7\u00f5es da <strong>Klabin (Klbn11).<\/strong> O lote da empresa de celulose est\u00e1 cotado por cerca de R$ 1.770,00.<\/p>\n\t<p>\n\t\t<a href=\"https:\/\/lp.suno.com.br\/ebook-10-livros\/\" target=\"_blank\" data-element=\"shortcode-suno-banner\" title=\"Banner SUNO, clique e saiba mais\">\n\t\t\t<picture>\n\t\t\t\t<source media=\"(max-width: 500px)\" srcset=\"https:\/\/files.sunoresearch.com.br\/n\/uploads\/2023\/03\/400x300-10-livros.png\">\n\t\t\t\t<img class=\"newsContent__article__imgCapa newsContent__article__imgCapa--banner\"\n\t\t\t\t\tsrc=\"https:\/\/files.sunoresearch.com.br\/n\/uploads\/2023\/03\/1420x240-10-livros.png\"\n\t\t\t\t\tdata-promo-id=\"383159\"\t\t\t\t\t\t\t\t\t\twidth='1420' height='240'\t\t\t\t\talt=\"https:\/\/files.sunoresearch.com.br\/n\/uploads\/2023\/03\/1420x240-10-livros.png\"\n\t\t\t\t>\n\t\t\t<\/picture>\n\t\t<\/a>\n\t<\/p>\n\n\n<p><strong>Klabin<\/strong> \u00e9 a maior produtora e exportadora de celulose do Brasil. O foco da empresa \u00e9 na produ\u00e7\u00e3o de pap\u00e9is, cart\u00f5es de embalagens e outros produtos relacionados. No terceiro trimestre a empresa obteve um <a href=\"https:\/\/www.suno.com.br\/artigos\/lucro-liquido\/\">lucro l\u00edquido<\/a> de R$ 215,2 milh\u00f5es.<\/p>\n<p>A <a href=\"https:\/\/www.suno.com.br\/artigos\/o-que-receita-liquida\/\">receita l\u00edquida<\/a> neste trimestre chegou a R$ 2,45 bilh\u00f5es, com uma baixa de 12% em rela\u00e7\u00e3o ao igual per\u00edodo do ano passado e de 5% em compara\u00e7\u00e3o ao trimestre encerrado em junho.<\/p>\n<h2>TVs<\/h2>\n<p>Outro produto muito procurado pelos brasileiros durante a <strong>Black Friday<\/strong> s\u00e3o as televis\u00f5es. Segundo o portal www.zoom.com.br, as Smart TVs mais vendidas no Pa\u00eds tem um pre\u00e7o m\u00e9dio entre R$ 764,35 a R$ 2.395.<\/p>\n<p>A televis\u00e3o mais desejada pelos consumidores \u00e9 a TV LED 49&#8243; Samsung S\u00e9rie 7 4K HDR que tem o valor de R$ 2.395. Por esse valor, o especialista da <strong>SUNO Research<\/strong> informou que o melhor lote seria da <strong>Alpargatas (ALPA3),<\/strong> que tem um pre\u00e7o de cerca de R$ 2.396,00.<\/p>\n<p>A <strong>Alpargatas<\/strong> \u00e9 uma ind\u00fastria brasileira e l\u00edder no setor de cal\u00e7ados na Am\u00e9rica Latina. \u00c9 detentora de marcas como Havaianas, Dup\u00e9, Osklen, Topper e Mizuno.<\/p>\n<p><a href=\"\/\/www.suno.com.br\/noticias\/klabin-lucro-liquido-r-2152-milhoes-3o-trimestre\/\">Saiba Mais: Klabin registra lucro l\u00edquido de R$ 215,2 milh\u00f5es no 3\u00ba trimestre<\/a><\/p>\n<p>A Alpargatas (ALPA4) registrou uma queda do lucro l\u00edquido consolidado de 51,2% no terceiro trimestre de 2019 em compara\u00e7\u00e3o ao mesmo per\u00edodo em 2018. O montante alcan\u00e7ado foi de R$ 58,5 milh\u00f5es. Por sua vez, o <strong>lucro<\/strong> <strong>l\u00edquido<\/strong> atribu\u00eddo aos acionistas controladores da <strong>Alpargatas<\/strong> foi de R$ 66,3 milh\u00f5es. Uma queda de 45,2% na compara\u00e7\u00e3o com o mesmo per\u00edodo de 2018.<\/p>\n<h2>Invista mas com cuidado<\/h2>\n<p>\u00c9 dif\u00edcil encontrar algu\u00e9m que n\u00e3o tenha planos de comprar ao menos um produto na <strong>Black Friday.<\/strong> No entanto, as mercadorias s\u00e3o<a href=\"https:\/\/www.suno.com.br\/artigos\/passivo-financeiro\/\"> passivos financeiros<\/a>. Dessa forma, investir nas a\u00e7\u00f5es indicadas trariam ativos financeiros.<\/p>\n\t<p>\n\t\t<a href=\"https:\/\/lp.suno.com.br\/pv\/sr-premium\/trial-1-real\/\" target=\"_blank\" data-element=\"shortcode-suno-banner\" title=\"Banner SUNO, clique e saiba mais\">\n\t\t\t<picture>\n\t\t\t\t<source media=\"(max-width: 500px)\" srcset=\"https:\/\/files.sunoresearch.com.br\/n\/uploads\/2024\/04\/400x300-Banner-Home-2.png\">\n\t\t\t\t<img class=\"newsContent__article__imgCapa newsContent__article__imgCapa--banner\"\n\t\t\t\t\tsrc=\"https:\/\/files.sunoresearch.com.br\/n\/uploads\/2024\/04\/1420x240-Banner-Home-2.png\"\n\t\t\t\t\tdata-promo-id=\"541556\"\t\t\t\t\t\t\t\t\t\twidth='1420' height='240'\t\t\t\t\talt=\"https:\/\/files.sunoresearch.com.br\/n\/uploads\/2024\/04\/1420x240-Banner-Home-2.png\"\n\t\t\t\t>\n\t\t\t<\/picture>\n\t\t<\/a>\n\t<\/p>\n\n\n<p>Por\u00e9m, antes de qualquer investimento em <a href=\"https:\/\/www.youtube.com\/watch?v=ARHsj34MDKw\"><strong>a\u00e7\u00f5es<\/strong><\/a> \u00e9 importante ressaltar que quitar as d\u00edvidas deve sempre ser a prioridade. Os analistas da <strong>SUNO Research<\/strong> sempre salientam que \u00e9 necess\u00e1rio antes poupar dinheiro para depois investir, e nunca se endividar para investir ou investir endividado.<\/p>\n<p>Al\u00e9m disso, essa mat\u00e9ria n\u00e3o se configura em nenhuma forma como indica\u00e7\u00e3o de compra ou venda de a\u00e7\u00f5es durante a <strong>Black Friday.<\/strong> Para ter aceso aos relat\u00f3rios completos da <strong>SUNO Research<\/strong> acesse nosso site: www.suno.com.br.<\/p>\n","protected":false},"excerpt":{"rendered":"<p>A Black Friday, na tradu\u00e7\u00e3o literal do ingl\u00eas &#8220;Sexta-feira preta&#8221;, \u00e9 o dia que inaugura a temporada de compras do final do ano, com grandes promo\u00e7\u00f5es oferecidas por muitas lojas. Nos Estados Unidos a tradi\u00e7\u00e3o sempre foi de vender produtos com grandes descontos na \u00faltima sexta-feira do m\u00eas de novembro. Lojas devem faturar R$ 3,45 [&hellip;]<\/p>\n","protected":false},"author":15,"featured_media":44802,"comment_status":"closed","ping_status":"closed","sticky":false,"template":"","format":"standard","meta":[],"categories":[64],"tags":[286,768],"suno_strategy":[],"class_list":["post-44800","post","type-post","status-publish","format-standard","has-post-thumbnail","hentry","category-negocios","tag-acoes","tag-black-friday"],"yoast_head":"<!-- This site is optimized with the Yoast SEO plugin v24.4 - https:\/\/yoast.com\/wordpress\/plugins\/seo\/ -->\n<title>Confira 4 a\u00e7\u00f5es com pre\u00e7o dos produtos mais comprados na Black Friday<\/title>\n<meta name=\"description\" content=\"N\u00f3s da SUNO preparamos para voc\u00ea a\u00e7\u00f5es que poder\u00e3o ser compradas pelo valor dos produtos favoritos da Black Friday. Clique aqui e saiba mais\" \/>\n<meta name=\"robots\" content=\"index, follow, max-snippet:-1, max-image-preview:large, max-video-preview:-1\" \/>\n<link rel=\"canonical\" href=\"https:\/\/www.suno.com.br\/noticias\/black-friday-acao-produtos-desconto-oferta\/\" \/>\n<meta property=\"og:locale\" content=\"pt_BR\" \/>\n<meta property=\"og:type\" content=\"article\" \/>\n<meta property=\"og:title\" content=\"Confira 4 a\u00e7\u00f5es com pre\u00e7o dos produtos mais comprados na Black Friday\" \/>\n<meta property=\"og:description\" content=\"N\u00f3s da SUNO preparamos para voc\u00ea a\u00e7\u00f5es que poder\u00e3o ser compradas pelo valor dos produtos favoritos da Black Friday. Clique aqui e saiba mais\" \/>\n<meta property=\"og:url\" content=\"https:\/\/www.suno.com.br\/noticias\/black-friday-acao-produtos-desconto-oferta\/\" \/>\n<meta property=\"og:site_name\" content=\"Suno Not\u00edcias\" \/>\n<meta property=\"article:publisher\" content=\"https:\/\/facebook.com\/sunoresearch\" \/>\n<meta property=\"og:image\" content=\"https:\/\/files.sunoresearch.com.br\/n\/uploads\/2019\/11\/f91a74a3-black-friday-morning.jpg\" \/>\n\t<meta property=\"og:image:width\" content=\"940\" \/>\n\t<meta property=\"og:image:height\" content=\"615\" \/>\n\t<meta property=\"og:image:type\" content=\"image\/jpeg\" \/>\n<meta name=\"author\" content=\"Poliana Santos\" \/>\n<meta name=\"twitter:card\" content=\"summary_large_image\" \/>\n<meta name=\"twitter:creator\" content=\"@sunoresearch\" \/>\n<meta name=\"twitter:site\" content=\"@sunoresearch\" \/>\n<meta name=\"twitter:label1\" content=\"Escrito por\" \/>\n\t<meta name=\"twitter:data1\" content=\"Poliana Santos\" \/>\n\t<meta name=\"twitter:label2\" content=\"Est. tempo de leitura\" \/>\n\t<meta name=\"twitter:data2\" content=\"5 minutos\" \/>\n<script type=\"application\/ld+json\" class=\"yoast-schema-graph\">{\"@context\":\"https:\/\/schema.org\",\"@graph\":[{\"@type\":\"NewsArticle\",\"@id\":\"https:\/\/www.suno.com.br\/noticias\/black-friday-acao-produtos-desconto-oferta\/#article\",\"isPartOf\":{\"@id\":\"https:\/\/www.suno.com.br\/noticias\/black-friday-acao-produtos-desconto-oferta\/\"},\"author\":{\"name\":\"Poliana Santos\",\"@id\":\"https:\/\/www.suno.com.br\/noticias\/#\/schema\/person\/02ec1f752758247878a2bf4abee1aeda\"},\"headline\":\"Confira 4 a\u00e7\u00f5es com pre\u00e7o dos produtos mais comprados na Black Friday\",\"datePublished\":\"2019-11-16T16:32:01+00:00\",\"dateModified\":\"2019-11-16T22:01:25+00:00\",\"mainEntityOfPage\":{\"@id\":\"https:\/\/www.suno.com.br\/noticias\/black-friday-acao-produtos-desconto-oferta\/\"},\"wordCount\":1003,\"publisher\":{\"@id\":\"https:\/\/www.suno.com.br\/noticias\/#organization\"},\"image\":{\"@id\":\"https:\/\/www.suno.com.br\/noticias\/black-friday-acao-produtos-desconto-oferta\/#primaryimage\"},\"thumbnailUrl\":\"https:\/\/files.sunoresearch.com.br\/n\/uploads\/2019\/11\/f91a74a3-black-friday-morning-jpg.webp\",\"keywords\":[\"A\u00e7\u00f5es\",\"Black Friday\"],\"articleSection\":[\"Neg\u00f3cios\"],\"inLanguage\":\"pt-BR\"},{\"@type\":\"WebPage\",\"@id\":\"https:\/\/www.suno.com.br\/noticias\/black-friday-acao-produtos-desconto-oferta\/\",\"url\":\"https:\/\/www.suno.com.br\/noticias\/black-friday-acao-produtos-desconto-oferta\/\",\"name\":\"Confira 4 a\u00e7\u00f5es com pre\u00e7o dos produtos mais comprados na Black Friday\",\"isPartOf\":{\"@id\":\"https:\/\/www.suno.com.br\/noticias\/#website\"},\"primaryImageOfPage\":{\"@id\":\"https:\/\/www.suno.com.br\/noticias\/black-friday-acao-produtos-desconto-oferta\/#primaryimage\"},\"image\":{\"@id\":\"https:\/\/www.suno.com.br\/noticias\/black-friday-acao-produtos-desconto-oferta\/#primaryimage\"},\"thumbnailUrl\":\"https:\/\/files.sunoresearch.com.br\/n\/uploads\/2019\/11\/f91a74a3-black-friday-morning-jpg.webp\",\"datePublished\":\"2019-11-16T16:32:01+00:00\",\"dateModified\":\"2019-11-16T22:01:25+00:00\",\"description\":\"N\u00f3s da SUNO preparamos para voc\u00ea a\u00e7\u00f5es que poder\u00e3o ser compradas pelo valor dos produtos favoritos da Black Friday. Clique aqui e saiba mais\",\"breadcrumb\":{\"@id\":\"https:\/\/www.suno.com.br\/noticias\/black-friday-acao-produtos-desconto-oferta\/#breadcrumb\"},\"inLanguage\":\"pt-BR\",\"potentialAction\":[{\"@type\":\"ReadAction\",\"target\":[\"https:\/\/www.suno.com.br\/noticias\/black-friday-acao-produtos-desconto-oferta\/\"]}]},{\"@type\":\"ImageObject\",\"inLanguage\":\"pt-BR\",\"@id\":\"https:\/\/www.suno.com.br\/noticias\/black-friday-acao-produtos-desconto-oferta\/#primaryimage\",\"url\":\"https:\/\/files.sunoresearch.com.br\/n\/uploads\/2019\/11\/f91a74a3-black-friday-morning-jpg.webp\",\"contentUrl\":\"https:\/\/files.sunoresearch.com.br\/n\/uploads\/2019\/11\/f91a74a3-black-friday-morning-jpg.webp\",\"width\":940,\"height\":615,\"caption\":\"Lojas devem faturar R$ 3,45 bilh\u00f5es na Black Friday, aponta ABComm\"},{\"@type\":\"BreadcrumbList\",\"@id\":\"https:\/\/www.suno.com.br\/noticias\/black-friday-acao-produtos-desconto-oferta\/#breadcrumb\",\"itemListElement\":[{\"@type\":\"ListItem\",\"position\":1,\"name\":\"Not\u00edcias\",\"item\":\"https:\/\/www.suno.com.br\/noticias\/\"},{\"@type\":\"ListItem\",\"position\":2,\"name\":\"Neg\u00f3cios\",\"item\":\"https:\/\/www.suno.com.br\/noticias\/negocios\/\"},{\"@type\":\"ListItem\",\"position\":3,\"name\":\"Confira 4 a\u00e7\u00f5es com pre\u00e7o dos produtos mais comprados na Black Friday\"}]},{\"@type\":\"WebSite\",\"@id\":\"https:\/\/www.suno.com.br\/noticias\/#website\",\"url\":\"https:\/\/www.suno.com.br\/noticias\/\",\"name\":\"Suno Not\u00edcias\",\"description\":\"Seu portal de informa\u00e7\u00e3o sobre o mundo dos investimentos\",\"publisher\":{\"@id\":\"https:\/\/www.suno.com.br\/noticias\/#organization\"},\"potentialAction\":[{\"@type\":\"SearchAction\",\"target\":{\"@type\":\"EntryPoint\",\"urlTemplate\":\"https:\/\/www.suno.com.br\/noticias\/?s={search_term_string}\"},\"query-input\":{\"@type\":\"PropertyValueSpecification\",\"valueRequired\":true,\"valueName\":\"search_term_string\"}}],\"inLanguage\":\"pt-BR\"},{\"@type\":\"Organization\",\"@id\":\"https:\/\/www.suno.com.br\/noticias\/#organization\",\"name\":\"Suno Not\u00edcias\",\"url\":\"https:\/\/www.suno.com.br\/noticias\/\",\"logo\":{\"@type\":\"ImageObject\",\"inLanguage\":\"pt-BR\",\"@id\":\"https:\/\/www.suno.com.br\/noticias\/#\/schema\/logo\/image\/\",\"url\":\"https:\/\/files.sunoresearch.com.br\/n\/uploads\/2021\/09\/suno-logo.png\",\"contentUrl\":\"https:\/\/files.sunoresearch.com.br\/n\/uploads\/2021\/09\/suno-logo.png\",\"width\":180,\"height\":180,\"caption\":\"Suno Not\u00edcias\"},\"image\":{\"@id\":\"https:\/\/www.suno.com.br\/noticias\/#\/schema\/logo\/image\/\"},\"sameAs\":[\"https:\/\/facebook.com\/sunoresearch\",\"https:\/\/x.com\/sunoresearch\",\"https:\/\/www.instagram.com\/suno\",\"https:\/\/www.linkedin.com\/company\/suno-research\/\",\"https:\/\/www.youtube.com\/c\/sunoresearch\"]},{\"@type\":\"Person\",\"@id\":\"https:\/\/www.suno.com.br\/noticias\/#\/schema\/person\/02ec1f752758247878a2bf4abee1aeda\",\"name\":\"Poliana Santos\",\"image\":{\"@type\":\"ImageObject\",\"inLanguage\":\"pt-BR\",\"@id\":\"https:\/\/www.suno.com.br\/noticias\/#\/schema\/person\/image\/\",\"url\":\"https:\/\/secure.gravatar.com\/avatar\/0645bd32f23d87b2130f2b2dff1d3f8d?s=96&r=g\",\"contentUrl\":\"https:\/\/secure.gravatar.com\/avatar\/0645bd32f23d87b2130f2b2dff1d3f8d?s=96&r=g\",\"caption\":\"Poliana Santos\"},\"description\":\"Rep\u00f3rter no Suno Not\u00edcias, com cobertura em mercado financeiro, economia, finan\u00e7as pessoais, renda fixa e varejo. Jornalista formada pela Faculdade C\u00e1sper L\u00edbero e possui passagem na R\u00e1dio Gazeta AM com a produ\u00e7\u00e3o de conte\u00fado sobre economia, pol\u00edtica, sa\u00fade, moda e m\u00fasica. Possui certificado de conclus\u00e3o do curso de An\u00e1lise de Balan\u00e7os pela Funda\u00e7\u00e3o Bradesco, Agenda Brasil pela FAAP, Educa\u00e7\u00e3o Pol\u00edtica por Alexandre Garcia e do Tesouro Direto e Mercado de A\u00e7\u00f5es pela B3.\",\"url\":\"https:\/\/www.suno.com.br\/noticias\/author\/poliana-santos\/\"}]}<\/script>\n<!-- \/ Yoast SEO plugin. -->","yoast_head_json":{"title":"Confira 4 a\u00e7\u00f5es com pre\u00e7o dos produtos mais comprados na Black Friday","description":"N\u00f3s da SUNO preparamos para voc\u00ea a\u00e7\u00f5es que poder\u00e3o ser compradas pelo valor dos produtos favoritos da Black Friday. Clique aqui e saiba mais","robots":{"index":"index","follow":"follow","max-snippet":"max-snippet:-1","max-image-preview":"max-image-preview:large","max-video-preview":"max-video-preview:-1"},"canonical":"https:\/\/www.suno.com.br\/noticias\/black-friday-acao-produtos-desconto-oferta\/","og_locale":"pt_BR","og_type":"article","og_title":"Confira 4 a\u00e7\u00f5es com pre\u00e7o dos produtos mais comprados na Black Friday","og_description":"N\u00f3s da SUNO preparamos para voc\u00ea a\u00e7\u00f5es que poder\u00e3o ser compradas pelo valor dos produtos favoritos da Black Friday. Clique aqui e saiba mais","og_url":"https:\/\/www.suno.com.br\/noticias\/black-friday-acao-produtos-desconto-oferta\/","og_site_name":"Suno Not\u00edcias","article_publisher":"https:\/\/facebook.com\/sunoresearch","og_image":[{"width":940,"height":615,"url":"https:\/\/files.sunoresearch.com.br\/n\/uploads\/2019\/11\/f91a74a3-black-friday-morning.jpg","type":"image\/jpeg"}],"author":"Poliana Santos","twitter_card":"summary_large_image","twitter_creator":"@sunoresearch","twitter_site":"@sunoresearch","twitter_misc":{"Escrito por":"Poliana Santos","Est. tempo de leitura":"5 minutos"},"schema":{"@context":"https:\/\/schema.org","@graph":[{"@type":"NewsArticle","@id":"https:\/\/www.suno.com.br\/noticias\/black-friday-acao-produtos-desconto-oferta\/#article","isPartOf":{"@id":"https:\/\/www.suno.com.br\/noticias\/black-friday-acao-produtos-desconto-oferta\/"},"author":{"name":"Poliana Santos","@id":"https:\/\/www.suno.com.br\/noticias\/#\/schema\/person\/02ec1f752758247878a2bf4abee1aeda"},"headline":"Confira 4 a\u00e7\u00f5es com pre\u00e7o dos produtos mais comprados na Black Friday","datePublished":"2019-11-16T16:32:01+00:00","dateModified":"2019-11-16T22:01:25+00:00","mainEntityOfPage":{"@id":"https:\/\/www.suno.com.br\/noticias\/black-friday-acao-produtos-desconto-oferta\/"},"wordCount":1003,"publisher":{"@id":"https:\/\/www.suno.com.br\/noticias\/#organization"},"image":{"@id":"https:\/\/www.suno.com.br\/noticias\/black-friday-acao-produtos-desconto-oferta\/#primaryimage"},"thumbnailUrl":"https:\/\/files.sunoresearch.com.br\/n\/uploads\/2019\/11\/f91a74a3-black-friday-morning-jpg.webp","keywords":["A\u00e7\u00f5es","Black Friday"],"articleSection":["Neg\u00f3cios"],"inLanguage":"pt-BR"},{"@type":"WebPage","@id":"https:\/\/www.suno.com.br\/noticias\/black-friday-acao-produtos-desconto-oferta\/","url":"https:\/\/www.suno.com.br\/noticias\/black-friday-acao-produtos-desconto-oferta\/","name":"Confira 4 a\u00e7\u00f5es com pre\u00e7o dos produtos mais comprados na Black Friday","isPartOf":{"@id":"https:\/\/www.suno.com.br\/noticias\/#website"},"primaryImageOfPage":{"@id":"https:\/\/www.suno.com.br\/noticias\/black-friday-acao-produtos-desconto-oferta\/#primaryimage"},"image":{"@id":"https:\/\/www.suno.com.br\/noticias\/black-friday-acao-produtos-desconto-oferta\/#primaryimage"},"thumbnailUrl":"https:\/\/files.sunoresearch.com.br\/n\/uploads\/2019\/11\/f91a74a3-black-friday-morning-jpg.webp","datePublished":"2019-11-16T16:32:01+00:00","dateModified":"2019-11-16T22:01:25+00:00","description":"N\u00f3s da SUNO preparamos para voc\u00ea a\u00e7\u00f5es que poder\u00e3o ser compradas pelo valor dos produtos favoritos da Black Friday. Clique aqui e saiba mais","breadcrumb":{"@id":"https:\/\/www.suno.com.br\/noticias\/black-friday-acao-produtos-desconto-oferta\/#breadcrumb"},"inLanguage":"pt-BR","potentialAction":[{"@type":"ReadAction","target":["https:\/\/www.suno.com.br\/noticias\/black-friday-acao-produtos-desconto-oferta\/"]}]},{"@type":"ImageObject","inLanguage":"pt-BR","@id":"https:\/\/www.suno.com.br\/noticias\/black-friday-acao-produtos-desconto-oferta\/#primaryimage","url":"https:\/\/files.sunoresearch.com.br\/n\/uploads\/2019\/11\/f91a74a3-black-friday-morning-jpg.webp","contentUrl":"https:\/\/files.sunoresearch.com.br\/n\/uploads\/2019\/11\/f91a74a3-black-friday-morning-jpg.webp","width":940,"height":615,"caption":"Lojas devem faturar R$ 3,45 bilh\u00f5es na Black Friday, aponta ABComm"},{"@type":"BreadcrumbList","@id":"https:\/\/www.suno.com.br\/noticias\/black-friday-acao-produtos-desconto-oferta\/#breadcrumb","itemListElement":[{"@type":"ListItem","position":1,"name":"Not\u00edcias","item":"https:\/\/www.suno.com.br\/noticias\/"},{"@type":"ListItem","position":2,"name":"Neg\u00f3cios","item":"https:\/\/www.suno.com.br\/noticias\/negocios\/"},{"@type":"ListItem","position":3,"name":"Confira 4 a\u00e7\u00f5es com pre\u00e7o dos produtos mais comprados na Black Friday"}]},{"@type":"WebSite","@id":"https:\/\/www.suno.com.br\/noticias\/#website","url":"https:\/\/www.suno.com.br\/noticias\/","name":"Suno Not\u00edcias","description":"Seu portal de informa\u00e7\u00e3o sobre o mundo dos investimentos","publisher":{"@id":"https:\/\/www.suno.com.br\/noticias\/#organization"},"potentialAction":[{"@type":"SearchAction","target":{"@type":"EntryPoint","urlTemplate":"https:\/\/www.suno.com.br\/noticias\/?s={search_term_string}"},"query-input":{"@type":"PropertyValueSpecification","valueRequired":true,"valueName":"search_term_string"}}],"inLanguage":"pt-BR"},{"@type":"Organization","@id":"https:\/\/www.suno.com.br\/noticias\/#organization","name":"Suno Not\u00edcias","url":"https:\/\/www.suno.com.br\/noticias\/","logo":{"@type":"ImageObject","inLanguage":"pt-BR","@id":"https:\/\/www.suno.com.br\/noticias\/#\/schema\/logo\/image\/","url":"https:\/\/files.sunoresearch.com.br\/n\/uploads\/2021\/09\/suno-logo.png","contentUrl":"https:\/\/files.sunoresearch.com.br\/n\/uploads\/2021\/09\/suno-logo.png","width":180,"height":180,"caption":"Suno Not\u00edcias"},"image":{"@id":"https:\/\/www.suno.com.br\/noticias\/#\/schema\/logo\/image\/"},"sameAs":["https:\/\/facebook.com\/sunoresearch","https:\/\/x.com\/sunoresearch","https:\/\/www.instagram.com\/suno","https:\/\/www.linkedin.com\/company\/suno-research\/","https:\/\/www.youtube.com\/c\/sunoresearch"]},{"@type":"Person","@id":"https:\/\/www.suno.com.br\/noticias\/#\/schema\/person\/02ec1f752758247878a2bf4abee1aeda","name":"Poliana Santos","image":{"@type":"ImageObject","inLanguage":"pt-BR","@id":"https:\/\/www.suno.com.br\/noticias\/#\/schema\/person\/image\/","url":"https:\/\/secure.gravatar.com\/avatar\/0645bd32f23d87b2130f2b2dff1d3f8d?s=96&r=g","contentUrl":"https:\/\/secure.gravatar.com\/avatar\/0645bd32f23d87b2130f2b2dff1d3f8d?s=96&r=g","caption":"Poliana Santos"},"description":"Rep\u00f3rter no Suno Not\u00edcias, com cobertura em mercado financeiro, economia, finan\u00e7as pessoais, renda fixa e varejo. Jornalista formada pela Faculdade C\u00e1sper L\u00edbero e possui passagem na R\u00e1dio Gazeta AM com a produ\u00e7\u00e3o de conte\u00fado sobre economia, pol\u00edtica, sa\u00fade, moda e m\u00fasica. Possui certificado de conclus\u00e3o do curso de An\u00e1lise de Balan\u00e7os pela Funda\u00e7\u00e3o Bradesco, Agenda Brasil pela FAAP, Educa\u00e7\u00e3o Pol\u00edtica por Alexandre Garcia e do Tesouro Direto e Mercado de A\u00e7\u00f5es pela B3.","url":"https:\/\/www.suno.com.br\/noticias\/author\/poliana-santos\/"}]}},"default_loop_html":"<div class=\"cardsPage__listCard__boxs\"><div class=\"cardsPage__listCard__boxs__img\"><a href=\"https:\/\/www.suno.com.br\/noticias\/black-friday-acao-produtos-desconto-oferta\/\"><img class=\"mask\" src=\"https:\/\/www.suno.com.br\/noticias\/wp-content\/themes\/suno\/resources\/images\/spotlight\/spotlight1img\/bg-mask.png\" alt=\"Image Mask\"\/><img src=\"https:\/\/files.sunoresearch.com.br\/n\/uploads\/2019\/11\/f91a74a3-black-friday-morning-400x200.webp\" alt=\"Confira 4 a\u00e7\u00f5es com pre\u00e7o dos produtos mais comprados na Black Friday\"\/><\/a><span class=\"spotlightCategory\"><a href=\"https:\/\/www.suno.com.br\/noticias\/negocios\/\">Neg\u00f3cios<\/a><\/span><\/div><div class=\"cardsPage__listCard__boxs__content\"><a href=\"https:\/\/www.suno.com.br\/noticias\/black-friday-acao-produtos-desconto-oferta\/\"><h2 class=\"content__title\">Confira 4 a\u00e7\u00f5es com pre\u00e7o dos produtos mais comprados na Black Friday<\/h2><\/a><div class=\"newsContent__article__meta\"><div class=\"newsContent__article__meta__authorBox\"><a href=\"https:\/\/www.suno.com.br\/noticias\/author\/poliana-santos\/\" class=\"authorBox__avatar noMobi\"><img src=\"https:\/\/files.sunoresearch.com.br\/n\/uploads\/2020\/08\/7ef34026-whatsapp-image-2020-08-03-at-12.37.57-150x150.webp\" alt=\"Poliana Santos\"><\/a><div class=\"authorBox__name\"><span>por\n\t\t\t<a href=\"https:\/\/www.suno.com.br\/noticias\/author\/poliana-santos\/\"><span itemprop=\"author\">Poliana Santos<\/span><\/a><\/span><time datetime=\"2019-11-16T14:32:01-03:00\" itemprop=\"datePublished\">16\/11\/2019 14:32<\/time><\/div><\/div><\/div><\/div><\/div>","single_layout":"posts","amp_enabled":true,"_links":{"self":[{"href":"https:\/\/www.suno.com.br\/noticias\/wp-json\/wp\/v2\/posts\/44800"}],"collection":[{"href":"https:\/\/www.suno.com.br\/noticias\/wp-json\/wp\/v2\/posts"}],"about":[{"href":"https:\/\/www.suno.com.br\/noticias\/wp-json\/wp\/v2\/types\/post"}],"author":[{"embeddable":true,"href":"https:\/\/www.suno.com.br\/noticias\/wp-json\/wp\/v2\/users\/15"}],"replies":[{"embeddable":true,"href":"https:\/\/www.suno.com.br\/noticias\/wp-json\/wp\/v2\/comments?post=44800"}],"version-history":[{"count":0,"href":"https:\/\/www.suno.com.br\/noticias\/wp-json\/wp\/v2\/posts\/44800\/revisions"}],"wp:featuredmedia":[{"embeddable":true,"href":"https:\/\/www.suno.com.br\/noticias\/wp-json\/wp\/v2\/media\/44802"}],"wp:attachment":[{"href":"https:\/\/www.suno.com.br\/noticias\/wp-json\/wp\/v2\/media?parent=44800"}],"wp:term":[{"taxonomy":"category","embeddable":true,"href":"https:\/\/www.suno.com.br\/noticias\/wp-json\/wp\/v2\/categories?post=44800"},{"taxonomy":"post_tag","embeddable":true,"href":"https:\/\/www.suno.com.br\/noticias\/wp-json\/wp\/v2\/tags?post=44800"},{"taxonomy":"suno_strategy","embeddable":true,"href":"https:\/\/www.suno.com.br\/noticias\/wp-json\/wp\/v2\/suno_strategy?post=44800"}],"curies":[{"name":"wp","href":"https:\/\/api.w.org\/{rel}","templated":true}]}}