{"id":44797,"date":"2019-11-17T17:30:51","date_gmt":"2019-11-17T19:30:51","guid":{"rendered":"https:\/\/www.suno.com.br\/noticias\/?p=44797"},"modified":"2019-11-17T15:04:06","modified_gmt":"2019-11-17T17:04:06","slug":"semana-internacional-facebook-guerra-comercial-bolivia","status":"publish","type":"post","link":"https:\/\/www.suno.com.br\/noticias\/semana-internacional-facebook-guerra-comercial-bolivia\/","title":{"rendered":"Semana Internacional: Facebook, guerra comercial e Bol\u00edvia"},"content":{"rendered":"<p>As not\u00edcias econ\u00f4micas e pol\u00edticas internacionais agitaram os mercados nos \u00faltimos dias. Os investidores mostraram-se atentos aos assuntos corporativos e da pol\u00edticos. Confira as principais not\u00edcias da <a href=\"https:\/\/www.youtube.com\/channel\/UCWDeEIDAIi_oYKDiqwfGyRg\">Semana Internacional<\/a>.<\/p>\t<div class=\"wrapper-featured-image\">\n\t\t<figure class=\"spotlightImg\">\n\n\t\t\t<picture>\n\t\t\t\t<source media=\"(max-width: 768px)\" srcset=\"https:\/\/files.sunoresearch.com.br\/n\/uploads\/2019\/11\/12afd339-facebook-400x200.webp\">\n\t\t\t\t<img loading=\"lazy\" decoding=\"async\" class=\"newsContent__article__imgCapa lazyloadDisabled newsContent__article__imgCapa--noCaption\" src=\"https:\/\/files.sunoresearch.com.br\/n\/uploads\/2019\/11\/12afd339-facebook-800x450.webp\" width=\"800\" height=\"450\" alt=\"Semana Internacional: Facebook, guerra comercial e Bol\u00edvia\" fetchpriority=high \/>\n\t\t\t<\/picture>\n\n\t\t\t<figcaption class=\"wp-caption-text wp-caption-text--hide\">Facebook estende at\u00e9 31 de agosto programa para PMEs.<\/figcaption>\n\t\t<\/figure>\n\t<\/div>\n\n\n\n<p>O <strong>Facebook<\/strong> (<a href=\"https:\/\/www.suno.com.br\/artigos\/nasdaq\/\">NASDAQ<\/a>: FB) \u00e9 o destaque da <strong>Semana Internacional<\/strong>. A gigante norte-americana anunciou na \u00faltima ter\u00e7a-feira (12) que ir\u00e1 lan\u00e7ar um novo servi\u00e7o de pagamento.<\/p>\n<p>O <strong>Facebook Pay<\/strong> far\u00e1 transa\u00e7\u00f5es financeiras em suas diferentes plataformas de redes sociais, incluindo WhatsApp, Instagram, Messenger e o pr\u00f3prio Facebook.<\/p>\n<p>Inicialmente ir\u00e1 operar apenas nos Estados Unidos, e vai utilizar estruturas financeiras j\u00e1 existentes, portanto, n\u00e3o est\u00e1 atrelada ao projeto da moeda digital, a Libra.<\/p>\n<p><a href=\"https:\/\/www.suno.com.br\/noticias\/facebook-alta-19-lucro-liquido-terceiro-trimestre\/\">Confira: Facebook tem alta de 19% no lucro l\u00edquido do 3T19 para US$ 6,09 bi<\/a><\/p>\n<p>O <strong>Wells Fargo<\/strong> (<a href=\"https:\/\/www.suno.com.br\/artigos\/nyse\/\">NYSE<\/a>: WFC), uma das maiores institui\u00e7\u00f5es banc\u00e1rias dos EUA, foi ordenado a pagar US$ 200 milh\u00f5es ao <strong>USAA<\/strong> (United Services Automobile Association), uma associa\u00e7\u00e3o de seguros e investimentos, focada em atendimento ao p\u00fablico das for\u00e7as armadas.<\/p>\n<p>Segundo o j\u00fari do Tribunal Distrital do Texas, o Wells Fargo infringiu duas patentes da USAA na capta\u00e7\u00e3o de dep\u00f3sitos em cheques realizados por dispositivos m\u00f3veis. A USAA afirma ter sido a primeira institui\u00e7\u00e3o que liberou os dep\u00f3sitos m\u00f3veis, tendo criado o recurso em 2005. O processo teve inicio em junho de 2008.<\/p>\n<p>Segundo o jornal &#8220;The Wall Street Journal&#8221;, o <strong>Google<\/strong> (NASDAQ: GOOGL) oferecer\u00e1 contas correntes a usu\u00e1rios em 2020. O projeto se chamar\u00e1 &#8220;<strong>Cache<\/strong>&#8221; e est\u00e1 em desenvolvimento com o banco Citi e uma cooperativa de cr\u00e9dito da Universidade de Stanford.<\/p>\n\t<p>\n\t\t<a href=\"https:\/\/lp.suno.com.br\/asset\/fundos\/suno-fic-fia\/\" target=\"_blank\" data-element=\"shortcode-suno-banner\" title=\"Banner SUNO, clique e saiba mais\">\n\t\t\t<picture>\n\t\t\t\t<source media=\"(max-width: 500px)\" srcset=\"https:\/\/files.sunoresearch.com.br\/n\/uploads\/2023\/10\/SUNO-FIC-FIA-400x300-Mobile-Artigos-5-v2.png\">\n\t\t\t\t<img class=\"newsContent__article__imgCapa newsContent__article__imgCapa--banner\"\n\t\t\t\t\tsrc=\"https:\/\/files.sunoresearch.com.br\/n\/uploads\/2023\/10\/SUNO-FIC-FIA-1420x240-Banner-Artigos-1-_-Banner-Materias-4-v2-png.webp\"\n\t\t\t\t\tdata-promo-id=\"478743\"\t\t\t\t\t\t\t\t\t\twidth='2560' height='433'\t\t\t\t\talt=\"https:\/\/files.sunoresearch.com.br\/n\/uploads\/2023\/10\/SUNO-FIC-FIA-1420x240-Banner-Artigos-1-_-Banner-Materias-4-v2-png.webp\"\n\t\t\t\t>\n\t\t\t<\/picture>\n\t\t<\/a>\n\t<\/p>\n\n\n<p>&#8220;Nossa estrat\u00e9gia \u00e9 de sermos grandes parceiros de bancos e do sistema financeiro&#8221;, afirmou Caesar Sengupta, vice-presidente de pagamentos do Google. O jornal relatou que existe uma grande quantidade de dados e informa\u00e7\u00f5es sobre gastos dos consumidores e sobre renda em contas banc\u00e1rias.<\/p>\n<p>Na \u00faltima quarta-feira (13), o <a href=\"https:\/\/www.suno.com.br\/artigos\/cade\/\">Conselho Administrativo de Defesa Econ\u00f4mica (Cade)<\/a> anunciou que revisar\u00e1 a compra da Fox pela <strong>Disney<\/strong> (NYSE: DIS). O <strong>Cade<\/strong> fixou prazo para o desinvestimento do canal. O prazo, apesar do esfor\u00e7o de ambas as partes, n\u00e3o foi cumprido. Dessa forma, a venda n\u00e3o foi concretizada. Assim, a autarquia decidiu revisar a opera\u00e7\u00e3o.<\/p>\n<p>Al\u00e9m disso, na \u00faltima ter\u00e7a-feira (12), a Disney lan\u00e7ou o seu servi\u00e7o de streaming, o <strong>Disney +<\/strong>. O produto da companhia estadunidense, que ir\u00e1 competir com <strong>Netflix<\/strong> e <strong>HBO<\/strong>, ir\u00e1 ofertar uma imensa colet\u00e2nea de filmes e s\u00e9ries, tradicionais e exclusivas. A meta \u00e9 atingir de 60 milh\u00f5es a 90 milh\u00f5es de usu\u00e1rios at\u00e9 2024.<\/p>\n<p><a href=\"https:\/\/www.suno.com.br\/noticias\/disney-registra-lucro-3972-menor-terceiro-trimestre\/\">Saiba mais: Disney registra lucro l\u00edquido 39,72% menor no terceiro trimestre fiscal<\/a><\/p>\n<p>Na \u00faltima ter\u00e7a, em evento ocorrido em S\u00e3o Paulo, a estrategista em a\u00e7\u00f5es para Am\u00e9rica Latina e Brasil da <strong>J.P. Morgan<\/strong> (NYSE: JPM) afirma que o maior banco dos EUA est\u00e1 &#8220;super comprado com o <strong>Brasil<\/strong>&#8220;. Segundo ela, a perspectiva de retomada do crescimento econ\u00f4mico, em meio a juros baixos e avan\u00e7o nas reformas, faz com que o Pa\u00eds esteja em um momento \u00fanico dentre os emergentes.<\/p>\n<p>Para a especialista, a sa\u00edda de recursos da <a href=\"https:\/\/www.suno.com.br\/artigos\/b3\/\">Bolsa de Valores (B3)<\/a>, que se intensificou a partir do segundo trimestre deste ano, est\u00e1 atrelado ao fluxo negativo de emergentes, e n\u00e3o a algo espec\u00edfico do Brasil.<\/p>\n<h2>Notici\u00e1rio internacional<\/h2>\n<p>Nesta semana, os mercados internacionais reagiram de forma mista ao desenrolar da primeira fase da <strong><a href=\"https:\/\/www.suno.com.br\/artigos\/a-guerra-comercial\/\">guerra comercial<\/a><\/strong>.<\/p>\n<p>Na \u00faltima ter\u00e7a, o presidente dos <strong>Estados<\/strong>\u00a0<strong>Unidos, <a href=\"https:\/\/www.suno.com.br\/tudo-sobre\/donald-trump\/\">Donald Trump<\/a><\/strong>, obteve um tom otimista em seu discurso no Clube Econ\u00f4mico de Nova York. O mandat\u00e1rio afirmou que a China est\u00e1 &#8220;desesperada&#8221; para assinar o acordo na primeira fase da disputa entre as duas maiores pot\u00eancias do planeta.<\/p>\n\t<p>\n\t\t<a href=\"https:\/\/lp.suno.com.br\/ebook-como-analisar-uma-acao\/\" target=\"_blank\" data-element=\"shortcode-suno-banner\" title=\"Banner SUNO, clique e saiba mais\">\n\t\t\t<picture>\n\t\t\t\t<source media=\"(max-width: 500px)\" srcset=\"https:\/\/files.sunoresearch.com.br\/n\/uploads\/2023\/03\/Ebook-Acoes-Mobile.jpg\">\n\t\t\t\t<img class=\"newsContent__article__imgCapa newsContent__article__imgCapa--banner\"\n\t\t\t\t\tsrc=\"https:\/\/files.sunoresearch.com.br\/n\/uploads\/2023\/03\/Ebook-Acoes-Desktop.jpg\"\n\t\t\t\t\tdata-promo-id=\"378302\"\t\t\t\t\t\t\t\t\t\twidth='1420' height='286'\t\t\t\t\talt=\"https:\/\/files.sunoresearch.com.br\/n\/uploads\/2023\/03\/Ebook-Acoes-Desktop.jpg\"\n\t\t\t\t>\n\t\t\t<\/picture>\n\t\t<\/a>\n\t<\/p>\n\n\n<p>O porta-voz do Minist\u00e9rio do Com\u00e9rcio da <strong>China<\/strong>, Gao Fang, afirmou que o cancelamento das tarifas \u00e9 uma condi\u00e7\u00e3o importante para o acordo preliminar.<\/p>\n<p>J\u00e1 o assessor de Com\u00e9rcio do governo norte-americano, Peter Navarro, disse na noite da \u00faltima quarta-feira que as pessoas n\u00e3o devem se atentar aos \u201crumores\u201d sobre o andamento das negocia\u00e7\u00f5es.<\/p>\n<p><a href=\"https:\/\/www.suno.com.br\/noticias\/guerra-comercial-china-acordo-trump\/\">Veja tamb\u00e9m: Guerra comercial: China est\u00e1 desesperada por acordo, diz Trump<\/a><\/p>\n<p>No \u00faltimo domingo (10), <strong>Evo Morales<\/strong> renunciou \u00e0 Presid\u00eancia da <strong>Bol\u00edvia<\/strong>. A sa\u00edda da ex-presidente da lideran\u00e7a do pa\u00eds foi impulsionada pela suspeita de fraude nas elei\u00e7\u00f5es do dia 20 de outubro. Morales perdeu o apoio dos militares, que o aconselharam a renunciar ao cargo, agravando a crise pol\u00edtica no pa\u00eds.<\/p>\n<p>J\u00e1 na ter\u00e7a-feira (12), <strong>Jeanine \u00c1\u00f1ez<\/strong>, ex-segunda vice-presidente do Senado, assumiu a Presid\u00eancia interina da Bol\u00edvia ap\u00f3s a ren\u00fancia de cinco autoridades da hierarquia governamental. &#8220;Assumo de imediato a presid\u00eancia e me comprometo a tomar todas as medidas necess\u00e1rias para pacificar o pa\u00eds&#8221;, disse ela no Senado.<\/p>\n<p>O Tribunal Constitucional da Bol\u00edvia divulgou uma nota reconhecendo \u00c1\u00f1ez como presidente. Novas elei\u00e7\u00f5es dever\u00e3o ser convocadas.<\/p>\n<p>No entanto, o chefe de divis\u00e3o de estudos regionais do Hemisf\u00e9rio Ocidental do <a href=\"https:\/\/www.suno.com.br\/artigos\/fmi\/\">Fundo Monet\u00e1rio Internacional (<strong>FMI<\/strong>)<\/a>, Jorge Roldos, disse, na \u00faltima segunda-feira (11), que as turbul\u00eancias pol\u00edticas na Bol\u00edvia, e tamb\u00e9m no Chile, podem n\u00e3o gerar consequ\u00eancias para os outros pa\u00edses da regi\u00e3o.<\/p>\n<p>Todavia, o chefe afirmou ainda que as turbul\u00eancias far\u00e3o com que a autoridade monet\u00e1ria tenha que atualizar as previs\u00f5es de <strong><a href=\"https:\/\/www.suno.com.br\/artigos\/o-produto-interno-bruto-pib\/\">Produto Interno Bruto\u00a0(PIB)<\/a><\/strong> destes pa\u00edses.<\/p>\n<p><a href=\"https:\/\/www.suno.com.br\/noticias\/crises-bolivia-chile-nao-impactarao-economias-regionais-fmi\/\">Veja tamb\u00e9m: Crises na Bol\u00edvia e no Chile n\u00e3o impactar\u00e3o economias regionais, diz FMI<\/a><\/p>\n<p>Em <strong>Hong Kong<\/strong>, esta semana, os conflitos entre o governos e civis se inflamaram. Ap\u00f3s mais de 20 semanas de protestos cont\u00ednuos, a pol\u00edcia afirmou considerar que a &#8220;sociedade est\u00e1 \u00e0 beira do colapso total&#8221;.<\/p>\n<p>Na \u00faltima ter\u00e7a, manifestantes organizaram um ato rel\u00e2mpago com mais de mil pessoas no centro financeiro da cidade. Trajados com roupa social e m\u00e1scaras para prote\u00e7\u00e3o contra g\u00e1s lacrimog\u00eaneo, bloquearam vias e protestaram em mais um dos movimentos <strong>pr\u00f3-democracia<\/strong>.<\/p>\n<p>A <strong>Semana Internacional <\/strong>da <a href=\"https:\/\/www.suno.com.br\/\"><strong>Suno Research<\/strong><\/a> levanta os principais acontecimentos da \u00faltima semana e que ir\u00e3o movimentar o mercado internacional.<\/p>\n","protected":false},"excerpt":{"rendered":"<p>As not\u00edcias econ\u00f4micas e pol\u00edticas internacionais agitaram os mercados nos \u00faltimos dias. Os investidores mostraram-se atentos aos assuntos corporativos e da pol\u00edticos. Confira as principais not\u00edcias da Semana Internacional. Facebook estende at\u00e9 31 de agosto programa para PMEs. O Facebook (NASDAQ: FB) \u00e9 o destaque da Semana Internacional. A gigante norte-americana anunciou na \u00faltima ter\u00e7a-feira [&hellip;]<\/p>\n","protected":false},"author":24,"featured_media":44803,"comment_status":"closed","ping_status":"closed","sticky":false,"template":"","format":"standard","meta":[],"categories":[63],"tags":[733,980,1880],"suno_strategy":[],"class_list":["post-44797","post","type-post","status-publish","format-standard","has-post-thumbnail","hentry","category-internacional","tag-facebook-fbok34","tag-guerra-comercial","tag-hong-kong"],"yoast_head":"<!-- This site is optimized with the Yoast SEO plugin v24.4 - https:\/\/yoast.com\/wordpress\/plugins\/seo\/ -->\n<title>Semana Internacional: Facebook, guerra comercial e Bol\u00edvia<\/title>\n<meta name=\"description\" content=\"A Semana Internacional foi agitada. Os mercados internacionais ficaram atentos \u00e0s not\u00edcias corporativas e pol\u00edticas. Clique e saiba mais.\" \/>\n<meta name=\"robots\" content=\"index, follow, max-snippet:-1, max-image-preview:large, max-video-preview:-1\" \/>\n<link rel=\"canonical\" href=\"https:\/\/www.suno.com.br\/noticias\/semana-internacional-facebook-guerra-comercial-bolivia\/\" \/>\n<meta property=\"og:locale\" content=\"pt_BR\" \/>\n<meta property=\"og:type\" content=\"article\" \/>\n<meta property=\"og:title\" content=\"Semana Internacional: Facebook, guerra comercial e Bol\u00edvia\" \/>\n<meta property=\"og:description\" content=\"A Semana Internacional foi agitada. Os mercados internacionais ficaram atentos \u00e0s not\u00edcias corporativas e pol\u00edticas. Clique e saiba mais.\" \/>\n<meta property=\"og:url\" content=\"https:\/\/www.suno.com.br\/noticias\/semana-internacional-facebook-guerra-comercial-bolivia\/\" \/>\n<meta property=\"og:site_name\" content=\"Suno Not\u00edcias\" \/>\n<meta property=\"article:publisher\" content=\"https:\/\/facebook.com\/sunoresearch\" \/>\n<meta property=\"og:image\" content=\"https:\/\/files.sunoresearch.com.br\/n\/uploads\/2019\/11\/12afd339-facebook.jpg\" \/>\n\t<meta property=\"og:image:width\" content=\"1200\" \/>\n\t<meta property=\"og:image:height\" content=\"800\" \/>\n\t<meta property=\"og:image:type\" content=\"image\/jpeg\" \/>\n<meta name=\"author\" content=\"Jader Lazarini\" \/>\n<meta name=\"twitter:card\" content=\"summary_large_image\" \/>\n<meta name=\"twitter:creator\" content=\"@sunoresearch\" \/>\n<meta name=\"twitter:site\" content=\"@sunoresearch\" \/>\n<meta name=\"twitter:label1\" content=\"Escrito por\" \/>\n\t<meta name=\"twitter:data1\" content=\"Jader Lazarini\" \/>\n\t<meta name=\"twitter:label2\" content=\"Est. tempo de leitura\" \/>\n\t<meta name=\"twitter:data2\" content=\"5 minutos\" \/>\n<script type=\"application\/ld+json\" class=\"yoast-schema-graph\">{\"@context\":\"https:\/\/schema.org\",\"@graph\":[{\"@type\":\"NewsArticle\",\"@id\":\"https:\/\/www.suno.com.br\/noticias\/semana-internacional-facebook-guerra-comercial-bolivia\/#article\",\"isPartOf\":{\"@id\":\"https:\/\/www.suno.com.br\/noticias\/semana-internacional-facebook-guerra-comercial-bolivia\/\"},\"author\":{\"name\":\"Jader Lazarini\",\"@id\":\"https:\/\/www.suno.com.br\/noticias\/#\/schema\/person\/918d79de1f0281f01599b93f9ea6e23f\"},\"headline\":\"Semana Internacional: Facebook, guerra comercial e Bol\u00edvia\",\"datePublished\":\"2019-11-17T19:30:51+00:00\",\"mainEntityOfPage\":{\"@id\":\"https:\/\/www.suno.com.br\/noticias\/semana-internacional-facebook-guerra-comercial-bolivia\/\"},\"wordCount\":1051,\"publisher\":{\"@id\":\"https:\/\/www.suno.com.br\/noticias\/#organization\"},\"image\":{\"@id\":\"https:\/\/www.suno.com.br\/noticias\/semana-internacional-facebook-guerra-comercial-bolivia\/#primaryimage\"},\"thumbnailUrl\":\"https:\/\/files.sunoresearch.com.br\/n\/uploads\/2019\/11\/12afd339-facebook-jpg.webp\",\"keywords\":[\"Facebook (FBOK34)\",\"guerra comercial\",\"Hong Kong\"],\"articleSection\":[\"Internacional\"],\"inLanguage\":\"pt-BR\"},{\"@type\":\"WebPage\",\"@id\":\"https:\/\/www.suno.com.br\/noticias\/semana-internacional-facebook-guerra-comercial-bolivia\/\",\"url\":\"https:\/\/www.suno.com.br\/noticias\/semana-internacional-facebook-guerra-comercial-bolivia\/\",\"name\":\"Semana Internacional: Facebook, guerra comercial e Bol\u00edvia\",\"isPartOf\":{\"@id\":\"https:\/\/www.suno.com.br\/noticias\/#website\"},\"primaryImageOfPage\":{\"@id\":\"https:\/\/www.suno.com.br\/noticias\/semana-internacional-facebook-guerra-comercial-bolivia\/#primaryimage\"},\"image\":{\"@id\":\"https:\/\/www.suno.com.br\/noticias\/semana-internacional-facebook-guerra-comercial-bolivia\/#primaryimage\"},\"thumbnailUrl\":\"https:\/\/files.sunoresearch.com.br\/n\/uploads\/2019\/11\/12afd339-facebook-jpg.webp\",\"datePublished\":\"2019-11-17T19:30:51+00:00\",\"description\":\"A Semana Internacional foi agitada. Os mercados internacionais ficaram atentos \u00e0s not\u00edcias corporativas e pol\u00edticas. Clique e saiba mais.\",\"breadcrumb\":{\"@id\":\"https:\/\/www.suno.com.br\/noticias\/semana-internacional-facebook-guerra-comercial-bolivia\/#breadcrumb\"},\"inLanguage\":\"pt-BR\",\"potentialAction\":[{\"@type\":\"ReadAction\",\"target\":[\"https:\/\/www.suno.com.br\/noticias\/semana-internacional-facebook-guerra-comercial-bolivia\/\"]}]},{\"@type\":\"ImageObject\",\"inLanguage\":\"pt-BR\",\"@id\":\"https:\/\/www.suno.com.br\/noticias\/semana-internacional-facebook-guerra-comercial-bolivia\/#primaryimage\",\"url\":\"https:\/\/files.sunoresearch.com.br\/n\/uploads\/2019\/11\/12afd339-facebook-jpg.webp\",\"contentUrl\":\"https:\/\/files.sunoresearch.com.br\/n\/uploads\/2019\/11\/12afd339-facebook-jpg.webp\",\"width\":1200,\"height\":800,\"caption\":\"Facebook estende at\u00e9 31 de agosto programa para PMEs.\"},{\"@type\":\"BreadcrumbList\",\"@id\":\"https:\/\/www.suno.com.br\/noticias\/semana-internacional-facebook-guerra-comercial-bolivia\/#breadcrumb\",\"itemListElement\":[{\"@type\":\"ListItem\",\"position\":1,\"name\":\"Not\u00edcias\",\"item\":\"https:\/\/www.suno.com.br\/noticias\/\"},{\"@type\":\"ListItem\",\"position\":2,\"name\":\"Internacional\",\"item\":\"https:\/\/www.suno.com.br\/noticias\/internacional\/\"},{\"@type\":\"ListItem\",\"position\":3,\"name\":\"Semana Internacional: Facebook, guerra comercial e Bol\u00edvia\"}]},{\"@type\":\"WebSite\",\"@id\":\"https:\/\/www.suno.com.br\/noticias\/#website\",\"url\":\"https:\/\/www.suno.com.br\/noticias\/\",\"name\":\"Suno Not\u00edcias\",\"description\":\"Seu portal de informa\u00e7\u00e3o sobre o mundo dos investimentos\",\"publisher\":{\"@id\":\"https:\/\/www.suno.com.br\/noticias\/#organization\"},\"potentialAction\":[{\"@type\":\"SearchAction\",\"target\":{\"@type\":\"EntryPoint\",\"urlTemplate\":\"https:\/\/www.suno.com.br\/noticias\/?s={search_term_string}\"},\"query-input\":{\"@type\":\"PropertyValueSpecification\",\"valueRequired\":true,\"valueName\":\"search_term_string\"}}],\"inLanguage\":\"pt-BR\"},{\"@type\":\"Organization\",\"@id\":\"https:\/\/www.suno.com.br\/noticias\/#organization\",\"name\":\"Suno Not\u00edcias\",\"url\":\"https:\/\/www.suno.com.br\/noticias\/\",\"logo\":{\"@type\":\"ImageObject\",\"inLanguage\":\"pt-BR\",\"@id\":\"https:\/\/www.suno.com.br\/noticias\/#\/schema\/logo\/image\/\",\"url\":\"https:\/\/files.sunoresearch.com.br\/n\/uploads\/2021\/09\/suno-logo.png\",\"contentUrl\":\"https:\/\/files.sunoresearch.com.br\/n\/uploads\/2021\/09\/suno-logo.png\",\"width\":180,\"height\":180,\"caption\":\"Suno Not\u00edcias\"},\"image\":{\"@id\":\"https:\/\/www.suno.com.br\/noticias\/#\/schema\/logo\/image\/\"},\"sameAs\":[\"https:\/\/facebook.com\/sunoresearch\",\"https:\/\/x.com\/sunoresearch\",\"https:\/\/www.instagram.com\/suno\",\"https:\/\/www.linkedin.com\/company\/suno-research\/\",\"https:\/\/www.youtube.com\/c\/sunoresearch\"]},{\"@type\":\"Person\",\"@id\":\"https:\/\/www.suno.com.br\/noticias\/#\/schema\/person\/918d79de1f0281f01599b93f9ea6e23f\",\"name\":\"Jader Lazarini\",\"image\":{\"@type\":\"ImageObject\",\"inLanguage\":\"pt-BR\",\"@id\":\"https:\/\/www.suno.com.br\/noticias\/#\/schema\/person\/image\/\",\"url\":\"https:\/\/secure.gravatar.com\/avatar\/3c1ad8caa51589841baeb923fcddea97?s=96&r=g\",\"contentUrl\":\"https:\/\/secure.gravatar.com\/avatar\/3c1ad8caa51589841baeb923fcddea97?s=96&r=g\",\"caption\":\"Jader Lazarini\"},\"description\":\"Jader Lazarini escreve sobre investimentos, finan\u00e7as, economia e neg\u00f3cios. \u00c9 bacharel em Rela\u00e7\u00f5es Internacionais e analista CNPI (2619).\",\"url\":\"https:\/\/www.suno.com.br\/noticias\/author\/jader-lazarini\/\"}]}<\/script>\n<!-- \/ Yoast SEO plugin. -->","yoast_head_json":{"title":"Semana Internacional: Facebook, guerra comercial e Bol\u00edvia","description":"A Semana Internacional foi agitada. Os mercados internacionais ficaram atentos \u00e0s not\u00edcias corporativas e pol\u00edticas. Clique e saiba mais.","robots":{"index":"index","follow":"follow","max-snippet":"max-snippet:-1","max-image-preview":"max-image-preview:large","max-video-preview":"max-video-preview:-1"},"canonical":"https:\/\/www.suno.com.br\/noticias\/semana-internacional-facebook-guerra-comercial-bolivia\/","og_locale":"pt_BR","og_type":"article","og_title":"Semana Internacional: Facebook, guerra comercial e Bol\u00edvia","og_description":"A Semana Internacional foi agitada. Os mercados internacionais ficaram atentos \u00e0s not\u00edcias corporativas e pol\u00edticas. Clique e saiba mais.","og_url":"https:\/\/www.suno.com.br\/noticias\/semana-internacional-facebook-guerra-comercial-bolivia\/","og_site_name":"Suno Not\u00edcias","article_publisher":"https:\/\/facebook.com\/sunoresearch","og_image":[{"width":1200,"height":800,"url":"https:\/\/files.sunoresearch.com.br\/n\/uploads\/2019\/11\/12afd339-facebook.jpg","type":"image\/jpeg"}],"author":"Jader Lazarini","twitter_card":"summary_large_image","twitter_creator":"@sunoresearch","twitter_site":"@sunoresearch","twitter_misc":{"Escrito por":"Jader Lazarini","Est. tempo de leitura":"5 minutos"},"schema":{"@context":"https:\/\/schema.org","@graph":[{"@type":"NewsArticle","@id":"https:\/\/www.suno.com.br\/noticias\/semana-internacional-facebook-guerra-comercial-bolivia\/#article","isPartOf":{"@id":"https:\/\/www.suno.com.br\/noticias\/semana-internacional-facebook-guerra-comercial-bolivia\/"},"author":{"name":"Jader Lazarini","@id":"https:\/\/www.suno.com.br\/noticias\/#\/schema\/person\/918d79de1f0281f01599b93f9ea6e23f"},"headline":"Semana Internacional: Facebook, guerra comercial e Bol\u00edvia","datePublished":"2019-11-17T19:30:51+00:00","mainEntityOfPage":{"@id":"https:\/\/www.suno.com.br\/noticias\/semana-internacional-facebook-guerra-comercial-bolivia\/"},"wordCount":1051,"publisher":{"@id":"https:\/\/www.suno.com.br\/noticias\/#organization"},"image":{"@id":"https:\/\/www.suno.com.br\/noticias\/semana-internacional-facebook-guerra-comercial-bolivia\/#primaryimage"},"thumbnailUrl":"https:\/\/files.sunoresearch.com.br\/n\/uploads\/2019\/11\/12afd339-facebook-jpg.webp","keywords":["Facebook (FBOK34)","guerra comercial","Hong Kong"],"articleSection":["Internacional"],"inLanguage":"pt-BR"},{"@type":"WebPage","@id":"https:\/\/www.suno.com.br\/noticias\/semana-internacional-facebook-guerra-comercial-bolivia\/","url":"https:\/\/www.suno.com.br\/noticias\/semana-internacional-facebook-guerra-comercial-bolivia\/","name":"Semana Internacional: Facebook, guerra comercial e Bol\u00edvia","isPartOf":{"@id":"https:\/\/www.suno.com.br\/noticias\/#website"},"primaryImageOfPage":{"@id":"https:\/\/www.suno.com.br\/noticias\/semana-internacional-facebook-guerra-comercial-bolivia\/#primaryimage"},"image":{"@id":"https:\/\/www.suno.com.br\/noticias\/semana-internacional-facebook-guerra-comercial-bolivia\/#primaryimage"},"thumbnailUrl":"https:\/\/files.sunoresearch.com.br\/n\/uploads\/2019\/11\/12afd339-facebook-jpg.webp","datePublished":"2019-11-17T19:30:51+00:00","description":"A Semana Internacional foi agitada. Os mercados internacionais ficaram atentos \u00e0s not\u00edcias corporativas e pol\u00edticas. Clique e saiba mais.","breadcrumb":{"@id":"https:\/\/www.suno.com.br\/noticias\/semana-internacional-facebook-guerra-comercial-bolivia\/#breadcrumb"},"inLanguage":"pt-BR","potentialAction":[{"@type":"ReadAction","target":["https:\/\/www.suno.com.br\/noticias\/semana-internacional-facebook-guerra-comercial-bolivia\/"]}]},{"@type":"ImageObject","inLanguage":"pt-BR","@id":"https:\/\/www.suno.com.br\/noticias\/semana-internacional-facebook-guerra-comercial-bolivia\/#primaryimage","url":"https:\/\/files.sunoresearch.com.br\/n\/uploads\/2019\/11\/12afd339-facebook-jpg.webp","contentUrl":"https:\/\/files.sunoresearch.com.br\/n\/uploads\/2019\/11\/12afd339-facebook-jpg.webp","width":1200,"height":800,"caption":"Facebook estende at\u00e9 31 de agosto programa para PMEs."},{"@type":"BreadcrumbList","@id":"https:\/\/www.suno.com.br\/noticias\/semana-internacional-facebook-guerra-comercial-bolivia\/#breadcrumb","itemListElement":[{"@type":"ListItem","position":1,"name":"Not\u00edcias","item":"https:\/\/www.suno.com.br\/noticias\/"},{"@type":"ListItem","position":2,"name":"Internacional","item":"https:\/\/www.suno.com.br\/noticias\/internacional\/"},{"@type":"ListItem","position":3,"name":"Semana Internacional: Facebook, guerra comercial e Bol\u00edvia"}]},{"@type":"WebSite","@id":"https:\/\/www.suno.com.br\/noticias\/#website","url":"https:\/\/www.suno.com.br\/noticias\/","name":"Suno Not\u00edcias","description":"Seu portal de informa\u00e7\u00e3o sobre o mundo dos investimentos","publisher":{"@id":"https:\/\/www.suno.com.br\/noticias\/#organization"},"potentialAction":[{"@type":"SearchAction","target":{"@type":"EntryPoint","urlTemplate":"https:\/\/www.suno.com.br\/noticias\/?s={search_term_string}"},"query-input":{"@type":"PropertyValueSpecification","valueRequired":true,"valueName":"search_term_string"}}],"inLanguage":"pt-BR"},{"@type":"Organization","@id":"https:\/\/www.suno.com.br\/noticias\/#organization","name":"Suno Not\u00edcias","url":"https:\/\/www.suno.com.br\/noticias\/","logo":{"@type":"ImageObject","inLanguage":"pt-BR","@id":"https:\/\/www.suno.com.br\/noticias\/#\/schema\/logo\/image\/","url":"https:\/\/files.sunoresearch.com.br\/n\/uploads\/2021\/09\/suno-logo.png","contentUrl":"https:\/\/files.sunoresearch.com.br\/n\/uploads\/2021\/09\/suno-logo.png","width":180,"height":180,"caption":"Suno Not\u00edcias"},"image":{"@id":"https:\/\/www.suno.com.br\/noticias\/#\/schema\/logo\/image\/"},"sameAs":["https:\/\/facebook.com\/sunoresearch","https:\/\/x.com\/sunoresearch","https:\/\/www.instagram.com\/suno","https:\/\/www.linkedin.com\/company\/suno-research\/","https:\/\/www.youtube.com\/c\/sunoresearch"]},{"@type":"Person","@id":"https:\/\/www.suno.com.br\/noticias\/#\/schema\/person\/918d79de1f0281f01599b93f9ea6e23f","name":"Jader Lazarini","image":{"@type":"ImageObject","inLanguage":"pt-BR","@id":"https:\/\/www.suno.com.br\/noticias\/#\/schema\/person\/image\/","url":"https:\/\/secure.gravatar.com\/avatar\/3c1ad8caa51589841baeb923fcddea97?s=96&r=g","contentUrl":"https:\/\/secure.gravatar.com\/avatar\/3c1ad8caa51589841baeb923fcddea97?s=96&r=g","caption":"Jader Lazarini"},"description":"Jader Lazarini escreve sobre investimentos, finan\u00e7as, economia e neg\u00f3cios. \u00c9 bacharel em Rela\u00e7\u00f5es Internacionais e analista CNPI (2619).","url":"https:\/\/www.suno.com.br\/noticias\/author\/jader-lazarini\/"}]}},"default_loop_html":"<div class=\"cardsPage__listCard__boxs\"><div class=\"cardsPage__listCard__boxs__img\"><a href=\"https:\/\/www.suno.com.br\/noticias\/semana-internacional-facebook-guerra-comercial-bolivia\/\"><img class=\"mask\" src=\"https:\/\/www.suno.com.br\/noticias\/wp-content\/themes\/suno\/resources\/images\/spotlight\/spotlight1img\/bg-mask.png\" alt=\"Image Mask\"\/><img src=\"https:\/\/files.sunoresearch.com.br\/n\/uploads\/2019\/11\/12afd339-facebook-400x200.webp\" alt=\"Semana Internacional: Facebook, guerra comercial e Bol\u00edvia\"\/><\/a><span class=\"spotlightCategory\"><a href=\"https:\/\/www.suno.com.br\/noticias\/internacional\/\">Internacional<\/a><\/span><\/div><div class=\"cardsPage__listCard__boxs__content\"><a href=\"https:\/\/www.suno.com.br\/noticias\/semana-internacional-facebook-guerra-comercial-bolivia\/\"><h2 class=\"content__title\">Semana Internacional: Facebook, guerra comercial e Bol\u00edvia<\/h2><\/a><div class=\"newsContent__article__meta\"><div class=\"newsContent__article__meta__authorBox\"><a href=\"https:\/\/www.suno.com.br\/noticias\/author\/jader-lazarini\/\" class=\"authorBox__avatar noMobi\"><img src=\"https:\/\/files.sunoresearch.com.br\/n\/uploads\/2021\/01\/178e6598-foto-perfil-2-150x150.jpg\" alt=\"Jader Lazarini\"><\/a><div class=\"authorBox__name\"><span>por\n\t\t\t<a href=\"https:\/\/www.suno.com.br\/noticias\/author\/jader-lazarini\/\"><span itemprop=\"author\">Jader Lazarini<\/span><\/a><\/span><time datetime=\"2019-11-17T17:30:51-03:00\" itemprop=\"datePublished\">17\/11\/2019 17:30<\/time><\/div><\/div><\/div><\/div><\/div>","single_layout":"posts","amp_enabled":true,"_links":{"self":[{"href":"https:\/\/www.suno.com.br\/noticias\/wp-json\/wp\/v2\/posts\/44797"}],"collection":[{"href":"https:\/\/www.suno.com.br\/noticias\/wp-json\/wp\/v2\/posts"}],"about":[{"href":"https:\/\/www.suno.com.br\/noticias\/wp-json\/wp\/v2\/types\/post"}],"author":[{"embeddable":true,"href":"https:\/\/www.suno.com.br\/noticias\/wp-json\/wp\/v2\/users\/24"}],"replies":[{"embeddable":true,"href":"https:\/\/www.suno.com.br\/noticias\/wp-json\/wp\/v2\/comments?post=44797"}],"version-history":[{"count":0,"href":"https:\/\/www.suno.com.br\/noticias\/wp-json\/wp\/v2\/posts\/44797\/revisions"}],"wp:featuredmedia":[{"embeddable":true,"href":"https:\/\/www.suno.com.br\/noticias\/wp-json\/wp\/v2\/media\/44803"}],"wp:attachment":[{"href":"https:\/\/www.suno.com.br\/noticias\/wp-json\/wp\/v2\/media?parent=44797"}],"wp:term":[{"taxonomy":"category","embeddable":true,"href":"https:\/\/www.suno.com.br\/noticias\/wp-json\/wp\/v2\/categories?post=44797"},{"taxonomy":"post_tag","embeddable":true,"href":"https:\/\/www.suno.com.br\/noticias\/wp-json\/wp\/v2\/tags?post=44797"},{"taxonomy":"suno_strategy","embeddable":true,"href":"https:\/\/www.suno.com.br\/noticias\/wp-json\/wp\/v2\/suno_strategy?post=44797"}],"curies":[{"name":"wp","href":"https:\/\/api.w.org\/{rel}","templated":true}]}}