{"id":447876,"date":"2023-08-27T11:55:52","date_gmt":"2023-08-27T14:55:52","guid":{"rendered":"https:\/\/www.suno.com.br\/noticias\/?p=447876"},"modified":"2023-08-27T11:56:00","modified_gmt":"2023-08-27T14:56:00","slug":"financiamento-imoveis-bancos-queda-juros-ano-que-vem-va","status":"publish","type":"post","link":"https:\/\/www.suno.com.br\/noticias\/financiamento-imoveis-bancos-queda-juros-ano-que-vem-va\/","title":{"rendered":"Financiamento de im\u00f3veis: bancos s\u00f3 veem queda de juros no ano que vem"},"content":{"rendered":"<p>A redu\u00e7\u00e3o dos <strong>juros<\/strong> do cr\u00e9dito imobili\u00e1rio &#8211; que voltaram ao patamar de dois d\u00edgitos, esfriando as vendas de im\u00f3veis nos \u00faltimos trimestres &#8211; \u00e9 um tema que s\u00f3 deve entrar na agenda a partir do pr\u00f3ximo ano, segundo os pr\u00f3prios bancos. O in\u00edcio do ciclo de corte da Selic \u00e9 um dos fatores necess\u00e1rios para come\u00e7ar a se pensar no tema, mas n\u00e3o o \u00fanico.<\/p>\t<div class=\"wrapper-featured-image\">\n\t\t<figure class=\"spotlightImg\">\n\n\t\t\t<picture>\n\t\t\t\t<source media=\"(max-width: 768px)\" srcset=\"https:\/\/files.sunoresearch.com.br\/n\/uploads\/2021\/10\/buildings-gdfb1db6cd_1280-400x200.jpg\">\n\t\t\t\t<img loading=\"lazy\" decoding=\"async\" class=\"newsContent__article__imgCapa lazyloadDisabled \" src=\"https:\/\/files.sunoresearch.com.br\/n\/uploads\/2021\/10\/buildings-gdfb1db6cd_1280-800x450.jpg\" width=\"800\" height=\"450\" alt=\"Financiamento de im\u00f3veis: bancos s\u00f3 veem queda de juros no ano que vem\" fetchpriority=high \/>\n\t\t\t<\/picture>\n\n\t\t\t<figcaption class=\"wp-caption-text wp-caption-text--show\">Financiamento de im\u00f3veis: bancos s\u00f3 veem queda de juros no ano que vem. Foto: Pixabay<\/figcaption>\n\t\t<\/figure>\n\t<\/div>\n\n\n\n\n\n\n<p>Esse movimento tamb\u00e9m est\u00e1 condicionado \u00e0 continuidade da recupera\u00e7\u00e3o da economia brasileira e da melhora da renda e do emprego, capazes de recuperar os dep\u00f3sitos nas cadernetas de poupan\u00e7a, ainda a principal fonte de recursos baratos para os bancos concederem os empr\u00e9stimos.<\/p>\n\n\n\t<p>\n\t\t<a href=\"\" target=\"_blank\" data-element=\"shortcode-suno-banner\" title=\"Banner SUNO, clique e saiba mais\">\n\t\t\t<picture>\n\t\t\t\t<source media=\"(max-width: 500px)\" srcset=\"\">\n\t\t\t\t<img class=\"newsContent__article__imgCapa newsContent__article__imgCapa--banner\"\n\t\t\t\t\tsrc=\"\"\n\t\t\t\t\tdata-promo-id=\"240038\"\t\t\t\t\t\t\t\t\t\t\t\t\t\t\talt=\"\"\n\t\t\t\t>\n\t\t\t<\/picture>\n\t\t<\/a>\n\t<\/p>\n\n\n\n\n\n\n\n<p>&#8220;A redu\u00e7\u00e3o de taxa n\u00e3o est\u00e1 no cen\u00e1rio por enquanto&#8221;, disse a vice-presidente de Habita\u00e7\u00e3o da Caixa Econ\u00f4mica Federal, In\u00eas Magalh\u00e3es, durante o Abecip Summit, evento promovido pela Associa\u00e7\u00e3o Brasileira das Entidades de Cr\u00e9dito Imobili\u00e1rio e Poupan\u00e7a (Abecip) que reuniu os representantes dos bancos.<\/p>\n\n\n\n<p>Pelas regras do Banco Central, 65% dos recursos da caderneta v\u00e3o para os financiamentos imobili\u00e1rios, enquanto 20% s\u00e3o guardados como colch\u00e3o de liquidez na forma de dep\u00f3sitos compuls\u00f3rios, e os 15% restantes s\u00e3o de uso livre pelas institui\u00e7\u00f5es. O problema \u00e9 que a caderneta perdeu R$ 173 bilh\u00f5es desde o in\u00edcio do ano passado &#8211; fruto de um volume maior de saques do que dep\u00f3sitos em meio aos solavancos da economia brasileira.<\/p>\n\n\n\n<p>Os bancos passaram a buscar dinheiro em outras fontes para n\u00e3o deixar de conceder financiamentos para a compra e a constru\u00e7\u00e3o de moradias. A\u00ed entraram a <a class=\"suno-keyword\" data-force=\"no\" data-priority=\"2\" href=\"https:\/\/www.suno.com.br\/artigos\/lci\/\" target=\"_blank\" rel=\"noopener\">letra de cr\u00e9dito imobili\u00e1rio (LCI)<\/a>, a <a class=\"suno-keyword\" data-force=\"no\" data-priority=\"1\" href=\"https:\/\/www.suno.com.br\/artigos\/letra-imobiliaria-garantida\/\" target=\"_blank\" rel=\"noopener\">letra imobili\u00e1ria garantida<\/a> (LIG) e os certificados de receb\u00edveis (CRI). No entanto, o custo de capta\u00e7\u00e3o desses instrumentos \u00e9 atrelado ao CDI (cerca de 13%), enquanto a poupan\u00e7a atualmente fica em 6,17% mais Taxa Referencial (TR).<\/p>\n\n\n\n\t<div data-element=\"shortcode-read-more\" class=\"readToo\">\n\t\t\t\t<span class=\"readToo__title\">Leia mais<\/span>\n\t\t\t\t<ul class=\"readToo__list\">\n\t\t\t<li><a href=\"https:\/\/www.suno.com.br\/noticias\/taxa-juros-eua-estados-unidos-baixas-acabou-jvj\/\">EUA: por que a era das taxas de juros historicamente baixas pode ter acabado?<\/a><\/li><li><a href=\"https:\/\/www.suno.com.br\/noticias\/relatorio-desenrola-limita-taxa-juros-cpf\/\">MP do Desenrola Brasil ir\u00e1 limitar a taxa de juros em 100%<\/a><\/li>\t\t<\/ul>\n\t<\/div>\n\n\n\n\n<p>A participa\u00e7\u00e3o da poupan\u00e7a no funding total do setor caiu entre 2021 e 2023, de 46% para 36%. Por outro lado, essas fontes alternativas pularam de 24% para 38%, conforme levantamento da Abecip.<\/p>\n\n\n\n<p>&#8220;Com as informa\u00e7\u00f5es que temos hoje, eu n\u00e3o vejo espa\u00e7o para uma redu\u00e7\u00e3o dos juros no (cr\u00e9dito) imobili\u00e1rio neste ano&#8221;, afirmou o diretor de neg\u00f3cios imobili\u00e1rios do Santander, Sandro Gamba. No Bradesco, a vis\u00e3o \u00e9 semelhante. &#8220;N\u00e3o trabalhamos com redu\u00e7\u00f5es de juros neste semestre&#8221;, disse o diretor de cr\u00e9dito imobili\u00e1rio, Romero Albuquerque.<\/p>\n\n\n\n<p>O diretor de produtos de cr\u00e9dito imobili\u00e1rio do Ita\u00fa Unibanco, Rodrigo Penteado, afirmou que a composi\u00e7\u00e3o do mix de capta\u00e7\u00e3o ser\u00e1 determinante para apontar a velocidade da queda das taxas. Hoje, o peso \u00e9 muito maior de capta\u00e7\u00f5es com custo atrelado ao CDI.<\/p>\n\n\n\n<p>No Banco do Brasil, n\u00e3o h\u00e1 previs\u00e3o para cortes t\u00e3o cedo, disse o gerente executivo, Luiz Alberto Valad\u00e3o.<\/p>\n\n\n\n<h2 class=\"wp-block-heading\">SNLG11 compra im\u00f3veis em RJ e MG por R$ 105 milh\u00f5es<\/h2>\n\n\n\n<p>O Suno Log, ou SNLG11, assinou um novo contrato de compra e venda, de aquisi\u00e7\u00e3o de im\u00f3veis que ficam no Rio de Janeiro (RJ) e em Santa Luzia (MG).<\/p>\n\n\n\n<p>Conforme o&nbsp;<a href=\"https:\/\/www.suno.com.br\/artigos\/fato-relevante\/\" target=\"_blank\" rel=\"noreferrer noopener\">fato relevante<\/a>&nbsp;do SNLG11, foram pagos R$ 105 milh\u00f5es pelos&nbsp;<strong>im\u00f3veis<\/strong>, sendo R$ 58 milh\u00f5es para o im\u00f3vel localizado em Minas e R$ 36 milh\u00f5es para o im\u00f3vel na capital fluminense. Eles possuem 16.120 m\u00b2 e 17.24 m\u00b2, respectivamente.<\/p>\n\n\n\n<p>\u201cO primeiro im\u00f3vel constitui um cento de distribui\u00e7\u00e3o na Pavuna, alocado para o Supermercado Padr\u00e3o do Fonseca, conhecido no RJ\u201d, explica Jacinto Santos, da Suno Asset.<\/p>\n\n\n\n<p>O especialista destaca que o outro ativo fica na regi\u00e3o metropolitana de Belo Horizonte, sendo locado para a\u00a0<a href=\"https:\/\/www.suno.com.br\/acoes\/ABEV3\/\" target=\"_blank\" rel=\"noreferrer noopener\">Ambev (ABEV3)<\/a>.<\/p>\n\n\n\t<p>\n\t\t<a href=\"https:\/\/lp.suno.com.br\/ebook-gratuito-investindo-no-exterior\/\" target=\"_blank\" data-element=\"shortcode-suno-banner\" title=\"Banner SUNO, clique e saiba mais\">\n\t\t\t<picture>\n\t\t\t\t<source media=\"(max-width: 500px)\" srcset=\"https:\/\/files.sunoresearch.com.br\/n\/uploads\/2023\/03\/400x300-Investindo-no-exterior.png\">\n\t\t\t\t<img class=\"newsContent__article__imgCapa newsContent__article__imgCapa--banner\"\n\t\t\t\t\tsrc=\"https:\/\/files.sunoresearch.com.br\/n\/uploads\/2023\/03\/1420x240-Investindo-no-exterior.png\"\n\t\t\t\t\tdata-promo-id=\"383161\"\t\t\t\t\t\t\t\t\t\twidth='1420' height='240'\t\t\t\t\talt=\"https:\/\/files.sunoresearch.com.br\/n\/uploads\/2023\/03\/1420x240-Investindo-no-exterior.png\"\n\t\t\t\t>\n\t\t\t<\/picture>\n\t\t<\/a>\n\t<\/p>\n\n\n\n\n\n<p>\u201c\u00c9 um ativo estrat\u00e9gico para o locat\u00e1rio, localizado no bairro c\u00f3rrego frio, com mais de 16 mil metros quadrados de \u00e1rea bruta loc\u00e1vel, sendo um centro de distribui\u00e7\u00e3o de bebidas\u201d, explica.<\/p>\n\n\n\n<h2 class=\"wp-block-heading\">Veja proje\u00e7\u00f5es do Boletim Focus ap\u00f3s corte dos juros<\/h2>\n\n\n\n<p>Veja, em detalhes, as proje\u00e7\u00f5es mais importantes para 2023 e 2024:<\/p>\n\n\n\n<p>2023<\/p>\n\n\n\n<ul class=\"wp-block-list\">\n<li>IPCA: a proje\u00e7\u00e3o se manteve em 4,84%<\/li>\n\n\n\n<li>PIB: a proje\u00e7\u00e3o subiu para 2,26%<\/li>\n\n\n\n<li>D\u00f3lar: a previs\u00e3o do c\u00e2mbio caiu para R$ 4,90<\/li>\n\n\n\n<li>Taxa Selic: a previs\u00e3o caiu para 11,75%<\/li>\n\n\n\n<li>Balan\u00e7a Comercial: a expectativa para o super\u00e1vit aumentou para US$ 67 bilh\u00f5es<\/li>\n\n\n\n<li>Investimento Estrangeiro Direto: a previs\u00e3o se manteve em US$ 80 bilh\u00f5es<\/li>\n\n\n\n<li>D\u00edvida do Setor P\u00fablico: a previs\u00e3o aumentou para 60,60% do PIB<\/li>\n<\/ul>\n\n\n\n<p>2024<\/p>\n\n\n\n<ul class=\"wp-block-list\">\n<li>IPCA: a proje\u00e7\u00e3o caiu para 3,88%<\/li>\n\n\n\n<li>PIB: a proje\u00e7\u00e3o se manteve em 1,30%<\/li>\n\n\n\n<li>D\u00f3lar: a previs\u00e3o do c\u00e2mbio se manteve em R$ 5,00<\/li>\n\n\n\n<li>Taxa Selic: a previs\u00e3o caiu para 9,00%<\/li>\n\n\n\n<li>Balan\u00e7a Comercial: a expectativa para o super\u00e1vit se manteve em US$ 60 bilh\u00f5es<\/li>\n\n\n\n<li>Investimento Estrangeiro Direto: a previs\u00e3o segue em US$ 80 bilh\u00f5es<\/li>\n\n\n\n<li>D\u00edvida do Setor P\u00fablico: a previs\u00e3o aumentou para 64,00% do PIB<\/li>\n<\/ul>\n\n\n\n<p>O&nbsp;<a href=\"https:\/\/www.youtube.com\/watch?v=5xXH4baJrtc\">Boletim Focus<\/a>&nbsp;\u00e9 elaborado semanalmente pelo Banco Central. S\u00e3o utilizadas as proje\u00e7\u00f5es dos especialistas das 100 principais institui\u00e7\u00f5es ligadas ao&nbsp;<a href=\"https:\/\/www.suno.com.br\/guias\/mercado-financeiro\/\">mercado financeiro<\/a>&nbsp;do Brasil para<strong> juros<\/strong>, IPCA, c\u00e2mbio,&nbsp;Selic&nbsp;e outros indicadores.<\/p>\n\n\n\n<p>Com Estad\u00e3o Conte\u00fado<\/p>\n\n\n\t<p>\n\t\t<a href=\"https:\/\/lp.suno.com.br\/planilha-da-vida-financeira\/\" target=\"_blank\" data-element=\"shortcode-suno-banner\" title=\"Banner SUNO, clique e saiba mais\">\n\t\t\t<picture>\n\t\t\t\t<source media=\"(max-width: 500px)\" srcset=\"https:\/\/files.sunoresearch.com.br\/n\/uploads\/2023\/04\/400x300-Planilha-vida-financeira-true.png\">\n\t\t\t\t<img class=\"newsContent__article__imgCapa newsContent__article__imgCapa--banner\"\n\t\t\t\t\tsrc=\"https:\/\/files.sunoresearch.com.br\/n\/uploads\/2023\/04\/1420x240-Planilha-vida-financeira-true.png\"\n\t\t\t\t\tdata-promo-id=\"383123\"\t\t\t\t\t\t\t\t\t\twidth='1420' height='240'\t\t\t\t\talt=\"https:\/\/files.sunoresearch.com.br\/n\/uploads\/2023\/04\/1420x240-Planilha-vida-financeira-true.png\"\n\t\t\t\t>\n\t\t\t<\/picture>\n\t\t<\/a>\n\t<\/p>\n\n\n","protected":false},"excerpt":{"rendered":"<p>A redu\u00e7\u00e3o dos juros do cr\u00e9dito imobili\u00e1rio &#8211; que voltaram ao patamar de dois d\u00edgitos, esfriando as vendas de im\u00f3veis nos \u00faltimos trimestres &#8211; \u00e9 um tema que s\u00f3 deve entrar na agenda a partir do pr\u00f3ximo ano, segundo os pr\u00f3prios bancos. O in\u00edcio do ciclo de corte da Selic \u00e9 um dos fatores necess\u00e1rios [&hellip;]<\/p>\n","protected":false},"author":301,"featured_media":195288,"comment_status":"closed","ping_status":"closed","sticky":false,"template":"","format":"standard","meta":[],"categories":[62],"tags":[943,329,2197],"suno_strategy":[],"class_list":["post-447876","post","type-post","status-publish","format-standard","has-post-thumbnail","hentry","category-economia","tag-credito","tag-financas-pessoais","tag-juros-futuros"],"yoast_head":"<!-- This site is optimized with the Yoast SEO plugin v24.4 - https:\/\/yoast.com\/wordpress\/plugins\/seo\/ -->\n<title>Financiamento de im\u00f3veis: bancos veem queda de juros no ano que vem<\/title>\n<meta name=\"description\" content=\"A redu\u00e7\u00e3o dos juros do cr\u00e9dito imobili\u00e1rio \u00e9 um tema que s\u00f3 deve entrar na agenda a partir do pr\u00f3ximo ano, segundo bancos.\" \/>\n<meta name=\"robots\" content=\"index, follow, max-snippet:-1, max-image-preview:large, max-video-preview:-1\" \/>\n<link rel=\"canonical\" href=\"https:\/\/www.suno.com.br\/noticias\/financiamento-imoveis-bancos-queda-juros-ano-que-vem-va\/\" \/>\n<meta property=\"og:locale\" content=\"pt_BR\" \/>\n<meta property=\"og:type\" content=\"article\" \/>\n<meta property=\"og:title\" content=\"Financiamento de im\u00f3veis: bancos veem queda de juros no ano que vem\" \/>\n<meta property=\"og:description\" content=\"A redu\u00e7\u00e3o dos juros do cr\u00e9dito imobili\u00e1rio \u00e9 um tema que s\u00f3 deve entrar na agenda a partir do pr\u00f3ximo ano, segundo bancos.\" \/>\n<meta property=\"og:url\" content=\"https:\/\/www.suno.com.br\/noticias\/financiamento-imoveis-bancos-queda-juros-ano-que-vem-va\/\" \/>\n<meta property=\"og:site_name\" content=\"Suno Not\u00edcias\" \/>\n<meta property=\"article:publisher\" content=\"https:\/\/facebook.com\/sunoresearch\" \/>\n<meta property=\"og:image\" content=\"https:\/\/files.sunoresearch.com.br\/n\/uploads\/2021\/10\/buildings-gdfb1db6cd_1280.jpg\" \/>\n\t<meta property=\"og:image:width\" content=\"1280\" \/>\n\t<meta property=\"og:image:height\" content=\"853\" \/>\n\t<meta property=\"og:image:type\" content=\"image\/jpeg\" \/>\n<meta name=\"author\" content=\"Vin\u00edcius Alves\" \/>\n<meta name=\"twitter:card\" content=\"summary_large_image\" \/>\n<meta name=\"twitter:creator\" content=\"@sunoresearch\" \/>\n<meta name=\"twitter:site\" content=\"@sunoresearch\" \/>\n<meta name=\"twitter:label1\" content=\"Escrito por\" \/>\n\t<meta name=\"twitter:data1\" content=\"Vin\u00edcius Alves\" \/>\n\t<meta name=\"twitter:label2\" content=\"Est. tempo de leitura\" \/>\n\t<meta name=\"twitter:data2\" content=\"5 minutos\" \/>\n<script type=\"application\/ld+json\" class=\"yoast-schema-graph\">{\"@context\":\"https:\/\/schema.org\",\"@graph\":[{\"@type\":\"NewsArticle\",\"@id\":\"https:\/\/www.suno.com.br\/noticias\/financiamento-imoveis-bancos-queda-juros-ano-que-vem-va\/#article\",\"isPartOf\":{\"@id\":\"https:\/\/www.suno.com.br\/noticias\/financiamento-imoveis-bancos-queda-juros-ano-que-vem-va\/\"},\"author\":{\"name\":\"Vin\u00edcius Alves\",\"@id\":\"https:\/\/www.suno.com.br\/noticias\/#\/schema\/person\/4a180549702d0e236b3e420862bcded3\"},\"headline\":\"Financiamento de im\u00f3veis: bancos s\u00f3 veem queda de juros no ano que vem\",\"datePublished\":\"2023-08-27T14:55:52+00:00\",\"dateModified\":\"2023-08-27T14:56:00+00:00\",\"mainEntityOfPage\":{\"@id\":\"https:\/\/www.suno.com.br\/noticias\/financiamento-imoveis-bancos-queda-juros-ano-que-vem-va\/\"},\"wordCount\":892,\"publisher\":{\"@id\":\"https:\/\/www.suno.com.br\/noticias\/#organization\"},\"image\":{\"@id\":\"https:\/\/www.suno.com.br\/noticias\/financiamento-imoveis-bancos-queda-juros-ano-que-vem-va\/#primaryimage\"},\"thumbnailUrl\":\"https:\/\/files.sunoresearch.com.br\/n\/uploads\/2021\/10\/buildings-gdfb1db6cd_1280.jpg\",\"keywords\":[\"cr\u00e9dito\",\"finan\u00e7as pessoais\",\"juros futuros\"],\"articleSection\":[\"Economia\"],\"inLanguage\":\"pt-BR\"},{\"@type\":\"WebPage\",\"@id\":\"https:\/\/www.suno.com.br\/noticias\/financiamento-imoveis-bancos-queda-juros-ano-que-vem-va\/\",\"url\":\"https:\/\/www.suno.com.br\/noticias\/financiamento-imoveis-bancos-queda-juros-ano-que-vem-va\/\",\"name\":\"Financiamento de im\u00f3veis: bancos veem queda de juros no ano que vem\",\"isPartOf\":{\"@id\":\"https:\/\/www.suno.com.br\/noticias\/#website\"},\"primaryImageOfPage\":{\"@id\":\"https:\/\/www.suno.com.br\/noticias\/financiamento-imoveis-bancos-queda-juros-ano-que-vem-va\/#primaryimage\"},\"image\":{\"@id\":\"https:\/\/www.suno.com.br\/noticias\/financiamento-imoveis-bancos-queda-juros-ano-que-vem-va\/#primaryimage\"},\"thumbnailUrl\":\"https:\/\/files.sunoresearch.com.br\/n\/uploads\/2021\/10\/buildings-gdfb1db6cd_1280.jpg\",\"datePublished\":\"2023-08-27T14:55:52+00:00\",\"dateModified\":\"2023-08-27T14:56:00+00:00\",\"description\":\"A redu\u00e7\u00e3o dos juros do cr\u00e9dito imobili\u00e1rio \u00e9 um tema que s\u00f3 deve entrar na agenda a partir do pr\u00f3ximo ano, segundo bancos.\",\"breadcrumb\":{\"@id\":\"https:\/\/www.suno.com.br\/noticias\/financiamento-imoveis-bancos-queda-juros-ano-que-vem-va\/#breadcrumb\"},\"inLanguage\":\"pt-BR\",\"potentialAction\":[{\"@type\":\"ReadAction\",\"target\":[\"https:\/\/www.suno.com.br\/noticias\/financiamento-imoveis-bancos-queda-juros-ano-que-vem-va\/\"]}]},{\"@type\":\"ImageObject\",\"inLanguage\":\"pt-BR\",\"@id\":\"https:\/\/www.suno.com.br\/noticias\/financiamento-imoveis-bancos-queda-juros-ano-que-vem-va\/#primaryimage\",\"url\":\"https:\/\/files.sunoresearch.com.br\/n\/uploads\/2021\/10\/buildings-gdfb1db6cd_1280.jpg\",\"contentUrl\":\"https:\/\/files.sunoresearch.com.br\/n\/uploads\/2021\/10\/buildings-gdfb1db6cd_1280.jpg\",\"width\":1280,\"height\":853,\"caption\":\"Financiamento de im\u00f3veis: bancos s\u00f3 veem queda de juros no ano que vem. Foto: Pixabay\"},{\"@type\":\"BreadcrumbList\",\"@id\":\"https:\/\/www.suno.com.br\/noticias\/financiamento-imoveis-bancos-queda-juros-ano-que-vem-va\/#breadcrumb\",\"itemListElement\":[{\"@type\":\"ListItem\",\"position\":1,\"name\":\"Not\u00edcias\",\"item\":\"https:\/\/www.suno.com.br\/noticias\/\"},{\"@type\":\"ListItem\",\"position\":2,\"name\":\"Economia\",\"item\":\"https:\/\/www.suno.com.br\/noticias\/economia\/\"},{\"@type\":\"ListItem\",\"position\":3,\"name\":\"Financiamento de im\u00f3veis: bancos s\u00f3 veem queda de juros no ano que vem\"}]},{\"@type\":\"WebSite\",\"@id\":\"https:\/\/www.suno.com.br\/noticias\/#website\",\"url\":\"https:\/\/www.suno.com.br\/noticias\/\",\"name\":\"Suno Not\u00edcias\",\"description\":\"Seu portal de informa\u00e7\u00e3o sobre o mundo dos investimentos\",\"publisher\":{\"@id\":\"https:\/\/www.suno.com.br\/noticias\/#organization\"},\"potentialAction\":[{\"@type\":\"SearchAction\",\"target\":{\"@type\":\"EntryPoint\",\"urlTemplate\":\"https:\/\/www.suno.com.br\/noticias\/?s={search_term_string}\"},\"query-input\":{\"@type\":\"PropertyValueSpecification\",\"valueRequired\":true,\"valueName\":\"search_term_string\"}}],\"inLanguage\":\"pt-BR\"},{\"@type\":\"Organization\",\"@id\":\"https:\/\/www.suno.com.br\/noticias\/#organization\",\"name\":\"Suno Not\u00edcias\",\"url\":\"https:\/\/www.suno.com.br\/noticias\/\",\"logo\":{\"@type\":\"ImageObject\",\"inLanguage\":\"pt-BR\",\"@id\":\"https:\/\/www.suno.com.br\/noticias\/#\/schema\/logo\/image\/\",\"url\":\"https:\/\/files.sunoresearch.com.br\/n\/uploads\/2021\/09\/suno-logo.png\",\"contentUrl\":\"https:\/\/files.sunoresearch.com.br\/n\/uploads\/2021\/09\/suno-logo.png\",\"width\":180,\"height\":180,\"caption\":\"Suno Not\u00edcias\"},\"image\":{\"@id\":\"https:\/\/www.suno.com.br\/noticias\/#\/schema\/logo\/image\/\"},\"sameAs\":[\"https:\/\/facebook.com\/sunoresearch\",\"https:\/\/x.com\/sunoresearch\",\"https:\/\/www.instagram.com\/suno\",\"https:\/\/www.linkedin.com\/company\/suno-research\/\",\"https:\/\/www.youtube.com\/c\/sunoresearch\"]},{\"@type\":\"Person\",\"@id\":\"https:\/\/www.suno.com.br\/noticias\/#\/schema\/person\/4a180549702d0e236b3e420862bcded3\",\"name\":\"Vin\u00edcius Alves\",\"image\":{\"@type\":\"ImageObject\",\"inLanguage\":\"pt-BR\",\"@id\":\"https:\/\/www.suno.com.br\/noticias\/#\/schema\/person\/image\/\",\"url\":\"https:\/\/secure.gravatar.com\/avatar\/a95b7fe6d1b813f7907d4f476d5a39e1?s=96&r=g\",\"contentUrl\":\"https:\/\/secure.gravatar.com\/avatar\/a95b7fe6d1b813f7907d4f476d5a39e1?s=96&r=g\",\"caption\":\"Vin\u00edcius Alves\"},\"description\":\"Jornalista formado na Faculdade C\u00e1sper L\u00edbero. Com passagens pela Ag\u00eancia Estado, InfoMoney e Editora Globo.\",\"url\":\"https:\/\/www.suno.com.br\/noticias\/author\/vini08correiagmail-com\/\"}]}<\/script>\n<!-- \/ Yoast SEO plugin. -->","yoast_head_json":{"title":"Financiamento de im\u00f3veis: bancos veem queda de juros no ano que vem","description":"A redu\u00e7\u00e3o dos juros do cr\u00e9dito imobili\u00e1rio \u00e9 um tema que s\u00f3 deve entrar na agenda a partir do pr\u00f3ximo ano, segundo bancos.","robots":{"index":"index","follow":"follow","max-snippet":"max-snippet:-1","max-image-preview":"max-image-preview:large","max-video-preview":"max-video-preview:-1"},"canonical":"https:\/\/www.suno.com.br\/noticias\/financiamento-imoveis-bancos-queda-juros-ano-que-vem-va\/","og_locale":"pt_BR","og_type":"article","og_title":"Financiamento de im\u00f3veis: bancos veem queda de juros no ano que vem","og_description":"A redu\u00e7\u00e3o dos juros do cr\u00e9dito imobili\u00e1rio \u00e9 um tema que s\u00f3 deve entrar na agenda a partir do pr\u00f3ximo ano, segundo bancos.","og_url":"https:\/\/www.suno.com.br\/noticias\/financiamento-imoveis-bancos-queda-juros-ano-que-vem-va\/","og_site_name":"Suno Not\u00edcias","article_publisher":"https:\/\/facebook.com\/sunoresearch","og_image":[{"width":1280,"height":853,"url":"https:\/\/files.sunoresearch.com.br\/n\/uploads\/2021\/10\/buildings-gdfb1db6cd_1280.jpg","type":"image\/jpeg"}],"author":"Vin\u00edcius Alves","twitter_card":"summary_large_image","twitter_creator":"@sunoresearch","twitter_site":"@sunoresearch","twitter_misc":{"Escrito por":"Vin\u00edcius Alves","Est. tempo de leitura":"5 minutos"},"schema":{"@context":"https:\/\/schema.org","@graph":[{"@type":"NewsArticle","@id":"https:\/\/www.suno.com.br\/noticias\/financiamento-imoveis-bancos-queda-juros-ano-que-vem-va\/#article","isPartOf":{"@id":"https:\/\/www.suno.com.br\/noticias\/financiamento-imoveis-bancos-queda-juros-ano-que-vem-va\/"},"author":{"name":"Vin\u00edcius Alves","@id":"https:\/\/www.suno.com.br\/noticias\/#\/schema\/person\/4a180549702d0e236b3e420862bcded3"},"headline":"Financiamento de im\u00f3veis: bancos s\u00f3 veem queda de juros no ano que vem","datePublished":"2023-08-27T14:55:52+00:00","dateModified":"2023-08-27T14:56:00+00:00","mainEntityOfPage":{"@id":"https:\/\/www.suno.com.br\/noticias\/financiamento-imoveis-bancos-queda-juros-ano-que-vem-va\/"},"wordCount":892,"publisher":{"@id":"https:\/\/www.suno.com.br\/noticias\/#organization"},"image":{"@id":"https:\/\/www.suno.com.br\/noticias\/financiamento-imoveis-bancos-queda-juros-ano-que-vem-va\/#primaryimage"},"thumbnailUrl":"https:\/\/files.sunoresearch.com.br\/n\/uploads\/2021\/10\/buildings-gdfb1db6cd_1280.jpg","keywords":["cr\u00e9dito","finan\u00e7as pessoais","juros futuros"],"articleSection":["Economia"],"inLanguage":"pt-BR"},{"@type":"WebPage","@id":"https:\/\/www.suno.com.br\/noticias\/financiamento-imoveis-bancos-queda-juros-ano-que-vem-va\/","url":"https:\/\/www.suno.com.br\/noticias\/financiamento-imoveis-bancos-queda-juros-ano-que-vem-va\/","name":"Financiamento de im\u00f3veis: bancos veem queda de juros no ano que vem","isPartOf":{"@id":"https:\/\/www.suno.com.br\/noticias\/#website"},"primaryImageOfPage":{"@id":"https:\/\/www.suno.com.br\/noticias\/financiamento-imoveis-bancos-queda-juros-ano-que-vem-va\/#primaryimage"},"image":{"@id":"https:\/\/www.suno.com.br\/noticias\/financiamento-imoveis-bancos-queda-juros-ano-que-vem-va\/#primaryimage"},"thumbnailUrl":"https:\/\/files.sunoresearch.com.br\/n\/uploads\/2021\/10\/buildings-gdfb1db6cd_1280.jpg","datePublished":"2023-08-27T14:55:52+00:00","dateModified":"2023-08-27T14:56:00+00:00","description":"A redu\u00e7\u00e3o dos juros do cr\u00e9dito imobili\u00e1rio \u00e9 um tema que s\u00f3 deve entrar na agenda a partir do pr\u00f3ximo ano, segundo bancos.","breadcrumb":{"@id":"https:\/\/www.suno.com.br\/noticias\/financiamento-imoveis-bancos-queda-juros-ano-que-vem-va\/#breadcrumb"},"inLanguage":"pt-BR","potentialAction":[{"@type":"ReadAction","target":["https:\/\/www.suno.com.br\/noticias\/financiamento-imoveis-bancos-queda-juros-ano-que-vem-va\/"]}]},{"@type":"ImageObject","inLanguage":"pt-BR","@id":"https:\/\/www.suno.com.br\/noticias\/financiamento-imoveis-bancos-queda-juros-ano-que-vem-va\/#primaryimage","url":"https:\/\/files.sunoresearch.com.br\/n\/uploads\/2021\/10\/buildings-gdfb1db6cd_1280.jpg","contentUrl":"https:\/\/files.sunoresearch.com.br\/n\/uploads\/2021\/10\/buildings-gdfb1db6cd_1280.jpg","width":1280,"height":853,"caption":"Financiamento de im\u00f3veis: bancos s\u00f3 veem queda de juros no ano que vem. Foto: Pixabay"},{"@type":"BreadcrumbList","@id":"https:\/\/www.suno.com.br\/noticias\/financiamento-imoveis-bancos-queda-juros-ano-que-vem-va\/#breadcrumb","itemListElement":[{"@type":"ListItem","position":1,"name":"Not\u00edcias","item":"https:\/\/www.suno.com.br\/noticias\/"},{"@type":"ListItem","position":2,"name":"Economia","item":"https:\/\/www.suno.com.br\/noticias\/economia\/"},{"@type":"ListItem","position":3,"name":"Financiamento de im\u00f3veis: bancos s\u00f3 veem queda de juros no ano que vem"}]},{"@type":"WebSite","@id":"https:\/\/www.suno.com.br\/noticias\/#website","url":"https:\/\/www.suno.com.br\/noticias\/","name":"Suno Not\u00edcias","description":"Seu portal de informa\u00e7\u00e3o sobre o mundo dos investimentos","publisher":{"@id":"https:\/\/www.suno.com.br\/noticias\/#organization"},"potentialAction":[{"@type":"SearchAction","target":{"@type":"EntryPoint","urlTemplate":"https:\/\/www.suno.com.br\/noticias\/?s={search_term_string}"},"query-input":{"@type":"PropertyValueSpecification","valueRequired":true,"valueName":"search_term_string"}}],"inLanguage":"pt-BR"},{"@type":"Organization","@id":"https:\/\/www.suno.com.br\/noticias\/#organization","name":"Suno Not\u00edcias","url":"https:\/\/www.suno.com.br\/noticias\/","logo":{"@type":"ImageObject","inLanguage":"pt-BR","@id":"https:\/\/www.suno.com.br\/noticias\/#\/schema\/logo\/image\/","url":"https:\/\/files.sunoresearch.com.br\/n\/uploads\/2021\/09\/suno-logo.png","contentUrl":"https:\/\/files.sunoresearch.com.br\/n\/uploads\/2021\/09\/suno-logo.png","width":180,"height":180,"caption":"Suno Not\u00edcias"},"image":{"@id":"https:\/\/www.suno.com.br\/noticias\/#\/schema\/logo\/image\/"},"sameAs":["https:\/\/facebook.com\/sunoresearch","https:\/\/x.com\/sunoresearch","https:\/\/www.instagram.com\/suno","https:\/\/www.linkedin.com\/company\/suno-research\/","https:\/\/www.youtube.com\/c\/sunoresearch"]},{"@type":"Person","@id":"https:\/\/www.suno.com.br\/noticias\/#\/schema\/person\/4a180549702d0e236b3e420862bcded3","name":"Vin\u00edcius Alves","image":{"@type":"ImageObject","inLanguage":"pt-BR","@id":"https:\/\/www.suno.com.br\/noticias\/#\/schema\/person\/image\/","url":"https:\/\/secure.gravatar.com\/avatar\/a95b7fe6d1b813f7907d4f476d5a39e1?s=96&r=g","contentUrl":"https:\/\/secure.gravatar.com\/avatar\/a95b7fe6d1b813f7907d4f476d5a39e1?s=96&r=g","caption":"Vin\u00edcius Alves"},"description":"Jornalista formado na Faculdade C\u00e1sper L\u00edbero. Com passagens pela Ag\u00eancia Estado, InfoMoney e Editora Globo.","url":"https:\/\/www.suno.com.br\/noticias\/author\/vini08correiagmail-com\/"}]}},"default_loop_html":"<div class=\"cardsPage__listCard__boxs\"><div class=\"cardsPage__listCard__boxs__img\"><a href=\"https:\/\/www.suno.com.br\/noticias\/financiamento-imoveis-bancos-queda-juros-ano-que-vem-va\/\"><img class=\"mask\" src=\"https:\/\/www.suno.com.br\/noticias\/wp-content\/themes\/suno\/resources\/images\/spotlight\/spotlight1img\/bg-mask.png\" alt=\"Image Mask\"\/><img src=\"https:\/\/files.sunoresearch.com.br\/n\/uploads\/2021\/10\/buildings-gdfb1db6cd_1280-400x200.jpg\" alt=\"Financiamento de im\u00f3veis: bancos s\u00f3 veem queda de juros no ano que vem\"\/><\/a><span class=\"spotlightCategory\"><a href=\"https:\/\/www.suno.com.br\/noticias\/economia\/\">Economia<\/a><\/span><\/div><div class=\"cardsPage__listCard__boxs__content\"><a href=\"https:\/\/www.suno.com.br\/noticias\/financiamento-imoveis-bancos-queda-juros-ano-que-vem-va\/\"><h2 class=\"content__title\">Financiamento de im\u00f3veis: bancos s\u00f3 veem queda de juros no ano que vem<\/h2><\/a><div class=\"newsContent__article__meta\"><div class=\"newsContent__article__meta__authorBox\"><a href=\"https:\/\/www.suno.com.br\/noticias\/author\/camila-figueiredosuno-com-br\/\" class=\"authorBox__avatar noMobi\"><img src=\"https:\/\/files.sunoresearch.com.br\/n\/uploads\/2024\/05\/camila-paim-square-150x150.jpg\" alt=\"Camila Paim\"><\/a><div class=\"authorBox__name\"><span>por\n\t\t\t<a href=\"https:\/\/www.suno.com.br\/noticias\/author\/camila-figueiredosuno-com-br\/\"><span itemprop=\"author\">Camila Paim<\/span><\/a><\/span><time datetime=\"2023-08-27T11:55:52-03:00\" itemprop=\"datePublished\">27\/08\/2023 11:55<\/time><\/div><\/div><\/div><\/div><\/div>","single_layout":"posts","amp_enabled":true,"_links":{"self":[{"href":"https:\/\/www.suno.com.br\/noticias\/wp-json\/wp\/v2\/posts\/447876"}],"collection":[{"href":"https:\/\/www.suno.com.br\/noticias\/wp-json\/wp\/v2\/posts"}],"about":[{"href":"https:\/\/www.suno.com.br\/noticias\/wp-json\/wp\/v2\/types\/post"}],"author":[{"embeddable":true,"href":"https:\/\/www.suno.com.br\/noticias\/wp-json\/wp\/v2\/users\/301"}],"replies":[{"embeddable":true,"href":"https:\/\/www.suno.com.br\/noticias\/wp-json\/wp\/v2\/comments?post=447876"}],"version-history":[{"count":3,"href":"https:\/\/www.suno.com.br\/noticias\/wp-json\/wp\/v2\/posts\/447876\/revisions"}],"predecessor-version":[{"id":447925,"href":"https:\/\/www.suno.com.br\/noticias\/wp-json\/wp\/v2\/posts\/447876\/revisions\/447925"}],"wp:featuredmedia":[{"embeddable":true,"href":"https:\/\/www.suno.com.br\/noticias\/wp-json\/wp\/v2\/media\/195288"}],"wp:attachment":[{"href":"https:\/\/www.suno.com.br\/noticias\/wp-json\/wp\/v2\/media?parent=447876"}],"wp:term":[{"taxonomy":"category","embeddable":true,"href":"https:\/\/www.suno.com.br\/noticias\/wp-json\/wp\/v2\/categories?post=447876"},{"taxonomy":"post_tag","embeddable":true,"href":"https:\/\/www.suno.com.br\/noticias\/wp-json\/wp\/v2\/tags?post=447876"},{"taxonomy":"suno_strategy","embeddable":true,"href":"https:\/\/www.suno.com.br\/noticias\/wp-json\/wp\/v2\/suno_strategy?post=447876"}],"curies":[{"name":"wp","href":"https:\/\/api.w.org\/{rel}","templated":true}]}}