{"id":447802,"date":"2023-08-26T11:54:12","date_gmt":"2023-08-26T14:54:12","guid":{"rendered":"https:\/\/www.suno.com.br\/noticias\/?p=447802"},"modified":"2023-08-26T11:55:10","modified_gmt":"2023-08-26T14:55:10","slug":"taxa-juros-eua-estados-unidos-baixas-acabou-jvj","status":"publish","type":"post","link":"https:\/\/www.suno.com.br\/noticias\/taxa-juros-eua-estados-unidos-baixas-acabou-jvj\/","title":{"rendered":"EUA: por que a era das taxas de juros historicamente baixas pode ter acabado?"},"content":{"rendered":"<p>Apesar do Federal Reserve ter aumentado as taxas de <strong>juros<\/strong> para o maior n\u00edvel em 22 anos, a economia continua surpreendentemente resiliente, com estimativas colocando o crescimento do terceiro trimestre em ritmo para facilmente ultrapassar sua tend\u00eancia de 2%. <\/p>\t<div class=\"wrapper-featured-image\">\n\t\t<figure class=\"spotlightImg\">\n\n\t\t\t<picture>\n\t\t\t\t<source media=\"(max-width: 768px)\" srcset=\"https:\/\/files.sunoresearch.com.br\/n\/uploads\/2022\/12\/jerome-powell-presidente-federal-reserve-fed-foto-youtube-400x200.jpg\">\n\t\t\t\t<img loading=\"lazy\" decoding=\"async\" class=\"newsContent__article__imgCapa lazyloadDisabled \" src=\"https:\/\/files.sunoresearch.com.br\/n\/uploads\/2022\/12\/jerome-powell-presidente-federal-reserve-fed-foto-youtube-800x450.jpg\" width=\"800\" height=\"450\" alt=\"EUA: por que a era das taxas de juros historicamente baixas pode ter acabado?\" fetchpriority=high \/>\n\t\t\t<\/picture>\n\n\t\t\t<figcaption class=\"wp-caption-text wp-caption-text--show\">EUA: por que a era das taxas de juros historicamente baixas pode ter acabado? Foto: YouTube<\/figcaption>\n\t\t<\/figure>\n\t<\/div>\n\n\n\n\n\n\t<p>\n\t\t<a href=\"https:\/\/lp2.suno.com.br\/cl\/black-friday-2025\/?utm_campaign=_SNCDF0E4858_\" target=\"_blank\" data-element=\"shortcode-suno-banner\" title=\"Banner SUNO, clique e saiba mais\">\n\t\t\t<picture>\n\t\t\t\t<source media=\"(max-width: 500px)\" srcset=\"https:\/\/files.sunoresearch.com.br\/n\/uploads\/2025\/10\/Artigos-e-Noticias-Banner-Home-artigos-01-Mobile_-400x300-1-png.webp\">\n\t\t\t\t<img class=\"newsContent__article__imgCapa newsContent__article__imgCapa--banner\"\n\t\t\t\t\tsrc=\"https:\/\/files.sunoresearch.com.br\/n\/uploads\/2025\/10\/Artigos-e-Noticias-Banner-Home-artigos-01-Desktop_-1420x240-1-png.webp\"\n\t\t\t\t\tdata-promo-id=\"311259\"\t\t\t\t\t\t\t\t\t\twidth='1420' height='240'\t\t\t\t\talt=\"https:\/\/files.sunoresearch.com.br\/n\/uploads\/2025\/10\/Artigos-e-Noticias-Banner-Home-artigos-01-Desktop_-1420x240-1-png.webp\"\n\t\t\t\t>\n\t\t\t<\/picture>\n\t\t<\/a>\n\t<\/p>\n\n\n\n\n\n<p>\u00c9 um dos fatores que levam alguns economistas a questionar se as <strong>taxas de juros dos EUA<\/strong> voltar\u00e3o aos n\u00edveis mais baixos que prevaleciam antes de 2020, mesmo que a infla\u00e7\u00e3o volte \u00e0 meta de 2% do Fed nos pr\u00f3ximos anos.<\/p>\n\n\n\n<p>Em quest\u00e3o est\u00e1 o que \u00e9 conhecido como <a class=\"suno-keyword\" target=\"_blank\" data-force=\"no\" data-priority=\"2\" href=\"https:\/\/www.suno.com.br\/artigos\/juros\/\" rel=\"noopener\">taxa de juros<\/a> neutra. \u00c9 a taxa na qual a demanda e a oferta est\u00e3o em equil\u00edbrio, levando a um crescimento econ\u00f4mico est\u00e1vel e \u00e0 infla\u00e7\u00e3o.<\/p>\n\n\n\n<p>Descrito pela primeira vez pelo economista sueco Knut Wicksell h\u00e1 um s\u00e9culo, o neutro n\u00e3o pode ser observado diretamente. Em vez disso, os economistas e formuladores de pol\u00edticas inferem isso do comportamento da economia. Se os empr\u00e9stimos e os gastos forem fortes e a press\u00e3o inflacion\u00e1ria aumentar, o neutro deve estar acima da <strong>taxa de juros atual<\/strong>. Se eles s\u00e3o fracos e a infla\u00e7\u00e3o est\u00e1 recuando, o neutro deve ser menor.<\/p>\n\n\n\t<div data-element=\"shortcode-read-more\" class=\"knowMore\">\n\t\t\t\t<span class=\"knowMore__title\">Leia mais<\/span>\n\t\t\t\t<a class=\"knowMore__link\" href=\"https:\/\/www.suno.com.br\/noticias\/teto-mei-aumento-mudancas-jvj\/\">\n\t\t\tNovo teto para MEI pode ir a R$ 144,9 mil; Entenda as poss\u00edveis mudan\u00e7as\t\t<\/a>\n\t<\/div>\n\n\n\n\n<p>O debate sobre onde fica o neutro n\u00e3o foi importante at\u00e9 agora. Desde o in\u00edcio de 2022, o aumento da infla\u00e7\u00e3o fez com que o Federal Reserve corresse para obter<strong> taxas de juros <\/strong>bem acima do neutro.<\/p>\n\n\n\n<p>Com a infla\u00e7\u00e3o em queda, mas a atividade ainda firme, as estimativas da taxa neutra podem ganhar maior import\u00e2ncia nos pr\u00f3ximos meses. Se o neutro subir, isso pode exigir taxas de juros de <a class=\"suno-keyword\" target=\"_blank\" data-force=\"no\" data-priority=\"1\" href=\"https:\/\/www.suno.com.br\/artigos\/curto-prazo\/\" rel=\"noopener\">curto prazo<\/a> mais altas ou atrasar os cortes nas taxas de juros \u00e0 medida que a infla\u00e7\u00e3o cai. <\/p>\n\n\n\n<p>Tamb\u00e9m poderia manter os rendimentos dos t\u00edtulos de <a class=\"suno-keyword\" target=\"_blank\" data-force=\"no\" data-priority=\"1\" href=\"https:\/\/www.suno.com.br\/artigos\/longo-prazo\/\" rel=\"noopener\">longo prazo<\/a>, que determinam as taxas de hipotecas e d\u00edvidas corporativas, mais altos por mais tempo. Sendo assim, surgem os questionamentos de que as taxas de<strong> juros<\/strong> historicamente baixas poderiam ter acabado.<\/p>\n\n\n\n<p>(Com informa\u00e7\u00f5es de Estad\u00e3o Conte\u00fado)<\/p>\n\n\n\t<p>\n\t\t<a href=\"https:\/\/lp.suno.com.br\/ebook-como-analisar-uma-acao\/\" target=\"_blank\" data-element=\"shortcode-suno-banner\" title=\"Banner SUNO, clique e saiba mais\">\n\t\t\t<picture>\n\t\t\t\t<source media=\"(max-width: 500px)\" srcset=\"https:\/\/files.sunoresearch.com.br\/n\/uploads\/2023\/12\/Ebook-Acoes-Mobile.jpg\">\n\t\t\t\t<img class=\"newsContent__article__imgCapa newsContent__article__imgCapa--banner\"\n\t\t\t\t\tsrc=\"https:\/\/files.sunoresearch.com.br\/n\/uploads\/2023\/12\/Ebook-Acoes-Desktop.webp\"\n\t\t\t\t\tdata-promo-id=\"311260\"\t\t\t\t\t\t\t\t\t\twidth='1420' height='286'\t\t\t\t\talt=\"https:\/\/files.sunoresearch.com.br\/n\/uploads\/2023\/12\/Ebook-Acoes-Desktop.webp\"\n\t\t\t\t>\n\t\t\t<\/picture>\n\t\t<\/a>\n\t<\/p>\n\n\n","protected":false},"excerpt":{"rendered":"<p>Apesar do Federal Reserve ter aumentado as taxas de juros para o maior n\u00edvel em 22 anos, a economia continua surpreendentemente resiliente, com estimativas colocando o crescimento do terceiro trimestre em ritmo para facilmente ultrapassar sua tend\u00eancia de 2%. EUA: por que a era das taxas de juros historicamente baixas pode ter acabado? Foto: YouTube [&hellip;]<\/p>\n","protected":false},"author":173,"featured_media":334513,"comment_status":"closed","ping_status":"closed","sticky":false,"template":"","format":"standard","meta":[],"categories":[64],"tags":[793,1752],"suno_strategy":[],"class_list":["post-447802","post","type-post","status-publish","format-standard","has-post-thumbnail","hentry","category-negocios","tag-estados-unidos-eua","tag-taxa-de-juros"],"yoast_head":"<!-- This site is optimized with the Yoast SEO plugin v24.4 - https:\/\/yoast.com\/wordpress\/plugins\/seo\/ -->\n<title>EUA: a era das taxas de juros historicamente baixas pode ter acabado?<\/title>\n<meta name=\"description\" content=\"Por que a era das taxas de juros historicamente baixas dos Estados Unidos pode ter acabado? Confira as expectativas.\" \/>\n<meta name=\"robots\" content=\"index, follow, max-snippet:-1, max-image-preview:large, max-video-preview:-1\" \/>\n<link rel=\"canonical\" href=\"https:\/\/www.suno.com.br\/noticias\/taxa-juros-eua-estados-unidos-baixas-acabou-jvj\/\" \/>\n<meta property=\"og:locale\" content=\"pt_BR\" \/>\n<meta property=\"og:type\" content=\"article\" \/>\n<meta property=\"og:title\" content=\"EUA: a era das taxas de juros historicamente baixas pode ter acabado?\" \/>\n<meta property=\"og:description\" content=\"Por que a era das taxas de juros historicamente baixas dos Estados Unidos pode ter acabado? Confira as expectativas.\" \/>\n<meta property=\"og:url\" content=\"https:\/\/www.suno.com.br\/noticias\/taxa-juros-eua-estados-unidos-baixas-acabou-jvj\/\" \/>\n<meta property=\"og:site_name\" content=\"Suno Not\u00edcias\" \/>\n<meta property=\"article:publisher\" content=\"https:\/\/facebook.com\/sunoresearch\" \/>\n<meta property=\"og:image\" content=\"https:\/\/files.sunoresearch.com.br\/n\/uploads\/2022\/12\/jerome-powell-presidente-federal-reserve-fed-foto-youtube.jpg\" \/>\n\t<meta property=\"og:image:width\" content=\"1200\" \/>\n\t<meta property=\"og:image:height\" content=\"675\" \/>\n\t<meta property=\"og:image:type\" content=\"image\/jpeg\" \/>\n<meta name=\"author\" content=\"Jo\u00e3o Vitor\" \/>\n<meta name=\"twitter:card\" content=\"summary_large_image\" \/>\n<meta name=\"twitter:creator\" content=\"@sunoresearch\" \/>\n<meta name=\"twitter:site\" content=\"@sunoresearch\" \/>\n<meta name=\"twitter:label1\" content=\"Escrito por\" \/>\n\t<meta name=\"twitter:data1\" content=\"Jo\u00e3o Vitor\" \/>\n\t<meta name=\"twitter:label2\" content=\"Est. tempo de leitura\" \/>\n\t<meta name=\"twitter:data2\" content=\"2 minutos\" \/>\n<script type=\"application\/ld+json\" class=\"yoast-schema-graph\">{\"@context\":\"https:\/\/schema.org\",\"@graph\":[{\"@type\":\"NewsArticle\",\"@id\":\"https:\/\/www.suno.com.br\/noticias\/taxa-juros-eua-estados-unidos-baixas-acabou-jvj\/#article\",\"isPartOf\":{\"@id\":\"https:\/\/www.suno.com.br\/noticias\/taxa-juros-eua-estados-unidos-baixas-acabou-jvj\/\"},\"author\":{\"name\":\"Jo\u00e3o Vitor\",\"@id\":\"https:\/\/www.suno.com.br\/noticias\/#\/schema\/person\/87fc6973867c52dd884811905c43afba\"},\"headline\":\"EUA: por que a era das taxas de juros historicamente baixas pode ter acabado?\",\"datePublished\":\"2023-08-26T14:54:12+00:00\",\"dateModified\":\"2023-08-26T14:55:10+00:00\",\"mainEntityOfPage\":{\"@id\":\"https:\/\/www.suno.com.br\/noticias\/taxa-juros-eua-estados-unidos-baixas-acabou-jvj\/\"},\"wordCount\":360,\"publisher\":{\"@id\":\"https:\/\/www.suno.com.br\/noticias\/#organization\"},\"image\":{\"@id\":\"https:\/\/www.suno.com.br\/noticias\/taxa-juros-eua-estados-unidos-baixas-acabou-jvj\/#primaryimage\"},\"thumbnailUrl\":\"https:\/\/files.sunoresearch.com.br\/n\/uploads\/2022\/12\/jerome-powell-presidente-federal-reserve-fed-foto-youtube.jpg\",\"keywords\":[\"Estados Unidos (EUA)\",\"taxa de juros\"],\"articleSection\":[\"Neg\u00f3cios\"],\"inLanguage\":\"pt-BR\"},{\"@type\":\"WebPage\",\"@id\":\"https:\/\/www.suno.com.br\/noticias\/taxa-juros-eua-estados-unidos-baixas-acabou-jvj\/\",\"url\":\"https:\/\/www.suno.com.br\/noticias\/taxa-juros-eua-estados-unidos-baixas-acabou-jvj\/\",\"name\":\"EUA: a era das taxas de juros historicamente baixas pode ter acabado?\",\"isPartOf\":{\"@id\":\"https:\/\/www.suno.com.br\/noticias\/#website\"},\"primaryImageOfPage\":{\"@id\":\"https:\/\/www.suno.com.br\/noticias\/taxa-juros-eua-estados-unidos-baixas-acabou-jvj\/#primaryimage\"},\"image\":{\"@id\":\"https:\/\/www.suno.com.br\/noticias\/taxa-juros-eua-estados-unidos-baixas-acabou-jvj\/#primaryimage\"},\"thumbnailUrl\":\"https:\/\/files.sunoresearch.com.br\/n\/uploads\/2022\/12\/jerome-powell-presidente-federal-reserve-fed-foto-youtube.jpg\",\"datePublished\":\"2023-08-26T14:54:12+00:00\",\"dateModified\":\"2023-08-26T14:55:10+00:00\",\"description\":\"Por que a era das taxas de juros historicamente baixas dos Estados Unidos pode ter acabado? Confira as expectativas.\",\"breadcrumb\":{\"@id\":\"https:\/\/www.suno.com.br\/noticias\/taxa-juros-eua-estados-unidos-baixas-acabou-jvj\/#breadcrumb\"},\"inLanguage\":\"pt-BR\",\"potentialAction\":[{\"@type\":\"ReadAction\",\"target\":[\"https:\/\/www.suno.com.br\/noticias\/taxa-juros-eua-estados-unidos-baixas-acabou-jvj\/\"]}]},{\"@type\":\"ImageObject\",\"inLanguage\":\"pt-BR\",\"@id\":\"https:\/\/www.suno.com.br\/noticias\/taxa-juros-eua-estados-unidos-baixas-acabou-jvj\/#primaryimage\",\"url\":\"https:\/\/files.sunoresearch.com.br\/n\/uploads\/2022\/12\/jerome-powell-presidente-federal-reserve-fed-foto-youtube.jpg\",\"contentUrl\":\"https:\/\/files.sunoresearch.com.br\/n\/uploads\/2022\/12\/jerome-powell-presidente-federal-reserve-fed-foto-youtube.jpg\",\"width\":1200,\"height\":675,\"caption\":\"EUA: por que a era das taxas de juros historicamente baixas pode ter acabado? Foto: YouTube\"},{\"@type\":\"BreadcrumbList\",\"@id\":\"https:\/\/www.suno.com.br\/noticias\/taxa-juros-eua-estados-unidos-baixas-acabou-jvj\/#breadcrumb\",\"itemListElement\":[{\"@type\":\"ListItem\",\"position\":1,\"name\":\"Not\u00edcias\",\"item\":\"https:\/\/www.suno.com.br\/noticias\/\"},{\"@type\":\"ListItem\",\"position\":2,\"name\":\"Neg\u00f3cios\",\"item\":\"https:\/\/www.suno.com.br\/noticias\/negocios\/\"},{\"@type\":\"ListItem\",\"position\":3,\"name\":\"EUA: por que a era das taxas de juros historicamente baixas pode ter acabado?\"}]},{\"@type\":\"WebSite\",\"@id\":\"https:\/\/www.suno.com.br\/noticias\/#website\",\"url\":\"https:\/\/www.suno.com.br\/noticias\/\",\"name\":\"Suno Not\u00edcias\",\"description\":\"Seu portal de informa\u00e7\u00e3o sobre o mundo dos investimentos\",\"publisher\":{\"@id\":\"https:\/\/www.suno.com.br\/noticias\/#organization\"},\"potentialAction\":[{\"@type\":\"SearchAction\",\"target\":{\"@type\":\"EntryPoint\",\"urlTemplate\":\"https:\/\/www.suno.com.br\/noticias\/?s={search_term_string}\"},\"query-input\":{\"@type\":\"PropertyValueSpecification\",\"valueRequired\":true,\"valueName\":\"search_term_string\"}}],\"inLanguage\":\"pt-BR\"},{\"@type\":\"Organization\",\"@id\":\"https:\/\/www.suno.com.br\/noticias\/#organization\",\"name\":\"Suno Not\u00edcias\",\"url\":\"https:\/\/www.suno.com.br\/noticias\/\",\"logo\":{\"@type\":\"ImageObject\",\"inLanguage\":\"pt-BR\",\"@id\":\"https:\/\/www.suno.com.br\/noticias\/#\/schema\/logo\/image\/\",\"url\":\"https:\/\/files.sunoresearch.com.br\/n\/uploads\/2021\/09\/suno-logo.png\",\"contentUrl\":\"https:\/\/files.sunoresearch.com.br\/n\/uploads\/2021\/09\/suno-logo.png\",\"width\":180,\"height\":180,\"caption\":\"Suno Not\u00edcias\"},\"image\":{\"@id\":\"https:\/\/www.suno.com.br\/noticias\/#\/schema\/logo\/image\/\"},\"sameAs\":[\"https:\/\/facebook.com\/sunoresearch\",\"https:\/\/x.com\/sunoresearch\",\"https:\/\/www.instagram.com\/suno\",\"https:\/\/www.linkedin.com\/company\/suno-research\/\",\"https:\/\/www.youtube.com\/c\/sunoresearch\"]},{\"@type\":\"Person\",\"@id\":\"https:\/\/www.suno.com.br\/noticias\/#\/schema\/person\/87fc6973867c52dd884811905c43afba\",\"name\":\"Jo\u00e3o Vitor\",\"image\":{\"@type\":\"ImageObject\",\"inLanguage\":\"pt-BR\",\"@id\":\"https:\/\/www.suno.com.br\/noticias\/#\/schema\/person\/image\/\",\"url\":\"https:\/\/secure.gravatar.com\/avatar\/2843227ca03ccf8cc7ccca45204c127e?s=96&r=g\",\"contentUrl\":\"https:\/\/secure.gravatar.com\/avatar\/2843227ca03ccf8cc7ccca45204c127e?s=96&r=g\",\"caption\":\"Jo\u00e3o Vitor\"},\"description\":\"Redator profissional, com atua\u00e7\u00e3o no mercado editorial na produ\u00e7\u00e3o de not\u00edcias e conte\u00fados sobre o mercado de a\u00e7\u00f5es, fundos imobili\u00e1rios e economia popular. Graduando em Engenharia Qu\u00edmica pela Unesp, tamb\u00e9m j\u00e1 atuou como consultor financeiro.\",\"url\":\"https:\/\/www.suno.com.br\/noticias\/author\/joao-vitor-jacintho\/\"}]}<\/script>\n<!-- \/ Yoast SEO plugin. -->","yoast_head_json":{"title":"EUA: a era das taxas de juros historicamente baixas pode ter acabado?","description":"Por que a era das taxas de juros historicamente baixas dos Estados Unidos pode ter acabado? Confira as expectativas.","robots":{"index":"index","follow":"follow","max-snippet":"max-snippet:-1","max-image-preview":"max-image-preview:large","max-video-preview":"max-video-preview:-1"},"canonical":"https:\/\/www.suno.com.br\/noticias\/taxa-juros-eua-estados-unidos-baixas-acabou-jvj\/","og_locale":"pt_BR","og_type":"article","og_title":"EUA: a era das taxas de juros historicamente baixas pode ter acabado?","og_description":"Por que a era das taxas de juros historicamente baixas dos Estados Unidos pode ter acabado? Confira as expectativas.","og_url":"https:\/\/www.suno.com.br\/noticias\/taxa-juros-eua-estados-unidos-baixas-acabou-jvj\/","og_site_name":"Suno Not\u00edcias","article_publisher":"https:\/\/facebook.com\/sunoresearch","og_image":[{"width":1200,"height":675,"url":"https:\/\/files.sunoresearch.com.br\/n\/uploads\/2022\/12\/jerome-powell-presidente-federal-reserve-fed-foto-youtube.jpg","type":"image\/jpeg"}],"author":"Jo\u00e3o Vitor","twitter_card":"summary_large_image","twitter_creator":"@sunoresearch","twitter_site":"@sunoresearch","twitter_misc":{"Escrito por":"Jo\u00e3o Vitor","Est. tempo de leitura":"2 minutos"},"schema":{"@context":"https:\/\/schema.org","@graph":[{"@type":"NewsArticle","@id":"https:\/\/www.suno.com.br\/noticias\/taxa-juros-eua-estados-unidos-baixas-acabou-jvj\/#article","isPartOf":{"@id":"https:\/\/www.suno.com.br\/noticias\/taxa-juros-eua-estados-unidos-baixas-acabou-jvj\/"},"author":{"name":"Jo\u00e3o Vitor","@id":"https:\/\/www.suno.com.br\/noticias\/#\/schema\/person\/87fc6973867c52dd884811905c43afba"},"headline":"EUA: por que a era das taxas de juros historicamente baixas pode ter acabado?","datePublished":"2023-08-26T14:54:12+00:00","dateModified":"2023-08-26T14:55:10+00:00","mainEntityOfPage":{"@id":"https:\/\/www.suno.com.br\/noticias\/taxa-juros-eua-estados-unidos-baixas-acabou-jvj\/"},"wordCount":360,"publisher":{"@id":"https:\/\/www.suno.com.br\/noticias\/#organization"},"image":{"@id":"https:\/\/www.suno.com.br\/noticias\/taxa-juros-eua-estados-unidos-baixas-acabou-jvj\/#primaryimage"},"thumbnailUrl":"https:\/\/files.sunoresearch.com.br\/n\/uploads\/2022\/12\/jerome-powell-presidente-federal-reserve-fed-foto-youtube.jpg","keywords":["Estados Unidos (EUA)","taxa de juros"],"articleSection":["Neg\u00f3cios"],"inLanguage":"pt-BR"},{"@type":"WebPage","@id":"https:\/\/www.suno.com.br\/noticias\/taxa-juros-eua-estados-unidos-baixas-acabou-jvj\/","url":"https:\/\/www.suno.com.br\/noticias\/taxa-juros-eua-estados-unidos-baixas-acabou-jvj\/","name":"EUA: a era das taxas de juros historicamente baixas pode ter acabado?","isPartOf":{"@id":"https:\/\/www.suno.com.br\/noticias\/#website"},"primaryImageOfPage":{"@id":"https:\/\/www.suno.com.br\/noticias\/taxa-juros-eua-estados-unidos-baixas-acabou-jvj\/#primaryimage"},"image":{"@id":"https:\/\/www.suno.com.br\/noticias\/taxa-juros-eua-estados-unidos-baixas-acabou-jvj\/#primaryimage"},"thumbnailUrl":"https:\/\/files.sunoresearch.com.br\/n\/uploads\/2022\/12\/jerome-powell-presidente-federal-reserve-fed-foto-youtube.jpg","datePublished":"2023-08-26T14:54:12+00:00","dateModified":"2023-08-26T14:55:10+00:00","description":"Por que a era das taxas de juros historicamente baixas dos Estados Unidos pode ter acabado? Confira as expectativas.","breadcrumb":{"@id":"https:\/\/www.suno.com.br\/noticias\/taxa-juros-eua-estados-unidos-baixas-acabou-jvj\/#breadcrumb"},"inLanguage":"pt-BR","potentialAction":[{"@type":"ReadAction","target":["https:\/\/www.suno.com.br\/noticias\/taxa-juros-eua-estados-unidos-baixas-acabou-jvj\/"]}]},{"@type":"ImageObject","inLanguage":"pt-BR","@id":"https:\/\/www.suno.com.br\/noticias\/taxa-juros-eua-estados-unidos-baixas-acabou-jvj\/#primaryimage","url":"https:\/\/files.sunoresearch.com.br\/n\/uploads\/2022\/12\/jerome-powell-presidente-federal-reserve-fed-foto-youtube.jpg","contentUrl":"https:\/\/files.sunoresearch.com.br\/n\/uploads\/2022\/12\/jerome-powell-presidente-federal-reserve-fed-foto-youtube.jpg","width":1200,"height":675,"caption":"EUA: por que a era das taxas de juros historicamente baixas pode ter acabado? Foto: YouTube"},{"@type":"BreadcrumbList","@id":"https:\/\/www.suno.com.br\/noticias\/taxa-juros-eua-estados-unidos-baixas-acabou-jvj\/#breadcrumb","itemListElement":[{"@type":"ListItem","position":1,"name":"Not\u00edcias","item":"https:\/\/www.suno.com.br\/noticias\/"},{"@type":"ListItem","position":2,"name":"Neg\u00f3cios","item":"https:\/\/www.suno.com.br\/noticias\/negocios\/"},{"@type":"ListItem","position":3,"name":"EUA: por que a era das taxas de juros historicamente baixas pode ter acabado?"}]},{"@type":"WebSite","@id":"https:\/\/www.suno.com.br\/noticias\/#website","url":"https:\/\/www.suno.com.br\/noticias\/","name":"Suno Not\u00edcias","description":"Seu portal de informa\u00e7\u00e3o sobre o mundo dos investimentos","publisher":{"@id":"https:\/\/www.suno.com.br\/noticias\/#organization"},"potentialAction":[{"@type":"SearchAction","target":{"@type":"EntryPoint","urlTemplate":"https:\/\/www.suno.com.br\/noticias\/?s={search_term_string}"},"query-input":{"@type":"PropertyValueSpecification","valueRequired":true,"valueName":"search_term_string"}}],"inLanguage":"pt-BR"},{"@type":"Organization","@id":"https:\/\/www.suno.com.br\/noticias\/#organization","name":"Suno Not\u00edcias","url":"https:\/\/www.suno.com.br\/noticias\/","logo":{"@type":"ImageObject","inLanguage":"pt-BR","@id":"https:\/\/www.suno.com.br\/noticias\/#\/schema\/logo\/image\/","url":"https:\/\/files.sunoresearch.com.br\/n\/uploads\/2021\/09\/suno-logo.png","contentUrl":"https:\/\/files.sunoresearch.com.br\/n\/uploads\/2021\/09\/suno-logo.png","width":180,"height":180,"caption":"Suno Not\u00edcias"},"image":{"@id":"https:\/\/www.suno.com.br\/noticias\/#\/schema\/logo\/image\/"},"sameAs":["https:\/\/facebook.com\/sunoresearch","https:\/\/x.com\/sunoresearch","https:\/\/www.instagram.com\/suno","https:\/\/www.linkedin.com\/company\/suno-research\/","https:\/\/www.youtube.com\/c\/sunoresearch"]},{"@type":"Person","@id":"https:\/\/www.suno.com.br\/noticias\/#\/schema\/person\/87fc6973867c52dd884811905c43afba","name":"Jo\u00e3o Vitor","image":{"@type":"ImageObject","inLanguage":"pt-BR","@id":"https:\/\/www.suno.com.br\/noticias\/#\/schema\/person\/image\/","url":"https:\/\/secure.gravatar.com\/avatar\/2843227ca03ccf8cc7ccca45204c127e?s=96&r=g","contentUrl":"https:\/\/secure.gravatar.com\/avatar\/2843227ca03ccf8cc7ccca45204c127e?s=96&r=g","caption":"Jo\u00e3o Vitor"},"description":"Redator profissional, com atua\u00e7\u00e3o no mercado editorial na produ\u00e7\u00e3o de not\u00edcias e conte\u00fados sobre o mercado de a\u00e7\u00f5es, fundos imobili\u00e1rios e economia popular. Graduando em Engenharia Qu\u00edmica pela Unesp, tamb\u00e9m j\u00e1 atuou como consultor financeiro.","url":"https:\/\/www.suno.com.br\/noticias\/author\/joao-vitor-jacintho\/"}]}},"default_loop_html":"<div class=\"cardsPage__listCard__boxs\"><div class=\"cardsPage__listCard__boxs__img\"><a href=\"https:\/\/www.suno.com.br\/noticias\/taxa-juros-eua-estados-unidos-baixas-acabou-jvj\/\"><img class=\"mask\" src=\"https:\/\/www.suno.com.br\/noticias\/wp-content\/themes\/suno\/resources\/images\/spotlight\/spotlight1img\/bg-mask.png\" alt=\"Image Mask\"\/><img src=\"https:\/\/files.sunoresearch.com.br\/n\/uploads\/2022\/12\/jerome-powell-presidente-federal-reserve-fed-foto-youtube-400x200.jpg\" alt=\"EUA: por que a era das taxas de juros historicamente baixas pode ter acabado?\"\/><\/a><span class=\"spotlightCategory\"><a href=\"https:\/\/www.suno.com.br\/noticias\/negocios\/\">Neg\u00f3cios<\/a><\/span><\/div><div class=\"cardsPage__listCard__boxs__content\"><a href=\"https:\/\/www.suno.com.br\/noticias\/taxa-juros-eua-estados-unidos-baixas-acabou-jvj\/\"><h2 class=\"content__title\">EUA: por que a era das taxas de juros historicamente baixas pode ter acabado?<\/h2><\/a><div class=\"newsContent__article__meta\"><div class=\"newsContent__article__meta__authorBox\"><a href=\"https:\/\/www.suno.com.br\/noticias\/author\/joao-vitor-jacintho\/\" class=\"authorBox__avatar noMobi\"><img src=\"https:\/\/secure.gravatar.com\/avatar\/2843227ca03ccf8cc7ccca45204c127e?s=96&#038;r=g\" alt=\"Jo\u00e3o Vitor Jacintho\"><\/a><div class=\"authorBox__name\"><span>por\n\t\t\t<a href=\"https:\/\/www.suno.com.br\/noticias\/author\/joao-vitor-jacintho\/\"><span itemprop=\"author\">Jo\u00e3o Vitor Jacintho<\/span><\/a><\/span><time datetime=\"2023-08-26T11:54:12-03:00\" itemprop=\"datePublished\">26\/08\/2023 11:54<\/time><\/div><\/div><\/div><\/div><\/div>","single_layout":"posts","amp_enabled":true,"_links":{"self":[{"href":"https:\/\/www.suno.com.br\/noticias\/wp-json\/wp\/v2\/posts\/447802"}],"collection":[{"href":"https:\/\/www.suno.com.br\/noticias\/wp-json\/wp\/v2\/posts"}],"about":[{"href":"https:\/\/www.suno.com.br\/noticias\/wp-json\/wp\/v2\/types\/post"}],"author":[{"embeddable":true,"href":"https:\/\/www.suno.com.br\/noticias\/wp-json\/wp\/v2\/users\/173"}],"replies":[{"embeddable":true,"href":"https:\/\/www.suno.com.br\/noticias\/wp-json\/wp\/v2\/comments?post=447802"}],"version-history":[{"count":2,"href":"https:\/\/www.suno.com.br\/noticias\/wp-json\/wp\/v2\/posts\/447802\/revisions"}],"predecessor-version":[{"id":447819,"href":"https:\/\/www.suno.com.br\/noticias\/wp-json\/wp\/v2\/posts\/447802\/revisions\/447819"}],"wp:featuredmedia":[{"embeddable":true,"href":"https:\/\/www.suno.com.br\/noticias\/wp-json\/wp\/v2\/media\/334513"}],"wp:attachment":[{"href":"https:\/\/www.suno.com.br\/noticias\/wp-json\/wp\/v2\/media?parent=447802"}],"wp:term":[{"taxonomy":"category","embeddable":true,"href":"https:\/\/www.suno.com.br\/noticias\/wp-json\/wp\/v2\/categories?post=447802"},{"taxonomy":"post_tag","embeddable":true,"href":"https:\/\/www.suno.com.br\/noticias\/wp-json\/wp\/v2\/tags?post=447802"},{"taxonomy":"suno_strategy","embeddable":true,"href":"https:\/\/www.suno.com.br\/noticias\/wp-json\/wp\/v2\/suno_strategy?post=447802"}],"curies":[{"name":"wp","href":"https:\/\/api.w.org\/{rel}","templated":true}]}}