{"id":447485,"date":"2023-08-25T13:02:03","date_gmt":"2023-08-25T16:02:03","guid":{"rendered":"https:\/\/www.suno.com.br\/noticias\/?p=447485"},"modified":"2023-08-25T15:52:58","modified_gmt":"2023-08-25T18:52:58","slug":"powell-fed-preparado-juros-restritivos","status":"publish","type":"post","link":"https:\/\/www.suno.com.br\/noticias\/powell-fed-preparado-juros-restritivos\/","title":{"rendered":"Powell: Fed pode aumentar mais os juros, se necess\u00e1rio, e mant\u00ea-los restritivos"},"content":{"rendered":"<p>O presidente do Federal Reserve (Fed, o banco central norte-americano), Jerome <strong>Powell<\/strong>, afirmou nesta sexta-feira, 25, que o \u00f3rg\u00e3o &#8220;est\u00e1 preparado&#8221; para aumentar mais os juros, se necess\u00e1rio. Em discurso durante o Simp\u00f3sio de Jackson Hole, Powell tamb\u00e9m sinalizou inten\u00e7\u00e3o de manter a <a class=\"suno-keyword\" target=\"_blank\" data-force=\"no\" data-priority=\"1\" href=\"https:\/\/www.suno.com.br\/artigos\/politica-monetaria\/\" rel=\"noopener\">pol\u00edtica monet\u00e1ria<\/a> em n\u00edveis restritivos at\u00e9 haver confian\u00e7a de que a infla\u00e7\u00e3o cai &#8220;sustentadamente&#8221; em dire\u00e7\u00e3o \u00e0 meta de 2%.<\/p>\t<div class=\"wrapper-featured-image\">\n\t\t<figure class=\"spotlightImg\">\n\n\t\t\t<picture>\n\t\t\t\t<source media=\"(max-width: 768px)\" srcset=\"https:\/\/files.sunoresearch.com.br\/n\/uploads\/2022\/04\/jerome_powell-400x200.jpg\">\n\t\t\t\t<img loading=\"lazy\" decoding=\"async\" class=\"newsContent__article__imgCapa lazyloadDisabled \" src=\"https:\/\/files.sunoresearch.com.br\/n\/uploads\/2022\/04\/jerome_powell-800x450.jpg\" width=\"800\" height=\"450\" alt=\"Powell: Fed pode aumentar mais os juros, se necess\u00e1rio, e mant\u00ea-los restritivos\" fetchpriority=high \/>\n\t\t\t<\/picture>\n\n\t\t\t<figcaption class=\"wp-caption-text wp-caption-text--show\">Jerome Powell, presidente do Federal Reserve. Foto: Wikimedia Commons <\/figcaption>\n\t\t<\/figure>\n\t<\/div>\n\n\n\n\n\n\t<p>\n\t\t<a href=\"\" target=\"_blank\" data-element=\"shortcode-suno-banner\" title=\"Banner SUNO, clique e saiba mais\">\n\t\t\t<picture>\n\t\t\t\t<source media=\"(max-width: 500px)\" srcset=\"\">\n\t\t\t\t<img class=\"newsContent__article__imgCapa newsContent__article__imgCapa--banner\"\n\t\t\t\t\tsrc=\"\"\n\t\t\t\t\tdata-promo-id=\"240038\"\t\t\t\t\t\t\t\t\t\t\t\t\t\t\talt=\"\"\n\t\t\t\t>\n\t\t\t<\/picture>\n\t\t<\/a>\n\t<\/p>\n\n\n\n\n\n\n\n<p>O <strong>banqueiro central<\/strong> destacou, em particular, os sinais recentes de resili\u00eancia do consumo e da economia dos Estados Unidos ao comentar sobre os <strong>juros nos EUA<\/strong>. <\/p>\n\n\n\n<p>&#8220;Evid\u00eancias adicionais de um crescimento persistentemente acima da tend\u00eancia poder\u00e3o colocar em risco novos progressos na infla\u00e7\u00e3o e justificar um maior aperto da pol\u00edtica monet\u00e1ria&#8221;, ressaltou no <strong>Simp\u00f3sio de Jackson Hole<\/strong>.<\/p>\n\n\n\n<p>De qualquer forma, Powell refor\u00e7ou o compromisso do <strong>Fed<\/strong> em assegurar a estabilidade de pre\u00e7o.<\/p>\n\n\n\n<p>Para isso, segundo ele, deve ser necess\u00e1rio um per\u00edodo de crescimento abaixo do potencial e algum enfraquecimento do emprego. &#8220;\u00c9 o trabalho do Fed reduzir a <strong>infla\u00e7\u00e3o<\/strong> \u00e0 nossa meta de 2% e vamos fazer isso&#8221;, garantiu.<\/p>\n\n\n\n\t<div data-element=\"shortcode-read-more\" class=\"readToo\">\n\t\t\t\t<span class=\"readToo__title\">Leia mais<\/span>\n\t\t\t\t<ul class=\"readToo__list\">\n\t\t\t<li><a href=\"https:\/\/www.suno.com.br\/noticias\/fed-aberto-mudar-planos-evm\/\">Fed est\u00e1 &#8216;aberto a ouvir dados&#8217; e pode mudar planos, diz Goolsbee<\/a><\/li><li><a href=\"https:\/\/www.suno.com.br\/noticias\/fed-fomc-sobe-juros-eua-maior-nivel-evm\/\">Fed sobe juros dos EUA para 5,5%, maior n\u00edvel em 22 anos<\/a><\/li>\t\t<\/ul>\n\t<\/div>\n\n\n\n\t<p>\n\t\t<a href=\"https:\/\/lp.suno.com.br\/ebook-gratuito-investindo-no-exterior\/\" target=\"_blank\" data-element=\"shortcode-suno-banner\" title=\"Banner SUNO, clique e saiba mais\">\n\t\t\t<picture>\n\t\t\t\t<source media=\"(max-width: 500px)\" srcset=\"https:\/\/files.sunoresearch.com.br\/n\/uploads\/2023\/03\/400x300-Investindo-no-exterior.png\">\n\t\t\t\t<img class=\"newsContent__article__imgCapa newsContent__article__imgCapa--banner\"\n\t\t\t\t\tsrc=\"https:\/\/files.sunoresearch.com.br\/n\/uploads\/2023\/03\/1420x240-Investindo-no-exterior.png\"\n\t\t\t\t\tdata-promo-id=\"383161\"\t\t\t\t\t\t\t\t\t\twidth='1420' height='240'\t\t\t\t\talt=\"https:\/\/files.sunoresearch.com.br\/n\/uploads\/2023\/03\/1420x240-Investindo-no-exterior.png\"\n\t\t\t\t>\n\t\t\t<\/picture>\n\t\t<\/a>\n\t<\/p>\n\n\n\n\n\n<h2 class=\"wp-block-heading\">Powell: Cautela<\/h2>\n\n\n\n<p>No discurso durante o Simp\u00f3sio de Jackson Hole, o presidente do Federal Reserve indicou que o<strong> banco central norte-americano<\/strong> agir\u00e1 de maneira cautela nas pr\u00f3ximas decis\u00f5es de<strong> pol\u00edtica monet\u00e1ria<\/strong>, com objetivo de avaliar os <a class=\"suno-keyword\" data-force=\"no\" data-priority=\"1\" href=\"https:\/\/www.suno.com.br\/artigos\/indicadores-economicos\/\" target=\"_blank\" rel=\"noopener\">indicadores econ\u00f4micos<\/a> e a evolu\u00e7\u00e3o do cen\u00e1rio.<\/p>\n\n\n\n<p>Powell chamou aten\u00e7\u00e3o para o n\u00edvel de incertezas no horizonte e a consequente import\u00e2ncia das considera\u00e7\u00f5es sobre gest\u00e3o de risco. &#8220;Nas pr\u00f3ximas reuni\u00f5es, avaliaremos o nosso progresso com base na totalidade dos dados e na evolu\u00e7\u00e3o das perspectivas e dos riscos&#8221;, ressaltou.<\/p>\n\n\n\n<p>O banqueiro central alertou que um aperto monet\u00e1rio aqu\u00e9m do necess\u00e1rio poderia permitir que a infla\u00e7\u00e3o se incorpore \u00e0 economia, o que poderia demandar uma postura mais restritiva, com alto custo para o mercado de trabalho.<\/p>\n\n\n\n<p>Por outro lado, segundo ele, um arrocho exagerado tamb\u00e9m &#8220;poderia causar preju\u00edzos desnecess\u00e1rios&#8221; \u00e0 atividade econ\u00f4mica.<\/p>\n\n\n\n<p>&#8220;Ele bateu muito na tecla do crescimento estar sendo mais persistente e mais resiliente e se houver novos sinais de aquecimento, novas altas de juros v\u00e3o ser apropriadas,&#8221; ressalta Helena Veronese, economista-chefe da B.Side Investimentos. <\/p>\n\n\n\n<p>Na an\u00e1lise da economista, o que provocou uma leitura do mercado de uma postura mais <em>dovish <\/em>do discurso de Powell foi por ele ter falado que o Fed vai agir com cautela agora nas pr\u00f3ximas reuni\u00f5es. &#8220;Embora ele tenha deixado a porta aberta, sem dar nenhuma sinaliza\u00e7\u00e3o clara sobre a alta ou baixa de taxa de juros, o tom do discurso me pareceu um pouco mais preocupado com a acelera\u00e7\u00e3o da atividade econ\u00f4mica,&#8221; justifica Veronese. <\/p>\n\n\n\n<p><\/p>\n\n\n\n<h2 class=\"wp-block-heading\">Powell reconhece progresso em dire\u00e7\u00e3o \u00e0 estabilidade de pre\u00e7os, mas v\u00ea infla\u00e7\u00e3o alta nos EUA<\/h2>\n\n\n\n<p>O <strong>presidente do Federal Reserve<\/strong> reconheceu nesta sexta-feira, 25, os recentes progressos em dire\u00e7\u00e3o \u00e0 estabilidade de pre\u00e7os nos Estados Unidos, mas alertou que a infla\u00e7\u00e3o permanece &#8220;muito alta&#8221; em um cen\u00e1rio marcado por incerteza. Os coment\u00e1rios foram feitos em discurso durante o Simp\u00f3sio de Jackson Hole.<\/p>\n\n\n\n<p>Powell explicou que o arrefecimento inflacion\u00e1rio depende principalmente da normaliza\u00e7\u00e3o da demanda e da resolu\u00e7\u00e3o das distor\u00e7\u00f5es de oferta. &#8220;Embora estas duas for\u00e7as estejam agora a trabalhar em conjunto para reduzir a infla\u00e7\u00e3o, o processo ainda tem um longo caminho a percorrer, mesmo com as leituras recentes mais favor\u00e1veis&#8221;, ressaltou.<\/p>\n\n\n\n<p>O dirigente admitiu que as leituras mais baixas do n\u00facleo de infla\u00e7\u00e3o em junho e julho foram &#8220;bem-vindas&#8221;, embora dois dados sejam apenas o &#8220;come\u00e7o&#8221; do que ser\u00e1 necess\u00e1rio para garantir confian\u00e7a no processo.<\/p>\n\n\n\n<p>Segundo ele, ainda n\u00e3o \u00e9 poss\u00edvel saber de forma definitiva a que ponto a desinfla\u00e7\u00e3o \u00e9 sustentada e onde os pre\u00e7os v\u00e3o se acomodar. &#8220;O n\u00facleo de infla\u00e7\u00e3o dos \u00faltimos doze meses ainda \u00e9 elevado e h\u00e1 ainda um terreno substancial a percorrer para regressar \u00e0 estabilidade de pre\u00e7os&#8221;, comentou, acrescentando que os pre\u00e7os de energia e alimentos s\u00e3o muito influenciados por fatores globais vol\u00e1teis.<\/p>\n\n\n\n<p>De acordo com Powell, a infla\u00e7\u00e3o de bens em seu n\u00facleo permanece elevada, apesar da acentuada desacelera\u00e7\u00e3o nos \u00faltimos meses. &#8220;\u00c9 necess\u00e1rio um progresso sustentado e \u00e9 necess\u00e1ria uma <a class=\"suno-keyword\" target=\"_blank\" data-force=\"no\" data-priority=\"1\" href=\"https:\/\/www.suno.com.br\/artigos\/politica-monetaria\/\" rel=\"noopener\">pol\u00edtica monet\u00e1ria<\/a> restritiva para alcan\u00e7ar esse progresso&#8221;, pontuou ele, que v\u00ea um per\u00edodo de crescimento econ\u00f4mico abaixo do potencial e enfraquecimento do mercado de trabalho para assegurar esse objetivo.<\/p>\n\n\n\n<p>Marcos De Marchi, economista-chefe da Oriz Partners, evidencia a incerteza nesse momento na condu\u00e7\u00e3o da pol\u00edtica monet\u00e1ria. &#8220;Nesse sentido as declara\u00e7\u00f5es sugerem que a manuten\u00e7\u00e3o dos juros em patamar elevado por um per\u00edodo prolongado \u00e9 prefer\u00edvel a subir ainda mais a taxa b\u00e1sica. Ele mesmo usou o termo \u201cproceder cuidadosamente\u201d daqui em diante,&#8221; comentou De Marchi.<\/p>\n\n\n\n<h2 class=\"wp-block-heading\">N\u00edvel atual dos juros neutros<\/h2>\n\n\n\n<p>O presidente do Federal Reserve disse ainda que n\u00e3o \u00e9 poss\u00edvel identificar com precis\u00e3o o n\u00edvel atual dos juros neutros, ou seja, a taxa que n\u00e3o estimula nem comprime a atividade econ\u00f4mica. &#8220;E, portanto, h\u00e1 sempre incerteza sobre o n\u00edvel exato de restri\u00e7\u00e3o da pol\u00edtica monet\u00e1ria&#8221;, destacou, durante o discurso no Simp\u00f3sio de Jackson Hole.<\/p>\n\n\n\n<p>Powell refor\u00e7ou que a infla\u00e7\u00e3o a 2% \u00e9 e continuar\u00e1 sendo a meta do banco central norte-americano. &#8220;Estamos empenhados em alcan\u00e7ar e manter uma orienta\u00e7\u00e3o de <a class=\"suno-keyword\" target=\"_blank\" data-force=\"no\" data-priority=\"1\" href=\"https:\/\/www.suno.com.br\/artigos\/politica-monetaria\/\" rel=\"noopener\">pol\u00edtica monet\u00e1ria<\/a> que seja suficientemente restritiva para reduzir a infla\u00e7\u00e3o para esse n\u00edvel ao longo do tempo&#8221;, destacou.<\/p>\n\n\n\n<p>O banqueiro central considera &#8220;desafiador&#8221; definir o momento exato em que essa postura \u00e9 alcan\u00e7ada. No momento, os juros reais est\u00e3o positivos e bem acima das estimativas mais aceitas para a taxa neutra. &#8220;Vemos a atual postura pol\u00edtica como restritiva, exercendo press\u00e3o descendente sobre a atividade econ\u00f4mica, as contrata\u00e7\u00f5es e a infla\u00e7\u00e3o&#8221;, pontuou ele, que disse que o Fed est\u00e1 &#8220;atento&#8221; aos sinais de economia forte nos EUA.<\/p>\n\n\n\n<h2 class=\"wp-block-heading\">Relaxamento do mercado de trabalho<\/h2>\n\n\n\n<p>Powell alertou, em Jackson Hole, que eventuais ind\u00edcios de que o aperto no mercado de trabalho americano n\u00e3o est\u00e1 arrefecendo poderiam justificar uma resposta da pol\u00edtica monet\u00e1ria, possivelmente com mais aumento de juros. Powell ressaltou que o reequil\u00edbrio do emprego nos EUA continuou em curso ao longo do \u00faltimo ano, embora permane\u00e7a incompleto.<\/p>\n\n\n\n<p>Segundo ele, a oferta de trabalhadores melhorou, diante do aumento na taxa de participa\u00e7\u00e3o entre pessoas de 25 a 54 anos, al\u00e9m de um aumento da imigra\u00e7\u00e3o aos n\u00edveis pr\u00e9-pandemia.<\/p>\n\n\n\n<p>Esse processo ajudou a reduzir as press\u00f5es salariais, de acordo com ele. Ainda assim, h\u00e1 riscos: &#8220;Mesmo com o abrandamento do crescimento dos sal\u00e1rios nominais, o crescimento dos sal\u00e1rios reais tem aumentado \u00e0 medida que a infla\u00e7\u00e3o cai&#8221;, destacou ele, que espera o cont\u00ednuo reequil\u00edbrio do mercado de trabalho.<\/p>\n\n\n\n<p><em>Com Estad\u00e3o Conte\u00fado<\/em><\/p>\n\n\n\t<p>\n\t\t<a href=\"https:\/\/lp.suno.com.br\/planilha-da-vida-financeira\/\" target=\"_blank\" data-element=\"shortcode-suno-banner\" title=\"Banner SUNO, clique e saiba mais\">\n\t\t\t<picture>\n\t\t\t\t<source media=\"(max-width: 500px)\" srcset=\"https:\/\/files.sunoresearch.com.br\/n\/uploads\/2023\/04\/400x300-Planilha-vida-financeira-true.png\">\n\t\t\t\t<img class=\"newsContent__article__imgCapa newsContent__article__imgCapa--banner\"\n\t\t\t\t\tsrc=\"https:\/\/files.sunoresearch.com.br\/n\/uploads\/2023\/04\/1420x240-Planilha-vida-financeira-true.png\"\n\t\t\t\t\tdata-promo-id=\"383123\"\t\t\t\t\t\t\t\t\t\twidth='1420' height='240'\t\t\t\t\talt=\"https:\/\/files.sunoresearch.com.br\/n\/uploads\/2023\/04\/1420x240-Planilha-vida-financeira-true.png\"\n\t\t\t\t>\n\t\t\t<\/picture>\n\t\t<\/a>\n\t<\/p>\n\n\n","protected":false},"excerpt":{"rendered":"<p>O presidente do Federal Reserve (Fed, o banco central norte-americano), Jerome Powell, afirmou nesta sexta-feira, 25, que o \u00f3rg\u00e3o &#8220;est\u00e1 preparado&#8221; para aumentar mais os juros, se necess\u00e1rio. Em discurso durante o Simp\u00f3sio de Jackson Hole, Powell tamb\u00e9m sinalizou inten\u00e7\u00e3o de manter a pol\u00edtica monet\u00e1ria em n\u00edveis restritivos at\u00e9 haver confian\u00e7a de que a infla\u00e7\u00e3o [&hellip;]<\/p>\n","protected":false},"author":43,"featured_media":252827,"comment_status":"closed","ping_status":"closed","sticky":false,"template":"","format":"standard","meta":[],"categories":[62],"tags":[776,1899,1752],"suno_strategy":[],"class_list":["post-447485","post","type-post","status-publish","format-standard","has-post-thumbnail","hentry","category-economia","tag-federal-reseve-fed","tag-jerome-powell","tag-taxa-de-juros"],"yoast_head":"<!-- This site is optimized with the Yoast SEO plugin v24.4 - https:\/\/yoast.com\/wordpress\/plugins\/seo\/ -->\n<title>Powell: Fed est\u00e1 preparado para subir mais os juros, se necess\u00e1rio<\/title>\n<meta name=\"description\" content=\"O presidente do Fed Jerome Powell afirmou nesta sexta-feira, 25, que o \u00f3rg\u00e3o &quot;est\u00e1 preparado&quot; para aumentar mais os juros, se necess\u00e1rio\" \/>\n<meta name=\"robots\" content=\"index, follow, max-snippet:-1, max-image-preview:large, max-video-preview:-1\" \/>\n<link rel=\"canonical\" href=\"https:\/\/www.suno.com.br\/noticias\/powell-fed-preparado-juros-restritivos\/\" \/>\n<meta property=\"og:locale\" content=\"pt_BR\" \/>\n<meta property=\"og:type\" content=\"article\" \/>\n<meta property=\"og:title\" content=\"Powell: Fed est\u00e1 preparado para subir mais os juros, se necess\u00e1rio\" \/>\n<meta property=\"og:description\" content=\"O presidente do Fed Jerome Powell afirmou nesta sexta-feira, 25, que o \u00f3rg\u00e3o &quot;est\u00e1 preparado&quot; para aumentar mais os juros, se necess\u00e1rio\" \/>\n<meta property=\"og:url\" content=\"https:\/\/www.suno.com.br\/noticias\/powell-fed-preparado-juros-restritivos\/\" \/>\n<meta property=\"og:site_name\" content=\"Suno Not\u00edcias\" \/>\n<meta property=\"article:publisher\" content=\"https:\/\/facebook.com\/sunoresearch\" \/>\n<meta property=\"article:author\" content=\"https:\/\/www.facebook.com\/sunonoticias\/\" \/>\n<meta property=\"og:image\" content=\"https:\/\/files.sunoresearch.com.br\/n\/uploads\/2022\/04\/jerome_powell.jpg\" \/>\n\t<meta property=\"og:image:width\" content=\"1200\" \/>\n\t<meta property=\"og:image:height\" content=\"800\" \/>\n\t<meta property=\"og:image:type\" content=\"image\/jpeg\" \/>\n<meta name=\"author\" content=\"Reda\u00e7\u00e3o Suno Not\u00edcias\" \/>\n<meta name=\"twitter:card\" content=\"summary_large_image\" \/>\n<meta name=\"twitter:creator\" content=\"@https:\/\/twitter.com\/sunoresearch\" \/>\n<meta name=\"twitter:site\" content=\"@sunoresearch\" \/>\n<meta name=\"twitter:label1\" content=\"Escrito por\" \/>\n\t<meta name=\"twitter:data1\" content=\"Reda\u00e7\u00e3o Suno Not\u00edcias\" \/>\n\t<meta name=\"twitter:label2\" content=\"Est. tempo de leitura\" \/>\n\t<meta name=\"twitter:data2\" content=\"6 minutos\" \/>\n<script type=\"application\/ld+json\" class=\"yoast-schema-graph\">{\"@context\":\"https:\/\/schema.org\",\"@graph\":[{\"@type\":\"NewsArticle\",\"@id\":\"https:\/\/www.suno.com.br\/noticias\/powell-fed-preparado-juros-restritivos\/#article\",\"isPartOf\":{\"@id\":\"https:\/\/www.suno.com.br\/noticias\/powell-fed-preparado-juros-restritivos\/\"},\"author\":{\"name\":\"Reda\u00e7\u00e3o Suno Not\u00edcias\",\"@id\":\"https:\/\/www.suno.com.br\/noticias\/#\/schema\/person\/c1b1bd3727fa852bd045e9dbff3673ea\"},\"headline\":\"Powell: Fed pode aumentar mais os juros, se necess\u00e1rio, e mant\u00ea-los restritivos\",\"datePublished\":\"2023-08-25T16:02:03+00:00\",\"dateModified\":\"2023-08-25T18:52:58+00:00\",\"mainEntityOfPage\":{\"@id\":\"https:\/\/www.suno.com.br\/noticias\/powell-fed-preparado-juros-restritivos\/\"},\"wordCount\":1206,\"publisher\":{\"@id\":\"https:\/\/www.suno.com.br\/noticias\/#organization\"},\"image\":{\"@id\":\"https:\/\/www.suno.com.br\/noticias\/powell-fed-preparado-juros-restritivos\/#primaryimage\"},\"thumbnailUrl\":\"https:\/\/files.sunoresearch.com.br\/n\/uploads\/2022\/04\/jerome_powell.jpg\",\"keywords\":[\"Federal Reserve (FED)\",\"Jerome Powell\",\"taxa de juros\"],\"articleSection\":[\"Economia\"],\"inLanguage\":\"pt-BR\"},{\"@type\":\"WebPage\",\"@id\":\"https:\/\/www.suno.com.br\/noticias\/powell-fed-preparado-juros-restritivos\/\",\"url\":\"https:\/\/www.suno.com.br\/noticias\/powell-fed-preparado-juros-restritivos\/\",\"name\":\"Powell: Fed est\u00e1 preparado para subir mais os juros, se necess\u00e1rio\",\"isPartOf\":{\"@id\":\"https:\/\/www.suno.com.br\/noticias\/#website\"},\"primaryImageOfPage\":{\"@id\":\"https:\/\/www.suno.com.br\/noticias\/powell-fed-preparado-juros-restritivos\/#primaryimage\"},\"image\":{\"@id\":\"https:\/\/www.suno.com.br\/noticias\/powell-fed-preparado-juros-restritivos\/#primaryimage\"},\"thumbnailUrl\":\"https:\/\/files.sunoresearch.com.br\/n\/uploads\/2022\/04\/jerome_powell.jpg\",\"datePublished\":\"2023-08-25T16:02:03+00:00\",\"dateModified\":\"2023-08-25T18:52:58+00:00\",\"description\":\"O presidente do Fed Jerome Powell afirmou nesta sexta-feira, 25, que o \u00f3rg\u00e3o \\\"est\u00e1 preparado\\\" para aumentar mais os juros, se necess\u00e1rio\",\"breadcrumb\":{\"@id\":\"https:\/\/www.suno.com.br\/noticias\/powell-fed-preparado-juros-restritivos\/#breadcrumb\"},\"inLanguage\":\"pt-BR\",\"potentialAction\":[{\"@type\":\"ReadAction\",\"target\":[\"https:\/\/www.suno.com.br\/noticias\/powell-fed-preparado-juros-restritivos\/\"]}]},{\"@type\":\"ImageObject\",\"inLanguage\":\"pt-BR\",\"@id\":\"https:\/\/www.suno.com.br\/noticias\/powell-fed-preparado-juros-restritivos\/#primaryimage\",\"url\":\"https:\/\/files.sunoresearch.com.br\/n\/uploads\/2022\/04\/jerome_powell.jpg\",\"contentUrl\":\"https:\/\/files.sunoresearch.com.br\/n\/uploads\/2022\/04\/jerome_powell.jpg\",\"width\":1200,\"height\":800,\"caption\":\"Jerome Powell, presidente do Federal Reserve. Foto: Wikimedia Commons\"},{\"@type\":\"BreadcrumbList\",\"@id\":\"https:\/\/www.suno.com.br\/noticias\/powell-fed-preparado-juros-restritivos\/#breadcrumb\",\"itemListElement\":[{\"@type\":\"ListItem\",\"position\":1,\"name\":\"Not\u00edcias\",\"item\":\"https:\/\/www.suno.com.br\/noticias\/\"},{\"@type\":\"ListItem\",\"position\":2,\"name\":\"Economia\",\"item\":\"https:\/\/www.suno.com.br\/noticias\/economia\/\"},{\"@type\":\"ListItem\",\"position\":3,\"name\":\"Powell: Fed pode aumentar mais os juros, se necess\u00e1rio, e mant\u00ea-los restritivos\"}]},{\"@type\":\"WebSite\",\"@id\":\"https:\/\/www.suno.com.br\/noticias\/#website\",\"url\":\"https:\/\/www.suno.com.br\/noticias\/\",\"name\":\"Suno Not\u00edcias\",\"description\":\"Seu portal de informa\u00e7\u00e3o sobre o mundo dos investimentos\",\"publisher\":{\"@id\":\"https:\/\/www.suno.com.br\/noticias\/#organization\"},\"potentialAction\":[{\"@type\":\"SearchAction\",\"target\":{\"@type\":\"EntryPoint\",\"urlTemplate\":\"https:\/\/www.suno.com.br\/noticias\/?s={search_term_string}\"},\"query-input\":{\"@type\":\"PropertyValueSpecification\",\"valueRequired\":true,\"valueName\":\"search_term_string\"}}],\"inLanguage\":\"pt-BR\"},{\"@type\":\"Organization\",\"@id\":\"https:\/\/www.suno.com.br\/noticias\/#organization\",\"name\":\"Suno Not\u00edcias\",\"url\":\"https:\/\/www.suno.com.br\/noticias\/\",\"logo\":{\"@type\":\"ImageObject\",\"inLanguage\":\"pt-BR\",\"@id\":\"https:\/\/www.suno.com.br\/noticias\/#\/schema\/logo\/image\/\",\"url\":\"https:\/\/files.sunoresearch.com.br\/n\/uploads\/2021\/09\/suno-logo.png\",\"contentUrl\":\"https:\/\/files.sunoresearch.com.br\/n\/uploads\/2021\/09\/suno-logo.png\",\"width\":180,\"height\":180,\"caption\":\"Suno Not\u00edcias\"},\"image\":{\"@id\":\"https:\/\/www.suno.com.br\/noticias\/#\/schema\/logo\/image\/\"},\"sameAs\":[\"https:\/\/facebook.com\/sunoresearch\",\"https:\/\/x.com\/sunoresearch\",\"https:\/\/www.instagram.com\/suno\",\"https:\/\/www.linkedin.com\/company\/suno-research\/\",\"https:\/\/www.youtube.com\/c\/sunoresearch\"]},{\"@type\":\"Person\",\"@id\":\"https:\/\/www.suno.com.br\/noticias\/#\/schema\/person\/c1b1bd3727fa852bd045e9dbff3673ea\",\"name\":\"Reda\u00e7\u00e3o Suno Not\u00edcias\",\"image\":{\"@type\":\"ImageObject\",\"inLanguage\":\"pt-BR\",\"@id\":\"https:\/\/www.suno.com.br\/noticias\/#\/schema\/person\/image\/\",\"url\":\"https:\/\/secure.gravatar.com\/avatar\/b8104b9b5a71985d5238ee59fbe418af?s=96&r=g\",\"contentUrl\":\"https:\/\/secure.gravatar.com\/avatar\/b8104b9b5a71985d5238ee59fbe418af?s=96&r=g\",\"caption\":\"Reda\u00e7\u00e3o Suno Not\u00edcias\"},\"description\":\"O Suno Not\u00edcias \u00e9 um portal de informa\u00e7\u00f5es sobre Mercado Financeiro, Pol\u00edtica, Neg\u00f3cios, Economia e Finan\u00e7as Pessoais.\",\"sameAs\":[\"https:\/\/www.suno.com.br\/noticias\",\"https:\/\/www.facebook.com\/sunonoticias\/\",\"https:\/\/www.instagram.com\/sunonoticias\/\",\"https:\/\/x.com\/https:\/\/twitter.com\/sunoresearch\",\"https:\/\/www.youtube.com\/sunonoticias\"],\"url\":\"https:\/\/www.suno.com.br\/noticias\/author\/redacao-suno\/\"}]}<\/script>\n<!-- \/ Yoast SEO plugin. -->","yoast_head_json":{"title":"Powell: Fed est\u00e1 preparado para subir mais os juros, se necess\u00e1rio","description":"O presidente do Fed Jerome Powell afirmou nesta sexta-feira, 25, que o \u00f3rg\u00e3o \"est\u00e1 preparado\" para aumentar mais os juros, se necess\u00e1rio","robots":{"index":"index","follow":"follow","max-snippet":"max-snippet:-1","max-image-preview":"max-image-preview:large","max-video-preview":"max-video-preview:-1"},"canonical":"https:\/\/www.suno.com.br\/noticias\/powell-fed-preparado-juros-restritivos\/","og_locale":"pt_BR","og_type":"article","og_title":"Powell: Fed est\u00e1 preparado para subir mais os juros, se necess\u00e1rio","og_description":"O presidente do Fed Jerome Powell afirmou nesta sexta-feira, 25, que o \u00f3rg\u00e3o \"est\u00e1 preparado\" para aumentar mais os juros, se necess\u00e1rio","og_url":"https:\/\/www.suno.com.br\/noticias\/powell-fed-preparado-juros-restritivos\/","og_site_name":"Suno Not\u00edcias","article_publisher":"https:\/\/facebook.com\/sunoresearch","article_author":"https:\/\/www.facebook.com\/sunonoticias\/","og_image":[{"width":1200,"height":800,"url":"https:\/\/files.sunoresearch.com.br\/n\/uploads\/2022\/04\/jerome_powell.jpg","type":"image\/jpeg"}],"author":"Reda\u00e7\u00e3o Suno Not\u00edcias","twitter_card":"summary_large_image","twitter_creator":"@https:\/\/twitter.com\/sunoresearch","twitter_site":"@sunoresearch","twitter_misc":{"Escrito por":"Reda\u00e7\u00e3o Suno Not\u00edcias","Est. tempo de leitura":"6 minutos"},"schema":{"@context":"https:\/\/schema.org","@graph":[{"@type":"NewsArticle","@id":"https:\/\/www.suno.com.br\/noticias\/powell-fed-preparado-juros-restritivos\/#article","isPartOf":{"@id":"https:\/\/www.suno.com.br\/noticias\/powell-fed-preparado-juros-restritivos\/"},"author":{"name":"Reda\u00e7\u00e3o Suno Not\u00edcias","@id":"https:\/\/www.suno.com.br\/noticias\/#\/schema\/person\/c1b1bd3727fa852bd045e9dbff3673ea"},"headline":"Powell: Fed pode aumentar mais os juros, se necess\u00e1rio, e mant\u00ea-los restritivos","datePublished":"2023-08-25T16:02:03+00:00","dateModified":"2023-08-25T18:52:58+00:00","mainEntityOfPage":{"@id":"https:\/\/www.suno.com.br\/noticias\/powell-fed-preparado-juros-restritivos\/"},"wordCount":1206,"publisher":{"@id":"https:\/\/www.suno.com.br\/noticias\/#organization"},"image":{"@id":"https:\/\/www.suno.com.br\/noticias\/powell-fed-preparado-juros-restritivos\/#primaryimage"},"thumbnailUrl":"https:\/\/files.sunoresearch.com.br\/n\/uploads\/2022\/04\/jerome_powell.jpg","keywords":["Federal Reserve (FED)","Jerome Powell","taxa de juros"],"articleSection":["Economia"],"inLanguage":"pt-BR"},{"@type":"WebPage","@id":"https:\/\/www.suno.com.br\/noticias\/powell-fed-preparado-juros-restritivos\/","url":"https:\/\/www.suno.com.br\/noticias\/powell-fed-preparado-juros-restritivos\/","name":"Powell: Fed est\u00e1 preparado para subir mais os juros, se necess\u00e1rio","isPartOf":{"@id":"https:\/\/www.suno.com.br\/noticias\/#website"},"primaryImageOfPage":{"@id":"https:\/\/www.suno.com.br\/noticias\/powell-fed-preparado-juros-restritivos\/#primaryimage"},"image":{"@id":"https:\/\/www.suno.com.br\/noticias\/powell-fed-preparado-juros-restritivos\/#primaryimage"},"thumbnailUrl":"https:\/\/files.sunoresearch.com.br\/n\/uploads\/2022\/04\/jerome_powell.jpg","datePublished":"2023-08-25T16:02:03+00:00","dateModified":"2023-08-25T18:52:58+00:00","description":"O presidente do Fed Jerome Powell afirmou nesta sexta-feira, 25, que o \u00f3rg\u00e3o \"est\u00e1 preparado\" para aumentar mais os juros, se necess\u00e1rio","breadcrumb":{"@id":"https:\/\/www.suno.com.br\/noticias\/powell-fed-preparado-juros-restritivos\/#breadcrumb"},"inLanguage":"pt-BR","potentialAction":[{"@type":"ReadAction","target":["https:\/\/www.suno.com.br\/noticias\/powell-fed-preparado-juros-restritivos\/"]}]},{"@type":"ImageObject","inLanguage":"pt-BR","@id":"https:\/\/www.suno.com.br\/noticias\/powell-fed-preparado-juros-restritivos\/#primaryimage","url":"https:\/\/files.sunoresearch.com.br\/n\/uploads\/2022\/04\/jerome_powell.jpg","contentUrl":"https:\/\/files.sunoresearch.com.br\/n\/uploads\/2022\/04\/jerome_powell.jpg","width":1200,"height":800,"caption":"Jerome Powell, presidente do Federal Reserve. Foto: Wikimedia Commons"},{"@type":"BreadcrumbList","@id":"https:\/\/www.suno.com.br\/noticias\/powell-fed-preparado-juros-restritivos\/#breadcrumb","itemListElement":[{"@type":"ListItem","position":1,"name":"Not\u00edcias","item":"https:\/\/www.suno.com.br\/noticias\/"},{"@type":"ListItem","position":2,"name":"Economia","item":"https:\/\/www.suno.com.br\/noticias\/economia\/"},{"@type":"ListItem","position":3,"name":"Powell: Fed pode aumentar mais os juros, se necess\u00e1rio, e mant\u00ea-los restritivos"}]},{"@type":"WebSite","@id":"https:\/\/www.suno.com.br\/noticias\/#website","url":"https:\/\/www.suno.com.br\/noticias\/","name":"Suno Not\u00edcias","description":"Seu portal de informa\u00e7\u00e3o sobre o mundo dos investimentos","publisher":{"@id":"https:\/\/www.suno.com.br\/noticias\/#organization"},"potentialAction":[{"@type":"SearchAction","target":{"@type":"EntryPoint","urlTemplate":"https:\/\/www.suno.com.br\/noticias\/?s={search_term_string}"},"query-input":{"@type":"PropertyValueSpecification","valueRequired":true,"valueName":"search_term_string"}}],"inLanguage":"pt-BR"},{"@type":"Organization","@id":"https:\/\/www.suno.com.br\/noticias\/#organization","name":"Suno Not\u00edcias","url":"https:\/\/www.suno.com.br\/noticias\/","logo":{"@type":"ImageObject","inLanguage":"pt-BR","@id":"https:\/\/www.suno.com.br\/noticias\/#\/schema\/logo\/image\/","url":"https:\/\/files.sunoresearch.com.br\/n\/uploads\/2021\/09\/suno-logo.png","contentUrl":"https:\/\/files.sunoresearch.com.br\/n\/uploads\/2021\/09\/suno-logo.png","width":180,"height":180,"caption":"Suno Not\u00edcias"},"image":{"@id":"https:\/\/www.suno.com.br\/noticias\/#\/schema\/logo\/image\/"},"sameAs":["https:\/\/facebook.com\/sunoresearch","https:\/\/x.com\/sunoresearch","https:\/\/www.instagram.com\/suno","https:\/\/www.linkedin.com\/company\/suno-research\/","https:\/\/www.youtube.com\/c\/sunoresearch"]},{"@type":"Person","@id":"https:\/\/www.suno.com.br\/noticias\/#\/schema\/person\/c1b1bd3727fa852bd045e9dbff3673ea","name":"Reda\u00e7\u00e3o Suno Not\u00edcias","image":{"@type":"ImageObject","inLanguage":"pt-BR","@id":"https:\/\/www.suno.com.br\/noticias\/#\/schema\/person\/image\/","url":"https:\/\/secure.gravatar.com\/avatar\/b8104b9b5a71985d5238ee59fbe418af?s=96&r=g","contentUrl":"https:\/\/secure.gravatar.com\/avatar\/b8104b9b5a71985d5238ee59fbe418af?s=96&r=g","caption":"Reda\u00e7\u00e3o Suno Not\u00edcias"},"description":"O Suno Not\u00edcias \u00e9 um portal de informa\u00e7\u00f5es sobre Mercado Financeiro, Pol\u00edtica, Neg\u00f3cios, Economia e Finan\u00e7as Pessoais.","sameAs":["https:\/\/www.suno.com.br\/noticias","https:\/\/www.facebook.com\/sunonoticias\/","https:\/\/www.instagram.com\/sunonoticias\/","https:\/\/x.com\/https:\/\/twitter.com\/sunoresearch","https:\/\/www.youtube.com\/sunonoticias"],"url":"https:\/\/www.suno.com.br\/noticias\/author\/redacao-suno\/"}]}},"default_loop_html":"<div class=\"cardsPage__listCard__boxs\"><div class=\"cardsPage__listCard__boxs__img\"><a href=\"https:\/\/www.suno.com.br\/noticias\/powell-fed-preparado-juros-restritivos\/\"><img class=\"mask\" src=\"https:\/\/www.suno.com.br\/noticias\/wp-content\/themes\/suno\/resources\/images\/spotlight\/spotlight1img\/bg-mask.png\" alt=\"Image Mask\"\/><img src=\"https:\/\/files.sunoresearch.com.br\/n\/uploads\/2022\/04\/jerome_powell-400x200.jpg\" alt=\"Powell: Fed pode aumentar mais os juros, se necess\u00e1rio, e mant\u00ea-los restritivos\"\/><\/a><span class=\"spotlightCategory\"><a href=\"https:\/\/www.suno.com.br\/noticias\/economia\/\">Economia<\/a><\/span><\/div><div class=\"cardsPage__listCard__boxs__content\"><a href=\"https:\/\/www.suno.com.br\/noticias\/powell-fed-preparado-juros-restritivos\/\"><h2 class=\"content__title\">Powell: Fed pode aumentar mais os juros, se necess\u00e1rio, e mant\u00ea-los restritivos<\/h2><\/a><div class=\"newsContent__article__meta\"><div class=\"newsContent__article__meta__authorBox\"><a href=\"https:\/\/www.suno.com.br\/noticias\/author\/eduardo-vargas\/\" class=\"authorBox__avatar noMobi\"><img src=\"https:\/\/secure.gravatar.com\/avatar\/dac340933427a22924c9f99d1eb2e3f2?s=96&#038;r=g\" alt=\"Eduardo Vargas\"><\/a><div class=\"authorBox__name\"><span>por\n\t\t\t<a href=\"https:\/\/www.suno.com.br\/noticias\/author\/eduardo-vargas\/\"><span itemprop=\"author\">Eduardo Vargas<\/span><\/a><\/span><time datetime=\"2023-08-25T13:02:03-03:00\" itemprop=\"datePublished\">25\/08\/2023 13:02<\/time><\/div><\/div><\/div><\/div><\/div>","single_layout":"posts","amp_enabled":true,"_links":{"self":[{"href":"https:\/\/www.suno.com.br\/noticias\/wp-json\/wp\/v2\/posts\/447485"}],"collection":[{"href":"https:\/\/www.suno.com.br\/noticias\/wp-json\/wp\/v2\/posts"}],"about":[{"href":"https:\/\/www.suno.com.br\/noticias\/wp-json\/wp\/v2\/types\/post"}],"author":[{"embeddable":true,"href":"https:\/\/www.suno.com.br\/noticias\/wp-json\/wp\/v2\/users\/43"}],"replies":[{"embeddable":true,"href":"https:\/\/www.suno.com.br\/noticias\/wp-json\/wp\/v2\/comments?post=447485"}],"version-history":[{"count":2,"href":"https:\/\/www.suno.com.br\/noticias\/wp-json\/wp\/v2\/posts\/447485\/revisions"}],"predecessor-version":[{"id":447583,"href":"https:\/\/www.suno.com.br\/noticias\/wp-json\/wp\/v2\/posts\/447485\/revisions\/447583"}],"wp:featuredmedia":[{"embeddable":true,"href":"https:\/\/www.suno.com.br\/noticias\/wp-json\/wp\/v2\/media\/252827"}],"wp:attachment":[{"href":"https:\/\/www.suno.com.br\/noticias\/wp-json\/wp\/v2\/media?parent=447485"}],"wp:term":[{"taxonomy":"category","embeddable":true,"href":"https:\/\/www.suno.com.br\/noticias\/wp-json\/wp\/v2\/categories?post=447485"},{"taxonomy":"post_tag","embeddable":true,"href":"https:\/\/www.suno.com.br\/noticias\/wp-json\/wp\/v2\/tags?post=447485"},{"taxonomy":"suno_strategy","embeddable":true,"href":"https:\/\/www.suno.com.br\/noticias\/wp-json\/wp\/v2\/suno_strategy?post=447485"}],"curies":[{"name":"wp","href":"https:\/\/api.w.org\/{rel}","templated":true}]}}