{"id":44746,"date":"2019-11-13T21:14:52","date_gmt":"2019-11-13T23:14:52","guid":{"rendered":"https:\/\/www.suno.com.br\/noticias\/?p=44746"},"modified":"2019-11-13T21:15:39","modified_gmt":"2019-11-13T23:15:39","slug":"natura-queda-lucro-liquido-3t19","status":"publish","type":"post","link":"https:\/\/www.suno.com.br\/noticias\/natura-queda-lucro-liquido-3t19\/","title":{"rendered":"Natura registra queda de 48,4% em seu lucro l\u00edquido no 3T19"},"content":{"rendered":"<p>A Natura, empresa brasileira do setor de cosm\u00e9ticos, reportou seu lucro do terceiro trimestre. A quantia foi de 48,4% menor em compara\u00e7\u00e3o ao mesmo per\u00edodo de 2018. Dessa forma, o <strong><a href=\"https:\/\/www.suno.com.br\/artigos\/lucro-liquido\/\">lucro l\u00edquido<\/a><\/strong> da companhia ficou em R$ 68,6 milh\u00f5es, no ano passado o valor foi de R$ 132,8 milh\u00f5es.<\/p>\t<div class=\"wrapper-featured-image\">\n\t\t<figure class=\"spotlightImg\">\n\n\t\t\t<picture>\n\t\t\t\t<source media=\"(max-width: 768px)\" srcset=\"https:\/\/files.sunoresearch.com.br\/n\/uploads\/2019\/05\/82317c25-natura-400x200.webp\">\n\t\t\t\t<img loading=\"lazy\" decoding=\"async\" class=\"newsContent__article__imgCapa lazyloadDisabled newsContent__article__imgCapa--noCaption\" src=\"https:\/\/files.sunoresearch.com.br\/n\/uploads\/2019\/05\/82317c25-natura-800x450.webp\" width=\"800\" height=\"450\" alt=\"Natura registra queda de 48,4% em seu lucro l\u00edquido no 3T19\" fetchpriority=high \/>\n\t\t\t<\/picture>\n\n\t\t\t<figcaption class=\"wp-caption-text wp-caption-text--hide\">Fachada de loja da Natura (foto: divulga\u00e7\u00e3o)<\/figcaption>\n\t\t<\/figure>\n\t<\/div>\n\n\n\n<p>A <a href=\"https:\/\/www.suno.com.br\/artigos\/o-que-receita-liquida\/\"><strong>receita l\u00edquida<\/strong><\/a> da <strong>Natura<\/strong> no terceiro trimestre ficou em R$ 3,473 bilh\u00f5es. Isso significa uma alta de 7,2% em rela\u00e7\u00e3o ao mesmo per\u00edodo do ano passado.<\/p>\n<p>O <a href=\"https:\/\/www.suno.com.br\/artigos\/ebitda\/\"><strong>Ebitda<\/strong> <\/a>(lucro antes de juros, impostos, deprecia\u00e7\u00e3o e amortiza\u00e7\u00e3o) caiu 17,4%, fechando em R$ 398,9 milh\u00f5es.<\/p>\n<p>Em rela\u00e7\u00e3o aos nove primeiros meses do ano, a companhia registrou uma <strong>receita<\/strong> <strong>bruta<\/strong> de R$ 13,275 bilh\u00f5es. O valor representa uma varia\u00e7\u00e3o positiva de 6,6%.<\/p>\n<p><a href=\"https:\/\/www.suno.com.br\/noticias\/natura-avon-acao-sobe-cotacao-cade\/\">Saiba mais: Natura: a\u00e7\u00f5es sobem 5% com aprova\u00e7\u00e3o do Cade pela compra da Avon<\/a><\/p>\n<p>A <strong>receita l\u00edquida<\/strong> entre <strong>janeiro<\/strong> e <strong>setembro<\/strong> deste ano foi de R$ 9,792 bilh\u00f5es, representando um aumento de 8,1% em compara\u00e7\u00e3o \u00e0 2018.<\/p>\n<h2>Justificativas da Natura<\/h2>\n<p>Em comunicado, a companhia afirmou que: &#8220;A <strong>receita<\/strong> <strong>l\u00edquida<\/strong> ajustada em reais registrou aumento de 8,1% (+13.2% em moeda constante). A receita l\u00edquida ajustada no <strong>Brasil<\/strong> avan\u00e7ou significativamente em 7,2% com ganho cont\u00ednuo de participa\u00e7\u00e3o de mercado, mesmo diante do fraco desempenho do segmento de cosm\u00e9ticos, <strong>higiene<\/strong> <strong>pessoal<\/strong> e <strong>perfumaria<\/strong> (<strong>CFT<\/strong>) e da forte base de compara\u00e7\u00e3o. Houve forte crescimento em todos os canais, explicado pelas categorias-chave e lan\u00e7amentos estrat\u00e9gicos. Na <strong>Latam<\/strong>, a receita l\u00edquida ajustada cresceu 10,2% em reais (+28,8% em moeda constante), impulsionada pelo aumento de volume, expans\u00e3o da base de consultoras e aumento da produtividade, bem como acelera\u00e7\u00e3o das vendas na <strong>Argentina<\/strong>, acima da infla\u00e7\u00e3o.&#8221;<\/p>\n\t<p>\n\t\t<a href=\"https:\/\/lp.suno.com.br\/ebook-investindo-em-dividendos\/\" target=\"_blank\" data-element=\"shortcode-suno-banner\" title=\"Banner SUNO, clique e saiba mais\">\n\t\t\t<picture>\n\t\t\t\t<source media=\"(max-width: 500px)\" srcset=\"https:\/\/files.sunoresearch.com.br\/n\/uploads\/2023\/03\/400x300-Dividendos.png\">\n\t\t\t\t<img class=\"newsContent__article__imgCapa newsContent__article__imgCapa--banner\"\n\t\t\t\t\tsrc=\"https:\/\/files.sunoresearch.com.br\/n\/uploads\/2023\/03\/1420x240-Dividendos.png\"\n\t\t\t\t\tdata-promo-id=\"383163\"\t\t\t\t\t\t\t\t\t\twidth='1420' height='240'\t\t\t\t\talt=\"https:\/\/files.sunoresearch.com.br\/n\/uploads\/2023\/03\/1420x240-Dividendos.png\"\n\t\t\t\t>\n\t\t\t<\/picture>\n\t\t<\/a>\n\t<\/p>\n\n\n<p>J\u00e1 em rela\u00e7\u00e3o ao <strong>Ebitda<\/strong>, a <strong>Natura<\/strong> afirmou que: &#8221; No <strong>Brasil<\/strong>, a margem EBITDA foi 17,5% (-260 pbs), devido ao faseamento de investimentos de marketing na marca Natura e em digitaliza\u00e7\u00e3o, para fortalecer a inova\u00e7\u00e3o e capturar ganhos de produtividade. J\u00e1 na <strong>Latam<\/strong>, a margem EBITDA ajustada foi de 19,0% (+ 60 pbs). Nos 9M, a margem EBITDA ajustada foi de 17,3% (-80 pbs), enquanto na Latam a margem foi de 15,8% (-30 pbs).&#8221;<\/p>\n","protected":false},"excerpt":{"rendered":"<p>A Natura, empresa brasileira do setor de cosm\u00e9ticos, reportou seu lucro do terceiro trimestre. A quantia foi de 48,4% menor em compara\u00e7\u00e3o ao mesmo per\u00edodo de 2018. Dessa forma, o lucro l\u00edquido da companhia ficou em R$ 68,6 milh\u00f5es, no ano passado o valor foi de R$ 132,8 milh\u00f5es. Fachada de loja da Natura (foto: [&hellip;]<\/p>\n","protected":false},"author":23,"featured_media":25859,"comment_status":"closed","ping_status":"closed","sticky":false,"template":"","format":"standard","meta":[],"categories":[64],"tags":[574,1607],"suno_strategy":[],"class_list":["post-44746","post","type-post","status-publish","format-standard","has-post-thumbnail","hentry","category-negocios","tag-natura-ntco3","tag-resultado-das-empresas"],"yoast_head":"<!-- This site is optimized with the Yoast SEO plugin v24.4 - https:\/\/yoast.com\/wordpress\/plugins\/seo\/ -->\n<title>Natura registra queda de 48,4% em seu lucro l\u00edquido no 3T19<\/title>\n<meta name=\"description\" content=\"A Natura reportou seu lucro do terceiro trimestre. A quantia foi de 48,4% menor em compara\u00e7\u00e3o ao mesmo per\u00edodo de 2018. Clique para mais.\" \/>\n<meta name=\"robots\" content=\"index, follow, max-snippet:-1, max-image-preview:large, max-video-preview:-1\" \/>\n<link rel=\"canonical\" href=\"https:\/\/www.suno.com.br\/noticias\/natura-queda-lucro-liquido-3t19\/\" \/>\n<meta property=\"og:locale\" content=\"pt_BR\" \/>\n<meta property=\"og:type\" content=\"article\" \/>\n<meta property=\"og:title\" content=\"Natura registra queda de 48,4% em seu lucro l\u00edquido no 3T19\" \/>\n<meta property=\"og:description\" content=\"A Natura reportou seu lucro do terceiro trimestre. A quantia foi de 48,4% menor em compara\u00e7\u00e3o ao mesmo per\u00edodo de 2018. Clique para mais.\" \/>\n<meta property=\"og:url\" content=\"https:\/\/www.suno.com.br\/noticias\/natura-queda-lucro-liquido-3t19\/\" \/>\n<meta property=\"og:site_name\" content=\"Suno Not\u00edcias\" \/>\n<meta property=\"article:publisher\" content=\"https:\/\/facebook.com\/sunoresearch\" \/>\n<meta property=\"og:image\" content=\"https:\/\/files.sunoresearch.com.br\/n\/uploads\/2019\/05\/82317c25-natura.jpg\" \/>\n\t<meta property=\"og:image:width\" content=\"1000\" \/>\n\t<meta property=\"og:image:height\" content=\"686\" \/>\n\t<meta property=\"og:image:type\" content=\"image\/jpeg\" \/>\n<meta name=\"author\" content=\"Rafael Lara\" \/>\n<meta name=\"twitter:card\" content=\"summary_large_image\" \/>\n<meta name=\"twitter:creator\" content=\"@sunoresearch\" \/>\n<meta name=\"twitter:site\" content=\"@sunoresearch\" \/>\n<meta name=\"twitter:label1\" content=\"Escrito por\" \/>\n\t<meta name=\"twitter:data1\" content=\"Rafael Lara\" \/>\n\t<meta name=\"twitter:label2\" content=\"Est. tempo de leitura\" \/>\n\t<meta name=\"twitter:data2\" content=\"2 minutos\" \/>\n<script type=\"application\/ld+json\" class=\"yoast-schema-graph\">{\"@context\":\"https:\/\/schema.org\",\"@graph\":[{\"@type\":\"NewsArticle\",\"@id\":\"https:\/\/www.suno.com.br\/noticias\/natura-queda-lucro-liquido-3t19\/#article\",\"isPartOf\":{\"@id\":\"https:\/\/www.suno.com.br\/noticias\/natura-queda-lucro-liquido-3t19\/\"},\"author\":{\"name\":\"Rafael Lara\",\"@id\":\"https:\/\/www.suno.com.br\/noticias\/#\/schema\/person\/098743caeed97b37f51315c9576c4078\"},\"headline\":\"Natura registra queda de 48,4% em seu lucro l\u00edquido no 3T19\",\"datePublished\":\"2019-11-13T23:14:52+00:00\",\"dateModified\":\"2019-11-13T23:15:39+00:00\",\"mainEntityOfPage\":{\"@id\":\"https:\/\/www.suno.com.br\/noticias\/natura-queda-lucro-liquido-3t19\/\"},\"wordCount\":368,\"publisher\":{\"@id\":\"https:\/\/www.suno.com.br\/noticias\/#organization\"},\"image\":{\"@id\":\"https:\/\/www.suno.com.br\/noticias\/natura-queda-lucro-liquido-3t19\/#primaryimage\"},\"thumbnailUrl\":\"https:\/\/files.sunoresearch.com.br\/n\/uploads\/2019\/05\/82317c25-natura-jpg.webp\",\"keywords\":[\"Natura (NTCO3)\",\"Resultado das empresas\"],\"articleSection\":[\"Neg\u00f3cios\"],\"inLanguage\":\"pt-BR\"},{\"@type\":\"WebPage\",\"@id\":\"https:\/\/www.suno.com.br\/noticias\/natura-queda-lucro-liquido-3t19\/\",\"url\":\"https:\/\/www.suno.com.br\/noticias\/natura-queda-lucro-liquido-3t19\/\",\"name\":\"Natura registra queda de 48,4% em seu lucro l\u00edquido no 3T19\",\"isPartOf\":{\"@id\":\"https:\/\/www.suno.com.br\/noticias\/#website\"},\"primaryImageOfPage\":{\"@id\":\"https:\/\/www.suno.com.br\/noticias\/natura-queda-lucro-liquido-3t19\/#primaryimage\"},\"image\":{\"@id\":\"https:\/\/www.suno.com.br\/noticias\/natura-queda-lucro-liquido-3t19\/#primaryimage\"},\"thumbnailUrl\":\"https:\/\/files.sunoresearch.com.br\/n\/uploads\/2019\/05\/82317c25-natura-jpg.webp\",\"datePublished\":\"2019-11-13T23:14:52+00:00\",\"dateModified\":\"2019-11-13T23:15:39+00:00\",\"description\":\"A Natura reportou seu lucro do terceiro trimestre. A quantia foi de 48,4% menor em compara\u00e7\u00e3o ao mesmo per\u00edodo de 2018. Clique para mais.\",\"breadcrumb\":{\"@id\":\"https:\/\/www.suno.com.br\/noticias\/natura-queda-lucro-liquido-3t19\/#breadcrumb\"},\"inLanguage\":\"pt-BR\",\"potentialAction\":[{\"@type\":\"ReadAction\",\"target\":[\"https:\/\/www.suno.com.br\/noticias\/natura-queda-lucro-liquido-3t19\/\"]}]},{\"@type\":\"ImageObject\",\"inLanguage\":\"pt-BR\",\"@id\":\"https:\/\/www.suno.com.br\/noticias\/natura-queda-lucro-liquido-3t19\/#primaryimage\",\"url\":\"https:\/\/files.sunoresearch.com.br\/n\/uploads\/2019\/05\/82317c25-natura-jpg.webp\",\"contentUrl\":\"https:\/\/files.sunoresearch.com.br\/n\/uploads\/2019\/05\/82317c25-natura-jpg.webp\",\"width\":1000,\"height\":686,\"caption\":\"Fachada de loja da Natura (foto: divulga\u00e7\u00e3o)\"},{\"@type\":\"BreadcrumbList\",\"@id\":\"https:\/\/www.suno.com.br\/noticias\/natura-queda-lucro-liquido-3t19\/#breadcrumb\",\"itemListElement\":[{\"@type\":\"ListItem\",\"position\":1,\"name\":\"Not\u00edcias\",\"item\":\"https:\/\/www.suno.com.br\/noticias\/\"},{\"@type\":\"ListItem\",\"position\":2,\"name\":\"Neg\u00f3cios\",\"item\":\"https:\/\/www.suno.com.br\/noticias\/negocios\/\"},{\"@type\":\"ListItem\",\"position\":3,\"name\":\"Natura registra queda de 48,4% em seu lucro l\u00edquido no 3T19\"}]},{\"@type\":\"WebSite\",\"@id\":\"https:\/\/www.suno.com.br\/noticias\/#website\",\"url\":\"https:\/\/www.suno.com.br\/noticias\/\",\"name\":\"Suno Not\u00edcias\",\"description\":\"Seu portal de informa\u00e7\u00e3o sobre o mundo dos investimentos\",\"publisher\":{\"@id\":\"https:\/\/www.suno.com.br\/noticias\/#organization\"},\"potentialAction\":[{\"@type\":\"SearchAction\",\"target\":{\"@type\":\"EntryPoint\",\"urlTemplate\":\"https:\/\/www.suno.com.br\/noticias\/?s={search_term_string}\"},\"query-input\":{\"@type\":\"PropertyValueSpecification\",\"valueRequired\":true,\"valueName\":\"search_term_string\"}}],\"inLanguage\":\"pt-BR\"},{\"@type\":\"Organization\",\"@id\":\"https:\/\/www.suno.com.br\/noticias\/#organization\",\"name\":\"Suno Not\u00edcias\",\"url\":\"https:\/\/www.suno.com.br\/noticias\/\",\"logo\":{\"@type\":\"ImageObject\",\"inLanguage\":\"pt-BR\",\"@id\":\"https:\/\/www.suno.com.br\/noticias\/#\/schema\/logo\/image\/\",\"url\":\"https:\/\/files.sunoresearch.com.br\/n\/uploads\/2021\/09\/suno-logo.png\",\"contentUrl\":\"https:\/\/files.sunoresearch.com.br\/n\/uploads\/2021\/09\/suno-logo.png\",\"width\":180,\"height\":180,\"caption\":\"Suno Not\u00edcias\"},\"image\":{\"@id\":\"https:\/\/www.suno.com.br\/noticias\/#\/schema\/logo\/image\/\"},\"sameAs\":[\"https:\/\/facebook.com\/sunoresearch\",\"https:\/\/x.com\/sunoresearch\",\"https:\/\/www.instagram.com\/suno\",\"https:\/\/www.linkedin.com\/company\/suno-research\/\",\"https:\/\/www.youtube.com\/c\/sunoresearch\"]},{\"@type\":\"Person\",\"@id\":\"https:\/\/www.suno.com.br\/noticias\/#\/schema\/person\/098743caeed97b37f51315c9576c4078\",\"name\":\"Rafael Lara\",\"image\":{\"@type\":\"ImageObject\",\"inLanguage\":\"pt-BR\",\"@id\":\"https:\/\/www.suno.com.br\/noticias\/#\/schema\/person\/image\/\",\"url\":\"https:\/\/secure.gravatar.com\/avatar\/dfc254ab9bb2ea1895d98b9e9dae4bdd?s=96&r=g\",\"contentUrl\":\"https:\/\/secure.gravatar.com\/avatar\/dfc254ab9bb2ea1895d98b9e9dae4bdd?s=96&r=g\",\"caption\":\"Rafael Lara\"},\"description\":\"Rafael Lara cursa jornalismo na Faculdade C\u00e1sper L\u00edbero. Escreve sobre pol\u00edtica, economia e neg\u00f3cios para o portal Suno Not\u00edcias. Antes, colaborou na TV Gazeta na produ\u00e7\u00e3o do programa Edi\u00e7\u00e3o Extra.\",\"url\":\"https:\/\/www.suno.com.br\/noticias\/author\/rafael\/\"}]}<\/script>\n<!-- \/ Yoast SEO plugin. -->","yoast_head_json":{"title":"Natura registra queda de 48,4% em seu lucro l\u00edquido no 3T19","description":"A Natura reportou seu lucro do terceiro trimestre. A quantia foi de 48,4% menor em compara\u00e7\u00e3o ao mesmo per\u00edodo de 2018. Clique para mais.","robots":{"index":"index","follow":"follow","max-snippet":"max-snippet:-1","max-image-preview":"max-image-preview:large","max-video-preview":"max-video-preview:-1"},"canonical":"https:\/\/www.suno.com.br\/noticias\/natura-queda-lucro-liquido-3t19\/","og_locale":"pt_BR","og_type":"article","og_title":"Natura registra queda de 48,4% em seu lucro l\u00edquido no 3T19","og_description":"A Natura reportou seu lucro do terceiro trimestre. A quantia foi de 48,4% menor em compara\u00e7\u00e3o ao mesmo per\u00edodo de 2018. Clique para mais.","og_url":"https:\/\/www.suno.com.br\/noticias\/natura-queda-lucro-liquido-3t19\/","og_site_name":"Suno Not\u00edcias","article_publisher":"https:\/\/facebook.com\/sunoresearch","og_image":[{"width":1000,"height":686,"url":"https:\/\/files.sunoresearch.com.br\/n\/uploads\/2019\/05\/82317c25-natura.jpg","type":"image\/jpeg"}],"author":"Rafael Lara","twitter_card":"summary_large_image","twitter_creator":"@sunoresearch","twitter_site":"@sunoresearch","twitter_misc":{"Escrito por":"Rafael Lara","Est. tempo de leitura":"2 minutos"},"schema":{"@context":"https:\/\/schema.org","@graph":[{"@type":"NewsArticle","@id":"https:\/\/www.suno.com.br\/noticias\/natura-queda-lucro-liquido-3t19\/#article","isPartOf":{"@id":"https:\/\/www.suno.com.br\/noticias\/natura-queda-lucro-liquido-3t19\/"},"author":{"name":"Rafael Lara","@id":"https:\/\/www.suno.com.br\/noticias\/#\/schema\/person\/098743caeed97b37f51315c9576c4078"},"headline":"Natura registra queda de 48,4% em seu lucro l\u00edquido no 3T19","datePublished":"2019-11-13T23:14:52+00:00","dateModified":"2019-11-13T23:15:39+00:00","mainEntityOfPage":{"@id":"https:\/\/www.suno.com.br\/noticias\/natura-queda-lucro-liquido-3t19\/"},"wordCount":368,"publisher":{"@id":"https:\/\/www.suno.com.br\/noticias\/#organization"},"image":{"@id":"https:\/\/www.suno.com.br\/noticias\/natura-queda-lucro-liquido-3t19\/#primaryimage"},"thumbnailUrl":"https:\/\/files.sunoresearch.com.br\/n\/uploads\/2019\/05\/82317c25-natura-jpg.webp","keywords":["Natura (NTCO3)","Resultado das empresas"],"articleSection":["Neg\u00f3cios"],"inLanguage":"pt-BR"},{"@type":"WebPage","@id":"https:\/\/www.suno.com.br\/noticias\/natura-queda-lucro-liquido-3t19\/","url":"https:\/\/www.suno.com.br\/noticias\/natura-queda-lucro-liquido-3t19\/","name":"Natura registra queda de 48,4% em seu lucro l\u00edquido no 3T19","isPartOf":{"@id":"https:\/\/www.suno.com.br\/noticias\/#website"},"primaryImageOfPage":{"@id":"https:\/\/www.suno.com.br\/noticias\/natura-queda-lucro-liquido-3t19\/#primaryimage"},"image":{"@id":"https:\/\/www.suno.com.br\/noticias\/natura-queda-lucro-liquido-3t19\/#primaryimage"},"thumbnailUrl":"https:\/\/files.sunoresearch.com.br\/n\/uploads\/2019\/05\/82317c25-natura-jpg.webp","datePublished":"2019-11-13T23:14:52+00:00","dateModified":"2019-11-13T23:15:39+00:00","description":"A Natura reportou seu lucro do terceiro trimestre. A quantia foi de 48,4% menor em compara\u00e7\u00e3o ao mesmo per\u00edodo de 2018. Clique para mais.","breadcrumb":{"@id":"https:\/\/www.suno.com.br\/noticias\/natura-queda-lucro-liquido-3t19\/#breadcrumb"},"inLanguage":"pt-BR","potentialAction":[{"@type":"ReadAction","target":["https:\/\/www.suno.com.br\/noticias\/natura-queda-lucro-liquido-3t19\/"]}]},{"@type":"ImageObject","inLanguage":"pt-BR","@id":"https:\/\/www.suno.com.br\/noticias\/natura-queda-lucro-liquido-3t19\/#primaryimage","url":"https:\/\/files.sunoresearch.com.br\/n\/uploads\/2019\/05\/82317c25-natura-jpg.webp","contentUrl":"https:\/\/files.sunoresearch.com.br\/n\/uploads\/2019\/05\/82317c25-natura-jpg.webp","width":1000,"height":686,"caption":"Fachada de loja da Natura (foto: divulga\u00e7\u00e3o)"},{"@type":"BreadcrumbList","@id":"https:\/\/www.suno.com.br\/noticias\/natura-queda-lucro-liquido-3t19\/#breadcrumb","itemListElement":[{"@type":"ListItem","position":1,"name":"Not\u00edcias","item":"https:\/\/www.suno.com.br\/noticias\/"},{"@type":"ListItem","position":2,"name":"Neg\u00f3cios","item":"https:\/\/www.suno.com.br\/noticias\/negocios\/"},{"@type":"ListItem","position":3,"name":"Natura registra queda de 48,4% em seu lucro l\u00edquido no 3T19"}]},{"@type":"WebSite","@id":"https:\/\/www.suno.com.br\/noticias\/#website","url":"https:\/\/www.suno.com.br\/noticias\/","name":"Suno Not\u00edcias","description":"Seu portal de informa\u00e7\u00e3o sobre o mundo dos investimentos","publisher":{"@id":"https:\/\/www.suno.com.br\/noticias\/#organization"},"potentialAction":[{"@type":"SearchAction","target":{"@type":"EntryPoint","urlTemplate":"https:\/\/www.suno.com.br\/noticias\/?s={search_term_string}"},"query-input":{"@type":"PropertyValueSpecification","valueRequired":true,"valueName":"search_term_string"}}],"inLanguage":"pt-BR"},{"@type":"Organization","@id":"https:\/\/www.suno.com.br\/noticias\/#organization","name":"Suno Not\u00edcias","url":"https:\/\/www.suno.com.br\/noticias\/","logo":{"@type":"ImageObject","inLanguage":"pt-BR","@id":"https:\/\/www.suno.com.br\/noticias\/#\/schema\/logo\/image\/","url":"https:\/\/files.sunoresearch.com.br\/n\/uploads\/2021\/09\/suno-logo.png","contentUrl":"https:\/\/files.sunoresearch.com.br\/n\/uploads\/2021\/09\/suno-logo.png","width":180,"height":180,"caption":"Suno Not\u00edcias"},"image":{"@id":"https:\/\/www.suno.com.br\/noticias\/#\/schema\/logo\/image\/"},"sameAs":["https:\/\/facebook.com\/sunoresearch","https:\/\/x.com\/sunoresearch","https:\/\/www.instagram.com\/suno","https:\/\/www.linkedin.com\/company\/suno-research\/","https:\/\/www.youtube.com\/c\/sunoresearch"]},{"@type":"Person","@id":"https:\/\/www.suno.com.br\/noticias\/#\/schema\/person\/098743caeed97b37f51315c9576c4078","name":"Rafael Lara","image":{"@type":"ImageObject","inLanguage":"pt-BR","@id":"https:\/\/www.suno.com.br\/noticias\/#\/schema\/person\/image\/","url":"https:\/\/secure.gravatar.com\/avatar\/dfc254ab9bb2ea1895d98b9e9dae4bdd?s=96&r=g","contentUrl":"https:\/\/secure.gravatar.com\/avatar\/dfc254ab9bb2ea1895d98b9e9dae4bdd?s=96&r=g","caption":"Rafael Lara"},"description":"Rafael Lara cursa jornalismo na Faculdade C\u00e1sper L\u00edbero. Escreve sobre pol\u00edtica, economia e neg\u00f3cios para o portal Suno Not\u00edcias. Antes, colaborou na TV Gazeta na produ\u00e7\u00e3o do programa Edi\u00e7\u00e3o Extra.","url":"https:\/\/www.suno.com.br\/noticias\/author\/rafael\/"}]}},"default_loop_html":"<div class=\"cardsPage__listCard__boxs\"><div class=\"cardsPage__listCard__boxs__img\"><a href=\"https:\/\/www.suno.com.br\/noticias\/natura-queda-lucro-liquido-3t19\/\"><img class=\"mask\" src=\"https:\/\/www.suno.com.br\/noticias\/wp-content\/themes\/suno\/resources\/images\/spotlight\/spotlight1img\/bg-mask.png\" alt=\"Image Mask\"\/><img src=\"https:\/\/files.sunoresearch.com.br\/n\/uploads\/2019\/05\/82317c25-natura-400x200.webp\" alt=\"Natura registra queda de 48,4% em seu lucro l\u00edquido no 3T19\"\/><\/a><span class=\"spotlightCategory\"><a href=\"https:\/\/www.suno.com.br\/noticias\/negocios\/\">Neg\u00f3cios<\/a><\/span><\/div><div class=\"cardsPage__listCard__boxs__content\"><a href=\"https:\/\/www.suno.com.br\/noticias\/natura-queda-lucro-liquido-3t19\/\"><h2 class=\"content__title\">Natura registra queda de 48,4% em seu lucro l\u00edquido no 3T19<\/h2><\/a><div class=\"newsContent__article__meta\"><div class=\"newsContent__article__meta__authorBox\"><a href=\"https:\/\/www.suno.com.br\/noticias\/author\/rafael\/\" class=\"authorBox__avatar noMobi\"><img src=\"https:\/\/secure.gravatar.com\/avatar\/dfc254ab9bb2ea1895d98b9e9dae4bdd?s=96&#038;r=g\" alt=\"Rafael Lara\"><\/a><div class=\"authorBox__name\"><span>por\n\t\t\t<a href=\"https:\/\/www.suno.com.br\/noticias\/author\/rafael\/\"><span itemprop=\"author\">Rafael Lara<\/span><\/a><\/span><time datetime=\"2019-11-13T21:14:52-03:00\" itemprop=\"datePublished\">13\/11\/2019 21:14<\/time><\/div><\/div><\/div><\/div><\/div>","single_layout":"posts","amp_enabled":true,"_links":{"self":[{"href":"https:\/\/www.suno.com.br\/noticias\/wp-json\/wp\/v2\/posts\/44746"}],"collection":[{"href":"https:\/\/www.suno.com.br\/noticias\/wp-json\/wp\/v2\/posts"}],"about":[{"href":"https:\/\/www.suno.com.br\/noticias\/wp-json\/wp\/v2\/types\/post"}],"author":[{"embeddable":true,"href":"https:\/\/www.suno.com.br\/noticias\/wp-json\/wp\/v2\/users\/23"}],"replies":[{"embeddable":true,"href":"https:\/\/www.suno.com.br\/noticias\/wp-json\/wp\/v2\/comments?post=44746"}],"version-history":[{"count":0,"href":"https:\/\/www.suno.com.br\/noticias\/wp-json\/wp\/v2\/posts\/44746\/revisions"}],"wp:featuredmedia":[{"embeddable":true,"href":"https:\/\/www.suno.com.br\/noticias\/wp-json\/wp\/v2\/media\/25859"}],"wp:attachment":[{"href":"https:\/\/www.suno.com.br\/noticias\/wp-json\/wp\/v2\/media?parent=44746"}],"wp:term":[{"taxonomy":"category","embeddable":true,"href":"https:\/\/www.suno.com.br\/noticias\/wp-json\/wp\/v2\/categories?post=44746"},{"taxonomy":"post_tag","embeddable":true,"href":"https:\/\/www.suno.com.br\/noticias\/wp-json\/wp\/v2\/tags?post=44746"},{"taxonomy":"suno_strategy","embeddable":true,"href":"https:\/\/www.suno.com.br\/noticias\/wp-json\/wp\/v2\/suno_strategy?post=44746"}],"curies":[{"name":"wp","href":"https:\/\/api.w.org\/{rel}","templated":true}]}}