{"id":447457,"date":"2023-08-25T13:05:17","date_gmt":"2023-08-25T16:05:17","guid":{"rendered":"https:\/\/www.suno.com.br\/noticias\/?p=447457"},"modified":"2023-08-25T13:05:22","modified_gmt":"2023-08-25T16:05:22","slug":"weg-wege3-mexico-expandir-negocios-gpj","status":"publish","type":"post","link":"https:\/\/www.suno.com.br\/noticias\/weg-wege3-mexico-expandir-negocios-gpj\/","title":{"rendered":"Weg (WEGE3) adquire terreno no M\u00e9xico por US$ 40 milh\u00f5es e mira expans\u00e3o de neg\u00f3cios no pa\u00eds"},"content":{"rendered":"<p>A <a href=\"https:\/\/www.suno.com.br\/acoes\/WEGE3\/\"><strong>Weg <\/strong>(WEGE3)<\/a> anunciou nesta sexta-feira (25) a aquisi\u00e7\u00e3o de um novo terreno na cidade de Atotonilco de Tula, estado de Hidalgo, no M\u00e9xico.<\/p>\t<div class=\"wrapper-featured-image\">\n\t\t<figure class=\"spotlightImg\">\n\n\t\t\t<picture>\n\t\t\t\t<source media=\"(max-width: 768px)\" srcset=\"https:\/\/files.sunoresearch.com.br\/n\/uploads\/2022\/07\/weg-400x200.jpg\">\n\t\t\t\t<img loading=\"lazy\" decoding=\"async\" class=\"newsContent__article__imgCapa lazyloadDisabled \" src=\"https:\/\/files.sunoresearch.com.br\/n\/uploads\/2022\/07\/weg-800x450.jpg\" width=\"800\" height=\"450\" alt=\"Weg (WEGE3) adquire terreno no M\u00e9xico por US$ 40 milh\u00f5es e mira expans\u00e3o de neg\u00f3cios no pa\u00eds\" fetchpriority=high \/>\n\t\t\t<\/picture>\n\n\t\t\t<figcaption class=\"wp-caption-text wp-caption-text--show\">Weg (WEGE3). Foto: Divulga\u00e7\u00e3o<\/figcaption>\n\t\t<\/figure>\n\t<\/div>\n\n\n\n\n\n\n\n\t<p>\n\t\t<a href=\"\" target=\"_blank\" data-element=\"shortcode-suno-banner\" title=\"Banner SUNO, clique e saiba mais\">\n\t\t\t<picture>\n\t\t\t\t<source media=\"(max-width: 500px)\" srcset=\"\">\n\t\t\t\t<img class=\"newsContent__article__imgCapa newsContent__article__imgCapa--banner\"\n\t\t\t\t\tsrc=\"\"\n\t\t\t\t\tdata-promo-id=\"250708\"\t\t\t\t\t\t\t\t\t\t\t\t\t\t\talt=\"\"\n\t\t\t\t>\n\t\t\t<\/picture>\n\t\t<\/a>\n\t<\/p>\n\n\n\n\n\n<p>Localizado em frente ao maior <strong>parque fabril da Weg<\/strong> no pa\u00eds, o terreno possui 640 mil metros quadrados de \u00e1rea total e faz parte da estrat\u00e9gia de <a href=\"https:\/\/www.suno.com.br\/artigos\/longo-prazo\/\">longo prazo<\/a> para o aumento gradual da <a href=\"https:\/\/www.suno.com.br\/artigos\/capacidade-produtiva\/\">capacidade produtiva<\/a> e expans\u00e3o da companhia no pa\u00eds. <\/p>\n\n\n\n<p>A Weg investiu US$ 40 milh\u00f5es para a aquisi\u00e7\u00e3o do novo espa\u00e7o.<\/p>\n\n\n\n<p>&#8220;A proximidade do novo terreno ao maior <strong>parque industrial da Weg<\/strong> no pa\u00eds facilitar\u00e1 a integra\u00e7\u00e3o dos processos produtivos e verticaliza\u00e7\u00e3o das opera\u00e7\u00f5es mexicanas no futuro, bem como o processo log\u00edstico, permitindo compartilhar recursos de \u00e1reas de apoio entre as unidades&#8221;, destacou a companhia.<\/p>\n\n\n\n<p>A Weg est\u00e1 no <strong>M\u00e9xico<\/strong> desde 2000 e contabiliza cinco unidades fabris no pa\u00eds: duas em Huehuetoca, produtoras de motores el\u00e9tricos e transformadores, uma em Tizayuca, especializada na fabrica\u00e7\u00e3o de transformadores, e duas em Atotonilco de Tula, onde a companhia possui f\u00e1bricas voltadas para a produ\u00e7\u00e3o de motores el\u00e9tricos, de pain\u00e9is el\u00e9tricos e tintas em p\u00f3 industriais.<\/p>\n\n\n\n<p>Com a <strong>aquisi\u00e7\u00e3o do novo terreno<\/strong>, a companhia soma mais de 1,2 milh\u00e3o de metros quadrados de \u00e1rea no M\u00e9xico, onde conta atualmente com cerca de 4 mil colaboradores.<\/p>\n\n\n\n\t<div data-element=\"shortcode-read-more\" class=\"readToo\">\n\t\t\t\t<span class=\"readToo__title\">Leia mais<\/span>\n\t\t\t\t<ul class=\"readToo__list\">\n\t\t\t<li><a href=\"https:\/\/www.suno.com.br\/noticias\/relatorio-desenrola-limita-taxa-juros-cpf\/\">MP do Desenrola Brasil ir\u00e1 limitar a taxa de juros em 100%<\/a><\/li><li><a href=\"https:\/\/www.suno.com.br\/noticias\/petrobras-petr4-fornecimento-de-diesel-distribuidoras-gpj\/\">Petrobras (PETR4): fornecimento de diesel S10 para distribuidoras est\u00e1 normal<\/a><\/li><li><a href=\"https:\/\/www.suno.com.br\/noticias\/eletrobras-elet3-reduz-participacao-na-aes-brasil-aesb3-gpj\/\">Eletrobras (ELET3) reduz participa\u00e7\u00e3o na AES Brasil (AESB3)<\/a><\/li>\t\t<\/ul>\n\t<\/div>\n\n\n\n\t<p>\n\t\t<a href=\"https:\/\/lp.suno.com.br\/ebook-como-analisar-uma-acao\/\" target=\"_blank\" data-element=\"shortcode-suno-banner\" title=\"Banner SUNO, clique e saiba mais\">\n\t\t\t<picture>\n\t\t\t\t<source media=\"(max-width: 500px)\" srcset=\"https:\/\/files.sunoresearch.com.br\/n\/uploads\/2023\/03\/Ebook-Acoes-Mobile.jpg\">\n\t\t\t\t<img class=\"newsContent__article__imgCapa newsContent__article__imgCapa--banner\"\n\t\t\t\t\tsrc=\"https:\/\/files.sunoresearch.com.br\/n\/uploads\/2023\/03\/Ebook-Acoes-Desktop.jpg\"\n\t\t\t\t\tdata-promo-id=\"378302\"\t\t\t\t\t\t\t\t\t\twidth='1420' height='286'\t\t\t\t\talt=\"https:\/\/files.sunoresearch.com.br\/n\/uploads\/2023\/03\/Ebook-Acoes-Desktop.jpg\"\n\t\t\t\t>\n\t\t\t<\/picture>\n\t\t<\/a>\n\t<\/p>\n\n\n\n\n\n<h2 class=\"wp-block-heading\">Weg (WEGE3) \u00e9 rebaixada: XP v\u00ea desacelera\u00e7\u00e3o da receita e pre\u00e7o-alvo mais baixo<\/h2>\n\n\n\n<p>A receita da&nbsp;<strong>Weg&nbsp;<\/strong>(WEGE3) deve desacelerar nos pr\u00f3ximos trimestres, afirmaram os analistas da XP Investimento na semana passada. Antecipando essa tend\u00eancia, a XP rebaixou a recomenda\u00e7\u00e3o das a\u00e7\u00f5es para \u201cneutra\u201d. <\/p>\n\n\n\n<p>\u201cA Weg \u00e9 uma empresa \u201cbest-in-class\u201d e uma das mais bem-sucedidas da hist\u00f3ria corporativa brasileira. No entanto, dadas as nossas expectativas de&nbsp;<strong>desacelera\u00e7\u00e3o de receita<\/strong>&nbsp;e retornos se acomodando em n\u00edveis mais baixos nos pr\u00f3ximos anos, vemos o m\u00faltiplo P\/L (Pre\u00e7o\/Lucro) atual da WEG em 29x como uma hist\u00f3ria \u2018precificada \u00e0 perfei\u00e7\u00e3o\u2019, diz a XP.&nbsp;<\/p>\n\n\n\n<p>Analistas explicam que usando diferentes metodologias de valuation, todas sugerem um m\u00faltiplo P\/L mais justo de 25-26x, limitando o potencial de alta para a\u00e7\u00f5es.<\/p>\n\n\n\n<p>Outro ponto \u00e9 os potenciais riscos de baixa por causa da poss\u00edvel tributa\u00e7\u00e3o de&nbsp;<a target=\"_blank\" href=\"https:\/\/www.suno.com.br\/artigos\/entenda-o-jcp\/\" rel=\"noreferrer noopener\">juros sobre capital pr\u00f3prio<\/a>&nbsp;(JCP).&nbsp;<\/p>\n\n\n\n<p>Segundo a XP, a expectativa \u00e9 de que a&nbsp;<strong>receita da Weg&nbsp;<\/strong>pise no freio daqui para frente, ap\u00f3s o bom per\u00edodo de crescimento nos \u00faltimos dois anos. \u201cVemos mais ventos contr\u00e1rios do que ventos a favor para uma perspectiva cont\u00ednua de alto crescimento nos pr\u00f3ximos anos, com nossas novas estimativas implicando uma&nbsp; taxa de crescimento anual composta (CAGR) de receita&nbsp; para 2023 a 2027 de 13%\u201d, mencionam os analistas.&nbsp;<\/p>\n\n\n\n\t<div data-element=\"shortcode-read-more\" class=\"readToo\">\n\t\t\t\t<span class=\"readToo__title\">Leia mais<\/span>\n\t\t\t\t<ul class=\"readToo__list\">\n\t\t\t<li><a href=\"https:\/\/www.suno.com.br\/noticias\/agenda-dividendos-weg-wege3-agosto-cpf\/\">Weg (WEGE3) distribui dividendos de 0,38% DY hoje (16); veja os valores<\/a><\/li><li><a href=\"https:\/\/www.suno.com.br\/noticias\/weg-wege3-investe-novas-fabricas-santa-catarina-va\/\">Weg (WEGE3) investe R$ 87 milh\u00f5es em novas f\u00e1bricas em Santa Catarina<\/a><\/li><li><a href=\"https:\/\/www.suno.com.br\/noticias\/weg-adquire-empresa-ia-veja-qual-gpj\/\">Weg (WEGE3) adquire 100% de empresa de IA para a ind\u00fastria; veja qual<\/a><\/li>\t\t<\/ul>\n\t<\/div>\n\n\n\n\n<h2 class=\"wp-block-heading\">WEG: margens atingiram o pico, diz XP<\/h2>\n\n\n\n<p>A equipe da XP tamb\u00e9m aponta que as margens atingiram o pico, com a proje\u00e7\u00e3o da rentabilidade se acomodando a n\u00edveis mais baixos devido a novos contratos assinados em meio ao atual ambiente de custos.&nbsp;<\/p>\n\n\n\n<p>A rentabilidade de&nbsp;<a href=\"https:\/\/www.suno.com.br\/artigos\/curto-prazo\/\" target=\"_blank\" rel=\"noreferrer noopener\">curto prazo<\/a> da <strong>Weg<\/strong>, embora positiva, dizem os analistas, foi precificada por contratos de&nbsp;<a href=\"https:\/\/www.suno.com.br\/artigos\/longo-prazo\/\" target=\"_blank\" rel=\"noreferrer noopener\">longo prazo<\/a>&nbsp;em contexto que os custos eram mais altos.&nbsp;<\/p>\n\n\n\n<h2 class=\"wp-block-heading\">Desempenho das a\u00e7\u00f5es da Weg<a href=\"https:\/\/lp.suno.com.br\/planilha-da-vida-financeira\/?_fs=16441831047-15160671413\" target=\"_blank\" rel=\"noreferrer noopener\"><\/a><\/h2>\n\n\n\n<div class=\"pluginQuotation\">\n  <p class=\"ticker\">\n    Cota\u00e7\u00e3o <span>WEGE3<\/span>\n  <\/p>\n  <div class=\"info\">\n    <div class=\"leftSide\">\n      Gr\u00e1fico gerado em: 25\/08\/2023    <\/div>\n\t\t\t\t\t<div class=\"rightSide\">\n\t\t\t\t\t<span class=\"period\">\n\t\t\t\t\t\t1 Dia\t\t\t\t\t<\/span>\n\t\t\t<\/div>\n\t\t  <\/div>\n\n  <div id=\"chart-d0d8ca4862d9693904b06ba6f90c3afe\" data-block-hash=\"d0d8ca4862d9693904b06ba6f90c3afe\"  class=\"chart\" style=\"width:100%;height:400px;\"><\/div>\n\n  <div class=\"pluginQuotation__footer\">\n    <div class=\"dataChart\">\n\n      <div class=\"dataChart__div1 variation\">\n        <div class=\"value-positive\">\n          0,64 (+0,23%)        <\/div>\n        <div class=\"text\">\n          Varia\u00e7\u00e3o do per\u00edodo\n        <\/div>\n      <\/div>\n\n      <div class=\"dataChart__div2 minMax\">\n        <div class=\"value\">\n          R$\u00a035,91        <\/div>\n        <div class=\"text\">\n          M\u00ednima\n        <\/div>\n      <\/div>\n\n      <div class=\"dataChart__div3 minMax\">\n        <div class=\"value\">\n          R$\u00a036,47        <\/div>\n        <div class=\"text\">\n          M\u00e1xima\n        <\/div>\n      <\/div>\n\n\t\t\t<div class=\"dataChart__div4 rightSide\">\n\t\t\t\t<div class=\"analiticaSource\">\n\t\t\t\t\t<span>\n\t\t\t\t\t\tFonte:\n\t\t\t\t\t<\/span>\n\t\t\t\t\t<img decoding=\"async\" class=\"analiticaLogo\" src=\"https:\/\/www.suno.com.br\/noticias\/wp-content\/plugins\/suno-block-ticker-quotation\/src\/suno-analitica-logo.png\" alt=\"Logo Suno Anal\u00edtica\" \/>\n\t\t\t\t<\/div>\n\n\t\t\t\t<a href=\"https:\/\/www.suno.com.br\/analitica\/acoes\/WEGE3\" target=\"_blank\">\n\t\t\t\t\t<span>\n\t\t\t\t\t\tVer mais cota\u00e7\u00f5es\n\t\t\t\t\t<\/span>\n\t\t\t\t\t<svg xmlns=\"http:\/\/www.w3.org\/2000\/svg\" width=\"9\" height=\"8\" viewBox=\"0 0 9 8\" fill=\"none\">\n\t\t\t\t\t\t<path d=\"M4.20996 0L3.50496 0.705L6.29496 3.5H0.209961V4.5H6.29496L3.50496 7.295L4.20996 8L8.20996 4L4.20996 0Z\" fill=\"#D42126\" \/>\n\t\t\t\t\t<\/svg>\n\t\t\t\t<\/a>\n    <\/div>\n\n    <\/div>\n  <\/div>\n<\/div>\n\n\n<script type=\"text\/javascript\">\n  let chart_d0d8ca4862d9693904b06ba6f90c3afe = document.getElementById('chart-d0d8ca4862d9693904b06ba6f90c3afe');\n  let data_json_d0d8ca4862d9693904b06ba6f90c3afe = \"[{\\\"date\\\":\\\"25\\\\\\\/08\\\\\\\/23 10:02\\\",\\\"value\\\":35.91},{\\\"date\\\":\\\"25\\\\\\\/08\\\\\\\/23 10:04\\\",\\\"value\\\":36.05},{\\\"date\\\":\\\"25\\\\\\\/08\\\\\\\/23 10:06\\\",\\\"value\\\":35.98},{\\\"date\\\":\\\"25\\\\\\\/08\\\\\\\/23 10:08\\\",\\\"value\\\":36.04},{\\\"date\\\":\\\"25\\\\\\\/08\\\\\\\/23 10:10\\\",\\\"value\\\":36.07},{\\\"date\\\":\\\"25\\\\\\\/08\\\\\\\/23 10:12\\\",\\\"value\\\":36.07},{\\\"date\\\":\\\"25\\\\\\\/08\\\\\\\/23 10:14\\\",\\\"value\\\":36.07},{\\\"date\\\":\\\"25\\\\\\\/08\\\\\\\/23 10:16\\\",\\\"value\\\":36.02},{\\\"date\\\":\\\"25\\\\\\\/08\\\\\\\/23 10:18\\\",\\\"value\\\":35.99},{\\\"date\\\":\\\"25\\\\\\\/08\\\\\\\/23 10:20\\\",\\\"value\\\":36.04},{\\\"date\\\":\\\"25\\\\\\\/08\\\\\\\/23 10:22\\\",\\\"value\\\":36.05},{\\\"date\\\":\\\"25\\\\\\\/08\\\\\\\/23 10:24\\\",\\\"value\\\":36.06},{\\\"date\\\":\\\"25\\\\\\\/08\\\\\\\/23 10:26\\\",\\\"value\\\":36.05},{\\\"date\\\":\\\"25\\\\\\\/08\\\\\\\/23 10:28\\\",\\\"value\\\":36.05},{\\\"date\\\":\\\"25\\\\\\\/08\\\\\\\/23 10:30\\\",\\\"value\\\":36.13},{\\\"date\\\":\\\"25\\\\\\\/08\\\\\\\/23 10:32\\\",\\\"value\\\":36.09},{\\\"date\\\":\\\"25\\\\\\\/08\\\\\\\/23 10:34\\\",\\\"value\\\":36.09},{\\\"date\\\":\\\"25\\\\\\\/08\\\\\\\/23 10:36\\\",\\\"value\\\":36.19},{\\\"date\\\":\\\"25\\\\\\\/08\\\\\\\/23 10:38\\\",\\\"value\\\":36.23},{\\\"date\\\":\\\"25\\\\\\\/08\\\\\\\/23 10:40\\\",\\\"value\\\":36.23},{\\\"date\\\":\\\"25\\\\\\\/08\\\\\\\/23 10:42\\\",\\\"value\\\":36.22},{\\\"date\\\":\\\"25\\\\\\\/08\\\\\\\/23 10:44\\\",\\\"value\\\":36.21},{\\\"date\\\":\\\"25\\\\\\\/08\\\\\\\/23 10:46\\\",\\\"value\\\":36.21},{\\\"date\\\":\\\"25\\\\\\\/08\\\\\\\/23 10:48\\\",\\\"value\\\":36.26},{\\\"date\\\":\\\"25\\\\\\\/08\\\\\\\/23 10:50\\\",\\\"value\\\":36.24},{\\\"date\\\":\\\"25\\\\\\\/08\\\\\\\/23 10:52\\\",\\\"value\\\":36.26},{\\\"date\\\":\\\"25\\\\\\\/08\\\\\\\/23 10:54\\\",\\\"value\\\":36.27},{\\\"date\\\":\\\"25\\\\\\\/08\\\\\\\/23 10:56\\\",\\\"value\\\":36.36},{\\\"date\\\":\\\"25\\\\\\\/08\\\\\\\/23 10:58\\\",\\\"value\\\":36.38},{\\\"date\\\":\\\"25\\\\\\\/08\\\\\\\/23 11:00\\\",\\\"value\\\":36.38},{\\\"date\\\":\\\"25\\\\\\\/08\\\\\\\/23 11:02\\\",\\\"value\\\":36.4},{\\\"date\\\":\\\"25\\\\\\\/08\\\\\\\/23 11:04\\\",\\\"value\\\":36.39},{\\\"date\\\":\\\"25\\\\\\\/08\\\\\\\/23 11:06\\\",\\\"value\\\":36.41},{\\\"date\\\":\\\"25\\\\\\\/08\\\\\\\/23 11:08\\\",\\\"value\\\":36.39},{\\\"date\\\":\\\"25\\\\\\\/08\\\\\\\/23 11:10\\\",\\\"value\\\":36.35},{\\\"date\\\":\\\"25\\\\\\\/08\\\\\\\/23 11:12\\\",\\\"value\\\":36.39},{\\\"date\\\":\\\"25\\\\\\\/08\\\\\\\/23 11:14\\\",\\\"value\\\":36.41},{\\\"date\\\":\\\"25\\\\\\\/08\\\\\\\/23 11:16\\\",\\\"value\\\":36.44},{\\\"date\\\":\\\"25\\\\\\\/08\\\\\\\/23 11:18\\\",\\\"value\\\":36.47},{\\\"date\\\":\\\"25\\\\\\\/08\\\\\\\/23 11:20\\\",\\\"value\\\":36.44},{\\\"date\\\":\\\"25\\\\\\\/08\\\\\\\/23 11:22\\\",\\\"value\\\":36.47},{\\\"date\\\":\\\"25\\\\\\\/08\\\\\\\/23 11:24\\\",\\\"value\\\":36.44},{\\\"date\\\":\\\"25\\\\\\\/08\\\\\\\/23 11:26\\\",\\\"value\\\":36.43},{\\\"date\\\":\\\"25\\\\\\\/08\\\\\\\/23 11:28\\\",\\\"value\\\":36.44},{\\\"date\\\":\\\"25\\\\\\\/08\\\\\\\/23 11:30\\\",\\\"value\\\":36.4},{\\\"date\\\":\\\"25\\\\\\\/08\\\\\\\/23 11:32\\\",\\\"value\\\":36.43},{\\\"date\\\":\\\"25\\\\\\\/08\\\\\\\/23 11:34\\\",\\\"value\\\":36.4},{\\\"date\\\":\\\"25\\\\\\\/08\\\\\\\/23 11:36\\\",\\\"value\\\":36.3},{\\\"date\\\":\\\"25\\\\\\\/08\\\\\\\/23 11:38\\\",\\\"value\\\":36.36},{\\\"date\\\":\\\"25\\\\\\\/08\\\\\\\/23 11:40\\\",\\\"value\\\":36.35},{\\\"date\\\":\\\"25\\\\\\\/08\\\\\\\/23 11:42\\\",\\\"value\\\":36.36},{\\\"date\\\":\\\"25\\\\\\\/08\\\\\\\/23 11:44\\\",\\\"value\\\":36.35},{\\\"date\\\":\\\"25\\\\\\\/08\\\\\\\/23 11:46\\\",\\\"value\\\":36.34},{\\\"date\\\":\\\"25\\\\\\\/08\\\\\\\/23 11:48\\\",\\\"value\\\":36.33},{\\\"date\\\":\\\"25\\\\\\\/08\\\\\\\/23 11:50\\\",\\\"value\\\":36.34},{\\\"date\\\":\\\"25\\\\\\\/08\\\\\\\/23 11:52\\\",\\\"value\\\":36.3},{\\\"date\\\":\\\"25\\\\\\\/08\\\\\\\/23 11:54\\\",\\\"value\\\":36.28},{\\\"date\\\":\\\"25\\\\\\\/08\\\\\\\/23 11:56\\\",\\\"value\\\":36.32},{\\\"date\\\":\\\"25\\\\\\\/08\\\\\\\/23 11:58\\\",\\\"value\\\":36.3},{\\\"date\\\":\\\"25\\\\\\\/08\\\\\\\/23 12:00\\\",\\\"value\\\":36.32},{\\\"date\\\":\\\"25\\\\\\\/08\\\\\\\/23 12:02\\\",\\\"value\\\":36.35},{\\\"date\\\":\\\"25\\\\\\\/08\\\\\\\/23 12:04\\\",\\\"value\\\":36.35},{\\\"date\\\":\\\"25\\\\\\\/08\\\\\\\/23 12:06\\\",\\\"value\\\":36.38},{\\\"date\\\":\\\"25\\\\\\\/08\\\\\\\/23 12:08\\\",\\\"value\\\":36.37},{\\\"date\\\":\\\"25\\\\\\\/08\\\\\\\/23 12:10\\\",\\\"value\\\":36.36},{\\\"date\\\":\\\"25\\\\\\\/08\\\\\\\/23 12:12\\\",\\\"value\\\":36.36},{\\\"date\\\":\\\"25\\\\\\\/08\\\\\\\/23 12:14\\\",\\\"value\\\":36.37},{\\\"date\\\":\\\"25\\\\\\\/08\\\\\\\/23 12:16\\\",\\\"value\\\":36.37},{\\\"date\\\":\\\"25\\\\\\\/08\\\\\\\/23 12:18\\\",\\\"value\\\":36.42},{\\\"date\\\":\\\"25\\\\\\\/08\\\\\\\/23 12:20\\\",\\\"value\\\":36.14},{\\\"date\\\":\\\"25\\\\\\\/08\\\\\\\/23 12:22\\\",\\\"value\\\":36.36},{\\\"date\\\":\\\"25\\\\\\\/08\\\\\\\/23 12:24\\\",\\\"value\\\":36.14}]\";\n  let isPositive_d0d8ca4862d9693904b06ba6f90c3afe = true;\n\n  let color_d0d8ca4862d9693904b06ba6f90c3afe = isPositive_d0d8ca4862d9693904b06ba6f90c3afe ? '#3AB53A' : '#D92C2D';\n\n  let data_d0d8ca4862d9693904b06ba6f90c3afe = JSON.parse(data_json_d0d8ca4862d9693904b06ba6f90c3afe);\n\n  const result_d0d8ca4862d9693904b06ba6f90c3afe = {\n    date: [],\n    value: [],\n  };\n\n  data_d0d8ca4862d9693904b06ba6f90c3afe.forEach((item) => {\n    result_d0d8ca4862d9693904b06ba6f90c3afe.date.push(item.date);\n    result_d0d8ca4862d9693904b06ba6f90c3afe.value.push(Number(item.value));\n  });\n\n  let option_d0d8ca4862d9693904b06ba6f90c3afe = {\n    \/\/ variavel de cor global\n    color: [color_d0d8ca4862d9693904b06ba6f90c3afe],\n    title: {\n      text: '',\n    },\n    tooltip: {\n      trigger: 'axis',\n      axisPointer: {\n        type: 'cross',\n        label: {\n          \/\/ cor dos valores em X e Y\n          backgroundColor: color_d0d8ca4862d9693904b06ba6f90c3afe,\n          formatter: (value) => {\n            if (typeof value.value === 'number') {\n              return Number(value.value).toLocaleString('pt-br', {\n                style: 'currency',\n                currency: 'BRL'\n              });\n            }\n            return value.value;\n          },\n        },\n      },\n      valueFormatter: (value) => Number(value).toLocaleString('pt-br', {\n        style: 'currency',\n        currency: 'BRL'\n      }),\n    },\n    legend: {\n      \/\/ data: ['Valor de Fechamento'],\n      show: false,\n    },\n    toolbox: {\n      feature: {\n        saveAsImage: {\n          show: false,\n        },\n      },\n    },\n    grid: {\n      left: '0px',\n      right: '0px',\n      bottom: '0px',\n      containLabel: true,\n    },\n    xAxis: [{\n      type: 'category',\n      data: result_d0d8ca4862d9693904b06ba6f90c3afe.date,\n      boundaryGap: true,\n    }],\n    yAxis: [{\n      type: 'value',\n      min: Math.min(...result_d0d8ca4862d9693904b06ba6f90c3afe.value),\n      max: Math.max(...result_d0d8ca4862d9693904b06ba6f90c3afe.value),\n      axisLabel: {\n        formatter: (value) => value.toLocaleString('pt-br', {\n          style: 'currency',\n          currency: 'BRL'\n        }),\n      },\n    }],\n    series: [{\n      name: 'Valor de Fechamento',\n      type: 'line',\n      stack: 'Total',\n      \/\/ cor do grafico\n      areaStyle: {},\n      emphasis: {\n        focus: 'series',\n      },\n      data: result_d0d8ca4862d9693904b06ba6f90c3afe.value,\n      \/\/ cor da linha\n      lineStyle: {\n        color: color_d0d8ca4862d9693904b06ba6f90c3afe,\n      },\n    }, ],\n  };\n\n\twindow.chart_d0d8ca4862d9693904b06ba6f90c3afe = {\n\t\tel: chart_d0d8ca4862d9693904b06ba6f90c3afe,\n\t\toption: option_d0d8ca4862d9693904b06ba6f90c3afe\t};\n\n\n<\/script>\n\n\n\t<p>\n\t\t<a href=\"https:\/\/lp.suno.com.br\/plataforma-de-controle-de-investimentos\/\" target=\"_blank\" data-element=\"shortcode-suno-banner\" title=\"Banner SUNO, clique e saiba mais\">\n\t\t\t<picture>\n\t\t\t\t<source media=\"(max-width: 500px)\" srcset=\"https:\/\/files.sunoresearch.com.br\/n\/uploads\/2023\/03\/400x300-Controle-de-Investimentos.png\">\n\t\t\t\t<img class=\"newsContent__article__imgCapa newsContent__article__imgCapa--banner\"\n\t\t\t\t\tsrc=\"https:\/\/files.sunoresearch.com.br\/n\/uploads\/2023\/03\/1420x240-Controle-de-Investimentos.png\"\n\t\t\t\t\tdata-promo-id=\"383162\"\t\t\t\t\t\t\t\t\t\twidth='1420' height='240'\t\t\t\t\talt=\"https:\/\/files.sunoresearch.com.br\/n\/uploads\/2023\/03\/1420x240-Controle-de-Investimentos.png\"\n\t\t\t\t>\n\t\t\t<\/picture>\n\t\t<\/a>\n\t<\/p>\n\n\n","protected":false},"excerpt":{"rendered":"<p>A Weg (WEGE3) anunciou nesta sexta-feira (25) a aquisi\u00e7\u00e3o de um novo terreno na cidade de Atotonilco de Tula, estado de Hidalgo, no M\u00e9xico. Weg (WEGE3). Foto: Divulga\u00e7\u00e3o Localizado em frente ao maior parque fabril da Weg no pa\u00eds, o terreno possui 640 mil metros quadrados de \u00e1rea total e faz parte da estrat\u00e9gia de [&hellip;]<\/p>\n","protected":false},"author":313,"featured_media":277335,"comment_status":"closed","ping_status":"closed","sticky":false,"template":"","format":"standard","meta":[],"categories":[64],"tags":[681],"suno_strategy":[],"class_list":["post-447457","post","type-post","status-publish","format-standard","has-post-thumbnail","hentry","category-negocios","tag-weg-wege3"],"yoast_head":"<!-- This site is optimized with the Yoast SEO plugin v24.4 - https:\/\/yoast.com\/wordpress\/plugins\/seo\/ -->\n<title>Weg (WEGE3) adquire terreno no M\u00e9xico para expandir neg\u00f3cios no pa\u00eds<\/title>\n<meta name=\"description\" content=\"A Weg (WEGE3) anunciou nesta sexta-feira (25) a aquisi\u00e7\u00e3o de um novo terreno na cidade de Atotonilco de Tula, estado de Hidalgo, no M\u00e9xico.\" \/>\n<meta name=\"robots\" content=\"index, follow, max-snippet:-1, max-image-preview:large, max-video-preview:-1\" \/>\n<link rel=\"canonical\" href=\"https:\/\/www.suno.com.br\/noticias\/weg-wege3-mexico-expandir-negocios-gpj\/\" \/>\n<meta property=\"og:locale\" content=\"pt_BR\" \/>\n<meta property=\"og:type\" content=\"article\" \/>\n<meta property=\"og:title\" content=\"Weg (WEGE3) adquire terreno no M\u00e9xico para expandir neg\u00f3cios no pa\u00eds\" \/>\n<meta property=\"og:description\" content=\"A Weg (WEGE3) anunciou nesta sexta-feira (25) a aquisi\u00e7\u00e3o de um novo terreno na cidade de Atotonilco de Tula, estado de Hidalgo, no M\u00e9xico.\" \/>\n<meta property=\"og:url\" content=\"https:\/\/www.suno.com.br\/noticias\/weg-wege3-mexico-expandir-negocios-gpj\/\" \/>\n<meta property=\"og:site_name\" content=\"Suno Not\u00edcias\" \/>\n<meta property=\"article:publisher\" content=\"https:\/\/facebook.com\/sunoresearch\" \/>\n<meta property=\"og:image\" content=\"https:\/\/files.sunoresearch.com.br\/n\/uploads\/2022\/07\/weg.jpg\" \/>\n\t<meta property=\"og:image:width\" content=\"1400\" \/>\n\t<meta property=\"og:image:height\" content=\"824\" \/>\n\t<meta property=\"og:image:type\" content=\"image\/jpeg\" \/>\n<meta name=\"author\" content=\"Giovanni Porf\u00edrio Jacomino\" \/>\n<meta name=\"twitter:card\" content=\"summary_large_image\" \/>\n<meta name=\"twitter:creator\" content=\"@sunoresearch\" \/>\n<meta name=\"twitter:site\" content=\"@sunoresearch\" \/>\n<meta name=\"twitter:label1\" content=\"Escrito por\" \/>\n\t<meta name=\"twitter:data1\" content=\"Giovanni Porf\u00edrio Jacomino\" \/>\n\t<meta name=\"twitter:label2\" content=\"Est. tempo de leitura\" \/>\n\t<meta name=\"twitter:data2\" content=\"3 minutos\" \/>\n<script type=\"application\/ld+json\" class=\"yoast-schema-graph\">{\"@context\":\"https:\/\/schema.org\",\"@graph\":[{\"@type\":\"NewsArticle\",\"@id\":\"https:\/\/www.suno.com.br\/noticias\/weg-wege3-mexico-expandir-negocios-gpj\/#article\",\"isPartOf\":{\"@id\":\"https:\/\/www.suno.com.br\/noticias\/weg-wege3-mexico-expandir-negocios-gpj\/\"},\"author\":{\"name\":\"Giovanni Porf\u00edrio Jacomino\",\"@id\":\"https:\/\/www.suno.com.br\/noticias\/#\/schema\/person\/d0f32748bbca4bee871fa191ee4e2d40\"},\"headline\":\"Weg (WEGE3) adquire terreno no M\u00e9xico por US$ 40 milh\u00f5es e mira expans\u00e3o de neg\u00f3cios no pa\u00eds\",\"datePublished\":\"2023-08-25T16:05:17+00:00\",\"dateModified\":\"2023-08-25T16:05:22+00:00\",\"mainEntityOfPage\":{\"@id\":\"https:\/\/www.suno.com.br\/noticias\/weg-wege3-mexico-expandir-negocios-gpj\/\"},\"wordCount\":586,\"publisher\":{\"@id\":\"https:\/\/www.suno.com.br\/noticias\/#organization\"},\"image\":{\"@id\":\"https:\/\/www.suno.com.br\/noticias\/weg-wege3-mexico-expandir-negocios-gpj\/#primaryimage\"},\"thumbnailUrl\":\"https:\/\/files.sunoresearch.com.br\/n\/uploads\/2022\/07\/weg.jpg\",\"keywords\":[\"Weg (WEGE3)\"],\"articleSection\":[\"Neg\u00f3cios\"],\"inLanguage\":\"pt-BR\"},{\"@type\":\"WebPage\",\"@id\":\"https:\/\/www.suno.com.br\/noticias\/weg-wege3-mexico-expandir-negocios-gpj\/\",\"url\":\"https:\/\/www.suno.com.br\/noticias\/weg-wege3-mexico-expandir-negocios-gpj\/\",\"name\":\"Weg (WEGE3) adquire terreno no M\u00e9xico para expandir neg\u00f3cios no pa\u00eds\",\"isPartOf\":{\"@id\":\"https:\/\/www.suno.com.br\/noticias\/#website\"},\"primaryImageOfPage\":{\"@id\":\"https:\/\/www.suno.com.br\/noticias\/weg-wege3-mexico-expandir-negocios-gpj\/#primaryimage\"},\"image\":{\"@id\":\"https:\/\/www.suno.com.br\/noticias\/weg-wege3-mexico-expandir-negocios-gpj\/#primaryimage\"},\"thumbnailUrl\":\"https:\/\/files.sunoresearch.com.br\/n\/uploads\/2022\/07\/weg.jpg\",\"datePublished\":\"2023-08-25T16:05:17+00:00\",\"dateModified\":\"2023-08-25T16:05:22+00:00\",\"description\":\"A Weg (WEGE3) anunciou nesta sexta-feira (25) a aquisi\u00e7\u00e3o de um novo terreno na cidade de Atotonilco de Tula, estado de Hidalgo, no M\u00e9xico.\",\"breadcrumb\":{\"@id\":\"https:\/\/www.suno.com.br\/noticias\/weg-wege3-mexico-expandir-negocios-gpj\/#breadcrumb\"},\"inLanguage\":\"pt-BR\",\"potentialAction\":[{\"@type\":\"ReadAction\",\"target\":[\"https:\/\/www.suno.com.br\/noticias\/weg-wege3-mexico-expandir-negocios-gpj\/\"]}]},{\"@type\":\"ImageObject\",\"inLanguage\":\"pt-BR\",\"@id\":\"https:\/\/www.suno.com.br\/noticias\/weg-wege3-mexico-expandir-negocios-gpj\/#primaryimage\",\"url\":\"https:\/\/files.sunoresearch.com.br\/n\/uploads\/2022\/07\/weg.jpg\",\"contentUrl\":\"https:\/\/files.sunoresearch.com.br\/n\/uploads\/2022\/07\/weg.jpg\",\"width\":1400,\"height\":824,\"caption\":\"Weg (WEGE3). Foto: Divulga\u00e7\u00e3o\"},{\"@type\":\"BreadcrumbList\",\"@id\":\"https:\/\/www.suno.com.br\/noticias\/weg-wege3-mexico-expandir-negocios-gpj\/#breadcrumb\",\"itemListElement\":[{\"@type\":\"ListItem\",\"position\":1,\"name\":\"Not\u00edcias\",\"item\":\"https:\/\/www.suno.com.br\/noticias\/\"},{\"@type\":\"ListItem\",\"position\":2,\"name\":\"Neg\u00f3cios\",\"item\":\"https:\/\/www.suno.com.br\/noticias\/negocios\/\"},{\"@type\":\"ListItem\",\"position\":3,\"name\":\"Weg (WEGE3) adquire terreno no M\u00e9xico por US$ 40 milh\u00f5es e mira expans\u00e3o de neg\u00f3cios no pa\u00eds\"}]},{\"@type\":\"WebSite\",\"@id\":\"https:\/\/www.suno.com.br\/noticias\/#website\",\"url\":\"https:\/\/www.suno.com.br\/noticias\/\",\"name\":\"Suno Not\u00edcias\",\"description\":\"Seu portal de informa\u00e7\u00e3o sobre o mundo dos investimentos\",\"publisher\":{\"@id\":\"https:\/\/www.suno.com.br\/noticias\/#organization\"},\"potentialAction\":[{\"@type\":\"SearchAction\",\"target\":{\"@type\":\"EntryPoint\",\"urlTemplate\":\"https:\/\/www.suno.com.br\/noticias\/?s={search_term_string}\"},\"query-input\":{\"@type\":\"PropertyValueSpecification\",\"valueRequired\":true,\"valueName\":\"search_term_string\"}}],\"inLanguage\":\"pt-BR\"},{\"@type\":\"Organization\",\"@id\":\"https:\/\/www.suno.com.br\/noticias\/#organization\",\"name\":\"Suno Not\u00edcias\",\"url\":\"https:\/\/www.suno.com.br\/noticias\/\",\"logo\":{\"@type\":\"ImageObject\",\"inLanguage\":\"pt-BR\",\"@id\":\"https:\/\/www.suno.com.br\/noticias\/#\/schema\/logo\/image\/\",\"url\":\"https:\/\/files.sunoresearch.com.br\/n\/uploads\/2021\/09\/suno-logo.png\",\"contentUrl\":\"https:\/\/files.sunoresearch.com.br\/n\/uploads\/2021\/09\/suno-logo.png\",\"width\":180,\"height\":180,\"caption\":\"Suno Not\u00edcias\"},\"image\":{\"@id\":\"https:\/\/www.suno.com.br\/noticias\/#\/schema\/logo\/image\/\"},\"sameAs\":[\"https:\/\/facebook.com\/sunoresearch\",\"https:\/\/x.com\/sunoresearch\",\"https:\/\/www.instagram.com\/suno\",\"https:\/\/www.linkedin.com\/company\/suno-research\/\",\"https:\/\/www.youtube.com\/c\/sunoresearch\"]},{\"@type\":\"Person\",\"@id\":\"https:\/\/www.suno.com.br\/noticias\/#\/schema\/person\/d0f32748bbca4bee871fa191ee4e2d40\",\"name\":\"Giovanni Porf\u00edrio Jacomino\",\"image\":{\"@type\":\"ImageObject\",\"inLanguage\":\"pt-BR\",\"@id\":\"https:\/\/www.suno.com.br\/noticias\/#\/schema\/person\/image\/\",\"url\":\"https:\/\/secure.gravatar.com\/avatar\/efb32e19b730a121cb7a80f41ffec01a?s=96&r=g\",\"contentUrl\":\"https:\/\/secure.gravatar.com\/avatar\/efb32e19b730a121cb7a80f41ffec01a?s=96&r=g\",\"caption\":\"Giovanni Porf\u00edrio Jacomino\"},\"description\":\"Giovanni Porf\u00edrio Jacomino \u00e9 jornalista formado pela Universidade Estadual de Londrina (UEL) e p\u00f3s-graduado em Produ\u00e7\u00e3o e Pr\u00e1ticas Jornal\u00edsticas na Contemporaneidade na Faculdade C\u00e1sper L\u00edbero (FCL). Foi editor web no Startupi e no Finsiders, atuando ainda como editor no TC Mover, portal de not\u00edcias da TradersClub, fazendo a cobertura de assuntos relacionados ao mercado financeiro interno e externo. Atualmente, \u00e9 Rep\u00f3rter do Suno Not\u00edcias.\",\"url\":\"https:\/\/www.suno.com.br\/noticias\/author\/giovanni-porfiriosuno-com-br\/\"}]}<\/script>\n<!-- \/ Yoast SEO plugin. -->","yoast_head_json":{"title":"Weg (WEGE3) adquire terreno no M\u00e9xico para expandir neg\u00f3cios no pa\u00eds","description":"A Weg (WEGE3) anunciou nesta sexta-feira (25) a aquisi\u00e7\u00e3o de um novo terreno na cidade de Atotonilco de Tula, estado de Hidalgo, no M\u00e9xico.","robots":{"index":"index","follow":"follow","max-snippet":"max-snippet:-1","max-image-preview":"max-image-preview:large","max-video-preview":"max-video-preview:-1"},"canonical":"https:\/\/www.suno.com.br\/noticias\/weg-wege3-mexico-expandir-negocios-gpj\/","og_locale":"pt_BR","og_type":"article","og_title":"Weg (WEGE3) adquire terreno no M\u00e9xico para expandir neg\u00f3cios no pa\u00eds","og_description":"A Weg (WEGE3) anunciou nesta sexta-feira (25) a aquisi\u00e7\u00e3o de um novo terreno na cidade de Atotonilco de Tula, estado de Hidalgo, no M\u00e9xico.","og_url":"https:\/\/www.suno.com.br\/noticias\/weg-wege3-mexico-expandir-negocios-gpj\/","og_site_name":"Suno Not\u00edcias","article_publisher":"https:\/\/facebook.com\/sunoresearch","og_image":[{"width":1400,"height":824,"url":"https:\/\/files.sunoresearch.com.br\/n\/uploads\/2022\/07\/weg.jpg","type":"image\/jpeg"}],"author":"Giovanni Porf\u00edrio Jacomino","twitter_card":"summary_large_image","twitter_creator":"@sunoresearch","twitter_site":"@sunoresearch","twitter_misc":{"Escrito por":"Giovanni Porf\u00edrio Jacomino","Est. tempo de leitura":"3 minutos"},"schema":{"@context":"https:\/\/schema.org","@graph":[{"@type":"NewsArticle","@id":"https:\/\/www.suno.com.br\/noticias\/weg-wege3-mexico-expandir-negocios-gpj\/#article","isPartOf":{"@id":"https:\/\/www.suno.com.br\/noticias\/weg-wege3-mexico-expandir-negocios-gpj\/"},"author":{"name":"Giovanni Porf\u00edrio Jacomino","@id":"https:\/\/www.suno.com.br\/noticias\/#\/schema\/person\/d0f32748bbca4bee871fa191ee4e2d40"},"headline":"Weg (WEGE3) adquire terreno no M\u00e9xico por US$ 40 milh\u00f5es e mira expans\u00e3o de neg\u00f3cios no pa\u00eds","datePublished":"2023-08-25T16:05:17+00:00","dateModified":"2023-08-25T16:05:22+00:00","mainEntityOfPage":{"@id":"https:\/\/www.suno.com.br\/noticias\/weg-wege3-mexico-expandir-negocios-gpj\/"},"wordCount":586,"publisher":{"@id":"https:\/\/www.suno.com.br\/noticias\/#organization"},"image":{"@id":"https:\/\/www.suno.com.br\/noticias\/weg-wege3-mexico-expandir-negocios-gpj\/#primaryimage"},"thumbnailUrl":"https:\/\/files.sunoresearch.com.br\/n\/uploads\/2022\/07\/weg.jpg","keywords":["Weg (WEGE3)"],"articleSection":["Neg\u00f3cios"],"inLanguage":"pt-BR"},{"@type":"WebPage","@id":"https:\/\/www.suno.com.br\/noticias\/weg-wege3-mexico-expandir-negocios-gpj\/","url":"https:\/\/www.suno.com.br\/noticias\/weg-wege3-mexico-expandir-negocios-gpj\/","name":"Weg (WEGE3) adquire terreno no M\u00e9xico para expandir neg\u00f3cios no pa\u00eds","isPartOf":{"@id":"https:\/\/www.suno.com.br\/noticias\/#website"},"primaryImageOfPage":{"@id":"https:\/\/www.suno.com.br\/noticias\/weg-wege3-mexico-expandir-negocios-gpj\/#primaryimage"},"image":{"@id":"https:\/\/www.suno.com.br\/noticias\/weg-wege3-mexico-expandir-negocios-gpj\/#primaryimage"},"thumbnailUrl":"https:\/\/files.sunoresearch.com.br\/n\/uploads\/2022\/07\/weg.jpg","datePublished":"2023-08-25T16:05:17+00:00","dateModified":"2023-08-25T16:05:22+00:00","description":"A Weg (WEGE3) anunciou nesta sexta-feira (25) a aquisi\u00e7\u00e3o de um novo terreno na cidade de Atotonilco de Tula, estado de Hidalgo, no M\u00e9xico.","breadcrumb":{"@id":"https:\/\/www.suno.com.br\/noticias\/weg-wege3-mexico-expandir-negocios-gpj\/#breadcrumb"},"inLanguage":"pt-BR","potentialAction":[{"@type":"ReadAction","target":["https:\/\/www.suno.com.br\/noticias\/weg-wege3-mexico-expandir-negocios-gpj\/"]}]},{"@type":"ImageObject","inLanguage":"pt-BR","@id":"https:\/\/www.suno.com.br\/noticias\/weg-wege3-mexico-expandir-negocios-gpj\/#primaryimage","url":"https:\/\/files.sunoresearch.com.br\/n\/uploads\/2022\/07\/weg.jpg","contentUrl":"https:\/\/files.sunoresearch.com.br\/n\/uploads\/2022\/07\/weg.jpg","width":1400,"height":824,"caption":"Weg (WEGE3). Foto: Divulga\u00e7\u00e3o"},{"@type":"BreadcrumbList","@id":"https:\/\/www.suno.com.br\/noticias\/weg-wege3-mexico-expandir-negocios-gpj\/#breadcrumb","itemListElement":[{"@type":"ListItem","position":1,"name":"Not\u00edcias","item":"https:\/\/www.suno.com.br\/noticias\/"},{"@type":"ListItem","position":2,"name":"Neg\u00f3cios","item":"https:\/\/www.suno.com.br\/noticias\/negocios\/"},{"@type":"ListItem","position":3,"name":"Weg (WEGE3) adquire terreno no M\u00e9xico por US$ 40 milh\u00f5es e mira expans\u00e3o de neg\u00f3cios no pa\u00eds"}]},{"@type":"WebSite","@id":"https:\/\/www.suno.com.br\/noticias\/#website","url":"https:\/\/www.suno.com.br\/noticias\/","name":"Suno Not\u00edcias","description":"Seu portal de informa\u00e7\u00e3o sobre o mundo dos investimentos","publisher":{"@id":"https:\/\/www.suno.com.br\/noticias\/#organization"},"potentialAction":[{"@type":"SearchAction","target":{"@type":"EntryPoint","urlTemplate":"https:\/\/www.suno.com.br\/noticias\/?s={search_term_string}"},"query-input":{"@type":"PropertyValueSpecification","valueRequired":true,"valueName":"search_term_string"}}],"inLanguage":"pt-BR"},{"@type":"Organization","@id":"https:\/\/www.suno.com.br\/noticias\/#organization","name":"Suno Not\u00edcias","url":"https:\/\/www.suno.com.br\/noticias\/","logo":{"@type":"ImageObject","inLanguage":"pt-BR","@id":"https:\/\/www.suno.com.br\/noticias\/#\/schema\/logo\/image\/","url":"https:\/\/files.sunoresearch.com.br\/n\/uploads\/2021\/09\/suno-logo.png","contentUrl":"https:\/\/files.sunoresearch.com.br\/n\/uploads\/2021\/09\/suno-logo.png","width":180,"height":180,"caption":"Suno Not\u00edcias"},"image":{"@id":"https:\/\/www.suno.com.br\/noticias\/#\/schema\/logo\/image\/"},"sameAs":["https:\/\/facebook.com\/sunoresearch","https:\/\/x.com\/sunoresearch","https:\/\/www.instagram.com\/suno","https:\/\/www.linkedin.com\/company\/suno-research\/","https:\/\/www.youtube.com\/c\/sunoresearch"]},{"@type":"Person","@id":"https:\/\/www.suno.com.br\/noticias\/#\/schema\/person\/d0f32748bbca4bee871fa191ee4e2d40","name":"Giovanni Porf\u00edrio Jacomino","image":{"@type":"ImageObject","inLanguage":"pt-BR","@id":"https:\/\/www.suno.com.br\/noticias\/#\/schema\/person\/image\/","url":"https:\/\/secure.gravatar.com\/avatar\/efb32e19b730a121cb7a80f41ffec01a?s=96&r=g","contentUrl":"https:\/\/secure.gravatar.com\/avatar\/efb32e19b730a121cb7a80f41ffec01a?s=96&r=g","caption":"Giovanni Porf\u00edrio Jacomino"},"description":"Giovanni Porf\u00edrio Jacomino \u00e9 jornalista formado pela Universidade Estadual de Londrina (UEL) e p\u00f3s-graduado em Produ\u00e7\u00e3o e Pr\u00e1ticas Jornal\u00edsticas na Contemporaneidade na Faculdade C\u00e1sper L\u00edbero (FCL). Foi editor web no Startupi e no Finsiders, atuando ainda como editor no TC Mover, portal de not\u00edcias da TradersClub, fazendo a cobertura de assuntos relacionados ao mercado financeiro interno e externo. Atualmente, \u00e9 Rep\u00f3rter do Suno Not\u00edcias.","url":"https:\/\/www.suno.com.br\/noticias\/author\/giovanni-porfiriosuno-com-br\/"}]}},"default_loop_html":"<div class=\"cardsPage__listCard__boxs\"><div class=\"cardsPage__listCard__boxs__img\"><a href=\"https:\/\/www.suno.com.br\/noticias\/weg-wege3-mexico-expandir-negocios-gpj\/\"><img class=\"mask\" src=\"https:\/\/www.suno.com.br\/noticias\/wp-content\/themes\/suno\/resources\/images\/spotlight\/spotlight1img\/bg-mask.png\" alt=\"Image Mask\"\/><img src=\"https:\/\/files.sunoresearch.com.br\/n\/uploads\/2022\/07\/weg-400x200.jpg\" alt=\"Weg (WEGE3) adquire terreno no M\u00e9xico por US$ 40 milh\u00f5es e mira expans\u00e3o de neg\u00f3cios no pa\u00eds\"\/><\/a><span class=\"spotlightCategory\"><a href=\"https:\/\/www.suno.com.br\/noticias\/negocios\/\">Neg\u00f3cios<\/a><\/span><\/div><div class=\"cardsPage__listCard__boxs__content\"><a href=\"https:\/\/www.suno.com.br\/noticias\/weg-wege3-mexico-expandir-negocios-gpj\/\"><h2 class=\"content__title\">Weg (WEGE3) adquire terreno no M\u00e9xico por US$ 40 milh\u00f5es e mira expans\u00e3o de neg\u00f3cios no pa\u00eds<\/h2><\/a><div class=\"newsContent__article__meta\"><div class=\"newsContent__article__meta__authorBox\"><a href=\"https:\/\/www.suno.com.br\/noticias\/author\/giovanni-porfiriosuno-com-br\/\" class=\"authorBox__avatar noMobi\"><img src=\"https:\/\/files.sunoresearch.com.br\/n\/uploads\/2024\/05\/DSCF4115-1-1-150x150.webp\" alt=\"Giovanni Porf\u00edrio Jacomino\"><\/a><div class=\"authorBox__name\"><span>por\n\t\t\t<a href=\"https:\/\/www.suno.com.br\/noticias\/author\/giovanni-porfiriosuno-com-br\/\"><span itemprop=\"author\">Giovanni Porf\u00edrio Jacomino<\/span><\/a><\/span><time datetime=\"2023-08-25T13:05:17-03:00\" itemprop=\"datePublished\">25\/08\/2023 13:05<\/time><\/div><\/div><\/div><\/div><\/div>","single_layout":"posts","amp_enabled":true,"_links":{"self":[{"href":"https:\/\/www.suno.com.br\/noticias\/wp-json\/wp\/v2\/posts\/447457"}],"collection":[{"href":"https:\/\/www.suno.com.br\/noticias\/wp-json\/wp\/v2\/posts"}],"about":[{"href":"https:\/\/www.suno.com.br\/noticias\/wp-json\/wp\/v2\/types\/post"}],"author":[{"embeddable":true,"href":"https:\/\/www.suno.com.br\/noticias\/wp-json\/wp\/v2\/users\/313"}],"replies":[{"embeddable":true,"href":"https:\/\/www.suno.com.br\/noticias\/wp-json\/wp\/v2\/comments?post=447457"}],"version-history":[{"count":2,"href":"https:\/\/www.suno.com.br\/noticias\/wp-json\/wp\/v2\/posts\/447457\/revisions"}],"predecessor-version":[{"id":447522,"href":"https:\/\/www.suno.com.br\/noticias\/wp-json\/wp\/v2\/posts\/447457\/revisions\/447522"}],"wp:featuredmedia":[{"embeddable":true,"href":"https:\/\/www.suno.com.br\/noticias\/wp-json\/wp\/v2\/media\/277335"}],"wp:attachment":[{"href":"https:\/\/www.suno.com.br\/noticias\/wp-json\/wp\/v2\/media?parent=447457"}],"wp:term":[{"taxonomy":"category","embeddable":true,"href":"https:\/\/www.suno.com.br\/noticias\/wp-json\/wp\/v2\/categories?post=447457"},{"taxonomy":"post_tag","embeddable":true,"href":"https:\/\/www.suno.com.br\/noticias\/wp-json\/wp\/v2\/tags?post=447457"},{"taxonomy":"suno_strategy","embeddable":true,"href":"https:\/\/www.suno.com.br\/noticias\/wp-json\/wp\/v2\/suno_strategy?post=447457"}],"curies":[{"name":"wp","href":"https:\/\/api.w.org\/{rel}","templated":true}]}}