{"id":447360,"date":"2023-08-25T10:33:42","date_gmt":"2023-08-25T13:33:42","guid":{"rendered":"https:\/\/www.suno.com.br\/noticias\/?p=447360"},"modified":"2023-08-25T10:57:42","modified_gmt":"2023-08-25T13:57:42","slug":"ipca-15-agosto-cortes-graduais-selic-cpf","status":"publish","type":"post","link":"https:\/\/www.suno.com.br\/noticias\/ipca-15-agosto-cortes-graduais-selic-cpf\/","title":{"rendered":"IPCA-15: alta na energia puxa \u00edndice para cima, em 0,28%; n\u00fameros refor\u00e7am cortes graduais na Selic"},"content":{"rendered":"<p>O<strong> \u00cdndice Nacional de Pre\u00e7os ao Consumidor Amplo 15 (IPCA-15)<\/strong> registrou uma alta no m\u00eas de agosto em rela\u00e7\u00e3o a julho. Marcando 0,28% no oitavo m\u00eas do ano, o n\u00famero representa um aumento de 0,35 ponto percentual (p.p.) acima do indicador de julho (-0,07%). Os dados foram divulgados pelo <a class=\"suno-keyword\" target=\"_blank\" data-force=\"no\" data-priority=\"3\" href=\"https:\/\/www.suno.com.br\/artigos\/ibge\/\" rel=\"noopener\">Instituto Brasileiro de Geografia e Estat\u00edstica (IBGE)<\/a> nesta sexta-feira (25) pela manh\u00e3.<\/p>\t<div class=\"wrapper-featured-image\">\n\t\t<figure class=\"spotlightImg\">\n\n\t\t\t<picture>\n\t\t\t\t<source media=\"(max-width: 768px)\" srcset=\"https:\/\/files.sunoresearch.com.br\/n\/uploads\/2023\/08\/ipca-15-selic-juros-400x200.jpg\">\n\t\t\t\t<img loading=\"lazy\" decoding=\"async\" class=\"newsContent__article__imgCapa lazyloadDisabled \" src=\"https:\/\/files.sunoresearch.com.br\/n\/uploads\/2023\/08\/ipca-15-selic-juros-800x450.jpg\" width=\"800\" height=\"450\" alt=\"IPCA-15: alta na energia puxa \u00edndice para cima, em 0,28%; n\u00fameros refor\u00e7am cortes graduais na Selic\" fetchpriority=high \/>\n\t\t\t<\/picture>\n\n\t\t\t<figcaption class=\"wp-caption-text wp-caption-text--show\">Energia el\u00e9trica - Foto: Unsplash<\/figcaption>\n\t\t<\/figure>\n\t<\/div>\n\n\n\n\n\n\n\n\t<p>\n\t\t<a href=\"\" target=\"_blank\" data-element=\"shortcode-suno-banner\" title=\"Banner SUNO, clique e saiba mais\">\n\t\t\t<picture>\n\t\t\t\t<source media=\"(max-width: 500px)\" srcset=\"\">\n\t\t\t\t<img class=\"newsContent__article__imgCapa newsContent__article__imgCapa--banner\"\n\t\t\t\t\tsrc=\"\"\n\t\t\t\t\tdata-promo-id=\"240038\"\t\t\t\t\t\t\t\t\t\t\t\t\t\t\talt=\"\"\n\t\t\t\t>\n\t\t\t<\/picture>\n\t\t<\/a>\n\t<\/p>\n\n\n\n\n\n<p>O <strong>IPCA-15<\/strong> \u00e9 um indicador que serve como uma<strong> pr\u00e9via da infla\u00e7\u00e3o<\/strong> do m\u00eas. No ano, ele j\u00e1 acumula uma alta de 3,38%. Analisando os \u00faltimos 12 meses, o avan\u00e7o \u00e9 de 4,24%, mais de um ponto percentual acima dos 3,19% registrados nos 12 meses imediatamente anteriores. Em agosto de 2022, a taxa foi de -0,73%.<\/p>\n\n\n\n<p>Segundo o head de renda vari\u00e1vel e s\u00f3cio da A7 Capital, Andr\u00e9 Fernandes, o dado veio levemente pior que o esperado de 0,17%, ao inv\u00e9s dos 0,28% em agosto. A varia\u00e7\u00e3o dos \u00faltimos 12 meses tamb\u00e9m superou o consenso do mercado, segundo o especialista, que espera 4,13% no lugar de 4,2%. <\/p>\n\n\n\n<blockquote class=\"wp-block-quote is-layout-flow wp-block-quote-is-layout-flow\">\n<p>&#8220;Na minha vis\u00e3o, achei um dado ruim, energia el\u00e9trica voltou a subir (por conta do fim do cr\u00e9dito nas contas do B\u00f4nus de Itaipu), e foi o item que teve o maior impacto no \u00edndice,&#8221; comentou Fernandes. <\/p>\n<\/blockquote>\n\n\n\n<h2 class=\"wp-block-heading\">Varia\u00e7\u00f5es de setores no IPCA-15<\/h2>\n\n\n\n<p>Dos nove grupos analisados no<strong> IPCA-15<\/strong>, sete registraram alta em agosto. A maior varia\u00e7\u00e3o e que tamb\u00e9m causou maior impacto foi <strong>Habita\u00e7\u00e3o<\/strong>.  <\/p>\n\n\n\n<p>&#8220;Olhando de maneira macro, \u00e9 uma <strong>infla\u00e7\u00e3o <\/strong>que n\u00e3o preocupa tanto e com uma alta concentrada em um grupo s\u00f3 (de Habita\u00e7\u00e3o),&#8221; refor\u00e7a a economista-chefe da B. Side Investimentos, Helena Veronese. <\/p>\n\n\n\n<p>O setor, que influenciou 64% do \u00edndice, marcou uma alta expressiva ap\u00f3s o fim da incorpora\u00e7\u00e3o do B\u00f4nus de Itaipu, que era creditado nas faturas emitidas at\u00e9 julho. O valor de R4 405,4 milh\u00f5es, segundo a Ag\u00eancia Nacional de Energia El\u00e9trica (Aneel), foi aplicado nas faturas de julho, contribuindo para uma redu\u00e7\u00e3o nos custos. <\/p>\n\n\n\n<p>Al\u00e9m do fim do b\u00f4nus, o m\u00eas de agosto tamb\u00e9m foi marcado pela alta na <strong>conta de energia<\/strong> nas \u00e1reas de Curitiba, Porto Alegre e S\u00e3o Paulo, que s\u00e3o inclu\u00eddas nos c\u00e1lculos do indicador. Segundo o IPCA-15, o pre\u00e7o da energia subiu 4,59% em agosto.<\/p>\n\n\n\n<figure class=\"wp-block-table\"><table><tbody><tr><td>Grupo<\/td><td>Varia\u00e7\u00e3o em Agosto (%)<\/td><td>Impacto (em p.p.)<\/td><\/tr><tr><td><strong>\u00cdndice Geral<\/strong><\/td><td>0,28<\/td><td>0,28<\/td><\/tr><tr><td>Alimenta\u00e7\u00e3o e bebidas<\/td><td>-0,65<\/td><td>-0,14<\/td><\/tr><tr><td><strong>Habita\u00e7\u00e3o<\/strong><\/td><td>1,08<\/td><td>0,16<\/td><\/tr><tr><td>Artigos de resid\u00eancia<\/td><td>0,01<\/td><td>0,00<\/td><\/tr><tr><td>Vestu\u00e1rio<\/td><td>-0,03<\/td><td>0,00<\/td><\/tr><tr><td>Transportes<\/td><td>0,23<\/td><td>0,05<\/td><\/tr><tr><td>Sa\u00fade e cuidados pessoais<\/td><td>0,81<\/td><td>0,11<\/td><\/tr><tr><td>Despesas pessoais<\/td><td>0,60<\/td><td>0,06<\/td><\/tr><tr><td>Educa\u00e7\u00e3o<\/td><td>0,71<\/td><td>0,04<\/td><\/tr><tr><td>Comunica\u00e7\u00e3o<\/td><td>0,04<\/td><td>0,00<\/td><\/tr><\/tbody><\/table><figcaption class=\"wp-element-caption\">Fonte: IBGE<\/figcaption><\/figure>\n\n\n\n\t<div data-element=\"shortcode-read-more\" class=\"readToo\">\n\t\t\t\t<span class=\"readToo__title\">Leia mais<\/span>\n\t\t\t\t<ul class=\"readToo__list\">\n\t\t\t<li><a href=\"https:\/\/www.suno.com.br\/noticias\/eletrobras-elet3-reduz-participacao-na-aes-brasil-aesb3-gpj\/\">Eletrobras (ELET3) reduz participa\u00e7\u00e3o na AES Brasil (AESB3)<\/a><\/li><li><a href=\"https:\/\/www.suno.com.br\/noticias\/tenda-tend3-protocola-pedido-oferta-acoes-gpj\/\">Tenda (TEND3) protocola pedido para captar at\u00e9 R$ 279 mi em oferta de a\u00e7\u00f5es<\/a><\/li><li><a href=\"https:\/\/www.suno.com.br\/noticias\/agenda-dividendos-totvs-tots3-agosto-cpf\/\">Dividendos da Totvs (TOTS3) ser\u00e3o pagos nesta sexta-feira (25)<\/a><\/li>\t\t<\/ul>\n\t<\/div>\n\n\n\n\n<h2 class=\"wp-block-heading\">Repercuss\u00f5es da pr\u00e9via de infla\u00e7\u00e3o<\/h2>\n\n\n\n<p>Com os resultados, o head da A7 Capital aponta que pontua que a bolsa reagiu de forma negativa, com &#8220;o <a class=\"suno-keyword\" target=\"_blank\" data-force=\"no\" data-priority=\"2\" href=\"https:\/\/www.suno.com.br\/artigos\/ibovespa-futuro\/\" rel=\"noopener\">Ibovespa futuro<\/a> abrindo em queda logo que o dado foi divulgado&#8221;.<\/p>\n\n\n\n<p>Fernandes tamb\u00e9m destaca que, al\u00e9m do IPCA-15, os discursos dos presidentes dos bancos centrais americano (Jerome Powell) e europeu (Christine Lagarde), provocam ainda mais cautela para o mercado como um todo.<\/p>\n\n\n\t<p>\n\t\t<a href=\"https:\/\/lp.suno.com.br\/ebook-gratuito-investindo-no-exterior\/\" target=\"_blank\" data-element=\"shortcode-suno-banner\" title=\"Banner SUNO, clique e saiba mais\">\n\t\t\t<picture>\n\t\t\t\t<source media=\"(max-width: 500px)\" srcset=\"https:\/\/files.sunoresearch.com.br\/n\/uploads\/2023\/03\/400x300-Investindo-no-exterior.png\">\n\t\t\t\t<img class=\"newsContent__article__imgCapa newsContent__article__imgCapa--banner\"\n\t\t\t\t\tsrc=\"https:\/\/files.sunoresearch.com.br\/n\/uploads\/2023\/03\/1420x240-Investindo-no-exterior.png\"\n\t\t\t\t\tdata-promo-id=\"383161\"\t\t\t\t\t\t\t\t\t\twidth='1420' height='240'\t\t\t\t\talt=\"https:\/\/files.sunoresearch.com.br\/n\/uploads\/2023\/03\/1420x240-Investindo-no-exterior.png\"\n\t\t\t\t>\n\t\t\t<\/picture>\n\t\t<\/a>\n\t<\/p>\n\n\n\n\n\n<h2 class=\"wp-block-heading\">O que esperar para o pr\u00f3ximo IPCA-15 e repercuss\u00f5es no Copom?<\/h2>\n\n\n\n<p>Para os pr\u00f3ximos indicadores de infla\u00e7\u00e3o, a economista-chefe da B.Side Investimentos comenta que os n\u00fameros ainda devem refletir o impacto no setor de Habita\u00e7\u00e3o, ap\u00f3s a alta da <strong>energia el\u00e9trica<\/strong>, e tamb\u00e9m no grupo de Transportes. <\/p>\n\n\n\n<blockquote class=\"wp-block-quote is-layout-flow wp-block-quote-is-layout-flow\">\n<p>&#8220;A alta dos combust\u00edveis n\u00e3o afetou ainda o IPCA cheio. A mudan\u00e7a nos pre\u00e7os da gasolina vai aparecer no IPCA-15 de setembro e o IPCA fechado do m\u00eas,&#8221; afirma Veronese.<\/p>\n<\/blockquote>\n\n\n\n<p>Al\u00e9m disso, os dados do <strong>IPCA-15<\/strong> desta manh\u00e3 desanimaram aqueles que tinham esperan\u00e7a em cortes mais r\u00edgidos na <strong>Selic <\/strong>para as pr\u00f3ximas <a class=\"suno-keyword\" data-force=\"no\" data-priority=\"2\" href=\"https:\/\/www.suno.com.br\/artigos\/copom\/\" target=\"_blank\" rel=\"noopener\">reuni\u00f5es do Copom<\/a>. <\/p>\n\n\n\n<p>&#8220;Na minha leitura, o IPCA mais alto, mostra aquilo que o<strong> Roberto Campos Neto<\/strong> [presidente do Banco Central do Brasil] falou agora cedo: a batalha contra a infla\u00e7\u00e3o ainda n\u00e3o esta vencida&#8221;, parafraseia Veronese. Para a economista, esse resultado consolida a vis\u00e3o de que o ciclo de cortes vai ser de 50 em 50 pontos-base na <strong>Selic<\/strong>.<\/p>\n\n\n\n<p>&#8220;Como esperado, um dado no <strong>IPCA-15 <\/strong>pior que o esperado est\u00e1 provocando ajustes na <a class=\"suno-keyword\" data-force=\"no\" data-priority=\"1\" href=\"https:\/\/www.suno.com.br\/artigos\/curva-de-juros\/\" target=\"_blank\" rel=\"noopener\">curva de juros<\/a>, que no momento sobe, principalmente a ponta curta e m\u00e9dia da curva, que tem maior sensibilidade a mudan\u00e7as nos cortes da <strong>Selic<\/strong>. Ent\u00e3o, quem apostava em algum corte de -0,75% at\u00e9 o fim do ano, pode estar reajustando sua posi\u00e7\u00e3o (reduzindo as apostas, ou at\u00e9 mesmo encerrando posi\u00e7\u00e3o)&#8221;, aconselha o head da A7. <\/p>\n\n\n\t<p>\n\t\t<a href=\"https:\/\/lp.suno.com.br\/planilha-da-vida-financeira\/\" target=\"_blank\" data-element=\"shortcode-suno-banner\" title=\"Banner SUNO, clique e saiba mais\">\n\t\t\t<picture>\n\t\t\t\t<source media=\"(max-width: 500px)\" srcset=\"https:\/\/files.sunoresearch.com.br\/n\/uploads\/2023\/04\/400x300-Planilha-vida-financeira-true.png\">\n\t\t\t\t<img class=\"newsContent__article__imgCapa newsContent__article__imgCapa--banner\"\n\t\t\t\t\tsrc=\"https:\/\/files.sunoresearch.com.br\/n\/uploads\/2023\/04\/1420x240-Planilha-vida-financeira-true.png\"\n\t\t\t\t\tdata-promo-id=\"383123\"\t\t\t\t\t\t\t\t\t\twidth='1420' height='240'\t\t\t\t\talt=\"https:\/\/files.sunoresearch.com.br\/n\/uploads\/2023\/04\/1420x240-Planilha-vida-financeira-true.png\"\n\t\t\t\t>\n\t\t\t<\/picture>\n\t\t<\/a>\n\t<\/p>\n\n\n","protected":false},"excerpt":{"rendered":"<p>O \u00cdndice Nacional de Pre\u00e7os ao Consumidor Amplo 15 (IPCA-15) registrou uma alta no m\u00eas de agosto em rela\u00e7\u00e3o a julho. Marcando 0,28% no oitavo m\u00eas do ano, o n\u00famero representa um aumento de 0,35 ponto percentual (p.p.) acima do indicador de julho (-0,07%). Os dados foram divulgados pelo Instituto Brasileiro de Geografia e Estat\u00edstica [&hellip;]<\/p>\n","protected":false},"author":283,"featured_media":447417,"comment_status":"closed","ping_status":"closed","sticky":false,"template":"","format":"standard","meta":[],"categories":[62],"tags":[2153,850,966,1361],"suno_strategy":[],"class_list":["post-447360","post","type-post","status-publish","format-standard","has-post-thumbnail","hentry","category-economia","tag-energia-eletrica","tag-inflacao","tag-ipca","tag-ipca-15"],"yoast_head":"<!-- This site is optimized with the Yoast SEO plugin v24.4 - https:\/\/yoast.com\/wordpress\/plugins\/seo\/ -->\n<title>IPCA-15: energia puxa alta de 0,28%, refor\u00e7ando cortes lentos na Selic<\/title>\n<meta name=\"description\" content=\"O IPCA-15 anotou uma alta de 0,35 ponto percentual em agosto ante julho. O que isso pode significar para os cortes de juros? Confira.\" \/>\n<meta name=\"robots\" content=\"index, follow, max-snippet:-1, max-image-preview:large, max-video-preview:-1\" \/>\n<link rel=\"canonical\" href=\"https:\/\/www.suno.com.br\/noticias\/ipca-15-agosto-cortes-graduais-selic-cpf\/\" \/>\n<meta property=\"og:locale\" content=\"pt_BR\" \/>\n<meta property=\"og:type\" content=\"article\" \/>\n<meta property=\"og:title\" content=\"IPCA-15: energia puxa alta de 0,28%, refor\u00e7ando cortes lentos na Selic\" \/>\n<meta property=\"og:description\" content=\"O IPCA-15 anotou uma alta de 0,35 ponto percentual em agosto ante julho. O que isso pode significar para os cortes de juros? Confira.\" \/>\n<meta property=\"og:url\" content=\"https:\/\/www.suno.com.br\/noticias\/ipca-15-agosto-cortes-graduais-selic-cpf\/\" \/>\n<meta property=\"og:site_name\" content=\"Suno Not\u00edcias\" \/>\n<meta property=\"article:publisher\" content=\"https:\/\/facebook.com\/sunoresearch\" \/>\n<meta property=\"og:image\" content=\"https:\/\/files.sunoresearch.com.br\/n\/uploads\/2023\/08\/ipca-15-selic-juros.jpg\" \/>\n\t<meta property=\"og:image:width\" content=\"1200\" \/>\n\t<meta property=\"og:image:height\" content=\"800\" \/>\n\t<meta property=\"og:image:type\" content=\"image\/jpeg\" \/>\n<meta name=\"author\" content=\"Camila Paim\" \/>\n<meta name=\"twitter:card\" content=\"summary_large_image\" \/>\n<meta name=\"twitter:creator\" content=\"@sunoresearch\" \/>\n<meta name=\"twitter:site\" content=\"@sunoresearch\" \/>\n<meta name=\"twitter:label1\" content=\"Escrito por\" \/>\n\t<meta name=\"twitter:data1\" content=\"Camila Paim\" \/>\n\t<meta name=\"twitter:label2\" content=\"Est. tempo de leitura\" \/>\n\t<meta name=\"twitter:data2\" content=\"4 minutos\" \/>\n<script type=\"application\/ld+json\" class=\"yoast-schema-graph\">{\"@context\":\"https:\/\/schema.org\",\"@graph\":[{\"@type\":\"NewsArticle\",\"@id\":\"https:\/\/www.suno.com.br\/noticias\/ipca-15-agosto-cortes-graduais-selic-cpf\/#article\",\"isPartOf\":{\"@id\":\"https:\/\/www.suno.com.br\/noticias\/ipca-15-agosto-cortes-graduais-selic-cpf\/\"},\"author\":{\"name\":\"Camila Paim\",\"@id\":\"https:\/\/www.suno.com.br\/noticias\/#\/schema\/person\/f341d3ae5d1cc685176c9a5327cdfdbb\"},\"headline\":\"IPCA-15: alta na energia puxa \u00edndice para cima, em 0,28%; n\u00fameros refor\u00e7am cortes graduais na Selic\",\"datePublished\":\"2023-08-25T13:33:42+00:00\",\"dateModified\":\"2023-08-25T13:57:42+00:00\",\"mainEntityOfPage\":{\"@id\":\"https:\/\/www.suno.com.br\/noticias\/ipca-15-agosto-cortes-graduais-selic-cpf\/\"},\"wordCount\":778,\"publisher\":{\"@id\":\"https:\/\/www.suno.com.br\/noticias\/#organization\"},\"image\":{\"@id\":\"https:\/\/www.suno.com.br\/noticias\/ipca-15-agosto-cortes-graduais-selic-cpf\/#primaryimage\"},\"thumbnailUrl\":\"https:\/\/files.sunoresearch.com.br\/n\/uploads\/2023\/08\/ipca-15-selic-juros.jpg\",\"keywords\":[\"energia el\u00e9trica\",\"infla\u00e7\u00e3o\",\"IPCA\",\"IPCA-15\"],\"articleSection\":[\"Economia\"],\"inLanguage\":\"pt-BR\"},{\"@type\":\"WebPage\",\"@id\":\"https:\/\/www.suno.com.br\/noticias\/ipca-15-agosto-cortes-graduais-selic-cpf\/\",\"url\":\"https:\/\/www.suno.com.br\/noticias\/ipca-15-agosto-cortes-graduais-selic-cpf\/\",\"name\":\"IPCA-15: energia puxa alta de 0,28%, refor\u00e7ando cortes lentos na Selic\",\"isPartOf\":{\"@id\":\"https:\/\/www.suno.com.br\/noticias\/#website\"},\"primaryImageOfPage\":{\"@id\":\"https:\/\/www.suno.com.br\/noticias\/ipca-15-agosto-cortes-graduais-selic-cpf\/#primaryimage\"},\"image\":{\"@id\":\"https:\/\/www.suno.com.br\/noticias\/ipca-15-agosto-cortes-graduais-selic-cpf\/#primaryimage\"},\"thumbnailUrl\":\"https:\/\/files.sunoresearch.com.br\/n\/uploads\/2023\/08\/ipca-15-selic-juros.jpg\",\"datePublished\":\"2023-08-25T13:33:42+00:00\",\"dateModified\":\"2023-08-25T13:57:42+00:00\",\"description\":\"O IPCA-15 anotou uma alta de 0,35 ponto percentual em agosto ante julho. O que isso pode significar para os cortes de juros? Confira.\",\"breadcrumb\":{\"@id\":\"https:\/\/www.suno.com.br\/noticias\/ipca-15-agosto-cortes-graduais-selic-cpf\/#breadcrumb\"},\"inLanguage\":\"pt-BR\",\"potentialAction\":[{\"@type\":\"ReadAction\",\"target\":[\"https:\/\/www.suno.com.br\/noticias\/ipca-15-agosto-cortes-graduais-selic-cpf\/\"]}]},{\"@type\":\"ImageObject\",\"inLanguage\":\"pt-BR\",\"@id\":\"https:\/\/www.suno.com.br\/noticias\/ipca-15-agosto-cortes-graduais-selic-cpf\/#primaryimage\",\"url\":\"https:\/\/files.sunoresearch.com.br\/n\/uploads\/2023\/08\/ipca-15-selic-juros.jpg\",\"contentUrl\":\"https:\/\/files.sunoresearch.com.br\/n\/uploads\/2023\/08\/ipca-15-selic-juros.jpg\",\"width\":1200,\"height\":800,\"caption\":\"Energia el\u00e9trica - Foto: Unsplash\"},{\"@type\":\"BreadcrumbList\",\"@id\":\"https:\/\/www.suno.com.br\/noticias\/ipca-15-agosto-cortes-graduais-selic-cpf\/#breadcrumb\",\"itemListElement\":[{\"@type\":\"ListItem\",\"position\":1,\"name\":\"Not\u00edcias\",\"item\":\"https:\/\/www.suno.com.br\/noticias\/\"},{\"@type\":\"ListItem\",\"position\":2,\"name\":\"Economia\",\"item\":\"https:\/\/www.suno.com.br\/noticias\/economia\/\"},{\"@type\":\"ListItem\",\"position\":3,\"name\":\"IPCA-15: alta na energia puxa \u00edndice para cima, em 0,28%; n\u00fameros refor\u00e7am cortes graduais na Selic\"}]},{\"@type\":\"WebSite\",\"@id\":\"https:\/\/www.suno.com.br\/noticias\/#website\",\"url\":\"https:\/\/www.suno.com.br\/noticias\/\",\"name\":\"Suno Not\u00edcias\",\"description\":\"Seu portal de informa\u00e7\u00e3o sobre o mundo dos investimentos\",\"publisher\":{\"@id\":\"https:\/\/www.suno.com.br\/noticias\/#organization\"},\"potentialAction\":[{\"@type\":\"SearchAction\",\"target\":{\"@type\":\"EntryPoint\",\"urlTemplate\":\"https:\/\/www.suno.com.br\/noticias\/?s={search_term_string}\"},\"query-input\":{\"@type\":\"PropertyValueSpecification\",\"valueRequired\":true,\"valueName\":\"search_term_string\"}}],\"inLanguage\":\"pt-BR\"},{\"@type\":\"Organization\",\"@id\":\"https:\/\/www.suno.com.br\/noticias\/#organization\",\"name\":\"Suno Not\u00edcias\",\"url\":\"https:\/\/www.suno.com.br\/noticias\/\",\"logo\":{\"@type\":\"ImageObject\",\"inLanguage\":\"pt-BR\",\"@id\":\"https:\/\/www.suno.com.br\/noticias\/#\/schema\/logo\/image\/\",\"url\":\"https:\/\/files.sunoresearch.com.br\/n\/uploads\/2021\/09\/suno-logo.png\",\"contentUrl\":\"https:\/\/files.sunoresearch.com.br\/n\/uploads\/2021\/09\/suno-logo.png\",\"width\":180,\"height\":180,\"caption\":\"Suno Not\u00edcias\"},\"image\":{\"@id\":\"https:\/\/www.suno.com.br\/noticias\/#\/schema\/logo\/image\/\"},\"sameAs\":[\"https:\/\/facebook.com\/sunoresearch\",\"https:\/\/x.com\/sunoresearch\",\"https:\/\/www.instagram.com\/suno\",\"https:\/\/www.linkedin.com\/company\/suno-research\/\",\"https:\/\/www.youtube.com\/c\/sunoresearch\"]},{\"@type\":\"Person\",\"@id\":\"https:\/\/www.suno.com.br\/noticias\/#\/schema\/person\/f341d3ae5d1cc685176c9a5327cdfdbb\",\"name\":\"Camila Paim\",\"image\":{\"@type\":\"ImageObject\",\"inLanguage\":\"pt-BR\",\"@id\":\"https:\/\/www.suno.com.br\/noticias\/#\/schema\/person\/image\/\",\"url\":\"https:\/\/secure.gravatar.com\/avatar\/f33728e65febb1aa7ecf6792956f9b20?s=96&r=g\",\"contentUrl\":\"https:\/\/secure.gravatar.com\/avatar\/f33728e65febb1aa7ecf6792956f9b20?s=96&r=g\",\"caption\":\"Camila Paim\"},\"description\":\"Jornalista formada pela USP, tem experi\u00eancia em reda\u00e7\u00f5es, SEO, Branded Content e Webdesign. Com passagem pelo Jornal da USP, Empiricus e C6 Bank, hoje \u00e9 rep\u00f3rter no Suno Not\u00edcias cobrindo macroeconomia, finan\u00e7as pessoais e startups.\",\"url\":\"https:\/\/www.suno.com.br\/noticias\/author\/camila-figueiredosuno-com-br\/\"}]}<\/script>\n<!-- \/ Yoast SEO plugin. -->","yoast_head_json":{"title":"IPCA-15: energia puxa alta de 0,28%, refor\u00e7ando cortes lentos na Selic","description":"O IPCA-15 anotou uma alta de 0,35 ponto percentual em agosto ante julho. O que isso pode significar para os cortes de juros? Confira.","robots":{"index":"index","follow":"follow","max-snippet":"max-snippet:-1","max-image-preview":"max-image-preview:large","max-video-preview":"max-video-preview:-1"},"canonical":"https:\/\/www.suno.com.br\/noticias\/ipca-15-agosto-cortes-graduais-selic-cpf\/","og_locale":"pt_BR","og_type":"article","og_title":"IPCA-15: energia puxa alta de 0,28%, refor\u00e7ando cortes lentos na Selic","og_description":"O IPCA-15 anotou uma alta de 0,35 ponto percentual em agosto ante julho. O que isso pode significar para os cortes de juros? Confira.","og_url":"https:\/\/www.suno.com.br\/noticias\/ipca-15-agosto-cortes-graduais-selic-cpf\/","og_site_name":"Suno Not\u00edcias","article_publisher":"https:\/\/facebook.com\/sunoresearch","og_image":[{"width":1200,"height":800,"url":"https:\/\/files.sunoresearch.com.br\/n\/uploads\/2023\/08\/ipca-15-selic-juros.jpg","type":"image\/jpeg"}],"author":"Camila Paim","twitter_card":"summary_large_image","twitter_creator":"@sunoresearch","twitter_site":"@sunoresearch","twitter_misc":{"Escrito por":"Camila Paim","Est. tempo de leitura":"4 minutos"},"schema":{"@context":"https:\/\/schema.org","@graph":[{"@type":"NewsArticle","@id":"https:\/\/www.suno.com.br\/noticias\/ipca-15-agosto-cortes-graduais-selic-cpf\/#article","isPartOf":{"@id":"https:\/\/www.suno.com.br\/noticias\/ipca-15-agosto-cortes-graduais-selic-cpf\/"},"author":{"name":"Camila Paim","@id":"https:\/\/www.suno.com.br\/noticias\/#\/schema\/person\/f341d3ae5d1cc685176c9a5327cdfdbb"},"headline":"IPCA-15: alta na energia puxa \u00edndice para cima, em 0,28%; n\u00fameros refor\u00e7am cortes graduais na Selic","datePublished":"2023-08-25T13:33:42+00:00","dateModified":"2023-08-25T13:57:42+00:00","mainEntityOfPage":{"@id":"https:\/\/www.suno.com.br\/noticias\/ipca-15-agosto-cortes-graduais-selic-cpf\/"},"wordCount":778,"publisher":{"@id":"https:\/\/www.suno.com.br\/noticias\/#organization"},"image":{"@id":"https:\/\/www.suno.com.br\/noticias\/ipca-15-agosto-cortes-graduais-selic-cpf\/#primaryimage"},"thumbnailUrl":"https:\/\/files.sunoresearch.com.br\/n\/uploads\/2023\/08\/ipca-15-selic-juros.jpg","keywords":["energia el\u00e9trica","infla\u00e7\u00e3o","IPCA","IPCA-15"],"articleSection":["Economia"],"inLanguage":"pt-BR"},{"@type":"WebPage","@id":"https:\/\/www.suno.com.br\/noticias\/ipca-15-agosto-cortes-graduais-selic-cpf\/","url":"https:\/\/www.suno.com.br\/noticias\/ipca-15-agosto-cortes-graduais-selic-cpf\/","name":"IPCA-15: energia puxa alta de 0,28%, refor\u00e7ando cortes lentos na Selic","isPartOf":{"@id":"https:\/\/www.suno.com.br\/noticias\/#website"},"primaryImageOfPage":{"@id":"https:\/\/www.suno.com.br\/noticias\/ipca-15-agosto-cortes-graduais-selic-cpf\/#primaryimage"},"image":{"@id":"https:\/\/www.suno.com.br\/noticias\/ipca-15-agosto-cortes-graduais-selic-cpf\/#primaryimage"},"thumbnailUrl":"https:\/\/files.sunoresearch.com.br\/n\/uploads\/2023\/08\/ipca-15-selic-juros.jpg","datePublished":"2023-08-25T13:33:42+00:00","dateModified":"2023-08-25T13:57:42+00:00","description":"O IPCA-15 anotou uma alta de 0,35 ponto percentual em agosto ante julho. O que isso pode significar para os cortes de juros? Confira.","breadcrumb":{"@id":"https:\/\/www.suno.com.br\/noticias\/ipca-15-agosto-cortes-graduais-selic-cpf\/#breadcrumb"},"inLanguage":"pt-BR","potentialAction":[{"@type":"ReadAction","target":["https:\/\/www.suno.com.br\/noticias\/ipca-15-agosto-cortes-graduais-selic-cpf\/"]}]},{"@type":"ImageObject","inLanguage":"pt-BR","@id":"https:\/\/www.suno.com.br\/noticias\/ipca-15-agosto-cortes-graduais-selic-cpf\/#primaryimage","url":"https:\/\/files.sunoresearch.com.br\/n\/uploads\/2023\/08\/ipca-15-selic-juros.jpg","contentUrl":"https:\/\/files.sunoresearch.com.br\/n\/uploads\/2023\/08\/ipca-15-selic-juros.jpg","width":1200,"height":800,"caption":"Energia el\u00e9trica - Foto: Unsplash"},{"@type":"BreadcrumbList","@id":"https:\/\/www.suno.com.br\/noticias\/ipca-15-agosto-cortes-graduais-selic-cpf\/#breadcrumb","itemListElement":[{"@type":"ListItem","position":1,"name":"Not\u00edcias","item":"https:\/\/www.suno.com.br\/noticias\/"},{"@type":"ListItem","position":2,"name":"Economia","item":"https:\/\/www.suno.com.br\/noticias\/economia\/"},{"@type":"ListItem","position":3,"name":"IPCA-15: alta na energia puxa \u00edndice para cima, em 0,28%; n\u00fameros refor\u00e7am cortes graduais na Selic"}]},{"@type":"WebSite","@id":"https:\/\/www.suno.com.br\/noticias\/#website","url":"https:\/\/www.suno.com.br\/noticias\/","name":"Suno Not\u00edcias","description":"Seu portal de informa\u00e7\u00e3o sobre o mundo dos investimentos","publisher":{"@id":"https:\/\/www.suno.com.br\/noticias\/#organization"},"potentialAction":[{"@type":"SearchAction","target":{"@type":"EntryPoint","urlTemplate":"https:\/\/www.suno.com.br\/noticias\/?s={search_term_string}"},"query-input":{"@type":"PropertyValueSpecification","valueRequired":true,"valueName":"search_term_string"}}],"inLanguage":"pt-BR"},{"@type":"Organization","@id":"https:\/\/www.suno.com.br\/noticias\/#organization","name":"Suno Not\u00edcias","url":"https:\/\/www.suno.com.br\/noticias\/","logo":{"@type":"ImageObject","inLanguage":"pt-BR","@id":"https:\/\/www.suno.com.br\/noticias\/#\/schema\/logo\/image\/","url":"https:\/\/files.sunoresearch.com.br\/n\/uploads\/2021\/09\/suno-logo.png","contentUrl":"https:\/\/files.sunoresearch.com.br\/n\/uploads\/2021\/09\/suno-logo.png","width":180,"height":180,"caption":"Suno Not\u00edcias"},"image":{"@id":"https:\/\/www.suno.com.br\/noticias\/#\/schema\/logo\/image\/"},"sameAs":["https:\/\/facebook.com\/sunoresearch","https:\/\/x.com\/sunoresearch","https:\/\/www.instagram.com\/suno","https:\/\/www.linkedin.com\/company\/suno-research\/","https:\/\/www.youtube.com\/c\/sunoresearch"]},{"@type":"Person","@id":"https:\/\/www.suno.com.br\/noticias\/#\/schema\/person\/f341d3ae5d1cc685176c9a5327cdfdbb","name":"Camila Paim","image":{"@type":"ImageObject","inLanguage":"pt-BR","@id":"https:\/\/www.suno.com.br\/noticias\/#\/schema\/person\/image\/","url":"https:\/\/secure.gravatar.com\/avatar\/f33728e65febb1aa7ecf6792956f9b20?s=96&r=g","contentUrl":"https:\/\/secure.gravatar.com\/avatar\/f33728e65febb1aa7ecf6792956f9b20?s=96&r=g","caption":"Camila Paim"},"description":"Jornalista formada pela USP, tem experi\u00eancia em reda\u00e7\u00f5es, SEO, Branded Content e Webdesign. Com passagem pelo Jornal da USP, Empiricus e C6 Bank, hoje \u00e9 rep\u00f3rter no Suno Not\u00edcias cobrindo macroeconomia, finan\u00e7as pessoais e startups.","url":"https:\/\/www.suno.com.br\/noticias\/author\/camila-figueiredosuno-com-br\/"}]}},"default_loop_html":"<div class=\"cardsPage__listCard__boxs\"><div class=\"cardsPage__listCard__boxs__img\"><a href=\"https:\/\/www.suno.com.br\/noticias\/ipca-15-agosto-cortes-graduais-selic-cpf\/\"><img class=\"mask\" src=\"https:\/\/www.suno.com.br\/noticias\/wp-content\/themes\/suno\/resources\/images\/spotlight\/spotlight1img\/bg-mask.png\" alt=\"Image Mask\"\/><img src=\"https:\/\/files.sunoresearch.com.br\/n\/uploads\/2023\/08\/ipca-15-selic-juros-400x200.jpg\" alt=\"IPCA-15: alta na energia puxa \u00edndice para cima, em 0,28%; n\u00fameros refor\u00e7am cortes graduais na Selic\"\/><\/a><span class=\"spotlightCategory\"><a href=\"https:\/\/www.suno.com.br\/noticias\/economia\/\">Economia<\/a><\/span><\/div><div class=\"cardsPage__listCard__boxs__content\"><a href=\"https:\/\/www.suno.com.br\/noticias\/ipca-15-agosto-cortes-graduais-selic-cpf\/\"><h2 class=\"content__title\">IPCA-15: alta na energia puxa \u00edndice para cima, em 0,28%; n\u00fameros refor\u00e7am cortes graduais na Selic<\/h2><\/a><div class=\"newsContent__article__meta\"><div class=\"newsContent__article__meta__authorBox\"><a href=\"https:\/\/www.suno.com.br\/noticias\/author\/camila-figueiredosuno-com-br\/\" class=\"authorBox__avatar noMobi\"><img src=\"https:\/\/files.sunoresearch.com.br\/n\/uploads\/2024\/05\/camila-paim-square-150x150.jpg\" alt=\"Camila Paim\"><\/a><div class=\"authorBox__name\"><span>por\n\t\t\t<a href=\"https:\/\/www.suno.com.br\/noticias\/author\/camila-figueiredosuno-com-br\/\"><span itemprop=\"author\">Camila Paim<\/span><\/a><\/span><time datetime=\"2023-08-25T10:33:42-03:00\" itemprop=\"datePublished\">25\/08\/2023 10:33<\/time><\/div><\/div><\/div><\/div><\/div>","single_layout":"posts","amp_enabled":true,"_links":{"self":[{"href":"https:\/\/www.suno.com.br\/noticias\/wp-json\/wp\/v2\/posts\/447360"}],"collection":[{"href":"https:\/\/www.suno.com.br\/noticias\/wp-json\/wp\/v2\/posts"}],"about":[{"href":"https:\/\/www.suno.com.br\/noticias\/wp-json\/wp\/v2\/types\/post"}],"author":[{"embeddable":true,"href":"https:\/\/www.suno.com.br\/noticias\/wp-json\/wp\/v2\/users\/283"}],"replies":[{"embeddable":true,"href":"https:\/\/www.suno.com.br\/noticias\/wp-json\/wp\/v2\/comments?post=447360"}],"version-history":[{"count":2,"href":"https:\/\/www.suno.com.br\/noticias\/wp-json\/wp\/v2\/posts\/447360\/revisions"}],"predecessor-version":[{"id":447449,"href":"https:\/\/www.suno.com.br\/noticias\/wp-json\/wp\/v2\/posts\/447360\/revisions\/447449"}],"wp:featuredmedia":[{"embeddable":true,"href":"https:\/\/www.suno.com.br\/noticias\/wp-json\/wp\/v2\/media\/447417"}],"wp:attachment":[{"href":"https:\/\/www.suno.com.br\/noticias\/wp-json\/wp\/v2\/media?parent=447360"}],"wp:term":[{"taxonomy":"category","embeddable":true,"href":"https:\/\/www.suno.com.br\/noticias\/wp-json\/wp\/v2\/categories?post=447360"},{"taxonomy":"post_tag","embeddable":true,"href":"https:\/\/www.suno.com.br\/noticias\/wp-json\/wp\/v2\/tags?post=447360"},{"taxonomy":"suno_strategy","embeddable":true,"href":"https:\/\/www.suno.com.br\/noticias\/wp-json\/wp\/v2\/suno_strategy?post=447360"}],"curies":[{"name":"wp","href":"https:\/\/api.w.org\/{rel}","templated":true}]}}