{"id":44729,"date":"2019-11-13T18:20:45","date_gmt":"2019-11-13T20:20:45","guid":{"rendered":"https:\/\/www.suno.com.br\/noticias\/?p=44729"},"modified":"2019-11-18T16:30:19","modified_gmt":"2019-11-18T18:30:19","slug":"cade-compra-fox-disney","status":"publish","type":"post","link":"https:\/\/www.suno.com.br\/noticias\/cade-compra-fox-disney\/","title":{"rendered":"Cade anuncia que revisar\u00e1 compra da Fox pela Disney"},"content":{"rendered":"<p>O <strong><a href=\"https:\/\/www.suno.com.br\/artigos\/cade\/\">Conselho Administrativo de Defesa Econ\u00f4mica (Cade)<\/a><\/strong> decidiu, nesta quarta-feira (13), que revisar\u00e1 a aquisi\u00e7\u00e3o da <strong>Twenty-First Century Fox<\/strong> pela <strong>The Walt<\/strong> <strong>Disney<\/strong> <strong>Company<\/strong>. De acordo com a autarquia, a opera\u00e7\u00e3o havia sido aprovada em fevereiro, condicionada \u00e0 venda do canal <strong>Fox<\/strong> <strong>Sports<\/strong>.<\/p>\t<div class=\"wrapper-featured-image\">\n\t\t<figure class=\"spotlightImg\">\n\n\t\t\t<picture>\n\t\t\t\t<source media=\"(max-width: 768px)\" srcset=\"https:\/\/files.sunoresearch.com.br\/n\/uploads\/2019\/08\/ac2e79e4-disney-400x200.webp\">\n\t\t\t\t<img loading=\"lazy\" decoding=\"async\" class=\"newsContent__article__imgCapa lazyloadDisabled newsContent__article__imgCapa--noCaption\" src=\"https:\/\/files.sunoresearch.com.br\/n\/uploads\/2019\/08\/ac2e79e4-disney-800x450.webp\" width=\"800\" height=\"450\" alt=\"Cade anuncia que revisar\u00e1 compra da Fox pela Disney\" fetchpriority=high \/>\n\t\t\t<\/picture>\n\n\t\t\t<figcaption class=\"wp-caption-text wp-caption-text--hide\">Disney<\/figcaption>\n\t\t<\/figure>\n\t<\/div>\n\n\n\n<p>O <strong>Cade<\/strong>, a <strong>Fox<\/strong> e a <strong>Disney<\/strong> negociaram a venda do canal Fox Sports em um <strong>Acordo em Controle<\/strong> <strong>de Concentra\u00e7\u00f5es<\/strong> (<strong>ACC<\/strong>) para afastar preocupa\u00e7\u00f5es de concorrentes do mesmo ramo de jornalismo esportivo. Al\u00e9m disso, haviam firmado o acordo de que teria a continuidade de tr\u00eas op\u00e7\u00f5es de canais de esportes:<\/p>\n<ul>\n<li><strong>SporTV<\/strong> (da <strong>GloboSat<\/strong>);<\/li>\n<li><strong>ESPN<\/strong>;<\/li>\n<li>e uma nova empresa com os ativos da <strong>Fox<\/strong> <strong>Sports<\/strong>.<\/li>\n<\/ul>\n<p>O <strong>Cade<\/strong> fixou prazo para o desinvestimento do canal. O prazo, apesar do esfor\u00e7o de ambas as partes, n\u00e3o foi cumprido e, com isso, a venda n\u00e3o foi concretizada. Assim, a autarquia decidiu revisar a opera\u00e7\u00e3o.<\/p>\n<p><a href=\"https:\/\/www.suno.com.br\/noticias\/via-varejo-investiga-fraude\/\">Leia tamb\u00e9m: EXCLUSIVO: Via Varejo investiga poss\u00edvel fraude em balan\u00e7os da companhia<\/a><\/p>\n<p>De acordo com o presidente do <strong>Cade<\/strong>, <strong>Alexandre Barreto,<\/strong> a solu\u00e7\u00e3o de reaprecia\u00e7\u00e3o \u00e9 a melhor apresentada at\u00e9 agora.<\/p>\n<p>\u201cA medida mostra-se equ\u00e2nime e proporcional justamente por oportunizar que se manifestem sobre outras op\u00e7\u00f5es vi\u00e1veis\u201d, disse Barreto.<\/p>\n<h2>Cade, Ita\u00fa Unibanco e Rede<\/h2>\n<p>O <strong>Cade<\/strong> adiou sua decis\u00e3o sobre a a\u00e7\u00e3o judicial contra a operadora de pagamentos digitais <strong>Rede<\/strong> e o <strong>Ita\u00fa<\/strong> <strong>Unibanco<\/strong>, que s\u00e3o geridos pelo mesmo grupo. A conselheira do Cade, Paula Azevedo, pediu mais tempo para avaliar o processo tamb\u00e9m nesta quarta (13).<\/p>\n<p><a href=\"https:\/\/www.suno.com.br\/noticias\/cade-adia-decisao-rede-itau\/\">Saiba mais: Cade adia decis\u00e3o sobre pr\u00e1tica anticompetitiva de Ita\u00fa Unibanco e Rede<\/a><\/p>\n<p>No dia 27 de novembro, a conselheira do <strong>Cade<\/strong> ter\u00e1 que apresentar seu voto em uma sess\u00e3o plen\u00e1ria. O processo contra as duas empresas foi aberto em outubro. O conselho avaliou que as duas companhias estariam praticando concorr\u00eancia desleal e infra\u00e7\u00e3o a ordem econ\u00f4mica. Al\u00e9m disso, a <strong>Rede<\/strong> e o <strong>Ita\u00fa<\/strong> estariam praticando medidas anticompetitivas.<\/p>\n","protected":false},"excerpt":{"rendered":"<p>O Conselho Administrativo de Defesa Econ\u00f4mica (Cade) decidiu, nesta quarta-feira (13), que revisar\u00e1 a aquisi\u00e7\u00e3o da Twenty-First Century Fox pela The Walt Disney Company. De acordo com a autarquia, a opera\u00e7\u00e3o havia sido aprovada em fevereiro, condicionada \u00e0 venda do canal Fox Sports. Disney O Cade, a Fox e a Disney negociaram a venda do [&hellip;]<\/p>\n","protected":false},"author":23,"featured_media":33259,"comment_status":"closed","ping_status":"closed","sticky":false,"template":"","format":"standard","meta":[],"categories":[64],"tags":[851,1087],"suno_strategy":[],"class_list":["post-44729","post","type-post","status-publish","format-standard","has-post-thumbnail","hentry","category-negocios","tag-cade","tag-disney-disb34"],"yoast_head":"<!-- This site is optimized with the Yoast SEO plugin v24.4 - https:\/\/yoast.com\/wordpress\/plugins\/seo\/ -->\n<title>Cade anuncia que revisar\u00e1 compra da Fox pela Disney<\/title>\n<meta name=\"description\" content=\"O Cade decidiu que revisar\u00e1 a aquisi\u00e7\u00e3o da Twenty-First Century Fox pela The Walt Disney Company. Clique aqui para saber mais.\" \/>\n<meta name=\"robots\" content=\"index, follow, max-snippet:-1, max-image-preview:large, max-video-preview:-1\" \/>\n<link rel=\"canonical\" href=\"https:\/\/www.suno.com.br\/noticias\/cade-compra-fox-disney\/\" \/>\n<meta property=\"og:locale\" content=\"pt_BR\" \/>\n<meta property=\"og:type\" content=\"article\" \/>\n<meta property=\"og:title\" content=\"Cade anuncia que revisar\u00e1 compra da Fox pela Disney\" \/>\n<meta property=\"og:description\" content=\"O Cade decidiu que revisar\u00e1 a aquisi\u00e7\u00e3o da Twenty-First Century Fox pela The Walt Disney Company. Clique aqui para saber mais.\" \/>\n<meta property=\"og:url\" content=\"https:\/\/www.suno.com.br\/noticias\/cade-compra-fox-disney\/\" \/>\n<meta property=\"og:site_name\" content=\"Suno Not\u00edcias\" \/>\n<meta property=\"article:publisher\" content=\"https:\/\/facebook.com\/sunoresearch\" \/>\n<meta property=\"og:image\" content=\"https:\/\/files.sunoresearch.com.br\/n\/uploads\/2019\/08\/ac2e79e4-disney.jpg\" \/>\n\t<meta property=\"og:image:width\" content=\"850\" \/>\n\t<meta property=\"og:image:height\" content=\"566\" \/>\n\t<meta property=\"og:image:type\" content=\"image\/jpeg\" \/>\n<meta name=\"author\" content=\"Rafael Lara\" \/>\n<meta name=\"twitter:card\" content=\"summary_large_image\" \/>\n<meta name=\"twitter:creator\" content=\"@sunoresearch\" \/>\n<meta name=\"twitter:site\" content=\"@sunoresearch\" \/>\n<meta name=\"twitter:label1\" content=\"Escrito por\" \/>\n\t<meta name=\"twitter:data1\" content=\"Rafael Lara\" \/>\n\t<meta name=\"twitter:label2\" content=\"Est. tempo de leitura\" \/>\n\t<meta name=\"twitter:data2\" content=\"2 minutos\" \/>\n<script type=\"application\/ld+json\" class=\"yoast-schema-graph\">{\"@context\":\"https:\/\/schema.org\",\"@graph\":[{\"@type\":\"NewsArticle\",\"@id\":\"https:\/\/www.suno.com.br\/noticias\/cade-compra-fox-disney\/#article\",\"isPartOf\":{\"@id\":\"https:\/\/www.suno.com.br\/noticias\/cade-compra-fox-disney\/\"},\"author\":{\"name\":\"Rafael Lara\",\"@id\":\"https:\/\/www.suno.com.br\/noticias\/#\/schema\/person\/098743caeed97b37f51315c9576c4078\"},\"headline\":\"Cade anuncia que revisar\u00e1 compra da Fox pela Disney\",\"datePublished\":\"2019-11-13T20:20:45+00:00\",\"dateModified\":\"2019-11-18T18:30:19+00:00\",\"mainEntityOfPage\":{\"@id\":\"https:\/\/www.suno.com.br\/noticias\/cade-compra-fox-disney\/\"},\"wordCount\":347,\"publisher\":{\"@id\":\"https:\/\/www.suno.com.br\/noticias\/#organization\"},\"image\":{\"@id\":\"https:\/\/www.suno.com.br\/noticias\/cade-compra-fox-disney\/#primaryimage\"},\"thumbnailUrl\":\"https:\/\/files.sunoresearch.com.br\/n\/uploads\/2019\/08\/ac2e79e4-disney-jpg.webp\",\"keywords\":[\"CADE\",\"Disney (DISB34)\"],\"articleSection\":[\"Neg\u00f3cios\"],\"inLanguage\":\"pt-BR\"},{\"@type\":\"WebPage\",\"@id\":\"https:\/\/www.suno.com.br\/noticias\/cade-compra-fox-disney\/\",\"url\":\"https:\/\/www.suno.com.br\/noticias\/cade-compra-fox-disney\/\",\"name\":\"Cade anuncia que revisar\u00e1 compra da Fox pela Disney\",\"isPartOf\":{\"@id\":\"https:\/\/www.suno.com.br\/noticias\/#website\"},\"primaryImageOfPage\":{\"@id\":\"https:\/\/www.suno.com.br\/noticias\/cade-compra-fox-disney\/#primaryimage\"},\"image\":{\"@id\":\"https:\/\/www.suno.com.br\/noticias\/cade-compra-fox-disney\/#primaryimage\"},\"thumbnailUrl\":\"https:\/\/files.sunoresearch.com.br\/n\/uploads\/2019\/08\/ac2e79e4-disney-jpg.webp\",\"datePublished\":\"2019-11-13T20:20:45+00:00\",\"dateModified\":\"2019-11-18T18:30:19+00:00\",\"description\":\"O Cade decidiu que revisar\u00e1 a aquisi\u00e7\u00e3o da Twenty-First Century Fox pela The Walt Disney Company. Clique aqui para saber mais.\",\"breadcrumb\":{\"@id\":\"https:\/\/www.suno.com.br\/noticias\/cade-compra-fox-disney\/#breadcrumb\"},\"inLanguage\":\"pt-BR\",\"potentialAction\":[{\"@type\":\"ReadAction\",\"target\":[\"https:\/\/www.suno.com.br\/noticias\/cade-compra-fox-disney\/\"]}]},{\"@type\":\"ImageObject\",\"inLanguage\":\"pt-BR\",\"@id\":\"https:\/\/www.suno.com.br\/noticias\/cade-compra-fox-disney\/#primaryimage\",\"url\":\"https:\/\/files.sunoresearch.com.br\/n\/uploads\/2019\/08\/ac2e79e4-disney-jpg.webp\",\"contentUrl\":\"https:\/\/files.sunoresearch.com.br\/n\/uploads\/2019\/08\/ac2e79e4-disney-jpg.webp\",\"width\":850,\"height\":566,\"caption\":\"Disney\"},{\"@type\":\"BreadcrumbList\",\"@id\":\"https:\/\/www.suno.com.br\/noticias\/cade-compra-fox-disney\/#breadcrumb\",\"itemListElement\":[{\"@type\":\"ListItem\",\"position\":1,\"name\":\"Not\u00edcias\",\"item\":\"https:\/\/www.suno.com.br\/noticias\/\"},{\"@type\":\"ListItem\",\"position\":2,\"name\":\"Neg\u00f3cios\",\"item\":\"https:\/\/www.suno.com.br\/noticias\/negocios\/\"},{\"@type\":\"ListItem\",\"position\":3,\"name\":\"Cade anuncia que revisar\u00e1 compra da Fox pela Disney\"}]},{\"@type\":\"WebSite\",\"@id\":\"https:\/\/www.suno.com.br\/noticias\/#website\",\"url\":\"https:\/\/www.suno.com.br\/noticias\/\",\"name\":\"Suno Not\u00edcias\",\"description\":\"Seu portal de informa\u00e7\u00e3o sobre o mundo dos investimentos\",\"publisher\":{\"@id\":\"https:\/\/www.suno.com.br\/noticias\/#organization\"},\"potentialAction\":[{\"@type\":\"SearchAction\",\"target\":{\"@type\":\"EntryPoint\",\"urlTemplate\":\"https:\/\/www.suno.com.br\/noticias\/?s={search_term_string}\"},\"query-input\":{\"@type\":\"PropertyValueSpecification\",\"valueRequired\":true,\"valueName\":\"search_term_string\"}}],\"inLanguage\":\"pt-BR\"},{\"@type\":\"Organization\",\"@id\":\"https:\/\/www.suno.com.br\/noticias\/#organization\",\"name\":\"Suno Not\u00edcias\",\"url\":\"https:\/\/www.suno.com.br\/noticias\/\",\"logo\":{\"@type\":\"ImageObject\",\"inLanguage\":\"pt-BR\",\"@id\":\"https:\/\/www.suno.com.br\/noticias\/#\/schema\/logo\/image\/\",\"url\":\"https:\/\/files.sunoresearch.com.br\/n\/uploads\/2021\/09\/suno-logo.png\",\"contentUrl\":\"https:\/\/files.sunoresearch.com.br\/n\/uploads\/2021\/09\/suno-logo.png\",\"width\":180,\"height\":180,\"caption\":\"Suno Not\u00edcias\"},\"image\":{\"@id\":\"https:\/\/www.suno.com.br\/noticias\/#\/schema\/logo\/image\/\"},\"sameAs\":[\"https:\/\/facebook.com\/sunoresearch\",\"https:\/\/x.com\/sunoresearch\",\"https:\/\/www.instagram.com\/suno\",\"https:\/\/www.linkedin.com\/company\/suno-research\/\",\"https:\/\/www.youtube.com\/c\/sunoresearch\"]},{\"@type\":\"Person\",\"@id\":\"https:\/\/www.suno.com.br\/noticias\/#\/schema\/person\/098743caeed97b37f51315c9576c4078\",\"name\":\"Rafael Lara\",\"image\":{\"@type\":\"ImageObject\",\"inLanguage\":\"pt-BR\",\"@id\":\"https:\/\/www.suno.com.br\/noticias\/#\/schema\/person\/image\/\",\"url\":\"https:\/\/secure.gravatar.com\/avatar\/dfc254ab9bb2ea1895d98b9e9dae4bdd?s=96&r=g\",\"contentUrl\":\"https:\/\/secure.gravatar.com\/avatar\/dfc254ab9bb2ea1895d98b9e9dae4bdd?s=96&r=g\",\"caption\":\"Rafael Lara\"},\"description\":\"Rafael Lara cursa jornalismo na Faculdade C\u00e1sper L\u00edbero. Escreve sobre pol\u00edtica, economia e neg\u00f3cios para o portal Suno Not\u00edcias. Antes, colaborou na TV Gazeta na produ\u00e7\u00e3o do programa Edi\u00e7\u00e3o Extra.\",\"url\":\"https:\/\/www.suno.com.br\/noticias\/author\/rafael\/\"}]}<\/script>\n<!-- \/ Yoast SEO plugin. -->","yoast_head_json":{"title":"Cade anuncia que revisar\u00e1 compra da Fox pela Disney","description":"O Cade decidiu que revisar\u00e1 a aquisi\u00e7\u00e3o da Twenty-First Century Fox pela The Walt Disney Company. Clique aqui para saber mais.","robots":{"index":"index","follow":"follow","max-snippet":"max-snippet:-1","max-image-preview":"max-image-preview:large","max-video-preview":"max-video-preview:-1"},"canonical":"https:\/\/www.suno.com.br\/noticias\/cade-compra-fox-disney\/","og_locale":"pt_BR","og_type":"article","og_title":"Cade anuncia que revisar\u00e1 compra da Fox pela Disney","og_description":"O Cade decidiu que revisar\u00e1 a aquisi\u00e7\u00e3o da Twenty-First Century Fox pela The Walt Disney Company. Clique aqui para saber mais.","og_url":"https:\/\/www.suno.com.br\/noticias\/cade-compra-fox-disney\/","og_site_name":"Suno Not\u00edcias","article_publisher":"https:\/\/facebook.com\/sunoresearch","og_image":[{"width":850,"height":566,"url":"https:\/\/files.sunoresearch.com.br\/n\/uploads\/2019\/08\/ac2e79e4-disney.jpg","type":"image\/jpeg"}],"author":"Rafael Lara","twitter_card":"summary_large_image","twitter_creator":"@sunoresearch","twitter_site":"@sunoresearch","twitter_misc":{"Escrito por":"Rafael Lara","Est. tempo de leitura":"2 minutos"},"schema":{"@context":"https:\/\/schema.org","@graph":[{"@type":"NewsArticle","@id":"https:\/\/www.suno.com.br\/noticias\/cade-compra-fox-disney\/#article","isPartOf":{"@id":"https:\/\/www.suno.com.br\/noticias\/cade-compra-fox-disney\/"},"author":{"name":"Rafael Lara","@id":"https:\/\/www.suno.com.br\/noticias\/#\/schema\/person\/098743caeed97b37f51315c9576c4078"},"headline":"Cade anuncia que revisar\u00e1 compra da Fox pela Disney","datePublished":"2019-11-13T20:20:45+00:00","dateModified":"2019-11-18T18:30:19+00:00","mainEntityOfPage":{"@id":"https:\/\/www.suno.com.br\/noticias\/cade-compra-fox-disney\/"},"wordCount":347,"publisher":{"@id":"https:\/\/www.suno.com.br\/noticias\/#organization"},"image":{"@id":"https:\/\/www.suno.com.br\/noticias\/cade-compra-fox-disney\/#primaryimage"},"thumbnailUrl":"https:\/\/files.sunoresearch.com.br\/n\/uploads\/2019\/08\/ac2e79e4-disney-jpg.webp","keywords":["CADE","Disney (DISB34)"],"articleSection":["Neg\u00f3cios"],"inLanguage":"pt-BR"},{"@type":"WebPage","@id":"https:\/\/www.suno.com.br\/noticias\/cade-compra-fox-disney\/","url":"https:\/\/www.suno.com.br\/noticias\/cade-compra-fox-disney\/","name":"Cade anuncia que revisar\u00e1 compra da Fox pela Disney","isPartOf":{"@id":"https:\/\/www.suno.com.br\/noticias\/#website"},"primaryImageOfPage":{"@id":"https:\/\/www.suno.com.br\/noticias\/cade-compra-fox-disney\/#primaryimage"},"image":{"@id":"https:\/\/www.suno.com.br\/noticias\/cade-compra-fox-disney\/#primaryimage"},"thumbnailUrl":"https:\/\/files.sunoresearch.com.br\/n\/uploads\/2019\/08\/ac2e79e4-disney-jpg.webp","datePublished":"2019-11-13T20:20:45+00:00","dateModified":"2019-11-18T18:30:19+00:00","description":"O Cade decidiu que revisar\u00e1 a aquisi\u00e7\u00e3o da Twenty-First Century Fox pela The Walt Disney Company. Clique aqui para saber mais.","breadcrumb":{"@id":"https:\/\/www.suno.com.br\/noticias\/cade-compra-fox-disney\/#breadcrumb"},"inLanguage":"pt-BR","potentialAction":[{"@type":"ReadAction","target":["https:\/\/www.suno.com.br\/noticias\/cade-compra-fox-disney\/"]}]},{"@type":"ImageObject","inLanguage":"pt-BR","@id":"https:\/\/www.suno.com.br\/noticias\/cade-compra-fox-disney\/#primaryimage","url":"https:\/\/files.sunoresearch.com.br\/n\/uploads\/2019\/08\/ac2e79e4-disney-jpg.webp","contentUrl":"https:\/\/files.sunoresearch.com.br\/n\/uploads\/2019\/08\/ac2e79e4-disney-jpg.webp","width":850,"height":566,"caption":"Disney"},{"@type":"BreadcrumbList","@id":"https:\/\/www.suno.com.br\/noticias\/cade-compra-fox-disney\/#breadcrumb","itemListElement":[{"@type":"ListItem","position":1,"name":"Not\u00edcias","item":"https:\/\/www.suno.com.br\/noticias\/"},{"@type":"ListItem","position":2,"name":"Neg\u00f3cios","item":"https:\/\/www.suno.com.br\/noticias\/negocios\/"},{"@type":"ListItem","position":3,"name":"Cade anuncia que revisar\u00e1 compra da Fox pela Disney"}]},{"@type":"WebSite","@id":"https:\/\/www.suno.com.br\/noticias\/#website","url":"https:\/\/www.suno.com.br\/noticias\/","name":"Suno Not\u00edcias","description":"Seu portal de informa\u00e7\u00e3o sobre o mundo dos investimentos","publisher":{"@id":"https:\/\/www.suno.com.br\/noticias\/#organization"},"potentialAction":[{"@type":"SearchAction","target":{"@type":"EntryPoint","urlTemplate":"https:\/\/www.suno.com.br\/noticias\/?s={search_term_string}"},"query-input":{"@type":"PropertyValueSpecification","valueRequired":true,"valueName":"search_term_string"}}],"inLanguage":"pt-BR"},{"@type":"Organization","@id":"https:\/\/www.suno.com.br\/noticias\/#organization","name":"Suno Not\u00edcias","url":"https:\/\/www.suno.com.br\/noticias\/","logo":{"@type":"ImageObject","inLanguage":"pt-BR","@id":"https:\/\/www.suno.com.br\/noticias\/#\/schema\/logo\/image\/","url":"https:\/\/files.sunoresearch.com.br\/n\/uploads\/2021\/09\/suno-logo.png","contentUrl":"https:\/\/files.sunoresearch.com.br\/n\/uploads\/2021\/09\/suno-logo.png","width":180,"height":180,"caption":"Suno Not\u00edcias"},"image":{"@id":"https:\/\/www.suno.com.br\/noticias\/#\/schema\/logo\/image\/"},"sameAs":["https:\/\/facebook.com\/sunoresearch","https:\/\/x.com\/sunoresearch","https:\/\/www.instagram.com\/suno","https:\/\/www.linkedin.com\/company\/suno-research\/","https:\/\/www.youtube.com\/c\/sunoresearch"]},{"@type":"Person","@id":"https:\/\/www.suno.com.br\/noticias\/#\/schema\/person\/098743caeed97b37f51315c9576c4078","name":"Rafael Lara","image":{"@type":"ImageObject","inLanguage":"pt-BR","@id":"https:\/\/www.suno.com.br\/noticias\/#\/schema\/person\/image\/","url":"https:\/\/secure.gravatar.com\/avatar\/dfc254ab9bb2ea1895d98b9e9dae4bdd?s=96&r=g","contentUrl":"https:\/\/secure.gravatar.com\/avatar\/dfc254ab9bb2ea1895d98b9e9dae4bdd?s=96&r=g","caption":"Rafael Lara"},"description":"Rafael Lara cursa jornalismo na Faculdade C\u00e1sper L\u00edbero. Escreve sobre pol\u00edtica, economia e neg\u00f3cios para o portal Suno Not\u00edcias. Antes, colaborou na TV Gazeta na produ\u00e7\u00e3o do programa Edi\u00e7\u00e3o Extra.","url":"https:\/\/www.suno.com.br\/noticias\/author\/rafael\/"}]}},"default_loop_html":"<div class=\"cardsPage__listCard__boxs\"><div class=\"cardsPage__listCard__boxs__img\"><a href=\"https:\/\/www.suno.com.br\/noticias\/cade-compra-fox-disney\/\"><img class=\"mask\" src=\"https:\/\/www.suno.com.br\/noticias\/wp-content\/themes\/suno\/resources\/images\/spotlight\/spotlight1img\/bg-mask.png\" alt=\"Image Mask\"\/><img src=\"https:\/\/files.sunoresearch.com.br\/n\/uploads\/2019\/08\/ac2e79e4-disney-400x200.webp\" alt=\"Cade anuncia que revisar\u00e1 compra da Fox pela Disney\"\/><\/a><span class=\"spotlightCategory\"><a href=\"https:\/\/www.suno.com.br\/noticias\/negocios\/\">Neg\u00f3cios<\/a><\/span><\/div><div class=\"cardsPage__listCard__boxs__content\"><a href=\"https:\/\/www.suno.com.br\/noticias\/cade-compra-fox-disney\/\"><h2 class=\"content__title\">Cade anuncia que revisar\u00e1 compra da Fox pela Disney<\/h2><\/a><div class=\"newsContent__article__meta\"><div class=\"newsContent__article__meta__authorBox\"><a href=\"https:\/\/www.suno.com.br\/noticias\/author\/rafael\/\" class=\"authorBox__avatar noMobi\"><img src=\"https:\/\/secure.gravatar.com\/avatar\/dfc254ab9bb2ea1895d98b9e9dae4bdd?s=96&#038;r=g\" alt=\"Rafael Lara\"><\/a><div class=\"authorBox__name\"><span>por\n\t\t\t<a href=\"https:\/\/www.suno.com.br\/noticias\/author\/rafael\/\"><span itemprop=\"author\">Rafael Lara<\/span><\/a><\/span><time datetime=\"2019-11-13T18:20:45-03:00\" itemprop=\"datePublished\">13\/11\/2019 18:20<\/time><\/div><\/div><\/div><\/div><\/div>","single_layout":"posts","amp_enabled":true,"_links":{"self":[{"href":"https:\/\/www.suno.com.br\/noticias\/wp-json\/wp\/v2\/posts\/44729"}],"collection":[{"href":"https:\/\/www.suno.com.br\/noticias\/wp-json\/wp\/v2\/posts"}],"about":[{"href":"https:\/\/www.suno.com.br\/noticias\/wp-json\/wp\/v2\/types\/post"}],"author":[{"embeddable":true,"href":"https:\/\/www.suno.com.br\/noticias\/wp-json\/wp\/v2\/users\/23"}],"replies":[{"embeddable":true,"href":"https:\/\/www.suno.com.br\/noticias\/wp-json\/wp\/v2\/comments?post=44729"}],"version-history":[{"count":0,"href":"https:\/\/www.suno.com.br\/noticias\/wp-json\/wp\/v2\/posts\/44729\/revisions"}],"wp:featuredmedia":[{"embeddable":true,"href":"https:\/\/www.suno.com.br\/noticias\/wp-json\/wp\/v2\/media\/33259"}],"wp:attachment":[{"href":"https:\/\/www.suno.com.br\/noticias\/wp-json\/wp\/v2\/media?parent=44729"}],"wp:term":[{"taxonomy":"category","embeddable":true,"href":"https:\/\/www.suno.com.br\/noticias\/wp-json\/wp\/v2\/categories?post=44729"},{"taxonomy":"post_tag","embeddable":true,"href":"https:\/\/www.suno.com.br\/noticias\/wp-json\/wp\/v2\/tags?post=44729"},{"taxonomy":"suno_strategy","embeddable":true,"href":"https:\/\/www.suno.com.br\/noticias\/wp-json\/wp\/v2\/suno_strategy?post=44729"}],"curies":[{"name":"wp","href":"https:\/\/api.w.org\/{rel}","templated":true}]}}