{"id":447269,"date":"2023-08-25T11:15:56","date_gmt":"2023-08-25T14:15:56","guid":{"rendered":"https:\/\/www.suno.com.br\/noticias\/?p=447269"},"modified":"2023-08-25T13:58:17","modified_gmt":"2023-08-25T16:58:17","slug":"relatorio-desenrola-limita-taxa-juros-cpf","status":"publish","type":"post","link":"https:\/\/www.suno.com.br\/noticias\/relatorio-desenrola-limita-taxa-juros-cpf\/","title":{"rendered":"MP do Desenrola Brasil ir\u00e1 limitar a taxa de juros em 100%"},"content":{"rendered":"<p>O deputado Alencar Santana (PT-SP), relator da medida provis\u00f3ria do programa <strong>Desenrola<\/strong>, anunciou que seu parecer incluir\u00e1 um artigo para limitar os juros do rotativo do <a class=\"suno-keyword\" data-force=\"no\" data-priority=\"3\" href=\"https:\/\/www.suno.com.br\/artigos\/cartao-de-credito\/\" target=\"_blank\" rel=\"noopener\">cart\u00e3o de cr\u00e9dito<\/a> a 100%. Na quinta-feira (24), Santana falou que a medida ser\u00e1 incrementada caso o setor financeiro n\u00e3o apresente uma proposta de autorregula\u00e7\u00e3o. <\/p>\t<div class=\"wrapper-featured-image\">\n\t\t<figure class=\"spotlightImg\">\n\n\t\t\t<picture>\n\t\t\t\t<source media=\"(max-width: 768px)\" srcset=\"https:\/\/files.sunoresearch.com.br\/n\/uploads\/2023\/08\/alencar-santana-relator-desenrola-400x200.jpg\">\n\t\t\t\t<img loading=\"lazy\" decoding=\"async\" class=\"newsContent__article__imgCapa lazyloadDisabled \" src=\"https:\/\/files.sunoresearch.com.br\/n\/uploads\/2023\/08\/alencar-santana-relator-desenrola-800x450.jpg\" width=\"800\" height=\"450\" alt=\"MP do Desenrola Brasil ir\u00e1 limitar a taxa de juros em 100%\" fetchpriority=high \/>\n\t\t\t<\/picture>\n\n\t\t\t<figcaption class=\"wp-caption-text wp-caption-text--show\">Deputado Alencar Santana (PT-SP), relator da medida provis\u00f3ria do programa Desenrola - Foto: Reprodu\u00e7\u00e3o\/ C\u00e2mara dos Deputados<\/figcaption>\n\t\t<\/figure>\n\t<\/div>\n\n\n\n\n\n\n\n\t<p>\n\t\t<a href=\"\" target=\"_blank\" data-element=\"shortcode-suno-banner\" title=\"Banner SUNO, clique e saiba mais\">\n\t\t\t<picture>\n\t\t\t\t<source media=\"(max-width: 500px)\" srcset=\"\">\n\t\t\t\t<img class=\"newsContent__article__imgCapa newsContent__article__imgCapa--banner\"\n\t\t\t\t\tsrc=\"\"\n\t\t\t\t\tdata-promo-id=\"240038\"\t\t\t\t\t\t\t\t\t\t\t\t\t\t\talt=\"\"\n\t\t\t\t>\n\t\t\t<\/picture>\n\t\t<\/a>\n\t<\/p>\n\n\n\n\n\n<p>O parecer da MP do <strong>Desenrola <\/strong>ser\u00e1 oficialmente apresentado na pr\u00f3xima ter\u00e7a-feira (29) e visa combater as altas taxas de juros do rotativo, que chegaram a 437% ao ano em junho.<\/p>\n\n\n\n<p>Santana explicou que, de acordo com sua proposta, se nada for feito em 90 dias, e o <a class=\"suno-keyword\" target=\"_blank\" data-force=\"no\" data-priority=\"1\" href=\"https:\/\/www.suno.com.br\/artigos\/cmn-conselho-monetario-nacional\/\" rel=\"noopener\">Conselho Monet\u00e1rio Nacional (CMN)<\/a> e o Banco Central (BC) n\u00e3o regulamentarem o setor, os juros m\u00e1ximos ser\u00e3o limitados ao valor da d\u00edvida principal. Ou seja, se algu\u00e9m deve R$ 1.000, os juros cobrados ao longo do tempo n\u00e3o podem fazer essa d\u00edvida ultrapassar R$ 2.000.<\/p>\n\n\n\n<p>O relator tamb\u00e9m incluiu um dispositivo para incentivar a portabilidade das d\u00edvidas do rotativo, com o objetivo de estimular a concorr\u00eancia entre os bancos e reduzir os juros para os consumidores.<\/p>\n\n\n\n\t<div data-element=\"shortcode-read-more\" class=\"readToo\">\n\t\t\t\t<span class=\"readToo__title\">Leia mais<\/span>\n\t\t\t\t<ul class=\"readToo__list\">\n\t\t\t<li><a href=\"https:\/\/www.suno.com.br\/noticias\/petrobras-petr4-fornecimento-de-diesel-distribuidoras-gpj\/\">Petrobras (PETR4): fornecimento de diesel S10 para distribuidoras est\u00e1 normal<\/a><\/li><li><a href=\"https:\/\/www.suno.com.br\/noticias\/ipca-15-agosto-cortes-graduais-selic-cpf\/\">IPCA-15: alta na energia puxa \u00edndice para cima, em 0,28%; n\u00fameros refor\u00e7am cortes graduais na Selic<\/a><\/li><li><a href=\"https:\/\/www.suno.com.br\/noticias\/limite-faturamento-mei-aumentar-mdic-cpf\/\">Limite de faturamento do MEI pode aumentar at\u00e9 R$ 144,9 mil, prop\u00f5e MDIC<\/a><\/li>\t\t<\/ul>\n\t<\/div>\n\n\n\n\n<h2 class=\"wp-block-heading\">Parcelamento sem juros continua<\/h2>\n\n\n\n<p>O deputado Santana esclareceu que seu parecer n\u00e3o trata do fim do parcelamento de compras sem juros, modalidade apontada pelos bancos como respons\u00e1vel pelas altas taxas do rotativo. Ele destacou que limitar o parcelamento sem juros n\u00e3o faz sentido e que a modalidade \u00e9 &#8220;uma conquista da sociedade brasileira.&#8221;<\/p>\n\n\n\n<p>Existem bancos pressionando para que o <a class=\"suno-keyword\" target=\"_blank\" data-force=\"no\" data-priority=\"1\" href=\"https:\/\/www.suno.com.br\/artigos\/cmn-conselho-monetario-nacional\/\" rel=\"noopener\">Conselho Monet\u00e1rio Nacional (CMN)<\/a> tenha poder para decidir sobre o fim do parcelamento sem juros. Al\u00e9m disso, eles defendem que a tarifa m\u00e1xima de 100% dos juros do rotativo do cart\u00e3o s\u00f3 tenha validade por um ano, podendo aumentar depois, informaram fontes do Congresso \u00e0 reportagem. <\/p>\n\n\n\n<p>No entanto, l\u00edderes no Congresso indicaram que n\u00e3o h\u00e1 acordo para votar a medida provis\u00f3ria se houver mudan\u00e7as no parcelamento sem juros.<\/p>\n\n\n\n<p>O parecer completo ser\u00e1 apresentado oficialmente na pr\u00f3xima ter\u00e7a-feira (29), e a proposta visa oferecer uma solu\u00e7\u00e3o para as altas taxas de juros no <a class=\"suno-keyword\" target=\"_blank\" data-force=\"no\" data-priority=\"1\" href=\"https:\/\/www.suno.com.br\/artigos\/credito-rotativo\/\" rel=\"noopener\">cr\u00e9dito rotativo<\/a> do cart\u00e3o de cr\u00e9dito, buscando um equil\u00edbrio entre os interesses dos bancos e dos consumidores.<\/p>\n\n\n\t<p>\n\t\t<a href=\"https:\/\/lp.suno.com.br\/ebook-gratuito-investindo-no-exterior\/\" target=\"_blank\" data-element=\"shortcode-suno-banner\" title=\"Banner SUNO, clique e saiba mais\">\n\t\t\t<picture>\n\t\t\t\t<source media=\"(max-width: 500px)\" srcset=\"https:\/\/files.sunoresearch.com.br\/n\/uploads\/2023\/03\/400x300-Investindo-no-exterior.png\">\n\t\t\t\t<img class=\"newsContent__article__imgCapa newsContent__article__imgCapa--banner\"\n\t\t\t\t\tsrc=\"https:\/\/files.sunoresearch.com.br\/n\/uploads\/2023\/03\/1420x240-Investindo-no-exterior.png\"\n\t\t\t\t\tdata-promo-id=\"383161\"\t\t\t\t\t\t\t\t\t\twidth='1420' height='240'\t\t\t\t\talt=\"https:\/\/files.sunoresearch.com.br\/n\/uploads\/2023\/03\/1420x240-Investindo-no-exterior.png\"\n\t\t\t\t>\n\t\t\t<\/picture>\n\t\t<\/a>\n\t<\/p>\n\n\n\n\n\n<h2 class=\"wp-block-heading\">Andamento do programa Desenrola<\/h2>\n\n\n\n<p>Em sua quinta semana em andamento, o programa <strong>Desenrola&nbsp;<\/strong>Brasil trouxe mais n\u00fameros positivos. Entre os dias 17 de julho e 18 de agosto, primeiro m\u00eas do programa, mais de 1,5 milh\u00e3o de contratos de d\u00edvidas foram <a href=\"https:\/\/www.suno.com.br\/noticias\/desenrola-brasil-dividas-contratos-renegociados-cpf\/\" target=\"_blank\" rel=\"noreferrer noopener\">renegociados<\/a>, beneficiando cerca de 1,1 milh\u00e3o de clientes banc\u00e1rios.<\/p>\n\n\n\n<p>As d\u00edvidas banc\u00e1rias de at\u00e9 R$ 100,00 que foram desnegativadas pelas <a class=\"suno-keyword\" target=\"_blank\" data-force=\"no\" data-priority=\"1\" href=\"https:\/\/www.suno.com.br\/artigos\/instituicoes-financeiras\/\" rel=\"noopener\">institui\u00e7\u00f5es financeiras<\/a> participantes j\u00e1 somam aproximadamente 6 milh\u00f5es.<\/p>\n\n\n\n<p>O Desenrola tem como objetivo facilitar a renegocia\u00e7\u00e3o de d\u00edvidas e a recupera\u00e7\u00e3o de cr\u00e9dito. Em seu primeiro m\u00eas de opera\u00e7\u00f5es, o volume financeiro negociado totalizou R$ 9,5 bilh\u00f5es.<\/p>\n\n\n\n<p><em>* Corre\u00e7\u00e3o: O limite dos juros do rotativo do cart\u00e3o de cr\u00e9dito \u00e9 de 100%, independentemente do per\u00edodo. A mat\u00e9ria publicada inicialmente informava que a limita\u00e7\u00e3o dos juros para cobran\u00e7a do cart\u00e3o de cr\u00e9dito seria apenas no primeiro ano. <\/em><\/p>\n\n\n\n<p><em>Com informa\u00e7\u00f5es de Estad\u00e3o Conte\u00fado.<\/em><\/p>\n\n\n\t<p>\n\t\t<a href=\"https:\/\/lp.suno.com.br\/planilha-da-vida-financeira\/\" target=\"_blank\" data-element=\"shortcode-suno-banner\" title=\"Banner SUNO, clique e saiba mais\">\n\t\t\t<picture>\n\t\t\t\t<source media=\"(max-width: 500px)\" srcset=\"https:\/\/files.sunoresearch.com.br\/n\/uploads\/2023\/04\/400x300-Planilha-vida-financeira-true.png\">\n\t\t\t\t<img class=\"newsContent__article__imgCapa newsContent__article__imgCapa--banner\"\n\t\t\t\t\tsrc=\"https:\/\/files.sunoresearch.com.br\/n\/uploads\/2023\/04\/1420x240-Planilha-vida-financeira-true.png\"\n\t\t\t\t\tdata-promo-id=\"383123\"\t\t\t\t\t\t\t\t\t\twidth='1420' height='240'\t\t\t\t\talt=\"https:\/\/files.sunoresearch.com.br\/n\/uploads\/2023\/04\/1420x240-Planilha-vida-financeira-true.png\"\n\t\t\t\t>\n\t\t\t<\/picture>\n\t\t<\/a>\n\t<\/p>\n\n\n","protected":false},"excerpt":{"rendered":"<p>O deputado Alencar Santana (PT-SP), relator da medida provis\u00f3ria do programa Desenrola, anunciou que seu parecer incluir\u00e1 um artigo para limitar os juros do rotativo do cart\u00e3o de cr\u00e9dito a 100%. Na quinta-feira (24), Santana falou que a medida ser\u00e1 incrementada caso o setor financeiro n\u00e3o apresente uma proposta de autorregula\u00e7\u00e3o. Deputado Alencar Santana (PT-SP), [&hellip;]<\/p>\n","protected":false},"author":283,"featured_media":447456,"comment_status":"closed","ping_status":"closed","sticky":false,"template":"","format":"standard","meta":[],"categories":[64],"tags":[289,1556,1752],"suno_strategy":[],"class_list":["post-447269","post","type-post","status-publish","format-standard","has-post-thumbnail","hentry","category-negocios","tag-bancos","tag-governo-federal","tag-taxa-de-juros"],"yoast_head":"<!-- This site is optimized with the Yoast SEO plugin v24.4 - https:\/\/yoast.com\/wordpress\/plugins\/seo\/ -->\n<title>MP do Desenrola Brasil ir\u00e1 limitar a taxa de juros em 100%<\/title>\n<meta name=\"description\" content=\"Segundo o relator do Desenrola, caso n\u00e3o seja apresentada uma proposta de autorregula\u00e7\u00e3o, haver\u00e1 uma limita\u00e7\u00e3o do cr\u00e9dito a 100%.\" \/>\n<meta name=\"robots\" content=\"index, follow, max-snippet:-1, max-image-preview:large, max-video-preview:-1\" \/>\n<link rel=\"canonical\" href=\"https:\/\/www.suno.com.br\/noticias\/relatorio-desenrola-limita-taxa-juros-cpf\/\" \/>\n<meta property=\"og:locale\" content=\"pt_BR\" \/>\n<meta property=\"og:type\" content=\"article\" \/>\n<meta property=\"og:title\" content=\"MP do Desenrola Brasil ir\u00e1 limitar a taxa de juros em 100%\" \/>\n<meta property=\"og:description\" content=\"Segundo o relator do Desenrola, caso n\u00e3o seja apresentada uma proposta de autorregula\u00e7\u00e3o, haver\u00e1 uma limita\u00e7\u00e3o do cr\u00e9dito a 100%.\" \/>\n<meta property=\"og:url\" content=\"https:\/\/www.suno.com.br\/noticias\/relatorio-desenrola-limita-taxa-juros-cpf\/\" \/>\n<meta property=\"og:site_name\" content=\"Suno Not\u00edcias\" \/>\n<meta property=\"article:publisher\" content=\"https:\/\/facebook.com\/sunoresearch\" \/>\n<meta property=\"og:image\" content=\"https:\/\/files.sunoresearch.com.br\/n\/uploads\/2023\/08\/alencar-santana-relator-desenrola.jpg\" \/>\n\t<meta property=\"og:image:width\" content=\"1200\" \/>\n\t<meta property=\"og:image:height\" content=\"800\" \/>\n\t<meta property=\"og:image:type\" content=\"image\/jpeg\" \/>\n<meta name=\"author\" content=\"Camila Paim\" \/>\n<meta name=\"twitter:card\" content=\"summary_large_image\" \/>\n<meta name=\"twitter:creator\" content=\"@sunoresearch\" \/>\n<meta name=\"twitter:site\" content=\"@sunoresearch\" \/>\n<meta name=\"twitter:label1\" content=\"Escrito por\" \/>\n\t<meta name=\"twitter:data1\" content=\"Camila Paim\" \/>\n\t<meta name=\"twitter:label2\" content=\"Est. tempo de leitura\" \/>\n\t<meta name=\"twitter:data2\" content=\"3 minutos\" \/>\n<script type=\"application\/ld+json\" class=\"yoast-schema-graph\">{\"@context\":\"https:\/\/schema.org\",\"@graph\":[{\"@type\":\"NewsArticle\",\"@id\":\"https:\/\/www.suno.com.br\/noticias\/relatorio-desenrola-limita-taxa-juros-cpf\/#article\",\"isPartOf\":{\"@id\":\"https:\/\/www.suno.com.br\/noticias\/relatorio-desenrola-limita-taxa-juros-cpf\/\"},\"author\":{\"name\":\"Camila Paim\",\"@id\":\"https:\/\/www.suno.com.br\/noticias\/#\/schema\/person\/f341d3ae5d1cc685176c9a5327cdfdbb\"},\"headline\":\"MP do Desenrola Brasil ir\u00e1 limitar a taxa de juros em 100%\",\"datePublished\":\"2023-08-25T14:15:56+00:00\",\"dateModified\":\"2023-08-25T16:58:17+00:00\",\"mainEntityOfPage\":{\"@id\":\"https:\/\/www.suno.com.br\/noticias\/relatorio-desenrola-limita-taxa-juros-cpf\/\"},\"wordCount\":550,\"publisher\":{\"@id\":\"https:\/\/www.suno.com.br\/noticias\/#organization\"},\"image\":{\"@id\":\"https:\/\/www.suno.com.br\/noticias\/relatorio-desenrola-limita-taxa-juros-cpf\/#primaryimage\"},\"thumbnailUrl\":\"https:\/\/files.sunoresearch.com.br\/n\/uploads\/2023\/08\/alencar-santana-relator-desenrola.jpg\",\"keywords\":[\"bancos\",\"governo federal\",\"taxa de juros\"],\"articleSection\":[\"Neg\u00f3cios\"],\"inLanguage\":\"pt-BR\"},{\"@type\":\"WebPage\",\"@id\":\"https:\/\/www.suno.com.br\/noticias\/relatorio-desenrola-limita-taxa-juros-cpf\/\",\"url\":\"https:\/\/www.suno.com.br\/noticias\/relatorio-desenrola-limita-taxa-juros-cpf\/\",\"name\":\"MP do Desenrola Brasil ir\u00e1 limitar a taxa de juros em 100%\",\"isPartOf\":{\"@id\":\"https:\/\/www.suno.com.br\/noticias\/#website\"},\"primaryImageOfPage\":{\"@id\":\"https:\/\/www.suno.com.br\/noticias\/relatorio-desenrola-limita-taxa-juros-cpf\/#primaryimage\"},\"image\":{\"@id\":\"https:\/\/www.suno.com.br\/noticias\/relatorio-desenrola-limita-taxa-juros-cpf\/#primaryimage\"},\"thumbnailUrl\":\"https:\/\/files.sunoresearch.com.br\/n\/uploads\/2023\/08\/alencar-santana-relator-desenrola.jpg\",\"datePublished\":\"2023-08-25T14:15:56+00:00\",\"dateModified\":\"2023-08-25T16:58:17+00:00\",\"description\":\"Segundo o relator do Desenrola, caso n\u00e3o seja apresentada uma proposta de autorregula\u00e7\u00e3o, haver\u00e1 uma limita\u00e7\u00e3o do cr\u00e9dito a 100%.\",\"breadcrumb\":{\"@id\":\"https:\/\/www.suno.com.br\/noticias\/relatorio-desenrola-limita-taxa-juros-cpf\/#breadcrumb\"},\"inLanguage\":\"pt-BR\",\"potentialAction\":[{\"@type\":\"ReadAction\",\"target\":[\"https:\/\/www.suno.com.br\/noticias\/relatorio-desenrola-limita-taxa-juros-cpf\/\"]}]},{\"@type\":\"ImageObject\",\"inLanguage\":\"pt-BR\",\"@id\":\"https:\/\/www.suno.com.br\/noticias\/relatorio-desenrola-limita-taxa-juros-cpf\/#primaryimage\",\"url\":\"https:\/\/files.sunoresearch.com.br\/n\/uploads\/2023\/08\/alencar-santana-relator-desenrola.jpg\",\"contentUrl\":\"https:\/\/files.sunoresearch.com.br\/n\/uploads\/2023\/08\/alencar-santana-relator-desenrola.jpg\",\"width\":1200,\"height\":800,\"caption\":\"Deputado Alencar Santana (PT-SP), relator da medida provis\u00f3ria do programa Desenrola - Foto: Reprodu\u00e7\u00e3o\/ C\u00e2mara dos Deputados\"},{\"@type\":\"BreadcrumbList\",\"@id\":\"https:\/\/www.suno.com.br\/noticias\/relatorio-desenrola-limita-taxa-juros-cpf\/#breadcrumb\",\"itemListElement\":[{\"@type\":\"ListItem\",\"position\":1,\"name\":\"Not\u00edcias\",\"item\":\"https:\/\/www.suno.com.br\/noticias\/\"},{\"@type\":\"ListItem\",\"position\":2,\"name\":\"Neg\u00f3cios\",\"item\":\"https:\/\/www.suno.com.br\/noticias\/negocios\/\"},{\"@type\":\"ListItem\",\"position\":3,\"name\":\"MP do Desenrola Brasil ir\u00e1 limitar a taxa de juros em 100%\"}]},{\"@type\":\"WebSite\",\"@id\":\"https:\/\/www.suno.com.br\/noticias\/#website\",\"url\":\"https:\/\/www.suno.com.br\/noticias\/\",\"name\":\"Suno Not\u00edcias\",\"description\":\"Seu portal de informa\u00e7\u00e3o sobre o mundo dos investimentos\",\"publisher\":{\"@id\":\"https:\/\/www.suno.com.br\/noticias\/#organization\"},\"potentialAction\":[{\"@type\":\"SearchAction\",\"target\":{\"@type\":\"EntryPoint\",\"urlTemplate\":\"https:\/\/www.suno.com.br\/noticias\/?s={search_term_string}\"},\"query-input\":{\"@type\":\"PropertyValueSpecification\",\"valueRequired\":true,\"valueName\":\"search_term_string\"}}],\"inLanguage\":\"pt-BR\"},{\"@type\":\"Organization\",\"@id\":\"https:\/\/www.suno.com.br\/noticias\/#organization\",\"name\":\"Suno Not\u00edcias\",\"url\":\"https:\/\/www.suno.com.br\/noticias\/\",\"logo\":{\"@type\":\"ImageObject\",\"inLanguage\":\"pt-BR\",\"@id\":\"https:\/\/www.suno.com.br\/noticias\/#\/schema\/logo\/image\/\",\"url\":\"https:\/\/files.sunoresearch.com.br\/n\/uploads\/2021\/09\/suno-logo.png\",\"contentUrl\":\"https:\/\/files.sunoresearch.com.br\/n\/uploads\/2021\/09\/suno-logo.png\",\"width\":180,\"height\":180,\"caption\":\"Suno Not\u00edcias\"},\"image\":{\"@id\":\"https:\/\/www.suno.com.br\/noticias\/#\/schema\/logo\/image\/\"},\"sameAs\":[\"https:\/\/facebook.com\/sunoresearch\",\"https:\/\/x.com\/sunoresearch\",\"https:\/\/www.instagram.com\/suno\",\"https:\/\/www.linkedin.com\/company\/suno-research\/\",\"https:\/\/www.youtube.com\/c\/sunoresearch\"]},{\"@type\":\"Person\",\"@id\":\"https:\/\/www.suno.com.br\/noticias\/#\/schema\/person\/f341d3ae5d1cc685176c9a5327cdfdbb\",\"name\":\"Camila Paim\",\"image\":{\"@type\":\"ImageObject\",\"inLanguage\":\"pt-BR\",\"@id\":\"https:\/\/www.suno.com.br\/noticias\/#\/schema\/person\/image\/\",\"url\":\"https:\/\/secure.gravatar.com\/avatar\/f33728e65febb1aa7ecf6792956f9b20?s=96&r=g\",\"contentUrl\":\"https:\/\/secure.gravatar.com\/avatar\/f33728e65febb1aa7ecf6792956f9b20?s=96&r=g\",\"caption\":\"Camila Paim\"},\"description\":\"Jornalista formada pela USP, tem experi\u00eancia em reda\u00e7\u00f5es, SEO, Branded Content e Webdesign. Com passagem pelo Jornal da USP, Empiricus e C6 Bank, hoje \u00e9 rep\u00f3rter no Suno Not\u00edcias cobrindo macroeconomia, finan\u00e7as pessoais e startups.\",\"url\":\"https:\/\/www.suno.com.br\/noticias\/author\/camila-figueiredosuno-com-br\/\"}]}<\/script>\n<!-- \/ Yoast SEO plugin. -->","yoast_head_json":{"title":"MP do Desenrola Brasil ir\u00e1 limitar a taxa de juros em 100%","description":"Segundo o relator do Desenrola, caso n\u00e3o seja apresentada uma proposta de autorregula\u00e7\u00e3o, haver\u00e1 uma limita\u00e7\u00e3o do cr\u00e9dito a 100%.","robots":{"index":"index","follow":"follow","max-snippet":"max-snippet:-1","max-image-preview":"max-image-preview:large","max-video-preview":"max-video-preview:-1"},"canonical":"https:\/\/www.suno.com.br\/noticias\/relatorio-desenrola-limita-taxa-juros-cpf\/","og_locale":"pt_BR","og_type":"article","og_title":"MP do Desenrola Brasil ir\u00e1 limitar a taxa de juros em 100%","og_description":"Segundo o relator do Desenrola, caso n\u00e3o seja apresentada uma proposta de autorregula\u00e7\u00e3o, haver\u00e1 uma limita\u00e7\u00e3o do cr\u00e9dito a 100%.","og_url":"https:\/\/www.suno.com.br\/noticias\/relatorio-desenrola-limita-taxa-juros-cpf\/","og_site_name":"Suno Not\u00edcias","article_publisher":"https:\/\/facebook.com\/sunoresearch","og_image":[{"width":1200,"height":800,"url":"https:\/\/files.sunoresearch.com.br\/n\/uploads\/2023\/08\/alencar-santana-relator-desenrola.jpg","type":"image\/jpeg"}],"author":"Camila Paim","twitter_card":"summary_large_image","twitter_creator":"@sunoresearch","twitter_site":"@sunoresearch","twitter_misc":{"Escrito por":"Camila Paim","Est. tempo de leitura":"3 minutos"},"schema":{"@context":"https:\/\/schema.org","@graph":[{"@type":"NewsArticle","@id":"https:\/\/www.suno.com.br\/noticias\/relatorio-desenrola-limita-taxa-juros-cpf\/#article","isPartOf":{"@id":"https:\/\/www.suno.com.br\/noticias\/relatorio-desenrola-limita-taxa-juros-cpf\/"},"author":{"name":"Camila Paim","@id":"https:\/\/www.suno.com.br\/noticias\/#\/schema\/person\/f341d3ae5d1cc685176c9a5327cdfdbb"},"headline":"MP do Desenrola Brasil ir\u00e1 limitar a taxa de juros em 100%","datePublished":"2023-08-25T14:15:56+00:00","dateModified":"2023-08-25T16:58:17+00:00","mainEntityOfPage":{"@id":"https:\/\/www.suno.com.br\/noticias\/relatorio-desenrola-limita-taxa-juros-cpf\/"},"wordCount":550,"publisher":{"@id":"https:\/\/www.suno.com.br\/noticias\/#organization"},"image":{"@id":"https:\/\/www.suno.com.br\/noticias\/relatorio-desenrola-limita-taxa-juros-cpf\/#primaryimage"},"thumbnailUrl":"https:\/\/files.sunoresearch.com.br\/n\/uploads\/2023\/08\/alencar-santana-relator-desenrola.jpg","keywords":["bancos","governo federal","taxa de juros"],"articleSection":["Neg\u00f3cios"],"inLanguage":"pt-BR"},{"@type":"WebPage","@id":"https:\/\/www.suno.com.br\/noticias\/relatorio-desenrola-limita-taxa-juros-cpf\/","url":"https:\/\/www.suno.com.br\/noticias\/relatorio-desenrola-limita-taxa-juros-cpf\/","name":"MP do Desenrola Brasil ir\u00e1 limitar a taxa de juros em 100%","isPartOf":{"@id":"https:\/\/www.suno.com.br\/noticias\/#website"},"primaryImageOfPage":{"@id":"https:\/\/www.suno.com.br\/noticias\/relatorio-desenrola-limita-taxa-juros-cpf\/#primaryimage"},"image":{"@id":"https:\/\/www.suno.com.br\/noticias\/relatorio-desenrola-limita-taxa-juros-cpf\/#primaryimage"},"thumbnailUrl":"https:\/\/files.sunoresearch.com.br\/n\/uploads\/2023\/08\/alencar-santana-relator-desenrola.jpg","datePublished":"2023-08-25T14:15:56+00:00","dateModified":"2023-08-25T16:58:17+00:00","description":"Segundo o relator do Desenrola, caso n\u00e3o seja apresentada uma proposta de autorregula\u00e7\u00e3o, haver\u00e1 uma limita\u00e7\u00e3o do cr\u00e9dito a 100%.","breadcrumb":{"@id":"https:\/\/www.suno.com.br\/noticias\/relatorio-desenrola-limita-taxa-juros-cpf\/#breadcrumb"},"inLanguage":"pt-BR","potentialAction":[{"@type":"ReadAction","target":["https:\/\/www.suno.com.br\/noticias\/relatorio-desenrola-limita-taxa-juros-cpf\/"]}]},{"@type":"ImageObject","inLanguage":"pt-BR","@id":"https:\/\/www.suno.com.br\/noticias\/relatorio-desenrola-limita-taxa-juros-cpf\/#primaryimage","url":"https:\/\/files.sunoresearch.com.br\/n\/uploads\/2023\/08\/alencar-santana-relator-desenrola.jpg","contentUrl":"https:\/\/files.sunoresearch.com.br\/n\/uploads\/2023\/08\/alencar-santana-relator-desenrola.jpg","width":1200,"height":800,"caption":"Deputado Alencar Santana (PT-SP), relator da medida provis\u00f3ria do programa Desenrola - Foto: Reprodu\u00e7\u00e3o\/ C\u00e2mara dos Deputados"},{"@type":"BreadcrumbList","@id":"https:\/\/www.suno.com.br\/noticias\/relatorio-desenrola-limita-taxa-juros-cpf\/#breadcrumb","itemListElement":[{"@type":"ListItem","position":1,"name":"Not\u00edcias","item":"https:\/\/www.suno.com.br\/noticias\/"},{"@type":"ListItem","position":2,"name":"Neg\u00f3cios","item":"https:\/\/www.suno.com.br\/noticias\/negocios\/"},{"@type":"ListItem","position":3,"name":"MP do Desenrola Brasil ir\u00e1 limitar a taxa de juros em 100%"}]},{"@type":"WebSite","@id":"https:\/\/www.suno.com.br\/noticias\/#website","url":"https:\/\/www.suno.com.br\/noticias\/","name":"Suno Not\u00edcias","description":"Seu portal de informa\u00e7\u00e3o sobre o mundo dos investimentos","publisher":{"@id":"https:\/\/www.suno.com.br\/noticias\/#organization"},"potentialAction":[{"@type":"SearchAction","target":{"@type":"EntryPoint","urlTemplate":"https:\/\/www.suno.com.br\/noticias\/?s={search_term_string}"},"query-input":{"@type":"PropertyValueSpecification","valueRequired":true,"valueName":"search_term_string"}}],"inLanguage":"pt-BR"},{"@type":"Organization","@id":"https:\/\/www.suno.com.br\/noticias\/#organization","name":"Suno Not\u00edcias","url":"https:\/\/www.suno.com.br\/noticias\/","logo":{"@type":"ImageObject","inLanguage":"pt-BR","@id":"https:\/\/www.suno.com.br\/noticias\/#\/schema\/logo\/image\/","url":"https:\/\/files.sunoresearch.com.br\/n\/uploads\/2021\/09\/suno-logo.png","contentUrl":"https:\/\/files.sunoresearch.com.br\/n\/uploads\/2021\/09\/suno-logo.png","width":180,"height":180,"caption":"Suno Not\u00edcias"},"image":{"@id":"https:\/\/www.suno.com.br\/noticias\/#\/schema\/logo\/image\/"},"sameAs":["https:\/\/facebook.com\/sunoresearch","https:\/\/x.com\/sunoresearch","https:\/\/www.instagram.com\/suno","https:\/\/www.linkedin.com\/company\/suno-research\/","https:\/\/www.youtube.com\/c\/sunoresearch"]},{"@type":"Person","@id":"https:\/\/www.suno.com.br\/noticias\/#\/schema\/person\/f341d3ae5d1cc685176c9a5327cdfdbb","name":"Camila Paim","image":{"@type":"ImageObject","inLanguage":"pt-BR","@id":"https:\/\/www.suno.com.br\/noticias\/#\/schema\/person\/image\/","url":"https:\/\/secure.gravatar.com\/avatar\/f33728e65febb1aa7ecf6792956f9b20?s=96&r=g","contentUrl":"https:\/\/secure.gravatar.com\/avatar\/f33728e65febb1aa7ecf6792956f9b20?s=96&r=g","caption":"Camila Paim"},"description":"Jornalista formada pela USP, tem experi\u00eancia em reda\u00e7\u00f5es, SEO, Branded Content e Webdesign. Com passagem pelo Jornal da USP, Empiricus e C6 Bank, hoje \u00e9 rep\u00f3rter no Suno Not\u00edcias cobrindo macroeconomia, finan\u00e7as pessoais e startups.","url":"https:\/\/www.suno.com.br\/noticias\/author\/camila-figueiredosuno-com-br\/"}]}},"default_loop_html":"<div class=\"cardsPage__listCard__boxs\"><div class=\"cardsPage__listCard__boxs__img\"><a href=\"https:\/\/www.suno.com.br\/noticias\/relatorio-desenrola-limita-taxa-juros-cpf\/\"><img class=\"mask\" src=\"https:\/\/www.suno.com.br\/noticias\/wp-content\/themes\/suno\/resources\/images\/spotlight\/spotlight1img\/bg-mask.png\" alt=\"Image Mask\"\/><img src=\"https:\/\/files.sunoresearch.com.br\/n\/uploads\/2023\/08\/alencar-santana-relator-desenrola-400x200.jpg\" alt=\"MP do Desenrola Brasil ir\u00e1 limitar a taxa de juros em 100%\"\/><\/a><span class=\"spotlightCategory\"><a href=\"https:\/\/www.suno.com.br\/noticias\/negocios\/\">Neg\u00f3cios<\/a><\/span><\/div><div class=\"cardsPage__listCard__boxs__content\"><a href=\"https:\/\/www.suno.com.br\/noticias\/relatorio-desenrola-limita-taxa-juros-cpf\/\"><h2 class=\"content__title\">MP do Desenrola Brasil ir\u00e1 limitar a taxa de juros em 100%<\/h2><\/a><div class=\"newsContent__article__meta\"><div class=\"newsContent__article__meta__authorBox\"><a href=\"https:\/\/www.suno.com.br\/noticias\/author\/camila-figueiredosuno-com-br\/\" class=\"authorBox__avatar noMobi\"><img src=\"https:\/\/files.sunoresearch.com.br\/n\/uploads\/2024\/05\/camila-paim-square-150x150.jpg\" alt=\"Camila Paim\"><\/a><div class=\"authorBox__name\"><span>por\n\t\t\t<a href=\"https:\/\/www.suno.com.br\/noticias\/author\/camila-figueiredosuno-com-br\/\"><span itemprop=\"author\">Camila Paim<\/span><\/a><\/span><time datetime=\"2023-08-25T11:15:56-03:00\" itemprop=\"datePublished\">25\/08\/2023 11:15<\/time><\/div><\/div><\/div><\/div><\/div>","single_layout":"posts","amp_enabled":true,"_links":{"self":[{"href":"https:\/\/www.suno.com.br\/noticias\/wp-json\/wp\/v2\/posts\/447269"}],"collection":[{"href":"https:\/\/www.suno.com.br\/noticias\/wp-json\/wp\/v2\/posts"}],"about":[{"href":"https:\/\/www.suno.com.br\/noticias\/wp-json\/wp\/v2\/types\/post"}],"author":[{"embeddable":true,"href":"https:\/\/www.suno.com.br\/noticias\/wp-json\/wp\/v2\/users\/283"}],"replies":[{"embeddable":true,"href":"https:\/\/www.suno.com.br\/noticias\/wp-json\/wp\/v2\/comments?post=447269"}],"version-history":[{"count":2,"href":"https:\/\/www.suno.com.br\/noticias\/wp-json\/wp\/v2\/posts\/447269\/revisions"}],"predecessor-version":[{"id":447542,"href":"https:\/\/www.suno.com.br\/noticias\/wp-json\/wp\/v2\/posts\/447269\/revisions\/447542"}],"wp:featuredmedia":[{"embeddable":true,"href":"https:\/\/www.suno.com.br\/noticias\/wp-json\/wp\/v2\/media\/447456"}],"wp:attachment":[{"href":"https:\/\/www.suno.com.br\/noticias\/wp-json\/wp\/v2\/media?parent=447269"}],"wp:term":[{"taxonomy":"category","embeddable":true,"href":"https:\/\/www.suno.com.br\/noticias\/wp-json\/wp\/v2\/categories?post=447269"},{"taxonomy":"post_tag","embeddable":true,"href":"https:\/\/www.suno.com.br\/noticias\/wp-json\/wp\/v2\/tags?post=447269"},{"taxonomy":"suno_strategy","embeddable":true,"href":"https:\/\/www.suno.com.br\/noticias\/wp-json\/wp\/v2\/suno_strategy?post=447269"}],"curies":[{"name":"wp","href":"https:\/\/api.w.org\/{rel}","templated":true}]}}