{"id":447060,"date":"2023-08-24T20:12:18","date_gmt":"2023-08-24T23:12:18","guid":{"rendered":"https:\/\/www.suno.com.br\/noticias\/?p=447060"},"modified":"2023-08-24T20:14:13","modified_gmt":"2023-08-24T23:14:13","slug":"cpi-aprova-quebra-sigilo-bancario-donos-123-milhas-va","status":"publish","type":"post","link":"https:\/\/www.suno.com.br\/noticias\/cpi-aprova-quebra-sigilo-bancario-donos-123-milhas-va\/","title":{"rendered":"CPI aprova quebra de sigilo banc\u00e1rio de donos da 123 milhas, Cau\u00e3 Reymond, Tat\u00e1 Werneck e Marcelo Tas"},"content":{"rendered":"<p>A Comiss\u00e3o Parlamentar de Inqu\u00e9rito (<strong>CPI<\/strong>) das Pir\u00e2mides Financeiras aprovou a quebra do <a class=\"suno-keyword\" data-force=\"no\" data-priority=\"1\" href=\"https:\/\/www.suno.com.br\/artigos\/sigilo-bancario\/\" target=\"_blank\" rel=\"noopener\">sigilo banc\u00e1rio<\/a> dos atores Cau\u00e3 Reymond, Tat\u00e1 Werneck e Marcelo Tas, ap\u00f3s realizarem publicidade para a Atlas Quantum \u2013 empresa que usava bitcoins em opera\u00e7\u00f5es financeiras e lesou em R$ 2 bilh\u00f5es os clientes. A CPI tamb\u00e9m solicitou a quebra de sigilo dos donos da 123 milhas. <\/p>\t<div class=\"wrapper-featured-image\">\n\t\t<figure class=\"spotlightImg\">\n\n\t\t\t<picture>\n\t\t\t\t<source media=\"(max-width: 768px)\" srcset=\"https:\/\/files.sunoresearch.com.br\/n\/uploads\/2023\/08\/123-Milhas-400x200.jpg\">\n\t\t\t\t<img loading=\"lazy\" decoding=\"async\" class=\"newsContent__article__imgCapa lazyloadDisabled \" src=\"https:\/\/files.sunoresearch.com.br\/n\/uploads\/2023\/08\/123-Milhas-800x450.jpg\" width=\"800\" height=\"450\" alt=\"CPI aprova quebra de sigilo banc\u00e1rio de donos da 123 milhas, Cau\u00e3 Reymond, Tat\u00e1 Werneck e Marcelo Tas\" fetchpriority=high \/>\n\t\t\t<\/picture>\n\n\t\t\t<figcaption class=\"wp-caption-text wp-caption-text--show\">123 Milhas. Foto: Divulga\u00e7\u00e3o<\/figcaption>\n\t\t<\/figure>\n\t<\/div>\n\n\n\n\n\n\n<p>Segundo a ag\u00eancia de not\u00edcias da C\u00e2mara, a comiss\u00e3o tentou ouvir o depoimento dos artistas, mas, amparados por habeas corpus concedidos pelo Supremo Tribunal Federal (STF), nenhum deles compareceu \u00e0 CPI.<\/p>\n\n\n\t<p>\n\t\t<a href=\"https:\/\/lp.suno.com.br\/planilha-da-vida-financeira\/\" target=\"_blank\" data-element=\"shortcode-suno-banner\" title=\"Banner SUNO, clique e saiba mais\">\n\t\t\t<picture>\n\t\t\t\t<source media=\"(max-width: 500px)\" srcset=\"https:\/\/files.sunoresearch.com.br\/n\/uploads\/2023\/04\/400x300-Planilha-vida-financeira-true.png\">\n\t\t\t\t<img class=\"newsContent__article__imgCapa newsContent__article__imgCapa--banner\"\n\t\t\t\t\tsrc=\"https:\/\/files.sunoresearch.com.br\/n\/uploads\/2023\/04\/1420x240-Planilha-vida-financeira-true.png\"\n\t\t\t\t\tdata-promo-id=\"383123\"\t\t\t\t\t\t\t\t\t\twidth='1420' height='240'\t\t\t\t\talt=\"https:\/\/files.sunoresearch.com.br\/n\/uploads\/2023\/04\/1420x240-Planilha-vida-financeira-true.png\"\n\t\t\t\t>\n\t\t\t<\/picture>\n\t\t<\/a>\n\t<\/p>\n\n\n\n\n\n<p>A <strong>medida sobre a CPI<\/strong> foi protocolada pelo deputado Paulo Bilynskyj (PL-SP). Segundo o deputado, a a\u00e7\u00e3o \u00e9 necess\u00e1ria para identificar se os atores receberam alguma quantia ap\u00f3s o fim da atividade da Atlas Quantum, em agosto de 2019.<\/p>\n\n\n\n<p>\u201c\u00c9 necess\u00e1rio, ainda, identificar se os investigados receberam seus pagamentos em forma de participa\u00e7\u00e3o na sociedade ou nos lucros da mesma\u201d, afirmou Bilynskyj.<\/p>\n\n\n\n<p>O deputado Glauber Braga (Psol-RJ) foi o \u00fanico parlamentar a criticar a quebra do sigilo, que considerou \u201cprematura\u201d.<\/p>\n\n\n\n<h2 class=\"wp-block-heading\">123 Milhas: donos s\u00e3o convocados<\/h2>\n\n\n\n<p>Os<strong> parlamentares da CPI <\/strong>tamb\u00e9m convocaram, na condi\u00e7\u00e3o de testemunhas, os empres\u00e1rios Ramiro J\u00falio Soares Madureira e Augusto J\u00falio Soares Madureira, donos da 123 Milhas, al\u00e9m de solicitar a quebra do <a class=\"suno-keyword\" data-force=\"no\" data-priority=\"1\" href=\"https:\/\/www.suno.com.br\/artigos\/sigilo-bancario\/\" target=\"_blank\" rel=\"noopener\">sigilo banc\u00e1rio<\/a> da empresa e dos dois s\u00f3cios.<\/p>\n\n\n\n\t<div data-element=\"shortcode-read-more\" class=\"readToo\">\n\t\t\t\t<span class=\"readToo__title\">Leia mais<\/span>\n\t\t\t\t<ul class=\"readToo__list\">\n\t\t\t<li><a href=\"https:\/\/www.suno.com.br\/noticias\/123milhas-mpf-cobra-caixa-ressarcir-consumidores\/\">123milhas: MPF cobra empresa para ressarcir consumidores em dinheiro<\/a><\/li><li><a href=\"https:\/\/www.suno.com.br\/noticias\/123milhas-entidade-acao-civil-pedindo-bloqueio-contas-va\/\">Entidade pede bloqueio das contas da 123milhas em a\u00e7\u00e3o civil<\/a><\/li>\t\t<\/ul>\n\t<\/div>\n\n\n\n\n<p>A decis\u00e3o ocorre ap\u00f3s a  ag\u00eancia de viagens 123Milhas anunciar a suspens\u00e3o dos seus pacotes e a emiss\u00e3o de passagens da sua linha promocional, afetando todas as viagens j\u00e1 contratadas da linha \u201cPromo\u201d com datas flex\u00edveis.<\/p>\n\n\n\t<p>\n\t\t<a href=\"https:\/\/lp.suno.com.br\/ebook-10-livros\/\" target=\"_blank\" data-element=\"shortcode-suno-banner\" title=\"Banner SUNO, clique e saiba mais\">\n\t\t\t<picture>\n\t\t\t\t<source media=\"(max-width: 500px)\" srcset=\"https:\/\/files.sunoresearch.com.br\/n\/uploads\/2023\/03\/400x300-10-livros.png\">\n\t\t\t\t<img class=\"newsContent__article__imgCapa newsContent__article__imgCapa--banner\"\n\t\t\t\t\tsrc=\"https:\/\/files.sunoresearch.com.br\/n\/uploads\/2023\/03\/1420x240-10-livros.png\"\n\t\t\t\t\tdata-promo-id=\"383159\"\t\t\t\t\t\t\t\t\t\twidth='1420' height='240'\t\t\t\t\talt=\"https:\/\/files.sunoresearch.com.br\/n\/uploads\/2023\/03\/1420x240-10-livros.png\"\n\t\t\t\t>\n\t\t\t<\/picture>\n\t\t<\/a>\n\t<\/p>\n\n\n\n\n\n<p>As viagens da 123Milhas que foram canceladas contemplam as que tinham embarques previstos de setembro a dezembro de 2023.<\/p>\n\n\n\n<h2 class=\"wp-block-heading\">CPI das Pir\u00e2mides Financeiras<\/h2>\n\n\n\n<p>A comiss\u00e3o foi instalada em junho e tem 120 dias para concluir os trabalhos. Prazo que pode ser prorrogado por mais 60 dias, desde que haja requerimento assinado por 1\/3 dos deputados.<\/p>\n\n\n\n<p>A <strong>CPI<\/strong> investiga esquemas de pir\u00e2mides financeiras com o uso de criptomoedas. Segundo a <a class=\"suno-keyword\" data-force=\"no\" data-priority=\"2\" href=\"https:\/\/www.suno.com.br\/artigos\/cvm\/\" target=\"_blank\" rel=\"noopener\">Comiss\u00e3o de Valores Mobili\u00e1rios (CVM)<\/a>, ao todo, 11 empresas teriam realizado fraudes utilizando <a class=\"suno-keyword\" data-force=\"no\" data-priority=\"1\" href=\"https:\/\/www.suno.com.br\/artigos\/moeda-digital\/\" target=\"_blank\" rel=\"noopener\">moeda digital<\/a>, como a divulga\u00e7\u00e3o de informa\u00e7\u00f5es falsas e promessa de rentabilidade alta ou garantida para atrair as v\u00edtimas e sustentar o esquema de pir\u00e2mide.<\/p>\n\n\n\n<p>Com Ag\u00eancia C\u00e2mara de Not\u00edcias<\/p>\n\n\n\n\n\t<p>\n\t\t<a href=\"https:\/\/lp.suno.com.br\/planilha-da-vida-financeira\/\" target=\"_blank\" data-element=\"shortcode-suno-banner\" title=\"Banner SUNO, clique e saiba mais\">\n\t\t\t<picture>\n\t\t\t\t<source media=\"(max-width: 500px)\" srcset=\"https:\/\/files.sunoresearch.com.br\/n\/uploads\/2023\/04\/400x300-Planilha-vida-financeira-true.png\">\n\t\t\t\t<img class=\"newsContent__article__imgCapa newsContent__article__imgCapa--banner\"\n\t\t\t\t\tsrc=\"https:\/\/files.sunoresearch.com.br\/n\/uploads\/2023\/04\/1420x240-Planilha-vida-financeira-true.png\"\n\t\t\t\t\tdata-promo-id=\"383123\"\t\t\t\t\t\t\t\t\t\twidth='1420' height='240'\t\t\t\t\talt=\"https:\/\/files.sunoresearch.com.br\/n\/uploads\/2023\/04\/1420x240-Planilha-vida-financeira-true.png\"\n\t\t\t\t>\n\t\t\t<\/picture>\n\t\t<\/a>\n\t<\/p>\n\n\n","protected":false},"excerpt":{"rendered":"<p>A Comiss\u00e3o Parlamentar de Inqu\u00e9rito (CPI) das Pir\u00e2mides Financeiras aprovou a quebra do sigilo banc\u00e1rio dos atores Cau\u00e3 Reymond, Tat\u00e1 Werneck e Marcelo Tas, ap\u00f3s realizarem publicidade para a Atlas Quantum \u2013 empresa que usava bitcoins em opera\u00e7\u00f5es financeiras e lesou em R$ 2 bilh\u00f5es os clientes. A CPI tamb\u00e9m solicitou a quebra de sigilo [&hellip;]<\/p>\n","protected":false},"author":301,"featured_media":446010,"comment_status":"closed","ping_status":"closed","sticky":false,"template":"","format":"standard","meta":[],"categories":[61],"tags":[901,329,1178],"suno_strategy":[],"class_list":["post-447060","post","type-post","status-publish","format-standard","has-post-thumbnail","hentry","category-politica","tag-congresso-nacional","tag-financas-pessoais","tag-ministerio-do-turismo"],"yoast_head":"<!-- This site is optimized with the Yoast SEO plugin v24.4 - https:\/\/yoast.com\/wordpress\/plugins\/seo\/ -->\n<title>CPI quebra sigilo de donos da 123 milhas, Cau\u00e3 Reymond e Tat\u00e1 Werneck<\/title>\n<meta name=\"description\" content=\"A CPI das Pir\u00e2mides Financeiras aprovou a quebra do sigilo dos donos da 123 milhas, dos atores Cau\u00e3 Reymond, Tat\u00e1 Werneck e Marcelo Tas.\" \/>\n<meta name=\"robots\" content=\"index, follow, max-snippet:-1, max-image-preview:large, max-video-preview:-1\" \/>\n<link rel=\"canonical\" href=\"https:\/\/www.suno.com.br\/noticias\/cpi-aprova-quebra-sigilo-bancario-donos-123-milhas-va\/\" \/>\n<meta property=\"og:locale\" content=\"pt_BR\" \/>\n<meta property=\"og:type\" content=\"article\" \/>\n<meta property=\"og:title\" content=\"CPI quebra sigilo de donos da 123 milhas, Cau\u00e3 Reymond e Tat\u00e1 Werneck\" \/>\n<meta property=\"og:description\" content=\"A CPI das Pir\u00e2mides Financeiras aprovou a quebra do sigilo dos donos da 123 milhas, dos atores Cau\u00e3 Reymond, Tat\u00e1 Werneck e Marcelo Tas.\" \/>\n<meta property=\"og:url\" content=\"https:\/\/www.suno.com.br\/noticias\/cpi-aprova-quebra-sigilo-bancario-donos-123-milhas-va\/\" \/>\n<meta property=\"og:site_name\" content=\"Suno Not\u00edcias\" \/>\n<meta property=\"article:publisher\" content=\"https:\/\/facebook.com\/sunoresearch\" \/>\n<meta property=\"og:image\" content=\"https:\/\/files.sunoresearch.com.br\/n\/uploads\/2023\/08\/123-Milhas.jpg\" \/>\n\t<meta property=\"og:image:width\" content=\"1550\" \/>\n\t<meta property=\"og:image:height\" content=\"814\" \/>\n\t<meta property=\"og:image:type\" content=\"image\/jpeg\" \/>\n<meta name=\"author\" content=\"Vin\u00edcius Alves\" \/>\n<meta name=\"twitter:card\" content=\"summary_large_image\" \/>\n<meta name=\"twitter:creator\" content=\"@sunoresearch\" \/>\n<meta name=\"twitter:site\" content=\"@sunoresearch\" \/>\n<meta name=\"twitter:label1\" content=\"Escrito por\" \/>\n\t<meta name=\"twitter:data1\" content=\"Vin\u00edcius Alves\" \/>\n\t<meta name=\"twitter:label2\" content=\"Est. tempo de leitura\" \/>\n\t<meta name=\"twitter:data2\" content=\"3 minutos\" \/>\n<script type=\"application\/ld+json\" class=\"yoast-schema-graph\">{\"@context\":\"https:\/\/schema.org\",\"@graph\":[{\"@type\":\"NewsArticle\",\"@id\":\"https:\/\/www.suno.com.br\/noticias\/cpi-aprova-quebra-sigilo-bancario-donos-123-milhas-va\/#article\",\"isPartOf\":{\"@id\":\"https:\/\/www.suno.com.br\/noticias\/cpi-aprova-quebra-sigilo-bancario-donos-123-milhas-va\/\"},\"author\":{\"name\":\"Vin\u00edcius Alves\",\"@id\":\"https:\/\/www.suno.com.br\/noticias\/#\/schema\/person\/4a180549702d0e236b3e420862bcded3\"},\"headline\":\"CPI aprova quebra de sigilo banc\u00e1rio de donos da 123 milhas, Cau\u00e3 Reymond, Tat\u00e1 Werneck e Marcelo Tas\",\"datePublished\":\"2023-08-24T23:12:18+00:00\",\"dateModified\":\"2023-08-24T23:14:13+00:00\",\"mainEntityOfPage\":{\"@id\":\"https:\/\/www.suno.com.br\/noticias\/cpi-aprova-quebra-sigilo-bancario-donos-123-milhas-va\/\"},\"wordCount\":420,\"publisher\":{\"@id\":\"https:\/\/www.suno.com.br\/noticias\/#organization\"},\"image\":{\"@id\":\"https:\/\/www.suno.com.br\/noticias\/cpi-aprova-quebra-sigilo-bancario-donos-123-milhas-va\/#primaryimage\"},\"thumbnailUrl\":\"https:\/\/files.sunoresearch.com.br\/n\/uploads\/2023\/08\/123-Milhas.jpg\",\"keywords\":[\"Congresso Nacional\",\"finan\u00e7as pessoais\",\"Minist\u00e9rio do Turismo\"],\"articleSection\":[\"Pol\u00edtica\"],\"inLanguage\":\"pt-BR\"},{\"@type\":\"WebPage\",\"@id\":\"https:\/\/www.suno.com.br\/noticias\/cpi-aprova-quebra-sigilo-bancario-donos-123-milhas-va\/\",\"url\":\"https:\/\/www.suno.com.br\/noticias\/cpi-aprova-quebra-sigilo-bancario-donos-123-milhas-va\/\",\"name\":\"CPI quebra sigilo de donos da 123 milhas, Cau\u00e3 Reymond e Tat\u00e1 Werneck\",\"isPartOf\":{\"@id\":\"https:\/\/www.suno.com.br\/noticias\/#website\"},\"primaryImageOfPage\":{\"@id\":\"https:\/\/www.suno.com.br\/noticias\/cpi-aprova-quebra-sigilo-bancario-donos-123-milhas-va\/#primaryimage\"},\"image\":{\"@id\":\"https:\/\/www.suno.com.br\/noticias\/cpi-aprova-quebra-sigilo-bancario-donos-123-milhas-va\/#primaryimage\"},\"thumbnailUrl\":\"https:\/\/files.sunoresearch.com.br\/n\/uploads\/2023\/08\/123-Milhas.jpg\",\"datePublished\":\"2023-08-24T23:12:18+00:00\",\"dateModified\":\"2023-08-24T23:14:13+00:00\",\"description\":\"A CPI das Pir\u00e2mides Financeiras aprovou a quebra do sigilo dos donos da 123 milhas, dos atores Cau\u00e3 Reymond, Tat\u00e1 Werneck e Marcelo Tas.\",\"breadcrumb\":{\"@id\":\"https:\/\/www.suno.com.br\/noticias\/cpi-aprova-quebra-sigilo-bancario-donos-123-milhas-va\/#breadcrumb\"},\"inLanguage\":\"pt-BR\",\"potentialAction\":[{\"@type\":\"ReadAction\",\"target\":[\"https:\/\/www.suno.com.br\/noticias\/cpi-aprova-quebra-sigilo-bancario-donos-123-milhas-va\/\"]}]},{\"@type\":\"ImageObject\",\"inLanguage\":\"pt-BR\",\"@id\":\"https:\/\/www.suno.com.br\/noticias\/cpi-aprova-quebra-sigilo-bancario-donos-123-milhas-va\/#primaryimage\",\"url\":\"https:\/\/files.sunoresearch.com.br\/n\/uploads\/2023\/08\/123-Milhas.jpg\",\"contentUrl\":\"https:\/\/files.sunoresearch.com.br\/n\/uploads\/2023\/08\/123-Milhas.jpg\",\"width\":1550,\"height\":814,\"caption\":\"123 Milhas. Foto: Divulga\u00e7\u00e3o\"},{\"@type\":\"BreadcrumbList\",\"@id\":\"https:\/\/www.suno.com.br\/noticias\/cpi-aprova-quebra-sigilo-bancario-donos-123-milhas-va\/#breadcrumb\",\"itemListElement\":[{\"@type\":\"ListItem\",\"position\":1,\"name\":\"Not\u00edcias\",\"item\":\"https:\/\/www.suno.com.br\/noticias\/\"},{\"@type\":\"ListItem\",\"position\":2,\"name\":\"Pol\u00edtica\",\"item\":\"https:\/\/www.suno.com.br\/noticias\/politica\/\"},{\"@type\":\"ListItem\",\"position\":3,\"name\":\"CPI aprova quebra de sigilo banc\u00e1rio de donos da 123 milhas, Cau\u00e3 Reymond, Tat\u00e1 Werneck e Marcelo Tas\"}]},{\"@type\":\"WebSite\",\"@id\":\"https:\/\/www.suno.com.br\/noticias\/#website\",\"url\":\"https:\/\/www.suno.com.br\/noticias\/\",\"name\":\"Suno Not\u00edcias\",\"description\":\"Seu portal de informa\u00e7\u00e3o sobre o mundo dos investimentos\",\"publisher\":{\"@id\":\"https:\/\/www.suno.com.br\/noticias\/#organization\"},\"potentialAction\":[{\"@type\":\"SearchAction\",\"target\":{\"@type\":\"EntryPoint\",\"urlTemplate\":\"https:\/\/www.suno.com.br\/noticias\/?s={search_term_string}\"},\"query-input\":{\"@type\":\"PropertyValueSpecification\",\"valueRequired\":true,\"valueName\":\"search_term_string\"}}],\"inLanguage\":\"pt-BR\"},{\"@type\":\"Organization\",\"@id\":\"https:\/\/www.suno.com.br\/noticias\/#organization\",\"name\":\"Suno Not\u00edcias\",\"url\":\"https:\/\/www.suno.com.br\/noticias\/\",\"logo\":{\"@type\":\"ImageObject\",\"inLanguage\":\"pt-BR\",\"@id\":\"https:\/\/www.suno.com.br\/noticias\/#\/schema\/logo\/image\/\",\"url\":\"https:\/\/files.sunoresearch.com.br\/n\/uploads\/2021\/09\/suno-logo.png\",\"contentUrl\":\"https:\/\/files.sunoresearch.com.br\/n\/uploads\/2021\/09\/suno-logo.png\",\"width\":180,\"height\":180,\"caption\":\"Suno Not\u00edcias\"},\"image\":{\"@id\":\"https:\/\/www.suno.com.br\/noticias\/#\/schema\/logo\/image\/\"},\"sameAs\":[\"https:\/\/facebook.com\/sunoresearch\",\"https:\/\/x.com\/sunoresearch\",\"https:\/\/www.instagram.com\/suno\",\"https:\/\/www.linkedin.com\/company\/suno-research\/\",\"https:\/\/www.youtube.com\/c\/sunoresearch\"]},{\"@type\":\"Person\",\"@id\":\"https:\/\/www.suno.com.br\/noticias\/#\/schema\/person\/4a180549702d0e236b3e420862bcded3\",\"name\":\"Vin\u00edcius Alves\",\"image\":{\"@type\":\"ImageObject\",\"inLanguage\":\"pt-BR\",\"@id\":\"https:\/\/www.suno.com.br\/noticias\/#\/schema\/person\/image\/\",\"url\":\"https:\/\/secure.gravatar.com\/avatar\/a95b7fe6d1b813f7907d4f476d5a39e1?s=96&r=g\",\"contentUrl\":\"https:\/\/secure.gravatar.com\/avatar\/a95b7fe6d1b813f7907d4f476d5a39e1?s=96&r=g\",\"caption\":\"Vin\u00edcius Alves\"},\"description\":\"Jornalista formado na Faculdade C\u00e1sper L\u00edbero. Com passagens pela Ag\u00eancia Estado, InfoMoney e Editora Globo.\",\"url\":\"https:\/\/www.suno.com.br\/noticias\/author\/vini08correiagmail-com\/\"}]}<\/script>\n<!-- \/ Yoast SEO plugin. -->","yoast_head_json":{"title":"CPI quebra sigilo de donos da 123 milhas, Cau\u00e3 Reymond e Tat\u00e1 Werneck","description":"A CPI das Pir\u00e2mides Financeiras aprovou a quebra do sigilo dos donos da 123 milhas, dos atores Cau\u00e3 Reymond, Tat\u00e1 Werneck e Marcelo Tas.","robots":{"index":"index","follow":"follow","max-snippet":"max-snippet:-1","max-image-preview":"max-image-preview:large","max-video-preview":"max-video-preview:-1"},"canonical":"https:\/\/www.suno.com.br\/noticias\/cpi-aprova-quebra-sigilo-bancario-donos-123-milhas-va\/","og_locale":"pt_BR","og_type":"article","og_title":"CPI quebra sigilo de donos da 123 milhas, Cau\u00e3 Reymond e Tat\u00e1 Werneck","og_description":"A CPI das Pir\u00e2mides Financeiras aprovou a quebra do sigilo dos donos da 123 milhas, dos atores Cau\u00e3 Reymond, Tat\u00e1 Werneck e Marcelo Tas.","og_url":"https:\/\/www.suno.com.br\/noticias\/cpi-aprova-quebra-sigilo-bancario-donos-123-milhas-va\/","og_site_name":"Suno Not\u00edcias","article_publisher":"https:\/\/facebook.com\/sunoresearch","og_image":[{"width":1550,"height":814,"url":"https:\/\/files.sunoresearch.com.br\/n\/uploads\/2023\/08\/123-Milhas.jpg","type":"image\/jpeg"}],"author":"Vin\u00edcius Alves","twitter_card":"summary_large_image","twitter_creator":"@sunoresearch","twitter_site":"@sunoresearch","twitter_misc":{"Escrito por":"Vin\u00edcius Alves","Est. tempo de leitura":"3 minutos"},"schema":{"@context":"https:\/\/schema.org","@graph":[{"@type":"NewsArticle","@id":"https:\/\/www.suno.com.br\/noticias\/cpi-aprova-quebra-sigilo-bancario-donos-123-milhas-va\/#article","isPartOf":{"@id":"https:\/\/www.suno.com.br\/noticias\/cpi-aprova-quebra-sigilo-bancario-donos-123-milhas-va\/"},"author":{"name":"Vin\u00edcius Alves","@id":"https:\/\/www.suno.com.br\/noticias\/#\/schema\/person\/4a180549702d0e236b3e420862bcded3"},"headline":"CPI aprova quebra de sigilo banc\u00e1rio de donos da 123 milhas, Cau\u00e3 Reymond, Tat\u00e1 Werneck e Marcelo Tas","datePublished":"2023-08-24T23:12:18+00:00","dateModified":"2023-08-24T23:14:13+00:00","mainEntityOfPage":{"@id":"https:\/\/www.suno.com.br\/noticias\/cpi-aprova-quebra-sigilo-bancario-donos-123-milhas-va\/"},"wordCount":420,"publisher":{"@id":"https:\/\/www.suno.com.br\/noticias\/#organization"},"image":{"@id":"https:\/\/www.suno.com.br\/noticias\/cpi-aprova-quebra-sigilo-bancario-donos-123-milhas-va\/#primaryimage"},"thumbnailUrl":"https:\/\/files.sunoresearch.com.br\/n\/uploads\/2023\/08\/123-Milhas.jpg","keywords":["Congresso Nacional","finan\u00e7as pessoais","Minist\u00e9rio do Turismo"],"articleSection":["Pol\u00edtica"],"inLanguage":"pt-BR"},{"@type":"WebPage","@id":"https:\/\/www.suno.com.br\/noticias\/cpi-aprova-quebra-sigilo-bancario-donos-123-milhas-va\/","url":"https:\/\/www.suno.com.br\/noticias\/cpi-aprova-quebra-sigilo-bancario-donos-123-milhas-va\/","name":"CPI quebra sigilo de donos da 123 milhas, Cau\u00e3 Reymond e Tat\u00e1 Werneck","isPartOf":{"@id":"https:\/\/www.suno.com.br\/noticias\/#website"},"primaryImageOfPage":{"@id":"https:\/\/www.suno.com.br\/noticias\/cpi-aprova-quebra-sigilo-bancario-donos-123-milhas-va\/#primaryimage"},"image":{"@id":"https:\/\/www.suno.com.br\/noticias\/cpi-aprova-quebra-sigilo-bancario-donos-123-milhas-va\/#primaryimage"},"thumbnailUrl":"https:\/\/files.sunoresearch.com.br\/n\/uploads\/2023\/08\/123-Milhas.jpg","datePublished":"2023-08-24T23:12:18+00:00","dateModified":"2023-08-24T23:14:13+00:00","description":"A CPI das Pir\u00e2mides Financeiras aprovou a quebra do sigilo dos donos da 123 milhas, dos atores Cau\u00e3 Reymond, Tat\u00e1 Werneck e Marcelo Tas.","breadcrumb":{"@id":"https:\/\/www.suno.com.br\/noticias\/cpi-aprova-quebra-sigilo-bancario-donos-123-milhas-va\/#breadcrumb"},"inLanguage":"pt-BR","potentialAction":[{"@type":"ReadAction","target":["https:\/\/www.suno.com.br\/noticias\/cpi-aprova-quebra-sigilo-bancario-donos-123-milhas-va\/"]}]},{"@type":"ImageObject","inLanguage":"pt-BR","@id":"https:\/\/www.suno.com.br\/noticias\/cpi-aprova-quebra-sigilo-bancario-donos-123-milhas-va\/#primaryimage","url":"https:\/\/files.sunoresearch.com.br\/n\/uploads\/2023\/08\/123-Milhas.jpg","contentUrl":"https:\/\/files.sunoresearch.com.br\/n\/uploads\/2023\/08\/123-Milhas.jpg","width":1550,"height":814,"caption":"123 Milhas. Foto: Divulga\u00e7\u00e3o"},{"@type":"BreadcrumbList","@id":"https:\/\/www.suno.com.br\/noticias\/cpi-aprova-quebra-sigilo-bancario-donos-123-milhas-va\/#breadcrumb","itemListElement":[{"@type":"ListItem","position":1,"name":"Not\u00edcias","item":"https:\/\/www.suno.com.br\/noticias\/"},{"@type":"ListItem","position":2,"name":"Pol\u00edtica","item":"https:\/\/www.suno.com.br\/noticias\/politica\/"},{"@type":"ListItem","position":3,"name":"CPI aprova quebra de sigilo banc\u00e1rio de donos da 123 milhas, Cau\u00e3 Reymond, Tat\u00e1 Werneck e Marcelo Tas"}]},{"@type":"WebSite","@id":"https:\/\/www.suno.com.br\/noticias\/#website","url":"https:\/\/www.suno.com.br\/noticias\/","name":"Suno Not\u00edcias","description":"Seu portal de informa\u00e7\u00e3o sobre o mundo dos investimentos","publisher":{"@id":"https:\/\/www.suno.com.br\/noticias\/#organization"},"potentialAction":[{"@type":"SearchAction","target":{"@type":"EntryPoint","urlTemplate":"https:\/\/www.suno.com.br\/noticias\/?s={search_term_string}"},"query-input":{"@type":"PropertyValueSpecification","valueRequired":true,"valueName":"search_term_string"}}],"inLanguage":"pt-BR"},{"@type":"Organization","@id":"https:\/\/www.suno.com.br\/noticias\/#organization","name":"Suno Not\u00edcias","url":"https:\/\/www.suno.com.br\/noticias\/","logo":{"@type":"ImageObject","inLanguage":"pt-BR","@id":"https:\/\/www.suno.com.br\/noticias\/#\/schema\/logo\/image\/","url":"https:\/\/files.sunoresearch.com.br\/n\/uploads\/2021\/09\/suno-logo.png","contentUrl":"https:\/\/files.sunoresearch.com.br\/n\/uploads\/2021\/09\/suno-logo.png","width":180,"height":180,"caption":"Suno Not\u00edcias"},"image":{"@id":"https:\/\/www.suno.com.br\/noticias\/#\/schema\/logo\/image\/"},"sameAs":["https:\/\/facebook.com\/sunoresearch","https:\/\/x.com\/sunoresearch","https:\/\/www.instagram.com\/suno","https:\/\/www.linkedin.com\/company\/suno-research\/","https:\/\/www.youtube.com\/c\/sunoresearch"]},{"@type":"Person","@id":"https:\/\/www.suno.com.br\/noticias\/#\/schema\/person\/4a180549702d0e236b3e420862bcded3","name":"Vin\u00edcius Alves","image":{"@type":"ImageObject","inLanguage":"pt-BR","@id":"https:\/\/www.suno.com.br\/noticias\/#\/schema\/person\/image\/","url":"https:\/\/secure.gravatar.com\/avatar\/a95b7fe6d1b813f7907d4f476d5a39e1?s=96&r=g","contentUrl":"https:\/\/secure.gravatar.com\/avatar\/a95b7fe6d1b813f7907d4f476d5a39e1?s=96&r=g","caption":"Vin\u00edcius Alves"},"description":"Jornalista formado na Faculdade C\u00e1sper L\u00edbero. Com passagens pela Ag\u00eancia Estado, InfoMoney e Editora Globo.","url":"https:\/\/www.suno.com.br\/noticias\/author\/vini08correiagmail-com\/"}]}},"default_loop_html":"<div class=\"cardsPage__listCard__boxs\"><div class=\"cardsPage__listCard__boxs__img\"><a href=\"https:\/\/www.suno.com.br\/noticias\/cpi-aprova-quebra-sigilo-bancario-donos-123-milhas-va\/\"><img class=\"mask\" src=\"https:\/\/www.suno.com.br\/noticias\/wp-content\/themes\/suno\/resources\/images\/spotlight\/spotlight1img\/bg-mask.png\" alt=\"Image Mask\"\/><img src=\"https:\/\/files.sunoresearch.com.br\/n\/uploads\/2023\/08\/123-Milhas-400x200.jpg\" alt=\"CPI aprova quebra de sigilo banc\u00e1rio de donos da 123 milhas, Cau\u00e3 Reymond, Tat\u00e1 Werneck e Marcelo Tas\"\/><\/a><span class=\"spotlightCategory\"><a href=\"https:\/\/www.suno.com.br\/noticias\/politica\/\">Pol\u00edtica<\/a><\/span><\/div><div class=\"cardsPage__listCard__boxs__content\"><a href=\"https:\/\/www.suno.com.br\/noticias\/cpi-aprova-quebra-sigilo-bancario-donos-123-milhas-va\/\"><h2 class=\"content__title\">CPI aprova quebra de sigilo banc\u00e1rio de donos da 123 milhas, Cau\u00e3 Reymond, Tat\u00e1 Werneck e Marcelo Tas<\/h2><\/a><div class=\"newsContent__article__meta\"><div class=\"newsContent__article__meta__authorBox\"><a href=\"https:\/\/www.suno.com.br\/noticias\/author\/vini08correiagmail-com\/\" class=\"authorBox__avatar noMobi\"><img src=\"https:\/\/files.sunoresearch.com.br\/n\/uploads\/2026\/04\/WhatsApp-Image-2026-04-20-at-19.35.48-150x150.webp\" alt=\"Vin\u00edcius Alves\"><\/a><div class=\"authorBox__name\"><span>por\n\t\t\t<a href=\"https:\/\/www.suno.com.br\/noticias\/author\/vini08correiagmail-com\/\"><span itemprop=\"author\">Vin\u00edcius Alves<\/span><\/a><\/span><time datetime=\"2023-08-24T20:12:18-03:00\" itemprop=\"datePublished\">24\/08\/2023 20:12<\/time><\/div><\/div><\/div><\/div><\/div>","single_layout":"posts","amp_enabled":true,"_links":{"self":[{"href":"https:\/\/www.suno.com.br\/noticias\/wp-json\/wp\/v2\/posts\/447060"}],"collection":[{"href":"https:\/\/www.suno.com.br\/noticias\/wp-json\/wp\/v2\/posts"}],"about":[{"href":"https:\/\/www.suno.com.br\/noticias\/wp-json\/wp\/v2\/types\/post"}],"author":[{"embeddable":true,"href":"https:\/\/www.suno.com.br\/noticias\/wp-json\/wp\/v2\/users\/301"}],"replies":[{"embeddable":true,"href":"https:\/\/www.suno.com.br\/noticias\/wp-json\/wp\/v2\/comments?post=447060"}],"version-history":[{"count":2,"href":"https:\/\/www.suno.com.br\/noticias\/wp-json\/wp\/v2\/posts\/447060\/revisions"}],"predecessor-version":[{"id":447159,"href":"https:\/\/www.suno.com.br\/noticias\/wp-json\/wp\/v2\/posts\/447060\/revisions\/447159"}],"wp:featuredmedia":[{"embeddable":true,"href":"https:\/\/www.suno.com.br\/noticias\/wp-json\/wp\/v2\/media\/446010"}],"wp:attachment":[{"href":"https:\/\/www.suno.com.br\/noticias\/wp-json\/wp\/v2\/media?parent=447060"}],"wp:term":[{"taxonomy":"category","embeddable":true,"href":"https:\/\/www.suno.com.br\/noticias\/wp-json\/wp\/v2\/categories?post=447060"},{"taxonomy":"post_tag","embeddable":true,"href":"https:\/\/www.suno.com.br\/noticias\/wp-json\/wp\/v2\/tags?post=447060"},{"taxonomy":"suno_strategy","embeddable":true,"href":"https:\/\/www.suno.com.br\/noticias\/wp-json\/wp\/v2\/suno_strategy?post=447060"}],"curies":[{"name":"wp","href":"https:\/\/api.w.org\/{rel}","templated":true}]}}