{"id":446789,"date":"2023-08-24T10:52:02","date_gmt":"2023-08-24T13:52:02","guid":{"rendered":"https:\/\/www.suno.com.br\/noticias\/?p=446789"},"modified":"2023-08-24T10:52:08","modified_gmt":"2023-08-24T13:52:08","slug":"destaques-itau-itub4-cemig-americanas-e-mais-va","status":"publish","type":"post","link":"https:\/\/www.suno.com.br\/noticias\/destaques-itau-itub4-cemig-americanas-e-mais-va\/","title":{"rendered":"Ita\u00fa (ITUB4), Cemig (CMIG4) e Americanas (AMER3) aquecem mercado nesta quinta-feira; veja destaques"},"content":{"rendered":"<p>A informa\u00e7\u00e3o sobre o<strong> Ita\u00fa <\/strong>(ITUB4) que vendeu suas opera\u00e7\u00f5es na Argentina para o Banco Macro por R$ 250 milh\u00f5es est\u00e1 entre os destaques desta quinta-feira (24).&nbsp;<\/p>\t<div class=\"wrapper-featured-image\">\n\t\t<figure class=\"spotlightImg\">\n\n\t\t\t<picture>\n\t\t\t\t<source media=\"(max-width: 768px)\" srcset=\"https:\/\/files.sunoresearch.com.br\/n\/uploads\/2023\/05\/bolsa-exchange-acoes-400x200.jpg\">\n\t\t\t\t<img loading=\"lazy\" decoding=\"async\" class=\"newsContent__article__imgCapa lazyloadDisabled \" src=\"https:\/\/files.sunoresearch.com.br\/n\/uploads\/2023\/05\/bolsa-exchange-acoes-800x450.jpg\" width=\"800\" height=\"450\" alt=\"Ita\u00fa (ITUB4), Cemig (CMIG4) e Americanas (AMER3) aquecem mercado nesta quinta-feira; veja destaques\" fetchpriority=high \/>\n\t\t\t<\/picture>\n\n\t\t\t<figcaption class=\"wp-caption-text wp-caption-text--show\">Mercado.Foto: iStock<\/figcaption>\n\t\t<\/figure>\n\t<\/div>\n\n\n\n\n\n\t<p>\n\t\t<a href=\"https:\/\/lp.suno.com.br\/planilha-da-vida-financeira\/\" target=\"_blank\" data-element=\"shortcode-suno-banner\" title=\"Banner SUNO, clique e saiba mais\">\n\t\t\t<picture>\n\t\t\t\t<source media=\"(max-width: 500px)\" srcset=\"https:\/\/files.sunoresearch.com.br\/n\/uploads\/2023\/04\/400x300-Planilha-vida-financeira-true.png\">\n\t\t\t\t<img class=\"newsContent__article__imgCapa newsContent__article__imgCapa--banner\"\n\t\t\t\t\tsrc=\"https:\/\/files.sunoresearch.com.br\/n\/uploads\/2023\/04\/1420x240-Planilha-vida-financeira-true.png\"\n\t\t\t\t\tdata-promo-id=\"106682\"\t\t\t\t\t\t\t\t\t\twidth='1420' height='240'\t\t\t\t\talt=\"https:\/\/files.sunoresearch.com.br\/n\/uploads\/2023\/04\/1420x240-Planilha-vida-financeira-true.png\"\n\t\t\t\t>\n\t\t\t<\/picture>\n\t\t<\/a>\n\t<\/p>\n\n\n\n\n\n<p>Tamb\u00e9m est\u00e1 entre os <strong>destaques do mercado financeiro<\/strong> a <a class=\"suno-keyword\" data-force=\"yes\" data-priority=\"2\" href=\"https:\/\/www.suno.com.br\/acoes\/CMIG4\/\" target=\"_blank\" rel=\"noopener\">CEMIG (CMIG4)<\/a>, ap\u00f3s fechar contrato para fornecer&nbsp;energia limpa com a mineradora Sigma Lithium.&nbsp;<\/p>\n\n\n\n<p>A Americanas (AMER3) tamb\u00e9m \u00e9 destaque hoje, depois de anunciar que finalizou a parceria com a Vibra Energia relacionada \u00e0 explora\u00e7\u00e3o do neg\u00f3cio de lojas de pequeno varejo.<\/p>\n\n\n\n<p>Veja os <strong>destaques do mercado financeiro <\/strong>de hoje:<\/p>\n\n\n\n<h2 class=\"wp-block-heading\">Ita\u00fa<\/h2>\n\n\n\n<p>O <a class=\"suno-keyword\" data-force=\"yes\" data-priority=\"2\" href=\"https:\/\/www.suno.com.br\/acoes\/ITUB4\/\" target=\"_blank\" rel=\"noopener\">Ita\u00fa Unibanco (<strong>ITUB4<\/strong>)<\/a> informou que foi celebrado, por meio de suas subsidi\u00e1rias, um acordo vinculante de compra e venda de a\u00e7\u00f5es com o <strong>Banco Macro<\/strong>, por meio do qual ser\u00e1 alienada a totalidade das a\u00e7\u00f5es detidas no Banco Ita\u00fa Argentina e suas subsidi\u00e1rias (BIA).<\/p>\n\n\n\n<p>Segundo <a class=\"suno-keyword\" data-force=\"no\" data-priority=\"1\" href=\"https:\/\/www.suno.com.br\/artigos\/fato-relevante\/\" target=\"_blank\" rel=\"noopener\">fato relevante<\/a>, o <strong>Ita\u00fa Unibanco<\/strong>, por meio de suas subsidi\u00e1rias, receber\u00e1 do Macro na data de fechamento desta transa\u00e7\u00e3o um valor de aproximadamente R$ 250 milh\u00f5es.<\/p>\n\n\n\t<div data-element=\"shortcode-read-more\" class=\"knowMore\">\n\t\t\t\t<span class=\"knowMore__title\">Leia mais<\/span>\n\t\t\t\t<a class=\"knowMore__link\" href=\"https:\/\/www.suno.com.br\/noticias\/itau-itub4-itau-argentina-banco-macro-gpj\/\">\n\t\t\tIta\u00fa (ITUB4) vende Ita\u00fa Argentina para Banco Macro por R$ 250 milh\u00f5es\t\t<\/a>\n\t<\/div>\n\n\n\n\t<p>\n\t\t<a href=\"https:\/\/lp.suno.com.br\/ebook-como-analisar-uma-acao\/\" target=\"_blank\" data-element=\"shortcode-suno-banner\" title=\"Banner SUNO, clique e saiba mais\">\n\t\t\t<picture>\n\t\t\t\t<source media=\"(max-width: 500px)\" srcset=\"https:\/\/files.sunoresearch.com.br\/n\/uploads\/2023\/03\/Ebook-Acoes-Mobile.jpg\">\n\t\t\t\t<img class=\"newsContent__article__imgCapa newsContent__article__imgCapa--banner\"\n\t\t\t\t\tsrc=\"https:\/\/files.sunoresearch.com.br\/n\/uploads\/2023\/03\/Ebook-Acoes-Desktop.jpg\"\n\t\t\t\t\tdata-promo-id=\"378302\"\t\t\t\t\t\t\t\t\t\twidth='1420' height='286'\t\t\t\t\talt=\"https:\/\/files.sunoresearch.com.br\/n\/uploads\/2023\/03\/Ebook-Acoes-Desktop.jpg\"\n\t\t\t\t>\n\t\t\t<\/picture>\n\t\t<\/a>\n\t<\/p>\n\n\n\n\n\n<h2 class=\"wp-block-heading\">Cemig<\/h2>\n\n\n\n<p>A <strong>Cemig (CMIG4)<\/strong> anunciou nesta quarta-feira que fechou contrato para\u00a0 fornecer\u00a0 energia limpa, renov\u00e1vel e de baixo custo com a mineradora Sigma Lithium na regi\u00e3o do Vale do Jequitinhonha (MG).<\/p>\n\n\n\n<h2 class=\"wp-block-heading\">Americanas&nbsp;<\/h2>\n\n\n\n<p>A <strong>Americanas (AMER3)<\/strong> anunciou que finalizou a parceria com a Vibra Energia relacionada \u00e0 explora\u00e7\u00e3o do neg\u00f3cio de lojas de pequeno varejo desenvolvida atrav\u00e9s da sociedade Vem Conveni\u00eancia.\u00a0<\/p>\n\n\n\n<p>Com isso, a totalidade das a\u00e7\u00f5es de emiss\u00e3o da Vem de titularidade da Vibra ser\u00e3o canceladas; e&nbsp; a Americanas receber\u00e1 determinado n\u00famero de a\u00e7\u00f5es de emiss\u00e3o da Sociedade BR Mania que ser\u00e1 integralmente adquirida pela Vibra.&nbsp;<\/p>\n\n\n\t<div data-element=\"shortcode-read-more\" class=\"knowMore\">\n\t\t\t\t<span class=\"knowMore__title\">Leia mais<\/span>\n\t\t\t\t<a class=\"knowMore__link\" href=\"https:\/\/www.suno.com.br\/noticias\/americanas-amer3-vibra-vbbr3-milhoes-divorcio-evm\/\">\n\t\t\tAmericanas (AMER3): Vibra (VBBR3) paga R$ 192 milh\u00f5es por &#039;div\u00f3rcio&#039;\t\t<\/a>\n\t<\/div>\n\n\n\n\n<h2 class=\"wp-block-heading\">&nbsp;ISA Cteep&nbsp;<\/h2>\n\n\n\n<p>A <a class=\"suno-keyword\" data-force=\"yes\" data-priority=\"2\" href=\"https:\/\/www.suno.com.br\/acoes\/TRPL4\/\" target=\"_blank\" rel=\"noopener\"><strong>Isa CTEEP (TRPL4)<\/strong><\/a> afirmou que a Ag\u00eancia Nacional de Energia El\u00e9trica (ANEEL), por meio da Comiss\u00e3o Especial de Licita\u00e7\u00e3o (CEL), convocou a companhia, na condi\u00e7\u00e3o de proponente classificada em segundo lugar, para sua habilita\u00e7\u00e3o no Lote 1 do Leil\u00e3o de Transmiss\u00e3o n\u00ba 1\/2023, realizado em 30 de junho de 2023.\u00a0<\/p>\n\n\n\n<h2 class=\"wp-block-heading\">Kepler Weber<\/h2>\n\n\n\n<p>A <a class=\"suno-keyword\" data-force=\"yes\" data-priority=\"2\" href=\"https:\/\/www.suno.com.br\/acoes\/KEPL3\/\" target=\"_blank\" rel=\"noopener\"><strong>Kepler Weber (KEPL3)<\/strong><\/a> pagar\u00e1 uma cifra de R$ 54 milh\u00f5es em <a class=\"suno-keyword\" data-force=\"no\" data-priority=\"1\" href=\"https:\/\/www.suno.com.br\/guias\/dividendos\/\" target=\"_blank\" rel=\"noopener\">dividendos<\/a> e <a class=\"suno-keyword\" data-force=\"no\" data-priority=\"1\" href=\"https:\/\/www.suno.com.br\/artigos\/entenda-o-jcp\/\" target=\"_blank\" rel=\"noopener\">Juros Sobre Capital Pr\u00f3prio<\/a> (JCP) aos seus acionistas, conforme aviso aos acionistas divulgado nesta quarta-feira (23).<\/p>\n\n\n\n<p>No caso dos <a class=\"suno-keyword\" data-force=\"no\" data-priority=\"1\" href=\"https:\/\/www.suno.com.br\/guias\/dividendos\/\" target=\"_blank\" rel=\"noopener\">dividendos<\/a> da Kepler Weber, ser\u00e3o R$ 43 milh\u00f5es, representando um valor de R$ 0,19 por a\u00e7\u00e3o.<\/p>\n\n\n\t<div data-element=\"shortcode-read-more\" class=\"knowMore\">\n\t\t\t\t<span class=\"knowMore__title\">Leia mais<\/span>\n\t\t\t\t<a class=\"knowMore__link\" href=\"https:\/\/www.suno.com.br\/noticias\/dividendos-jcp-kepler-weber-kepl3-evm\/\">\n\t\t\tKepler Weber (KEPL3) pagar\u00e1 JCP e dividendos milion\u00e1rios\t\t<\/a>\n\t<\/div>\n\n\n\n\n<h2 class=\"wp-block-heading\">Paranapanema&nbsp;<\/h2>\n\n\n\n<p>Em <a class=\"suno-keyword\" data-force=\"no\" data-priority=\"1\" href=\"https:\/\/www.suno.com.br\/artigos\/fato-relevante\/\" target=\"_blank\" rel=\"noopener\">fato relevante<\/a>, a <a class=\"suno-keyword\" data-force=\"yes\" data-priority=\"2\" href=\"https:\/\/www.suno.com.br\/acoes\/PMAM3\/\" target=\"_blank\" rel=\"noopener\"><strong>Paranapanema (PMAM3)<\/strong><\/a> informou que foi protocolada perante o ju\u00edzo da 1\u00aa Vara Regional de Compet\u00eancia Empresarial e de Conflitos Relacionados \u00e0 Arbitragem da 1\u00ba RAJ da cidade de S\u00e3o Paulo, uma nova vers\u00e3o do <a class=\"suno-keyword\" data-force=\"no\" data-priority=\"1\" href=\"https:\/\/www.suno.com.br\/artigos\/plano-de-recuperacao\/\" target=\"_blank\" rel=\"noopener\">Plano de Recupera\u00e7\u00e3o Judicial<\/a>.<\/p>\n\n\n\n<p>Os destaques do mercado financeiro do Suno Not\u00edcias mostram os principais acontecimentos que prometem movimentar o mercado durante o dia, como o <strong>Ita\u00fa <\/strong>(ITUB4), que deve estar no foco dos investidores ao longo do dia.<\/p>\n\n\n\t<p>\n\t\t<a href=\"https:\/\/lp.suno.com.br\/planilha-da-vida-financeira\/\" target=\"_blank\" data-element=\"shortcode-suno-banner\" title=\"Banner SUNO, clique e saiba mais\">\n\t\t\t<picture>\n\t\t\t\t<source media=\"(max-width: 500px)\" srcset=\"https:\/\/files.sunoresearch.com.br\/n\/uploads\/2023\/04\/400x300-Planilha-vida-financeira-true.png\">\n\t\t\t\t<img class=\"newsContent__article__imgCapa newsContent__article__imgCapa--banner\"\n\t\t\t\t\tsrc=\"https:\/\/files.sunoresearch.com.br\/n\/uploads\/2023\/04\/1420x240-Planilha-vida-financeira-true.png\"\n\t\t\t\t\tdata-promo-id=\"383123\"\t\t\t\t\t\t\t\t\t\twidth='1420' height='240'\t\t\t\t\talt=\"https:\/\/files.sunoresearch.com.br\/n\/uploads\/2023\/04\/1420x240-Planilha-vida-financeira-true.png\"\n\t\t\t\t>\n\t\t\t<\/picture>\n\t\t<\/a>\n\t<\/p>\n\n\n","protected":false},"excerpt":{"rendered":"<p>A informa\u00e7\u00e3o sobre o Ita\u00fa (ITUB4) que vendeu suas opera\u00e7\u00f5es na Argentina para o Banco Macro por R$ 250 milh\u00f5es est\u00e1 entre os destaques desta quinta-feira (24).&nbsp; Mercado.Foto: iStock Tamb\u00e9m est\u00e1 entre os destaques do mercado financeiro a CEMIG (CMIG4), ap\u00f3s fechar contrato para fornecer&nbsp;energia limpa com a mineradora Sigma Lithium.&nbsp; A Americanas (AMER3) tamb\u00e9m [&hellip;]<\/p>\n","protected":false},"author":301,"featured_media":406461,"comment_status":"closed","ping_status":"closed","sticky":false,"template":"","format":"standard","meta":[],"categories":[60],"tags":[106605,420,106964,519,528,104860],"suno_strategy":[],"class_list":["post-446789","post","type-post","status-publish","format-standard","has-post-thumbnail","hentry","category-mercado","tag-americanas-s-a-amer3","tag-cemig-cmig3-cmig4","tag-isa-cteep-trpl4","tag-itau-unibanco-itub3-itub4","tag-kepler-weber-kepl11-kepl3","tag-paranapanema-pmam3"],"yoast_head":"<!-- This site is optimized with the Yoast SEO plugin v24.4 - https:\/\/yoast.com\/wordpress\/plugins\/seo\/ -->\n<title>Ita\u00fa (ITUB4), Cemig (CMIG4) e Americanas (AMER3); veja destaques<\/title>\n<meta name=\"description\" content=\"A informa\u00e7\u00e3o sobre o Ita\u00fa (ITUB4) que vendeu suas opera\u00e7\u00f5es na Argentina para o Banco Macro est\u00e1 entre os destaques desta quinta-feira (24).\u00a0\" \/>\n<meta name=\"robots\" content=\"index, follow, max-snippet:-1, max-image-preview:large, max-video-preview:-1\" \/>\n<link rel=\"canonical\" href=\"https:\/\/www.suno.com.br\/noticias\/destaques-itau-itub4-cemig-americanas-e-mais-va\/\" \/>\n<meta property=\"og:locale\" content=\"pt_BR\" \/>\n<meta property=\"og:type\" content=\"article\" \/>\n<meta property=\"og:title\" content=\"Ita\u00fa (ITUB4), Cemig (CMIG4) e Americanas (AMER3); veja destaques\" \/>\n<meta property=\"og:description\" content=\"A informa\u00e7\u00e3o sobre o Ita\u00fa (ITUB4) que vendeu suas opera\u00e7\u00f5es na Argentina para o Banco Macro est\u00e1 entre os destaques desta quinta-feira (24).\u00a0\" \/>\n<meta property=\"og:url\" content=\"https:\/\/www.suno.com.br\/noticias\/destaques-itau-itub4-cemig-americanas-e-mais-va\/\" \/>\n<meta property=\"og:site_name\" content=\"Suno Not\u00edcias\" \/>\n<meta property=\"article:publisher\" content=\"https:\/\/facebook.com\/sunoresearch\" \/>\n<meta property=\"og:image\" content=\"https:\/\/files.sunoresearch.com.br\/n\/uploads\/2023\/05\/bolsa-exchange-acoes.jpg\" \/>\n\t<meta property=\"og:image:width\" content=\"1200\" \/>\n\t<meta property=\"og:image:height\" content=\"800\" \/>\n\t<meta property=\"og:image:type\" content=\"image\/jpeg\" \/>\n<meta name=\"author\" content=\"Vin\u00edcius Alves\" \/>\n<meta name=\"twitter:card\" content=\"summary_large_image\" \/>\n<meta name=\"twitter:creator\" content=\"@sunoresearch\" \/>\n<meta name=\"twitter:site\" content=\"@sunoresearch\" \/>\n<meta name=\"twitter:label1\" content=\"Escrito por\" \/>\n\t<meta name=\"twitter:data1\" content=\"Vin\u00edcius Alves\" \/>\n\t<meta name=\"twitter:label2\" content=\"Est. tempo de leitura\" \/>\n\t<meta name=\"twitter:data2\" content=\"3 minutos\" \/>\n<script type=\"application\/ld+json\" class=\"yoast-schema-graph\">{\"@context\":\"https:\/\/schema.org\",\"@graph\":[{\"@type\":\"NewsArticle\",\"@id\":\"https:\/\/www.suno.com.br\/noticias\/destaques-itau-itub4-cemig-americanas-e-mais-va\/#article\",\"isPartOf\":{\"@id\":\"https:\/\/www.suno.com.br\/noticias\/destaques-itau-itub4-cemig-americanas-e-mais-va\/\"},\"author\":{\"name\":\"Vin\u00edcius Alves\",\"@id\":\"https:\/\/www.suno.com.br\/noticias\/#\/schema\/person\/4a180549702d0e236b3e420862bcded3\"},\"headline\":\"Ita\u00fa (ITUB4), Cemig (CMIG4) e Americanas (AMER3) aquecem mercado nesta quinta-feira; veja destaques\",\"datePublished\":\"2023-08-24T13:52:02+00:00\",\"dateModified\":\"2023-08-24T13:52:08+00:00\",\"mainEntityOfPage\":{\"@id\":\"https:\/\/www.suno.com.br\/noticias\/destaques-itau-itub4-cemig-americanas-e-mais-va\/\"},\"wordCount\":497,\"publisher\":{\"@id\":\"https:\/\/www.suno.com.br\/noticias\/#organization\"},\"image\":{\"@id\":\"https:\/\/www.suno.com.br\/noticias\/destaques-itau-itub4-cemig-americanas-e-mais-va\/#primaryimage\"},\"thumbnailUrl\":\"https:\/\/files.sunoresearch.com.br\/n\/uploads\/2023\/05\/bolsa-exchange-acoes.jpg\",\"keywords\":[\"Americanas (AMER3)\",\"Cemig (CMIG3\/CMIG4)\",\"Isa CTEEP (TRPL4)\",\"Ita\u00fa Unibanco (ITUB3\/ITUB4)\",\"Kepler Weber (KEPL11\/KEPL3)\",\"Paranapanema (PMAM3)\"],\"articleSection\":[\"Mercado\"],\"inLanguage\":\"pt-BR\"},{\"@type\":\"WebPage\",\"@id\":\"https:\/\/www.suno.com.br\/noticias\/destaques-itau-itub4-cemig-americanas-e-mais-va\/\",\"url\":\"https:\/\/www.suno.com.br\/noticias\/destaques-itau-itub4-cemig-americanas-e-mais-va\/\",\"name\":\"Ita\u00fa (ITUB4), Cemig (CMIG4) e Americanas (AMER3); veja destaques\",\"isPartOf\":{\"@id\":\"https:\/\/www.suno.com.br\/noticias\/#website\"},\"primaryImageOfPage\":{\"@id\":\"https:\/\/www.suno.com.br\/noticias\/destaques-itau-itub4-cemig-americanas-e-mais-va\/#primaryimage\"},\"image\":{\"@id\":\"https:\/\/www.suno.com.br\/noticias\/destaques-itau-itub4-cemig-americanas-e-mais-va\/#primaryimage\"},\"thumbnailUrl\":\"https:\/\/files.sunoresearch.com.br\/n\/uploads\/2023\/05\/bolsa-exchange-acoes.jpg\",\"datePublished\":\"2023-08-24T13:52:02+00:00\",\"dateModified\":\"2023-08-24T13:52:08+00:00\",\"description\":\"A informa\u00e7\u00e3o sobre o Ita\u00fa (ITUB4) que vendeu suas opera\u00e7\u00f5es na Argentina para o Banco Macro est\u00e1 entre os destaques desta quinta-feira (24).\u00a0\",\"breadcrumb\":{\"@id\":\"https:\/\/www.suno.com.br\/noticias\/destaques-itau-itub4-cemig-americanas-e-mais-va\/#breadcrumb\"},\"inLanguage\":\"pt-BR\",\"potentialAction\":[{\"@type\":\"ReadAction\",\"target\":[\"https:\/\/www.suno.com.br\/noticias\/destaques-itau-itub4-cemig-americanas-e-mais-va\/\"]}]},{\"@type\":\"ImageObject\",\"inLanguage\":\"pt-BR\",\"@id\":\"https:\/\/www.suno.com.br\/noticias\/destaques-itau-itub4-cemig-americanas-e-mais-va\/#primaryimage\",\"url\":\"https:\/\/files.sunoresearch.com.br\/n\/uploads\/2023\/05\/bolsa-exchange-acoes.jpg\",\"contentUrl\":\"https:\/\/files.sunoresearch.com.br\/n\/uploads\/2023\/05\/bolsa-exchange-acoes.jpg\",\"width\":1200,\"height\":800,\"caption\":\"Mercado.Foto: iStock\"},{\"@type\":\"BreadcrumbList\",\"@id\":\"https:\/\/www.suno.com.br\/noticias\/destaques-itau-itub4-cemig-americanas-e-mais-va\/#breadcrumb\",\"itemListElement\":[{\"@type\":\"ListItem\",\"position\":1,\"name\":\"Not\u00edcias\",\"item\":\"https:\/\/www.suno.com.br\/noticias\/\"},{\"@type\":\"ListItem\",\"position\":2,\"name\":\"Mercado\",\"item\":\"https:\/\/www.suno.com.br\/noticias\/mercado\/\"},{\"@type\":\"ListItem\",\"position\":3,\"name\":\"Ita\u00fa (ITUB4), Cemig (CMIG4) e Americanas (AMER3) aquecem mercado nesta quinta-feira; veja destaques\"}]},{\"@type\":\"WebSite\",\"@id\":\"https:\/\/www.suno.com.br\/noticias\/#website\",\"url\":\"https:\/\/www.suno.com.br\/noticias\/\",\"name\":\"Suno Not\u00edcias\",\"description\":\"Seu portal de informa\u00e7\u00e3o sobre o mundo dos investimentos\",\"publisher\":{\"@id\":\"https:\/\/www.suno.com.br\/noticias\/#organization\"},\"potentialAction\":[{\"@type\":\"SearchAction\",\"target\":{\"@type\":\"EntryPoint\",\"urlTemplate\":\"https:\/\/www.suno.com.br\/noticias\/?s={search_term_string}\"},\"query-input\":{\"@type\":\"PropertyValueSpecification\",\"valueRequired\":true,\"valueName\":\"search_term_string\"}}],\"inLanguage\":\"pt-BR\"},{\"@type\":\"Organization\",\"@id\":\"https:\/\/www.suno.com.br\/noticias\/#organization\",\"name\":\"Suno Not\u00edcias\",\"url\":\"https:\/\/www.suno.com.br\/noticias\/\",\"logo\":{\"@type\":\"ImageObject\",\"inLanguage\":\"pt-BR\",\"@id\":\"https:\/\/www.suno.com.br\/noticias\/#\/schema\/logo\/image\/\",\"url\":\"https:\/\/files.sunoresearch.com.br\/n\/uploads\/2021\/09\/suno-logo.png\",\"contentUrl\":\"https:\/\/files.sunoresearch.com.br\/n\/uploads\/2021\/09\/suno-logo.png\",\"width\":180,\"height\":180,\"caption\":\"Suno Not\u00edcias\"},\"image\":{\"@id\":\"https:\/\/www.suno.com.br\/noticias\/#\/schema\/logo\/image\/\"},\"sameAs\":[\"https:\/\/facebook.com\/sunoresearch\",\"https:\/\/x.com\/sunoresearch\",\"https:\/\/www.instagram.com\/suno\",\"https:\/\/www.linkedin.com\/company\/suno-research\/\",\"https:\/\/www.youtube.com\/c\/sunoresearch\"]},{\"@type\":\"Person\",\"@id\":\"https:\/\/www.suno.com.br\/noticias\/#\/schema\/person\/4a180549702d0e236b3e420862bcded3\",\"name\":\"Vin\u00edcius Alves\",\"image\":{\"@type\":\"ImageObject\",\"inLanguage\":\"pt-BR\",\"@id\":\"https:\/\/www.suno.com.br\/noticias\/#\/schema\/person\/image\/\",\"url\":\"https:\/\/secure.gravatar.com\/avatar\/a95b7fe6d1b813f7907d4f476d5a39e1?s=96&r=g\",\"contentUrl\":\"https:\/\/secure.gravatar.com\/avatar\/a95b7fe6d1b813f7907d4f476d5a39e1?s=96&r=g\",\"caption\":\"Vin\u00edcius Alves\"},\"description\":\"Jornalista formado na Faculdade C\u00e1sper L\u00edbero. Com passagens pela Ag\u00eancia Estado, InfoMoney e Editora Globo.\",\"url\":\"https:\/\/www.suno.com.br\/noticias\/author\/vini08correiagmail-com\/\"}]}<\/script>\n<!-- \/ Yoast SEO plugin. -->","yoast_head_json":{"title":"Ita\u00fa (ITUB4), Cemig (CMIG4) e Americanas (AMER3); veja destaques","description":"A informa\u00e7\u00e3o sobre o Ita\u00fa (ITUB4) que vendeu suas opera\u00e7\u00f5es na Argentina para o Banco Macro est\u00e1 entre os destaques desta quinta-feira (24).\u00a0","robots":{"index":"index","follow":"follow","max-snippet":"max-snippet:-1","max-image-preview":"max-image-preview:large","max-video-preview":"max-video-preview:-1"},"canonical":"https:\/\/www.suno.com.br\/noticias\/destaques-itau-itub4-cemig-americanas-e-mais-va\/","og_locale":"pt_BR","og_type":"article","og_title":"Ita\u00fa (ITUB4), Cemig (CMIG4) e Americanas (AMER3); veja destaques","og_description":"A informa\u00e7\u00e3o sobre o Ita\u00fa (ITUB4) que vendeu suas opera\u00e7\u00f5es na Argentina para o Banco Macro est\u00e1 entre os destaques desta quinta-feira (24).\u00a0","og_url":"https:\/\/www.suno.com.br\/noticias\/destaques-itau-itub4-cemig-americanas-e-mais-va\/","og_site_name":"Suno Not\u00edcias","article_publisher":"https:\/\/facebook.com\/sunoresearch","og_image":[{"width":1200,"height":800,"url":"https:\/\/files.sunoresearch.com.br\/n\/uploads\/2023\/05\/bolsa-exchange-acoes.jpg","type":"image\/jpeg"}],"author":"Vin\u00edcius Alves","twitter_card":"summary_large_image","twitter_creator":"@sunoresearch","twitter_site":"@sunoresearch","twitter_misc":{"Escrito por":"Vin\u00edcius Alves","Est. tempo de leitura":"3 minutos"},"schema":{"@context":"https:\/\/schema.org","@graph":[{"@type":"NewsArticle","@id":"https:\/\/www.suno.com.br\/noticias\/destaques-itau-itub4-cemig-americanas-e-mais-va\/#article","isPartOf":{"@id":"https:\/\/www.suno.com.br\/noticias\/destaques-itau-itub4-cemig-americanas-e-mais-va\/"},"author":{"name":"Vin\u00edcius Alves","@id":"https:\/\/www.suno.com.br\/noticias\/#\/schema\/person\/4a180549702d0e236b3e420862bcded3"},"headline":"Ita\u00fa (ITUB4), Cemig (CMIG4) e Americanas (AMER3) aquecem mercado nesta quinta-feira; veja destaques","datePublished":"2023-08-24T13:52:02+00:00","dateModified":"2023-08-24T13:52:08+00:00","mainEntityOfPage":{"@id":"https:\/\/www.suno.com.br\/noticias\/destaques-itau-itub4-cemig-americanas-e-mais-va\/"},"wordCount":497,"publisher":{"@id":"https:\/\/www.suno.com.br\/noticias\/#organization"},"image":{"@id":"https:\/\/www.suno.com.br\/noticias\/destaques-itau-itub4-cemig-americanas-e-mais-va\/#primaryimage"},"thumbnailUrl":"https:\/\/files.sunoresearch.com.br\/n\/uploads\/2023\/05\/bolsa-exchange-acoes.jpg","keywords":["Americanas (AMER3)","Cemig (CMIG3\/CMIG4)","Isa CTEEP (TRPL4)","Ita\u00fa Unibanco (ITUB3\/ITUB4)","Kepler Weber (KEPL11\/KEPL3)","Paranapanema (PMAM3)"],"articleSection":["Mercado"],"inLanguage":"pt-BR"},{"@type":"WebPage","@id":"https:\/\/www.suno.com.br\/noticias\/destaques-itau-itub4-cemig-americanas-e-mais-va\/","url":"https:\/\/www.suno.com.br\/noticias\/destaques-itau-itub4-cemig-americanas-e-mais-va\/","name":"Ita\u00fa (ITUB4), Cemig (CMIG4) e Americanas (AMER3); veja destaques","isPartOf":{"@id":"https:\/\/www.suno.com.br\/noticias\/#website"},"primaryImageOfPage":{"@id":"https:\/\/www.suno.com.br\/noticias\/destaques-itau-itub4-cemig-americanas-e-mais-va\/#primaryimage"},"image":{"@id":"https:\/\/www.suno.com.br\/noticias\/destaques-itau-itub4-cemig-americanas-e-mais-va\/#primaryimage"},"thumbnailUrl":"https:\/\/files.sunoresearch.com.br\/n\/uploads\/2023\/05\/bolsa-exchange-acoes.jpg","datePublished":"2023-08-24T13:52:02+00:00","dateModified":"2023-08-24T13:52:08+00:00","description":"A informa\u00e7\u00e3o sobre o Ita\u00fa (ITUB4) que vendeu suas opera\u00e7\u00f5es na Argentina para o Banco Macro est\u00e1 entre os destaques desta quinta-feira (24).\u00a0","breadcrumb":{"@id":"https:\/\/www.suno.com.br\/noticias\/destaques-itau-itub4-cemig-americanas-e-mais-va\/#breadcrumb"},"inLanguage":"pt-BR","potentialAction":[{"@type":"ReadAction","target":["https:\/\/www.suno.com.br\/noticias\/destaques-itau-itub4-cemig-americanas-e-mais-va\/"]}]},{"@type":"ImageObject","inLanguage":"pt-BR","@id":"https:\/\/www.suno.com.br\/noticias\/destaques-itau-itub4-cemig-americanas-e-mais-va\/#primaryimage","url":"https:\/\/files.sunoresearch.com.br\/n\/uploads\/2023\/05\/bolsa-exchange-acoes.jpg","contentUrl":"https:\/\/files.sunoresearch.com.br\/n\/uploads\/2023\/05\/bolsa-exchange-acoes.jpg","width":1200,"height":800,"caption":"Mercado.Foto: iStock"},{"@type":"BreadcrumbList","@id":"https:\/\/www.suno.com.br\/noticias\/destaques-itau-itub4-cemig-americanas-e-mais-va\/#breadcrumb","itemListElement":[{"@type":"ListItem","position":1,"name":"Not\u00edcias","item":"https:\/\/www.suno.com.br\/noticias\/"},{"@type":"ListItem","position":2,"name":"Mercado","item":"https:\/\/www.suno.com.br\/noticias\/mercado\/"},{"@type":"ListItem","position":3,"name":"Ita\u00fa (ITUB4), Cemig (CMIG4) e Americanas (AMER3) aquecem mercado nesta quinta-feira; veja destaques"}]},{"@type":"WebSite","@id":"https:\/\/www.suno.com.br\/noticias\/#website","url":"https:\/\/www.suno.com.br\/noticias\/","name":"Suno Not\u00edcias","description":"Seu portal de informa\u00e7\u00e3o sobre o mundo dos investimentos","publisher":{"@id":"https:\/\/www.suno.com.br\/noticias\/#organization"},"potentialAction":[{"@type":"SearchAction","target":{"@type":"EntryPoint","urlTemplate":"https:\/\/www.suno.com.br\/noticias\/?s={search_term_string}"},"query-input":{"@type":"PropertyValueSpecification","valueRequired":true,"valueName":"search_term_string"}}],"inLanguage":"pt-BR"},{"@type":"Organization","@id":"https:\/\/www.suno.com.br\/noticias\/#organization","name":"Suno Not\u00edcias","url":"https:\/\/www.suno.com.br\/noticias\/","logo":{"@type":"ImageObject","inLanguage":"pt-BR","@id":"https:\/\/www.suno.com.br\/noticias\/#\/schema\/logo\/image\/","url":"https:\/\/files.sunoresearch.com.br\/n\/uploads\/2021\/09\/suno-logo.png","contentUrl":"https:\/\/files.sunoresearch.com.br\/n\/uploads\/2021\/09\/suno-logo.png","width":180,"height":180,"caption":"Suno Not\u00edcias"},"image":{"@id":"https:\/\/www.suno.com.br\/noticias\/#\/schema\/logo\/image\/"},"sameAs":["https:\/\/facebook.com\/sunoresearch","https:\/\/x.com\/sunoresearch","https:\/\/www.instagram.com\/suno","https:\/\/www.linkedin.com\/company\/suno-research\/","https:\/\/www.youtube.com\/c\/sunoresearch"]},{"@type":"Person","@id":"https:\/\/www.suno.com.br\/noticias\/#\/schema\/person\/4a180549702d0e236b3e420862bcded3","name":"Vin\u00edcius Alves","image":{"@type":"ImageObject","inLanguage":"pt-BR","@id":"https:\/\/www.suno.com.br\/noticias\/#\/schema\/person\/image\/","url":"https:\/\/secure.gravatar.com\/avatar\/a95b7fe6d1b813f7907d4f476d5a39e1?s=96&r=g","contentUrl":"https:\/\/secure.gravatar.com\/avatar\/a95b7fe6d1b813f7907d4f476d5a39e1?s=96&r=g","caption":"Vin\u00edcius Alves"},"description":"Jornalista formado na Faculdade C\u00e1sper L\u00edbero. Com passagens pela Ag\u00eancia Estado, InfoMoney e Editora Globo.","url":"https:\/\/www.suno.com.br\/noticias\/author\/vini08correiagmail-com\/"}]}},"default_loop_html":"<div class=\"cardsPage__listCard__boxs\"><div class=\"cardsPage__listCard__boxs__img\"><a href=\"https:\/\/www.suno.com.br\/noticias\/destaques-itau-itub4-cemig-americanas-e-mais-va\/\"><img class=\"mask\" src=\"https:\/\/www.suno.com.br\/noticias\/wp-content\/themes\/suno\/resources\/images\/spotlight\/spotlight1img\/bg-mask.png\" alt=\"Image Mask\"\/><img src=\"https:\/\/files.sunoresearch.com.br\/n\/uploads\/2023\/05\/bolsa-exchange-acoes-400x200.jpg\" alt=\"Ita\u00fa (ITUB4), Cemig (CMIG4) e Americanas (AMER3) aquecem mercado nesta quinta-feira; veja destaques\"\/><\/a><span class=\"spotlightCategory\"><a href=\"https:\/\/www.suno.com.br\/noticias\/mercado\/\">Mercado<\/a><\/span><\/div><div class=\"cardsPage__listCard__boxs__content\"><a href=\"https:\/\/www.suno.com.br\/noticias\/destaques-itau-itub4-cemig-americanas-e-mais-va\/\"><h2 class=\"content__title\">Ita\u00fa (ITUB4), Cemig (CMIG4) e Americanas (AMER3) aquecem mercado nesta quinta-feira; veja destaques<\/h2><\/a><div class=\"newsContent__article__meta\"><div class=\"newsContent__article__meta__authorBox\"><a href=\"https:\/\/www.suno.com.br\/noticias\/author\/vini08correiagmail-com\/\" class=\"authorBox__avatar noMobi\"><img src=\"https:\/\/files.sunoresearch.com.br\/n\/uploads\/2026\/04\/WhatsApp-Image-2026-04-20-at-19.35.48-150x150.webp\" alt=\"Vin\u00edcius Alves\"><\/a><div class=\"authorBox__name\"><span>por\n\t\t\t<a href=\"https:\/\/www.suno.com.br\/noticias\/author\/vini08correiagmail-com\/\"><span itemprop=\"author\">Vin\u00edcius Alves<\/span><\/a><\/span><time datetime=\"2023-08-24T10:52:02-03:00\" itemprop=\"datePublished\">24\/08\/2023 10:52<\/time><\/div><\/div><\/div><\/div><\/div>","single_layout":"posts","amp_enabled":true,"_links":{"self":[{"href":"https:\/\/www.suno.com.br\/noticias\/wp-json\/wp\/v2\/posts\/446789"}],"collection":[{"href":"https:\/\/www.suno.com.br\/noticias\/wp-json\/wp\/v2\/posts"}],"about":[{"href":"https:\/\/www.suno.com.br\/noticias\/wp-json\/wp\/v2\/types\/post"}],"author":[{"embeddable":true,"href":"https:\/\/www.suno.com.br\/noticias\/wp-json\/wp\/v2\/users\/301"}],"replies":[{"embeddable":true,"href":"https:\/\/www.suno.com.br\/noticias\/wp-json\/wp\/v2\/comments?post=446789"}],"version-history":[{"count":3,"href":"https:\/\/www.suno.com.br\/noticias\/wp-json\/wp\/v2\/posts\/446789\/revisions"}],"predecessor-version":[{"id":446854,"href":"https:\/\/www.suno.com.br\/noticias\/wp-json\/wp\/v2\/posts\/446789\/revisions\/446854"}],"wp:featuredmedia":[{"embeddable":true,"href":"https:\/\/www.suno.com.br\/noticias\/wp-json\/wp\/v2\/media\/406461"}],"wp:attachment":[{"href":"https:\/\/www.suno.com.br\/noticias\/wp-json\/wp\/v2\/media?parent=446789"}],"wp:term":[{"taxonomy":"category","embeddable":true,"href":"https:\/\/www.suno.com.br\/noticias\/wp-json\/wp\/v2\/categories?post=446789"},{"taxonomy":"post_tag","embeddable":true,"href":"https:\/\/www.suno.com.br\/noticias\/wp-json\/wp\/v2\/tags?post=446789"},{"taxonomy":"suno_strategy","embeddable":true,"href":"https:\/\/www.suno.com.br\/noticias\/wp-json\/wp\/v2\/suno_strategy?post=446789"}],"curies":[{"name":"wp","href":"https:\/\/api.w.org\/{rel}","templated":true}]}}