{"id":446723,"date":"2023-08-24T08:15:49","date_gmt":"2023-08-24T11:15:49","guid":{"rendered":"https:\/\/www.suno.com.br\/noticias\/?p=446723"},"modified":"2023-08-24T08:17:07","modified_gmt":"2023-08-24T11:17:07","slug":"123milhas-justica-bloqueia-conta-companhia-gpj","status":"publish","type":"post","link":"https:\/\/www.suno.com.br\/noticias\/123milhas-justica-bloqueia-conta-companhia-gpj\/","title":{"rendered":"123milhas: Justi\u00e7a bloqueia conta da companhia para pagar cliente, diz jornal"},"content":{"rendered":"<p>A Justi\u00e7a de Ribeir\u00e3o Preto (SP) determinou nesta quarta-feira (23) o bloqueio de R$ 44.358,00 da <a href=\"https:\/\/www.suno.com.br\/artigos\/conta-corrente\/\">conta corrente<\/a> da empresa <strong><a href=\"https:\/\/www.suno.com.br\/noticias\/123-milhas-venda-passagens-investigacao-jvj\/\" target=\"_blank\" rel=\"noreferrer noopener\">123Milhas<\/a><\/strong> para reembolsar a compra de cinco passagens a\u00e9reas de um cliente que tem viagem marcada para setembro, informou o jornal Valor Econ\u00f4mico.<\/p>\t<div class=\"wrapper-featured-image\">\n\t\t<figure class=\"spotlightImg\">\n\n\t\t\t<picture>\n\t\t\t\t<source media=\"(max-width: 768px)\" srcset=\"https:\/\/files.sunoresearch.com.br\/n\/uploads\/2023\/08\/123milhas-1-e1694697309338-400x200.jpg\">\n\t\t\t\t<img loading=\"lazy\" decoding=\"async\" class=\"newsContent__article__imgCapa lazyloadDisabled \" src=\"https:\/\/files.sunoresearch.com.br\/n\/uploads\/2023\/08\/123milhas-1-e1694697309338-800x450.jpg\" width=\"800\" height=\"450\" alt=\"123milhas: Justi\u00e7a bloqueia conta da companhia para pagar cliente, diz jornal\" fetchpriority=high \/>\n\t\t\t<\/picture>\n\n\t\t\t<figcaption class=\"wp-caption-text wp-caption-text--show\">123milhas - Foto: Divulga\u00e7\u00e3o.<\/figcaption>\n\t\t<\/figure>\n\t<\/div>\n\n\n\n\n\n\n\n\t<p>\n\t\t<a href=\"https:\/\/lp.suno.com.br\/planilha-da-vida-financeira\/\" target=\"_blank\" data-element=\"shortcode-suno-banner\" title=\"Banner SUNO, clique e saiba mais\">\n\t\t\t<picture>\n\t\t\t\t<source media=\"(max-width: 500px)\" srcset=\"https:\/\/files.sunoresearch.com.br\/n\/uploads\/2023\/04\/400x300-Planilha-vida-financeira-true.png\">\n\t\t\t\t<img class=\"newsContent__article__imgCapa newsContent__article__imgCapa--banner\"\n\t\t\t\t\tsrc=\"https:\/\/files.sunoresearch.com.br\/n\/uploads\/2023\/04\/1420x240-Planilha-vida-financeira-true.png\"\n\t\t\t\t\tdata-promo-id=\"106682\"\t\t\t\t\t\t\t\t\t\twidth='1420' height='240'\t\t\t\t\talt=\"https:\/\/files.sunoresearch.com.br\/n\/uploads\/2023\/04\/1420x240-Planilha-vida-financeira-true.png\"\n\t\t\t\t>\n\t\t\t<\/picture>\n\t\t<\/a>\n\t<\/p>\n\n\n\n\n\n<p>Segundo a publica\u00e7\u00e3o, a determina\u00e7\u00e3o \u00e9 referente \u00e0 passagens a\u00e9reas para Madri, na Espanha, em <a href=\"https:\/\/www.suno.com.br\/artigos\/valor-de-mercado\/\">valor de mercado<\/a>, via Sisbajud, sistema que envia ordens judiciais de reten\u00e7\u00e3o de valores por via eletr\u00f4nica. O cliente havia desembolsado cerca de R$ 7 mil na compra do pacote promocional flex\u00edvel da 123milhas em outubro de 2022.<\/p>\n\n\n\n<p>Em outra condena\u00e7\u00e3o proferida na ter\u00e7a-feira (22), a 5\u00aa Vara C\u00edvel de Guarulhos, na regi\u00e3o metropolitana de S\u00e3o Paulo, exigiu que a 123milhas emita, em cinco dias, quatro passagens a\u00e9reas de ida e volta do trecho S\u00e3o Paulo-Natal para os dias 4 e 10 de setembro, sob pena de aplica\u00e7\u00e3o de multa di\u00e1ria de R$ 300.<\/p>\n\n\n\n<p>De acordo com a decis\u00e3o do juiz Artur Pess\u00f4a de Melo Morais, a autora da a\u00e7\u00e3o desembolsou R$ 1.330,00 na compra de quatro passagens para viajar \u00e0 Natal, e alega que teria que desembolsar R$ 9.730,00 para comprar os bilhetes novamente. <\/p>\n\n\n\n\t<div data-element=\"shortcode-read-more\" class=\"readToo\">\n\t\t\t\t<span class=\"readToo__title\">Leia mais<\/span>\n\t\t\t\t<ul class=\"readToo__list\">\n\t\t\t<li><a href=\"https:\/\/www.suno.com.br\/noticias\/123milhas-mpf-cobra-caixa-ressarcir-consumidores\/\">123milhas: MPF cobra empresa para ressarcir consumidores em dinheiro<\/a><\/li><li><a href=\"https:\/\/www.suno.com.br\/noticias\/123milhas-entidade-acao-civil-pedindo-bloqueio-contas-va\/\">Entidade pede bloqueio das contas da 123milhas em a\u00e7\u00e3o civil<\/a><\/li><li><a href=\"https:\/\/www.suno.com.br\/noticias\/123milhas-governo-exclui-empresa-cadastro-ministerio-turismo\/\">123milhas: minist\u00e9rio exclui empresa de cadastro  para programa que facilita a obten\u00e7\u00e3o de empr\u00e9stimos e financiamentos<\/a><\/li><li><a href=\"https:\/\/www.suno.com.br\/noticias\/123milhas-cancela-viagens-investigacao-evm\/\">123Milhas cancela viagens promocionais e pode ser investigada<\/a><\/li>\t\t<\/ul>\n\t<\/div>\n\n\n\n\t<p>\n\t\t<a href=\"https:\/\/lp.suno.com.br\/ebook-como-analisar-uma-acao\/\" target=\"_blank\" data-element=\"shortcode-suno-banner\" title=\"Banner SUNO, clique e saiba mais\">\n\t\t\t<picture>\n\t\t\t\t<source media=\"(max-width: 500px)\" srcset=\"https:\/\/files.sunoresearch.com.br\/n\/uploads\/2023\/03\/Ebook-Acoes-Mobile.jpg\">\n\t\t\t\t<img class=\"newsContent__article__imgCapa newsContent__article__imgCapa--banner\"\n\t\t\t\t\tsrc=\"https:\/\/files.sunoresearch.com.br\/n\/uploads\/2023\/03\/Ebook-Acoes-Desktop.jpg\"\n\t\t\t\t\tdata-promo-id=\"378302\"\t\t\t\t\t\t\t\t\t\twidth='1420' height='286'\t\t\t\t\talt=\"https:\/\/files.sunoresearch.com.br\/n\/uploads\/2023\/03\/Ebook-Acoes-Desktop.jpg\"\n\t\t\t\t>\n\t\t\t<\/picture>\n\t\t<\/a>\n\t<\/p>\n\n\n\n\n\n<h2 class=\"wp-block-heading\">Condena\u00e7\u00e3o em Minas Gerais<\/h2>\n\n\n\n<p>Em Minas Gerais, sede da 123milhas, foram concedidas ao menos duas liminares favor\u00e1veis \u00e0 consumidores. Uma delas imp\u00f5e o bloqueio do valor das <strong>passagens a\u00e9reas<\/strong> na conta banc\u00e1ria da empresa e ambas determinam a emiss\u00e3o dos bilhetes a\u00e9reos em at\u00e9 cinco dias \u00fateis. Caso contr\u00e1rio, a empresa dever\u00e1 pagar multa de R$ 10 mil ou R$ 20 mil, disse o Valor Econ\u00f4mico.<\/p>\n\n\n\n<p>Nestes casos, os clientes resolveram entrar com a\u00e7\u00e3o judicial com pedido de liminar (urg\u00eancia) porque tinham viagem marcada para setembro, um para Roma (It\u00e1lia) e outro para Paris (Fran\u00e7a). <\/p>\n\n\n\n<p>A advogada que representou os consumidores, Luciana Rodrigues Atheniense, do escrit\u00f3rio Aristoteles Atheniense Advogados, baseou o processo no artigo 35 do <strong>C\u00f3digo de Defesa do Consumidor (CDC)<\/strong>, e est\u00e1 com uma fila de 30 pedidos de liminares para propor contra a ag\u00eancia de viagens.<\/p>\n\n\n\n<p>A Defensoria P\u00fablica de Minas Gerais entrou com uma a\u00e7\u00e3o civil p\u00fablica contra a 123milhas e sua s\u00f3cia, Novum Investimentos Participa\u00e7\u00f5es, na 15\u00aa Vara C\u00edvel da Comarca de Belo Horizonte, solicitando que a empresa fa\u00e7a a emiss\u00e3o dos bilhetes a\u00e9reos contratados ou pague indeniza\u00e7\u00e3o aos consumidores que se sentirem lesados.<\/p>\n\n\n\n<p>A Defensoria tamb\u00e9m pede indeniza\u00e7\u00e3o coletiva de R$ 1 milh\u00e3o por publicidade enganosa e pr\u00e1ticas abusivas, destacou o Valor.<\/p>\n\n\n\n<p>A partir desta quinta-feira (24), a 123milhas informou que vai encerrar o atendimento presencial emergencial de clientes na capital mineira. Em nota, a companhia informou que criou um grupo de trabalho para dar orienta\u00e7\u00f5es aos clientes.<\/p>\n\n\n\n<h2 class=\"wp-block-heading\">Relembre o caso<\/h2>\n\n\n\n<p>A ag\u00eancia de viagens\u00a0123Milhas\u00a0anunciou a suspens\u00e3o dos seus pacotes e a emiss\u00e3o de passagens da sua linha promocional, afetando todas as viagens j\u00e1 contratadas da linha \u201cPromo\u201d com datas flex\u00edveis.<\/p>\n\n\n\n<p>As&nbsp;<strong>viagens da 123Milhas<\/strong>&nbsp;que foram canceladas contemplam as que tinham embarques previstos de setembro a dezembro de 2023.<\/p>\n\n\n\n<p>\u201cDevido \u00e0 persist\u00eancia de circunst\u00e2ncias de mercado adversas, alheias \u00e0 nossa vontade, a linha PROMO foi suspensa temporariamente e n\u00e3o emitiremos as passagens com embarque previsto de setembro a dezembro de 2023\u201d, diz comunicado da empresa.<\/p>\n\n\n\n<p>Segundo a empresa, o valor das viagens ser\u00e1 integralmente devolvido aos clientes.<\/p>\n\n\n\n<p>A 123Milhas destaca que ser\u00e1 uma devolu\u00e7\u00e3o por meio de \u201cvouchers acrescidos de\u00a0<a href=\"https:\/\/www.suno.com.br\/artigos\/correcao-monetaria\/\" target=\"_blank\" rel=\"noreferrer noopener\">corre\u00e7\u00e3o monet\u00e1ria<\/a>\u00a0de 150% do CDI, acima da infla\u00e7\u00e3o e dos juros de mercado, para compra de quaisquer passagens, hot\u00e9is e pacotes\u201d..<\/p>\n\n\n\n<p>Os vouchers poder\u00e3o ser utilizados exclusivamente em produtos da empresa. Por\u00e9m, a empresa n\u00e3o deixou claro se haver\u00e1 ressarcimento em dinheiro.<\/p>\n\n\n\n<p>\u201cN\u00f3s entendemos que essa mudan\u00e7a \u00e9 inesperada e lamentamos o inconveniente que isso possa causar. Para n\u00f3s, manter a sua confian\u00e7a \u00e9 o mais importante. Por isso, estamos fazendo o poss\u00edvel para minimizar as consequ\u00eancias deste imprevisto\u201d, disse a <strong>123milhas<\/strong>.<\/p>\n\n\n\t<p>\n\t\t<a href=\"https:\/\/lp.suno.com.br\/planilha-da-vida-financeira\/\" target=\"_blank\" data-element=\"shortcode-suno-banner\" title=\"Banner SUNO, clique e saiba mais\">\n\t\t\t<picture>\n\t\t\t\t<source media=\"(max-width: 500px)\" srcset=\"https:\/\/files.sunoresearch.com.br\/n\/uploads\/2023\/04\/400x300-Planilha-vida-financeira-true.png\">\n\t\t\t\t<img class=\"newsContent__article__imgCapa newsContent__article__imgCapa--banner\"\n\t\t\t\t\tsrc=\"https:\/\/files.sunoresearch.com.br\/n\/uploads\/2023\/04\/1420x240-Planilha-vida-financeira-true.png\"\n\t\t\t\t\tdata-promo-id=\"383123\"\t\t\t\t\t\t\t\t\t\twidth='1420' height='240'\t\t\t\t\talt=\"https:\/\/files.sunoresearch.com.br\/n\/uploads\/2023\/04\/1420x240-Planilha-vida-financeira-true.png\"\n\t\t\t\t>\n\t\t\t<\/picture>\n\t\t<\/a>\n\t<\/p>\n\n\n","protected":false},"excerpt":{"rendered":"<p>A Justi\u00e7a de Ribeir\u00e3o Preto (SP) determinou nesta quarta-feira (23) o bloqueio de R$ 44.358,00 da conta corrente da empresa 123Milhas para reembolsar a compra de cinco passagens a\u00e9reas de um cliente que tem viagem marcada para setembro, informou o jornal Valor Econ\u00f4mico. 123milhas &#8211; Foto: Divulga\u00e7\u00e3o. Segundo a publica\u00e7\u00e3o, a determina\u00e7\u00e3o \u00e9 referente \u00e0 [&hellip;]<\/p>\n","protected":false},"author":313,"featured_media":445456,"comment_status":"closed","ping_status":"closed","sticky":false,"template":"","format":"standard","meta":[],"categories":[64],"tags":[1178],"suno_strategy":[],"class_list":["post-446723","post","type-post","status-publish","format-standard","has-post-thumbnail","hentry","category-negocios","tag-ministerio-do-turismo"],"yoast_head":"<!-- This site is optimized with the Yoast SEO plugin v24.4 - https:\/\/yoast.com\/wordpress\/plugins\/seo\/ -->\n<title>123milhas: Justi\u00e7a bloqueia conta da companhia para pagar cliente<\/title>\n<meta name=\"description\" content=\"A Justi\u00e7a de Ribeir\u00e3o Preto (SP) determinou o bloqueio da conta da 123Milhas para reembolsar a compra de passagens a\u00e9reas de um cliente.\" \/>\n<meta name=\"robots\" content=\"index, follow, max-snippet:-1, max-image-preview:large, max-video-preview:-1\" \/>\n<link rel=\"canonical\" href=\"https:\/\/www.suno.com.br\/noticias\/123milhas-justica-bloqueia-conta-companhia-gpj\/\" \/>\n<meta property=\"og:locale\" content=\"pt_BR\" \/>\n<meta property=\"og:type\" content=\"article\" \/>\n<meta property=\"og:title\" content=\"123milhas: Justi\u00e7a bloqueia conta da companhia para pagar cliente\" \/>\n<meta property=\"og:description\" content=\"A Justi\u00e7a de Ribeir\u00e3o Preto (SP) determinou o bloqueio da conta da 123Milhas para reembolsar a compra de passagens a\u00e9reas de um cliente.\" \/>\n<meta property=\"og:url\" content=\"https:\/\/www.suno.com.br\/noticias\/123milhas-justica-bloqueia-conta-companhia-gpj\/\" \/>\n<meta property=\"og:site_name\" content=\"Suno Not\u00edcias\" \/>\n<meta property=\"article:publisher\" content=\"https:\/\/facebook.com\/sunoresearch\" \/>\n<meta property=\"og:image\" content=\"https:\/\/files.sunoresearch.com.br\/n\/uploads\/2023\/08\/123milhas-1.jpg\" \/>\n\t<meta property=\"og:image:width\" content=\"1450\" \/>\n\t<meta property=\"og:image:height\" content=\"816\" \/>\n\t<meta property=\"og:image:type\" content=\"image\/jpeg\" \/>\n<meta name=\"author\" content=\"Giovanni Porf\u00edrio Jacomino\" \/>\n<meta name=\"twitter:card\" content=\"summary_large_image\" \/>\n<meta name=\"twitter:creator\" content=\"@sunoresearch\" \/>\n<meta name=\"twitter:site\" content=\"@sunoresearch\" \/>\n<meta name=\"twitter:label1\" content=\"Escrito por\" \/>\n\t<meta name=\"twitter:data1\" content=\"Giovanni Porf\u00edrio Jacomino\" \/>\n\t<meta name=\"twitter:label2\" content=\"Est. tempo de leitura\" \/>\n\t<meta name=\"twitter:data2\" content=\"4 minutos\" \/>\n<script type=\"application\/ld+json\" class=\"yoast-schema-graph\">{\"@context\":\"https:\/\/schema.org\",\"@graph\":[{\"@type\":\"NewsArticle\",\"@id\":\"https:\/\/www.suno.com.br\/noticias\/123milhas-justica-bloqueia-conta-companhia-gpj\/#article\",\"isPartOf\":{\"@id\":\"https:\/\/www.suno.com.br\/noticias\/123milhas-justica-bloqueia-conta-companhia-gpj\/\"},\"author\":{\"name\":\"Giovanni Porf\u00edrio Jacomino\",\"@id\":\"https:\/\/www.suno.com.br\/noticias\/#\/schema\/person\/d0f32748bbca4bee871fa191ee4e2d40\"},\"headline\":\"123milhas: Justi\u00e7a bloqueia conta da companhia para pagar cliente, diz jornal\",\"datePublished\":\"2023-08-24T11:15:49+00:00\",\"dateModified\":\"2023-08-24T11:17:07+00:00\",\"mainEntityOfPage\":{\"@id\":\"https:\/\/www.suno.com.br\/noticias\/123milhas-justica-bloqueia-conta-companhia-gpj\/\"},\"wordCount\":703,\"publisher\":{\"@id\":\"https:\/\/www.suno.com.br\/noticias\/#organization\"},\"image\":{\"@id\":\"https:\/\/www.suno.com.br\/noticias\/123milhas-justica-bloqueia-conta-companhia-gpj\/#primaryimage\"},\"thumbnailUrl\":\"https:\/\/files.sunoresearch.com.br\/n\/uploads\/2023\/08\/123milhas-1-e1694697309338.jpg\",\"keywords\":[\"Minist\u00e9rio do Turismo\"],\"articleSection\":[\"Neg\u00f3cios\"],\"inLanguage\":\"pt-BR\"},{\"@type\":\"WebPage\",\"@id\":\"https:\/\/www.suno.com.br\/noticias\/123milhas-justica-bloqueia-conta-companhia-gpj\/\",\"url\":\"https:\/\/www.suno.com.br\/noticias\/123milhas-justica-bloqueia-conta-companhia-gpj\/\",\"name\":\"123milhas: Justi\u00e7a bloqueia conta da companhia para pagar cliente\",\"isPartOf\":{\"@id\":\"https:\/\/www.suno.com.br\/noticias\/#website\"},\"primaryImageOfPage\":{\"@id\":\"https:\/\/www.suno.com.br\/noticias\/123milhas-justica-bloqueia-conta-companhia-gpj\/#primaryimage\"},\"image\":{\"@id\":\"https:\/\/www.suno.com.br\/noticias\/123milhas-justica-bloqueia-conta-companhia-gpj\/#primaryimage\"},\"thumbnailUrl\":\"https:\/\/files.sunoresearch.com.br\/n\/uploads\/2023\/08\/123milhas-1-e1694697309338.jpg\",\"datePublished\":\"2023-08-24T11:15:49+00:00\",\"dateModified\":\"2023-08-24T11:17:07+00:00\",\"description\":\"A Justi\u00e7a de Ribeir\u00e3o Preto (SP) determinou o bloqueio da conta da 123Milhas para reembolsar a compra de passagens a\u00e9reas de um cliente.\",\"breadcrumb\":{\"@id\":\"https:\/\/www.suno.com.br\/noticias\/123milhas-justica-bloqueia-conta-companhia-gpj\/#breadcrumb\"},\"inLanguage\":\"pt-BR\",\"potentialAction\":[{\"@type\":\"ReadAction\",\"target\":[\"https:\/\/www.suno.com.br\/noticias\/123milhas-justica-bloqueia-conta-companhia-gpj\/\"]}]},{\"@type\":\"ImageObject\",\"inLanguage\":\"pt-BR\",\"@id\":\"https:\/\/www.suno.com.br\/noticias\/123milhas-justica-bloqueia-conta-companhia-gpj\/#primaryimage\",\"url\":\"https:\/\/files.sunoresearch.com.br\/n\/uploads\/2023\/08\/123milhas-1-e1694697309338.jpg\",\"contentUrl\":\"https:\/\/files.sunoresearch.com.br\/n\/uploads\/2023\/08\/123milhas-1-e1694697309338.jpg\",\"width\":1200,\"height\":675,\"caption\":\"123milhas - Foto: Divulga\u00e7\u00e3o.\"},{\"@type\":\"BreadcrumbList\",\"@id\":\"https:\/\/www.suno.com.br\/noticias\/123milhas-justica-bloqueia-conta-companhia-gpj\/#breadcrumb\",\"itemListElement\":[{\"@type\":\"ListItem\",\"position\":1,\"name\":\"Not\u00edcias\",\"item\":\"https:\/\/www.suno.com.br\/noticias\/\"},{\"@type\":\"ListItem\",\"position\":2,\"name\":\"Neg\u00f3cios\",\"item\":\"https:\/\/www.suno.com.br\/noticias\/negocios\/\"},{\"@type\":\"ListItem\",\"position\":3,\"name\":\"123milhas: Justi\u00e7a bloqueia conta da companhia para pagar cliente, diz jornal\"}]},{\"@type\":\"WebSite\",\"@id\":\"https:\/\/www.suno.com.br\/noticias\/#website\",\"url\":\"https:\/\/www.suno.com.br\/noticias\/\",\"name\":\"Suno Not\u00edcias\",\"description\":\"Seu portal de informa\u00e7\u00e3o sobre o mundo dos investimentos\",\"publisher\":{\"@id\":\"https:\/\/www.suno.com.br\/noticias\/#organization\"},\"potentialAction\":[{\"@type\":\"SearchAction\",\"target\":{\"@type\":\"EntryPoint\",\"urlTemplate\":\"https:\/\/www.suno.com.br\/noticias\/?s={search_term_string}\"},\"query-input\":{\"@type\":\"PropertyValueSpecification\",\"valueRequired\":true,\"valueName\":\"search_term_string\"}}],\"inLanguage\":\"pt-BR\"},{\"@type\":\"Organization\",\"@id\":\"https:\/\/www.suno.com.br\/noticias\/#organization\",\"name\":\"Suno Not\u00edcias\",\"url\":\"https:\/\/www.suno.com.br\/noticias\/\",\"logo\":{\"@type\":\"ImageObject\",\"inLanguage\":\"pt-BR\",\"@id\":\"https:\/\/www.suno.com.br\/noticias\/#\/schema\/logo\/image\/\",\"url\":\"https:\/\/files.sunoresearch.com.br\/n\/uploads\/2021\/09\/suno-logo.png\",\"contentUrl\":\"https:\/\/files.sunoresearch.com.br\/n\/uploads\/2021\/09\/suno-logo.png\",\"width\":180,\"height\":180,\"caption\":\"Suno Not\u00edcias\"},\"image\":{\"@id\":\"https:\/\/www.suno.com.br\/noticias\/#\/schema\/logo\/image\/\"},\"sameAs\":[\"https:\/\/facebook.com\/sunoresearch\",\"https:\/\/x.com\/sunoresearch\",\"https:\/\/www.instagram.com\/suno\",\"https:\/\/www.linkedin.com\/company\/suno-research\/\",\"https:\/\/www.youtube.com\/c\/sunoresearch\"]},{\"@type\":\"Person\",\"@id\":\"https:\/\/www.suno.com.br\/noticias\/#\/schema\/person\/d0f32748bbca4bee871fa191ee4e2d40\",\"name\":\"Giovanni Porf\u00edrio Jacomino\",\"image\":{\"@type\":\"ImageObject\",\"inLanguage\":\"pt-BR\",\"@id\":\"https:\/\/www.suno.com.br\/noticias\/#\/schema\/person\/image\/\",\"url\":\"https:\/\/secure.gravatar.com\/avatar\/efb32e19b730a121cb7a80f41ffec01a?s=96&r=g\",\"contentUrl\":\"https:\/\/secure.gravatar.com\/avatar\/efb32e19b730a121cb7a80f41ffec01a?s=96&r=g\",\"caption\":\"Giovanni Porf\u00edrio Jacomino\"},\"description\":\"Giovanni Porf\u00edrio Jacomino \u00e9 jornalista formado pela Universidade Estadual de Londrina (UEL) e p\u00f3s-graduado em Produ\u00e7\u00e3o e Pr\u00e1ticas Jornal\u00edsticas na Contemporaneidade na Faculdade C\u00e1sper L\u00edbero (FCL). Foi editor web no Startupi e no Finsiders, atuando ainda como editor no TC Mover, portal de not\u00edcias da TradersClub, fazendo a cobertura de assuntos relacionados ao mercado financeiro interno e externo. Atualmente, \u00e9 Rep\u00f3rter do Suno Not\u00edcias.\",\"url\":\"https:\/\/www.suno.com.br\/noticias\/author\/giovanni-porfiriosuno-com-br\/\"}]}<\/script>\n<!-- \/ Yoast SEO plugin. -->","yoast_head_json":{"title":"123milhas: Justi\u00e7a bloqueia conta da companhia para pagar cliente","description":"A Justi\u00e7a de Ribeir\u00e3o Preto (SP) determinou o bloqueio da conta da 123Milhas para reembolsar a compra de passagens a\u00e9reas de um cliente.","robots":{"index":"index","follow":"follow","max-snippet":"max-snippet:-1","max-image-preview":"max-image-preview:large","max-video-preview":"max-video-preview:-1"},"canonical":"https:\/\/www.suno.com.br\/noticias\/123milhas-justica-bloqueia-conta-companhia-gpj\/","og_locale":"pt_BR","og_type":"article","og_title":"123milhas: Justi\u00e7a bloqueia conta da companhia para pagar cliente","og_description":"A Justi\u00e7a de Ribeir\u00e3o Preto (SP) determinou o bloqueio da conta da 123Milhas para reembolsar a compra de passagens a\u00e9reas de um cliente.","og_url":"https:\/\/www.suno.com.br\/noticias\/123milhas-justica-bloqueia-conta-companhia-gpj\/","og_site_name":"Suno Not\u00edcias","article_publisher":"https:\/\/facebook.com\/sunoresearch","og_image":[{"width":1450,"height":816,"url":"https:\/\/files.sunoresearch.com.br\/n\/uploads\/2023\/08\/123milhas-1.jpg","type":"image\/jpeg"}],"author":"Giovanni Porf\u00edrio Jacomino","twitter_card":"summary_large_image","twitter_creator":"@sunoresearch","twitter_site":"@sunoresearch","twitter_misc":{"Escrito por":"Giovanni Porf\u00edrio Jacomino","Est. tempo de leitura":"4 minutos"},"schema":{"@context":"https:\/\/schema.org","@graph":[{"@type":"NewsArticle","@id":"https:\/\/www.suno.com.br\/noticias\/123milhas-justica-bloqueia-conta-companhia-gpj\/#article","isPartOf":{"@id":"https:\/\/www.suno.com.br\/noticias\/123milhas-justica-bloqueia-conta-companhia-gpj\/"},"author":{"name":"Giovanni Porf\u00edrio Jacomino","@id":"https:\/\/www.suno.com.br\/noticias\/#\/schema\/person\/d0f32748bbca4bee871fa191ee4e2d40"},"headline":"123milhas: Justi\u00e7a bloqueia conta da companhia para pagar cliente, diz jornal","datePublished":"2023-08-24T11:15:49+00:00","dateModified":"2023-08-24T11:17:07+00:00","mainEntityOfPage":{"@id":"https:\/\/www.suno.com.br\/noticias\/123milhas-justica-bloqueia-conta-companhia-gpj\/"},"wordCount":703,"publisher":{"@id":"https:\/\/www.suno.com.br\/noticias\/#organization"},"image":{"@id":"https:\/\/www.suno.com.br\/noticias\/123milhas-justica-bloqueia-conta-companhia-gpj\/#primaryimage"},"thumbnailUrl":"https:\/\/files.sunoresearch.com.br\/n\/uploads\/2023\/08\/123milhas-1-e1694697309338.jpg","keywords":["Minist\u00e9rio do Turismo"],"articleSection":["Neg\u00f3cios"],"inLanguage":"pt-BR"},{"@type":"WebPage","@id":"https:\/\/www.suno.com.br\/noticias\/123milhas-justica-bloqueia-conta-companhia-gpj\/","url":"https:\/\/www.suno.com.br\/noticias\/123milhas-justica-bloqueia-conta-companhia-gpj\/","name":"123milhas: Justi\u00e7a bloqueia conta da companhia para pagar cliente","isPartOf":{"@id":"https:\/\/www.suno.com.br\/noticias\/#website"},"primaryImageOfPage":{"@id":"https:\/\/www.suno.com.br\/noticias\/123milhas-justica-bloqueia-conta-companhia-gpj\/#primaryimage"},"image":{"@id":"https:\/\/www.suno.com.br\/noticias\/123milhas-justica-bloqueia-conta-companhia-gpj\/#primaryimage"},"thumbnailUrl":"https:\/\/files.sunoresearch.com.br\/n\/uploads\/2023\/08\/123milhas-1-e1694697309338.jpg","datePublished":"2023-08-24T11:15:49+00:00","dateModified":"2023-08-24T11:17:07+00:00","description":"A Justi\u00e7a de Ribeir\u00e3o Preto (SP) determinou o bloqueio da conta da 123Milhas para reembolsar a compra de passagens a\u00e9reas de um cliente.","breadcrumb":{"@id":"https:\/\/www.suno.com.br\/noticias\/123milhas-justica-bloqueia-conta-companhia-gpj\/#breadcrumb"},"inLanguage":"pt-BR","potentialAction":[{"@type":"ReadAction","target":["https:\/\/www.suno.com.br\/noticias\/123milhas-justica-bloqueia-conta-companhia-gpj\/"]}]},{"@type":"ImageObject","inLanguage":"pt-BR","@id":"https:\/\/www.suno.com.br\/noticias\/123milhas-justica-bloqueia-conta-companhia-gpj\/#primaryimage","url":"https:\/\/files.sunoresearch.com.br\/n\/uploads\/2023\/08\/123milhas-1-e1694697309338.jpg","contentUrl":"https:\/\/files.sunoresearch.com.br\/n\/uploads\/2023\/08\/123milhas-1-e1694697309338.jpg","width":1200,"height":675,"caption":"123milhas - Foto: Divulga\u00e7\u00e3o."},{"@type":"BreadcrumbList","@id":"https:\/\/www.suno.com.br\/noticias\/123milhas-justica-bloqueia-conta-companhia-gpj\/#breadcrumb","itemListElement":[{"@type":"ListItem","position":1,"name":"Not\u00edcias","item":"https:\/\/www.suno.com.br\/noticias\/"},{"@type":"ListItem","position":2,"name":"Neg\u00f3cios","item":"https:\/\/www.suno.com.br\/noticias\/negocios\/"},{"@type":"ListItem","position":3,"name":"123milhas: Justi\u00e7a bloqueia conta da companhia para pagar cliente, diz jornal"}]},{"@type":"WebSite","@id":"https:\/\/www.suno.com.br\/noticias\/#website","url":"https:\/\/www.suno.com.br\/noticias\/","name":"Suno Not\u00edcias","description":"Seu portal de informa\u00e7\u00e3o sobre o mundo dos investimentos","publisher":{"@id":"https:\/\/www.suno.com.br\/noticias\/#organization"},"potentialAction":[{"@type":"SearchAction","target":{"@type":"EntryPoint","urlTemplate":"https:\/\/www.suno.com.br\/noticias\/?s={search_term_string}"},"query-input":{"@type":"PropertyValueSpecification","valueRequired":true,"valueName":"search_term_string"}}],"inLanguage":"pt-BR"},{"@type":"Organization","@id":"https:\/\/www.suno.com.br\/noticias\/#organization","name":"Suno Not\u00edcias","url":"https:\/\/www.suno.com.br\/noticias\/","logo":{"@type":"ImageObject","inLanguage":"pt-BR","@id":"https:\/\/www.suno.com.br\/noticias\/#\/schema\/logo\/image\/","url":"https:\/\/files.sunoresearch.com.br\/n\/uploads\/2021\/09\/suno-logo.png","contentUrl":"https:\/\/files.sunoresearch.com.br\/n\/uploads\/2021\/09\/suno-logo.png","width":180,"height":180,"caption":"Suno Not\u00edcias"},"image":{"@id":"https:\/\/www.suno.com.br\/noticias\/#\/schema\/logo\/image\/"},"sameAs":["https:\/\/facebook.com\/sunoresearch","https:\/\/x.com\/sunoresearch","https:\/\/www.instagram.com\/suno","https:\/\/www.linkedin.com\/company\/suno-research\/","https:\/\/www.youtube.com\/c\/sunoresearch"]},{"@type":"Person","@id":"https:\/\/www.suno.com.br\/noticias\/#\/schema\/person\/d0f32748bbca4bee871fa191ee4e2d40","name":"Giovanni Porf\u00edrio Jacomino","image":{"@type":"ImageObject","inLanguage":"pt-BR","@id":"https:\/\/www.suno.com.br\/noticias\/#\/schema\/person\/image\/","url":"https:\/\/secure.gravatar.com\/avatar\/efb32e19b730a121cb7a80f41ffec01a?s=96&r=g","contentUrl":"https:\/\/secure.gravatar.com\/avatar\/efb32e19b730a121cb7a80f41ffec01a?s=96&r=g","caption":"Giovanni Porf\u00edrio Jacomino"},"description":"Giovanni Porf\u00edrio Jacomino \u00e9 jornalista formado pela Universidade Estadual de Londrina (UEL) e p\u00f3s-graduado em Produ\u00e7\u00e3o e Pr\u00e1ticas Jornal\u00edsticas na Contemporaneidade na Faculdade C\u00e1sper L\u00edbero (FCL). Foi editor web no Startupi e no Finsiders, atuando ainda como editor no TC Mover, portal de not\u00edcias da TradersClub, fazendo a cobertura de assuntos relacionados ao mercado financeiro interno e externo. Atualmente, \u00e9 Rep\u00f3rter do Suno Not\u00edcias.","url":"https:\/\/www.suno.com.br\/noticias\/author\/giovanni-porfiriosuno-com-br\/"}]}},"default_loop_html":"<div class=\"cardsPage__listCard__boxs\"><div class=\"cardsPage__listCard__boxs__img\"><a href=\"https:\/\/www.suno.com.br\/noticias\/123milhas-justica-bloqueia-conta-companhia-gpj\/\"><img class=\"mask\" src=\"https:\/\/www.suno.com.br\/noticias\/wp-content\/themes\/suno\/resources\/images\/spotlight\/spotlight1img\/bg-mask.png\" alt=\"Image Mask\"\/><img src=\"https:\/\/files.sunoresearch.com.br\/n\/uploads\/2023\/08\/123milhas-1-e1694697309338-400x200.jpg\" alt=\"123milhas: Justi\u00e7a bloqueia conta da companhia para pagar cliente, diz jornal\"\/><\/a><span class=\"spotlightCategory\"><a href=\"https:\/\/www.suno.com.br\/noticias\/negocios\/\">Neg\u00f3cios<\/a><\/span><\/div><div class=\"cardsPage__listCard__boxs__content\"><a href=\"https:\/\/www.suno.com.br\/noticias\/123milhas-justica-bloqueia-conta-companhia-gpj\/\"><h2 class=\"content__title\">123milhas: Justi\u00e7a bloqueia conta da companhia para pagar cliente, diz jornal<\/h2><\/a><div class=\"newsContent__article__meta\"><div class=\"newsContent__article__meta__authorBox\"><a href=\"https:\/\/www.suno.com.br\/noticias\/author\/eduardo-vargas\/\" class=\"authorBox__avatar noMobi\"><img src=\"https:\/\/secure.gravatar.com\/avatar\/dac340933427a22924c9f99d1eb2e3f2?s=96&#038;r=g\" alt=\"Eduardo Vargas\"><\/a><div class=\"authorBox__name\"><span>por\n\t\t\t<a href=\"https:\/\/www.suno.com.br\/noticias\/author\/eduardo-vargas\/\"><span itemprop=\"author\">Eduardo Vargas<\/span><\/a><\/span><time datetime=\"2023-08-24T08:15:49-03:00\" itemprop=\"datePublished\">24\/08\/2023 08:15<\/time><\/div><\/div><\/div><\/div><\/div>","single_layout":"posts","amp_enabled":true,"_links":{"self":[{"href":"https:\/\/www.suno.com.br\/noticias\/wp-json\/wp\/v2\/posts\/446723"}],"collection":[{"href":"https:\/\/www.suno.com.br\/noticias\/wp-json\/wp\/v2\/posts"}],"about":[{"href":"https:\/\/www.suno.com.br\/noticias\/wp-json\/wp\/v2\/types\/post"}],"author":[{"embeddable":true,"href":"https:\/\/www.suno.com.br\/noticias\/wp-json\/wp\/v2\/users\/313"}],"replies":[{"embeddable":true,"href":"https:\/\/www.suno.com.br\/noticias\/wp-json\/wp\/v2\/comments?post=446723"}],"version-history":[{"count":3,"href":"https:\/\/www.suno.com.br\/noticias\/wp-json\/wp\/v2\/posts\/446723\/revisions"}],"predecessor-version":[{"id":446746,"href":"https:\/\/www.suno.com.br\/noticias\/wp-json\/wp\/v2\/posts\/446723\/revisions\/446746"}],"wp:featuredmedia":[{"embeddable":true,"href":"https:\/\/www.suno.com.br\/noticias\/wp-json\/wp\/v2\/media\/445456"}],"wp:attachment":[{"href":"https:\/\/www.suno.com.br\/noticias\/wp-json\/wp\/v2\/media?parent=446723"}],"wp:term":[{"taxonomy":"category","embeddable":true,"href":"https:\/\/www.suno.com.br\/noticias\/wp-json\/wp\/v2\/categories?post=446723"},{"taxonomy":"post_tag","embeddable":true,"href":"https:\/\/www.suno.com.br\/noticias\/wp-json\/wp\/v2\/tags?post=446723"},{"taxonomy":"suno_strategy","embeddable":true,"href":"https:\/\/www.suno.com.br\/noticias\/wp-json\/wp\/v2\/suno_strategy?post=446723"}],"curies":[{"name":"wp","href":"https:\/\/api.w.org\/{rel}","templated":true}]}}