{"id":44669,"date":"2019-11-13T14:09:56","date_gmt":"2019-11-13T16:09:56","guid":{"rendered":"https:\/\/www.suno.com.br\/noticias\/?p=44669"},"modified":"2019-11-18T13:42:20","modified_gmt":"2019-11-18T15:42:20","slug":"seguro-desemprego-abono-poderao-ser-pagos-bancos-privados","status":"publish","type":"post","link":"https:\/\/www.suno.com.br\/noticias\/seguro-desemprego-abono-poderao-ser-pagos-bancos-privados\/","title":{"rendered":"Seguro-desemprego e abono salarial poder\u00e3o ser pagos por bancos privados"},"content":{"rendered":"<p>As institui\u00e7\u00f5es financeiras estatais <strong>Caixa<\/strong> e <strong>Banco do Brasil<\/strong> (BBSA3) deixar\u00e3o de ter a exclusividade no pagamento do seguro-desemprego e do <a href=\"https:\/\/www.suno.com.br\/artigos\/abono-salarial\/\">abono salarial<\/a>. Essa \u00e9 a proposta da Medida Provis\u00f3ria 905\/2019, do governo de Jair Bolsonaro.<\/p>\t<div class=\"wrapper-featured-image\">\n\t\t<figure class=\"spotlightImg\">\n\n\t\t\t<picture>\n\t\t\t\t<source media=\"(max-width: 768px)\" srcset=\"https:\/\/files.sunoresearch.com.br\/n\/uploads\/2019\/08\/f60b294e-banco-do-brasil-400x200.webp\">\n\t\t\t\t<img loading=\"lazy\" decoding=\"async\" class=\"newsContent__article__imgCapa lazyloadDisabled newsContent__article__imgCapa--noCaption\" src=\"https:\/\/files.sunoresearch.com.br\/n\/uploads\/2019\/08\/f60b294e-banco-do-brasil-800x450.webp\" width=\"800\" height=\"450\" alt=\"Seguro-desemprego e abono salarial poder\u00e3o ser pagos por bancos privados\" fetchpriority=high \/>\n\t\t\t<\/picture>\n\n\t\t\t<figcaption class=\"wp-caption-text wp-caption-text--hide\">Banco do Brasil<\/figcaption>\n\t\t<\/figure>\n\t<\/div>\n\n\n\n<p>Pela legisla\u00e7\u00e3o anterior, esses pagamentos eram exclusivos da Caixa e do Banco do Brasil. Entretanto, a medida abre a possibilidade de bancos privados exercerem a atividade. \u201cOs pagamentos dos benef\u00edcios do Programa <strong>Seguro-Desemprego<\/strong> e do abono salarial ser\u00e3o realizados por meio de institui\u00e7\u00f5es financeiras, conforme regulamento editado pela Secretaria Especial de Previd\u00eancia e Trabalho do Minist\u00e9rio da Economia\u201c, diz a MP.<\/p>\n<p><a href=\"https:\/\/www.suno.com.br\/noticias\/via-varejo-investiga-fraude\/\">Confira: Exclusivo: Via Varejo investiga poss\u00edvel fraude em balan\u00e7os da companhia<\/a><\/p>\n<p>O Contrato de Trabalho Verde Amarelo foi anunciado pelo governo na \u00faltima segunda-feira (11) e formalizado na \u00faltima quarta-feira (12) em medida provis\u00f3ria.<\/p>\n\t<p>\n\t\t<a href=\"https:\/\/www.seculus.com.br\/blackfriday\" target=\"_blank\" data-element=\"shortcode-suno-banner\" title=\"Banner SUNO, clique e saiba mais\">\n\t\t\t<picture>\n\t\t\t\t<source media=\"(max-width: 500px)\" srcset=\"https:\/\/files.sunoresearch.com.br\/n\/uploads\/2023\/11\/seculus_suno_mobile_2.jpg\">\n\t\t\t\t<img class=\"newsContent__article__imgCapa newsContent__article__imgCapa--banner\"\n\t\t\t\t\tsrc=\"https:\/\/files.sunoresearch.com.br\/n\/uploads\/2023\/11\/seculus_suno_desktop_2.jpg\"\n\t\t\t\t\tdata-promo-id=\"474123\"\t\t\t\t\t\t\t\t\t\twidth='1420' height='240'\t\t\t\t\talt=\"https:\/\/files.sunoresearch.com.br\/n\/uploads\/2023\/11\/seculus_suno_desktop_2.jpg\"\n\t\t\t\t>\n\t\t\t<\/picture>\n\t\t<\/a>\n\t<\/p>\n\n\n<p>Dentre os v\u00e1rios pontos da nova medida, o governo decidir por taxar o <strong>seguro-desemprego<\/strong> para arcar com os custos do novo tipo de contrato trabalhista.<\/p>\n<p>De acordo com Rog\u00e9rio Marinho, secret\u00e1rio de <strong>Previd\u00eancia e Trabalho<\/strong>, o custo para diminuir os impostos \u00e0s companhias que contratarem dentro do \u2018Verde Amarelo\u2019 \u00e9 de R$ 10 bilh\u00f5es em at\u00e9 cinco anos.<\/p>\n<p><a href=\"https:\/\/www.suno.com.br\/noticias\/banco-do-brasil-lucro-r-45-bilhoes-3o-trimestre\/\">Saiba mais: Banco do Brasil registra lucro de R$ 4,5 bilh\u00f5es no 3\u00ba trimestre<\/a><\/p>\n<p>Dessa forma, o governo resolveu cobrar 7,5% do seguro-desemprego de quem est\u00e1 desempregado e recebendo o benef\u00edcio. Dessa forma, \u00e9 esperada a arrecada\u00e7\u00e3o de R$ 11 bilh\u00f5es a R$ 12 bilh\u00f5es no per\u00edodo de cinco anos.<\/p>\n<p>Embora o programa de est\u00edmulo ao emprego tenha data para terminar, no final de 2022, a taxa\u00e7\u00e3o do <strong>seguro-desemprego<\/strong> ser\u00e1 permanente. O plano prev\u00ea a gera\u00e7\u00e3o de 1,8 milh\u00e3o de postos de trabalho at\u00e9 2022 para jovens entre 18 e 29 anos que ainda n\u00e3o tiveram emprego com carteira registrada. Os mais velhos, com mais de 55 anos, n\u00e3o est\u00e3o inclusos na proposta final. O teto da remunera\u00e7\u00e3o na nova modalidade ser\u00e1 de 1,5 sal\u00e1rio m\u00ednimo, ou seja, R$ 1.497.<\/p>\n","protected":false},"excerpt":{"rendered":"<p>As institui\u00e7\u00f5es financeiras estatais Caixa e Banco do Brasil (BBSA3) deixar\u00e3o de ter a exclusividade no pagamento do seguro-desemprego e do abono salarial. Essa \u00e9 a proposta da Medida Provis\u00f3ria 905\/2019, do governo de Jair Bolsonaro. Banco do Brasil Pela legisla\u00e7\u00e3o anterior, esses pagamentos eram exclusivos da Caixa e do Banco do Brasil. Entretanto, a [&hellip;]<\/p>\n","protected":false},"author":24,"featured_media":34252,"comment_status":"closed","ping_status":"closed","sticky":false,"template":"","format":"standard","meta":[],"categories":[61],"tags":[732,1296,322],"suno_strategy":[],"class_list":["post-44669","post","type-post","status-publish","format-standard","has-post-thumbnail","hentry","category-politica","tag-banco-do-brasil-bbas3","tag-desemprego","tag-previdencia-social"],"yoast_head":"<!-- This site is optimized with the Yoast SEO plugin v24.4 - https:\/\/yoast.com\/wordpress\/plugins\/seo\/ -->\n<title>Seguro-desemprego e abono poder\u00e3o ser pagos por bancos privados<\/title>\n<meta name=\"description\" content=\"Uma MP do governo decidiu acabar com a exclusividade da Caixa e do Banco do Brasil no pagamento do seguro-desemprego. Saiba mais.\" \/>\n<meta name=\"robots\" content=\"index, follow, max-snippet:-1, max-image-preview:large, max-video-preview:-1\" \/>\n<link rel=\"canonical\" href=\"https:\/\/www.suno.com.br\/noticias\/seguro-desemprego-abono-poderao-ser-pagos-bancos-privados\/\" \/>\n<meta property=\"og:locale\" content=\"pt_BR\" \/>\n<meta property=\"og:type\" content=\"article\" \/>\n<meta property=\"og:title\" content=\"Seguro-desemprego e abono poder\u00e3o ser pagos por bancos privados\" \/>\n<meta property=\"og:description\" content=\"Uma MP do governo decidiu acabar com a exclusividade da Caixa e do Banco do Brasil no pagamento do seguro-desemprego. Saiba mais.\" \/>\n<meta property=\"og:url\" content=\"https:\/\/www.suno.com.br\/noticias\/seguro-desemprego-abono-poderao-ser-pagos-bancos-privados\/\" \/>\n<meta property=\"og:site_name\" content=\"Suno Not\u00edcias\" \/>\n<meta property=\"article:publisher\" content=\"https:\/\/facebook.com\/sunoresearch\" \/>\n<meta property=\"og:image\" content=\"https:\/\/files.sunoresearch.com.br\/n\/uploads\/2019\/08\/f60b294e-banco-do-brasil.jpeg\" \/>\n\t<meta property=\"og:image:width\" content=\"2256\" \/>\n\t<meta property=\"og:image:height\" content=\"1496\" \/>\n\t<meta property=\"og:image:type\" content=\"image\/jpeg\" \/>\n<meta name=\"author\" content=\"Jader Lazarini\" \/>\n<meta name=\"twitter:card\" content=\"summary_large_image\" \/>\n<meta name=\"twitter:creator\" content=\"@sunoresearch\" \/>\n<meta name=\"twitter:site\" content=\"@sunoresearch\" \/>\n<meta name=\"twitter:label1\" content=\"Escrito por\" \/>\n\t<meta name=\"twitter:data1\" content=\"Jader Lazarini\" \/>\n\t<meta name=\"twitter:label2\" content=\"Est. tempo de leitura\" \/>\n\t<meta name=\"twitter:data2\" content=\"2 minutos\" \/>\n<script type=\"application\/ld+json\" class=\"yoast-schema-graph\">{\"@context\":\"https:\/\/schema.org\",\"@graph\":[{\"@type\":\"NewsArticle\",\"@id\":\"https:\/\/www.suno.com.br\/noticias\/seguro-desemprego-abono-poderao-ser-pagos-bancos-privados\/#article\",\"isPartOf\":{\"@id\":\"https:\/\/www.suno.com.br\/noticias\/seguro-desemprego-abono-poderao-ser-pagos-bancos-privados\/\"},\"author\":{\"name\":\"Jader Lazarini\",\"@id\":\"https:\/\/www.suno.com.br\/noticias\/#\/schema\/person\/918d79de1f0281f01599b93f9ea6e23f\"},\"headline\":\"Seguro-desemprego e abono salarial poder\u00e3o ser pagos por bancos privados\",\"datePublished\":\"2019-11-13T16:09:56+00:00\",\"dateModified\":\"2019-11-18T15:42:20+00:00\",\"mainEntityOfPage\":{\"@id\":\"https:\/\/www.suno.com.br\/noticias\/seguro-desemprego-abono-poderao-ser-pagos-bancos-privados\/\"},\"wordCount\":348,\"publisher\":{\"@id\":\"https:\/\/www.suno.com.br\/noticias\/#organization\"},\"image\":{\"@id\":\"https:\/\/www.suno.com.br\/noticias\/seguro-desemprego-abono-poderao-ser-pagos-bancos-privados\/#primaryimage\"},\"thumbnailUrl\":\"https:\/\/files.sunoresearch.com.br\/n\/uploads\/2019\/08\/f60b294e-banco-do-brasil-jpeg.webp\",\"keywords\":[\"Banco do Brasil (BBAS3)\",\"Desemprego\",\"Previd\u00eancia Social\"],\"articleSection\":[\"Pol\u00edtica\"],\"inLanguage\":\"pt-BR\"},{\"@type\":\"WebPage\",\"@id\":\"https:\/\/www.suno.com.br\/noticias\/seguro-desemprego-abono-poderao-ser-pagos-bancos-privados\/\",\"url\":\"https:\/\/www.suno.com.br\/noticias\/seguro-desemprego-abono-poderao-ser-pagos-bancos-privados\/\",\"name\":\"Seguro-desemprego e abono poder\u00e3o ser pagos por bancos privados\",\"isPartOf\":{\"@id\":\"https:\/\/www.suno.com.br\/noticias\/#website\"},\"primaryImageOfPage\":{\"@id\":\"https:\/\/www.suno.com.br\/noticias\/seguro-desemprego-abono-poderao-ser-pagos-bancos-privados\/#primaryimage\"},\"image\":{\"@id\":\"https:\/\/www.suno.com.br\/noticias\/seguro-desemprego-abono-poderao-ser-pagos-bancos-privados\/#primaryimage\"},\"thumbnailUrl\":\"https:\/\/files.sunoresearch.com.br\/n\/uploads\/2019\/08\/f60b294e-banco-do-brasil-jpeg.webp\",\"datePublished\":\"2019-11-13T16:09:56+00:00\",\"dateModified\":\"2019-11-18T15:42:20+00:00\",\"description\":\"Uma MP do governo decidiu acabar com a exclusividade da Caixa e do Banco do Brasil no pagamento do seguro-desemprego. Saiba mais.\",\"breadcrumb\":{\"@id\":\"https:\/\/www.suno.com.br\/noticias\/seguro-desemprego-abono-poderao-ser-pagos-bancos-privados\/#breadcrumb\"},\"inLanguage\":\"pt-BR\",\"potentialAction\":[{\"@type\":\"ReadAction\",\"target\":[\"https:\/\/www.suno.com.br\/noticias\/seguro-desemprego-abono-poderao-ser-pagos-bancos-privados\/\"]}]},{\"@type\":\"ImageObject\",\"inLanguage\":\"pt-BR\",\"@id\":\"https:\/\/www.suno.com.br\/noticias\/seguro-desemprego-abono-poderao-ser-pagos-bancos-privados\/#primaryimage\",\"url\":\"https:\/\/files.sunoresearch.com.br\/n\/uploads\/2019\/08\/f60b294e-banco-do-brasil-jpeg.webp\",\"contentUrl\":\"https:\/\/files.sunoresearch.com.br\/n\/uploads\/2019\/08\/f60b294e-banco-do-brasil-jpeg.webp\",\"width\":2256,\"height\":1496,\"caption\":\"Banco do Brasil\"},{\"@type\":\"BreadcrumbList\",\"@id\":\"https:\/\/www.suno.com.br\/noticias\/seguro-desemprego-abono-poderao-ser-pagos-bancos-privados\/#breadcrumb\",\"itemListElement\":[{\"@type\":\"ListItem\",\"position\":1,\"name\":\"Not\u00edcias\",\"item\":\"https:\/\/www.suno.com.br\/noticias\/\"},{\"@type\":\"ListItem\",\"position\":2,\"name\":\"Pol\u00edtica\",\"item\":\"https:\/\/www.suno.com.br\/noticias\/politica\/\"},{\"@type\":\"ListItem\",\"position\":3,\"name\":\"Seguro-desemprego e abono salarial poder\u00e3o ser pagos por bancos privados\"}]},{\"@type\":\"WebSite\",\"@id\":\"https:\/\/www.suno.com.br\/noticias\/#website\",\"url\":\"https:\/\/www.suno.com.br\/noticias\/\",\"name\":\"Suno Not\u00edcias\",\"description\":\"Seu portal de informa\u00e7\u00e3o sobre o mundo dos investimentos\",\"publisher\":{\"@id\":\"https:\/\/www.suno.com.br\/noticias\/#organization\"},\"potentialAction\":[{\"@type\":\"SearchAction\",\"target\":{\"@type\":\"EntryPoint\",\"urlTemplate\":\"https:\/\/www.suno.com.br\/noticias\/?s={search_term_string}\"},\"query-input\":{\"@type\":\"PropertyValueSpecification\",\"valueRequired\":true,\"valueName\":\"search_term_string\"}}],\"inLanguage\":\"pt-BR\"},{\"@type\":\"Organization\",\"@id\":\"https:\/\/www.suno.com.br\/noticias\/#organization\",\"name\":\"Suno Not\u00edcias\",\"url\":\"https:\/\/www.suno.com.br\/noticias\/\",\"logo\":{\"@type\":\"ImageObject\",\"inLanguage\":\"pt-BR\",\"@id\":\"https:\/\/www.suno.com.br\/noticias\/#\/schema\/logo\/image\/\",\"url\":\"https:\/\/files.sunoresearch.com.br\/n\/uploads\/2021\/09\/suno-logo.png\",\"contentUrl\":\"https:\/\/files.sunoresearch.com.br\/n\/uploads\/2021\/09\/suno-logo.png\",\"width\":180,\"height\":180,\"caption\":\"Suno Not\u00edcias\"},\"image\":{\"@id\":\"https:\/\/www.suno.com.br\/noticias\/#\/schema\/logo\/image\/\"},\"sameAs\":[\"https:\/\/facebook.com\/sunoresearch\",\"https:\/\/x.com\/sunoresearch\",\"https:\/\/www.instagram.com\/suno\",\"https:\/\/www.linkedin.com\/company\/suno-research\/\",\"https:\/\/www.youtube.com\/c\/sunoresearch\"]},{\"@type\":\"Person\",\"@id\":\"https:\/\/www.suno.com.br\/noticias\/#\/schema\/person\/918d79de1f0281f01599b93f9ea6e23f\",\"name\":\"Jader Lazarini\",\"image\":{\"@type\":\"ImageObject\",\"inLanguage\":\"pt-BR\",\"@id\":\"https:\/\/www.suno.com.br\/noticias\/#\/schema\/person\/image\/\",\"url\":\"https:\/\/secure.gravatar.com\/avatar\/3c1ad8caa51589841baeb923fcddea97?s=96&r=g\",\"contentUrl\":\"https:\/\/secure.gravatar.com\/avatar\/3c1ad8caa51589841baeb923fcddea97?s=96&r=g\",\"caption\":\"Jader Lazarini\"},\"description\":\"Jader Lazarini escreve sobre investimentos, finan\u00e7as, economia e neg\u00f3cios. \u00c9 bacharel em Rela\u00e7\u00f5es Internacionais e analista CNPI (2619).\",\"url\":\"https:\/\/www.suno.com.br\/noticias\/author\/jader-lazarini\/\"}]}<\/script>\n<!-- \/ Yoast SEO plugin. -->","yoast_head_json":{"title":"Seguro-desemprego e abono poder\u00e3o ser pagos por bancos privados","description":"Uma MP do governo decidiu acabar com a exclusividade da Caixa e do Banco do Brasil no pagamento do seguro-desemprego. Saiba mais.","robots":{"index":"index","follow":"follow","max-snippet":"max-snippet:-1","max-image-preview":"max-image-preview:large","max-video-preview":"max-video-preview:-1"},"canonical":"https:\/\/www.suno.com.br\/noticias\/seguro-desemprego-abono-poderao-ser-pagos-bancos-privados\/","og_locale":"pt_BR","og_type":"article","og_title":"Seguro-desemprego e abono poder\u00e3o ser pagos por bancos privados","og_description":"Uma MP do governo decidiu acabar com a exclusividade da Caixa e do Banco do Brasil no pagamento do seguro-desemprego. Saiba mais.","og_url":"https:\/\/www.suno.com.br\/noticias\/seguro-desemprego-abono-poderao-ser-pagos-bancos-privados\/","og_site_name":"Suno Not\u00edcias","article_publisher":"https:\/\/facebook.com\/sunoresearch","og_image":[{"width":2256,"height":1496,"url":"https:\/\/files.sunoresearch.com.br\/n\/uploads\/2019\/08\/f60b294e-banco-do-brasil.jpeg","type":"image\/jpeg"}],"author":"Jader Lazarini","twitter_card":"summary_large_image","twitter_creator":"@sunoresearch","twitter_site":"@sunoresearch","twitter_misc":{"Escrito por":"Jader Lazarini","Est. tempo de leitura":"2 minutos"},"schema":{"@context":"https:\/\/schema.org","@graph":[{"@type":"NewsArticle","@id":"https:\/\/www.suno.com.br\/noticias\/seguro-desemprego-abono-poderao-ser-pagos-bancos-privados\/#article","isPartOf":{"@id":"https:\/\/www.suno.com.br\/noticias\/seguro-desemprego-abono-poderao-ser-pagos-bancos-privados\/"},"author":{"name":"Jader Lazarini","@id":"https:\/\/www.suno.com.br\/noticias\/#\/schema\/person\/918d79de1f0281f01599b93f9ea6e23f"},"headline":"Seguro-desemprego e abono salarial poder\u00e3o ser pagos por bancos privados","datePublished":"2019-11-13T16:09:56+00:00","dateModified":"2019-11-18T15:42:20+00:00","mainEntityOfPage":{"@id":"https:\/\/www.suno.com.br\/noticias\/seguro-desemprego-abono-poderao-ser-pagos-bancos-privados\/"},"wordCount":348,"publisher":{"@id":"https:\/\/www.suno.com.br\/noticias\/#organization"},"image":{"@id":"https:\/\/www.suno.com.br\/noticias\/seguro-desemprego-abono-poderao-ser-pagos-bancos-privados\/#primaryimage"},"thumbnailUrl":"https:\/\/files.sunoresearch.com.br\/n\/uploads\/2019\/08\/f60b294e-banco-do-brasil-jpeg.webp","keywords":["Banco do Brasil (BBAS3)","Desemprego","Previd\u00eancia Social"],"articleSection":["Pol\u00edtica"],"inLanguage":"pt-BR"},{"@type":"WebPage","@id":"https:\/\/www.suno.com.br\/noticias\/seguro-desemprego-abono-poderao-ser-pagos-bancos-privados\/","url":"https:\/\/www.suno.com.br\/noticias\/seguro-desemprego-abono-poderao-ser-pagos-bancos-privados\/","name":"Seguro-desemprego e abono poder\u00e3o ser pagos por bancos privados","isPartOf":{"@id":"https:\/\/www.suno.com.br\/noticias\/#website"},"primaryImageOfPage":{"@id":"https:\/\/www.suno.com.br\/noticias\/seguro-desemprego-abono-poderao-ser-pagos-bancos-privados\/#primaryimage"},"image":{"@id":"https:\/\/www.suno.com.br\/noticias\/seguro-desemprego-abono-poderao-ser-pagos-bancos-privados\/#primaryimage"},"thumbnailUrl":"https:\/\/files.sunoresearch.com.br\/n\/uploads\/2019\/08\/f60b294e-banco-do-brasil-jpeg.webp","datePublished":"2019-11-13T16:09:56+00:00","dateModified":"2019-11-18T15:42:20+00:00","description":"Uma MP do governo decidiu acabar com a exclusividade da Caixa e do Banco do Brasil no pagamento do seguro-desemprego. Saiba mais.","breadcrumb":{"@id":"https:\/\/www.suno.com.br\/noticias\/seguro-desemprego-abono-poderao-ser-pagos-bancos-privados\/#breadcrumb"},"inLanguage":"pt-BR","potentialAction":[{"@type":"ReadAction","target":["https:\/\/www.suno.com.br\/noticias\/seguro-desemprego-abono-poderao-ser-pagos-bancos-privados\/"]}]},{"@type":"ImageObject","inLanguage":"pt-BR","@id":"https:\/\/www.suno.com.br\/noticias\/seguro-desemprego-abono-poderao-ser-pagos-bancos-privados\/#primaryimage","url":"https:\/\/files.sunoresearch.com.br\/n\/uploads\/2019\/08\/f60b294e-banco-do-brasil-jpeg.webp","contentUrl":"https:\/\/files.sunoresearch.com.br\/n\/uploads\/2019\/08\/f60b294e-banco-do-brasil-jpeg.webp","width":2256,"height":1496,"caption":"Banco do Brasil"},{"@type":"BreadcrumbList","@id":"https:\/\/www.suno.com.br\/noticias\/seguro-desemprego-abono-poderao-ser-pagos-bancos-privados\/#breadcrumb","itemListElement":[{"@type":"ListItem","position":1,"name":"Not\u00edcias","item":"https:\/\/www.suno.com.br\/noticias\/"},{"@type":"ListItem","position":2,"name":"Pol\u00edtica","item":"https:\/\/www.suno.com.br\/noticias\/politica\/"},{"@type":"ListItem","position":3,"name":"Seguro-desemprego e abono salarial poder\u00e3o ser pagos por bancos privados"}]},{"@type":"WebSite","@id":"https:\/\/www.suno.com.br\/noticias\/#website","url":"https:\/\/www.suno.com.br\/noticias\/","name":"Suno Not\u00edcias","description":"Seu portal de informa\u00e7\u00e3o sobre o mundo dos investimentos","publisher":{"@id":"https:\/\/www.suno.com.br\/noticias\/#organization"},"potentialAction":[{"@type":"SearchAction","target":{"@type":"EntryPoint","urlTemplate":"https:\/\/www.suno.com.br\/noticias\/?s={search_term_string}"},"query-input":{"@type":"PropertyValueSpecification","valueRequired":true,"valueName":"search_term_string"}}],"inLanguage":"pt-BR"},{"@type":"Organization","@id":"https:\/\/www.suno.com.br\/noticias\/#organization","name":"Suno Not\u00edcias","url":"https:\/\/www.suno.com.br\/noticias\/","logo":{"@type":"ImageObject","inLanguage":"pt-BR","@id":"https:\/\/www.suno.com.br\/noticias\/#\/schema\/logo\/image\/","url":"https:\/\/files.sunoresearch.com.br\/n\/uploads\/2021\/09\/suno-logo.png","contentUrl":"https:\/\/files.sunoresearch.com.br\/n\/uploads\/2021\/09\/suno-logo.png","width":180,"height":180,"caption":"Suno Not\u00edcias"},"image":{"@id":"https:\/\/www.suno.com.br\/noticias\/#\/schema\/logo\/image\/"},"sameAs":["https:\/\/facebook.com\/sunoresearch","https:\/\/x.com\/sunoresearch","https:\/\/www.instagram.com\/suno","https:\/\/www.linkedin.com\/company\/suno-research\/","https:\/\/www.youtube.com\/c\/sunoresearch"]},{"@type":"Person","@id":"https:\/\/www.suno.com.br\/noticias\/#\/schema\/person\/918d79de1f0281f01599b93f9ea6e23f","name":"Jader Lazarini","image":{"@type":"ImageObject","inLanguage":"pt-BR","@id":"https:\/\/www.suno.com.br\/noticias\/#\/schema\/person\/image\/","url":"https:\/\/secure.gravatar.com\/avatar\/3c1ad8caa51589841baeb923fcddea97?s=96&r=g","contentUrl":"https:\/\/secure.gravatar.com\/avatar\/3c1ad8caa51589841baeb923fcddea97?s=96&r=g","caption":"Jader Lazarini"},"description":"Jader Lazarini escreve sobre investimentos, finan\u00e7as, economia e neg\u00f3cios. \u00c9 bacharel em Rela\u00e7\u00f5es Internacionais e analista CNPI (2619).","url":"https:\/\/www.suno.com.br\/noticias\/author\/jader-lazarini\/"}]}},"default_loop_html":"<div class=\"cardsPage__listCard__boxs\"><div class=\"cardsPage__listCard__boxs__img\"><a href=\"https:\/\/www.suno.com.br\/noticias\/seguro-desemprego-abono-poderao-ser-pagos-bancos-privados\/\"><img class=\"mask\" src=\"https:\/\/www.suno.com.br\/noticias\/wp-content\/themes\/suno\/resources\/images\/spotlight\/spotlight1img\/bg-mask.png\" alt=\"Image Mask\"\/><img src=\"https:\/\/files.sunoresearch.com.br\/n\/uploads\/2019\/08\/f60b294e-banco-do-brasil-400x200.webp\" alt=\"Seguro-desemprego e abono salarial poder\u00e3o ser pagos por bancos privados\"\/><\/a><span class=\"spotlightCategory\"><a href=\"https:\/\/www.suno.com.br\/noticias\/politica\/\">Pol\u00edtica<\/a><\/span><\/div><div class=\"cardsPage__listCard__boxs__content\"><a href=\"https:\/\/www.suno.com.br\/noticias\/seguro-desemprego-abono-poderao-ser-pagos-bancos-privados\/\"><h2 class=\"content__title\">Seguro-desemprego e abono salarial poder\u00e3o ser pagos por bancos privados<\/h2><\/a><div class=\"newsContent__article__meta\"><div class=\"newsContent__article__meta__authorBox\"><a href=\"https:\/\/www.suno.com.br\/noticias\/author\/jader-lazarini\/\" class=\"authorBox__avatar noMobi\"><img src=\"https:\/\/files.sunoresearch.com.br\/n\/uploads\/2021\/01\/178e6598-foto-perfil-2-150x150.jpg\" alt=\"Jader Lazarini\"><\/a><div class=\"authorBox__name\"><span>por\n\t\t\t<a href=\"https:\/\/www.suno.com.br\/noticias\/author\/jader-lazarini\/\"><span itemprop=\"author\">Jader Lazarini<\/span><\/a><\/span><time datetime=\"2019-11-13T14:09:56-03:00\" itemprop=\"datePublished\">13\/11\/2019 14:09<\/time><\/div><\/div><\/div><\/div><\/div>","single_layout":"posts","amp_enabled":true,"_links":{"self":[{"href":"https:\/\/www.suno.com.br\/noticias\/wp-json\/wp\/v2\/posts\/44669"}],"collection":[{"href":"https:\/\/www.suno.com.br\/noticias\/wp-json\/wp\/v2\/posts"}],"about":[{"href":"https:\/\/www.suno.com.br\/noticias\/wp-json\/wp\/v2\/types\/post"}],"author":[{"embeddable":true,"href":"https:\/\/www.suno.com.br\/noticias\/wp-json\/wp\/v2\/users\/24"}],"replies":[{"embeddable":true,"href":"https:\/\/www.suno.com.br\/noticias\/wp-json\/wp\/v2\/comments?post=44669"}],"version-history":[{"count":0,"href":"https:\/\/www.suno.com.br\/noticias\/wp-json\/wp\/v2\/posts\/44669\/revisions"}],"wp:featuredmedia":[{"embeddable":true,"href":"https:\/\/www.suno.com.br\/noticias\/wp-json\/wp\/v2\/media\/34252"}],"wp:attachment":[{"href":"https:\/\/www.suno.com.br\/noticias\/wp-json\/wp\/v2\/media?parent=44669"}],"wp:term":[{"taxonomy":"category","embeddable":true,"href":"https:\/\/www.suno.com.br\/noticias\/wp-json\/wp\/v2\/categories?post=44669"},{"taxonomy":"post_tag","embeddable":true,"href":"https:\/\/www.suno.com.br\/noticias\/wp-json\/wp\/v2\/tags?post=44669"},{"taxonomy":"suno_strategy","embeddable":true,"href":"https:\/\/www.suno.com.br\/noticias\/wp-json\/wp\/v2\/suno_strategy?post=44669"}],"curies":[{"name":"wp","href":"https:\/\/api.w.org\/{rel}","templated":true}]}}