{"id":44641,"date":"2019-11-13T11:45:45","date_gmt":"2019-11-13T13:45:45","guid":{"rendered":"https:\/\/www.suno.com.br\/noticias\/?p=44641"},"modified":"2019-11-13T11:50:25","modified_gmt":"2019-11-13T13:50:25","slug":"vendas-no-varejo-crescem-pelo-quinto-mes-seguido","status":"publish","type":"post","link":"https:\/\/www.suno.com.br\/noticias\/vendas-no-varejo-crescem-pelo-quinto-mes-seguido\/","title":{"rendered":"Vendas no varejo crescem pelo quinto m\u00eas seguido"},"content":{"rendered":"<p>As vendas no varejo brasileiro tiveram alta pelo quinto m\u00eas consecutivo. No m\u00eas de setembro, o crescimento foi de 0,7% em rela\u00e7\u00e3o ao m\u00eas agosto. Na compara\u00e7\u00e3o anual, a alta foi de 2,1%. As informa\u00e7\u00f5es foram divulgadas pelo <strong>Instituto Brasileiro de Geografia e Estat\u00edstica (IBGE) <\/strong>nesta quarta-feira (13).<\/p>\t<div class=\"wrapper-featured-image\">\n\t\t<figure class=\"spotlightImg\">\n\n\t\t\t<picture>\n\t\t\t\t<source media=\"(max-width: 768px)\" srcset=\"https:\/\/files.sunoresearch.com.br\/n\/uploads\/2019\/09\/1891964e-varejo-400x200.webp\">\n\t\t\t\t<img loading=\"lazy\" decoding=\"async\" class=\"newsContent__article__imgCapa lazyloadDisabled newsContent__article__imgCapa--noCaption\" src=\"https:\/\/files.sunoresearch.com.br\/n\/uploads\/2019\/09\/1891964e-varejo-jpg.webp\" width=\"800\" height=\"450\" alt=\"Vendas no varejo crescem pelo quinto m\u00eas seguido\" fetchpriority=high \/>\n\t\t\t<\/picture>\n\n\t\t\t<figcaption class=\"wp-caption-text wp-caption-text--hide\">Varejo avan\u00e7a 0,6% em novembro frente a outubro, diz IBGE<\/figcaption>\n\t\t<\/figure>\n\t<\/div>\n\n\n\n<p>Os resultados do <strong>varejo<\/strong> tiveram influ\u00eancia positiva do consumo de artigos de uso pessoal e dom\u00e9stico, que cresceram 8,5% em compara\u00e7\u00e3o ao m\u00eas de setembro do ano passado e 1,8% comparado ao m\u00eas anterior. M\u00f3veis e eletrodom\u00e9sticos registraram alta de 8,2% em rela\u00e7\u00e3o ao mesmo per\u00edodo do ano passado e avan\u00e7aram 5,2% na compara\u00e7\u00e3o com agosto.<\/p>\n<p><a href=\"https:\/\/www.suno.com.br\/noticias\/vendas-varejo-crescem-agosto-cielo\/\">Veja tamb\u00e9m: Vendas do varejo crescem 2,3% em agosto, aponta Cielo<\/a><\/p>\n<p>Em compara\u00e7\u00e3o ao m\u00eas de agosto, as vendas de alimentos, bebidas e fumo cresceram 0,2%. J\u00e1 a compra de ve\u00edculos e pe\u00e7as de autom\u00f3veis avan\u00e7ou 1,2% em rela\u00e7\u00e3o a agosto. No trimestre, entre julho e setembro, o com\u00e9rcio teve alta de 2,6% em rela\u00e7\u00e3o ao per\u00edodo de abril a junho. As atividades que mais tiveram destaque nas vendas do com\u00e9rcio varejista foram:<\/p>\n<ul>\n<li>m\u00f3veis e eletrodom\u00e9sticos<\/li>\n<li>tecidos, vestu\u00e1rio e cal\u00e7ados<\/li>\n<\/ul>\n<p>Em contrapartida, tiveram resultados negativos no setor de combust\u00edveis, que registraram baixa de 0,3% em um ano.<\/p>\n<h2>Varejo ampliado<\/h2>\n<p>No varejo ampliado, que inclui as atividades de ve\u00edculos, motos, partes e pe\u00e7as e de material de constru\u00e7\u00e3o, o volume de vendas cresceu 0,9% em compara\u00e7\u00e3o a agosto de 2019. Essa foi a s\u00e9tima taxa positiva seguida.<\/p>\n<p><a href=\"https:\/\/www.suno.com.br\/noticias\/varejo-vendas-setembro-semana-do-brasil-icva\/\">Veja tamb\u00e9m: Vendas no varejo crescem 3,6% em setembro, aponta Cielo<\/a><\/p>\n<p>Em compara\u00e7\u00e3o a setembro do ano passado, o com\u00e9rcio varejista ampliado avan\u00e7ou 4,4%, sendo a sexta taxa positiva consecutiva. Dessa forma, o varejo ampliado aumentou 3,6% no indicador acumulado no ano e de 4,4% no terceiro trimestre de 2019.<\/p>\n\t<p>\n\t\t<a href=\"https:\/\/lp.suno.com.br\/asset\/fundos\/suno-fiagro-snag11\/\" target=\"_blank\" data-element=\"shortcode-suno-banner\" title=\"Banner SUNO, clique e saiba mais\">\n\t\t\t<picture>\n\t\t\t\t<source media=\"(max-width: 500px)\" srcset=\"https:\/\/files.sunoresearch.com.br\/n\/uploads\/2024\/03\/400x300-Mobile-Artigos-1_SNAG.png\">\n\t\t\t\t<img class=\"newsContent__article__imgCapa newsContent__article__imgCapa--banner\"\n\t\t\t\t\tsrc=\"https:\/\/files.sunoresearch.com.br\/n\/uploads\/2024\/03\/1420x240-Banner-Artigos-1-_-Banner-Materias-1_SNAG.png\"\n\t\t\t\t\tdata-promo-id=\"364416\"\t\t\t\t\t\t\t\t\t\twidth='1420' height='240'\t\t\t\t\talt=\"https:\/\/files.sunoresearch.com.br\/n\/uploads\/2024\/03\/1420x240-Banner-Artigos-1-_-Banner-Materias-1_SNAG.png\"\n\t\t\t\t>\n\t\t\t<\/picture>\n\t\t<\/a>\n\t<\/p>\n\n\n<p>&#8220;O resultado de setembro confirma uma recupera\u00e7\u00e3o do <strong>varejo<\/strong>. O com\u00e9rcio apresenta um dinamismo maior at\u00e9 que a conjuntura&#8221;, disse a gerente da pesquisa, Isabella Nunes, destacando que o resultado positivo teve influ\u00eancia da libera\u00e7\u00e3o do FGTS, promo\u00e7\u00e3o da &#8216;Semana do Brasil&#8217; (Black Friday brasileira), e mais dias \u00fateis no m\u00eas este ano.<\/p>\n","protected":false},"excerpt":{"rendered":"<p>As vendas no varejo brasileiro tiveram alta pelo quinto m\u00eas consecutivo. No m\u00eas de setembro, o crescimento foi de 0,7% em rela\u00e7\u00e3o ao m\u00eas agosto. Na compara\u00e7\u00e3o anual, a alta foi de 2,1%. As informa\u00e7\u00f5es foram divulgadas pelo Instituto Brasileiro de Geografia e Estat\u00edstica (IBGE) nesta quarta-feira (13). Varejo avan\u00e7a 0,6% em novembro frente a [&hellip;]<\/p>\n","protected":false},"author":19,"featured_media":37206,"comment_status":"closed","ping_status":"closed","sticky":false,"template":"","format":"standard","meta":[],"categories":[62],"tags":[803],"suno_strategy":[],"class_list":["post-44641","post","type-post","status-publish","format-standard","has-post-thumbnail","hentry","category-economia","tag-varejo"],"yoast_head":"<!-- This site is optimized with the Yoast SEO plugin v24.4 - https:\/\/yoast.com\/wordpress\/plugins\/seo\/ -->\n<title>Vendas no varejo crescem pelo quinto m\u00eas seguido<\/title>\n<meta name=\"description\" content=\"As vendas no varejo brasileiro tiveram alta pelo 5\u00ba m\u00eas consecutivo. No m\u00eas de setembro, o crescimento foi de 0,7%. Saiba mais.\" \/>\n<meta name=\"robots\" content=\"index, follow, max-snippet:-1, max-image-preview:large, max-video-preview:-1\" \/>\n<link rel=\"canonical\" href=\"https:\/\/www.suno.com.br\/noticias\/vendas-no-varejo-crescem-pelo-quinto-mes-seguido\/\" \/>\n<meta property=\"og:locale\" content=\"pt_BR\" \/>\n<meta property=\"og:type\" content=\"article\" \/>\n<meta property=\"og:title\" content=\"Vendas no varejo crescem pelo quinto m\u00eas seguido\" \/>\n<meta property=\"og:description\" content=\"As vendas no varejo brasileiro tiveram alta pelo 5\u00ba m\u00eas consecutivo. No m\u00eas de setembro, o crescimento foi de 0,7%. Saiba mais.\" \/>\n<meta property=\"og:url\" content=\"https:\/\/www.suno.com.br\/noticias\/vendas-no-varejo-crescem-pelo-quinto-mes-seguido\/\" \/>\n<meta property=\"og:site_name\" content=\"Suno Not\u00edcias\" \/>\n<meta property=\"article:publisher\" content=\"https:\/\/facebook.com\/sunoresearch\" \/>\n<meta property=\"og:image\" content=\"https:\/\/files.sunoresearch.com.br\/n\/uploads\/2019\/09\/1891964e-varejo.jpg\" \/>\n\t<meta property=\"og:image:width\" content=\"768\" \/>\n\t<meta property=\"og:image:height\" content=\"502\" \/>\n\t<meta property=\"og:image:type\" content=\"image\/jpeg\" \/>\n<meta name=\"author\" content=\"Juliano Passaro\" \/>\n<meta name=\"twitter:card\" content=\"summary_large_image\" \/>\n<meta name=\"twitter:creator\" content=\"@sunoresearch\" \/>\n<meta name=\"twitter:site\" content=\"@sunoresearch\" \/>\n<meta name=\"twitter:label1\" content=\"Escrito por\" \/>\n\t<meta name=\"twitter:data1\" content=\"Juliano Passaro\" \/>\n\t<meta name=\"twitter:label2\" content=\"Est. tempo de leitura\" \/>\n\t<meta name=\"twitter:data2\" content=\"2 minutos\" \/>\n<script type=\"application\/ld+json\" class=\"yoast-schema-graph\">{\"@context\":\"https:\/\/schema.org\",\"@graph\":[{\"@type\":\"NewsArticle\",\"@id\":\"https:\/\/www.suno.com.br\/noticias\/vendas-no-varejo-crescem-pelo-quinto-mes-seguido\/#article\",\"isPartOf\":{\"@id\":\"https:\/\/www.suno.com.br\/noticias\/vendas-no-varejo-crescem-pelo-quinto-mes-seguido\/\"},\"author\":{\"name\":\"Juliano Passaro\",\"@id\":\"https:\/\/www.suno.com.br\/noticias\/#\/schema\/person\/1db762f78ffd8919a648a63e425953e3\"},\"headline\":\"Vendas no varejo crescem pelo quinto m\u00eas seguido\",\"datePublished\":\"2019-11-13T13:45:45+00:00\",\"dateModified\":\"2019-11-13T13:50:25+00:00\",\"mainEntityOfPage\":{\"@id\":\"https:\/\/www.suno.com.br\/noticias\/vendas-no-varejo-crescem-pelo-quinto-mes-seguido\/\"},\"wordCount\":388,\"publisher\":{\"@id\":\"https:\/\/www.suno.com.br\/noticias\/#organization\"},\"image\":{\"@id\":\"https:\/\/www.suno.com.br\/noticias\/vendas-no-varejo-crescem-pelo-quinto-mes-seguido\/#primaryimage\"},\"thumbnailUrl\":\"https:\/\/files.sunoresearch.com.br\/n\/uploads\/2019\/09\/1891964e-varejo-jpg.webp\",\"keywords\":[\"varejo\"],\"articleSection\":[\"Economia\"],\"inLanguage\":\"pt-BR\"},{\"@type\":\"WebPage\",\"@id\":\"https:\/\/www.suno.com.br\/noticias\/vendas-no-varejo-crescem-pelo-quinto-mes-seguido\/\",\"url\":\"https:\/\/www.suno.com.br\/noticias\/vendas-no-varejo-crescem-pelo-quinto-mes-seguido\/\",\"name\":\"Vendas no varejo crescem pelo quinto m\u00eas seguido\",\"isPartOf\":{\"@id\":\"https:\/\/www.suno.com.br\/noticias\/#website\"},\"primaryImageOfPage\":{\"@id\":\"https:\/\/www.suno.com.br\/noticias\/vendas-no-varejo-crescem-pelo-quinto-mes-seguido\/#primaryimage\"},\"image\":{\"@id\":\"https:\/\/www.suno.com.br\/noticias\/vendas-no-varejo-crescem-pelo-quinto-mes-seguido\/#primaryimage\"},\"thumbnailUrl\":\"https:\/\/files.sunoresearch.com.br\/n\/uploads\/2019\/09\/1891964e-varejo-jpg.webp\",\"datePublished\":\"2019-11-13T13:45:45+00:00\",\"dateModified\":\"2019-11-13T13:50:25+00:00\",\"description\":\"As vendas no varejo brasileiro tiveram alta pelo 5\u00ba m\u00eas consecutivo. No m\u00eas de setembro, o crescimento foi de 0,7%. Saiba mais.\",\"breadcrumb\":{\"@id\":\"https:\/\/www.suno.com.br\/noticias\/vendas-no-varejo-crescem-pelo-quinto-mes-seguido\/#breadcrumb\"},\"inLanguage\":\"pt-BR\",\"potentialAction\":[{\"@type\":\"ReadAction\",\"target\":[\"https:\/\/www.suno.com.br\/noticias\/vendas-no-varejo-crescem-pelo-quinto-mes-seguido\/\"]}]},{\"@type\":\"ImageObject\",\"inLanguage\":\"pt-BR\",\"@id\":\"https:\/\/www.suno.com.br\/noticias\/vendas-no-varejo-crescem-pelo-quinto-mes-seguido\/#primaryimage\",\"url\":\"https:\/\/files.sunoresearch.com.br\/n\/uploads\/2019\/09\/1891964e-varejo-jpg.webp\",\"contentUrl\":\"https:\/\/files.sunoresearch.com.br\/n\/uploads\/2019\/09\/1891964e-varejo-jpg.webp\",\"width\":768,\"height\":502,\"caption\":\"Varejo avan\u00e7a 0,6% em novembro frente a outubro, diz IBGE\"},{\"@type\":\"BreadcrumbList\",\"@id\":\"https:\/\/www.suno.com.br\/noticias\/vendas-no-varejo-crescem-pelo-quinto-mes-seguido\/#breadcrumb\",\"itemListElement\":[{\"@type\":\"ListItem\",\"position\":1,\"name\":\"Not\u00edcias\",\"item\":\"https:\/\/www.suno.com.br\/noticias\/\"},{\"@type\":\"ListItem\",\"position\":2,\"name\":\"Economia\",\"item\":\"https:\/\/www.suno.com.br\/noticias\/economia\/\"},{\"@type\":\"ListItem\",\"position\":3,\"name\":\"Vendas no varejo crescem pelo quinto m\u00eas seguido\"}]},{\"@type\":\"WebSite\",\"@id\":\"https:\/\/www.suno.com.br\/noticias\/#website\",\"url\":\"https:\/\/www.suno.com.br\/noticias\/\",\"name\":\"Suno Not\u00edcias\",\"description\":\"Seu portal de informa\u00e7\u00e3o sobre o mundo dos investimentos\",\"publisher\":{\"@id\":\"https:\/\/www.suno.com.br\/noticias\/#organization\"},\"potentialAction\":[{\"@type\":\"SearchAction\",\"target\":{\"@type\":\"EntryPoint\",\"urlTemplate\":\"https:\/\/www.suno.com.br\/noticias\/?s={search_term_string}\"},\"query-input\":{\"@type\":\"PropertyValueSpecification\",\"valueRequired\":true,\"valueName\":\"search_term_string\"}}],\"inLanguage\":\"pt-BR\"},{\"@type\":\"Organization\",\"@id\":\"https:\/\/www.suno.com.br\/noticias\/#organization\",\"name\":\"Suno Not\u00edcias\",\"url\":\"https:\/\/www.suno.com.br\/noticias\/\",\"logo\":{\"@type\":\"ImageObject\",\"inLanguage\":\"pt-BR\",\"@id\":\"https:\/\/www.suno.com.br\/noticias\/#\/schema\/logo\/image\/\",\"url\":\"https:\/\/files.sunoresearch.com.br\/n\/uploads\/2021\/09\/suno-logo.png\",\"contentUrl\":\"https:\/\/files.sunoresearch.com.br\/n\/uploads\/2021\/09\/suno-logo.png\",\"width\":180,\"height\":180,\"caption\":\"Suno Not\u00edcias\"},\"image\":{\"@id\":\"https:\/\/www.suno.com.br\/noticias\/#\/schema\/logo\/image\/\"},\"sameAs\":[\"https:\/\/facebook.com\/sunoresearch\",\"https:\/\/x.com\/sunoresearch\",\"https:\/\/www.instagram.com\/suno\",\"https:\/\/www.linkedin.com\/company\/suno-research\/\",\"https:\/\/www.youtube.com\/c\/sunoresearch\"]},{\"@type\":\"Person\",\"@id\":\"https:\/\/www.suno.com.br\/noticias\/#\/schema\/person\/1db762f78ffd8919a648a63e425953e3\",\"name\":\"Juliano Passaro\",\"image\":{\"@type\":\"ImageObject\",\"inLanguage\":\"pt-BR\",\"@id\":\"https:\/\/www.suno.com.br\/noticias\/#\/schema\/person\/image\/\",\"url\":\"https:\/\/secure.gravatar.com\/avatar\/743d4df28eebf6dcc46b4ad03c319e92?s=96&r=g\",\"contentUrl\":\"https:\/\/secure.gravatar.com\/avatar\/743d4df28eebf6dcc46b4ad03c319e92?s=96&r=g\",\"caption\":\"Juliano Passaro\"},\"description\":\"Juliano Passaro escreve sobre pol\u00edtica, economia e neg\u00f3cios para o portal da Suno Research. Antes da Suno, trabalhou no Portal da Band. \u00c9 formado em jornalismo pela Universidade Presbiteriana Mackenzie.\",\"url\":\"https:\/\/www.suno.com.br\/noticias\/author\/juliano\/\"}]}<\/script>\n<!-- \/ Yoast SEO plugin. -->","yoast_head_json":{"title":"Vendas no varejo crescem pelo quinto m\u00eas seguido","description":"As vendas no varejo brasileiro tiveram alta pelo 5\u00ba m\u00eas consecutivo. No m\u00eas de setembro, o crescimento foi de 0,7%. Saiba mais.","robots":{"index":"index","follow":"follow","max-snippet":"max-snippet:-1","max-image-preview":"max-image-preview:large","max-video-preview":"max-video-preview:-1"},"canonical":"https:\/\/www.suno.com.br\/noticias\/vendas-no-varejo-crescem-pelo-quinto-mes-seguido\/","og_locale":"pt_BR","og_type":"article","og_title":"Vendas no varejo crescem pelo quinto m\u00eas seguido","og_description":"As vendas no varejo brasileiro tiveram alta pelo 5\u00ba m\u00eas consecutivo. No m\u00eas de setembro, o crescimento foi de 0,7%. Saiba mais.","og_url":"https:\/\/www.suno.com.br\/noticias\/vendas-no-varejo-crescem-pelo-quinto-mes-seguido\/","og_site_name":"Suno Not\u00edcias","article_publisher":"https:\/\/facebook.com\/sunoresearch","og_image":[{"width":768,"height":502,"url":"https:\/\/files.sunoresearch.com.br\/n\/uploads\/2019\/09\/1891964e-varejo.jpg","type":"image\/jpeg"}],"author":"Juliano Passaro","twitter_card":"summary_large_image","twitter_creator":"@sunoresearch","twitter_site":"@sunoresearch","twitter_misc":{"Escrito por":"Juliano Passaro","Est. tempo de leitura":"2 minutos"},"schema":{"@context":"https:\/\/schema.org","@graph":[{"@type":"NewsArticle","@id":"https:\/\/www.suno.com.br\/noticias\/vendas-no-varejo-crescem-pelo-quinto-mes-seguido\/#article","isPartOf":{"@id":"https:\/\/www.suno.com.br\/noticias\/vendas-no-varejo-crescem-pelo-quinto-mes-seguido\/"},"author":{"name":"Juliano Passaro","@id":"https:\/\/www.suno.com.br\/noticias\/#\/schema\/person\/1db762f78ffd8919a648a63e425953e3"},"headline":"Vendas no varejo crescem pelo quinto m\u00eas seguido","datePublished":"2019-11-13T13:45:45+00:00","dateModified":"2019-11-13T13:50:25+00:00","mainEntityOfPage":{"@id":"https:\/\/www.suno.com.br\/noticias\/vendas-no-varejo-crescem-pelo-quinto-mes-seguido\/"},"wordCount":388,"publisher":{"@id":"https:\/\/www.suno.com.br\/noticias\/#organization"},"image":{"@id":"https:\/\/www.suno.com.br\/noticias\/vendas-no-varejo-crescem-pelo-quinto-mes-seguido\/#primaryimage"},"thumbnailUrl":"https:\/\/files.sunoresearch.com.br\/n\/uploads\/2019\/09\/1891964e-varejo-jpg.webp","keywords":["varejo"],"articleSection":["Economia"],"inLanguage":"pt-BR"},{"@type":"WebPage","@id":"https:\/\/www.suno.com.br\/noticias\/vendas-no-varejo-crescem-pelo-quinto-mes-seguido\/","url":"https:\/\/www.suno.com.br\/noticias\/vendas-no-varejo-crescem-pelo-quinto-mes-seguido\/","name":"Vendas no varejo crescem pelo quinto m\u00eas seguido","isPartOf":{"@id":"https:\/\/www.suno.com.br\/noticias\/#website"},"primaryImageOfPage":{"@id":"https:\/\/www.suno.com.br\/noticias\/vendas-no-varejo-crescem-pelo-quinto-mes-seguido\/#primaryimage"},"image":{"@id":"https:\/\/www.suno.com.br\/noticias\/vendas-no-varejo-crescem-pelo-quinto-mes-seguido\/#primaryimage"},"thumbnailUrl":"https:\/\/files.sunoresearch.com.br\/n\/uploads\/2019\/09\/1891964e-varejo-jpg.webp","datePublished":"2019-11-13T13:45:45+00:00","dateModified":"2019-11-13T13:50:25+00:00","description":"As vendas no varejo brasileiro tiveram alta pelo 5\u00ba m\u00eas consecutivo. No m\u00eas de setembro, o crescimento foi de 0,7%. Saiba mais.","breadcrumb":{"@id":"https:\/\/www.suno.com.br\/noticias\/vendas-no-varejo-crescem-pelo-quinto-mes-seguido\/#breadcrumb"},"inLanguage":"pt-BR","potentialAction":[{"@type":"ReadAction","target":["https:\/\/www.suno.com.br\/noticias\/vendas-no-varejo-crescem-pelo-quinto-mes-seguido\/"]}]},{"@type":"ImageObject","inLanguage":"pt-BR","@id":"https:\/\/www.suno.com.br\/noticias\/vendas-no-varejo-crescem-pelo-quinto-mes-seguido\/#primaryimage","url":"https:\/\/files.sunoresearch.com.br\/n\/uploads\/2019\/09\/1891964e-varejo-jpg.webp","contentUrl":"https:\/\/files.sunoresearch.com.br\/n\/uploads\/2019\/09\/1891964e-varejo-jpg.webp","width":768,"height":502,"caption":"Varejo avan\u00e7a 0,6% em novembro frente a outubro, diz IBGE"},{"@type":"BreadcrumbList","@id":"https:\/\/www.suno.com.br\/noticias\/vendas-no-varejo-crescem-pelo-quinto-mes-seguido\/#breadcrumb","itemListElement":[{"@type":"ListItem","position":1,"name":"Not\u00edcias","item":"https:\/\/www.suno.com.br\/noticias\/"},{"@type":"ListItem","position":2,"name":"Economia","item":"https:\/\/www.suno.com.br\/noticias\/economia\/"},{"@type":"ListItem","position":3,"name":"Vendas no varejo crescem pelo quinto m\u00eas seguido"}]},{"@type":"WebSite","@id":"https:\/\/www.suno.com.br\/noticias\/#website","url":"https:\/\/www.suno.com.br\/noticias\/","name":"Suno Not\u00edcias","description":"Seu portal de informa\u00e7\u00e3o sobre o mundo dos investimentos","publisher":{"@id":"https:\/\/www.suno.com.br\/noticias\/#organization"},"potentialAction":[{"@type":"SearchAction","target":{"@type":"EntryPoint","urlTemplate":"https:\/\/www.suno.com.br\/noticias\/?s={search_term_string}"},"query-input":{"@type":"PropertyValueSpecification","valueRequired":true,"valueName":"search_term_string"}}],"inLanguage":"pt-BR"},{"@type":"Organization","@id":"https:\/\/www.suno.com.br\/noticias\/#organization","name":"Suno Not\u00edcias","url":"https:\/\/www.suno.com.br\/noticias\/","logo":{"@type":"ImageObject","inLanguage":"pt-BR","@id":"https:\/\/www.suno.com.br\/noticias\/#\/schema\/logo\/image\/","url":"https:\/\/files.sunoresearch.com.br\/n\/uploads\/2021\/09\/suno-logo.png","contentUrl":"https:\/\/files.sunoresearch.com.br\/n\/uploads\/2021\/09\/suno-logo.png","width":180,"height":180,"caption":"Suno Not\u00edcias"},"image":{"@id":"https:\/\/www.suno.com.br\/noticias\/#\/schema\/logo\/image\/"},"sameAs":["https:\/\/facebook.com\/sunoresearch","https:\/\/x.com\/sunoresearch","https:\/\/www.instagram.com\/suno","https:\/\/www.linkedin.com\/company\/suno-research\/","https:\/\/www.youtube.com\/c\/sunoresearch"]},{"@type":"Person","@id":"https:\/\/www.suno.com.br\/noticias\/#\/schema\/person\/1db762f78ffd8919a648a63e425953e3","name":"Juliano Passaro","image":{"@type":"ImageObject","inLanguage":"pt-BR","@id":"https:\/\/www.suno.com.br\/noticias\/#\/schema\/person\/image\/","url":"https:\/\/secure.gravatar.com\/avatar\/743d4df28eebf6dcc46b4ad03c319e92?s=96&r=g","contentUrl":"https:\/\/secure.gravatar.com\/avatar\/743d4df28eebf6dcc46b4ad03c319e92?s=96&r=g","caption":"Juliano Passaro"},"description":"Juliano Passaro escreve sobre pol\u00edtica, economia e neg\u00f3cios para o portal da Suno Research. Antes da Suno, trabalhou no Portal da Band. \u00c9 formado em jornalismo pela Universidade Presbiteriana Mackenzie.","url":"https:\/\/www.suno.com.br\/noticias\/author\/juliano\/"}]}},"default_loop_html":"<div class=\"cardsPage__listCard__boxs\"><div class=\"cardsPage__listCard__boxs__img\"><a href=\"https:\/\/www.suno.com.br\/noticias\/vendas-no-varejo-crescem-pelo-quinto-mes-seguido\/\"><img class=\"mask\" src=\"https:\/\/www.suno.com.br\/noticias\/wp-content\/themes\/suno\/resources\/images\/spotlight\/spotlight1img\/bg-mask.png\" alt=\"Image Mask\"\/><img src=\"https:\/\/files.sunoresearch.com.br\/n\/uploads\/2019\/09\/1891964e-varejo-400x200.webp\" alt=\"Vendas no varejo crescem pelo quinto m\u00eas seguido\"\/><\/a><span class=\"spotlightCategory\"><a href=\"https:\/\/www.suno.com.br\/noticias\/economia\/\">Economia<\/a><\/span><\/div><div class=\"cardsPage__listCard__boxs__content\"><a href=\"https:\/\/www.suno.com.br\/noticias\/vendas-no-varejo-crescem-pelo-quinto-mes-seguido\/\"><h2 class=\"content__title\">Vendas no varejo crescem pelo quinto m\u00eas seguido<\/h2><\/a><div class=\"newsContent__article__meta\"><div class=\"newsContent__article__meta__authorBox\"><a href=\"https:\/\/www.suno.com.br\/noticias\/author\/juliano\/\" class=\"authorBox__avatar noMobi\"><img src=\"https:\/\/files.sunoresearch.com.br\/n\/uploads\/2019\/06\/7cc3efea-whatsapp-image-2019-07-18-at-21.59.33-e1563499821209-150x150.webp\" alt=\"Juliano Passaro\"><\/a><div class=\"authorBox__name\"><span>por\n\t\t\t<a href=\"https:\/\/www.suno.com.br\/noticias\/author\/juliano\/\"><span itemprop=\"author\">Juliano Passaro<\/span><\/a><\/span><time datetime=\"2019-11-13T11:45:45-03:00\" itemprop=\"datePublished\">13\/11\/2019 11:45<\/time><\/div><\/div><\/div><\/div><\/div>","single_layout":"posts","amp_enabled":true,"_links":{"self":[{"href":"https:\/\/www.suno.com.br\/noticias\/wp-json\/wp\/v2\/posts\/44641"}],"collection":[{"href":"https:\/\/www.suno.com.br\/noticias\/wp-json\/wp\/v2\/posts"}],"about":[{"href":"https:\/\/www.suno.com.br\/noticias\/wp-json\/wp\/v2\/types\/post"}],"author":[{"embeddable":true,"href":"https:\/\/www.suno.com.br\/noticias\/wp-json\/wp\/v2\/users\/19"}],"replies":[{"embeddable":true,"href":"https:\/\/www.suno.com.br\/noticias\/wp-json\/wp\/v2\/comments?post=44641"}],"version-history":[{"count":0,"href":"https:\/\/www.suno.com.br\/noticias\/wp-json\/wp\/v2\/posts\/44641\/revisions"}],"wp:featuredmedia":[{"embeddable":true,"href":"https:\/\/www.suno.com.br\/noticias\/wp-json\/wp\/v2\/media\/37206"}],"wp:attachment":[{"href":"https:\/\/www.suno.com.br\/noticias\/wp-json\/wp\/v2\/media?parent=44641"}],"wp:term":[{"taxonomy":"category","embeddable":true,"href":"https:\/\/www.suno.com.br\/noticias\/wp-json\/wp\/v2\/categories?post=44641"},{"taxonomy":"post_tag","embeddable":true,"href":"https:\/\/www.suno.com.br\/noticias\/wp-json\/wp\/v2\/tags?post=44641"},{"taxonomy":"suno_strategy","embeddable":true,"href":"https:\/\/www.suno.com.br\/noticias\/wp-json\/wp\/v2\/suno_strategy?post=44641"}],"curies":[{"name":"wp","href":"https:\/\/api.w.org\/{rel}","templated":true}]}}