{"id":44635,"date":"2019-11-13T11:38:51","date_gmt":"2019-11-13T13:38:51","guid":{"rendered":"https:\/\/www.suno.com.br\/noticias\/?p=44635"},"modified":"2019-11-13T19:23:29","modified_gmt":"2019-11-13T21:23:29","slug":"ibovespa-queda-guerra-comercial-varejo-13112019","status":"publish","type":"post","link":"https:\/\/www.suno.com.br\/noticias\/ibovespa-queda-guerra-comercial-varejo-13112019\/","title":{"rendered":"Ibovespa abre em queda atento \u00e0 guerra comercial e vendas do varejo"},"content":{"rendered":"<p>O Ibovespa abriu esta quarta-feira (13) em queda ap\u00f3s as falas de Trump sobre a <a href=\"https:\/\/www.suno.com.br\/artigos\/a-guerra-comercial\/\"><strong>guerra comercial<\/strong><\/a>.<\/p>\t<div class=\"wrapper-featured-image\">\n\t\t<figure class=\"spotlightImg\">\n\n\t\t\t<picture>\n\t\t\t\t<source media=\"(max-width: 768px)\" srcset=\"https:\/\/files.sunoresearch.com.br\/n\/uploads\/2019\/07\/0bff64a7-ibovespa-400x200.webp\">\n\t\t\t\t<img loading=\"lazy\" decoding=\"async\" class=\"newsContent__article__imgCapa lazyloadDisabled newsContent__article__imgCapa--noCaption\" src=\"https:\/\/files.sunoresearch.com.br\/n\/uploads\/2019\/07\/0bff64a7-ibovespa-800x450.webp\" width=\"800\" height=\"450\" alt=\"Ibovespa abre em queda atento \u00e0 guerra comercial e vendas do varejo\" fetchpriority=high \/>\n\t\t\t<\/picture>\n\n\t\t\t<figcaption class=\"wp-caption-text wp-caption-text--hide\">O Ibovespa hoje encerrou em alta acompanhando as bolas internacionais<\/figcaption>\n\t\t<\/figure>\n\t<\/div>\n\n\n\n<p>Por volta das 10h20, o <strong><a href=\"https:\/\/www.suno.com.br\/artigos\/ibovespa\/\">Ibovespa<\/a> <\/strong>variava negativamente <span class=\"ng-binding\">-0,42<\/span>\u00a0<label class=\"percent\">%<\/label>, chegando a 106.299,98 pontos. O mercado poder\u00e1 reagir ao longo do dia sobre os resultados das vendas no <strong>varejo<\/strong>, divulgados pelo <strong>IBGE<\/strong>.<\/p>\n<p>Al\u00e9m disso, os investidores est\u00e3o atentos aos <strong>balan\u00e7os<\/strong> trimestrais da \u00faltima ter\u00e7a-feira (12) e que ir\u00e3o ser divulgados nesta quarta.<\/p>\n<h2>Disputa comercial<\/h2>\n<p>O presidente dos Estados\u00a0Unidos, <strong><a href=\"https:\/\/www.suno.com.br\/tudo-sobre\/donald-trump\/\">Donald Trump<\/a><\/strong>, afirmou, na \u00faltima ter\u00e7a-feira (12), que a <strong>China<\/strong> est\u00e1 &#8220;desesperada&#8221; para assinar o acordo em mais uma fase da <strong>guerra comercial<\/strong>.<\/p>\n\t<p>\n\t\t<a href=\"https:\/\/lp.suno.com.br\/ao\/servico-especializado-suno-tf\/?utm_source=adwords&#038;utm_medium=search&#038;utm_campaign=search.servico.funilconsultoria&#038;utm_content=1147_responsivo-a&#038;hsa_acc=2326072784&#038;hsa_cam=18022897917&#038;hsa_grp=141470255993&#038;hsa_ad=616145467912&#038;hsa_src=g&#038;hsa_tgt=kwd-303658942458&#038;hsa_kw=gestora+de+investimentos&#038;hsa_mt=b&#038;hsa_net=adwords&#038;hsa_ver=3&#038;gad_source=1&#038;gclid=CjwKCAjw1emzBhB8EiwAHwZZxQMvA3xJVRzLGZ70LmuSzR55X-KvxijSay8c5Hm88Sznnq97j8XbORoC-sMQAvD_BwE\" target=\"_blank\" data-element=\"shortcode-suno-banner\" title=\"Banner SUNO, clique e saiba mais\">\n\t\t\t<picture>\n\t\t\t\t<source media=\"(max-width: 500px)\" srcset=\"https:\/\/files.sunoresearch.com.br\/n\/uploads\/2024\/06\/400x300-Mobile-Artigos-5.png\">\n\t\t\t\t<img class=\"newsContent__article__imgCapa newsContent__article__imgCapa--banner\"\n\t\t\t\t\tsrc=\"https:\/\/files.sunoresearch.com.br\/n\/uploads\/2024\/06\/1420x240-Banner-Artigos-1-_-Banner-Materias-3.png\"\n\t\t\t\t\tdata-promo-id=\"563605\"\t\t\t\t\t\t\t\t\t\twidth='1420' height='240'\t\t\t\t\talt=\"https:\/\/files.sunoresearch.com.br\/n\/uploads\/2024\/06\/1420x240-Banner-Artigos-1-_-Banner-Materias-3.png\"\n\t\t\t\t>\n\t\t\t<\/picture>\n\t\t<\/a>\n\t<\/p>\n\n\n<p>A declara\u00e7\u00e3o\u00a0foi feita durante discurso no Clube Econ\u00f4mico de Nova York, uma entidade sem vincula\u00e7\u00e3o partid\u00e1ria que promove debates sobre cen\u00e1rios e perspectivas sobre a economia nos <b>Estados Unidos <\/b>e no mundo.<\/p>\n<p>De acordo com o presidente estadunidense, a postura de negocia\u00e7\u00e3o de seu governo \u00e9 a &#8220;mais dura da hist\u00f3ria do pa\u00eds&#8221; e que visa combater os &#8220;abusos comerciais&#8221; que a China usava. \u201cEles est\u00e3o desesperados para firmar um acordo. Estamos pr\u00f3ximos de firmar a primeira fase do acordo comercial\u201d, afirmou Trump.<\/p>\n<h2>Vendas no varejo<\/h2>\n<p>As vendas no varejo brasileiro tiveram alta pelo quinto m\u00eas consecutivo. Em setembro, o crescimento foi de 0,7% em rela\u00e7\u00e3o ao m\u00eas agosto. Esse foi o melhor resultado para o m\u00eas dos \u00faltimos 10 anos. Na compara\u00e7\u00e3o anual, a alta \u00e9 de 2,1%.<\/p>\n<p>As informa\u00e7\u00f5es foram divulgadas pelo <strong>Instituto Brasileiro de Geografia e Estat\u00edstica (IBGE) <\/strong>nesta quarta-feira.<\/p>\n<p><a href=\"https:\/\/www.suno.com.br\/noticias\/boletim-focus-eleva-previsao-do-ipca-para-2019\/\">Confira: Boletim Focus eleva previs\u00e3o do IPCA para 2019<\/a><\/p>\n<p>Sete das oito atividades estudadas apresentaram alta nos seus \u00edndices. Foram elas:<\/p>\n<ul>\n<li>M\u00f3veis e eletrodom\u00e9sticos (5,2%)<\/li>\n<li>Tecidos, vestu\u00e1rio e cal\u00e7ados (3,3%)<\/li>\n<li>Outros artigos de uso pessoal e dom\u00e9stico (1,8%)<\/li>\n<li>Combust\u00edveis e lubrificantes (1,2%)<\/li>\n<li>Artigos farmac\u00eauticos, m\u00e9dicos, ortop\u00e9dicos, de perfumaria e cosm\u00e9ticos (0,5%)<\/li>\n<li>Hipermercados, supermercados, produtos aliment\u00edcios, bebidas e fumo (0,2%)<\/li>\n<li>Livros, jornais, revistas e papelaria (0,2%)<\/li>\n<\/ul>\n<p>O \u00fanico grupo que apresentou queda foi o de equipamentos e material para escrit\u00f3rio, inform\u00e1tica e comunica\u00e7\u00e3o (-2,0%).<\/p>\n<h2>Balan\u00e7os<\/h2>\n<h3>MRV<\/h3>\n<p>A <strong>MRV Engenharia <\/strong>(<strong>MRVE3<\/strong>) divulgou seu <a href=\"https:\/\/www.suno.com.br\/artigos\/lucro-liquido\/\">lucro l\u00edquido<\/a> trimestral na noite da \u00faltima ter\u00e7a. O valor obtido pela empresa foi de R$ 160 milh\u00f5es no terceiro trimestre. Com isso a baixa foi de 8% ante o mesmo per\u00edodo de 2018.<\/p>\n<h3>Trisul<\/h3>\n<p>A <strong>Trisul (TRIS3)<\/strong>, ap\u00f3s o fechamento do mercado na \u00faltima ter\u00e7a, divulgou seus resultados trimestrais. O lucro l\u00edquido alcan\u00e7ado foi de R$ 42,6 milh\u00f5es, uma alta de 102% na compara\u00e7\u00e3o com o mesmo per\u00edodo do ano passado.<\/p>\n<p>Al\u00e9m disso, a companhia tamb\u00e9m ressaltou a sua <a href=\"https:\/\/www.suno.com.br\/artigos\/receita-liquida-operacional\/\">Receita Operacional L\u00edquida<\/a>, somando R$ 208,4 milh\u00f5es, aumento de 42% na compara\u00e7\u00e3o anualizada.<\/p>\n<h3>Bradespar<\/h3>\n<p>A <strong>Bradespar (BRAP3)<\/strong> apresentou lucro l\u00edquido de R$ 361,4 milh\u00f5es no terceiro trimestre deste ano. Esse valor representa o triplo registrado no mesmo per\u00edodo no ano passado de R$ 123 milh\u00f5es. A alta do lucro foi reflexo do resultado apresentado pela <strong>Vale<\/strong> (VALE3).<\/p>\n<p><a href=\"https:\/\/www.suno.com.br\/noticias\/cogna-holding-da-kroton-apresenta-queda-lucro-liquido\/\">Veja tamb\u00e9m: Cogna, holding da Kroton, apresenta queda de 94% no lucro l\u00edquido<\/a><\/p>\n<p>O <strong>resultado financeiro<\/strong> da companhia atingiu o valor de R$ 1,9 milh\u00e3o devido a receita de aplica\u00e7\u00f5es financeiras e a redu\u00e7\u00e3o do endividamento da companhia. As despesas de pessoal, gerais e administrativa totalizaram R$ 4 milh\u00f5es.<\/p>\n<h2>\u00daltima cota\u00e7\u00e3o do Ibovespa<\/h2>\n<p>Na \u00faltima sess\u00e3o, ter\u00e7a-feira (13), o <strong>Ibovespa<\/strong> encerrou o preg\u00e3o com uma varia\u00e7\u00e3o negativa de 1,49% a 106.751,109 pontos.<\/p>\n","protected":false},"excerpt":{"rendered":"<p>O Ibovespa abriu esta quarta-feira (13) em queda ap\u00f3s as falas de Trump sobre a guerra comercial. O Ibovespa hoje encerrou em alta acompanhando as bolas internacionais Por volta das 10h20, o Ibovespa variava negativamente -0,42\u00a0%, chegando a 106.299,98 pontos. O mercado poder\u00e1 reagir ao longo do dia sobre os resultados das vendas no varejo, [&hellip;]<\/p>\n","protected":false},"author":24,"featured_media":29631,"comment_status":"closed","ping_status":"closed","sticky":false,"template":"","format":"standard","meta":[],"categories":[60],"tags":[1029,980,721,803],"suno_strategy":[],"class_list":["post-44635","post","type-post","status-publish","format-standard","has-post-thumbnail","hentry","category-mercado","tag-balancos-trimestrais","tag-guerra-comercial","tag-ibovespa","tag-varejo"],"yoast_head":"<!-- This site is optimized with the Yoast SEO plugin v24.4 - https:\/\/yoast.com\/wordpress\/plugins\/seo\/ -->\n<title>Ibovespa abre em queda atento \u00e0 guerra comercial e vendas do varejo<\/title>\n<meta name=\"description\" content=\"O Ibovespa abriu esta quarta-feira (12) em queda ap\u00f3s as falas de Trump sobre a guerra comercial. Clique aqui e saiba mais.\" \/>\n<meta name=\"robots\" content=\"index, follow, max-snippet:-1, max-image-preview:large, max-video-preview:-1\" \/>\n<link rel=\"canonical\" href=\"https:\/\/www.suno.com.br\/noticias\/ibovespa-queda-guerra-comercial-varejo-13112019\/\" \/>\n<meta property=\"og:locale\" content=\"pt_BR\" \/>\n<meta property=\"og:type\" content=\"article\" \/>\n<meta property=\"og:title\" content=\"Ibovespa abre em queda atento \u00e0 guerra comercial e vendas do varejo\" \/>\n<meta property=\"og:description\" content=\"O Ibovespa abriu esta quarta-feira (12) em queda ap\u00f3s as falas de Trump sobre a guerra comercial. Clique aqui e saiba mais.\" \/>\n<meta property=\"og:url\" content=\"https:\/\/www.suno.com.br\/noticias\/ibovespa-queda-guerra-comercial-varejo-13112019\/\" \/>\n<meta property=\"og:site_name\" content=\"Suno Not\u00edcias\" \/>\n<meta property=\"article:publisher\" content=\"https:\/\/facebook.com\/sunoresearch\" \/>\n<meta property=\"og:image\" content=\"https:\/\/files.sunoresearch.com.br\/n\/uploads\/2019\/07\/0bff64a7-ibovespa.jpg\" \/>\n\t<meta property=\"og:image:width\" content=\"1200\" \/>\n\t<meta property=\"og:image:height\" content=\"630\" \/>\n\t<meta property=\"og:image:type\" content=\"image\/jpeg\" \/>\n<meta name=\"author\" content=\"Jader Lazarini\" \/>\n<meta name=\"twitter:card\" content=\"summary_large_image\" \/>\n<meta name=\"twitter:creator\" content=\"@sunoresearch\" \/>\n<meta name=\"twitter:site\" content=\"@sunoresearch\" \/>\n<meta name=\"twitter:label1\" content=\"Escrito por\" \/>\n\t<meta name=\"twitter:data1\" content=\"Jader Lazarini\" \/>\n\t<meta name=\"twitter:label2\" content=\"Est. tempo de leitura\" \/>\n\t<meta name=\"twitter:data2\" content=\"3 minutos\" \/>\n<script type=\"application\/ld+json\" class=\"yoast-schema-graph\">{\"@context\":\"https:\/\/schema.org\",\"@graph\":[{\"@type\":\"NewsArticle\",\"@id\":\"https:\/\/www.suno.com.br\/noticias\/ibovespa-queda-guerra-comercial-varejo-13112019\/#article\",\"isPartOf\":{\"@id\":\"https:\/\/www.suno.com.br\/noticias\/ibovespa-queda-guerra-comercial-varejo-13112019\/\"},\"author\":{\"name\":\"Jader Lazarini\",\"@id\":\"https:\/\/www.suno.com.br\/noticias\/#\/schema\/person\/918d79de1f0281f01599b93f9ea6e23f\"},\"headline\":\"Ibovespa abre em queda atento \u00e0 guerra comercial e vendas do varejo\",\"datePublished\":\"2019-11-13T13:38:51+00:00\",\"dateModified\":\"2019-11-13T21:23:29+00:00\",\"mainEntityOfPage\":{\"@id\":\"https:\/\/www.suno.com.br\/noticias\/ibovespa-queda-guerra-comercial-varejo-13112019\/\"},\"wordCount\":597,\"publisher\":{\"@id\":\"https:\/\/www.suno.com.br\/noticias\/#organization\"},\"image\":{\"@id\":\"https:\/\/www.suno.com.br\/noticias\/ibovespa-queda-guerra-comercial-varejo-13112019\/#primaryimage\"},\"thumbnailUrl\":\"https:\/\/files.sunoresearch.com.br\/n\/uploads\/2019\/07\/0bff64a7-ibovespa-jpg.webp\",\"keywords\":[\"balan\u00e7os trimestrais\",\"guerra comercial\",\"Ibovespa\",\"varejo\"],\"articleSection\":[\"Mercado\"],\"inLanguage\":\"pt-BR\"},{\"@type\":\"WebPage\",\"@id\":\"https:\/\/www.suno.com.br\/noticias\/ibovespa-queda-guerra-comercial-varejo-13112019\/\",\"url\":\"https:\/\/www.suno.com.br\/noticias\/ibovespa-queda-guerra-comercial-varejo-13112019\/\",\"name\":\"Ibovespa abre em queda atento \u00e0 guerra comercial e vendas do varejo\",\"isPartOf\":{\"@id\":\"https:\/\/www.suno.com.br\/noticias\/#website\"},\"primaryImageOfPage\":{\"@id\":\"https:\/\/www.suno.com.br\/noticias\/ibovespa-queda-guerra-comercial-varejo-13112019\/#primaryimage\"},\"image\":{\"@id\":\"https:\/\/www.suno.com.br\/noticias\/ibovespa-queda-guerra-comercial-varejo-13112019\/#primaryimage\"},\"thumbnailUrl\":\"https:\/\/files.sunoresearch.com.br\/n\/uploads\/2019\/07\/0bff64a7-ibovespa-jpg.webp\",\"datePublished\":\"2019-11-13T13:38:51+00:00\",\"dateModified\":\"2019-11-13T21:23:29+00:00\",\"description\":\"O Ibovespa abriu esta quarta-feira (12) em queda ap\u00f3s as falas de Trump sobre a guerra comercial. Clique aqui e saiba mais.\",\"breadcrumb\":{\"@id\":\"https:\/\/www.suno.com.br\/noticias\/ibovespa-queda-guerra-comercial-varejo-13112019\/#breadcrumb\"},\"inLanguage\":\"pt-BR\",\"potentialAction\":[{\"@type\":\"ReadAction\",\"target\":[\"https:\/\/www.suno.com.br\/noticias\/ibovespa-queda-guerra-comercial-varejo-13112019\/\"]}]},{\"@type\":\"ImageObject\",\"inLanguage\":\"pt-BR\",\"@id\":\"https:\/\/www.suno.com.br\/noticias\/ibovespa-queda-guerra-comercial-varejo-13112019\/#primaryimage\",\"url\":\"https:\/\/files.sunoresearch.com.br\/n\/uploads\/2019\/07\/0bff64a7-ibovespa-jpg.webp\",\"contentUrl\":\"https:\/\/files.sunoresearch.com.br\/n\/uploads\/2019\/07\/0bff64a7-ibovespa-jpg.webp\",\"width\":1200,\"height\":630,\"caption\":\"O Ibovespa hoje encerrou em alta acompanhando as bolas internacionais\"},{\"@type\":\"BreadcrumbList\",\"@id\":\"https:\/\/www.suno.com.br\/noticias\/ibovespa-queda-guerra-comercial-varejo-13112019\/#breadcrumb\",\"itemListElement\":[{\"@type\":\"ListItem\",\"position\":1,\"name\":\"Not\u00edcias\",\"item\":\"https:\/\/www.suno.com.br\/noticias\/\"},{\"@type\":\"ListItem\",\"position\":2,\"name\":\"Mercado\",\"item\":\"https:\/\/www.suno.com.br\/noticias\/mercado\/\"},{\"@type\":\"ListItem\",\"position\":3,\"name\":\"Ibovespa abre em queda atento \u00e0 guerra comercial e vendas do varejo\"}]},{\"@type\":\"WebSite\",\"@id\":\"https:\/\/www.suno.com.br\/noticias\/#website\",\"url\":\"https:\/\/www.suno.com.br\/noticias\/\",\"name\":\"Suno Not\u00edcias\",\"description\":\"Seu portal de informa\u00e7\u00e3o sobre o mundo dos investimentos\",\"publisher\":{\"@id\":\"https:\/\/www.suno.com.br\/noticias\/#organization\"},\"potentialAction\":[{\"@type\":\"SearchAction\",\"target\":{\"@type\":\"EntryPoint\",\"urlTemplate\":\"https:\/\/www.suno.com.br\/noticias\/?s={search_term_string}\"},\"query-input\":{\"@type\":\"PropertyValueSpecification\",\"valueRequired\":true,\"valueName\":\"search_term_string\"}}],\"inLanguage\":\"pt-BR\"},{\"@type\":\"Organization\",\"@id\":\"https:\/\/www.suno.com.br\/noticias\/#organization\",\"name\":\"Suno Not\u00edcias\",\"url\":\"https:\/\/www.suno.com.br\/noticias\/\",\"logo\":{\"@type\":\"ImageObject\",\"inLanguage\":\"pt-BR\",\"@id\":\"https:\/\/www.suno.com.br\/noticias\/#\/schema\/logo\/image\/\",\"url\":\"https:\/\/files.sunoresearch.com.br\/n\/uploads\/2021\/09\/suno-logo.png\",\"contentUrl\":\"https:\/\/files.sunoresearch.com.br\/n\/uploads\/2021\/09\/suno-logo.png\",\"width\":180,\"height\":180,\"caption\":\"Suno Not\u00edcias\"},\"image\":{\"@id\":\"https:\/\/www.suno.com.br\/noticias\/#\/schema\/logo\/image\/\"},\"sameAs\":[\"https:\/\/facebook.com\/sunoresearch\",\"https:\/\/x.com\/sunoresearch\",\"https:\/\/www.instagram.com\/suno\",\"https:\/\/www.linkedin.com\/company\/suno-research\/\",\"https:\/\/www.youtube.com\/c\/sunoresearch\"]},{\"@type\":\"Person\",\"@id\":\"https:\/\/www.suno.com.br\/noticias\/#\/schema\/person\/918d79de1f0281f01599b93f9ea6e23f\",\"name\":\"Jader Lazarini\",\"image\":{\"@type\":\"ImageObject\",\"inLanguage\":\"pt-BR\",\"@id\":\"https:\/\/www.suno.com.br\/noticias\/#\/schema\/person\/image\/\",\"url\":\"https:\/\/secure.gravatar.com\/avatar\/3c1ad8caa51589841baeb923fcddea97?s=96&r=g\",\"contentUrl\":\"https:\/\/secure.gravatar.com\/avatar\/3c1ad8caa51589841baeb923fcddea97?s=96&r=g\",\"caption\":\"Jader Lazarini\"},\"description\":\"Jader Lazarini escreve sobre investimentos, finan\u00e7as, economia e neg\u00f3cios. \u00c9 bacharel em Rela\u00e7\u00f5es Internacionais e analista CNPI (2619).\",\"url\":\"https:\/\/www.suno.com.br\/noticias\/author\/jader-lazarini\/\"}]}<\/script>\n<!-- \/ Yoast SEO plugin. -->","yoast_head_json":{"title":"Ibovespa abre em queda atento \u00e0 guerra comercial e vendas do varejo","description":"O Ibovespa abriu esta quarta-feira (12) em queda ap\u00f3s as falas de Trump sobre a guerra comercial. Clique aqui e saiba mais.","robots":{"index":"index","follow":"follow","max-snippet":"max-snippet:-1","max-image-preview":"max-image-preview:large","max-video-preview":"max-video-preview:-1"},"canonical":"https:\/\/www.suno.com.br\/noticias\/ibovespa-queda-guerra-comercial-varejo-13112019\/","og_locale":"pt_BR","og_type":"article","og_title":"Ibovespa abre em queda atento \u00e0 guerra comercial e vendas do varejo","og_description":"O Ibovespa abriu esta quarta-feira (12) em queda ap\u00f3s as falas de Trump sobre a guerra comercial. Clique aqui e saiba mais.","og_url":"https:\/\/www.suno.com.br\/noticias\/ibovespa-queda-guerra-comercial-varejo-13112019\/","og_site_name":"Suno Not\u00edcias","article_publisher":"https:\/\/facebook.com\/sunoresearch","og_image":[{"width":1200,"height":630,"url":"https:\/\/files.sunoresearch.com.br\/n\/uploads\/2019\/07\/0bff64a7-ibovespa.jpg","type":"image\/jpeg"}],"author":"Jader Lazarini","twitter_card":"summary_large_image","twitter_creator":"@sunoresearch","twitter_site":"@sunoresearch","twitter_misc":{"Escrito por":"Jader Lazarini","Est. tempo de leitura":"3 minutos"},"schema":{"@context":"https:\/\/schema.org","@graph":[{"@type":"NewsArticle","@id":"https:\/\/www.suno.com.br\/noticias\/ibovespa-queda-guerra-comercial-varejo-13112019\/#article","isPartOf":{"@id":"https:\/\/www.suno.com.br\/noticias\/ibovespa-queda-guerra-comercial-varejo-13112019\/"},"author":{"name":"Jader Lazarini","@id":"https:\/\/www.suno.com.br\/noticias\/#\/schema\/person\/918d79de1f0281f01599b93f9ea6e23f"},"headline":"Ibovespa abre em queda atento \u00e0 guerra comercial e vendas do varejo","datePublished":"2019-11-13T13:38:51+00:00","dateModified":"2019-11-13T21:23:29+00:00","mainEntityOfPage":{"@id":"https:\/\/www.suno.com.br\/noticias\/ibovespa-queda-guerra-comercial-varejo-13112019\/"},"wordCount":597,"publisher":{"@id":"https:\/\/www.suno.com.br\/noticias\/#organization"},"image":{"@id":"https:\/\/www.suno.com.br\/noticias\/ibovespa-queda-guerra-comercial-varejo-13112019\/#primaryimage"},"thumbnailUrl":"https:\/\/files.sunoresearch.com.br\/n\/uploads\/2019\/07\/0bff64a7-ibovespa-jpg.webp","keywords":["balan\u00e7os trimestrais","guerra comercial","Ibovespa","varejo"],"articleSection":["Mercado"],"inLanguage":"pt-BR"},{"@type":"WebPage","@id":"https:\/\/www.suno.com.br\/noticias\/ibovespa-queda-guerra-comercial-varejo-13112019\/","url":"https:\/\/www.suno.com.br\/noticias\/ibovespa-queda-guerra-comercial-varejo-13112019\/","name":"Ibovespa abre em queda atento \u00e0 guerra comercial e vendas do varejo","isPartOf":{"@id":"https:\/\/www.suno.com.br\/noticias\/#website"},"primaryImageOfPage":{"@id":"https:\/\/www.suno.com.br\/noticias\/ibovespa-queda-guerra-comercial-varejo-13112019\/#primaryimage"},"image":{"@id":"https:\/\/www.suno.com.br\/noticias\/ibovespa-queda-guerra-comercial-varejo-13112019\/#primaryimage"},"thumbnailUrl":"https:\/\/files.sunoresearch.com.br\/n\/uploads\/2019\/07\/0bff64a7-ibovespa-jpg.webp","datePublished":"2019-11-13T13:38:51+00:00","dateModified":"2019-11-13T21:23:29+00:00","description":"O Ibovespa abriu esta quarta-feira (12) em queda ap\u00f3s as falas de Trump sobre a guerra comercial. Clique aqui e saiba mais.","breadcrumb":{"@id":"https:\/\/www.suno.com.br\/noticias\/ibovespa-queda-guerra-comercial-varejo-13112019\/#breadcrumb"},"inLanguage":"pt-BR","potentialAction":[{"@type":"ReadAction","target":["https:\/\/www.suno.com.br\/noticias\/ibovespa-queda-guerra-comercial-varejo-13112019\/"]}]},{"@type":"ImageObject","inLanguage":"pt-BR","@id":"https:\/\/www.suno.com.br\/noticias\/ibovespa-queda-guerra-comercial-varejo-13112019\/#primaryimage","url":"https:\/\/files.sunoresearch.com.br\/n\/uploads\/2019\/07\/0bff64a7-ibovespa-jpg.webp","contentUrl":"https:\/\/files.sunoresearch.com.br\/n\/uploads\/2019\/07\/0bff64a7-ibovespa-jpg.webp","width":1200,"height":630,"caption":"O Ibovespa hoje encerrou em alta acompanhando as bolas internacionais"},{"@type":"BreadcrumbList","@id":"https:\/\/www.suno.com.br\/noticias\/ibovespa-queda-guerra-comercial-varejo-13112019\/#breadcrumb","itemListElement":[{"@type":"ListItem","position":1,"name":"Not\u00edcias","item":"https:\/\/www.suno.com.br\/noticias\/"},{"@type":"ListItem","position":2,"name":"Mercado","item":"https:\/\/www.suno.com.br\/noticias\/mercado\/"},{"@type":"ListItem","position":3,"name":"Ibovespa abre em queda atento \u00e0 guerra comercial e vendas do varejo"}]},{"@type":"WebSite","@id":"https:\/\/www.suno.com.br\/noticias\/#website","url":"https:\/\/www.suno.com.br\/noticias\/","name":"Suno Not\u00edcias","description":"Seu portal de informa\u00e7\u00e3o sobre o mundo dos investimentos","publisher":{"@id":"https:\/\/www.suno.com.br\/noticias\/#organization"},"potentialAction":[{"@type":"SearchAction","target":{"@type":"EntryPoint","urlTemplate":"https:\/\/www.suno.com.br\/noticias\/?s={search_term_string}"},"query-input":{"@type":"PropertyValueSpecification","valueRequired":true,"valueName":"search_term_string"}}],"inLanguage":"pt-BR"},{"@type":"Organization","@id":"https:\/\/www.suno.com.br\/noticias\/#organization","name":"Suno Not\u00edcias","url":"https:\/\/www.suno.com.br\/noticias\/","logo":{"@type":"ImageObject","inLanguage":"pt-BR","@id":"https:\/\/www.suno.com.br\/noticias\/#\/schema\/logo\/image\/","url":"https:\/\/files.sunoresearch.com.br\/n\/uploads\/2021\/09\/suno-logo.png","contentUrl":"https:\/\/files.sunoresearch.com.br\/n\/uploads\/2021\/09\/suno-logo.png","width":180,"height":180,"caption":"Suno Not\u00edcias"},"image":{"@id":"https:\/\/www.suno.com.br\/noticias\/#\/schema\/logo\/image\/"},"sameAs":["https:\/\/facebook.com\/sunoresearch","https:\/\/x.com\/sunoresearch","https:\/\/www.instagram.com\/suno","https:\/\/www.linkedin.com\/company\/suno-research\/","https:\/\/www.youtube.com\/c\/sunoresearch"]},{"@type":"Person","@id":"https:\/\/www.suno.com.br\/noticias\/#\/schema\/person\/918d79de1f0281f01599b93f9ea6e23f","name":"Jader Lazarini","image":{"@type":"ImageObject","inLanguage":"pt-BR","@id":"https:\/\/www.suno.com.br\/noticias\/#\/schema\/person\/image\/","url":"https:\/\/secure.gravatar.com\/avatar\/3c1ad8caa51589841baeb923fcddea97?s=96&r=g","contentUrl":"https:\/\/secure.gravatar.com\/avatar\/3c1ad8caa51589841baeb923fcddea97?s=96&r=g","caption":"Jader Lazarini"},"description":"Jader Lazarini escreve sobre investimentos, finan\u00e7as, economia e neg\u00f3cios. \u00c9 bacharel em Rela\u00e7\u00f5es Internacionais e analista CNPI (2619).","url":"https:\/\/www.suno.com.br\/noticias\/author\/jader-lazarini\/"}]}},"default_loop_html":"<div class=\"cardsPage__listCard__boxs\"><div class=\"cardsPage__listCard__boxs__img\"><a href=\"https:\/\/www.suno.com.br\/noticias\/ibovespa-queda-guerra-comercial-varejo-13112019\/\"><img class=\"mask\" src=\"https:\/\/www.suno.com.br\/noticias\/wp-content\/themes\/suno\/resources\/images\/spotlight\/spotlight1img\/bg-mask.png\" alt=\"Image Mask\"\/><img src=\"https:\/\/files.sunoresearch.com.br\/n\/uploads\/2019\/07\/0bff64a7-ibovespa-400x200.webp\" alt=\"Ibovespa abre em queda atento \u00e0 guerra comercial e vendas do varejo\"\/><\/a><span class=\"spotlightCategory\"><a href=\"https:\/\/www.suno.com.br\/noticias\/mercado\/\">Mercado<\/a><\/span><\/div><div class=\"cardsPage__listCard__boxs__content\"><a href=\"https:\/\/www.suno.com.br\/noticias\/ibovespa-queda-guerra-comercial-varejo-13112019\/\"><h2 class=\"content__title\">Ibovespa abre em queda atento \u00e0 guerra comercial e vendas do varejo<\/h2><\/a><div class=\"newsContent__article__meta\"><div class=\"newsContent__article__meta__authorBox\"><a href=\"https:\/\/www.suno.com.br\/noticias\/author\/jader-lazarini\/\" class=\"authorBox__avatar noMobi\"><img src=\"https:\/\/files.sunoresearch.com.br\/n\/uploads\/2021\/01\/178e6598-foto-perfil-2-150x150.jpg\" alt=\"Jader Lazarini\"><\/a><div class=\"authorBox__name\"><span>por\n\t\t\t<a href=\"https:\/\/www.suno.com.br\/noticias\/author\/jader-lazarini\/\"><span itemprop=\"author\">Jader Lazarini<\/span><\/a><\/span><time datetime=\"2019-11-13T11:38:51-03:00\" itemprop=\"datePublished\">13\/11\/2019 11:38<\/time><\/div><\/div><\/div><\/div><\/div>","single_layout":"posts","amp_enabled":true,"_links":{"self":[{"href":"https:\/\/www.suno.com.br\/noticias\/wp-json\/wp\/v2\/posts\/44635"}],"collection":[{"href":"https:\/\/www.suno.com.br\/noticias\/wp-json\/wp\/v2\/posts"}],"about":[{"href":"https:\/\/www.suno.com.br\/noticias\/wp-json\/wp\/v2\/types\/post"}],"author":[{"embeddable":true,"href":"https:\/\/www.suno.com.br\/noticias\/wp-json\/wp\/v2\/users\/24"}],"replies":[{"embeddable":true,"href":"https:\/\/www.suno.com.br\/noticias\/wp-json\/wp\/v2\/comments?post=44635"}],"version-history":[{"count":0,"href":"https:\/\/www.suno.com.br\/noticias\/wp-json\/wp\/v2\/posts\/44635\/revisions"}],"wp:featuredmedia":[{"embeddable":true,"href":"https:\/\/www.suno.com.br\/noticias\/wp-json\/wp\/v2\/media\/29631"}],"wp:attachment":[{"href":"https:\/\/www.suno.com.br\/noticias\/wp-json\/wp\/v2\/media?parent=44635"}],"wp:term":[{"taxonomy":"category","embeddable":true,"href":"https:\/\/www.suno.com.br\/noticias\/wp-json\/wp\/v2\/categories?post=44635"},{"taxonomy":"post_tag","embeddable":true,"href":"https:\/\/www.suno.com.br\/noticias\/wp-json\/wp\/v2\/tags?post=44635"},{"taxonomy":"suno_strategy","embeddable":true,"href":"https:\/\/www.suno.com.br\/noticias\/wp-json\/wp\/v2\/suno_strategy?post=44635"}],"curies":[{"name":"wp","href":"https:\/\/api.w.org\/{rel}","templated":true}]}}