{"id":446334,"date":"2023-08-23T11:04:06","date_gmt":"2023-08-23T14:04:06","guid":{"rendered":"https:\/\/www.suno.com.br\/noticias\/?p=446334"},"modified":"2023-08-23T12:48:10","modified_gmt":"2023-08-23T15:48:10","slug":"marisa-amar3-conclui-capitalizacao-mpagamentos-gpj","status":"publish","type":"post","link":"https:\/\/www.suno.com.br\/noticias\/marisa-amar3-conclui-capitalizacao-mpagamentos-gpj\/","title":{"rendered":"Marisa (AMAR3) concluir\u00e1 capitaliza\u00e7\u00e3o de R$ 30 milh\u00f5es da MPagamentos nesta quarta"},"content":{"rendered":"<p>A<strong> <\/strong><a href=\"https:\/\/www.suno.com.br\/acoes\/AMAR3\/\">Lojas<\/a><strong><a href=\"https:\/\/www.suno.com.br\/acoes\/AMAR3\/\"> Marisa<\/a><\/strong><a href=\"https:\/\/www.suno.com.br\/acoes\/AMAR3\/\"> (AMAR3)<\/a> informou que concluir\u00e1 nesta quarta-feira (23), via Mbank, a capitaliza\u00e7\u00e3o da MPagamentos S.A &#8211; Cr\u00e9dito, Financiamento e Investimento, no valor de R$ 30 milh\u00f5es, integralmente com recursos em caixa da companhia.<\/p>\t<div class=\"wrapper-featured-image\">\n\t\t<figure class=\"spotlightImg\">\n\n\t\t\t<picture>\n\t\t\t\t<source media=\"(max-width: 768px)\" srcset=\"https:\/\/files.sunoresearch.com.br\/n\/uploads\/2021\/06\/3d482005-reproducao-site-lojas-marisa-400x200.webp\">\n\t\t\t\t<img loading=\"lazy\" decoding=\"async\" class=\"newsContent__article__imgCapa lazyloadDisabled \" src=\"https:\/\/files.sunoresearch.com.br\/n\/uploads\/2021\/06\/3d482005-reproducao-site-lojas-marisa-800x450.webp\" width=\"800\" height=\"450\" alt=\"Marisa (AMAR3) concluir\u00e1 capitaliza\u00e7\u00e3o de R$ 30 milh\u00f5es da MPagamentos nesta quarta\" fetchpriority=high \/>\n\t\t\t<\/picture>\n\n\t\t\t<figcaption class=\"wp-caption-text wp-caption-text--show\">Marisa (AMAR3). Foto: Divulga\u00e7\u00e3o<\/figcaption>\n\t\t<\/figure>\n\t<\/div>\n\n\n\n\n\n\n\n\t<p>\n\t\t<a href=\"\" target=\"_blank\" data-element=\"shortcode-suno-banner\" title=\"Banner SUNO, clique e saiba mais\">\n\t\t\t<picture>\n\t\t\t\t<source media=\"(max-width: 500px)\" srcset=\"\">\n\t\t\t\t<img class=\"newsContent__article__imgCapa newsContent__article__imgCapa--banner\"\n\t\t\t\t\tsrc=\"\"\n\t\t\t\t\tdata-promo-id=\"265277\"\t\t\t\t\t\t\t\t\t\t\t\t\t\t\talt=\"\"\n\t\t\t\t>\n\t\t\t<\/picture>\n\t\t<\/a>\n\t<\/p>\n\n\n\n\n\n<p>Segundo <a href=\"https:\/\/www.suno.com.br\/artigos\/fato-relevante\/\">fato relevante<\/a>, a capitaliza\u00e7\u00e3o de hoje \u00e9 complementar aos R$ 90 milh\u00f5es aportados em abril pela companhia com recursos captados juntos aos seus acionistas controladores.<\/p>\n\n\n\n<p>&#8220;Esta opera\u00e7\u00e3o cumprir\u00e1, dentro do prazo, os termos do <strong>Plano de Capitaliza\u00e7\u00e3o e Reestrutura\u00e7\u00e3o<\/strong> dos servi\u00e7os financeiros da Companhia aprovado pelo <strong>Banco Central<\/strong> em 25 de abril de 2023&#8243;, disse a Marisa.<\/p>\n\n\n\t<p>\n\t\t<a href=\"https:\/\/lp.suno.com.br\/planilha-da-vida-financeira\/\" target=\"_blank\" data-element=\"shortcode-suno-banner\" title=\"Banner SUNO, clique e saiba mais\">\n\t\t\t<picture>\n\t\t\t\t<source media=\"(max-width: 500px)\" srcset=\"https:\/\/files.sunoresearch.com.br\/n\/uploads\/2023\/04\/400x300-Planilha-vida-financeira-true.png\">\n\t\t\t\t<img class=\"newsContent__article__imgCapa newsContent__article__imgCapa--banner\"\n\t\t\t\t\tsrc=\"https:\/\/files.sunoresearch.com.br\/n\/uploads\/2023\/04\/1420x240-Planilha-vida-financeira-true.png\"\n\t\t\t\t\tdata-promo-id=\"383123\"\t\t\t\t\t\t\t\t\t\twidth='1420' height='240'\t\t\t\t\talt=\"https:\/\/files.sunoresearch.com.br\/n\/uploads\/2023\/04\/1420x240-Planilha-vida-financeira-true.png\"\n\t\t\t\t>\n\t\t\t<\/picture>\n\t\t<\/a>\n\t<\/p>\n\n\n\n\n\n<h2 class=\"wp-block-heading\">Preju\u00edzo da Marisa aumenta 82% e chega a R$ 63,4 mi no 2T23<\/h2>\n\n\n\n<p>A&nbsp;Marisa&nbsp;reportou preju\u00edzo l\u00edquido de R$ 63,4 milh\u00f5es no segundo trimestre de 2023, resultado 82% pior do que os R$ 34,8 milh\u00f5es negativos apresentados no mesmo per\u00edodo do ano anterior. <\/p>\n\n\n\n<p>A companhia, por\u00e9m, apresentou uma conta de como teria sido o resultado se o \u201cplano de otimiza\u00e7\u00e3o operacional\u201d (ou cortes de custos) estivesse implementado desde janeiro de 2023.<\/p>\n\n\n\n<p>Nessa an\u00e1lise, o&nbsp;<strong>preju\u00edzo l\u00edquido da Marisa<\/strong>&nbsp;teria sido de R$ 3 milh\u00f5es, melhora de 91% frente \u00e0 perda de um ano atr\u00e1s. O Ebitda da Marisa (lucro antes de juros, impostos,&nbsp;<a target=\"_blank\" href=\"https:\/\/www.suno.com.br\/artigos\/depreciacao-amortizacao\/\" rel=\"noreferrer noopener\">deprecia\u00e7\u00e3o e amortiza\u00e7\u00e3o<\/a>), por sua vez, foi negativo em R$ 36,7 milh\u00f5es e reverteu resultado positivo de R$ 10,9 milh\u00f5es de 12 meses atr\u00e1s. Na vers\u00e3o pr\u00f3-forma, o resultado foi positivo em R$ 23,6 milh\u00f5es.<\/p>\n\n\n\n<p>Para o CEO da companhia, Jo\u00e3o Pinheiro Nogueira Batista, os resultados da&nbsp;<strong>Marisa no 2T23<\/strong>, em especial os valores pr\u00f3-forma, t\u00eam potencial para mostrar ao mercado que a companhia concluiu um processo importante de reestrutura\u00e7\u00e3o. Ele conta que todas as medidas de melhoria de resultados foram tomadas sem acesso a novos cr\u00e9ditos e, exceto o aporte de R$ 90 milh\u00f5es da fam\u00edlia fundadora do neg\u00f3cio no Mbank (bra\u00e7o financeiro da companhia), sem novos recursos.<\/p>\n\n\n\n<p>\u201cTivemos de entrar em um processo de recupera\u00e7\u00e3o de credibilidade e fizemos o exerc\u00edcio por conta pr\u00f3pria\u201d, diz Nogueira Batista. Ele espera que, a partir desses n\u00fameros, as conversas com bancos evoluam de forma melhor: \u201cQuando cheguei \u00e0 Marisa, visitei todos os bancos. Recentemente, o representantes de um dos bancos veio at\u00e9 a empresa, na Barra Funda, e eu n\u00e3o tive de ir \u00e0 Faria Lima\u201d, conta o CEO, em tom bem humorado, dando a entender que as conversas para novos cr\u00e9ditos tendem a ficar mais promissoras.<\/p>\n\n\n\n<p>Os&nbsp;<strong>resultados pr\u00f3-forma da Marisa<\/strong>&nbsp;tiram da conta as&nbsp;<a href=\"https:\/\/www.suno.com.br\/artigos\/despesas-operacionais\/\" target=\"_blank\" rel=\"noreferrer noopener\">despesas operacionais<\/a>&nbsp;relativas \u00e0 reestrutura\u00e7\u00e3o com o encerramento de 88 lojas; as despesas com consultorias e as economias na estrutura corporativa. Esse \u00faltimo item, segundo a companhia, j\u00e1 foi implementado, por\u00e9m deve aparecer nos resultados a partir do terceiro trimestre.<\/p>\n\n\n\n<h2 class=\"wp-block-heading\">Vendas da Marisa<\/h2>\n\n\n\n<p>A&nbsp;<a target=\"_blank\" href=\"https:\/\/www.suno.com.br\/artigos\/o-que-receita-liquida\/\" rel=\"noreferrer noopener\">receita l\u00edquida<\/a>&nbsp;no&nbsp;<strong>varejo&nbsp;<\/strong>alcan\u00e7ou R$ 469,9 milh\u00f5es, 21,6% abaixo do que foi visto no mesmo per\u00edodo de 2022. Segundo a companhia, o indicador foi prejudicado pelo fechamento de 88 lojas no primeiro semestre de 2023 e 10 lojas em dezembro de 2022, al\u00e9m de uma base de compara\u00e7\u00e3o bastante elevada de um ano antes, quando houve um crescimento acelerado por temperaturas mais frias que impulsionaram as vendas da cole\u00e7\u00e3o de inverno. As vendas em mesmas&nbsp;<strong>lojas da Marisa<\/strong>&nbsp;ca\u00edram 12,2% no trimestre e 4,3% no semestre.<\/p>\n\n\n\n<p>Para Nogueira Batista, a conta \u00e9 simples: \u201cVarejo tem que vender, mas tem que vender com lucro\u201d. Ele diz que o ideal seria que o patamar alto de vendas dos tr\u00eas meses correspondentes de 2022 se mantivesse e a rentabilidade subisse, no entanto, lembra que a falta de acesso a cr\u00e9dito da companhia e os custos que os fechamentos de lojas exigiram levaram a companhia a fazer escolhas. A Marisa teve de comprar menos e, assim, as vendas s\u00e3o afetadas. A&nbsp;<a target=\"_blank\" href=\"https:\/\/www.suno.com.br\/artigos\/margem-bruta-entenda-sua-importancia\/\" rel=\"noreferrer noopener\">margem bruta<\/a>&nbsp;da companhia tamb\u00e9m caiu 3,1 pontos porcentuais (p.p.), para 40%.<\/p>\n\n\n\n<p>O faturamento com vendas no canal digital diminuiu 49,3% e a companhia afirma que isso se deu devido \u00e0 estrat\u00e9gia de rentabiliza\u00e7\u00e3o dessa opera\u00e7\u00e3o. A participa\u00e7\u00e3o do digital no faturamento de varejo foi de 6% versus 9,1% no mesmo per\u00edodo do ano anterior. O CEO diz que a empresa, antes, investia muito em tecnologia, mas de forma ineficiente. Em sua vis\u00e3o, agora os investimentos s\u00e3o mais modestos, mas, tamb\u00e9m, mais eficientes.<\/p>\n\n\n\n<p>A companhia informa ter racionalizado o investimento em marketing, com uma rela\u00e7\u00e3o mais eficiente entre a despesa e o&nbsp;<a target=\"_blank\" href=\"https:\/\/www.suno.com.br\/artigos\/lucro-bruto\/\" rel=\"noreferrer noopener\">lucro bruto<\/a>, al\u00e9m de revis\u00e3o de pol\u00edticas de frete. Pelo segundo trimestre consecutivo, houve no Ebitda do canal em rela\u00e7\u00e3o ao mesmo trimestre do ano anterior. Pela primeira vez ap\u00f3s v\u00e1rios trimestres, a empresa teve Ebitda nessa divis\u00e3o: R$ 2,3 milh\u00f5es<\/p>\n\n\n\n<h2 class=\"wp-block-heading\">MBank<\/h2>\n\n\n\n<p>O MBank, bra\u00e7o financeiro da companhia, teve Ebitda negativo de 29,6 milh\u00f5es no trimestre, frente a R$ 14,6 milh\u00f5es tamb\u00e9m negativos apresentados um ano antes. A companhia afirma que a pol\u00edtica de&nbsp;<a target=\"_blank\" href=\"https:\/\/www.suno.com.br\/artigos\/concessao-de-credito\/\" rel=\"noreferrer noopener\">concess\u00e3o de cr\u00e9dito<\/a>&nbsp;ficou mais criteriosa a partir do segundo trimestre, com redu\u00e7\u00e3o dos empr\u00e9stimos pessoais. A carteira de receb\u00edveis com atrasos de mais de 90 dias diminuiu 21,5% na compara\u00e7\u00e3o com o mesmo trimestre de 2022.<\/p>\n\n\n\n<p>\u201cTemos feito um esfor\u00e7o grande de limpeza na carteira de cr\u00e9dito\u201d, diz o CEO da Marisa. Ele disse que todo o mercado \u201cachou que era f\u00e1cil brincar de banco\u201d e que, agora, passa por remodela\u00e7\u00f5es. \u201cEsse ajuste demora\u201d, diz.<\/p>\n\n\n\n<p>Segundo ele, por\u00e9m, essa divis\u00e3o da companhia deve voltar a contribuir de forma positiva para o balan\u00e7o da companhia at\u00e9 o fim de 2023 e, em 2024, chegar ao patamar de R$ 200 milh\u00f5es de Ebitda.<\/p>\n\n\n\n<h2 class=\"wp-block-heading\">D\u00edvida da Marisa<\/h2>\n\n\n\n<p>A&nbsp;<strong>d\u00edvida l\u00edquida da Marisa&nbsp;<\/strong>Lojas reduziu em R$ 81 milh\u00f5es entre mar\u00e7o de 2022 e junho deste ano, melhora de 18% ao longo do segundo trimestre de 2023, impulsionada pelo aumento da posi\u00e7\u00e3o de caixa da Companhia.<\/p>\n\n\n\n<p>\u201cDurante o segundo trimestre, tivemos uma melhoria no perfilamento da d\u00edvida da Marisa Lojas devido ao aporte de R$ 90 milh\u00f5es no capital da subsidi\u00e1ria MPagamentos (via emiss\u00e3o de deb\u00eantures para a Marisa Lojas pelos acionistas controladores). A&nbsp;<a target=\"_blank\" href=\"https:\/\/www.suno.com.br\/artigos\/divida-bruta\/\" rel=\"noreferrer noopener\">d\u00edvida bruta<\/a>&nbsp;do Mbank manteve-se est\u00e1vel ao longo do trimestre\u201d, disse a companhia, no release que acompanha os resultados.<\/p>\n\n\n\n<h2 class=\"wp-block-heading\">Futuro<\/h2>\n\n\n\n<p>Nogueira Batista acredita ainda que este terceiro trimestre deve ser desafiador, dados que, sem dinheiro novo, a empresa teve de comprar menos para a cole\u00e7\u00e3o que est\u00e1 nas lojas agora. Para o quarto trimestre, essa situa\u00e7\u00e3o deve estar mais normalizada, acredita o executivo.<\/p>\n\n\n\n<p>A pretens\u00e3o \u00e9 terminar o ano com faturamento de R$ 2,5 bilh\u00f5es, frente a R$ 3 bilh\u00f5es no acumulado de 2022. O n\u00famero \u00e9 visto com bons olhos dado que a<strong>&nbsp;Marisa<\/strong>&nbsp;fechou 88 lojas no ano.<\/p>\n\n\n\n<h2 class=\"wp-block-heading\">Desempenho das a\u00e7\u00f5es da Marisa<\/h2>\n\n\n\n<div class=\"pluginQuotation\">\n  <p class=\"ticker\">\n    Cota\u00e7\u00e3o <span>AMAR3<\/span>\n  <\/p>\n  <div class=\"info\">\n    <div class=\"leftSide\">\n      Gr\u00e1fico gerado em: 23\/08\/2023    <\/div>\n\t\t\t\t\t<div class=\"rightSide\">\n\t\t\t\t\t<span class=\"period\">\n\t\t\t\t\t\t1 Dia\t\t\t\t\t<\/span>\n\t\t\t<\/div>\n\t\t  <\/div>\n\n  <div id=\"chart-2f8c999dca687f3535244e6ac114c26d\" data-block-hash=\"2f8c999dca687f3535244e6ac114c26d\"  class=\"chart\" style=\"width:100%;height:400px;\"><\/div>\n\n  <div class=\"pluginQuotation__footer\">\n    <div class=\"dataChart\">\n\n      <div class=\"dataChart__div1 variation\">\n        <div class=\"value-positive\">\n          1,27 (+0,01%)        <\/div>\n        <div class=\"text\">\n          Varia\u00e7\u00e3o do per\u00edodo\n        <\/div>\n      <\/div>\n\n      <div class=\"dataChart__div2 minMax\">\n        <div class=\"value\">\n          R$\u00a00,79        <\/div>\n        <div class=\"text\">\n          M\u00ednima\n        <\/div>\n      <\/div>\n\n      <div class=\"dataChart__div3 minMax\">\n        <div class=\"value\">\n          R$\u00a00,81        <\/div>\n        <div class=\"text\">\n          M\u00e1xima\n        <\/div>\n      <\/div>\n\n\t\t\t<div class=\"dataChart__div4 rightSide\">\n\t\t\t\t<div class=\"analiticaSource\">\n\t\t\t\t\t<span>\n\t\t\t\t\t\tFonte:\n\t\t\t\t\t<\/span>\n\t\t\t\t\t<img decoding=\"async\" class=\"analiticaLogo\" src=\"https:\/\/www.suno.com.br\/noticias\/wp-content\/plugins\/suno-block-ticker-quotation\/src\/suno-analitica-logo.png\" alt=\"Logo Suno Anal\u00edtica\" \/>\n\t\t\t\t<\/div>\n\n\t\t\t\t<a href=\"https:\/\/www.suno.com.br\/analitica\/acoes\/AMAR3\" target=\"_blank\">\n\t\t\t\t\t<span>\n\t\t\t\t\t\tVer mais cota\u00e7\u00f5es\n\t\t\t\t\t<\/span>\n\t\t\t\t\t<svg xmlns=\"http:\/\/www.w3.org\/2000\/svg\" width=\"9\" height=\"8\" viewBox=\"0 0 9 8\" fill=\"none\">\n\t\t\t\t\t\t<path d=\"M4.20996 0L3.50496 0.705L6.29496 3.5H0.209961V4.5H6.29496L3.50496 7.295L4.20996 8L8.20996 4L4.20996 0Z\" fill=\"#D42126\" \/>\n\t\t\t\t\t<\/svg>\n\t\t\t\t<\/a>\n    <\/div>\n\n    <\/div>\n  <\/div>\n<\/div>\n\n\n<script type=\"text\/javascript\">\n  let chart_2f8c999dca687f3535244e6ac114c26d = document.getElementById('chart-2f8c999dca687f3535244e6ac114c26d');\n  let data_json_2f8c999dca687f3535244e6ac114c26d = \"[{\\\"date\\\":\\\"23\\\\\\\/08\\\\\\\/23 10:02\\\",\\\"value\\\":0.79},{\\\"date\\\":\\\"23\\\\\\\/08\\\\\\\/23 10:04\\\",\\\"value\\\":0.79},{\\\"date\\\":\\\"23\\\\\\\/08\\\\\\\/23 10:06\\\",\\\"value\\\":0.79},{\\\"date\\\":\\\"23\\\\\\\/08\\\\\\\/23 10:08\\\",\\\"value\\\":0.79},{\\\"date\\\":\\\"23\\\\\\\/08\\\\\\\/23 10:10\\\",\\\"value\\\":0.8},{\\\"date\\\":\\\"23\\\\\\\/08\\\\\\\/23 10:12\\\",\\\"value\\\":0.81},{\\\"date\\\":\\\"23\\\\\\\/08\\\\\\\/23 10:14\\\",\\\"value\\\":0.81},{\\\"date\\\":\\\"23\\\\\\\/08\\\\\\\/23 10:16\\\",\\\"value\\\":0.8},{\\\"date\\\":\\\"23\\\\\\\/08\\\\\\\/23 10:18\\\",\\\"value\\\":0.81},{\\\"date\\\":\\\"23\\\\\\\/08\\\\\\\/23 10:22\\\",\\\"value\\\":0.8},{\\\"date\\\":\\\"23\\\\\\\/08\\\\\\\/23 10:24\\\",\\\"value\\\":0.8},{\\\"date\\\":\\\"23\\\\\\\/08\\\\\\\/23 10:26\\\",\\\"value\\\":0.8},{\\\"date\\\":\\\"23\\\\\\\/08\\\\\\\/23 10:28\\\",\\\"value\\\":0.8},{\\\"date\\\":\\\"23\\\\\\\/08\\\\\\\/23 10:30\\\",\\\"value\\\":0.8},{\\\"date\\\":\\\"23\\\\\\\/08\\\\\\\/23 10:32\\\",\\\"value\\\":0.8},{\\\"date\\\":\\\"23\\\\\\\/08\\\\\\\/23 10:34\\\",\\\"value\\\":0.8},{\\\"date\\\":\\\"23\\\\\\\/08\\\\\\\/23 10:36\\\",\\\"value\\\":0.79},{\\\"date\\\":\\\"23\\\\\\\/08\\\\\\\/23 10:38\\\",\\\"value\\\":0.79},{\\\"date\\\":\\\"23\\\\\\\/08\\\\\\\/23 10:40\\\",\\\"value\\\":0.8},{\\\"date\\\":\\\"23\\\\\\\/08\\\\\\\/23 10:42\\\",\\\"value\\\":0.79},{\\\"date\\\":\\\"23\\\\\\\/08\\\\\\\/23 10:44\\\",\\\"value\\\":0.8}]\";\n  let isPositive_2f8c999dca687f3535244e6ac114c26d = true;\n\n  let color_2f8c999dca687f3535244e6ac114c26d = isPositive_2f8c999dca687f3535244e6ac114c26d ? '#3AB53A' : '#D92C2D';\n\n  let data_2f8c999dca687f3535244e6ac114c26d = JSON.parse(data_json_2f8c999dca687f3535244e6ac114c26d);\n\n  const result_2f8c999dca687f3535244e6ac114c26d = {\n    date: [],\n    value: [],\n  };\n\n  data_2f8c999dca687f3535244e6ac114c26d.forEach((item) => {\n    result_2f8c999dca687f3535244e6ac114c26d.date.push(item.date);\n    result_2f8c999dca687f3535244e6ac114c26d.value.push(Number(item.value));\n  });\n\n  let option_2f8c999dca687f3535244e6ac114c26d = {\n    \/\/ variavel de cor global\n    color: [color_2f8c999dca687f3535244e6ac114c26d],\n    title: {\n      text: '',\n    },\n    tooltip: {\n      trigger: 'axis',\n      axisPointer: {\n        type: 'cross',\n        label: {\n          \/\/ cor dos valores em X e Y\n          backgroundColor: color_2f8c999dca687f3535244e6ac114c26d,\n          formatter: (value) => {\n            if (typeof value.value === 'number') {\n              return Number(value.value).toLocaleString('pt-br', {\n                style: 'currency',\n                currency: 'BRL'\n              });\n            }\n            return value.value;\n          },\n        },\n      },\n      valueFormatter: (value) => Number(value).toLocaleString('pt-br', {\n        style: 'currency',\n        currency: 'BRL'\n      }),\n    },\n    legend: {\n      \/\/ data: ['Valor de Fechamento'],\n      show: false,\n    },\n    toolbox: {\n      feature: {\n        saveAsImage: {\n          show: false,\n        },\n      },\n    },\n    grid: {\n      left: '0px',\n      right: '0px',\n      bottom: '0px',\n      containLabel: true,\n    },\n    xAxis: [{\n      type: 'category',\n      data: result_2f8c999dca687f3535244e6ac114c26d.date,\n      boundaryGap: true,\n    }],\n    yAxis: [{\n      type: 'value',\n      min: Math.min(...result_2f8c999dca687f3535244e6ac114c26d.value),\n      max: Math.max(...result_2f8c999dca687f3535244e6ac114c26d.value),\n      axisLabel: {\n        formatter: (value) => value.toLocaleString('pt-br', {\n          style: 'currency',\n          currency: 'BRL'\n        }),\n      },\n    }],\n    series: [{\n      name: 'Valor de Fechamento',\n      type: 'line',\n      stack: 'Total',\n      \/\/ cor do grafico\n      areaStyle: {},\n      emphasis: {\n        focus: 'series',\n      },\n      data: result_2f8c999dca687f3535244e6ac114c26d.value,\n      \/\/ cor da linha\n      lineStyle: {\n        color: color_2f8c999dca687f3535244e6ac114c26d,\n      },\n    }, ],\n  };\n\n\twindow.chart_2f8c999dca687f3535244e6ac114c26d = {\n\t\tel: chart_2f8c999dca687f3535244e6ac114c26d,\n\t\toption: option_2f8c999dca687f3535244e6ac114c26d\t};\n\n\n<\/script>\n\n\n\n<p><em>Com informa\u00e7\u00f5es de Estad\u00e3o Conte\u00fado<\/em><\/p>\n\n\n\t<p>\n\t\t<a href=\"https:\/\/lp.suno.com.br\/ebook-como-analisar-uma-acao\/\" target=\"_blank\" data-element=\"shortcode-suno-banner\" title=\"Banner SUNO, clique e saiba mais\">\n\t\t\t<picture>\n\t\t\t\t<source media=\"(max-width: 500px)\" srcset=\"https:\/\/files.sunoresearch.com.br\/n\/uploads\/2023\/03\/Ebook-Acoes-Mobile-1.jpg\">\n\t\t\t\t<img class=\"newsContent__article__imgCapa newsContent__article__imgCapa--banner\"\n\t\t\t\t\tsrc=\"https:\/\/files.sunoresearch.com.br\/n\/uploads\/2023\/03\/Ebook-Acoes-Desktop-1.jpg\"\n\t\t\t\t\tdata-promo-id=\"171998\"\t\t\t\t\t\t\t\t\t\twidth='1420' height='286'\t\t\t\t\talt=\"https:\/\/files.sunoresearch.com.br\/n\/uploads\/2023\/03\/Ebook-Acoes-Desktop-1.jpg\"\n\t\t\t\t>\n\t\t\t<\/picture>\n\t\t<\/a>\n\t<\/p>\n\n\n","protected":false},"excerpt":{"rendered":"<p>A Lojas Marisa (AMAR3) informou que concluir\u00e1 nesta quarta-feira (23), via Mbank, a capitaliza\u00e7\u00e3o da MPagamentos S.A &#8211; Cr\u00e9dito, Financiamento e Investimento, no valor de R$ 30 milh\u00f5es, integralmente com recursos em caixa da companhia. Marisa (AMAR3). Foto: Divulga\u00e7\u00e3o Segundo fato relevante, a capitaliza\u00e7\u00e3o de hoje \u00e9 complementar aos R$ 90 milh\u00f5es aportados em abril [&hellip;]<\/p>\n","protected":false},"author":313,"featured_media":154150,"comment_status":"closed","ping_status":"closed","sticky":false,"template":"","format":"standard","meta":[],"categories":[64],"tags":[541],"suno_strategy":[],"class_list":["post-446334","post","type-post","status-publish","format-standard","has-post-thumbnail","hentry","category-negocios","tag-lojas-marisa-amar3"],"yoast_head":"<!-- This site is optimized with the Yoast SEO plugin v24.4 - https:\/\/yoast.com\/wordpress\/plugins\/seo\/ -->\n<title>Marisa (AMAR3) concluir\u00e1 capitaliza\u00e7\u00e3o da MPagamentos nesta quarta<\/title>\n<meta name=\"description\" content=\"A Marisa informou que concluir\u00e1 nesta quarta-feira (23) a capitaliza\u00e7\u00e3o da MPagamentos S.A - Cr\u00e9dito, Financiamento e Investimento.\" \/>\n<meta name=\"robots\" content=\"index, follow, max-snippet:-1, max-image-preview:large, max-video-preview:-1\" \/>\n<link rel=\"canonical\" href=\"https:\/\/www.suno.com.br\/noticias\/marisa-amar3-conclui-capitalizacao-mpagamentos-gpj\/\" \/>\n<meta property=\"og:locale\" content=\"pt_BR\" \/>\n<meta property=\"og:type\" content=\"article\" \/>\n<meta property=\"og:title\" content=\"Marisa (AMAR3) concluir\u00e1 capitaliza\u00e7\u00e3o da MPagamentos nesta quarta\" \/>\n<meta property=\"og:description\" content=\"A Marisa informou que concluir\u00e1 nesta quarta-feira (23) a capitaliza\u00e7\u00e3o da MPagamentos S.A - Cr\u00e9dito, Financiamento e Investimento.\" \/>\n<meta property=\"og:url\" content=\"https:\/\/www.suno.com.br\/noticias\/marisa-amar3-conclui-capitalizacao-mpagamentos-gpj\/\" \/>\n<meta property=\"og:site_name\" content=\"Suno Not\u00edcias\" \/>\n<meta property=\"article:publisher\" content=\"https:\/\/facebook.com\/sunoresearch\" \/>\n<meta property=\"og:image\" content=\"https:\/\/files.sunoresearch.com.br\/n\/uploads\/2021\/06\/3d482005-reproducao-site-lojas-marisa.jpg\" \/>\n\t<meta property=\"og:image:width\" content=\"1600\" \/>\n\t<meta property=\"og:image:height\" content=\"1200\" \/>\n\t<meta property=\"og:image:type\" content=\"image\/jpeg\" \/>\n<meta name=\"author\" content=\"Giovanni Porf\u00edrio Jacomino\" \/>\n<meta name=\"twitter:card\" content=\"summary_large_image\" \/>\n<meta name=\"twitter:creator\" content=\"@sunoresearch\" \/>\n<meta name=\"twitter:site\" content=\"@sunoresearch\" \/>\n<meta name=\"twitter:label1\" content=\"Escrito por\" \/>\n\t<meta name=\"twitter:data1\" content=\"Giovanni Porf\u00edrio Jacomino\" \/>\n\t<meta name=\"twitter:label2\" content=\"Est. tempo de leitura\" \/>\n\t<meta name=\"twitter:data2\" content=\"7 minutos\" \/>\n<script type=\"application\/ld+json\" class=\"yoast-schema-graph\">{\"@context\":\"https:\/\/schema.org\",\"@graph\":[{\"@type\":\"NewsArticle\",\"@id\":\"https:\/\/www.suno.com.br\/noticias\/marisa-amar3-conclui-capitalizacao-mpagamentos-gpj\/#article\",\"isPartOf\":{\"@id\":\"https:\/\/www.suno.com.br\/noticias\/marisa-amar3-conclui-capitalizacao-mpagamentos-gpj\/\"},\"author\":{\"name\":\"Giovanni Porf\u00edrio Jacomino\",\"@id\":\"https:\/\/www.suno.com.br\/noticias\/#\/schema\/person\/d0f32748bbca4bee871fa191ee4e2d40\"},\"headline\":\"Marisa (AMAR3) concluir\u00e1 capitaliza\u00e7\u00e3o de R$ 30 milh\u00f5es da MPagamentos nesta quarta\",\"datePublished\":\"2023-08-23T14:04:06+00:00\",\"dateModified\":\"2023-08-23T15:48:10+00:00\",\"mainEntityOfPage\":{\"@id\":\"https:\/\/www.suno.com.br\/noticias\/marisa-amar3-conclui-capitalizacao-mpagamentos-gpj\/\"},\"wordCount\":1199,\"publisher\":{\"@id\":\"https:\/\/www.suno.com.br\/noticias\/#organization\"},\"image\":{\"@id\":\"https:\/\/www.suno.com.br\/noticias\/marisa-amar3-conclui-capitalizacao-mpagamentos-gpj\/#primaryimage\"},\"thumbnailUrl\":\"https:\/\/files.sunoresearch.com.br\/n\/uploads\/2021\/06\/3d482005-reproducao-site-lojas-marisa-jpg.webp\",\"keywords\":[\"Lojas Marisa (AMAR3)\"],\"articleSection\":[\"Neg\u00f3cios\"],\"inLanguage\":\"pt-BR\"},{\"@type\":\"WebPage\",\"@id\":\"https:\/\/www.suno.com.br\/noticias\/marisa-amar3-conclui-capitalizacao-mpagamentos-gpj\/\",\"url\":\"https:\/\/www.suno.com.br\/noticias\/marisa-amar3-conclui-capitalizacao-mpagamentos-gpj\/\",\"name\":\"Marisa (AMAR3) concluir\u00e1 capitaliza\u00e7\u00e3o da MPagamentos nesta quarta\",\"isPartOf\":{\"@id\":\"https:\/\/www.suno.com.br\/noticias\/#website\"},\"primaryImageOfPage\":{\"@id\":\"https:\/\/www.suno.com.br\/noticias\/marisa-amar3-conclui-capitalizacao-mpagamentos-gpj\/#primaryimage\"},\"image\":{\"@id\":\"https:\/\/www.suno.com.br\/noticias\/marisa-amar3-conclui-capitalizacao-mpagamentos-gpj\/#primaryimage\"},\"thumbnailUrl\":\"https:\/\/files.sunoresearch.com.br\/n\/uploads\/2021\/06\/3d482005-reproducao-site-lojas-marisa-jpg.webp\",\"datePublished\":\"2023-08-23T14:04:06+00:00\",\"dateModified\":\"2023-08-23T15:48:10+00:00\",\"description\":\"A Marisa informou que concluir\u00e1 nesta quarta-feira (23) a capitaliza\u00e7\u00e3o da MPagamentos S.A - Cr\u00e9dito, Financiamento e Investimento.\",\"breadcrumb\":{\"@id\":\"https:\/\/www.suno.com.br\/noticias\/marisa-amar3-conclui-capitalizacao-mpagamentos-gpj\/#breadcrumb\"},\"inLanguage\":\"pt-BR\",\"potentialAction\":[{\"@type\":\"ReadAction\",\"target\":[\"https:\/\/www.suno.com.br\/noticias\/marisa-amar3-conclui-capitalizacao-mpagamentos-gpj\/\"]}]},{\"@type\":\"ImageObject\",\"inLanguage\":\"pt-BR\",\"@id\":\"https:\/\/www.suno.com.br\/noticias\/marisa-amar3-conclui-capitalizacao-mpagamentos-gpj\/#primaryimage\",\"url\":\"https:\/\/files.sunoresearch.com.br\/n\/uploads\/2021\/06\/3d482005-reproducao-site-lojas-marisa-jpg.webp\",\"contentUrl\":\"https:\/\/files.sunoresearch.com.br\/n\/uploads\/2021\/06\/3d482005-reproducao-site-lojas-marisa-jpg.webp\",\"width\":1600,\"height\":1200,\"caption\":\"Marisa (AMAR3). Foto: Divulga\u00e7\u00e3o\"},{\"@type\":\"BreadcrumbList\",\"@id\":\"https:\/\/www.suno.com.br\/noticias\/marisa-amar3-conclui-capitalizacao-mpagamentos-gpj\/#breadcrumb\",\"itemListElement\":[{\"@type\":\"ListItem\",\"position\":1,\"name\":\"Not\u00edcias\",\"item\":\"https:\/\/www.suno.com.br\/noticias\/\"},{\"@type\":\"ListItem\",\"position\":2,\"name\":\"Neg\u00f3cios\",\"item\":\"https:\/\/www.suno.com.br\/noticias\/negocios\/\"},{\"@type\":\"ListItem\",\"position\":3,\"name\":\"Marisa (AMAR3) concluir\u00e1 capitaliza\u00e7\u00e3o de R$ 30 milh\u00f5es da MPagamentos nesta quarta\"}]},{\"@type\":\"WebSite\",\"@id\":\"https:\/\/www.suno.com.br\/noticias\/#website\",\"url\":\"https:\/\/www.suno.com.br\/noticias\/\",\"name\":\"Suno Not\u00edcias\",\"description\":\"Seu portal de informa\u00e7\u00e3o sobre o mundo dos investimentos\",\"publisher\":{\"@id\":\"https:\/\/www.suno.com.br\/noticias\/#organization\"},\"potentialAction\":[{\"@type\":\"SearchAction\",\"target\":{\"@type\":\"EntryPoint\",\"urlTemplate\":\"https:\/\/www.suno.com.br\/noticias\/?s={search_term_string}\"},\"query-input\":{\"@type\":\"PropertyValueSpecification\",\"valueRequired\":true,\"valueName\":\"search_term_string\"}}],\"inLanguage\":\"pt-BR\"},{\"@type\":\"Organization\",\"@id\":\"https:\/\/www.suno.com.br\/noticias\/#organization\",\"name\":\"Suno Not\u00edcias\",\"url\":\"https:\/\/www.suno.com.br\/noticias\/\",\"logo\":{\"@type\":\"ImageObject\",\"inLanguage\":\"pt-BR\",\"@id\":\"https:\/\/www.suno.com.br\/noticias\/#\/schema\/logo\/image\/\",\"url\":\"https:\/\/files.sunoresearch.com.br\/n\/uploads\/2021\/09\/suno-logo.png\",\"contentUrl\":\"https:\/\/files.sunoresearch.com.br\/n\/uploads\/2021\/09\/suno-logo.png\",\"width\":180,\"height\":180,\"caption\":\"Suno Not\u00edcias\"},\"image\":{\"@id\":\"https:\/\/www.suno.com.br\/noticias\/#\/schema\/logo\/image\/\"},\"sameAs\":[\"https:\/\/facebook.com\/sunoresearch\",\"https:\/\/x.com\/sunoresearch\",\"https:\/\/www.instagram.com\/suno\",\"https:\/\/www.linkedin.com\/company\/suno-research\/\",\"https:\/\/www.youtube.com\/c\/sunoresearch\"]},{\"@type\":\"Person\",\"@id\":\"https:\/\/www.suno.com.br\/noticias\/#\/schema\/person\/d0f32748bbca4bee871fa191ee4e2d40\",\"name\":\"Giovanni Porf\u00edrio Jacomino\",\"image\":{\"@type\":\"ImageObject\",\"inLanguage\":\"pt-BR\",\"@id\":\"https:\/\/www.suno.com.br\/noticias\/#\/schema\/person\/image\/\",\"url\":\"https:\/\/secure.gravatar.com\/avatar\/efb32e19b730a121cb7a80f41ffec01a?s=96&r=g\",\"contentUrl\":\"https:\/\/secure.gravatar.com\/avatar\/efb32e19b730a121cb7a80f41ffec01a?s=96&r=g\",\"caption\":\"Giovanni Porf\u00edrio Jacomino\"},\"description\":\"Giovanni Porf\u00edrio Jacomino \u00e9 jornalista formado pela Universidade Estadual de Londrina (UEL) e p\u00f3s-graduado em Produ\u00e7\u00e3o e Pr\u00e1ticas Jornal\u00edsticas na Contemporaneidade na Faculdade C\u00e1sper L\u00edbero (FCL). Foi editor web no Startupi e no Finsiders, atuando ainda como editor no TC Mover, portal de not\u00edcias da TradersClub, fazendo a cobertura de assuntos relacionados ao mercado financeiro interno e externo. Atualmente, \u00e9 Rep\u00f3rter do Suno Not\u00edcias.\",\"url\":\"https:\/\/www.suno.com.br\/noticias\/author\/giovanni-porfiriosuno-com-br\/\"}]}<\/script>\n<!-- \/ Yoast SEO plugin. -->","yoast_head_json":{"title":"Marisa (AMAR3) concluir\u00e1 capitaliza\u00e7\u00e3o da MPagamentos nesta quarta","description":"A Marisa informou que concluir\u00e1 nesta quarta-feira (23) a capitaliza\u00e7\u00e3o da MPagamentos S.A - Cr\u00e9dito, Financiamento e Investimento.","robots":{"index":"index","follow":"follow","max-snippet":"max-snippet:-1","max-image-preview":"max-image-preview:large","max-video-preview":"max-video-preview:-1"},"canonical":"https:\/\/www.suno.com.br\/noticias\/marisa-amar3-conclui-capitalizacao-mpagamentos-gpj\/","og_locale":"pt_BR","og_type":"article","og_title":"Marisa (AMAR3) concluir\u00e1 capitaliza\u00e7\u00e3o da MPagamentos nesta quarta","og_description":"A Marisa informou que concluir\u00e1 nesta quarta-feira (23) a capitaliza\u00e7\u00e3o da MPagamentos S.A - Cr\u00e9dito, Financiamento e Investimento.","og_url":"https:\/\/www.suno.com.br\/noticias\/marisa-amar3-conclui-capitalizacao-mpagamentos-gpj\/","og_site_name":"Suno Not\u00edcias","article_publisher":"https:\/\/facebook.com\/sunoresearch","og_image":[{"width":1600,"height":1200,"url":"https:\/\/files.sunoresearch.com.br\/n\/uploads\/2021\/06\/3d482005-reproducao-site-lojas-marisa.jpg","type":"image\/jpeg"}],"author":"Giovanni Porf\u00edrio Jacomino","twitter_card":"summary_large_image","twitter_creator":"@sunoresearch","twitter_site":"@sunoresearch","twitter_misc":{"Escrito por":"Giovanni Porf\u00edrio Jacomino","Est. tempo de leitura":"7 minutos"},"schema":{"@context":"https:\/\/schema.org","@graph":[{"@type":"NewsArticle","@id":"https:\/\/www.suno.com.br\/noticias\/marisa-amar3-conclui-capitalizacao-mpagamentos-gpj\/#article","isPartOf":{"@id":"https:\/\/www.suno.com.br\/noticias\/marisa-amar3-conclui-capitalizacao-mpagamentos-gpj\/"},"author":{"name":"Giovanni Porf\u00edrio Jacomino","@id":"https:\/\/www.suno.com.br\/noticias\/#\/schema\/person\/d0f32748bbca4bee871fa191ee4e2d40"},"headline":"Marisa (AMAR3) concluir\u00e1 capitaliza\u00e7\u00e3o de R$ 30 milh\u00f5es da MPagamentos nesta quarta","datePublished":"2023-08-23T14:04:06+00:00","dateModified":"2023-08-23T15:48:10+00:00","mainEntityOfPage":{"@id":"https:\/\/www.suno.com.br\/noticias\/marisa-amar3-conclui-capitalizacao-mpagamentos-gpj\/"},"wordCount":1199,"publisher":{"@id":"https:\/\/www.suno.com.br\/noticias\/#organization"},"image":{"@id":"https:\/\/www.suno.com.br\/noticias\/marisa-amar3-conclui-capitalizacao-mpagamentos-gpj\/#primaryimage"},"thumbnailUrl":"https:\/\/files.sunoresearch.com.br\/n\/uploads\/2021\/06\/3d482005-reproducao-site-lojas-marisa-jpg.webp","keywords":["Lojas Marisa (AMAR3)"],"articleSection":["Neg\u00f3cios"],"inLanguage":"pt-BR"},{"@type":"WebPage","@id":"https:\/\/www.suno.com.br\/noticias\/marisa-amar3-conclui-capitalizacao-mpagamentos-gpj\/","url":"https:\/\/www.suno.com.br\/noticias\/marisa-amar3-conclui-capitalizacao-mpagamentos-gpj\/","name":"Marisa (AMAR3) concluir\u00e1 capitaliza\u00e7\u00e3o da MPagamentos nesta quarta","isPartOf":{"@id":"https:\/\/www.suno.com.br\/noticias\/#website"},"primaryImageOfPage":{"@id":"https:\/\/www.suno.com.br\/noticias\/marisa-amar3-conclui-capitalizacao-mpagamentos-gpj\/#primaryimage"},"image":{"@id":"https:\/\/www.suno.com.br\/noticias\/marisa-amar3-conclui-capitalizacao-mpagamentos-gpj\/#primaryimage"},"thumbnailUrl":"https:\/\/files.sunoresearch.com.br\/n\/uploads\/2021\/06\/3d482005-reproducao-site-lojas-marisa-jpg.webp","datePublished":"2023-08-23T14:04:06+00:00","dateModified":"2023-08-23T15:48:10+00:00","description":"A Marisa informou que concluir\u00e1 nesta quarta-feira (23) a capitaliza\u00e7\u00e3o da MPagamentos S.A - Cr\u00e9dito, Financiamento e Investimento.","breadcrumb":{"@id":"https:\/\/www.suno.com.br\/noticias\/marisa-amar3-conclui-capitalizacao-mpagamentos-gpj\/#breadcrumb"},"inLanguage":"pt-BR","potentialAction":[{"@type":"ReadAction","target":["https:\/\/www.suno.com.br\/noticias\/marisa-amar3-conclui-capitalizacao-mpagamentos-gpj\/"]}]},{"@type":"ImageObject","inLanguage":"pt-BR","@id":"https:\/\/www.suno.com.br\/noticias\/marisa-amar3-conclui-capitalizacao-mpagamentos-gpj\/#primaryimage","url":"https:\/\/files.sunoresearch.com.br\/n\/uploads\/2021\/06\/3d482005-reproducao-site-lojas-marisa-jpg.webp","contentUrl":"https:\/\/files.sunoresearch.com.br\/n\/uploads\/2021\/06\/3d482005-reproducao-site-lojas-marisa-jpg.webp","width":1600,"height":1200,"caption":"Marisa (AMAR3). Foto: Divulga\u00e7\u00e3o"},{"@type":"BreadcrumbList","@id":"https:\/\/www.suno.com.br\/noticias\/marisa-amar3-conclui-capitalizacao-mpagamentos-gpj\/#breadcrumb","itemListElement":[{"@type":"ListItem","position":1,"name":"Not\u00edcias","item":"https:\/\/www.suno.com.br\/noticias\/"},{"@type":"ListItem","position":2,"name":"Neg\u00f3cios","item":"https:\/\/www.suno.com.br\/noticias\/negocios\/"},{"@type":"ListItem","position":3,"name":"Marisa (AMAR3) concluir\u00e1 capitaliza\u00e7\u00e3o de R$ 30 milh\u00f5es da MPagamentos nesta quarta"}]},{"@type":"WebSite","@id":"https:\/\/www.suno.com.br\/noticias\/#website","url":"https:\/\/www.suno.com.br\/noticias\/","name":"Suno Not\u00edcias","description":"Seu portal de informa\u00e7\u00e3o sobre o mundo dos investimentos","publisher":{"@id":"https:\/\/www.suno.com.br\/noticias\/#organization"},"potentialAction":[{"@type":"SearchAction","target":{"@type":"EntryPoint","urlTemplate":"https:\/\/www.suno.com.br\/noticias\/?s={search_term_string}"},"query-input":{"@type":"PropertyValueSpecification","valueRequired":true,"valueName":"search_term_string"}}],"inLanguage":"pt-BR"},{"@type":"Organization","@id":"https:\/\/www.suno.com.br\/noticias\/#organization","name":"Suno Not\u00edcias","url":"https:\/\/www.suno.com.br\/noticias\/","logo":{"@type":"ImageObject","inLanguage":"pt-BR","@id":"https:\/\/www.suno.com.br\/noticias\/#\/schema\/logo\/image\/","url":"https:\/\/files.sunoresearch.com.br\/n\/uploads\/2021\/09\/suno-logo.png","contentUrl":"https:\/\/files.sunoresearch.com.br\/n\/uploads\/2021\/09\/suno-logo.png","width":180,"height":180,"caption":"Suno Not\u00edcias"},"image":{"@id":"https:\/\/www.suno.com.br\/noticias\/#\/schema\/logo\/image\/"},"sameAs":["https:\/\/facebook.com\/sunoresearch","https:\/\/x.com\/sunoresearch","https:\/\/www.instagram.com\/suno","https:\/\/www.linkedin.com\/company\/suno-research\/","https:\/\/www.youtube.com\/c\/sunoresearch"]},{"@type":"Person","@id":"https:\/\/www.suno.com.br\/noticias\/#\/schema\/person\/d0f32748bbca4bee871fa191ee4e2d40","name":"Giovanni Porf\u00edrio Jacomino","image":{"@type":"ImageObject","inLanguage":"pt-BR","@id":"https:\/\/www.suno.com.br\/noticias\/#\/schema\/person\/image\/","url":"https:\/\/secure.gravatar.com\/avatar\/efb32e19b730a121cb7a80f41ffec01a?s=96&r=g","contentUrl":"https:\/\/secure.gravatar.com\/avatar\/efb32e19b730a121cb7a80f41ffec01a?s=96&r=g","caption":"Giovanni Porf\u00edrio Jacomino"},"description":"Giovanni Porf\u00edrio Jacomino \u00e9 jornalista formado pela Universidade Estadual de Londrina (UEL) e p\u00f3s-graduado em Produ\u00e7\u00e3o e Pr\u00e1ticas Jornal\u00edsticas na Contemporaneidade na Faculdade C\u00e1sper L\u00edbero (FCL). Foi editor web no Startupi e no Finsiders, atuando ainda como editor no TC Mover, portal de not\u00edcias da TradersClub, fazendo a cobertura de assuntos relacionados ao mercado financeiro interno e externo. Atualmente, \u00e9 Rep\u00f3rter do Suno Not\u00edcias.","url":"https:\/\/www.suno.com.br\/noticias\/author\/giovanni-porfiriosuno-com-br\/"}]}},"default_loop_html":"<div class=\"cardsPage__listCard__boxs\"><div class=\"cardsPage__listCard__boxs__img\"><a href=\"https:\/\/www.suno.com.br\/noticias\/marisa-amar3-conclui-capitalizacao-mpagamentos-gpj\/\"><img class=\"mask\" src=\"https:\/\/www.suno.com.br\/noticias\/wp-content\/themes\/suno\/resources\/images\/spotlight\/spotlight1img\/bg-mask.png\" alt=\"Image Mask\"\/><img src=\"https:\/\/files.sunoresearch.com.br\/n\/uploads\/2021\/06\/3d482005-reproducao-site-lojas-marisa-400x200.webp\" alt=\"Marisa (AMAR3) concluir\u00e1 capitaliza\u00e7\u00e3o de R$ 30 milh\u00f5es da MPagamentos nesta quarta\"\/><\/a><span class=\"spotlightCategory\"><a href=\"https:\/\/www.suno.com.br\/noticias\/negocios\/\">Neg\u00f3cios<\/a><\/span><\/div><div class=\"cardsPage__listCard__boxs__content\"><a href=\"https:\/\/www.suno.com.br\/noticias\/marisa-amar3-conclui-capitalizacao-mpagamentos-gpj\/\"><h2 class=\"content__title\">Marisa (AMAR3) concluir\u00e1 capitaliza\u00e7\u00e3o de R$ 30 milh\u00f5es da MPagamentos nesta quarta<\/h2><\/a><div class=\"newsContent__article__meta\"><div class=\"newsContent__article__meta__authorBox\"><a href=\"https:\/\/www.suno.com.br\/noticias\/author\/giovanni-porfiriosuno-com-br\/\" class=\"authorBox__avatar noMobi\"><img src=\"https:\/\/files.sunoresearch.com.br\/n\/uploads\/2024\/05\/DSCF4115-1-1-150x150.webp\" alt=\"Giovanni Porf\u00edrio Jacomino\"><\/a><div class=\"authorBox__name\"><span>por\n\t\t\t<a href=\"https:\/\/www.suno.com.br\/noticias\/author\/giovanni-porfiriosuno-com-br\/\"><span itemprop=\"author\">Giovanni Porf\u00edrio Jacomino<\/span><\/a><\/span><time datetime=\"2023-08-23T11:04:06-03:00\" itemprop=\"datePublished\">23\/08\/2023 11:04<\/time><\/div><\/div><\/div><\/div><\/div>","single_layout":"posts","amp_enabled":true,"_links":{"self":[{"href":"https:\/\/www.suno.com.br\/noticias\/wp-json\/wp\/v2\/posts\/446334"}],"collection":[{"href":"https:\/\/www.suno.com.br\/noticias\/wp-json\/wp\/v2\/posts"}],"about":[{"href":"https:\/\/www.suno.com.br\/noticias\/wp-json\/wp\/v2\/types\/post"}],"author":[{"embeddable":true,"href":"https:\/\/www.suno.com.br\/noticias\/wp-json\/wp\/v2\/users\/313"}],"replies":[{"embeddable":true,"href":"https:\/\/www.suno.com.br\/noticias\/wp-json\/wp\/v2\/comments?post=446334"}],"version-history":[{"count":2,"href":"https:\/\/www.suno.com.br\/noticias\/wp-json\/wp\/v2\/posts\/446334\/revisions"}],"predecessor-version":[{"id":446400,"href":"https:\/\/www.suno.com.br\/noticias\/wp-json\/wp\/v2\/posts\/446334\/revisions\/446400"}],"wp:featuredmedia":[{"embeddable":true,"href":"https:\/\/www.suno.com.br\/noticias\/wp-json\/wp\/v2\/media\/154150"}],"wp:attachment":[{"href":"https:\/\/www.suno.com.br\/noticias\/wp-json\/wp\/v2\/media?parent=446334"}],"wp:term":[{"taxonomy":"category","embeddable":true,"href":"https:\/\/www.suno.com.br\/noticias\/wp-json\/wp\/v2\/categories?post=446334"},{"taxonomy":"post_tag","embeddable":true,"href":"https:\/\/www.suno.com.br\/noticias\/wp-json\/wp\/v2\/tags?post=446334"},{"taxonomy":"suno_strategy","embeddable":true,"href":"https:\/\/www.suno.com.br\/noticias\/wp-json\/wp\/v2\/suno_strategy?post=446334"}],"curies":[{"name":"wp","href":"https:\/\/api.w.org\/{rel}","templated":true}]}}