{"id":446288,"date":"2023-08-23T10:26:29","date_gmt":"2023-08-23T13:26:29","guid":{"rendered":"https:\/\/www.suno.com.br\/noticias\/?p=446288"},"modified":"2023-08-23T10:26:36","modified_gmt":"2023-08-23T13:26:36","slug":"destaques-petrobras-petr4-taesa-e-mais-va","status":"publish","type":"post","link":"https:\/\/www.suno.com.br\/noticias\/destaques-petrobras-petr4-taesa-e-mais-va\/","title":{"rendered":"Petrobras (PETR4), Taesa (TAEE11) e Eletrobras (ELET3) protagonizam mercado nesta quarta; veja destaques"},"content":{"rendered":"<p>A informa\u00e7\u00e3o sobre a <strong>Petrobras <\/strong>(PETR4) que deixar\u00e1 de focar no pr\u00e9-sal para mirar em ativos rent\u00e1veis \u00e9 um dos destaques desta quarta-feira (23).<\/p>\t<div class=\"wrapper-featured-image\">\n\t\t<figure class=\"spotlightImg\">\n\n\t\t\t<picture>\n\t\t\t\t<source media=\"(max-width: 768px)\" srcset=\"https:\/\/files.sunoresearch.com.br\/n\/uploads\/2023\/08\/adam-smigielski-K5mPtONmpHM-unsplash-e1692194547703-400x200.jpg\">\n\t\t\t\t<img loading=\"lazy\" decoding=\"async\" class=\"newsContent__article__imgCapa lazyloadDisabled \" src=\"https:\/\/files.sunoresearch.com.br\/n\/uploads\/2023\/08\/adam-smigielski-K5mPtONmpHM-unsplash-e1692194547703-800x450.jpg\" width=\"800\" height=\"450\" alt=\"Petrobras (PETR4), Taesa (TAEE11) e Eletrobras (ELET3) protagonizam mercado nesta quarta; veja destaques\" fetchpriority=high \/>\n\t\t\t<\/picture>\n\n\t\t\t<figcaption class=\"wp-caption-text wp-caption-text--show\">Ibovespa. Foto: Unsplash<\/figcaption>\n\t\t<\/figure>\n\t<\/div>\n\n\n\n\n\n\t<p>\n\t\t<a href=\"https:\/\/lp.suno.com.br\/planilha-da-vida-financeira\/\" target=\"_blank\" data-element=\"shortcode-suno-banner\" title=\"Banner SUNO, clique e saiba mais\">\n\t\t\t<picture>\n\t\t\t\t<source media=\"(max-width: 500px)\" srcset=\"https:\/\/files.sunoresearch.com.br\/n\/uploads\/2023\/04\/400x300-Planilha-vida-financeira-true.png\">\n\t\t\t\t<img class=\"newsContent__article__imgCapa newsContent__article__imgCapa--banner\"\n\t\t\t\t\tsrc=\"https:\/\/files.sunoresearch.com.br\/n\/uploads\/2023\/04\/1420x240-Planilha-vida-financeira-true.png\"\n\t\t\t\t\tdata-promo-id=\"106682\"\t\t\t\t\t\t\t\t\t\twidth='1420' height='240'\t\t\t\t\talt=\"https:\/\/files.sunoresearch.com.br\/n\/uploads\/2023\/04\/1420x240-Planilha-vida-financeira-true.png\"\n\t\t\t\t>\n\t\t\t<\/picture>\n\t\t<\/a>\n\t<\/p>\n\n\n\n\n\n<p>Tamb\u00e9m est\u00e1 entre os <strong>destaques do <a class=\"suno-keyword\" data-force=\"no\" data-priority=\"2\" href=\"https:\/\/www.suno.com.br\/guias\/mercado-financeiro\/\" target=\"_blank\" rel=\"noopener\">mercado financeiro<\/a> <\/strong>a <a class=\"suno-keyword\" data-force=\"yes\" data-priority=\"2\" href=\"https:\/\/www.suno.com.br\/acoes\/TAEE11\/\" target=\"_blank\" rel=\"noopener\">Taesa (TAEE11)<\/a>, ap\u00f3s obter licen\u00e7a pr\u00e9via do Estado do Paran\u00e1 para o trecho Bateias\u2013 Curitiba Leste.<\/p>\n\n\n\n\n\n<p>A <a class=\"suno-keyword\" target=\"_blank\" data-force=\"yes\" data-priority=\"2\" href=\"https:\/\/www.suno.com.br\/acoes\/ELET3\/\" rel=\"noopener\">Eletrobras (ELET3)<\/a> tamb\u00e9m \u00e9 destaque hoje, depois de iniciar os estudos preliminares para avaliar a possibilidade de integra\u00e7\u00e3o das opera\u00e7\u00f5es entre a companhia e a sua subsidi\u00e1ria integral Furnas.<\/p>\n\n\n\n<p>Veja os <strong>destaques do mercado financeiro<\/strong> de hoje:<\/p>\n\n\n\n<h2 class=\"wp-block-heading\">Petrobras<\/h2>\n\n\n\n<p>O diretor de Explora\u00e7\u00e3o e Petr\u00f3leo da <a class=\"suno-keyword\" data-force=\"yes\" data-priority=\"2\" href=\"https:\/\/www.suno.com.br\/acoes\/PETR4\/\" target=\"_blank\" rel=\"noopener\">Petrobras (<strong>PETR4<\/strong>)<\/a>, Joelson Falc\u00e3o Mendes, afirmou que o foco da estatal n\u00e3o ser\u00e1 mais exclusivamente nas reservas de pr\u00e9-sal, mas sim na otimiza\u00e7\u00e3o do seu desenvolvimento produtivo, mirando ativos rent\u00e1veis no geral, tanto em terra firme (onshore) quanto em \u00e1guas rasas.<\/p>\n\n\n\n<p>A afirma\u00e7\u00e3o, feita durante a 24\u00aa Confer\u00eancia Anual do Santander, ocorreu no \u00e2mbito da mudan\u00e7a em curso na estrat\u00e9gia da Petrobras para a continuidade da sua linha de explora\u00e7\u00e3o de petr\u00f3leo.<\/p>\n\n\n\t<div data-element=\"shortcode-read-more\" class=\"knowMore\">\n\t\t\t\t<span class=\"knowMore__title\">Leia mais<\/span>\n\t\t\t\t<a class=\"knowMore__link\" href=\"https:\/\/www.suno.com.br\/noticias\/petrobras-petr4-pre-sal-ativos-rentaveis-gpj\/\">\n\t\t\tPetrobras (PETR4) deixar\u00e1 de focar no pr\u00e9-sal para mirar em ativos rent\u00e1veis, diz diretor\t\t<\/a>\n\t<\/div>\n\n\n\n\n<h2 class=\"wp-block-heading\">Taesa<\/h2>\n\n\n\n<p>A <strong>Taesa (TAEE11)<\/strong> comunicou que o Instituto \u00c1gua e Terra da Secretaria de Estado do Desenvolvimento Sustent\u00e1vel do Estado do Paran\u00e1 concedeu licen\u00e7a pr\u00e9via para a companhia operar como transmissora no trecho Bateias-Curitiba Leste (C1\/C2).<\/p>\n\n\n\t<div data-element=\"shortcode-read-more\" class=\"knowMore\">\n\t\t\t\t<span class=\"knowMore__title\">Leia mais<\/span>\n\t\t\t\t<a class=\"knowMore__link\" href=\"https:\/\/www.suno.com.br\/noticias\/taesa-taee11-ganha-sinal-verde-parana-ananai-evm\/\">\n\t\t\tTaesa (TAEE11) ganha &#039;sinal verde&#039; para operar no Paran\u00e1\t\t<\/a>\n\t<\/div>\n\n\n\n\n<h2 class=\"wp-block-heading\">Eletrobras<\/h2>\n\n\n\n<p>A <a class=\"suno-keyword\" data-force=\"yes\" data-priority=\"2\" href=\"https:\/\/www.suno.com.br\/acoes\/ELET3\/\" target=\"_blank\" rel=\"noopener\"><strong>Eletrobras (ELET3)<\/strong><\/a> informou que iniciou os estudos preliminares para avaliar a possibilidade de integra\u00e7\u00e3o das opera\u00e7\u00f5es entre a companhia e a sua subsidi\u00e1ria integral Furnas.<\/p>\n\n\n\n<p>Em <a class=\"suno-keyword\" data-force=\"no\" data-priority=\"1\" href=\"https:\/\/www.suno.com.br\/artigos\/fato-relevante\/\" target=\"_blank\" rel=\"noopener\">fato relevante<\/a>, a Eletrobras informou que tal medida faz parte da iniciativa de simplifica\u00e7\u00e3o da estrutura societ\u00e1ria e de governan\u00e7a prevista em seu Planejamento Estrat\u00e9gico.<\/p>\n\n\n\t<div data-element=\"shortcode-read-more\" class=\"knowMore\">\n\t\t\t\t<span class=\"knowMore__title\">Leia mais<\/span>\n\t\t\t\t<a class=\"knowMore__link\" href=\"https:\/\/www.suno.com.br\/noticias\/eletrobras-elet3-estudos-integracao-furnas-gpj\/\">\n\t\t\tEletrobras (ELET3) inicia estudos para avaliar integra\u00e7\u00e3o de Furnas\t\t<\/a>\n\t<\/div>\n\n\n\n\n<h2 class=\"wp-block-heading\">BTG Pactual <\/h2>\n\n\n\n<p>O <strong>BTG Pactual<\/strong> informou que adquiriu 100% do capital da gestora e DTVM da <strong>Magnetis<\/strong>, empresa de tecnologia financeira. Segundo o banco, a aquisi\u00e7\u00e3o visa acesso a um conjunto de solu\u00e7\u00f5es de tecnologia para plataformas digitais. O valor n\u00e3o foi revelado.<\/p>\n\n\n\n<h2 class=\"wp-block-heading\">Iguatemi<\/h2>\n\n\n\n<p>O <strong>Iguatemi (IGTI11)<\/strong> comunicou seus acionistas e ao mercado em geral que a Fitch Ratings concedeu \u00e0 companhia , em 22 de agosto de 2023, o rating nacional de longo prrazo &#8216;AAA(bra)&#8217;.<\/p>\n\n\n\t<p>\n\t\t<a href=\"https:\/\/lp.suno.com.br\/ebook-como-analisar-uma-acao\/\" target=\"_blank\" data-element=\"shortcode-suno-banner\" title=\"Banner SUNO, clique e saiba mais\">\n\t\t\t<picture>\n\t\t\t\t<source media=\"(max-width: 500px)\" srcset=\"https:\/\/files.sunoresearch.com.br\/n\/uploads\/2023\/03\/Ebook-Acoes-Mobile.jpg\">\n\t\t\t\t<img class=\"newsContent__article__imgCapa newsContent__article__imgCapa--banner\"\n\t\t\t\t\tsrc=\"https:\/\/files.sunoresearch.com.br\/n\/uploads\/2023\/03\/Ebook-Acoes-Desktop.jpg\"\n\t\t\t\t\tdata-promo-id=\"378302\"\t\t\t\t\t\t\t\t\t\twidth='1420' height='286'\t\t\t\t\talt=\"https:\/\/files.sunoresearch.com.br\/n\/uploads\/2023\/03\/Ebook-Acoes-Desktop.jpg\"\n\t\t\t\t>\n\t\t\t<\/picture>\n\t\t<\/a>\n\t<\/p>\n\n\n\n\n\n<p>Segundo a Fitch, o rating da Iguatemi reflete sua destacada posi\u00e7\u00e3o consolidada de neg\u00f3cios como uma das principais operadoras de shopping centers no Brasil.<\/p>\n\n\n\n<h2 class=\"wp-block-heading\">Vibra<\/h2>\n\n\n\n<p>Em <a class=\"suno-keyword\" data-force=\"no\" data-priority=\"1\" href=\"https:\/\/www.suno.com.br\/artigos\/fato-relevante\/\" target=\"_blank\" rel=\"noopener\">fato relevante<\/a>, a <a class=\"suno-keyword\" data-force=\"yes\" data-priority=\"2\" href=\"https:\/\/www.suno.com.br\/acoes\/vbbr3\/\" target=\"_blank\" rel=\"noopener\"><strong>Vibra (VBBR3)<\/strong><\/a> comunicou que recebeu um valor de R$ 41.183.574,77 da Companhia de G\u00e1s do Esp\u00edrito Santo \u2013 Es G\u00e1s, a t\u00edtulo de <a class=\"suno-keyword\" data-force=\"no\" data-priority=\"1\" href=\"https:\/\/www.suno.com.br\/guias\/dividendos\/\" target=\"_blank\" rel=\"noopener\">dividendos<\/a> do per\u00edodo at\u00e9 30\/06\/2023, em decorr\u00eancia do disposto no Edital do leil\u00e3o n\u00ba 01\/2023 e no contrato de compra e venda celebrado em 03 de julho de 2023.<\/p>\n\n\n\n<h2 class=\"wp-block-heading\">Minerva<\/h2>\n\n\n\n<p>A <a class=\"suno-keyword\" data-force=\"yes\" data-priority=\"2\" href=\"https:\/\/www.suno.com.br\/acoes\/BEEF3\/\" target=\"_blank\" rel=\"noopener\"><strong>Minerva (BEEF3)<\/strong><\/a> comunicou que a T. Rowe Price Associates aumentou a participa\u00e7\u00e3o acion\u00e1ria para 31.375.584 <a class=\"suno-keyword\" data-force=\"no\" data-priority=\"1\" href=\"https:\/\/www.suno.com.br\/artigos\/o-que-sao-acoes-ordinarias-preferenciais-e-units\/\" target=\"_blank\" rel=\"noopener\">a\u00e7\u00f5es ordin\u00e1rias<\/a>, representativas de 5,17% das a\u00e7\u00f5es de emiss\u00e3o da companhia.<\/p>\n\n\n\n<h2 class=\"wp-block-heading\">EDP Brasil<\/h2>\n\n\n\n<p>A <a class=\"suno-keyword\" data-force=\"yes\" data-priority=\"2\" href=\"https:\/\/www.suno.com.br\/acoes\/ENBR3\/\" target=\"_blank\" rel=\"noopener\"><strong>EDP Brasil (ENBR3)<\/strong><\/a> anunciou que a Comiss\u00e3o de Valores Mobili\u00e1rios (CVM) deferiu a convers\u00e3o do registro da companhia para categoria \u201cB\u201d, de \u201cA\u201d anteriormente, fazendo com que as a\u00e7\u00f5es deixem de ser negociadas na B3.<\/p>\n\n\n\n<p>Os destaques do <a class=\"suno-keyword\" target=\"_blank\" data-force=\"no\" data-priority=\"2\" href=\"https:\/\/www.suno.com.br\/guias\/mercado-financeiro\/\" rel=\"noopener\">mercado financeiro<\/a> do Suno Not\u00edcias mostram os principais acontecimentos que prometem movimentar o mercado durante o dia, como a<strong> Petrobras<\/strong> (PETR4), que deve estar no foco dos investidores ao longo do dia.<\/p>\n\n\n\t<p>\n\t\t<a href=\"https:\/\/lp.suno.com.br\/planilha-da-vida-financeira\/\" target=\"_blank\" data-element=\"shortcode-suno-banner\" title=\"Banner SUNO, clique e saiba mais\">\n\t\t\t<picture>\n\t\t\t\t<source media=\"(max-width: 500px)\" srcset=\"https:\/\/files.sunoresearch.com.br\/n\/uploads\/2023\/04\/400x300-Planilha-vida-financeira-true.png\">\n\t\t\t\t<img class=\"newsContent__article__imgCapa newsContent__article__imgCapa--banner\"\n\t\t\t\t\tsrc=\"https:\/\/files.sunoresearch.com.br\/n\/uploads\/2023\/04\/1420x240-Planilha-vida-financeira-true.png\"\n\t\t\t\t\tdata-promo-id=\"383123\"\t\t\t\t\t\t\t\t\t\twidth='1420' height='240'\t\t\t\t\talt=\"https:\/\/files.sunoresearch.com.br\/n\/uploads\/2023\/04\/1420x240-Planilha-vida-financeira-true.png\"\n\t\t\t\t>\n\t\t\t<\/picture>\n\t\t<\/a>\n\t<\/p>\n\n\n","protected":false},"excerpt":{"rendered":"<p>A informa\u00e7\u00e3o sobre a Petrobras (PETR4) que deixar\u00e1 de focar no pr\u00e9-sal para mirar em ativos rent\u00e1veis \u00e9 um dos destaques desta quarta-feira (23). Ibovespa. Foto: Unsplash Tamb\u00e9m est\u00e1 entre os destaques do mercado financeiro a Taesa (TAEE11), ap\u00f3s obter licen\u00e7a pr\u00e9via do Estado do Paran\u00e1 para o trecho Bateias\u2013 Curitiba Leste. A Eletrobras (ELET3) [&hellip;]<\/p>\n","protected":false},"author":301,"featured_media":443536,"comment_status":"closed","ping_status":"closed","sticky":false,"template":"","format":"standard","meta":[],"categories":[60],"tags":[286,399,1207,455,505,563,595,649,596],"suno_strategy":[],"class_list":["post-446288","post","type-post","status-publish","format-standard","has-post-thumbnail","hentry","category-mercado","tag-acoes","tag-btg-pactual-bpac11-bpac3-bpac5","tag-edp-brasil-enbr3","tag-eletrobras-elet3-elet5-elet6","tag-iguatemi-igta3","tag-minerva-beef11-beef3","tag-petrobras-petr4","tag-taesa-taee11-taee3-taee4","tag-vibra-energia-vbbr3"],"yoast_head":"<!-- This site is optimized with the Yoast SEO plugin v24.4 - https:\/\/yoast.com\/wordpress\/plugins\/seo\/ -->\n<title>Petrobras (PETR4) e Taesa (TAEE11) protagonizam mercado nesta quarta<\/title>\n<meta name=\"description\" content=\"A not\u00edcia sobre a Petrobras que deixar\u00e1 de focar no pr\u00e9-sal para mirar em ativos rent\u00e1veis \u00e9 um dos destaques desta quarta-feira (23).\" \/>\n<meta name=\"robots\" content=\"index, follow, max-snippet:-1, max-image-preview:large, max-video-preview:-1\" \/>\n<link rel=\"canonical\" href=\"https:\/\/www.suno.com.br\/noticias\/destaques-petrobras-petr4-taesa-e-mais-va\/\" \/>\n<meta property=\"og:locale\" content=\"pt_BR\" \/>\n<meta property=\"og:type\" content=\"article\" \/>\n<meta property=\"og:title\" content=\"Petrobras (PETR4) e Taesa (TAEE11) protagonizam mercado nesta quarta\" \/>\n<meta property=\"og:description\" content=\"A not\u00edcia sobre a Petrobras que deixar\u00e1 de focar no pr\u00e9-sal para mirar em ativos rent\u00e1veis \u00e9 um dos destaques desta quarta-feira (23).\" \/>\n<meta property=\"og:url\" content=\"https:\/\/www.suno.com.br\/noticias\/destaques-petrobras-petr4-taesa-e-mais-va\/\" \/>\n<meta property=\"og:site_name\" content=\"Suno Not\u00edcias\" \/>\n<meta property=\"article:publisher\" content=\"https:\/\/facebook.com\/sunoresearch\" \/>\n<meta property=\"og:image\" content=\"https:\/\/files.sunoresearch.com.br\/n\/uploads\/2023\/08\/adam-smigielski-K5mPtONmpHM-unsplash-e1692194547703.jpg\" \/>\n\t<meta property=\"og:image:width\" content=\"1200\" \/>\n\t<meta property=\"og:image:height\" content=\"800\" \/>\n\t<meta property=\"og:image:type\" content=\"image\/jpeg\" \/>\n<meta name=\"author\" content=\"Vin\u00edcius Alves\" \/>\n<meta name=\"twitter:card\" content=\"summary_large_image\" \/>\n<meta name=\"twitter:creator\" content=\"@sunoresearch\" \/>\n<meta name=\"twitter:site\" content=\"@sunoresearch\" \/>\n<meta name=\"twitter:label1\" content=\"Escrito por\" \/>\n\t<meta name=\"twitter:data1\" content=\"Vin\u00edcius Alves\" \/>\n\t<meta name=\"twitter:label2\" content=\"Est. tempo de leitura\" \/>\n\t<meta name=\"twitter:data2\" content=\"3 minutos\" \/>\n<script type=\"application\/ld+json\" class=\"yoast-schema-graph\">{\"@context\":\"https:\/\/schema.org\",\"@graph\":[{\"@type\":\"NewsArticle\",\"@id\":\"https:\/\/www.suno.com.br\/noticias\/destaques-petrobras-petr4-taesa-e-mais-va\/#article\",\"isPartOf\":{\"@id\":\"https:\/\/www.suno.com.br\/noticias\/destaques-petrobras-petr4-taesa-e-mais-va\/\"},\"author\":{\"name\":\"Vin\u00edcius Alves\",\"@id\":\"https:\/\/www.suno.com.br\/noticias\/#\/schema\/person\/4a180549702d0e236b3e420862bcded3\"},\"headline\":\"Petrobras (PETR4), Taesa (TAEE11) e Eletrobras (ELET3) protagonizam mercado nesta quarta; veja destaques\",\"datePublished\":\"2023-08-23T13:26:29+00:00\",\"dateModified\":\"2023-08-23T13:26:36+00:00\",\"mainEntityOfPage\":{\"@id\":\"https:\/\/www.suno.com.br\/noticias\/destaques-petrobras-petr4-taesa-e-mais-va\/\"},\"wordCount\":578,\"publisher\":{\"@id\":\"https:\/\/www.suno.com.br\/noticias\/#organization\"},\"image\":{\"@id\":\"https:\/\/www.suno.com.br\/noticias\/destaques-petrobras-petr4-taesa-e-mais-va\/#primaryimage\"},\"thumbnailUrl\":\"https:\/\/files.sunoresearch.com.br\/n\/uploads\/2023\/08\/adam-smigielski-K5mPtONmpHM-unsplash-e1692194547703.jpg\",\"keywords\":[\"A\u00e7\u00f5es\",\"BTG Pactual (BPAC11\/BPAC3\/BPAC5)\",\"EDP Brasil (ENBR3)\",\"Eletrobras (ELET3\/ELET5\/ELET6)\",\"Iguatemi (IGTA3)\",\"Minerva (BEEF11\/BEEF3)\",\"Petrobras (PETR4)\",\"Taesa (TAEE11\/TAEE3\/TAEE4)\",\"Vibra Energia (VBBR3)\"],\"articleSection\":[\"Mercado\"],\"inLanguage\":\"pt-BR\"},{\"@type\":\"WebPage\",\"@id\":\"https:\/\/www.suno.com.br\/noticias\/destaques-petrobras-petr4-taesa-e-mais-va\/\",\"url\":\"https:\/\/www.suno.com.br\/noticias\/destaques-petrobras-petr4-taesa-e-mais-va\/\",\"name\":\"Petrobras (PETR4) e Taesa (TAEE11) protagonizam mercado nesta quarta\",\"isPartOf\":{\"@id\":\"https:\/\/www.suno.com.br\/noticias\/#website\"},\"primaryImageOfPage\":{\"@id\":\"https:\/\/www.suno.com.br\/noticias\/destaques-petrobras-petr4-taesa-e-mais-va\/#primaryimage\"},\"image\":{\"@id\":\"https:\/\/www.suno.com.br\/noticias\/destaques-petrobras-petr4-taesa-e-mais-va\/#primaryimage\"},\"thumbnailUrl\":\"https:\/\/files.sunoresearch.com.br\/n\/uploads\/2023\/08\/adam-smigielski-K5mPtONmpHM-unsplash-e1692194547703.jpg\",\"datePublished\":\"2023-08-23T13:26:29+00:00\",\"dateModified\":\"2023-08-23T13:26:36+00:00\",\"description\":\"A not\u00edcia sobre a Petrobras que deixar\u00e1 de focar no pr\u00e9-sal para mirar em ativos rent\u00e1veis \u00e9 um dos destaques desta quarta-feira (23).\",\"breadcrumb\":{\"@id\":\"https:\/\/www.suno.com.br\/noticias\/destaques-petrobras-petr4-taesa-e-mais-va\/#breadcrumb\"},\"inLanguage\":\"pt-BR\",\"potentialAction\":[{\"@type\":\"ReadAction\",\"target\":[\"https:\/\/www.suno.com.br\/noticias\/destaques-petrobras-petr4-taesa-e-mais-va\/\"]}]},{\"@type\":\"ImageObject\",\"inLanguage\":\"pt-BR\",\"@id\":\"https:\/\/www.suno.com.br\/noticias\/destaques-petrobras-petr4-taesa-e-mais-va\/#primaryimage\",\"url\":\"https:\/\/files.sunoresearch.com.br\/n\/uploads\/2023\/08\/adam-smigielski-K5mPtONmpHM-unsplash-e1692194547703.jpg\",\"contentUrl\":\"https:\/\/files.sunoresearch.com.br\/n\/uploads\/2023\/08\/adam-smigielski-K5mPtONmpHM-unsplash-e1692194547703.jpg\",\"width\":1200,\"height\":800,\"caption\":\"Ibovespa. Foto: Unsplash\"},{\"@type\":\"BreadcrumbList\",\"@id\":\"https:\/\/www.suno.com.br\/noticias\/destaques-petrobras-petr4-taesa-e-mais-va\/#breadcrumb\",\"itemListElement\":[{\"@type\":\"ListItem\",\"position\":1,\"name\":\"Not\u00edcias\",\"item\":\"https:\/\/www.suno.com.br\/noticias\/\"},{\"@type\":\"ListItem\",\"position\":2,\"name\":\"Mercado\",\"item\":\"https:\/\/www.suno.com.br\/noticias\/mercado\/\"},{\"@type\":\"ListItem\",\"position\":3,\"name\":\"Petrobras (PETR4), Taesa (TAEE11) e Eletrobras (ELET3) protagonizam mercado nesta quarta; veja destaques\"}]},{\"@type\":\"WebSite\",\"@id\":\"https:\/\/www.suno.com.br\/noticias\/#website\",\"url\":\"https:\/\/www.suno.com.br\/noticias\/\",\"name\":\"Suno Not\u00edcias\",\"description\":\"Seu portal de informa\u00e7\u00e3o sobre o mundo dos investimentos\",\"publisher\":{\"@id\":\"https:\/\/www.suno.com.br\/noticias\/#organization\"},\"potentialAction\":[{\"@type\":\"SearchAction\",\"target\":{\"@type\":\"EntryPoint\",\"urlTemplate\":\"https:\/\/www.suno.com.br\/noticias\/?s={search_term_string}\"},\"query-input\":{\"@type\":\"PropertyValueSpecification\",\"valueRequired\":true,\"valueName\":\"search_term_string\"}}],\"inLanguage\":\"pt-BR\"},{\"@type\":\"Organization\",\"@id\":\"https:\/\/www.suno.com.br\/noticias\/#organization\",\"name\":\"Suno Not\u00edcias\",\"url\":\"https:\/\/www.suno.com.br\/noticias\/\",\"logo\":{\"@type\":\"ImageObject\",\"inLanguage\":\"pt-BR\",\"@id\":\"https:\/\/www.suno.com.br\/noticias\/#\/schema\/logo\/image\/\",\"url\":\"https:\/\/files.sunoresearch.com.br\/n\/uploads\/2021\/09\/suno-logo.png\",\"contentUrl\":\"https:\/\/files.sunoresearch.com.br\/n\/uploads\/2021\/09\/suno-logo.png\",\"width\":180,\"height\":180,\"caption\":\"Suno Not\u00edcias\"},\"image\":{\"@id\":\"https:\/\/www.suno.com.br\/noticias\/#\/schema\/logo\/image\/\"},\"sameAs\":[\"https:\/\/facebook.com\/sunoresearch\",\"https:\/\/x.com\/sunoresearch\",\"https:\/\/www.instagram.com\/suno\",\"https:\/\/www.linkedin.com\/company\/suno-research\/\",\"https:\/\/www.youtube.com\/c\/sunoresearch\"]},{\"@type\":\"Person\",\"@id\":\"https:\/\/www.suno.com.br\/noticias\/#\/schema\/person\/4a180549702d0e236b3e420862bcded3\",\"name\":\"Vin\u00edcius Alves\",\"image\":{\"@type\":\"ImageObject\",\"inLanguage\":\"pt-BR\",\"@id\":\"https:\/\/www.suno.com.br\/noticias\/#\/schema\/person\/image\/\",\"url\":\"https:\/\/secure.gravatar.com\/avatar\/a95b7fe6d1b813f7907d4f476d5a39e1?s=96&r=g\",\"contentUrl\":\"https:\/\/secure.gravatar.com\/avatar\/a95b7fe6d1b813f7907d4f476d5a39e1?s=96&r=g\",\"caption\":\"Vin\u00edcius Alves\"},\"description\":\"Jornalista formado na Faculdade C\u00e1sper L\u00edbero. Com passagens pela Ag\u00eancia Estado, InfoMoney e Editora Globo.\",\"url\":\"https:\/\/www.suno.com.br\/noticias\/author\/vini08correiagmail-com\/\"}]}<\/script>\n<!-- \/ Yoast SEO plugin. -->","yoast_head_json":{"title":"Petrobras (PETR4) e Taesa (TAEE11) protagonizam mercado nesta quarta","description":"A not\u00edcia sobre a Petrobras que deixar\u00e1 de focar no pr\u00e9-sal para mirar em ativos rent\u00e1veis \u00e9 um dos destaques desta quarta-feira (23).","robots":{"index":"index","follow":"follow","max-snippet":"max-snippet:-1","max-image-preview":"max-image-preview:large","max-video-preview":"max-video-preview:-1"},"canonical":"https:\/\/www.suno.com.br\/noticias\/destaques-petrobras-petr4-taesa-e-mais-va\/","og_locale":"pt_BR","og_type":"article","og_title":"Petrobras (PETR4) e Taesa (TAEE11) protagonizam mercado nesta quarta","og_description":"A not\u00edcia sobre a Petrobras que deixar\u00e1 de focar no pr\u00e9-sal para mirar em ativos rent\u00e1veis \u00e9 um dos destaques desta quarta-feira (23).","og_url":"https:\/\/www.suno.com.br\/noticias\/destaques-petrobras-petr4-taesa-e-mais-va\/","og_site_name":"Suno Not\u00edcias","article_publisher":"https:\/\/facebook.com\/sunoresearch","og_image":[{"width":1200,"height":800,"url":"https:\/\/files.sunoresearch.com.br\/n\/uploads\/2023\/08\/adam-smigielski-K5mPtONmpHM-unsplash-e1692194547703.jpg","type":"image\/jpeg"}],"author":"Vin\u00edcius Alves","twitter_card":"summary_large_image","twitter_creator":"@sunoresearch","twitter_site":"@sunoresearch","twitter_misc":{"Escrito por":"Vin\u00edcius Alves","Est. tempo de leitura":"3 minutos"},"schema":{"@context":"https:\/\/schema.org","@graph":[{"@type":"NewsArticle","@id":"https:\/\/www.suno.com.br\/noticias\/destaques-petrobras-petr4-taesa-e-mais-va\/#article","isPartOf":{"@id":"https:\/\/www.suno.com.br\/noticias\/destaques-petrobras-petr4-taesa-e-mais-va\/"},"author":{"name":"Vin\u00edcius Alves","@id":"https:\/\/www.suno.com.br\/noticias\/#\/schema\/person\/4a180549702d0e236b3e420862bcded3"},"headline":"Petrobras (PETR4), Taesa (TAEE11) e Eletrobras (ELET3) protagonizam mercado nesta quarta; veja destaques","datePublished":"2023-08-23T13:26:29+00:00","dateModified":"2023-08-23T13:26:36+00:00","mainEntityOfPage":{"@id":"https:\/\/www.suno.com.br\/noticias\/destaques-petrobras-petr4-taesa-e-mais-va\/"},"wordCount":578,"publisher":{"@id":"https:\/\/www.suno.com.br\/noticias\/#organization"},"image":{"@id":"https:\/\/www.suno.com.br\/noticias\/destaques-petrobras-petr4-taesa-e-mais-va\/#primaryimage"},"thumbnailUrl":"https:\/\/files.sunoresearch.com.br\/n\/uploads\/2023\/08\/adam-smigielski-K5mPtONmpHM-unsplash-e1692194547703.jpg","keywords":["A\u00e7\u00f5es","BTG Pactual (BPAC11\/BPAC3\/BPAC5)","EDP Brasil (ENBR3)","Eletrobras (ELET3\/ELET5\/ELET6)","Iguatemi (IGTA3)","Minerva (BEEF11\/BEEF3)","Petrobras (PETR4)","Taesa (TAEE11\/TAEE3\/TAEE4)","Vibra Energia (VBBR3)"],"articleSection":["Mercado"],"inLanguage":"pt-BR"},{"@type":"WebPage","@id":"https:\/\/www.suno.com.br\/noticias\/destaques-petrobras-petr4-taesa-e-mais-va\/","url":"https:\/\/www.suno.com.br\/noticias\/destaques-petrobras-petr4-taesa-e-mais-va\/","name":"Petrobras (PETR4) e Taesa (TAEE11) protagonizam mercado nesta quarta","isPartOf":{"@id":"https:\/\/www.suno.com.br\/noticias\/#website"},"primaryImageOfPage":{"@id":"https:\/\/www.suno.com.br\/noticias\/destaques-petrobras-petr4-taesa-e-mais-va\/#primaryimage"},"image":{"@id":"https:\/\/www.suno.com.br\/noticias\/destaques-petrobras-petr4-taesa-e-mais-va\/#primaryimage"},"thumbnailUrl":"https:\/\/files.sunoresearch.com.br\/n\/uploads\/2023\/08\/adam-smigielski-K5mPtONmpHM-unsplash-e1692194547703.jpg","datePublished":"2023-08-23T13:26:29+00:00","dateModified":"2023-08-23T13:26:36+00:00","description":"A not\u00edcia sobre a Petrobras que deixar\u00e1 de focar no pr\u00e9-sal para mirar em ativos rent\u00e1veis \u00e9 um dos destaques desta quarta-feira (23).","breadcrumb":{"@id":"https:\/\/www.suno.com.br\/noticias\/destaques-petrobras-petr4-taesa-e-mais-va\/#breadcrumb"},"inLanguage":"pt-BR","potentialAction":[{"@type":"ReadAction","target":["https:\/\/www.suno.com.br\/noticias\/destaques-petrobras-petr4-taesa-e-mais-va\/"]}]},{"@type":"ImageObject","inLanguage":"pt-BR","@id":"https:\/\/www.suno.com.br\/noticias\/destaques-petrobras-petr4-taesa-e-mais-va\/#primaryimage","url":"https:\/\/files.sunoresearch.com.br\/n\/uploads\/2023\/08\/adam-smigielski-K5mPtONmpHM-unsplash-e1692194547703.jpg","contentUrl":"https:\/\/files.sunoresearch.com.br\/n\/uploads\/2023\/08\/adam-smigielski-K5mPtONmpHM-unsplash-e1692194547703.jpg","width":1200,"height":800,"caption":"Ibovespa. Foto: Unsplash"},{"@type":"BreadcrumbList","@id":"https:\/\/www.suno.com.br\/noticias\/destaques-petrobras-petr4-taesa-e-mais-va\/#breadcrumb","itemListElement":[{"@type":"ListItem","position":1,"name":"Not\u00edcias","item":"https:\/\/www.suno.com.br\/noticias\/"},{"@type":"ListItem","position":2,"name":"Mercado","item":"https:\/\/www.suno.com.br\/noticias\/mercado\/"},{"@type":"ListItem","position":3,"name":"Petrobras (PETR4), Taesa (TAEE11) e Eletrobras (ELET3) protagonizam mercado nesta quarta; veja destaques"}]},{"@type":"WebSite","@id":"https:\/\/www.suno.com.br\/noticias\/#website","url":"https:\/\/www.suno.com.br\/noticias\/","name":"Suno Not\u00edcias","description":"Seu portal de informa\u00e7\u00e3o sobre o mundo dos investimentos","publisher":{"@id":"https:\/\/www.suno.com.br\/noticias\/#organization"},"potentialAction":[{"@type":"SearchAction","target":{"@type":"EntryPoint","urlTemplate":"https:\/\/www.suno.com.br\/noticias\/?s={search_term_string}"},"query-input":{"@type":"PropertyValueSpecification","valueRequired":true,"valueName":"search_term_string"}}],"inLanguage":"pt-BR"},{"@type":"Organization","@id":"https:\/\/www.suno.com.br\/noticias\/#organization","name":"Suno Not\u00edcias","url":"https:\/\/www.suno.com.br\/noticias\/","logo":{"@type":"ImageObject","inLanguage":"pt-BR","@id":"https:\/\/www.suno.com.br\/noticias\/#\/schema\/logo\/image\/","url":"https:\/\/files.sunoresearch.com.br\/n\/uploads\/2021\/09\/suno-logo.png","contentUrl":"https:\/\/files.sunoresearch.com.br\/n\/uploads\/2021\/09\/suno-logo.png","width":180,"height":180,"caption":"Suno Not\u00edcias"},"image":{"@id":"https:\/\/www.suno.com.br\/noticias\/#\/schema\/logo\/image\/"},"sameAs":["https:\/\/facebook.com\/sunoresearch","https:\/\/x.com\/sunoresearch","https:\/\/www.instagram.com\/suno","https:\/\/www.linkedin.com\/company\/suno-research\/","https:\/\/www.youtube.com\/c\/sunoresearch"]},{"@type":"Person","@id":"https:\/\/www.suno.com.br\/noticias\/#\/schema\/person\/4a180549702d0e236b3e420862bcded3","name":"Vin\u00edcius Alves","image":{"@type":"ImageObject","inLanguage":"pt-BR","@id":"https:\/\/www.suno.com.br\/noticias\/#\/schema\/person\/image\/","url":"https:\/\/secure.gravatar.com\/avatar\/a95b7fe6d1b813f7907d4f476d5a39e1?s=96&r=g","contentUrl":"https:\/\/secure.gravatar.com\/avatar\/a95b7fe6d1b813f7907d4f476d5a39e1?s=96&r=g","caption":"Vin\u00edcius Alves"},"description":"Jornalista formado na Faculdade C\u00e1sper L\u00edbero. Com passagens pela Ag\u00eancia Estado, InfoMoney e Editora Globo.","url":"https:\/\/www.suno.com.br\/noticias\/author\/vini08correiagmail-com\/"}]}},"default_loop_html":"<div class=\"cardsPage__listCard__boxs\"><div class=\"cardsPage__listCard__boxs__img\"><a href=\"https:\/\/www.suno.com.br\/noticias\/destaques-petrobras-petr4-taesa-e-mais-va\/\"><img class=\"mask\" src=\"https:\/\/www.suno.com.br\/noticias\/wp-content\/themes\/suno\/resources\/images\/spotlight\/spotlight1img\/bg-mask.png\" alt=\"Image Mask\"\/><img src=\"https:\/\/files.sunoresearch.com.br\/n\/uploads\/2023\/08\/adam-smigielski-K5mPtONmpHM-unsplash-e1692194547703-400x200.jpg\" alt=\"Petrobras (PETR4), Taesa (TAEE11) e Eletrobras (ELET3) protagonizam mercado nesta quarta; veja destaques\"\/><\/a><span class=\"spotlightCategory\"><a href=\"https:\/\/www.suno.com.br\/noticias\/mercado\/\">Mercado<\/a><\/span><\/div><div class=\"cardsPage__listCard__boxs__content\"><a href=\"https:\/\/www.suno.com.br\/noticias\/destaques-petrobras-petr4-taesa-e-mais-va\/\"><h2 class=\"content__title\">Petrobras (PETR4), Taesa (TAEE11) e Eletrobras (ELET3) protagonizam mercado nesta quarta; veja destaques<\/h2><\/a><div class=\"newsContent__article__meta\"><div class=\"newsContent__article__meta__authorBox\"><a href=\"https:\/\/www.suno.com.br\/noticias\/author\/vini08correiagmail-com\/\" class=\"authorBox__avatar noMobi\"><img src=\"https:\/\/files.sunoresearch.com.br\/n\/uploads\/2026\/04\/WhatsApp-Image-2026-04-20-at-19.35.48-150x150.webp\" alt=\"Vin\u00edcius Alves\"><\/a><div class=\"authorBox__name\"><span>por\n\t\t\t<a href=\"https:\/\/www.suno.com.br\/noticias\/author\/vini08correiagmail-com\/\"><span itemprop=\"author\">Vin\u00edcius Alves<\/span><\/a><\/span><time datetime=\"2023-08-23T10:26:29-03:00\" itemprop=\"datePublished\">23\/08\/2023 10:26<\/time><\/div><\/div><\/div><\/div><\/div>","single_layout":"posts","amp_enabled":true,"_links":{"self":[{"href":"https:\/\/www.suno.com.br\/noticias\/wp-json\/wp\/v2\/posts\/446288"}],"collection":[{"href":"https:\/\/www.suno.com.br\/noticias\/wp-json\/wp\/v2\/posts"}],"about":[{"href":"https:\/\/www.suno.com.br\/noticias\/wp-json\/wp\/v2\/types\/post"}],"author":[{"embeddable":true,"href":"https:\/\/www.suno.com.br\/noticias\/wp-json\/wp\/v2\/users\/301"}],"replies":[{"embeddable":true,"href":"https:\/\/www.suno.com.br\/noticias\/wp-json\/wp\/v2\/comments?post=446288"}],"version-history":[{"count":3,"href":"https:\/\/www.suno.com.br\/noticias\/wp-json\/wp\/v2\/posts\/446288\/revisions"}],"predecessor-version":[{"id":446310,"href":"https:\/\/www.suno.com.br\/noticias\/wp-json\/wp\/v2\/posts\/446288\/revisions\/446310"}],"wp:featuredmedia":[{"embeddable":true,"href":"https:\/\/www.suno.com.br\/noticias\/wp-json\/wp\/v2\/media\/443536"}],"wp:attachment":[{"href":"https:\/\/www.suno.com.br\/noticias\/wp-json\/wp\/v2\/media?parent=446288"}],"wp:term":[{"taxonomy":"category","embeddable":true,"href":"https:\/\/www.suno.com.br\/noticias\/wp-json\/wp\/v2\/categories?post=446288"},{"taxonomy":"post_tag","embeddable":true,"href":"https:\/\/www.suno.com.br\/noticias\/wp-json\/wp\/v2\/tags?post=446288"},{"taxonomy":"suno_strategy","embeddable":true,"href":"https:\/\/www.suno.com.br\/noticias\/wp-json\/wp\/v2\/suno_strategy?post=446288"}],"curies":[{"name":"wp","href":"https:\/\/api.w.org\/{rel}","templated":true}]}}