{"id":446125,"date":"2023-08-22T21:27:37","date_gmt":"2023-08-23T00:27:37","guid":{"rendered":"https:\/\/www.suno.com.br\/noticias\/?p=446125"},"modified":"2023-08-22T22:12:46","modified_gmt":"2023-08-23T01:12:46","slug":"arcabouco-fiscal-camara-deputados-texto-contas-publicas-mal","status":"publish","type":"post","link":"https:\/\/www.suno.com.br\/noticias\/arcabouco-fiscal-camara-deputados-texto-contas-publicas-mal\/","title":{"rendered":"C\u00e2mara conclui vota\u00e7\u00e3o do novo arcabou\u00e7o fiscal; entenda as mudan\u00e7as no texto"},"content":{"rendered":"<p>A C\u00e2mara dos Deputados concluiu nesta ter\u00e7a (22) a vota\u00e7\u00e3o sobre o novo <strong>arcabou\u00e7o fiscal<\/strong>. O texto-base segue agora para san\u00e7\u00e3o presidencial.<\/p>\t<div class=\"wrapper-featured-image\">\n\t\t<figure class=\"spotlightImg\">\n\n\t\t\t<picture>\n\t\t\t\t<source media=\"(max-width: 768px)\" srcset=\"https:\/\/files.sunoresearch.com.br\/n\/uploads\/2023\/08\/Camara-dos-Deputados-votacao-400x200.jpg\">\n\t\t\t\t<img loading=\"lazy\" decoding=\"async\" class=\"newsContent__article__imgCapa lazyloadDisabled \" src=\"https:\/\/files.sunoresearch.com.br\/n\/uploads\/2023\/08\/Camara-dos-Deputados-votacao-800x450.jpg\" width=\"800\" height=\"450\" alt=\"C\u00e2mara conclui vota\u00e7\u00e3o do novo arcabou\u00e7o fiscal; entenda as mudan\u00e7as no texto\" fetchpriority=high \/>\n\t\t\t<\/picture>\n\n\t\t\t<figcaption class=\"wp-caption-text wp-caption-text--show\">C\u00e2mara dos Deputados e compras internacionais. Foto: Zeca Ribeiro\/C\u00e2mara dos Deputados<\/figcaption>\n\t\t<\/figure>\n\t<\/div>\n\n\n\n\n\n\t<p>\n\t\t<a href=\"\" target=\"_blank\" data-element=\"shortcode-suno-banner\" title=\"Banner SUNO, clique e saiba mais\">\n\t\t\t<picture>\n\t\t\t\t<source media=\"(max-width: 500px)\" srcset=\"\">\n\t\t\t\t<img class=\"newsContent__article__imgCapa newsContent__article__imgCapa--banner\"\n\t\t\t\t\tsrc=\"\"\n\t\t\t\t\tdata-promo-id=\"240038\"\t\t\t\t\t\t\t\t\t\t\t\t\t\t\talt=\"\"\n\t\t\t\t>\n\t\t\t<\/picture>\n\t\t<\/a>\n\t<\/p>\n\n\n\n\n\n<p>A C\u00e2mara rejeitou todos os destaques ao texto-base do<strong> novo arcabou\u00e7o fiscal<\/strong> at\u00e9 encerrar a vota\u00e7\u00e3o. A lei que substitui o <strong>teto de gastos<\/strong> no controle das contas p\u00fablicas vai agora para san\u00e7\u00e3o do presidente Luiz In\u00e1cio Lula da Silva. O parecer do relator com a inclus\u00e3o de duas emendas do Senado recebeu 379 votos a favor e 64 contra.<\/p>\n\n\n\n<p>O \u00fanico partido a orientar contra foi o Novo. O PL, partido de oposi\u00e7\u00e3o que abriga o ex-presidente Jair Bolsonaro, liberou seus parlamentares para que votassem como quisessem.<\/p>\n\n\n\n<p>Ap\u00f3s acordo, os deputados mantiveram o Fundo de Manuten\u00e7\u00e3o e Desenvolvimento da Educa\u00e7\u00e3o B\u00e1sica (<strong>Fundeb<\/strong>) fora do limite de gastos. Os recursos do Fundo Constitucional do Distrito Federal (FCDF) tamb\u00e9m ficaram excepcionalizados, ap\u00f3s atua\u00e7\u00e3o da vice-governadora do DF, Celina Le\u00e3o (PP).<\/p>\n\n\n\n<p>O relator, deputado Claudio Cajado (PP-BA), retirou do marco fiscal, contudo, a permiss\u00e3o inclu\u00edda pelo Senado para que o governo pudesse prever as chamadas <strong>despesas condicionadas<\/strong> no Or\u00e7amento de 2024 &#8211; que dependem de aprova\u00e7\u00e3o de cr\u00e9dito adicional pelo Legislativo para serem executadas.<\/p>\n\n\n\n<p>Essa medida, que garante uma folga de R$ 32 bilh\u00f5es, deve ser inclu\u00edda no Projeto de Lei de Diretrizes Or\u00e7ament\u00e1rias (PLDO), relatado pelo deputado Danilo Forte (Uni\u00e3o Brasil-CE), ap\u00f3s um acordo costurado pelo governo, como antecipou o <em>Broadcast Pol\u00edtico<\/em>. A C\u00e2mara rejeitou, ainda, a emenda dos senadores que deixaria despesas com ci\u00eancia e tecnologia fora dos limites fiscais.<\/p>\n\n\n\n<h2 class=\"wp-block-heading\">Texto do arcabou\u00e7o fiscal retira medida defendida pelo governo<\/h2>\n\n\n\n<p>O presidente da C\u00e2mara, Arthur Lira (PP-AL), abriu mais cedo, nesta ter\u00e7a-feira, 22, a vota\u00e7\u00e3o do arcabou\u00e7o fiscal no plen\u00e1rio, ap\u00f3s encerrar a discuss\u00e3o do texto. O Partido Novo tentou retirar o projeto de pauta, mas o requerimento foi rejeitado pelos deputados.<\/p>\n\n\n\n<p><strong>Relator do arcabou\u00e7o <\/strong>na C\u00e2mara, Claudio Cajado (PP-BA) divulgou mais cedo seu parecer sobre as emendas do Senado. Como acordado em reuni\u00e3o de l\u00edderes realizada na resid\u00eancia oficial de Lira, o deputado manteve fora do limite de gastos o Fundo de Manuten\u00e7\u00e3o e Desenvolvimento da Educa\u00e7\u00e3o B\u00e1sica (Fundeb) e o Fundo Constitucional do Distrito Federal (FCDF).<\/p>\n\n\n\n<p>Cajado retirou do marco fiscal a permiss\u00e3o inclu\u00edda pelo Senado para que o governo pudesse prever as chamadas despesas condicionadas no <strong>Or\u00e7amento de 2024<\/strong> &#8211; que dependem de aprova\u00e7\u00e3o de cr\u00e9dito adicional pelo Legislativo para serem executadas.<\/p>\n\n\n\n<p>Essa medida, como antecipou o <em>Broadcast Pol\u00edtico<\/em>, deve ser inclu\u00edda no Projeto de Lei de Diretrizes Or\u00e7ament\u00e1rias (PLDO), relatado pelo deputado Danilo Forte (Uni\u00e3o Brasil-CE), ap\u00f3s um acordo costurado pelo governo na reuni\u00e3o.<\/p>\n\n\n\n<p>O relator tamb\u00e9m rejeitou a emenda aprovada pelos senadores que deixaria de fora das regras fiscais as despesas com ci\u00eancia e tecnologia.<\/p>\n\n\n\n<h2 class=\"wp-block-heading\">Exclus\u00e3o do Fundeb e fundo do DF<\/h2>\n\n\n\n<p>O Fundo Constitucional do Distrito Federal (FCDF) e o Fundo de Manuten\u00e7\u00e3o e Desenvolvimento da Educa\u00e7\u00e3o B\u00e1sica (Fundeb) ficar\u00e3o fora do novo arcabou\u00e7o fiscal. A exclus\u00e3o dos dois fundos foi fruto de acordo costurado entre o presidente da C\u00e2mara dos Deputados, Arthur Lira (PP-AL), l\u00edderes da base governista, t\u00e9cnicos do Minist\u00e9rio da Fazenda e o relator do projeto de lei complementar na C\u00e2mara, deputado Cl\u00e1udio Cajado (PP-BA). <\/p>\n\n\n\n<p>O parlamentar havia dito ser contr\u00e1rio \u00e0s mudan\u00e7as inseridas pelos senadores no <strong>novo marco fiscal<\/strong>, mas reconheceu que a maioria dos partidos votaria pela retirada dessas despesas do novo marco fiscal.<\/p>\n\n\n\n<h2 class=\"wp-block-heading\">Infla\u00e7\u00e3o<\/h2>\n\n\n\n<p>O \u00fanico ponto em que n\u00e3o houve acordo entre o governo e os deputados foi na mudan\u00e7a do per\u00edodo de <strong>c\u00e1lculo da infla\u00e7\u00e3o <\/strong>pelo \u00cdndice Nacional de Pre\u00e7os ao Consumidor Amplo (IPCA) para corrigir o limite de gastos. As despesas ser\u00e3o corrigidas pelo IPCA acumulado entre julho de dois anos antes e junho do ano anterior. O Senado havia aprovado a mudan\u00e7a do per\u00edodo de apura\u00e7\u00e3o para a infla\u00e7\u00e3o de janeiro a dezembro do ano anterior, com os seis primeiros meses do ano pelo IPCA efetivamente apurado e os seis meses restantes com a proje\u00e7\u00e3o do \u00edndice.<\/p>\n\n\n\n<p>A princ\u00edpio, a rejei\u00e7\u00e3o da mudan\u00e7a do Senado retira R$ 32 bilh\u00f5es do Or\u00e7amento de 2024 porque est\u00e1 prevista uma alta da infla\u00e7\u00e3o no segundo semestre deste ano. No entanto, no fim da tarde, o presidente da C\u00e2mara, Arthur Lira, confirmou que houve um acordo para incluir esse montante na Lei de Diretrizes Or\u00e7ament\u00e1rias (LDO) de 2024 como despesas condicionadas (que s\u00f3 podem ser realizadas se houver espa\u00e7o fiscal). O projeto da LDO do pr\u00f3ximo ano s\u00f3 ser\u00e1 votado ap\u00f3s o novo arcabou\u00e7o.<\/p>\n\n\n\n<p>Aprovado no fim de maio\u00a0em primeira vota\u00e7\u00e3o na C\u00e2mara, o novo arcabou\u00e7o fiscal teve de ser votado novamente pelos deputados porque os senadores introduziram\u00a0v\u00e1rias mudan\u00e7as no texto no fim de junho. A princ\u00edpio, a segunda vota\u00e7\u00e3o na C\u00e2mara estava prevista para a primeira semana de julho, mas foi adiada por causa da aprova\u00e7\u00e3o da primeira fase da reforma tribut\u00e1ria na Casa e do projeto\u00a0que muda o sistema de vota\u00e7\u00e3o no Conselho Administrativo de Recursos Fiscais (Carf).<\/p>\n\n\n\n<p>A vota\u00e7\u00e3o deveria ter ocorrido na semana passada, mas foi adiada por causa de declara\u00e7\u00f5es do ministro da Fazenda, Fernando Haddad, sobre a\u00a0concentra\u00e7\u00e3o de poderes na C\u00e2mara dos Deputados. A reuni\u00e3o de l\u00edderes, em que os acordos foram fechados, s\u00f3 ocorreu na noite desta segunda-feira (21).<\/p>\n\n\n\n<p>Assim que for sancionado pelo presidente Luiz In\u00e1cio Lula da Silva, o novo marco fiscal extinguir\u00e1 o teto federal de gastos que vigorava desde 2016. O fim do teto estava previsto pela Emenda Constitucional da Transi\u00e7\u00e3o, aprovada no fim do ano passado, mas dependia da <strong>aprova\u00e7\u00e3o do arcabou\u00e7o fiscal<\/strong> para entrar em vigor.<\/p>\n\n\n\n\t<div data-element=\"shortcode-read-more\" class=\"readToo\">\n\t\t\t\t<span class=\"readToo__title\">Leia mais<\/span>\n\t\t\t\t<ul class=\"readToo__list\">\n\t\t\t<li><a href=\"https:\/\/www.suno.com.br\/noticias\/arcabouco-fiscal-alckmin-algo-tao-rapido-evm\/\">Arcabou\u00e7o fiscal: Alckmin fala que &#8216;nunca viu nada t\u00e3o r\u00e1pido&#8217;<\/a><\/li><li><a href=\"https:\/\/www.suno.com.br\/noticias\/arcabouco-fiscal-texto-aprovado-senado\/\">Arcabou\u00e7o fiscal: Senado aprova projeto por 57 votos a 17; texto volta \u00e0 C\u00e2mara com mudan\u00e7as<\/a><\/li><li><a href=\"https:\/\/www.suno.com.br\/noticias\/diretor-banco-central-arcabouco-fiscal-inflacao\/\">Diretor do Banco Central nega rela\u00e7\u00e3o mec\u00e2nica entre arcabou\u00e7o fiscal e infla\u00e7\u00e3o<\/a><\/li>\t\t<\/ul>\n\t<\/div>\n\n\n\n\t<p>\n\t\t<a href=\"https:\/\/lp.suno.com.br\/ebook-gratuito-investindo-no-exterior\/\" target=\"_blank\" data-element=\"shortcode-suno-banner\" title=\"Banner SUNO, clique e saiba mais\">\n\t\t\t<picture>\n\t\t\t\t<source media=\"(max-width: 500px)\" srcset=\"https:\/\/files.sunoresearch.com.br\/n\/uploads\/2023\/03\/400x300-Investindo-no-exterior.png\">\n\t\t\t\t<img class=\"newsContent__article__imgCapa newsContent__article__imgCapa--banner\"\n\t\t\t\t\tsrc=\"https:\/\/files.sunoresearch.com.br\/n\/uploads\/2023\/03\/1420x240-Investindo-no-exterior.png\"\n\t\t\t\t\tdata-promo-id=\"383161\"\t\t\t\t\t\t\t\t\t\twidth='1420' height='240'\t\t\t\t\talt=\"https:\/\/files.sunoresearch.com.br\/n\/uploads\/2023\/03\/1420x240-Investindo-no-exterior.png\"\n\t\t\t\t>\n\t\t\t<\/picture>\n\t\t<\/a>\n\t<\/p>\n\n\n\n\n\n<figure class=\"wp-block-image size-large\"><img loading=\"lazy\" decoding=\"async\" width=\"1024\" height=\"613\" src=\"https:\/\/files.sunoresearch.com.br\/n\/uploads\/2023\/08\/Camara-1024x613.jpg\" alt=\"\" class=\"wp-image-446167\" srcset=\"https:\/\/files.sunoresearch.com.br\/n\/uploads\/2023\/08\/Camara-1024x613.jpg 1024w, https:\/\/files.sunoresearch.com.br\/n\/uploads\/2023\/08\/Camara-300x179.jpg 300w, https:\/\/files.sunoresearch.com.br\/n\/uploads\/2023\/08\/Camara-768x459.jpg 768w, https:\/\/files.sunoresearch.com.br\/n\/uploads\/2023\/08\/Camara-150x90.jpg 150w, https:\/\/files.sunoresearch.com.br\/n\/uploads\/2023\/08\/Camara.jpg 1170w\" sizes=\"(max-width: 1024px) 100vw, 1024px\" \/><figcaption class=\"wp-element-caption\">C\u00e2mara conclui vota\u00e7\u00e3o do arcabou\u00e7o fiscal. Foto: Lula Marques\/Ag\u00eancia Brasil<\/figcaption><\/figure>\n\n\n\n<h2 class=\"wp-block-heading\">Lira: Governo enviar\u00e1 MP com taxa\u00e7\u00e3o de fundos onshores e exclusivos e PL sobre offshores<\/h2>\n\n\n\n<p>O presidente da C\u00e2mara afirmou nesta ter\u00e7a-feira, 22, que o governo assumiu compromisso de enviar uma medida provis\u00f3ria com tributa\u00e7\u00e3o dos fundos onshores e exclusivos e um projeto de lei tratando da taxa\u00e7\u00e3o de offshores, proposta que havia sido inclu\u00edda na medida provis\u00f3ria do <a class=\"suno-keyword\" target=\"_blank\" data-force=\"no\" data-priority=\"3\" href=\"https:\/\/www.suno.com.br\/artigos\/salario-minimo\/\" rel=\"noopener\">sal\u00e1rio m\u00ednimo<\/a>. Lira refor\u00e7ou que ele e os l\u00edderes n\u00e3o s\u00e3o contr\u00e1rios \u00e0 taxa\u00e7\u00e3o de qualquer fundo, mas refor\u00e7ou que o Pa\u00eds precisa de planejamento.<\/p>\n\n\n\n<p>&#8220;Houve tamb\u00e9m acordo para que n\u00f3s vot\u00e1ssemos tamb\u00e9m a MP do sal\u00e1rio m\u00ednimo hoje e houvesse uma altera\u00e7\u00e3o no texto para retirada da parte que trata das offshores, com compromisso do governo em mandar nova MP dos fundos onshores e <a class=\"suno-keyword\" target=\"_blank\" data-force=\"no\" data-priority=\"1\" href=\"https:\/\/www.suno.com.br\/artigos\/fundos-exclusivos\/\" rel=\"noopener\">fundos exclusivos<\/a>, e um PL tratando dos fundos offshores para que a gente, em duas, tr\u00eas semanas, possa dar o mesmo tom, o mesmo tratamento, o mesmo ritmo para esses fundos que devem ter sua taxa\u00e7\u00e3o de maneira programada, organizada, para que a gente n\u00e3o tenha corros\u00e3o de base como existiu na Argentina, na Venezuela e em outros pa\u00edses da Am\u00e9rica Latina&#8221;, disse Lira.<\/p>\n\n\n\n<p>Ele refor\u00e7ou o &#8220;esfor\u00e7o tremendo&#8221; da C\u00e2mara com o ministro da Fazenda, Fernando Haddad, e a equipe econ\u00f4mica para &#8220;arrumar as contas&#8221; e cumprir as metas estabelecidas pelo novo arcabou\u00e7o fiscal, mas defendeu maior planejamento.<\/p>\n\n\n\n<p>&#8220;Presidente da C\u00e2mara e nenhum l\u00edder \u00e9 contra taxar qualquer fundo que seja, mas o Brasil precisa de planejamento&#8221;, reiterou, ao relembrar que a Casa j\u00e1 aprovou tributa\u00e7\u00e3o de lucros e <a class=\"suno-keyword\" target=\"_blank\" data-force=\"no\" data-priority=\"1\" href=\"https:\/\/www.suno.com.br\/guias\/dividendos\/\" rel=\"noopener\">dividendos<\/a> na legislatura passada.<\/p>\n\n\n\n<p>Lira tamb\u00e9m destacou que n\u00e3o existe crise entre governo e Congresso, mas que houve apenas uma falta de &#8220;combina\u00e7\u00e3o&#8221; sobre a tramita\u00e7\u00e3o das medidas provis\u00f3rias. &#8220;O que existiu foi que n\u00e3o havia combina\u00e7\u00e3o, nenhum l\u00edder soube da transposi\u00e7\u00e3o ou do aporte que houve de uma MP sobre a outra, quando isso n\u00e3o foi discutido nem com presidente do Senado, Rodrigo Pacheco, nem com presidente Arthur&#8221;, criticou.<\/p>\n\n\n\n<p>Inicialmente, a tributa\u00e7\u00e3o das offshores e rendimentos externos estava sendo tratada em uma medida provis\u00f3ria separada, que inclu\u00eda, tamb\u00e9m, a atualiza\u00e7\u00e3o da tabela de isen\u00e7\u00e3o do Imposto de Renda da <a class=\"suno-keyword\" target=\"_blank\" data-force=\"no\" data-priority=\"1\" href=\"https:\/\/www.suno.com.br\/artigos\/pessoa-fisica\/\" rel=\"noopener\">Pessoa F\u00edsica<\/a> (IRPF). Os dois assuntos, por\u00e9m, foram inclu\u00eddos de \u00faltima hora na MP que prev\u00ea o reajuste e uma nova pol\u00edtica de corre\u00e7\u00e3o do sal\u00e1rio m\u00ednimo, aprovada h\u00e1 duas semanas na comiss\u00e3o mista por unanimidade.<\/p>\n\n\n\n<p>L\u00edderes da C\u00e2mara avaliaram, no entanto, que a estrat\u00e9gia do governo de incluir as offshores junto com sal\u00e1rio m\u00ednimo gerou desconforto porque a medida foi inserida em uma outra MP &#8220;que n\u00e3o tinha pertin\u00eancia tem\u00e1tica&#8221;, al\u00e9m de ter sido feita sem di\u00e1logo com o Congresso. Parlamentares tamb\u00e9m interpretaram a medida como uma manobra do governo para facilitar aprova\u00e7\u00e3o, j\u00e1 que dificilmente os parlamentares votariam contra a pol\u00edtica do <a class=\"suno-keyword\" target=\"_blank\" data-force=\"no\" data-priority=\"3\" href=\"https:\/\/www.suno.com.br\/artigos\/salario-minimo\/\" rel=\"noopener\">sal\u00e1rio m\u00ednimo<\/a>. O presidente do Senado, Rodrigo Pacheco (PSD-MG), tamb\u00e9m se sentiu contrariado e n\u00e3o foi avisado sobre a decis\u00e3o.<\/p>\n\n\n\n<p>O acordo costurado agora prev\u00ea a aprova\u00e7\u00e3o da MP do IR com o sal\u00e1rio m\u00ednimo, sem offshores. Segundo Lira, a mat\u00e9ria, que perde validade no pr\u00f3ximo dia 28, ser\u00e1 votada amanh\u00e3 em plen\u00e1rio. O presidente da C\u00e2mara voltou a dizer ainda que a Casa tem dado &#8220;provas incontestes&#8221;, com vota\u00e7\u00e3o de pautas de interesse do Pa\u00eds, mas que a maioria dos deputados \u00e9 conservadora e alguns temas t\u00eam dificuldade de serem tratados.<\/p>\n\n\n\n<h2 class=\"wp-block-heading\">Arcabou\u00e7o fiscal: regra aprovada uma semana ap\u00f3s ru\u00eddo<\/h2>\n\n\n\n<p>A regra para controle das<strong> contas p\u00fablicas<\/strong> foi aprovada uma semana ap\u00f3s o ru\u00eddo gerado por uma declara\u00e7\u00e3o do ministro da Fazenda, Fernando Haddad. O chefe da equipe econ\u00f4mica disse, em uma entrevista, que a C\u00e2mara n\u00e3o poderia usar seu poder para &#8220;humilhar&#8221; o governo e o Senado, o que irritou lideran\u00e7as partid\u00e1rias e o presidente da Casa, Arthur Lira (PP-AL).<\/p>\n\n\n\n<p>Esse mal-estar se somou ao desconforto no Congresso com a falta de libera\u00e7\u00e3o de emendas e com a demora de Lula em concluir a reforma ministerial para acomodar o Centr\u00e3o, o que atrasou a vota\u00e7\u00e3o do arcabou\u00e7o.<\/p>\n\n\n\n<p>O marco fiscal foi enviado pela Fazenda ao Congresso em abril, e aprovado pela C\u00e2mara em maio. Os senadores votaram o texto em junho, mas com altera\u00e7\u00f5es, o que fez o projeto voltar para nova an\u00e1lise dos deputados. A proposta substitui o atual <a class=\"suno-keyword\" target=\"_blank\" data-force=\"no\" data-priority=\"1\" href=\"https:\/\/www.suno.com.br\/artigos\/teto-de-gastos\/\" rel=\"noopener\">teto de gastos<\/a>, que est\u00e1 em vigor desde o governo Temer, com regras mais flex\u00edveis para as despesas.<\/p>\n\n\n\n<p>Pelo projeto, os gastos s\u00f3 poder\u00e3o crescer em at\u00e9 70% do aumento da receita, dentro do intervalo de 0,6% a 2,5% acima da infla\u00e7\u00e3o. Ou seja, as despesas sempre crescer\u00e3o menos que as receitas, apesar da maior flexibilidade, para evitar um descontrole das contas p\u00fablicas.<\/p>\n\n\n\n<h2 class=\"wp-block-heading\">Despesa condicionada<\/h2>\n\n\n\n<p>A emenda das despesas condicionadas foi apresentada no Senado pelo l\u00edder do governo no Congresso, senador Randolfe Rodrigues (Sem partido-AP), com apoio da ministra do Planejamento, Simone Tebet, que chegou a ir ao Legislativo para defender a medida como uma forma de garantir recursos para o novo Programa de Acelera\u00e7\u00e3o do Crescimento (PAC).<\/p>\n\n\n\n<p>&#8220;A solu\u00e7\u00e3o est\u00e1 dada, resolvida. Principalmente porque a cada ano o governo tem que mandar a LDO e tem que mandar o Or\u00e7amento. Ent\u00e3o, essa n\u00e3o \u00e9 uma mat\u00e9ria do regime fiscal. Portanto, isso est\u00e1 solucionado&#8221;, declarou Cajado hoje.<\/p>\n\n\n\n<p>&#8220;Ficou consensualizado entre os l\u00edderes que, pelo fato de estar na LDO, j\u00e1 estar\u00e1 assegurado. O governo poder\u00e1 enviar sua proposta or\u00e7ament\u00e1ria com essa previs\u00e3o de despesa condicionada, que n\u00f3s n\u00e3o quer\u00edamos, mas aceitamos pela LDO. \u00c9 isso resolve pelo lado do governo a preocupa\u00e7\u00e3o que tinham de enviar o Or\u00e7amento com cortes&#8221;, emendou o relator.<\/p>\n\n\n\n<p>O limite para as despesas condicionadas, que precisariam do aval dos parlamentares para serem executadas, seria a diferen\u00e7a entre o \u00cdndice de Pre\u00e7os ao Consumidor Amplo (IPCA), a <a class=\"suno-keyword\" target=\"_blank\" data-force=\"no\" data-priority=\"2\" href=\"https:\/\/www.suno.com.br\/artigos\/inflacao\/\" rel=\"noopener\">infla\u00e7\u00e3o oficial<\/a> do Pa\u00eds, acumulado nos 12 meses at\u00e9 junho e o realizado at\u00e9 dezembro deste ano, dado que ser\u00e1 conhecido somente ano que vem. Esse valor \u00e9 calculado em R$ 32 bilh\u00f5es. Numa esp\u00e9cie de &#8220;Plano B&#8221;, o governo enviou uma mensagem modificativa ao PLDO para prever as despesas condicionadas, caso a emenda fosse rejeitada no arcabou\u00e7o, o que de fato ocorreu. Agora, ap\u00f3s o acordo sobre o<strong> arcabou\u00e7o fiscal<\/strong>, Forte deve acatar essa medida. A LDO serve de base para a elabora\u00e7\u00e3o do Projeto de Lei Or\u00e7ament\u00e1ria Anual (PLOA), que precisa chegar ao Congresso at\u00e9 o fim deste m\u00eas.<\/p>\n\n\n\n<p><em>Com Estad\u00e3o Conte\u00fado<\/em> e <em>Ag\u00eancia Brasil<\/em><\/p>\n\n\n\n\n\t<p>\n\t\t<a href=\"https:\/\/lp.suno.com.br\/planilha-da-vida-financeira\/\" target=\"_blank\" data-element=\"shortcode-suno-banner\" title=\"Banner SUNO, clique e saiba mais\">\n\t\t\t<picture>\n\t\t\t\t<source media=\"(max-width: 500px)\" srcset=\"https:\/\/files.sunoresearch.com.br\/n\/uploads\/2023\/04\/400x300-Planilha-vida-financeira-true.png\">\n\t\t\t\t<img class=\"newsContent__article__imgCapa newsContent__article__imgCapa--banner\"\n\t\t\t\t\tsrc=\"https:\/\/files.sunoresearch.com.br\/n\/uploads\/2023\/04\/1420x240-Planilha-vida-financeira-true.png\"\n\t\t\t\t\tdata-promo-id=\"383123\"\t\t\t\t\t\t\t\t\t\twidth='1420' height='240'\t\t\t\t\talt=\"https:\/\/files.sunoresearch.com.br\/n\/uploads\/2023\/04\/1420x240-Planilha-vida-financeira-true.png\"\n\t\t\t\t>\n\t\t\t<\/picture>\n\t\t<\/a>\n\t<\/p>\n\n\n","protected":false},"excerpt":{"rendered":"<p>A C\u00e2mara dos Deputados concluiu nesta ter\u00e7a (22) a vota\u00e7\u00e3o sobre o novo arcabou\u00e7o fiscal. O texto-base segue agora para san\u00e7\u00e3o presidencial. C\u00e2mara dos Deputados e compras internacionais. Foto: Zeca Ribeiro\/C\u00e2mara dos Deputados A C\u00e2mara rejeitou todos os destaques ao texto-base do novo arcabou\u00e7o fiscal at\u00e9 encerrar a vota\u00e7\u00e3o. A lei que substitui o teto [&hellip;]<\/p>\n","protected":false},"author":98,"featured_media":446168,"comment_status":"closed","ping_status":"closed","sticky":false,"template":"","format":"standard","meta":[],"categories":[61],"tags":[938,1128,1068],"suno_strategy":[],"class_list":["post-446125","post","type-post","status-publish","format-standard","has-post-thumbnail","hentry","category-politica","tag-camara-dos-deputados","tag-orcamento-publico","tag-senado-federal"],"yoast_head":"<!-- This site is optimized with the Yoast SEO plugin v24.4 - https:\/\/yoast.com\/wordpress\/plugins\/seo\/ -->\n<title>Arcabou\u00e7o fiscal: C\u00e2mara rejeita destaques e conclui vota\u00e7\u00e3o do texto<\/title>\n<meta name=\"description\" content=\"A C\u00e2mara dos Deputados concluiu nesta ter\u00e7a (22) a vota\u00e7\u00e3o sobre o novo arcabou\u00e7o fiscal. O texto-base segue agora para san\u00e7\u00e3o presidencial.\" \/>\n<meta name=\"robots\" content=\"index, follow, max-snippet:-1, max-image-preview:large, max-video-preview:-1\" \/>\n<link rel=\"canonical\" href=\"https:\/\/www.suno.com.br\/noticias\/arcabouco-fiscal-camara-deputados-texto-contas-publicas-mal\/\" \/>\n<meta property=\"og:locale\" content=\"pt_BR\" \/>\n<meta property=\"og:type\" content=\"article\" \/>\n<meta property=\"og:title\" content=\"Arcabou\u00e7o fiscal: C\u00e2mara rejeita destaques e conclui vota\u00e7\u00e3o do texto\" \/>\n<meta property=\"og:description\" content=\"A C\u00e2mara dos Deputados concluiu nesta ter\u00e7a (22) a vota\u00e7\u00e3o sobre o novo arcabou\u00e7o fiscal. O texto-base segue agora para san\u00e7\u00e3o presidencial.\" \/>\n<meta property=\"og:url\" content=\"https:\/\/www.suno.com.br\/noticias\/arcabouco-fiscal-camara-deputados-texto-contas-publicas-mal\/\" \/>\n<meta property=\"og:site_name\" content=\"Suno Not\u00edcias\" \/>\n<meta property=\"article:publisher\" content=\"https:\/\/facebook.com\/sunoresearch\" \/>\n<meta property=\"og:image\" content=\"https:\/\/files.sunoresearch.com.br\/n\/uploads\/2023\/08\/Camara-dos-Deputados-votacao.jpg\" \/>\n\t<meta property=\"og:image:width\" content=\"1300\" \/>\n\t<meta property=\"og:image:height\" content=\"801\" \/>\n\t<meta property=\"og:image:type\" content=\"image\/jpeg\" \/>\n<meta name=\"author\" content=\"Marco Ant\u00f4nio Lopes\" \/>\n<meta name=\"twitter:card\" content=\"summary_large_image\" \/>\n<meta name=\"twitter:creator\" content=\"@sunoresearch\" \/>\n<meta name=\"twitter:site\" content=\"@sunoresearch\" \/>\n<meta name=\"twitter:label1\" content=\"Escrito por\" \/>\n\t<meta name=\"twitter:data1\" content=\"Marco Ant\u00f4nio Lopes\" \/>\n\t<meta name=\"twitter:label2\" content=\"Est. tempo de leitura\" \/>\n\t<meta name=\"twitter:data2\" content=\"12 minutos\" \/>\n<script type=\"application\/ld+json\" class=\"yoast-schema-graph\">{\"@context\":\"https:\/\/schema.org\",\"@graph\":[{\"@type\":\"NewsArticle\",\"@id\":\"https:\/\/www.suno.com.br\/noticias\/arcabouco-fiscal-camara-deputados-texto-contas-publicas-mal\/#article\",\"isPartOf\":{\"@id\":\"https:\/\/www.suno.com.br\/noticias\/arcabouco-fiscal-camara-deputados-texto-contas-publicas-mal\/\"},\"author\":{\"name\":\"Marco Ant\u00f4nio Lopes\",\"@id\":\"https:\/\/www.suno.com.br\/noticias\/#\/schema\/person\/829bbe8d57f84333b966b96229c6bf5f\"},\"headline\":\"C\u00e2mara conclui vota\u00e7\u00e3o do novo arcabou\u00e7o fiscal; entenda as mudan\u00e7as no texto\",\"datePublished\":\"2023-08-23T00:27:37+00:00\",\"dateModified\":\"2023-08-23T01:12:46+00:00\",\"mainEntityOfPage\":{\"@id\":\"https:\/\/www.suno.com.br\/noticias\/arcabouco-fiscal-camara-deputados-texto-contas-publicas-mal\/\"},\"wordCount\":2252,\"publisher\":{\"@id\":\"https:\/\/www.suno.com.br\/noticias\/#organization\"},\"image\":{\"@id\":\"https:\/\/www.suno.com.br\/noticias\/arcabouco-fiscal-camara-deputados-texto-contas-publicas-mal\/#primaryimage\"},\"thumbnailUrl\":\"https:\/\/files.sunoresearch.com.br\/n\/uploads\/2023\/08\/Camara-dos-Deputados-votacao.jpg\",\"keywords\":[\"C\u00e2mara dos Deputados\",\"Or\u00e7amento P\u00fablico\",\"Senado Federal\"],\"articleSection\":[\"Pol\u00edtica\"],\"inLanguage\":\"pt-BR\"},{\"@type\":\"WebPage\",\"@id\":\"https:\/\/www.suno.com.br\/noticias\/arcabouco-fiscal-camara-deputados-texto-contas-publicas-mal\/\",\"url\":\"https:\/\/www.suno.com.br\/noticias\/arcabouco-fiscal-camara-deputados-texto-contas-publicas-mal\/\",\"name\":\"Arcabou\u00e7o fiscal: C\u00e2mara rejeita destaques e conclui vota\u00e7\u00e3o do texto\",\"isPartOf\":{\"@id\":\"https:\/\/www.suno.com.br\/noticias\/#website\"},\"primaryImageOfPage\":{\"@id\":\"https:\/\/www.suno.com.br\/noticias\/arcabouco-fiscal-camara-deputados-texto-contas-publicas-mal\/#primaryimage\"},\"image\":{\"@id\":\"https:\/\/www.suno.com.br\/noticias\/arcabouco-fiscal-camara-deputados-texto-contas-publicas-mal\/#primaryimage\"},\"thumbnailUrl\":\"https:\/\/files.sunoresearch.com.br\/n\/uploads\/2023\/08\/Camara-dos-Deputados-votacao.jpg\",\"datePublished\":\"2023-08-23T00:27:37+00:00\",\"dateModified\":\"2023-08-23T01:12:46+00:00\",\"description\":\"A C\u00e2mara dos Deputados concluiu nesta ter\u00e7a (22) a vota\u00e7\u00e3o sobre o novo arcabou\u00e7o fiscal. O texto-base segue agora para san\u00e7\u00e3o presidencial.\",\"breadcrumb\":{\"@id\":\"https:\/\/www.suno.com.br\/noticias\/arcabouco-fiscal-camara-deputados-texto-contas-publicas-mal\/#breadcrumb\"},\"inLanguage\":\"pt-BR\",\"potentialAction\":[{\"@type\":\"ReadAction\",\"target\":[\"https:\/\/www.suno.com.br\/noticias\/arcabouco-fiscal-camara-deputados-texto-contas-publicas-mal\/\"]}]},{\"@type\":\"ImageObject\",\"inLanguage\":\"pt-BR\",\"@id\":\"https:\/\/www.suno.com.br\/noticias\/arcabouco-fiscal-camara-deputados-texto-contas-publicas-mal\/#primaryimage\",\"url\":\"https:\/\/files.sunoresearch.com.br\/n\/uploads\/2023\/08\/Camara-dos-Deputados-votacao.jpg\",\"contentUrl\":\"https:\/\/files.sunoresearch.com.br\/n\/uploads\/2023\/08\/Camara-dos-Deputados-votacao.jpg\",\"width\":1300,\"height\":801,\"caption\":\"C\u00e2mara dos Deputados e compras internacionais. Foto: Zeca Ribeiro\/C\u00e2mara dos Deputados\"},{\"@type\":\"BreadcrumbList\",\"@id\":\"https:\/\/www.suno.com.br\/noticias\/arcabouco-fiscal-camara-deputados-texto-contas-publicas-mal\/#breadcrumb\",\"itemListElement\":[{\"@type\":\"ListItem\",\"position\":1,\"name\":\"Not\u00edcias\",\"item\":\"https:\/\/www.suno.com.br\/noticias\/\"},{\"@type\":\"ListItem\",\"position\":2,\"name\":\"Pol\u00edtica\",\"item\":\"https:\/\/www.suno.com.br\/noticias\/politica\/\"},{\"@type\":\"ListItem\",\"position\":3,\"name\":\"C\u00e2mara conclui vota\u00e7\u00e3o do novo arcabou\u00e7o fiscal; entenda as mudan\u00e7as no texto\"}]},{\"@type\":\"WebSite\",\"@id\":\"https:\/\/www.suno.com.br\/noticias\/#website\",\"url\":\"https:\/\/www.suno.com.br\/noticias\/\",\"name\":\"Suno Not\u00edcias\",\"description\":\"Seu portal de informa\u00e7\u00e3o sobre o mundo dos investimentos\",\"publisher\":{\"@id\":\"https:\/\/www.suno.com.br\/noticias\/#organization\"},\"potentialAction\":[{\"@type\":\"SearchAction\",\"target\":{\"@type\":\"EntryPoint\",\"urlTemplate\":\"https:\/\/www.suno.com.br\/noticias\/?s={search_term_string}\"},\"query-input\":{\"@type\":\"PropertyValueSpecification\",\"valueRequired\":true,\"valueName\":\"search_term_string\"}}],\"inLanguage\":\"pt-BR\"},{\"@type\":\"Organization\",\"@id\":\"https:\/\/www.suno.com.br\/noticias\/#organization\",\"name\":\"Suno Not\u00edcias\",\"url\":\"https:\/\/www.suno.com.br\/noticias\/\",\"logo\":{\"@type\":\"ImageObject\",\"inLanguage\":\"pt-BR\",\"@id\":\"https:\/\/www.suno.com.br\/noticias\/#\/schema\/logo\/image\/\",\"url\":\"https:\/\/files.sunoresearch.com.br\/n\/uploads\/2021\/09\/suno-logo.png\",\"contentUrl\":\"https:\/\/files.sunoresearch.com.br\/n\/uploads\/2021\/09\/suno-logo.png\",\"width\":180,\"height\":180,\"caption\":\"Suno Not\u00edcias\"},\"image\":{\"@id\":\"https:\/\/www.suno.com.br\/noticias\/#\/schema\/logo\/image\/\"},\"sameAs\":[\"https:\/\/facebook.com\/sunoresearch\",\"https:\/\/x.com\/sunoresearch\",\"https:\/\/www.instagram.com\/suno\",\"https:\/\/www.linkedin.com\/company\/suno-research\/\",\"https:\/\/www.youtube.com\/c\/sunoresearch\"]},{\"@type\":\"Person\",\"@id\":\"https:\/\/www.suno.com.br\/noticias\/#\/schema\/person\/829bbe8d57f84333b966b96229c6bf5f\",\"name\":\"Marco Ant\u00f4nio Lopes\",\"image\":{\"@type\":\"ImageObject\",\"inLanguage\":\"pt-BR\",\"@id\":\"https:\/\/www.suno.com.br\/noticias\/#\/schema\/person\/image\/\",\"url\":\"https:\/\/secure.gravatar.com\/avatar\/385167b012fbc1cde32c5446ee253313?s=96&r=g\",\"contentUrl\":\"https:\/\/secure.gravatar.com\/avatar\/385167b012fbc1cde32c5446ee253313?s=96&r=g\",\"caption\":\"Marco Ant\u00f4nio Lopes\"},\"description\":\"Jornalista, \u00e9 editor no Suno Not\u00edcias. Trabalhou nas revistas Playboy, Super, Veja Comer &amp; Beber, Homem Vogue e Universo Masculino, al\u00e9m dos portais Abril.com, R7, nas editorias de Home, Esportes, Hora 7, Entretenimento e Geral, e Eu Quero Investir. Autor do livro Bruce Lee: Definitivo (Editora Conrad). Colaborou nas revistas Nova, Veja SP, Grandes Guerras, Placar, Bizz, Casa Claudia e Quatro Rodas.\",\"url\":\"https:\/\/www.suno.com.br\/noticias\/author\/marco-lopes\/\"}]}<\/script>\n<!-- \/ Yoast SEO plugin. -->","yoast_head_json":{"title":"Arcabou\u00e7o fiscal: C\u00e2mara rejeita destaques e conclui vota\u00e7\u00e3o do texto","description":"A C\u00e2mara dos Deputados concluiu nesta ter\u00e7a (22) a vota\u00e7\u00e3o sobre o novo arcabou\u00e7o fiscal. O texto-base segue agora para san\u00e7\u00e3o presidencial.","robots":{"index":"index","follow":"follow","max-snippet":"max-snippet:-1","max-image-preview":"max-image-preview:large","max-video-preview":"max-video-preview:-1"},"canonical":"https:\/\/www.suno.com.br\/noticias\/arcabouco-fiscal-camara-deputados-texto-contas-publicas-mal\/","og_locale":"pt_BR","og_type":"article","og_title":"Arcabou\u00e7o fiscal: C\u00e2mara rejeita destaques e conclui vota\u00e7\u00e3o do texto","og_description":"A C\u00e2mara dos Deputados concluiu nesta ter\u00e7a (22) a vota\u00e7\u00e3o sobre o novo arcabou\u00e7o fiscal. O texto-base segue agora para san\u00e7\u00e3o presidencial.","og_url":"https:\/\/www.suno.com.br\/noticias\/arcabouco-fiscal-camara-deputados-texto-contas-publicas-mal\/","og_site_name":"Suno Not\u00edcias","article_publisher":"https:\/\/facebook.com\/sunoresearch","og_image":[{"width":1300,"height":801,"url":"https:\/\/files.sunoresearch.com.br\/n\/uploads\/2023\/08\/Camara-dos-Deputados-votacao.jpg","type":"image\/jpeg"}],"author":"Marco Ant\u00f4nio Lopes","twitter_card":"summary_large_image","twitter_creator":"@sunoresearch","twitter_site":"@sunoresearch","twitter_misc":{"Escrito por":"Marco Ant\u00f4nio Lopes","Est. tempo de leitura":"12 minutos"},"schema":{"@context":"https:\/\/schema.org","@graph":[{"@type":"NewsArticle","@id":"https:\/\/www.suno.com.br\/noticias\/arcabouco-fiscal-camara-deputados-texto-contas-publicas-mal\/#article","isPartOf":{"@id":"https:\/\/www.suno.com.br\/noticias\/arcabouco-fiscal-camara-deputados-texto-contas-publicas-mal\/"},"author":{"name":"Marco Ant\u00f4nio Lopes","@id":"https:\/\/www.suno.com.br\/noticias\/#\/schema\/person\/829bbe8d57f84333b966b96229c6bf5f"},"headline":"C\u00e2mara conclui vota\u00e7\u00e3o do novo arcabou\u00e7o fiscal; entenda as mudan\u00e7as no texto","datePublished":"2023-08-23T00:27:37+00:00","dateModified":"2023-08-23T01:12:46+00:00","mainEntityOfPage":{"@id":"https:\/\/www.suno.com.br\/noticias\/arcabouco-fiscal-camara-deputados-texto-contas-publicas-mal\/"},"wordCount":2252,"publisher":{"@id":"https:\/\/www.suno.com.br\/noticias\/#organization"},"image":{"@id":"https:\/\/www.suno.com.br\/noticias\/arcabouco-fiscal-camara-deputados-texto-contas-publicas-mal\/#primaryimage"},"thumbnailUrl":"https:\/\/files.sunoresearch.com.br\/n\/uploads\/2023\/08\/Camara-dos-Deputados-votacao.jpg","keywords":["C\u00e2mara dos Deputados","Or\u00e7amento P\u00fablico","Senado Federal"],"articleSection":["Pol\u00edtica"],"inLanguage":"pt-BR"},{"@type":"WebPage","@id":"https:\/\/www.suno.com.br\/noticias\/arcabouco-fiscal-camara-deputados-texto-contas-publicas-mal\/","url":"https:\/\/www.suno.com.br\/noticias\/arcabouco-fiscal-camara-deputados-texto-contas-publicas-mal\/","name":"Arcabou\u00e7o fiscal: C\u00e2mara rejeita destaques e conclui vota\u00e7\u00e3o do texto","isPartOf":{"@id":"https:\/\/www.suno.com.br\/noticias\/#website"},"primaryImageOfPage":{"@id":"https:\/\/www.suno.com.br\/noticias\/arcabouco-fiscal-camara-deputados-texto-contas-publicas-mal\/#primaryimage"},"image":{"@id":"https:\/\/www.suno.com.br\/noticias\/arcabouco-fiscal-camara-deputados-texto-contas-publicas-mal\/#primaryimage"},"thumbnailUrl":"https:\/\/files.sunoresearch.com.br\/n\/uploads\/2023\/08\/Camara-dos-Deputados-votacao.jpg","datePublished":"2023-08-23T00:27:37+00:00","dateModified":"2023-08-23T01:12:46+00:00","description":"A C\u00e2mara dos Deputados concluiu nesta ter\u00e7a (22) a vota\u00e7\u00e3o sobre o novo arcabou\u00e7o fiscal. O texto-base segue agora para san\u00e7\u00e3o presidencial.","breadcrumb":{"@id":"https:\/\/www.suno.com.br\/noticias\/arcabouco-fiscal-camara-deputados-texto-contas-publicas-mal\/#breadcrumb"},"inLanguage":"pt-BR","potentialAction":[{"@type":"ReadAction","target":["https:\/\/www.suno.com.br\/noticias\/arcabouco-fiscal-camara-deputados-texto-contas-publicas-mal\/"]}]},{"@type":"ImageObject","inLanguage":"pt-BR","@id":"https:\/\/www.suno.com.br\/noticias\/arcabouco-fiscal-camara-deputados-texto-contas-publicas-mal\/#primaryimage","url":"https:\/\/files.sunoresearch.com.br\/n\/uploads\/2023\/08\/Camara-dos-Deputados-votacao.jpg","contentUrl":"https:\/\/files.sunoresearch.com.br\/n\/uploads\/2023\/08\/Camara-dos-Deputados-votacao.jpg","width":1300,"height":801,"caption":"C\u00e2mara dos Deputados e compras internacionais. Foto: Zeca Ribeiro\/C\u00e2mara dos Deputados"},{"@type":"BreadcrumbList","@id":"https:\/\/www.suno.com.br\/noticias\/arcabouco-fiscal-camara-deputados-texto-contas-publicas-mal\/#breadcrumb","itemListElement":[{"@type":"ListItem","position":1,"name":"Not\u00edcias","item":"https:\/\/www.suno.com.br\/noticias\/"},{"@type":"ListItem","position":2,"name":"Pol\u00edtica","item":"https:\/\/www.suno.com.br\/noticias\/politica\/"},{"@type":"ListItem","position":3,"name":"C\u00e2mara conclui vota\u00e7\u00e3o do novo arcabou\u00e7o fiscal; entenda as mudan\u00e7as no texto"}]},{"@type":"WebSite","@id":"https:\/\/www.suno.com.br\/noticias\/#website","url":"https:\/\/www.suno.com.br\/noticias\/","name":"Suno Not\u00edcias","description":"Seu portal de informa\u00e7\u00e3o sobre o mundo dos investimentos","publisher":{"@id":"https:\/\/www.suno.com.br\/noticias\/#organization"},"potentialAction":[{"@type":"SearchAction","target":{"@type":"EntryPoint","urlTemplate":"https:\/\/www.suno.com.br\/noticias\/?s={search_term_string}"},"query-input":{"@type":"PropertyValueSpecification","valueRequired":true,"valueName":"search_term_string"}}],"inLanguage":"pt-BR"},{"@type":"Organization","@id":"https:\/\/www.suno.com.br\/noticias\/#organization","name":"Suno Not\u00edcias","url":"https:\/\/www.suno.com.br\/noticias\/","logo":{"@type":"ImageObject","inLanguage":"pt-BR","@id":"https:\/\/www.suno.com.br\/noticias\/#\/schema\/logo\/image\/","url":"https:\/\/files.sunoresearch.com.br\/n\/uploads\/2021\/09\/suno-logo.png","contentUrl":"https:\/\/files.sunoresearch.com.br\/n\/uploads\/2021\/09\/suno-logo.png","width":180,"height":180,"caption":"Suno Not\u00edcias"},"image":{"@id":"https:\/\/www.suno.com.br\/noticias\/#\/schema\/logo\/image\/"},"sameAs":["https:\/\/facebook.com\/sunoresearch","https:\/\/x.com\/sunoresearch","https:\/\/www.instagram.com\/suno","https:\/\/www.linkedin.com\/company\/suno-research\/","https:\/\/www.youtube.com\/c\/sunoresearch"]},{"@type":"Person","@id":"https:\/\/www.suno.com.br\/noticias\/#\/schema\/person\/829bbe8d57f84333b966b96229c6bf5f","name":"Marco Ant\u00f4nio Lopes","image":{"@type":"ImageObject","inLanguage":"pt-BR","@id":"https:\/\/www.suno.com.br\/noticias\/#\/schema\/person\/image\/","url":"https:\/\/secure.gravatar.com\/avatar\/385167b012fbc1cde32c5446ee253313?s=96&r=g","contentUrl":"https:\/\/secure.gravatar.com\/avatar\/385167b012fbc1cde32c5446ee253313?s=96&r=g","caption":"Marco Ant\u00f4nio Lopes"},"description":"Jornalista, \u00e9 editor no Suno Not\u00edcias. Trabalhou nas revistas Playboy, Super, Veja Comer &amp; Beber, Homem Vogue e Universo Masculino, al\u00e9m dos portais Abril.com, R7, nas editorias de Home, Esportes, Hora 7, Entretenimento e Geral, e Eu Quero Investir. Autor do livro Bruce Lee: Definitivo (Editora Conrad). Colaborou nas revistas Nova, Veja SP, Grandes Guerras, Placar, Bizz, Casa Claudia e Quatro Rodas.","url":"https:\/\/www.suno.com.br\/noticias\/author\/marco-lopes\/"}]}},"default_loop_html":"<div class=\"cardsPage__listCard__boxs\"><div class=\"cardsPage__listCard__boxs__img\"><a href=\"https:\/\/www.suno.com.br\/noticias\/arcabouco-fiscal-camara-deputados-texto-contas-publicas-mal\/\"><img class=\"mask\" src=\"https:\/\/www.suno.com.br\/noticias\/wp-content\/themes\/suno\/resources\/images\/spotlight\/spotlight1img\/bg-mask.png\" alt=\"Image Mask\"\/><img src=\"https:\/\/files.sunoresearch.com.br\/n\/uploads\/2023\/08\/Camara-dos-Deputados-votacao-400x200.jpg\" alt=\"C\u00e2mara conclui vota\u00e7\u00e3o do novo arcabou\u00e7o fiscal; entenda as mudan\u00e7as no texto\"\/><\/a><span class=\"spotlightCategory\"><a href=\"https:\/\/www.suno.com.br\/noticias\/politica\/\">Pol\u00edtica<\/a><\/span><\/div><div class=\"cardsPage__listCard__boxs__content\"><a href=\"https:\/\/www.suno.com.br\/noticias\/arcabouco-fiscal-camara-deputados-texto-contas-publicas-mal\/\"><h2 class=\"content__title\">C\u00e2mara conclui vota\u00e7\u00e3o do novo arcabou\u00e7o fiscal; entenda as mudan\u00e7as no texto<\/h2><\/a><div class=\"newsContent__article__meta\"><div class=\"newsContent__article__meta__authorBox\"><a href=\"https:\/\/www.suno.com.br\/noticias\/author\/eduardo-vargas\/\" class=\"authorBox__avatar noMobi\"><img src=\"https:\/\/secure.gravatar.com\/avatar\/dac340933427a22924c9f99d1eb2e3f2?s=96&#038;r=g\" alt=\"Eduardo Vargas\"><\/a><div class=\"authorBox__name\"><span>por\n\t\t\t<a href=\"https:\/\/www.suno.com.br\/noticias\/author\/eduardo-vargas\/\"><span itemprop=\"author\">Eduardo Vargas<\/span><\/a><\/span><time datetime=\"2023-08-22T21:27:37-03:00\" itemprop=\"datePublished\">22\/08\/2023 21:27<\/time><\/div><\/div><\/div><\/div><\/div>","single_layout":"posts","amp_enabled":true,"_links":{"self":[{"href":"https:\/\/www.suno.com.br\/noticias\/wp-json\/wp\/v2\/posts\/446125"}],"collection":[{"href":"https:\/\/www.suno.com.br\/noticias\/wp-json\/wp\/v2\/posts"}],"about":[{"href":"https:\/\/www.suno.com.br\/noticias\/wp-json\/wp\/v2\/types\/post"}],"author":[{"embeddable":true,"href":"https:\/\/www.suno.com.br\/noticias\/wp-json\/wp\/v2\/users\/98"}],"replies":[{"embeddable":true,"href":"https:\/\/www.suno.com.br\/noticias\/wp-json\/wp\/v2\/comments?post=446125"}],"version-history":[{"count":2,"href":"https:\/\/www.suno.com.br\/noticias\/wp-json\/wp\/v2\/posts\/446125\/revisions"}],"predecessor-version":[{"id":446177,"href":"https:\/\/www.suno.com.br\/noticias\/wp-json\/wp\/v2\/posts\/446125\/revisions\/446177"}],"wp:featuredmedia":[{"embeddable":true,"href":"https:\/\/www.suno.com.br\/noticias\/wp-json\/wp\/v2\/media\/446168"}],"wp:attachment":[{"href":"https:\/\/www.suno.com.br\/noticias\/wp-json\/wp\/v2\/media?parent=446125"}],"wp:term":[{"taxonomy":"category","embeddable":true,"href":"https:\/\/www.suno.com.br\/noticias\/wp-json\/wp\/v2\/categories?post=446125"},{"taxonomy":"post_tag","embeddable":true,"href":"https:\/\/www.suno.com.br\/noticias\/wp-json\/wp\/v2\/tags?post=446125"},{"taxonomy":"suno_strategy","embeddable":true,"href":"https:\/\/www.suno.com.br\/noticias\/wp-json\/wp\/v2\/suno_strategy?post=446125"}],"curies":[{"name":"wp","href":"https:\/\/api.w.org\/{rel}","templated":true}]}}