{"id":446091,"date":"2023-08-22T20:22:35","date_gmt":"2023-08-22T23:22:35","guid":{"rendered":"https:\/\/www.suno.com.br\/noticias\/?p=446091"},"modified":"2023-08-22T22:14:44","modified_gmt":"2023-08-23T01:14:44","slug":"taesa-taee11-ganha-sinal-verde-parana-ananai-evm","status":"publish","type":"post","link":"https:\/\/www.suno.com.br\/noticias\/taesa-taee11-ganha-sinal-verde-parana-ananai-evm\/","title":{"rendered":"Taesa (TAEE11) ganha &#8216;sinal verde&#8217; para operar no Paran\u00e1"},"content":{"rendered":"<p>A <a class=\"suno-keyword\" data-force=\"yes\" data-priority=\"2\" href=\"https:\/\/www.suno.com.br\/acoes\/TAEE11\/\" target=\"_blank\" rel=\"noopener\"><strong>Taesa<\/strong> (TAEE11)<\/a> comunicou que o Instituto \u00c1gua e Terra da Secretaria de Estado do Desenvolvimento Sustent\u00e1vel do Estado do Paran\u00e1 concedeu licen\u00e7a pr\u00e9via para a companhia operar como transmissora no trecho Bateias-Curitiba Leste (C1\/C2).<\/p>\t<div class=\"wrapper-featured-image\">\n\t\t<figure class=\"spotlightImg\">\n\n\t\t\t<picture>\n\t\t\t\t<source media=\"(max-width: 768px)\" srcset=\"https:\/\/files.sunoresearch.com.br\/n\/uploads\/2022\/08\/taesa-taee11-400x200.jpg\">\n\t\t\t\t<img loading=\"lazy\" decoding=\"async\" class=\"newsContent__article__imgCapa lazyloadDisabled \" src=\"https:\/\/files.sunoresearch.com.br\/n\/uploads\/2022\/08\/taesa-taee11-800x450.jpg\" width=\"800\" height=\"450\" alt=\"Taesa (TAEE11) ganha &#8216;sinal verde&#8217; para operar no Paran\u00e1\" fetchpriority=high \/>\n\t\t\t<\/picture>\n\n\t\t\t<figcaption class=\"wp-caption-text wp-caption-text--show\">Taesa (TAEE11). Foto: Unsplash<\/figcaption>\n\t\t<\/figure>\n\t<\/div>\n\n\n\n\n\n\t<p>\n\t\t<a href=\"\" target=\"_blank\" data-element=\"shortcode-suno-banner\" title=\"Banner SUNO, clique e saiba mais\">\n\t\t\t<picture>\n\t\t\t\t<source media=\"(max-width: 500px)\" srcset=\"\">\n\t\t\t\t<img class=\"newsContent__article__imgCapa newsContent__article__imgCapa--banner\"\n\t\t\t\t\tsrc=\"\"\n\t\t\t\t\tdata-promo-id=\"287935\"\t\t\t\t\t\t\t\t\t\t\t\t\t\t\talt=\"\"\n\t\t\t\t>\n\t\t\t<\/picture>\n\t\t<\/a>\n\t<\/p>\n\n\n\n\n\n\n\n<p>Ao todo, a linha que a <strong>Taesa ganhou licen\u00e7a<\/strong> possui 75 km. Al\u00e9m disso, foram inclu\u00eddas as obras de amplia\u00e7\u00e3o das Subesta\u00e7\u00f5es SE Bateias e SE Curitiba Leste a serem interligadas &#8211; referentes \u00e0s instala\u00e7\u00e3o da Anana\u00ed.<\/p>\n\n\n\n<p>O prazo para estipulado pela Aneel para a energiza\u00e7\u00e3o de Anana\u00ed \u00e9 mar\u00e7o de 2027.<\/p>\n\n\n\n<p>A Anana\u00ed \u00e9 um empreendimento referente ao lote 1 do leil\u00e3o de transmiss\u00e3o, realizado ainda em 2021 e controlada inteiramente pela Taesa.<\/p>\n\n\n\n<p>O empreendimento tem extens\u00e3o total de cerca de 363 quil\u00f4metros de linhas de transmiss\u00e3o, ficando em S\u00e3o Paulo e no Paran\u00e1.<\/p>\n\n\n\n<p>O empreendimento em quest\u00e3o tamb\u00e9m tem RAP (receita anual permitida) de R$ 166,2 milh\u00f5es para o ciclo 2023-2024 e um Capex ANEEL de R$ 1,75 bilh\u00e3o.<\/p>\n\n\n\n<h2 class=\"wp-block-heading\">Taesa vai captar R$ 800 milh\u00f5es com emiss\u00e3o de deb\u00eantures<\/h2>\n\n\n\n<p>A companhia el\u00e9trica anunciou na v\u00e9spera que seu <a class=\"suno-keyword\" data-force=\"no\" data-priority=\"1\" href=\"https:\/\/www.suno.com.br\/artigos\/conselho-administracao\/\" target=\"_blank\" rel=\"noopener\">Conselho de Administra\u00e7\u00e3o<\/a> aprovou uma emiss\u00e3o de deb\u00eantures de at\u00e9 R$ 800 milh\u00f5es.<\/p>\n\n\n\t<p>\n\t\t<a href=\"https:\/\/lp.suno.com.br\/plataforma-de-controle-de-investimentos\/\" target=\"_blank\" data-element=\"shortcode-suno-banner\" title=\"Banner SUNO, clique e saiba mais\">\n\t\t\t<picture>\n\t\t\t\t<source media=\"(max-width: 500px)\" srcset=\"https:\/\/files.sunoresearch.com.br\/n\/uploads\/2023\/03\/400x300-Controle-de-Investimentos.png\">\n\t\t\t\t<img class=\"newsContent__article__imgCapa newsContent__article__imgCapa--banner\"\n\t\t\t\t\tsrc=\"https:\/\/files.sunoresearch.com.br\/n\/uploads\/2023\/03\/1420x240-Controle-de-Investimentos.png\"\n\t\t\t\t\tdata-promo-id=\"383162\"\t\t\t\t\t\t\t\t\t\twidth='1420' height='240'\t\t\t\t\talt=\"https:\/\/files.sunoresearch.com.br\/n\/uploads\/2023\/03\/1420x240-Controle-de-Investimentos.png\"\n\t\t\t\t>\n\t\t\t<\/picture>\n\t\t<\/a>\n\t<\/p>\n\n\n\n\n\n<p>Conforme comunicado pela Taesa nesta segunda-feira (21), ser\u00e3o deb\u00eantures simples, n\u00e3o convers\u00edveis em a\u00e7\u00f5es, da esp\u00e9cie quirograf\u00e1ria, em at\u00e9 tr\u00eas s\u00e9ries.<\/p>\n\n\n\n<p>A emiss\u00e3o de deb\u00eantures da Taesa \u00e9 a 14\u00aa da companhia. Ser\u00e3o emitidas 800 mil deb\u00eantures com valor de R$ 1 mil cada.<\/p>\n\n\n\n<p>&#8220;A quantidade de Deb\u00eantures alocada em cada s\u00e9rie ser\u00e1 ratificada por meio de aditamento da Escritura, sem necessidade de nova aprova\u00e7\u00e3o societ\u00e1ria pela Companhia, ou de realiza\u00e7\u00e3o de assembleia geral de debenturistas&#8221;, destaca a companhia el\u00e9trica sobre o procedimento de Bookbuilding.<\/p>\n\n\n\n<p>As deb\u00eantures ter\u00e3o como prazo e data de vencimento:<\/p>\n\n\n\n<ul class=\"wp-block-list\">\n<li>Primeira s\u00e9rie: 10 anos<\/li>\n\n\n\n<li>Segunda s\u00e9rie: 12 anos<\/li>\n\n\n\n<li>Terceira s\u00e9rie: 15 anos<\/li>\n<\/ul>\n\n\n\n<p>Segundo a <strong><a href=\"https:\/\/statusinvest.com.br\/acoes\/taee11\" target=\"_blank\" rel=\"noreferrer noopener\">TAEE11<\/a><\/strong>, o dinheiro captado com as deb\u00eantures ser\u00e1 utilizado &#8220;\u00fanica e exclusivamente, para investimento, pagamento futuro ou reembolso de gastos, despesas ou d\u00edvidas relacionadas ao Projeto Novatrans, Projeto Anana\u00ed, Projeto Pitiguari e Projeto Sa\u00edra&#8221;.<\/p>\n\n\n\n<p>Conforme comunicado ao mercado da companhia na \u00faltima semana, a companhia pagou rendimentos de juros aos seus detentores de deb\u00eantures da 13\u00aa emiss\u00e3o.<\/p>\n\n\n\n<p>Foram pagos R$ 65,35733800 por deb\u00eanture da <strong>Taesa<\/strong>, ou TAEEA3. Com isso, os pagamentos totalizam R$ 65,3 milh\u00f5es em rendimentos.<\/p>\n\n\n\t<p>\n\t\t<a href=\"https:\/\/lp.suno.com.br\/ebook-como-analisar-uma-acao\/\" target=\"_blank\" data-element=\"shortcode-suno-banner\" title=\"Banner SUNO, clique e saiba mais\">\n\t\t\t<picture>\n\t\t\t\t<source media=\"(max-width: 500px)\" srcset=\"https:\/\/files.sunoresearch.com.br\/n\/uploads\/2023\/03\/Ebook-Acoes-Mobile.jpg\">\n\t\t\t\t<img class=\"newsContent__article__imgCapa newsContent__article__imgCapa--banner\"\n\t\t\t\t\tsrc=\"https:\/\/files.sunoresearch.com.br\/n\/uploads\/2023\/03\/Ebook-Acoes-Desktop.jpg\"\n\t\t\t\t\tdata-promo-id=\"378302\"\t\t\t\t\t\t\t\t\t\twidth='1420' height='286'\t\t\t\t\talt=\"https:\/\/files.sunoresearch.com.br\/n\/uploads\/2023\/03\/Ebook-Acoes-Desktop.jpg\"\n\t\t\t\t>\n\t\t\t<\/picture>\n\t\t<\/a>\n\t<\/p>\n\n\n","protected":false},"excerpt":{"rendered":"<p>A Taesa (TAEE11) comunicou que o Instituto \u00c1gua e Terra da Secretaria de Estado do Desenvolvimento Sustent\u00e1vel do Estado do Paran\u00e1 concedeu licen\u00e7a pr\u00e9via para a companhia operar como transmissora no trecho Bateias-Curitiba Leste (C1\/C2). Taesa (TAEE11). Foto: Unsplash Ao todo, a linha que a Taesa ganhou licen\u00e7a possui 75 km. Al\u00e9m disso, foram inclu\u00eddas [&hellip;]<\/p>\n","protected":false},"author":73,"featured_media":284103,"comment_status":"closed","ping_status":"closed","sticky":false,"template":"","format":"standard","meta":[],"categories":[64],"tags":[106446,649],"suno_strategy":[],"class_list":["post-446091","post","type-post","status-publish","format-standard","has-post-thumbnail","hentry","category-negocios","tag-taee11","tag-taesa-taee11-taee3-taee4"],"yoast_head":"<!-- This site is optimized with the Yoast SEO plugin v24.4 - https:\/\/yoast.com\/wordpress\/plugins\/seo\/ -->\n<title>Taesa (TAEE11) ganha &#039;sinal verde&#039; para operar no Paran\u00e1<\/title>\n<meta name=\"description\" content=\"Ao todo, a linha que a Taesa ganhou licen\u00e7a possui 75 kk; foi inclu\u00eddo as obras de amplia\u00e7\u00e3o das Subesta\u00e7\u00f5es SE Bateias e SE Curitiba Leste\" \/>\n<meta name=\"robots\" content=\"index, follow, max-snippet:-1, max-image-preview:large, max-video-preview:-1\" \/>\n<link rel=\"canonical\" href=\"https:\/\/www.suno.com.br\/noticias\/taesa-taee11-ganha-sinal-verde-parana-ananai-evm\/\" \/>\n<meta property=\"og:locale\" content=\"pt_BR\" \/>\n<meta property=\"og:type\" content=\"article\" \/>\n<meta property=\"og:title\" content=\"Taesa (TAEE11) ganha &#039;sinal verde&#039; para operar no Paran\u00e1\" \/>\n<meta property=\"og:description\" content=\"Ao todo, a linha que a Taesa ganhou licen\u00e7a possui 75 kk; foi inclu\u00eddo as obras de amplia\u00e7\u00e3o das Subesta\u00e7\u00f5es SE Bateias e SE Curitiba Leste\" \/>\n<meta property=\"og:url\" content=\"https:\/\/www.suno.com.br\/noticias\/taesa-taee11-ganha-sinal-verde-parana-ananai-evm\/\" \/>\n<meta property=\"og:site_name\" content=\"Suno Not\u00edcias\" \/>\n<meta property=\"article:publisher\" content=\"https:\/\/facebook.com\/sunoresearch\" \/>\n<meta property=\"og:image\" content=\"https:\/\/files.sunoresearch.com.br\/n\/uploads\/2022\/08\/taesa-taee11-scaled-e1660238194539.jpg\" \/>\n\t<meta property=\"og:image:width\" content=\"1200\" \/>\n\t<meta property=\"og:image:height\" content=\"800\" \/>\n\t<meta property=\"og:image:type\" content=\"image\/jpeg\" \/>\n<meta name=\"author\" content=\"Eduardo Vargas\" \/>\n<meta name=\"twitter:card\" content=\"summary_large_image\" \/>\n<meta name=\"twitter:creator\" content=\"@sunoresearch\" \/>\n<meta name=\"twitter:site\" content=\"@sunoresearch\" \/>\n<meta name=\"twitter:label1\" content=\"Escrito por\" \/>\n\t<meta name=\"twitter:data1\" content=\"Eduardo Vargas\" \/>\n\t<meta name=\"twitter:label2\" content=\"Est. tempo de leitura\" \/>\n\t<meta name=\"twitter:data2\" content=\"3 minutos\" \/>\n<script type=\"application\/ld+json\" class=\"yoast-schema-graph\">{\"@context\":\"https:\/\/schema.org\",\"@graph\":[{\"@type\":\"NewsArticle\",\"@id\":\"https:\/\/www.suno.com.br\/noticias\/taesa-taee11-ganha-sinal-verde-parana-ananai-evm\/#article\",\"isPartOf\":{\"@id\":\"https:\/\/www.suno.com.br\/noticias\/taesa-taee11-ganha-sinal-verde-parana-ananai-evm\/\"},\"author\":{\"name\":\"Eduardo Vargas\",\"@id\":\"https:\/\/www.suno.com.br\/noticias\/#\/schema\/person\/7f4d362bf3518e76090143ae77bb49a5\"},\"headline\":\"Taesa (TAEE11) ganha &#8216;sinal verde&#8217; para operar no Paran\u00e1\",\"datePublished\":\"2023-08-22T23:22:35+00:00\",\"dateModified\":\"2023-08-23T01:14:44+00:00\",\"mainEntityOfPage\":{\"@id\":\"https:\/\/www.suno.com.br\/noticias\/taesa-taee11-ganha-sinal-verde-parana-ananai-evm\/\"},\"wordCount\":430,\"publisher\":{\"@id\":\"https:\/\/www.suno.com.br\/noticias\/#organization\"},\"image\":{\"@id\":\"https:\/\/www.suno.com.br\/noticias\/taesa-taee11-ganha-sinal-verde-parana-ananai-evm\/#primaryimage\"},\"thumbnailUrl\":\"https:\/\/files.sunoresearch.com.br\/n\/uploads\/2022\/08\/taesa-taee11-scaled-e1660238194539.jpg\",\"keywords\":[\"TAEE11\",\"Taesa (TAEE11\/TAEE3\/TAEE4)\"],\"articleSection\":[\"Neg\u00f3cios\"],\"inLanguage\":\"pt-BR\"},{\"@type\":\"WebPage\",\"@id\":\"https:\/\/www.suno.com.br\/noticias\/taesa-taee11-ganha-sinal-verde-parana-ananai-evm\/\",\"url\":\"https:\/\/www.suno.com.br\/noticias\/taesa-taee11-ganha-sinal-verde-parana-ananai-evm\/\",\"name\":\"Taesa (TAEE11) ganha 'sinal verde' para operar no Paran\u00e1\",\"isPartOf\":{\"@id\":\"https:\/\/www.suno.com.br\/noticias\/#website\"},\"primaryImageOfPage\":{\"@id\":\"https:\/\/www.suno.com.br\/noticias\/taesa-taee11-ganha-sinal-verde-parana-ananai-evm\/#primaryimage\"},\"image\":{\"@id\":\"https:\/\/www.suno.com.br\/noticias\/taesa-taee11-ganha-sinal-verde-parana-ananai-evm\/#primaryimage\"},\"thumbnailUrl\":\"https:\/\/files.sunoresearch.com.br\/n\/uploads\/2022\/08\/taesa-taee11-scaled-e1660238194539.jpg\",\"datePublished\":\"2023-08-22T23:22:35+00:00\",\"dateModified\":\"2023-08-23T01:14:44+00:00\",\"description\":\"Ao todo, a linha que a Taesa ganhou licen\u00e7a possui 75 kk; foi inclu\u00eddo as obras de amplia\u00e7\u00e3o das Subesta\u00e7\u00f5es SE Bateias e SE Curitiba Leste\",\"breadcrumb\":{\"@id\":\"https:\/\/www.suno.com.br\/noticias\/taesa-taee11-ganha-sinal-verde-parana-ananai-evm\/#breadcrumb\"},\"inLanguage\":\"pt-BR\",\"potentialAction\":[{\"@type\":\"ReadAction\",\"target\":[\"https:\/\/www.suno.com.br\/noticias\/taesa-taee11-ganha-sinal-verde-parana-ananai-evm\/\"]}]},{\"@type\":\"ImageObject\",\"inLanguage\":\"pt-BR\",\"@id\":\"https:\/\/www.suno.com.br\/noticias\/taesa-taee11-ganha-sinal-verde-parana-ananai-evm\/#primaryimage\",\"url\":\"https:\/\/files.sunoresearch.com.br\/n\/uploads\/2022\/08\/taesa-taee11-scaled-e1660238194539.jpg\",\"contentUrl\":\"https:\/\/files.sunoresearch.com.br\/n\/uploads\/2022\/08\/taesa-taee11-scaled-e1660238194539.jpg\",\"width\":1200,\"height\":800,\"caption\":\"Taesa (TAEE11). Foto: Unsplash\"},{\"@type\":\"BreadcrumbList\",\"@id\":\"https:\/\/www.suno.com.br\/noticias\/taesa-taee11-ganha-sinal-verde-parana-ananai-evm\/#breadcrumb\",\"itemListElement\":[{\"@type\":\"ListItem\",\"position\":1,\"name\":\"Not\u00edcias\",\"item\":\"https:\/\/www.suno.com.br\/noticias\/\"},{\"@type\":\"ListItem\",\"position\":2,\"name\":\"Neg\u00f3cios\",\"item\":\"https:\/\/www.suno.com.br\/noticias\/negocios\/\"},{\"@type\":\"ListItem\",\"position\":3,\"name\":\"Taesa (TAEE11) ganha &#8216;sinal verde&#8217; para operar no Paran\u00e1\"}]},{\"@type\":\"WebSite\",\"@id\":\"https:\/\/www.suno.com.br\/noticias\/#website\",\"url\":\"https:\/\/www.suno.com.br\/noticias\/\",\"name\":\"Suno Not\u00edcias\",\"description\":\"Seu portal de informa\u00e7\u00e3o sobre o mundo dos investimentos\",\"publisher\":{\"@id\":\"https:\/\/www.suno.com.br\/noticias\/#organization\"},\"potentialAction\":[{\"@type\":\"SearchAction\",\"target\":{\"@type\":\"EntryPoint\",\"urlTemplate\":\"https:\/\/www.suno.com.br\/noticias\/?s={search_term_string}\"},\"query-input\":{\"@type\":\"PropertyValueSpecification\",\"valueRequired\":true,\"valueName\":\"search_term_string\"}}],\"inLanguage\":\"pt-BR\"},{\"@type\":\"Organization\",\"@id\":\"https:\/\/www.suno.com.br\/noticias\/#organization\",\"name\":\"Suno Not\u00edcias\",\"url\":\"https:\/\/www.suno.com.br\/noticias\/\",\"logo\":{\"@type\":\"ImageObject\",\"inLanguage\":\"pt-BR\",\"@id\":\"https:\/\/www.suno.com.br\/noticias\/#\/schema\/logo\/image\/\",\"url\":\"https:\/\/files.sunoresearch.com.br\/n\/uploads\/2021\/09\/suno-logo.png\",\"contentUrl\":\"https:\/\/files.sunoresearch.com.br\/n\/uploads\/2021\/09\/suno-logo.png\",\"width\":180,\"height\":180,\"caption\":\"Suno Not\u00edcias\"},\"image\":{\"@id\":\"https:\/\/www.suno.com.br\/noticias\/#\/schema\/logo\/image\/\"},\"sameAs\":[\"https:\/\/facebook.com\/sunoresearch\",\"https:\/\/x.com\/sunoresearch\",\"https:\/\/www.instagram.com\/suno\",\"https:\/\/www.linkedin.com\/company\/suno-research\/\",\"https:\/\/www.youtube.com\/c\/sunoresearch\"]},{\"@type\":\"Person\",\"@id\":\"https:\/\/www.suno.com.br\/noticias\/#\/schema\/person\/7f4d362bf3518e76090143ae77bb49a5\",\"name\":\"Eduardo Vargas\",\"image\":{\"@type\":\"ImageObject\",\"inLanguage\":\"pt-BR\",\"@id\":\"https:\/\/www.suno.com.br\/noticias\/#\/schema\/person\/image\/\",\"url\":\"https:\/\/secure.gravatar.com\/avatar\/dac340933427a22924c9f99d1eb2e3f2?s=96&r=g\",\"contentUrl\":\"https:\/\/secure.gravatar.com\/avatar\/dac340933427a22924c9f99d1eb2e3f2?s=96&r=g\",\"caption\":\"Eduardo Vargas\"},\"description\":\"Jornalista formado pela UFSC, cobre macroeconomia, neg\u00f3cios e startups para o Suno Not\u00edcias, escrevendo principalmente not\u00edcias sobre o mercado financeiro e a bolsa de valores. No YouTube e no Instagram, \u00e9 respons\u00e1vel pela produ\u00e7\u00e3o de Reels e Shorts do Suno Not\u00edcias. Anteriormente, trabalhou cobrindo economia e cotidiano no ND+ e para o ND, maior jornal impresso de Santa Catarina. Cursou um semestre letivo de Estudos de M\u00eddia na Universidad de Buenos Aires.\",\"url\":\"https:\/\/www.suno.com.br\/noticias\/author\/eduardo-vargas\/\"}]}<\/script>\n<!-- \/ Yoast SEO plugin. -->","yoast_head_json":{"title":"Taesa (TAEE11) ganha 'sinal verde' para operar no Paran\u00e1","description":"Ao todo, a linha que a Taesa ganhou licen\u00e7a possui 75 kk; foi inclu\u00eddo as obras de amplia\u00e7\u00e3o das Subesta\u00e7\u00f5es SE Bateias e SE Curitiba Leste","robots":{"index":"index","follow":"follow","max-snippet":"max-snippet:-1","max-image-preview":"max-image-preview:large","max-video-preview":"max-video-preview:-1"},"canonical":"https:\/\/www.suno.com.br\/noticias\/taesa-taee11-ganha-sinal-verde-parana-ananai-evm\/","og_locale":"pt_BR","og_type":"article","og_title":"Taesa (TAEE11) ganha 'sinal verde' para operar no Paran\u00e1","og_description":"Ao todo, a linha que a Taesa ganhou licen\u00e7a possui 75 kk; foi inclu\u00eddo as obras de amplia\u00e7\u00e3o das Subesta\u00e7\u00f5es SE Bateias e SE Curitiba Leste","og_url":"https:\/\/www.suno.com.br\/noticias\/taesa-taee11-ganha-sinal-verde-parana-ananai-evm\/","og_site_name":"Suno Not\u00edcias","article_publisher":"https:\/\/facebook.com\/sunoresearch","og_image":[{"width":1200,"height":800,"url":"https:\/\/files.sunoresearch.com.br\/n\/uploads\/2022\/08\/taesa-taee11-scaled-e1660238194539.jpg","type":"image\/jpeg"}],"author":"Eduardo Vargas","twitter_card":"summary_large_image","twitter_creator":"@sunoresearch","twitter_site":"@sunoresearch","twitter_misc":{"Escrito por":"Eduardo Vargas","Est. tempo de leitura":"3 minutos"},"schema":{"@context":"https:\/\/schema.org","@graph":[{"@type":"NewsArticle","@id":"https:\/\/www.suno.com.br\/noticias\/taesa-taee11-ganha-sinal-verde-parana-ananai-evm\/#article","isPartOf":{"@id":"https:\/\/www.suno.com.br\/noticias\/taesa-taee11-ganha-sinal-verde-parana-ananai-evm\/"},"author":{"name":"Eduardo Vargas","@id":"https:\/\/www.suno.com.br\/noticias\/#\/schema\/person\/7f4d362bf3518e76090143ae77bb49a5"},"headline":"Taesa (TAEE11) ganha &#8216;sinal verde&#8217; para operar no Paran\u00e1","datePublished":"2023-08-22T23:22:35+00:00","dateModified":"2023-08-23T01:14:44+00:00","mainEntityOfPage":{"@id":"https:\/\/www.suno.com.br\/noticias\/taesa-taee11-ganha-sinal-verde-parana-ananai-evm\/"},"wordCount":430,"publisher":{"@id":"https:\/\/www.suno.com.br\/noticias\/#organization"},"image":{"@id":"https:\/\/www.suno.com.br\/noticias\/taesa-taee11-ganha-sinal-verde-parana-ananai-evm\/#primaryimage"},"thumbnailUrl":"https:\/\/files.sunoresearch.com.br\/n\/uploads\/2022\/08\/taesa-taee11-scaled-e1660238194539.jpg","keywords":["TAEE11","Taesa (TAEE11\/TAEE3\/TAEE4)"],"articleSection":["Neg\u00f3cios"],"inLanguage":"pt-BR"},{"@type":"WebPage","@id":"https:\/\/www.suno.com.br\/noticias\/taesa-taee11-ganha-sinal-verde-parana-ananai-evm\/","url":"https:\/\/www.suno.com.br\/noticias\/taesa-taee11-ganha-sinal-verde-parana-ananai-evm\/","name":"Taesa (TAEE11) ganha 'sinal verde' para operar no Paran\u00e1","isPartOf":{"@id":"https:\/\/www.suno.com.br\/noticias\/#website"},"primaryImageOfPage":{"@id":"https:\/\/www.suno.com.br\/noticias\/taesa-taee11-ganha-sinal-verde-parana-ananai-evm\/#primaryimage"},"image":{"@id":"https:\/\/www.suno.com.br\/noticias\/taesa-taee11-ganha-sinal-verde-parana-ananai-evm\/#primaryimage"},"thumbnailUrl":"https:\/\/files.sunoresearch.com.br\/n\/uploads\/2022\/08\/taesa-taee11-scaled-e1660238194539.jpg","datePublished":"2023-08-22T23:22:35+00:00","dateModified":"2023-08-23T01:14:44+00:00","description":"Ao todo, a linha que a Taesa ganhou licen\u00e7a possui 75 kk; foi inclu\u00eddo as obras de amplia\u00e7\u00e3o das Subesta\u00e7\u00f5es SE Bateias e SE Curitiba Leste","breadcrumb":{"@id":"https:\/\/www.suno.com.br\/noticias\/taesa-taee11-ganha-sinal-verde-parana-ananai-evm\/#breadcrumb"},"inLanguage":"pt-BR","potentialAction":[{"@type":"ReadAction","target":["https:\/\/www.suno.com.br\/noticias\/taesa-taee11-ganha-sinal-verde-parana-ananai-evm\/"]}]},{"@type":"ImageObject","inLanguage":"pt-BR","@id":"https:\/\/www.suno.com.br\/noticias\/taesa-taee11-ganha-sinal-verde-parana-ananai-evm\/#primaryimage","url":"https:\/\/files.sunoresearch.com.br\/n\/uploads\/2022\/08\/taesa-taee11-scaled-e1660238194539.jpg","contentUrl":"https:\/\/files.sunoresearch.com.br\/n\/uploads\/2022\/08\/taesa-taee11-scaled-e1660238194539.jpg","width":1200,"height":800,"caption":"Taesa (TAEE11). Foto: Unsplash"},{"@type":"BreadcrumbList","@id":"https:\/\/www.suno.com.br\/noticias\/taesa-taee11-ganha-sinal-verde-parana-ananai-evm\/#breadcrumb","itemListElement":[{"@type":"ListItem","position":1,"name":"Not\u00edcias","item":"https:\/\/www.suno.com.br\/noticias\/"},{"@type":"ListItem","position":2,"name":"Neg\u00f3cios","item":"https:\/\/www.suno.com.br\/noticias\/negocios\/"},{"@type":"ListItem","position":3,"name":"Taesa (TAEE11) ganha &#8216;sinal verde&#8217; para operar no Paran\u00e1"}]},{"@type":"WebSite","@id":"https:\/\/www.suno.com.br\/noticias\/#website","url":"https:\/\/www.suno.com.br\/noticias\/","name":"Suno Not\u00edcias","description":"Seu portal de informa\u00e7\u00e3o sobre o mundo dos investimentos","publisher":{"@id":"https:\/\/www.suno.com.br\/noticias\/#organization"},"potentialAction":[{"@type":"SearchAction","target":{"@type":"EntryPoint","urlTemplate":"https:\/\/www.suno.com.br\/noticias\/?s={search_term_string}"},"query-input":{"@type":"PropertyValueSpecification","valueRequired":true,"valueName":"search_term_string"}}],"inLanguage":"pt-BR"},{"@type":"Organization","@id":"https:\/\/www.suno.com.br\/noticias\/#organization","name":"Suno Not\u00edcias","url":"https:\/\/www.suno.com.br\/noticias\/","logo":{"@type":"ImageObject","inLanguage":"pt-BR","@id":"https:\/\/www.suno.com.br\/noticias\/#\/schema\/logo\/image\/","url":"https:\/\/files.sunoresearch.com.br\/n\/uploads\/2021\/09\/suno-logo.png","contentUrl":"https:\/\/files.sunoresearch.com.br\/n\/uploads\/2021\/09\/suno-logo.png","width":180,"height":180,"caption":"Suno Not\u00edcias"},"image":{"@id":"https:\/\/www.suno.com.br\/noticias\/#\/schema\/logo\/image\/"},"sameAs":["https:\/\/facebook.com\/sunoresearch","https:\/\/x.com\/sunoresearch","https:\/\/www.instagram.com\/suno","https:\/\/www.linkedin.com\/company\/suno-research\/","https:\/\/www.youtube.com\/c\/sunoresearch"]},{"@type":"Person","@id":"https:\/\/www.suno.com.br\/noticias\/#\/schema\/person\/7f4d362bf3518e76090143ae77bb49a5","name":"Eduardo Vargas","image":{"@type":"ImageObject","inLanguage":"pt-BR","@id":"https:\/\/www.suno.com.br\/noticias\/#\/schema\/person\/image\/","url":"https:\/\/secure.gravatar.com\/avatar\/dac340933427a22924c9f99d1eb2e3f2?s=96&r=g","contentUrl":"https:\/\/secure.gravatar.com\/avatar\/dac340933427a22924c9f99d1eb2e3f2?s=96&r=g","caption":"Eduardo Vargas"},"description":"Jornalista formado pela UFSC, cobre macroeconomia, neg\u00f3cios e startups para o Suno Not\u00edcias, escrevendo principalmente not\u00edcias sobre o mercado financeiro e a bolsa de valores. No YouTube e no Instagram, \u00e9 respons\u00e1vel pela produ\u00e7\u00e3o de Reels e Shorts do Suno Not\u00edcias. Anteriormente, trabalhou cobrindo economia e cotidiano no ND+ e para o ND, maior jornal impresso de Santa Catarina. Cursou um semestre letivo de Estudos de M\u00eddia na Universidad de Buenos Aires.","url":"https:\/\/www.suno.com.br\/noticias\/author\/eduardo-vargas\/"}]}},"default_loop_html":"<div class=\"cardsPage__listCard__boxs\"><div class=\"cardsPage__listCard__boxs__img\"><a href=\"https:\/\/www.suno.com.br\/noticias\/taesa-taee11-ganha-sinal-verde-parana-ananai-evm\/\"><img class=\"mask\" src=\"https:\/\/www.suno.com.br\/noticias\/wp-content\/themes\/suno\/resources\/images\/spotlight\/spotlight1img\/bg-mask.png\" alt=\"Image Mask\"\/><img src=\"https:\/\/files.sunoresearch.com.br\/n\/uploads\/2022\/08\/taesa-taee11-400x200.jpg\" alt=\"Taesa (TAEE11) ganha &#8216;sinal verde&#8217; para operar no Paran\u00e1\"\/><\/a><span class=\"spotlightCategory\"><a href=\"https:\/\/www.suno.com.br\/noticias\/negocios\/\">Neg\u00f3cios<\/a><\/span><\/div><div class=\"cardsPage__listCard__boxs__content\"><a href=\"https:\/\/www.suno.com.br\/noticias\/taesa-taee11-ganha-sinal-verde-parana-ananai-evm\/\"><h2 class=\"content__title\">Taesa (TAEE11) ganha &#8216;sinal verde&#8217; para operar no Paran\u00e1<\/h2><\/a><div class=\"newsContent__article__meta\"><div class=\"newsContent__article__meta__authorBox\"><a href=\"https:\/\/www.suno.com.br\/noticias\/author\/eduardo-vargas\/\" class=\"authorBox__avatar noMobi\"><img src=\"https:\/\/secure.gravatar.com\/avatar\/dac340933427a22924c9f99d1eb2e3f2?s=96&#038;r=g\" alt=\"Eduardo Vargas\"><\/a><div class=\"authorBox__name\"><span>por\n\t\t\t<a href=\"https:\/\/www.suno.com.br\/noticias\/author\/eduardo-vargas\/\"><span itemprop=\"author\">Eduardo Vargas<\/span><\/a><\/span><time datetime=\"2023-08-22T20:22:35-03:00\" itemprop=\"datePublished\">22\/08\/2023 20:22<\/time><\/div><\/div><\/div><\/div><\/div>","single_layout":"posts","amp_enabled":true,"_links":{"self":[{"href":"https:\/\/www.suno.com.br\/noticias\/wp-json\/wp\/v2\/posts\/446091"}],"collection":[{"href":"https:\/\/www.suno.com.br\/noticias\/wp-json\/wp\/v2\/posts"}],"about":[{"href":"https:\/\/www.suno.com.br\/noticias\/wp-json\/wp\/v2\/types\/post"}],"author":[{"embeddable":true,"href":"https:\/\/www.suno.com.br\/noticias\/wp-json\/wp\/v2\/users\/73"}],"replies":[{"embeddable":true,"href":"https:\/\/www.suno.com.br\/noticias\/wp-json\/wp\/v2\/comments?post=446091"}],"version-history":[{"count":3,"href":"https:\/\/www.suno.com.br\/noticias\/wp-json\/wp\/v2\/posts\/446091\/revisions"}],"predecessor-version":[{"id":446181,"href":"https:\/\/www.suno.com.br\/noticias\/wp-json\/wp\/v2\/posts\/446091\/revisions\/446181"}],"wp:featuredmedia":[{"embeddable":true,"href":"https:\/\/www.suno.com.br\/noticias\/wp-json\/wp\/v2\/media\/284103"}],"wp:attachment":[{"href":"https:\/\/www.suno.com.br\/noticias\/wp-json\/wp\/v2\/media?parent=446091"}],"wp:term":[{"taxonomy":"category","embeddable":true,"href":"https:\/\/www.suno.com.br\/noticias\/wp-json\/wp\/v2\/categories?post=446091"},{"taxonomy":"post_tag","embeddable":true,"href":"https:\/\/www.suno.com.br\/noticias\/wp-json\/wp\/v2\/tags?post=446091"},{"taxonomy":"suno_strategy","embeddable":true,"href":"https:\/\/www.suno.com.br\/noticias\/wp-json\/wp\/v2\/suno_strategy?post=446091"}],"curies":[{"name":"wp","href":"https:\/\/api.w.org\/{rel}","templated":true}]}}