{"id":446005,"date":"2023-08-22T19:55:52","date_gmt":"2023-08-22T22:55:52","guid":{"rendered":"https:\/\/www.suno.com.br\/noticias\/?p=446005"},"modified":"2023-08-22T19:56:02","modified_gmt":"2023-08-22T22:56:02","slug":"braskem-brkm5-pior-ciclo-economico-valorizacao-acoes-va","status":"publish","type":"post","link":"https:\/\/www.suno.com.br\/noticias\/braskem-brkm5-pior-ciclo-economico-valorizacao-acoes-va\/","title":{"rendered":"Braskem (BRKM5): mesmo no &#8220;pior ciclo econ\u00f4mico&#8221;, analistas veem valoriza\u00e7\u00e3o das a\u00e7\u00f5es; veja motivos"},"content":{"rendered":"<p>A <strong>Braskem <\/strong>(BRKM5) est\u00e1 no pior momento do <a class=\"suno-keyword\" data-force=\"no\" data-priority=\"1\" href=\"https:\/\/www.suno.com.br\/artigos\/ciclo-economico\/\" target=\"_blank\" rel=\"noopener\">ciclo econ\u00f4mico<\/a> petroqu\u00edmico, diz a Guide Investimento. Apesar desta fase, os analistas acreditam que existe um potencial de upside, recomendando a compra das a\u00e7\u00f5es da companhia.<\/p>\t<div class=\"wrapper-featured-image\">\n\t\t<figure class=\"spotlightImg\">\n\n\t\t\t<picture>\n\t\t\t\t<source media=\"(max-width: 768px)\" srcset=\"https:\/\/files.sunoresearch.com.br\/n\/uploads\/2021\/03\/0d9adbd2-braskem-2-400x200.webp\">\n\t\t\t\t<img loading=\"lazy\" decoding=\"async\" class=\"newsContent__article__imgCapa lazyloadDisabled \" src=\"https:\/\/files.sunoresearch.com.br\/n\/uploads\/2021\/03\/0d9adbd2-braskem-2-800x450.webp\" width=\"800\" height=\"450\" alt=\"Braskem (BRKM5): mesmo no &#8220;pior ciclo econ\u00f4mico&#8221;, analistas veem valoriza\u00e7\u00e3o das a\u00e7\u00f5es; veja motivos\" fetchpriority=high \/>\n\t\t\t<\/picture>\n\n\t\t\t<figcaption class=\"wp-caption-text wp-caption-text--show\">Braskem - Foto: Divulga\u00e7\u00e3o Braskem<\/figcaption>\n\t\t<\/figure>\n\t<\/div>\n\n\n\n\n\n\n<p>\u201cA Braskem encontra-se no pior momento do <a class=\"suno-keyword\" data-force=\"no\" data-priority=\"1\" href=\"https:\/\/www.suno.com.br\/artigos\/ciclo-economico\/\" target=\"_blank\" rel=\"noopener\">ciclo econ\u00f4mico<\/a> petroqu\u00edmico, com o spread de seus produtos abaixo da m\u00e9dia hist\u00f3rica. No entanto, v\u00e1rias empresas t\u00eam feito propostas para comprar a participa\u00e7\u00e3o da Novonor na Braskem, o que pode beneficiar os acionistas\u201d, diz a Guide.<\/p>\n\n\n\t<p>\n\t\t<a href=\"https:\/\/lp.suno.com.br\/planilha-da-vida-financeira\/\" target=\"_blank\" data-element=\"shortcode-suno-banner\" title=\"Banner SUNO, clique e saiba mais\">\n\t\t\t<picture>\n\t\t\t\t<source media=\"(max-width: 500px)\" srcset=\"https:\/\/files.sunoresearch.com.br\/n\/uploads\/2023\/04\/400x300-Planilha-vida-financeira-true.png\">\n\t\t\t\t<img class=\"newsContent__article__imgCapa newsContent__article__imgCapa--banner\"\n\t\t\t\t\tsrc=\"https:\/\/files.sunoresearch.com.br\/n\/uploads\/2023\/04\/1420x240-Planilha-vida-financeira-true.png\"\n\t\t\t\t\tdata-promo-id=\"106682\"\t\t\t\t\t\t\t\t\t\twidth='1420' height='240'\t\t\t\t\talt=\"https:\/\/files.sunoresearch.com.br\/n\/uploads\/2023\/04\/1420x240-Planilha-vida-financeira-true.png\"\n\t\t\t\t>\n\t\t\t<\/picture>\n\t\t<\/a>\n\t<\/p>\n\n\n\n\n\n\n\n<p>Segundo analistas, a venda tem 50% de probabilidade de ocorrer, mas pode ser impedida pela aliena\u00e7\u00e3o fiduci\u00e1ria das <strong>a\u00e7\u00f5es da Braskem<\/strong> e pela participa\u00e7\u00e3o da <a class=\"suno-keyword\" data-force=\"yes\" data-priority=\"2\" href=\"https:\/\/www.suno.com.br\/acoes\/PETR4\/\" target=\"_blank\" rel=\"noopener\">Petrobras (PETR4)<\/a>.<\/p>\n\n\n\n<p>Com base no hist\u00f3rico de 10 anos, diz a Guide, todos os spreads relevantes para Braskem est\u00e3o relativamente com as m\u00e9dias em valores baixos. \u201cEspera-se que nesse ambiente as margens das petroqu\u00edmicas sejam pressionadas. Por outro lado, pode ser que as a\u00e7\u00f5es estejam descontadas em fun\u00e7\u00e3o do momento.\u201d<\/p>\n\n\n\n<p>Por\u00e9m, a casa v\u00ea um desconto muito atrativo nas a\u00e7\u00f5es da Braskem, comparando a seus pares, recomendando compra, ao pre\u00e7o-alvo de e R$ 30.<\/p>\n\n\n\n<h2 class=\"wp-block-heading\">Braskem: pior momento com alta de juros e baixos spreads, diz Guide<\/h2>\n\n\n\n<p>Al\u00e9m disso, a Guide afirma que as <strong>petroqu\u00edmicas<\/strong> est\u00e3o no pior momento do ciclo devido \u00e0s altas taxas b\u00e1sicas de juros e os baixos spreads. Para a equipe da Guide, isso se comprova pela baixa <a class=\"suno-keyword\" data-force=\"no\" data-priority=\"1\" href=\"https:\/\/www.suno.com.br\/artigos\/margem-ebitda\/\" target=\"_blank\" rel=\"noopener\">margem Ebitda<\/a> das petroqu\u00edmicas.<\/p>\n\n\n\n<p>O mercado j\u00e1 prev\u00ea uma recupera\u00e7\u00e3o de suas rentabilidades. Contudo, ser\u00e1 bem lenta, visto que at\u00e9 julho de 2024 n\u00e3o atingiram a m\u00e9dia hist\u00f3rica.<\/p>\n\n\n\n<h2 class=\"wp-block-heading\">Caso de Alagoas<\/h2>\n\n\n\n<p>Segundo a Guide,  j\u00e1 poss\u00edvel quantificar o impacto dessa cat\u00e1strofe. No <a class=\"suno-keyword\" data-force=\"no\" data-priority=\"1\" href=\"https:\/\/www.suno.com.br\/artigos\/passivo-circulante\/\" target=\"_blank\" rel=\"noopener\">passivo circulante<\/a>, a provis\u00e3o de gastos em alagoas totaliza R$ 4 bilh\u00f5es enquanto no passivo n\u00e3o-circulante chega a R$ 1,9 bilh\u00e3o.<\/p>\n\n\n\n<p>O market cap da Braskem vale aproximadamente R$ 20 bilh\u00f5es. O valor total provisionado equivale a 20% do <a class=\"suno-keyword\" target=\"_blank\" data-force=\"no\" data-priority=\"1\" href=\"https:\/\/www.suno.com.br\/artigos\/valor-de-mercado\/\" rel=\"noopener\">valor de mercado<\/a> da companhia.<\/p>\n\n\n\n<p>\u201cEmbora possa parecer algo relevante, visto que ele j\u00e1 foi quantificado, ele j\u00e1 incorpora muito bem o valor de negocia\u00e7\u00e3o da Braskem. No nosso ponto de vista, n\u00e3o haver\u00e1 mais disp\u00eandios devido a essa cat\u00e1strofe\u201d, diz a Guide.<\/p>\n\n\n\n<p>A\u00a0<a href=\"https:\/\/www.suno.com.br\/acoes\/BRKM5\/\" target=\"_blank\" rel=\"noreferrer noopener\"><strong>Braskem<\/strong>\u00a0(BRKM5)<\/a>\u00a0fechou um acordo de R$ 1,7 bilh\u00e3o com o Munic\u00edpio de Macei\u00f3, segundo\u00a0<a href=\"https:\/\/www.suno.com.br\/artigos\/fato-relevante\/\" target=\"_blank\" rel=\"noreferrer noopener\">fato relevante<\/a>\u00a0divulgado em julho.<\/p>\n\n\n\n<p>De acordo com o comunicado da Braskem, dessa cifra ser\u00e3o cerca de R$ 700 milh\u00f5es j\u00e1 haviam sido provisionados pela empresa em exerc\u00edcios anteriores.<\/p>\n\n\n\n<p>\u201cO Termo de Acordo Global estabelece a indeniza\u00e7\u00e3o, compensa\u00e7\u00e3o e ressarcimento integral do Munic\u00edpio de Macei\u00f3 em rela\u00e7\u00e3o a todo e qualquer dano patrimonial e extrapatrimonial por ele suportado, e est\u00e1 sujeito \u00e0 homologa\u00e7\u00e3o judicial\u201d, diz o fato relevante.<\/p>\n\n\n\n<p>O valor deve compensar perdas arrecadat\u00f3rias que ao munic\u00edpio teve com o problema geol\u00f3gico, segundo informa\u00e7\u00f5es do Valor Econ\u00f4mico.<\/p>\n\n\n\n<h2 class=\"wp-block-heading\">Governador de Alagoas pediu ao TCU suspens\u00e3o da venda da petroqu\u00edmica<\/h2>\n\n\n\n<p>O governador de Alagoas, Paulo Dantas, foi a Bras\u00edlia em 26 de julho e pediu a suspens\u00e3o da poss\u00edvel venda da\u00a0<strong>Braskem (BRKM5)<\/strong>\u00a0para o ministro do Tribunal de Contas da Uni\u00e3o (TCU), Aroldo Cedraz, relator da representa\u00e7\u00e3o encaminhada pelo governo estadual e pelo Senado Federal, que contesta os acordos financeiros firmados pela petroqu\u00edmica<\/p>\n\n\n\n<p>De acordo com nota do&nbsp;<strong>governo de Alagoas<\/strong>, o neg\u00f3cio prejudicaria diretamente os moradores das regi\u00f5es atingidas pelo afundamento do solo em 2018, decorrente das atividades de explora\u00e7\u00e3o de&nbsp;<strong>sal-gema pela Braskem<\/strong>.<\/p>\n\n\n\n<p>O governador de Alagoas afirmou que o Estado foi prejudicado pela\u00a0<strong>explora\u00e7\u00e3o da mineradora<\/strong>\u00a0e disse que \u00e9 necess\u00e1rio que os danos causados ao governo sejam observados nas negocia\u00e7\u00f5es para a venda da empresa. \u201cO estado foi impactado diretamente com a perda de postos de sa\u00fade e escolas desativadas, um hospital psiqui\u00e1trico e uma central da Samu, al\u00e9m de uma perda brutal de arrecada\u00e7\u00e3o do ICMS daquela regi\u00e3o\u201d, explicou.<\/p>\n\n\n\n<h2 class=\"wp-block-heading\">Acordo com a prefeitura de Macei\u00f3<\/h2>\n\n\n\n<p>Durante o encontro com o ministro Aroldo Cedraz, o governador de Alagoas criticou o acordo firmado entre a&nbsp;<strong>prefeitura de Macei\u00f3 e a Braskem<\/strong>. Anunciado na \u00faltima sexta-feira, 21, a negocia\u00e7\u00e3o entre o munic\u00edpio e a petroqu\u00edmica prev\u00ea o pagamento de R$ 1,7 bilh\u00e3o pelos danos ambientais provocados pelo desastre.<\/p>\n\n\n\n<p>De acordo com o governo de Alagoas, Dantas teria dito que, pelo acordo, a empresa pode comercializar as \u00e1reas e im\u00f3veis caso consiga estabilizar o terreno, o que proporcionaria um lucro de R$ 50 bilh\u00f5es em vinte anos.<\/p>\n\n\n\n<p>\u201c\u00c9 o maior case imobili\u00e1rio especulativo do mundo. A empresa que cometeu um crime ambiental sem precedentes pode lucrar bilh\u00f5es de reais em alguns anos. O acordo simplesmente faz o causador do desastre lucrar, e a v\u00edtima, pagar o pre\u00e7o\u201d, afirmou o governador.<\/p>\n\n\n\n<h2 class=\"wp-block-heading\">Compra da Braskem<\/h2>\n\n\n\n<p>V\u00e1rias empresas demonstraram interesse em comprar <strong>parcela da Braskem<\/strong>. Para a Guide, a transfer\u00eancia da participa\u00e7\u00e3o ativaria o direito de <a class=\"suno-keyword\" data-force=\"no\" data-priority=\"1\" href=\"https:\/\/www.suno.com.br\/artigos\/tag-along\/\" target=\"_blank\" rel=\"noopener\">tag along<\/a> para todos os acionistas, o que seria muito ben\u00e9fico, pois o pre\u00e7o do neg\u00f3cio provavelmente seria maior que o atual pre\u00e7o de mercado de a\u00e7\u00f5es.<\/p>\n\n\n\n<p>\u201cA Novonor, na nossa vis\u00e3o, tem grandes chances de se desfazer da sua parcela, pois a companhia est\u00e1 atualmente endividada e em recupera\u00e7\u00e3o judicial\u201d, explicam analistas.<\/p>\n\n\n\t<p>\n\t\t<a href=\"https:\/\/lp.suno.com.br\/ebook-como-analisar-uma-acao\/\" target=\"_blank\" data-element=\"shortcode-suno-banner\" title=\"Banner SUNO, clique e saiba mais\">\n\t\t\t<picture>\n\t\t\t\t<source media=\"(max-width: 500px)\" srcset=\"https:\/\/files.sunoresearch.com.br\/n\/uploads\/2023\/03\/Ebook-Acoes-Mobile.jpg\">\n\t\t\t\t<img class=\"newsContent__article__imgCapa newsContent__article__imgCapa--banner\"\n\t\t\t\t\tsrc=\"https:\/\/files.sunoresearch.com.br\/n\/uploads\/2023\/03\/Ebook-Acoes-Desktop.jpg\"\n\t\t\t\t\tdata-promo-id=\"378302\"\t\t\t\t\t\t\t\t\t\twidth='1420' height='286'\t\t\t\t\talt=\"https:\/\/files.sunoresearch.com.br\/n\/uploads\/2023\/03\/Ebook-Acoes-Desktop.jpg\"\n\t\t\t\t>\n\t\t\t<\/picture>\n\t\t<\/a>\n\t<\/p>\n\n\n\n\n\n<p>Por\u00e9m, para a<strong> venda da participa\u00e7\u00e3o da Novonor<\/strong> ser fechada, os seus credores teriam que aceit\u00e1-la.<\/p>\n\n\n\n<p>A Guide destaca quatro desfechos poss\u00edveis da Novonor:<\/p>\n\n\n\n<ul class=\"wp-block-list\">\n<li>Venda de sua participa\u00e7\u00e3o e a Petrobras exerce seu direito de prefer\u00eancia.<\/li>\n\n\n\n<li>Venda de sua participa\u00e7\u00e3o e a Petrobras n\u00e3o exerce seu direito de prefer\u00eancia<\/li>\n\n\n\n<li>Venda sua participa\u00e7\u00e3o e Petrobras opta por tag along na transa\u00e7\u00e3o de venda<\/li>\n\n\n\n<li>Nenhum acordo \u00e9 fechado.<\/li>\n<\/ul>\n\n\n\n<h2 class=\"wp-block-heading\">Braskem reduz preju\u00edzo no segundo trimestre em 45%<\/h2>\n\n\n\n<p>A <a class=\"suno-keyword\" target=\"_blank\" data-force=\"yes\" data-priority=\"2\" href=\"https:\/\/www.suno.com.br\/acoes\/BRKM5\/\" rel=\"noopener\">Braskem (BRKM5)<\/a> anotou preju\u00edzo l\u00edquido de R$ 771 milh\u00f5es no segundo trimestre de de 2023 (2T23), representando uma baixa de 45% contra igual etapa do ano anterior, quando registrou perdas de R$ 1,406 bilh\u00e3o.<\/p>\n\n\n\n<p>O Ebitda recorrente totalizou R$ 703 milh\u00f5es no 2T23, baixa de 82% na base anual.<\/p>\n\n\n\n<p>A&nbsp;<a href=\"https:\/\/www.suno.com.br\/artigos\/o-que-receita-liquida\/\" target=\"_blank\" rel=\"noreferrer noopener\">receita l\u00edquida<\/a>&nbsp;de vendas, por sua vez, caiu 30% ante igual etapa no ano anterior, para atuais R$ 17,7 bilh\u00f5es.<\/p>\n\n\n\n<p>O&nbsp;<strong>resultado da Braskem<\/strong>&nbsp;mostrou tamb\u00e9m que o&nbsp;<a href=\"https:\/\/www.suno.com.br\/artigos\/resultado-financeiro\/\" target=\"_blank\" rel=\"noreferrer noopener\">resultado financeiro<\/a>&nbsp;ficou positivo em R$ 161 milh\u00f5es, ante resultado negativo de R$ 3,39 bilh\u00f5es apurado em igual per\u00edodo de 2022.<\/p>\n\n\n\n<p>O saldo da&nbsp;<a href=\"https:\/\/www.suno.com.br\/artigos\/divida-bruta\/\" target=\"_blank\" rel=\"noreferrer noopener\">d\u00edvida bruta<\/a>&nbsp;da&nbsp;<strong>Braskem no 2T23<\/strong>&nbsp;fechou em US$ 8,9 bilh\u00f5es, com 95% dos vencimentos sendo de&nbsp;<a href=\"https:\/\/www.suno.com.br\/artigos\/longo-prazo\/\" target=\"_blank\" rel=\"noreferrer noopener\">longo prazo<\/a>&nbsp;e 5% de <a class=\"suno-keyword\" target=\"_blank\" data-force=\"no\" data-priority=\"1\" href=\"https:\/\/www.suno.com.br\/artigos\/longo-prazo\/\" rel=\"noopener\">longo prazo<\/a>.<\/p>\n\n\n\n<p>A&nbsp;<a href=\"https:\/\/www.suno.com.br\/artigos\/divida-liquida\/\" target=\"_blank\" rel=\"noreferrer noopener\">d\u00edvida l\u00edquida<\/a>&nbsp;ajustada, por sua vez, foi de US$ 4,6 bilh\u00f5es, est\u00e1vel em rela\u00e7\u00e3o ao trimestre imediatamente anterior.<\/p>\n\n\n\n<p>Al\u00e9m disso, a Braskem investiu cerca de US$ 344 milh\u00f5es (R$ 1,7 bilh\u00e3o) no primeiro semestre deste ano. Para o total deste ano, a proje\u00e7\u00e3o \u00e9 de que a empresa invista US$ 724 milh\u00f5es (R$ 4,0 bilh\u00f5es).<\/p>\n\n\n\n<h2 class=\"wp-block-heading\">Cota\u00e7\u00e3o <\/h2>\n\n\n\n<p>Nesta ter\u00e7a (22), as a\u00e7\u00f5es da<strong> Braskem<\/strong> fecharam em alta de 1,34%, cotadas a R$ 22,64. <\/p>\n\n\n\n<div class=\"pluginQuotation\">\n  <p class=\"ticker\">\n    Cota\u00e7\u00e3o <span>BRKM5<\/span>\n  <\/p>\n  <div class=\"info\">\n    <div class=\"leftSide\">\n      Gr\u00e1fico gerado em: 22\/08\/2023    <\/div>\n\t\t\t\t\t<div class=\"rightSide\">\n\t\t\t\t\t<span class=\"period\">\n\t\t\t\t\t\t1 Ano\t\t\t\t\t<\/span>\n\t\t\t<\/div>\n\t\t  <\/div>\n\n  <div id=\"chart-a92deedf7a2d264b98e4224c0493384a\" data-block-hash=\"a92deedf7a2d264b98e4224c0493384a\"  class=\"chart\" style=\"width:100%;height:400px;\"><\/div>\n\n  <div class=\"pluginQuotation__footer\">\n    <div class=\"dataChart\">\n\n      <div class=\"dataChart__div1 variation\">\n        <div class=\"value-negative\">\n          -30,76 (-10,09%)        <\/div>\n        <div class=\"text\">\n          Varia\u00e7\u00e3o do per\u00edodo\n        <\/div>\n      <\/div>\n\n      <div class=\"dataChart__div2 minMax\">\n        <div class=\"value\">\n          R$\u00a016,64        <\/div>\n        <div class=\"text\">\n          M\u00ednima\n        <\/div>\n      <\/div>\n\n      <div class=\"dataChart__div3 minMax\">\n        <div class=\"value\">\n          R$\u00a037,60        <\/div>\n        <div class=\"text\">\n          M\u00e1xima\n        <\/div>\n      <\/div>\n\n\t\t\t<div class=\"dataChart__div4 rightSide\">\n\t\t\t\t<div class=\"analiticaSource\">\n\t\t\t\t\t<span>\n\t\t\t\t\t\tFonte:\n\t\t\t\t\t<\/span>\n\t\t\t\t\t<img decoding=\"async\" class=\"analiticaLogo\" src=\"https:\/\/www.suno.com.br\/noticias\/wp-content\/plugins\/suno-block-ticker-quotation\/src\/suno-analitica-logo.png\" alt=\"Logo Suno Anal\u00edtica\" \/>\n\t\t\t\t<\/div>\n\n\t\t\t\t<a href=\"https:\/\/www.suno.com.br\/analitica\/acoes\/BRKM5\" target=\"_blank\">\n\t\t\t\t\t<span>\n\t\t\t\t\t\tVer mais cota\u00e7\u00f5es\n\t\t\t\t\t<\/span>\n\t\t\t\t\t<svg xmlns=\"http:\/\/www.w3.org\/2000\/svg\" width=\"9\" height=\"8\" viewBox=\"0 0 9 8\" fill=\"none\">\n\t\t\t\t\t\t<path d=\"M4.20996 0L3.50496 0.705L6.29496 3.5H0.209961V4.5H6.29496L3.50496 7.295L4.20996 8L8.20996 4L4.20996 0Z\" fill=\"#D42126\" \/>\n\t\t\t\t\t<\/svg>\n\t\t\t\t<\/a>\n    <\/div>\n\n    <\/div>\n  <\/div>\n<\/div>\n\n\n<script type=\"text\/javascript\">\n  let chart_a92deedf7a2d264b98e4224c0493384a = document.getElementById('chart-a92deedf7a2d264b98e4224c0493384a');\n  let data_json_a92deedf7a2d264b98e4224c0493384a = \"[{\\\"date\\\":\\\"22\\\\\\\/08\\\\\\\/22 \\\",\\\"value\\\":32.8},{\\\"date\\\":\\\"23\\\\\\\/08\\\\\\\/22 \\\",\\\"value\\\":33.1},{\\\"date\\\":\\\"24\\\\\\\/08\\\\\\\/22 \\\",\\\"value\\\":33},{\\\"date\\\":\\\"25\\\\\\\/08\\\\\\\/22 \\\",\\\"value\\\":33.17},{\\\"date\\\":\\\"26\\\\\\\/08\\\\\\\/22 \\\",\\\"value\\\":32.52},{\\\"date\\\":\\\"29\\\\\\\/08\\\\\\\/22 \\\",\\\"value\\\":32.82},{\\\"date\\\":\\\"30\\\\\\\/08\\\\\\\/22 \\\",\\\"value\\\":32},{\\\"date\\\":\\\"31\\\\\\\/08\\\\\\\/22 \\\",\\\"value\\\":30.45},{\\\"date\\\":\\\"01\\\\\\\/09\\\\\\\/22 \\\",\\\"value\\\":30.43},{\\\"date\\\":\\\"02\\\\\\\/09\\\\\\\/22 \\\",\\\"value\\\":32.51},{\\\"date\\\":\\\"05\\\\\\\/09\\\\\\\/22 \\\",\\\"value\\\":32.43},{\\\"date\\\":\\\"06\\\\\\\/09\\\\\\\/22 \\\",\\\"value\\\":31.78},{\\\"date\\\":\\\"08\\\\\\\/09\\\\\\\/22 \\\",\\\"value\\\":30.51},{\\\"date\\\":\\\"09\\\\\\\/09\\\\\\\/22 \\\",\\\"value\\\":30.91},{\\\"date\\\":\\\"12\\\\\\\/09\\\\\\\/22 \\\",\\\"value\\\":30.91},{\\\"date\\\":\\\"13\\\\\\\/09\\\\\\\/22 \\\",\\\"value\\\":29.7},{\\\"date\\\":\\\"14\\\\\\\/09\\\\\\\/22 \\\",\\\"value\\\":28.86},{\\\"date\\\":\\\"15\\\\\\\/09\\\\\\\/22 \\\",\\\"value\\\":28.55},{\\\"date\\\":\\\"16\\\\\\\/09\\\\\\\/22 \\\",\\\"value\\\":28.73},{\\\"date\\\":\\\"19\\\\\\\/09\\\\\\\/22 \\\",\\\"value\\\":29.73},{\\\"date\\\":\\\"20\\\\\\\/09\\\\\\\/22 \\\",\\\"value\\\":29.5},{\\\"date\\\":\\\"21\\\\\\\/09\\\\\\\/22 \\\",\\\"value\\\":29.13},{\\\"date\\\":\\\"22\\\\\\\/09\\\\\\\/22 \\\",\\\"value\\\":29.83},{\\\"date\\\":\\\"23\\\\\\\/09\\\\\\\/22 \\\",\\\"value\\\":28.67},{\\\"date\\\":\\\"26\\\\\\\/09\\\\\\\/22 \\\",\\\"value\\\":27.62},{\\\"date\\\":\\\"27\\\\\\\/09\\\\\\\/22 \\\",\\\"value\\\":27.28},{\\\"date\\\":\\\"28\\\\\\\/09\\\\\\\/22 \\\",\\\"value\\\":26.87},{\\\"date\\\":\\\"29\\\\\\\/09\\\\\\\/22 \\\",\\\"value\\\":26.04},{\\\"date\\\":\\\"30\\\\\\\/09\\\\\\\/22 \\\",\\\"value\\\":26.24},{\\\"date\\\":\\\"03\\\\\\\/10\\\\\\\/22 \\\",\\\"value\\\":27.47},{\\\"date\\\":\\\"04\\\\\\\/10\\\\\\\/22 \\\",\\\"value\\\":27.82},{\\\"date\\\":\\\"05\\\\\\\/10\\\\\\\/22 \\\",\\\"value\\\":27.91},{\\\"date\\\":\\\"06\\\\\\\/10\\\\\\\/22 \\\",\\\"value\\\":28.09},{\\\"date\\\":\\\"07\\\\\\\/10\\\\\\\/22 \\\",\\\"value\\\":27.41},{\\\"date\\\":\\\"10\\\\\\\/10\\\\\\\/22 \\\",\\\"value\\\":27.89},{\\\"date\\\":\\\"11\\\\\\\/10\\\\\\\/22 \\\",\\\"value\\\":33.58},{\\\"date\\\":\\\"13\\\\\\\/10\\\\\\\/22 \\\",\\\"value\\\":37.6},{\\\"date\\\":\\\"14\\\\\\\/10\\\\\\\/22 \\\",\\\"value\\\":35.88},{\\\"date\\\":\\\"17\\\\\\\/10\\\\\\\/22 \\\",\\\"value\\\":34.61},{\\\"date\\\":\\\"18\\\\\\\/10\\\\\\\/22 \\\",\\\"value\\\":34.86},{\\\"date\\\":\\\"19\\\\\\\/10\\\\\\\/22 \\\",\\\"value\\\":34.82},{\\\"date\\\":\\\"20\\\\\\\/10\\\\\\\/22 \\\",\\\"value\\\":34.41},{\\\"date\\\":\\\"21\\\\\\\/10\\\\\\\/22 \\\",\\\"value\\\":34.53},{\\\"date\\\":\\\"24\\\\\\\/10\\\\\\\/22 \\\",\\\"value\\\":33.74},{\\\"date\\\":\\\"25\\\\\\\/10\\\\\\\/22 \\\",\\\"value\\\":33.43},{\\\"date\\\":\\\"26\\\\\\\/10\\\\\\\/22 \\\",\\\"value\\\":32.89},{\\\"date\\\":\\\"27\\\\\\\/10\\\\\\\/22 \\\",\\\"value\\\":32.79},{\\\"date\\\":\\\"28\\\\\\\/10\\\\\\\/22 \\\",\\\"value\\\":32.54},{\\\"date\\\":\\\"31\\\\\\\/10\\\\\\\/22 \\\",\\\"value\\\":33.71},{\\\"date\\\":\\\"01\\\\\\\/11\\\\\\\/22 \\\",\\\"value\\\":32.96},{\\\"date\\\":\\\"03\\\\\\\/11\\\\\\\/22 \\\",\\\"value\\\":32.24},{\\\"date\\\":\\\"04\\\\\\\/11\\\\\\\/22 \\\",\\\"value\\\":33.33},{\\\"date\\\":\\\"07\\\\\\\/11\\\\\\\/22 \\\",\\\"value\\\":32.34},{\\\"date\\\":\\\"08\\\\\\\/11\\\\\\\/22 \\\",\\\"value\\\":31.63},{\\\"date\\\":\\\"09\\\\\\\/11\\\\\\\/22 \\\",\\\"value\\\":29.88},{\\\"date\\\":\\\"10\\\\\\\/11\\\\\\\/22 \\\",\\\"value\\\":28.9},{\\\"date\\\":\\\"11\\\\\\\/11\\\\\\\/22 \\\",\\\"value\\\":31.88},{\\\"date\\\":\\\"14\\\\\\\/11\\\\\\\/22 \\\",\\\"value\\\":31.15},{\\\"date\\\":\\\"16\\\\\\\/11\\\\\\\/22 \\\",\\\"value\\\":30.16},{\\\"date\\\":\\\"17\\\\\\\/11\\\\\\\/22 \\\",\\\"value\\\":29.67},{\\\"date\\\":\\\"18\\\\\\\/11\\\\\\\/22 \\\",\\\"value\\\":29.3},{\\\"date\\\":\\\"21\\\\\\\/11\\\\\\\/22 \\\",\\\"value\\\":29.47},{\\\"date\\\":\\\"22\\\\\\\/11\\\\\\\/22 \\\",\\\"value\\\":29.31},{\\\"date\\\":\\\"23\\\\\\\/11\\\\\\\/22 \\\",\\\"value\\\":29.12},{\\\"date\\\":\\\"24\\\\\\\/11\\\\\\\/22 \\\",\\\"value\\\":29.27},{\\\"date\\\":\\\"25\\\\\\\/11\\\\\\\/22 \\\",\\\"value\\\":28.96},{\\\"date\\\":\\\"28\\\\\\\/11\\\\\\\/22 \\\",\\\"value\\\":28.66},{\\\"date\\\":\\\"29\\\\\\\/11\\\\\\\/22 \\\",\\\"value\\\":29.2},{\\\"date\\\":\\\"30\\\\\\\/11\\\\\\\/22 \\\",\\\"value\\\":28.14},{\\\"date\\\":\\\"01\\\\\\\/12\\\\\\\/22 \\\",\\\"value\\\":27.78},{\\\"date\\\":\\\"02\\\\\\\/12\\\\\\\/22 \\\",\\\"value\\\":28.03},{\\\"date\\\":\\\"05\\\\\\\/12\\\\\\\/22 \\\",\\\"value\\\":26.79},{\\\"date\\\":\\\"06\\\\\\\/12\\\\\\\/22 \\\",\\\"value\\\":26.59},{\\\"date\\\":\\\"07\\\\\\\/12\\\\\\\/22 \\\",\\\"value\\\":26.07},{\\\"date\\\":\\\"08\\\\\\\/12\\\\\\\/22 \\\",\\\"value\\\":24.84},{\\\"date\\\":\\\"09\\\\\\\/12\\\\\\\/22 \\\",\\\"value\\\":25.08},{\\\"date\\\":\\\"12\\\\\\\/12\\\\\\\/22 \\\",\\\"value\\\":24.96},{\\\"date\\\":\\\"13\\\\\\\/12\\\\\\\/22 \\\",\\\"value\\\":25.33},{\\\"date\\\":\\\"14\\\\\\\/12\\\\\\\/22 \\\",\\\"value\\\":25.2},{\\\"date\\\":\\\"15\\\\\\\/12\\\\\\\/22 \\\",\\\"value\\\":23.99},{\\\"date\\\":\\\"16\\\\\\\/12\\\\\\\/22 \\\",\\\"value\\\":22.56},{\\\"date\\\":\\\"19\\\\\\\/12\\\\\\\/22 \\\",\\\"value\\\":22.47},{\\\"date\\\":\\\"20\\\\\\\/12\\\\\\\/22 \\\",\\\"value\\\":23.44},{\\\"date\\\":\\\"21\\\\\\\/12\\\\\\\/22 \\\",\\\"value\\\":23.57},{\\\"date\\\":\\\"22\\\\\\\/12\\\\\\\/22 \\\",\\\"value\\\":23.1},{\\\"date\\\":\\\"23\\\\\\\/12\\\\\\\/22 \\\",\\\"value\\\":23.75},{\\\"date\\\":\\\"26\\\\\\\/12\\\\\\\/22 \\\",\\\"value\\\":23.29},{\\\"date\\\":\\\"27\\\\\\\/12\\\\\\\/22 \\\",\\\"value\\\":23.93},{\\\"date\\\":\\\"28\\\\\\\/12\\\\\\\/22 \\\",\\\"value\\\":24.01},{\\\"date\\\":\\\"29\\\\\\\/12\\\\\\\/22 \\\",\\\"value\\\":23.76},{\\\"date\\\":\\\"02\\\\\\\/01\\\\\\\/23 \\\",\\\"value\\\":23.22},{\\\"date\\\":\\\"03\\\\\\\/01\\\\\\\/23 \\\",\\\"value\\\":22.46},{\\\"date\\\":\\\"04\\\\\\\/01\\\\\\\/23 \\\",\\\"value\\\":22.41},{\\\"date\\\":\\\"05\\\\\\\/01\\\\\\\/23 \\\",\\\"value\\\":23.09},{\\\"date\\\":\\\"06\\\\\\\/01\\\\\\\/23 \\\",\\\"value\\\":23.23},{\\\"date\\\":\\\"09\\\\\\\/01\\\\\\\/23 \\\",\\\"value\\\":23.39},{\\\"date\\\":\\\"10\\\\\\\/01\\\\\\\/23 \\\",\\\"value\\\":23.05},{\\\"date\\\":\\\"11\\\\\\\/01\\\\\\\/23 \\\",\\\"value\\\":23.76},{\\\"date\\\":\\\"12\\\\\\\/01\\\\\\\/23 \\\",\\\"value\\\":23.91},{\\\"date\\\":\\\"13\\\\\\\/01\\\\\\\/23 \\\",\\\"value\\\":23.38},{\\\"date\\\":\\\"16\\\\\\\/01\\\\\\\/23 \\\",\\\"value\\\":22.52},{\\\"date\\\":\\\"17\\\\\\\/01\\\\\\\/23 \\\",\\\"value\\\":22.96},{\\\"date\\\":\\\"18\\\\\\\/01\\\\\\\/23 \\\",\\\"value\\\":22.58},{\\\"date\\\":\\\"19\\\\\\\/01\\\\\\\/23 \\\",\\\"value\\\":21.95},{\\\"date\\\":\\\"20\\\\\\\/01\\\\\\\/23 \\\",\\\"value\\\":21.5},{\\\"date\\\":\\\"23\\\\\\\/01\\\\\\\/23 \\\",\\\"value\\\":21.66},{\\\"date\\\":\\\"24\\\\\\\/01\\\\\\\/23 \\\",\\\"value\\\":22.89},{\\\"date\\\":\\\"25\\\\\\\/01\\\\\\\/23 \\\",\\\"value\\\":22.65},{\\\"date\\\":\\\"26\\\\\\\/01\\\\\\\/23 \\\",\\\"value\\\":22.73},{\\\"date\\\":\\\"27\\\\\\\/01\\\\\\\/23 \\\",\\\"value\\\":22.9},{\\\"date\\\":\\\"30\\\\\\\/01\\\\\\\/23 \\\",\\\"value\\\":22.72},{\\\"date\\\":\\\"31\\\\\\\/01\\\\\\\/23 \\\",\\\"value\\\":23.33},{\\\"date\\\":\\\"01\\\\\\\/02\\\\\\\/23 \\\",\\\"value\\\":23.8},{\\\"date\\\":\\\"02\\\\\\\/02\\\\\\\/23 \\\",\\\"value\\\":22.45},{\\\"date\\\":\\\"03\\\\\\\/02\\\\\\\/23 \\\",\\\"value\\\":22.02},{\\\"date\\\":\\\"06\\\\\\\/02\\\\\\\/23 \\\",\\\"value\\\":21.99},{\\\"date\\\":\\\"07\\\\\\\/02\\\\\\\/23 \\\",\\\"value\\\":22.13},{\\\"date\\\":\\\"08\\\\\\\/02\\\\\\\/23 \\\",\\\"value\\\":22.54},{\\\"date\\\":\\\"09\\\\\\\/02\\\\\\\/23 \\\",\\\"value\\\":22.16},{\\\"date\\\":\\\"10\\\\\\\/02\\\\\\\/23 \\\",\\\"value\\\":22.05},{\\\"date\\\":\\\"13\\\\\\\/02\\\\\\\/23 \\\",\\\"value\\\":21.71},{\\\"date\\\":\\\"14\\\\\\\/02\\\\\\\/23 \\\",\\\"value\\\":20.63},{\\\"date\\\":\\\"15\\\\\\\/02\\\\\\\/23 \\\",\\\"value\\\":20.49},{\\\"date\\\":\\\"16\\\\\\\/02\\\\\\\/23 \\\",\\\"value\\\":20.3},{\\\"date\\\":\\\"17\\\\\\\/02\\\\\\\/23 \\\",\\\"value\\\":19.98},{\\\"date\\\":\\\"22\\\\\\\/02\\\\\\\/23 \\\",\\\"value\\\":19.84},{\\\"date\\\":\\\"23\\\\\\\/02\\\\\\\/23 \\\",\\\"value\\\":20.13},{\\\"date\\\":\\\"24\\\\\\\/02\\\\\\\/23 \\\",\\\"value\\\":19.87},{\\\"date\\\":\\\"27\\\\\\\/02\\\\\\\/23 \\\",\\\"value\\\":19.86},{\\\"date\\\":\\\"28\\\\\\\/02\\\\\\\/23 \\\",\\\"value\\\":20.12},{\\\"date\\\":\\\"01\\\\\\\/03\\\\\\\/23 \\\",\\\"value\\\":19.75},{\\\"date\\\":\\\"02\\\\\\\/03\\\\\\\/23 \\\",\\\"value\\\":20.47},{\\\"date\\\":\\\"03\\\\\\\/03\\\\\\\/23 \\\",\\\"value\\\":20.44},{\\\"date\\\":\\\"06\\\\\\\/03\\\\\\\/23 \\\",\\\"value\\\":20.68},{\\\"date\\\":\\\"07\\\\\\\/03\\\\\\\/23 \\\",\\\"value\\\":20.43},{\\\"date\\\":\\\"08\\\\\\\/03\\\\\\\/23 \\\",\\\"value\\\":20.68},{\\\"date\\\":\\\"09\\\\\\\/03\\\\\\\/23 \\\",\\\"value\\\":20.5},{\\\"date\\\":\\\"10\\\\\\\/03\\\\\\\/23 \\\",\\\"value\\\":19.38},{\\\"date\\\":\\\"13\\\\\\\/03\\\\\\\/23 \\\",\\\"value\\\":18.93},{\\\"date\\\":\\\"14\\\\\\\/03\\\\\\\/23 \\\",\\\"value\\\":18.48},{\\\"date\\\":\\\"15\\\\\\\/03\\\\\\\/23 \\\",\\\"value\\\":18.35},{\\\"date\\\":\\\"16\\\\\\\/03\\\\\\\/23 \\\",\\\"value\\\":18.42},{\\\"date\\\":\\\"17\\\\\\\/03\\\\\\\/23 \\\",\\\"value\\\":18.91},{\\\"date\\\":\\\"20\\\\\\\/03\\\\\\\/23 \\\",\\\"value\\\":18.26},{\\\"date\\\":\\\"21\\\\\\\/03\\\\\\\/23 \\\",\\\"value\\\":18.16},{\\\"date\\\":\\\"22\\\\\\\/03\\\\\\\/23 \\\",\\\"value\\\":17.5},{\\\"date\\\":\\\"23\\\\\\\/03\\\\\\\/23 \\\",\\\"value\\\":16.64},{\\\"date\\\":\\\"24\\\\\\\/03\\\\\\\/23 \\\",\\\"value\\\":17.86},{\\\"date\\\":\\\"27\\\\\\\/03\\\\\\\/23 \\\",\\\"value\\\":18.56},{\\\"date\\\":\\\"28\\\\\\\/03\\\\\\\/23 \\\",\\\"value\\\":19.63},{\\\"date\\\":\\\"29\\\\\\\/03\\\\\\\/23 \\\",\\\"value\\\":19.34},{\\\"date\\\":\\\"30\\\\\\\/03\\\\\\\/23 \\\",\\\"value\\\":19.59},{\\\"date\\\":\\\"31\\\\\\\/03\\\\\\\/23 \\\",\\\"value\\\":19.36},{\\\"date\\\":\\\"03\\\\\\\/04\\\\\\\/23 \\\",\\\"value\\\":19.24},{\\\"date\\\":\\\"04\\\\\\\/04\\\\\\\/23 \\\",\\\"value\\\":18.87},{\\\"date\\\":\\\"05\\\\\\\/04\\\\\\\/23 \\\",\\\"value\\\":19.54},{\\\"date\\\":\\\"06\\\\\\\/04\\\\\\\/23 \\\",\\\"value\\\":19.53},{\\\"date\\\":\\\"10\\\\\\\/04\\\\\\\/23 \\\",\\\"value\\\":20.31},{\\\"date\\\":\\\"11\\\\\\\/04\\\\\\\/23 \\\",\\\"value\\\":20.78},{\\\"date\\\":\\\"12\\\\\\\/04\\\\\\\/23 \\\",\\\"value\\\":20.45},{\\\"date\\\":\\\"13\\\\\\\/04\\\\\\\/23 \\\",\\\"value\\\":20.36},{\\\"date\\\":\\\"14\\\\\\\/04\\\\\\\/23 \\\",\\\"value\\\":20.8},{\\\"date\\\":\\\"17\\\\\\\/04\\\\\\\/23 \\\",\\\"value\\\":20.4},{\\\"date\\\":\\\"18\\\\\\\/04\\\\\\\/23 \\\",\\\"value\\\":19.94},{\\\"date\\\":\\\"19\\\\\\\/04\\\\\\\/23 \\\",\\\"value\\\":19.78},{\\\"date\\\":\\\"20\\\\\\\/04\\\\\\\/23 \\\",\\\"value\\\":19.35},{\\\"date\\\":\\\"24\\\\\\\/04\\\\\\\/23 \\\",\\\"value\\\":18.51},{\\\"date\\\":\\\"25\\\\\\\/04\\\\\\\/23 \\\",\\\"value\\\":19.43},{\\\"date\\\":\\\"26\\\\\\\/04\\\\\\\/23 \\\",\\\"value\\\":18.96},{\\\"date\\\":\\\"27\\\\\\\/04\\\\\\\/23 \\\",\\\"value\\\":18.93},{\\\"date\\\":\\\"28\\\\\\\/04\\\\\\\/23 \\\",\\\"value\\\":19.79},{\\\"date\\\":\\\"02\\\\\\\/05\\\\\\\/23 \\\",\\\"value\\\":18.81},{\\\"date\\\":\\\"03\\\\\\\/05\\\\\\\/23 \\\",\\\"value\\\":19.18},{\\\"date\\\":\\\"04\\\\\\\/05\\\\\\\/23 \\\",\\\"value\\\":19.22},{\\\"date\\\":\\\"05\\\\\\\/05\\\\\\\/23 \\\",\\\"value\\\":23.76},{\\\"date\\\":\\\"08\\\\\\\/05\\\\\\\/23 \\\",\\\"value\\\":25.3},{\\\"date\\\":\\\"09\\\\\\\/05\\\\\\\/23 \\\",\\\"value\\\":26.28},{\\\"date\\\":\\\"10\\\\\\\/05\\\\\\\/23 \\\",\\\"value\\\":25.79},{\\\"date\\\":\\\"11\\\\\\\/05\\\\\\\/23 \\\",\\\"value\\\":25.56},{\\\"date\\\":\\\"12\\\\\\\/05\\\\\\\/23 \\\",\\\"value\\\":24.32},{\\\"date\\\":\\\"15\\\\\\\/05\\\\\\\/23 \\\",\\\"value\\\":22.69},{\\\"date\\\":\\\"16\\\\\\\/05\\\\\\\/23 \\\",\\\"value\\\":22.76},{\\\"date\\\":\\\"17\\\\\\\/05\\\\\\\/23 \\\",\\\"value\\\":23.37},{\\\"date\\\":\\\"18\\\\\\\/05\\\\\\\/23 \\\",\\\"value\\\":23.42},{\\\"date\\\":\\\"19\\\\\\\/05\\\\\\\/23 \\\",\\\"value\\\":24.18},{\\\"date\\\":\\\"22\\\\\\\/05\\\\\\\/23 \\\",\\\"value\\\":23.4},{\\\"date\\\":\\\"23\\\\\\\/05\\\\\\\/23 \\\",\\\"value\\\":23.27},{\\\"date\\\":\\\"24\\\\\\\/05\\\\\\\/23 \\\",\\\"value\\\":23.72},{\\\"date\\\":\\\"25\\\\\\\/05\\\\\\\/23 \\\",\\\"value\\\":23.04},{\\\"date\\\":\\\"26\\\\\\\/05\\\\\\\/23 \\\",\\\"value\\\":22.97},{\\\"date\\\":\\\"29\\\\\\\/05\\\\\\\/23 \\\",\\\"value\\\":22.89},{\\\"date\\\":\\\"30\\\\\\\/05\\\\\\\/23 \\\",\\\"value\\\":22.7},{\\\"date\\\":\\\"31\\\\\\\/05\\\\\\\/23 \\\",\\\"value\\\":22.46},{\\\"date\\\":\\\"01\\\\\\\/06\\\\\\\/23 \\\",\\\"value\\\":23.03},{\\\"date\\\":\\\"02\\\\\\\/06\\\\\\\/23 \\\",\\\"value\\\":23.85},{\\\"date\\\":\\\"05\\\\\\\/06\\\\\\\/23 \\\",\\\"value\\\":24.1},{\\\"date\\\":\\\"06\\\\\\\/06\\\\\\\/23 \\\",\\\"value\\\":24.85},{\\\"date\\\":\\\"07\\\\\\\/06\\\\\\\/23 \\\",\\\"value\\\":25.45},{\\\"date\\\":\\\"09\\\\\\\/06\\\\\\\/23 \\\",\\\"value\\\":25.61},{\\\"date\\\":\\\"12\\\\\\\/06\\\\\\\/23 \\\",\\\"value\\\":27.15},{\\\"date\\\":\\\"13\\\\\\\/06\\\\\\\/23 \\\",\\\"value\\\":26.74},{\\\"date\\\":\\\"14\\\\\\\/06\\\\\\\/23 \\\",\\\"value\\\":27.7},{\\\"date\\\":\\\"15\\\\\\\/06\\\\\\\/23 \\\",\\\"value\\\":29.48},{\\\"date\\\":\\\"16\\\\\\\/06\\\\\\\/23 \\\",\\\"value\\\":30},{\\\"date\\\":\\\"19\\\\\\\/06\\\\\\\/23 \\\",\\\"value\\\":30.95},{\\\"date\\\":\\\"20\\\\\\\/06\\\\\\\/23 \\\",\\\"value\\\":30.05},{\\\"date\\\":\\\"21\\\\\\\/06\\\\\\\/23 \\\",\\\"value\\\":29.55},{\\\"date\\\":\\\"22\\\\\\\/06\\\\\\\/23 \\\",\\\"value\\\":28.85},{\\\"date\\\":\\\"23\\\\\\\/06\\\\\\\/23 \\\",\\\"value\\\":29.12},{\\\"date\\\":\\\"26\\\\\\\/06\\\\\\\/23 \\\",\\\"value\\\":28.64},{\\\"date\\\":\\\"27\\\\\\\/06\\\\\\\/23 \\\",\\\"value\\\":28.55},{\\\"date\\\":\\\"28\\\\\\\/06\\\\\\\/23 \\\",\\\"value\\\":28.41},{\\\"date\\\":\\\"29\\\\\\\/06\\\\\\\/23 \\\",\\\"value\\\":29.03},{\\\"date\\\":\\\"30\\\\\\\/06\\\\\\\/23 \\\",\\\"value\\\":27.86},{\\\"date\\\":\\\"03\\\\\\\/07\\\\\\\/23 \\\",\\\"value\\\":27.47},{\\\"date\\\":\\\"04\\\\\\\/07\\\\\\\/23 \\\",\\\"value\\\":28.94},{\\\"date\\\":\\\"05\\\\\\\/07\\\\\\\/23 \\\",\\\"value\\\":27.66},{\\\"date\\\":\\\"06\\\\\\\/07\\\\\\\/23 \\\",\\\"value\\\":26.97},{\\\"date\\\":\\\"07\\\\\\\/07\\\\\\\/23 \\\",\\\"value\\\":27.05},{\\\"date\\\":\\\"10\\\\\\\/07\\\\\\\/23 \\\",\\\"value\\\":26.62},{\\\"date\\\":\\\"11\\\\\\\/07\\\\\\\/23 \\\",\\\"value\\\":26.08},{\\\"date\\\":\\\"12\\\\\\\/07\\\\\\\/23 \\\",\\\"value\\\":26.18},{\\\"date\\\":\\\"13\\\\\\\/07\\\\\\\/23 \\\",\\\"value\\\":26.09},{\\\"date\\\":\\\"14\\\\\\\/07\\\\\\\/23 \\\",\\\"value\\\":26},{\\\"date\\\":\\\"17\\\\\\\/07\\\\\\\/23 \\\",\\\"value\\\":25.79},{\\\"date\\\":\\\"18\\\\\\\/07\\\\\\\/23 \\\",\\\"value\\\":25.59},{\\\"date\\\":\\\"19\\\\\\\/07\\\\\\\/23 \\\",\\\"value\\\":24.72},{\\\"date\\\":\\\"20\\\\\\\/07\\\\\\\/23 \\\",\\\"value\\\":24.58},{\\\"date\\\":\\\"21\\\\\\\/07\\\\\\\/23 \\\",\\\"value\\\":24.69},{\\\"date\\\":\\\"24\\\\\\\/07\\\\\\\/23 \\\",\\\"value\\\":25.08},{\\\"date\\\":\\\"25\\\\\\\/07\\\\\\\/23 \\\",\\\"value\\\":25.65},{\\\"date\\\":\\\"26\\\\\\\/07\\\\\\\/23 \\\",\\\"value\\\":25.35},{\\\"date\\\":\\\"27\\\\\\\/07\\\\\\\/23 \\\",\\\"value\\\":24.51},{\\\"date\\\":\\\"28\\\\\\\/07\\\\\\\/23 \\\",\\\"value\\\":24.57},{\\\"date\\\":\\\"31\\\\\\\/07\\\\\\\/23 \\\",\\\"value\\\":25.4},{\\\"date\\\":\\\"01\\\\\\\/08\\\\\\\/23 \\\",\\\"value\\\":25.12},{\\\"date\\\":\\\"02\\\\\\\/08\\\\\\\/23 \\\",\\\"value\\\":24.57},{\\\"date\\\":\\\"03\\\\\\\/08\\\\\\\/23 \\\",\\\"value\\\":24.41},{\\\"date\\\":\\\"04\\\\\\\/08\\\\\\\/23 \\\",\\\"value\\\":23.65},{\\\"date\\\":\\\"07\\\\\\\/08\\\\\\\/23 \\\",\\\"value\\\":23.32},{\\\"date\\\":\\\"08\\\\\\\/08\\\\\\\/23 \\\",\\\"value\\\":23.85},{\\\"date\\\":\\\"09\\\\\\\/08\\\\\\\/23 \\\",\\\"value\\\":23.39},{\\\"date\\\":\\\"10\\\\\\\/08\\\\\\\/23 \\\",\\\"value\\\":24.99},{\\\"date\\\":\\\"11\\\\\\\/08\\\\\\\/23 \\\",\\\"value\\\":24.13},{\\\"date\\\":\\\"14\\\\\\\/08\\\\\\\/23 \\\",\\\"value\\\":23.56},{\\\"date\\\":\\\"15\\\\\\\/08\\\\\\\/23 \\\",\\\"value\\\":23.75},{\\\"date\\\":\\\"16\\\\\\\/08\\\\\\\/23 \\\",\\\"value\\\":22.96},{\\\"date\\\":\\\"17\\\\\\\/08\\\\\\\/23 \\\",\\\"value\\\":22.67},{\\\"date\\\":\\\"18\\\\\\\/08\\\\\\\/23 \\\",\\\"value\\\":23.01},{\\\"date\\\":\\\"21\\\\\\\/08\\\\\\\/23 \\\",\\\"value\\\":22.34},{\\\"date\\\":\\\"22\\\\\\\/08\\\\\\\/23 \\\",\\\"value\\\":22.71}]\";\n  let isPositive_a92deedf7a2d264b98e4224c0493384a = \"\";\n\n  let color_a92deedf7a2d264b98e4224c0493384a = isPositive_a92deedf7a2d264b98e4224c0493384a ? '#3AB53A' : '#D92C2D';\n\n  let data_a92deedf7a2d264b98e4224c0493384a = JSON.parse(data_json_a92deedf7a2d264b98e4224c0493384a);\n\n  const result_a92deedf7a2d264b98e4224c0493384a = {\n    date: [],\n    value: [],\n  };\n\n  data_a92deedf7a2d264b98e4224c0493384a.forEach((item) => {\n    result_a92deedf7a2d264b98e4224c0493384a.date.push(item.date);\n    result_a92deedf7a2d264b98e4224c0493384a.value.push(Number(item.value));\n  });\n\n  let option_a92deedf7a2d264b98e4224c0493384a = {\n    \/\/ variavel de cor global\n    color: [color_a92deedf7a2d264b98e4224c0493384a],\n    title: {\n      text: '',\n    },\n    tooltip: {\n      trigger: 'axis',\n      axisPointer: {\n        type: 'cross',\n        label: {\n          \/\/ cor dos valores em X e Y\n          backgroundColor: color_a92deedf7a2d264b98e4224c0493384a,\n          formatter: (value) => {\n            if (typeof value.value === 'number') {\n              return Number(value.value).toLocaleString('pt-br', {\n                style: 'currency',\n                currency: 'BRL'\n              });\n            }\n            return value.value;\n          },\n        },\n      },\n      valueFormatter: (value) => Number(value).toLocaleString('pt-br', {\n        style: 'currency',\n        currency: 'BRL'\n      }),\n    },\n    legend: {\n      \/\/ data: ['Valor de Fechamento'],\n      show: false,\n    },\n    toolbox: {\n      feature: {\n        saveAsImage: {\n          show: false,\n        },\n      },\n    },\n    grid: {\n      left: '0px',\n      right: '0px',\n      bottom: '0px',\n      containLabel: true,\n    },\n    xAxis: [{\n      type: 'category',\n      data: result_a92deedf7a2d264b98e4224c0493384a.date,\n      boundaryGap: true,\n    }],\n    yAxis: [{\n      type: 'value',\n      min: Math.min(...result_a92deedf7a2d264b98e4224c0493384a.value),\n      max: Math.max(...result_a92deedf7a2d264b98e4224c0493384a.value),\n      axisLabel: {\n        formatter: (value) => value.toLocaleString('pt-br', {\n          style: 'currency',\n          currency: 'BRL'\n        }),\n      },\n    }],\n    series: [{\n      name: 'Valor de Fechamento',\n      type: 'line',\n      stack: 'Total',\n      \/\/ cor do grafico\n      areaStyle: {},\n      emphasis: {\n        focus: 'series',\n      },\n      data: result_a92deedf7a2d264b98e4224c0493384a.value,\n      \/\/ cor da linha\n      lineStyle: {\n        color: color_a92deedf7a2d264b98e4224c0493384a,\n      },\n    }, ],\n  };\n\n\twindow.chart_a92deedf7a2d264b98e4224c0493384a = {\n\t\tel: chart_a92deedf7a2d264b98e4224c0493384a,\n\t\toption: option_a92deedf7a2d264b98e4224c0493384a\t};\n\n\n<\/script>\n\n\n\t<p>\n\t\t<a href=\"https:\/\/lp.suno.com.br\/planilha-da-vida-financeira\/\" target=\"_blank\" data-element=\"shortcode-suno-banner\" title=\"Banner SUNO, clique e saiba mais\">\n\t\t\t<picture>\n\t\t\t\t<source media=\"(max-width: 500px)\" srcset=\"https:\/\/files.sunoresearch.com.br\/n\/uploads\/2023\/04\/400x300-Planilha-vida-financeira-true.png\">\n\t\t\t\t<img class=\"newsContent__article__imgCapa newsContent__article__imgCapa--banner\"\n\t\t\t\t\tsrc=\"https:\/\/files.sunoresearch.com.br\/n\/uploads\/2023\/04\/1420x240-Planilha-vida-financeira-true.png\"\n\t\t\t\t\tdata-promo-id=\"383123\"\t\t\t\t\t\t\t\t\t\twidth='1420' height='240'\t\t\t\t\talt=\"https:\/\/files.sunoresearch.com.br\/n\/uploads\/2023\/04\/1420x240-Planilha-vida-financeira-true.png\"\n\t\t\t\t>\n\t\t\t<\/picture>\n\t\t<\/a>\n\t<\/p>\n\n\n","protected":false},"excerpt":{"rendered":"<p>A Braskem (BRKM5) est\u00e1 no pior momento do ciclo econ\u00f4mico petroqu\u00edmico, diz a Guide Investimento. Apesar desta fase, os analistas acreditam que existe um potencial de upside, recomendando a compra das a\u00e7\u00f5es da companhia. Braskem &#8211; Foto: Divulga\u00e7\u00e3o Braskem \u201cA Braskem encontra-se no pior momento do ciclo econ\u00f4mico petroqu\u00edmico, com o spread de seus produtos [&hellip;]<\/p>\n","protected":false},"author":301,"featured_media":130188,"comment_status":"closed","ping_status":"closed","sticky":false,"template":"","format":"standard","meta":[],"categories":[60],"tags":[286,395,2354],"suno_strategy":[],"class_list":["post-446005","post","type-post","status-publish","format-standard","has-post-thumbnail","hentry","category-mercado","tag-acoes","tag-braskem-brkm3-brkm5-brkm6","tag-guide-investimentos"],"yoast_head":"<!-- This site is optimized with the Yoast SEO plugin v24.4 - https:\/\/yoast.com\/wordpress\/plugins\/seo\/ -->\n<title>Braskem (BRKM5): mesmo em ciclo ruim, analistas recomendam a\u00e7\u00f5es<\/title>\n<meta name=\"description\" content=\"A Braskem est\u00e1 no pior momento do ciclo econ\u00f4mico petroqu\u00edmico, diz a Guide Investimento. Mas analistas acreditam que exista chance de upside\" \/>\n<meta name=\"robots\" content=\"index, follow, max-snippet:-1, max-image-preview:large, max-video-preview:-1\" \/>\n<link rel=\"canonical\" href=\"https:\/\/www.suno.com.br\/noticias\/braskem-brkm5-pior-ciclo-economico-valorizacao-acoes-va\/\" \/>\n<meta property=\"og:locale\" content=\"pt_BR\" \/>\n<meta property=\"og:type\" content=\"article\" \/>\n<meta property=\"og:title\" content=\"Braskem (BRKM5): mesmo em ciclo ruim, analistas recomendam a\u00e7\u00f5es\" \/>\n<meta property=\"og:description\" content=\"A Braskem est\u00e1 no pior momento do ciclo econ\u00f4mico petroqu\u00edmico, diz a Guide Investimento. Mas analistas acreditam que exista chance de upside\" \/>\n<meta property=\"og:url\" content=\"https:\/\/www.suno.com.br\/noticias\/braskem-brkm5-pior-ciclo-economico-valorizacao-acoes-va\/\" \/>\n<meta property=\"og:site_name\" content=\"Suno Not\u00edcias\" \/>\n<meta property=\"article:publisher\" content=\"https:\/\/facebook.com\/sunoresearch\" \/>\n<meta property=\"og:image\" content=\"https:\/\/files.sunoresearch.com.br\/n\/uploads\/2021\/03\/0d9adbd2-braskem-2.jpg\" \/>\n\t<meta property=\"og:image:width\" content=\"1200\" \/>\n\t<meta property=\"og:image:height\" content=\"800\" \/>\n\t<meta property=\"og:image:type\" content=\"image\/jpeg\" \/>\n<meta name=\"author\" content=\"Vin\u00edcius Alves\" \/>\n<meta name=\"twitter:card\" content=\"summary_large_image\" \/>\n<meta name=\"twitter:creator\" content=\"@sunoresearch\" \/>\n<meta name=\"twitter:site\" content=\"@sunoresearch\" \/>\n<meta name=\"twitter:label1\" content=\"Escrito por\" \/>\n\t<meta name=\"twitter:data1\" content=\"Vin\u00edcius Alves\" \/>\n\t<meta name=\"twitter:label2\" content=\"Est. tempo de leitura\" \/>\n\t<meta name=\"twitter:data2\" content=\"7 minutos\" \/>\n<script type=\"application\/ld+json\" class=\"yoast-schema-graph\">{\"@context\":\"https:\/\/schema.org\",\"@graph\":[{\"@type\":\"NewsArticle\",\"@id\":\"https:\/\/www.suno.com.br\/noticias\/braskem-brkm5-pior-ciclo-economico-valorizacao-acoes-va\/#article\",\"isPartOf\":{\"@id\":\"https:\/\/www.suno.com.br\/noticias\/braskem-brkm5-pior-ciclo-economico-valorizacao-acoes-va\/\"},\"author\":{\"name\":\"Vin\u00edcius Alves\",\"@id\":\"https:\/\/www.suno.com.br\/noticias\/#\/schema\/person\/4a180549702d0e236b3e420862bcded3\"},\"headline\":\"Braskem (BRKM5): mesmo no &#8220;pior ciclo econ\u00f4mico&#8221;, analistas veem valoriza\u00e7\u00e3o das a\u00e7\u00f5es; veja motivos\",\"datePublished\":\"2023-08-22T22:55:52+00:00\",\"dateModified\":\"2023-08-22T22:56:02+00:00\",\"mainEntityOfPage\":{\"@id\":\"https:\/\/www.suno.com.br\/noticias\/braskem-brkm5-pior-ciclo-economico-valorizacao-acoes-va\/\"},\"wordCount\":1240,\"publisher\":{\"@id\":\"https:\/\/www.suno.com.br\/noticias\/#organization\"},\"image\":{\"@id\":\"https:\/\/www.suno.com.br\/noticias\/braskem-brkm5-pior-ciclo-economico-valorizacao-acoes-va\/#primaryimage\"},\"thumbnailUrl\":\"https:\/\/files.sunoresearch.com.br\/n\/uploads\/2021\/03\/0d9adbd2-braskem-2-jpg.webp\",\"keywords\":[\"A\u00e7\u00f5es\",\"Braskem (BRKM3\/BRKM5\/BRKM6)\",\"Guide Investimentos\"],\"articleSection\":[\"Mercado\"],\"inLanguage\":\"pt-BR\"},{\"@type\":\"WebPage\",\"@id\":\"https:\/\/www.suno.com.br\/noticias\/braskem-brkm5-pior-ciclo-economico-valorizacao-acoes-va\/\",\"url\":\"https:\/\/www.suno.com.br\/noticias\/braskem-brkm5-pior-ciclo-economico-valorizacao-acoes-va\/\",\"name\":\"Braskem (BRKM5): mesmo em ciclo ruim, analistas recomendam a\u00e7\u00f5es\",\"isPartOf\":{\"@id\":\"https:\/\/www.suno.com.br\/noticias\/#website\"},\"primaryImageOfPage\":{\"@id\":\"https:\/\/www.suno.com.br\/noticias\/braskem-brkm5-pior-ciclo-economico-valorizacao-acoes-va\/#primaryimage\"},\"image\":{\"@id\":\"https:\/\/www.suno.com.br\/noticias\/braskem-brkm5-pior-ciclo-economico-valorizacao-acoes-va\/#primaryimage\"},\"thumbnailUrl\":\"https:\/\/files.sunoresearch.com.br\/n\/uploads\/2021\/03\/0d9adbd2-braskem-2-jpg.webp\",\"datePublished\":\"2023-08-22T22:55:52+00:00\",\"dateModified\":\"2023-08-22T22:56:02+00:00\",\"description\":\"A Braskem est\u00e1 no pior momento do ciclo econ\u00f4mico petroqu\u00edmico, diz a Guide Investimento. Mas analistas acreditam que exista chance de upside\",\"breadcrumb\":{\"@id\":\"https:\/\/www.suno.com.br\/noticias\/braskem-brkm5-pior-ciclo-economico-valorizacao-acoes-va\/#breadcrumb\"},\"inLanguage\":\"pt-BR\",\"potentialAction\":[{\"@type\":\"ReadAction\",\"target\":[\"https:\/\/www.suno.com.br\/noticias\/braskem-brkm5-pior-ciclo-economico-valorizacao-acoes-va\/\"]}]},{\"@type\":\"ImageObject\",\"inLanguage\":\"pt-BR\",\"@id\":\"https:\/\/www.suno.com.br\/noticias\/braskem-brkm5-pior-ciclo-economico-valorizacao-acoes-va\/#primaryimage\",\"url\":\"https:\/\/files.sunoresearch.com.br\/n\/uploads\/2021\/03\/0d9adbd2-braskem-2-jpg.webp\",\"contentUrl\":\"https:\/\/files.sunoresearch.com.br\/n\/uploads\/2021\/03\/0d9adbd2-braskem-2-jpg.webp\",\"width\":1200,\"height\":800,\"caption\":\"Braskem - Foto: Divulga\u00e7\u00e3o Braskem\"},{\"@type\":\"BreadcrumbList\",\"@id\":\"https:\/\/www.suno.com.br\/noticias\/braskem-brkm5-pior-ciclo-economico-valorizacao-acoes-va\/#breadcrumb\",\"itemListElement\":[{\"@type\":\"ListItem\",\"position\":1,\"name\":\"Not\u00edcias\",\"item\":\"https:\/\/www.suno.com.br\/noticias\/\"},{\"@type\":\"ListItem\",\"position\":2,\"name\":\"Mercado\",\"item\":\"https:\/\/www.suno.com.br\/noticias\/mercado\/\"},{\"@type\":\"ListItem\",\"position\":3,\"name\":\"Braskem (BRKM5): mesmo no &#8220;pior ciclo econ\u00f4mico&#8221;, analistas veem valoriza\u00e7\u00e3o das a\u00e7\u00f5es; veja motivos\"}]},{\"@type\":\"WebSite\",\"@id\":\"https:\/\/www.suno.com.br\/noticias\/#website\",\"url\":\"https:\/\/www.suno.com.br\/noticias\/\",\"name\":\"Suno Not\u00edcias\",\"description\":\"Seu portal de informa\u00e7\u00e3o sobre o mundo dos investimentos\",\"publisher\":{\"@id\":\"https:\/\/www.suno.com.br\/noticias\/#organization\"},\"potentialAction\":[{\"@type\":\"SearchAction\",\"target\":{\"@type\":\"EntryPoint\",\"urlTemplate\":\"https:\/\/www.suno.com.br\/noticias\/?s={search_term_string}\"},\"query-input\":{\"@type\":\"PropertyValueSpecification\",\"valueRequired\":true,\"valueName\":\"search_term_string\"}}],\"inLanguage\":\"pt-BR\"},{\"@type\":\"Organization\",\"@id\":\"https:\/\/www.suno.com.br\/noticias\/#organization\",\"name\":\"Suno Not\u00edcias\",\"url\":\"https:\/\/www.suno.com.br\/noticias\/\",\"logo\":{\"@type\":\"ImageObject\",\"inLanguage\":\"pt-BR\",\"@id\":\"https:\/\/www.suno.com.br\/noticias\/#\/schema\/logo\/image\/\",\"url\":\"https:\/\/files.sunoresearch.com.br\/n\/uploads\/2021\/09\/suno-logo.png\",\"contentUrl\":\"https:\/\/files.sunoresearch.com.br\/n\/uploads\/2021\/09\/suno-logo.png\",\"width\":180,\"height\":180,\"caption\":\"Suno Not\u00edcias\"},\"image\":{\"@id\":\"https:\/\/www.suno.com.br\/noticias\/#\/schema\/logo\/image\/\"},\"sameAs\":[\"https:\/\/facebook.com\/sunoresearch\",\"https:\/\/x.com\/sunoresearch\",\"https:\/\/www.instagram.com\/suno\",\"https:\/\/www.linkedin.com\/company\/suno-research\/\",\"https:\/\/www.youtube.com\/c\/sunoresearch\"]},{\"@type\":\"Person\",\"@id\":\"https:\/\/www.suno.com.br\/noticias\/#\/schema\/person\/4a180549702d0e236b3e420862bcded3\",\"name\":\"Vin\u00edcius Alves\",\"image\":{\"@type\":\"ImageObject\",\"inLanguage\":\"pt-BR\",\"@id\":\"https:\/\/www.suno.com.br\/noticias\/#\/schema\/person\/image\/\",\"url\":\"https:\/\/secure.gravatar.com\/avatar\/a95b7fe6d1b813f7907d4f476d5a39e1?s=96&r=g\",\"contentUrl\":\"https:\/\/secure.gravatar.com\/avatar\/a95b7fe6d1b813f7907d4f476d5a39e1?s=96&r=g\",\"caption\":\"Vin\u00edcius Alves\"},\"description\":\"Jornalista formado na Faculdade C\u00e1sper L\u00edbero. Com passagens pela Ag\u00eancia Estado, InfoMoney e Editora Globo.\",\"url\":\"https:\/\/www.suno.com.br\/noticias\/author\/vini08correiagmail-com\/\"}]}<\/script>\n<!-- \/ Yoast SEO plugin. -->","yoast_head_json":{"title":"Braskem (BRKM5): mesmo em ciclo ruim, analistas recomendam a\u00e7\u00f5es","description":"A Braskem est\u00e1 no pior momento do ciclo econ\u00f4mico petroqu\u00edmico, diz a Guide Investimento. Mas analistas acreditam que exista chance de upside","robots":{"index":"index","follow":"follow","max-snippet":"max-snippet:-1","max-image-preview":"max-image-preview:large","max-video-preview":"max-video-preview:-1"},"canonical":"https:\/\/www.suno.com.br\/noticias\/braskem-brkm5-pior-ciclo-economico-valorizacao-acoes-va\/","og_locale":"pt_BR","og_type":"article","og_title":"Braskem (BRKM5): mesmo em ciclo ruim, analistas recomendam a\u00e7\u00f5es","og_description":"A Braskem est\u00e1 no pior momento do ciclo econ\u00f4mico petroqu\u00edmico, diz a Guide Investimento. Mas analistas acreditam que exista chance de upside","og_url":"https:\/\/www.suno.com.br\/noticias\/braskem-brkm5-pior-ciclo-economico-valorizacao-acoes-va\/","og_site_name":"Suno Not\u00edcias","article_publisher":"https:\/\/facebook.com\/sunoresearch","og_image":[{"width":1200,"height":800,"url":"https:\/\/files.sunoresearch.com.br\/n\/uploads\/2021\/03\/0d9adbd2-braskem-2.jpg","type":"image\/jpeg"}],"author":"Vin\u00edcius Alves","twitter_card":"summary_large_image","twitter_creator":"@sunoresearch","twitter_site":"@sunoresearch","twitter_misc":{"Escrito por":"Vin\u00edcius Alves","Est. tempo de leitura":"7 minutos"},"schema":{"@context":"https:\/\/schema.org","@graph":[{"@type":"NewsArticle","@id":"https:\/\/www.suno.com.br\/noticias\/braskem-brkm5-pior-ciclo-economico-valorizacao-acoes-va\/#article","isPartOf":{"@id":"https:\/\/www.suno.com.br\/noticias\/braskem-brkm5-pior-ciclo-economico-valorizacao-acoes-va\/"},"author":{"name":"Vin\u00edcius Alves","@id":"https:\/\/www.suno.com.br\/noticias\/#\/schema\/person\/4a180549702d0e236b3e420862bcded3"},"headline":"Braskem (BRKM5): mesmo no &#8220;pior ciclo econ\u00f4mico&#8221;, analistas veem valoriza\u00e7\u00e3o das a\u00e7\u00f5es; veja motivos","datePublished":"2023-08-22T22:55:52+00:00","dateModified":"2023-08-22T22:56:02+00:00","mainEntityOfPage":{"@id":"https:\/\/www.suno.com.br\/noticias\/braskem-brkm5-pior-ciclo-economico-valorizacao-acoes-va\/"},"wordCount":1240,"publisher":{"@id":"https:\/\/www.suno.com.br\/noticias\/#organization"},"image":{"@id":"https:\/\/www.suno.com.br\/noticias\/braskem-brkm5-pior-ciclo-economico-valorizacao-acoes-va\/#primaryimage"},"thumbnailUrl":"https:\/\/files.sunoresearch.com.br\/n\/uploads\/2021\/03\/0d9adbd2-braskem-2-jpg.webp","keywords":["A\u00e7\u00f5es","Braskem (BRKM3\/BRKM5\/BRKM6)","Guide Investimentos"],"articleSection":["Mercado"],"inLanguage":"pt-BR"},{"@type":"WebPage","@id":"https:\/\/www.suno.com.br\/noticias\/braskem-brkm5-pior-ciclo-economico-valorizacao-acoes-va\/","url":"https:\/\/www.suno.com.br\/noticias\/braskem-brkm5-pior-ciclo-economico-valorizacao-acoes-va\/","name":"Braskem (BRKM5): mesmo em ciclo ruim, analistas recomendam a\u00e7\u00f5es","isPartOf":{"@id":"https:\/\/www.suno.com.br\/noticias\/#website"},"primaryImageOfPage":{"@id":"https:\/\/www.suno.com.br\/noticias\/braskem-brkm5-pior-ciclo-economico-valorizacao-acoes-va\/#primaryimage"},"image":{"@id":"https:\/\/www.suno.com.br\/noticias\/braskem-brkm5-pior-ciclo-economico-valorizacao-acoes-va\/#primaryimage"},"thumbnailUrl":"https:\/\/files.sunoresearch.com.br\/n\/uploads\/2021\/03\/0d9adbd2-braskem-2-jpg.webp","datePublished":"2023-08-22T22:55:52+00:00","dateModified":"2023-08-22T22:56:02+00:00","description":"A Braskem est\u00e1 no pior momento do ciclo econ\u00f4mico petroqu\u00edmico, diz a Guide Investimento. Mas analistas acreditam que exista chance de upside","breadcrumb":{"@id":"https:\/\/www.suno.com.br\/noticias\/braskem-brkm5-pior-ciclo-economico-valorizacao-acoes-va\/#breadcrumb"},"inLanguage":"pt-BR","potentialAction":[{"@type":"ReadAction","target":["https:\/\/www.suno.com.br\/noticias\/braskem-brkm5-pior-ciclo-economico-valorizacao-acoes-va\/"]}]},{"@type":"ImageObject","inLanguage":"pt-BR","@id":"https:\/\/www.suno.com.br\/noticias\/braskem-brkm5-pior-ciclo-economico-valorizacao-acoes-va\/#primaryimage","url":"https:\/\/files.sunoresearch.com.br\/n\/uploads\/2021\/03\/0d9adbd2-braskem-2-jpg.webp","contentUrl":"https:\/\/files.sunoresearch.com.br\/n\/uploads\/2021\/03\/0d9adbd2-braskem-2-jpg.webp","width":1200,"height":800,"caption":"Braskem - Foto: Divulga\u00e7\u00e3o Braskem"},{"@type":"BreadcrumbList","@id":"https:\/\/www.suno.com.br\/noticias\/braskem-brkm5-pior-ciclo-economico-valorizacao-acoes-va\/#breadcrumb","itemListElement":[{"@type":"ListItem","position":1,"name":"Not\u00edcias","item":"https:\/\/www.suno.com.br\/noticias\/"},{"@type":"ListItem","position":2,"name":"Mercado","item":"https:\/\/www.suno.com.br\/noticias\/mercado\/"},{"@type":"ListItem","position":3,"name":"Braskem (BRKM5): mesmo no &#8220;pior ciclo econ\u00f4mico&#8221;, analistas veem valoriza\u00e7\u00e3o das a\u00e7\u00f5es; veja motivos"}]},{"@type":"WebSite","@id":"https:\/\/www.suno.com.br\/noticias\/#website","url":"https:\/\/www.suno.com.br\/noticias\/","name":"Suno Not\u00edcias","description":"Seu portal de informa\u00e7\u00e3o sobre o mundo dos investimentos","publisher":{"@id":"https:\/\/www.suno.com.br\/noticias\/#organization"},"potentialAction":[{"@type":"SearchAction","target":{"@type":"EntryPoint","urlTemplate":"https:\/\/www.suno.com.br\/noticias\/?s={search_term_string}"},"query-input":{"@type":"PropertyValueSpecification","valueRequired":true,"valueName":"search_term_string"}}],"inLanguage":"pt-BR"},{"@type":"Organization","@id":"https:\/\/www.suno.com.br\/noticias\/#organization","name":"Suno Not\u00edcias","url":"https:\/\/www.suno.com.br\/noticias\/","logo":{"@type":"ImageObject","inLanguage":"pt-BR","@id":"https:\/\/www.suno.com.br\/noticias\/#\/schema\/logo\/image\/","url":"https:\/\/files.sunoresearch.com.br\/n\/uploads\/2021\/09\/suno-logo.png","contentUrl":"https:\/\/files.sunoresearch.com.br\/n\/uploads\/2021\/09\/suno-logo.png","width":180,"height":180,"caption":"Suno Not\u00edcias"},"image":{"@id":"https:\/\/www.suno.com.br\/noticias\/#\/schema\/logo\/image\/"},"sameAs":["https:\/\/facebook.com\/sunoresearch","https:\/\/x.com\/sunoresearch","https:\/\/www.instagram.com\/suno","https:\/\/www.linkedin.com\/company\/suno-research\/","https:\/\/www.youtube.com\/c\/sunoresearch"]},{"@type":"Person","@id":"https:\/\/www.suno.com.br\/noticias\/#\/schema\/person\/4a180549702d0e236b3e420862bcded3","name":"Vin\u00edcius Alves","image":{"@type":"ImageObject","inLanguage":"pt-BR","@id":"https:\/\/www.suno.com.br\/noticias\/#\/schema\/person\/image\/","url":"https:\/\/secure.gravatar.com\/avatar\/a95b7fe6d1b813f7907d4f476d5a39e1?s=96&r=g","contentUrl":"https:\/\/secure.gravatar.com\/avatar\/a95b7fe6d1b813f7907d4f476d5a39e1?s=96&r=g","caption":"Vin\u00edcius Alves"},"description":"Jornalista formado na Faculdade C\u00e1sper L\u00edbero. Com passagens pela Ag\u00eancia Estado, InfoMoney e Editora Globo.","url":"https:\/\/www.suno.com.br\/noticias\/author\/vini08correiagmail-com\/"}]}},"default_loop_html":"<div class=\"cardsPage__listCard__boxs\"><div class=\"cardsPage__listCard__boxs__img\"><a href=\"https:\/\/www.suno.com.br\/noticias\/braskem-brkm5-pior-ciclo-economico-valorizacao-acoes-va\/\"><img class=\"mask\" src=\"https:\/\/www.suno.com.br\/noticias\/wp-content\/themes\/suno\/resources\/images\/spotlight\/spotlight1img\/bg-mask.png\" alt=\"Image Mask\"\/><img src=\"https:\/\/files.sunoresearch.com.br\/n\/uploads\/2021\/03\/0d9adbd2-braskem-2-400x200.webp\" alt=\"Braskem (BRKM5): mesmo no &#8220;pior ciclo econ\u00f4mico&#8221;, analistas veem valoriza\u00e7\u00e3o das a\u00e7\u00f5es; veja motivos\"\/><\/a><span class=\"spotlightCategory\"><a href=\"https:\/\/www.suno.com.br\/noticias\/mercado\/\">Mercado<\/a><\/span><\/div><div class=\"cardsPage__listCard__boxs__content\"><a href=\"https:\/\/www.suno.com.br\/noticias\/braskem-brkm5-pior-ciclo-economico-valorizacao-acoes-va\/\"><h2 class=\"content__title\">Braskem (BRKM5): mesmo no &#8220;pior ciclo econ\u00f4mico&#8221;, analistas veem valoriza\u00e7\u00e3o das a\u00e7\u00f5es; veja motivos<\/h2><\/a><div class=\"newsContent__article__meta\"><div class=\"newsContent__article__meta__authorBox\"><a href=\"https:\/\/www.suno.com.br\/noticias\/author\/vini08correiagmail-com\/\" class=\"authorBox__avatar noMobi\"><img src=\"https:\/\/files.sunoresearch.com.br\/n\/uploads\/2026\/04\/WhatsApp-Image-2026-04-20-at-19.35.48-150x150.webp\" alt=\"Vin\u00edcius Alves\"><\/a><div class=\"authorBox__name\"><span>por\n\t\t\t<a href=\"https:\/\/www.suno.com.br\/noticias\/author\/vini08correiagmail-com\/\"><span itemprop=\"author\">Vin\u00edcius Alves<\/span><\/a><\/span><time datetime=\"2023-08-22T19:55:52-03:00\" itemprop=\"datePublished\">22\/08\/2023 19:55<\/time><\/div><\/div><\/div><\/div><\/div>","single_layout":"posts","amp_enabled":true,"_links":{"self":[{"href":"https:\/\/www.suno.com.br\/noticias\/wp-json\/wp\/v2\/posts\/446005"}],"collection":[{"href":"https:\/\/www.suno.com.br\/noticias\/wp-json\/wp\/v2\/posts"}],"about":[{"href":"https:\/\/www.suno.com.br\/noticias\/wp-json\/wp\/v2\/types\/post"}],"author":[{"embeddable":true,"href":"https:\/\/www.suno.com.br\/noticias\/wp-json\/wp\/v2\/users\/301"}],"replies":[{"embeddable":true,"href":"https:\/\/www.suno.com.br\/noticias\/wp-json\/wp\/v2\/comments?post=446005"}],"version-history":[{"count":2,"href":"https:\/\/www.suno.com.br\/noticias\/wp-json\/wp\/v2\/posts\/446005\/revisions"}],"predecessor-version":[{"id":446089,"href":"https:\/\/www.suno.com.br\/noticias\/wp-json\/wp\/v2\/posts\/446005\/revisions\/446089"}],"wp:featuredmedia":[{"embeddable":true,"href":"https:\/\/www.suno.com.br\/noticias\/wp-json\/wp\/v2\/media\/130188"}],"wp:attachment":[{"href":"https:\/\/www.suno.com.br\/noticias\/wp-json\/wp\/v2\/media?parent=446005"}],"wp:term":[{"taxonomy":"category","embeddable":true,"href":"https:\/\/www.suno.com.br\/noticias\/wp-json\/wp\/v2\/categories?post=446005"},{"taxonomy":"post_tag","embeddable":true,"href":"https:\/\/www.suno.com.br\/noticias\/wp-json\/wp\/v2\/tags?post=446005"},{"taxonomy":"suno_strategy","embeddable":true,"href":"https:\/\/www.suno.com.br\/noticias\/wp-json\/wp\/v2\/suno_strategy?post=446005"}],"curies":[{"name":"wp","href":"https:\/\/api.w.org\/{rel}","templated":true}]}}