{"id":445956,"date":"2023-08-22T17:14:54","date_gmt":"2023-08-22T20:14:54","guid":{"rendered":"https:\/\/www.suno.com.br\/noticias\/?p=445956"},"modified":"2023-08-22T17:41:13","modified_gmt":"2023-08-22T20:41:13","slug":"123milhas-mpf-cobra-caixa-ressarcir-consumidores","status":"publish","type":"post","link":"https:\/\/www.suno.com.br\/noticias\/123milhas-mpf-cobra-caixa-ressarcir-consumidores\/","title":{"rendered":"123milhas: MPF cobra empresa para ressarcir consumidores em dinheiro"},"content":{"rendered":"<p>O Minist\u00e9rio P\u00fablico Federal oficiou nesta ter\u00e7a-feira, 22, o presidente da <strong>123milhas<\/strong>, Ramiro J\u00falio Soares Madureira, para que a empresa responda se \u00e9 poss\u00edvel ressarcir em dinheiro os consumidores afetados com a suspens\u00e3o da &#8216;linha Promo&#8217; de voos previstos de setembro a dezembro.<\/p>\t<div class=\"wrapper-featured-image\">\n\t\t<figure class=\"spotlightImg\">\n\n\t\t\t<picture>\n\t\t\t\t<source media=\"(max-width: 768px)\" srcset=\"https:\/\/files.sunoresearch.com.br\/n\/uploads\/2023\/08\/123-Milhas-400x200.jpg\">\n\t\t\t\t<img loading=\"lazy\" decoding=\"async\" class=\"newsContent__article__imgCapa lazyloadDisabled \" src=\"https:\/\/files.sunoresearch.com.br\/n\/uploads\/2023\/08\/123-Milhas-800x450.jpg\" width=\"800\" height=\"450\" alt=\"123milhas: MPF cobra empresa para ressarcir consumidores em dinheiro\" fetchpriority=high \/>\n\t\t\t<\/picture>\n\n\t\t\t<figcaption class=\"wp-caption-text wp-caption-text--show\">123 Milhas. Foto: Divulga\u00e7\u00e3o<\/figcaption>\n\t\t<\/figure>\n\t<\/div>\n\n\n\n\n\n\t<p>\n\t\t<a href=\"\" target=\"_blank\" data-element=\"shortcode-suno-banner\" title=\"Banner SUNO, clique e saiba mais\">\n\t\t\t<picture>\n\t\t\t\t<source media=\"(max-width: 500px)\" srcset=\"\">\n\t\t\t\t<img class=\"newsContent__article__imgCapa newsContent__article__imgCapa--banner\"\n\t\t\t\t\tsrc=\"\"\n\t\t\t\t\tdata-promo-id=\"240038\"\t\t\t\t\t\t\t\t\t\t\t\t\t\t\talt=\"\"\n\t\t\t\t>\n\t\t\t<\/picture>\n\t\t<\/a>\n\t<\/p>\n\n\n\n\n\n\n\n<p>A iniciativa para questionar sobre o <strong>caixa do 123milhas<\/strong> \u00e9 da C\u00e2mara do Consumidor e Ordem Econ\u00f4mica, que &#8216;busca compreender a poss\u00edvel altera\u00e7\u00e3o unilateral das regras do contrato, em suposta afronta ao <strong>C\u00f3digo de Defesa do Consumidor&#8217;<\/strong>.<\/p>\n\n\n\n<p>&#8220;De acordo com o CDC, \u00e9 clara a veda\u00e7\u00e3o de oferta ao mercado de um produto sem estoque dispon\u00edvel para a venda. Diante do eventual descumprimento dessa regra pela 123milhas, exsurge para consumidor o direito de optar pelo cumprimento for\u00e7ado da obriga\u00e7\u00e3o, aceitar outro produto equivalente ou rescindir o contrato com restitui\u00e7\u00e3o dos valores pagos&#8221;, indica o procurador da Rep\u00fablica Victor Nunes Carvalho.<\/p>\n\n\n\n<p>A Procuradoria ainda questiona sobre a disponibiliza\u00e7\u00e3o, aos <strong>clientes da 12milhas<\/strong>, de<strong> vouchers <\/strong>no valor total da compra que eles haviam feito, assim como do uso de mais de um voucher para uma nova aquisi\u00e7\u00e3o.<\/p>\n\n\n\n<p>A Procuradoria ressaltou \u00e0 123milhas que a op\u00e7\u00e3o de reembolso, por meio de voucher, &#8216;n\u00e3o pode ser impositiva e nem exclusiva&#8217;.<\/p>\n\n\n\n<p>Tamb\u00e9m questiona se \u00e9 vi\u00e1vel que a empresa corrija o comunicado acerca da suspens\u00e3o &#8216;<strong>linha Promo<\/strong>&#8216; com a inclus\u00e3o da possibilidade do ressarcimento em dinheiro. Se a empresa n\u00e3o adotar a medida, dever\u00e1 explicar as raz\u00f5es para tanto.<\/p>\n\n\n\n<p>O \u00f3rg\u00e3o ainda quer saber quantas pessoas foram atingidas pela suspens\u00e3o das passagens promocionais em <strong>pacotes da 123milhas<\/strong> e qual a data mais distante de embarque dos pacotes da &#8216;linha Promo&#8217; j\u00e1 vendidos. A Procuradoria vai avaliar a margem de risco entre as datas de negocia\u00e7\u00e3o dos pacotes e do embarque.<\/p>\n\n\n\t<p>\n\t\t<a href=\"https:\/\/lp.suno.com.br\/ebook-gratuito-investindo-no-exterior\/\" target=\"_blank\" data-element=\"shortcode-suno-banner\" title=\"Banner SUNO, clique e saiba mais\">\n\t\t\t<picture>\n\t\t\t\t<source media=\"(max-width: 500px)\" srcset=\"https:\/\/files.sunoresearch.com.br\/n\/uploads\/2023\/03\/400x300-Investindo-no-exterior.png\">\n\t\t\t\t<img class=\"newsContent__article__imgCapa newsContent__article__imgCapa--banner\"\n\t\t\t\t\tsrc=\"https:\/\/files.sunoresearch.com.br\/n\/uploads\/2023\/03\/1420x240-Investindo-no-exterior.png\"\n\t\t\t\t\tdata-promo-id=\"383161\"\t\t\t\t\t\t\t\t\t\twidth='1420' height='240'\t\t\t\t\talt=\"https:\/\/files.sunoresearch.com.br\/n\/uploads\/2023\/03\/1420x240-Investindo-no-exterior.png\"\n\t\t\t\t>\n\t\t\t<\/picture>\n\t\t<\/a>\n\t<\/p>\n\n\n\n\n\n<h2 class=\"wp-block-heading\">Minist\u00e9rio exclui empresa de cadastro para programa que facilita a obten\u00e7\u00e3o de empr\u00e9stimos e financiamentos<\/h2>\n\n\n\n<p>O ministro do Turismo, Celso Sabino, afirmou nesta segunda-feira, 21, que a ag\u00eancia de viagens&nbsp;<strong>123milhas<\/strong>&nbsp;foi suspensa do Cadastur, um programa que facilita a obten\u00e7\u00e3o de empr\u00e9stimos e financiamentos no setor. De acordo com ele, o modelo de neg\u00f3cio da empresa est\u00e1 \u201csob an\u00e1lise\u201d da pasta, ap\u00f3s a companhia suspender a emiss\u00e3o de passagens da linha promocional e pacotes com datas flex\u00edveis.<\/p>\n\n\n\n<p>No fim de semana, Sabino pediu para que o&nbsp;<strong>Minist\u00e9rio da Justi\u00e7a<\/strong>&nbsp;investigasse a decis\u00e3o da companhia, classificada como \u201cgrave\u201d.<\/p>\n\n\n\n<p>\u201cN\u00f3s fomos surpreendidos com o an\u00fancio da empresa de que estaria cancelando os&nbsp;<strong>pacotes adquiridos<\/strong>\u201c, disse o ministro, ao chegar \u00e0 C\u00e2mara dos Deputados para participar de uma sess\u00e3o solene em homenagem aos 20 anos do Minist\u00e9rio do Turismo.<\/p>\n\n\n\n<p>O evento contou com a participa\u00e7\u00e3o do l\u00edder do PSB na C\u00e2mara, Felipe Carreras (PE), autor do Programa Emergencial de Retomada dos Setores de Eventos (Perse), benef\u00edcio tribut\u00e1rio criado na pandemia de covid-19 do qual a 123milhas tamb\u00e9m deve ser exclu\u00edda.<\/p>\n\n\n\n<p>De acordo com Sabino, um procedimento aberto pela Secretaria Nacional do Consumidor (Senacon), \u00f3rg\u00e3o do Minist\u00e9rio da Justi\u00e7a, juntamente com o Turismo, vai apurar as condi\u00e7\u00f5es da empresa e tamb\u00e9m o<strong>&nbsp;modelo de neg\u00f3cio da 123milhas&nbsp;<\/strong>executado por empresas similares.<\/p>\n\n\n\n<p>\u201cE at\u00e9 que ponto isso tem contribu\u00eddo para o desenvolvimento do Turismo e para a apresenta\u00e7\u00e3o de programas mais justos e mais baratos para os cidad\u00e3os brasileiros\u201d, declarou o ministro. \u201cO tipo de neg\u00f3cio empreendido por essa companhia \u00e9 um tipo de neg\u00f3cio que est\u00e1 sob an\u00e1lise do Minist\u00e9rio do Turismo e tamb\u00e9m da Secretaria de Defesa do Consumidor. O objetivo \u00e9 dar seguran\u00e7a, credibilidade,&nbsp;<a target=\"_blank\" href=\"https:\/\/www.suno.com.br\/artigos\/preco-justo\/\" rel=\"noreferrer noopener\">pre\u00e7o justo<\/a>&nbsp;para que o cidad\u00e3o brasileiro conhe\u00e7a o Brasil\u201d, emendou Sabino.<\/p>\n\n\n\n<p>A inten\u00e7\u00e3o do governo, segundo ele, \u00e9 fazer com que os consumidores que adquiriram os&nbsp;<strong>pacotes das 123Milhas<\/strong>&nbsp;n\u00e3o sejam lesados. Ou seja, recebam de volta o dinheiro caso a companhia n\u00e3o possa garantir as viagens.<\/p>\n\n\n\n<p>\u201cO Minist\u00e9rio do Turismo j\u00e1 suspendeu o&nbsp;<strong>cadastro da 123 Milhas<\/strong>&nbsp;no Cadastur, que \u00e9 um cadastro feito por empreendedores do Turismo, que possibilita a aquisi\u00e7\u00e3o de empr\u00e9stimos, de financiamentos, de leasing\u201d, disse o ministro. \u201cTamb\u00e9m estamos oficiando o Minist\u00e9rio da Fazenda, haja vista que o cadastro no Cadastur \u00e9 essencial para que as companhias tenham o benef\u00edcio do Perse, que \u00e9 um benef\u00edcio tribut\u00e1rio destinado ao setor\u201d, acrescentou.<\/p>\n\n\n\n<p>O ministro afirmou que o setor de Turismo tem tudo para crescer no Pa\u00eds e disse que a pasta que comanda, em parceria com os minist\u00e9rios de Portos e Aeroportos e Minas e Energia, tem empreendido esfor\u00e7os para encontrar alternativas que possibilitem ofertar passagens mais baratas no Brasil.<\/p>\n\n\n\n<h2 class=\"wp-block-heading\">Minist\u00e9rio analisa modelo de neg\u00f3cios da 123Milhas<\/h2>\n\n\n\n<p>O ministro do Turismo, Celso Sabino, disse nesta ter\u00e7a-feira (22) que a pasta que comanda est\u00e1 avaliando o modelo de neg\u00f3cio praticado pela <strong>ag\u00eancia de viagens <\/strong>123Milhas. Na sexta-feira (18), a empresa suspendeu, de setembro a dezembro de 2023, pacotes de viagens e a emiss\u00e3o de passagens promocionais, com datas flex\u00edveis para uso.<img decoding=\"async\" style=\"width: 1px; height: 1px;\" src=\"https:\/\/agenciabrasil.ebc.com.br\/ebc.png?id=1550387&amp;o=rss\"><img decoding=\"async\" style=\"width: 1px; height: 1px;\" src=\"https:\/\/agenciabrasil.ebc.com.br\/ebc.gif?id=1550387&amp;o=rss\"><\/p>\n\n\n\n<p>\u201cAlgumas empresas t\u00eam milhagens a\u00e9reas no mercado na m\u00e3o de clientes com o valor nominal muito parecido ao atual da empresa. Ent\u00e3o, n\u00f3s estamos analisando isso [o modelo do neg\u00f3cio]. Temos t\u00e9cnicos muito competentes do Minist\u00e9rio [do Turismo] para avaliar o modelo de neg\u00f3cio praticado por essa companhia\u201d, adiantou o ministro.<\/p>\n\n\n\n<p>Celso Sabino participou, pela manh\u00e3, da audi\u00eancia p\u00fablica na Comiss\u00e3o de Desenvolvimento Regional e Turismo do Senado Federal. Aos parlamentares, o ministro explicou que a an\u00e1lise chegar\u00e1 ao fim com uma das duas conclus\u00f5es.<\/p>\n\n\n\n<p>Na audi\u00eancia p\u00fablica, o senador Iraj\u00e1 Silvestre Filho (PSD-TO) fez um apelo ao governo federal para mediar uma solu\u00e7\u00e3o que defenda os consumidores, sem necessariamente, fechar a empresa 123Milhas. \u201cDiante de um problema t\u00e3o cr\u00f4nico que a empresa enfrenta, acho que uma situa\u00e7\u00e3o conflituosa \u00e9 sempre o pior caminho. Precisamos mediar uma solu\u00e7\u00e3o que possa ser amig\u00e1vel, defendendo os interesses dos consumidores brasileiros, que compraram esses pacotes e passagens promocionais de boa-f\u00e9, mas, n\u00f3s n\u00e3o podemos, de forma nenhuma, punir a empresa, o CNPJ da empresa. N\u00f3s temos que punir os respons\u00e1veis, os seus dirigentes e, eventualmente, depois de apuradas essas investiga\u00e7\u00f5es, apontar os respons\u00e1veis por essa crise em que a empresa se encontra e, a\u00ed, sim, responsabilizar e puni-los, conforme a legisla\u00e7\u00e3o\u201d.<\/p>\n\n\n\n<p>O senador Alan Rick (Uni\u00e3o-AC) entende que a empresa 123Milhas foi v\u00edtima dos altos pre\u00e7os das passagens a\u00e9reas.<\/p>\n\n\n\n<p>A senadora Zenaide Maia (PSD-PB) citou exemplos brasileiros que, em caso do cometimento de atos il\u00edcitos, ocorreram demiss\u00f5es em massa e fez compara\u00e7\u00f5es com casos internacionais, como nos Estados Unidos, com o afastamento do gestor \u00e0 frente da empresa. A senadora&nbsp;sugeriu: \u201cFraudou? Afasta o CPF. N\u00e3o mate a empresa porque \u00e9 isso que deixa as pessoas desempregadas.\u201d<\/p>\n\n\n\n<p>O senador Rodrigo Cunha (Podemos-AL) defendeu que a empresa 123 Milhas n\u00e3o seja condenada de imediato, mas que, antes, seja estudado o modelo do neg\u00f3cio, conforme anunciado pelo ministro&nbsp;Celso Sabino. \u201cNo modelo de neg\u00f3cio que \u00e9 apresentado, cria-se uma especula\u00e7\u00e3o, Vendem, muitas vezes, atrav\u00e9s de uma aposta do que ser\u00e1 o mercado futuro, contando com hist\u00f3ricos de compras de passagens e hospedagens, a pre\u00e7os que, na baixa esta\u00e7\u00e3o, normalmente, baixam, mas, que pode ser que, naquele momento, n\u00e3o baixem.\u201d<\/p>\n\n\n\n<h2 class=\"wp-block-heading\">Direitos dos consumidores<\/h2>\n\n\n\n<p>Ap\u00f3s ouvir os questionamentos dos parlamentares, o ministro\u00a0Celso Sabino\u00a0garantiu que o poder p\u00fablico n\u00e3o ficar\u00e1 em sil\u00eancio, diante desta situa\u00e7\u00e3o considerada por ele como importante para o consumidor e o desenvolvimento do turismo no Brasil.<\/p>\n\n\n\n<blockquote class=\"wp-block-quote is-layout-flow wp-block-quote-is-layout-flow\">\n<p>\u201c\u00c9 farto o arcabou\u00e7o de prote\u00e7\u00e3o ao direito consumidor e, inclusive, daquele consumidor que se sentiu lesado e, se n\u00e3o quiser o <em>voucher<\/em>, pode, imediatamente, recorrer aos \u00f3rg\u00e3os administrativos ou judici\u00e1rios. Com toda certeza, lhe ser\u00e1 assegurado o direito de receber o que ele pagou e, possivelmente, at\u00e9 mesmo uma indeniza\u00e7\u00e3o\u201d, orientou o ministro.<\/p>\n<\/blockquote>\n\n\n\n<h2 class=\"wp-block-heading\">123milhas cancela viagens promocionais e pode ser investigada<\/h2>\n\n\n\n<p>A ag\u00eancia de viagens&nbsp;<strong><a href=\"https:\/\/www.suno.com.br\/noticias\/123-milhas-venda-passagens-investigacao-jvj\/\" target=\"_blank\" rel=\"noreferrer noopener\">123milhas<\/a><\/strong>&nbsp;anunciou a suspens\u00e3o dos seus pacotes e a emiss\u00e3o de passagens da sua linha promocional, afetando todas as viagens j\u00e1 contratadas da linha \u201cPromo\u201d com datas flex\u00edveis.<\/p>\n\n\n\n<p>As&nbsp;<strong>viagens da 123milhas<\/strong>&nbsp;que foram canceladas contemplam as que tinham embarques previstos de setembro a dezembro de 2023.<\/p>\n\n\n\n\t<div data-element=\"shortcode-read-more\" class=\"readToo\">\n\t\t\t\t<span class=\"readToo__title\">Leia mais<\/span>\n\t\t\t\t<ul class=\"readToo__list\">\n\t\t\t<li><a href=\"https:\/\/www.suno.com.br\/noticias\/123milhas-governo-exclui-empresa-cadastro-ministerio-turismo\/\">123milhas: minist\u00e9rio exclui empresa de cadastro  para programa que facilita a obten\u00e7\u00e3o de empr\u00e9stimos e financiamentos<\/a><\/li><li><a href=\"https:\/\/www.suno.com.br\/noticias\/123-milhas-venda-passagens-investigacao-jvj\/\">123 Milhas suspende venda de passagens promocionais e investiga\u00e7\u00e3o \u00e9 solicitada; Entenda o caso<\/a><\/li>\t\t<\/ul>\n\t<\/div>\n\n\n\n\n\n\n<p><em>Com Estad\u00e3o Conte\u00fado<\/em> e<em> Ag\u00eancia Brasil<\/em><\/p>\n\n\n\t<p>\n\t\t<a href=\"https:\/\/lp.suno.com.br\/planilha-da-vida-financeira\/\" target=\"_blank\" data-element=\"shortcode-suno-banner\" title=\"Banner SUNO, clique e saiba mais\">\n\t\t\t<picture>\n\t\t\t\t<source media=\"(max-width: 500px)\" srcset=\"https:\/\/files.sunoresearch.com.br\/n\/uploads\/2023\/04\/400x300-Planilha-vida-financeira-true.png\">\n\t\t\t\t<img class=\"newsContent__article__imgCapa newsContent__article__imgCapa--banner\"\n\t\t\t\t\tsrc=\"https:\/\/files.sunoresearch.com.br\/n\/uploads\/2023\/04\/1420x240-Planilha-vida-financeira-true.png\"\n\t\t\t\t\tdata-promo-id=\"383123\"\t\t\t\t\t\t\t\t\t\twidth='1420' height='240'\t\t\t\t\talt=\"https:\/\/files.sunoresearch.com.br\/n\/uploads\/2023\/04\/1420x240-Planilha-vida-financeira-true.png\"\n\t\t\t\t>\n\t\t\t<\/picture>\n\t\t<\/a>\n\t<\/p>\n\n\n\n\n\t\t<div class=\"wp-shortcode-web-stories-embed web-stories-embed aligncenter\">\n\t\t\t<div class=\"wp-block-embed__wrapper\" style=\"--aspect-ratio: 1.666667; --width: 600px; --height: 360px\">\n\t\t\t\t<amp-story-player>\n\t\t\t\t\t<a href=\"https:\/\/www.suno.com.br\/noticias\/web-stories\/123milhas-cancelamento-pacotes-viagem-cpf\/\">\n\t\t\t\t\t\tWeb Story\t\t\t\t\t<\/a>\n\t\t\t\t<\/amp-story-player>\n\t\t\t<\/div>\n\t\t<\/div>\n\t\t\n","protected":false},"excerpt":{"rendered":"<p>O Minist\u00e9rio P\u00fablico Federal oficiou nesta ter\u00e7a-feira, 22, o presidente da 123milhas, Ramiro J\u00falio Soares Madureira, para que a empresa responda se \u00e9 poss\u00edvel ressarcir em dinheiro os consumidores afetados com a suspens\u00e3o da &#8216;linha Promo&#8217; de voos previstos de setembro a dezembro. 123 Milhas. Foto: Divulga\u00e7\u00e3o A iniciativa para questionar sobre o caixa do [&hellip;]<\/p>\n","protected":false},"author":43,"featured_media":446010,"comment_status":"closed","ping_status":"closed","sticky":false,"template":"","format":"standard","meta":[],"categories":[64],"tags":[1245],"suno_strategy":[],"class_list":["post-445956","post","type-post","status-publish","format-standard","has-post-thumbnail","hentry","category-negocios","tag-setor-de-servicos"],"yoast_head":"<!-- This site is optimized with the Yoast SEO plugin v24.4 - https:\/\/yoast.com\/wordpress\/plugins\/seo\/ -->\n<title>123milhas: MPF cobra empresa para ressarcir consumidores em dinheiro<\/title>\n<meta name=\"description\" content=\"O MPF quer que a 123milhas responda se \u00e9 poss\u00edvel ressarcir em dinheiro os consumidores afetados com a suspens\u00e3o de pacotes\" \/>\n<meta name=\"robots\" content=\"index, follow, max-snippet:-1, max-image-preview:large, max-video-preview:-1\" \/>\n<link rel=\"canonical\" href=\"https:\/\/www.suno.com.br\/noticias\/123milhas-mpf-cobra-caixa-ressarcir-consumidores\/\" \/>\n<meta property=\"og:locale\" content=\"pt_BR\" \/>\n<meta property=\"og:type\" content=\"article\" \/>\n<meta property=\"og:title\" content=\"123milhas: MPF cobra empresa para ressarcir consumidores em dinheiro\" \/>\n<meta property=\"og:description\" content=\"O MPF quer que a 123milhas responda se \u00e9 poss\u00edvel ressarcir em dinheiro os consumidores afetados com a suspens\u00e3o de pacotes\" \/>\n<meta property=\"og:url\" content=\"https:\/\/www.suno.com.br\/noticias\/123milhas-mpf-cobra-caixa-ressarcir-consumidores\/\" \/>\n<meta property=\"og:site_name\" content=\"Suno Not\u00edcias\" \/>\n<meta property=\"article:publisher\" content=\"https:\/\/facebook.com\/sunoresearch\" \/>\n<meta property=\"article:author\" content=\"https:\/\/www.facebook.com\/sunonoticias\/\" \/>\n<meta property=\"og:image\" content=\"https:\/\/files.sunoresearch.com.br\/n\/uploads\/2023\/08\/123-Milhas.jpg\" \/>\n\t<meta property=\"og:image:width\" content=\"1550\" \/>\n\t<meta property=\"og:image:height\" content=\"814\" \/>\n\t<meta property=\"og:image:type\" content=\"image\/jpeg\" \/>\n<meta name=\"author\" content=\"Reda\u00e7\u00e3o Suno Not\u00edcias\" \/>\n<meta name=\"twitter:card\" content=\"summary_large_image\" \/>\n<meta name=\"twitter:creator\" content=\"@https:\/\/twitter.com\/sunoresearch\" \/>\n<meta name=\"twitter:site\" content=\"@sunoresearch\" \/>\n<meta name=\"twitter:label1\" content=\"Escrito por\" \/>\n\t<meta name=\"twitter:data1\" content=\"Reda\u00e7\u00e3o Suno Not\u00edcias\" \/>\n\t<meta name=\"twitter:label2\" content=\"Est. tempo de leitura\" \/>\n\t<meta name=\"twitter:data2\" content=\"8 minutos\" \/>\n<script type=\"application\/ld+json\" class=\"yoast-schema-graph\">{\"@context\":\"https:\/\/schema.org\",\"@graph\":[{\"@type\":\"NewsArticle\",\"@id\":\"https:\/\/www.suno.com.br\/noticias\/123milhas-mpf-cobra-caixa-ressarcir-consumidores\/#article\",\"isPartOf\":{\"@id\":\"https:\/\/www.suno.com.br\/noticias\/123milhas-mpf-cobra-caixa-ressarcir-consumidores\/\"},\"author\":{\"name\":\"Reda\u00e7\u00e3o Suno Not\u00edcias\",\"@id\":\"https:\/\/www.suno.com.br\/noticias\/#\/schema\/person\/c1b1bd3727fa852bd045e9dbff3673ea\"},\"headline\":\"123milhas: MPF cobra empresa para ressarcir consumidores em dinheiro\",\"datePublished\":\"2023-08-22T20:14:54+00:00\",\"dateModified\":\"2023-08-22T20:41:13+00:00\",\"mainEntityOfPage\":{\"@id\":\"https:\/\/www.suno.com.br\/noticias\/123milhas-mpf-cobra-caixa-ressarcir-consumidores\/\"},\"wordCount\":1505,\"publisher\":{\"@id\":\"https:\/\/www.suno.com.br\/noticias\/#organization\"},\"image\":{\"@id\":\"https:\/\/www.suno.com.br\/noticias\/123milhas-mpf-cobra-caixa-ressarcir-consumidores\/#primaryimage\"},\"thumbnailUrl\":\"https:\/\/files.sunoresearch.com.br\/n\/uploads\/2023\/08\/123-Milhas.jpg\",\"keywords\":[\"setor de servi\u00e7os\"],\"articleSection\":[\"Neg\u00f3cios\"],\"inLanguage\":\"pt-BR\"},{\"@type\":\"WebPage\",\"@id\":\"https:\/\/www.suno.com.br\/noticias\/123milhas-mpf-cobra-caixa-ressarcir-consumidores\/\",\"url\":\"https:\/\/www.suno.com.br\/noticias\/123milhas-mpf-cobra-caixa-ressarcir-consumidores\/\",\"name\":\"123milhas: MPF cobra empresa para ressarcir consumidores em dinheiro\",\"isPartOf\":{\"@id\":\"https:\/\/www.suno.com.br\/noticias\/#website\"},\"primaryImageOfPage\":{\"@id\":\"https:\/\/www.suno.com.br\/noticias\/123milhas-mpf-cobra-caixa-ressarcir-consumidores\/#primaryimage\"},\"image\":{\"@id\":\"https:\/\/www.suno.com.br\/noticias\/123milhas-mpf-cobra-caixa-ressarcir-consumidores\/#primaryimage\"},\"thumbnailUrl\":\"https:\/\/files.sunoresearch.com.br\/n\/uploads\/2023\/08\/123-Milhas.jpg\",\"datePublished\":\"2023-08-22T20:14:54+00:00\",\"dateModified\":\"2023-08-22T20:41:13+00:00\",\"description\":\"O MPF quer que a 123milhas responda se \u00e9 poss\u00edvel ressarcir em dinheiro os consumidores afetados com a suspens\u00e3o de pacotes\",\"breadcrumb\":{\"@id\":\"https:\/\/www.suno.com.br\/noticias\/123milhas-mpf-cobra-caixa-ressarcir-consumidores\/#breadcrumb\"},\"inLanguage\":\"pt-BR\",\"potentialAction\":[{\"@type\":\"ReadAction\",\"target\":[\"https:\/\/www.suno.com.br\/noticias\/123milhas-mpf-cobra-caixa-ressarcir-consumidores\/\"]}]},{\"@type\":\"ImageObject\",\"inLanguage\":\"pt-BR\",\"@id\":\"https:\/\/www.suno.com.br\/noticias\/123milhas-mpf-cobra-caixa-ressarcir-consumidores\/#primaryimage\",\"url\":\"https:\/\/files.sunoresearch.com.br\/n\/uploads\/2023\/08\/123-Milhas.jpg\",\"contentUrl\":\"https:\/\/files.sunoresearch.com.br\/n\/uploads\/2023\/08\/123-Milhas.jpg\",\"width\":1550,\"height\":814,\"caption\":\"123 Milhas. Foto: Divulga\u00e7\u00e3o\"},{\"@type\":\"BreadcrumbList\",\"@id\":\"https:\/\/www.suno.com.br\/noticias\/123milhas-mpf-cobra-caixa-ressarcir-consumidores\/#breadcrumb\",\"itemListElement\":[{\"@type\":\"ListItem\",\"position\":1,\"name\":\"Not\u00edcias\",\"item\":\"https:\/\/www.suno.com.br\/noticias\/\"},{\"@type\":\"ListItem\",\"position\":2,\"name\":\"Neg\u00f3cios\",\"item\":\"https:\/\/www.suno.com.br\/noticias\/negocios\/\"},{\"@type\":\"ListItem\",\"position\":3,\"name\":\"123milhas: MPF cobra empresa para ressarcir consumidores em dinheiro\"}]},{\"@type\":\"WebSite\",\"@id\":\"https:\/\/www.suno.com.br\/noticias\/#website\",\"url\":\"https:\/\/www.suno.com.br\/noticias\/\",\"name\":\"Suno Not\u00edcias\",\"description\":\"Seu portal de informa\u00e7\u00e3o sobre o mundo dos investimentos\",\"publisher\":{\"@id\":\"https:\/\/www.suno.com.br\/noticias\/#organization\"},\"potentialAction\":[{\"@type\":\"SearchAction\",\"target\":{\"@type\":\"EntryPoint\",\"urlTemplate\":\"https:\/\/www.suno.com.br\/noticias\/?s={search_term_string}\"},\"query-input\":{\"@type\":\"PropertyValueSpecification\",\"valueRequired\":true,\"valueName\":\"search_term_string\"}}],\"inLanguage\":\"pt-BR\"},{\"@type\":\"Organization\",\"@id\":\"https:\/\/www.suno.com.br\/noticias\/#organization\",\"name\":\"Suno Not\u00edcias\",\"url\":\"https:\/\/www.suno.com.br\/noticias\/\",\"logo\":{\"@type\":\"ImageObject\",\"inLanguage\":\"pt-BR\",\"@id\":\"https:\/\/www.suno.com.br\/noticias\/#\/schema\/logo\/image\/\",\"url\":\"https:\/\/files.sunoresearch.com.br\/n\/uploads\/2021\/09\/suno-logo.png\",\"contentUrl\":\"https:\/\/files.sunoresearch.com.br\/n\/uploads\/2021\/09\/suno-logo.png\",\"width\":180,\"height\":180,\"caption\":\"Suno Not\u00edcias\"},\"image\":{\"@id\":\"https:\/\/www.suno.com.br\/noticias\/#\/schema\/logo\/image\/\"},\"sameAs\":[\"https:\/\/facebook.com\/sunoresearch\",\"https:\/\/x.com\/sunoresearch\",\"https:\/\/www.instagram.com\/suno\",\"https:\/\/www.linkedin.com\/company\/suno-research\/\",\"https:\/\/www.youtube.com\/c\/sunoresearch\"]},{\"@type\":\"Person\",\"@id\":\"https:\/\/www.suno.com.br\/noticias\/#\/schema\/person\/c1b1bd3727fa852bd045e9dbff3673ea\",\"name\":\"Reda\u00e7\u00e3o Suno Not\u00edcias\",\"image\":{\"@type\":\"ImageObject\",\"inLanguage\":\"pt-BR\",\"@id\":\"https:\/\/www.suno.com.br\/noticias\/#\/schema\/person\/image\/\",\"url\":\"https:\/\/secure.gravatar.com\/avatar\/b8104b9b5a71985d5238ee59fbe418af?s=96&r=g\",\"contentUrl\":\"https:\/\/secure.gravatar.com\/avatar\/b8104b9b5a71985d5238ee59fbe418af?s=96&r=g\",\"caption\":\"Reda\u00e7\u00e3o Suno Not\u00edcias\"},\"description\":\"O Suno Not\u00edcias \u00e9 um portal de informa\u00e7\u00f5es sobre Mercado Financeiro, Pol\u00edtica, Neg\u00f3cios, Economia e Finan\u00e7as Pessoais.\",\"sameAs\":[\"https:\/\/www.suno.com.br\/noticias\",\"https:\/\/www.facebook.com\/sunonoticias\/\",\"https:\/\/www.instagram.com\/sunonoticias\/\",\"https:\/\/x.com\/https:\/\/twitter.com\/sunoresearch\",\"https:\/\/www.youtube.com\/sunonoticias\"],\"url\":\"https:\/\/www.suno.com.br\/noticias\/author\/redacao-suno\/\"}]}<\/script>\n<!-- \/ Yoast SEO plugin. -->","yoast_head_json":{"title":"123milhas: MPF cobra empresa para ressarcir consumidores em dinheiro","description":"O MPF quer que a 123milhas responda se \u00e9 poss\u00edvel ressarcir em dinheiro os consumidores afetados com a suspens\u00e3o de pacotes","robots":{"index":"index","follow":"follow","max-snippet":"max-snippet:-1","max-image-preview":"max-image-preview:large","max-video-preview":"max-video-preview:-1"},"canonical":"https:\/\/www.suno.com.br\/noticias\/123milhas-mpf-cobra-caixa-ressarcir-consumidores\/","og_locale":"pt_BR","og_type":"article","og_title":"123milhas: MPF cobra empresa para ressarcir consumidores em dinheiro","og_description":"O MPF quer que a 123milhas responda se \u00e9 poss\u00edvel ressarcir em dinheiro os consumidores afetados com a suspens\u00e3o de pacotes","og_url":"https:\/\/www.suno.com.br\/noticias\/123milhas-mpf-cobra-caixa-ressarcir-consumidores\/","og_site_name":"Suno Not\u00edcias","article_publisher":"https:\/\/facebook.com\/sunoresearch","article_author":"https:\/\/www.facebook.com\/sunonoticias\/","og_image":[{"width":1550,"height":814,"url":"https:\/\/files.sunoresearch.com.br\/n\/uploads\/2023\/08\/123-Milhas.jpg","type":"image\/jpeg"}],"author":"Reda\u00e7\u00e3o Suno Not\u00edcias","twitter_card":"summary_large_image","twitter_creator":"@https:\/\/twitter.com\/sunoresearch","twitter_site":"@sunoresearch","twitter_misc":{"Escrito por":"Reda\u00e7\u00e3o Suno Not\u00edcias","Est. tempo de leitura":"8 minutos"},"schema":{"@context":"https:\/\/schema.org","@graph":[{"@type":"NewsArticle","@id":"https:\/\/www.suno.com.br\/noticias\/123milhas-mpf-cobra-caixa-ressarcir-consumidores\/#article","isPartOf":{"@id":"https:\/\/www.suno.com.br\/noticias\/123milhas-mpf-cobra-caixa-ressarcir-consumidores\/"},"author":{"name":"Reda\u00e7\u00e3o Suno Not\u00edcias","@id":"https:\/\/www.suno.com.br\/noticias\/#\/schema\/person\/c1b1bd3727fa852bd045e9dbff3673ea"},"headline":"123milhas: MPF cobra empresa para ressarcir consumidores em dinheiro","datePublished":"2023-08-22T20:14:54+00:00","dateModified":"2023-08-22T20:41:13+00:00","mainEntityOfPage":{"@id":"https:\/\/www.suno.com.br\/noticias\/123milhas-mpf-cobra-caixa-ressarcir-consumidores\/"},"wordCount":1505,"publisher":{"@id":"https:\/\/www.suno.com.br\/noticias\/#organization"},"image":{"@id":"https:\/\/www.suno.com.br\/noticias\/123milhas-mpf-cobra-caixa-ressarcir-consumidores\/#primaryimage"},"thumbnailUrl":"https:\/\/files.sunoresearch.com.br\/n\/uploads\/2023\/08\/123-Milhas.jpg","keywords":["setor de servi\u00e7os"],"articleSection":["Neg\u00f3cios"],"inLanguage":"pt-BR"},{"@type":"WebPage","@id":"https:\/\/www.suno.com.br\/noticias\/123milhas-mpf-cobra-caixa-ressarcir-consumidores\/","url":"https:\/\/www.suno.com.br\/noticias\/123milhas-mpf-cobra-caixa-ressarcir-consumidores\/","name":"123milhas: MPF cobra empresa para ressarcir consumidores em dinheiro","isPartOf":{"@id":"https:\/\/www.suno.com.br\/noticias\/#website"},"primaryImageOfPage":{"@id":"https:\/\/www.suno.com.br\/noticias\/123milhas-mpf-cobra-caixa-ressarcir-consumidores\/#primaryimage"},"image":{"@id":"https:\/\/www.suno.com.br\/noticias\/123milhas-mpf-cobra-caixa-ressarcir-consumidores\/#primaryimage"},"thumbnailUrl":"https:\/\/files.sunoresearch.com.br\/n\/uploads\/2023\/08\/123-Milhas.jpg","datePublished":"2023-08-22T20:14:54+00:00","dateModified":"2023-08-22T20:41:13+00:00","description":"O MPF quer que a 123milhas responda se \u00e9 poss\u00edvel ressarcir em dinheiro os consumidores afetados com a suspens\u00e3o de pacotes","breadcrumb":{"@id":"https:\/\/www.suno.com.br\/noticias\/123milhas-mpf-cobra-caixa-ressarcir-consumidores\/#breadcrumb"},"inLanguage":"pt-BR","potentialAction":[{"@type":"ReadAction","target":["https:\/\/www.suno.com.br\/noticias\/123milhas-mpf-cobra-caixa-ressarcir-consumidores\/"]}]},{"@type":"ImageObject","inLanguage":"pt-BR","@id":"https:\/\/www.suno.com.br\/noticias\/123milhas-mpf-cobra-caixa-ressarcir-consumidores\/#primaryimage","url":"https:\/\/files.sunoresearch.com.br\/n\/uploads\/2023\/08\/123-Milhas.jpg","contentUrl":"https:\/\/files.sunoresearch.com.br\/n\/uploads\/2023\/08\/123-Milhas.jpg","width":1550,"height":814,"caption":"123 Milhas. Foto: Divulga\u00e7\u00e3o"},{"@type":"BreadcrumbList","@id":"https:\/\/www.suno.com.br\/noticias\/123milhas-mpf-cobra-caixa-ressarcir-consumidores\/#breadcrumb","itemListElement":[{"@type":"ListItem","position":1,"name":"Not\u00edcias","item":"https:\/\/www.suno.com.br\/noticias\/"},{"@type":"ListItem","position":2,"name":"Neg\u00f3cios","item":"https:\/\/www.suno.com.br\/noticias\/negocios\/"},{"@type":"ListItem","position":3,"name":"123milhas: MPF cobra empresa para ressarcir consumidores em dinheiro"}]},{"@type":"WebSite","@id":"https:\/\/www.suno.com.br\/noticias\/#website","url":"https:\/\/www.suno.com.br\/noticias\/","name":"Suno Not\u00edcias","description":"Seu portal de informa\u00e7\u00e3o sobre o mundo dos investimentos","publisher":{"@id":"https:\/\/www.suno.com.br\/noticias\/#organization"},"potentialAction":[{"@type":"SearchAction","target":{"@type":"EntryPoint","urlTemplate":"https:\/\/www.suno.com.br\/noticias\/?s={search_term_string}"},"query-input":{"@type":"PropertyValueSpecification","valueRequired":true,"valueName":"search_term_string"}}],"inLanguage":"pt-BR"},{"@type":"Organization","@id":"https:\/\/www.suno.com.br\/noticias\/#organization","name":"Suno Not\u00edcias","url":"https:\/\/www.suno.com.br\/noticias\/","logo":{"@type":"ImageObject","inLanguage":"pt-BR","@id":"https:\/\/www.suno.com.br\/noticias\/#\/schema\/logo\/image\/","url":"https:\/\/files.sunoresearch.com.br\/n\/uploads\/2021\/09\/suno-logo.png","contentUrl":"https:\/\/files.sunoresearch.com.br\/n\/uploads\/2021\/09\/suno-logo.png","width":180,"height":180,"caption":"Suno Not\u00edcias"},"image":{"@id":"https:\/\/www.suno.com.br\/noticias\/#\/schema\/logo\/image\/"},"sameAs":["https:\/\/facebook.com\/sunoresearch","https:\/\/x.com\/sunoresearch","https:\/\/www.instagram.com\/suno","https:\/\/www.linkedin.com\/company\/suno-research\/","https:\/\/www.youtube.com\/c\/sunoresearch"]},{"@type":"Person","@id":"https:\/\/www.suno.com.br\/noticias\/#\/schema\/person\/c1b1bd3727fa852bd045e9dbff3673ea","name":"Reda\u00e7\u00e3o Suno Not\u00edcias","image":{"@type":"ImageObject","inLanguage":"pt-BR","@id":"https:\/\/www.suno.com.br\/noticias\/#\/schema\/person\/image\/","url":"https:\/\/secure.gravatar.com\/avatar\/b8104b9b5a71985d5238ee59fbe418af?s=96&r=g","contentUrl":"https:\/\/secure.gravatar.com\/avatar\/b8104b9b5a71985d5238ee59fbe418af?s=96&r=g","caption":"Reda\u00e7\u00e3o Suno Not\u00edcias"},"description":"O Suno Not\u00edcias \u00e9 um portal de informa\u00e7\u00f5es sobre Mercado Financeiro, Pol\u00edtica, Neg\u00f3cios, Economia e Finan\u00e7as Pessoais.","sameAs":["https:\/\/www.suno.com.br\/noticias","https:\/\/www.facebook.com\/sunonoticias\/","https:\/\/www.instagram.com\/sunonoticias\/","https:\/\/x.com\/https:\/\/twitter.com\/sunoresearch","https:\/\/www.youtube.com\/sunonoticias"],"url":"https:\/\/www.suno.com.br\/noticias\/author\/redacao-suno\/"}]}},"default_loop_html":"<div class=\"cardsPage__listCard__boxs\"><div class=\"cardsPage__listCard__boxs__img\"><a href=\"https:\/\/www.suno.com.br\/noticias\/123milhas-mpf-cobra-caixa-ressarcir-consumidores\/\"><img class=\"mask\" src=\"https:\/\/www.suno.com.br\/noticias\/wp-content\/themes\/suno\/resources\/images\/spotlight\/spotlight1img\/bg-mask.png\" alt=\"Image Mask\"\/><img src=\"https:\/\/files.sunoresearch.com.br\/n\/uploads\/2023\/08\/123-Milhas-400x200.jpg\" alt=\"123milhas: MPF cobra empresa para ressarcir consumidores em dinheiro\"\/><\/a><span class=\"spotlightCategory\"><a href=\"https:\/\/www.suno.com.br\/noticias\/negocios\/\">Neg\u00f3cios<\/a><\/span><\/div><div class=\"cardsPage__listCard__boxs__content\"><a href=\"https:\/\/www.suno.com.br\/noticias\/123milhas-mpf-cobra-caixa-ressarcir-consumidores\/\"><h2 class=\"content__title\">123milhas: MPF cobra empresa para ressarcir consumidores em dinheiro<\/h2><\/a><div class=\"newsContent__article__meta\"><div class=\"newsContent__article__meta__authorBox\"><a href=\"https:\/\/www.suno.com.br\/noticias\/author\/joao-vitor-jacintho\/\" class=\"authorBox__avatar noMobi\"><img src=\"https:\/\/secure.gravatar.com\/avatar\/2843227ca03ccf8cc7ccca45204c127e?s=96&#038;r=g\" alt=\"Jo\u00e3o Vitor Jacintho\"><\/a><div class=\"authorBox__name\"><span>por\n\t\t\t<a href=\"https:\/\/www.suno.com.br\/noticias\/author\/joao-vitor-jacintho\/\"><span itemprop=\"author\">Jo\u00e3o Vitor Jacintho<\/span><\/a><\/span><time datetime=\"2023-08-22T17:14:54-03:00\" itemprop=\"datePublished\">22\/08\/2023 17:14<\/time><\/div><\/div><\/div><\/div><\/div>","single_layout":"posts","amp_enabled":true,"_links":{"self":[{"href":"https:\/\/www.suno.com.br\/noticias\/wp-json\/wp\/v2\/posts\/445956"}],"collection":[{"href":"https:\/\/www.suno.com.br\/noticias\/wp-json\/wp\/v2\/posts"}],"about":[{"href":"https:\/\/www.suno.com.br\/noticias\/wp-json\/wp\/v2\/types\/post"}],"author":[{"embeddable":true,"href":"https:\/\/www.suno.com.br\/noticias\/wp-json\/wp\/v2\/users\/43"}],"replies":[{"embeddable":true,"href":"https:\/\/www.suno.com.br\/noticias\/wp-json\/wp\/v2\/comments?post=445956"}],"version-history":[{"count":2,"href":"https:\/\/www.suno.com.br\/noticias\/wp-json\/wp\/v2\/posts\/445956\/revisions"}],"predecessor-version":[{"id":446035,"href":"https:\/\/www.suno.com.br\/noticias\/wp-json\/wp\/v2\/posts\/445956\/revisions\/446035"}],"wp:featuredmedia":[{"embeddable":true,"href":"https:\/\/www.suno.com.br\/noticias\/wp-json\/wp\/v2\/media\/446010"}],"wp:attachment":[{"href":"https:\/\/www.suno.com.br\/noticias\/wp-json\/wp\/v2\/media?parent=445956"}],"wp:term":[{"taxonomy":"category","embeddable":true,"href":"https:\/\/www.suno.com.br\/noticias\/wp-json\/wp\/v2\/categories?post=445956"},{"taxonomy":"post_tag","embeddable":true,"href":"https:\/\/www.suno.com.br\/noticias\/wp-json\/wp\/v2\/tags?post=445956"},{"taxonomy":"suno_strategy","embeddable":true,"href":"https:\/\/www.suno.com.br\/noticias\/wp-json\/wp\/v2\/suno_strategy?post=445956"}],"curies":[{"name":"wp","href":"https:\/\/api.w.org\/{rel}","templated":true}]}}