{"id":445699,"date":"2023-08-22T11:30:21","date_gmt":"2023-08-22T14:30:21","guid":{"rendered":"https:\/\/www.suno.com.br\/noticias\/?p=445699"},"modified":"2023-08-22T11:30:39","modified_gmt":"2023-08-22T14:30:39","slug":"dolar-avanco-rendimento-treasuries-exterior-cpf","status":"publish","type":"post","link":"https:\/\/www.suno.com.br\/noticias\/dolar-avanco-rendimento-treasuries-exterior-cpf\/","title":{"rendered":"D\u00f3lar: com rendimento de Treasuries e alta de commodities, moeda recua com al\u00edvio"},"content":{"rendered":"<p>Nesta ter\u00e7a-feira (22) pela manh\u00e3, o <strong>d\u00f3lar <\/strong>iniciou o dia em retra\u00e7\u00e3o ante o real e economias ligadas \u00e0s commodities. A manh\u00e3 tem um clima de mais tranquilidade, ap\u00f3s o rendimento dos Treasuries e apetite moderado por ativos de maior risco nos mercados, com bolsas de valores em ascens\u00e3o.<\/p>\t<div class=\"wrapper-featured-image\">\n\t\t<figure class=\"spotlightImg\">\n\n\t\t\t<picture>\n\t\t\t\t<source media=\"(max-width: 768px)\" srcset=\"https:\/\/files.sunoresearch.com.br\/n\/uploads\/2022\/06\/dollar-gb41009ea2_1920-400x200.jpg\">\n\t\t\t\t<img loading=\"lazy\" decoding=\"async\" class=\"newsContent__article__imgCapa lazyloadDisabled \" src=\"https:\/\/files.sunoresearch.com.br\/n\/uploads\/2022\/06\/dollar-gb41009ea2_1920-800x450.jpg\" width=\"800\" height=\"450\" alt=\"D\u00f3lar: com rendimento de Treasuries e alta de commodities, moeda recua com al\u00edvio\" fetchpriority=high \/>\n\t\t\t<\/picture>\n\n\t\t\t<figcaption class=\"wp-caption-text wp-caption-text--show\">D\u00f3lar. Foto: Pixabay<\/figcaption>\n\t\t<\/figure>\n\t<\/div>\n\n\n\n\n\n\n\n\t<p>\n\t\t<a href=\"https:\/\/lp.suno.com.br\/ebook-como-analisar-uma-acao\/\" target=\"_blank\" data-element=\"shortcode-suno-banner\" title=\"Banner SUNO, clique e saiba mais\">\n\t\t\t<picture>\n\t\t\t\t<source media=\"(max-width: 500px)\" srcset=\"https:\/\/files.sunoresearch.com.br\/n\/uploads\/2023\/03\/Ebook-Acoes-Mobile.jpg\">\n\t\t\t\t<img class=\"newsContent__article__imgCapa newsContent__article__imgCapa--banner\"\n\t\t\t\t\tsrc=\"https:\/\/files.sunoresearch.com.br\/n\/uploads\/2023\/03\/Ebook-Acoes-Desktop.jpg\"\n\t\t\t\t\tdata-promo-id=\"378302\"\t\t\t\t\t\t\t\t\t\twidth='1420' height='286'\t\t\t\t\talt=\"https:\/\/files.sunoresearch.com.br\/n\/uploads\/2023\/03\/Ebook-Acoes-Desktop.jpg\"\n\t\t\t\t>\n\t\t\t<\/picture>\n\t\t<\/a>\n\t<\/p>\n\n\n\n\n\n<p>Al\u00e9m disso, o custo de produtos b\u00e1sicos, como metais e alguns agr\u00edcolas, tamb\u00e9m \u00e9 um al\u00edvio ap\u00f3s a rea\u00e7\u00e3o negativa na segunda-feira (21) dos investidores ao corte de juros para um ano na China, que ficou abaixo do esperado.<\/p>\n\n\n\n<p>Em dia de agenda externa modesta, a alta de produtos b\u00e1sicos induz uma realiza\u00e7\u00e3o de lucros nos mercados, o que beneficia uma recupera\u00e7\u00e3o das divisas emergentes e ligadas a commodities, como o real, ante o <strong>d\u00f3lar hoje<\/strong> disse um operador. <\/p>\n\n\n\n<p>Na segunda-feira, o <strong>d\u00f3lar \u00e0 vista<\/strong> subiu a R$ 4,9787 (+0,22%), ampliando a valoriza\u00e7\u00e3o mensal para 5,27%.<\/p>\n\n\n\t<p>\n\t\t<a href=\"https:\/\/lp.suno.com.br\/ebook-gratuito-investindo-no-exterior\/\" target=\"_blank\" data-element=\"shortcode-suno-banner\" title=\"Banner SUNO, clique e saiba mais\">\n\t\t\t<picture>\n\t\t\t\t<source media=\"(max-width: 500px)\" srcset=\"https:\/\/files.sunoresearch.com.br\/n\/uploads\/2023\/03\/400x300-Investindo-no-exterior.png\">\n\t\t\t\t<img class=\"newsContent__article__imgCapa newsContent__article__imgCapa--banner\"\n\t\t\t\t\tsrc=\"https:\/\/files.sunoresearch.com.br\/n\/uploads\/2023\/03\/1420x240-Investindo-no-exterior.png\"\n\t\t\t\t\tdata-promo-id=\"383161\"\t\t\t\t\t\t\t\t\t\twidth='1420' height='240'\t\t\t\t\talt=\"https:\/\/files.sunoresearch.com.br\/n\/uploads\/2023\/03\/1420x240-Investindo-no-exterior.png\"\n\t\t\t\t>\n\t\t\t<\/picture>\n\t\t<\/a>\n\t<\/p>\n\n\n\n\n\n<h2 class=\"wp-block-heading\">Arcabou\u00e7o fiscal ser\u00e1 votado na C\u00e2mara <\/h2>\n\n\n\n<p>O mercado aguarda pela vota\u00e7\u00e3o do arcabou\u00e7o fiscal na C\u00e2mara entre hoje e amanh\u00e3. A reuni\u00e3o desta segunda entre a C\u00e2mara e o <a class=\"suno-keyword\" target=\"_blank\" data-force=\"no\" data-priority=\"2\" href=\"https:\/\/www.suno.com.br\/artigos\/ministerio-da-fazenda\/\" rel=\"noopener\">Minist\u00e9rio da Fazenda<\/a> sobre o arcabou\u00e7o fiscal terminou sem acordo sobre a permiss\u00e3o, inclu\u00edda no texto pelo Senado, para o governo prever despesas condicionadas no Or\u00e7amento de 2024. &#8220;A Fazenda e o Planejamento insistem na despesa condicionada, argumentando que dar\u00e1 mais tranquilidade e previsibilidade&#8221;, disse o relator do projeto, Cl\u00e1udio Cajado (PP-BA).<\/p>\n\n\n\n<p>Os investidores monitoram ainda a participa\u00e7\u00e3o do presidente do BC, Roberto Campos Neto, em evento do Santander, que come\u00e7ou por volta das 9h30, bem como da ministra do Planejamento, Simone Tebet, em semin\u00e1rio da pasta sobre Avalia\u00e7\u00e3o e Melhoria do Gasto P\u00fablico, e tamb\u00e9m a discuss\u00e3o pela Aneel de revis\u00e3o dos valores das <a class=\"suno-keyword\" target=\"_blank\" data-force=\"no\" data-priority=\"1\" href=\"https:\/\/www.suno.com.br\/artigos\/bandeiras-tarifarias\/\" rel=\"noopener\">bandeiras tarif\u00e1rias<\/a>.<\/p>\n\n\n\n<p>A arrecada\u00e7\u00e3o de julho (10h30) tamb\u00e9m fica no radar em meio a preocupa\u00e7\u00f5es com o impasse na vota\u00e7\u00e3o da pauta fiscal no Congresso. A mediana esperada \u00e9 de R$ 204,784 bilh\u00f5es em julho, ap\u00f3s R$ 180,475 bilh\u00f5es em junho, segundo o Proje\u00e7\u00f5es Broadcast.<\/p>\n\n\n\n<p>J\u00e1 o diretor de <a class=\"suno-keyword\" target=\"_blank\" data-force=\"no\" data-priority=\"1\" href=\"https:\/\/www.suno.com.br\/artigos\/politica-monetaria\/\" rel=\"noopener\">Pol\u00edtica Monet\u00e1ria<\/a> do BC, Gabriel Gal\u00edpolo, estar\u00e1 em evento da Fiesp (10h) e o presidente Luiz In\u00e1cio Lula da Silva fala em painel do F\u00f3rum Empresarial do Brics (11h), na \u00c1frica do Sul.<\/p>\n\n\n\n<h2 class=\"wp-block-heading\">Cota\u00e7\u00e3o do d\u00f3lar hoje<\/h2>\n\n\n\n<p>\u00c0s 9h42 desta ter\u00e7a-feira, o <strong>d\u00f3lar \u00e0 vista <\/strong>ca\u00eda 0,63%, a R$ 4,9473. O <strong>d\u00f3lar <\/strong>para setembro cedia 0,75%, a R$ 4,9565.<\/p>\n\n\n\n<p><em>Com informa\u00e7\u00f5es de Estad\u00e3o Conte\u00fado.<\/em><\/p>\n\n\n\t<p>\n\t\t<a href=\"https:\/\/lp.suno.com.br\/planilha-da-vida-financeira\/\" target=\"_blank\" data-element=\"shortcode-suno-banner\" title=\"Banner SUNO, clique e saiba mais\">\n\t\t\t<picture>\n\t\t\t\t<source media=\"(max-width: 500px)\" srcset=\"https:\/\/files.sunoresearch.com.br\/n\/uploads\/2023\/04\/400x300-Planilha-vida-financeira-true.png\">\n\t\t\t\t<img class=\"newsContent__article__imgCapa newsContent__article__imgCapa--banner\"\n\t\t\t\t\tsrc=\"https:\/\/files.sunoresearch.com.br\/n\/uploads\/2023\/04\/1420x240-Planilha-vida-financeira-true.png\"\n\t\t\t\t\tdata-promo-id=\"383123\"\t\t\t\t\t\t\t\t\t\twidth='1420' height='240'\t\t\t\t\talt=\"https:\/\/files.sunoresearch.com.br\/n\/uploads\/2023\/04\/1420x240-Planilha-vida-financeira-true.png\"\n\t\t\t\t>\n\t\t\t<\/picture>\n\t\t<\/a>\n\t<\/p>\n\n\n","protected":false},"excerpt":{"rendered":"<p>Nesta ter\u00e7a-feira (22) pela manh\u00e3, o d\u00f3lar iniciou o dia em retra\u00e7\u00e3o ante o real e economias ligadas \u00e0s commodities. A manh\u00e3 tem um clima de mais tranquilidade, ap\u00f3s o rendimento dos Treasuries e apetite moderado por ativos de maior risco nos mercados, com bolsas de valores em ascens\u00e3o. D\u00f3lar. Foto: Pixabay Al\u00e9m disso, o [&hellip;]<\/p>\n","protected":false},"author":283,"featured_media":266178,"comment_status":"closed","ping_status":"closed","sticky":false,"template":"","format":"standard","meta":[],"categories":[60],"tags":[326,105912],"suno_strategy":[],"class_list":["post-445699","post","type-post","status-publish","format-standard","has-post-thumbnail","hentry","category-mercado","tag-dolar","tag-treasuries"],"yoast_head":"<!-- This site is optimized with the Yoast SEO plugin v24.4 - https:\/\/yoast.com\/wordpress\/plugins\/seo\/ -->\n<title>D\u00f3lar: com avan\u00e7o no rendimento de Treasuries do exterior, moeda recua<\/title>\n<meta name=\"description\" content=\"\u00c0s 9h42 desta ter\u00e7a-feira, o d\u00f3lar \u00e0 vista ca\u00eda 0,63%, a R$ 4,9473. O d\u00f3lar para setembro cedia 0,75%, a R$ 4,9565. Veja agenda do dia.\" \/>\n<meta name=\"robots\" content=\"index, follow, max-snippet:-1, max-image-preview:large, max-video-preview:-1\" \/>\n<link rel=\"canonical\" href=\"https:\/\/www.suno.com.br\/noticias\/dolar-avanco-rendimento-treasuries-exterior-cpf\/\" \/>\n<meta property=\"og:locale\" content=\"pt_BR\" \/>\n<meta property=\"og:type\" content=\"article\" \/>\n<meta property=\"og:title\" content=\"D\u00f3lar: com avan\u00e7o no rendimento de Treasuries do exterior, moeda recua\" \/>\n<meta property=\"og:description\" content=\"\u00c0s 9h42 desta ter\u00e7a-feira, o d\u00f3lar \u00e0 vista ca\u00eda 0,63%, a R$ 4,9473. O d\u00f3lar para setembro cedia 0,75%, a R$ 4,9565. Veja agenda do dia.\" \/>\n<meta property=\"og:url\" content=\"https:\/\/www.suno.com.br\/noticias\/dolar-avanco-rendimento-treasuries-exterior-cpf\/\" \/>\n<meta property=\"og:site_name\" content=\"Suno Not\u00edcias\" \/>\n<meta property=\"article:publisher\" content=\"https:\/\/facebook.com\/sunoresearch\" \/>\n<meta property=\"og:image\" content=\"https:\/\/files.sunoresearch.com.br\/n\/uploads\/2022\/06\/dollar-gb41009ea2_1920.jpg\" \/>\n\t<meta property=\"og:image:width\" content=\"1920\" \/>\n\t<meta property=\"og:image:height\" content=\"960\" \/>\n\t<meta property=\"og:image:type\" content=\"image\/jpeg\" \/>\n<meta name=\"author\" content=\"Camila Paim\" \/>\n<meta name=\"twitter:card\" content=\"summary_large_image\" \/>\n<meta name=\"twitter:creator\" content=\"@sunoresearch\" \/>\n<meta name=\"twitter:site\" content=\"@sunoresearch\" \/>\n<meta name=\"twitter:label1\" content=\"Escrito por\" \/>\n\t<meta name=\"twitter:data1\" content=\"Camila Paim\" \/>\n\t<meta name=\"twitter:label2\" content=\"Est. tempo de leitura\" \/>\n\t<meta name=\"twitter:data2\" content=\"3 minutos\" \/>\n<script type=\"application\/ld+json\" class=\"yoast-schema-graph\">{\"@context\":\"https:\/\/schema.org\",\"@graph\":[{\"@type\":\"NewsArticle\",\"@id\":\"https:\/\/www.suno.com.br\/noticias\/dolar-avanco-rendimento-treasuries-exterior-cpf\/#article\",\"isPartOf\":{\"@id\":\"https:\/\/www.suno.com.br\/noticias\/dolar-avanco-rendimento-treasuries-exterior-cpf\/\"},\"author\":{\"name\":\"Camila Paim\",\"@id\":\"https:\/\/www.suno.com.br\/noticias\/#\/schema\/person\/f341d3ae5d1cc685176c9a5327cdfdbb\"},\"headline\":\"D\u00f3lar: com rendimento de Treasuries e alta de commodities, moeda recua com al\u00edvio\",\"datePublished\":\"2023-08-22T14:30:21+00:00\",\"dateModified\":\"2023-08-22T14:30:39+00:00\",\"mainEntityOfPage\":{\"@id\":\"https:\/\/www.suno.com.br\/noticias\/dolar-avanco-rendimento-treasuries-exterior-cpf\/\"},\"wordCount\":462,\"publisher\":{\"@id\":\"https:\/\/www.suno.com.br\/noticias\/#organization\"},\"image\":{\"@id\":\"https:\/\/www.suno.com.br\/noticias\/dolar-avanco-rendimento-treasuries-exterior-cpf\/#primaryimage\"},\"thumbnailUrl\":\"https:\/\/files.sunoresearch.com.br\/n\/uploads\/2022\/06\/dollar-gb41009ea2_1920.jpg\",\"keywords\":[\"d\u00f3lar\",\"Treasuries\"],\"articleSection\":[\"Mercado\"],\"inLanguage\":\"pt-BR\"},{\"@type\":\"WebPage\",\"@id\":\"https:\/\/www.suno.com.br\/noticias\/dolar-avanco-rendimento-treasuries-exterior-cpf\/\",\"url\":\"https:\/\/www.suno.com.br\/noticias\/dolar-avanco-rendimento-treasuries-exterior-cpf\/\",\"name\":\"D\u00f3lar: com avan\u00e7o no rendimento de Treasuries do exterior, moeda recua\",\"isPartOf\":{\"@id\":\"https:\/\/www.suno.com.br\/noticias\/#website\"},\"primaryImageOfPage\":{\"@id\":\"https:\/\/www.suno.com.br\/noticias\/dolar-avanco-rendimento-treasuries-exterior-cpf\/#primaryimage\"},\"image\":{\"@id\":\"https:\/\/www.suno.com.br\/noticias\/dolar-avanco-rendimento-treasuries-exterior-cpf\/#primaryimage\"},\"thumbnailUrl\":\"https:\/\/files.sunoresearch.com.br\/n\/uploads\/2022\/06\/dollar-gb41009ea2_1920.jpg\",\"datePublished\":\"2023-08-22T14:30:21+00:00\",\"dateModified\":\"2023-08-22T14:30:39+00:00\",\"description\":\"\u00c0s 9h42 desta ter\u00e7a-feira, o d\u00f3lar \u00e0 vista ca\u00eda 0,63%, a R$ 4,9473. O d\u00f3lar para setembro cedia 0,75%, a R$ 4,9565. Veja agenda do dia.\",\"breadcrumb\":{\"@id\":\"https:\/\/www.suno.com.br\/noticias\/dolar-avanco-rendimento-treasuries-exterior-cpf\/#breadcrumb\"},\"inLanguage\":\"pt-BR\",\"potentialAction\":[{\"@type\":\"ReadAction\",\"target\":[\"https:\/\/www.suno.com.br\/noticias\/dolar-avanco-rendimento-treasuries-exterior-cpf\/\"]}]},{\"@type\":\"ImageObject\",\"inLanguage\":\"pt-BR\",\"@id\":\"https:\/\/www.suno.com.br\/noticias\/dolar-avanco-rendimento-treasuries-exterior-cpf\/#primaryimage\",\"url\":\"https:\/\/files.sunoresearch.com.br\/n\/uploads\/2022\/06\/dollar-gb41009ea2_1920.jpg\",\"contentUrl\":\"https:\/\/files.sunoresearch.com.br\/n\/uploads\/2022\/06\/dollar-gb41009ea2_1920.jpg\",\"width\":1920,\"height\":960,\"caption\":\"D\u00f3lar. Foto: Pixabay\"},{\"@type\":\"BreadcrumbList\",\"@id\":\"https:\/\/www.suno.com.br\/noticias\/dolar-avanco-rendimento-treasuries-exterior-cpf\/#breadcrumb\",\"itemListElement\":[{\"@type\":\"ListItem\",\"position\":1,\"name\":\"Not\u00edcias\",\"item\":\"https:\/\/www.suno.com.br\/noticias\/\"},{\"@type\":\"ListItem\",\"position\":2,\"name\":\"Mercado\",\"item\":\"https:\/\/www.suno.com.br\/noticias\/mercado\/\"},{\"@type\":\"ListItem\",\"position\":3,\"name\":\"D\u00f3lar: com rendimento de Treasuries e alta de commodities, moeda recua com al\u00edvio\"}]},{\"@type\":\"WebSite\",\"@id\":\"https:\/\/www.suno.com.br\/noticias\/#website\",\"url\":\"https:\/\/www.suno.com.br\/noticias\/\",\"name\":\"Suno Not\u00edcias\",\"description\":\"Seu portal de informa\u00e7\u00e3o sobre o mundo dos investimentos\",\"publisher\":{\"@id\":\"https:\/\/www.suno.com.br\/noticias\/#organization\"},\"potentialAction\":[{\"@type\":\"SearchAction\",\"target\":{\"@type\":\"EntryPoint\",\"urlTemplate\":\"https:\/\/www.suno.com.br\/noticias\/?s={search_term_string}\"},\"query-input\":{\"@type\":\"PropertyValueSpecification\",\"valueRequired\":true,\"valueName\":\"search_term_string\"}}],\"inLanguage\":\"pt-BR\"},{\"@type\":\"Organization\",\"@id\":\"https:\/\/www.suno.com.br\/noticias\/#organization\",\"name\":\"Suno Not\u00edcias\",\"url\":\"https:\/\/www.suno.com.br\/noticias\/\",\"logo\":{\"@type\":\"ImageObject\",\"inLanguage\":\"pt-BR\",\"@id\":\"https:\/\/www.suno.com.br\/noticias\/#\/schema\/logo\/image\/\",\"url\":\"https:\/\/files.sunoresearch.com.br\/n\/uploads\/2021\/09\/suno-logo.png\",\"contentUrl\":\"https:\/\/files.sunoresearch.com.br\/n\/uploads\/2021\/09\/suno-logo.png\",\"width\":180,\"height\":180,\"caption\":\"Suno Not\u00edcias\"},\"image\":{\"@id\":\"https:\/\/www.suno.com.br\/noticias\/#\/schema\/logo\/image\/\"},\"sameAs\":[\"https:\/\/facebook.com\/sunoresearch\",\"https:\/\/x.com\/sunoresearch\",\"https:\/\/www.instagram.com\/suno\",\"https:\/\/www.linkedin.com\/company\/suno-research\/\",\"https:\/\/www.youtube.com\/c\/sunoresearch\"]},{\"@type\":\"Person\",\"@id\":\"https:\/\/www.suno.com.br\/noticias\/#\/schema\/person\/f341d3ae5d1cc685176c9a5327cdfdbb\",\"name\":\"Camila Paim\",\"image\":{\"@type\":\"ImageObject\",\"inLanguage\":\"pt-BR\",\"@id\":\"https:\/\/www.suno.com.br\/noticias\/#\/schema\/person\/image\/\",\"url\":\"https:\/\/secure.gravatar.com\/avatar\/f33728e65febb1aa7ecf6792956f9b20?s=96&r=g\",\"contentUrl\":\"https:\/\/secure.gravatar.com\/avatar\/f33728e65febb1aa7ecf6792956f9b20?s=96&r=g\",\"caption\":\"Camila Paim\"},\"description\":\"Jornalista formada pela USP, tem experi\u00eancia em reda\u00e7\u00f5es, SEO, Branded Content e Webdesign. Com passagem pelo Jornal da USP, Empiricus e C6 Bank, hoje \u00e9 rep\u00f3rter no Suno Not\u00edcias cobrindo macroeconomia, finan\u00e7as pessoais e startups.\",\"url\":\"https:\/\/www.suno.com.br\/noticias\/author\/camila-figueiredosuno-com-br\/\"}]}<\/script>\n<!-- \/ Yoast SEO plugin. -->","yoast_head_json":{"title":"D\u00f3lar: com avan\u00e7o no rendimento de Treasuries do exterior, moeda recua","description":"\u00c0s 9h42 desta ter\u00e7a-feira, o d\u00f3lar \u00e0 vista ca\u00eda 0,63%, a R$ 4,9473. O d\u00f3lar para setembro cedia 0,75%, a R$ 4,9565. Veja agenda do dia.","robots":{"index":"index","follow":"follow","max-snippet":"max-snippet:-1","max-image-preview":"max-image-preview:large","max-video-preview":"max-video-preview:-1"},"canonical":"https:\/\/www.suno.com.br\/noticias\/dolar-avanco-rendimento-treasuries-exterior-cpf\/","og_locale":"pt_BR","og_type":"article","og_title":"D\u00f3lar: com avan\u00e7o no rendimento de Treasuries do exterior, moeda recua","og_description":"\u00c0s 9h42 desta ter\u00e7a-feira, o d\u00f3lar \u00e0 vista ca\u00eda 0,63%, a R$ 4,9473. O d\u00f3lar para setembro cedia 0,75%, a R$ 4,9565. Veja agenda do dia.","og_url":"https:\/\/www.suno.com.br\/noticias\/dolar-avanco-rendimento-treasuries-exterior-cpf\/","og_site_name":"Suno Not\u00edcias","article_publisher":"https:\/\/facebook.com\/sunoresearch","og_image":[{"width":1920,"height":960,"url":"https:\/\/files.sunoresearch.com.br\/n\/uploads\/2022\/06\/dollar-gb41009ea2_1920.jpg","type":"image\/jpeg"}],"author":"Camila Paim","twitter_card":"summary_large_image","twitter_creator":"@sunoresearch","twitter_site":"@sunoresearch","twitter_misc":{"Escrito por":"Camila Paim","Est. tempo de leitura":"3 minutos"},"schema":{"@context":"https:\/\/schema.org","@graph":[{"@type":"NewsArticle","@id":"https:\/\/www.suno.com.br\/noticias\/dolar-avanco-rendimento-treasuries-exterior-cpf\/#article","isPartOf":{"@id":"https:\/\/www.suno.com.br\/noticias\/dolar-avanco-rendimento-treasuries-exterior-cpf\/"},"author":{"name":"Camila Paim","@id":"https:\/\/www.suno.com.br\/noticias\/#\/schema\/person\/f341d3ae5d1cc685176c9a5327cdfdbb"},"headline":"D\u00f3lar: com rendimento de Treasuries e alta de commodities, moeda recua com al\u00edvio","datePublished":"2023-08-22T14:30:21+00:00","dateModified":"2023-08-22T14:30:39+00:00","mainEntityOfPage":{"@id":"https:\/\/www.suno.com.br\/noticias\/dolar-avanco-rendimento-treasuries-exterior-cpf\/"},"wordCount":462,"publisher":{"@id":"https:\/\/www.suno.com.br\/noticias\/#organization"},"image":{"@id":"https:\/\/www.suno.com.br\/noticias\/dolar-avanco-rendimento-treasuries-exterior-cpf\/#primaryimage"},"thumbnailUrl":"https:\/\/files.sunoresearch.com.br\/n\/uploads\/2022\/06\/dollar-gb41009ea2_1920.jpg","keywords":["d\u00f3lar","Treasuries"],"articleSection":["Mercado"],"inLanguage":"pt-BR"},{"@type":"WebPage","@id":"https:\/\/www.suno.com.br\/noticias\/dolar-avanco-rendimento-treasuries-exterior-cpf\/","url":"https:\/\/www.suno.com.br\/noticias\/dolar-avanco-rendimento-treasuries-exterior-cpf\/","name":"D\u00f3lar: com avan\u00e7o no rendimento de Treasuries do exterior, moeda recua","isPartOf":{"@id":"https:\/\/www.suno.com.br\/noticias\/#website"},"primaryImageOfPage":{"@id":"https:\/\/www.suno.com.br\/noticias\/dolar-avanco-rendimento-treasuries-exterior-cpf\/#primaryimage"},"image":{"@id":"https:\/\/www.suno.com.br\/noticias\/dolar-avanco-rendimento-treasuries-exterior-cpf\/#primaryimage"},"thumbnailUrl":"https:\/\/files.sunoresearch.com.br\/n\/uploads\/2022\/06\/dollar-gb41009ea2_1920.jpg","datePublished":"2023-08-22T14:30:21+00:00","dateModified":"2023-08-22T14:30:39+00:00","description":"\u00c0s 9h42 desta ter\u00e7a-feira, o d\u00f3lar \u00e0 vista ca\u00eda 0,63%, a R$ 4,9473. O d\u00f3lar para setembro cedia 0,75%, a R$ 4,9565. Veja agenda do dia.","breadcrumb":{"@id":"https:\/\/www.suno.com.br\/noticias\/dolar-avanco-rendimento-treasuries-exterior-cpf\/#breadcrumb"},"inLanguage":"pt-BR","potentialAction":[{"@type":"ReadAction","target":["https:\/\/www.suno.com.br\/noticias\/dolar-avanco-rendimento-treasuries-exterior-cpf\/"]}]},{"@type":"ImageObject","inLanguage":"pt-BR","@id":"https:\/\/www.suno.com.br\/noticias\/dolar-avanco-rendimento-treasuries-exterior-cpf\/#primaryimage","url":"https:\/\/files.sunoresearch.com.br\/n\/uploads\/2022\/06\/dollar-gb41009ea2_1920.jpg","contentUrl":"https:\/\/files.sunoresearch.com.br\/n\/uploads\/2022\/06\/dollar-gb41009ea2_1920.jpg","width":1920,"height":960,"caption":"D\u00f3lar. Foto: Pixabay"},{"@type":"BreadcrumbList","@id":"https:\/\/www.suno.com.br\/noticias\/dolar-avanco-rendimento-treasuries-exterior-cpf\/#breadcrumb","itemListElement":[{"@type":"ListItem","position":1,"name":"Not\u00edcias","item":"https:\/\/www.suno.com.br\/noticias\/"},{"@type":"ListItem","position":2,"name":"Mercado","item":"https:\/\/www.suno.com.br\/noticias\/mercado\/"},{"@type":"ListItem","position":3,"name":"D\u00f3lar: com rendimento de Treasuries e alta de commodities, moeda recua com al\u00edvio"}]},{"@type":"WebSite","@id":"https:\/\/www.suno.com.br\/noticias\/#website","url":"https:\/\/www.suno.com.br\/noticias\/","name":"Suno Not\u00edcias","description":"Seu portal de informa\u00e7\u00e3o sobre o mundo dos investimentos","publisher":{"@id":"https:\/\/www.suno.com.br\/noticias\/#organization"},"potentialAction":[{"@type":"SearchAction","target":{"@type":"EntryPoint","urlTemplate":"https:\/\/www.suno.com.br\/noticias\/?s={search_term_string}"},"query-input":{"@type":"PropertyValueSpecification","valueRequired":true,"valueName":"search_term_string"}}],"inLanguage":"pt-BR"},{"@type":"Organization","@id":"https:\/\/www.suno.com.br\/noticias\/#organization","name":"Suno Not\u00edcias","url":"https:\/\/www.suno.com.br\/noticias\/","logo":{"@type":"ImageObject","inLanguage":"pt-BR","@id":"https:\/\/www.suno.com.br\/noticias\/#\/schema\/logo\/image\/","url":"https:\/\/files.sunoresearch.com.br\/n\/uploads\/2021\/09\/suno-logo.png","contentUrl":"https:\/\/files.sunoresearch.com.br\/n\/uploads\/2021\/09\/suno-logo.png","width":180,"height":180,"caption":"Suno Not\u00edcias"},"image":{"@id":"https:\/\/www.suno.com.br\/noticias\/#\/schema\/logo\/image\/"},"sameAs":["https:\/\/facebook.com\/sunoresearch","https:\/\/x.com\/sunoresearch","https:\/\/www.instagram.com\/suno","https:\/\/www.linkedin.com\/company\/suno-research\/","https:\/\/www.youtube.com\/c\/sunoresearch"]},{"@type":"Person","@id":"https:\/\/www.suno.com.br\/noticias\/#\/schema\/person\/f341d3ae5d1cc685176c9a5327cdfdbb","name":"Camila Paim","image":{"@type":"ImageObject","inLanguage":"pt-BR","@id":"https:\/\/www.suno.com.br\/noticias\/#\/schema\/person\/image\/","url":"https:\/\/secure.gravatar.com\/avatar\/f33728e65febb1aa7ecf6792956f9b20?s=96&r=g","contentUrl":"https:\/\/secure.gravatar.com\/avatar\/f33728e65febb1aa7ecf6792956f9b20?s=96&r=g","caption":"Camila Paim"},"description":"Jornalista formada pela USP, tem experi\u00eancia em reda\u00e7\u00f5es, SEO, Branded Content e Webdesign. Com passagem pelo Jornal da USP, Empiricus e C6 Bank, hoje \u00e9 rep\u00f3rter no Suno Not\u00edcias cobrindo macroeconomia, finan\u00e7as pessoais e startups.","url":"https:\/\/www.suno.com.br\/noticias\/author\/camila-figueiredosuno-com-br\/"}]}},"default_loop_html":"<div class=\"cardsPage__listCard__boxs\"><div class=\"cardsPage__listCard__boxs__img\"><a href=\"https:\/\/www.suno.com.br\/noticias\/dolar-avanco-rendimento-treasuries-exterior-cpf\/\"><img class=\"mask\" src=\"https:\/\/www.suno.com.br\/noticias\/wp-content\/themes\/suno\/resources\/images\/spotlight\/spotlight1img\/bg-mask.png\" alt=\"Image Mask\"\/><img src=\"https:\/\/files.sunoresearch.com.br\/n\/uploads\/2022\/06\/dollar-gb41009ea2_1920-400x200.jpg\" alt=\"D\u00f3lar: com rendimento de Treasuries e alta de commodities, moeda recua com al\u00edvio\"\/><\/a><span class=\"spotlightCategory\"><a href=\"https:\/\/www.suno.com.br\/noticias\/mercado\/\">Mercado<\/a><\/span><\/div><div class=\"cardsPage__listCard__boxs__content\"><a href=\"https:\/\/www.suno.com.br\/noticias\/dolar-avanco-rendimento-treasuries-exterior-cpf\/\"><h2 class=\"content__title\">D\u00f3lar: com rendimento de Treasuries e alta de commodities, moeda recua com al\u00edvio<\/h2><\/a><div class=\"newsContent__article__meta\"><div class=\"newsContent__article__meta__authorBox\"><a href=\"https:\/\/www.suno.com.br\/noticias\/author\/camila-figueiredosuno-com-br\/\" class=\"authorBox__avatar noMobi\"><img src=\"https:\/\/files.sunoresearch.com.br\/n\/uploads\/2024\/05\/camila-paim-square-150x150.jpg\" alt=\"Camila Paim\"><\/a><div class=\"authorBox__name\"><span>por\n\t\t\t<a href=\"https:\/\/www.suno.com.br\/noticias\/author\/camila-figueiredosuno-com-br\/\"><span itemprop=\"author\">Camila Paim<\/span><\/a><\/span><time datetime=\"2023-08-22T11:30:21-03:00\" itemprop=\"datePublished\">22\/08\/2023 11:30<\/time><\/div><\/div><\/div><\/div><\/div>","single_layout":"posts","amp_enabled":true,"_links":{"self":[{"href":"https:\/\/www.suno.com.br\/noticias\/wp-json\/wp\/v2\/posts\/445699"}],"collection":[{"href":"https:\/\/www.suno.com.br\/noticias\/wp-json\/wp\/v2\/posts"}],"about":[{"href":"https:\/\/www.suno.com.br\/noticias\/wp-json\/wp\/v2\/types\/post"}],"author":[{"embeddable":true,"href":"https:\/\/www.suno.com.br\/noticias\/wp-json\/wp\/v2\/users\/283"}],"replies":[{"embeddable":true,"href":"https:\/\/www.suno.com.br\/noticias\/wp-json\/wp\/v2\/comments?post=445699"}],"version-history":[{"count":3,"href":"https:\/\/www.suno.com.br\/noticias\/wp-json\/wp\/v2\/posts\/445699\/revisions"}],"predecessor-version":[{"id":445781,"href":"https:\/\/www.suno.com.br\/noticias\/wp-json\/wp\/v2\/posts\/445699\/revisions\/445781"}],"wp:featuredmedia":[{"embeddable":true,"href":"https:\/\/www.suno.com.br\/noticias\/wp-json\/wp\/v2\/media\/266178"}],"wp:attachment":[{"href":"https:\/\/www.suno.com.br\/noticias\/wp-json\/wp\/v2\/media?parent=445699"}],"wp:term":[{"taxonomy":"category","embeddable":true,"href":"https:\/\/www.suno.com.br\/noticias\/wp-json\/wp\/v2\/categories?post=445699"},{"taxonomy":"post_tag","embeddable":true,"href":"https:\/\/www.suno.com.br\/noticias\/wp-json\/wp\/v2\/tags?post=445699"},{"taxonomy":"suno_strategy","embeddable":true,"href":"https:\/\/www.suno.com.br\/noticias\/wp-json\/wp\/v2\/suno_strategy?post=445699"}],"curies":[{"name":"wp","href":"https:\/\/api.w.org\/{rel}","templated":true}]}}