{"id":445695,"date":"2023-08-22T10:32:29","date_gmt":"2023-08-22T13:32:29","guid":{"rendered":"https:\/\/www.suno.com.br\/noticias\/?p=445695"},"modified":"2023-08-22T10:32:36","modified_gmt":"2023-08-22T13:32:36","slug":"destaques-santander-cemig-e-mais-va","status":"publish","type":"post","link":"https:\/\/www.suno.com.br\/noticias\/destaques-santander-cemig-e-mais-va\/","title":{"rendered":"Santander (SANB11), Cemig (CMIG4) e Americanas (AMRE3) est\u00e3o no foco do mercado nesta ter\u00e7a; veja destaques"},"content":{"rendered":"<p>O an\u00fancio do <strong>Santander<\/strong> (SANB11) referente a ren\u00fancia de Elita Vechin Pastorelo Ariaz ao cargo de diretora vice-presidente executiva \u00e9 um dos destaques desta ter\u00e7a-feira (22).<\/p>\t<div class=\"wrapper-featured-image\">\n\t\t<figure class=\"spotlightImg\">\n\n\t\t\t<picture>\n\t\t\t\t<source media=\"(max-width: 768px)\" srcset=\"https:\/\/files.sunoresearch.com.br\/n\/uploads\/2022\/08\/ibovespa-1-400x200.jpg\">\n\t\t\t\t<img loading=\"lazy\" decoding=\"async\" class=\"newsContent__article__imgCapa lazyloadDisabled \" src=\"https:\/\/files.sunoresearch.com.br\/n\/uploads\/2022\/08\/ibovespa-1-800x450.jpg\" width=\"800\" height=\"450\" alt=\"Santander (SANB11), Cemig (CMIG4) e Americanas (AMRE3) est\u00e3o no foco do mercado nesta ter\u00e7a; veja destaques\" fetchpriority=high \/>\n\t\t\t<\/picture>\n\n\t\t\t<figcaption class=\"wp-caption-text wp-caption-text--show\">Mercado. Foto: Unsplash<\/figcaption>\n\t\t<\/figure>\n\t<\/div>\n\n\n\n\n\n\t<p>\n\t\t<a href=\"https:\/\/lp.suno.com.br\/planilha-da-vida-financeira\/\" target=\"_blank\" data-element=\"shortcode-suno-banner\" title=\"Banner SUNO, clique e saiba mais\">\n\t\t\t<picture>\n\t\t\t\t<source media=\"(max-width: 500px)\" srcset=\"https:\/\/files.sunoresearch.com.br\/n\/uploads\/2023\/04\/400x300-Planilha-vida-financeira-true.png\">\n\t\t\t\t<img class=\"newsContent__article__imgCapa newsContent__article__imgCapa--banner\"\n\t\t\t\t\tsrc=\"https:\/\/files.sunoresearch.com.br\/n\/uploads\/2023\/04\/1420x240-Planilha-vida-financeira-true.png\"\n\t\t\t\t\tdata-promo-id=\"106682\"\t\t\t\t\t\t\t\t\t\twidth='1420' height='240'\t\t\t\t\talt=\"https:\/\/files.sunoresearch.com.br\/n\/uploads\/2023\/04\/1420x240-Planilha-vida-financeira-true.png\"\n\t\t\t\t>\n\t\t\t<\/picture>\n\t\t<\/a>\n\t<\/p>\n\n\n\n\n\n<p>Tamb\u00e9m est\u00e1 entre os<strong> destaques do mercado financeiro<\/strong> a <a class=\"suno-keyword\" data-force=\"yes\" data-priority=\"2\" href=\"https:\/\/www.suno.com.br\/acoes\/CMIG4\/\" target=\"_blank\" rel=\"noopener\">Cemig (CMIG4)<\/a>, ap\u00f3s o governador de Minas Gerais protocolar na Assembleia Legislativa do Estado (ALMG) uma Proposta de Emenda \u00e0 Constitui\u00e7\u00e3o (PEC) a fim de dar agilidade na desestatiza\u00e7\u00e3o da companhia.<\/p>\n\n\n\n\n\n<p>A Americanas (AMRE3) tamb\u00e9m \u00e9 destaque hoje. O ex-CEO da Americanas (AMER3), Sergio Rial, e a ex-superintendente de controladoria da empresa, Flavia Carneiro v\u00e3o prestar depoimentos na Comiss\u00e3o Parlamentar de Inqu\u00e9rito (CPI) que apura irregularidades na contabilidade da companhia.<\/p>\n\n\n\n<p>Veja os <strong>destaques do mercado financeiro<\/strong> desta ter\u00e7a-feira:<\/p>\n\n\n\n<h2 class=\"wp-block-heading\">Santander<\/h2>\n\n\n\n<p>O <a class=\"suno-keyword\" data-force=\"yes\" data-priority=\"2\" href=\"https:\/\/www.suno.com.br\/acoes\/SANB11\/\" target=\"_blank\" rel=\"noopener\">Santander (<strong>SANB11<\/strong>)<\/a> confirmou a ren\u00fancia de Elita Vechin Pastorelo Ariaz ao cargo de diretora vice-presidente executiva e a condu\u00e7\u00e3o de Germanuela de Almeida de Abreu, atual ao cargo de Diretora Vice-Presidente Executivo da companhia.<\/p>\n\n\n\n<h2 class=\"wp-block-heading\">Cemig<\/h2>\n\n\n\n<p>O governador do Estado de Minas Gerais protocolou na Assembleia Legislativa do Estado (ALMG) uma Proposta de Emenda \u00e0 Constitui\u00e7\u00e3o (PEC) que traz mais agilidade para que empresas controladas direta ou indiretamente pelo governo mineiro, como <strong>Cemig (CMIG4)<\/strong> e <strong>Copasa (CSMG)<\/strong>, possam ser desestatizadas.<\/p>\n\n\n\n<p>A PEC, que passar\u00e1 por an\u00e1lise do poder legislativo, simplifica os processos de venda de empresas estatais. Al\u00e9m disso, retoma a necessidade de qu\u00f3rum simples para aprova\u00e7\u00e3o de lei que autoriza altera\u00e7\u00e3o em estrutura societ\u00e1ria ou cis\u00e3o de <a class=\"suno-keyword\" target=\"_blank\" data-force=\"no\" data-priority=\"1\" href=\"https:\/\/www.suno.com.br\/artigos\/sociedade-de-economia-mista\/\" rel=\"noopener\">sociedade de economia mista<\/a> e de empresa p\u00fablica.<\/p>\n\n\n\t<div data-element=\"shortcode-read-more\" class=\"knowMore\">\n\t\t\t\t<span class=\"knowMore__title\">Leia mais<\/span>\n\t\t\t\t<a class=\"knowMore__link\" href=\"https:\/\/www.suno.com.br\/noticias\/cemig-cmig4-e-copasa-csmg-serao-privatizadas-gpj\/\">\n\t\t\tCemig (CMIG4) e Copasa (CSMG) ser\u00e3o privatizadas? Analistas comentam\t\t<\/a>\n\t<\/div>\n\n\n\n\n<h2 class=\"wp-block-heading\">Americanas<\/h2>\n\n\n\n<p>O ex-CEO da <strong>Americanas (AMER3)<\/strong>, Sergio Rial, e a ex-superintendente de controladoria da empresa, Flavia Carneiro, v\u00e3o participar, \u00e0s 15h, de audi\u00eancia p\u00fablica da Comiss\u00e3o Parlamentar de Inqu\u00e9rito (CPI) que apura irregularidades na contabilidade da companhia.<\/p>\n\n\n\n<h2 class=\"wp-block-heading\">Klabin<\/h2>\n\n\n\n<p>A <a class=\"suno-keyword\" data-force=\"yes\" data-priority=\"2\" href=\"https:\/\/www.suno.com.br\/acoes\/KLBN11\/\" target=\"_blank\" rel=\"noopener\"><strong>Klabin (KLBN11)<\/strong><\/a> anunciou ontem (21) que vai subir os pre\u00e7os da celulose para China, Europa e Am\u00e9ricas a partir de setembro, acompanhando movimento da Suzano, segundo informa\u00e7\u00f5es da Reuters.<\/p>\n\n\n\n<h2 class=\"wp-block-heading\">CCR<\/h2>\n\n\n\n<p>A <a class=\"suno-keyword\" data-force=\"yes\" data-priority=\"2\" href=\"https:\/\/www.suno.com.br\/acoes\/CCRO3\/\" target=\"_blank\" rel=\"noopener\"><strong>CCR (CCRO3)<\/strong><\/a> informou a conclus\u00e3o do programa de <a class=\"suno-keyword\" data-force=\"no\" data-priority=\"1\" href=\"https:\/\/www.suno.com.br\/artigos\/recompra-de-acoes\/\" target=\"_blank\" rel=\"noopener\">recompra de a\u00e7\u00f5es<\/a> aprovado pelo <a class=\"suno-keyword\" data-force=\"no\" data-priority=\"1\" href=\"https:\/\/www.suno.com.br\/artigos\/conselho-administracao\/\" target=\"_blank\" rel=\"noopener\">conselho de administra\u00e7\u00e3o<\/a> da companhia tendo sido adquiridas, ao todo, 3.200.000 <a class=\"suno-keyword\" data-force=\"no\" data-priority=\"1\" href=\"https:\/\/www.suno.com.br\/artigos\/o-que-sao-acoes-ordinarias-preferenciais-e-units\/\" target=\"_blank\" rel=\"noopener\">a\u00e7\u00f5es ordin\u00e1rias<\/a> de sua pr\u00f3pria emiss\u00e3o.<\/p>\n\n\n\n<p>Segundo a companhia, tais a\u00e7\u00f5es foram adquiridas para permitir o cumprimento de suas obriga\u00e7\u00f5es decorrentes do Plano de Incentivo de <a class=\"suno-keyword\" data-force=\"no\" data-priority=\"1\" href=\"https:\/\/www.suno.com.br\/artigos\/longo-prazo\/\" target=\"_blank\" rel=\"noopener\">Longo Prazo<\/a> em vigor, aprovado na Assembleia Geral Extraordin\u00e1ria realizada em 19 de abril de 2023.<\/p>\n\n\n\t<p>\n\t\t<a href=\"https:\/\/lp.suno.com.br\/ebook-como-analisar-uma-acao\/\" target=\"_blank\" data-element=\"shortcode-suno-banner\" title=\"Banner SUNO, clique e saiba mais\">\n\t\t\t<picture>\n\t\t\t\t<source media=\"(max-width: 500px)\" srcset=\"https:\/\/files.sunoresearch.com.br\/n\/uploads\/2023\/03\/Ebook-Acoes-Mobile.jpg\">\n\t\t\t\t<img class=\"newsContent__article__imgCapa newsContent__article__imgCapa--banner\"\n\t\t\t\t\tsrc=\"https:\/\/files.sunoresearch.com.br\/n\/uploads\/2023\/03\/Ebook-Acoes-Desktop.jpg\"\n\t\t\t\t\tdata-promo-id=\"378302\"\t\t\t\t\t\t\t\t\t\twidth='1420' height='286'\t\t\t\t\talt=\"https:\/\/files.sunoresearch.com.br\/n\/uploads\/2023\/03\/Ebook-Acoes-Desktop.jpg\"\n\t\t\t\t>\n\t\t\t<\/picture>\n\t\t<\/a>\n\t<\/p>\n\n\n\n\n\n<h2 class=\"wp-block-heading\">Light<\/h2>\n\n\n\n<p>Em esclarecimento a CVM, a <a class=\"suno-keyword\" data-force=\"yes\" data-priority=\"2\" href=\"https:\/\/www.suno.com.br\/acoes\/LIGT3\/\" target=\"_blank\" rel=\"noopener\"><strong>Light (LIGT3)<\/strong><\/a> informou que a sua recupera\u00e7\u00e3o judicial segue tramitando normalmente perante o Ju\u00edzo da 3\u00aa Vara Empresarial da Comarca da Capital do Estado do Rio de Janeiro.<\/p>\n\n\n\n<p>Segundo a companhia, a publica\u00e7\u00e3o do edital do plano de recupera\u00e7\u00e3o ainda est\u00e1 pendente e ainda n\u00e3o teve in\u00edcio o prazo para que os credores apresentem obje\u00e7\u00f5es ao plano.<\/p>\n\n\n\n<h2 class=\"wp-block-heading\">JBS<\/h2>\n\n\n\n<p>Em comunicado, a <a class=\"suno-keyword\" data-force=\"yes\" data-priority=\"2\" href=\"https:\/\/www.suno.com.br\/acoes\/JBSS3\/\" target=\"_blank\" rel=\"noopener\"><strong>JBS (JBSS3)<\/strong><\/a>, junto com a JBS USA, anunciou a expira\u00e7\u00e3o e os resultados de suas ofertas previamente anunciadas para trocar todas e quaisquer Notas Existentes em circula\u00e7\u00e3o por um valor principal igual ao de novas notas.<\/p>\n\n\n\n<h2 class=\"wp-block-heading\">Isa CTEEP<\/h2>\n\n\n\n<p>A<strong> <a class=\"suno-keyword\" data-force=\"yes\" data-priority=\"2\" href=\"https:\/\/www.suno.com.br\/acoes\/TRPL4\/\" target=\"_blank\" rel=\"noopener\">Isa CTEEP (TRPL4)<\/a><\/strong> divulgou o in\u00edcio da opera\u00e7\u00e3o comercial do projeto Tri\u00e2ngulo Mineiro, que pertence \u00e0 IEMG, subsidi\u00e1ria da companhia.<\/p>\n\n\n\n<p>O projeto Tri\u00e2ngulo Mineiro est\u00e1 localizado no estado de Minas Gerais e contempla duas<br>linhas de transmiss\u00e3o com 158 quil\u00f4metros de extens\u00e3o e quatro subesta\u00e7\u00f5es digitais, sendo tr\u00eas subesta\u00e7\u00f5es novas e a amplia\u00e7\u00e3o de uma subesta\u00e7\u00e3o pertencente \u00e0 outra transmissora que, juntas, totalizam 1.600 MVA de pot\u00eancia.<\/p>\n\n\n\n<p>Os destaques do mercado financeiro do Suno Not\u00edcias mostram os principais acontecimentos que prometem movimentar o mercado durante o dia, como o<strong> Santander <\/strong>(SANB11), que deve estar no foco dos investidores ao longo do dia.<\/p>\n\n\n\t<p>\n\t\t<a href=\"https:\/\/lp.suno.com.br\/planilha-da-vida-financeira\/\" target=\"_blank\" data-element=\"shortcode-suno-banner\" title=\"Banner SUNO, clique e saiba mais\">\n\t\t\t<picture>\n\t\t\t\t<source media=\"(max-width: 500px)\" srcset=\"https:\/\/files.sunoresearch.com.br\/n\/uploads\/2023\/04\/400x300-Planilha-vida-financeira-true.png\">\n\t\t\t\t<img class=\"newsContent__article__imgCapa newsContent__article__imgCapa--banner\"\n\t\t\t\t\tsrc=\"https:\/\/files.sunoresearch.com.br\/n\/uploads\/2023\/04\/1420x240-Planilha-vida-financeira-true.png\"\n\t\t\t\t\tdata-promo-id=\"383123\"\t\t\t\t\t\t\t\t\t\twidth='1420' height='240'\t\t\t\t\talt=\"https:\/\/files.sunoresearch.com.br\/n\/uploads\/2023\/04\/1420x240-Planilha-vida-financeira-true.png\"\n\t\t\t\t>\n\t\t\t<\/picture>\n\t\t<\/a>\n\t<\/p>\n\n\n","protected":false},"excerpt":{"rendered":"<p>O an\u00fancio do Santander (SANB11) referente a ren\u00fancia de Elita Vechin Pastorelo Ariaz ao cargo de diretora vice-presidente executiva \u00e9 um dos destaques desta ter\u00e7a-feira (22). Mercado. Foto: Unsplash Tamb\u00e9m est\u00e1 entre os destaques do mercado financeiro a Cemig (CMIG4), ap\u00f3s o governador de Minas Gerais protocolar na Assembleia Legislativa do Estado (ALMG) uma Proposta [&hellip;]<\/p>\n","protected":false},"author":301,"featured_media":291028,"comment_status":"closed","ping_status":"closed","sticky":false,"template":"","format":"standard","meta":[],"categories":[60],"tags":[106605,407,104647,106964,521,529,41531,624],"suno_strategy":[],"class_list":["post-445695","post","type-post","status-publish","format-standard","has-post-thumbnail","hentry","category-mercado","tag-americanas-s-a-amer3","tag-ccr-ccro3","tag-ceb-cebr3-cebr5","tag-isa-cteep-trpl4","tag-jbs-jbss3","tag-klabin-klbn11-klbn3-klbn4","tag-light-ligt3","tag-santander-sanb11-sanb3-sanb4"],"yoast_head":"<!-- This site is optimized with the Yoast SEO plugin v24.4 - https:\/\/yoast.com\/wordpress\/plugins\/seo\/ -->\n<title>Santander (SANB11) e Cemig (CMIG4) est\u00e3o no foco do mercado<\/title>\n<meta name=\"description\" content=\"O an\u00fancio do Santander referente a ren\u00fancia de Elita Ariaz ao cargo de diretora vice-presidente executiva \u00e9 um dos destaques desta ter\u00e7a.\" \/>\n<meta name=\"robots\" content=\"index, follow, max-snippet:-1, max-image-preview:large, max-video-preview:-1\" \/>\n<link rel=\"canonical\" href=\"https:\/\/www.suno.com.br\/noticias\/destaques-santander-cemig-e-mais-va\/\" \/>\n<meta property=\"og:locale\" content=\"pt_BR\" \/>\n<meta property=\"og:type\" content=\"article\" \/>\n<meta property=\"og:title\" content=\"Santander (SANB11) e Cemig (CMIG4) est\u00e3o no foco do mercado\" \/>\n<meta property=\"og:description\" content=\"O an\u00fancio do Santander referente a ren\u00fancia de Elita Ariaz ao cargo de diretora vice-presidente executiva \u00e9 um dos destaques desta ter\u00e7a.\" \/>\n<meta property=\"og:url\" content=\"https:\/\/www.suno.com.br\/noticias\/destaques-santander-cemig-e-mais-va\/\" \/>\n<meta property=\"og:site_name\" content=\"Suno Not\u00edcias\" \/>\n<meta property=\"article:publisher\" content=\"https:\/\/facebook.com\/sunoresearch\" \/>\n<meta property=\"og:image\" content=\"https:\/\/files.sunoresearch.com.br\/n\/uploads\/2022\/08\/ibovespa-1.jpg\" \/>\n\t<meta property=\"og:image:width\" content=\"1200\" \/>\n\t<meta property=\"og:image:height\" content=\"900\" \/>\n\t<meta property=\"og:image:type\" content=\"image\/jpeg\" \/>\n<meta name=\"author\" content=\"Vin\u00edcius Alves\" \/>\n<meta name=\"twitter:card\" content=\"summary_large_image\" \/>\n<meta name=\"twitter:creator\" content=\"@sunoresearch\" \/>\n<meta name=\"twitter:site\" content=\"@sunoresearch\" \/>\n<meta name=\"twitter:label1\" content=\"Escrito por\" \/>\n\t<meta name=\"twitter:data1\" content=\"Vin\u00edcius Alves\" \/>\n\t<meta name=\"twitter:label2\" content=\"Est. tempo de leitura\" \/>\n\t<meta name=\"twitter:data2\" content=\"4 minutos\" \/>\n<script type=\"application\/ld+json\" class=\"yoast-schema-graph\">{\"@context\":\"https:\/\/schema.org\",\"@graph\":[{\"@type\":\"NewsArticle\",\"@id\":\"https:\/\/www.suno.com.br\/noticias\/destaques-santander-cemig-e-mais-va\/#article\",\"isPartOf\":{\"@id\":\"https:\/\/www.suno.com.br\/noticias\/destaques-santander-cemig-e-mais-va\/\"},\"author\":{\"name\":\"Vin\u00edcius Alves\",\"@id\":\"https:\/\/www.suno.com.br\/noticias\/#\/schema\/person\/4a180549702d0e236b3e420862bcded3\"},\"headline\":\"Santander (SANB11), Cemig (CMIG4) e Americanas (AMRE3) est\u00e3o no foco do mercado nesta ter\u00e7a; veja destaques\",\"datePublished\":\"2023-08-22T13:32:29+00:00\",\"dateModified\":\"2023-08-22T13:32:36+00:00\",\"mainEntityOfPage\":{\"@id\":\"https:\/\/www.suno.com.br\/noticias\/destaques-santander-cemig-e-mais-va\/\"},\"wordCount\":661,\"publisher\":{\"@id\":\"https:\/\/www.suno.com.br\/noticias\/#organization\"},\"image\":{\"@id\":\"https:\/\/www.suno.com.br\/noticias\/destaques-santander-cemig-e-mais-va\/#primaryimage\"},\"thumbnailUrl\":\"https:\/\/files.sunoresearch.com.br\/n\/uploads\/2022\/08\/ibovespa-1.jpg\",\"keywords\":[\"Americanas (AMER3)\",\"CCR (CCRO3)\",\"CEB (CEBR3\/CEBR5)\",\"Isa CTEEP (TRPL4)\",\"JBS (JBSS3)\",\"Klabin (KLBN11\/KLBN3\/KLBN4)\",\"Light (LIGT3)\",\"Santander (SANB11\/SANB3\/SANB4)\"],\"articleSection\":[\"Mercado\"],\"inLanguage\":\"pt-BR\"},{\"@type\":\"WebPage\",\"@id\":\"https:\/\/www.suno.com.br\/noticias\/destaques-santander-cemig-e-mais-va\/\",\"url\":\"https:\/\/www.suno.com.br\/noticias\/destaques-santander-cemig-e-mais-va\/\",\"name\":\"Santander (SANB11) e Cemig (CMIG4) est\u00e3o no foco do mercado\",\"isPartOf\":{\"@id\":\"https:\/\/www.suno.com.br\/noticias\/#website\"},\"primaryImageOfPage\":{\"@id\":\"https:\/\/www.suno.com.br\/noticias\/destaques-santander-cemig-e-mais-va\/#primaryimage\"},\"image\":{\"@id\":\"https:\/\/www.suno.com.br\/noticias\/destaques-santander-cemig-e-mais-va\/#primaryimage\"},\"thumbnailUrl\":\"https:\/\/files.sunoresearch.com.br\/n\/uploads\/2022\/08\/ibovespa-1.jpg\",\"datePublished\":\"2023-08-22T13:32:29+00:00\",\"dateModified\":\"2023-08-22T13:32:36+00:00\",\"description\":\"O an\u00fancio do Santander referente a ren\u00fancia de Elita Ariaz ao cargo de diretora vice-presidente executiva \u00e9 um dos destaques desta ter\u00e7a.\",\"breadcrumb\":{\"@id\":\"https:\/\/www.suno.com.br\/noticias\/destaques-santander-cemig-e-mais-va\/#breadcrumb\"},\"inLanguage\":\"pt-BR\",\"potentialAction\":[{\"@type\":\"ReadAction\",\"target\":[\"https:\/\/www.suno.com.br\/noticias\/destaques-santander-cemig-e-mais-va\/\"]}]},{\"@type\":\"ImageObject\",\"inLanguage\":\"pt-BR\",\"@id\":\"https:\/\/www.suno.com.br\/noticias\/destaques-santander-cemig-e-mais-va\/#primaryimage\",\"url\":\"https:\/\/files.sunoresearch.com.br\/n\/uploads\/2022\/08\/ibovespa-1.jpg\",\"contentUrl\":\"https:\/\/files.sunoresearch.com.br\/n\/uploads\/2022\/08\/ibovespa-1.jpg\",\"width\":1200,\"height\":900,\"caption\":\"Mercado. Foto: Unsplash\"},{\"@type\":\"BreadcrumbList\",\"@id\":\"https:\/\/www.suno.com.br\/noticias\/destaques-santander-cemig-e-mais-va\/#breadcrumb\",\"itemListElement\":[{\"@type\":\"ListItem\",\"position\":1,\"name\":\"Not\u00edcias\",\"item\":\"https:\/\/www.suno.com.br\/noticias\/\"},{\"@type\":\"ListItem\",\"position\":2,\"name\":\"Mercado\",\"item\":\"https:\/\/www.suno.com.br\/noticias\/mercado\/\"},{\"@type\":\"ListItem\",\"position\":3,\"name\":\"Santander (SANB11), Cemig (CMIG4) e Americanas (AMRE3) est\u00e3o no foco do mercado nesta ter\u00e7a; veja destaques\"}]},{\"@type\":\"WebSite\",\"@id\":\"https:\/\/www.suno.com.br\/noticias\/#website\",\"url\":\"https:\/\/www.suno.com.br\/noticias\/\",\"name\":\"Suno Not\u00edcias\",\"description\":\"Seu portal de informa\u00e7\u00e3o sobre o mundo dos investimentos\",\"publisher\":{\"@id\":\"https:\/\/www.suno.com.br\/noticias\/#organization\"},\"potentialAction\":[{\"@type\":\"SearchAction\",\"target\":{\"@type\":\"EntryPoint\",\"urlTemplate\":\"https:\/\/www.suno.com.br\/noticias\/?s={search_term_string}\"},\"query-input\":{\"@type\":\"PropertyValueSpecification\",\"valueRequired\":true,\"valueName\":\"search_term_string\"}}],\"inLanguage\":\"pt-BR\"},{\"@type\":\"Organization\",\"@id\":\"https:\/\/www.suno.com.br\/noticias\/#organization\",\"name\":\"Suno Not\u00edcias\",\"url\":\"https:\/\/www.suno.com.br\/noticias\/\",\"logo\":{\"@type\":\"ImageObject\",\"inLanguage\":\"pt-BR\",\"@id\":\"https:\/\/www.suno.com.br\/noticias\/#\/schema\/logo\/image\/\",\"url\":\"https:\/\/files.sunoresearch.com.br\/n\/uploads\/2021\/09\/suno-logo.png\",\"contentUrl\":\"https:\/\/files.sunoresearch.com.br\/n\/uploads\/2021\/09\/suno-logo.png\",\"width\":180,\"height\":180,\"caption\":\"Suno Not\u00edcias\"},\"image\":{\"@id\":\"https:\/\/www.suno.com.br\/noticias\/#\/schema\/logo\/image\/\"},\"sameAs\":[\"https:\/\/facebook.com\/sunoresearch\",\"https:\/\/x.com\/sunoresearch\",\"https:\/\/www.instagram.com\/suno\",\"https:\/\/www.linkedin.com\/company\/suno-research\/\",\"https:\/\/www.youtube.com\/c\/sunoresearch\"]},{\"@type\":\"Person\",\"@id\":\"https:\/\/www.suno.com.br\/noticias\/#\/schema\/person\/4a180549702d0e236b3e420862bcded3\",\"name\":\"Vin\u00edcius Alves\",\"image\":{\"@type\":\"ImageObject\",\"inLanguage\":\"pt-BR\",\"@id\":\"https:\/\/www.suno.com.br\/noticias\/#\/schema\/person\/image\/\",\"url\":\"https:\/\/secure.gravatar.com\/avatar\/a95b7fe6d1b813f7907d4f476d5a39e1?s=96&r=g\",\"contentUrl\":\"https:\/\/secure.gravatar.com\/avatar\/a95b7fe6d1b813f7907d4f476d5a39e1?s=96&r=g\",\"caption\":\"Vin\u00edcius Alves\"},\"description\":\"Jornalista formado na Faculdade C\u00e1sper L\u00edbero. Com passagens pela Ag\u00eancia Estado, InfoMoney e Editora Globo.\",\"url\":\"https:\/\/www.suno.com.br\/noticias\/author\/vini08correiagmail-com\/\"}]}<\/script>\n<!-- \/ Yoast SEO plugin. -->","yoast_head_json":{"title":"Santander (SANB11) e Cemig (CMIG4) est\u00e3o no foco do mercado","description":"O an\u00fancio do Santander referente a ren\u00fancia de Elita Ariaz ao cargo de diretora vice-presidente executiva \u00e9 um dos destaques desta ter\u00e7a.","robots":{"index":"index","follow":"follow","max-snippet":"max-snippet:-1","max-image-preview":"max-image-preview:large","max-video-preview":"max-video-preview:-1"},"canonical":"https:\/\/www.suno.com.br\/noticias\/destaques-santander-cemig-e-mais-va\/","og_locale":"pt_BR","og_type":"article","og_title":"Santander (SANB11) e Cemig (CMIG4) est\u00e3o no foco do mercado","og_description":"O an\u00fancio do Santander referente a ren\u00fancia de Elita Ariaz ao cargo de diretora vice-presidente executiva \u00e9 um dos destaques desta ter\u00e7a.","og_url":"https:\/\/www.suno.com.br\/noticias\/destaques-santander-cemig-e-mais-va\/","og_site_name":"Suno Not\u00edcias","article_publisher":"https:\/\/facebook.com\/sunoresearch","og_image":[{"width":1200,"height":900,"url":"https:\/\/files.sunoresearch.com.br\/n\/uploads\/2022\/08\/ibovespa-1.jpg","type":"image\/jpeg"}],"author":"Vin\u00edcius Alves","twitter_card":"summary_large_image","twitter_creator":"@sunoresearch","twitter_site":"@sunoresearch","twitter_misc":{"Escrito por":"Vin\u00edcius Alves","Est. tempo de leitura":"4 minutos"},"schema":{"@context":"https:\/\/schema.org","@graph":[{"@type":"NewsArticle","@id":"https:\/\/www.suno.com.br\/noticias\/destaques-santander-cemig-e-mais-va\/#article","isPartOf":{"@id":"https:\/\/www.suno.com.br\/noticias\/destaques-santander-cemig-e-mais-va\/"},"author":{"name":"Vin\u00edcius Alves","@id":"https:\/\/www.suno.com.br\/noticias\/#\/schema\/person\/4a180549702d0e236b3e420862bcded3"},"headline":"Santander (SANB11), Cemig (CMIG4) e Americanas (AMRE3) est\u00e3o no foco do mercado nesta ter\u00e7a; veja destaques","datePublished":"2023-08-22T13:32:29+00:00","dateModified":"2023-08-22T13:32:36+00:00","mainEntityOfPage":{"@id":"https:\/\/www.suno.com.br\/noticias\/destaques-santander-cemig-e-mais-va\/"},"wordCount":661,"publisher":{"@id":"https:\/\/www.suno.com.br\/noticias\/#organization"},"image":{"@id":"https:\/\/www.suno.com.br\/noticias\/destaques-santander-cemig-e-mais-va\/#primaryimage"},"thumbnailUrl":"https:\/\/files.sunoresearch.com.br\/n\/uploads\/2022\/08\/ibovespa-1.jpg","keywords":["Americanas (AMER3)","CCR (CCRO3)","CEB (CEBR3\/CEBR5)","Isa CTEEP (TRPL4)","JBS (JBSS3)","Klabin (KLBN11\/KLBN3\/KLBN4)","Light (LIGT3)","Santander (SANB11\/SANB3\/SANB4)"],"articleSection":["Mercado"],"inLanguage":"pt-BR"},{"@type":"WebPage","@id":"https:\/\/www.suno.com.br\/noticias\/destaques-santander-cemig-e-mais-va\/","url":"https:\/\/www.suno.com.br\/noticias\/destaques-santander-cemig-e-mais-va\/","name":"Santander (SANB11) e Cemig (CMIG4) est\u00e3o no foco do mercado","isPartOf":{"@id":"https:\/\/www.suno.com.br\/noticias\/#website"},"primaryImageOfPage":{"@id":"https:\/\/www.suno.com.br\/noticias\/destaques-santander-cemig-e-mais-va\/#primaryimage"},"image":{"@id":"https:\/\/www.suno.com.br\/noticias\/destaques-santander-cemig-e-mais-va\/#primaryimage"},"thumbnailUrl":"https:\/\/files.sunoresearch.com.br\/n\/uploads\/2022\/08\/ibovespa-1.jpg","datePublished":"2023-08-22T13:32:29+00:00","dateModified":"2023-08-22T13:32:36+00:00","description":"O an\u00fancio do Santander referente a ren\u00fancia de Elita Ariaz ao cargo de diretora vice-presidente executiva \u00e9 um dos destaques desta ter\u00e7a.","breadcrumb":{"@id":"https:\/\/www.suno.com.br\/noticias\/destaques-santander-cemig-e-mais-va\/#breadcrumb"},"inLanguage":"pt-BR","potentialAction":[{"@type":"ReadAction","target":["https:\/\/www.suno.com.br\/noticias\/destaques-santander-cemig-e-mais-va\/"]}]},{"@type":"ImageObject","inLanguage":"pt-BR","@id":"https:\/\/www.suno.com.br\/noticias\/destaques-santander-cemig-e-mais-va\/#primaryimage","url":"https:\/\/files.sunoresearch.com.br\/n\/uploads\/2022\/08\/ibovespa-1.jpg","contentUrl":"https:\/\/files.sunoresearch.com.br\/n\/uploads\/2022\/08\/ibovespa-1.jpg","width":1200,"height":900,"caption":"Mercado. Foto: Unsplash"},{"@type":"BreadcrumbList","@id":"https:\/\/www.suno.com.br\/noticias\/destaques-santander-cemig-e-mais-va\/#breadcrumb","itemListElement":[{"@type":"ListItem","position":1,"name":"Not\u00edcias","item":"https:\/\/www.suno.com.br\/noticias\/"},{"@type":"ListItem","position":2,"name":"Mercado","item":"https:\/\/www.suno.com.br\/noticias\/mercado\/"},{"@type":"ListItem","position":3,"name":"Santander (SANB11), Cemig (CMIG4) e Americanas (AMRE3) est\u00e3o no foco do mercado nesta ter\u00e7a; veja destaques"}]},{"@type":"WebSite","@id":"https:\/\/www.suno.com.br\/noticias\/#website","url":"https:\/\/www.suno.com.br\/noticias\/","name":"Suno Not\u00edcias","description":"Seu portal de informa\u00e7\u00e3o sobre o mundo dos investimentos","publisher":{"@id":"https:\/\/www.suno.com.br\/noticias\/#organization"},"potentialAction":[{"@type":"SearchAction","target":{"@type":"EntryPoint","urlTemplate":"https:\/\/www.suno.com.br\/noticias\/?s={search_term_string}"},"query-input":{"@type":"PropertyValueSpecification","valueRequired":true,"valueName":"search_term_string"}}],"inLanguage":"pt-BR"},{"@type":"Organization","@id":"https:\/\/www.suno.com.br\/noticias\/#organization","name":"Suno Not\u00edcias","url":"https:\/\/www.suno.com.br\/noticias\/","logo":{"@type":"ImageObject","inLanguage":"pt-BR","@id":"https:\/\/www.suno.com.br\/noticias\/#\/schema\/logo\/image\/","url":"https:\/\/files.sunoresearch.com.br\/n\/uploads\/2021\/09\/suno-logo.png","contentUrl":"https:\/\/files.sunoresearch.com.br\/n\/uploads\/2021\/09\/suno-logo.png","width":180,"height":180,"caption":"Suno Not\u00edcias"},"image":{"@id":"https:\/\/www.suno.com.br\/noticias\/#\/schema\/logo\/image\/"},"sameAs":["https:\/\/facebook.com\/sunoresearch","https:\/\/x.com\/sunoresearch","https:\/\/www.instagram.com\/suno","https:\/\/www.linkedin.com\/company\/suno-research\/","https:\/\/www.youtube.com\/c\/sunoresearch"]},{"@type":"Person","@id":"https:\/\/www.suno.com.br\/noticias\/#\/schema\/person\/4a180549702d0e236b3e420862bcded3","name":"Vin\u00edcius Alves","image":{"@type":"ImageObject","inLanguage":"pt-BR","@id":"https:\/\/www.suno.com.br\/noticias\/#\/schema\/person\/image\/","url":"https:\/\/secure.gravatar.com\/avatar\/a95b7fe6d1b813f7907d4f476d5a39e1?s=96&r=g","contentUrl":"https:\/\/secure.gravatar.com\/avatar\/a95b7fe6d1b813f7907d4f476d5a39e1?s=96&r=g","caption":"Vin\u00edcius Alves"},"description":"Jornalista formado na Faculdade C\u00e1sper L\u00edbero. Com passagens pela Ag\u00eancia Estado, InfoMoney e Editora Globo.","url":"https:\/\/www.suno.com.br\/noticias\/author\/vini08correiagmail-com\/"}]}},"default_loop_html":"<div class=\"cardsPage__listCard__boxs\"><div class=\"cardsPage__listCard__boxs__img\"><a href=\"https:\/\/www.suno.com.br\/noticias\/destaques-santander-cemig-e-mais-va\/\"><img class=\"mask\" src=\"https:\/\/www.suno.com.br\/noticias\/wp-content\/themes\/suno\/resources\/images\/spotlight\/spotlight1img\/bg-mask.png\" alt=\"Image Mask\"\/><img src=\"https:\/\/files.sunoresearch.com.br\/n\/uploads\/2022\/08\/ibovespa-1-400x200.jpg\" alt=\"Santander (SANB11), Cemig (CMIG4) e Americanas (AMRE3) est\u00e3o no foco do mercado nesta ter\u00e7a; veja destaques\"\/><\/a><span class=\"spotlightCategory\"><a href=\"https:\/\/www.suno.com.br\/noticias\/mercado\/\">Mercado<\/a><\/span><\/div><div class=\"cardsPage__listCard__boxs__content\"><a href=\"https:\/\/www.suno.com.br\/noticias\/destaques-santander-cemig-e-mais-va\/\"><h2 class=\"content__title\">Santander (SANB11), Cemig (CMIG4) e Americanas (AMRE3) est\u00e3o no foco do mercado nesta ter\u00e7a; veja destaques<\/h2><\/a><div class=\"newsContent__article__meta\"><div class=\"newsContent__article__meta__authorBox\"><a href=\"https:\/\/www.suno.com.br\/noticias\/author\/vini08correiagmail-com\/\" class=\"authorBox__avatar noMobi\"><img src=\"https:\/\/files.sunoresearch.com.br\/n\/uploads\/2026\/04\/WhatsApp-Image-2026-04-20-at-19.35.48-150x150.webp\" alt=\"Vin\u00edcius Alves\"><\/a><div class=\"authorBox__name\"><span>por\n\t\t\t<a href=\"https:\/\/www.suno.com.br\/noticias\/author\/vini08correiagmail-com\/\"><span itemprop=\"author\">Vin\u00edcius Alves<\/span><\/a><\/span><time datetime=\"2023-08-22T10:32:29-03:00\" itemprop=\"datePublished\">22\/08\/2023 10:32<\/time><\/div><\/div><\/div><\/div><\/div>","single_layout":"posts","amp_enabled":true,"_links":{"self":[{"href":"https:\/\/www.suno.com.br\/noticias\/wp-json\/wp\/v2\/posts\/445695"}],"collection":[{"href":"https:\/\/www.suno.com.br\/noticias\/wp-json\/wp\/v2\/posts"}],"about":[{"href":"https:\/\/www.suno.com.br\/noticias\/wp-json\/wp\/v2\/types\/post"}],"author":[{"embeddable":true,"href":"https:\/\/www.suno.com.br\/noticias\/wp-json\/wp\/v2\/users\/301"}],"replies":[{"embeddable":true,"href":"https:\/\/www.suno.com.br\/noticias\/wp-json\/wp\/v2\/comments?post=445695"}],"version-history":[{"count":3,"href":"https:\/\/www.suno.com.br\/noticias\/wp-json\/wp\/v2\/posts\/445695\/revisions"}],"predecessor-version":[{"id":445734,"href":"https:\/\/www.suno.com.br\/noticias\/wp-json\/wp\/v2\/posts\/445695\/revisions\/445734"}],"wp:featuredmedia":[{"embeddable":true,"href":"https:\/\/www.suno.com.br\/noticias\/wp-json\/wp\/v2\/media\/291028"}],"wp:attachment":[{"href":"https:\/\/www.suno.com.br\/noticias\/wp-json\/wp\/v2\/media?parent=445695"}],"wp:term":[{"taxonomy":"category","embeddable":true,"href":"https:\/\/www.suno.com.br\/noticias\/wp-json\/wp\/v2\/categories?post=445695"},{"taxonomy":"post_tag","embeddable":true,"href":"https:\/\/www.suno.com.br\/noticias\/wp-json\/wp\/v2\/tags?post=445695"},{"taxonomy":"suno_strategy","embeddable":true,"href":"https:\/\/www.suno.com.br\/noticias\/wp-json\/wp\/v2\/suno_strategy?post=445695"}],"curies":[{"name":"wp","href":"https:\/\/api.w.org\/{rel}","templated":true}]}}