{"id":445622,"date":"2023-08-22T07:45:34","date_gmt":"2023-08-22T10:45:34","guid":{"rendered":"https:\/\/www.suno.com.br\/noticias\/?p=445622"},"modified":"2023-08-22T07:46:49","modified_gmt":"2023-08-22T10:46:49","slug":"cemig-cmig4-e-copasa-csmg-serao-privatizadas-gpj","status":"publish","type":"post","link":"https:\/\/www.suno.com.br\/noticias\/cemig-cmig4-e-copasa-csmg-serao-privatizadas-gpj\/","title":{"rendered":"Cemig (CMIG4) e Copasa (CSMG) ser\u00e3o privatizadas? Analistas comentam"},"content":{"rendered":"<p>O governado do Estado de Minas Gerais protocolou na Assembleia Legislativa do Estado (ALMG) uma Proposta de Emenda \u00e0 Constitui\u00e7\u00e3o (PEC) que traz mais agilidade para que empresas controladas direta ou indiretamente pelo governo mineiro, como <strong>Cemig\u00a0<\/strong>(<a href=\"https:\/\/www.suno.com.br\/acoes\/cmig4\/\" target=\"_blank\" rel=\"noreferrer noopener\">CMIG4<\/a>) e Copasa (CSMG), possam ser desestatizadas.<\/p>\t<div class=\"wrapper-featured-image\">\n\t\t<figure class=\"spotlightImg\">\n\n\t\t\t<picture>\n\t\t\t\t<source media=\"(max-width: 768px)\" srcset=\"https:\/\/files.sunoresearch.com.br\/n\/uploads\/2021\/03\/6a2ac1be-cemig-1-400x200.webp\">\n\t\t\t\t<img loading=\"lazy\" decoding=\"async\" class=\"newsContent__article__imgCapa lazyloadDisabled \" src=\"https:\/\/files.sunoresearch.com.br\/n\/uploads\/2021\/03\/6a2ac1be-cemig-1-800x450.webp\" width=\"800\" height=\"450\" alt=\"Cemig (CMIG4) e Copasa (CSMG) ser\u00e3o privatizadas? Analistas comentam\" fetchpriority=high \/>\n\t\t\t<\/picture>\n\n\t\t\t<figcaption class=\"wp-caption-text wp-caption-text--show\">Cemig (CMIG4). Foto: Divulga\u00e7\u00e3o<\/figcaption>\n\t\t<\/figure>\n\t<\/div>\n\n\n\n\n\n\n\n\t<p>\n\t\t<a href=\"\" target=\"_blank\" data-element=\"shortcode-suno-banner\" title=\"Banner SUNO, clique e saiba mais\">\n\t\t\t<picture>\n\t\t\t\t<source media=\"(max-width: 500px)\" srcset=\"\">\n\t\t\t\t<img class=\"newsContent__article__imgCapa newsContent__article__imgCapa--banner\"\n\t\t\t\t\tsrc=\"\"\n\t\t\t\t\tdata-promo-id=\"287935\"\t\t\t\t\t\t\t\t\t\t\t\t\t\t\talt=\"\"\n\t\t\t\t>\n\t\t\t<\/picture>\n\t\t<\/a>\n\t<\/p>\n\n\n\n\n\n<p>A PEC, que passar\u00e1 por an\u00e1lise do <strong>poder legislativo<\/strong>, simplifica os processos de venda de <strong>empresas estatais<\/strong>. Al\u00e9m disso, retoma a necessidade de qu\u00f3rum simples para <strong>aprova\u00e7\u00e3o de lei<\/strong> que autoriza altera\u00e7\u00e3o em estrutura societ\u00e1ria ou cis\u00e3o de <a href=\"https:\/\/www.suno.com.br\/artigos\/sociedade-de-economia-mista\/\">sociedade de economia mista<\/a> e de <strong>empresa p\u00fablica.<\/strong><\/p>\n\n\n\n<p>Hoje, \u00e9 necess\u00e1rio que tr\u00eas quintos dos deputados votem a favor das altera\u00e7\u00f5es. <\/p>\n\n\n\n<p>A PEC desobriga o Estado de realizar consulta \u00e0 popula\u00e7\u00e3o (referendo), relacionada \u00e0s desestatiza\u00e7\u00f5es, e estabelece que essas privatiza\u00e7\u00f5es exigiriam uma vota\u00e7\u00e3o de 50% +1 na ALMG para serem aprovadas (atualmente, 60%).<\/p>\n\n\n\n<p>Atualmente, a constitui\u00e7\u00e3o estadual exige um referendo p\u00fablico para aprovar a privatiza\u00e7\u00e3o dos servi\u00e7os de \u00e1gua <strong>(Copasa)<\/strong>, energia (Cemig) e g\u00e1s <strong>(Gasmig)<\/strong>.<\/p>\n\n\n\n<p>Em comunicado \u00e0 imprensa, o Estado de Minas Gerais informou que enviar\u00e1 as propostas de privatiza\u00e7\u00e3o para a aprova\u00e7\u00e3o da Assembleia assim que seus estudos de viabilidade forem conclu\u00eddos. A entidade tamb\u00e9m declarou que pretende concluir as privatiza\u00e7\u00f5es antes de 2026, quando termina o mandato do atual governador.<\/p>\n\n\n\n<p>Segundo os analistas Vladimir Pinto e Ma\u00edra Maldonado, da XP, a not\u00edcia \u00e9 positiva tanto para a Cemig quanto para a Copasa, sendo o primeiro passo no longo caminho da privatiza\u00e7\u00e3o.<\/p>\n\n\n\n<p>&#8220;Acreditamos que o <strong>Governo do Estado de Minas Gerais<\/strong> s\u00f3 enviaria tal proposta se acreditasse que a chance de aprova\u00e7\u00e3o \u00e9 alta. A decis\u00e3o de postergar a privatiza\u00e7\u00e3o tamb\u00e9m parece sensata, pois acreditamos que h\u00e1 diferentes resist\u00eancias pol\u00edticas \u00e0 privatiza\u00e7\u00e3o de cada empresa (Copasa e Gasmig menos do que a Cemig)&#8221;, afirmaram.<\/p>\n\n\n\n<p>No entanto, diz a casa, h\u00e1 v\u00e1rias quest\u00f5es a serem definidas e obst\u00e1culos a serem superados, o que explica o cronograma &#8220;conservador&#8221; apresentado no comunicado, como:<\/p>\n\n\n\n<ul class=\"wp-block-list\">\n<li>A aprova\u00e7\u00e3o das privatiza\u00e7\u00f5es de cada empresa na ALMG; <\/li>\n\n\n\n<li>A defini\u00e7\u00e3o do modelo regulat\u00f3rio da Copasa; <\/li>\n\n\n\n<li>O modelo de privatiza\u00e7\u00e3o a ser escolhido (venda de todas as a\u00e7\u00f5es, capitaliza\u00e7\u00e3o + venda secund\u00e1ria, etc.); <\/li>\n\n\n\n<li>A situa\u00e7\u00e3o da Gasmig (vendida junto com a Cemig ou separadamente).<\/li>\n<\/ul>\n\n\n\t<p>\n\t\t<a href=\"https:\/\/lp.suno.com.br\/plataforma-de-controle-de-investimentos\/\" target=\"_blank\" data-element=\"shortcode-suno-banner\" title=\"Banner SUNO, clique e saiba mais\">\n\t\t\t<picture>\n\t\t\t\t<source media=\"(max-width: 500px)\" srcset=\"https:\/\/files.sunoresearch.com.br\/n\/uploads\/2023\/03\/400x300-Controle-de-Investimentos.png\">\n\t\t\t\t<img class=\"newsContent__article__imgCapa newsContent__article__imgCapa--banner\"\n\t\t\t\t\tsrc=\"https:\/\/files.sunoresearch.com.br\/n\/uploads\/2023\/03\/1420x240-Controle-de-Investimentos.png\"\n\t\t\t\t\tdata-promo-id=\"383162\"\t\t\t\t\t\t\t\t\t\twidth='1420' height='240'\t\t\t\t\talt=\"https:\/\/files.sunoresearch.com.br\/n\/uploads\/2023\/03\/1420x240-Controle-de-Investimentos.png\"\n\t\t\t\t>\n\t\t\t<\/picture>\n\t\t<\/a>\n\t<\/p>\n\n\n\n\n\n<h2 class=\"wp-block-heading\">Cemig: lucro l\u00edquido recorrente chega a R$ 1,21 bilh\u00e3o no segundo trimestre, alta de 6,6% em um ano<\/h2>\n\n\n\n<p>A\u00a0Cemig<strong>\u00a0<\/strong>registrou um\u00a0<a href=\"https:\/\/www.suno.com.br\/artigos\/lucro-liquido\/\" target=\"_blank\" rel=\"noreferrer noopener\">lucro l\u00edquido<\/a>\u00a0recorrente de R$ 1,214 bilh\u00e3o no segundo trimestre de 2023, alta de 6,6% em rela\u00e7\u00e3o ao reportado em igual etapa do ano anterior. <\/p>\n\n\n\n<p>A&nbsp;<strong>Cemig no 2T23<\/strong>&nbsp;tamb\u00e9m mostrou Lucro Antes de Juros, Impostos,&nbsp;<a href=\"https:\/\/www.suno.com.br\/artigos\/depreciacao-amortizacao\/\" target=\"_blank\" rel=\"noreferrer noopener\">Deprecia\u00e7\u00e3o e Amortiza\u00e7\u00e3o<\/a>&nbsp;(Ebitda) ajustado de R$ 1,88 bilh\u00e3o, representando um crescimento de 3,8% no comparativo com igual etapa do ano anterior.<\/p>\n\n\n\n<p>J\u00e1 a\u00a0<a href=\"https:\/\/www.suno.com.br\/artigos\/o-que-receita-liquida\/\" target=\"_blank\" rel=\"noreferrer noopener\">receita l\u00edquida<\/a>\u00a0da companhia foi de R$ 8,82 bilh\u00f5es, representando uma alta de 7,4% no comparativo com igual intervalo do ano anterior.<\/p>\n\n\n\n<h2 class=\"wp-block-heading\">Operacional da Cemig no 2T23<\/h2>\n\n\n\n<p>Nos dados operacionais, o&nbsp;<strong>resultado da Cemig<\/strong>&nbsp;mostrou que a receita com fornecimento bruto de energia somou R$ 7,528 bilh\u00f5es no 2T23, uma queda de 4% em rela\u00e7\u00e3o ao mesmo per\u00edodo do ano anterior.<\/p>\n\n\n\n<p>O fornecimento bruto de energia totalizou 15.672.965 megawatts-hora (MWh), implicando em uma alta de 2,89% em rela\u00e7\u00e3o ao mesmo per\u00edodo do ano passado.<\/p>\n\n\n\n<p>Al\u00e9m disso, o fornecimento bruto de energia el\u00e9trica pela classe residencial na \u00e1rea de concess\u00e3o da Cemig foi de 2.944.206 MWh.<\/p>\n\n\n\n<p>No segmento industrial da&nbsp;<strong>Cemig<\/strong>, foi de 4.595.472 MWh, ao passo que no segmento de Com\u00e9rcio e Servi\u00e7o foi de 2.424.104 Mwh.<\/p>\n\n\n\t<p>\n\t\t<a href=\"https:\/\/lp.suno.com.br\/ebook-como-analisar-uma-acao\/\" target=\"_blank\" data-element=\"shortcode-suno-banner\" title=\"Banner SUNO, clique e saiba mais\">\n\t\t\t<picture>\n\t\t\t\t<source media=\"(max-width: 500px)\" srcset=\"https:\/\/files.sunoresearch.com.br\/n\/uploads\/2023\/03\/Ebook-Acoes-Mobile.jpg\">\n\t\t\t\t<img class=\"newsContent__article__imgCapa newsContent__article__imgCapa--banner\"\n\t\t\t\t\tsrc=\"https:\/\/files.sunoresearch.com.br\/n\/uploads\/2023\/03\/Ebook-Acoes-Desktop.jpg\"\n\t\t\t\t\tdata-promo-id=\"378302\"\t\t\t\t\t\t\t\t\t\twidth='1420' height='286'\t\t\t\t\talt=\"https:\/\/files.sunoresearch.com.br\/n\/uploads\/2023\/03\/Ebook-Acoes-Desktop.jpg\"\n\t\t\t\t>\n\t\t\t<\/picture>\n\t\t<\/a>\n\t<\/p>\n\n\n","protected":false},"excerpt":{"rendered":"<p>O governado do Estado de Minas Gerais protocolou na Assembleia Legislativa do Estado (ALMG) uma Proposta de Emenda \u00e0 Constitui\u00e7\u00e3o (PEC) que traz mais agilidade para que empresas controladas direta ou indiretamente pelo governo mineiro, como Cemig\u00a0(CMIG4) e Copasa (CSMG), possam ser desestatizadas. Cemig (CMIG4). Foto: Divulga\u00e7\u00e3o A PEC, que passar\u00e1 por an\u00e1lise do poder [&hellip;]<\/p>\n","protected":false},"author":313,"featured_media":130214,"comment_status":"closed","ping_status":"closed","sticky":false,"template":"","format":"standard","meta":[],"categories":[64],"tags":[420,430],"suno_strategy":[],"class_list":["post-445622","post","type-post","status-publish","format-standard","has-post-thumbnail","hentry","category-negocios","tag-cemig-cmig3-cmig4","tag-copasa-csmg3"],"yoast_head":"<!-- This site is optimized with the Yoast SEO plugin v24.4 - https:\/\/yoast.com\/wordpress\/plugins\/seo\/ -->\n<title>Cemig (CMIG4) e Copasa (CSMG) ser\u00e3o privatizadas?<\/title>\n<meta name=\"description\" content=\"O governado de MG protocolou na ALMG uma PEC facilitando que empresas como Cemig (CMIG4) e Copasa (CSMG) possam ser desestatizadas.\" \/>\n<meta name=\"robots\" content=\"index, follow, max-snippet:-1, max-image-preview:large, max-video-preview:-1\" \/>\n<link rel=\"canonical\" href=\"https:\/\/www.suno.com.br\/noticias\/cemig-cmig4-e-copasa-csmg-serao-privatizadas-gpj\/\" \/>\n<meta property=\"og:locale\" content=\"pt_BR\" \/>\n<meta property=\"og:type\" content=\"article\" \/>\n<meta property=\"og:title\" content=\"Cemig (CMIG4) e Copasa (CSMG) ser\u00e3o privatizadas?\" \/>\n<meta property=\"og:description\" content=\"O governado de MG protocolou na ALMG uma PEC facilitando que empresas como Cemig (CMIG4) e Copasa (CSMG) possam ser desestatizadas.\" \/>\n<meta property=\"og:url\" content=\"https:\/\/www.suno.com.br\/noticias\/cemig-cmig4-e-copasa-csmg-serao-privatizadas-gpj\/\" \/>\n<meta property=\"og:site_name\" content=\"Suno Not\u00edcias\" \/>\n<meta property=\"article:publisher\" content=\"https:\/\/facebook.com\/sunoresearch\" \/>\n<meta property=\"og:image\" content=\"https:\/\/files.sunoresearch.com.br\/n\/uploads\/2021\/03\/6a2ac1be-cemig-1.jpg\" \/>\n\t<meta property=\"og:image:width\" content=\"1200\" \/>\n\t<meta property=\"og:image:height\" content=\"872\" \/>\n\t<meta property=\"og:image:type\" content=\"image\/jpeg\" \/>\n<meta name=\"author\" content=\"Giovanni Porf\u00edrio Jacomino\" \/>\n<meta name=\"twitter:card\" content=\"summary_large_image\" \/>\n<meta name=\"twitter:creator\" content=\"@sunoresearch\" \/>\n<meta name=\"twitter:site\" content=\"@sunoresearch\" \/>\n<meta name=\"twitter:label1\" content=\"Escrito por\" \/>\n\t<meta name=\"twitter:data1\" content=\"Giovanni Porf\u00edrio Jacomino\" \/>\n\t<meta name=\"twitter:label2\" content=\"Est. tempo de leitura\" \/>\n\t<meta name=\"twitter:data2\" content=\"4 minutos\" \/>\n<script type=\"application\/ld+json\" class=\"yoast-schema-graph\">{\"@context\":\"https:\/\/schema.org\",\"@graph\":[{\"@type\":\"NewsArticle\",\"@id\":\"https:\/\/www.suno.com.br\/noticias\/cemig-cmig4-e-copasa-csmg-serao-privatizadas-gpj\/#article\",\"isPartOf\":{\"@id\":\"https:\/\/www.suno.com.br\/noticias\/cemig-cmig4-e-copasa-csmg-serao-privatizadas-gpj\/\"},\"author\":{\"name\":\"Giovanni Porf\u00edrio Jacomino\",\"@id\":\"https:\/\/www.suno.com.br\/noticias\/#\/schema\/person\/d0f32748bbca4bee871fa191ee4e2d40\"},\"headline\":\"Cemig (CMIG4) e Copasa (CSMG) ser\u00e3o privatizadas? Analistas comentam\",\"datePublished\":\"2023-08-22T10:45:34+00:00\",\"dateModified\":\"2023-08-22T10:46:49+00:00\",\"mainEntityOfPage\":{\"@id\":\"https:\/\/www.suno.com.br\/noticias\/cemig-cmig4-e-copasa-csmg-serao-privatizadas-gpj\/\"},\"wordCount\":634,\"publisher\":{\"@id\":\"https:\/\/www.suno.com.br\/noticias\/#organization\"},\"image\":{\"@id\":\"https:\/\/www.suno.com.br\/noticias\/cemig-cmig4-e-copasa-csmg-serao-privatizadas-gpj\/#primaryimage\"},\"thumbnailUrl\":\"https:\/\/files.sunoresearch.com.br\/n\/uploads\/2021\/03\/6a2ac1be-cemig-1-jpg.webp\",\"keywords\":[\"Cemig (CMIG3\/CMIG4)\",\"Copasa (CSMG3)\"],\"articleSection\":[\"Neg\u00f3cios\"],\"inLanguage\":\"pt-BR\"},{\"@type\":\"WebPage\",\"@id\":\"https:\/\/www.suno.com.br\/noticias\/cemig-cmig4-e-copasa-csmg-serao-privatizadas-gpj\/\",\"url\":\"https:\/\/www.suno.com.br\/noticias\/cemig-cmig4-e-copasa-csmg-serao-privatizadas-gpj\/\",\"name\":\"Cemig (CMIG4) e Copasa (CSMG) ser\u00e3o privatizadas?\",\"isPartOf\":{\"@id\":\"https:\/\/www.suno.com.br\/noticias\/#website\"},\"primaryImageOfPage\":{\"@id\":\"https:\/\/www.suno.com.br\/noticias\/cemig-cmig4-e-copasa-csmg-serao-privatizadas-gpj\/#primaryimage\"},\"image\":{\"@id\":\"https:\/\/www.suno.com.br\/noticias\/cemig-cmig4-e-copasa-csmg-serao-privatizadas-gpj\/#primaryimage\"},\"thumbnailUrl\":\"https:\/\/files.sunoresearch.com.br\/n\/uploads\/2021\/03\/6a2ac1be-cemig-1-jpg.webp\",\"datePublished\":\"2023-08-22T10:45:34+00:00\",\"dateModified\":\"2023-08-22T10:46:49+00:00\",\"description\":\"O governado de MG protocolou na ALMG uma PEC facilitando que empresas como Cemig (CMIG4) e Copasa (CSMG) possam ser desestatizadas.\",\"breadcrumb\":{\"@id\":\"https:\/\/www.suno.com.br\/noticias\/cemig-cmig4-e-copasa-csmg-serao-privatizadas-gpj\/#breadcrumb\"},\"inLanguage\":\"pt-BR\",\"potentialAction\":[{\"@type\":\"ReadAction\",\"target\":[\"https:\/\/www.suno.com.br\/noticias\/cemig-cmig4-e-copasa-csmg-serao-privatizadas-gpj\/\"]}]},{\"@type\":\"ImageObject\",\"inLanguage\":\"pt-BR\",\"@id\":\"https:\/\/www.suno.com.br\/noticias\/cemig-cmig4-e-copasa-csmg-serao-privatizadas-gpj\/#primaryimage\",\"url\":\"https:\/\/files.sunoresearch.com.br\/n\/uploads\/2021\/03\/6a2ac1be-cemig-1-jpg.webp\",\"contentUrl\":\"https:\/\/files.sunoresearch.com.br\/n\/uploads\/2021\/03\/6a2ac1be-cemig-1-jpg.webp\",\"width\":1200,\"height\":872,\"caption\":\"Cemig (CMIG4). Foto: Divulga\u00e7\u00e3o\"},{\"@type\":\"BreadcrumbList\",\"@id\":\"https:\/\/www.suno.com.br\/noticias\/cemig-cmig4-e-copasa-csmg-serao-privatizadas-gpj\/#breadcrumb\",\"itemListElement\":[{\"@type\":\"ListItem\",\"position\":1,\"name\":\"Not\u00edcias\",\"item\":\"https:\/\/www.suno.com.br\/noticias\/\"},{\"@type\":\"ListItem\",\"position\":2,\"name\":\"Neg\u00f3cios\",\"item\":\"https:\/\/www.suno.com.br\/noticias\/negocios\/\"},{\"@type\":\"ListItem\",\"position\":3,\"name\":\"Cemig (CMIG4) e Copasa (CSMG) ser\u00e3o privatizadas? Analistas comentam\"}]},{\"@type\":\"WebSite\",\"@id\":\"https:\/\/www.suno.com.br\/noticias\/#website\",\"url\":\"https:\/\/www.suno.com.br\/noticias\/\",\"name\":\"Suno Not\u00edcias\",\"description\":\"Seu portal de informa\u00e7\u00e3o sobre o mundo dos investimentos\",\"publisher\":{\"@id\":\"https:\/\/www.suno.com.br\/noticias\/#organization\"},\"potentialAction\":[{\"@type\":\"SearchAction\",\"target\":{\"@type\":\"EntryPoint\",\"urlTemplate\":\"https:\/\/www.suno.com.br\/noticias\/?s={search_term_string}\"},\"query-input\":{\"@type\":\"PropertyValueSpecification\",\"valueRequired\":true,\"valueName\":\"search_term_string\"}}],\"inLanguage\":\"pt-BR\"},{\"@type\":\"Organization\",\"@id\":\"https:\/\/www.suno.com.br\/noticias\/#organization\",\"name\":\"Suno Not\u00edcias\",\"url\":\"https:\/\/www.suno.com.br\/noticias\/\",\"logo\":{\"@type\":\"ImageObject\",\"inLanguage\":\"pt-BR\",\"@id\":\"https:\/\/www.suno.com.br\/noticias\/#\/schema\/logo\/image\/\",\"url\":\"https:\/\/files.sunoresearch.com.br\/n\/uploads\/2021\/09\/suno-logo.png\",\"contentUrl\":\"https:\/\/files.sunoresearch.com.br\/n\/uploads\/2021\/09\/suno-logo.png\",\"width\":180,\"height\":180,\"caption\":\"Suno Not\u00edcias\"},\"image\":{\"@id\":\"https:\/\/www.suno.com.br\/noticias\/#\/schema\/logo\/image\/\"},\"sameAs\":[\"https:\/\/facebook.com\/sunoresearch\",\"https:\/\/x.com\/sunoresearch\",\"https:\/\/www.instagram.com\/suno\",\"https:\/\/www.linkedin.com\/company\/suno-research\/\",\"https:\/\/www.youtube.com\/c\/sunoresearch\"]},{\"@type\":\"Person\",\"@id\":\"https:\/\/www.suno.com.br\/noticias\/#\/schema\/person\/d0f32748bbca4bee871fa191ee4e2d40\",\"name\":\"Giovanni Porf\u00edrio Jacomino\",\"image\":{\"@type\":\"ImageObject\",\"inLanguage\":\"pt-BR\",\"@id\":\"https:\/\/www.suno.com.br\/noticias\/#\/schema\/person\/image\/\",\"url\":\"https:\/\/secure.gravatar.com\/avatar\/efb32e19b730a121cb7a80f41ffec01a?s=96&r=g\",\"contentUrl\":\"https:\/\/secure.gravatar.com\/avatar\/efb32e19b730a121cb7a80f41ffec01a?s=96&r=g\",\"caption\":\"Giovanni Porf\u00edrio Jacomino\"},\"description\":\"Giovanni Porf\u00edrio Jacomino \u00e9 jornalista formado pela Universidade Estadual de Londrina (UEL) e p\u00f3s-graduado em Produ\u00e7\u00e3o e Pr\u00e1ticas Jornal\u00edsticas na Contemporaneidade na Faculdade C\u00e1sper L\u00edbero (FCL). Foi editor web no Startupi e no Finsiders, atuando ainda como editor no TC Mover, portal de not\u00edcias da TradersClub, fazendo a cobertura de assuntos relacionados ao mercado financeiro interno e externo. Atualmente, \u00e9 Rep\u00f3rter do Suno Not\u00edcias.\",\"url\":\"https:\/\/www.suno.com.br\/noticias\/author\/giovanni-porfiriosuno-com-br\/\"}]}<\/script>\n<!-- \/ Yoast SEO plugin. -->","yoast_head_json":{"title":"Cemig (CMIG4) e Copasa (CSMG) ser\u00e3o privatizadas?","description":"O governado de MG protocolou na ALMG uma PEC facilitando que empresas como Cemig (CMIG4) e Copasa (CSMG) possam ser desestatizadas.","robots":{"index":"index","follow":"follow","max-snippet":"max-snippet:-1","max-image-preview":"max-image-preview:large","max-video-preview":"max-video-preview:-1"},"canonical":"https:\/\/www.suno.com.br\/noticias\/cemig-cmig4-e-copasa-csmg-serao-privatizadas-gpj\/","og_locale":"pt_BR","og_type":"article","og_title":"Cemig (CMIG4) e Copasa (CSMG) ser\u00e3o privatizadas?","og_description":"O governado de MG protocolou na ALMG uma PEC facilitando que empresas como Cemig (CMIG4) e Copasa (CSMG) possam ser desestatizadas.","og_url":"https:\/\/www.suno.com.br\/noticias\/cemig-cmig4-e-copasa-csmg-serao-privatizadas-gpj\/","og_site_name":"Suno Not\u00edcias","article_publisher":"https:\/\/facebook.com\/sunoresearch","og_image":[{"width":1200,"height":872,"url":"https:\/\/files.sunoresearch.com.br\/n\/uploads\/2021\/03\/6a2ac1be-cemig-1.jpg","type":"image\/jpeg"}],"author":"Giovanni Porf\u00edrio Jacomino","twitter_card":"summary_large_image","twitter_creator":"@sunoresearch","twitter_site":"@sunoresearch","twitter_misc":{"Escrito por":"Giovanni Porf\u00edrio Jacomino","Est. tempo de leitura":"4 minutos"},"schema":{"@context":"https:\/\/schema.org","@graph":[{"@type":"NewsArticle","@id":"https:\/\/www.suno.com.br\/noticias\/cemig-cmig4-e-copasa-csmg-serao-privatizadas-gpj\/#article","isPartOf":{"@id":"https:\/\/www.suno.com.br\/noticias\/cemig-cmig4-e-copasa-csmg-serao-privatizadas-gpj\/"},"author":{"name":"Giovanni Porf\u00edrio Jacomino","@id":"https:\/\/www.suno.com.br\/noticias\/#\/schema\/person\/d0f32748bbca4bee871fa191ee4e2d40"},"headline":"Cemig (CMIG4) e Copasa (CSMG) ser\u00e3o privatizadas? Analistas comentam","datePublished":"2023-08-22T10:45:34+00:00","dateModified":"2023-08-22T10:46:49+00:00","mainEntityOfPage":{"@id":"https:\/\/www.suno.com.br\/noticias\/cemig-cmig4-e-copasa-csmg-serao-privatizadas-gpj\/"},"wordCount":634,"publisher":{"@id":"https:\/\/www.suno.com.br\/noticias\/#organization"},"image":{"@id":"https:\/\/www.suno.com.br\/noticias\/cemig-cmig4-e-copasa-csmg-serao-privatizadas-gpj\/#primaryimage"},"thumbnailUrl":"https:\/\/files.sunoresearch.com.br\/n\/uploads\/2021\/03\/6a2ac1be-cemig-1-jpg.webp","keywords":["Cemig (CMIG3\/CMIG4)","Copasa (CSMG3)"],"articleSection":["Neg\u00f3cios"],"inLanguage":"pt-BR"},{"@type":"WebPage","@id":"https:\/\/www.suno.com.br\/noticias\/cemig-cmig4-e-copasa-csmg-serao-privatizadas-gpj\/","url":"https:\/\/www.suno.com.br\/noticias\/cemig-cmig4-e-copasa-csmg-serao-privatizadas-gpj\/","name":"Cemig (CMIG4) e Copasa (CSMG) ser\u00e3o privatizadas?","isPartOf":{"@id":"https:\/\/www.suno.com.br\/noticias\/#website"},"primaryImageOfPage":{"@id":"https:\/\/www.suno.com.br\/noticias\/cemig-cmig4-e-copasa-csmg-serao-privatizadas-gpj\/#primaryimage"},"image":{"@id":"https:\/\/www.suno.com.br\/noticias\/cemig-cmig4-e-copasa-csmg-serao-privatizadas-gpj\/#primaryimage"},"thumbnailUrl":"https:\/\/files.sunoresearch.com.br\/n\/uploads\/2021\/03\/6a2ac1be-cemig-1-jpg.webp","datePublished":"2023-08-22T10:45:34+00:00","dateModified":"2023-08-22T10:46:49+00:00","description":"O governado de MG protocolou na ALMG uma PEC facilitando que empresas como Cemig (CMIG4) e Copasa (CSMG) possam ser desestatizadas.","breadcrumb":{"@id":"https:\/\/www.suno.com.br\/noticias\/cemig-cmig4-e-copasa-csmg-serao-privatizadas-gpj\/#breadcrumb"},"inLanguage":"pt-BR","potentialAction":[{"@type":"ReadAction","target":["https:\/\/www.suno.com.br\/noticias\/cemig-cmig4-e-copasa-csmg-serao-privatizadas-gpj\/"]}]},{"@type":"ImageObject","inLanguage":"pt-BR","@id":"https:\/\/www.suno.com.br\/noticias\/cemig-cmig4-e-copasa-csmg-serao-privatizadas-gpj\/#primaryimage","url":"https:\/\/files.sunoresearch.com.br\/n\/uploads\/2021\/03\/6a2ac1be-cemig-1-jpg.webp","contentUrl":"https:\/\/files.sunoresearch.com.br\/n\/uploads\/2021\/03\/6a2ac1be-cemig-1-jpg.webp","width":1200,"height":872,"caption":"Cemig (CMIG4). Foto: Divulga\u00e7\u00e3o"},{"@type":"BreadcrumbList","@id":"https:\/\/www.suno.com.br\/noticias\/cemig-cmig4-e-copasa-csmg-serao-privatizadas-gpj\/#breadcrumb","itemListElement":[{"@type":"ListItem","position":1,"name":"Not\u00edcias","item":"https:\/\/www.suno.com.br\/noticias\/"},{"@type":"ListItem","position":2,"name":"Neg\u00f3cios","item":"https:\/\/www.suno.com.br\/noticias\/negocios\/"},{"@type":"ListItem","position":3,"name":"Cemig (CMIG4) e Copasa (CSMG) ser\u00e3o privatizadas? Analistas comentam"}]},{"@type":"WebSite","@id":"https:\/\/www.suno.com.br\/noticias\/#website","url":"https:\/\/www.suno.com.br\/noticias\/","name":"Suno Not\u00edcias","description":"Seu portal de informa\u00e7\u00e3o sobre o mundo dos investimentos","publisher":{"@id":"https:\/\/www.suno.com.br\/noticias\/#organization"},"potentialAction":[{"@type":"SearchAction","target":{"@type":"EntryPoint","urlTemplate":"https:\/\/www.suno.com.br\/noticias\/?s={search_term_string}"},"query-input":{"@type":"PropertyValueSpecification","valueRequired":true,"valueName":"search_term_string"}}],"inLanguage":"pt-BR"},{"@type":"Organization","@id":"https:\/\/www.suno.com.br\/noticias\/#organization","name":"Suno Not\u00edcias","url":"https:\/\/www.suno.com.br\/noticias\/","logo":{"@type":"ImageObject","inLanguage":"pt-BR","@id":"https:\/\/www.suno.com.br\/noticias\/#\/schema\/logo\/image\/","url":"https:\/\/files.sunoresearch.com.br\/n\/uploads\/2021\/09\/suno-logo.png","contentUrl":"https:\/\/files.sunoresearch.com.br\/n\/uploads\/2021\/09\/suno-logo.png","width":180,"height":180,"caption":"Suno Not\u00edcias"},"image":{"@id":"https:\/\/www.suno.com.br\/noticias\/#\/schema\/logo\/image\/"},"sameAs":["https:\/\/facebook.com\/sunoresearch","https:\/\/x.com\/sunoresearch","https:\/\/www.instagram.com\/suno","https:\/\/www.linkedin.com\/company\/suno-research\/","https:\/\/www.youtube.com\/c\/sunoresearch"]},{"@type":"Person","@id":"https:\/\/www.suno.com.br\/noticias\/#\/schema\/person\/d0f32748bbca4bee871fa191ee4e2d40","name":"Giovanni Porf\u00edrio Jacomino","image":{"@type":"ImageObject","inLanguage":"pt-BR","@id":"https:\/\/www.suno.com.br\/noticias\/#\/schema\/person\/image\/","url":"https:\/\/secure.gravatar.com\/avatar\/efb32e19b730a121cb7a80f41ffec01a?s=96&r=g","contentUrl":"https:\/\/secure.gravatar.com\/avatar\/efb32e19b730a121cb7a80f41ffec01a?s=96&r=g","caption":"Giovanni Porf\u00edrio Jacomino"},"description":"Giovanni Porf\u00edrio Jacomino \u00e9 jornalista formado pela Universidade Estadual de Londrina (UEL) e p\u00f3s-graduado em Produ\u00e7\u00e3o e Pr\u00e1ticas Jornal\u00edsticas na Contemporaneidade na Faculdade C\u00e1sper L\u00edbero (FCL). Foi editor web no Startupi e no Finsiders, atuando ainda como editor no TC Mover, portal de not\u00edcias da TradersClub, fazendo a cobertura de assuntos relacionados ao mercado financeiro interno e externo. Atualmente, \u00e9 Rep\u00f3rter do Suno Not\u00edcias.","url":"https:\/\/www.suno.com.br\/noticias\/author\/giovanni-porfiriosuno-com-br\/"}]}},"default_loop_html":"<div class=\"cardsPage__listCard__boxs\"><div class=\"cardsPage__listCard__boxs__img\"><a href=\"https:\/\/www.suno.com.br\/noticias\/cemig-cmig4-e-copasa-csmg-serao-privatizadas-gpj\/\"><img class=\"mask\" src=\"https:\/\/www.suno.com.br\/noticias\/wp-content\/themes\/suno\/resources\/images\/spotlight\/spotlight1img\/bg-mask.png\" alt=\"Image Mask\"\/><img src=\"https:\/\/files.sunoresearch.com.br\/n\/uploads\/2021\/03\/6a2ac1be-cemig-1-400x200.webp\" alt=\"Cemig (CMIG4) e Copasa (CSMG) ser\u00e3o privatizadas? Analistas comentam\"\/><\/a><span class=\"spotlightCategory\"><a href=\"https:\/\/www.suno.com.br\/noticias\/negocios\/\">Neg\u00f3cios<\/a><\/span><\/div><div class=\"cardsPage__listCard__boxs__content\"><a href=\"https:\/\/www.suno.com.br\/noticias\/cemig-cmig4-e-copasa-csmg-serao-privatizadas-gpj\/\"><h2 class=\"content__title\">Cemig (CMIG4) e Copasa (CSMG) ser\u00e3o privatizadas? Analistas comentam<\/h2><\/a><div class=\"newsContent__article__meta\"><div class=\"newsContent__article__meta__authorBox\"><a href=\"https:\/\/www.suno.com.br\/noticias\/author\/giovanni-porfiriosuno-com-br\/\" class=\"authorBox__avatar noMobi\"><img src=\"https:\/\/files.sunoresearch.com.br\/n\/uploads\/2024\/05\/DSCF4115-1-1-150x150.webp\" alt=\"Giovanni Porf\u00edrio Jacomino\"><\/a><div class=\"authorBox__name\"><span>por\n\t\t\t<a href=\"https:\/\/www.suno.com.br\/noticias\/author\/giovanni-porfiriosuno-com-br\/\"><span itemprop=\"author\">Giovanni Porf\u00edrio Jacomino<\/span><\/a><\/span><time datetime=\"2023-08-22T07:45:34-03:00\" itemprop=\"datePublished\">22\/08\/2023 07:45<\/time><\/div><\/div><\/div><\/div><\/div>","single_layout":"posts","amp_enabled":true,"_links":{"self":[{"href":"https:\/\/www.suno.com.br\/noticias\/wp-json\/wp\/v2\/posts\/445622"}],"collection":[{"href":"https:\/\/www.suno.com.br\/noticias\/wp-json\/wp\/v2\/posts"}],"about":[{"href":"https:\/\/www.suno.com.br\/noticias\/wp-json\/wp\/v2\/types\/post"}],"author":[{"embeddable":true,"href":"https:\/\/www.suno.com.br\/noticias\/wp-json\/wp\/v2\/users\/313"}],"replies":[{"embeddable":true,"href":"https:\/\/www.suno.com.br\/noticias\/wp-json\/wp\/v2\/comments?post=445622"}],"version-history":[{"count":3,"href":"https:\/\/www.suno.com.br\/noticias\/wp-json\/wp\/v2\/posts\/445622\/revisions"}],"predecessor-version":[{"id":445638,"href":"https:\/\/www.suno.com.br\/noticias\/wp-json\/wp\/v2\/posts\/445622\/revisions\/445638"}],"wp:featuredmedia":[{"embeddable":true,"href":"https:\/\/www.suno.com.br\/noticias\/wp-json\/wp\/v2\/media\/130214"}],"wp:attachment":[{"href":"https:\/\/www.suno.com.br\/noticias\/wp-json\/wp\/v2\/media?parent=445622"}],"wp:term":[{"taxonomy":"category","embeddable":true,"href":"https:\/\/www.suno.com.br\/noticias\/wp-json\/wp\/v2\/categories?post=445622"},{"taxonomy":"post_tag","embeddable":true,"href":"https:\/\/www.suno.com.br\/noticias\/wp-json\/wp\/v2\/tags?post=445622"},{"taxonomy":"suno_strategy","embeddable":true,"href":"https:\/\/www.suno.com.br\/noticias\/wp-json\/wp\/v2\/suno_strategy?post=445622"}],"curies":[{"name":"wp","href":"https:\/\/api.w.org\/{rel}","templated":true}]}}