{"id":44562,"date":"2019-11-12T16:48:14","date_gmt":"2019-11-12T18:48:14","guid":{"rendered":"https:\/\/www.suno.com.br\/noticias\/?p=44562"},"modified":"2021-02-19T15:17:31","modified_gmt":"2021-02-19T18:17:31","slug":"fitch-eleva-rating-banco-inter-estrategia-expansao","status":"publish","type":"post","link":"https:\/\/www.suno.com.br\/noticias\/fitch-eleva-rating-banco-inter-estrategia-expansao\/","title":{"rendered":"Fitch eleva rating do Banco Inter ap\u00f3s estrat\u00e9gia de expans\u00e3o"},"content":{"rendered":"<p>A ag\u00eancia de classifica\u00e7\u00e3o de risco de cr\u00e9dito, <strong>Fitch<\/strong>\u00a0<strong>Ratings<\/strong>, elevou, na \u00faltima segunda-feira (11), o <em>rating<\/em> nacional de longo prazo do Banco Inter (BIDI3; BIDI4). A avalia\u00e7\u00e3o do banco passou de &#8216;BBB+(bra)&#8217; para &#8216;A-(bra)&#8217;, com perspectiva est\u00e1vel.<\/p>\t<div class=\"wrapper-featured-image\">\n\t\t<figure class=\"spotlightImg\">\n\n\t\t\t<picture>\n\t\t\t\t<source media=\"(max-width: 768px)\" srcset=\"https:\/\/files.sunoresearch.com.br\/n\/uploads\/2019\/10\/a463ebd5-banco-inter-400x200.webp\">\n\t\t\t\t<img loading=\"lazy\" decoding=\"async\" class=\"newsContent__article__imgCapa lazyloadDisabled newsContent__article__imgCapa--noCaption\" src=\"https:\/\/files.sunoresearch.com.br\/n\/uploads\/2019\/10\/a463ebd5-banco-inter-800x450.webp\" width=\"800\" height=\"450\" alt=\"Fitch eleva rating do Banco Inter ap\u00f3s estrat\u00e9gia de expans\u00e3o\" fetchpriority=high \/>\n\t\t\t<\/picture>\n\n\t\t\t<figcaption class=\"wp-caption-text wp-caption-text--hide\">Banco Inter (divulga\u00e7\u00e3o)<\/figcaption>\n\t\t<\/figure>\n\t<\/div>\n\n\n\n<p>De acordo com a ag\u00eancia, o \u00edndice foi elevado por conta do sucesso da estrat\u00e9gia de expans\u00e3o e do modelo de neg\u00f3cios do <strong>Banco Inter<\/strong>. A altera\u00e7\u00e3o indica que a institui\u00e7\u00e3o financeira se tornou mais confi\u00e1vel.<\/p>\n<p>\u201cA eleva\u00e7\u00e3o do rating reflete o sucesso da estrat\u00e9gia do Banco na expans\u00e3o de sua franquia e de seu modelo de neg\u00f3cios \u2013 com uma maior diversifica\u00e7\u00e3o de ofertas de produtos, ampla posi\u00e7\u00e3o de liquidez, independ\u00eancia na distribui\u00e7\u00e3o dos produtos de capta\u00e7\u00e3o e s\u00f3lidos \u00edndices de capitaliza\u00e7\u00e3o\u201d, salientou a ag\u00eancia por meio de um comunicado.<\/p>\n<p>Al\u00e9m disso, a Fitch ressaltou que a institui\u00e7\u00e3o financeira possui um boa rela\u00e7\u00e3o entre as receitas das principais linhas de cr\u00e9dito e servi\u00e7o. Com isso, o banco obteve aumento da receita de servi\u00e7os e e maior capilaridade de distribui\u00e7\u00e3o dos produtos.<\/p>\n<p>\u201cAtualmente a estrutura de capta\u00e7\u00e3o e liquidez do Inter se situam acima da m\u00e9dia de seus pares e estas tem sido um fator importante na eficaz administra\u00e7\u00e3o dos descasamentos entre ativos e passivos\u201d, afirmaram os analistas da ag\u00eancia.<\/p>\n\t<p>\n\t\t<a href=\"https:\/\/lp.suno.com.br\/ebook-como-analisar-uma-acao\/\" target=\"_blank\" data-element=\"shortcode-suno-banner\" title=\"Banner SUNO, clique e saiba mais\">\n\t\t\t<picture>\n\t\t\t\t<source media=\"(max-width: 500px)\" srcset=\"https:\/\/files.sunoresearch.com.br\/n\/uploads\/2023\/12\/Ebook-Acoes-Mobile.jpg\">\n\t\t\t\t<img class=\"newsContent__article__imgCapa newsContent__article__imgCapa--banner\"\n\t\t\t\t\tsrc=\"https:\/\/files.sunoresearch.com.br\/n\/uploads\/2023\/12\/Ebook-Acoes-Mobile.jpg\"\n\t\t\t\t\tdata-promo-id=\"101750\"\t\t\t\t\t\t\t\t\t\twidth='400' height='300'\t\t\t\t\talt=\"https:\/\/files.sunoresearch.com.br\/n\/uploads\/2023\/12\/Ebook-Acoes-Mobile.jpg\"\n\t\t\t\t>\n\t\t\t<\/picture>\n\t\t<\/a>\n\t<\/p>\n\n\n<p>A ag\u00eancia de classifica\u00e7\u00e3o S&amp;P tamb\u00e9m elevou o rating do <strong>Banco Inter<\/strong> para AA- desde julho do ano passado.<\/p>\n<h2>Banco Inter prev\u00ea aumento de clientes<\/h2>\n<p>Ap\u00f3s a divulga\u00e7\u00e3o dos resultados do terceiro trimestre, na \u00faltima semana, o presidente do banco, Jo\u00e3o Vitor Menin, declarou que a institui\u00e7\u00e3o financeira pretende chegar a oito milh\u00f5es de correntistas at\u00e9 o final de 2020.<\/p>\n<p><a href=\"https:\/\/www.suno.com.br\/noticias\/banco-inter-oito-milhoes-clientes-final-2020\/\">Saiba mais: Banco Inter prev\u00ea oito milh\u00f5es de clientes at\u00e9 o final de 2020, diz presidente<\/a><\/p>\n<p>&#8220;A gente sempre apostou em um crescimento sustent\u00e1vel. Voc\u00eas n\u00e3o v\u00e3o ver a gente \u2018comprar\u2019 clientes, mas continuamos acelerando [a abertura de contas]&#8221;, disse o executivo.<\/p>\n<p>O presidente do <strong>Banco Inter<\/strong> salientou ainda que, por conta do alto crescimento, o n\u00famero de clientes no final do ano que vem pode ser ainda maior. &#8220;Em vez de terminar em 8 milh\u00f5es em 2020 [como sugere a extrapola\u00e7\u00e3o matem\u00e1tica], pode terminar com 10 milh\u00f5es&#8221;, disse Menin.<\/p>\n","protected":false},"excerpt":{"rendered":"<p>A ag\u00eancia de classifica\u00e7\u00e3o de risco de cr\u00e9dito, Fitch\u00a0Ratings, elevou, na \u00faltima segunda-feira (11), o rating nacional de longo prazo do Banco Inter (BIDI3; BIDI4). A avalia\u00e7\u00e3o do banco passou de &#8216;BBB+(bra)&#8217; para &#8216;A-(bra)&#8217;, com perspectiva est\u00e1vel. Banco Inter (divulga\u00e7\u00e3o) De acordo com a ag\u00eancia, o \u00edndice foi elevado por conta do sucesso da estrat\u00e9gia [&hellip;]<\/p>\n","protected":false},"author":18,"featured_media":41019,"comment_status":"closed","ping_status":"closed","sticky":false,"template":"","format":"standard","meta":[],"categories":[64],"tags":[369,1034,1277,105544],"suno_strategy":[],"class_list":["post-44562","post","type-post","status-publish","format-standard","has-post-thumbnail","hentry","category-negocios","tag-banco-inter-bidi11-bidi4-bidi3","tag-classificacao-de-risco-rating","tag-fitch","tag-joao-vitor-menin"],"yoast_head":"<!-- This site is optimized with the Yoast SEO plugin v24.4 - https:\/\/yoast.com\/wordpress\/plugins\/seo\/ -->\n<title>Fitch eleva rating do Banco Inter ap\u00f3s estrat\u00e9gia de expans\u00e3o<\/title>\n<meta name=\"description\" content=\"A ag\u00eancia Fitch\u00a0Ratings, elevou, na \u00faltima segunda-feira (11), o rating nacional de longo prazo do Banco Inter. Clique para saber mais.\" \/>\n<meta name=\"robots\" content=\"index, follow, max-snippet:-1, max-image-preview:large, max-video-preview:-1\" \/>\n<link rel=\"canonical\" href=\"https:\/\/www.suno.com.br\/noticias\/fitch-eleva-rating-banco-inter-estrategia-expansao\/\" \/>\n<meta property=\"og:locale\" content=\"pt_BR\" \/>\n<meta property=\"og:type\" content=\"article\" \/>\n<meta property=\"og:title\" content=\"Fitch eleva rating do Banco Inter ap\u00f3s estrat\u00e9gia de expans\u00e3o\" \/>\n<meta property=\"og:description\" content=\"A ag\u00eancia Fitch\u00a0Ratings, elevou, na \u00faltima segunda-feira (11), o rating nacional de longo prazo do Banco Inter. Clique para saber mais.\" \/>\n<meta property=\"og:url\" content=\"https:\/\/www.suno.com.br\/noticias\/fitch-eleva-rating-banco-inter-estrategia-expansao\/\" \/>\n<meta property=\"og:site_name\" content=\"Suno Not\u00edcias\" \/>\n<meta property=\"article:publisher\" content=\"https:\/\/facebook.com\/sunoresearch\" \/>\n<meta property=\"og:image\" content=\"https:\/\/files.sunoresearch.com.br\/n\/uploads\/2019\/10\/a463ebd5-banco-inter.jpg\" \/>\n\t<meta property=\"og:image:width\" content=\"1200\" \/>\n\t<meta property=\"og:image:height\" content=\"675\" \/>\n\t<meta property=\"og:image:type\" content=\"image\/jpeg\" \/>\n<meta name=\"author\" content=\"Giovanna Oliveira\" \/>\n<meta name=\"twitter:card\" content=\"summary_large_image\" \/>\n<meta name=\"twitter:creator\" content=\"@sunoresearch\" \/>\n<meta name=\"twitter:site\" content=\"@sunoresearch\" \/>\n<meta name=\"twitter:label1\" content=\"Escrito por\" \/>\n\t<meta name=\"twitter:data1\" content=\"Giovanna Oliveira\" \/>\n\t<meta name=\"twitter:label2\" content=\"Est. tempo de leitura\" \/>\n\t<meta name=\"twitter:data2\" content=\"2 minutos\" \/>\n<script type=\"application\/ld+json\" class=\"yoast-schema-graph\">{\"@context\":\"https:\/\/schema.org\",\"@graph\":[{\"@type\":\"NewsArticle\",\"@id\":\"https:\/\/www.suno.com.br\/noticias\/fitch-eleva-rating-banco-inter-estrategia-expansao\/#article\",\"isPartOf\":{\"@id\":\"https:\/\/www.suno.com.br\/noticias\/fitch-eleva-rating-banco-inter-estrategia-expansao\/\"},\"author\":{\"name\":\"Giovanna Oliveira\",\"@id\":\"https:\/\/www.suno.com.br\/noticias\/#\/schema\/person\/4e19e3d2575736e5283d58eb3199d120\"},\"headline\":\"Fitch eleva rating do Banco Inter ap\u00f3s estrat\u00e9gia de expans\u00e3o\",\"datePublished\":\"2019-11-12T18:48:14+00:00\",\"dateModified\":\"2021-02-19T18:17:31+00:00\",\"mainEntityOfPage\":{\"@id\":\"https:\/\/www.suno.com.br\/noticias\/fitch-eleva-rating-banco-inter-estrategia-expansao\/\"},\"wordCount\":426,\"publisher\":{\"@id\":\"https:\/\/www.suno.com.br\/noticias\/#organization\"},\"image\":{\"@id\":\"https:\/\/www.suno.com.br\/noticias\/fitch-eleva-rating-banco-inter-estrategia-expansao\/#primaryimage\"},\"thumbnailUrl\":\"https:\/\/files.sunoresearch.com.br\/n\/uploads\/2019\/10\/a463ebd5-banco-inter.jpg\",\"keywords\":[\"Banco Inter (BIDI11\/BIDI4\/BIDI3)\",\"Classifica\u00e7\u00e3o de Risco (Rating)\",\"Fitch\",\"Jo\u00e3o Vitor Menin\"],\"articleSection\":[\"Neg\u00f3cios\"],\"inLanguage\":\"pt-BR\"},{\"@type\":\"WebPage\",\"@id\":\"https:\/\/www.suno.com.br\/noticias\/fitch-eleva-rating-banco-inter-estrategia-expansao\/\",\"url\":\"https:\/\/www.suno.com.br\/noticias\/fitch-eleva-rating-banco-inter-estrategia-expansao\/\",\"name\":\"Fitch eleva rating do Banco Inter ap\u00f3s estrat\u00e9gia de expans\u00e3o\",\"isPartOf\":{\"@id\":\"https:\/\/www.suno.com.br\/noticias\/#website\"},\"primaryImageOfPage\":{\"@id\":\"https:\/\/www.suno.com.br\/noticias\/fitch-eleva-rating-banco-inter-estrategia-expansao\/#primaryimage\"},\"image\":{\"@id\":\"https:\/\/www.suno.com.br\/noticias\/fitch-eleva-rating-banco-inter-estrategia-expansao\/#primaryimage\"},\"thumbnailUrl\":\"https:\/\/files.sunoresearch.com.br\/n\/uploads\/2019\/10\/a463ebd5-banco-inter.jpg\",\"datePublished\":\"2019-11-12T18:48:14+00:00\",\"dateModified\":\"2021-02-19T18:17:31+00:00\",\"description\":\"A ag\u00eancia Fitch\u00a0Ratings, elevou, na \u00faltima segunda-feira (11), o rating nacional de longo prazo do Banco Inter. Clique para saber mais.\",\"breadcrumb\":{\"@id\":\"https:\/\/www.suno.com.br\/noticias\/fitch-eleva-rating-banco-inter-estrategia-expansao\/#breadcrumb\"},\"inLanguage\":\"pt-BR\",\"potentialAction\":[{\"@type\":\"ReadAction\",\"target\":[\"https:\/\/www.suno.com.br\/noticias\/fitch-eleva-rating-banco-inter-estrategia-expansao\/\"]}]},{\"@type\":\"ImageObject\",\"inLanguage\":\"pt-BR\",\"@id\":\"https:\/\/www.suno.com.br\/noticias\/fitch-eleva-rating-banco-inter-estrategia-expansao\/#primaryimage\",\"url\":\"https:\/\/files.sunoresearch.com.br\/n\/uploads\/2019\/10\/a463ebd5-banco-inter.jpg\",\"contentUrl\":\"https:\/\/files.sunoresearch.com.br\/n\/uploads\/2019\/10\/a463ebd5-banco-inter.jpg\",\"width\":1200,\"height\":675,\"caption\":\"Banco Inter (divulga\u00e7\u00e3o)\"},{\"@type\":\"BreadcrumbList\",\"@id\":\"https:\/\/www.suno.com.br\/noticias\/fitch-eleva-rating-banco-inter-estrategia-expansao\/#breadcrumb\",\"itemListElement\":[{\"@type\":\"ListItem\",\"position\":1,\"name\":\"Not\u00edcias\",\"item\":\"https:\/\/www.suno.com.br\/noticias\/\"},{\"@type\":\"ListItem\",\"position\":2,\"name\":\"Neg\u00f3cios\",\"item\":\"https:\/\/www.suno.com.br\/noticias\/negocios\/\"},{\"@type\":\"ListItem\",\"position\":3,\"name\":\"Fitch eleva rating do Banco Inter ap\u00f3s estrat\u00e9gia de expans\u00e3o\"}]},{\"@type\":\"WebSite\",\"@id\":\"https:\/\/www.suno.com.br\/noticias\/#website\",\"url\":\"https:\/\/www.suno.com.br\/noticias\/\",\"name\":\"Suno Not\u00edcias\",\"description\":\"Seu portal de informa\u00e7\u00e3o sobre o mundo dos investimentos\",\"publisher\":{\"@id\":\"https:\/\/www.suno.com.br\/noticias\/#organization\"},\"potentialAction\":[{\"@type\":\"SearchAction\",\"target\":{\"@type\":\"EntryPoint\",\"urlTemplate\":\"https:\/\/www.suno.com.br\/noticias\/?s={search_term_string}\"},\"query-input\":{\"@type\":\"PropertyValueSpecification\",\"valueRequired\":true,\"valueName\":\"search_term_string\"}}],\"inLanguage\":\"pt-BR\"},{\"@type\":\"Organization\",\"@id\":\"https:\/\/www.suno.com.br\/noticias\/#organization\",\"name\":\"Suno Not\u00edcias\",\"url\":\"https:\/\/www.suno.com.br\/noticias\/\",\"logo\":{\"@type\":\"ImageObject\",\"inLanguage\":\"pt-BR\",\"@id\":\"https:\/\/www.suno.com.br\/noticias\/#\/schema\/logo\/image\/\",\"url\":\"https:\/\/files.sunoresearch.com.br\/n\/uploads\/2021\/09\/suno-logo.png\",\"contentUrl\":\"https:\/\/files.sunoresearch.com.br\/n\/uploads\/2021\/09\/suno-logo.png\",\"width\":180,\"height\":180,\"caption\":\"Suno Not\u00edcias\"},\"image\":{\"@id\":\"https:\/\/www.suno.com.br\/noticias\/#\/schema\/logo\/image\/\"},\"sameAs\":[\"https:\/\/facebook.com\/sunoresearch\",\"https:\/\/x.com\/sunoresearch\",\"https:\/\/www.instagram.com\/suno\",\"https:\/\/www.linkedin.com\/company\/suno-research\/\",\"https:\/\/www.youtube.com\/c\/sunoresearch\"]},{\"@type\":\"Person\",\"@id\":\"https:\/\/www.suno.com.br\/noticias\/#\/schema\/person\/4e19e3d2575736e5283d58eb3199d120\",\"name\":\"Giovanna Oliveira\",\"image\":{\"@type\":\"ImageObject\",\"inLanguage\":\"pt-BR\",\"@id\":\"https:\/\/www.suno.com.br\/noticias\/#\/schema\/person\/image\/\",\"url\":\"https:\/\/secure.gravatar.com\/avatar\/9a37b3ae208962ac568992d0ffdbc2eb?s=96&r=g\",\"contentUrl\":\"https:\/\/secure.gravatar.com\/avatar\/9a37b3ae208962ac568992d0ffdbc2eb?s=96&r=g\",\"caption\":\"Giovanna Oliveira\"},\"description\":\"Giovanna Oliveira escreve sobre economia e pol\u00edtica. Foi rep\u00f3rter do portal de jornalismo da ESPM-SP e produziu conte\u00fado para a Corinthians TV. \u00c9 estudante da ESPM.\",\"url\":\"https:\/\/www.suno.com.br\/noticias\/author\/giovanna\/\"}]}<\/script>\n<!-- \/ Yoast SEO plugin. -->","yoast_head_json":{"title":"Fitch eleva rating do Banco Inter ap\u00f3s estrat\u00e9gia de expans\u00e3o","description":"A ag\u00eancia Fitch\u00a0Ratings, elevou, na \u00faltima segunda-feira (11), o rating nacional de longo prazo do Banco Inter. Clique para saber mais.","robots":{"index":"index","follow":"follow","max-snippet":"max-snippet:-1","max-image-preview":"max-image-preview:large","max-video-preview":"max-video-preview:-1"},"canonical":"https:\/\/www.suno.com.br\/noticias\/fitch-eleva-rating-banco-inter-estrategia-expansao\/","og_locale":"pt_BR","og_type":"article","og_title":"Fitch eleva rating do Banco Inter ap\u00f3s estrat\u00e9gia de expans\u00e3o","og_description":"A ag\u00eancia Fitch\u00a0Ratings, elevou, na \u00faltima segunda-feira (11), o rating nacional de longo prazo do Banco Inter. Clique para saber mais.","og_url":"https:\/\/www.suno.com.br\/noticias\/fitch-eleva-rating-banco-inter-estrategia-expansao\/","og_site_name":"Suno Not\u00edcias","article_publisher":"https:\/\/facebook.com\/sunoresearch","og_image":[{"width":1200,"height":675,"url":"https:\/\/files.sunoresearch.com.br\/n\/uploads\/2019\/10\/a463ebd5-banco-inter.jpg","type":"image\/jpeg"}],"author":"Giovanna Oliveira","twitter_card":"summary_large_image","twitter_creator":"@sunoresearch","twitter_site":"@sunoresearch","twitter_misc":{"Escrito por":"Giovanna Oliveira","Est. tempo de leitura":"2 minutos"},"schema":{"@context":"https:\/\/schema.org","@graph":[{"@type":"NewsArticle","@id":"https:\/\/www.suno.com.br\/noticias\/fitch-eleva-rating-banco-inter-estrategia-expansao\/#article","isPartOf":{"@id":"https:\/\/www.suno.com.br\/noticias\/fitch-eleva-rating-banco-inter-estrategia-expansao\/"},"author":{"name":"Giovanna Oliveira","@id":"https:\/\/www.suno.com.br\/noticias\/#\/schema\/person\/4e19e3d2575736e5283d58eb3199d120"},"headline":"Fitch eleva rating do Banco Inter ap\u00f3s estrat\u00e9gia de expans\u00e3o","datePublished":"2019-11-12T18:48:14+00:00","dateModified":"2021-02-19T18:17:31+00:00","mainEntityOfPage":{"@id":"https:\/\/www.suno.com.br\/noticias\/fitch-eleva-rating-banco-inter-estrategia-expansao\/"},"wordCount":426,"publisher":{"@id":"https:\/\/www.suno.com.br\/noticias\/#organization"},"image":{"@id":"https:\/\/www.suno.com.br\/noticias\/fitch-eleva-rating-banco-inter-estrategia-expansao\/#primaryimage"},"thumbnailUrl":"https:\/\/files.sunoresearch.com.br\/n\/uploads\/2019\/10\/a463ebd5-banco-inter.jpg","keywords":["Banco Inter (BIDI11\/BIDI4\/BIDI3)","Classifica\u00e7\u00e3o de Risco (Rating)","Fitch","Jo\u00e3o Vitor Menin"],"articleSection":["Neg\u00f3cios"],"inLanguage":"pt-BR"},{"@type":"WebPage","@id":"https:\/\/www.suno.com.br\/noticias\/fitch-eleva-rating-banco-inter-estrategia-expansao\/","url":"https:\/\/www.suno.com.br\/noticias\/fitch-eleva-rating-banco-inter-estrategia-expansao\/","name":"Fitch eleva rating do Banco Inter ap\u00f3s estrat\u00e9gia de expans\u00e3o","isPartOf":{"@id":"https:\/\/www.suno.com.br\/noticias\/#website"},"primaryImageOfPage":{"@id":"https:\/\/www.suno.com.br\/noticias\/fitch-eleva-rating-banco-inter-estrategia-expansao\/#primaryimage"},"image":{"@id":"https:\/\/www.suno.com.br\/noticias\/fitch-eleva-rating-banco-inter-estrategia-expansao\/#primaryimage"},"thumbnailUrl":"https:\/\/files.sunoresearch.com.br\/n\/uploads\/2019\/10\/a463ebd5-banco-inter.jpg","datePublished":"2019-11-12T18:48:14+00:00","dateModified":"2021-02-19T18:17:31+00:00","description":"A ag\u00eancia Fitch\u00a0Ratings, elevou, na \u00faltima segunda-feira (11), o rating nacional de longo prazo do Banco Inter. Clique para saber mais.","breadcrumb":{"@id":"https:\/\/www.suno.com.br\/noticias\/fitch-eleva-rating-banco-inter-estrategia-expansao\/#breadcrumb"},"inLanguage":"pt-BR","potentialAction":[{"@type":"ReadAction","target":["https:\/\/www.suno.com.br\/noticias\/fitch-eleva-rating-banco-inter-estrategia-expansao\/"]}]},{"@type":"ImageObject","inLanguage":"pt-BR","@id":"https:\/\/www.suno.com.br\/noticias\/fitch-eleva-rating-banco-inter-estrategia-expansao\/#primaryimage","url":"https:\/\/files.sunoresearch.com.br\/n\/uploads\/2019\/10\/a463ebd5-banco-inter.jpg","contentUrl":"https:\/\/files.sunoresearch.com.br\/n\/uploads\/2019\/10\/a463ebd5-banco-inter.jpg","width":1200,"height":675,"caption":"Banco Inter (divulga\u00e7\u00e3o)"},{"@type":"BreadcrumbList","@id":"https:\/\/www.suno.com.br\/noticias\/fitch-eleva-rating-banco-inter-estrategia-expansao\/#breadcrumb","itemListElement":[{"@type":"ListItem","position":1,"name":"Not\u00edcias","item":"https:\/\/www.suno.com.br\/noticias\/"},{"@type":"ListItem","position":2,"name":"Neg\u00f3cios","item":"https:\/\/www.suno.com.br\/noticias\/negocios\/"},{"@type":"ListItem","position":3,"name":"Fitch eleva rating do Banco Inter ap\u00f3s estrat\u00e9gia de expans\u00e3o"}]},{"@type":"WebSite","@id":"https:\/\/www.suno.com.br\/noticias\/#website","url":"https:\/\/www.suno.com.br\/noticias\/","name":"Suno Not\u00edcias","description":"Seu portal de informa\u00e7\u00e3o sobre o mundo dos investimentos","publisher":{"@id":"https:\/\/www.suno.com.br\/noticias\/#organization"},"potentialAction":[{"@type":"SearchAction","target":{"@type":"EntryPoint","urlTemplate":"https:\/\/www.suno.com.br\/noticias\/?s={search_term_string}"},"query-input":{"@type":"PropertyValueSpecification","valueRequired":true,"valueName":"search_term_string"}}],"inLanguage":"pt-BR"},{"@type":"Organization","@id":"https:\/\/www.suno.com.br\/noticias\/#organization","name":"Suno Not\u00edcias","url":"https:\/\/www.suno.com.br\/noticias\/","logo":{"@type":"ImageObject","inLanguage":"pt-BR","@id":"https:\/\/www.suno.com.br\/noticias\/#\/schema\/logo\/image\/","url":"https:\/\/files.sunoresearch.com.br\/n\/uploads\/2021\/09\/suno-logo.png","contentUrl":"https:\/\/files.sunoresearch.com.br\/n\/uploads\/2021\/09\/suno-logo.png","width":180,"height":180,"caption":"Suno Not\u00edcias"},"image":{"@id":"https:\/\/www.suno.com.br\/noticias\/#\/schema\/logo\/image\/"},"sameAs":["https:\/\/facebook.com\/sunoresearch","https:\/\/x.com\/sunoresearch","https:\/\/www.instagram.com\/suno","https:\/\/www.linkedin.com\/company\/suno-research\/","https:\/\/www.youtube.com\/c\/sunoresearch"]},{"@type":"Person","@id":"https:\/\/www.suno.com.br\/noticias\/#\/schema\/person\/4e19e3d2575736e5283d58eb3199d120","name":"Giovanna Oliveira","image":{"@type":"ImageObject","inLanguage":"pt-BR","@id":"https:\/\/www.suno.com.br\/noticias\/#\/schema\/person\/image\/","url":"https:\/\/secure.gravatar.com\/avatar\/9a37b3ae208962ac568992d0ffdbc2eb?s=96&r=g","contentUrl":"https:\/\/secure.gravatar.com\/avatar\/9a37b3ae208962ac568992d0ffdbc2eb?s=96&r=g","caption":"Giovanna Oliveira"},"description":"Giovanna Oliveira escreve sobre economia e pol\u00edtica. Foi rep\u00f3rter do portal de jornalismo da ESPM-SP e produziu conte\u00fado para a Corinthians TV. \u00c9 estudante da ESPM.","url":"https:\/\/www.suno.com.br\/noticias\/author\/giovanna\/"}]}},"default_loop_html":"<div class=\"cardsPage__listCard__boxs\"><div class=\"cardsPage__listCard__boxs__img\"><a href=\"https:\/\/www.suno.com.br\/noticias\/fitch-eleva-rating-banco-inter-estrategia-expansao\/\"><img class=\"mask\" src=\"https:\/\/www.suno.com.br\/noticias\/wp-content\/themes\/suno\/resources\/images\/spotlight\/spotlight1img\/bg-mask.png\" alt=\"Image Mask\"\/><img src=\"https:\/\/files.sunoresearch.com.br\/n\/uploads\/2019\/10\/a463ebd5-banco-inter-400x200.webp\" alt=\"Fitch eleva rating do Banco Inter ap\u00f3s estrat\u00e9gia de expans\u00e3o\"\/><\/a><span class=\"spotlightCategory\"><a href=\"https:\/\/www.suno.com.br\/noticias\/negocios\/\">Neg\u00f3cios<\/a><\/span><\/div><div class=\"cardsPage__listCard__boxs__content\"><a href=\"https:\/\/www.suno.com.br\/noticias\/fitch-eleva-rating-banco-inter-estrategia-expansao\/\"><h2 class=\"content__title\">Fitch eleva rating do Banco Inter ap\u00f3s estrat\u00e9gia de expans\u00e3o<\/h2><\/a><div class=\"newsContent__article__meta\"><div class=\"newsContent__article__meta__authorBox\"><a href=\"https:\/\/www.suno.com.br\/noticias\/author\/giovanna\/\" class=\"authorBox__avatar noMobi\"><img src=\"https:\/\/files.sunoresearch.com.br\/n\/uploads\/2019\/06\/952a89ca-screenshot_20190608-171507-150x150.webp\" alt=\"Giovanna Oliveira\"><\/a><div class=\"authorBox__name\"><span>por\n\t\t\t<a href=\"https:\/\/www.suno.com.br\/noticias\/author\/giovanna\/\"><span itemprop=\"author\">Giovanna Oliveira<\/span><\/a><\/span><time datetime=\"2019-11-12T16:48:14-03:00\" itemprop=\"datePublished\">12\/11\/2019 16:48<\/time><\/div><\/div><\/div><\/div><\/div>","single_layout":"posts","amp_enabled":true,"_links":{"self":[{"href":"https:\/\/www.suno.com.br\/noticias\/wp-json\/wp\/v2\/posts\/44562"}],"collection":[{"href":"https:\/\/www.suno.com.br\/noticias\/wp-json\/wp\/v2\/posts"}],"about":[{"href":"https:\/\/www.suno.com.br\/noticias\/wp-json\/wp\/v2\/types\/post"}],"author":[{"embeddable":true,"href":"https:\/\/www.suno.com.br\/noticias\/wp-json\/wp\/v2\/users\/18"}],"replies":[{"embeddable":true,"href":"https:\/\/www.suno.com.br\/noticias\/wp-json\/wp\/v2\/comments?post=44562"}],"version-history":[{"count":0,"href":"https:\/\/www.suno.com.br\/noticias\/wp-json\/wp\/v2\/posts\/44562\/revisions"}],"wp:featuredmedia":[{"embeddable":true,"href":"https:\/\/www.suno.com.br\/noticias\/wp-json\/wp\/v2\/media\/41019"}],"wp:attachment":[{"href":"https:\/\/www.suno.com.br\/noticias\/wp-json\/wp\/v2\/media?parent=44562"}],"wp:term":[{"taxonomy":"category","embeddable":true,"href":"https:\/\/www.suno.com.br\/noticias\/wp-json\/wp\/v2\/categories?post=44562"},{"taxonomy":"post_tag","embeddable":true,"href":"https:\/\/www.suno.com.br\/noticias\/wp-json\/wp\/v2\/tags?post=44562"},{"taxonomy":"suno_strategy","embeddable":true,"href":"https:\/\/www.suno.com.br\/noticias\/wp-json\/wp\/v2\/suno_strategy?post=44562"}],"curies":[{"name":"wp","href":"https:\/\/api.w.org\/{rel}","templated":true}]}}