{"id":445452,"date":"2023-08-21T19:32:33","date_gmt":"2023-08-21T22:32:33","guid":{"rendered":"https:\/\/www.suno.com.br\/noticias\/?p=445452"},"modified":"2023-08-21T19:32:40","modified_gmt":"2023-08-21T22:32:40","slug":"123milhas-entidade-acao-civil-pedindo-bloqueio-contas-va","status":"publish","type":"post","link":"https:\/\/www.suno.com.br\/noticias\/123milhas-entidade-acao-civil-pedindo-bloqueio-contas-va\/","title":{"rendered":"Entidade pede bloqueio das contas da 123milhas em a\u00e7\u00e3o civil"},"content":{"rendered":"<p>O Instituto Brasileiro de Cidadania (Ibraci) entrou com uma a\u00e7\u00e3o civil p\u00fablica contra a <strong>123milhas<\/strong>. A a\u00e7\u00e3o foi protocolada, no \u00faltimo domingo (20), na 1a. Vara Empresarial, e solicita o <a class=\"suno-keyword\" data-force=\"no\" data-priority=\"1\" href=\"https:\/\/www.suno.com.br\/artigos\/bloqueio-judicial\/\" target=\"_blank\" rel=\"noopener\">bloqueio judicial<\/a> das contas banc\u00e1rias da empresa, de seus s\u00f3cios e acionistas administradores a fim de garantir pagamento de indeniza\u00e7\u00f5es aos consumidores, informa o Valor Econ\u00f4mico.<\/p>\t<div class=\"wrapper-featured-image\">\n\t\t<figure class=\"spotlightImg\">\n\n\t\t\t<picture>\n\t\t\t\t<source media=\"(max-width: 768px)\" srcset=\"https:\/\/files.sunoresearch.com.br\/n\/uploads\/2023\/08\/123-milhas-400x200.jpg\">\n\t\t\t\t<img loading=\"lazy\" decoding=\"async\" class=\"newsContent__article__imgCapa lazyloadDisabled \" src=\"https:\/\/files.sunoresearch.com.br\/n\/uploads\/2023\/08\/123-milhas-800x450.jpg\" width=\"800\" height=\"450\" alt=\"Entidade pede bloqueio das contas da 123milhas em a\u00e7\u00e3o civil\" fetchpriority=high \/>\n\t\t\t<\/picture>\n\n\t\t\t<figcaption class=\"wp-caption-text wp-caption-text--show\">123milhas. Foto: Divulga\u00e7\u00e3o<\/figcaption>\n\t\t<\/figure>\n\t<\/div>\n\n\n\n\n\n\t<p>\n\t\t<a href=\"\" target=\"_blank\" data-element=\"shortcode-suno-banner\" title=\"Banner SUNO, clique e saiba mais\">\n\t\t\t<picture>\n\t\t\t\t<source media=\"(max-width: 500px)\" srcset=\"\">\n\t\t\t\t<img class=\"newsContent__article__imgCapa newsContent__article__imgCapa--banner\"\n\t\t\t\t\tsrc=\"\"\n\t\t\t\t\tdata-promo-id=\"240038\"\t\t\t\t\t\t\t\t\t\t\t\t\t\t\talt=\"\"\n\t\t\t\t>\n\t\t\t<\/picture>\n\t\t<\/a>\n\t<\/p>\n\n\n\n\n\n\n\n<p>Tamb\u00e9m foi solicitado o pagamento de danos morais individuais e coletivos e restitui\u00e7\u00e3o dos valores pagos pelos clientes na <strong>plataforma de viagem<\/strong>, ap\u00f3s a empresa cancelar viagens promocionais.<\/p>\n\n\n\n\t<div data-element=\"shortcode-read-more\" class=\"readToo\">\n\t\t\t\t<span class=\"readToo__title\">Leia mais<\/span>\n\t\t\t\t<ul class=\"readToo__list\">\n\t\t\t<li><a href=\"https:\/\/www.suno.com.br\/noticias\/123milhas-governo-exclui-empresa-cadastro-ministerio-turismo\/\">123milhas: minist\u00e9rio exclui empresa de cadastro  para programa que facilita a obten\u00e7\u00e3o de empr\u00e9stimos e financiamentos<\/a><\/li><li><a href=\"https:\/\/www.suno.com.br\/noticias\/123milhas-cancela-viagens-investigacao-evm\/\">123Milhas cancela viagens promocionais e pode ser investigada<\/a><\/li>\t\t<\/ul>\n\t<\/div>\n\n\n\n\n<p>A ag\u00eancia de viagens 123Milhas anunciou na sexta-feira (18) a suspens\u00e3o dos seus pacotes e a emiss\u00e3o de passagens da sua linha promocional, afetando todas as viagens j\u00e1 contratadas da linha \u201cPromo\u201d com datas flex\u00edveis.<\/p>\n\n\n\n<p>As <strong>viagens da 123Milhas<\/strong> que foram canceladas contemplam as que tinham embarques previstos de setembro a dezembro de 2023.<\/p>\n\n\n\n<p>\u201cDevido \u00e0 persist\u00eancia de circunst\u00e2ncias de mercado adversas, alheias \u00e0 nossa vontade, a linha PROMO foi suspensa temporariamente e n\u00e3o emitiremos as passagens com embarque previsto de setembro a dezembro de 2023\u201d, diz comunicado da empresa.<\/p>\n\n\n\n<h2 class=\"wp-block-heading\">A vers\u00e3o da empresa<\/h2>\n\n\n\n<p>Segundo a empresa, o valor das viagens ser\u00e1 integralmente devolvido aos clientes. A 123Milhas destaca que ser\u00e1 feita uma devolu\u00e7\u00e3o por meio de \u201cvouchers acrescidos de <a class=\"suno-keyword\" data-force=\"no\" data-priority=\"2\" href=\"https:\/\/www.suno.com.br\/artigos\/correcao-monetaria\/\" target=\"_blank\" rel=\"noopener\">corre\u00e7\u00e3o monet\u00e1ria<\/a> de 150% do CDI, acima da <a href=\"https:\/\/www.suno.com.br\/noticias\/boletim-focus-ipca-previsao-volta-subir-gpj\/\">infla\u00e7\u00e3o <\/a>e dos juros de mercado, para compra de quaisquer passagens, hot\u00e9is e pacotes\u201d.<\/p>\n\n\n\n<p>De acordo com o<strong> Valor Econ\u00f4mico<\/strong>, o diretor jur\u00eddico do Ibraci, Gabriel de Britto Silva, afirma que a restitui\u00e7\u00e3o por \u201cvoucher\u201d \u00e9 pr\u00e1tica abusiva e venda casada. Al\u00e9m da Ibiraci, a Secretaria Nacional do Consumidor (Senacon) e o Procon-SP informaram que v\u00e3o notificar a 123milhas para prestar esclarecimentos.<\/p>\n\n\n\n\t<div data-element=\"shortcode-read-more\" class=\"readToo\">\n\t\t\t\t<span class=\"readToo__title\">Leia mais<\/span>\n\t\t\t\t<ul class=\"readToo__list\">\n\t\t\t<li><a href=\"https:\/\/www.suno.com.br\/noticias\/nubank-hopper-servicos-viagem-2024-cpf\/\">Nubank (NUBR33) ter\u00e1 novo portal de viagens em parceria com ag\u00eancia Hopper<\/a><\/li><li><a href=\"https:\/\/www.suno.com.br\/noticias\/embraer-embr3-demanda-viagens-deve-crescer\/\">Embraer (EMBR3): demanda de viagens deve crescer 3,2% ao ano nas pr\u00f3ximas duas d\u00e9cadas<\/a><\/li>\t\t<\/ul>\n\t<\/div>\n\n\n\n\t<p>\n\t\t<a href=\"https:\/\/lp.suno.com.br\/ebook-gratuito-investindo-no-exterior\/\" target=\"_blank\" data-element=\"shortcode-suno-banner\" title=\"Banner SUNO, clique e saiba mais\">\n\t\t\t<picture>\n\t\t\t\t<source media=\"(max-width: 500px)\" srcset=\"https:\/\/files.sunoresearch.com.br\/n\/uploads\/2023\/03\/400x300-Investindo-no-exterior.png\">\n\t\t\t\t<img class=\"newsContent__article__imgCapa newsContent__article__imgCapa--banner\"\n\t\t\t\t\tsrc=\"https:\/\/files.sunoresearch.com.br\/n\/uploads\/2023\/03\/1420x240-Investindo-no-exterior.png\"\n\t\t\t\t\tdata-promo-id=\"383161\"\t\t\t\t\t\t\t\t\t\twidth='1420' height='240'\t\t\t\t\talt=\"https:\/\/files.sunoresearch.com.br\/n\/uploads\/2023\/03\/1420x240-Investindo-no-exterior.png\"\n\t\t\t\t>\n\t\t\t<\/picture>\n\t\t<\/a>\n\t<\/p>\n\n\n\n\n\n<h2 class=\"wp-block-heading\">123Milhas pode ser investigada<\/h2>\n\n\n\n<p>O Minist\u00e9rio do Turismo (MTur) pode investigar a companhia pela suspens\u00e3o do pacote promocional de viagens.<\/p>\n\n\n\n<p>Em nota enviada \u00e0 imprensa, a pasta destaca que \u201cconsidera grave\u201d o an\u00fancio que foi emitido pela empresa na sexta-feira (18).<\/p>\n\n\n\n<p>O Minist\u00e9rio do Turismo disse que j\u00e1 acionou o Minist\u00e9rio da Justi\u00e7a e Seguran\u00e7a P\u00fablica para avaliar a instaura\u00e7\u00e3o de uma investiga\u00e7\u00e3o para esclarecer as raz\u00f5es dos cancelamentos.<\/p>\n\n\n\n<p>Al\u00e9m disso, a <strong>123Milhas<\/strong> pode ser autuada pelo<a href=\"https:\/\/www.suno.com.br\/noticias\/netflix-nflx34-cobranca-compartilhamento-assinatura\/\"> Procon<\/a>, e o MTur deve exigir o ressarcimento adequado de todas as pessoas lesadas.<\/p>\n\n\n\t<p>\n\t\t<a href=\"https:\/\/lp.suno.com.br\/planilha-da-vida-financeira\/\" target=\"_blank\" data-element=\"shortcode-suno-banner\" title=\"Banner SUNO, clique e saiba mais\">\n\t\t\t<picture>\n\t\t\t\t<source media=\"(max-width: 500px)\" srcset=\"https:\/\/files.sunoresearch.com.br\/n\/uploads\/2023\/04\/400x300-Planilha-vida-financeira-true.png\">\n\t\t\t\t<img class=\"newsContent__article__imgCapa newsContent__article__imgCapa--banner\"\n\t\t\t\t\tsrc=\"https:\/\/files.sunoresearch.com.br\/n\/uploads\/2023\/04\/1420x240-Planilha-vida-financeira-true.png\"\n\t\t\t\t\tdata-promo-id=\"383123\"\t\t\t\t\t\t\t\t\t\twidth='1420' height='240'\t\t\t\t\talt=\"https:\/\/files.sunoresearch.com.br\/n\/uploads\/2023\/04\/1420x240-Planilha-vida-financeira-true.png\"\n\t\t\t\t>\n\t\t\t<\/picture>\n\t\t<\/a>\n\t<\/p>\n\n\n","protected":false},"excerpt":{"rendered":"<p>O Instituto Brasileiro de Cidadania (Ibraci) entrou com uma a\u00e7\u00e3o civil p\u00fablica contra a 123milhas. A a\u00e7\u00e3o foi protocolada, no \u00faltimo domingo (20), na 1a. Vara Empresarial, e solicita o bloqueio judicial das contas banc\u00e1rias da empresa, de seus s\u00f3cios e acionistas administradores a fim de garantir pagamento de indeniza\u00e7\u00f5es aos consumidores, informa o Valor [&hellip;]<\/p>\n","protected":false},"author":301,"featured_media":445547,"comment_status":"closed","ping_status":"closed","sticky":false,"template":"","format":"standard","meta":[],"categories":[64],"tags":[1178],"suno_strategy":[],"class_list":["post-445452","post","type-post","status-publish","format-standard","has-post-thumbnail","hentry","category-negocios","tag-ministerio-do-turismo"],"yoast_head":"<!-- This site is optimized with the Yoast SEO plugin v24.4 - https:\/\/yoast.com\/wordpress\/plugins\/seo\/ -->\n<title>123milhas: entidade entra com a\u00e7\u00e3o civil pedindo bloqueio das contas<\/title>\n<meta name=\"description\" content=\"O Instituto Brasileiro de Cidadania entrou com uma a\u00e7\u00e3o civil p\u00fablica contra 123milhas, solicitando o bloqueio judicial das contas da empresa\" \/>\n<meta name=\"robots\" content=\"index, follow, max-snippet:-1, max-image-preview:large, max-video-preview:-1\" \/>\n<link rel=\"canonical\" href=\"https:\/\/www.suno.com.br\/noticias\/123milhas-entidade-acao-civil-pedindo-bloqueio-contas-va\/\" \/>\n<meta property=\"og:locale\" content=\"pt_BR\" \/>\n<meta property=\"og:type\" content=\"article\" \/>\n<meta property=\"og:title\" content=\"123milhas: entidade entra com a\u00e7\u00e3o civil pedindo bloqueio das contas\" \/>\n<meta property=\"og:description\" content=\"O Instituto Brasileiro de Cidadania entrou com uma a\u00e7\u00e3o civil p\u00fablica contra 123milhas, solicitando o bloqueio judicial das contas da empresa\" \/>\n<meta property=\"og:url\" content=\"https:\/\/www.suno.com.br\/noticias\/123milhas-entidade-acao-civil-pedindo-bloqueio-contas-va\/\" \/>\n<meta property=\"og:site_name\" content=\"Suno Not\u00edcias\" \/>\n<meta property=\"article:publisher\" content=\"https:\/\/facebook.com\/sunoresearch\" \/>\n<meta property=\"og:image\" content=\"https:\/\/files.sunoresearch.com.br\/n\/uploads\/2023\/08\/123-milhas.jpg\" \/>\n\t<meta property=\"og:image:width\" content=\"1550\" \/>\n\t<meta property=\"og:image:height\" content=\"805\" \/>\n\t<meta property=\"og:image:type\" content=\"image\/jpeg\" \/>\n<meta name=\"author\" content=\"Vin\u00edcius Alves\" \/>\n<meta name=\"twitter:card\" content=\"summary_large_image\" \/>\n<meta name=\"twitter:creator\" content=\"@sunoresearch\" \/>\n<meta name=\"twitter:site\" content=\"@sunoresearch\" \/>\n<meta name=\"twitter:label1\" content=\"Escrito por\" \/>\n\t<meta name=\"twitter:data1\" content=\"Vin\u00edcius Alves\" \/>\n\t<meta name=\"twitter:label2\" content=\"Est. tempo de leitura\" \/>\n\t<meta name=\"twitter:data2\" content=\"3 minutos\" \/>\n<script type=\"application\/ld+json\" class=\"yoast-schema-graph\">{\"@context\":\"https:\/\/schema.org\",\"@graph\":[{\"@type\":\"NewsArticle\",\"@id\":\"https:\/\/www.suno.com.br\/noticias\/123milhas-entidade-acao-civil-pedindo-bloqueio-contas-va\/#article\",\"isPartOf\":{\"@id\":\"https:\/\/www.suno.com.br\/noticias\/123milhas-entidade-acao-civil-pedindo-bloqueio-contas-va\/\"},\"author\":{\"name\":\"Vin\u00edcius Alves\",\"@id\":\"https:\/\/www.suno.com.br\/noticias\/#\/schema\/person\/4a180549702d0e236b3e420862bcded3\"},\"headline\":\"Entidade pede bloqueio das contas da 123milhas em a\u00e7\u00e3o civil\",\"datePublished\":\"2023-08-21T22:32:33+00:00\",\"dateModified\":\"2023-08-21T22:32:40+00:00\",\"mainEntityOfPage\":{\"@id\":\"https:\/\/www.suno.com.br\/noticias\/123milhas-entidade-acao-civil-pedindo-bloqueio-contas-va\/\"},\"wordCount\":416,\"publisher\":{\"@id\":\"https:\/\/www.suno.com.br\/noticias\/#organization\"},\"image\":{\"@id\":\"https:\/\/www.suno.com.br\/noticias\/123milhas-entidade-acao-civil-pedindo-bloqueio-contas-va\/#primaryimage\"},\"thumbnailUrl\":\"https:\/\/files.sunoresearch.com.br\/n\/uploads\/2023\/08\/123-milhas.jpg\",\"keywords\":[\"Minist\u00e9rio do Turismo\"],\"articleSection\":[\"Neg\u00f3cios\"],\"inLanguage\":\"pt-BR\"},{\"@type\":\"WebPage\",\"@id\":\"https:\/\/www.suno.com.br\/noticias\/123milhas-entidade-acao-civil-pedindo-bloqueio-contas-va\/\",\"url\":\"https:\/\/www.suno.com.br\/noticias\/123milhas-entidade-acao-civil-pedindo-bloqueio-contas-va\/\",\"name\":\"123milhas: entidade entra com a\u00e7\u00e3o civil pedindo bloqueio das contas\",\"isPartOf\":{\"@id\":\"https:\/\/www.suno.com.br\/noticias\/#website\"},\"primaryImageOfPage\":{\"@id\":\"https:\/\/www.suno.com.br\/noticias\/123milhas-entidade-acao-civil-pedindo-bloqueio-contas-va\/#primaryimage\"},\"image\":{\"@id\":\"https:\/\/www.suno.com.br\/noticias\/123milhas-entidade-acao-civil-pedindo-bloqueio-contas-va\/#primaryimage\"},\"thumbnailUrl\":\"https:\/\/files.sunoresearch.com.br\/n\/uploads\/2023\/08\/123-milhas.jpg\",\"datePublished\":\"2023-08-21T22:32:33+00:00\",\"dateModified\":\"2023-08-21T22:32:40+00:00\",\"description\":\"O Instituto Brasileiro de Cidadania entrou com uma a\u00e7\u00e3o civil p\u00fablica contra 123milhas, solicitando o bloqueio judicial das contas da empresa\",\"breadcrumb\":{\"@id\":\"https:\/\/www.suno.com.br\/noticias\/123milhas-entidade-acao-civil-pedindo-bloqueio-contas-va\/#breadcrumb\"},\"inLanguage\":\"pt-BR\",\"potentialAction\":[{\"@type\":\"ReadAction\",\"target\":[\"https:\/\/www.suno.com.br\/noticias\/123milhas-entidade-acao-civil-pedindo-bloqueio-contas-va\/\"]}]},{\"@type\":\"ImageObject\",\"inLanguage\":\"pt-BR\",\"@id\":\"https:\/\/www.suno.com.br\/noticias\/123milhas-entidade-acao-civil-pedindo-bloqueio-contas-va\/#primaryimage\",\"url\":\"https:\/\/files.sunoresearch.com.br\/n\/uploads\/2023\/08\/123-milhas.jpg\",\"contentUrl\":\"https:\/\/files.sunoresearch.com.br\/n\/uploads\/2023\/08\/123-milhas.jpg\",\"width\":1550,\"height\":805,\"caption\":\"123milhas. Foto: Divulga\u00e7\u00e3o\"},{\"@type\":\"BreadcrumbList\",\"@id\":\"https:\/\/www.suno.com.br\/noticias\/123milhas-entidade-acao-civil-pedindo-bloqueio-contas-va\/#breadcrumb\",\"itemListElement\":[{\"@type\":\"ListItem\",\"position\":1,\"name\":\"Not\u00edcias\",\"item\":\"https:\/\/www.suno.com.br\/noticias\/\"},{\"@type\":\"ListItem\",\"position\":2,\"name\":\"Neg\u00f3cios\",\"item\":\"https:\/\/www.suno.com.br\/noticias\/negocios\/\"},{\"@type\":\"ListItem\",\"position\":3,\"name\":\"Entidade pede bloqueio das contas da 123milhas em a\u00e7\u00e3o civil\"}]},{\"@type\":\"WebSite\",\"@id\":\"https:\/\/www.suno.com.br\/noticias\/#website\",\"url\":\"https:\/\/www.suno.com.br\/noticias\/\",\"name\":\"Suno Not\u00edcias\",\"description\":\"Seu portal de informa\u00e7\u00e3o sobre o mundo dos investimentos\",\"publisher\":{\"@id\":\"https:\/\/www.suno.com.br\/noticias\/#organization\"},\"potentialAction\":[{\"@type\":\"SearchAction\",\"target\":{\"@type\":\"EntryPoint\",\"urlTemplate\":\"https:\/\/www.suno.com.br\/noticias\/?s={search_term_string}\"},\"query-input\":{\"@type\":\"PropertyValueSpecification\",\"valueRequired\":true,\"valueName\":\"search_term_string\"}}],\"inLanguage\":\"pt-BR\"},{\"@type\":\"Organization\",\"@id\":\"https:\/\/www.suno.com.br\/noticias\/#organization\",\"name\":\"Suno Not\u00edcias\",\"url\":\"https:\/\/www.suno.com.br\/noticias\/\",\"logo\":{\"@type\":\"ImageObject\",\"inLanguage\":\"pt-BR\",\"@id\":\"https:\/\/www.suno.com.br\/noticias\/#\/schema\/logo\/image\/\",\"url\":\"https:\/\/files.sunoresearch.com.br\/n\/uploads\/2021\/09\/suno-logo.png\",\"contentUrl\":\"https:\/\/files.sunoresearch.com.br\/n\/uploads\/2021\/09\/suno-logo.png\",\"width\":180,\"height\":180,\"caption\":\"Suno Not\u00edcias\"},\"image\":{\"@id\":\"https:\/\/www.suno.com.br\/noticias\/#\/schema\/logo\/image\/\"},\"sameAs\":[\"https:\/\/facebook.com\/sunoresearch\",\"https:\/\/x.com\/sunoresearch\",\"https:\/\/www.instagram.com\/suno\",\"https:\/\/www.linkedin.com\/company\/suno-research\/\",\"https:\/\/www.youtube.com\/c\/sunoresearch\"]},{\"@type\":\"Person\",\"@id\":\"https:\/\/www.suno.com.br\/noticias\/#\/schema\/person\/4a180549702d0e236b3e420862bcded3\",\"name\":\"Vin\u00edcius Alves\",\"image\":{\"@type\":\"ImageObject\",\"inLanguage\":\"pt-BR\",\"@id\":\"https:\/\/www.suno.com.br\/noticias\/#\/schema\/person\/image\/\",\"url\":\"https:\/\/secure.gravatar.com\/avatar\/a95b7fe6d1b813f7907d4f476d5a39e1?s=96&r=g\",\"contentUrl\":\"https:\/\/secure.gravatar.com\/avatar\/a95b7fe6d1b813f7907d4f476d5a39e1?s=96&r=g\",\"caption\":\"Vin\u00edcius Alves\"},\"description\":\"Jornalista formado na Faculdade C\u00e1sper L\u00edbero. Com passagens pela Ag\u00eancia Estado, InfoMoney e Editora Globo.\",\"url\":\"https:\/\/www.suno.com.br\/noticias\/author\/vini08correiagmail-com\/\"}]}<\/script>\n<!-- \/ Yoast SEO plugin. -->","yoast_head_json":{"title":"123milhas: entidade entra com a\u00e7\u00e3o civil pedindo bloqueio das contas","description":"O Instituto Brasileiro de Cidadania entrou com uma a\u00e7\u00e3o civil p\u00fablica contra 123milhas, solicitando o bloqueio judicial das contas da empresa","robots":{"index":"index","follow":"follow","max-snippet":"max-snippet:-1","max-image-preview":"max-image-preview:large","max-video-preview":"max-video-preview:-1"},"canonical":"https:\/\/www.suno.com.br\/noticias\/123milhas-entidade-acao-civil-pedindo-bloqueio-contas-va\/","og_locale":"pt_BR","og_type":"article","og_title":"123milhas: entidade entra com a\u00e7\u00e3o civil pedindo bloqueio das contas","og_description":"O Instituto Brasileiro de Cidadania entrou com uma a\u00e7\u00e3o civil p\u00fablica contra 123milhas, solicitando o bloqueio judicial das contas da empresa","og_url":"https:\/\/www.suno.com.br\/noticias\/123milhas-entidade-acao-civil-pedindo-bloqueio-contas-va\/","og_site_name":"Suno Not\u00edcias","article_publisher":"https:\/\/facebook.com\/sunoresearch","og_image":[{"width":1550,"height":805,"url":"https:\/\/files.sunoresearch.com.br\/n\/uploads\/2023\/08\/123-milhas.jpg","type":"image\/jpeg"}],"author":"Vin\u00edcius Alves","twitter_card":"summary_large_image","twitter_creator":"@sunoresearch","twitter_site":"@sunoresearch","twitter_misc":{"Escrito por":"Vin\u00edcius Alves","Est. tempo de leitura":"3 minutos"},"schema":{"@context":"https:\/\/schema.org","@graph":[{"@type":"NewsArticle","@id":"https:\/\/www.suno.com.br\/noticias\/123milhas-entidade-acao-civil-pedindo-bloqueio-contas-va\/#article","isPartOf":{"@id":"https:\/\/www.suno.com.br\/noticias\/123milhas-entidade-acao-civil-pedindo-bloqueio-contas-va\/"},"author":{"name":"Vin\u00edcius Alves","@id":"https:\/\/www.suno.com.br\/noticias\/#\/schema\/person\/4a180549702d0e236b3e420862bcded3"},"headline":"Entidade pede bloqueio das contas da 123milhas em a\u00e7\u00e3o civil","datePublished":"2023-08-21T22:32:33+00:00","dateModified":"2023-08-21T22:32:40+00:00","mainEntityOfPage":{"@id":"https:\/\/www.suno.com.br\/noticias\/123milhas-entidade-acao-civil-pedindo-bloqueio-contas-va\/"},"wordCount":416,"publisher":{"@id":"https:\/\/www.suno.com.br\/noticias\/#organization"},"image":{"@id":"https:\/\/www.suno.com.br\/noticias\/123milhas-entidade-acao-civil-pedindo-bloqueio-contas-va\/#primaryimage"},"thumbnailUrl":"https:\/\/files.sunoresearch.com.br\/n\/uploads\/2023\/08\/123-milhas.jpg","keywords":["Minist\u00e9rio do Turismo"],"articleSection":["Neg\u00f3cios"],"inLanguage":"pt-BR"},{"@type":"WebPage","@id":"https:\/\/www.suno.com.br\/noticias\/123milhas-entidade-acao-civil-pedindo-bloqueio-contas-va\/","url":"https:\/\/www.suno.com.br\/noticias\/123milhas-entidade-acao-civil-pedindo-bloqueio-contas-va\/","name":"123milhas: entidade entra com a\u00e7\u00e3o civil pedindo bloqueio das contas","isPartOf":{"@id":"https:\/\/www.suno.com.br\/noticias\/#website"},"primaryImageOfPage":{"@id":"https:\/\/www.suno.com.br\/noticias\/123milhas-entidade-acao-civil-pedindo-bloqueio-contas-va\/#primaryimage"},"image":{"@id":"https:\/\/www.suno.com.br\/noticias\/123milhas-entidade-acao-civil-pedindo-bloqueio-contas-va\/#primaryimage"},"thumbnailUrl":"https:\/\/files.sunoresearch.com.br\/n\/uploads\/2023\/08\/123-milhas.jpg","datePublished":"2023-08-21T22:32:33+00:00","dateModified":"2023-08-21T22:32:40+00:00","description":"O Instituto Brasileiro de Cidadania entrou com uma a\u00e7\u00e3o civil p\u00fablica contra 123milhas, solicitando o bloqueio judicial das contas da empresa","breadcrumb":{"@id":"https:\/\/www.suno.com.br\/noticias\/123milhas-entidade-acao-civil-pedindo-bloqueio-contas-va\/#breadcrumb"},"inLanguage":"pt-BR","potentialAction":[{"@type":"ReadAction","target":["https:\/\/www.suno.com.br\/noticias\/123milhas-entidade-acao-civil-pedindo-bloqueio-contas-va\/"]}]},{"@type":"ImageObject","inLanguage":"pt-BR","@id":"https:\/\/www.suno.com.br\/noticias\/123milhas-entidade-acao-civil-pedindo-bloqueio-contas-va\/#primaryimage","url":"https:\/\/files.sunoresearch.com.br\/n\/uploads\/2023\/08\/123-milhas.jpg","contentUrl":"https:\/\/files.sunoresearch.com.br\/n\/uploads\/2023\/08\/123-milhas.jpg","width":1550,"height":805,"caption":"123milhas. Foto: Divulga\u00e7\u00e3o"},{"@type":"BreadcrumbList","@id":"https:\/\/www.suno.com.br\/noticias\/123milhas-entidade-acao-civil-pedindo-bloqueio-contas-va\/#breadcrumb","itemListElement":[{"@type":"ListItem","position":1,"name":"Not\u00edcias","item":"https:\/\/www.suno.com.br\/noticias\/"},{"@type":"ListItem","position":2,"name":"Neg\u00f3cios","item":"https:\/\/www.suno.com.br\/noticias\/negocios\/"},{"@type":"ListItem","position":3,"name":"Entidade pede bloqueio das contas da 123milhas em a\u00e7\u00e3o civil"}]},{"@type":"WebSite","@id":"https:\/\/www.suno.com.br\/noticias\/#website","url":"https:\/\/www.suno.com.br\/noticias\/","name":"Suno Not\u00edcias","description":"Seu portal de informa\u00e7\u00e3o sobre o mundo dos investimentos","publisher":{"@id":"https:\/\/www.suno.com.br\/noticias\/#organization"},"potentialAction":[{"@type":"SearchAction","target":{"@type":"EntryPoint","urlTemplate":"https:\/\/www.suno.com.br\/noticias\/?s={search_term_string}"},"query-input":{"@type":"PropertyValueSpecification","valueRequired":true,"valueName":"search_term_string"}}],"inLanguage":"pt-BR"},{"@type":"Organization","@id":"https:\/\/www.suno.com.br\/noticias\/#organization","name":"Suno Not\u00edcias","url":"https:\/\/www.suno.com.br\/noticias\/","logo":{"@type":"ImageObject","inLanguage":"pt-BR","@id":"https:\/\/www.suno.com.br\/noticias\/#\/schema\/logo\/image\/","url":"https:\/\/files.sunoresearch.com.br\/n\/uploads\/2021\/09\/suno-logo.png","contentUrl":"https:\/\/files.sunoresearch.com.br\/n\/uploads\/2021\/09\/suno-logo.png","width":180,"height":180,"caption":"Suno Not\u00edcias"},"image":{"@id":"https:\/\/www.suno.com.br\/noticias\/#\/schema\/logo\/image\/"},"sameAs":["https:\/\/facebook.com\/sunoresearch","https:\/\/x.com\/sunoresearch","https:\/\/www.instagram.com\/suno","https:\/\/www.linkedin.com\/company\/suno-research\/","https:\/\/www.youtube.com\/c\/sunoresearch"]},{"@type":"Person","@id":"https:\/\/www.suno.com.br\/noticias\/#\/schema\/person\/4a180549702d0e236b3e420862bcded3","name":"Vin\u00edcius Alves","image":{"@type":"ImageObject","inLanguage":"pt-BR","@id":"https:\/\/www.suno.com.br\/noticias\/#\/schema\/person\/image\/","url":"https:\/\/secure.gravatar.com\/avatar\/a95b7fe6d1b813f7907d4f476d5a39e1?s=96&r=g","contentUrl":"https:\/\/secure.gravatar.com\/avatar\/a95b7fe6d1b813f7907d4f476d5a39e1?s=96&r=g","caption":"Vin\u00edcius Alves"},"description":"Jornalista formado na Faculdade C\u00e1sper L\u00edbero. Com passagens pela Ag\u00eancia Estado, InfoMoney e Editora Globo.","url":"https:\/\/www.suno.com.br\/noticias\/author\/vini08correiagmail-com\/"}]}},"default_loop_html":"<div class=\"cardsPage__listCard__boxs\"><div class=\"cardsPage__listCard__boxs__img\"><a href=\"https:\/\/www.suno.com.br\/noticias\/123milhas-entidade-acao-civil-pedindo-bloqueio-contas-va\/\"><img class=\"mask\" src=\"https:\/\/www.suno.com.br\/noticias\/wp-content\/themes\/suno\/resources\/images\/spotlight\/spotlight1img\/bg-mask.png\" alt=\"Image Mask\"\/><img src=\"https:\/\/files.sunoresearch.com.br\/n\/uploads\/2023\/08\/123-milhas-400x200.jpg\" alt=\"Entidade pede bloqueio das contas da 123milhas em a\u00e7\u00e3o civil\"\/><\/a><span class=\"spotlightCategory\"><a href=\"https:\/\/www.suno.com.br\/noticias\/negocios\/\">Neg\u00f3cios<\/a><\/span><\/div><div class=\"cardsPage__listCard__boxs__content\"><a href=\"https:\/\/www.suno.com.br\/noticias\/123milhas-entidade-acao-civil-pedindo-bloqueio-contas-va\/\"><h2 class=\"content__title\">Entidade pede bloqueio das contas da 123milhas em a\u00e7\u00e3o civil<\/h2><\/a><div class=\"newsContent__article__meta\"><div class=\"newsContent__article__meta__authorBox\"><a href=\"https:\/\/www.suno.com.br\/noticias\/author\/victoria\/\" class=\"authorBox__avatar noMobi\"><img src=\"https:\/\/files.sunoresearch.com.br\/n\/uploads\/2021\/12\/20190129VickyPINEAPPLE01-1-150x150.jpg\" alt=\"Vict\u00f3ria Anhesini\"><\/a><div class=\"authorBox__name\"><span>por\n\t\t\t<a href=\"https:\/\/www.suno.com.br\/noticias\/author\/victoria\/\"><span itemprop=\"author\">Vict\u00f3ria Anhesini<\/span><\/a><\/span><time datetime=\"2023-08-21T19:32:33-03:00\" itemprop=\"datePublished\">21\/08\/2023 19:32<\/time><\/div><\/div><\/div><\/div><\/div>","single_layout":"posts","amp_enabled":true,"_links":{"self":[{"href":"https:\/\/www.suno.com.br\/noticias\/wp-json\/wp\/v2\/posts\/445452"}],"collection":[{"href":"https:\/\/www.suno.com.br\/noticias\/wp-json\/wp\/v2\/posts"}],"about":[{"href":"https:\/\/www.suno.com.br\/noticias\/wp-json\/wp\/v2\/types\/post"}],"author":[{"embeddable":true,"href":"https:\/\/www.suno.com.br\/noticias\/wp-json\/wp\/v2\/users\/301"}],"replies":[{"embeddable":true,"href":"https:\/\/www.suno.com.br\/noticias\/wp-json\/wp\/v2\/comments?post=445452"}],"version-history":[{"count":2,"href":"https:\/\/www.suno.com.br\/noticias\/wp-json\/wp\/v2\/posts\/445452\/revisions"}],"predecessor-version":[{"id":445549,"href":"https:\/\/www.suno.com.br\/noticias\/wp-json\/wp\/v2\/posts\/445452\/revisions\/445549"}],"wp:featuredmedia":[{"embeddable":true,"href":"https:\/\/www.suno.com.br\/noticias\/wp-json\/wp\/v2\/media\/445547"}],"wp:attachment":[{"href":"https:\/\/www.suno.com.br\/noticias\/wp-json\/wp\/v2\/media?parent=445452"}],"wp:term":[{"taxonomy":"category","embeddable":true,"href":"https:\/\/www.suno.com.br\/noticias\/wp-json\/wp\/v2\/categories?post=445452"},{"taxonomy":"post_tag","embeddable":true,"href":"https:\/\/www.suno.com.br\/noticias\/wp-json\/wp\/v2\/tags?post=445452"},{"taxonomy":"suno_strategy","embeddable":true,"href":"https:\/\/www.suno.com.br\/noticias\/wp-json\/wp\/v2\/suno_strategy?post=445452"}],"curies":[{"name":"wp","href":"https:\/\/api.w.org\/{rel}","templated":true}]}}