{"id":445279,"date":"2023-08-21T15:52:18","date_gmt":"2023-08-21T18:52:18","guid":{"rendered":"https:\/\/www.suno.com.br\/noticias\/?p=445279"},"modified":"2023-08-21T15:52:24","modified_gmt":"2023-08-21T18:52:24","slug":"aws-governo-sao-paulo-curso-computacao-gratuito-cpf","status":"publish","type":"post","link":"https:\/\/www.suno.com.br\/noticias\/aws-governo-sao-paulo-curso-computacao-gratuito-cpf\/","title":{"rendered":"AWS e Governo de SP abrem 31 mil vagas para curso de computa\u00e7\u00e3o em nuvem gratuito"},"content":{"rendered":"<p>A Secretaria de <a class=\"suno-keyword\" data-force=\"no\" data-priority=\"1\" href=\"https:\/\/www.suno.com.br\/artigos\/desenvolvimento-economico\/\" target=\"_blank\" rel=\"noopener\">Desenvolvimento Econ\u00f4mico<\/a> do Estado de S\u00e3o Paulo e a <strong>Amazon Web Services (AWS) <\/strong>anunciaram uma colabora\u00e7\u00e3o para expandir o acesso \u00e0 forma\u00e7\u00e3o profissional em tecnologia com cursos de computa\u00e7\u00e3o em nuvem. O acordo foi oficializado por Max Peterson, vice-presidente global da AWS para o setor p\u00fablico, e Jorge Lima, secret\u00e1rio de desenvolvimento econ\u00f4mico, na \u00faltima quinta-feira (17).<\/p>\t<div class=\"wrapper-featured-image\">\n\t\t<figure class=\"spotlightImg\">\n\n\t\t\t<picture>\n\t\t\t\t<source media=\"(max-width: 768px)\" srcset=\"https:\/\/files.sunoresearch.com.br\/n\/uploads\/2023\/08\/AWS-COMPUTACAO-NUVEM-400x200.jpg\">\n\t\t\t\t<img loading=\"lazy\" decoding=\"async\" class=\"newsContent__article__imgCapa lazyloadDisabled \" src=\"https:\/\/files.sunoresearch.com.br\/n\/uploads\/2023\/08\/AWS-COMPUTACAO-NUVEM-800x450.jpg\" width=\"800\" height=\"450\" alt=\"AWS e Governo de SP abrem 31 mil vagas para curso de computa\u00e7\u00e3o em nuvem gratuito\" fetchpriority=high \/>\n\t\t\t<\/picture>\n\n\t\t\t<figcaption class=\"wp-caption-text wp-caption-text--show\">Computa\u00e7\u00e3o de nuvem - Foto: Pexels<\/figcaption>\n\t\t<\/figure>\n\t<\/div>\n\n\n\n\n\n\t<p>\n\t\t<a href=\"https:\/\/lp.suno.com.br\/planilha-da-vida-financeira\/\" target=\"_blank\" data-element=\"shortcode-suno-banner\" title=\"Banner SUNO, clique e saiba mais\">\n\t\t\t<picture>\n\t\t\t\t<source media=\"(max-width: 500px)\" srcset=\"https:\/\/files.sunoresearch.com.br\/n\/uploads\/2023\/04\/400x300-Planilha-vida-financeira-true.png\">\n\t\t\t\t<img class=\"newsContent__article__imgCapa newsContent__article__imgCapa--banner\"\n\t\t\t\t\tsrc=\"https:\/\/files.sunoresearch.com.br\/n\/uploads\/2023\/04\/1420x240-Planilha-vida-financeira-true.png\"\n\t\t\t\t\tdata-promo-id=\"383123\"\t\t\t\t\t\t\t\t\t\twidth='1420' height='240'\t\t\t\t\talt=\"https:\/\/files.sunoresearch.com.br\/n\/uploads\/2023\/04\/1420x240-Planilha-vida-financeira-true.png\"\n\t\t\t\t>\n\t\t\t<\/picture>\n\t\t<\/a>\n\t<\/p>\n\n\n\n\n\n<p>O objetivo \u00e9 capacitar 31 mil pessoas at\u00e9 o ano de 2024. <\/p>\n\n\n\n<p>Inicialmente, ainda este ano, ser\u00e3o oferecidas mil vagas para o curso &#8220;<strong>Introdu\u00e7\u00e3o \u00e0 Programa\u00e7\u00e3o<\/strong>&#8220;, ministrado pela Proz, uma escola de educa\u00e7\u00e3o profissional. O curso faz parte do programa &#8220;Portal Tech&#8221;, uma colabora\u00e7\u00e3o entre a <strong>AWS <\/strong>e a Meta, dona do Instagram e Facebook. O objetivo \u00e9 expandir o acesso ao conhecimento sobre tecnologias em crescimento, como computa\u00e7\u00e3o em nuvem, metaverso e marketing digital.<\/p>\n\n\n\n<p>Para o pr\u00f3ximo ano, est\u00e3o previstas mais 30 mil vagas para o curso &#8220;<strong>Descubra a Nuvem AWS<\/strong>&#8220;, ministrado pela <a href=\"https:\/\/www.suno.com.br\/noticias\/aws-nexa-dio-descubra-nuvem-cpf\/\" target=\"_blank\" rel=\"noreferrer noopener\">DIO<\/a>, uma <a href=\"https:\/\/www.suno.com.br\/noticias\/startups-dolar-ajudar-financas-internacionais-cpf\/\" target=\"_blank\" rel=\"noreferrer noopener\">plataforma de educa\u00e7\u00e3o<\/a> em tecnologia de c\u00f3digo aberto. O curso faz parte do programa &#8220;Talento na Nuvem&#8221;, uma iniciativa desenvolvida em colabora\u00e7\u00e3o com a Nexa, que tem como objetivo democratizar o conhecimento sobre a nuvem e promover a diversidade no setor de tecnologia em todo o Brasil.<\/p>\n\n\n\n<p>As <strong>inscri\u00e7\u00f5es <\/strong>estar\u00e3o dispon\u00edveis a partir de setembro, no portal de <a href=\"https:\/\/www.cursosprofissionalizantes.sp.gov.br\/\" target=\"_blank\" rel=\"noreferrer noopener\">Cursos Profissionalizantes<\/a> do Governo de S\u00e3o Paulo. Para participar, \u00e9 preciso ter ao menos 16 anos e ser residente no Estado. Haver\u00e1 prioridade para grupos tecnologicamente sub-representados.<\/p>\n\n\n\n\t<div data-element=\"shortcode-read-more\" class=\"readToo\">\n\t\t\t\t<span class=\"readToo__title\">Leia mais<\/span>\n\t\t\t\t<ul class=\"readToo__list\">\n\t\t\t<li><a href=\"https:\/\/www.suno.com.br\/noticias\/vale-vale3-sustentabilidade-investimentos-tiago-reis-gpj\/\">Vale (VALE3): sustentabilidade \u00e9 um atrativo para investimentos, diz Tiago Reis, fundador da Suno<\/a><\/li><li><a href=\"https:\/\/www.suno.com.br\/noticias\/china-ubs-de-olho-no-caos-evm\/\">Recess\u00e3o e crise imobili\u00e1ria: UBS corta proje\u00e7\u00f5es sobre a China<\/a><\/li><li><a href=\"https:\/\/www.suno.com.br\/noticias\/cvm-orientacoes-clubes-de-futebol-mercado-capitais-gpj\/\">CVM publica orienta\u00e7\u00f5es para clubes de futebol que desejam entrar no mercado de capitais<\/a><\/li>\t\t<\/ul>\n\t<\/div>\n\n\n\n\n<h2 class=\"wp-block-heading\">Iniciativa da AWS com o Governo de SP<\/h2>\n\n\n\n<p>O secret\u00e1rio de desenvolvimento econ\u00f4mico, Jorge Lima, destacou a import\u00e2ncia dessa parceria com a <a class=\"suno-keyword\" data-force=\"no\" data-priority=\"1\" href=\"https:\/\/www.suno.com.br\/artigos\/iniciativa-privada\/\" target=\"_blank\" rel=\"noopener\">iniciativa privada<\/a>, afirmando que oferecer capacita\u00e7\u00e3o profissional de qualidade em \u00e1reas de alta demanda, como <strong>Tecnologia da Informa\u00e7\u00e3<\/strong>o, \u00e9 uma miss\u00e3o do governo estadual. \u00a0<\/p>\n\n\n\n<p>\u201cA parceria com a iniciativa privada ser\u00e1 muito ben\u00e9fica e contribuir\u00e1 para que viabilizemos pol\u00edticas p\u00fablicas de qualifica\u00e7\u00e3o ainda mais assertivas,&#8221; afirmou o secret\u00e1rio.<\/p>\n\n\n\n<p>A iniciativa faz parte dos esfor\u00e7os da <strong>AWS <\/strong>para capacitar gratuitamente 29 milh\u00f5es de pessoas em todo o mundo com habilidades digitais at\u00e9 2025. Al\u00e9m disso, a empresa est\u00e1 comprometida em promover a diversidade e inclus\u00e3o no setor de <strong>tecnologia<\/strong>.<\/p>\n\n\n\n<p>O <strong>Estudo de Habilidades Digitais Globais da AWS <\/strong>de 2021 apontou que tr\u00eas em cada cinco trabalhadores ouvidos n\u00e3o est\u00e3o confiantes de estar adquirindo habilidades digitais r\u00e1pido o suficiente para atender \u00e0s necessidades futuras de carreira. Al\u00e9m de atuais trabalhadores, a iniciativa tamb\u00e9m se preocupa na forma\u00e7\u00e3o da pr\u00f3xima gera\u00e7\u00e3o do <a class=\"suno-keyword\" data-force=\"no\" data-priority=\"2\" href=\"https:\/\/www.suno.com.br\/artigos\/mercado-de-trabalho\/\" target=\"_blank\" rel=\"noopener\">mercado de trabalho<\/a>.<\/p>\n\n\n\n<p>\u201cPara a <strong>AWS<\/strong>, colaborar com o Governo de S\u00e3o Paulo para capacitar gratuitamente mais de 30 mil pessoas em uma das tecnologias mais adotadas at\u00e9 2025, segundo o <a class=\"suno-keyword\" data-force=\"no\" data-priority=\"1\" href=\"https:\/\/www.suno.com.br\/artigos\/forum-economico-mundial\/\" target=\"_blank\" rel=\"noopener\">F\u00f3rum Econ\u00f4mico Mundial<\/a>, significa aumentar a diversidade de profissionais capacitados no setor,&#8221; enfatiza Max Peterson, vice-presidente global da AWS. &#8220;A ideia \u00e9 impactar a vida de cidad\u00e3os com acesso limitado \u00e0 profissionaliza\u00e7\u00e3o.&#8221;<\/p>\n\n\n\n\n\t<p>\n\t\t<a href=\"https:\/\/lp.suno.com.br\/planilha-da-vida-financeira\/\" target=\"_blank\" data-element=\"shortcode-suno-banner\" title=\"Banner SUNO, clique e saiba mais\">\n\t\t\t<picture>\n\t\t\t\t<source media=\"(max-width: 500px)\" srcset=\"https:\/\/files.sunoresearch.com.br\/n\/uploads\/2023\/04\/400x300-Planilha-vida-financeira-true.png\">\n\t\t\t\t<img class=\"newsContent__article__imgCapa newsContent__article__imgCapa--banner\"\n\t\t\t\t\tsrc=\"https:\/\/files.sunoresearch.com.br\/n\/uploads\/2023\/04\/1420x240-Planilha-vida-financeira-true.png\"\n\t\t\t\t\tdata-promo-id=\"383123\"\t\t\t\t\t\t\t\t\t\twidth='1420' height='240'\t\t\t\t\talt=\"https:\/\/files.sunoresearch.com.br\/n\/uploads\/2023\/04\/1420x240-Planilha-vida-financeira-true.png\"\n\t\t\t\t>\n\t\t\t<\/picture>\n\t\t<\/a>\n\t<\/p>\n\n\n","protected":false},"excerpt":{"rendered":"<p>A Secretaria de Desenvolvimento Econ\u00f4mico do Estado de S\u00e3o Paulo e a Amazon Web Services (AWS) anunciaram uma colabora\u00e7\u00e3o para expandir o acesso \u00e0 forma\u00e7\u00e3o profissional em tecnologia com cursos de computa\u00e7\u00e3o em nuvem. O acordo foi oficializado por Max Peterson, vice-presidente global da AWS para o setor p\u00fablico, e Jorge Lima, secret\u00e1rio de desenvolvimento [&hellip;]<\/p>\n","protected":false},"author":283,"featured_media":445395,"comment_status":"closed","ping_status":"closed","sticky":false,"template":"","format":"standard","meta":[],"categories":[106394],"tags":[105456,708],"suno_strategy":[],"class_list":["post-445279","post","type-post","status-publish","format-standard","has-post-thumbnail","hentry","category-startups","tag-amazon-web-services","tag-startups"],"yoast_head":"<!-- This site is optimized with the Yoast SEO plugin v24.4 - https:\/\/yoast.com\/wordpress\/plugins\/seo\/ -->\n<title>AWS e Governo de SP abrem 31 mil vagas para curso de computa\u00e7\u00e3o<\/title>\n<meta name=\"description\" content=\"Em curso gratuito de computa\u00e7\u00e3o em nuvem, o Governo de S\u00e3o Paulo e a AWS buscam expandir a forma\u00e7\u00e3o profissional em tecnologia.\" \/>\n<meta name=\"robots\" content=\"index, follow, max-snippet:-1, max-image-preview:large, max-video-preview:-1\" \/>\n<link rel=\"canonical\" href=\"https:\/\/www.suno.com.br\/noticias\/aws-governo-sao-paulo-curso-computacao-gratuito-cpf\/\" \/>\n<meta property=\"og:locale\" content=\"pt_BR\" \/>\n<meta property=\"og:type\" content=\"article\" \/>\n<meta property=\"og:title\" content=\"AWS e Governo de SP abrem 31 mil vagas para curso de computa\u00e7\u00e3o\" \/>\n<meta property=\"og:description\" content=\"Em curso gratuito de computa\u00e7\u00e3o em nuvem, o Governo de S\u00e3o Paulo e a AWS buscam expandir a forma\u00e7\u00e3o profissional em tecnologia.\" \/>\n<meta property=\"og:url\" content=\"https:\/\/www.suno.com.br\/noticias\/aws-governo-sao-paulo-curso-computacao-gratuito-cpf\/\" \/>\n<meta property=\"og:site_name\" content=\"Suno Not\u00edcias\" \/>\n<meta property=\"article:publisher\" content=\"https:\/\/facebook.com\/sunoresearch\" \/>\n<meta property=\"og:image\" content=\"https:\/\/files.sunoresearch.com.br\/n\/uploads\/2023\/08\/AWS-COMPUTACAO-NUVEM.jpg\" \/>\n\t<meta property=\"og:image:width\" content=\"1200\" \/>\n\t<meta property=\"og:image:height\" content=\"800\" \/>\n\t<meta property=\"og:image:type\" content=\"image\/jpeg\" \/>\n<meta name=\"author\" content=\"Camila Paim\" \/>\n<meta name=\"twitter:card\" content=\"summary_large_image\" \/>\n<meta name=\"twitter:creator\" content=\"@sunoresearch\" \/>\n<meta name=\"twitter:site\" content=\"@sunoresearch\" \/>\n<meta name=\"twitter:label1\" content=\"Escrito por\" \/>\n\t<meta name=\"twitter:data1\" content=\"Camila Paim\" \/>\n\t<meta name=\"twitter:label2\" content=\"Est. tempo de leitura\" \/>\n\t<meta name=\"twitter:data2\" content=\"3 minutos\" \/>\n<script type=\"application\/ld+json\" class=\"yoast-schema-graph\">{\"@context\":\"https:\/\/schema.org\",\"@graph\":[{\"@type\":\"NewsArticle\",\"@id\":\"https:\/\/www.suno.com.br\/noticias\/aws-governo-sao-paulo-curso-computacao-gratuito-cpf\/#article\",\"isPartOf\":{\"@id\":\"https:\/\/www.suno.com.br\/noticias\/aws-governo-sao-paulo-curso-computacao-gratuito-cpf\/\"},\"author\":{\"name\":\"Camila Paim\",\"@id\":\"https:\/\/www.suno.com.br\/noticias\/#\/schema\/person\/f341d3ae5d1cc685176c9a5327cdfdbb\"},\"headline\":\"AWS e Governo de SP abrem 31 mil vagas para curso de computa\u00e7\u00e3o em nuvem gratuito\",\"datePublished\":\"2023-08-21T18:52:18+00:00\",\"dateModified\":\"2023-08-21T18:52:24+00:00\",\"mainEntityOfPage\":{\"@id\":\"https:\/\/www.suno.com.br\/noticias\/aws-governo-sao-paulo-curso-computacao-gratuito-cpf\/\"},\"wordCount\":521,\"publisher\":{\"@id\":\"https:\/\/www.suno.com.br\/noticias\/#organization\"},\"image\":{\"@id\":\"https:\/\/www.suno.com.br\/noticias\/aws-governo-sao-paulo-curso-computacao-gratuito-cpf\/#primaryimage\"},\"thumbnailUrl\":\"https:\/\/files.sunoresearch.com.br\/n\/uploads\/2023\/08\/AWS-COMPUTACAO-NUVEM.jpg\",\"keywords\":[\"Amazon Web Services\",\"startups\"],\"articleSection\":[\"Startups\"],\"inLanguage\":\"pt-BR\"},{\"@type\":\"WebPage\",\"@id\":\"https:\/\/www.suno.com.br\/noticias\/aws-governo-sao-paulo-curso-computacao-gratuito-cpf\/\",\"url\":\"https:\/\/www.suno.com.br\/noticias\/aws-governo-sao-paulo-curso-computacao-gratuito-cpf\/\",\"name\":\"AWS e Governo de SP abrem 31 mil vagas para curso de computa\u00e7\u00e3o\",\"isPartOf\":{\"@id\":\"https:\/\/www.suno.com.br\/noticias\/#website\"},\"primaryImageOfPage\":{\"@id\":\"https:\/\/www.suno.com.br\/noticias\/aws-governo-sao-paulo-curso-computacao-gratuito-cpf\/#primaryimage\"},\"image\":{\"@id\":\"https:\/\/www.suno.com.br\/noticias\/aws-governo-sao-paulo-curso-computacao-gratuito-cpf\/#primaryimage\"},\"thumbnailUrl\":\"https:\/\/files.sunoresearch.com.br\/n\/uploads\/2023\/08\/AWS-COMPUTACAO-NUVEM.jpg\",\"datePublished\":\"2023-08-21T18:52:18+00:00\",\"dateModified\":\"2023-08-21T18:52:24+00:00\",\"description\":\"Em curso gratuito de computa\u00e7\u00e3o em nuvem, o Governo de S\u00e3o Paulo e a AWS buscam expandir a forma\u00e7\u00e3o profissional em tecnologia.\",\"breadcrumb\":{\"@id\":\"https:\/\/www.suno.com.br\/noticias\/aws-governo-sao-paulo-curso-computacao-gratuito-cpf\/#breadcrumb\"},\"inLanguage\":\"pt-BR\",\"potentialAction\":[{\"@type\":\"ReadAction\",\"target\":[\"https:\/\/www.suno.com.br\/noticias\/aws-governo-sao-paulo-curso-computacao-gratuito-cpf\/\"]}]},{\"@type\":\"ImageObject\",\"inLanguage\":\"pt-BR\",\"@id\":\"https:\/\/www.suno.com.br\/noticias\/aws-governo-sao-paulo-curso-computacao-gratuito-cpf\/#primaryimage\",\"url\":\"https:\/\/files.sunoresearch.com.br\/n\/uploads\/2023\/08\/AWS-COMPUTACAO-NUVEM.jpg\",\"contentUrl\":\"https:\/\/files.sunoresearch.com.br\/n\/uploads\/2023\/08\/AWS-COMPUTACAO-NUVEM.jpg\",\"width\":1200,\"height\":800,\"caption\":\"Computa\u00e7\u00e3o de nuvem - Foto: Pexels\"},{\"@type\":\"BreadcrumbList\",\"@id\":\"https:\/\/www.suno.com.br\/noticias\/aws-governo-sao-paulo-curso-computacao-gratuito-cpf\/#breadcrumb\",\"itemListElement\":[{\"@type\":\"ListItem\",\"position\":1,\"name\":\"Not\u00edcias\",\"item\":\"https:\/\/www.suno.com.br\/noticias\/\"},{\"@type\":\"ListItem\",\"position\":2,\"name\":\"Startups\",\"item\":\"https:\/\/www.suno.com.br\/noticias\/startups\/\"},{\"@type\":\"ListItem\",\"position\":3,\"name\":\"AWS e Governo de SP abrem 31 mil vagas para curso de computa\u00e7\u00e3o em nuvem gratuito\"}]},{\"@type\":\"WebSite\",\"@id\":\"https:\/\/www.suno.com.br\/noticias\/#website\",\"url\":\"https:\/\/www.suno.com.br\/noticias\/\",\"name\":\"Suno Not\u00edcias\",\"description\":\"Seu portal de informa\u00e7\u00e3o sobre o mundo dos investimentos\",\"publisher\":{\"@id\":\"https:\/\/www.suno.com.br\/noticias\/#organization\"},\"potentialAction\":[{\"@type\":\"SearchAction\",\"target\":{\"@type\":\"EntryPoint\",\"urlTemplate\":\"https:\/\/www.suno.com.br\/noticias\/?s={search_term_string}\"},\"query-input\":{\"@type\":\"PropertyValueSpecification\",\"valueRequired\":true,\"valueName\":\"search_term_string\"}}],\"inLanguage\":\"pt-BR\"},{\"@type\":\"Organization\",\"@id\":\"https:\/\/www.suno.com.br\/noticias\/#organization\",\"name\":\"Suno Not\u00edcias\",\"url\":\"https:\/\/www.suno.com.br\/noticias\/\",\"logo\":{\"@type\":\"ImageObject\",\"inLanguage\":\"pt-BR\",\"@id\":\"https:\/\/www.suno.com.br\/noticias\/#\/schema\/logo\/image\/\",\"url\":\"https:\/\/files.sunoresearch.com.br\/n\/uploads\/2021\/09\/suno-logo.png\",\"contentUrl\":\"https:\/\/files.sunoresearch.com.br\/n\/uploads\/2021\/09\/suno-logo.png\",\"width\":180,\"height\":180,\"caption\":\"Suno Not\u00edcias\"},\"image\":{\"@id\":\"https:\/\/www.suno.com.br\/noticias\/#\/schema\/logo\/image\/\"},\"sameAs\":[\"https:\/\/facebook.com\/sunoresearch\",\"https:\/\/x.com\/sunoresearch\",\"https:\/\/www.instagram.com\/suno\",\"https:\/\/www.linkedin.com\/company\/suno-research\/\",\"https:\/\/www.youtube.com\/c\/sunoresearch\"]},{\"@type\":\"Person\",\"@id\":\"https:\/\/www.suno.com.br\/noticias\/#\/schema\/person\/f341d3ae5d1cc685176c9a5327cdfdbb\",\"name\":\"Camila Paim\",\"image\":{\"@type\":\"ImageObject\",\"inLanguage\":\"pt-BR\",\"@id\":\"https:\/\/www.suno.com.br\/noticias\/#\/schema\/person\/image\/\",\"url\":\"https:\/\/secure.gravatar.com\/avatar\/f33728e65febb1aa7ecf6792956f9b20?s=96&r=g\",\"contentUrl\":\"https:\/\/secure.gravatar.com\/avatar\/f33728e65febb1aa7ecf6792956f9b20?s=96&r=g\",\"caption\":\"Camila Paim\"},\"description\":\"Jornalista formada pela USP, tem experi\u00eancia em reda\u00e7\u00f5es, SEO, Branded Content e Webdesign. Com passagem pelo Jornal da USP, Empiricus e C6 Bank, hoje \u00e9 rep\u00f3rter no Suno Not\u00edcias cobrindo macroeconomia, finan\u00e7as pessoais e startups.\",\"url\":\"https:\/\/www.suno.com.br\/noticias\/author\/camila-figueiredosuno-com-br\/\"}]}<\/script>\n<!-- \/ Yoast SEO plugin. -->","yoast_head_json":{"title":"AWS e Governo de SP abrem 31 mil vagas para curso de computa\u00e7\u00e3o","description":"Em curso gratuito de computa\u00e7\u00e3o em nuvem, o Governo de S\u00e3o Paulo e a AWS buscam expandir a forma\u00e7\u00e3o profissional em tecnologia.","robots":{"index":"index","follow":"follow","max-snippet":"max-snippet:-1","max-image-preview":"max-image-preview:large","max-video-preview":"max-video-preview:-1"},"canonical":"https:\/\/www.suno.com.br\/noticias\/aws-governo-sao-paulo-curso-computacao-gratuito-cpf\/","og_locale":"pt_BR","og_type":"article","og_title":"AWS e Governo de SP abrem 31 mil vagas para curso de computa\u00e7\u00e3o","og_description":"Em curso gratuito de computa\u00e7\u00e3o em nuvem, o Governo de S\u00e3o Paulo e a AWS buscam expandir a forma\u00e7\u00e3o profissional em tecnologia.","og_url":"https:\/\/www.suno.com.br\/noticias\/aws-governo-sao-paulo-curso-computacao-gratuito-cpf\/","og_site_name":"Suno Not\u00edcias","article_publisher":"https:\/\/facebook.com\/sunoresearch","og_image":[{"width":1200,"height":800,"url":"https:\/\/files.sunoresearch.com.br\/n\/uploads\/2023\/08\/AWS-COMPUTACAO-NUVEM.jpg","type":"image\/jpeg"}],"author":"Camila Paim","twitter_card":"summary_large_image","twitter_creator":"@sunoresearch","twitter_site":"@sunoresearch","twitter_misc":{"Escrito por":"Camila Paim","Est. tempo de leitura":"3 minutos"},"schema":{"@context":"https:\/\/schema.org","@graph":[{"@type":"NewsArticle","@id":"https:\/\/www.suno.com.br\/noticias\/aws-governo-sao-paulo-curso-computacao-gratuito-cpf\/#article","isPartOf":{"@id":"https:\/\/www.suno.com.br\/noticias\/aws-governo-sao-paulo-curso-computacao-gratuito-cpf\/"},"author":{"name":"Camila Paim","@id":"https:\/\/www.suno.com.br\/noticias\/#\/schema\/person\/f341d3ae5d1cc685176c9a5327cdfdbb"},"headline":"AWS e Governo de SP abrem 31 mil vagas para curso de computa\u00e7\u00e3o em nuvem gratuito","datePublished":"2023-08-21T18:52:18+00:00","dateModified":"2023-08-21T18:52:24+00:00","mainEntityOfPage":{"@id":"https:\/\/www.suno.com.br\/noticias\/aws-governo-sao-paulo-curso-computacao-gratuito-cpf\/"},"wordCount":521,"publisher":{"@id":"https:\/\/www.suno.com.br\/noticias\/#organization"},"image":{"@id":"https:\/\/www.suno.com.br\/noticias\/aws-governo-sao-paulo-curso-computacao-gratuito-cpf\/#primaryimage"},"thumbnailUrl":"https:\/\/files.sunoresearch.com.br\/n\/uploads\/2023\/08\/AWS-COMPUTACAO-NUVEM.jpg","keywords":["Amazon Web Services","startups"],"articleSection":["Startups"],"inLanguage":"pt-BR"},{"@type":"WebPage","@id":"https:\/\/www.suno.com.br\/noticias\/aws-governo-sao-paulo-curso-computacao-gratuito-cpf\/","url":"https:\/\/www.suno.com.br\/noticias\/aws-governo-sao-paulo-curso-computacao-gratuito-cpf\/","name":"AWS e Governo de SP abrem 31 mil vagas para curso de computa\u00e7\u00e3o","isPartOf":{"@id":"https:\/\/www.suno.com.br\/noticias\/#website"},"primaryImageOfPage":{"@id":"https:\/\/www.suno.com.br\/noticias\/aws-governo-sao-paulo-curso-computacao-gratuito-cpf\/#primaryimage"},"image":{"@id":"https:\/\/www.suno.com.br\/noticias\/aws-governo-sao-paulo-curso-computacao-gratuito-cpf\/#primaryimage"},"thumbnailUrl":"https:\/\/files.sunoresearch.com.br\/n\/uploads\/2023\/08\/AWS-COMPUTACAO-NUVEM.jpg","datePublished":"2023-08-21T18:52:18+00:00","dateModified":"2023-08-21T18:52:24+00:00","description":"Em curso gratuito de computa\u00e7\u00e3o em nuvem, o Governo de S\u00e3o Paulo e a AWS buscam expandir a forma\u00e7\u00e3o profissional em tecnologia.","breadcrumb":{"@id":"https:\/\/www.suno.com.br\/noticias\/aws-governo-sao-paulo-curso-computacao-gratuito-cpf\/#breadcrumb"},"inLanguage":"pt-BR","potentialAction":[{"@type":"ReadAction","target":["https:\/\/www.suno.com.br\/noticias\/aws-governo-sao-paulo-curso-computacao-gratuito-cpf\/"]}]},{"@type":"ImageObject","inLanguage":"pt-BR","@id":"https:\/\/www.suno.com.br\/noticias\/aws-governo-sao-paulo-curso-computacao-gratuito-cpf\/#primaryimage","url":"https:\/\/files.sunoresearch.com.br\/n\/uploads\/2023\/08\/AWS-COMPUTACAO-NUVEM.jpg","contentUrl":"https:\/\/files.sunoresearch.com.br\/n\/uploads\/2023\/08\/AWS-COMPUTACAO-NUVEM.jpg","width":1200,"height":800,"caption":"Computa\u00e7\u00e3o de nuvem - Foto: Pexels"},{"@type":"BreadcrumbList","@id":"https:\/\/www.suno.com.br\/noticias\/aws-governo-sao-paulo-curso-computacao-gratuito-cpf\/#breadcrumb","itemListElement":[{"@type":"ListItem","position":1,"name":"Not\u00edcias","item":"https:\/\/www.suno.com.br\/noticias\/"},{"@type":"ListItem","position":2,"name":"Startups","item":"https:\/\/www.suno.com.br\/noticias\/startups\/"},{"@type":"ListItem","position":3,"name":"AWS e Governo de SP abrem 31 mil vagas para curso de computa\u00e7\u00e3o em nuvem gratuito"}]},{"@type":"WebSite","@id":"https:\/\/www.suno.com.br\/noticias\/#website","url":"https:\/\/www.suno.com.br\/noticias\/","name":"Suno Not\u00edcias","description":"Seu portal de informa\u00e7\u00e3o sobre o mundo dos investimentos","publisher":{"@id":"https:\/\/www.suno.com.br\/noticias\/#organization"},"potentialAction":[{"@type":"SearchAction","target":{"@type":"EntryPoint","urlTemplate":"https:\/\/www.suno.com.br\/noticias\/?s={search_term_string}"},"query-input":{"@type":"PropertyValueSpecification","valueRequired":true,"valueName":"search_term_string"}}],"inLanguage":"pt-BR"},{"@type":"Organization","@id":"https:\/\/www.suno.com.br\/noticias\/#organization","name":"Suno Not\u00edcias","url":"https:\/\/www.suno.com.br\/noticias\/","logo":{"@type":"ImageObject","inLanguage":"pt-BR","@id":"https:\/\/www.suno.com.br\/noticias\/#\/schema\/logo\/image\/","url":"https:\/\/files.sunoresearch.com.br\/n\/uploads\/2021\/09\/suno-logo.png","contentUrl":"https:\/\/files.sunoresearch.com.br\/n\/uploads\/2021\/09\/suno-logo.png","width":180,"height":180,"caption":"Suno Not\u00edcias"},"image":{"@id":"https:\/\/www.suno.com.br\/noticias\/#\/schema\/logo\/image\/"},"sameAs":["https:\/\/facebook.com\/sunoresearch","https:\/\/x.com\/sunoresearch","https:\/\/www.instagram.com\/suno","https:\/\/www.linkedin.com\/company\/suno-research\/","https:\/\/www.youtube.com\/c\/sunoresearch"]},{"@type":"Person","@id":"https:\/\/www.suno.com.br\/noticias\/#\/schema\/person\/f341d3ae5d1cc685176c9a5327cdfdbb","name":"Camila Paim","image":{"@type":"ImageObject","inLanguage":"pt-BR","@id":"https:\/\/www.suno.com.br\/noticias\/#\/schema\/person\/image\/","url":"https:\/\/secure.gravatar.com\/avatar\/f33728e65febb1aa7ecf6792956f9b20?s=96&r=g","contentUrl":"https:\/\/secure.gravatar.com\/avatar\/f33728e65febb1aa7ecf6792956f9b20?s=96&r=g","caption":"Camila Paim"},"description":"Jornalista formada pela USP, tem experi\u00eancia em reda\u00e7\u00f5es, SEO, Branded Content e Webdesign. Com passagem pelo Jornal da USP, Empiricus e C6 Bank, hoje \u00e9 rep\u00f3rter no Suno Not\u00edcias cobrindo macroeconomia, finan\u00e7as pessoais e startups.","url":"https:\/\/www.suno.com.br\/noticias\/author\/camila-figueiredosuno-com-br\/"}]}},"default_loop_html":"<div class=\"cardsPage__listCard__boxs\"><div class=\"cardsPage__listCard__boxs__img\"><a href=\"https:\/\/www.suno.com.br\/noticias\/aws-governo-sao-paulo-curso-computacao-gratuito-cpf\/\"><img class=\"mask\" src=\"https:\/\/www.suno.com.br\/noticias\/wp-content\/themes\/suno\/resources\/images\/spotlight\/spotlight1img\/bg-mask.png\" alt=\"Image Mask\"\/><img src=\"https:\/\/files.sunoresearch.com.br\/n\/uploads\/2023\/08\/AWS-COMPUTACAO-NUVEM-400x200.jpg\" alt=\"AWS e Governo de SP abrem 31 mil vagas para curso de computa\u00e7\u00e3o em nuvem gratuito\"\/><\/a><span class=\"spotlightCategory\"><a href=\"https:\/\/www.suno.com.br\/noticias\/startups\/\">Startups<\/a><\/span><\/div><div class=\"cardsPage__listCard__boxs__content\"><a href=\"https:\/\/www.suno.com.br\/noticias\/aws-governo-sao-paulo-curso-computacao-gratuito-cpf\/\"><h2 class=\"content__title\">AWS e Governo de SP abrem 31 mil vagas para curso de computa\u00e7\u00e3o em nuvem gratuito<\/h2><\/a><div class=\"newsContent__article__meta\"><div class=\"newsContent__article__meta__authorBox\"><a href=\"https:\/\/www.suno.com.br\/noticias\/author\/giovanni-porfiriosuno-com-br\/\" class=\"authorBox__avatar noMobi\"><img src=\"https:\/\/files.sunoresearch.com.br\/n\/uploads\/2024\/05\/DSCF4115-1-1-150x150.webp\" alt=\"Giovanni Porf\u00edrio Jacomino\"><\/a><div class=\"authorBox__name\"><span>por\n\t\t\t<a href=\"https:\/\/www.suno.com.br\/noticias\/author\/giovanni-porfiriosuno-com-br\/\"><span itemprop=\"author\">Giovanni Porf\u00edrio Jacomino<\/span><\/a><\/span><time datetime=\"2023-08-21T15:52:18-03:00\" itemprop=\"datePublished\">21\/08\/2023 15:52<\/time><\/div><\/div><\/div><\/div><\/div>","single_layout":"posts","amp_enabled":true,"_links":{"self":[{"href":"https:\/\/www.suno.com.br\/noticias\/wp-json\/wp\/v2\/posts\/445279"}],"collection":[{"href":"https:\/\/www.suno.com.br\/noticias\/wp-json\/wp\/v2\/posts"}],"about":[{"href":"https:\/\/www.suno.com.br\/noticias\/wp-json\/wp\/v2\/types\/post"}],"author":[{"embeddable":true,"href":"https:\/\/www.suno.com.br\/noticias\/wp-json\/wp\/v2\/users\/283"}],"replies":[{"embeddable":true,"href":"https:\/\/www.suno.com.br\/noticias\/wp-json\/wp\/v2\/comments?post=445279"}],"version-history":[{"count":3,"href":"https:\/\/www.suno.com.br\/noticias\/wp-json\/wp\/v2\/posts\/445279\/revisions"}],"predecessor-version":[{"id":445412,"href":"https:\/\/www.suno.com.br\/noticias\/wp-json\/wp\/v2\/posts\/445279\/revisions\/445412"}],"wp:featuredmedia":[{"embeddable":true,"href":"https:\/\/www.suno.com.br\/noticias\/wp-json\/wp\/v2\/media\/445395"}],"wp:attachment":[{"href":"https:\/\/www.suno.com.br\/noticias\/wp-json\/wp\/v2\/media?parent=445279"}],"wp:term":[{"taxonomy":"category","embeddable":true,"href":"https:\/\/www.suno.com.br\/noticias\/wp-json\/wp\/v2\/categories?post=445279"},{"taxonomy":"post_tag","embeddable":true,"href":"https:\/\/www.suno.com.br\/noticias\/wp-json\/wp\/v2\/tags?post=445279"},{"taxonomy":"suno_strategy","embeddable":true,"href":"https:\/\/www.suno.com.br\/noticias\/wp-json\/wp\/v2\/suno_strategy?post=445279"}],"curies":[{"name":"wp","href":"https:\/\/api.w.org\/{rel}","templated":true}]}}