{"id":444976,"date":"2023-08-20T14:03:20","date_gmt":"2023-08-20T17:03:20","guid":{"rendered":"https:\/\/www.suno.com.br\/noticias\/?p=444976"},"modified":"2023-08-20T14:03:27","modified_gmt":"2023-08-20T17:03:27","slug":"crescimento-economia-brasil-ex-secretaria-do-tesouro","status":"publish","type":"post","link":"https:\/\/www.suno.com.br\/noticias\/crescimento-economia-brasil-ex-secretaria-do-tesouro\/","title":{"rendered":"Crescimento econ\u00f4mico de longo prazo precisa ser discutido, diz ex-secret\u00e1ria do Tesouro"},"content":{"rendered":"<p>A ex-secret\u00e1ria do <a class=\"suno-keyword\" data-force=\"no\" data-priority=\"2\" href=\"https:\/\/www.suno.com.br\/artigos\/tesouro-nacional\/\" target=\"_blank\" rel=\"noopener\">Tesouro Nacional<\/a> e atual diretora de Macroeconomia do Banco Santander Brasil, Ana Paula Vescovi, afirmou na quinta-feira (17) que \u00e9 preciso discutir qual a capacidade do Pa\u00eds de <strong><a href=\"https:\/\/www.suno.com.br\/noticias\/tags\/crescimento-economico\/\" target=\"_blank\" rel=\"noreferrer noopener\">crescimento<\/a><\/strong> no <a class=\"suno-keyword\" data-force=\"no\" data-priority=\"1\" href=\"https:\/\/www.suno.com.br\/artigos\/longo-prazo\/\" target=\"_blank\" rel=\"noopener\">longo prazo<\/a> e se isso mudou em raz\u00e3o de eventos recentes importantes. <\/p>\t<div class=\"wrapper-featured-image\">\n\t\t<figure class=\"spotlightImg\">\n\n\t\t\t<picture>\n\t\t\t\t<source media=\"(max-width: 768px)\" srcset=\"https:\/\/files.sunoresearch.com.br\/n\/uploads\/2023\/08\/ana-paula-vescovi-400x200.jpg\">\n\t\t\t\t<img loading=\"lazy\" decoding=\"async\" class=\"newsContent__article__imgCapa lazyloadDisabled \" src=\"https:\/\/files.sunoresearch.com.br\/n\/uploads\/2023\/08\/ana-paula-vescovi-800x450.jpg\" width=\"800\" height=\"450\" alt=\"Crescimento econ\u00f4mico de longo prazo precisa ser discutido, diz ex-secret\u00e1ria do Tesouro\" fetchpriority=high \/>\n\t\t\t<\/picture>\n\n\t\t\t<figcaption class=\"wp-caption-text wp-caption-text--show\">A ex-secret\u00e1ria do Tesouro Nacional e atual diretora de Macroeconomia do Banco Santander Brasil, Ana Paula Vescovi - Foto: Divulga\u00e7\u00e3o\/Anbima<\/figcaption>\n\t\t<\/figure>\n\t<\/div>\n\n\n\n\n\n\t<p>\n\t\t<a href=\"\" target=\"_blank\" data-element=\"shortcode-suno-banner\" title=\"Banner SUNO, clique e saiba mais\">\n\t\t\t<picture>\n\t\t\t\t<source media=\"(max-width: 500px)\" srcset=\"\">\n\t\t\t\t<img class=\"newsContent__article__imgCapa newsContent__article__imgCapa--banner\"\n\t\t\t\t\tsrc=\"\"\n\t\t\t\t\tdata-promo-id=\"240038\"\t\t\t\t\t\t\t\t\t\t\t\t\t\t\talt=\"\"\n\t\t\t\t>\n\t\t\t<\/picture>\n\t\t<\/a>\n\t<\/p>\n\n\n\n\n\n\n\n<p>Entre esses eventos, Vescovi citou as reformas conduzidas pelo Pa\u00eds ap\u00f3s a <a class=\"suno-keyword\" target=\"_blank\" data-force=\"no\" data-priority=\"1\" href=\"https:\/\/www.suno.com.br\/artigos\/crise-economica-oportunidade-ou-ameaca\/\" rel=\"noopener\">crise econ\u00f4mica<\/a> de 2014 e o aumento da <a class=\"suno-keyword\" target=\"_blank\" data-force=\"no\" data-priority=\"1\" href=\"https:\/\/www.suno.com.br\/artigos\/abertura-comercial\/\" rel=\"noopener\">abertura comercial<\/a> brasileira.<\/p>\n\n\n\n<p>&#8220;A pr\u00f3pria mudan\u00e7a do perfil da d\u00edvida, da din\u00e2mica macroecon\u00f4mica. N\u00f3s tiramos o problema de restri\u00e7\u00e3o externa que t\u00ednhamos&#8221;, emendou Ana Paula.<\/p>\n\n\n\n<p>A economista ponderou, no entanto, que o Pa\u00eds ainda tem uma fragilidade fiscal.<\/p>\n\n\n\n<p>Vescovi defendeu que, al\u00e9m de inconcluso, o debate sobre o Produto Interno Bruto (PIB) de <a class=\"suno-keyword\" target=\"_blank\" data-force=\"no\" data-priority=\"1\" href=\"https:\/\/www.suno.com.br\/artigos\/longo-prazo\/\" rel=\"noopener\">longo prazo<\/a> est\u00e1 ofuscado pelo excesso de est\u00edmulos lan\u00e7ados desde o per\u00edodo de pandemia e que agora est\u00e3o sendo gradualmente retirados. &#8220;N\u00e3o podemos negligenciar isso.&#8221;<\/p>\n\n\n\n<h2 class=\"wp-block-heading\">Expectativas<\/h2>\n\n\n\n<p>O Santander Brasil projeta desacelera\u00e7\u00e3o do crescimento do PIB em 2024 para 1,0%. A perspectiva considera os efeitos sobre a atividade da <a class=\"suno-keyword\" target=\"_blank\" data-force=\"no\" data-priority=\"1\" href=\"https:\/\/www.suno.com.br\/artigos\/politica-monetaria-contracionista\/\" rel=\"noopener\">pol\u00edtica monet\u00e1ria contracionista<\/a>, segundo Ana Paula Vescovi.<\/p>\n\n\n\n<p>&#8220;O que vejo pra ano que vem \u00e9 mais um fator c\u00edclico. Ficamos mais de um ano com uma inst\u00e2ncia contracionista de <a class=\"suno-keyword\" target=\"_blank\" data-force=\"no\" data-priority=\"1\" href=\"https:\/\/www.suno.com.br\/artigos\/politica-monetaria\/\" rel=\"noopener\">pol\u00edtica monet\u00e1ria<\/a> visando controle da infla\u00e7\u00e3o&#8221;, disse ela. &#8220;N\u00f3s ainda estamos no caminho de uma desinfla\u00e7\u00e3o importante, de trazer a infla\u00e7\u00e3o para a meta, mas ainda n\u00e3o estamos convergindo para os 3,0%, que s\u00e3o o centro da <a class=\"suno-keyword\" target=\"_blank\" data-force=\"no\" data-priority=\"1\" href=\"https:\/\/www.suno.com.br\/artigos\/meta-de-inflacao\/\" rel=\"noopener\">meta de infla\u00e7\u00e3o<\/a>.&#8221;<\/p>\n\n\n\n\t<div data-element=\"shortcode-read-more\" class=\"readToo\">\n\t\t\t\t<span class=\"readToo__title\">Leia mais<\/span>\n\t\t\t\t<ul class=\"readToo__list\">\n\t\t\t<li><a href=\"https:\/\/www.suno.com.br\/noticias\/vale-vale3-dividendos-pagamento-2023-analistas-evm\/\">Vale (VALE3) pagar\u00e1 12% em dividendos em 2023, projetam analistas<\/a><\/li><li><a href=\"https:\/\/www.suno.com.br\/noticias\/brasil-fez-novos-milionarios-ubs-cpf\/\">Brasil fez 120 mil novos milion\u00e1rios em 2022; n\u00famero pode crescer 91% at\u00e9 2027, mostra UBS<\/a><\/li><li><a href=\"https:\/\/www.suno.com.br\/noticias\/ipca-governo-preve-inflacao-menor-pib-veja-numeros-va\/\">IPCA: governo federal melhora proje\u00e7\u00e3o da infla\u00e7\u00e3o e do PIB; veja os novos n\u00fameros<\/a><\/li>\t\t<\/ul>\n\t<\/div>\n\n\n\n\n<p>A economista emendou que essa inst\u00e2ncia contracionista deve perdurar ainda por algum tempo, apesar do in\u00edcio da queda do juros.<\/p>\n\n\n\n<p>Ela destacou que os dados do primeiro trimestre de 2023 j\u00e1 mostram uma queda da demanda e da absor\u00e7\u00e3o dom\u00e9stica em uma an\u00e1lise excluindo os fatores ex\u00f3genos ao ciclo, principalmente a supersafra, da surpresa de 1,9% de crescimento do PIB. &#8220;O que esperamos, ciclicamente falando, \u00e9 que a inst\u00e2ncia contracionista chegue \u00e0 atividade, e ainda tem os efeitos do carregamento estat\u00edstico.&#8221;<\/p>\n\n\n\n<h2 class=\"wp-block-heading\">Meta de infla\u00e7\u00e3o<\/h2>\n\n\n\n<p>A ex-secret\u00e1ria do <a class=\"suno-keyword\" target=\"_blank\" data-force=\"no\" data-priority=\"2\" href=\"https:\/\/www.suno.com.br\/artigos\/tesouro-nacional\/\" rel=\"noopener\">Tesouro Nacional<\/a> reiterou que foi correta a manuten\u00e7\u00e3o da meta de infla\u00e7\u00e3o em 3,0%. Ela defendeu que a magnitude do alvo n\u00e3o \u00e9 uma quest\u00e3o de meta apropriada, mas sim uma quest\u00e3o de escolha: &#8220;qual \u00e9 o n\u00edvel de infla\u00e7\u00e3o que queremos ter enquanto Pa\u00eds?&#8221;.<\/p>\n\n\n\t<p>\n\t\t<a href=\"https:\/\/lp.suno.com.br\/ebook-gratuito-investindo-no-exterior\/\" target=\"_blank\" data-element=\"shortcode-suno-banner\" title=\"Banner SUNO, clique e saiba mais\">\n\t\t\t<picture>\n\t\t\t\t<source media=\"(max-width: 500px)\" srcset=\"https:\/\/files.sunoresearch.com.br\/n\/uploads\/2023\/03\/400x300-Investindo-no-exterior.png\">\n\t\t\t\t<img class=\"newsContent__article__imgCapa newsContent__article__imgCapa--banner\"\n\t\t\t\t\tsrc=\"https:\/\/files.sunoresearch.com.br\/n\/uploads\/2023\/03\/1420x240-Investindo-no-exterior.png\"\n\t\t\t\t\tdata-promo-id=\"383161\"\t\t\t\t\t\t\t\t\t\twidth='1420' height='240'\t\t\t\t\talt=\"https:\/\/files.sunoresearch.com.br\/n\/uploads\/2023\/03\/1420x240-Investindo-no-exterior.png\"\n\t\t\t\t>\n\t\t\t<\/picture>\n\t\t<\/a>\n\t<\/p>\n\n\n\n\n\n<p>A economista emendou que n\u00e3o v\u00ea como correto o pensamento de que o Brasil precisa ter uma infla\u00e7\u00e3o maior. &#8220;Isso historicamente trouxe um n\u00edvel de desigualdade impressionante para o Pa\u00eds, que \u00e9 uma grande desvantagem competitiva que n\u00f3s temos &#8211; sem dizer a quest\u00e3o de coes\u00e3o e justi\u00e7a social.&#8221;<\/p>\n\n\n\n<p>Ana Paula Vescovi defendeu que \u00e9 preciso agora perseguir a meta. &#8220;Boa para a sociedade ela \u00e9, e \u00e9 convergente com nossos pares.&#8221;<\/p>\n\n\n\n<h2 class=\"wp-block-heading\">Cr\u00e9dito<\/h2>\n\n\n\n<p>A ex-secret\u00e1ria do <a class=\"suno-keyword\" target=\"_blank\" data-force=\"no\" data-priority=\"2\" href=\"https:\/\/www.suno.com.br\/artigos\/tesouro-nacional\/\" rel=\"noopener\">Tesouro Nacional<\/a> afirmou que h\u00e1 espa\u00e7o para o aprofundamento do cr\u00e9dito ampliado no Brasil, mas esse movimento depende de reformas. &#8220;Depende de colocar todos esses fundos direcionados e recursos direcionados mais \u00e0 disposi\u00e7\u00e3o de uma disputa saud\u00e1vel dentro do setor banc\u00e1rio financeiro e do <a class=\"suno-keyword\" target=\"_blank\" data-force=\"no\" data-priority=\"1\" href=\"https:\/\/www.suno.com.br\/artigos\/mercado-de-capitais-conceito\/\" rel=\"noopener\">mercado de capitais<\/a>&#8220;, disse.<\/p>\n\n\n\n<p>Ela destacou o efeito recente de dois fatores na rela\u00e7\u00e3o entre juros e cr\u00e9dito no longo prazo. O primeiro, a expectativa do controle de gastos p\u00fablicos por meio de canal de reformas. &#8220;Vimos o enfrentamento de uma melhor aloca\u00e7\u00e3o de recursos p\u00fablicos na sociedade e acho que isso ajudou a baixar o custo de financiamento do Tesouro de forma estrutural. Foi um fator para o aumento do cr\u00e9dito no Brasil&#8221;, disse. O segundo, o advento da Taxa de Longo Prazo (TLP), &#8220;que tirou parte dos subs\u00eddios cruzados de dentro do sistema de cr\u00e9dito&#8221;.<\/p>\n\n\n\n<p>A economista participou na quinta-feira de evento da <a class=\"suno-keyword\" target=\"_blank\" data-force=\"no\" data-priority=\"2\" href=\"https:\/\/www.suno.com.br\/artigos\/anbima\/\" rel=\"noopener\">Associa\u00e7\u00e3o Brasileira das Entidades dos Mercados Financeiro e de Capitais (Anbima)<\/a>, em S\u00e3o Paulo.<\/p>\n\n\n\n<p>Com Estad\u00e3o Conte\u00fado<\/p>\n\n\n\t<p>\n\t\t<a href=\"https:\/\/lp.suno.com.br\/planilha-da-vida-financeira\/\" target=\"_blank\" data-element=\"shortcode-suno-banner\" title=\"Banner SUNO, clique e saiba mais\">\n\t\t\t<picture>\n\t\t\t\t<source media=\"(max-width: 500px)\" srcset=\"https:\/\/files.sunoresearch.com.br\/n\/uploads\/2023\/04\/400x300-Planilha-vida-financeira-true.png\">\n\t\t\t\t<img class=\"newsContent__article__imgCapa newsContent__article__imgCapa--banner\"\n\t\t\t\t\tsrc=\"https:\/\/files.sunoresearch.com.br\/n\/uploads\/2023\/04\/1420x240-Planilha-vida-financeira-true.png\"\n\t\t\t\t\tdata-promo-id=\"383123\"\t\t\t\t\t\t\t\t\t\twidth='1420' height='240'\t\t\t\t\talt=\"https:\/\/files.sunoresearch.com.br\/n\/uploads\/2023\/04\/1420x240-Planilha-vida-financeira-true.png\"\n\t\t\t\t>\n\t\t\t<\/picture>\n\t\t<\/a>\n\t<\/p>\n\n\n","protected":false},"excerpt":{"rendered":"<p>A ex-secret\u00e1ria do Tesouro Nacional e atual diretora de Macroeconomia do Banco Santander Brasil, Ana Paula Vescovi, afirmou na quinta-feira (17) que \u00e9 preciso discutir qual a capacidade do Pa\u00eds de crescimento no longo prazo e se isso mudou em raz\u00e3o de eventos recentes importantes. A ex-secret\u00e1ria do Tesouro Nacional e atual diretora de Macroeconomia [&hellip;]<\/p>\n","protected":false},"author":73,"featured_media":445008,"comment_status":"closed","ping_status":"closed","sticky":false,"template":"","format":"standard","meta":[],"categories":[62],"tags":[106444,1637,1044],"suno_strategy":[],"class_list":["post-444976","post","type-post","status-publish","format-standard","has-post-thumbnail","hentry","category-economia","tag-agencias","tag-crescimento-economico","tag-tesouro-nacional"],"yoast_head":"<!-- This site is optimized with the Yoast SEO plugin v24.4 - https:\/\/yoast.com\/wordpress\/plugins\/seo\/ -->\n<title>Crescimento econ\u00f4mico de longo prazo precisa ser discutido, diz ex-secret\u00e1ria do Tesouro<\/title>\n<meta name=\"description\" content=\"Entre esses eventos, Vescovi citou as reformas conduzidas pelo Pa\u00eds ap\u00f3s a crise econ\u00f4mica de 2014 e o aumento da abertura comercial\" \/>\n<meta name=\"robots\" content=\"index, follow, max-snippet:-1, max-image-preview:large, max-video-preview:-1\" \/>\n<link rel=\"canonical\" href=\"https:\/\/www.suno.com.br\/noticias\/crescimento-economia-brasil-ex-secretaria-do-tesouro\/\" \/>\n<meta property=\"og:locale\" content=\"pt_BR\" \/>\n<meta property=\"og:type\" content=\"article\" \/>\n<meta property=\"og:title\" content=\"Crescimento econ\u00f4mico de longo prazo precisa ser discutido, diz ex-secret\u00e1ria do Tesouro\" \/>\n<meta property=\"og:description\" content=\"Entre esses eventos, Vescovi citou as reformas conduzidas pelo Pa\u00eds ap\u00f3s a crise econ\u00f4mica de 2014 e o aumento da abertura comercial\" \/>\n<meta property=\"og:url\" content=\"https:\/\/www.suno.com.br\/noticias\/crescimento-economia-brasil-ex-secretaria-do-tesouro\/\" \/>\n<meta property=\"og:site_name\" content=\"Suno Not\u00edcias\" \/>\n<meta property=\"article:publisher\" content=\"https:\/\/facebook.com\/sunoresearch\" \/>\n<meta property=\"og:image\" content=\"https:\/\/files.sunoresearch.com.br\/n\/uploads\/2023\/08\/ana-paula-vescovi.jpg\" \/>\n\t<meta property=\"og:image:width\" content=\"1900\" \/>\n\t<meta property=\"og:image:height\" content=\"1266\" \/>\n\t<meta property=\"og:image:type\" content=\"image\/jpeg\" \/>\n<meta name=\"author\" content=\"Eduardo Vargas\" \/>\n<meta name=\"twitter:card\" content=\"summary_large_image\" \/>\n<meta name=\"twitter:creator\" content=\"@sunoresearch\" \/>\n<meta name=\"twitter:site\" content=\"@sunoresearch\" \/>\n<meta name=\"twitter:label1\" content=\"Escrito por\" \/>\n\t<meta name=\"twitter:data1\" content=\"Eduardo Vargas\" \/>\n\t<meta name=\"twitter:label2\" content=\"Est. tempo de leitura\" \/>\n\t<meta name=\"twitter:data2\" content=\"4 minutos\" \/>\n<script type=\"application\/ld+json\" class=\"yoast-schema-graph\">{\"@context\":\"https:\/\/schema.org\",\"@graph\":[{\"@type\":\"NewsArticle\",\"@id\":\"https:\/\/www.suno.com.br\/noticias\/crescimento-economia-brasil-ex-secretaria-do-tesouro\/#article\",\"isPartOf\":{\"@id\":\"https:\/\/www.suno.com.br\/noticias\/crescimento-economia-brasil-ex-secretaria-do-tesouro\/\"},\"author\":{\"name\":\"Eduardo Vargas\",\"@id\":\"https:\/\/www.suno.com.br\/noticias\/#\/schema\/person\/7f4d362bf3518e76090143ae77bb49a5\"},\"headline\":\"Crescimento econ\u00f4mico de longo prazo precisa ser discutido, diz ex-secret\u00e1ria do Tesouro\",\"datePublished\":\"2023-08-20T17:03:20+00:00\",\"dateModified\":\"2023-08-20T17:03:27+00:00\",\"mainEntityOfPage\":{\"@id\":\"https:\/\/www.suno.com.br\/noticias\/crescimento-economia-brasil-ex-secretaria-do-tesouro\/\"},\"wordCount\":693,\"publisher\":{\"@id\":\"https:\/\/www.suno.com.br\/noticias\/#organization\"},\"image\":{\"@id\":\"https:\/\/www.suno.com.br\/noticias\/crescimento-economia-brasil-ex-secretaria-do-tesouro\/#primaryimage\"},\"thumbnailUrl\":\"https:\/\/files.sunoresearch.com.br\/n\/uploads\/2023\/08\/ana-paula-vescovi.jpg\",\"keywords\":[\"Ag\u00eancias\",\"crescimento econ\u00f4mico\",\"Tesouro Nacional\"],\"articleSection\":[\"Economia\"],\"inLanguage\":\"pt-BR\"},{\"@type\":\"WebPage\",\"@id\":\"https:\/\/www.suno.com.br\/noticias\/crescimento-economia-brasil-ex-secretaria-do-tesouro\/\",\"url\":\"https:\/\/www.suno.com.br\/noticias\/crescimento-economia-brasil-ex-secretaria-do-tesouro\/\",\"name\":\"Crescimento econ\u00f4mico de longo prazo precisa ser discutido, diz ex-secret\u00e1ria do Tesouro\",\"isPartOf\":{\"@id\":\"https:\/\/www.suno.com.br\/noticias\/#website\"},\"primaryImageOfPage\":{\"@id\":\"https:\/\/www.suno.com.br\/noticias\/crescimento-economia-brasil-ex-secretaria-do-tesouro\/#primaryimage\"},\"image\":{\"@id\":\"https:\/\/www.suno.com.br\/noticias\/crescimento-economia-brasil-ex-secretaria-do-tesouro\/#primaryimage\"},\"thumbnailUrl\":\"https:\/\/files.sunoresearch.com.br\/n\/uploads\/2023\/08\/ana-paula-vescovi.jpg\",\"datePublished\":\"2023-08-20T17:03:20+00:00\",\"dateModified\":\"2023-08-20T17:03:27+00:00\",\"description\":\"Entre esses eventos, Vescovi citou as reformas conduzidas pelo Pa\u00eds ap\u00f3s a crise econ\u00f4mica de 2014 e o aumento da abertura comercial\",\"breadcrumb\":{\"@id\":\"https:\/\/www.suno.com.br\/noticias\/crescimento-economia-brasil-ex-secretaria-do-tesouro\/#breadcrumb\"},\"inLanguage\":\"pt-BR\",\"potentialAction\":[{\"@type\":\"ReadAction\",\"target\":[\"https:\/\/www.suno.com.br\/noticias\/crescimento-economia-brasil-ex-secretaria-do-tesouro\/\"]}]},{\"@type\":\"ImageObject\",\"inLanguage\":\"pt-BR\",\"@id\":\"https:\/\/www.suno.com.br\/noticias\/crescimento-economia-brasil-ex-secretaria-do-tesouro\/#primaryimage\",\"url\":\"https:\/\/files.sunoresearch.com.br\/n\/uploads\/2023\/08\/ana-paula-vescovi.jpg\",\"contentUrl\":\"https:\/\/files.sunoresearch.com.br\/n\/uploads\/2023\/08\/ana-paula-vescovi.jpg\",\"width\":1900,\"height\":1266,\"caption\":\"A ex-secret\u00e1ria do Tesouro Nacional e atual diretora de Macroeconomia do Banco Santander Brasil, Ana Paula Vescovi - Foto: Divulga\u00e7\u00e3o\/Anbima\"},{\"@type\":\"BreadcrumbList\",\"@id\":\"https:\/\/www.suno.com.br\/noticias\/crescimento-economia-brasil-ex-secretaria-do-tesouro\/#breadcrumb\",\"itemListElement\":[{\"@type\":\"ListItem\",\"position\":1,\"name\":\"Not\u00edcias\",\"item\":\"https:\/\/www.suno.com.br\/noticias\/\"},{\"@type\":\"ListItem\",\"position\":2,\"name\":\"Economia\",\"item\":\"https:\/\/www.suno.com.br\/noticias\/economia\/\"},{\"@type\":\"ListItem\",\"position\":3,\"name\":\"Crescimento econ\u00f4mico de longo prazo precisa ser discutido, diz ex-secret\u00e1ria do Tesouro\"}]},{\"@type\":\"WebSite\",\"@id\":\"https:\/\/www.suno.com.br\/noticias\/#website\",\"url\":\"https:\/\/www.suno.com.br\/noticias\/\",\"name\":\"Suno Not\u00edcias\",\"description\":\"Seu portal de informa\u00e7\u00e3o sobre o mundo dos investimentos\",\"publisher\":{\"@id\":\"https:\/\/www.suno.com.br\/noticias\/#organization\"},\"potentialAction\":[{\"@type\":\"SearchAction\",\"target\":{\"@type\":\"EntryPoint\",\"urlTemplate\":\"https:\/\/www.suno.com.br\/noticias\/?s={search_term_string}\"},\"query-input\":{\"@type\":\"PropertyValueSpecification\",\"valueRequired\":true,\"valueName\":\"search_term_string\"}}],\"inLanguage\":\"pt-BR\"},{\"@type\":\"Organization\",\"@id\":\"https:\/\/www.suno.com.br\/noticias\/#organization\",\"name\":\"Suno Not\u00edcias\",\"url\":\"https:\/\/www.suno.com.br\/noticias\/\",\"logo\":{\"@type\":\"ImageObject\",\"inLanguage\":\"pt-BR\",\"@id\":\"https:\/\/www.suno.com.br\/noticias\/#\/schema\/logo\/image\/\",\"url\":\"https:\/\/files.sunoresearch.com.br\/n\/uploads\/2021\/09\/suno-logo.png\",\"contentUrl\":\"https:\/\/files.sunoresearch.com.br\/n\/uploads\/2021\/09\/suno-logo.png\",\"width\":180,\"height\":180,\"caption\":\"Suno Not\u00edcias\"},\"image\":{\"@id\":\"https:\/\/www.suno.com.br\/noticias\/#\/schema\/logo\/image\/\"},\"sameAs\":[\"https:\/\/facebook.com\/sunoresearch\",\"https:\/\/x.com\/sunoresearch\",\"https:\/\/www.instagram.com\/suno\",\"https:\/\/www.linkedin.com\/company\/suno-research\/\",\"https:\/\/www.youtube.com\/c\/sunoresearch\"]},{\"@type\":\"Person\",\"@id\":\"https:\/\/www.suno.com.br\/noticias\/#\/schema\/person\/7f4d362bf3518e76090143ae77bb49a5\",\"name\":\"Eduardo Vargas\",\"image\":{\"@type\":\"ImageObject\",\"inLanguage\":\"pt-BR\",\"@id\":\"https:\/\/www.suno.com.br\/noticias\/#\/schema\/person\/image\/\",\"url\":\"https:\/\/secure.gravatar.com\/avatar\/dac340933427a22924c9f99d1eb2e3f2?s=96&r=g\",\"contentUrl\":\"https:\/\/secure.gravatar.com\/avatar\/dac340933427a22924c9f99d1eb2e3f2?s=96&r=g\",\"caption\":\"Eduardo Vargas\"},\"description\":\"Jornalista formado pela UFSC, cobre macroeconomia, neg\u00f3cios e startups para o Suno Not\u00edcias, escrevendo principalmente not\u00edcias sobre o mercado financeiro e a bolsa de valores. No YouTube e no Instagram, \u00e9 respons\u00e1vel pela produ\u00e7\u00e3o de Reels e Shorts do Suno Not\u00edcias. Anteriormente, trabalhou cobrindo economia e cotidiano no ND+ e para o ND, maior jornal impresso de Santa Catarina. Cursou um semestre letivo de Estudos de M\u00eddia na Universidad de Buenos Aires.\",\"url\":\"https:\/\/www.suno.com.br\/noticias\/author\/eduardo-vargas\/\"}]}<\/script>\n<!-- \/ Yoast SEO plugin. -->","yoast_head_json":{"title":"Crescimento econ\u00f4mico de longo prazo precisa ser discutido, diz ex-secret\u00e1ria do Tesouro","description":"Entre esses eventos, Vescovi citou as reformas conduzidas pelo Pa\u00eds ap\u00f3s a crise econ\u00f4mica de 2014 e o aumento da abertura comercial","robots":{"index":"index","follow":"follow","max-snippet":"max-snippet:-1","max-image-preview":"max-image-preview:large","max-video-preview":"max-video-preview:-1"},"canonical":"https:\/\/www.suno.com.br\/noticias\/crescimento-economia-brasil-ex-secretaria-do-tesouro\/","og_locale":"pt_BR","og_type":"article","og_title":"Crescimento econ\u00f4mico de longo prazo precisa ser discutido, diz ex-secret\u00e1ria do Tesouro","og_description":"Entre esses eventos, Vescovi citou as reformas conduzidas pelo Pa\u00eds ap\u00f3s a crise econ\u00f4mica de 2014 e o aumento da abertura comercial","og_url":"https:\/\/www.suno.com.br\/noticias\/crescimento-economia-brasil-ex-secretaria-do-tesouro\/","og_site_name":"Suno Not\u00edcias","article_publisher":"https:\/\/facebook.com\/sunoresearch","og_image":[{"width":1900,"height":1266,"url":"https:\/\/files.sunoresearch.com.br\/n\/uploads\/2023\/08\/ana-paula-vescovi.jpg","type":"image\/jpeg"}],"author":"Eduardo Vargas","twitter_card":"summary_large_image","twitter_creator":"@sunoresearch","twitter_site":"@sunoresearch","twitter_misc":{"Escrito por":"Eduardo Vargas","Est. tempo de leitura":"4 minutos"},"schema":{"@context":"https:\/\/schema.org","@graph":[{"@type":"NewsArticle","@id":"https:\/\/www.suno.com.br\/noticias\/crescimento-economia-brasil-ex-secretaria-do-tesouro\/#article","isPartOf":{"@id":"https:\/\/www.suno.com.br\/noticias\/crescimento-economia-brasil-ex-secretaria-do-tesouro\/"},"author":{"name":"Eduardo Vargas","@id":"https:\/\/www.suno.com.br\/noticias\/#\/schema\/person\/7f4d362bf3518e76090143ae77bb49a5"},"headline":"Crescimento econ\u00f4mico de longo prazo precisa ser discutido, diz ex-secret\u00e1ria do Tesouro","datePublished":"2023-08-20T17:03:20+00:00","dateModified":"2023-08-20T17:03:27+00:00","mainEntityOfPage":{"@id":"https:\/\/www.suno.com.br\/noticias\/crescimento-economia-brasil-ex-secretaria-do-tesouro\/"},"wordCount":693,"publisher":{"@id":"https:\/\/www.suno.com.br\/noticias\/#organization"},"image":{"@id":"https:\/\/www.suno.com.br\/noticias\/crescimento-economia-brasil-ex-secretaria-do-tesouro\/#primaryimage"},"thumbnailUrl":"https:\/\/files.sunoresearch.com.br\/n\/uploads\/2023\/08\/ana-paula-vescovi.jpg","keywords":["Ag\u00eancias","crescimento econ\u00f4mico","Tesouro Nacional"],"articleSection":["Economia"],"inLanguage":"pt-BR"},{"@type":"WebPage","@id":"https:\/\/www.suno.com.br\/noticias\/crescimento-economia-brasil-ex-secretaria-do-tesouro\/","url":"https:\/\/www.suno.com.br\/noticias\/crescimento-economia-brasil-ex-secretaria-do-tesouro\/","name":"Crescimento econ\u00f4mico de longo prazo precisa ser discutido, diz ex-secret\u00e1ria do Tesouro","isPartOf":{"@id":"https:\/\/www.suno.com.br\/noticias\/#website"},"primaryImageOfPage":{"@id":"https:\/\/www.suno.com.br\/noticias\/crescimento-economia-brasil-ex-secretaria-do-tesouro\/#primaryimage"},"image":{"@id":"https:\/\/www.suno.com.br\/noticias\/crescimento-economia-brasil-ex-secretaria-do-tesouro\/#primaryimage"},"thumbnailUrl":"https:\/\/files.sunoresearch.com.br\/n\/uploads\/2023\/08\/ana-paula-vescovi.jpg","datePublished":"2023-08-20T17:03:20+00:00","dateModified":"2023-08-20T17:03:27+00:00","description":"Entre esses eventos, Vescovi citou as reformas conduzidas pelo Pa\u00eds ap\u00f3s a crise econ\u00f4mica de 2014 e o aumento da abertura comercial","breadcrumb":{"@id":"https:\/\/www.suno.com.br\/noticias\/crescimento-economia-brasil-ex-secretaria-do-tesouro\/#breadcrumb"},"inLanguage":"pt-BR","potentialAction":[{"@type":"ReadAction","target":["https:\/\/www.suno.com.br\/noticias\/crescimento-economia-brasil-ex-secretaria-do-tesouro\/"]}]},{"@type":"ImageObject","inLanguage":"pt-BR","@id":"https:\/\/www.suno.com.br\/noticias\/crescimento-economia-brasil-ex-secretaria-do-tesouro\/#primaryimage","url":"https:\/\/files.sunoresearch.com.br\/n\/uploads\/2023\/08\/ana-paula-vescovi.jpg","contentUrl":"https:\/\/files.sunoresearch.com.br\/n\/uploads\/2023\/08\/ana-paula-vescovi.jpg","width":1900,"height":1266,"caption":"A ex-secret\u00e1ria do Tesouro Nacional e atual diretora de Macroeconomia do Banco Santander Brasil, Ana Paula Vescovi - Foto: Divulga\u00e7\u00e3o\/Anbima"},{"@type":"BreadcrumbList","@id":"https:\/\/www.suno.com.br\/noticias\/crescimento-economia-brasil-ex-secretaria-do-tesouro\/#breadcrumb","itemListElement":[{"@type":"ListItem","position":1,"name":"Not\u00edcias","item":"https:\/\/www.suno.com.br\/noticias\/"},{"@type":"ListItem","position":2,"name":"Economia","item":"https:\/\/www.suno.com.br\/noticias\/economia\/"},{"@type":"ListItem","position":3,"name":"Crescimento econ\u00f4mico de longo prazo precisa ser discutido, diz ex-secret\u00e1ria do Tesouro"}]},{"@type":"WebSite","@id":"https:\/\/www.suno.com.br\/noticias\/#website","url":"https:\/\/www.suno.com.br\/noticias\/","name":"Suno Not\u00edcias","description":"Seu portal de informa\u00e7\u00e3o sobre o mundo dos investimentos","publisher":{"@id":"https:\/\/www.suno.com.br\/noticias\/#organization"},"potentialAction":[{"@type":"SearchAction","target":{"@type":"EntryPoint","urlTemplate":"https:\/\/www.suno.com.br\/noticias\/?s={search_term_string}"},"query-input":{"@type":"PropertyValueSpecification","valueRequired":true,"valueName":"search_term_string"}}],"inLanguage":"pt-BR"},{"@type":"Organization","@id":"https:\/\/www.suno.com.br\/noticias\/#organization","name":"Suno Not\u00edcias","url":"https:\/\/www.suno.com.br\/noticias\/","logo":{"@type":"ImageObject","inLanguage":"pt-BR","@id":"https:\/\/www.suno.com.br\/noticias\/#\/schema\/logo\/image\/","url":"https:\/\/files.sunoresearch.com.br\/n\/uploads\/2021\/09\/suno-logo.png","contentUrl":"https:\/\/files.sunoresearch.com.br\/n\/uploads\/2021\/09\/suno-logo.png","width":180,"height":180,"caption":"Suno Not\u00edcias"},"image":{"@id":"https:\/\/www.suno.com.br\/noticias\/#\/schema\/logo\/image\/"},"sameAs":["https:\/\/facebook.com\/sunoresearch","https:\/\/x.com\/sunoresearch","https:\/\/www.instagram.com\/suno","https:\/\/www.linkedin.com\/company\/suno-research\/","https:\/\/www.youtube.com\/c\/sunoresearch"]},{"@type":"Person","@id":"https:\/\/www.suno.com.br\/noticias\/#\/schema\/person\/7f4d362bf3518e76090143ae77bb49a5","name":"Eduardo Vargas","image":{"@type":"ImageObject","inLanguage":"pt-BR","@id":"https:\/\/www.suno.com.br\/noticias\/#\/schema\/person\/image\/","url":"https:\/\/secure.gravatar.com\/avatar\/dac340933427a22924c9f99d1eb2e3f2?s=96&r=g","contentUrl":"https:\/\/secure.gravatar.com\/avatar\/dac340933427a22924c9f99d1eb2e3f2?s=96&r=g","caption":"Eduardo Vargas"},"description":"Jornalista formado pela UFSC, cobre macroeconomia, neg\u00f3cios e startups para o Suno Not\u00edcias, escrevendo principalmente not\u00edcias sobre o mercado financeiro e a bolsa de valores. No YouTube e no Instagram, \u00e9 respons\u00e1vel pela produ\u00e7\u00e3o de Reels e Shorts do Suno Not\u00edcias. Anteriormente, trabalhou cobrindo economia e cotidiano no ND+ e para o ND, maior jornal impresso de Santa Catarina. Cursou um semestre letivo de Estudos de M\u00eddia na Universidad de Buenos Aires.","url":"https:\/\/www.suno.com.br\/noticias\/author\/eduardo-vargas\/"}]}},"default_loop_html":"<div class=\"cardsPage__listCard__boxs\"><div class=\"cardsPage__listCard__boxs__img\"><a href=\"https:\/\/www.suno.com.br\/noticias\/crescimento-economia-brasil-ex-secretaria-do-tesouro\/\"><img class=\"mask\" src=\"https:\/\/www.suno.com.br\/noticias\/wp-content\/themes\/suno\/resources\/images\/spotlight\/spotlight1img\/bg-mask.png\" alt=\"Image Mask\"\/><img src=\"https:\/\/files.sunoresearch.com.br\/n\/uploads\/2023\/08\/ana-paula-vescovi-400x200.jpg\" alt=\"Crescimento econ\u00f4mico de longo prazo precisa ser discutido, diz ex-secret\u00e1ria do Tesouro\"\/><\/a><span class=\"spotlightCategory\"><a href=\"https:\/\/www.suno.com.br\/noticias\/economia\/\">Economia<\/a><\/span><\/div><div class=\"cardsPage__listCard__boxs__content\"><a href=\"https:\/\/www.suno.com.br\/noticias\/crescimento-economia-brasil-ex-secretaria-do-tesouro\/\"><h2 class=\"content__title\">Crescimento econ\u00f4mico de longo prazo precisa ser discutido, diz ex-secret\u00e1ria do Tesouro<\/h2><\/a><div class=\"newsContent__article__meta\"><div class=\"newsContent__article__meta__authorBox\"><a href=\"https:\/\/www.suno.com.br\/noticias\/author\/vini08correiagmail-com\/\" class=\"authorBox__avatar noMobi\"><img src=\"https:\/\/files.sunoresearch.com.br\/n\/uploads\/2026\/04\/WhatsApp-Image-2026-04-20-at-19.35.48-150x150.webp\" alt=\"Vin\u00edcius Alves\"><\/a><div class=\"authorBox__name\"><span>por\n\t\t\t<a href=\"https:\/\/www.suno.com.br\/noticias\/author\/vini08correiagmail-com\/\"><span itemprop=\"author\">Vin\u00edcius Alves<\/span><\/a><\/span><time datetime=\"2023-08-20T14:03:20-03:00\" itemprop=\"datePublished\">20\/08\/2023 14:03<\/time><\/div><\/div><\/div><\/div><\/div>","single_layout":"posts","amp_enabled":true,"_links":{"self":[{"href":"https:\/\/www.suno.com.br\/noticias\/wp-json\/wp\/v2\/posts\/444976"}],"collection":[{"href":"https:\/\/www.suno.com.br\/noticias\/wp-json\/wp\/v2\/posts"}],"about":[{"href":"https:\/\/www.suno.com.br\/noticias\/wp-json\/wp\/v2\/types\/post"}],"author":[{"embeddable":true,"href":"https:\/\/www.suno.com.br\/noticias\/wp-json\/wp\/v2\/users\/73"}],"replies":[{"embeddable":true,"href":"https:\/\/www.suno.com.br\/noticias\/wp-json\/wp\/v2\/comments?post=444976"}],"version-history":[{"count":3,"href":"https:\/\/www.suno.com.br\/noticias\/wp-json\/wp\/v2\/posts\/444976\/revisions"}],"predecessor-version":[{"id":445011,"href":"https:\/\/www.suno.com.br\/noticias\/wp-json\/wp\/v2\/posts\/444976\/revisions\/445011"}],"wp:featuredmedia":[{"embeddable":true,"href":"https:\/\/www.suno.com.br\/noticias\/wp-json\/wp\/v2\/media\/445008"}],"wp:attachment":[{"href":"https:\/\/www.suno.com.br\/noticias\/wp-json\/wp\/v2\/media?parent=444976"}],"wp:term":[{"taxonomy":"category","embeddable":true,"href":"https:\/\/www.suno.com.br\/noticias\/wp-json\/wp\/v2\/categories?post=444976"},{"taxonomy":"post_tag","embeddable":true,"href":"https:\/\/www.suno.com.br\/noticias\/wp-json\/wp\/v2\/tags?post=444976"},{"taxonomy":"suno_strategy","embeddable":true,"href":"https:\/\/www.suno.com.br\/noticias\/wp-json\/wp\/v2\/suno_strategy?post=444976"}],"curies":[{"name":"wp","href":"https:\/\/api.w.org\/{rel}","templated":true}]}}