{"id":444941,"date":"2023-08-19T16:09:15","date_gmt":"2023-08-19T19:09:15","guid":{"rendered":"https:\/\/www.suno.com.br\/noticias\/?p=444941"},"modified":"2023-08-19T16:09:18","modified_gmt":"2023-08-19T19:09:18","slug":"gestora-vende-acoes-vale-vale3-jvj","status":"publish","type":"post","link":"https:\/\/www.suno.com.br\/noticias\/gestora-vende-acoes-vale-vale3-jvj\/","title":{"rendered":"Gestora gringa vende quase 3 milh\u00f5es de a\u00e7\u00f5es da Vale (VALE3); O que aconteceu?"},"content":{"rendered":"<p>A <a class=\"suno-keyword\" data-force=\"yes\" data-priority=\"2\" href=\"https:\/\/www.suno.com.br\/acoes\/VALE3\/\" target=\"_blank\" rel=\"noopener\"><strong>Vale<\/strong> (VALE3)<\/a> recebeu um comunicado da Capital World Investors (CWI), informando sobre a redu\u00e7\u00e3o de uma participa\u00e7\u00e3o acion\u00e1ria relevante nas <a class=\"suno-keyword\" data-force=\"no\" data-priority=\"1\" href=\"https:\/\/www.suno.com.br\/artigos\/o-que-sao-acoes-ordinarias-preferenciais-e-units\/\" target=\"_blank\" rel=\"noopener\">a\u00e7\u00f5es ordin\u00e1rias<\/a> da mineradora, conforme anunciado ao mercado nesta sexta-feira (18).<\/p>\t<div class=\"wrapper-featured-image\">\n\t\t<figure class=\"spotlightImg\">\n\n\t\t\t<picture>\n\t\t\t\t<source media=\"(max-width: 768px)\" srcset=\"https:\/\/files.sunoresearch.com.br\/n\/uploads\/2021\/02\/aff09bff-c0100329-vale-400x200.webp\">\n\t\t\t\t<img loading=\"lazy\" decoding=\"async\" class=\"newsContent__article__imgCapa lazyloadDisabled \" src=\"https:\/\/files.sunoresearch.com.br\/n\/uploads\/2021\/02\/aff09bff-c0100329-vale-800x450.webp\" width=\"800\" height=\"450\" alt=\"Gestora gringa vende quase 3 milh\u00f5es de a\u00e7\u00f5es da Vale (VALE3); O que aconteceu?\" fetchpriority=high \/>\n\t\t\t<\/picture>\n\n\t\t\t<figcaption class=\"wp-caption-text wp-caption-text--show\">Vale (VALE3). Foto: Divulga\u00e7\u00e3o.<\/figcaption>\n\t\t<\/figure>\n\t<\/div>\n\n\n\n\n\n\t<p>\n\t\t<a href=\"https:\/\/lp2.suno.com.br\/cl\/black-friday-2025\/?utm_campaign=_SNCDF0E4858_\" target=\"_blank\" data-element=\"shortcode-suno-banner\" title=\"Banner SUNO, clique e saiba mais\">\n\t\t\t<picture>\n\t\t\t\t<source media=\"(max-width: 500px)\" srcset=\"https:\/\/files.sunoresearch.com.br\/n\/uploads\/2025\/10\/Artigos-e-Noticias-Banner-Home-artigos-01-Mobile_-400x300-1-png.webp\">\n\t\t\t\t<img class=\"newsContent__article__imgCapa newsContent__article__imgCapa--banner\"\n\t\t\t\t\tsrc=\"https:\/\/files.sunoresearch.com.br\/n\/uploads\/2025\/10\/Artigos-e-Noticias-Banner-Home-artigos-01-Desktop_-1420x240-1-png.webp\"\n\t\t\t\t\tdata-promo-id=\"311259\"\t\t\t\t\t\t\t\t\t\twidth='1420' height='240'\t\t\t\t\talt=\"https:\/\/files.sunoresearch.com.br\/n\/uploads\/2025\/10\/Artigos-e-Noticias-Banner-Home-artigos-01-Desktop_-1420x240-1-png.webp\"\n\t\t\t\t>\n\t\t\t<\/picture>\n\t\t<\/a>\n\t<\/p>\n\n\n\n\n\n<p>A CWI administrava 222,241 milh\u00f5es de <strong>a\u00e7\u00f5es ordin\u00e1rias da Vale<\/strong>, que corresponde a 5,01% desse tipo de a\u00e7\u00e3o. Ap\u00f3s realizar a venda de parte dos pap\u00e9is, a CWI passou a administrar um total de 219,34 milh\u00f5es de a\u00e7\u00f5es ordin\u00e1rias, representando 4,94% dessa esp\u00e9cie de a\u00e7\u00e3o.<\/p>\n\n\n\n<p>Al\u00e9m disso, a Capital Research Global Investors e a Capital International Investors, tamb\u00e9m na qualidade de divis\u00f5es independentes de investimentos da Capital Research and Management Company, administram 144,4 milh\u00f5es e 101,3 milh\u00f5es de a\u00e7\u00f5es ordin\u00e1rias, respectivamente, que representam 3,25% e 2,28% desse tipo de a\u00e7\u00e3o.<\/p>\n\n\n\t<div data-element=\"shortcode-read-more\" class=\"knowMore\">\n\t\t\t\t<span class=\"knowMore__title\">Leia mais<\/span>\n\t\t\t\t<a class=\"knowMore__link\" href=\"https:\/\/www.suno.com.br\/noticias\/vale-vale3-acordo-justica-reparar-danos-barragem-mg-jvj\/\">\n\t\t\tVale fecha acordo de R$ 527,5 milh\u00f5es na Justi\u00e7a para reparar danos causados por barragem em MG; Veja detalhes\t\t<\/a>\n\t<\/div>\n\n\n\n\n<p>Esses investimentos minorit\u00e1rios n\u00e3o mudam a composi\u00e7\u00e3o do controle nem mesmo a estrutura administrativa da mineradora. Atualmente, n\u00e3o existe um n\u00famero de<strong> a\u00e7\u00f5es da Vale<\/strong> visada pela CWI.<\/p>\n\n\n\n<p>\u201cN\u00e3o h\u00e1 outros valores mobili\u00e1rios e <a class=\"suno-keyword\" target=\"_blank\" data-force=\"no\" data-priority=\"1\" href=\"https:\/\/www.suno.com.br\/artigos\/instrumentos-financeiros\/\" rel=\"noopener\">instrumentos financeiros<\/a> derivativos referenciados em tais a\u00e7\u00f5es detidas, direta ou indiretamente, pela CWI ou pessoa a ela ligada, nem qualquer acordo ou contrato regulando o exerc\u00edcio do direito de voto ou a compra e venda de valores mobili\u00e1rios de emiss\u00e3o da Companhia em que CWI ou pessoa a ela ligada seja parte\u201d, explicou a Vale.<\/p>\n\n\n\n<h2 class=\"wp-block-heading\">Vale pode pagar dividendos extraordin\u00e1rios e tomba 27,48% em 2023<\/h2>\n\n\n\n<p>A Vale poder\u00e1 distribuir <a class=\"suno-keyword\" target=\"_blank\" data-force=\"no\" data-priority=\"1\" href=\"https:\/\/www.suno.com.br\/guias\/dividendos\/\" rel=\"noopener\">dividendos<\/a> extraordin\u00e1rios de US$ 2,4 bilh\u00f5es. Convertido para o real, o valor desses proventos pode chegar a R$ 12 bilh\u00f5es, conforme proje\u00e7\u00f5es realizadas em um relat\u00f3rio do BTG Pactual.<\/p>\n\n\n\n<p>Os <strong>dividendos extraordin\u00e1rios da Vale<\/strong> seriam distribu\u00eddos atrav\u00e9s da Vale Base Metals (VBM). A Vale, como controladora dessa empresa, possui uma participa\u00e7\u00e3o de 87% sobre suas a\u00e7\u00f5es.<\/p>\n\n\n\n<p>As a\u00e7\u00f5es da Vale, negociadas com o ticker <strong>VALE3<\/strong>, encerraram a sess\u00e3o desta sexta-feira (18) em queda de 1,11%, a R$ 61,22. Na semana, os pap\u00e9is da mineradora tiveram perdas de 3,73%.<\/p>\n\n\n\n<p>Os pap\u00e9is da Vale acumulam queda de 8,81% no m\u00eas de agosto, enquanto a performance no ano de 2023 \u00e9 negativa em 27,48%, considerando a cota\u00e7\u00e3o ao final de 2022, que era de R$ 84,42.<\/p>\n\n\n\n<p>De fevereiro a maio deste ano, as a\u00e7\u00f5es da <strong>Vale<\/strong> registraram 4 meses seguidos de baixa, ap\u00f3s iniciar o ano de 2023 com alta de 6,33% em janeiro. Em junho e julho, o desempenho da empresa na <a class=\"suno-keyword\" target=\"_blank\" data-force=\"no\" data-priority=\"3\" href=\"https:\/\/www.suno.com.br\/guias\/bolsa-de-valores\/\" rel=\"noopener\">Bolsa de Valores<\/a> brasileira tamb\u00e9m foi positivo.<\/p>\n\n\n\t<p>\n\t\t<a href=\"https:\/\/lp.suno.com.br\/ebook-como-analisar-uma-acao\/\" target=\"_blank\" data-element=\"shortcode-suno-banner\" title=\"Banner SUNO, clique e saiba mais\">\n\t\t\t<picture>\n\t\t\t\t<source media=\"(max-width: 500px)\" srcset=\"https:\/\/files.sunoresearch.com.br\/n\/uploads\/2023\/12\/Ebook-Acoes-Mobile.jpg\">\n\t\t\t\t<img class=\"newsContent__article__imgCapa newsContent__article__imgCapa--banner\"\n\t\t\t\t\tsrc=\"https:\/\/files.sunoresearch.com.br\/n\/uploads\/2023\/12\/Ebook-Acoes-Desktop.webp\"\n\t\t\t\t\tdata-promo-id=\"311260\"\t\t\t\t\t\t\t\t\t\twidth='1420' height='286'\t\t\t\t\talt=\"https:\/\/files.sunoresearch.com.br\/n\/uploads\/2023\/12\/Ebook-Acoes-Desktop.webp\"\n\t\t\t\t>\n\t\t\t<\/picture>\n\t\t<\/a>\n\t<\/p>\n\n\n","protected":false},"excerpt":{"rendered":"<p>A Vale (VALE3) recebeu um comunicado da Capital World Investors (CWI), informando sobre a redu\u00e7\u00e3o de uma participa\u00e7\u00e3o acion\u00e1ria relevante nas a\u00e7\u00f5es ordin\u00e1rias da mineradora, conforme anunciado ao mercado nesta sexta-feira (18). Vale (VALE3). Foto: Divulga\u00e7\u00e3o. A CWI administrava 222,241 milh\u00f5es de a\u00e7\u00f5es ordin\u00e1rias da Vale, que corresponde a 5,01% desse tipo de a\u00e7\u00e3o. Ap\u00f3s [&hellip;]<\/p>\n","protected":false},"author":173,"featured_media":126963,"comment_status":"closed","ping_status":"closed","sticky":false,"template":"","format":"standard","meta":[],"categories":[64],"tags":[676],"suno_strategy":[],"class_list":["post-444941","post","type-post","status-publish","format-standard","has-post-thumbnail","hentry","category-negocios","tag-vale-vale3"],"yoast_head":"<!-- This site is optimized with the Yoast SEO plugin v24.4 - https:\/\/yoast.com\/wordpress\/plugins\/seo\/ -->\n<title>Gestora gringa vende quase 3 milh\u00f5es de a\u00e7\u00f5es da Vale (VALE3); O que aconteceu?<\/title>\n<meta name=\"description\" content=\"Uma gestora gringa vendeu quase 3 milh\u00f5es de a\u00e7\u00f5es da Vale (VALE3). Confira detalhes sobre essa venda de a\u00e7\u00f5es da Vale.\" \/>\n<meta name=\"robots\" content=\"index, follow, max-snippet:-1, max-image-preview:large, max-video-preview:-1\" \/>\n<link rel=\"canonical\" href=\"https:\/\/www.suno.com.br\/noticias\/gestora-vende-acoes-vale-vale3-jvj\/\" \/>\n<meta property=\"og:locale\" content=\"pt_BR\" \/>\n<meta property=\"og:type\" content=\"article\" \/>\n<meta property=\"og:title\" content=\"Gestora gringa vende quase 3 milh\u00f5es de a\u00e7\u00f5es da Vale (VALE3); O que aconteceu?\" \/>\n<meta property=\"og:description\" content=\"Uma gestora gringa vendeu quase 3 milh\u00f5es de a\u00e7\u00f5es da Vale (VALE3). Confira detalhes sobre essa venda de a\u00e7\u00f5es da Vale.\" \/>\n<meta property=\"og:url\" content=\"https:\/\/www.suno.com.br\/noticias\/gestora-vende-acoes-vale-vale3-jvj\/\" \/>\n<meta property=\"og:site_name\" content=\"Suno Not\u00edcias\" \/>\n<meta property=\"article:publisher\" content=\"https:\/\/facebook.com\/sunoresearch\" \/>\n<meta property=\"og:image\" content=\"https:\/\/files.sunoresearch.com.br\/n\/uploads\/2021\/02\/aff09bff-c0100329-vale.jpg\" \/>\n\t<meta property=\"og:image:width\" content=\"1380\" \/>\n\t<meta property=\"og:image:height\" content=\"937\" \/>\n\t<meta property=\"og:image:type\" content=\"image\/jpeg\" \/>\n<meta name=\"author\" content=\"Jo\u00e3o Vitor\" \/>\n<meta name=\"twitter:card\" content=\"summary_large_image\" \/>\n<meta name=\"twitter:creator\" content=\"@sunoresearch\" \/>\n<meta name=\"twitter:site\" content=\"@sunoresearch\" \/>\n<meta name=\"twitter:label1\" content=\"Escrito por\" \/>\n\t<meta name=\"twitter:data1\" content=\"Jo\u00e3o Vitor\" \/>\n\t<meta name=\"twitter:label2\" content=\"Est. tempo de leitura\" \/>\n\t<meta name=\"twitter:data2\" content=\"3 minutos\" \/>\n<script type=\"application\/ld+json\" class=\"yoast-schema-graph\">{\"@context\":\"https:\/\/schema.org\",\"@graph\":[{\"@type\":\"NewsArticle\",\"@id\":\"https:\/\/www.suno.com.br\/noticias\/gestora-vende-acoes-vale-vale3-jvj\/#article\",\"isPartOf\":{\"@id\":\"https:\/\/www.suno.com.br\/noticias\/gestora-vende-acoes-vale-vale3-jvj\/\"},\"author\":{\"name\":\"Jo\u00e3o Vitor\",\"@id\":\"https:\/\/www.suno.com.br\/noticias\/#\/schema\/person\/87fc6973867c52dd884811905c43afba\"},\"headline\":\"Gestora gringa vende quase 3 milh\u00f5es de a\u00e7\u00f5es da Vale (VALE3); O que aconteceu?\",\"datePublished\":\"2023-08-19T19:09:15+00:00\",\"dateModified\":\"2023-08-19T19:09:18+00:00\",\"mainEntityOfPage\":{\"@id\":\"https:\/\/www.suno.com.br\/noticias\/gestora-vende-acoes-vale-vale3-jvj\/\"},\"wordCount\":442,\"publisher\":{\"@id\":\"https:\/\/www.suno.com.br\/noticias\/#organization\"},\"image\":{\"@id\":\"https:\/\/www.suno.com.br\/noticias\/gestora-vende-acoes-vale-vale3-jvj\/#primaryimage\"},\"thumbnailUrl\":\"https:\/\/files.sunoresearch.com.br\/n\/uploads\/2021\/02\/aff09bff-c0100329-vale-jpg.webp\",\"keywords\":[\"Vale (VALE3)\"],\"articleSection\":[\"Neg\u00f3cios\"],\"inLanguage\":\"pt-BR\"},{\"@type\":\"WebPage\",\"@id\":\"https:\/\/www.suno.com.br\/noticias\/gestora-vende-acoes-vale-vale3-jvj\/\",\"url\":\"https:\/\/www.suno.com.br\/noticias\/gestora-vende-acoes-vale-vale3-jvj\/\",\"name\":\"Gestora gringa vende quase 3 milh\u00f5es de a\u00e7\u00f5es da Vale (VALE3); O que aconteceu?\",\"isPartOf\":{\"@id\":\"https:\/\/www.suno.com.br\/noticias\/#website\"},\"primaryImageOfPage\":{\"@id\":\"https:\/\/www.suno.com.br\/noticias\/gestora-vende-acoes-vale-vale3-jvj\/#primaryimage\"},\"image\":{\"@id\":\"https:\/\/www.suno.com.br\/noticias\/gestora-vende-acoes-vale-vale3-jvj\/#primaryimage\"},\"thumbnailUrl\":\"https:\/\/files.sunoresearch.com.br\/n\/uploads\/2021\/02\/aff09bff-c0100329-vale-jpg.webp\",\"datePublished\":\"2023-08-19T19:09:15+00:00\",\"dateModified\":\"2023-08-19T19:09:18+00:00\",\"description\":\"Uma gestora gringa vendeu quase 3 milh\u00f5es de a\u00e7\u00f5es da Vale (VALE3). Confira detalhes sobre essa venda de a\u00e7\u00f5es da Vale.\",\"breadcrumb\":{\"@id\":\"https:\/\/www.suno.com.br\/noticias\/gestora-vende-acoes-vale-vale3-jvj\/#breadcrumb\"},\"inLanguage\":\"pt-BR\",\"potentialAction\":[{\"@type\":\"ReadAction\",\"target\":[\"https:\/\/www.suno.com.br\/noticias\/gestora-vende-acoes-vale-vale3-jvj\/\"]}]},{\"@type\":\"ImageObject\",\"inLanguage\":\"pt-BR\",\"@id\":\"https:\/\/www.suno.com.br\/noticias\/gestora-vende-acoes-vale-vale3-jvj\/#primaryimage\",\"url\":\"https:\/\/files.sunoresearch.com.br\/n\/uploads\/2021\/02\/aff09bff-c0100329-vale-jpg.webp\",\"contentUrl\":\"https:\/\/files.sunoresearch.com.br\/n\/uploads\/2021\/02\/aff09bff-c0100329-vale-jpg.webp\",\"width\":1380,\"height\":937,\"caption\":\"Vale (VALE3). Foto: Divulga\u00e7\u00e3o.\"},{\"@type\":\"BreadcrumbList\",\"@id\":\"https:\/\/www.suno.com.br\/noticias\/gestora-vende-acoes-vale-vale3-jvj\/#breadcrumb\",\"itemListElement\":[{\"@type\":\"ListItem\",\"position\":1,\"name\":\"Not\u00edcias\",\"item\":\"https:\/\/www.suno.com.br\/noticias\/\"},{\"@type\":\"ListItem\",\"position\":2,\"name\":\"Neg\u00f3cios\",\"item\":\"https:\/\/www.suno.com.br\/noticias\/negocios\/\"},{\"@type\":\"ListItem\",\"position\":3,\"name\":\"Gestora gringa vende quase 3 milh\u00f5es de a\u00e7\u00f5es da Vale (VALE3); O que aconteceu?\"}]},{\"@type\":\"WebSite\",\"@id\":\"https:\/\/www.suno.com.br\/noticias\/#website\",\"url\":\"https:\/\/www.suno.com.br\/noticias\/\",\"name\":\"Suno Not\u00edcias\",\"description\":\"Seu portal de informa\u00e7\u00e3o sobre o mundo dos investimentos\",\"publisher\":{\"@id\":\"https:\/\/www.suno.com.br\/noticias\/#organization\"},\"potentialAction\":[{\"@type\":\"SearchAction\",\"target\":{\"@type\":\"EntryPoint\",\"urlTemplate\":\"https:\/\/www.suno.com.br\/noticias\/?s={search_term_string}\"},\"query-input\":{\"@type\":\"PropertyValueSpecification\",\"valueRequired\":true,\"valueName\":\"search_term_string\"}}],\"inLanguage\":\"pt-BR\"},{\"@type\":\"Organization\",\"@id\":\"https:\/\/www.suno.com.br\/noticias\/#organization\",\"name\":\"Suno Not\u00edcias\",\"url\":\"https:\/\/www.suno.com.br\/noticias\/\",\"logo\":{\"@type\":\"ImageObject\",\"inLanguage\":\"pt-BR\",\"@id\":\"https:\/\/www.suno.com.br\/noticias\/#\/schema\/logo\/image\/\",\"url\":\"https:\/\/files.sunoresearch.com.br\/n\/uploads\/2021\/09\/suno-logo.png\",\"contentUrl\":\"https:\/\/files.sunoresearch.com.br\/n\/uploads\/2021\/09\/suno-logo.png\",\"width\":180,\"height\":180,\"caption\":\"Suno Not\u00edcias\"},\"image\":{\"@id\":\"https:\/\/www.suno.com.br\/noticias\/#\/schema\/logo\/image\/\"},\"sameAs\":[\"https:\/\/facebook.com\/sunoresearch\",\"https:\/\/x.com\/sunoresearch\",\"https:\/\/www.instagram.com\/suno\",\"https:\/\/www.linkedin.com\/company\/suno-research\/\",\"https:\/\/www.youtube.com\/c\/sunoresearch\"]},{\"@type\":\"Person\",\"@id\":\"https:\/\/www.suno.com.br\/noticias\/#\/schema\/person\/87fc6973867c52dd884811905c43afba\",\"name\":\"Jo\u00e3o Vitor\",\"image\":{\"@type\":\"ImageObject\",\"inLanguage\":\"pt-BR\",\"@id\":\"https:\/\/www.suno.com.br\/noticias\/#\/schema\/person\/image\/\",\"url\":\"https:\/\/secure.gravatar.com\/avatar\/2843227ca03ccf8cc7ccca45204c127e?s=96&r=g\",\"contentUrl\":\"https:\/\/secure.gravatar.com\/avatar\/2843227ca03ccf8cc7ccca45204c127e?s=96&r=g\",\"caption\":\"Jo\u00e3o Vitor\"},\"description\":\"Redator profissional, com atua\u00e7\u00e3o no mercado editorial na produ\u00e7\u00e3o de not\u00edcias e conte\u00fados sobre o mercado de a\u00e7\u00f5es, fundos imobili\u00e1rios e economia popular. Graduando em Engenharia Qu\u00edmica pela Unesp, tamb\u00e9m j\u00e1 atuou como consultor financeiro.\",\"url\":\"https:\/\/www.suno.com.br\/noticias\/author\/joao-vitor-jacintho\/\"}]}<\/script>\n<!-- \/ Yoast SEO plugin. -->","yoast_head_json":{"title":"Gestora gringa vende quase 3 milh\u00f5es de a\u00e7\u00f5es da Vale (VALE3); O que aconteceu?","description":"Uma gestora gringa vendeu quase 3 milh\u00f5es de a\u00e7\u00f5es da Vale (VALE3). Confira detalhes sobre essa venda de a\u00e7\u00f5es da Vale.","robots":{"index":"index","follow":"follow","max-snippet":"max-snippet:-1","max-image-preview":"max-image-preview:large","max-video-preview":"max-video-preview:-1"},"canonical":"https:\/\/www.suno.com.br\/noticias\/gestora-vende-acoes-vale-vale3-jvj\/","og_locale":"pt_BR","og_type":"article","og_title":"Gestora gringa vende quase 3 milh\u00f5es de a\u00e7\u00f5es da Vale (VALE3); O que aconteceu?","og_description":"Uma gestora gringa vendeu quase 3 milh\u00f5es de a\u00e7\u00f5es da Vale (VALE3). Confira detalhes sobre essa venda de a\u00e7\u00f5es da Vale.","og_url":"https:\/\/www.suno.com.br\/noticias\/gestora-vende-acoes-vale-vale3-jvj\/","og_site_name":"Suno Not\u00edcias","article_publisher":"https:\/\/facebook.com\/sunoresearch","og_image":[{"width":1380,"height":937,"url":"https:\/\/files.sunoresearch.com.br\/n\/uploads\/2021\/02\/aff09bff-c0100329-vale.jpg","type":"image\/jpeg"}],"author":"Jo\u00e3o Vitor","twitter_card":"summary_large_image","twitter_creator":"@sunoresearch","twitter_site":"@sunoresearch","twitter_misc":{"Escrito por":"Jo\u00e3o Vitor","Est. tempo de leitura":"3 minutos"},"schema":{"@context":"https:\/\/schema.org","@graph":[{"@type":"NewsArticle","@id":"https:\/\/www.suno.com.br\/noticias\/gestora-vende-acoes-vale-vale3-jvj\/#article","isPartOf":{"@id":"https:\/\/www.suno.com.br\/noticias\/gestora-vende-acoes-vale-vale3-jvj\/"},"author":{"name":"Jo\u00e3o Vitor","@id":"https:\/\/www.suno.com.br\/noticias\/#\/schema\/person\/87fc6973867c52dd884811905c43afba"},"headline":"Gestora gringa vende quase 3 milh\u00f5es de a\u00e7\u00f5es da Vale (VALE3); O que aconteceu?","datePublished":"2023-08-19T19:09:15+00:00","dateModified":"2023-08-19T19:09:18+00:00","mainEntityOfPage":{"@id":"https:\/\/www.suno.com.br\/noticias\/gestora-vende-acoes-vale-vale3-jvj\/"},"wordCount":442,"publisher":{"@id":"https:\/\/www.suno.com.br\/noticias\/#organization"},"image":{"@id":"https:\/\/www.suno.com.br\/noticias\/gestora-vende-acoes-vale-vale3-jvj\/#primaryimage"},"thumbnailUrl":"https:\/\/files.sunoresearch.com.br\/n\/uploads\/2021\/02\/aff09bff-c0100329-vale-jpg.webp","keywords":["Vale (VALE3)"],"articleSection":["Neg\u00f3cios"],"inLanguage":"pt-BR"},{"@type":"WebPage","@id":"https:\/\/www.suno.com.br\/noticias\/gestora-vende-acoes-vale-vale3-jvj\/","url":"https:\/\/www.suno.com.br\/noticias\/gestora-vende-acoes-vale-vale3-jvj\/","name":"Gestora gringa vende quase 3 milh\u00f5es de a\u00e7\u00f5es da Vale (VALE3); O que aconteceu?","isPartOf":{"@id":"https:\/\/www.suno.com.br\/noticias\/#website"},"primaryImageOfPage":{"@id":"https:\/\/www.suno.com.br\/noticias\/gestora-vende-acoes-vale-vale3-jvj\/#primaryimage"},"image":{"@id":"https:\/\/www.suno.com.br\/noticias\/gestora-vende-acoes-vale-vale3-jvj\/#primaryimage"},"thumbnailUrl":"https:\/\/files.sunoresearch.com.br\/n\/uploads\/2021\/02\/aff09bff-c0100329-vale-jpg.webp","datePublished":"2023-08-19T19:09:15+00:00","dateModified":"2023-08-19T19:09:18+00:00","description":"Uma gestora gringa vendeu quase 3 milh\u00f5es de a\u00e7\u00f5es da Vale (VALE3). Confira detalhes sobre essa venda de a\u00e7\u00f5es da Vale.","breadcrumb":{"@id":"https:\/\/www.suno.com.br\/noticias\/gestora-vende-acoes-vale-vale3-jvj\/#breadcrumb"},"inLanguage":"pt-BR","potentialAction":[{"@type":"ReadAction","target":["https:\/\/www.suno.com.br\/noticias\/gestora-vende-acoes-vale-vale3-jvj\/"]}]},{"@type":"ImageObject","inLanguage":"pt-BR","@id":"https:\/\/www.suno.com.br\/noticias\/gestora-vende-acoes-vale-vale3-jvj\/#primaryimage","url":"https:\/\/files.sunoresearch.com.br\/n\/uploads\/2021\/02\/aff09bff-c0100329-vale-jpg.webp","contentUrl":"https:\/\/files.sunoresearch.com.br\/n\/uploads\/2021\/02\/aff09bff-c0100329-vale-jpg.webp","width":1380,"height":937,"caption":"Vale (VALE3). Foto: Divulga\u00e7\u00e3o."},{"@type":"BreadcrumbList","@id":"https:\/\/www.suno.com.br\/noticias\/gestora-vende-acoes-vale-vale3-jvj\/#breadcrumb","itemListElement":[{"@type":"ListItem","position":1,"name":"Not\u00edcias","item":"https:\/\/www.suno.com.br\/noticias\/"},{"@type":"ListItem","position":2,"name":"Neg\u00f3cios","item":"https:\/\/www.suno.com.br\/noticias\/negocios\/"},{"@type":"ListItem","position":3,"name":"Gestora gringa vende quase 3 milh\u00f5es de a\u00e7\u00f5es da Vale (VALE3); O que aconteceu?"}]},{"@type":"WebSite","@id":"https:\/\/www.suno.com.br\/noticias\/#website","url":"https:\/\/www.suno.com.br\/noticias\/","name":"Suno Not\u00edcias","description":"Seu portal de informa\u00e7\u00e3o sobre o mundo dos investimentos","publisher":{"@id":"https:\/\/www.suno.com.br\/noticias\/#organization"},"potentialAction":[{"@type":"SearchAction","target":{"@type":"EntryPoint","urlTemplate":"https:\/\/www.suno.com.br\/noticias\/?s={search_term_string}"},"query-input":{"@type":"PropertyValueSpecification","valueRequired":true,"valueName":"search_term_string"}}],"inLanguage":"pt-BR"},{"@type":"Organization","@id":"https:\/\/www.suno.com.br\/noticias\/#organization","name":"Suno Not\u00edcias","url":"https:\/\/www.suno.com.br\/noticias\/","logo":{"@type":"ImageObject","inLanguage":"pt-BR","@id":"https:\/\/www.suno.com.br\/noticias\/#\/schema\/logo\/image\/","url":"https:\/\/files.sunoresearch.com.br\/n\/uploads\/2021\/09\/suno-logo.png","contentUrl":"https:\/\/files.sunoresearch.com.br\/n\/uploads\/2021\/09\/suno-logo.png","width":180,"height":180,"caption":"Suno Not\u00edcias"},"image":{"@id":"https:\/\/www.suno.com.br\/noticias\/#\/schema\/logo\/image\/"},"sameAs":["https:\/\/facebook.com\/sunoresearch","https:\/\/x.com\/sunoresearch","https:\/\/www.instagram.com\/suno","https:\/\/www.linkedin.com\/company\/suno-research\/","https:\/\/www.youtube.com\/c\/sunoresearch"]},{"@type":"Person","@id":"https:\/\/www.suno.com.br\/noticias\/#\/schema\/person\/87fc6973867c52dd884811905c43afba","name":"Jo\u00e3o Vitor","image":{"@type":"ImageObject","inLanguage":"pt-BR","@id":"https:\/\/www.suno.com.br\/noticias\/#\/schema\/person\/image\/","url":"https:\/\/secure.gravatar.com\/avatar\/2843227ca03ccf8cc7ccca45204c127e?s=96&r=g","contentUrl":"https:\/\/secure.gravatar.com\/avatar\/2843227ca03ccf8cc7ccca45204c127e?s=96&r=g","caption":"Jo\u00e3o Vitor"},"description":"Redator profissional, com atua\u00e7\u00e3o no mercado editorial na produ\u00e7\u00e3o de not\u00edcias e conte\u00fados sobre o mercado de a\u00e7\u00f5es, fundos imobili\u00e1rios e economia popular. Graduando em Engenharia Qu\u00edmica pela Unesp, tamb\u00e9m j\u00e1 atuou como consultor financeiro.","url":"https:\/\/www.suno.com.br\/noticias\/author\/joao-vitor-jacintho\/"}]}},"default_loop_html":"<div class=\"cardsPage__listCard__boxs\"><div class=\"cardsPage__listCard__boxs__img\"><a href=\"https:\/\/www.suno.com.br\/noticias\/gestora-vende-acoes-vale-vale3-jvj\/\"><img class=\"mask\" src=\"https:\/\/www.suno.com.br\/noticias\/wp-content\/themes\/suno\/resources\/images\/spotlight\/spotlight1img\/bg-mask.png\" alt=\"Image Mask\"\/><img src=\"https:\/\/files.sunoresearch.com.br\/n\/uploads\/2021\/02\/aff09bff-c0100329-vale-400x200.webp\" alt=\"Gestora gringa vende quase 3 milh\u00f5es de a\u00e7\u00f5es da Vale (VALE3); O que aconteceu?\"\/><\/a><span class=\"spotlightCategory\"><a href=\"https:\/\/www.suno.com.br\/noticias\/negocios\/\">Neg\u00f3cios<\/a><\/span><\/div><div class=\"cardsPage__listCard__boxs__content\"><a href=\"https:\/\/www.suno.com.br\/noticias\/gestora-vende-acoes-vale-vale3-jvj\/\"><h2 class=\"content__title\">Gestora gringa vende quase 3 milh\u00f5es de a\u00e7\u00f5es da Vale (VALE3); O que aconteceu?<\/h2><\/a><div class=\"newsContent__article__meta\"><div class=\"newsContent__article__meta__authorBox\"><a href=\"https:\/\/www.suno.com.br\/noticias\/author\/joao-vitor-jacintho\/\" class=\"authorBox__avatar noMobi\"><img src=\"https:\/\/secure.gravatar.com\/avatar\/2843227ca03ccf8cc7ccca45204c127e?s=96&#038;r=g\" alt=\"Jo\u00e3o Vitor Jacintho\"><\/a><div class=\"authorBox__name\"><span>por\n\t\t\t<a href=\"https:\/\/www.suno.com.br\/noticias\/author\/joao-vitor-jacintho\/\"><span itemprop=\"author\">Jo\u00e3o Vitor Jacintho<\/span><\/a><\/span><time datetime=\"2023-08-19T16:09:15-03:00\" itemprop=\"datePublished\">19\/08\/2023 16:09<\/time><\/div><\/div><\/div><\/div><\/div>","single_layout":"posts","amp_enabled":true,"_links":{"self":[{"href":"https:\/\/www.suno.com.br\/noticias\/wp-json\/wp\/v2\/posts\/444941"}],"collection":[{"href":"https:\/\/www.suno.com.br\/noticias\/wp-json\/wp\/v2\/posts"}],"about":[{"href":"https:\/\/www.suno.com.br\/noticias\/wp-json\/wp\/v2\/types\/post"}],"author":[{"embeddable":true,"href":"https:\/\/www.suno.com.br\/noticias\/wp-json\/wp\/v2\/users\/173"}],"replies":[{"embeddable":true,"href":"https:\/\/www.suno.com.br\/noticias\/wp-json\/wp\/v2\/comments?post=444941"}],"version-history":[{"count":2,"href":"https:\/\/www.suno.com.br\/noticias\/wp-json\/wp\/v2\/posts\/444941\/revisions"}],"predecessor-version":[{"id":444943,"href":"https:\/\/www.suno.com.br\/noticias\/wp-json\/wp\/v2\/posts\/444941\/revisions\/444943"}],"wp:featuredmedia":[{"embeddable":true,"href":"https:\/\/www.suno.com.br\/noticias\/wp-json\/wp\/v2\/media\/126963"}],"wp:attachment":[{"href":"https:\/\/www.suno.com.br\/noticias\/wp-json\/wp\/v2\/media?parent=444941"}],"wp:term":[{"taxonomy":"category","embeddable":true,"href":"https:\/\/www.suno.com.br\/noticias\/wp-json\/wp\/v2\/categories?post=444941"},{"taxonomy":"post_tag","embeddable":true,"href":"https:\/\/www.suno.com.br\/noticias\/wp-json\/wp\/v2\/tags?post=444941"},{"taxonomy":"suno_strategy","embeddable":true,"href":"https:\/\/www.suno.com.br\/noticias\/wp-json\/wp\/v2\/suno_strategy?post=444941"}],"curies":[{"name":"wp","href":"https:\/\/api.w.org\/{rel}","templated":true}]}}