{"id":444918,"date":"2023-08-19T13:25:11","date_gmt":"2023-08-19T16:25:11","guid":{"rendered":"https:\/\/www.suno.com.br\/noticias\/?p=444918"},"modified":"2023-08-19T13:25:26","modified_gmt":"2023-08-19T16:25:26","slug":"vale-vale3-acordo-justica-reparar-danos-barragem-mg-jvj","status":"publish","type":"post","link":"https:\/\/www.suno.com.br\/noticias\/vale-vale3-acordo-justica-reparar-danos-barragem-mg-jvj\/","title":{"rendered":"Vale fecha acordo de R$ 527,5 milh\u00f5es na Justi\u00e7a para reparar danos causados por barragem em MG; Veja detalhes"},"content":{"rendered":"<p>A <a class=\"suno-keyword\" data-force=\"yes\" data-priority=\"2\" href=\"https:\/\/www.suno.com.br\/acoes\/VALE3\/\" target=\"_blank\" rel=\"noopener\"><strong>Vale<\/strong> (VALE3)<\/a> e o munic\u00edpio de Bar\u00e3o de Cocais (MG) celebraram na tarde desta sexta-feira, 18, um acordo no valor estimado de R$ 527.531.926,14. A mineradora ir\u00e1 compensar e reparar integralmente os danos causados pela eleva\u00e7\u00e3o dos n\u00edveis de emerg\u00eancia da barragem Sul Superior, da Mina de Gongo Soco.<\/p>\t<div class=\"wrapper-featured-image\">\n\t\t<figure class=\"spotlightImg\">\n\n\t\t\t<picture>\n\t\t\t\t<source media=\"(max-width: 768px)\" srcset=\"https:\/\/files.sunoresearch.com.br\/n\/uploads\/2021\/02\/e6b95005-vale-400x200.webp\">\n\t\t\t\t<img loading=\"lazy\" decoding=\"async\" class=\"newsContent__article__imgCapa lazyloadDisabled \" src=\"https:\/\/files.sunoresearch.com.br\/n\/uploads\/2021\/02\/e6b95005-vale-800x450.webp\" width=\"800\" height=\"450\" alt=\"Vale fecha acordo de R$ 527,5 milh\u00f5es na Justi\u00e7a para reparar danos causados por barragem em MG; Veja detalhes\" fetchpriority=high \/>\n\t\t\t<\/picture>\n\n\t\t\t<figcaption class=\"wp-caption-text wp-caption-text--show\">Vale fecha acordo de R$ 527,5 milh\u00f5es na Justi\u00e7a para reparar danos causados por barragem em MG. Foto: divulga\u00e7\u00e3o.<\/figcaption>\n\t\t<\/figure>\n\t<\/div>\n\n\n\n\n\n\t<p>\n\t\t<a href=\"https:\/\/lp2.suno.com.br\/cl\/black-friday-2025\/?utm_campaign=_SNCDF0E4858_\" target=\"_blank\" data-element=\"shortcode-suno-banner\" title=\"Banner SUNO, clique e saiba mais\">\n\t\t\t<picture>\n\t\t\t\t<source media=\"(max-width: 500px)\" srcset=\"https:\/\/files.sunoresearch.com.br\/n\/uploads\/2025\/10\/Artigos-e-Noticias-Banner-Home-artigos-01-Mobile_-400x300-1-png.webp\">\n\t\t\t\t<img class=\"newsContent__article__imgCapa newsContent__article__imgCapa--banner\"\n\t\t\t\t\tsrc=\"https:\/\/files.sunoresearch.com.br\/n\/uploads\/2025\/10\/Artigos-e-Noticias-Banner-Home-artigos-01-Desktop_-1420x240-1-png.webp\"\n\t\t\t\t\tdata-promo-id=\"311259\"\t\t\t\t\t\t\t\t\t\twidth='1420' height='240'\t\t\t\t\talt=\"https:\/\/files.sunoresearch.com.br\/n\/uploads\/2025\/10\/Artigos-e-Noticias-Banner-Home-artigos-01-Desktop_-1420x240-1-png.webp\"\n\t\t\t\t>\n\t\t\t<\/picture>\n\t\t<\/a>\n\t<\/p>\n\n\n\n\n\n<p>O montante corresponde \u00e0 soma das obriga\u00e7\u00f5es definidas e os valores indicados pela Vale como despesas j\u00e1 realizadas para a execu\u00e7\u00e3o das a\u00e7\u00f5es de repara\u00e7\u00e3o, de compensa\u00e7\u00e3o, de antecipa\u00e7\u00e3o da indeniza\u00e7\u00e3o dos danos coletivos e difusos e dos pagamentos emergenciais efetuados, estimados em R$ 44.531.926,14.<\/p>\n\n\n\n<p>O valor total n\u00e3o abrange as despesas decorrentes de danos desconhecidos ou futuros causados pelo acionamento da emerg\u00eancia e pelas evacua\u00e7\u00f5es.<\/p>\n\n\n\t<div data-element=\"shortcode-read-more\" class=\"knowMore\">\n\t\t\t\t<span class=\"knowMore__title\">Leia mais<\/span>\n\t\t\t\t<a class=\"knowMore__link\" href=\"https:\/\/www.suno.com.br\/noticias\/estrangeiros-b3-bolsa-valores-brasileira-jvj\/\">\n\t\t\tEstrangeiros saem em debandada da Bolsa de Valores Brasileira; Veja os motivos\t\t<\/a>\n\t<\/div>\n\n\n\n\n<p>O aval para um acerto entre as partes foi dado mais cedo pelo <strong>Minist\u00e9rio P\u00fablico de Minas Gerais <\/strong>(MPMG), a Defensoria P\u00fablica de Minas Gerais (DPMG) e o Minist\u00e9rio P\u00fablico Federal (MPF).<\/p>\n\n\n\n<p>Entre fevereiro e mar\u00e7o de 2019, a barragem teve o n\u00edvel 2 de emerg\u00eancia e o n\u00edvel 3 acionados, provocando evacua\u00e7\u00e3o de pessoas das comunidades localizadas na Zona de Autossalvamento (ZAS) e em outros pontos da mancha de inunda\u00e7\u00e3o, que englobam as comunidades de Socorro, Vila do Gongo, Tabuleiro e Piteiras, em Bar\u00e3o de Cocais, al\u00e9m de outros impactos socioecon\u00f4micos.<\/p>\n\n\n\n<p>O <strong>acordo da Vale<\/strong> inclui a prote\u00e7\u00e3o, mitiga\u00e7\u00e3o, repara\u00e7\u00e3o e compensa\u00e7\u00e3o dos danos ao meio ambiente cultural material, imaterial e tur\u00edstico, e conta com a interveni\u00eancia da Arquidiocese de Mariana, uma vez que uma das obriga\u00e7\u00f5es assumidas pela mineradora \u00e9 a restaura\u00e7\u00e3o da Igreja M\u00e3e Augusta do Socorro, bem como de seu acervo m\u00f3vel.<\/p>\n\n\n\n<p>Para o procurador-geral de Justi\u00e7a, Jarbas Soares J\u00fanior, o acordo demonstra mais uma vez que o &#8220;caminho mais correto&#8221; para atua\u00e7\u00e3o do <strong>Minist\u00e9rio P\u00fablico<\/strong> &#8220;\u00e9 o caminho da concilia\u00e7\u00e3o, do di\u00e1logo, da constru\u00e7\u00e3o de solu\u00e7\u00f5es&#8221;.<\/p>\n\n\n\n<p>&#8220;As a\u00e7\u00f5es civis e penais s\u00e3o necess\u00e1rias muitas vezes, mas as portas devem estar abertas ao di\u00e1logo. Neste caso, com a mat\u00e9ria j\u00e1 judicializada, conseguimos construir uma solu\u00e7\u00e3o que atendesse aos interesses da comunidade de Bar\u00e3o de Cocais. Quero, sobretudo parabenizar a condu\u00e7\u00e3o da desembargadora Ana Paula Nannetti Caixeta, que conseguiu que as partes conversassem e achassem o melhor caminho para resguardar os interesses dos mineiros&#8221;, afirmou sobre o acordo da <strong>Vale<\/strong>.<\/p>\n\n\n\n<p>(Com informa\u00e7\u00f5es de Estad\u00e3o Conte\u00fado)<\/p>\n\n\n\t<p>\n\t\t<a href=\"https:\/\/lp.suno.com.br\/ebook-como-analisar-uma-acao\/\" target=\"_blank\" data-element=\"shortcode-suno-banner\" title=\"Banner SUNO, clique e saiba mais\">\n\t\t\t<picture>\n\t\t\t\t<source media=\"(max-width: 500px)\" srcset=\"https:\/\/files.sunoresearch.com.br\/n\/uploads\/2023\/12\/Ebook-Acoes-Mobile.jpg\">\n\t\t\t\t<img class=\"newsContent__article__imgCapa newsContent__article__imgCapa--banner\"\n\t\t\t\t\tsrc=\"https:\/\/files.sunoresearch.com.br\/n\/uploads\/2023\/12\/Ebook-Acoes-Desktop.webp\"\n\t\t\t\t\tdata-promo-id=\"311260\"\t\t\t\t\t\t\t\t\t\twidth='1420' height='286'\t\t\t\t\talt=\"https:\/\/files.sunoresearch.com.br\/n\/uploads\/2023\/12\/Ebook-Acoes-Desktop.webp\"\n\t\t\t\t>\n\t\t\t<\/picture>\n\t\t<\/a>\n\t<\/p>\n\n\n","protected":false},"excerpt":{"rendered":"<p>A Vale (VALE3) e o munic\u00edpio de Bar\u00e3o de Cocais (MG) celebraram na tarde desta sexta-feira, 18, um acordo no valor estimado de R$ 527.531.926,14. A mineradora ir\u00e1 compensar e reparar integralmente os danos causados pela eleva\u00e7\u00e3o dos n\u00edveis de emerg\u00eancia da barragem Sul Superior, da Mina de Gongo Soco. Vale fecha acordo de R$ [&hellip;]<\/p>\n","protected":false},"author":173,"featured_media":118696,"comment_status":"closed","ping_status":"closed","sticky":false,"template":"","format":"standard","meta":[],"categories":[64],"tags":[676],"suno_strategy":[],"class_list":["post-444918","post","type-post","status-publish","format-standard","has-post-thumbnail","hentry","category-negocios","tag-vale-vale3"],"yoast_head":"<!-- This site is optimized with the Yoast SEO plugin v24.4 - https:\/\/yoast.com\/wordpress\/plugins\/seo\/ -->\n<title>Vale fecha acordo de R$ 527,5 milh\u00f5es na Justi\u00e7a; Veja detalhes<\/title>\n<meta name=\"description\" content=\"A Vale (VALE3) fechou um acordo de R$ 527,5 milh\u00f5es na Justi\u00e7a para reparar danos causados por barragem em Minas Gerais. Veja detalhes.\" \/>\n<meta name=\"robots\" content=\"index, follow, max-snippet:-1, max-image-preview:large, max-video-preview:-1\" \/>\n<link rel=\"canonical\" href=\"https:\/\/www.suno.com.br\/noticias\/vale-vale3-acordo-justica-reparar-danos-barragem-mg-jvj\/\" \/>\n<meta property=\"og:locale\" content=\"pt_BR\" \/>\n<meta property=\"og:type\" content=\"article\" \/>\n<meta property=\"og:title\" content=\"Vale fecha acordo de R$ 527,5 milh\u00f5es na Justi\u00e7a; Veja detalhes\" \/>\n<meta property=\"og:description\" content=\"A Vale (VALE3) fechou um acordo de R$ 527,5 milh\u00f5es na Justi\u00e7a para reparar danos causados por barragem em Minas Gerais. Veja detalhes.\" \/>\n<meta property=\"og:url\" content=\"https:\/\/www.suno.com.br\/noticias\/vale-vale3-acordo-justica-reparar-danos-barragem-mg-jvj\/\" \/>\n<meta property=\"og:site_name\" content=\"Suno Not\u00edcias\" \/>\n<meta property=\"article:publisher\" content=\"https:\/\/facebook.com\/sunoresearch\" \/>\n<meta property=\"og:image\" content=\"https:\/\/files.sunoresearch.com.br\/n\/uploads\/2021\/02\/e6b95005-vale.jpg\" \/>\n\t<meta property=\"og:image:width\" content=\"1500\" \/>\n\t<meta property=\"og:image:height\" content=\"1000\" \/>\n\t<meta property=\"og:image:type\" content=\"image\/jpeg\" \/>\n<meta name=\"author\" content=\"Jo\u00e3o Vitor\" \/>\n<meta name=\"twitter:card\" content=\"summary_large_image\" \/>\n<meta name=\"twitter:creator\" content=\"@sunoresearch\" \/>\n<meta name=\"twitter:site\" content=\"@sunoresearch\" \/>\n<meta name=\"twitter:label1\" content=\"Escrito por\" \/>\n\t<meta name=\"twitter:data1\" content=\"Jo\u00e3o Vitor\" \/>\n\t<meta name=\"twitter:label2\" content=\"Est. tempo de leitura\" \/>\n\t<meta name=\"twitter:data2\" content=\"3 minutos\" \/>\n<script type=\"application\/ld+json\" class=\"yoast-schema-graph\">{\"@context\":\"https:\/\/schema.org\",\"@graph\":[{\"@type\":\"NewsArticle\",\"@id\":\"https:\/\/www.suno.com.br\/noticias\/vale-vale3-acordo-justica-reparar-danos-barragem-mg-jvj\/#article\",\"isPartOf\":{\"@id\":\"https:\/\/www.suno.com.br\/noticias\/vale-vale3-acordo-justica-reparar-danos-barragem-mg-jvj\/\"},\"author\":{\"name\":\"Jo\u00e3o Vitor\",\"@id\":\"https:\/\/www.suno.com.br\/noticias\/#\/schema\/person\/87fc6973867c52dd884811905c43afba\"},\"headline\":\"Vale fecha acordo de R$ 527,5 milh\u00f5es na Justi\u00e7a para reparar danos causados por barragem em MG; Veja detalhes\",\"datePublished\":\"2023-08-19T16:25:11+00:00\",\"dateModified\":\"2023-08-19T16:25:26+00:00\",\"mainEntityOfPage\":{\"@id\":\"https:\/\/www.suno.com.br\/noticias\/vale-vale3-acordo-justica-reparar-danos-barragem-mg-jvj\/\"},\"wordCount\":450,\"publisher\":{\"@id\":\"https:\/\/www.suno.com.br\/noticias\/#organization\"},\"image\":{\"@id\":\"https:\/\/www.suno.com.br\/noticias\/vale-vale3-acordo-justica-reparar-danos-barragem-mg-jvj\/#primaryimage\"},\"thumbnailUrl\":\"https:\/\/files.sunoresearch.com.br\/n\/uploads\/2021\/02\/e6b95005-vale-jpg.webp\",\"keywords\":[\"Vale (VALE3)\"],\"articleSection\":[\"Neg\u00f3cios\"],\"inLanguage\":\"pt-BR\"},{\"@type\":\"WebPage\",\"@id\":\"https:\/\/www.suno.com.br\/noticias\/vale-vale3-acordo-justica-reparar-danos-barragem-mg-jvj\/\",\"url\":\"https:\/\/www.suno.com.br\/noticias\/vale-vale3-acordo-justica-reparar-danos-barragem-mg-jvj\/\",\"name\":\"Vale fecha acordo de R$ 527,5 milh\u00f5es na Justi\u00e7a; Veja detalhes\",\"isPartOf\":{\"@id\":\"https:\/\/www.suno.com.br\/noticias\/#website\"},\"primaryImageOfPage\":{\"@id\":\"https:\/\/www.suno.com.br\/noticias\/vale-vale3-acordo-justica-reparar-danos-barragem-mg-jvj\/#primaryimage\"},\"image\":{\"@id\":\"https:\/\/www.suno.com.br\/noticias\/vale-vale3-acordo-justica-reparar-danos-barragem-mg-jvj\/#primaryimage\"},\"thumbnailUrl\":\"https:\/\/files.sunoresearch.com.br\/n\/uploads\/2021\/02\/e6b95005-vale-jpg.webp\",\"datePublished\":\"2023-08-19T16:25:11+00:00\",\"dateModified\":\"2023-08-19T16:25:26+00:00\",\"description\":\"A Vale (VALE3) fechou um acordo de R$ 527,5 milh\u00f5es na Justi\u00e7a para reparar danos causados por barragem em Minas Gerais. Veja detalhes.\",\"breadcrumb\":{\"@id\":\"https:\/\/www.suno.com.br\/noticias\/vale-vale3-acordo-justica-reparar-danos-barragem-mg-jvj\/#breadcrumb\"},\"inLanguage\":\"pt-BR\",\"potentialAction\":[{\"@type\":\"ReadAction\",\"target\":[\"https:\/\/www.suno.com.br\/noticias\/vale-vale3-acordo-justica-reparar-danos-barragem-mg-jvj\/\"]}]},{\"@type\":\"ImageObject\",\"inLanguage\":\"pt-BR\",\"@id\":\"https:\/\/www.suno.com.br\/noticias\/vale-vale3-acordo-justica-reparar-danos-barragem-mg-jvj\/#primaryimage\",\"url\":\"https:\/\/files.sunoresearch.com.br\/n\/uploads\/2021\/02\/e6b95005-vale-jpg.webp\",\"contentUrl\":\"https:\/\/files.sunoresearch.com.br\/n\/uploads\/2021\/02\/e6b95005-vale-jpg.webp\",\"width\":1500,\"height\":1000,\"caption\":\"Vale fecha acordo de R$ 527,5 milh\u00f5es na Justi\u00e7a para reparar danos causados por barragem em MG. Foto: divulga\u00e7\u00e3o.\"},{\"@type\":\"BreadcrumbList\",\"@id\":\"https:\/\/www.suno.com.br\/noticias\/vale-vale3-acordo-justica-reparar-danos-barragem-mg-jvj\/#breadcrumb\",\"itemListElement\":[{\"@type\":\"ListItem\",\"position\":1,\"name\":\"Not\u00edcias\",\"item\":\"https:\/\/www.suno.com.br\/noticias\/\"},{\"@type\":\"ListItem\",\"position\":2,\"name\":\"Neg\u00f3cios\",\"item\":\"https:\/\/www.suno.com.br\/noticias\/negocios\/\"},{\"@type\":\"ListItem\",\"position\":3,\"name\":\"Vale fecha acordo de R$ 527,5 milh\u00f5es na Justi\u00e7a para reparar danos causados por barragem em MG; Veja detalhes\"}]},{\"@type\":\"WebSite\",\"@id\":\"https:\/\/www.suno.com.br\/noticias\/#website\",\"url\":\"https:\/\/www.suno.com.br\/noticias\/\",\"name\":\"Suno Not\u00edcias\",\"description\":\"Seu portal de informa\u00e7\u00e3o sobre o mundo dos investimentos\",\"publisher\":{\"@id\":\"https:\/\/www.suno.com.br\/noticias\/#organization\"},\"potentialAction\":[{\"@type\":\"SearchAction\",\"target\":{\"@type\":\"EntryPoint\",\"urlTemplate\":\"https:\/\/www.suno.com.br\/noticias\/?s={search_term_string}\"},\"query-input\":{\"@type\":\"PropertyValueSpecification\",\"valueRequired\":true,\"valueName\":\"search_term_string\"}}],\"inLanguage\":\"pt-BR\"},{\"@type\":\"Organization\",\"@id\":\"https:\/\/www.suno.com.br\/noticias\/#organization\",\"name\":\"Suno Not\u00edcias\",\"url\":\"https:\/\/www.suno.com.br\/noticias\/\",\"logo\":{\"@type\":\"ImageObject\",\"inLanguage\":\"pt-BR\",\"@id\":\"https:\/\/www.suno.com.br\/noticias\/#\/schema\/logo\/image\/\",\"url\":\"https:\/\/files.sunoresearch.com.br\/n\/uploads\/2021\/09\/suno-logo.png\",\"contentUrl\":\"https:\/\/files.sunoresearch.com.br\/n\/uploads\/2021\/09\/suno-logo.png\",\"width\":180,\"height\":180,\"caption\":\"Suno Not\u00edcias\"},\"image\":{\"@id\":\"https:\/\/www.suno.com.br\/noticias\/#\/schema\/logo\/image\/\"},\"sameAs\":[\"https:\/\/facebook.com\/sunoresearch\",\"https:\/\/x.com\/sunoresearch\",\"https:\/\/www.instagram.com\/suno\",\"https:\/\/www.linkedin.com\/company\/suno-research\/\",\"https:\/\/www.youtube.com\/c\/sunoresearch\"]},{\"@type\":\"Person\",\"@id\":\"https:\/\/www.suno.com.br\/noticias\/#\/schema\/person\/87fc6973867c52dd884811905c43afba\",\"name\":\"Jo\u00e3o Vitor\",\"image\":{\"@type\":\"ImageObject\",\"inLanguage\":\"pt-BR\",\"@id\":\"https:\/\/www.suno.com.br\/noticias\/#\/schema\/person\/image\/\",\"url\":\"https:\/\/secure.gravatar.com\/avatar\/2843227ca03ccf8cc7ccca45204c127e?s=96&r=g\",\"contentUrl\":\"https:\/\/secure.gravatar.com\/avatar\/2843227ca03ccf8cc7ccca45204c127e?s=96&r=g\",\"caption\":\"Jo\u00e3o Vitor\"},\"description\":\"Redator profissional, com atua\u00e7\u00e3o no mercado editorial na produ\u00e7\u00e3o de not\u00edcias e conte\u00fados sobre o mercado de a\u00e7\u00f5es, fundos imobili\u00e1rios e economia popular. Graduando em Engenharia Qu\u00edmica pela Unesp, tamb\u00e9m j\u00e1 atuou como consultor financeiro.\",\"url\":\"https:\/\/www.suno.com.br\/noticias\/author\/joao-vitor-jacintho\/\"}]}<\/script>\n<!-- \/ Yoast SEO plugin. -->","yoast_head_json":{"title":"Vale fecha acordo de R$ 527,5 milh\u00f5es na Justi\u00e7a; Veja detalhes","description":"A Vale (VALE3) fechou um acordo de R$ 527,5 milh\u00f5es na Justi\u00e7a para reparar danos causados por barragem em Minas Gerais. Veja detalhes.","robots":{"index":"index","follow":"follow","max-snippet":"max-snippet:-1","max-image-preview":"max-image-preview:large","max-video-preview":"max-video-preview:-1"},"canonical":"https:\/\/www.suno.com.br\/noticias\/vale-vale3-acordo-justica-reparar-danos-barragem-mg-jvj\/","og_locale":"pt_BR","og_type":"article","og_title":"Vale fecha acordo de R$ 527,5 milh\u00f5es na Justi\u00e7a; Veja detalhes","og_description":"A Vale (VALE3) fechou um acordo de R$ 527,5 milh\u00f5es na Justi\u00e7a para reparar danos causados por barragem em Minas Gerais. Veja detalhes.","og_url":"https:\/\/www.suno.com.br\/noticias\/vale-vale3-acordo-justica-reparar-danos-barragem-mg-jvj\/","og_site_name":"Suno Not\u00edcias","article_publisher":"https:\/\/facebook.com\/sunoresearch","og_image":[{"width":1500,"height":1000,"url":"https:\/\/files.sunoresearch.com.br\/n\/uploads\/2021\/02\/e6b95005-vale.jpg","type":"image\/jpeg"}],"author":"Jo\u00e3o Vitor","twitter_card":"summary_large_image","twitter_creator":"@sunoresearch","twitter_site":"@sunoresearch","twitter_misc":{"Escrito por":"Jo\u00e3o Vitor","Est. tempo de leitura":"3 minutos"},"schema":{"@context":"https:\/\/schema.org","@graph":[{"@type":"NewsArticle","@id":"https:\/\/www.suno.com.br\/noticias\/vale-vale3-acordo-justica-reparar-danos-barragem-mg-jvj\/#article","isPartOf":{"@id":"https:\/\/www.suno.com.br\/noticias\/vale-vale3-acordo-justica-reparar-danos-barragem-mg-jvj\/"},"author":{"name":"Jo\u00e3o Vitor","@id":"https:\/\/www.suno.com.br\/noticias\/#\/schema\/person\/87fc6973867c52dd884811905c43afba"},"headline":"Vale fecha acordo de R$ 527,5 milh\u00f5es na Justi\u00e7a para reparar danos causados por barragem em MG; Veja detalhes","datePublished":"2023-08-19T16:25:11+00:00","dateModified":"2023-08-19T16:25:26+00:00","mainEntityOfPage":{"@id":"https:\/\/www.suno.com.br\/noticias\/vale-vale3-acordo-justica-reparar-danos-barragem-mg-jvj\/"},"wordCount":450,"publisher":{"@id":"https:\/\/www.suno.com.br\/noticias\/#organization"},"image":{"@id":"https:\/\/www.suno.com.br\/noticias\/vale-vale3-acordo-justica-reparar-danos-barragem-mg-jvj\/#primaryimage"},"thumbnailUrl":"https:\/\/files.sunoresearch.com.br\/n\/uploads\/2021\/02\/e6b95005-vale-jpg.webp","keywords":["Vale (VALE3)"],"articleSection":["Neg\u00f3cios"],"inLanguage":"pt-BR"},{"@type":"WebPage","@id":"https:\/\/www.suno.com.br\/noticias\/vale-vale3-acordo-justica-reparar-danos-barragem-mg-jvj\/","url":"https:\/\/www.suno.com.br\/noticias\/vale-vale3-acordo-justica-reparar-danos-barragem-mg-jvj\/","name":"Vale fecha acordo de R$ 527,5 milh\u00f5es na Justi\u00e7a; Veja detalhes","isPartOf":{"@id":"https:\/\/www.suno.com.br\/noticias\/#website"},"primaryImageOfPage":{"@id":"https:\/\/www.suno.com.br\/noticias\/vale-vale3-acordo-justica-reparar-danos-barragem-mg-jvj\/#primaryimage"},"image":{"@id":"https:\/\/www.suno.com.br\/noticias\/vale-vale3-acordo-justica-reparar-danos-barragem-mg-jvj\/#primaryimage"},"thumbnailUrl":"https:\/\/files.sunoresearch.com.br\/n\/uploads\/2021\/02\/e6b95005-vale-jpg.webp","datePublished":"2023-08-19T16:25:11+00:00","dateModified":"2023-08-19T16:25:26+00:00","description":"A Vale (VALE3) fechou um acordo de R$ 527,5 milh\u00f5es na Justi\u00e7a para reparar danos causados por barragem em Minas Gerais. Veja detalhes.","breadcrumb":{"@id":"https:\/\/www.suno.com.br\/noticias\/vale-vale3-acordo-justica-reparar-danos-barragem-mg-jvj\/#breadcrumb"},"inLanguage":"pt-BR","potentialAction":[{"@type":"ReadAction","target":["https:\/\/www.suno.com.br\/noticias\/vale-vale3-acordo-justica-reparar-danos-barragem-mg-jvj\/"]}]},{"@type":"ImageObject","inLanguage":"pt-BR","@id":"https:\/\/www.suno.com.br\/noticias\/vale-vale3-acordo-justica-reparar-danos-barragem-mg-jvj\/#primaryimage","url":"https:\/\/files.sunoresearch.com.br\/n\/uploads\/2021\/02\/e6b95005-vale-jpg.webp","contentUrl":"https:\/\/files.sunoresearch.com.br\/n\/uploads\/2021\/02\/e6b95005-vale-jpg.webp","width":1500,"height":1000,"caption":"Vale fecha acordo de R$ 527,5 milh\u00f5es na Justi\u00e7a para reparar danos causados por barragem em MG. Foto: divulga\u00e7\u00e3o."},{"@type":"BreadcrumbList","@id":"https:\/\/www.suno.com.br\/noticias\/vale-vale3-acordo-justica-reparar-danos-barragem-mg-jvj\/#breadcrumb","itemListElement":[{"@type":"ListItem","position":1,"name":"Not\u00edcias","item":"https:\/\/www.suno.com.br\/noticias\/"},{"@type":"ListItem","position":2,"name":"Neg\u00f3cios","item":"https:\/\/www.suno.com.br\/noticias\/negocios\/"},{"@type":"ListItem","position":3,"name":"Vale fecha acordo de R$ 527,5 milh\u00f5es na Justi\u00e7a para reparar danos causados por barragem em MG; Veja detalhes"}]},{"@type":"WebSite","@id":"https:\/\/www.suno.com.br\/noticias\/#website","url":"https:\/\/www.suno.com.br\/noticias\/","name":"Suno Not\u00edcias","description":"Seu portal de informa\u00e7\u00e3o sobre o mundo dos investimentos","publisher":{"@id":"https:\/\/www.suno.com.br\/noticias\/#organization"},"potentialAction":[{"@type":"SearchAction","target":{"@type":"EntryPoint","urlTemplate":"https:\/\/www.suno.com.br\/noticias\/?s={search_term_string}"},"query-input":{"@type":"PropertyValueSpecification","valueRequired":true,"valueName":"search_term_string"}}],"inLanguage":"pt-BR"},{"@type":"Organization","@id":"https:\/\/www.suno.com.br\/noticias\/#organization","name":"Suno Not\u00edcias","url":"https:\/\/www.suno.com.br\/noticias\/","logo":{"@type":"ImageObject","inLanguage":"pt-BR","@id":"https:\/\/www.suno.com.br\/noticias\/#\/schema\/logo\/image\/","url":"https:\/\/files.sunoresearch.com.br\/n\/uploads\/2021\/09\/suno-logo.png","contentUrl":"https:\/\/files.sunoresearch.com.br\/n\/uploads\/2021\/09\/suno-logo.png","width":180,"height":180,"caption":"Suno Not\u00edcias"},"image":{"@id":"https:\/\/www.suno.com.br\/noticias\/#\/schema\/logo\/image\/"},"sameAs":["https:\/\/facebook.com\/sunoresearch","https:\/\/x.com\/sunoresearch","https:\/\/www.instagram.com\/suno","https:\/\/www.linkedin.com\/company\/suno-research\/","https:\/\/www.youtube.com\/c\/sunoresearch"]},{"@type":"Person","@id":"https:\/\/www.suno.com.br\/noticias\/#\/schema\/person\/87fc6973867c52dd884811905c43afba","name":"Jo\u00e3o Vitor","image":{"@type":"ImageObject","inLanguage":"pt-BR","@id":"https:\/\/www.suno.com.br\/noticias\/#\/schema\/person\/image\/","url":"https:\/\/secure.gravatar.com\/avatar\/2843227ca03ccf8cc7ccca45204c127e?s=96&r=g","contentUrl":"https:\/\/secure.gravatar.com\/avatar\/2843227ca03ccf8cc7ccca45204c127e?s=96&r=g","caption":"Jo\u00e3o Vitor"},"description":"Redator profissional, com atua\u00e7\u00e3o no mercado editorial na produ\u00e7\u00e3o de not\u00edcias e conte\u00fados sobre o mercado de a\u00e7\u00f5es, fundos imobili\u00e1rios e economia popular. Graduando em Engenharia Qu\u00edmica pela Unesp, tamb\u00e9m j\u00e1 atuou como consultor financeiro.","url":"https:\/\/www.suno.com.br\/noticias\/author\/joao-vitor-jacintho\/"}]}},"default_loop_html":"<div class=\"cardsPage__listCard__boxs\"><div class=\"cardsPage__listCard__boxs__img\"><a href=\"https:\/\/www.suno.com.br\/noticias\/vale-vale3-acordo-justica-reparar-danos-barragem-mg-jvj\/\"><img class=\"mask\" src=\"https:\/\/www.suno.com.br\/noticias\/wp-content\/themes\/suno\/resources\/images\/spotlight\/spotlight1img\/bg-mask.png\" alt=\"Image Mask\"\/><img src=\"https:\/\/files.sunoresearch.com.br\/n\/uploads\/2021\/02\/e6b95005-vale-400x200.webp\" alt=\"Vale fecha acordo de R$ 527,5 milh\u00f5es na Justi\u00e7a para reparar danos causados por barragem em MG; Veja detalhes\"\/><\/a><span class=\"spotlightCategory\"><a href=\"https:\/\/www.suno.com.br\/noticias\/negocios\/\">Neg\u00f3cios<\/a><\/span><\/div><div class=\"cardsPage__listCard__boxs__content\"><a href=\"https:\/\/www.suno.com.br\/noticias\/vale-vale3-acordo-justica-reparar-danos-barragem-mg-jvj\/\"><h2 class=\"content__title\">Vale fecha acordo de R$ 527,5 milh\u00f5es na Justi\u00e7a para reparar danos causados por barragem em MG; Veja detalhes<\/h2><\/a><div class=\"newsContent__article__meta\"><div class=\"newsContent__article__meta__authorBox\"><a href=\"https:\/\/www.suno.com.br\/noticias\/author\/joao-vitor-jacintho\/\" class=\"authorBox__avatar noMobi\"><img src=\"https:\/\/secure.gravatar.com\/avatar\/2843227ca03ccf8cc7ccca45204c127e?s=96&#038;r=g\" alt=\"Jo\u00e3o Vitor Jacintho\"><\/a><div class=\"authorBox__name\"><span>por\n\t\t\t<a href=\"https:\/\/www.suno.com.br\/noticias\/author\/joao-vitor-jacintho\/\"><span itemprop=\"author\">Jo\u00e3o Vitor Jacintho<\/span><\/a><\/span><time datetime=\"2023-08-19T13:25:11-03:00\" itemprop=\"datePublished\">19\/08\/2023 13:25<\/time><\/div><\/div><\/div><\/div><\/div>","single_layout":"posts","amp_enabled":true,"_links":{"self":[{"href":"https:\/\/www.suno.com.br\/noticias\/wp-json\/wp\/v2\/posts\/444918"}],"collection":[{"href":"https:\/\/www.suno.com.br\/noticias\/wp-json\/wp\/v2\/posts"}],"about":[{"href":"https:\/\/www.suno.com.br\/noticias\/wp-json\/wp\/v2\/types\/post"}],"author":[{"embeddable":true,"href":"https:\/\/www.suno.com.br\/noticias\/wp-json\/wp\/v2\/users\/173"}],"replies":[{"embeddable":true,"href":"https:\/\/www.suno.com.br\/noticias\/wp-json\/wp\/v2\/comments?post=444918"}],"version-history":[{"count":3,"href":"https:\/\/www.suno.com.br\/noticias\/wp-json\/wp\/v2\/posts\/444918\/revisions"}],"predecessor-version":[{"id":444932,"href":"https:\/\/www.suno.com.br\/noticias\/wp-json\/wp\/v2\/posts\/444918\/revisions\/444932"}],"wp:featuredmedia":[{"embeddable":true,"href":"https:\/\/www.suno.com.br\/noticias\/wp-json\/wp\/v2\/media\/118696"}],"wp:attachment":[{"href":"https:\/\/www.suno.com.br\/noticias\/wp-json\/wp\/v2\/media?parent=444918"}],"wp:term":[{"taxonomy":"category","embeddable":true,"href":"https:\/\/www.suno.com.br\/noticias\/wp-json\/wp\/v2\/categories?post=444918"},{"taxonomy":"post_tag","embeddable":true,"href":"https:\/\/www.suno.com.br\/noticias\/wp-json\/wp\/v2\/tags?post=444918"},{"taxonomy":"suno_strategy","embeddable":true,"href":"https:\/\/www.suno.com.br\/noticias\/wp-json\/wp\/v2\/suno_strategy?post=444918"}],"curies":[{"name":"wp","href":"https:\/\/api.w.org\/{rel}","templated":true}]}}