{"id":444910,"date":"2023-08-19T12:57:19","date_gmt":"2023-08-19T15:57:19","guid":{"rendered":"https:\/\/www.suno.com.br\/noticias\/?p=444910"},"modified":"2023-08-19T12:57:36","modified_gmt":"2023-08-19T15:57:36","slug":"estrangeiros-b3-bolsa-valores-brasileira-jvj","status":"publish","type":"post","link":"https:\/\/www.suno.com.br\/noticias\/estrangeiros-b3-bolsa-valores-brasileira-jvj\/","title":{"rendered":"Estrangeiros saem em debandada da Bolsa de Valores Brasileira; Veja os motivos"},"content":{"rendered":"<p>Os investidores<strong> estrangeiros<\/strong> est\u00e3o em franca retirada de recursos da <strong>B3<\/strong> em agosto, que pode ser o pior m\u00eas de 2023 em termos de fluxo de capital externo. Sem ter registrado um \u00fanico preg\u00e3o de alta do Ibovespa at\u00e9 agora, a Bolsa brasileira contabilizava sa\u00edda l\u00edquida de R$ 7,378 bilh\u00f5es nesse segmento at\u00e9 a \u00faltima segunda-feira, dia 14. Os n\u00fameros, embora parciais, j\u00e1 anulam todos os ingressos de julho e superam com folga os R$ 4,28 bilh\u00f5es retirados em maio, at\u00e9 agora o m\u00eas de maior saldo negativo no ano.<\/p>\t<div class=\"wrapper-featured-image\">\n\t\t<figure class=\"spotlightImg\">\n\n\t\t\t<picture>\n\t\t\t\t<source media=\"(max-width: 768px)\" srcset=\"https:\/\/files.sunoresearch.com.br\/n\/uploads\/2023\/05\/mercado-queda-bolsa-400x200.jpg\">\n\t\t\t\t<img loading=\"lazy\" decoding=\"async\" class=\"newsContent__article__imgCapa lazyloadDisabled \" src=\"https:\/\/files.sunoresearch.com.br\/n\/uploads\/2023\/05\/mercado-queda-bolsa-800x450.jpg\" width=\"800\" height=\"450\" alt=\"Estrangeiros saem em debandada da Bolsa de Valores Brasileira; Veja os motivos\" fetchpriority=high \/>\n\t\t\t<\/picture>\n\n\t\t\t<figcaption class=\"wp-caption-text wp-caption-text--show\">IRDM11 tem 4\u00aa queda seguida e tomba quase 7% em 15 dias. Foto: iStock<\/figcaption>\n\t\t<\/figure>\n\t<\/div>\n\n\n\n\n\n\t<p>\n\t\t<a href=\"https:\/\/lp2.suno.com.br\/cl\/black-friday-2025\/?utm_campaign=_SNCDF0E4858_\" target=\"_blank\" data-element=\"shortcode-suno-banner\" title=\"Banner SUNO, clique e saiba mais\">\n\t\t\t<picture>\n\t\t\t\t<source media=\"(max-width: 500px)\" srcset=\"https:\/\/files.sunoresearch.com.br\/n\/uploads\/2025\/10\/Artigos-e-Noticias-Banner-Home-artigos-01-Mobile_-400x300-1-png.webp\">\n\t\t\t\t<img class=\"newsContent__article__imgCapa newsContent__article__imgCapa--banner\"\n\t\t\t\t\tsrc=\"https:\/\/files.sunoresearch.com.br\/n\/uploads\/2025\/10\/Artigos-e-Noticias-Banner-Home-artigos-01-Desktop_-1420x240-1-png.webp\"\n\t\t\t\t\tdata-promo-id=\"311259\"\t\t\t\t\t\t\t\t\t\twidth='1420' height='240'\t\t\t\t\talt=\"https:\/\/files.sunoresearch.com.br\/n\/uploads\/2025\/10\/Artigos-e-Noticias-Banner-Home-artigos-01-Desktop_-1420x240-1-png.webp\"\n\t\t\t\t>\n\t\t\t<\/picture>\n\t\t<\/a>\n\t<\/p>\n\n\n\n\n\n<p>Na avalia\u00e7\u00e3o de analistas ouvidos pelo <i>Broadcast<\/i> (sistema de not\u00edcias em tempo real do Grupo Estado), as justificativas para esse comportamento n\u00e3o est\u00e3o na m\u00e1 fama do m\u00eas de agosto, mas em uma conjun\u00e7\u00e3o de fatores internos e externos que v\u00eam influenciando o mercado h\u00e1 mais tempo. A not\u00edcia negativa \u00e9 que grande parte dos motivos para esse movimento vem do cen\u00e1rio internacional.<\/p>\n\n\n\n<p>\u00c9 imposs\u00edvel analisar as onze quedas consecutivas do <strong>Ibovespa <\/strong>em agosto sem mencionar a China, dada a import\u00e2ncia das commodities no mercado dom\u00e9stico &#8211; Vale, por exemplo, \u00e9 a a\u00e7\u00e3o com maior peso no \u00edndice (participa\u00e7\u00e3o de 12,314%). &#8220;Enquanto havia entusiasmo com a China, o Brasil tamb\u00e9m andava muito bem. Hoje, o cen\u00e1rio \u00e9 bastante negativo na segunda maior economia do mundo e os investidores buscam ativos de menor risco&#8221;, afirma em uma primeira an\u00e1lise Jo\u00e3o Piccioni, analista da Empiricus Research.<\/p>\n\n\n\t<div data-element=\"shortcode-read-more\" class=\"knowMore\">\n\t\t\t\t<span class=\"knowMore__title\">Leia mais<\/span>\n\t\t\t\t<a class=\"knowMore__link\" href=\"https:\/\/www.suno.com.br\/noticias\/mercado-livre-empresas-brasileiras-jvj\/\">\n\t\t\tMercado Livre (MELI34) ofusca empresas brasileiras no com\u00e9rcio digital mais uma vez\t\t<\/a>\n\t<\/div>\n\n\n\n\n<p>Para Andre Fernandes, head de <a class=\"suno-keyword\" target=\"_blank\" data-force=\"no\" data-priority=\"2\" href=\"https:\/\/www.suno.com.br\/artigos\/renda-variavel-7-dicas\/\" rel=\"noopener\">renda vari\u00e1vel<\/a> e s\u00f3cio da A7 Capital, parte da sa\u00edda dos investidores externos est\u00e1 ligada \u00e0 percep\u00e7\u00e3o de <a class=\"suno-keyword\" target=\"_blank\" data-force=\"no\" data-priority=\"1\" href=\"https:\/\/www.suno.com.br\/artigos\/aversao-ao-risco\/\" rel=\"noopener\">avers\u00e3o ao risco<\/a> e de que o Federal Reserve deve voltar a aumentar os juros nos Estados Unidos, ao passo que o BC brasileiro dever\u00e1 manter cortes mais moderados na <strong>Selic<\/strong>.<\/p>\n\n\n\n<p>&#8220;O estrangeiro quando entra no Brasil, o atrativo \u00e9 o carry-trade. Ele consegue se beneficiar muito desse diferencial de juros entre Brasil e EUA. Quando cai esse diferencial, o estrangeiro come\u00e7a a tentar tirar um pouco o p\u00e9 do pa\u00eds emergente e fugir para a seguran\u00e7a&#8221;, diz Fernandes.<\/p>\n\n\n\n<p>Para Marcelo Boragini, s\u00f3cio e especialista em renda vari\u00e1vel da Davos Investimentos, a sa\u00edda dos <strong>investidores estrangeiros<\/strong> acende um sinal amarelo, mas ainda n\u00e3o \u00e9 assustadora, pois o spread no carry-trade continua &#8220;ok&#8221;.<\/p>\n\n\n\n<p>Contudo, &#8220;o <a class=\"suno-keyword\" target=\"_blank\" data-force=\"no\" data-priority=\"1\" href=\"https:\/\/www.suno.com.br\/artigos\/investidor-estrangeiro\/\" rel=\"noopener\">investidor estrangeiro<\/a> tem sido o grande diferencial para a nossa Bolsa, porque o Brasil tem registrado resgate de <strong>fundos de investimentos<\/strong> e multimercado em todos os meses do ano. S\u00f3 em julho \u00e9 que os fundos de investimento registraram saldo positivo&#8221;, avalia Fl\u00e1vio Conde, analista da Levante Investimentos.<\/p>\n\n\n\n<p>A ind\u00fastria de fundos de investimento acumula perdas de R$ 124,9 bilh\u00f5es e a de fundos multimercado somam resgate de R$ 61,1 bilh\u00f5es em 2023, com dados at\u00e9 julho da Associa\u00e7\u00e3o Brasileira das Entidades dos Mercados Financeiro e de Capitais (Anbima).<\/p>\n\n\n\n<p>Para Piccioni, da Empiricus, h\u00e1 ainda um fator t\u00e9cnico contribuindo para o escoamento do capital externo na Bolsa brasileira: o aumento das emiss\u00f5es de t\u00edtulos por parte do Tesouro dos Estados Unidos. Para ajudar a fechar as contas nos EUA, o Tesouro anunciou no dia 2 a amplia\u00e7\u00e3o da emiss\u00e3o de d\u00edvida para arrecadar fundos de <strong>investidores privados<\/strong>. A nova emiss\u00e3o representa um aumento de US$ 7 bilh\u00f5es, em compara\u00e7\u00e3o ao total de emiss\u00e3o de US$ 96 bilh\u00f5es dos mesmos t\u00edtulos anunciados em maio.<\/p>\n\n\n\n<p>O an\u00fancio ocorreu um dia depois de a ag\u00eancia de classifica\u00e7\u00e3o de risco Fitch ter anunciado o rebaixamento da classifica\u00e7\u00e3o de cr\u00e9dito do governo americano, justificando a expectativa de deteriora\u00e7\u00e3o fiscal \u00e0 frente. Nesse ambiente, o investidor tamb\u00e9m passou a exigir maior remunera\u00e7\u00e3o para carregar os pap\u00e9is.<\/p>\n\n\n\n<p>&#8220;Os leil\u00f5es do Tesouro americano acabam sugando a liquidez no mundo todo, e o Brasil n\u00e3o est\u00e1 blindado contra essa busca por seguran\u00e7a. Esse movimento de migra\u00e7\u00e3o est\u00e1 acontecendo at\u00e9 mesmo nas <a class=\"suno-keyword\" target=\"_blank\" data-force=\"no\" data-priority=\"1\" href=\"https:\/\/www.suno.com.br\/artigos\/bolsas-americanas\/\" rel=\"noopener\">bolsas americanas<\/a>&#8220;, afirma o analista da Empiricus.<\/p>\n\n\n\n<p>Para se ter uma ideia, na manh\u00e3 da quarta-feira, 16, o <a class=\"suno-keyword\" target=\"_blank\" data-force=\"no\" data-priority=\"1\" href=\"https:\/\/www.suno.com.br\/artigos\/cupom-cambial\/\" rel=\"noopener\">cupom cambial<\/a> &#8211; indicador que mostra a remunera\u00e7\u00e3o em d\u00f3lares de investimentos feitos no Brasil &#8211; apontava um rendimento de aproximadamente 5,2% ao ano para aplica\u00e7\u00f5es com dura\u00e7\u00e3o de um m\u00eas no Pa\u00eds. A taxa \u00e9 menor que os juros oferecidos por t\u00edtulos do Tesouro dos Estados Unidos com a mesma dura\u00e7\u00e3o &#8211; de 5,53% ao ano, segundo dados divulgados pelo governo americano.<\/p>\n\n\n\n<p>Conde, da Levante, diz ainda que o <a class=\"suno-keyword\" target=\"_blank\" data-force=\"no\" data-priority=\"1\" href=\"https:\/\/www.suno.com.br\/artigos\/investidor-estrangeiro\/\" rel=\"noopener\">investidor estrangeiro<\/a> conseguiu prever em junho e julho alguns fatores que contribuem para a tese brasileira: o Banco Central esperou a infla\u00e7\u00e3o baixar para come\u00e7ar o in\u00edcio de corte da Selic; o arcabou\u00e7o fiscal foi aprovado no Congresso, e a reforma tribut\u00e1ria, na C\u00e2mara. &#8220;A venda pelos investidores <strong>estrangeiros<\/strong> \u00e9 por pura realiza\u00e7\u00e3o de lucros, por ter conseguido antecipar bem a alta da Bolsa. N\u00e3o tem nada a ver com deixar de acreditar no arcabou\u00e7o fiscal ou na reforma tribut\u00e1ria por aqui&#8221;, afirma.<\/p>\n\n\n\n<p>(Com informa\u00e7\u00f5es de Estad\u00e3o Conte\u00fado)<\/p>\n\n\n\t<p>\n\t\t<a href=\"https:\/\/lp.suno.com.br\/ebook-como-analisar-uma-acao\/\" target=\"_blank\" data-element=\"shortcode-suno-banner\" title=\"Banner SUNO, clique e saiba mais\">\n\t\t\t<picture>\n\t\t\t\t<source media=\"(max-width: 500px)\" srcset=\"https:\/\/files.sunoresearch.com.br\/n\/uploads\/2023\/12\/Ebook-Acoes-Mobile.jpg\">\n\t\t\t\t<img class=\"newsContent__article__imgCapa newsContent__article__imgCapa--banner\"\n\t\t\t\t\tsrc=\"https:\/\/files.sunoresearch.com.br\/n\/uploads\/2023\/12\/Ebook-Acoes-Desktop.webp\"\n\t\t\t\t\tdata-promo-id=\"311260\"\t\t\t\t\t\t\t\t\t\twidth='1420' height='286'\t\t\t\t\talt=\"https:\/\/files.sunoresearch.com.br\/n\/uploads\/2023\/12\/Ebook-Acoes-Desktop.webp\"\n\t\t\t\t>\n\t\t\t<\/picture>\n\t\t<\/a>\n\t<\/p>\n\n\n","protected":false},"excerpt":{"rendered":"<p>Os investidores estrangeiros est\u00e3o em franca retirada de recursos da B3 em agosto, que pode ser o pior m\u00eas de 2023 em termos de fluxo de capital externo. Sem ter registrado um \u00fanico preg\u00e3o de alta do Ibovespa at\u00e9 agora, a Bolsa brasileira contabilizava sa\u00edda l\u00edquida de R$ 7,378 bilh\u00f5es nesse segmento at\u00e9 a \u00faltima [&hellip;]<\/p>\n","protected":false},"author":173,"featured_media":406971,"comment_status":"closed","ping_status":"closed","sticky":false,"template":"","format":"standard","meta":[],"categories":[64],"tags":[367,309],"suno_strategy":[],"class_list":["post-444910","post","type-post","status-publish","format-standard","has-post-thumbnail","hentry","category-negocios","tag-b3-b3sa3","tag-bolsa-de-valores"],"yoast_head":"<!-- This site is optimized with the Yoast SEO plugin v24.4 - https:\/\/yoast.com\/wordpress\/plugins\/seo\/ -->\n<title>Estrangeiros saem em debandada da Bolsa de Valores Brasileira; Veja os motivos<\/title>\n<meta name=\"description\" content=\"Os investidores estrangeiros est\u00e3o saindo em debandada da Bolsa de Valores Brasileira (B3). Confira os principais motivos.\" \/>\n<meta name=\"robots\" content=\"index, follow, max-snippet:-1, max-image-preview:large, max-video-preview:-1\" \/>\n<link rel=\"canonical\" href=\"https:\/\/www.suno.com.br\/noticias\/estrangeiros-b3-bolsa-valores-brasileira-jvj\/\" \/>\n<meta property=\"og:locale\" content=\"pt_BR\" \/>\n<meta property=\"og:type\" content=\"article\" \/>\n<meta property=\"og:title\" content=\"Estrangeiros saem em debandada da Bolsa de Valores Brasileira; Veja os motivos\" \/>\n<meta property=\"og:description\" content=\"Os investidores estrangeiros est\u00e3o saindo em debandada da Bolsa de Valores Brasileira (B3). Confira os principais motivos.\" \/>\n<meta property=\"og:url\" content=\"https:\/\/www.suno.com.br\/noticias\/estrangeiros-b3-bolsa-valores-brasileira-jvj\/\" \/>\n<meta property=\"og:site_name\" content=\"Suno Not\u00edcias\" \/>\n<meta property=\"article:publisher\" content=\"https:\/\/facebook.com\/sunoresearch\" \/>\n<meta property=\"og:image\" content=\"https:\/\/files.sunoresearch.com.br\/n\/uploads\/2023\/05\/mercado-queda-bolsa.jpg\" \/>\n\t<meta property=\"og:image:width\" content=\"1200\" \/>\n\t<meta property=\"og:image:height\" content=\"800\" \/>\n\t<meta property=\"og:image:type\" content=\"image\/jpeg\" \/>\n<meta name=\"author\" content=\"Jo\u00e3o Vitor\" \/>\n<meta name=\"twitter:card\" content=\"summary_large_image\" \/>\n<meta name=\"twitter:creator\" content=\"@sunoresearch\" \/>\n<meta name=\"twitter:site\" content=\"@sunoresearch\" \/>\n<meta name=\"twitter:label1\" content=\"Escrito por\" \/>\n\t<meta name=\"twitter:data1\" content=\"Jo\u00e3o Vitor\" \/>\n\t<meta name=\"twitter:label2\" content=\"Est. tempo de leitura\" \/>\n\t<meta name=\"twitter:data2\" content=\"5 minutos\" \/>\n<script type=\"application\/ld+json\" class=\"yoast-schema-graph\">{\"@context\":\"https:\/\/schema.org\",\"@graph\":[{\"@type\":\"NewsArticle\",\"@id\":\"https:\/\/www.suno.com.br\/noticias\/estrangeiros-b3-bolsa-valores-brasileira-jvj\/#article\",\"isPartOf\":{\"@id\":\"https:\/\/www.suno.com.br\/noticias\/estrangeiros-b3-bolsa-valores-brasileira-jvj\/\"},\"author\":{\"name\":\"Jo\u00e3o Vitor\",\"@id\":\"https:\/\/www.suno.com.br\/noticias\/#\/schema\/person\/87fc6973867c52dd884811905c43afba\"},\"headline\":\"Estrangeiros saem em debandada da Bolsa de Valores Brasileira; Veja os motivos\",\"datePublished\":\"2023-08-19T15:57:19+00:00\",\"dateModified\":\"2023-08-19T15:57:36+00:00\",\"mainEntityOfPage\":{\"@id\":\"https:\/\/www.suno.com.br\/noticias\/estrangeiros-b3-bolsa-valores-brasileira-jvj\/\"},\"wordCount\":882,\"publisher\":{\"@id\":\"https:\/\/www.suno.com.br\/noticias\/#organization\"},\"image\":{\"@id\":\"https:\/\/www.suno.com.br\/noticias\/estrangeiros-b3-bolsa-valores-brasileira-jvj\/#primaryimage\"},\"thumbnailUrl\":\"https:\/\/files.sunoresearch.com.br\/n\/uploads\/2023\/05\/mercado-queda-bolsa.jpg\",\"keywords\":[\"B3 (B3SA3)\",\"Bolsa de Valores\"],\"articleSection\":[\"Neg\u00f3cios\"],\"inLanguage\":\"pt-BR\"},{\"@type\":\"WebPage\",\"@id\":\"https:\/\/www.suno.com.br\/noticias\/estrangeiros-b3-bolsa-valores-brasileira-jvj\/\",\"url\":\"https:\/\/www.suno.com.br\/noticias\/estrangeiros-b3-bolsa-valores-brasileira-jvj\/\",\"name\":\"Estrangeiros saem em debandada da Bolsa de Valores Brasileira; Veja os motivos\",\"isPartOf\":{\"@id\":\"https:\/\/www.suno.com.br\/noticias\/#website\"},\"primaryImageOfPage\":{\"@id\":\"https:\/\/www.suno.com.br\/noticias\/estrangeiros-b3-bolsa-valores-brasileira-jvj\/#primaryimage\"},\"image\":{\"@id\":\"https:\/\/www.suno.com.br\/noticias\/estrangeiros-b3-bolsa-valores-brasileira-jvj\/#primaryimage\"},\"thumbnailUrl\":\"https:\/\/files.sunoresearch.com.br\/n\/uploads\/2023\/05\/mercado-queda-bolsa.jpg\",\"datePublished\":\"2023-08-19T15:57:19+00:00\",\"dateModified\":\"2023-08-19T15:57:36+00:00\",\"description\":\"Os investidores estrangeiros est\u00e3o saindo em debandada da Bolsa de Valores Brasileira (B3). Confira os principais motivos.\",\"breadcrumb\":{\"@id\":\"https:\/\/www.suno.com.br\/noticias\/estrangeiros-b3-bolsa-valores-brasileira-jvj\/#breadcrumb\"},\"inLanguage\":\"pt-BR\",\"potentialAction\":[{\"@type\":\"ReadAction\",\"target\":[\"https:\/\/www.suno.com.br\/noticias\/estrangeiros-b3-bolsa-valores-brasileira-jvj\/\"]}]},{\"@type\":\"ImageObject\",\"inLanguage\":\"pt-BR\",\"@id\":\"https:\/\/www.suno.com.br\/noticias\/estrangeiros-b3-bolsa-valores-brasileira-jvj\/#primaryimage\",\"url\":\"https:\/\/files.sunoresearch.com.br\/n\/uploads\/2023\/05\/mercado-queda-bolsa.jpg\",\"contentUrl\":\"https:\/\/files.sunoresearch.com.br\/n\/uploads\/2023\/05\/mercado-queda-bolsa.jpg\",\"width\":1200,\"height\":800,\"caption\":\"IRDM11 tem 4\u00aa queda seguida e tomba quase 7% em 15 dias. Foto: iStock\"},{\"@type\":\"BreadcrumbList\",\"@id\":\"https:\/\/www.suno.com.br\/noticias\/estrangeiros-b3-bolsa-valores-brasileira-jvj\/#breadcrumb\",\"itemListElement\":[{\"@type\":\"ListItem\",\"position\":1,\"name\":\"Not\u00edcias\",\"item\":\"https:\/\/www.suno.com.br\/noticias\/\"},{\"@type\":\"ListItem\",\"position\":2,\"name\":\"Neg\u00f3cios\",\"item\":\"https:\/\/www.suno.com.br\/noticias\/negocios\/\"},{\"@type\":\"ListItem\",\"position\":3,\"name\":\"Estrangeiros saem em debandada da Bolsa de Valores Brasileira; Veja os motivos\"}]},{\"@type\":\"WebSite\",\"@id\":\"https:\/\/www.suno.com.br\/noticias\/#website\",\"url\":\"https:\/\/www.suno.com.br\/noticias\/\",\"name\":\"Suno Not\u00edcias\",\"description\":\"Seu portal de informa\u00e7\u00e3o sobre o mundo dos investimentos\",\"publisher\":{\"@id\":\"https:\/\/www.suno.com.br\/noticias\/#organization\"},\"potentialAction\":[{\"@type\":\"SearchAction\",\"target\":{\"@type\":\"EntryPoint\",\"urlTemplate\":\"https:\/\/www.suno.com.br\/noticias\/?s={search_term_string}\"},\"query-input\":{\"@type\":\"PropertyValueSpecification\",\"valueRequired\":true,\"valueName\":\"search_term_string\"}}],\"inLanguage\":\"pt-BR\"},{\"@type\":\"Organization\",\"@id\":\"https:\/\/www.suno.com.br\/noticias\/#organization\",\"name\":\"Suno Not\u00edcias\",\"url\":\"https:\/\/www.suno.com.br\/noticias\/\",\"logo\":{\"@type\":\"ImageObject\",\"inLanguage\":\"pt-BR\",\"@id\":\"https:\/\/www.suno.com.br\/noticias\/#\/schema\/logo\/image\/\",\"url\":\"https:\/\/files.sunoresearch.com.br\/n\/uploads\/2021\/09\/suno-logo.png\",\"contentUrl\":\"https:\/\/files.sunoresearch.com.br\/n\/uploads\/2021\/09\/suno-logo.png\",\"width\":180,\"height\":180,\"caption\":\"Suno Not\u00edcias\"},\"image\":{\"@id\":\"https:\/\/www.suno.com.br\/noticias\/#\/schema\/logo\/image\/\"},\"sameAs\":[\"https:\/\/facebook.com\/sunoresearch\",\"https:\/\/x.com\/sunoresearch\",\"https:\/\/www.instagram.com\/suno\",\"https:\/\/www.linkedin.com\/company\/suno-research\/\",\"https:\/\/www.youtube.com\/c\/sunoresearch\"]},{\"@type\":\"Person\",\"@id\":\"https:\/\/www.suno.com.br\/noticias\/#\/schema\/person\/87fc6973867c52dd884811905c43afba\",\"name\":\"Jo\u00e3o Vitor\",\"image\":{\"@type\":\"ImageObject\",\"inLanguage\":\"pt-BR\",\"@id\":\"https:\/\/www.suno.com.br\/noticias\/#\/schema\/person\/image\/\",\"url\":\"https:\/\/secure.gravatar.com\/avatar\/2843227ca03ccf8cc7ccca45204c127e?s=96&r=g\",\"contentUrl\":\"https:\/\/secure.gravatar.com\/avatar\/2843227ca03ccf8cc7ccca45204c127e?s=96&r=g\",\"caption\":\"Jo\u00e3o Vitor\"},\"description\":\"Redator profissional, com atua\u00e7\u00e3o no mercado editorial na produ\u00e7\u00e3o de not\u00edcias e conte\u00fados sobre o mercado de a\u00e7\u00f5es, fundos imobili\u00e1rios e economia popular. Graduando em Engenharia Qu\u00edmica pela Unesp, tamb\u00e9m j\u00e1 atuou como consultor financeiro.\",\"url\":\"https:\/\/www.suno.com.br\/noticias\/author\/joao-vitor-jacintho\/\"}]}<\/script>\n<!-- \/ Yoast SEO plugin. -->","yoast_head_json":{"title":"Estrangeiros saem em debandada da Bolsa de Valores Brasileira; Veja os motivos","description":"Os investidores estrangeiros est\u00e3o saindo em debandada da Bolsa de Valores Brasileira (B3). Confira os principais motivos.","robots":{"index":"index","follow":"follow","max-snippet":"max-snippet:-1","max-image-preview":"max-image-preview:large","max-video-preview":"max-video-preview:-1"},"canonical":"https:\/\/www.suno.com.br\/noticias\/estrangeiros-b3-bolsa-valores-brasileira-jvj\/","og_locale":"pt_BR","og_type":"article","og_title":"Estrangeiros saem em debandada da Bolsa de Valores Brasileira; Veja os motivos","og_description":"Os investidores estrangeiros est\u00e3o saindo em debandada da Bolsa de Valores Brasileira (B3). Confira os principais motivos.","og_url":"https:\/\/www.suno.com.br\/noticias\/estrangeiros-b3-bolsa-valores-brasileira-jvj\/","og_site_name":"Suno Not\u00edcias","article_publisher":"https:\/\/facebook.com\/sunoresearch","og_image":[{"width":1200,"height":800,"url":"https:\/\/files.sunoresearch.com.br\/n\/uploads\/2023\/05\/mercado-queda-bolsa.jpg","type":"image\/jpeg"}],"author":"Jo\u00e3o Vitor","twitter_card":"summary_large_image","twitter_creator":"@sunoresearch","twitter_site":"@sunoresearch","twitter_misc":{"Escrito por":"Jo\u00e3o Vitor","Est. tempo de leitura":"5 minutos"},"schema":{"@context":"https:\/\/schema.org","@graph":[{"@type":"NewsArticle","@id":"https:\/\/www.suno.com.br\/noticias\/estrangeiros-b3-bolsa-valores-brasileira-jvj\/#article","isPartOf":{"@id":"https:\/\/www.suno.com.br\/noticias\/estrangeiros-b3-bolsa-valores-brasileira-jvj\/"},"author":{"name":"Jo\u00e3o Vitor","@id":"https:\/\/www.suno.com.br\/noticias\/#\/schema\/person\/87fc6973867c52dd884811905c43afba"},"headline":"Estrangeiros saem em debandada da Bolsa de Valores Brasileira; Veja os motivos","datePublished":"2023-08-19T15:57:19+00:00","dateModified":"2023-08-19T15:57:36+00:00","mainEntityOfPage":{"@id":"https:\/\/www.suno.com.br\/noticias\/estrangeiros-b3-bolsa-valores-brasileira-jvj\/"},"wordCount":882,"publisher":{"@id":"https:\/\/www.suno.com.br\/noticias\/#organization"},"image":{"@id":"https:\/\/www.suno.com.br\/noticias\/estrangeiros-b3-bolsa-valores-brasileira-jvj\/#primaryimage"},"thumbnailUrl":"https:\/\/files.sunoresearch.com.br\/n\/uploads\/2023\/05\/mercado-queda-bolsa.jpg","keywords":["B3 (B3SA3)","Bolsa de Valores"],"articleSection":["Neg\u00f3cios"],"inLanguage":"pt-BR"},{"@type":"WebPage","@id":"https:\/\/www.suno.com.br\/noticias\/estrangeiros-b3-bolsa-valores-brasileira-jvj\/","url":"https:\/\/www.suno.com.br\/noticias\/estrangeiros-b3-bolsa-valores-brasileira-jvj\/","name":"Estrangeiros saem em debandada da Bolsa de Valores Brasileira; Veja os motivos","isPartOf":{"@id":"https:\/\/www.suno.com.br\/noticias\/#website"},"primaryImageOfPage":{"@id":"https:\/\/www.suno.com.br\/noticias\/estrangeiros-b3-bolsa-valores-brasileira-jvj\/#primaryimage"},"image":{"@id":"https:\/\/www.suno.com.br\/noticias\/estrangeiros-b3-bolsa-valores-brasileira-jvj\/#primaryimage"},"thumbnailUrl":"https:\/\/files.sunoresearch.com.br\/n\/uploads\/2023\/05\/mercado-queda-bolsa.jpg","datePublished":"2023-08-19T15:57:19+00:00","dateModified":"2023-08-19T15:57:36+00:00","description":"Os investidores estrangeiros est\u00e3o saindo em debandada da Bolsa de Valores Brasileira (B3). Confira os principais motivos.","breadcrumb":{"@id":"https:\/\/www.suno.com.br\/noticias\/estrangeiros-b3-bolsa-valores-brasileira-jvj\/#breadcrumb"},"inLanguage":"pt-BR","potentialAction":[{"@type":"ReadAction","target":["https:\/\/www.suno.com.br\/noticias\/estrangeiros-b3-bolsa-valores-brasileira-jvj\/"]}]},{"@type":"ImageObject","inLanguage":"pt-BR","@id":"https:\/\/www.suno.com.br\/noticias\/estrangeiros-b3-bolsa-valores-brasileira-jvj\/#primaryimage","url":"https:\/\/files.sunoresearch.com.br\/n\/uploads\/2023\/05\/mercado-queda-bolsa.jpg","contentUrl":"https:\/\/files.sunoresearch.com.br\/n\/uploads\/2023\/05\/mercado-queda-bolsa.jpg","width":1200,"height":800,"caption":"IRDM11 tem 4\u00aa queda seguida e tomba quase 7% em 15 dias. Foto: iStock"},{"@type":"BreadcrumbList","@id":"https:\/\/www.suno.com.br\/noticias\/estrangeiros-b3-bolsa-valores-brasileira-jvj\/#breadcrumb","itemListElement":[{"@type":"ListItem","position":1,"name":"Not\u00edcias","item":"https:\/\/www.suno.com.br\/noticias\/"},{"@type":"ListItem","position":2,"name":"Neg\u00f3cios","item":"https:\/\/www.suno.com.br\/noticias\/negocios\/"},{"@type":"ListItem","position":3,"name":"Estrangeiros saem em debandada da Bolsa de Valores Brasileira; Veja os motivos"}]},{"@type":"WebSite","@id":"https:\/\/www.suno.com.br\/noticias\/#website","url":"https:\/\/www.suno.com.br\/noticias\/","name":"Suno Not\u00edcias","description":"Seu portal de informa\u00e7\u00e3o sobre o mundo dos investimentos","publisher":{"@id":"https:\/\/www.suno.com.br\/noticias\/#organization"},"potentialAction":[{"@type":"SearchAction","target":{"@type":"EntryPoint","urlTemplate":"https:\/\/www.suno.com.br\/noticias\/?s={search_term_string}"},"query-input":{"@type":"PropertyValueSpecification","valueRequired":true,"valueName":"search_term_string"}}],"inLanguage":"pt-BR"},{"@type":"Organization","@id":"https:\/\/www.suno.com.br\/noticias\/#organization","name":"Suno Not\u00edcias","url":"https:\/\/www.suno.com.br\/noticias\/","logo":{"@type":"ImageObject","inLanguage":"pt-BR","@id":"https:\/\/www.suno.com.br\/noticias\/#\/schema\/logo\/image\/","url":"https:\/\/files.sunoresearch.com.br\/n\/uploads\/2021\/09\/suno-logo.png","contentUrl":"https:\/\/files.sunoresearch.com.br\/n\/uploads\/2021\/09\/suno-logo.png","width":180,"height":180,"caption":"Suno Not\u00edcias"},"image":{"@id":"https:\/\/www.suno.com.br\/noticias\/#\/schema\/logo\/image\/"},"sameAs":["https:\/\/facebook.com\/sunoresearch","https:\/\/x.com\/sunoresearch","https:\/\/www.instagram.com\/suno","https:\/\/www.linkedin.com\/company\/suno-research\/","https:\/\/www.youtube.com\/c\/sunoresearch"]},{"@type":"Person","@id":"https:\/\/www.suno.com.br\/noticias\/#\/schema\/person\/87fc6973867c52dd884811905c43afba","name":"Jo\u00e3o Vitor","image":{"@type":"ImageObject","inLanguage":"pt-BR","@id":"https:\/\/www.suno.com.br\/noticias\/#\/schema\/person\/image\/","url":"https:\/\/secure.gravatar.com\/avatar\/2843227ca03ccf8cc7ccca45204c127e?s=96&r=g","contentUrl":"https:\/\/secure.gravatar.com\/avatar\/2843227ca03ccf8cc7ccca45204c127e?s=96&r=g","caption":"Jo\u00e3o Vitor"},"description":"Redator profissional, com atua\u00e7\u00e3o no mercado editorial na produ\u00e7\u00e3o de not\u00edcias e conte\u00fados sobre o mercado de a\u00e7\u00f5es, fundos imobili\u00e1rios e economia popular. Graduando em Engenharia Qu\u00edmica pela Unesp, tamb\u00e9m j\u00e1 atuou como consultor financeiro.","url":"https:\/\/www.suno.com.br\/noticias\/author\/joao-vitor-jacintho\/"}]}},"default_loop_html":"<div class=\"cardsPage__listCard__boxs\"><div class=\"cardsPage__listCard__boxs__img\"><a href=\"https:\/\/www.suno.com.br\/noticias\/estrangeiros-b3-bolsa-valores-brasileira-jvj\/\"><img class=\"mask\" src=\"https:\/\/www.suno.com.br\/noticias\/wp-content\/themes\/suno\/resources\/images\/spotlight\/spotlight1img\/bg-mask.png\" alt=\"Image Mask\"\/><img src=\"https:\/\/files.sunoresearch.com.br\/n\/uploads\/2023\/05\/mercado-queda-bolsa-400x200.jpg\" alt=\"Estrangeiros saem em debandada da Bolsa de Valores Brasileira; Veja os motivos\"\/><\/a><span class=\"spotlightCategory\"><a href=\"https:\/\/www.suno.com.br\/noticias\/negocios\/\">Neg\u00f3cios<\/a><\/span><\/div><div class=\"cardsPage__listCard__boxs__content\"><a href=\"https:\/\/www.suno.com.br\/noticias\/estrangeiros-b3-bolsa-valores-brasileira-jvj\/\"><h2 class=\"content__title\">Estrangeiros saem em debandada da Bolsa de Valores Brasileira; Veja os motivos<\/h2><\/a><div class=\"newsContent__article__meta\"><div class=\"newsContent__article__meta__authorBox\"><a href=\"https:\/\/www.suno.com.br\/noticias\/author\/joao-vitor-jacintho\/\" class=\"authorBox__avatar noMobi\"><img src=\"https:\/\/secure.gravatar.com\/avatar\/2843227ca03ccf8cc7ccca45204c127e?s=96&#038;r=g\" alt=\"Jo\u00e3o Vitor Jacintho\"><\/a><div class=\"authorBox__name\"><span>por\n\t\t\t<a href=\"https:\/\/www.suno.com.br\/noticias\/author\/joao-vitor-jacintho\/\"><span itemprop=\"author\">Jo\u00e3o Vitor Jacintho<\/span><\/a><\/span><time datetime=\"2023-08-19T12:57:19-03:00\" itemprop=\"datePublished\">19\/08\/2023 12:57<\/time><\/div><\/div><\/div><\/div><\/div>","single_layout":"posts","amp_enabled":true,"_links":{"self":[{"href":"https:\/\/www.suno.com.br\/noticias\/wp-json\/wp\/v2\/posts\/444910"}],"collection":[{"href":"https:\/\/www.suno.com.br\/noticias\/wp-json\/wp\/v2\/posts"}],"about":[{"href":"https:\/\/www.suno.com.br\/noticias\/wp-json\/wp\/v2\/types\/post"}],"author":[{"embeddable":true,"href":"https:\/\/www.suno.com.br\/noticias\/wp-json\/wp\/v2\/users\/173"}],"replies":[{"embeddable":true,"href":"https:\/\/www.suno.com.br\/noticias\/wp-json\/wp\/v2\/comments?post=444910"}],"version-history":[{"count":3,"href":"https:\/\/www.suno.com.br\/noticias\/wp-json\/wp\/v2\/posts\/444910\/revisions"}],"predecessor-version":[{"id":444927,"href":"https:\/\/www.suno.com.br\/noticias\/wp-json\/wp\/v2\/posts\/444910\/revisions\/444927"}],"wp:featuredmedia":[{"embeddable":true,"href":"https:\/\/www.suno.com.br\/noticias\/wp-json\/wp\/v2\/media\/406971"}],"wp:attachment":[{"href":"https:\/\/www.suno.com.br\/noticias\/wp-json\/wp\/v2\/media?parent=444910"}],"wp:term":[{"taxonomy":"category","embeddable":true,"href":"https:\/\/www.suno.com.br\/noticias\/wp-json\/wp\/v2\/categories?post=444910"},{"taxonomy":"post_tag","embeddable":true,"href":"https:\/\/www.suno.com.br\/noticias\/wp-json\/wp\/v2\/tags?post=444910"},{"taxonomy":"suno_strategy","embeddable":true,"href":"https:\/\/www.suno.com.br\/noticias\/wp-json\/wp\/v2\/suno_strategy?post=444910"}],"curies":[{"name":"wp","href":"https:\/\/api.w.org\/{rel}","templated":true}]}}