{"id":44490,"date":"2019-11-11T22:09:14","date_gmt":"2019-11-12T00:09:14","guid":{"rendered":"https:\/\/www.suno.com.br\/noticias\/?p=44490"},"modified":"2019-11-11T22:09:14","modified_gmt":"2019-11-12T00:09:14","slug":"aes-tiete-unipar-carbocloro-joint-venture","status":"publish","type":"post","link":"https:\/\/www.suno.com.br\/noticias\/aes-tiete-unipar-carbocloro-joint-venture\/","title":{"rendered":"AES Tiet\u00ea e Unipar Carbocloro anunciam joint venture de R$ 620 mi"},"content":{"rendered":"<p>A AES Tiet\u00ea anunciou, nesta segunda-feira (11), que fechou um acordo de investimento com a <strong>Unipar Carbocloro<\/strong> para a cria\u00e7\u00e3o de uma <strong>joint venture<\/strong> para atuar na \u00e1rea de gera\u00e7\u00e3o de <strong>energia e\u00f3lica<\/strong>. O valor previsto no investimento \u00e9 de R$ 620 milh\u00f5es, o que ser\u00e1 dividido entre ambas empresas.<\/p>\t<div class=\"wrapper-featured-image\">\n\t\t<figure class=\"spotlightImg\">\n\n\t\t\t<picture>\n\t\t\t\t<source media=\"(max-width: 768px)\" srcset=\"https:\/\/files.sunoresearch.com.br\/n\/uploads\/2019\/02\/a795b83a-energia-e\u00f3lica-2-400x200.webp\">\n\t\t\t\t<img loading=\"lazy\" decoding=\"async\" class=\"newsContent__article__imgCapa lazyloadDisabled newsContent__article__imgCapa--noCaption\" src=\"https:\/\/files.sunoresearch.com.br\/n\/uploads\/2019\/02\/a795b83a-energia-e\u00f3lica-2-800x450.webp\" width=\"800\" height=\"450\" alt=\"AES Tiet\u00ea e Unipar Carbocloro anunciam joint venture de R$ 620 mi\" fetchpriority=high \/>\n\t\t\t<\/picture>\n\n\t\t\t<figcaption class=\"wp-caption-text wp-caption-text--hide\">EDP Renov\u00e1veis vende parque e\u00f3lico no Nordeste por R$ 598 mi<\/figcaption>\n\t\t<\/figure>\n\t<\/div>\n\n\n\n<p>O planejamento \u00e9 que o projeto seja de 155 megawatts (MW) de capacidade e\u00f3lica instalada, o que equivaler\u00e1 a 78 MW m\u00e9dios de energia assegurada a P50. Al\u00e9m disso, 60 MW m\u00e9dios foram negociados atrav\u00e9s de um contrato com prazo de 20 anos a ser firmado entre a <strong>joint venture <\/strong>(que inclui a <strong>AES<\/strong> <strong>Tiet\u00ea<\/strong>)\u00a0e a <strong>Unipar<\/strong>, que come\u00e7ar\u00e1 a valer em 2023.<\/p>\n<p>A <strong>AES Tiet\u00ea<\/strong> det\u00e9m os direitos do projeto, que ser\u00e1 localizado nos munic\u00edpios de <strong>Biritinga<\/strong>, <strong>Tucano <\/strong>e <strong>Araci<\/strong>, na <strong>Bahia<\/strong>. A constru\u00e7\u00e3o deve se iniciar em 2021.<\/p>\n<p>Em nota, a <strong>Unipar Carbocloro<\/strong> afirmou que: \u201cA celebra\u00e7\u00e3o deste acordo \u00e9 consistente com a estrat\u00e9gia da companhia, grande consumidora de energia, gerando valor para acionistas e sociedade atrav\u00e9s da produ\u00e7\u00e3o de energia limpa\u201d.<\/p>\n<h2><strong>Resultados do 3T19 da AES Tiet\u00ea<\/strong><\/h2>\n<p>A companhia geradora de <strong>energia el\u00e9trica AES<\/strong> <strong>Tiet\u00ea<\/strong> divulgou seu lucro l\u00edquido trimestral na \u00faltima segunda (5). O valor registrado foi de R$ 97,1 milh\u00f5es no <strong>trimestre<\/strong> que acabou em setembro. O valor significa uma alta de 174,6% em compara\u00e7\u00e3o com o mesmo per\u00edodo de 2018.<\/p>\n<p><a href=\"https:\/\/www.suno.com.br\/noticias\/aes-tiete-alta-lucro-liquido-3t19\/\">Saiba mais: AES Tiet\u00ea registra alta de 174,6% no lucro l\u00edquido do 3T19<\/a><\/p>\n<p>O lucro de nove meses da <strong>AES Tiet\u00ea<\/strong> subiu 6,3% em rela\u00e7\u00e3o ao ano anterior. Dessa forma, o valor obtido neste per\u00edodo foi de R$ 194,6 milh\u00f5es. De acordo com a companhia, o crescimento no lucro aconteceu por conta, principalmente, de um melhor resultado operacional.<\/p>\n<p>A <strong>receita l\u00edquida trimestral<\/strong> caiu -7,1% ante 2018. O valor foi de R$ 525 milh\u00f5es a R$ 564,8 milh\u00f5es. Entretanto, no per\u00edodo de nove meses, o avan\u00e7o foi de 4,5%. Entre janeiro e setembro de 2018, o valor obtido foi de R$ 1,456 bilh\u00f5es. J\u00e1 neste ano subiu para R$ 1,521 bilh\u00f5es.<\/p>\n<p><a href=\"https:\/\/www.suno.com.br\/noticias\/aes-tiete-juros-emissao-debentures\/\">Veja tamb\u00e9m: AES Tiet\u00ea pagar\u00e1 juros sobre sexta emiss\u00e3o de deb\u00eantures<\/a><\/p>\n<p>O <strong><a href=\"https:\/\/www.suno.com.br\/artigos\/ebitda\/\">Ebitda (lucros antes de juros, impostos, deprecia\u00e7\u00e3o e amortiza\u00e7\u00e3o)<\/a><\/strong> chegou a R$ 254,2 milh\u00f5es no trimestre encerrado em setembro. O valor significa uma alta de 22% em compara\u00e7\u00e3o ao mesmo per\u00edodo do ano passado. Em rela\u00e7\u00e3o ao per\u00edodo de nove meses, houve um recuo de 0,9%. O valor atingiu R$ 744 milh\u00f5es.<\/p>\n\t<p>\n\t\t<a href=\"https:\/\/lp.statusinvest.com.br\/ao\/assessoria-status-invest\/\" target=\"_blank\" data-element=\"shortcode-suno-banner\" title=\"Banner SUNO, clique e saiba mais\">\n\t\t\t<picture>\n\t\t\t\t<source media=\"(max-width: 500px)\" srcset=\"https:\/\/files.sunoresearch.com.br\/n\/uploads\/2024\/03\/400x300-Mobile.png\">\n\t\t\t\t<img class=\"newsContent__article__imgCapa newsContent__article__imgCapa--banner\"\n\t\t\t\t\tsrc=\"https:\/\/files.sunoresearch.com.br\/n\/uploads\/2024\/03\/1420x240-Desktop.png\"\n\t\t\t\t\tdata-promo-id=\"537248\"\t\t\t\t\t\t\t\t\t\twidth='1400' height='240'\t\t\t\t\talt=\"https:\/\/files.sunoresearch.com.br\/n\/uploads\/2024\/03\/1420x240-Desktop.png\"\n\t\t\t\t>\n\t\t\t<\/picture>\n\t\t<\/a>\n\t<\/p>\n\n\n<p>A margem <strong>Ebtida<\/strong> subiu 11,5 pontos percentuais e chegou a 48,4%. Entre janeiro e setembro, a queda foi de 1,7 pontos percentuais.<\/p>\n","protected":false},"excerpt":{"rendered":"<p>A AES Tiet\u00ea anunciou, nesta segunda-feira (11), que fechou um acordo de investimento com a Unipar Carbocloro para a cria\u00e7\u00e3o de uma joint venture para atuar na \u00e1rea de gera\u00e7\u00e3o de energia e\u00f3lica. O valor previsto no investimento \u00e9 de R$ 620 milh\u00f5es, o que ser\u00e1 dividido entre ambas empresas. EDP Renov\u00e1veis vende parque e\u00f3lico [&hellip;]<\/p>\n","protected":false},"author":23,"featured_media":15202,"comment_status":"closed","ping_status":"closed","sticky":false,"template":"","format":"standard","meta":[],"categories":[64],"tags":[347,1135],"suno_strategy":[],"class_list":["post-44490","post","type-post","status-publish","format-standard","has-post-thumbnail","hentry","category-negocios","tag-aes-tiete-tiet3-tiet4-tiet11","tag-energia-eolica"],"yoast_head":"<!-- This site is optimized with the Yoast SEO plugin v24.4 - https:\/\/yoast.com\/wordpress\/plugins\/seo\/ -->\n<title>AES Tiet\u00ea e Unipar Carbocloro anunciam joint venture de R$ 620 mi<\/title>\n<meta name=\"description\" content=\"A AES Tiet\u00ea anunciou um acordo de investimento com a Unipar Carbocloro para a cria\u00e7\u00e3o de uma joint venture. Clique aqui para saber mais.\" \/>\n<meta name=\"robots\" content=\"index, follow, max-snippet:-1, max-image-preview:large, max-video-preview:-1\" \/>\n<link rel=\"canonical\" href=\"https:\/\/www.suno.com.br\/noticias\/aes-tiete-unipar-carbocloro-joint-venture\/\" \/>\n<meta property=\"og:locale\" content=\"pt_BR\" \/>\n<meta property=\"og:type\" content=\"article\" \/>\n<meta property=\"og:title\" content=\"AES Tiet\u00ea e Unipar Carbocloro anunciam joint venture de R$ 620 mi\" \/>\n<meta property=\"og:description\" content=\"A AES Tiet\u00ea anunciou um acordo de investimento com a Unipar Carbocloro para a cria\u00e7\u00e3o de uma joint venture. Clique aqui para saber mais.\" \/>\n<meta property=\"og:url\" content=\"https:\/\/www.suno.com.br\/noticias\/aes-tiete-unipar-carbocloro-joint-venture\/\" \/>\n<meta property=\"og:site_name\" content=\"Suno Not\u00edcias\" \/>\n<meta property=\"article:publisher\" content=\"https:\/\/facebook.com\/sunoresearch\" \/>\n<meta property=\"og:image\" content=\"https:\/\/files.sunoresearch.com.br\/n\/uploads\/2019\/02\/a795b83a-energia-e\u00f3lica-2.jpg\" \/>\n\t<meta property=\"og:image:width\" content=\"960\" \/>\n\t<meta property=\"og:image:height\" content=\"641\" \/>\n\t<meta property=\"og:image:type\" content=\"image\/jpeg\" \/>\n<meta name=\"author\" content=\"Rafael Lara\" \/>\n<meta name=\"twitter:card\" content=\"summary_large_image\" \/>\n<meta name=\"twitter:creator\" content=\"@sunoresearch\" \/>\n<meta name=\"twitter:site\" content=\"@sunoresearch\" \/>\n<meta name=\"twitter:label1\" content=\"Escrito por\" \/>\n\t<meta name=\"twitter:data1\" content=\"Rafael Lara\" \/>\n\t<meta name=\"twitter:label2\" content=\"Est. tempo de leitura\" \/>\n\t<meta name=\"twitter:data2\" content=\"2 minutos\" \/>\n<script type=\"application\/ld+json\" class=\"yoast-schema-graph\">{\"@context\":\"https:\/\/schema.org\",\"@graph\":[{\"@type\":\"NewsArticle\",\"@id\":\"https:\/\/www.suno.com.br\/noticias\/aes-tiete-unipar-carbocloro-joint-venture\/#article\",\"isPartOf\":{\"@id\":\"https:\/\/www.suno.com.br\/noticias\/aes-tiete-unipar-carbocloro-joint-venture\/\"},\"author\":{\"name\":\"Rafael Lara\",\"@id\":\"https:\/\/www.suno.com.br\/noticias\/#\/schema\/person\/098743caeed97b37f51315c9576c4078\"},\"headline\":\"AES Tiet\u00ea e Unipar Carbocloro anunciam joint venture de R$ 620 mi\",\"datePublished\":\"2019-11-12T00:09:14+00:00\",\"mainEntityOfPage\":{\"@id\":\"https:\/\/www.suno.com.br\/noticias\/aes-tiete-unipar-carbocloro-joint-venture\/\"},\"wordCount\":451,\"publisher\":{\"@id\":\"https:\/\/www.suno.com.br\/noticias\/#organization\"},\"image\":{\"@id\":\"https:\/\/www.suno.com.br\/noticias\/aes-tiete-unipar-carbocloro-joint-venture\/#primaryimage\"},\"thumbnailUrl\":\"https:\/\/files.sunoresearch.com.br\/n\/uploads\/2019\/02\/a795b83a-energia-e\u00f3lica-2-jpg.webp\",\"keywords\":[\"AES Tiet\u00ea (TIET3\/TIET4\/TIET11)\",\"energia e\u00f3lica\"],\"articleSection\":[\"Neg\u00f3cios\"],\"inLanguage\":\"pt-BR\"},{\"@type\":\"WebPage\",\"@id\":\"https:\/\/www.suno.com.br\/noticias\/aes-tiete-unipar-carbocloro-joint-venture\/\",\"url\":\"https:\/\/www.suno.com.br\/noticias\/aes-tiete-unipar-carbocloro-joint-venture\/\",\"name\":\"AES Tiet\u00ea e Unipar Carbocloro anunciam joint venture de R$ 620 mi\",\"isPartOf\":{\"@id\":\"https:\/\/www.suno.com.br\/noticias\/#website\"},\"primaryImageOfPage\":{\"@id\":\"https:\/\/www.suno.com.br\/noticias\/aes-tiete-unipar-carbocloro-joint-venture\/#primaryimage\"},\"image\":{\"@id\":\"https:\/\/www.suno.com.br\/noticias\/aes-tiete-unipar-carbocloro-joint-venture\/#primaryimage\"},\"thumbnailUrl\":\"https:\/\/files.sunoresearch.com.br\/n\/uploads\/2019\/02\/a795b83a-energia-e\u00f3lica-2-jpg.webp\",\"datePublished\":\"2019-11-12T00:09:14+00:00\",\"description\":\"A AES Tiet\u00ea anunciou um acordo de investimento com a Unipar Carbocloro para a cria\u00e7\u00e3o de uma joint venture. Clique aqui para saber mais.\",\"breadcrumb\":{\"@id\":\"https:\/\/www.suno.com.br\/noticias\/aes-tiete-unipar-carbocloro-joint-venture\/#breadcrumb\"},\"inLanguage\":\"pt-BR\",\"potentialAction\":[{\"@type\":\"ReadAction\",\"target\":[\"https:\/\/www.suno.com.br\/noticias\/aes-tiete-unipar-carbocloro-joint-venture\/\"]}]},{\"@type\":\"ImageObject\",\"inLanguage\":\"pt-BR\",\"@id\":\"https:\/\/www.suno.com.br\/noticias\/aes-tiete-unipar-carbocloro-joint-venture\/#primaryimage\",\"url\":\"https:\/\/files.sunoresearch.com.br\/n\/uploads\/2019\/02\/a795b83a-energia-e\u00f3lica-2-jpg.webp\",\"contentUrl\":\"https:\/\/files.sunoresearch.com.br\/n\/uploads\/2019\/02\/a795b83a-energia-e\u00f3lica-2-jpg.webp\",\"width\":960,\"height\":641,\"caption\":\"EDP Renov\u00e1veis vende parque e\u00f3lico no Nordeste por R$ 598 mi\"},{\"@type\":\"BreadcrumbList\",\"@id\":\"https:\/\/www.suno.com.br\/noticias\/aes-tiete-unipar-carbocloro-joint-venture\/#breadcrumb\",\"itemListElement\":[{\"@type\":\"ListItem\",\"position\":1,\"name\":\"Not\u00edcias\",\"item\":\"https:\/\/www.suno.com.br\/noticias\/\"},{\"@type\":\"ListItem\",\"position\":2,\"name\":\"Neg\u00f3cios\",\"item\":\"https:\/\/www.suno.com.br\/noticias\/negocios\/\"},{\"@type\":\"ListItem\",\"position\":3,\"name\":\"AES Tiet\u00ea e Unipar Carbocloro anunciam joint venture de R$ 620 mi\"}]},{\"@type\":\"WebSite\",\"@id\":\"https:\/\/www.suno.com.br\/noticias\/#website\",\"url\":\"https:\/\/www.suno.com.br\/noticias\/\",\"name\":\"Suno Not\u00edcias\",\"description\":\"Seu portal de informa\u00e7\u00e3o sobre o mundo dos investimentos\",\"publisher\":{\"@id\":\"https:\/\/www.suno.com.br\/noticias\/#organization\"},\"potentialAction\":[{\"@type\":\"SearchAction\",\"target\":{\"@type\":\"EntryPoint\",\"urlTemplate\":\"https:\/\/www.suno.com.br\/noticias\/?s={search_term_string}\"},\"query-input\":{\"@type\":\"PropertyValueSpecification\",\"valueRequired\":true,\"valueName\":\"search_term_string\"}}],\"inLanguage\":\"pt-BR\"},{\"@type\":\"Organization\",\"@id\":\"https:\/\/www.suno.com.br\/noticias\/#organization\",\"name\":\"Suno Not\u00edcias\",\"url\":\"https:\/\/www.suno.com.br\/noticias\/\",\"logo\":{\"@type\":\"ImageObject\",\"inLanguage\":\"pt-BR\",\"@id\":\"https:\/\/www.suno.com.br\/noticias\/#\/schema\/logo\/image\/\",\"url\":\"https:\/\/files.sunoresearch.com.br\/n\/uploads\/2021\/09\/suno-logo.png\",\"contentUrl\":\"https:\/\/files.sunoresearch.com.br\/n\/uploads\/2021\/09\/suno-logo.png\",\"width\":180,\"height\":180,\"caption\":\"Suno Not\u00edcias\"},\"image\":{\"@id\":\"https:\/\/www.suno.com.br\/noticias\/#\/schema\/logo\/image\/\"},\"sameAs\":[\"https:\/\/facebook.com\/sunoresearch\",\"https:\/\/x.com\/sunoresearch\",\"https:\/\/www.instagram.com\/suno\",\"https:\/\/www.linkedin.com\/company\/suno-research\/\",\"https:\/\/www.youtube.com\/c\/sunoresearch\"]},{\"@type\":\"Person\",\"@id\":\"https:\/\/www.suno.com.br\/noticias\/#\/schema\/person\/098743caeed97b37f51315c9576c4078\",\"name\":\"Rafael Lara\",\"image\":{\"@type\":\"ImageObject\",\"inLanguage\":\"pt-BR\",\"@id\":\"https:\/\/www.suno.com.br\/noticias\/#\/schema\/person\/image\/\",\"url\":\"https:\/\/secure.gravatar.com\/avatar\/dfc254ab9bb2ea1895d98b9e9dae4bdd?s=96&r=g\",\"contentUrl\":\"https:\/\/secure.gravatar.com\/avatar\/dfc254ab9bb2ea1895d98b9e9dae4bdd?s=96&r=g\",\"caption\":\"Rafael Lara\"},\"description\":\"Rafael Lara cursa jornalismo na Faculdade C\u00e1sper L\u00edbero. Escreve sobre pol\u00edtica, economia e neg\u00f3cios para o portal Suno Not\u00edcias. Antes, colaborou na TV Gazeta na produ\u00e7\u00e3o do programa Edi\u00e7\u00e3o Extra.\",\"url\":\"https:\/\/www.suno.com.br\/noticias\/author\/rafael\/\"}]}<\/script>\n<!-- \/ Yoast SEO plugin. -->","yoast_head_json":{"title":"AES Tiet\u00ea e Unipar Carbocloro anunciam joint venture de R$ 620 mi","description":"A AES Tiet\u00ea anunciou um acordo de investimento com a Unipar Carbocloro para a cria\u00e7\u00e3o de uma joint venture. Clique aqui para saber mais.","robots":{"index":"index","follow":"follow","max-snippet":"max-snippet:-1","max-image-preview":"max-image-preview:large","max-video-preview":"max-video-preview:-1"},"canonical":"https:\/\/www.suno.com.br\/noticias\/aes-tiete-unipar-carbocloro-joint-venture\/","og_locale":"pt_BR","og_type":"article","og_title":"AES Tiet\u00ea e Unipar Carbocloro anunciam joint venture de R$ 620 mi","og_description":"A AES Tiet\u00ea anunciou um acordo de investimento com a Unipar Carbocloro para a cria\u00e7\u00e3o de uma joint venture. Clique aqui para saber mais.","og_url":"https:\/\/www.suno.com.br\/noticias\/aes-tiete-unipar-carbocloro-joint-venture\/","og_site_name":"Suno Not\u00edcias","article_publisher":"https:\/\/facebook.com\/sunoresearch","og_image":[{"width":960,"height":641,"url":"https:\/\/files.sunoresearch.com.br\/n\/uploads\/2019\/02\/a795b83a-energia-e\u00f3lica-2.jpg","type":"image\/jpeg"}],"author":"Rafael Lara","twitter_card":"summary_large_image","twitter_creator":"@sunoresearch","twitter_site":"@sunoresearch","twitter_misc":{"Escrito por":"Rafael Lara","Est. tempo de leitura":"2 minutos"},"schema":{"@context":"https:\/\/schema.org","@graph":[{"@type":"NewsArticle","@id":"https:\/\/www.suno.com.br\/noticias\/aes-tiete-unipar-carbocloro-joint-venture\/#article","isPartOf":{"@id":"https:\/\/www.suno.com.br\/noticias\/aes-tiete-unipar-carbocloro-joint-venture\/"},"author":{"name":"Rafael Lara","@id":"https:\/\/www.suno.com.br\/noticias\/#\/schema\/person\/098743caeed97b37f51315c9576c4078"},"headline":"AES Tiet\u00ea e Unipar Carbocloro anunciam joint venture de R$ 620 mi","datePublished":"2019-11-12T00:09:14+00:00","mainEntityOfPage":{"@id":"https:\/\/www.suno.com.br\/noticias\/aes-tiete-unipar-carbocloro-joint-venture\/"},"wordCount":451,"publisher":{"@id":"https:\/\/www.suno.com.br\/noticias\/#organization"},"image":{"@id":"https:\/\/www.suno.com.br\/noticias\/aes-tiete-unipar-carbocloro-joint-venture\/#primaryimage"},"thumbnailUrl":"https:\/\/files.sunoresearch.com.br\/n\/uploads\/2019\/02\/a795b83a-energia-e\u00f3lica-2-jpg.webp","keywords":["AES Tiet\u00ea (TIET3\/TIET4\/TIET11)","energia e\u00f3lica"],"articleSection":["Neg\u00f3cios"],"inLanguage":"pt-BR"},{"@type":"WebPage","@id":"https:\/\/www.suno.com.br\/noticias\/aes-tiete-unipar-carbocloro-joint-venture\/","url":"https:\/\/www.suno.com.br\/noticias\/aes-tiete-unipar-carbocloro-joint-venture\/","name":"AES Tiet\u00ea e Unipar Carbocloro anunciam joint venture de R$ 620 mi","isPartOf":{"@id":"https:\/\/www.suno.com.br\/noticias\/#website"},"primaryImageOfPage":{"@id":"https:\/\/www.suno.com.br\/noticias\/aes-tiete-unipar-carbocloro-joint-venture\/#primaryimage"},"image":{"@id":"https:\/\/www.suno.com.br\/noticias\/aes-tiete-unipar-carbocloro-joint-venture\/#primaryimage"},"thumbnailUrl":"https:\/\/files.sunoresearch.com.br\/n\/uploads\/2019\/02\/a795b83a-energia-e\u00f3lica-2-jpg.webp","datePublished":"2019-11-12T00:09:14+00:00","description":"A AES Tiet\u00ea anunciou um acordo de investimento com a Unipar Carbocloro para a cria\u00e7\u00e3o de uma joint venture. Clique aqui para saber mais.","breadcrumb":{"@id":"https:\/\/www.suno.com.br\/noticias\/aes-tiete-unipar-carbocloro-joint-venture\/#breadcrumb"},"inLanguage":"pt-BR","potentialAction":[{"@type":"ReadAction","target":["https:\/\/www.suno.com.br\/noticias\/aes-tiete-unipar-carbocloro-joint-venture\/"]}]},{"@type":"ImageObject","inLanguage":"pt-BR","@id":"https:\/\/www.suno.com.br\/noticias\/aes-tiete-unipar-carbocloro-joint-venture\/#primaryimage","url":"https:\/\/files.sunoresearch.com.br\/n\/uploads\/2019\/02\/a795b83a-energia-e\u00f3lica-2-jpg.webp","contentUrl":"https:\/\/files.sunoresearch.com.br\/n\/uploads\/2019\/02\/a795b83a-energia-e\u00f3lica-2-jpg.webp","width":960,"height":641,"caption":"EDP Renov\u00e1veis vende parque e\u00f3lico no Nordeste por R$ 598 mi"},{"@type":"BreadcrumbList","@id":"https:\/\/www.suno.com.br\/noticias\/aes-tiete-unipar-carbocloro-joint-venture\/#breadcrumb","itemListElement":[{"@type":"ListItem","position":1,"name":"Not\u00edcias","item":"https:\/\/www.suno.com.br\/noticias\/"},{"@type":"ListItem","position":2,"name":"Neg\u00f3cios","item":"https:\/\/www.suno.com.br\/noticias\/negocios\/"},{"@type":"ListItem","position":3,"name":"AES Tiet\u00ea e Unipar Carbocloro anunciam joint venture de R$ 620 mi"}]},{"@type":"WebSite","@id":"https:\/\/www.suno.com.br\/noticias\/#website","url":"https:\/\/www.suno.com.br\/noticias\/","name":"Suno Not\u00edcias","description":"Seu portal de informa\u00e7\u00e3o sobre o mundo dos investimentos","publisher":{"@id":"https:\/\/www.suno.com.br\/noticias\/#organization"},"potentialAction":[{"@type":"SearchAction","target":{"@type":"EntryPoint","urlTemplate":"https:\/\/www.suno.com.br\/noticias\/?s={search_term_string}"},"query-input":{"@type":"PropertyValueSpecification","valueRequired":true,"valueName":"search_term_string"}}],"inLanguage":"pt-BR"},{"@type":"Organization","@id":"https:\/\/www.suno.com.br\/noticias\/#organization","name":"Suno Not\u00edcias","url":"https:\/\/www.suno.com.br\/noticias\/","logo":{"@type":"ImageObject","inLanguage":"pt-BR","@id":"https:\/\/www.suno.com.br\/noticias\/#\/schema\/logo\/image\/","url":"https:\/\/files.sunoresearch.com.br\/n\/uploads\/2021\/09\/suno-logo.png","contentUrl":"https:\/\/files.sunoresearch.com.br\/n\/uploads\/2021\/09\/suno-logo.png","width":180,"height":180,"caption":"Suno Not\u00edcias"},"image":{"@id":"https:\/\/www.suno.com.br\/noticias\/#\/schema\/logo\/image\/"},"sameAs":["https:\/\/facebook.com\/sunoresearch","https:\/\/x.com\/sunoresearch","https:\/\/www.instagram.com\/suno","https:\/\/www.linkedin.com\/company\/suno-research\/","https:\/\/www.youtube.com\/c\/sunoresearch"]},{"@type":"Person","@id":"https:\/\/www.suno.com.br\/noticias\/#\/schema\/person\/098743caeed97b37f51315c9576c4078","name":"Rafael Lara","image":{"@type":"ImageObject","inLanguage":"pt-BR","@id":"https:\/\/www.suno.com.br\/noticias\/#\/schema\/person\/image\/","url":"https:\/\/secure.gravatar.com\/avatar\/dfc254ab9bb2ea1895d98b9e9dae4bdd?s=96&r=g","contentUrl":"https:\/\/secure.gravatar.com\/avatar\/dfc254ab9bb2ea1895d98b9e9dae4bdd?s=96&r=g","caption":"Rafael Lara"},"description":"Rafael Lara cursa jornalismo na Faculdade C\u00e1sper L\u00edbero. Escreve sobre pol\u00edtica, economia e neg\u00f3cios para o portal Suno Not\u00edcias. Antes, colaborou na TV Gazeta na produ\u00e7\u00e3o do programa Edi\u00e7\u00e3o Extra.","url":"https:\/\/www.suno.com.br\/noticias\/author\/rafael\/"}]}},"default_loop_html":"<div class=\"cardsPage__listCard__boxs\"><div class=\"cardsPage__listCard__boxs__img\"><a href=\"https:\/\/www.suno.com.br\/noticias\/aes-tiete-unipar-carbocloro-joint-venture\/\"><img class=\"mask\" src=\"https:\/\/www.suno.com.br\/noticias\/wp-content\/themes\/suno\/resources\/images\/spotlight\/spotlight1img\/bg-mask.png\" alt=\"Image Mask\"\/><img src=\"https:\/\/files.sunoresearch.com.br\/n\/uploads\/2019\/02\/a795b83a-energia-e\u00f3lica-2-400x200.webp\" alt=\"AES Tiet\u00ea e Unipar Carbocloro anunciam joint venture de R$ 620 mi\"\/><\/a><span class=\"spotlightCategory\"><a href=\"https:\/\/www.suno.com.br\/noticias\/negocios\/\">Neg\u00f3cios<\/a><\/span><\/div><div class=\"cardsPage__listCard__boxs__content\"><a href=\"https:\/\/www.suno.com.br\/noticias\/aes-tiete-unipar-carbocloro-joint-venture\/\"><h2 class=\"content__title\">AES Tiet\u00ea e Unipar Carbocloro anunciam joint venture de R$ 620 mi<\/h2><\/a><div class=\"newsContent__article__meta\"><div class=\"newsContent__article__meta__authorBox\"><a href=\"https:\/\/www.suno.com.br\/noticias\/author\/rafael\/\" class=\"authorBox__avatar noMobi\"><img src=\"https:\/\/secure.gravatar.com\/avatar\/dfc254ab9bb2ea1895d98b9e9dae4bdd?s=96&#038;r=g\" alt=\"Rafael Lara\"><\/a><div class=\"authorBox__name\"><span>por\n\t\t\t<a href=\"https:\/\/www.suno.com.br\/noticias\/author\/rafael\/\"><span itemprop=\"author\">Rafael Lara<\/span><\/a><\/span><time datetime=\"2019-11-11T22:09:14-03:00\" itemprop=\"datePublished\">11\/11\/2019 22:09<\/time><\/div><\/div><\/div><\/div><\/div>","single_layout":"posts","amp_enabled":true,"_links":{"self":[{"href":"https:\/\/www.suno.com.br\/noticias\/wp-json\/wp\/v2\/posts\/44490"}],"collection":[{"href":"https:\/\/www.suno.com.br\/noticias\/wp-json\/wp\/v2\/posts"}],"about":[{"href":"https:\/\/www.suno.com.br\/noticias\/wp-json\/wp\/v2\/types\/post"}],"author":[{"embeddable":true,"href":"https:\/\/www.suno.com.br\/noticias\/wp-json\/wp\/v2\/users\/23"}],"replies":[{"embeddable":true,"href":"https:\/\/www.suno.com.br\/noticias\/wp-json\/wp\/v2\/comments?post=44490"}],"version-history":[{"count":0,"href":"https:\/\/www.suno.com.br\/noticias\/wp-json\/wp\/v2\/posts\/44490\/revisions"}],"wp:featuredmedia":[{"embeddable":true,"href":"https:\/\/www.suno.com.br\/noticias\/wp-json\/wp\/v2\/media\/15202"}],"wp:attachment":[{"href":"https:\/\/www.suno.com.br\/noticias\/wp-json\/wp\/v2\/media?parent=44490"}],"wp:term":[{"taxonomy":"category","embeddable":true,"href":"https:\/\/www.suno.com.br\/noticias\/wp-json\/wp\/v2\/categories?post=44490"},{"taxonomy":"post_tag","embeddable":true,"href":"https:\/\/www.suno.com.br\/noticias\/wp-json\/wp\/v2\/tags?post=44490"},{"taxonomy":"suno_strategy","embeddable":true,"href":"https:\/\/www.suno.com.br\/noticias\/wp-json\/wp\/v2\/suno_strategy?post=44490"}],"curies":[{"name":"wp","href":"https:\/\/api.w.org\/{rel}","templated":true}]}}