{"id":444856,"date":"2023-08-18T20:51:10","date_gmt":"2023-08-18T23:51:10","guid":{"rendered":"https:\/\/www.suno.com.br\/noticias\/?p=444856"},"modified":"2023-08-18T21:40:20","modified_gmt":"2023-08-19T00:40:20","slug":"braco-shein-coteminas-atrasa-salarios-demite-mg","status":"publish","type":"post","link":"https:\/\/www.suno.com.br\/noticias\/braco-shein-coteminas-atrasa-salarios-demite-mg\/","title":{"rendered":"&#8216;Bra\u00e7o da Shein&#8217;: Coteminas (CTNM4) atrasa sal\u00e1rios e demite em MG, segundo sindicato"},"content":{"rendered":"<p>Funcion\u00e1rios da <a href=\"https:\/\/www.suno.com.br\/noticias\/shein-precas-produzidas-conteminas\/\" target=\"_blank\" rel=\"noreferrer noopener\">Coteminas (CTNM4<\/a>), <a href=\"https:\/\/www.suno.com.br\/noticias\/shein-precas-produzidas-conteminas\/\" target=\"_blank\" rel=\"noreferrer noopener\">Companhia de Tecidos Norte de Minas<\/a> &#8211; bra\u00e7o da <strong>Shein<\/strong> no Brasil &#8211; de Montes Claros (MG), afirmam que a empresa n\u00e3o tem honrado com pagamentos de sal\u00e1rios, n\u00e3o deposita o FGTS (Fundo de Garantia do Tempo de Servi\u00e7o) e que h\u00e1 expectativa de demiss\u00f5es.<\/p>\t<div class=\"wrapper-featured-image\">\n\t\t<figure class=\"spotlightImg\">\n\n\t\t\t<picture>\n\t\t\t\t<source media=\"(max-width: 768px)\" srcset=\"https:\/\/files.sunoresearch.com.br\/n\/uploads\/2022\/02\/Shein-400x200.jpg\">\n\t\t\t\t<img loading=\"lazy\" decoding=\"async\" class=\"newsContent__article__imgCapa lazyloadDisabled \" src=\"https:\/\/files.sunoresearch.com.br\/n\/uploads\/2022\/02\/Shein-800x450.jpg\" width=\"800\" height=\"450\" alt=\"&#8216;Bra\u00e7o da Shein&#8217;: Coteminas (CTNM4) atrasa sal\u00e1rios e demite em MG, segundo sindicato\" fetchpriority=high \/>\n\t\t\t<\/picture>\n\n\t\t\t<figcaption class=\"wp-caption-text wp-caption-text--show\">Loja Shein. Foto: Reprodu\u00e7\u00e3o\/ Facebook Shein<\/figcaption>\n\t\t<\/figure>\n\t<\/div>\n\n\n\n\n\n\t<p>\n\t\t<a href=\"https:\/\/lp.suno.com.br\/planilha-da-vida-financeira\/\" target=\"_blank\" data-element=\"shortcode-suno-banner\" title=\"Banner SUNO, clique e saiba mais\">\n\t\t\t<picture>\n\t\t\t\t<source media=\"(max-width: 500px)\" srcset=\"https:\/\/files.sunoresearch.com.br\/n\/uploads\/2023\/04\/400x300-Planilha-vida-financeira-true.png\">\n\t\t\t\t<img class=\"newsContent__article__imgCapa newsContent__article__imgCapa--banner\"\n\t\t\t\t\tsrc=\"https:\/\/files.sunoresearch.com.br\/n\/uploads\/2023\/04\/1420x240-Planilha-vida-financeira-true.png\"\n\t\t\t\t\tdata-promo-id=\"106682\"\t\t\t\t\t\t\t\t\t\twidth='1420' height='240'\t\t\t\t\talt=\"https:\/\/files.sunoresearch.com.br\/n\/uploads\/2023\/04\/1420x240-Planilha-vida-financeira-true.png\"\n\t\t\t\t>\n\t\t\t<\/picture>\n\t\t<\/a>\n\t<\/p>\n\n\n\n\n\n\n\n<p>As declara\u00e7\u00f5es foram dadas \u00e0 Folha de S.Paulo. Segundo os funcion\u00e1rios, a dispensa deve ser parcelada em dez vezes, com as f\u00e9rias e a multa do FGTS acertadas apenas no \u00faltimo pagamento.<\/p>\n\n\n\n<p>O <a href=\"https:\/\/mpt.mp.br\/\" target=\"_blank\" rel=\"noreferrer noopener\">Minist\u00e9rio P\u00fablico do Trabalho (MPT) acompanha o caso<\/a> e abriu um procedimento para apur\u00e1-lo.<\/p>\n\n\n\n<p>Os funcion\u00e1rios relatam que o sal\u00e1rio de julho, que deveria ter sido pago h\u00e1 quase 15 dias &#8211; no dia 5 de agosto &#8211; ainda n\u00e3o foi depositado. Al\u00e9m disso, em julho o sal\u00e1rio referente a junho s\u00f3 teria sido pago no fim do m\u00eas, no dia 27.<\/p>\n\n\n\n<p>Vale destacar que ainda neste ano a <strong>Coteminas<\/strong> realizou diversas demiss\u00f5es, incluindo um desligamento em massa em Blumenau (SC), que deu f\u00f4lego para a companhia operar mais fortemente no Rio Grande do Norte (RN) &#8211; justamente onde a companhia opera para nacionalizar a produ\u00e7\u00e3o da Shein.<\/p>\n\n\n\n<p>A empresa \u00e9 comandada por Josu\u00e9 Gomes da Silva, presidente da Fiesp (Federa\u00e7\u00e3o das Ind\u00fastrias do Estado de S\u00e3o Paulo).<\/p>\n\n\n\t<p>\n\t\t<a href=\"https:\/\/lp.suno.com.br\/ebook-como-analisar-uma-acao\/\" target=\"_blank\" data-element=\"shortcode-suno-banner\" title=\"Banner SUNO, clique e saiba mais\">\n\t\t\t<picture>\n\t\t\t\t<source media=\"(max-width: 500px)\" srcset=\"https:\/\/files.sunoresearch.com.br\/n\/uploads\/2023\/03\/Ebook-Acoes-Mobile.jpg\">\n\t\t\t\t<img class=\"newsContent__article__imgCapa newsContent__article__imgCapa--banner\"\n\t\t\t\t\tsrc=\"https:\/\/files.sunoresearch.com.br\/n\/uploads\/2023\/03\/Ebook-Acoes-Desktop.jpg\"\n\t\t\t\t\tdata-promo-id=\"378302\"\t\t\t\t\t\t\t\t\t\twidth='1420' height='286'\t\t\t\t\talt=\"https:\/\/files.sunoresearch.com.br\/n\/uploads\/2023\/03\/Ebook-Acoes-Desktop.jpg\"\n\t\t\t\t>\n\t\t\t<\/picture>\n\t\t<\/a>\n\t<\/p>\n\n\n\n\n\n<h2 class=\"wp-block-heading\">Veja mais demiss\u00f5es da Coteminas, bra\u00e7o da Shein no Brasil<\/h2>\n\n\n\n<p>A Companhia de Tecidos do Norte de Minas, ou <a href=\"https:\/\/www.suno.com.br\/acoes\/ctnm4\/\" target=\"_blank\" rel=\"noreferrer noopener\">Coteminas (CTNM4)<\/a>, formalizou a demiss\u00e3o de 721 funcion\u00e1rios de sua unidade em Blumenau (SC) ainda em julho deste ano.<\/p>\n\n\n\n<p>A <strong>demiss\u00e3o em massa da Coteminas<\/strong> havia sido anunciada uma semana antes.<\/p>\n\n\n\n<p>Segundo a organiza\u00e7\u00e3o sindical, a Coteminas ofereceu maquin\u00e1rio e um terreno de 24 mil m\u00b2 como garantia de que pagar\u00e1 a rescis\u00e3o das <strong>demiss\u00f5es<\/strong>. As negocia\u00e7\u00f5es preveem que ap\u00f3s o pagamento, o maquin\u00e1rio e o terreno &#8211; avaliado em R$ 30 milh\u00f5es &#8211; voltem \u00e0 posse da companhia.<\/p>\n\n\n\n<p>As decis\u00f5es recentes v\u00e3o de encontro com um memorando divulgado pela <strong>Coteminas <\/strong>ao fim de abril, citando um entendimento para nacionalizar parte dos produtos que a Shein vende em solo brasileiro.<\/p>\n\n\n\n<p>O impasse entre a gest\u00e3o da Coteminas &#8211; por conta da demiss\u00e3o &#8211; e os sindicatos chegou a ficar muito acirrado. No in\u00edcio de julho foi feita uma assembleia na portaria principal da empresa, com oposi\u00e7\u00e3o \u00e0s novas medidas anunciadas.<\/p>\n\n\n\n<p>Al\u00e9m disso, l\u00edderes sindicais citaram dificuldades nas negocia\u00e7\u00f5es em relatos \u00e0 imprensa.<\/p>\n\n\n\n<p>Nos tribunais, o Sintrafite chegou a entrar com a\u00e7\u00e3o no MPT, que por sua vez recomendou que a Coteminas, bra\u00e7o da <strong>Shein<\/strong> no Brasil, n\u00e3o seguisse com a demiss\u00e3o em massa e minimize os impactos da <a class=\"suno-keyword\" data-force=\"no\" data-priority=\"1\" href=\"https:\/\/www.suno.com.br\/artigos\/crise-financeira\/\" target=\"_blank\" rel=\"noopener\">crise financeira<\/a> de outra forma.<\/p>\n\n\n\t<p>\n\t\t<a href=\"https:\/\/lp.suno.com.br\/planilha-da-vida-financeira\/\" target=\"_blank\" data-element=\"shortcode-suno-banner\" title=\"Banner SUNO, clique e saiba mais\">\n\t\t\t<picture>\n\t\t\t\t<source media=\"(max-width: 500px)\" srcset=\"https:\/\/files.sunoresearch.com.br\/n\/uploads\/2023\/04\/400x300-Planilha-vida-financeira-true.png\">\n\t\t\t\t<img class=\"newsContent__article__imgCapa newsContent__article__imgCapa--banner\"\n\t\t\t\t\tsrc=\"https:\/\/files.sunoresearch.com.br\/n\/uploads\/2023\/04\/1420x240-Planilha-vida-financeira-true.png\"\n\t\t\t\t\tdata-promo-id=\"383123\"\t\t\t\t\t\t\t\t\t\twidth='1420' height='240'\t\t\t\t\talt=\"https:\/\/files.sunoresearch.com.br\/n\/uploads\/2023\/04\/1420x240-Planilha-vida-financeira-true.png\"\n\t\t\t\t>\n\t\t\t<\/picture>\n\t\t<\/a>\n\t<\/p>\n\n\n","protected":false},"excerpt":{"rendered":"<p>Funcion\u00e1rios da Coteminas (CTNM4), Companhia de Tecidos Norte de Minas &#8211; bra\u00e7o da Shein no Brasil &#8211; de Montes Claros (MG), afirmam que a empresa n\u00e3o tem honrado com pagamentos de sal\u00e1rios, n\u00e3o deposita o FGTS (Fundo de Garantia do Tempo de Servi\u00e7o) e que h\u00e1 expectativa de demiss\u00f5es. Loja Shein. Foto: Reprodu\u00e7\u00e3o\/ Facebook Shein [&hellip;]<\/p>\n","protected":false},"author":73,"featured_media":234056,"comment_status":"closed","ping_status":"closed","sticky":false,"template":"","format":"standard","meta":[],"categories":[64],"tags":[803],"suno_strategy":[],"class_list":["post-444856","post","type-post","status-publish","format-standard","has-post-thumbnail","hentry","category-negocios","tag-varejo"],"yoast_head":"<!-- This site is optimized with the Yoast SEO plugin v24.4 - https:\/\/yoast.com\/wordpress\/plugins\/seo\/ -->\n<title>&#039;Bra\u00e7o da Shein&#039;: Coteminas atrasa sal\u00e1rios e demite em MG<\/title>\n<meta name=\"description\" content=\"Nos tribunais em meados de julho, o MPT recomendou que a Coteminas, bra\u00e7o da Shein no Brasil, n\u00e3o seguisse com a demiss\u00e3o em massa em SC\" \/>\n<meta name=\"robots\" content=\"index, follow, max-snippet:-1, max-image-preview:large, max-video-preview:-1\" \/>\n<link rel=\"canonical\" href=\"https:\/\/www.suno.com.br\/noticias\/braco-shein-coteminas-atrasa-salarios-demite-mg\/\" \/>\n<meta property=\"og:locale\" content=\"pt_BR\" \/>\n<meta property=\"og:type\" content=\"article\" \/>\n<meta property=\"og:title\" content=\"&#039;Bra\u00e7o da Shein&#039;: Coteminas atrasa sal\u00e1rios e demite em MG\" \/>\n<meta property=\"og:description\" content=\"Nos tribunais em meados de julho, o MPT recomendou que a Coteminas, bra\u00e7o da Shein no Brasil, n\u00e3o seguisse com a demiss\u00e3o em massa em SC\" \/>\n<meta property=\"og:url\" content=\"https:\/\/www.suno.com.br\/noticias\/braco-shein-coteminas-atrasa-salarios-demite-mg\/\" \/>\n<meta property=\"og:site_name\" content=\"Suno Not\u00edcias\" \/>\n<meta property=\"article:publisher\" content=\"https:\/\/facebook.com\/sunoresearch\" \/>\n<meta property=\"og:image\" content=\"https:\/\/files.sunoresearch.com.br\/n\/uploads\/2022\/02\/Shein.jpg\" \/>\n\t<meta property=\"og:image:width\" content=\"2048\" \/>\n\t<meta property=\"og:image:height\" content=\"1365\" \/>\n\t<meta property=\"og:image:type\" content=\"image\/jpeg\" \/>\n<meta name=\"author\" content=\"Eduardo Vargas\" \/>\n<meta name=\"twitter:card\" content=\"summary_large_image\" \/>\n<meta name=\"twitter:creator\" content=\"@sunoresearch\" \/>\n<meta name=\"twitter:site\" content=\"@sunoresearch\" \/>\n<meta name=\"twitter:label1\" content=\"Escrito por\" \/>\n\t<meta name=\"twitter:data1\" content=\"Eduardo Vargas\" \/>\n\t<meta name=\"twitter:label2\" content=\"Est. tempo de leitura\" \/>\n\t<meta name=\"twitter:data2\" content=\"3 minutos\" \/>\n<script type=\"application\/ld+json\" class=\"yoast-schema-graph\">{\"@context\":\"https:\/\/schema.org\",\"@graph\":[{\"@type\":\"NewsArticle\",\"@id\":\"https:\/\/www.suno.com.br\/noticias\/braco-shein-coteminas-atrasa-salarios-demite-mg\/#article\",\"isPartOf\":{\"@id\":\"https:\/\/www.suno.com.br\/noticias\/braco-shein-coteminas-atrasa-salarios-demite-mg\/\"},\"author\":{\"name\":\"Eduardo Vargas\",\"@id\":\"https:\/\/www.suno.com.br\/noticias\/#\/schema\/person\/7f4d362bf3518e76090143ae77bb49a5\"},\"headline\":\"&#8216;Bra\u00e7o da Shein&#8217;: Coteminas (CTNM4) atrasa sal\u00e1rios e demite em MG, segundo sindicato\",\"datePublished\":\"2023-08-18T23:51:10+00:00\",\"dateModified\":\"2023-08-19T00:40:20+00:00\",\"mainEntityOfPage\":{\"@id\":\"https:\/\/www.suno.com.br\/noticias\/braco-shein-coteminas-atrasa-salarios-demite-mg\/\"},\"wordCount\":498,\"publisher\":{\"@id\":\"https:\/\/www.suno.com.br\/noticias\/#organization\"},\"image\":{\"@id\":\"https:\/\/www.suno.com.br\/noticias\/braco-shein-coteminas-atrasa-salarios-demite-mg\/#primaryimage\"},\"thumbnailUrl\":\"https:\/\/files.sunoresearch.com.br\/n\/uploads\/2022\/02\/Shein.jpg\",\"keywords\":[\"varejo\"],\"articleSection\":[\"Neg\u00f3cios\"],\"inLanguage\":\"pt-BR\"},{\"@type\":\"WebPage\",\"@id\":\"https:\/\/www.suno.com.br\/noticias\/braco-shein-coteminas-atrasa-salarios-demite-mg\/\",\"url\":\"https:\/\/www.suno.com.br\/noticias\/braco-shein-coteminas-atrasa-salarios-demite-mg\/\",\"name\":\"'Bra\u00e7o da Shein': Coteminas atrasa sal\u00e1rios e demite em MG\",\"isPartOf\":{\"@id\":\"https:\/\/www.suno.com.br\/noticias\/#website\"},\"primaryImageOfPage\":{\"@id\":\"https:\/\/www.suno.com.br\/noticias\/braco-shein-coteminas-atrasa-salarios-demite-mg\/#primaryimage\"},\"image\":{\"@id\":\"https:\/\/www.suno.com.br\/noticias\/braco-shein-coteminas-atrasa-salarios-demite-mg\/#primaryimage\"},\"thumbnailUrl\":\"https:\/\/files.sunoresearch.com.br\/n\/uploads\/2022\/02\/Shein.jpg\",\"datePublished\":\"2023-08-18T23:51:10+00:00\",\"dateModified\":\"2023-08-19T00:40:20+00:00\",\"description\":\"Nos tribunais em meados de julho, o MPT recomendou que a Coteminas, bra\u00e7o da Shein no Brasil, n\u00e3o seguisse com a demiss\u00e3o em massa em SC\",\"breadcrumb\":{\"@id\":\"https:\/\/www.suno.com.br\/noticias\/braco-shein-coteminas-atrasa-salarios-demite-mg\/#breadcrumb\"},\"inLanguage\":\"pt-BR\",\"potentialAction\":[{\"@type\":\"ReadAction\",\"target\":[\"https:\/\/www.suno.com.br\/noticias\/braco-shein-coteminas-atrasa-salarios-demite-mg\/\"]}]},{\"@type\":\"ImageObject\",\"inLanguage\":\"pt-BR\",\"@id\":\"https:\/\/www.suno.com.br\/noticias\/braco-shein-coteminas-atrasa-salarios-demite-mg\/#primaryimage\",\"url\":\"https:\/\/files.sunoresearch.com.br\/n\/uploads\/2022\/02\/Shein.jpg\",\"contentUrl\":\"https:\/\/files.sunoresearch.com.br\/n\/uploads\/2022\/02\/Shein.jpg\",\"width\":2048,\"height\":1365,\"caption\":\"Loja Shein. Foto: Reprodu\u00e7\u00e3o\/ Facebook Shein\"},{\"@type\":\"BreadcrumbList\",\"@id\":\"https:\/\/www.suno.com.br\/noticias\/braco-shein-coteminas-atrasa-salarios-demite-mg\/#breadcrumb\",\"itemListElement\":[{\"@type\":\"ListItem\",\"position\":1,\"name\":\"Not\u00edcias\",\"item\":\"https:\/\/www.suno.com.br\/noticias\/\"},{\"@type\":\"ListItem\",\"position\":2,\"name\":\"Neg\u00f3cios\",\"item\":\"https:\/\/www.suno.com.br\/noticias\/negocios\/\"},{\"@type\":\"ListItem\",\"position\":3,\"name\":\"&#8216;Bra\u00e7o da Shein&#8217;: Coteminas (CTNM4) atrasa sal\u00e1rios e demite em MG, segundo sindicato\"}]},{\"@type\":\"WebSite\",\"@id\":\"https:\/\/www.suno.com.br\/noticias\/#website\",\"url\":\"https:\/\/www.suno.com.br\/noticias\/\",\"name\":\"Suno Not\u00edcias\",\"description\":\"Seu portal de informa\u00e7\u00e3o sobre o mundo dos investimentos\",\"publisher\":{\"@id\":\"https:\/\/www.suno.com.br\/noticias\/#organization\"},\"potentialAction\":[{\"@type\":\"SearchAction\",\"target\":{\"@type\":\"EntryPoint\",\"urlTemplate\":\"https:\/\/www.suno.com.br\/noticias\/?s={search_term_string}\"},\"query-input\":{\"@type\":\"PropertyValueSpecification\",\"valueRequired\":true,\"valueName\":\"search_term_string\"}}],\"inLanguage\":\"pt-BR\"},{\"@type\":\"Organization\",\"@id\":\"https:\/\/www.suno.com.br\/noticias\/#organization\",\"name\":\"Suno Not\u00edcias\",\"url\":\"https:\/\/www.suno.com.br\/noticias\/\",\"logo\":{\"@type\":\"ImageObject\",\"inLanguage\":\"pt-BR\",\"@id\":\"https:\/\/www.suno.com.br\/noticias\/#\/schema\/logo\/image\/\",\"url\":\"https:\/\/files.sunoresearch.com.br\/n\/uploads\/2021\/09\/suno-logo.png\",\"contentUrl\":\"https:\/\/files.sunoresearch.com.br\/n\/uploads\/2021\/09\/suno-logo.png\",\"width\":180,\"height\":180,\"caption\":\"Suno Not\u00edcias\"},\"image\":{\"@id\":\"https:\/\/www.suno.com.br\/noticias\/#\/schema\/logo\/image\/\"},\"sameAs\":[\"https:\/\/facebook.com\/sunoresearch\",\"https:\/\/x.com\/sunoresearch\",\"https:\/\/www.instagram.com\/suno\",\"https:\/\/www.linkedin.com\/company\/suno-research\/\",\"https:\/\/www.youtube.com\/c\/sunoresearch\"]},{\"@type\":\"Person\",\"@id\":\"https:\/\/www.suno.com.br\/noticias\/#\/schema\/person\/7f4d362bf3518e76090143ae77bb49a5\",\"name\":\"Eduardo Vargas\",\"image\":{\"@type\":\"ImageObject\",\"inLanguage\":\"pt-BR\",\"@id\":\"https:\/\/www.suno.com.br\/noticias\/#\/schema\/person\/image\/\",\"url\":\"https:\/\/secure.gravatar.com\/avatar\/dac340933427a22924c9f99d1eb2e3f2?s=96&r=g\",\"contentUrl\":\"https:\/\/secure.gravatar.com\/avatar\/dac340933427a22924c9f99d1eb2e3f2?s=96&r=g\",\"caption\":\"Eduardo Vargas\"},\"description\":\"Jornalista formado pela UFSC, cobre macroeconomia, neg\u00f3cios e startups para o Suno Not\u00edcias, escrevendo principalmente not\u00edcias sobre o mercado financeiro e a bolsa de valores. No YouTube e no Instagram, \u00e9 respons\u00e1vel pela produ\u00e7\u00e3o de Reels e Shorts do Suno Not\u00edcias. Anteriormente, trabalhou cobrindo economia e cotidiano no ND+ e para o ND, maior jornal impresso de Santa Catarina. Cursou um semestre letivo de Estudos de M\u00eddia na Universidad de Buenos Aires.\",\"url\":\"https:\/\/www.suno.com.br\/noticias\/author\/eduardo-vargas\/\"}]}<\/script>\n<!-- \/ Yoast SEO plugin. -->","yoast_head_json":{"title":"'Bra\u00e7o da Shein': Coteminas atrasa sal\u00e1rios e demite em MG","description":"Nos tribunais em meados de julho, o MPT recomendou que a Coteminas, bra\u00e7o da Shein no Brasil, n\u00e3o seguisse com a demiss\u00e3o em massa em SC","robots":{"index":"index","follow":"follow","max-snippet":"max-snippet:-1","max-image-preview":"max-image-preview:large","max-video-preview":"max-video-preview:-1"},"canonical":"https:\/\/www.suno.com.br\/noticias\/braco-shein-coteminas-atrasa-salarios-demite-mg\/","og_locale":"pt_BR","og_type":"article","og_title":"'Bra\u00e7o da Shein': Coteminas atrasa sal\u00e1rios e demite em MG","og_description":"Nos tribunais em meados de julho, o MPT recomendou que a Coteminas, bra\u00e7o da Shein no Brasil, n\u00e3o seguisse com a demiss\u00e3o em massa em SC","og_url":"https:\/\/www.suno.com.br\/noticias\/braco-shein-coteminas-atrasa-salarios-demite-mg\/","og_site_name":"Suno Not\u00edcias","article_publisher":"https:\/\/facebook.com\/sunoresearch","og_image":[{"width":2048,"height":1365,"url":"https:\/\/files.sunoresearch.com.br\/n\/uploads\/2022\/02\/Shein.jpg","type":"image\/jpeg"}],"author":"Eduardo Vargas","twitter_card":"summary_large_image","twitter_creator":"@sunoresearch","twitter_site":"@sunoresearch","twitter_misc":{"Escrito por":"Eduardo Vargas","Est. tempo de leitura":"3 minutos"},"schema":{"@context":"https:\/\/schema.org","@graph":[{"@type":"NewsArticle","@id":"https:\/\/www.suno.com.br\/noticias\/braco-shein-coteminas-atrasa-salarios-demite-mg\/#article","isPartOf":{"@id":"https:\/\/www.suno.com.br\/noticias\/braco-shein-coteminas-atrasa-salarios-demite-mg\/"},"author":{"name":"Eduardo Vargas","@id":"https:\/\/www.suno.com.br\/noticias\/#\/schema\/person\/7f4d362bf3518e76090143ae77bb49a5"},"headline":"&#8216;Bra\u00e7o da Shein&#8217;: Coteminas (CTNM4) atrasa sal\u00e1rios e demite em MG, segundo sindicato","datePublished":"2023-08-18T23:51:10+00:00","dateModified":"2023-08-19T00:40:20+00:00","mainEntityOfPage":{"@id":"https:\/\/www.suno.com.br\/noticias\/braco-shein-coteminas-atrasa-salarios-demite-mg\/"},"wordCount":498,"publisher":{"@id":"https:\/\/www.suno.com.br\/noticias\/#organization"},"image":{"@id":"https:\/\/www.suno.com.br\/noticias\/braco-shein-coteminas-atrasa-salarios-demite-mg\/#primaryimage"},"thumbnailUrl":"https:\/\/files.sunoresearch.com.br\/n\/uploads\/2022\/02\/Shein.jpg","keywords":["varejo"],"articleSection":["Neg\u00f3cios"],"inLanguage":"pt-BR"},{"@type":"WebPage","@id":"https:\/\/www.suno.com.br\/noticias\/braco-shein-coteminas-atrasa-salarios-demite-mg\/","url":"https:\/\/www.suno.com.br\/noticias\/braco-shein-coteminas-atrasa-salarios-demite-mg\/","name":"'Bra\u00e7o da Shein': Coteminas atrasa sal\u00e1rios e demite em MG","isPartOf":{"@id":"https:\/\/www.suno.com.br\/noticias\/#website"},"primaryImageOfPage":{"@id":"https:\/\/www.suno.com.br\/noticias\/braco-shein-coteminas-atrasa-salarios-demite-mg\/#primaryimage"},"image":{"@id":"https:\/\/www.suno.com.br\/noticias\/braco-shein-coteminas-atrasa-salarios-demite-mg\/#primaryimage"},"thumbnailUrl":"https:\/\/files.sunoresearch.com.br\/n\/uploads\/2022\/02\/Shein.jpg","datePublished":"2023-08-18T23:51:10+00:00","dateModified":"2023-08-19T00:40:20+00:00","description":"Nos tribunais em meados de julho, o MPT recomendou que a Coteminas, bra\u00e7o da Shein no Brasil, n\u00e3o seguisse com a demiss\u00e3o em massa em SC","breadcrumb":{"@id":"https:\/\/www.suno.com.br\/noticias\/braco-shein-coteminas-atrasa-salarios-demite-mg\/#breadcrumb"},"inLanguage":"pt-BR","potentialAction":[{"@type":"ReadAction","target":["https:\/\/www.suno.com.br\/noticias\/braco-shein-coteminas-atrasa-salarios-demite-mg\/"]}]},{"@type":"ImageObject","inLanguage":"pt-BR","@id":"https:\/\/www.suno.com.br\/noticias\/braco-shein-coteminas-atrasa-salarios-demite-mg\/#primaryimage","url":"https:\/\/files.sunoresearch.com.br\/n\/uploads\/2022\/02\/Shein.jpg","contentUrl":"https:\/\/files.sunoresearch.com.br\/n\/uploads\/2022\/02\/Shein.jpg","width":2048,"height":1365,"caption":"Loja Shein. Foto: Reprodu\u00e7\u00e3o\/ Facebook Shein"},{"@type":"BreadcrumbList","@id":"https:\/\/www.suno.com.br\/noticias\/braco-shein-coteminas-atrasa-salarios-demite-mg\/#breadcrumb","itemListElement":[{"@type":"ListItem","position":1,"name":"Not\u00edcias","item":"https:\/\/www.suno.com.br\/noticias\/"},{"@type":"ListItem","position":2,"name":"Neg\u00f3cios","item":"https:\/\/www.suno.com.br\/noticias\/negocios\/"},{"@type":"ListItem","position":3,"name":"&#8216;Bra\u00e7o da Shein&#8217;: Coteminas (CTNM4) atrasa sal\u00e1rios e demite em MG, segundo sindicato"}]},{"@type":"WebSite","@id":"https:\/\/www.suno.com.br\/noticias\/#website","url":"https:\/\/www.suno.com.br\/noticias\/","name":"Suno Not\u00edcias","description":"Seu portal de informa\u00e7\u00e3o sobre o mundo dos investimentos","publisher":{"@id":"https:\/\/www.suno.com.br\/noticias\/#organization"},"potentialAction":[{"@type":"SearchAction","target":{"@type":"EntryPoint","urlTemplate":"https:\/\/www.suno.com.br\/noticias\/?s={search_term_string}"},"query-input":{"@type":"PropertyValueSpecification","valueRequired":true,"valueName":"search_term_string"}}],"inLanguage":"pt-BR"},{"@type":"Organization","@id":"https:\/\/www.suno.com.br\/noticias\/#organization","name":"Suno Not\u00edcias","url":"https:\/\/www.suno.com.br\/noticias\/","logo":{"@type":"ImageObject","inLanguage":"pt-BR","@id":"https:\/\/www.suno.com.br\/noticias\/#\/schema\/logo\/image\/","url":"https:\/\/files.sunoresearch.com.br\/n\/uploads\/2021\/09\/suno-logo.png","contentUrl":"https:\/\/files.sunoresearch.com.br\/n\/uploads\/2021\/09\/suno-logo.png","width":180,"height":180,"caption":"Suno Not\u00edcias"},"image":{"@id":"https:\/\/www.suno.com.br\/noticias\/#\/schema\/logo\/image\/"},"sameAs":["https:\/\/facebook.com\/sunoresearch","https:\/\/x.com\/sunoresearch","https:\/\/www.instagram.com\/suno","https:\/\/www.linkedin.com\/company\/suno-research\/","https:\/\/www.youtube.com\/c\/sunoresearch"]},{"@type":"Person","@id":"https:\/\/www.suno.com.br\/noticias\/#\/schema\/person\/7f4d362bf3518e76090143ae77bb49a5","name":"Eduardo Vargas","image":{"@type":"ImageObject","inLanguage":"pt-BR","@id":"https:\/\/www.suno.com.br\/noticias\/#\/schema\/person\/image\/","url":"https:\/\/secure.gravatar.com\/avatar\/dac340933427a22924c9f99d1eb2e3f2?s=96&r=g","contentUrl":"https:\/\/secure.gravatar.com\/avatar\/dac340933427a22924c9f99d1eb2e3f2?s=96&r=g","caption":"Eduardo Vargas"},"description":"Jornalista formado pela UFSC, cobre macroeconomia, neg\u00f3cios e startups para o Suno Not\u00edcias, escrevendo principalmente not\u00edcias sobre o mercado financeiro e a bolsa de valores. No YouTube e no Instagram, \u00e9 respons\u00e1vel pela produ\u00e7\u00e3o de Reels e Shorts do Suno Not\u00edcias. Anteriormente, trabalhou cobrindo economia e cotidiano no ND+ e para o ND, maior jornal impresso de Santa Catarina. Cursou um semestre letivo de Estudos de M\u00eddia na Universidad de Buenos Aires.","url":"https:\/\/www.suno.com.br\/noticias\/author\/eduardo-vargas\/"}]}},"default_loop_html":"<div class=\"cardsPage__listCard__boxs\"><div class=\"cardsPage__listCard__boxs__img\"><a href=\"https:\/\/www.suno.com.br\/noticias\/braco-shein-coteminas-atrasa-salarios-demite-mg\/\"><img class=\"mask\" src=\"https:\/\/www.suno.com.br\/noticias\/wp-content\/themes\/suno\/resources\/images\/spotlight\/spotlight1img\/bg-mask.png\" alt=\"Image Mask\"\/><img src=\"https:\/\/files.sunoresearch.com.br\/n\/uploads\/2022\/02\/Shein-400x200.jpg\" alt=\"&#8216;Bra\u00e7o da Shein&#8217;: Coteminas (CTNM4) atrasa sal\u00e1rios e demite em MG, segundo sindicato\"\/><\/a><span class=\"spotlightCategory\"><a href=\"https:\/\/www.suno.com.br\/noticias\/negocios\/\">Neg\u00f3cios<\/a><\/span><\/div><div class=\"cardsPage__listCard__boxs__content\"><a href=\"https:\/\/www.suno.com.br\/noticias\/braco-shein-coteminas-atrasa-salarios-demite-mg\/\"><h2 class=\"content__title\">&#8216;Bra\u00e7o da Shein&#8217;: Coteminas (CTNM4) atrasa sal\u00e1rios e demite em MG, segundo sindicato<\/h2><\/a><div class=\"newsContent__article__meta\"><div class=\"newsContent__article__meta__authorBox\"><a href=\"https:\/\/www.suno.com.br\/noticias\/author\/eduardo-vargas\/\" class=\"authorBox__avatar noMobi\"><img src=\"https:\/\/secure.gravatar.com\/avatar\/dac340933427a22924c9f99d1eb2e3f2?s=96&#038;r=g\" alt=\"Eduardo Vargas\"><\/a><div class=\"authorBox__name\"><span>por\n\t\t\t<a href=\"https:\/\/www.suno.com.br\/noticias\/author\/eduardo-vargas\/\"><span itemprop=\"author\">Eduardo Vargas<\/span><\/a><\/span><time datetime=\"2023-08-18T20:51:10-03:00\" itemprop=\"datePublished\">18\/08\/2023 20:51<\/time><\/div><\/div><\/div><\/div><\/div>","single_layout":"posts","amp_enabled":true,"_links":{"self":[{"href":"https:\/\/www.suno.com.br\/noticias\/wp-json\/wp\/v2\/posts\/444856"}],"collection":[{"href":"https:\/\/www.suno.com.br\/noticias\/wp-json\/wp\/v2\/posts"}],"about":[{"href":"https:\/\/www.suno.com.br\/noticias\/wp-json\/wp\/v2\/types\/post"}],"author":[{"embeddable":true,"href":"https:\/\/www.suno.com.br\/noticias\/wp-json\/wp\/v2\/users\/73"}],"replies":[{"embeddable":true,"href":"https:\/\/www.suno.com.br\/noticias\/wp-json\/wp\/v2\/comments?post=444856"}],"version-history":[{"count":2,"href":"https:\/\/www.suno.com.br\/noticias\/wp-json\/wp\/v2\/posts\/444856\/revisions"}],"predecessor-version":[{"id":444893,"href":"https:\/\/www.suno.com.br\/noticias\/wp-json\/wp\/v2\/posts\/444856\/revisions\/444893"}],"wp:featuredmedia":[{"embeddable":true,"href":"https:\/\/www.suno.com.br\/noticias\/wp-json\/wp\/v2\/media\/234056"}],"wp:attachment":[{"href":"https:\/\/www.suno.com.br\/noticias\/wp-json\/wp\/v2\/media?parent=444856"}],"wp:term":[{"taxonomy":"category","embeddable":true,"href":"https:\/\/www.suno.com.br\/noticias\/wp-json\/wp\/v2\/categories?post=444856"},{"taxonomy":"post_tag","embeddable":true,"href":"https:\/\/www.suno.com.br\/noticias\/wp-json\/wp\/v2\/tags?post=444856"},{"taxonomy":"suno_strategy","embeddable":true,"href":"https:\/\/www.suno.com.br\/noticias\/wp-json\/wp\/v2\/suno_strategy?post=444856"}],"curies":[{"name":"wp","href":"https:\/\/api.w.org\/{rel}","templated":true}]}}