{"id":44460,"date":"2019-11-11T19:05:45","date_gmt":"2019-11-11T21:05:45","guid":{"rendered":"https:\/\/www.suno.com.br\/noticias\/?p=44460"},"modified":"2019-11-11T19:06:46","modified_gmt":"2019-11-11T21:06:46","slug":"crises-bolivia-chile-nao-impactarao-economias-regionais-fmi","status":"publish","type":"post","link":"https:\/\/www.suno.com.br\/noticias\/crises-bolivia-chile-nao-impactarao-economias-regionais-fmi\/","title":{"rendered":"Crises na Bol\u00edvia e no Chile n\u00e3o impactar\u00e3o economias regionais, diz FMI"},"content":{"rendered":"<p>O chefe de divis\u00e3o de estudos regionais do Hemisf\u00e9rio Ocidental do <a href=\"https:\/\/www.suno.com.br\/artigos\/fmi\/\">Fundo Monet\u00e1rio Internacional (FMI)<\/a>, Jorge Roldos, afirmou, nesta segunda-feira (11), que as turbul\u00eancias pol\u00edticas no <strong>Chile<\/strong> e na <strong>Bol\u00edvia<\/strong> podem n\u00e3o gerar consequ\u00eancias para os outros pa\u00edses da regi\u00e3o.<\/p>\t<div class=\"wrapper-featured-image\">\n\t\t<figure class=\"spotlightImg\">\n\n\t\t\t<picture>\n\t\t\t\t<source media=\"(max-width: 768px)\" srcset=\"https:\/\/files.sunoresearch.com.br\/n\/uploads\/2019\/10\/b98fa605-fmi-400x200.webp\">\n\t\t\t\t<img loading=\"lazy\" decoding=\"async\" class=\"newsContent__article__imgCapa lazyloadDisabled newsContent__article__imgCapa--noCaption\" src=\"https:\/\/files.sunoresearch.com.br\/n\/uploads\/2019\/10\/b98fa605-fmi-800x450.webp\" width=\"800\" height=\"450\" alt=\"Crises na Bol\u00edvia e no Chile n\u00e3o impactar\u00e3o economias regionais, diz FMI\" fetchpriority=high \/>\n\t\t\t<\/picture>\n\n\t\t\t<figcaption class=\"wp-caption-text wp-caption-text--hide\">FMI revisou para cima proje\u00e7\u00e3o do PIB brasileiro -  Foto: reprodu\u00e7\u00e3o<\/figcaption>\n\t\t<\/figure>\n\t<\/div>\n\n\n\n<p>No entanto, de acordo com o chefe de estudos regionais do <strong>FMI<\/strong>, as crises trar\u00e3o impactos negativos para o desempenho econ\u00f4mico tanto da Bol\u00edvia quanto do Chile.<\/p>\n<p>\u201cEsses eventos podem ter impacto regional, mas n\u00e3o ser\u00e1 significativo. N\u00e3o s\u00e3o pa\u00edses com grandes transa\u00e7\u00f5es comerciais com outros pa\u00edses da regi\u00e3o e t\u00eam economias pequenas\u201d, afirmou <strong>Roldos<\/strong>.<\/p>\n<h2>Altera\u00e7\u00e3o da previs\u00e3o de crescimento do PIB<\/h2>\n<p>O chefe de estudos regionais afirmou ainda que as turbul\u00eancias far\u00e3o com que a autoridade monet\u00e1ria tenha que atualizar as previs\u00f5es de <a href=\"https:\/\/www.suno.com.br\/artigos\/o-produto-interno-bruto-pib\/\">Produto Interno Bruto\u00a0(<strong>PIB<\/strong>)<\/a> destes pa\u00edses.<\/p>\n<p>No relat\u00f3rio de proje\u00e7\u00f5es divulgado no m\u00eas passado, a estimativa de crescimento para a economia chilena era de 2,5% neste ano e 3% em 2020. O FMI apontou a \u201cpostura expansionista da pol\u00edtica monet\u00e1ria e pacote de medidas fiscais&#8221; como causas para o crescimento.<\/p>\n<p><a href=\"https:\/\/www.suno.com.br\/noticias\/chile-cancela-encontro-da-apec-era-esperado-um-acordo-para-a-guerra-comercial\/\">Saiba mais: Chile cancela encontro da APEC; era esperado um acordo para a guerra comercial<\/a><\/p>\n<p>\u201cNo Chile, est\u00e1 havendo uma desacelera\u00e7\u00e3o econ\u00f4mica que deve afetar o quarto trimestre. A extens\u00e3o disso depender\u00e1 do que os pol\u00edticos v\u00e3o fazer\u201d, salientou Roldos.<\/p>\n<p>Por outro lado, Roldos afirmou que ainda \u00e9 muito cedo para analisar os impactos da ren\u00fancia do ex-presidente <strong>Evo Morales<\/strong> para o avan\u00e7o econ\u00f4mico. \u201cNossa equipe local precisar\u00e1 acompanhar os desdobramentos para uma avalia\u00e7\u00e3o desses impactos para pr\u00f3ximo relat\u00f3rio\u201d, afirmou.<\/p>\n<p>A proje\u00e7\u00e3o de outubro da autoridade monet\u00e1ria previa crescimento de 3,9% da economia boliviana neste ano, por conta de uma pol\u00edtica fiscal expansionista. Entretanto, as elei\u00e7\u00f5es j\u00e1 foram abordadas como um fator de risco importante para alterar previs\u00f5es futuras.<\/p>\n<h2>Estimativa do FMI para a Argentina<\/h2>\n<p>O chefe do <strong>FMI<\/strong> falou ainda sobre a previs\u00e3o para o avan\u00e7o do PIB da <strong>Argentina<\/strong>. Segundo Roldos, o crescimento da economia argentina pode passar por altera\u00e7\u00f5es por conta das medidas que ser\u00e3o adotadas por Alberto Fern\u00e1ndez, que foi eleito presidente no m\u00eas passado.<\/p>\n\t<p>\n\t\t<a href=\"https:\/\/www.suno.com.br\/wealth\/\" target=\"_blank\" data-element=\"shortcode-suno-banner\" title=\"Banner SUNO, clique e saiba mais\">\n\t\t\t<picture>\n\t\t\t\t<source media=\"(max-width: 500px)\" srcset=\"https:\/\/files.sunoresearch.com.br\/n\/uploads\/2024\/01\/400x300-Mobile-WEALTH.png\">\n\t\t\t\t<img class=\"newsContent__article__imgCapa newsContent__article__imgCapa--banner\"\n\t\t\t\t\tsrc=\"https:\/\/files.sunoresearch.com.br\/n\/uploads\/2024\/01\/1420x240-Banner-Artigos-1-_-Banner-Materias-1-6.png\"\n\t\t\t\t\tdata-promo-id=\"512147\"\t\t\t\t\t\t\t\t\t\twidth='1420' height='240'\t\t\t\t\talt=\"https:\/\/files.sunoresearch.com.br\/n\/uploads\/2024\/01\/1420x240-Banner-Artigos-1-_-Banner-Materias-1-6.png\"\n\t\t\t\t>\n\t\t\t<\/picture>\n\t\t<\/a>\n\t<\/p>\n\n\n<p>\u201cAs novas autoridades n\u00e3o expressaram pol\u00edticas espec\u00edficas que v\u00e3o adotar. Estamos dispostos a ajud\u00e1-los, mas ainda n\u00e3o ouvimos o que eles v\u00e3o fazer\u201d, afirmou o chefe de divis\u00e3o de estudos regionais.<\/p>\n<p>No \u00faltimo relat\u00f3rio divulgado, o <strong>FMI<\/strong> esperava retra\u00e7\u00e3o de 3,1% da economia da Argentina neste ano.<\/p>\n","protected":false},"excerpt":{"rendered":"<p>O chefe de divis\u00e3o de estudos regionais do Hemisf\u00e9rio Ocidental do Fundo Monet\u00e1rio Internacional (FMI), Jorge Roldos, afirmou, nesta segunda-feira (11), que as turbul\u00eancias pol\u00edticas no Chile e na Bol\u00edvia podem n\u00e3o gerar consequ\u00eancias para os outros pa\u00edses da regi\u00e3o. FMI revisou para cima proje\u00e7\u00e3o do PIB brasileiro &#8211; Foto: reprodu\u00e7\u00e3o No entanto, de acordo [&hellip;]<\/p>\n","protected":false},"author":18,"featured_media":41128,"comment_status":"closed","ping_status":"closed","sticky":false,"template":"","format":"standard","meta":[],"categories":[63],"tags":[806],"suno_strategy":[],"class_list":["post-44460","post","type-post","status-publish","format-standard","has-post-thumbnail","hentry","category-internacional","tag-fundo-monetario-internacional-fmi"],"yoast_head":"<!-- This site is optimized with the Yoast SEO plugin v24.4 - https:\/\/yoast.com\/wordpress\/plugins\/seo\/ -->\n<title>Crises na Bol\u00edvia e no Chile n\u00e3o impactar\u00e3o economias regionais, diz FMI<\/title>\n<meta name=\"description\" content=\"Jorge Roldos, do FMI, afirmou que as crises no Chile e na Bol\u00edvia n\u00e3o impactar\u00e3o as economias regionais. Clique para saber mais.\" \/>\n<meta name=\"robots\" content=\"index, follow, max-snippet:-1, max-image-preview:large, max-video-preview:-1\" \/>\n<link rel=\"canonical\" href=\"https:\/\/www.suno.com.br\/noticias\/crises-bolivia-chile-nao-impactarao-economias-regionais-fmi\/\" \/>\n<meta property=\"og:locale\" content=\"pt_BR\" \/>\n<meta property=\"og:type\" content=\"article\" \/>\n<meta property=\"og:title\" content=\"Crises na Bol\u00edvia e no Chile n\u00e3o impactar\u00e3o economias regionais, diz FMI\" \/>\n<meta property=\"og:description\" content=\"Jorge Roldos, do FMI, afirmou que as crises no Chile e na Bol\u00edvia n\u00e3o impactar\u00e3o as economias regionais. Clique para saber mais.\" \/>\n<meta property=\"og:url\" content=\"https:\/\/www.suno.com.br\/noticias\/crises-bolivia-chile-nao-impactarao-economias-regionais-fmi\/\" \/>\n<meta property=\"og:site_name\" content=\"Suno Not\u00edcias\" \/>\n<meta property=\"article:publisher\" content=\"https:\/\/facebook.com\/sunoresearch\" \/>\n<meta property=\"og:image\" content=\"https:\/\/files.sunoresearch.com.br\/n\/uploads\/2019\/10\/b98fa605-fmi.jpg\" \/>\n\t<meta property=\"og:image:width\" content=\"1520\" \/>\n\t<meta property=\"og:image:height\" content=\"855\" \/>\n\t<meta property=\"og:image:type\" content=\"image\/jpeg\" \/>\n<meta name=\"author\" content=\"Giovanna Oliveira\" \/>\n<meta name=\"twitter:card\" content=\"summary_large_image\" \/>\n<meta name=\"twitter:creator\" content=\"@sunoresearch\" \/>\n<meta name=\"twitter:site\" content=\"@sunoresearch\" \/>\n<meta name=\"twitter:label1\" content=\"Escrito por\" \/>\n\t<meta name=\"twitter:data1\" content=\"Giovanna Oliveira\" \/>\n\t<meta name=\"twitter:label2\" content=\"Est. tempo de leitura\" \/>\n\t<meta name=\"twitter:data2\" content=\"2 minutos\" \/>\n<script type=\"application\/ld+json\" class=\"yoast-schema-graph\">{\"@context\":\"https:\/\/schema.org\",\"@graph\":[{\"@type\":\"NewsArticle\",\"@id\":\"https:\/\/www.suno.com.br\/noticias\/crises-bolivia-chile-nao-impactarao-economias-regionais-fmi\/#article\",\"isPartOf\":{\"@id\":\"https:\/\/www.suno.com.br\/noticias\/crises-bolivia-chile-nao-impactarao-economias-regionais-fmi\/\"},\"author\":{\"name\":\"Giovanna Oliveira\",\"@id\":\"https:\/\/www.suno.com.br\/noticias\/#\/schema\/person\/4e19e3d2575736e5283d58eb3199d120\"},\"headline\":\"Crises na Bol\u00edvia e no Chile n\u00e3o impactar\u00e3o economias regionais, diz FMI\",\"datePublished\":\"2019-11-11T21:05:45+00:00\",\"dateModified\":\"2019-11-11T21:06:46+00:00\",\"mainEntityOfPage\":{\"@id\":\"https:\/\/www.suno.com.br\/noticias\/crises-bolivia-chile-nao-impactarao-economias-regionais-fmi\/\"},\"wordCount\":468,\"publisher\":{\"@id\":\"https:\/\/www.suno.com.br\/noticias\/#organization\"},\"image\":{\"@id\":\"https:\/\/www.suno.com.br\/noticias\/crises-bolivia-chile-nao-impactarao-economias-regionais-fmi\/#primaryimage\"},\"thumbnailUrl\":\"https:\/\/files.sunoresearch.com.br\/n\/uploads\/2019\/10\/b98fa605-fmi-jpg.webp\",\"keywords\":[\"Fundo Monet\u00e1rio Internacional (FMI)\"],\"articleSection\":[\"Internacional\"],\"inLanguage\":\"pt-BR\"},{\"@type\":\"WebPage\",\"@id\":\"https:\/\/www.suno.com.br\/noticias\/crises-bolivia-chile-nao-impactarao-economias-regionais-fmi\/\",\"url\":\"https:\/\/www.suno.com.br\/noticias\/crises-bolivia-chile-nao-impactarao-economias-regionais-fmi\/\",\"name\":\"Crises na Bol\u00edvia e no Chile n\u00e3o impactar\u00e3o economias regionais, diz FMI\",\"isPartOf\":{\"@id\":\"https:\/\/www.suno.com.br\/noticias\/#website\"},\"primaryImageOfPage\":{\"@id\":\"https:\/\/www.suno.com.br\/noticias\/crises-bolivia-chile-nao-impactarao-economias-regionais-fmi\/#primaryimage\"},\"image\":{\"@id\":\"https:\/\/www.suno.com.br\/noticias\/crises-bolivia-chile-nao-impactarao-economias-regionais-fmi\/#primaryimage\"},\"thumbnailUrl\":\"https:\/\/files.sunoresearch.com.br\/n\/uploads\/2019\/10\/b98fa605-fmi-jpg.webp\",\"datePublished\":\"2019-11-11T21:05:45+00:00\",\"dateModified\":\"2019-11-11T21:06:46+00:00\",\"description\":\"Jorge Roldos, do FMI, afirmou que as crises no Chile e na Bol\u00edvia n\u00e3o impactar\u00e3o as economias regionais. Clique para saber mais.\",\"breadcrumb\":{\"@id\":\"https:\/\/www.suno.com.br\/noticias\/crises-bolivia-chile-nao-impactarao-economias-regionais-fmi\/#breadcrumb\"},\"inLanguage\":\"pt-BR\",\"potentialAction\":[{\"@type\":\"ReadAction\",\"target\":[\"https:\/\/www.suno.com.br\/noticias\/crises-bolivia-chile-nao-impactarao-economias-regionais-fmi\/\"]}]},{\"@type\":\"ImageObject\",\"inLanguage\":\"pt-BR\",\"@id\":\"https:\/\/www.suno.com.br\/noticias\/crises-bolivia-chile-nao-impactarao-economias-regionais-fmi\/#primaryimage\",\"url\":\"https:\/\/files.sunoresearch.com.br\/n\/uploads\/2019\/10\/b98fa605-fmi-jpg.webp\",\"contentUrl\":\"https:\/\/files.sunoresearch.com.br\/n\/uploads\/2019\/10\/b98fa605-fmi-jpg.webp\",\"width\":1520,\"height\":855,\"caption\":\"FMI revisou para cima proje\u00e7\u00e3o do PIB brasileiro - Foto: reprodu\u00e7\u00e3o\"},{\"@type\":\"BreadcrumbList\",\"@id\":\"https:\/\/www.suno.com.br\/noticias\/crises-bolivia-chile-nao-impactarao-economias-regionais-fmi\/#breadcrumb\",\"itemListElement\":[{\"@type\":\"ListItem\",\"position\":1,\"name\":\"Not\u00edcias\",\"item\":\"https:\/\/www.suno.com.br\/noticias\/\"},{\"@type\":\"ListItem\",\"position\":2,\"name\":\"Internacional\",\"item\":\"https:\/\/www.suno.com.br\/noticias\/internacional\/\"},{\"@type\":\"ListItem\",\"position\":3,\"name\":\"Crises na Bol\u00edvia e no Chile n\u00e3o impactar\u00e3o economias regionais, diz FMI\"}]},{\"@type\":\"WebSite\",\"@id\":\"https:\/\/www.suno.com.br\/noticias\/#website\",\"url\":\"https:\/\/www.suno.com.br\/noticias\/\",\"name\":\"Suno Not\u00edcias\",\"description\":\"Seu portal de informa\u00e7\u00e3o sobre o mundo dos investimentos\",\"publisher\":{\"@id\":\"https:\/\/www.suno.com.br\/noticias\/#organization\"},\"potentialAction\":[{\"@type\":\"SearchAction\",\"target\":{\"@type\":\"EntryPoint\",\"urlTemplate\":\"https:\/\/www.suno.com.br\/noticias\/?s={search_term_string}\"},\"query-input\":{\"@type\":\"PropertyValueSpecification\",\"valueRequired\":true,\"valueName\":\"search_term_string\"}}],\"inLanguage\":\"pt-BR\"},{\"@type\":\"Organization\",\"@id\":\"https:\/\/www.suno.com.br\/noticias\/#organization\",\"name\":\"Suno Not\u00edcias\",\"url\":\"https:\/\/www.suno.com.br\/noticias\/\",\"logo\":{\"@type\":\"ImageObject\",\"inLanguage\":\"pt-BR\",\"@id\":\"https:\/\/www.suno.com.br\/noticias\/#\/schema\/logo\/image\/\",\"url\":\"https:\/\/files.sunoresearch.com.br\/n\/uploads\/2021\/09\/suno-logo.png\",\"contentUrl\":\"https:\/\/files.sunoresearch.com.br\/n\/uploads\/2021\/09\/suno-logo.png\",\"width\":180,\"height\":180,\"caption\":\"Suno Not\u00edcias\"},\"image\":{\"@id\":\"https:\/\/www.suno.com.br\/noticias\/#\/schema\/logo\/image\/\"},\"sameAs\":[\"https:\/\/facebook.com\/sunoresearch\",\"https:\/\/x.com\/sunoresearch\",\"https:\/\/www.instagram.com\/suno\",\"https:\/\/www.linkedin.com\/company\/suno-research\/\",\"https:\/\/www.youtube.com\/c\/sunoresearch\"]},{\"@type\":\"Person\",\"@id\":\"https:\/\/www.suno.com.br\/noticias\/#\/schema\/person\/4e19e3d2575736e5283d58eb3199d120\",\"name\":\"Giovanna Oliveira\",\"image\":{\"@type\":\"ImageObject\",\"inLanguage\":\"pt-BR\",\"@id\":\"https:\/\/www.suno.com.br\/noticias\/#\/schema\/person\/image\/\",\"url\":\"https:\/\/secure.gravatar.com\/avatar\/9a37b3ae208962ac568992d0ffdbc2eb?s=96&r=g\",\"contentUrl\":\"https:\/\/secure.gravatar.com\/avatar\/9a37b3ae208962ac568992d0ffdbc2eb?s=96&r=g\",\"caption\":\"Giovanna Oliveira\"},\"description\":\"Giovanna Oliveira escreve sobre economia e pol\u00edtica. Foi rep\u00f3rter do portal de jornalismo da ESPM-SP e produziu conte\u00fado para a Corinthians TV. \u00c9 estudante da ESPM.\",\"url\":\"https:\/\/www.suno.com.br\/noticias\/author\/giovanna\/\"}]}<\/script>\n<!-- \/ Yoast SEO plugin. -->","yoast_head_json":{"title":"Crises na Bol\u00edvia e no Chile n\u00e3o impactar\u00e3o economias regionais, diz FMI","description":"Jorge Roldos, do FMI, afirmou que as crises no Chile e na Bol\u00edvia n\u00e3o impactar\u00e3o as economias regionais. Clique para saber mais.","robots":{"index":"index","follow":"follow","max-snippet":"max-snippet:-1","max-image-preview":"max-image-preview:large","max-video-preview":"max-video-preview:-1"},"canonical":"https:\/\/www.suno.com.br\/noticias\/crises-bolivia-chile-nao-impactarao-economias-regionais-fmi\/","og_locale":"pt_BR","og_type":"article","og_title":"Crises na Bol\u00edvia e no Chile n\u00e3o impactar\u00e3o economias regionais, diz FMI","og_description":"Jorge Roldos, do FMI, afirmou que as crises no Chile e na Bol\u00edvia n\u00e3o impactar\u00e3o as economias regionais. Clique para saber mais.","og_url":"https:\/\/www.suno.com.br\/noticias\/crises-bolivia-chile-nao-impactarao-economias-regionais-fmi\/","og_site_name":"Suno Not\u00edcias","article_publisher":"https:\/\/facebook.com\/sunoresearch","og_image":[{"width":1520,"height":855,"url":"https:\/\/files.sunoresearch.com.br\/n\/uploads\/2019\/10\/b98fa605-fmi.jpg","type":"image\/jpeg"}],"author":"Giovanna Oliveira","twitter_card":"summary_large_image","twitter_creator":"@sunoresearch","twitter_site":"@sunoresearch","twitter_misc":{"Escrito por":"Giovanna Oliveira","Est. tempo de leitura":"2 minutos"},"schema":{"@context":"https:\/\/schema.org","@graph":[{"@type":"NewsArticle","@id":"https:\/\/www.suno.com.br\/noticias\/crises-bolivia-chile-nao-impactarao-economias-regionais-fmi\/#article","isPartOf":{"@id":"https:\/\/www.suno.com.br\/noticias\/crises-bolivia-chile-nao-impactarao-economias-regionais-fmi\/"},"author":{"name":"Giovanna Oliveira","@id":"https:\/\/www.suno.com.br\/noticias\/#\/schema\/person\/4e19e3d2575736e5283d58eb3199d120"},"headline":"Crises na Bol\u00edvia e no Chile n\u00e3o impactar\u00e3o economias regionais, diz FMI","datePublished":"2019-11-11T21:05:45+00:00","dateModified":"2019-11-11T21:06:46+00:00","mainEntityOfPage":{"@id":"https:\/\/www.suno.com.br\/noticias\/crises-bolivia-chile-nao-impactarao-economias-regionais-fmi\/"},"wordCount":468,"publisher":{"@id":"https:\/\/www.suno.com.br\/noticias\/#organization"},"image":{"@id":"https:\/\/www.suno.com.br\/noticias\/crises-bolivia-chile-nao-impactarao-economias-regionais-fmi\/#primaryimage"},"thumbnailUrl":"https:\/\/files.sunoresearch.com.br\/n\/uploads\/2019\/10\/b98fa605-fmi-jpg.webp","keywords":["Fundo Monet\u00e1rio Internacional (FMI)"],"articleSection":["Internacional"],"inLanguage":"pt-BR"},{"@type":"WebPage","@id":"https:\/\/www.suno.com.br\/noticias\/crises-bolivia-chile-nao-impactarao-economias-regionais-fmi\/","url":"https:\/\/www.suno.com.br\/noticias\/crises-bolivia-chile-nao-impactarao-economias-regionais-fmi\/","name":"Crises na Bol\u00edvia e no Chile n\u00e3o impactar\u00e3o economias regionais, diz FMI","isPartOf":{"@id":"https:\/\/www.suno.com.br\/noticias\/#website"},"primaryImageOfPage":{"@id":"https:\/\/www.suno.com.br\/noticias\/crises-bolivia-chile-nao-impactarao-economias-regionais-fmi\/#primaryimage"},"image":{"@id":"https:\/\/www.suno.com.br\/noticias\/crises-bolivia-chile-nao-impactarao-economias-regionais-fmi\/#primaryimage"},"thumbnailUrl":"https:\/\/files.sunoresearch.com.br\/n\/uploads\/2019\/10\/b98fa605-fmi-jpg.webp","datePublished":"2019-11-11T21:05:45+00:00","dateModified":"2019-11-11T21:06:46+00:00","description":"Jorge Roldos, do FMI, afirmou que as crises no Chile e na Bol\u00edvia n\u00e3o impactar\u00e3o as economias regionais. Clique para saber mais.","breadcrumb":{"@id":"https:\/\/www.suno.com.br\/noticias\/crises-bolivia-chile-nao-impactarao-economias-regionais-fmi\/#breadcrumb"},"inLanguage":"pt-BR","potentialAction":[{"@type":"ReadAction","target":["https:\/\/www.suno.com.br\/noticias\/crises-bolivia-chile-nao-impactarao-economias-regionais-fmi\/"]}]},{"@type":"ImageObject","inLanguage":"pt-BR","@id":"https:\/\/www.suno.com.br\/noticias\/crises-bolivia-chile-nao-impactarao-economias-regionais-fmi\/#primaryimage","url":"https:\/\/files.sunoresearch.com.br\/n\/uploads\/2019\/10\/b98fa605-fmi-jpg.webp","contentUrl":"https:\/\/files.sunoresearch.com.br\/n\/uploads\/2019\/10\/b98fa605-fmi-jpg.webp","width":1520,"height":855,"caption":"FMI revisou para cima proje\u00e7\u00e3o do PIB brasileiro - Foto: reprodu\u00e7\u00e3o"},{"@type":"BreadcrumbList","@id":"https:\/\/www.suno.com.br\/noticias\/crises-bolivia-chile-nao-impactarao-economias-regionais-fmi\/#breadcrumb","itemListElement":[{"@type":"ListItem","position":1,"name":"Not\u00edcias","item":"https:\/\/www.suno.com.br\/noticias\/"},{"@type":"ListItem","position":2,"name":"Internacional","item":"https:\/\/www.suno.com.br\/noticias\/internacional\/"},{"@type":"ListItem","position":3,"name":"Crises na Bol\u00edvia e no Chile n\u00e3o impactar\u00e3o economias regionais, diz FMI"}]},{"@type":"WebSite","@id":"https:\/\/www.suno.com.br\/noticias\/#website","url":"https:\/\/www.suno.com.br\/noticias\/","name":"Suno Not\u00edcias","description":"Seu portal de informa\u00e7\u00e3o sobre o mundo dos investimentos","publisher":{"@id":"https:\/\/www.suno.com.br\/noticias\/#organization"},"potentialAction":[{"@type":"SearchAction","target":{"@type":"EntryPoint","urlTemplate":"https:\/\/www.suno.com.br\/noticias\/?s={search_term_string}"},"query-input":{"@type":"PropertyValueSpecification","valueRequired":true,"valueName":"search_term_string"}}],"inLanguage":"pt-BR"},{"@type":"Organization","@id":"https:\/\/www.suno.com.br\/noticias\/#organization","name":"Suno Not\u00edcias","url":"https:\/\/www.suno.com.br\/noticias\/","logo":{"@type":"ImageObject","inLanguage":"pt-BR","@id":"https:\/\/www.suno.com.br\/noticias\/#\/schema\/logo\/image\/","url":"https:\/\/files.sunoresearch.com.br\/n\/uploads\/2021\/09\/suno-logo.png","contentUrl":"https:\/\/files.sunoresearch.com.br\/n\/uploads\/2021\/09\/suno-logo.png","width":180,"height":180,"caption":"Suno Not\u00edcias"},"image":{"@id":"https:\/\/www.suno.com.br\/noticias\/#\/schema\/logo\/image\/"},"sameAs":["https:\/\/facebook.com\/sunoresearch","https:\/\/x.com\/sunoresearch","https:\/\/www.instagram.com\/suno","https:\/\/www.linkedin.com\/company\/suno-research\/","https:\/\/www.youtube.com\/c\/sunoresearch"]},{"@type":"Person","@id":"https:\/\/www.suno.com.br\/noticias\/#\/schema\/person\/4e19e3d2575736e5283d58eb3199d120","name":"Giovanna Oliveira","image":{"@type":"ImageObject","inLanguage":"pt-BR","@id":"https:\/\/www.suno.com.br\/noticias\/#\/schema\/person\/image\/","url":"https:\/\/secure.gravatar.com\/avatar\/9a37b3ae208962ac568992d0ffdbc2eb?s=96&r=g","contentUrl":"https:\/\/secure.gravatar.com\/avatar\/9a37b3ae208962ac568992d0ffdbc2eb?s=96&r=g","caption":"Giovanna Oliveira"},"description":"Giovanna Oliveira escreve sobre economia e pol\u00edtica. Foi rep\u00f3rter do portal de jornalismo da ESPM-SP e produziu conte\u00fado para a Corinthians TV. \u00c9 estudante da ESPM.","url":"https:\/\/www.suno.com.br\/noticias\/author\/giovanna\/"}]}},"default_loop_html":"<div class=\"cardsPage__listCard__boxs\"><div class=\"cardsPage__listCard__boxs__img\"><a href=\"https:\/\/www.suno.com.br\/noticias\/crises-bolivia-chile-nao-impactarao-economias-regionais-fmi\/\"><img class=\"mask\" src=\"https:\/\/www.suno.com.br\/noticias\/wp-content\/themes\/suno\/resources\/images\/spotlight\/spotlight1img\/bg-mask.png\" alt=\"Image Mask\"\/><img src=\"https:\/\/files.sunoresearch.com.br\/n\/uploads\/2019\/10\/b98fa605-fmi-400x200.webp\" alt=\"Crises na Bol\u00edvia e no Chile n\u00e3o impactar\u00e3o economias regionais, diz FMI\"\/><\/a><span class=\"spotlightCategory\"><a href=\"https:\/\/www.suno.com.br\/noticias\/internacional\/\">Internacional<\/a><\/span><\/div><div class=\"cardsPage__listCard__boxs__content\"><a href=\"https:\/\/www.suno.com.br\/noticias\/crises-bolivia-chile-nao-impactarao-economias-regionais-fmi\/\"><h2 class=\"content__title\">Crises na Bol\u00edvia e no Chile n\u00e3o impactar\u00e3o economias regionais, diz FMI<\/h2><\/a><div class=\"newsContent__article__meta\"><div class=\"newsContent__article__meta__authorBox\"><a href=\"https:\/\/www.suno.com.br\/noticias\/author\/giovanna\/\" class=\"authorBox__avatar noMobi\"><img src=\"https:\/\/files.sunoresearch.com.br\/n\/uploads\/2019\/06\/952a89ca-screenshot_20190608-171507-150x150.webp\" alt=\"Giovanna Oliveira\"><\/a><div class=\"authorBox__name\"><span>por\n\t\t\t<a href=\"https:\/\/www.suno.com.br\/noticias\/author\/giovanna\/\"><span itemprop=\"author\">Giovanna Oliveira<\/span><\/a><\/span><time datetime=\"2019-11-11T19:05:45-03:00\" itemprop=\"datePublished\">11\/11\/2019 19:05<\/time><\/div><\/div><\/div><\/div><\/div>","single_layout":"posts","amp_enabled":true,"_links":{"self":[{"href":"https:\/\/www.suno.com.br\/noticias\/wp-json\/wp\/v2\/posts\/44460"}],"collection":[{"href":"https:\/\/www.suno.com.br\/noticias\/wp-json\/wp\/v2\/posts"}],"about":[{"href":"https:\/\/www.suno.com.br\/noticias\/wp-json\/wp\/v2\/types\/post"}],"author":[{"embeddable":true,"href":"https:\/\/www.suno.com.br\/noticias\/wp-json\/wp\/v2\/users\/18"}],"replies":[{"embeddable":true,"href":"https:\/\/www.suno.com.br\/noticias\/wp-json\/wp\/v2\/comments?post=44460"}],"version-history":[{"count":0,"href":"https:\/\/www.suno.com.br\/noticias\/wp-json\/wp\/v2\/posts\/44460\/revisions"}],"wp:featuredmedia":[{"embeddable":true,"href":"https:\/\/www.suno.com.br\/noticias\/wp-json\/wp\/v2\/media\/41128"}],"wp:attachment":[{"href":"https:\/\/www.suno.com.br\/noticias\/wp-json\/wp\/v2\/media?parent=44460"}],"wp:term":[{"taxonomy":"category","embeddable":true,"href":"https:\/\/www.suno.com.br\/noticias\/wp-json\/wp\/v2\/categories?post=44460"},{"taxonomy":"post_tag","embeddable":true,"href":"https:\/\/www.suno.com.br\/noticias\/wp-json\/wp\/v2\/tags?post=44460"},{"taxonomy":"suno_strategy","embeddable":true,"href":"https:\/\/www.suno.com.br\/noticias\/wp-json\/wp\/v2\/suno_strategy?post=44460"}],"curies":[{"name":"wp","href":"https:\/\/api.w.org\/{rel}","templated":true}]}}