{"id":44443,"date":"2019-11-11T17:07:38","date_gmt":"2019-11-11T19:07:38","guid":{"rendered":"https:\/\/www.suno.com.br\/noticias\/?p=44443"},"modified":"2019-11-11T17:07:38","modified_gmt":"2019-11-11T19:07:38","slug":"uber-technologies-cofundador-participacao-acionaria","status":"publish","type":"post","link":"https:\/\/www.suno.com.br\/noticias\/uber-technologies-cofundador-participacao-acionaria\/","title":{"rendered":"Uber Technologies: Cofundador vende 20% de sua participa\u00e7\u00e3o acion\u00e1ria"},"content":{"rendered":"<p>O cofundador do Uber Technologies, <strong>Travis<\/strong> <strong>Kalanick<\/strong>, reduziu sua participa\u00e7\u00e3o na companhia ap\u00f3s o fim do per\u00edodo de restri\u00e7\u00e3o (&#8220;lock-up&#8221;) da <strong><a href=\"https:\/\/www.suno.com.br\/artigos\/ipo\/\">oferta p\u00fablica de a\u00e7\u00f5es (IPO)<\/a><\/strong> da empresa.<\/p>\t<div class=\"wrapper-featured-image\">\n\t\t<figure class=\"spotlightImg\">\n\n\t\t\t<picture>\n\t\t\t\t<source media=\"(max-width: 768px)\" srcset=\"https:\/\/files.sunoresearch.com.br\/n\/uploads\/2019\/11\/9196368b-travis-kalanick-400x200.webp\">\n\t\t\t\t<img loading=\"lazy\" decoding=\"async\" class=\"newsContent__article__imgCapa lazyloadDisabled newsContent__article__imgCapa--noCaption\" src=\"https:\/\/files.sunoresearch.com.br\/n\/uploads\/2019\/11\/9196368b-travis-kalanick-jpg.webp\" width=\"800\" height=\"450\" alt=\"Uber Technologies: Cofundador vende 20% de sua participa\u00e7\u00e3o acion\u00e1ria\" fetchpriority=high \/>\n\t\t\t<\/picture>\n\n\t\t\t<figcaption class=\"wp-caption-text wp-caption-text--hide\">Uber Technologies: Cofundador vende 20% de sua participa\u00e7\u00e3o acion\u00e1ria<\/figcaption>\n\t\t<\/figure>\n\t<\/div>\n\n\n\n<p>Anteriormente, o <strong>ex-CEO<\/strong> tinha cerca de 5,8% do capital social do <strong>Uber<\/strong>, de acordo com informa\u00e7\u00f5es do jornal &#8220;Dow Jones Newswires&#8221;. <strong>Kalanick<\/strong> vendeu cerca de um quarto de sua participa\u00e7\u00e3o entre quarta e sexta-feira, o que levantou aproximadamente US$ 547 milh\u00f5es.<\/p>\n<p><a href=\"https:\/\/www.suno.com.br\/noticias\/uber-aumento-receita-3t19\/\">Leia tamb\u00e9m: Uber registra aumento de sua receita em 30% no 3T19<\/a><\/p>\n<p>De acordo com documentos regulat\u00f3rios, na \u00faltima sexta ele possu\u00eda um total de 75,4 milh\u00f5es de a\u00e7\u00f5es do <strong>Uber<\/strong>.<\/p>\n<h2>Programa de fidelidade no Brasil<\/h2>\n<p>A companhia tamb\u00e9m informou nesta segunda (11) que a extens\u00e3o do seu<strong> programa de fidelidade<\/strong> aos usu\u00e1rios de seu aplicativo. A iniciativa estava dispon\u00edvel apenas algumas <strong>cidades brasileiras<\/strong> espec\u00edficas e nos <strong>Estados Unidos<\/strong>.<\/p>\n<p><a href=\"https:\/\/www.suno.com.br\/noticias\/uber-programa-de-fidelidade-descontos\/\">Saiba mais: Uber expande programa de fidelidade para mais 5 cidades brasileiras<\/a><\/p>\n<p>O programa, <strong>Uber Rewards<\/strong>, aderiu mais cinco novas cidades como <strong>S\u00e3o Paulo<\/strong>, <strong>Rio de Janeiro<\/strong>, <strong>Belo Horizonte<\/strong>, <strong>Porto Alegre<\/strong> e <strong>Curitiba<\/strong>. O aplicativo vai oferecer recompensas aos clientes que fazem corridas pela plataforma ou que pedem comida pelo <strong>Eats<\/strong>.<\/p>\n\t<p>\n\t\t<a href=\"https:\/\/www.suno.com.br\/asset\/fundos\/suno-acoes-xp-seg-prev\/\" target=\"_blank\" data-element=\"shortcode-suno-banner\" title=\"Banner SUNO, clique e saiba mais\">\n\t\t\t<picture>\n\t\t\t\t<source media=\"(max-width: 500px)\" srcset=\"https:\/\/files.sunoresearch.com.br\/n\/uploads\/2023\/10\/SUNOPREV-400x300-Mobile-Artigos-3.png\">\n\t\t\t\t<img class=\"newsContent__article__imgCapa newsContent__article__imgCapa--banner\"\n\t\t\t\t\tsrc=\"https:\/\/files.sunoresearch.com.br\/n\/uploads\/2023\/10\/SUNOPREV-1420x240-Banner-Artigos-1-_-Banner-Materias-1.png\"\n\t\t\t\t\tdata-promo-id=\"476310\"\t\t\t\t\t\t\t\t\t\twidth='1420' height='240'\t\t\t\t\talt=\"https:\/\/files.sunoresearch.com.br\/n\/uploads\/2023\/10\/SUNOPREV-1420x240-Banner-Artigos-1-_-Banner-Materias-1.png\"\n\t\t\t\t>\n\t\t\t<\/picture>\n\t\t<\/a>\n\t<\/p>\n\n\n<p>A cada real gasto, em um dos servi\u00e7os do aplicativo de transporte, se torna um ponto no programa. Somente nas categorias <strong>Select<\/strong> e <strong>Black<\/strong> em que um real se converte em dois pontos.<\/p>\n<h2>Benef\u00edcios da Uber Rewards<\/h2>\n<p>Al\u00e9m disso, a companhia informou que os usu\u00e1rios se encontrar\u00e3o nas seguintes categorias:<\/p>\n<ul>\n<li><strong>Azul<\/strong> &#8211; at\u00e9 400 pontos<\/li>\n<li><strong>Ouro<\/strong> &#8211; a partir de 400 pontos<\/li>\n<li><strong>Platina<\/strong> &#8211; a partir de 1.500 pontos<\/li>\n<li><strong>Diamante<\/strong> &#8211; a partir de 4.000 pontos.<\/li>\n<\/ul>\n<p>Os pontos acumulados podem ser trocados por descontos ou conseguir vantagens nas corridas. De acordo com o <strong>Uber<\/strong>, o programa considera os gastos dos seis meses anteriores \u00e0 entrada do usu\u00e1rio no sistema de pontos. Desse modo, o usu\u00e1rio ao entrar pode j\u00e1 estar nas categorias mais altas.<\/p>\n","protected":false},"excerpt":{"rendered":"<p>O cofundador do Uber Technologies, Travis Kalanick, reduziu sua participa\u00e7\u00e3o na companhia ap\u00f3s o fim do per\u00edodo de restri\u00e7\u00e3o (&#8220;lock-up&#8221;) da oferta p\u00fablica de a\u00e7\u00f5es (IPO) da empresa. Uber Technologies: Cofundador vende 20% de sua participa\u00e7\u00e3o acion\u00e1ria Anteriormente, o ex-CEO tinha cerca de 5,8% do capital social do Uber, de acordo com informa\u00e7\u00f5es do jornal [&hellip;]<\/p>\n","protected":false},"author":23,"featured_media":44446,"comment_status":"closed","ping_status":"closed","sticky":false,"template":"","format":"standard","meta":[],"categories":[64],"tags":[954,2210],"suno_strategy":[],"class_list":["post-44443","post","type-post","status-publish","format-standard","has-post-thumbnail","hentry","category-negocios","tag-uber-u1be34","tag-uber-eats"],"yoast_head":"<!-- This site is optimized with the Yoast SEO plugin v24.4 - https:\/\/yoast.com\/wordpress\/plugins\/seo\/ -->\n<title>Uber Technologies: Cofundador vende 20% de sua participa\u00e7\u00e3o acion\u00e1ria<\/title>\n<meta name=\"description\" content=\"O cofundador do Uber Technologies reduziu sua participa\u00e7\u00e3o na companhia ap\u00f3s o fim do per\u00edodo de lock-up do IPO da empresa. Clique para mais.\" \/>\n<meta name=\"robots\" content=\"index, follow, max-snippet:-1, max-image-preview:large, max-video-preview:-1\" \/>\n<link rel=\"canonical\" href=\"https:\/\/www.suno.com.br\/noticias\/uber-technologies-cofundador-participacao-acionaria\/\" \/>\n<meta property=\"og:locale\" content=\"pt_BR\" \/>\n<meta property=\"og:type\" content=\"article\" \/>\n<meta property=\"og:title\" content=\"Uber Technologies: Cofundador vende 20% de sua participa\u00e7\u00e3o acion\u00e1ria\" \/>\n<meta property=\"og:description\" content=\"O cofundador do Uber Technologies reduziu sua participa\u00e7\u00e3o na companhia ap\u00f3s o fim do per\u00edodo de lock-up do IPO da empresa. Clique para mais.\" \/>\n<meta property=\"og:url\" content=\"https:\/\/www.suno.com.br\/noticias\/uber-technologies-cofundador-participacao-acionaria\/\" \/>\n<meta property=\"og:site_name\" content=\"Suno Not\u00edcias\" \/>\n<meta property=\"article:publisher\" content=\"https:\/\/facebook.com\/sunoresearch\" \/>\n<meta property=\"og:image\" content=\"https:\/\/files.sunoresearch.com.br\/n\/uploads\/2019\/11\/9196368b-travis-kalanick.jpg\" \/>\n\t<meta property=\"og:image:width\" content=\"739\" \/>\n\t<meta property=\"og:image:height\" content=\"415\" \/>\n\t<meta property=\"og:image:type\" content=\"image\/jpeg\" \/>\n<meta name=\"author\" content=\"Rafael Lara\" \/>\n<meta name=\"twitter:card\" content=\"summary_large_image\" \/>\n<meta name=\"twitter:creator\" content=\"@sunoresearch\" \/>\n<meta name=\"twitter:site\" content=\"@sunoresearch\" \/>\n<meta name=\"twitter:label1\" content=\"Escrito por\" \/>\n\t<meta name=\"twitter:data1\" content=\"Rafael Lara\" \/>\n\t<meta name=\"twitter:label2\" content=\"Est. tempo de leitura\" \/>\n\t<meta name=\"twitter:data2\" content=\"2 minutos\" \/>\n<script type=\"application\/ld+json\" class=\"yoast-schema-graph\">{\"@context\":\"https:\/\/schema.org\",\"@graph\":[{\"@type\":\"NewsArticle\",\"@id\":\"https:\/\/www.suno.com.br\/noticias\/uber-technologies-cofundador-participacao-acionaria\/#article\",\"isPartOf\":{\"@id\":\"https:\/\/www.suno.com.br\/noticias\/uber-technologies-cofundador-participacao-acionaria\/\"},\"author\":{\"name\":\"Rafael Lara\",\"@id\":\"https:\/\/www.suno.com.br\/noticias\/#\/schema\/person\/098743caeed97b37f51315c9576c4078\"},\"headline\":\"Uber Technologies: Cofundador vende 20% de sua participa\u00e7\u00e3o acion\u00e1ria\",\"datePublished\":\"2019-11-11T19:07:38+00:00\",\"mainEntityOfPage\":{\"@id\":\"https:\/\/www.suno.com.br\/noticias\/uber-technologies-cofundador-participacao-acionaria\/\"},\"wordCount\":344,\"publisher\":{\"@id\":\"https:\/\/www.suno.com.br\/noticias\/#organization\"},\"image\":{\"@id\":\"https:\/\/www.suno.com.br\/noticias\/uber-technologies-cofundador-participacao-acionaria\/#primaryimage\"},\"thumbnailUrl\":\"https:\/\/files.sunoresearch.com.br\/n\/uploads\/2019\/11\/9196368b-travis-kalanick-jpg.webp\",\"keywords\":[\"Uber (U1BE34)\",\"Uber Eats\"],\"articleSection\":[\"Neg\u00f3cios\"],\"inLanguage\":\"pt-BR\"},{\"@type\":\"WebPage\",\"@id\":\"https:\/\/www.suno.com.br\/noticias\/uber-technologies-cofundador-participacao-acionaria\/\",\"url\":\"https:\/\/www.suno.com.br\/noticias\/uber-technologies-cofundador-participacao-acionaria\/\",\"name\":\"Uber Technologies: Cofundador vende 20% de sua participa\u00e7\u00e3o acion\u00e1ria\",\"isPartOf\":{\"@id\":\"https:\/\/www.suno.com.br\/noticias\/#website\"},\"primaryImageOfPage\":{\"@id\":\"https:\/\/www.suno.com.br\/noticias\/uber-technologies-cofundador-participacao-acionaria\/#primaryimage\"},\"image\":{\"@id\":\"https:\/\/www.suno.com.br\/noticias\/uber-technologies-cofundador-participacao-acionaria\/#primaryimage\"},\"thumbnailUrl\":\"https:\/\/files.sunoresearch.com.br\/n\/uploads\/2019\/11\/9196368b-travis-kalanick-jpg.webp\",\"datePublished\":\"2019-11-11T19:07:38+00:00\",\"description\":\"O cofundador do Uber Technologies reduziu sua participa\u00e7\u00e3o na companhia ap\u00f3s o fim do per\u00edodo de lock-up do IPO da empresa. Clique para mais.\",\"breadcrumb\":{\"@id\":\"https:\/\/www.suno.com.br\/noticias\/uber-technologies-cofundador-participacao-acionaria\/#breadcrumb\"},\"inLanguage\":\"pt-BR\",\"potentialAction\":[{\"@type\":\"ReadAction\",\"target\":[\"https:\/\/www.suno.com.br\/noticias\/uber-technologies-cofundador-participacao-acionaria\/\"]}]},{\"@type\":\"ImageObject\",\"inLanguage\":\"pt-BR\",\"@id\":\"https:\/\/www.suno.com.br\/noticias\/uber-technologies-cofundador-participacao-acionaria\/#primaryimage\",\"url\":\"https:\/\/files.sunoresearch.com.br\/n\/uploads\/2019\/11\/9196368b-travis-kalanick-jpg.webp\",\"contentUrl\":\"https:\/\/files.sunoresearch.com.br\/n\/uploads\/2019\/11\/9196368b-travis-kalanick-jpg.webp\",\"width\":739,\"height\":415,\"caption\":\"Uber Technologies: Cofundador vende 20% de sua participa\u00e7\u00e3o acion\u00e1ria\"},{\"@type\":\"BreadcrumbList\",\"@id\":\"https:\/\/www.suno.com.br\/noticias\/uber-technologies-cofundador-participacao-acionaria\/#breadcrumb\",\"itemListElement\":[{\"@type\":\"ListItem\",\"position\":1,\"name\":\"Not\u00edcias\",\"item\":\"https:\/\/www.suno.com.br\/noticias\/\"},{\"@type\":\"ListItem\",\"position\":2,\"name\":\"Neg\u00f3cios\",\"item\":\"https:\/\/www.suno.com.br\/noticias\/negocios\/\"},{\"@type\":\"ListItem\",\"position\":3,\"name\":\"Uber Technologies: Cofundador vende 20% de sua participa\u00e7\u00e3o acion\u00e1ria\"}]},{\"@type\":\"WebSite\",\"@id\":\"https:\/\/www.suno.com.br\/noticias\/#website\",\"url\":\"https:\/\/www.suno.com.br\/noticias\/\",\"name\":\"Suno Not\u00edcias\",\"description\":\"Seu portal de informa\u00e7\u00e3o sobre o mundo dos investimentos\",\"publisher\":{\"@id\":\"https:\/\/www.suno.com.br\/noticias\/#organization\"},\"potentialAction\":[{\"@type\":\"SearchAction\",\"target\":{\"@type\":\"EntryPoint\",\"urlTemplate\":\"https:\/\/www.suno.com.br\/noticias\/?s={search_term_string}\"},\"query-input\":{\"@type\":\"PropertyValueSpecification\",\"valueRequired\":true,\"valueName\":\"search_term_string\"}}],\"inLanguage\":\"pt-BR\"},{\"@type\":\"Organization\",\"@id\":\"https:\/\/www.suno.com.br\/noticias\/#organization\",\"name\":\"Suno Not\u00edcias\",\"url\":\"https:\/\/www.suno.com.br\/noticias\/\",\"logo\":{\"@type\":\"ImageObject\",\"inLanguage\":\"pt-BR\",\"@id\":\"https:\/\/www.suno.com.br\/noticias\/#\/schema\/logo\/image\/\",\"url\":\"https:\/\/files.sunoresearch.com.br\/n\/uploads\/2021\/09\/suno-logo.png\",\"contentUrl\":\"https:\/\/files.sunoresearch.com.br\/n\/uploads\/2021\/09\/suno-logo.png\",\"width\":180,\"height\":180,\"caption\":\"Suno Not\u00edcias\"},\"image\":{\"@id\":\"https:\/\/www.suno.com.br\/noticias\/#\/schema\/logo\/image\/\"},\"sameAs\":[\"https:\/\/facebook.com\/sunoresearch\",\"https:\/\/x.com\/sunoresearch\",\"https:\/\/www.instagram.com\/suno\",\"https:\/\/www.linkedin.com\/company\/suno-research\/\",\"https:\/\/www.youtube.com\/c\/sunoresearch\"]},{\"@type\":\"Person\",\"@id\":\"https:\/\/www.suno.com.br\/noticias\/#\/schema\/person\/098743caeed97b37f51315c9576c4078\",\"name\":\"Rafael Lara\",\"image\":{\"@type\":\"ImageObject\",\"inLanguage\":\"pt-BR\",\"@id\":\"https:\/\/www.suno.com.br\/noticias\/#\/schema\/person\/image\/\",\"url\":\"https:\/\/secure.gravatar.com\/avatar\/dfc254ab9bb2ea1895d98b9e9dae4bdd?s=96&r=g\",\"contentUrl\":\"https:\/\/secure.gravatar.com\/avatar\/dfc254ab9bb2ea1895d98b9e9dae4bdd?s=96&r=g\",\"caption\":\"Rafael Lara\"},\"description\":\"Rafael Lara cursa jornalismo na Faculdade C\u00e1sper L\u00edbero. Escreve sobre pol\u00edtica, economia e neg\u00f3cios para o portal Suno Not\u00edcias. Antes, colaborou na TV Gazeta na produ\u00e7\u00e3o do programa Edi\u00e7\u00e3o Extra.\",\"url\":\"https:\/\/www.suno.com.br\/noticias\/author\/rafael\/\"}]}<\/script>\n<!-- \/ Yoast SEO plugin. -->","yoast_head_json":{"title":"Uber Technologies: Cofundador vende 20% de sua participa\u00e7\u00e3o acion\u00e1ria","description":"O cofundador do Uber Technologies reduziu sua participa\u00e7\u00e3o na companhia ap\u00f3s o fim do per\u00edodo de lock-up do IPO da empresa. Clique para mais.","robots":{"index":"index","follow":"follow","max-snippet":"max-snippet:-1","max-image-preview":"max-image-preview:large","max-video-preview":"max-video-preview:-1"},"canonical":"https:\/\/www.suno.com.br\/noticias\/uber-technologies-cofundador-participacao-acionaria\/","og_locale":"pt_BR","og_type":"article","og_title":"Uber Technologies: Cofundador vende 20% de sua participa\u00e7\u00e3o acion\u00e1ria","og_description":"O cofundador do Uber Technologies reduziu sua participa\u00e7\u00e3o na companhia ap\u00f3s o fim do per\u00edodo de lock-up do IPO da empresa. Clique para mais.","og_url":"https:\/\/www.suno.com.br\/noticias\/uber-technologies-cofundador-participacao-acionaria\/","og_site_name":"Suno Not\u00edcias","article_publisher":"https:\/\/facebook.com\/sunoresearch","og_image":[{"width":739,"height":415,"url":"https:\/\/files.sunoresearch.com.br\/n\/uploads\/2019\/11\/9196368b-travis-kalanick.jpg","type":"image\/jpeg"}],"author":"Rafael Lara","twitter_card":"summary_large_image","twitter_creator":"@sunoresearch","twitter_site":"@sunoresearch","twitter_misc":{"Escrito por":"Rafael Lara","Est. tempo de leitura":"2 minutos"},"schema":{"@context":"https:\/\/schema.org","@graph":[{"@type":"NewsArticle","@id":"https:\/\/www.suno.com.br\/noticias\/uber-technologies-cofundador-participacao-acionaria\/#article","isPartOf":{"@id":"https:\/\/www.suno.com.br\/noticias\/uber-technologies-cofundador-participacao-acionaria\/"},"author":{"name":"Rafael Lara","@id":"https:\/\/www.suno.com.br\/noticias\/#\/schema\/person\/098743caeed97b37f51315c9576c4078"},"headline":"Uber Technologies: Cofundador vende 20% de sua participa\u00e7\u00e3o acion\u00e1ria","datePublished":"2019-11-11T19:07:38+00:00","mainEntityOfPage":{"@id":"https:\/\/www.suno.com.br\/noticias\/uber-technologies-cofundador-participacao-acionaria\/"},"wordCount":344,"publisher":{"@id":"https:\/\/www.suno.com.br\/noticias\/#organization"},"image":{"@id":"https:\/\/www.suno.com.br\/noticias\/uber-technologies-cofundador-participacao-acionaria\/#primaryimage"},"thumbnailUrl":"https:\/\/files.sunoresearch.com.br\/n\/uploads\/2019\/11\/9196368b-travis-kalanick-jpg.webp","keywords":["Uber (U1BE34)","Uber Eats"],"articleSection":["Neg\u00f3cios"],"inLanguage":"pt-BR"},{"@type":"WebPage","@id":"https:\/\/www.suno.com.br\/noticias\/uber-technologies-cofundador-participacao-acionaria\/","url":"https:\/\/www.suno.com.br\/noticias\/uber-technologies-cofundador-participacao-acionaria\/","name":"Uber Technologies: Cofundador vende 20% de sua participa\u00e7\u00e3o acion\u00e1ria","isPartOf":{"@id":"https:\/\/www.suno.com.br\/noticias\/#website"},"primaryImageOfPage":{"@id":"https:\/\/www.suno.com.br\/noticias\/uber-technologies-cofundador-participacao-acionaria\/#primaryimage"},"image":{"@id":"https:\/\/www.suno.com.br\/noticias\/uber-technologies-cofundador-participacao-acionaria\/#primaryimage"},"thumbnailUrl":"https:\/\/files.sunoresearch.com.br\/n\/uploads\/2019\/11\/9196368b-travis-kalanick-jpg.webp","datePublished":"2019-11-11T19:07:38+00:00","description":"O cofundador do Uber Technologies reduziu sua participa\u00e7\u00e3o na companhia ap\u00f3s o fim do per\u00edodo de lock-up do IPO da empresa. Clique para mais.","breadcrumb":{"@id":"https:\/\/www.suno.com.br\/noticias\/uber-technologies-cofundador-participacao-acionaria\/#breadcrumb"},"inLanguage":"pt-BR","potentialAction":[{"@type":"ReadAction","target":["https:\/\/www.suno.com.br\/noticias\/uber-technologies-cofundador-participacao-acionaria\/"]}]},{"@type":"ImageObject","inLanguage":"pt-BR","@id":"https:\/\/www.suno.com.br\/noticias\/uber-technologies-cofundador-participacao-acionaria\/#primaryimage","url":"https:\/\/files.sunoresearch.com.br\/n\/uploads\/2019\/11\/9196368b-travis-kalanick-jpg.webp","contentUrl":"https:\/\/files.sunoresearch.com.br\/n\/uploads\/2019\/11\/9196368b-travis-kalanick-jpg.webp","width":739,"height":415,"caption":"Uber Technologies: Cofundador vende 20% de sua participa\u00e7\u00e3o acion\u00e1ria"},{"@type":"BreadcrumbList","@id":"https:\/\/www.suno.com.br\/noticias\/uber-technologies-cofundador-participacao-acionaria\/#breadcrumb","itemListElement":[{"@type":"ListItem","position":1,"name":"Not\u00edcias","item":"https:\/\/www.suno.com.br\/noticias\/"},{"@type":"ListItem","position":2,"name":"Neg\u00f3cios","item":"https:\/\/www.suno.com.br\/noticias\/negocios\/"},{"@type":"ListItem","position":3,"name":"Uber Technologies: Cofundador vende 20% de sua participa\u00e7\u00e3o acion\u00e1ria"}]},{"@type":"WebSite","@id":"https:\/\/www.suno.com.br\/noticias\/#website","url":"https:\/\/www.suno.com.br\/noticias\/","name":"Suno Not\u00edcias","description":"Seu portal de informa\u00e7\u00e3o sobre o mundo dos investimentos","publisher":{"@id":"https:\/\/www.suno.com.br\/noticias\/#organization"},"potentialAction":[{"@type":"SearchAction","target":{"@type":"EntryPoint","urlTemplate":"https:\/\/www.suno.com.br\/noticias\/?s={search_term_string}"},"query-input":{"@type":"PropertyValueSpecification","valueRequired":true,"valueName":"search_term_string"}}],"inLanguage":"pt-BR"},{"@type":"Organization","@id":"https:\/\/www.suno.com.br\/noticias\/#organization","name":"Suno Not\u00edcias","url":"https:\/\/www.suno.com.br\/noticias\/","logo":{"@type":"ImageObject","inLanguage":"pt-BR","@id":"https:\/\/www.suno.com.br\/noticias\/#\/schema\/logo\/image\/","url":"https:\/\/files.sunoresearch.com.br\/n\/uploads\/2021\/09\/suno-logo.png","contentUrl":"https:\/\/files.sunoresearch.com.br\/n\/uploads\/2021\/09\/suno-logo.png","width":180,"height":180,"caption":"Suno Not\u00edcias"},"image":{"@id":"https:\/\/www.suno.com.br\/noticias\/#\/schema\/logo\/image\/"},"sameAs":["https:\/\/facebook.com\/sunoresearch","https:\/\/x.com\/sunoresearch","https:\/\/www.instagram.com\/suno","https:\/\/www.linkedin.com\/company\/suno-research\/","https:\/\/www.youtube.com\/c\/sunoresearch"]},{"@type":"Person","@id":"https:\/\/www.suno.com.br\/noticias\/#\/schema\/person\/098743caeed97b37f51315c9576c4078","name":"Rafael Lara","image":{"@type":"ImageObject","inLanguage":"pt-BR","@id":"https:\/\/www.suno.com.br\/noticias\/#\/schema\/person\/image\/","url":"https:\/\/secure.gravatar.com\/avatar\/dfc254ab9bb2ea1895d98b9e9dae4bdd?s=96&r=g","contentUrl":"https:\/\/secure.gravatar.com\/avatar\/dfc254ab9bb2ea1895d98b9e9dae4bdd?s=96&r=g","caption":"Rafael Lara"},"description":"Rafael Lara cursa jornalismo na Faculdade C\u00e1sper L\u00edbero. Escreve sobre pol\u00edtica, economia e neg\u00f3cios para o portal Suno Not\u00edcias. Antes, colaborou na TV Gazeta na produ\u00e7\u00e3o do programa Edi\u00e7\u00e3o Extra.","url":"https:\/\/www.suno.com.br\/noticias\/author\/rafael\/"}]}},"default_loop_html":"<div class=\"cardsPage__listCard__boxs\"><div class=\"cardsPage__listCard__boxs__img\"><a href=\"https:\/\/www.suno.com.br\/noticias\/uber-technologies-cofundador-participacao-acionaria\/\"><img class=\"mask\" src=\"https:\/\/www.suno.com.br\/noticias\/wp-content\/themes\/suno\/resources\/images\/spotlight\/spotlight1img\/bg-mask.png\" alt=\"Image Mask\"\/><img src=\"https:\/\/files.sunoresearch.com.br\/n\/uploads\/2019\/11\/9196368b-travis-kalanick-400x200.webp\" alt=\"Uber Technologies: Cofundador vende 20% de sua participa\u00e7\u00e3o acion\u00e1ria\"\/><\/a><span class=\"spotlightCategory\"><a href=\"https:\/\/www.suno.com.br\/noticias\/negocios\/\">Neg\u00f3cios<\/a><\/span><\/div><div class=\"cardsPage__listCard__boxs__content\"><a href=\"https:\/\/www.suno.com.br\/noticias\/uber-technologies-cofundador-participacao-acionaria\/\"><h2 class=\"content__title\">Uber Technologies: Cofundador vende 20% de sua participa\u00e7\u00e3o acion\u00e1ria<\/h2><\/a><div class=\"newsContent__article__meta\"><div class=\"newsContent__article__meta__authorBox\"><a href=\"https:\/\/www.suno.com.br\/noticias\/author\/rafael\/\" class=\"authorBox__avatar noMobi\"><img src=\"https:\/\/secure.gravatar.com\/avatar\/dfc254ab9bb2ea1895d98b9e9dae4bdd?s=96&#038;r=g\" alt=\"Rafael Lara\"><\/a><div class=\"authorBox__name\"><span>por\n\t\t\t<a href=\"https:\/\/www.suno.com.br\/noticias\/author\/rafael\/\"><span itemprop=\"author\">Rafael Lara<\/span><\/a><\/span><time datetime=\"2019-11-11T17:07:38-03:00\" itemprop=\"datePublished\">11\/11\/2019 17:07<\/time><\/div><\/div><\/div><\/div><\/div>","single_layout":"posts","amp_enabled":true,"_links":{"self":[{"href":"https:\/\/www.suno.com.br\/noticias\/wp-json\/wp\/v2\/posts\/44443"}],"collection":[{"href":"https:\/\/www.suno.com.br\/noticias\/wp-json\/wp\/v2\/posts"}],"about":[{"href":"https:\/\/www.suno.com.br\/noticias\/wp-json\/wp\/v2\/types\/post"}],"author":[{"embeddable":true,"href":"https:\/\/www.suno.com.br\/noticias\/wp-json\/wp\/v2\/users\/23"}],"replies":[{"embeddable":true,"href":"https:\/\/www.suno.com.br\/noticias\/wp-json\/wp\/v2\/comments?post=44443"}],"version-history":[{"count":0,"href":"https:\/\/www.suno.com.br\/noticias\/wp-json\/wp\/v2\/posts\/44443\/revisions"}],"wp:featuredmedia":[{"embeddable":true,"href":"https:\/\/www.suno.com.br\/noticias\/wp-json\/wp\/v2\/media\/44446"}],"wp:attachment":[{"href":"https:\/\/www.suno.com.br\/noticias\/wp-json\/wp\/v2\/media?parent=44443"}],"wp:term":[{"taxonomy":"category","embeddable":true,"href":"https:\/\/www.suno.com.br\/noticias\/wp-json\/wp\/v2\/categories?post=44443"},{"taxonomy":"post_tag","embeddable":true,"href":"https:\/\/www.suno.com.br\/noticias\/wp-json\/wp\/v2\/tags?post=44443"},{"taxonomy":"suno_strategy","embeddable":true,"href":"https:\/\/www.suno.com.br\/noticias\/wp-json\/wp\/v2\/suno_strategy?post=44443"}],"curies":[{"name":"wp","href":"https:\/\/api.w.org\/{rel}","templated":true}]}}