{"id":444401,"date":"2023-08-17T20:54:43","date_gmt":"2023-08-17T23:54:43","guid":{"rendered":"https:\/\/www.suno.com.br\/noticias\/?p=444401"},"modified":"2023-08-17T21:17:51","modified_gmt":"2023-08-18T00:17:51","slug":"evergrande-falencia-faliu-gigante-china-imobiliaria-evm","status":"publish","type":"post","link":"https:\/\/www.suno.com.br\/noticias\/evergrande-falencia-faliu-gigante-china-imobiliaria-evm\/","title":{"rendered":"Evergrande faliu? Entenda o que a gigante chinesa decidiu nesta quinta (17)"},"content":{"rendered":"<p>A <a href=\"https:\/\/www.suno.com.br\/noticias\/evergrande-credores-fundos-apreendidos\/\" target=\"_blank\" rel=\"noreferrer noopener\"><strong>Evergrande<\/strong><\/a>, gigante do <a class=\"suno-keyword\" data-force=\"no\" data-priority=\"2\" href=\"https:\/\/www.suno.com.br\/artigos\/mercado-imobiliario\/\" target=\"_blank\" rel=\"noopener\">mercado imobili\u00e1rio<\/a> chin\u00eas, entrou com um pedido de prote\u00e7\u00e3o judicial na corte de fal\u00eancias de Manhattan, em Nova York, nesta quinta-feira (15).<\/p>\t<div class=\"wrapper-featured-image\">\n\t\t<figure class=\"spotlightImg\">\n\n\t\t\t<picture>\n\t\t\t\t<source media=\"(max-width: 768px)\" srcset=\"https:\/\/files.sunoresearch.com.br\/n\/uploads\/2021\/09\/aaa-400x200.jpg\">\n\t\t\t\t<img loading=\"lazy\" decoding=\"async\" class=\"newsContent__article__imgCapa lazyloadDisabled \" src=\"https:\/\/files.sunoresearch.com.br\/n\/uploads\/2021\/09\/aaa-800x450.jpg\" width=\"800\" height=\"450\" alt=\"Evergrande faliu? Entenda o que a gigante chinesa decidiu nesta quinta (17)\" fetchpriority=high \/>\n\t\t\t<\/picture>\n\n\t\t\t<figcaption class=\"wp-caption-text wp-caption-text--show\">Evergrande - Foto: Reprodu\u00e7\u00e3o\/Site Evergrande<\/figcaption>\n\t\t<\/figure>\n\t<\/div>\n\n\n\n\n\n\n\n\t<p>\n\t\t<a href=\"https:\/\/lp.suno.com.br\/ebook-como-analisar-uma-acao\/\" target=\"_blank\" data-element=\"shortcode-suno-banner\" title=\"Banner SUNO, clique e saiba mais\">\n\t\t\t<picture>\n\t\t\t\t<source media=\"(max-width: 500px)\" srcset=\"https:\/\/files.sunoresearch.com.br\/n\/uploads\/2023\/03\/Ebook-Acoes-Mobile.jpg\">\n\t\t\t\t<img class=\"newsContent__article__imgCapa newsContent__article__imgCapa--banner\"\n\t\t\t\t\tsrc=\"https:\/\/files.sunoresearch.com.br\/n\/uploads\/2023\/03\/Ebook-Acoes-Desktop.jpg\"\n\t\t\t\t\tdata-promo-id=\"378302\"\t\t\t\t\t\t\t\t\t\twidth='1420' height='286'\t\t\t\t\talt=\"https:\/\/files.sunoresearch.com.br\/n\/uploads\/2023\/03\/Ebook-Acoes-Desktop.jpg\"\n\t\t\t\t>\n\t\t\t<\/picture>\n\t\t<\/a>\n\t<\/p>\n\n\n\n\n\n<p>O pedido da Evergrande \u00e9 conhecido como &#8220;Chapter 15&#8221; e trata-se de uma prote\u00e7\u00e3o contra <strong>fal\u00eancias<\/strong>, destinada a lidar com prote\u00e7\u00f5es judiciais de empresas internacionais.<\/p>\n\n\n\n<p>O pedido faz jus \u00e0s reestrutura\u00e7\u00f5es da empresa, em Hong Kong e nas Ilhas Cayman.<\/p>\n\n\n\n<p>Uma subsidi\u00e1ria da companhia, a Tianji Holdings, tamb\u00e9m pediu pelo <strong>Chapter 15<\/strong> nesta quinta (17) na mesma corte.<\/p>\n\n\n\n\t<div data-element=\"shortcode-read-more\" class=\"readToo\">\n\t\t\t\t<span class=\"readToo__title\">Leia mais<\/span>\n\t\t\t\t<ul class=\"readToo__list\">\n\t\t\t<li><a href=\"https:\/\/www.suno.com.br\/noticias\/dolar-commodities-china-recupera-manha-cpf\/\">D\u00f3lar perde for\u00e7a com alta do min\u00e9rio de ferro,  petr\u00f3leo e indicadores da China<\/a><\/li><li><a href=\"https:\/\/www.suno.com.br\/noticias\/evergrande-credores-fundos-apreendidos\/\">Evergrande enfrenta credores ap\u00f3s ter US$ 2 bilh\u00f5es em fundos apreendidos<\/a><\/li><li><a href=\"https:\/\/www.suno.com.br\/noticias\/shimao-construtora-china-calote-evergrande\/\">Shimao d\u00e1 calote de US$ 1 bilh\u00e3o na China e &#8216;relembra&#8217; caso Evergrande<\/a><\/li>\t\t<\/ul>\n\t<\/div>\n\n\n\n\n<p>O pedido de Evergrande ocorre em meio a temores crescentes de que os problemas no setor <strong>imobili\u00e1rio <\/strong>da China possam se espalhar para outras partes da economia. <\/p>\n\n\n\n<p>A situa\u00e7\u00e3o atual do pa\u00eds, inclusive, motivou reuni\u00e3o de respons\u00e1veis por pol\u00edticas econ\u00f4micas e derrubou a cota\u00e7\u00e3o do min\u00e9rio de ferro nos \u00faltimos dias, \u00e0 medida que os indicadores mostram defla\u00e7\u00e3o e crescimento econ\u00f4mico abaixo do esperado.<\/p>\n\n\n\n<p>Desde que a <strong>crise<\/strong> da d\u00edvida do setor se desenrolou em meados de 2021, as empresas respons\u00e1veis por 40% das vendas de casas chinesas entraram em default.<\/p>\n\n\n\t<p>\n\t\t<a href=\"https:\/\/lp.suno.com.br\/ebook-gratuito-investindo-no-exterior\/\" target=\"_blank\" data-element=\"shortcode-suno-banner\" title=\"Banner SUNO, clique e saiba mais\">\n\t\t\t<picture>\n\t\t\t\t<source media=\"(max-width: 500px)\" srcset=\"https:\/\/files.sunoresearch.com.br\/n\/uploads\/2023\/03\/400x300-Investindo-no-exterior.png\">\n\t\t\t\t<img class=\"newsContent__article__imgCapa newsContent__article__imgCapa--banner\"\n\t\t\t\t\tsrc=\"https:\/\/files.sunoresearch.com.br\/n\/uploads\/2023\/03\/1420x240-Investindo-no-exterior.png\"\n\t\t\t\t\tdata-promo-id=\"383161\"\t\t\t\t\t\t\t\t\t\twidth='1420' height='240'\t\t\t\t\talt=\"https:\/\/files.sunoresearch.com.br\/n\/uploads\/2023\/03\/1420x240-Investindo-no-exterior.png\"\n\t\t\t\t>\n\t\t\t<\/picture>\n\t\t<\/a>\n\t<\/p>\n\n\n\n\n\n<p>A Evergrande, ali\u00e1s, foi uma das companhias que motivaram retra\u00e7\u00e3o dos mercados globais &#8211; a chinesa chegou a causar p\u00e2nico. Apesar disso, a crise n\u00e3o causou contamina\u00e7\u00e3o do sistema financeiro nem foi espalhada por mercados globais.<\/p>\n\n\n\n<h2 class=\"wp-block-heading\">Evergrande se esfor\u00e7a para ganhar f\u00f4lego<\/h2>\n\n\n\n<p>A Evergrande se esfor\u00e7a h\u00e1 meses para concluir um plano de <a class=\"suno-keyword\" target=\"_blank\" data-force=\"no\" data-priority=\"1\" href=\"https:\/\/www.suno.com.br\/artigos\/reestruturacao-de-divida\/\" rel=\"noopener\">reestrutura\u00e7\u00e3o de d\u00edvida<\/a> offshore, e j\u00e1 em meados de abril alegou n\u00e3o ter o suporte necess\u00e1rio de seus credores.<\/p>\n\n\n\n<p>Em julho, os tribunais autorizaram a gigante da <strong>China<\/strong> a realizar vota\u00e7\u00f5es sobre o acordo &#8211; em reuni\u00f5es que devem acontecer somente no fim de agosto.<\/p>\n\n\n\n<p>A companhia sofre dificuldades financeiras desde meados de 2021, quando teve default de um t\u00edtulo em d\u00f3lar e deixou de pagar d\u00edvidas, ap\u00f3s meses com rumores sobre problemas financeiros.<\/p>\n\n\n\n<p>A <strong>Evergrande<\/strong> \u00e9 o &#8216;s\u00edmbolo&#8217; da crise imobili\u00e1ria chinesa, que j\u00e1 afetou outras grandes empresas do segmento, incluindo a Shimao, por exemplo.<\/p>\n\n\n\t<p>\n\t\t<a href=\"https:\/\/lp.suno.com.br\/planilha-da-vida-financeira\/\" target=\"_blank\" data-element=\"shortcode-suno-banner\" title=\"Banner SUNO, clique e saiba mais\">\n\t\t\t<picture>\n\t\t\t\t<source media=\"(max-width: 500px)\" srcset=\"https:\/\/files.sunoresearch.com.br\/n\/uploads\/2023\/04\/400x300-Planilha-vida-financeira-true.png\">\n\t\t\t\t<img class=\"newsContent__article__imgCapa newsContent__article__imgCapa--banner\"\n\t\t\t\t\tsrc=\"https:\/\/files.sunoresearch.com.br\/n\/uploads\/2023\/04\/1420x240-Planilha-vida-financeira-true.png\"\n\t\t\t\t\tdata-promo-id=\"383123\"\t\t\t\t\t\t\t\t\t\twidth='1420' height='240'\t\t\t\t\talt=\"https:\/\/files.sunoresearch.com.br\/n\/uploads\/2023\/04\/1420x240-Planilha-vida-financeira-true.png\"\n\t\t\t\t>\n\t\t\t<\/picture>\n\t\t<\/a>\n\t<\/p>\n\n\n","protected":false},"excerpt":{"rendered":"<p>A Evergrande, gigante do mercado imobili\u00e1rio chin\u00eas, entrou com um pedido de prote\u00e7\u00e3o judicial na corte de fal\u00eancias de Manhattan, em Nova York, nesta quinta-feira (15). Evergrande &#8211; Foto: Reprodu\u00e7\u00e3o\/Site Evergrande O pedido da Evergrande \u00e9 conhecido como &#8220;Chapter 15&#8221; e trata-se de uma prote\u00e7\u00e3o contra fal\u00eancias, destinada a lidar com prote\u00e7\u00f5es judiciais de empresas [&hellip;]<\/p>\n","protected":false},"author":73,"featured_media":184099,"comment_status":"closed","ping_status":"closed","sticky":false,"template":"","format":"standard","meta":[],"categories":[63],"tags":[711,107122,1904],"suno_strategy":[],"class_list":["post-444401","post","type-post","status-publish","format-standard","has-post-thumbnail","hentry","category-internacional","tag-china","tag-evergrande","tag-mercado-imobiliario"],"yoast_head":"<!-- This site is optimized with the Yoast SEO plugin v24.4 - https:\/\/yoast.com\/wordpress\/plugins\/seo\/ -->\n<title>Evergrande faliu? Entenda o que a gigante chinesa fez<\/title>\n<meta name=\"description\" content=\"O pedido de Evergrande ocorre em meio a temores crescentes de que os problemas no setor imobili\u00e1rio da China possam se espalhar\" \/>\n<meta name=\"robots\" content=\"index, follow, max-snippet:-1, max-image-preview:large, max-video-preview:-1\" \/>\n<link rel=\"canonical\" href=\"https:\/\/www.suno.com.br\/noticias\/evergrande-falencia-faliu-gigante-china-imobiliaria-evm\/\" \/>\n<meta property=\"og:locale\" content=\"pt_BR\" \/>\n<meta property=\"og:type\" content=\"article\" \/>\n<meta property=\"og:title\" content=\"Evergrande faliu? Entenda o que a gigante chinesa fez\" \/>\n<meta property=\"og:description\" content=\"O pedido de Evergrande ocorre em meio a temores crescentes de que os problemas no setor imobili\u00e1rio da China possam se espalhar\" \/>\n<meta property=\"og:url\" content=\"https:\/\/www.suno.com.br\/noticias\/evergrande-falencia-faliu-gigante-china-imobiliaria-evm\/\" \/>\n<meta property=\"og:site_name\" content=\"Suno Not\u00edcias\" \/>\n<meta property=\"article:publisher\" content=\"https:\/\/facebook.com\/sunoresearch\" \/>\n<meta property=\"og:image\" content=\"https:\/\/files.sunoresearch.com.br\/n\/uploads\/2021\/09\/aaa.jpg\" \/>\n\t<meta property=\"og:image:width\" content=\"1536\" \/>\n\t<meta property=\"og:image:height\" content=\"799\" \/>\n\t<meta property=\"og:image:type\" content=\"image\/jpeg\" \/>\n<meta name=\"author\" content=\"Eduardo Vargas\" \/>\n<meta name=\"twitter:card\" content=\"summary_large_image\" \/>\n<meta name=\"twitter:creator\" content=\"@sunoresearch\" \/>\n<meta name=\"twitter:site\" content=\"@sunoresearch\" \/>\n<meta name=\"twitter:label1\" content=\"Escrito por\" \/>\n\t<meta name=\"twitter:data1\" content=\"Eduardo Vargas\" \/>\n\t<meta name=\"twitter:label2\" content=\"Est. tempo de leitura\" \/>\n\t<meta name=\"twitter:data2\" content=\"2 minutos\" \/>\n<script type=\"application\/ld+json\" class=\"yoast-schema-graph\">{\"@context\":\"https:\/\/schema.org\",\"@graph\":[{\"@type\":\"NewsArticle\",\"@id\":\"https:\/\/www.suno.com.br\/noticias\/evergrande-falencia-faliu-gigante-china-imobiliaria-evm\/#article\",\"isPartOf\":{\"@id\":\"https:\/\/www.suno.com.br\/noticias\/evergrande-falencia-faliu-gigante-china-imobiliaria-evm\/\"},\"author\":{\"name\":\"Eduardo Vargas\",\"@id\":\"https:\/\/www.suno.com.br\/noticias\/#\/schema\/person\/7f4d362bf3518e76090143ae77bb49a5\"},\"headline\":\"Evergrande faliu? Entenda o que a gigante chinesa decidiu nesta quinta (17)\",\"datePublished\":\"2023-08-17T23:54:43+00:00\",\"dateModified\":\"2023-08-18T00:17:51+00:00\",\"mainEntityOfPage\":{\"@id\":\"https:\/\/www.suno.com.br\/noticias\/evergrande-falencia-faliu-gigante-china-imobiliaria-evm\/\"},\"wordCount\":377,\"publisher\":{\"@id\":\"https:\/\/www.suno.com.br\/noticias\/#organization\"},\"image\":{\"@id\":\"https:\/\/www.suno.com.br\/noticias\/evergrande-falencia-faliu-gigante-china-imobiliaria-evm\/#primaryimage\"},\"thumbnailUrl\":\"https:\/\/files.sunoresearch.com.br\/n\/uploads\/2021\/09\/aaa.jpg\",\"keywords\":[\"China\",\"evergrande\",\"mercado imobili\u00e1rio\"],\"articleSection\":[\"Internacional\"],\"inLanguage\":\"pt-BR\"},{\"@type\":\"WebPage\",\"@id\":\"https:\/\/www.suno.com.br\/noticias\/evergrande-falencia-faliu-gigante-china-imobiliaria-evm\/\",\"url\":\"https:\/\/www.suno.com.br\/noticias\/evergrande-falencia-faliu-gigante-china-imobiliaria-evm\/\",\"name\":\"Evergrande faliu? Entenda o que a gigante chinesa fez\",\"isPartOf\":{\"@id\":\"https:\/\/www.suno.com.br\/noticias\/#website\"},\"primaryImageOfPage\":{\"@id\":\"https:\/\/www.suno.com.br\/noticias\/evergrande-falencia-faliu-gigante-china-imobiliaria-evm\/#primaryimage\"},\"image\":{\"@id\":\"https:\/\/www.suno.com.br\/noticias\/evergrande-falencia-faliu-gigante-china-imobiliaria-evm\/#primaryimage\"},\"thumbnailUrl\":\"https:\/\/files.sunoresearch.com.br\/n\/uploads\/2021\/09\/aaa.jpg\",\"datePublished\":\"2023-08-17T23:54:43+00:00\",\"dateModified\":\"2023-08-18T00:17:51+00:00\",\"description\":\"O pedido de Evergrande ocorre em meio a temores crescentes de que os problemas no setor imobili\u00e1rio da China possam se espalhar\",\"breadcrumb\":{\"@id\":\"https:\/\/www.suno.com.br\/noticias\/evergrande-falencia-faliu-gigante-china-imobiliaria-evm\/#breadcrumb\"},\"inLanguage\":\"pt-BR\",\"potentialAction\":[{\"@type\":\"ReadAction\",\"target\":[\"https:\/\/www.suno.com.br\/noticias\/evergrande-falencia-faliu-gigante-china-imobiliaria-evm\/\"]}]},{\"@type\":\"ImageObject\",\"inLanguage\":\"pt-BR\",\"@id\":\"https:\/\/www.suno.com.br\/noticias\/evergrande-falencia-faliu-gigante-china-imobiliaria-evm\/#primaryimage\",\"url\":\"https:\/\/files.sunoresearch.com.br\/n\/uploads\/2021\/09\/aaa.jpg\",\"contentUrl\":\"https:\/\/files.sunoresearch.com.br\/n\/uploads\/2021\/09\/aaa.jpg\",\"width\":1536,\"height\":799,\"caption\":\"Evergrande - Foto: Reprodu\u00e7\u00e3o\/Site Evergrande\"},{\"@type\":\"BreadcrumbList\",\"@id\":\"https:\/\/www.suno.com.br\/noticias\/evergrande-falencia-faliu-gigante-china-imobiliaria-evm\/#breadcrumb\",\"itemListElement\":[{\"@type\":\"ListItem\",\"position\":1,\"name\":\"Not\u00edcias\",\"item\":\"https:\/\/www.suno.com.br\/noticias\/\"},{\"@type\":\"ListItem\",\"position\":2,\"name\":\"Internacional\",\"item\":\"https:\/\/www.suno.com.br\/noticias\/internacional\/\"},{\"@type\":\"ListItem\",\"position\":3,\"name\":\"Evergrande faliu? Entenda o que a gigante chinesa decidiu nesta quinta (17)\"}]},{\"@type\":\"WebSite\",\"@id\":\"https:\/\/www.suno.com.br\/noticias\/#website\",\"url\":\"https:\/\/www.suno.com.br\/noticias\/\",\"name\":\"Suno Not\u00edcias\",\"description\":\"Seu portal de informa\u00e7\u00e3o sobre o mundo dos investimentos\",\"publisher\":{\"@id\":\"https:\/\/www.suno.com.br\/noticias\/#organization\"},\"potentialAction\":[{\"@type\":\"SearchAction\",\"target\":{\"@type\":\"EntryPoint\",\"urlTemplate\":\"https:\/\/www.suno.com.br\/noticias\/?s={search_term_string}\"},\"query-input\":{\"@type\":\"PropertyValueSpecification\",\"valueRequired\":true,\"valueName\":\"search_term_string\"}}],\"inLanguage\":\"pt-BR\"},{\"@type\":\"Organization\",\"@id\":\"https:\/\/www.suno.com.br\/noticias\/#organization\",\"name\":\"Suno Not\u00edcias\",\"url\":\"https:\/\/www.suno.com.br\/noticias\/\",\"logo\":{\"@type\":\"ImageObject\",\"inLanguage\":\"pt-BR\",\"@id\":\"https:\/\/www.suno.com.br\/noticias\/#\/schema\/logo\/image\/\",\"url\":\"https:\/\/files.sunoresearch.com.br\/n\/uploads\/2021\/09\/suno-logo.png\",\"contentUrl\":\"https:\/\/files.sunoresearch.com.br\/n\/uploads\/2021\/09\/suno-logo.png\",\"width\":180,\"height\":180,\"caption\":\"Suno Not\u00edcias\"},\"image\":{\"@id\":\"https:\/\/www.suno.com.br\/noticias\/#\/schema\/logo\/image\/\"},\"sameAs\":[\"https:\/\/facebook.com\/sunoresearch\",\"https:\/\/x.com\/sunoresearch\",\"https:\/\/www.instagram.com\/suno\",\"https:\/\/www.linkedin.com\/company\/suno-research\/\",\"https:\/\/www.youtube.com\/c\/sunoresearch\"]},{\"@type\":\"Person\",\"@id\":\"https:\/\/www.suno.com.br\/noticias\/#\/schema\/person\/7f4d362bf3518e76090143ae77bb49a5\",\"name\":\"Eduardo Vargas\",\"image\":{\"@type\":\"ImageObject\",\"inLanguage\":\"pt-BR\",\"@id\":\"https:\/\/www.suno.com.br\/noticias\/#\/schema\/person\/image\/\",\"url\":\"https:\/\/secure.gravatar.com\/avatar\/dac340933427a22924c9f99d1eb2e3f2?s=96&r=g\",\"contentUrl\":\"https:\/\/secure.gravatar.com\/avatar\/dac340933427a22924c9f99d1eb2e3f2?s=96&r=g\",\"caption\":\"Eduardo Vargas\"},\"description\":\"Jornalista formado pela UFSC, cobre macroeconomia, neg\u00f3cios e startups para o Suno Not\u00edcias, escrevendo principalmente not\u00edcias sobre o mercado financeiro e a bolsa de valores. No YouTube e no Instagram, \u00e9 respons\u00e1vel pela produ\u00e7\u00e3o de Reels e Shorts do Suno Not\u00edcias. Anteriormente, trabalhou cobrindo economia e cotidiano no ND+ e para o ND, maior jornal impresso de Santa Catarina. Cursou um semestre letivo de Estudos de M\u00eddia na Universidad de Buenos Aires.\",\"url\":\"https:\/\/www.suno.com.br\/noticias\/author\/eduardo-vargas\/\"}]}<\/script>\n<!-- \/ Yoast SEO plugin. -->","yoast_head_json":{"title":"Evergrande faliu? Entenda o que a gigante chinesa fez","description":"O pedido de Evergrande ocorre em meio a temores crescentes de que os problemas no setor imobili\u00e1rio da China possam se espalhar","robots":{"index":"index","follow":"follow","max-snippet":"max-snippet:-1","max-image-preview":"max-image-preview:large","max-video-preview":"max-video-preview:-1"},"canonical":"https:\/\/www.suno.com.br\/noticias\/evergrande-falencia-faliu-gigante-china-imobiliaria-evm\/","og_locale":"pt_BR","og_type":"article","og_title":"Evergrande faliu? Entenda o que a gigante chinesa fez","og_description":"O pedido de Evergrande ocorre em meio a temores crescentes de que os problemas no setor imobili\u00e1rio da China possam se espalhar","og_url":"https:\/\/www.suno.com.br\/noticias\/evergrande-falencia-faliu-gigante-china-imobiliaria-evm\/","og_site_name":"Suno Not\u00edcias","article_publisher":"https:\/\/facebook.com\/sunoresearch","og_image":[{"width":1536,"height":799,"url":"https:\/\/files.sunoresearch.com.br\/n\/uploads\/2021\/09\/aaa.jpg","type":"image\/jpeg"}],"author":"Eduardo Vargas","twitter_card":"summary_large_image","twitter_creator":"@sunoresearch","twitter_site":"@sunoresearch","twitter_misc":{"Escrito por":"Eduardo Vargas","Est. tempo de leitura":"2 minutos"},"schema":{"@context":"https:\/\/schema.org","@graph":[{"@type":"NewsArticle","@id":"https:\/\/www.suno.com.br\/noticias\/evergrande-falencia-faliu-gigante-china-imobiliaria-evm\/#article","isPartOf":{"@id":"https:\/\/www.suno.com.br\/noticias\/evergrande-falencia-faliu-gigante-china-imobiliaria-evm\/"},"author":{"name":"Eduardo Vargas","@id":"https:\/\/www.suno.com.br\/noticias\/#\/schema\/person\/7f4d362bf3518e76090143ae77bb49a5"},"headline":"Evergrande faliu? Entenda o que a gigante chinesa decidiu nesta quinta (17)","datePublished":"2023-08-17T23:54:43+00:00","dateModified":"2023-08-18T00:17:51+00:00","mainEntityOfPage":{"@id":"https:\/\/www.suno.com.br\/noticias\/evergrande-falencia-faliu-gigante-china-imobiliaria-evm\/"},"wordCount":377,"publisher":{"@id":"https:\/\/www.suno.com.br\/noticias\/#organization"},"image":{"@id":"https:\/\/www.suno.com.br\/noticias\/evergrande-falencia-faliu-gigante-china-imobiliaria-evm\/#primaryimage"},"thumbnailUrl":"https:\/\/files.sunoresearch.com.br\/n\/uploads\/2021\/09\/aaa.jpg","keywords":["China","evergrande","mercado imobili\u00e1rio"],"articleSection":["Internacional"],"inLanguage":"pt-BR"},{"@type":"WebPage","@id":"https:\/\/www.suno.com.br\/noticias\/evergrande-falencia-faliu-gigante-china-imobiliaria-evm\/","url":"https:\/\/www.suno.com.br\/noticias\/evergrande-falencia-faliu-gigante-china-imobiliaria-evm\/","name":"Evergrande faliu? Entenda o que a gigante chinesa fez","isPartOf":{"@id":"https:\/\/www.suno.com.br\/noticias\/#website"},"primaryImageOfPage":{"@id":"https:\/\/www.suno.com.br\/noticias\/evergrande-falencia-faliu-gigante-china-imobiliaria-evm\/#primaryimage"},"image":{"@id":"https:\/\/www.suno.com.br\/noticias\/evergrande-falencia-faliu-gigante-china-imobiliaria-evm\/#primaryimage"},"thumbnailUrl":"https:\/\/files.sunoresearch.com.br\/n\/uploads\/2021\/09\/aaa.jpg","datePublished":"2023-08-17T23:54:43+00:00","dateModified":"2023-08-18T00:17:51+00:00","description":"O pedido de Evergrande ocorre em meio a temores crescentes de que os problemas no setor imobili\u00e1rio da China possam se espalhar","breadcrumb":{"@id":"https:\/\/www.suno.com.br\/noticias\/evergrande-falencia-faliu-gigante-china-imobiliaria-evm\/#breadcrumb"},"inLanguage":"pt-BR","potentialAction":[{"@type":"ReadAction","target":["https:\/\/www.suno.com.br\/noticias\/evergrande-falencia-faliu-gigante-china-imobiliaria-evm\/"]}]},{"@type":"ImageObject","inLanguage":"pt-BR","@id":"https:\/\/www.suno.com.br\/noticias\/evergrande-falencia-faliu-gigante-china-imobiliaria-evm\/#primaryimage","url":"https:\/\/files.sunoresearch.com.br\/n\/uploads\/2021\/09\/aaa.jpg","contentUrl":"https:\/\/files.sunoresearch.com.br\/n\/uploads\/2021\/09\/aaa.jpg","width":1536,"height":799,"caption":"Evergrande - Foto: Reprodu\u00e7\u00e3o\/Site Evergrande"},{"@type":"BreadcrumbList","@id":"https:\/\/www.suno.com.br\/noticias\/evergrande-falencia-faliu-gigante-china-imobiliaria-evm\/#breadcrumb","itemListElement":[{"@type":"ListItem","position":1,"name":"Not\u00edcias","item":"https:\/\/www.suno.com.br\/noticias\/"},{"@type":"ListItem","position":2,"name":"Internacional","item":"https:\/\/www.suno.com.br\/noticias\/internacional\/"},{"@type":"ListItem","position":3,"name":"Evergrande faliu? Entenda o que a gigante chinesa decidiu nesta quinta (17)"}]},{"@type":"WebSite","@id":"https:\/\/www.suno.com.br\/noticias\/#website","url":"https:\/\/www.suno.com.br\/noticias\/","name":"Suno Not\u00edcias","description":"Seu portal de informa\u00e7\u00e3o sobre o mundo dos investimentos","publisher":{"@id":"https:\/\/www.suno.com.br\/noticias\/#organization"},"potentialAction":[{"@type":"SearchAction","target":{"@type":"EntryPoint","urlTemplate":"https:\/\/www.suno.com.br\/noticias\/?s={search_term_string}"},"query-input":{"@type":"PropertyValueSpecification","valueRequired":true,"valueName":"search_term_string"}}],"inLanguage":"pt-BR"},{"@type":"Organization","@id":"https:\/\/www.suno.com.br\/noticias\/#organization","name":"Suno Not\u00edcias","url":"https:\/\/www.suno.com.br\/noticias\/","logo":{"@type":"ImageObject","inLanguage":"pt-BR","@id":"https:\/\/www.suno.com.br\/noticias\/#\/schema\/logo\/image\/","url":"https:\/\/files.sunoresearch.com.br\/n\/uploads\/2021\/09\/suno-logo.png","contentUrl":"https:\/\/files.sunoresearch.com.br\/n\/uploads\/2021\/09\/suno-logo.png","width":180,"height":180,"caption":"Suno Not\u00edcias"},"image":{"@id":"https:\/\/www.suno.com.br\/noticias\/#\/schema\/logo\/image\/"},"sameAs":["https:\/\/facebook.com\/sunoresearch","https:\/\/x.com\/sunoresearch","https:\/\/www.instagram.com\/suno","https:\/\/www.linkedin.com\/company\/suno-research\/","https:\/\/www.youtube.com\/c\/sunoresearch"]},{"@type":"Person","@id":"https:\/\/www.suno.com.br\/noticias\/#\/schema\/person\/7f4d362bf3518e76090143ae77bb49a5","name":"Eduardo Vargas","image":{"@type":"ImageObject","inLanguage":"pt-BR","@id":"https:\/\/www.suno.com.br\/noticias\/#\/schema\/person\/image\/","url":"https:\/\/secure.gravatar.com\/avatar\/dac340933427a22924c9f99d1eb2e3f2?s=96&r=g","contentUrl":"https:\/\/secure.gravatar.com\/avatar\/dac340933427a22924c9f99d1eb2e3f2?s=96&r=g","caption":"Eduardo Vargas"},"description":"Jornalista formado pela UFSC, cobre macroeconomia, neg\u00f3cios e startups para o Suno Not\u00edcias, escrevendo principalmente not\u00edcias sobre o mercado financeiro e a bolsa de valores. No YouTube e no Instagram, \u00e9 respons\u00e1vel pela produ\u00e7\u00e3o de Reels e Shorts do Suno Not\u00edcias. Anteriormente, trabalhou cobrindo economia e cotidiano no ND+ e para o ND, maior jornal impresso de Santa Catarina. Cursou um semestre letivo de Estudos de M\u00eddia na Universidad de Buenos Aires.","url":"https:\/\/www.suno.com.br\/noticias\/author\/eduardo-vargas\/"}]}},"default_loop_html":"<div class=\"cardsPage__listCard__boxs\"><div class=\"cardsPage__listCard__boxs__img\"><a href=\"https:\/\/www.suno.com.br\/noticias\/evergrande-falencia-faliu-gigante-china-imobiliaria-evm\/\"><img class=\"mask\" src=\"https:\/\/www.suno.com.br\/noticias\/wp-content\/themes\/suno\/resources\/images\/spotlight\/spotlight1img\/bg-mask.png\" alt=\"Image Mask\"\/><img src=\"https:\/\/files.sunoresearch.com.br\/n\/uploads\/2021\/09\/aaa-400x200.jpg\" alt=\"Evergrande faliu? Entenda o que a gigante chinesa decidiu nesta quinta (17)\"\/><\/a><span class=\"spotlightCategory\"><a href=\"https:\/\/www.suno.com.br\/noticias\/internacional\/\">Internacional<\/a><\/span><\/div><div class=\"cardsPage__listCard__boxs__content\"><a href=\"https:\/\/www.suno.com.br\/noticias\/evergrande-falencia-faliu-gigante-china-imobiliaria-evm\/\"><h2 class=\"content__title\">Evergrande faliu? Entenda o que a gigante chinesa decidiu nesta quinta (17)<\/h2><\/a><div class=\"newsContent__article__meta\"><div class=\"newsContent__article__meta__authorBox\"><a href=\"https:\/\/www.suno.com.br\/noticias\/author\/eduardo-vargas\/\" class=\"authorBox__avatar noMobi\"><img src=\"https:\/\/secure.gravatar.com\/avatar\/dac340933427a22924c9f99d1eb2e3f2?s=96&#038;r=g\" alt=\"Eduardo Vargas\"><\/a><div class=\"authorBox__name\"><span>por\n\t\t\t<a href=\"https:\/\/www.suno.com.br\/noticias\/author\/eduardo-vargas\/\"><span itemprop=\"author\">Eduardo Vargas<\/span><\/a><\/span><time datetime=\"2023-08-17T20:54:43-03:00\" itemprop=\"datePublished\">17\/08\/2023 20:54<\/time><\/div><\/div><\/div><\/div><\/div>","single_layout":"posts","amp_enabled":true,"_links":{"self":[{"href":"https:\/\/www.suno.com.br\/noticias\/wp-json\/wp\/v2\/posts\/444401"}],"collection":[{"href":"https:\/\/www.suno.com.br\/noticias\/wp-json\/wp\/v2\/posts"}],"about":[{"href":"https:\/\/www.suno.com.br\/noticias\/wp-json\/wp\/v2\/types\/post"}],"author":[{"embeddable":true,"href":"https:\/\/www.suno.com.br\/noticias\/wp-json\/wp\/v2\/users\/73"}],"replies":[{"embeddable":true,"href":"https:\/\/www.suno.com.br\/noticias\/wp-json\/wp\/v2\/comments?post=444401"}],"version-history":[{"count":2,"href":"https:\/\/www.suno.com.br\/noticias\/wp-json\/wp\/v2\/posts\/444401\/revisions"}],"predecessor-version":[{"id":444439,"href":"https:\/\/www.suno.com.br\/noticias\/wp-json\/wp\/v2\/posts\/444401\/revisions\/444439"}],"wp:featuredmedia":[{"embeddable":true,"href":"https:\/\/www.suno.com.br\/noticias\/wp-json\/wp\/v2\/media\/184099"}],"wp:attachment":[{"href":"https:\/\/www.suno.com.br\/noticias\/wp-json\/wp\/v2\/media?parent=444401"}],"wp:term":[{"taxonomy":"category","embeddable":true,"href":"https:\/\/www.suno.com.br\/noticias\/wp-json\/wp\/v2\/categories?post=444401"},{"taxonomy":"post_tag","embeddable":true,"href":"https:\/\/www.suno.com.br\/noticias\/wp-json\/wp\/v2\/tags?post=444401"},{"taxonomy":"suno_strategy","embeddable":true,"href":"https:\/\/www.suno.com.br\/noticias\/wp-json\/wp\/v2\/suno_strategy?post=444401"}],"curies":[{"name":"wp","href":"https:\/\/api.w.org\/{rel}","templated":true}]}}