{"id":444231,"date":"2023-08-17T15:48:18","date_gmt":"2023-08-17T18:48:18","guid":{"rendered":"https:\/\/www.suno.com.br\/noticias\/?p=444231"},"modified":"2023-08-17T15:48:24","modified_gmt":"2023-08-17T18:48:24","slug":"imposto-renda-2023-quando-consulta-quarto-lote-cpf","status":"publish","type":"post","link":"https:\/\/www.suno.com.br\/noticias\/imposto-renda-2023-quando-consulta-quarto-lote-cpf\/","title":{"rendered":"IRPF 2023: Quando ser\u00e1 liberada a consulta do 4\u00ba lote do Imposto de Renda?"},"content":{"rendered":"<p>A <a class=\"suno-keyword\" target=\"_blank\" data-force=\"no\" data-priority=\"3\" href=\"https:\/\/www.suno.com.br\/artigos\/receita-federal\/\" rel=\"noopener\">Receita Federal<\/a> anunciou em seu calend\u00e1rio oficial do<strong> Imposto de Renda 2023 <\/strong>as datas para consulta e restitui\u00e7\u00e3o. No m\u00eas de agosto, ser\u00e1 o momento do 4\u00ba lote da restitui\u00e7\u00e3o e os contribuintes ter\u00e3o acesso \u00e0 previs\u00e3o dos valores a receber a partir do dia 24 de agosto, pr\u00f3xima quinta-feira.<\/p>\t<div class=\"wrapper-featured-image\">\n\t\t<figure class=\"spotlightImg\">\n\n\t\t\t<picture>\n\t\t\t\t<source media=\"(max-width: 768px)\" srcset=\"https:\/\/files.sunoresearch.com.br\/n\/uploads\/2023\/02\/infraestrutura-isento-imposto-de-renda-400x200.jpg\">\n\t\t\t\t<img loading=\"lazy\" decoding=\"async\" class=\"newsContent__article__imgCapa lazyloadDisabled \" src=\"https:\/\/files.sunoresearch.com.br\/n\/uploads\/2023\/02\/infraestrutura-isento-imposto-de-renda-800x450.jpg\" width=\"800\" height=\"450\" alt=\"IRPF 2023: Quando ser\u00e1 liberada a consulta do 4\u00ba lote do Imposto de Renda?\" fetchpriority=high \/>\n\t\t\t<\/picture>\n\n\t\t\t<figcaption class=\"wp-caption-text wp-caption-text--show\">Desenrola para MEI e micro e pequenas empresas come\u00e7a nesta segunda. Foto Unsplash<\/figcaption>\n\t\t<\/figure>\n\t<\/div>\n\n\n\n\n\n\n\n\t<p>\n\t\t<a href=\"https:\/\/lp.suno.com.br\/ebook-guia-ir\/\" target=\"_blank\" data-element=\"shortcode-suno-banner\" title=\"Banner SUNO, clique e saiba mais\">\n\t\t\t<picture>\n\t\t\t\t<source media=\"(max-width: 500px)\" srcset=\"https:\/\/files.sunoresearch.com.br\/n\/uploads\/2023\/03\/400x300-Ebook-IR.png\">\n\t\t\t\t<img class=\"newsContent__article__imgCapa newsContent__article__imgCapa--banner\"\n\t\t\t\t\tsrc=\"https:\/\/files.sunoresearch.com.br\/n\/uploads\/2023\/03\/1420x240-Ebook-IR.png\"\n\t\t\t\t\tdata-promo-id=\"383124\"\t\t\t\t\t\t\t\t\t\twidth='1420' height='240'\t\t\t\t\talt=\"https:\/\/files.sunoresearch.com.br\/n\/uploads\/2023\/03\/1420x240-Ebook-IR.png\"\n\t\t\t\t>\n\t\t\t<\/picture>\n\t\t<\/a>\n\t<\/p>\n\n\n\n\n\n<p>De acordo com a RF, o pagamento ser\u00e1 feito no dia 31 de agosto de junho.<a href=\"https:\/\/lp.suno.com.br\/ebook-guia-ir\/?_fs=16425672212-15144513039\" target=\"_blank\" rel=\"noreferrer noopener\"><\/a><\/p>\n\n\n\n<p>As restitui\u00e7\u00f5es do <strong>Imposto de Renda 2023<\/strong>&nbsp;come\u00e7aram no dia 31 de maio, data limite tamb\u00e9m para o envio das declara\u00e7\u00f5es. As restitui\u00e7\u00f5es at\u00e9 agora bateram o recorde de maior valor em lotes de restitui\u00e7\u00e3o, com R$ 7,5 bilh\u00f5es a serem distribu\u00eddos.<\/p>\n\n\n\n<p>Os valores para o 4\u00ba lote da restitui\u00e7\u00e3o, assim como o n\u00famero de contemplados ainda n\u00e3o foi divulgado.<\/p>\n\n\n\n<p>Ainda n\u00e3o foi confirmado se o&nbsp;<strong>quarto lote<\/strong>&nbsp;de pagamentos ainda ir\u00e1 incluir as categorias priorit\u00e1rias ou ser\u00e1 apenas para os demais contribuintes sem prioridades. <\/p>\n\n\n\n<p>Esse \u00e9 o primeiro ano em que as pessoas puderam optar por receber a restitui\u00e7\u00e3o via Pix e muitos tamb\u00e9m usaram a declara\u00e7\u00e3o pr\u00e9-preenchida. Essas duas op\u00e7\u00f5es entraram para a lista de prioridades da restitui\u00e7\u00e3o.<\/p>\n\n\n\t<p>\n\t\t<a href=\"https:\/\/lp.suno.com.br\/ebook-como-analisar-uma-acao\/\" target=\"_blank\" data-element=\"shortcode-suno-banner\" title=\"Banner SUNO, clique e saiba mais\">\n\t\t\t<picture>\n\t\t\t\t<source media=\"(max-width: 500px)\" srcset=\"https:\/\/files.sunoresearch.com.br\/n\/uploads\/2023\/03\/Ebook-Acoes-Mobile.jpg\">\n\t\t\t\t<img class=\"newsContent__article__imgCapa newsContent__article__imgCapa--banner\"\n\t\t\t\t\tsrc=\"https:\/\/files.sunoresearch.com.br\/n\/uploads\/2023\/03\/Ebook-Acoes-Desktop.jpg\"\n\t\t\t\t\tdata-promo-id=\"378302\"\t\t\t\t\t\t\t\t\t\twidth='1420' height='286'\t\t\t\t\talt=\"https:\/\/files.sunoresearch.com.br\/n\/uploads\/2023\/03\/Ebook-Acoes-Desktop.jpg\"\n\t\t\t\t>\n\t\t\t<\/picture>\n\t\t<\/a>\n\t<\/p>\n\n\n\n\n\n<h2 class=\"wp-block-heading\">Consulta do Imposto de Renda 2023<\/h2>\n\n\n\n<p>O<strong>&nbsp;restitui\u00e7\u00e3o do&nbsp;<\/strong><a href=\"https:\/\/www.suno.com.br\/guias\/imposto-de-renda-guia\/\"><strong>IR 2023<\/strong>&nbsp;<\/a>ainda ter\u00e1 mais um lote, totalizando cinco datas no calend\u00e1rio. Para saber se a pr\u00f3xima ser\u00e1 a sua vez de receber, a consulta ser\u00e1 liberada oficialmente no dia 24, \u00e0s 10 horas.<\/p>\n\n\n\n<p>Para consultar, o contribuinte deve:<\/p>\n\n\n\n<ol class=\"wp-block-list\">\n<li>Acessar o site da&nbsp;<strong>Receita Federal<\/strong>&nbsp;(gov.br\/receitafederal\/);<\/li>\n\n\n\n<li>Ir em \u201cMeu Imposto de Renda\u201d;<\/li>\n\n\n\n<li>Clicar em \u201cConsultar Restitui\u00e7\u00e3o\u201d;<\/li>\n\n\n\n<li>Informar os dados pessoais solicitados e consultar se est\u00e1 incluso na pr\u00f3xima restitui\u00e7\u00e3o.<\/li>\n<\/ol>\n\n\n\n<p>Mesmo que n\u00e3o v\u00e1 receber no pr\u00f3ximo lote de restitui\u00e7\u00e3o, a <strong>consulta <\/strong>\u00e9 importante pois indica a situa\u00e7\u00e3o da sua declara\u00e7\u00e3o. Em alguns casos, podem aparecer status como:<\/p>\n\n\n\n<ul class=\"wp-block-list\">\n<li>\u201cCom pend\u00eancias\u201d, o que significa que o contribuinte deve preencher o que falta;<\/li>\n\n\n\n<li>N\u00e3o entregue, que indica que o contribuinte n\u00e3o entregou o documento;<\/li>\n\n\n\n<li>Retificada, quando houve substitui\u00e7\u00e3o da anterior por uma retificadora;<\/li>\n\n\n\n<li>Cancelada, caso o contribuinte ou a administra\u00e7\u00e3o tribut\u00e1ria cancelaram a declara\u00e7\u00e3o.<\/li>\n<\/ul>\n\n\n\n<p>Nesses caso, \u00e9 importante garantir que os dados informados no seu&nbsp;<strong>Imposto de Renda<\/strong>&nbsp;2023 estejam corretos ou sejam corrigidos o mais r\u00e1pido poss\u00edvel, para n\u00e3o \u201csujar seu nome\u201d ou cair na&nbsp;<a href=\"https:\/\/www.suno.com.br\/artigos\/malha-fina\/\" target=\"_blank\" rel=\"noreferrer noopener\">malha fina<\/a>.<\/p>\n\n\n\n\t<div data-element=\"shortcode-read-more\" class=\"readToo\">\n\t\t\t\t<span class=\"readToo__title\">Leia mais<\/span>\n\t\t\t\t<ul class=\"readToo__list\">\n\t\t\t<li><a href=\"https:\/\/www.suno.com.br\/noticias\/xp-atinger-marca-milhao-cartoes-ativos-evm\/\">XP (XPBR31) atinge 1 milh\u00e3o de cart\u00f5es ativos em dois anos<\/a><\/li><li><a href=\"https:\/\/www.suno.com.br\/noticias\/bolsa-familia-governo-reajuste-2024-evm\/\">Bolsa Fam\u00edlia: governo quer reajuste no programa social em 2024<\/a><\/li><li><a href=\"https:\/\/www.suno.com.br\/noticias\/brasil-fez-novos-milionarios-ubs-cpf\/\">Brasil fez 120 mil novos milion\u00e1rios em 2022; n\u00famero pode crescer 91% at\u00e9 2027, mostra UBS<\/a><\/li>\t\t<\/ul>\n\t<\/div>\n\n\n\n\n<h2 class=\"wp-block-heading\">Calend\u00e1rio de Restitui\u00e7\u00e3o do Imposto de Renda 2023<\/h2>\n\n\n\n<p>\u00c9 importante que os contribuintes estejam atualizados sobre o calend\u00e1rio, assim como utilizem a consulta para garantir que todas as suas informa\u00e7\u00f5es da declara\u00e7\u00e3o estejam corretas e n\u00e3o tenha problemas desnecess\u00e1rios.<\/p>\n\n\n\n<p>Abaixo, voc\u00ea confere o&nbsp;<strong>calend\u00e1rio de restitui\u00e7\u00e3o do IR 2023<\/strong>:<\/p>\n\n\n\n<ul class=\"wp-block-list\">\n<li>1\u00ba Lote: Pago em 31 de maio;<\/li>\n\n\n\n<li>2\u00ba Lote: Pago em 30 de junho;<\/li>\n\n\n\n<li>3\u00ba Lote: Pago em 31 de julho;<\/li>\n\n\n\n<li>4\u00ba Lote: 31 de agosto;<\/li>\n\n\n\n<li>5\u00ba Lote: 29 de setembro.<\/li>\n<\/ul>\n\n\n\t<p>\n\t\t<a href=\"https:\/\/lp.suno.com.br\/planilha-da-vida-financeira\/\" target=\"_blank\" data-element=\"shortcode-suno-banner\" title=\"Banner SUNO, clique e saiba mais\">\n\t\t\t<picture>\n\t\t\t\t<source media=\"(max-width: 500px)\" srcset=\"https:\/\/files.sunoresearch.com.br\/n\/uploads\/2023\/04\/400x300-Planilha-vida-financeira-true.png\">\n\t\t\t\t<img class=\"newsContent__article__imgCapa newsContent__article__imgCapa--banner\"\n\t\t\t\t\tsrc=\"https:\/\/files.sunoresearch.com.br\/n\/uploads\/2023\/04\/1420x240-Planilha-vida-financeira-true.png\"\n\t\t\t\t\tdata-promo-id=\"383123\"\t\t\t\t\t\t\t\t\t\twidth='1420' height='240'\t\t\t\t\talt=\"https:\/\/files.sunoresearch.com.br\/n\/uploads\/2023\/04\/1420x240-Planilha-vida-financeira-true.png\"\n\t\t\t\t>\n\t\t\t<\/picture>\n\t\t<\/a>\n\t<\/p>\n\n\n","protected":false},"excerpt":{"rendered":"<p>A Receita Federal anunciou em seu calend\u00e1rio oficial do Imposto de Renda 2023 as datas para consulta e restitui\u00e7\u00e3o. No m\u00eas de agosto, ser\u00e1 o momento do 4\u00ba lote da restitui\u00e7\u00e3o e os contribuintes ter\u00e3o acesso \u00e0 previs\u00e3o dos valores a receber a partir do dia 24 de agosto, pr\u00f3xima quinta-feira. Desenrola para MEI e [&hellip;]<\/p>\n","protected":false},"author":283,"featured_media":361976,"comment_status":"closed","ping_status":"closed","sticky":false,"template":"","format":"standard","meta":[],"categories":[65],"tags":[303,847],"suno_strategy":[],"class_list":["post-444231","post","type-post","status-publish","format-standard","has-post-thumbnail","hentry","category-financas-pessoais","tag-imposto-de-renda","tag-receita-federal"],"yoast_head":"<!-- This site is optimized with the Yoast SEO plugin v24.4 - https:\/\/yoast.com\/wordpress\/plugins\/seo\/ -->\n<title>Imposto de Renda 2023: Quando ser\u00e1 liberada a consulta do 4\u00ba lote?<\/title>\n<meta name=\"description\" content=\"As datas para consulta e restitui\u00e7\u00e3o do 4\u00ba lote do Imposto de Renda 2023 est\u00e3o agendadas para as \u00faltimas semanas do m\u00eas de agosto. Confira.\" \/>\n<meta name=\"robots\" content=\"index, follow, max-snippet:-1, max-image-preview:large, max-video-preview:-1\" \/>\n<link rel=\"canonical\" href=\"https:\/\/www.suno.com.br\/noticias\/imposto-renda-2023-quando-consulta-quarto-lote-cpf\/\" \/>\n<meta property=\"og:locale\" content=\"pt_BR\" \/>\n<meta property=\"og:type\" content=\"article\" \/>\n<meta property=\"og:title\" content=\"Imposto de Renda 2023: Quando ser\u00e1 liberada a consulta do 4\u00ba lote?\" \/>\n<meta property=\"og:description\" content=\"As datas para consulta e restitui\u00e7\u00e3o do 4\u00ba lote do Imposto de Renda 2023 est\u00e3o agendadas para as \u00faltimas semanas do m\u00eas de agosto. Confira.\" \/>\n<meta property=\"og:url\" content=\"https:\/\/www.suno.com.br\/noticias\/imposto-renda-2023-quando-consulta-quarto-lote-cpf\/\" \/>\n<meta property=\"og:site_name\" content=\"Suno Not\u00edcias\" \/>\n<meta property=\"article:publisher\" content=\"https:\/\/facebook.com\/sunoresearch\" \/>\n<meta property=\"og:image\" content=\"https:\/\/files.sunoresearch.com.br\/n\/uploads\/2023\/02\/infraestrutura-isento-imposto-de-renda-scaled.jpg\" \/>\n\t<meta property=\"og:image:width\" content=\"2560\" \/>\n\t<meta property=\"og:image:height\" content=\"1707\" \/>\n\t<meta property=\"og:image:type\" content=\"image\/jpeg\" \/>\n<meta name=\"author\" content=\"Camila Paim\" \/>\n<meta name=\"twitter:card\" content=\"summary_large_image\" \/>\n<meta name=\"twitter:creator\" content=\"@sunoresearch\" \/>\n<meta name=\"twitter:site\" content=\"@sunoresearch\" \/>\n<meta name=\"twitter:label1\" content=\"Escrito por\" \/>\n\t<meta name=\"twitter:data1\" content=\"Camila Paim\" \/>\n\t<meta name=\"twitter:label2\" content=\"Est. tempo de leitura\" \/>\n\t<meta name=\"twitter:data2\" content=\"3 minutos\" \/>\n<script type=\"application\/ld+json\" class=\"yoast-schema-graph\">{\"@context\":\"https:\/\/schema.org\",\"@graph\":[{\"@type\":\"NewsArticle\",\"@id\":\"https:\/\/www.suno.com.br\/noticias\/imposto-renda-2023-quando-consulta-quarto-lote-cpf\/#article\",\"isPartOf\":{\"@id\":\"https:\/\/www.suno.com.br\/noticias\/imposto-renda-2023-quando-consulta-quarto-lote-cpf\/\"},\"author\":{\"name\":\"Camila Paim\",\"@id\":\"https:\/\/www.suno.com.br\/noticias\/#\/schema\/person\/f341d3ae5d1cc685176c9a5327cdfdbb\"},\"headline\":\"IRPF 2023: Quando ser\u00e1 liberada a consulta do 4\u00ba lote do Imposto de Renda?\",\"datePublished\":\"2023-08-17T18:48:18+00:00\",\"dateModified\":\"2023-08-17T18:48:24+00:00\",\"mainEntityOfPage\":{\"@id\":\"https:\/\/www.suno.com.br\/noticias\/imposto-renda-2023-quando-consulta-quarto-lote-cpf\/\"},\"wordCount\":512,\"publisher\":{\"@id\":\"https:\/\/www.suno.com.br\/noticias\/#organization\"},\"image\":{\"@id\":\"https:\/\/www.suno.com.br\/noticias\/imposto-renda-2023-quando-consulta-quarto-lote-cpf\/#primaryimage\"},\"thumbnailUrl\":\"https:\/\/files.sunoresearch.com.br\/n\/uploads\/2023\/02\/infraestrutura-isento-imposto-de-renda-scaled.jpg\",\"keywords\":[\"Imposto de Renda\",\"Receita Federal\"],\"articleSection\":[\"Finan\u00e7as Pessoais\"],\"inLanguage\":\"pt-BR\"},{\"@type\":\"WebPage\",\"@id\":\"https:\/\/www.suno.com.br\/noticias\/imposto-renda-2023-quando-consulta-quarto-lote-cpf\/\",\"url\":\"https:\/\/www.suno.com.br\/noticias\/imposto-renda-2023-quando-consulta-quarto-lote-cpf\/\",\"name\":\"Imposto de Renda 2023: Quando ser\u00e1 liberada a consulta do 4\u00ba lote?\",\"isPartOf\":{\"@id\":\"https:\/\/www.suno.com.br\/noticias\/#website\"},\"primaryImageOfPage\":{\"@id\":\"https:\/\/www.suno.com.br\/noticias\/imposto-renda-2023-quando-consulta-quarto-lote-cpf\/#primaryimage\"},\"image\":{\"@id\":\"https:\/\/www.suno.com.br\/noticias\/imposto-renda-2023-quando-consulta-quarto-lote-cpf\/#primaryimage\"},\"thumbnailUrl\":\"https:\/\/files.sunoresearch.com.br\/n\/uploads\/2023\/02\/infraestrutura-isento-imposto-de-renda-scaled.jpg\",\"datePublished\":\"2023-08-17T18:48:18+00:00\",\"dateModified\":\"2023-08-17T18:48:24+00:00\",\"description\":\"As datas para consulta e restitui\u00e7\u00e3o do 4\u00ba lote do Imposto de Renda 2023 est\u00e3o agendadas para as \u00faltimas semanas do m\u00eas de agosto. Confira.\",\"breadcrumb\":{\"@id\":\"https:\/\/www.suno.com.br\/noticias\/imposto-renda-2023-quando-consulta-quarto-lote-cpf\/#breadcrumb\"},\"inLanguage\":\"pt-BR\",\"potentialAction\":[{\"@type\":\"ReadAction\",\"target\":[\"https:\/\/www.suno.com.br\/noticias\/imposto-renda-2023-quando-consulta-quarto-lote-cpf\/\"]}]},{\"@type\":\"ImageObject\",\"inLanguage\":\"pt-BR\",\"@id\":\"https:\/\/www.suno.com.br\/noticias\/imposto-renda-2023-quando-consulta-quarto-lote-cpf\/#primaryimage\",\"url\":\"https:\/\/files.sunoresearch.com.br\/n\/uploads\/2023\/02\/infraestrutura-isento-imposto-de-renda-scaled.jpg\",\"contentUrl\":\"https:\/\/files.sunoresearch.com.br\/n\/uploads\/2023\/02\/infraestrutura-isento-imposto-de-renda-scaled.jpg\",\"width\":2560,\"height\":1707,\"caption\":\"Desenrola para MEI e micro e pequenas empresas come\u00e7a nesta segunda. Foto Unsplash\"},{\"@type\":\"BreadcrumbList\",\"@id\":\"https:\/\/www.suno.com.br\/noticias\/imposto-renda-2023-quando-consulta-quarto-lote-cpf\/#breadcrumb\",\"itemListElement\":[{\"@type\":\"ListItem\",\"position\":1,\"name\":\"Not\u00edcias\",\"item\":\"https:\/\/www.suno.com.br\/noticias\/\"},{\"@type\":\"ListItem\",\"position\":2,\"name\":\"Finan\u00e7as Pessoais\",\"item\":\"https:\/\/www.suno.com.br\/noticias\/financas-pessoais\/\"},{\"@type\":\"ListItem\",\"position\":3,\"name\":\"IRPF 2023: Quando ser\u00e1 liberada a consulta do 4\u00ba lote do Imposto de Renda?\"}]},{\"@type\":\"WebSite\",\"@id\":\"https:\/\/www.suno.com.br\/noticias\/#website\",\"url\":\"https:\/\/www.suno.com.br\/noticias\/\",\"name\":\"Suno Not\u00edcias\",\"description\":\"Seu portal de informa\u00e7\u00e3o sobre o mundo dos investimentos\",\"publisher\":{\"@id\":\"https:\/\/www.suno.com.br\/noticias\/#organization\"},\"potentialAction\":[{\"@type\":\"SearchAction\",\"target\":{\"@type\":\"EntryPoint\",\"urlTemplate\":\"https:\/\/www.suno.com.br\/noticias\/?s={search_term_string}\"},\"query-input\":{\"@type\":\"PropertyValueSpecification\",\"valueRequired\":true,\"valueName\":\"search_term_string\"}}],\"inLanguage\":\"pt-BR\"},{\"@type\":\"Organization\",\"@id\":\"https:\/\/www.suno.com.br\/noticias\/#organization\",\"name\":\"Suno Not\u00edcias\",\"url\":\"https:\/\/www.suno.com.br\/noticias\/\",\"logo\":{\"@type\":\"ImageObject\",\"inLanguage\":\"pt-BR\",\"@id\":\"https:\/\/www.suno.com.br\/noticias\/#\/schema\/logo\/image\/\",\"url\":\"https:\/\/files.sunoresearch.com.br\/n\/uploads\/2021\/09\/suno-logo.png\",\"contentUrl\":\"https:\/\/files.sunoresearch.com.br\/n\/uploads\/2021\/09\/suno-logo.png\",\"width\":180,\"height\":180,\"caption\":\"Suno Not\u00edcias\"},\"image\":{\"@id\":\"https:\/\/www.suno.com.br\/noticias\/#\/schema\/logo\/image\/\"},\"sameAs\":[\"https:\/\/facebook.com\/sunoresearch\",\"https:\/\/x.com\/sunoresearch\",\"https:\/\/www.instagram.com\/suno\",\"https:\/\/www.linkedin.com\/company\/suno-research\/\",\"https:\/\/www.youtube.com\/c\/sunoresearch\"]},{\"@type\":\"Person\",\"@id\":\"https:\/\/www.suno.com.br\/noticias\/#\/schema\/person\/f341d3ae5d1cc685176c9a5327cdfdbb\",\"name\":\"Camila Paim\",\"image\":{\"@type\":\"ImageObject\",\"inLanguage\":\"pt-BR\",\"@id\":\"https:\/\/www.suno.com.br\/noticias\/#\/schema\/person\/image\/\",\"url\":\"https:\/\/secure.gravatar.com\/avatar\/f33728e65febb1aa7ecf6792956f9b20?s=96&r=g\",\"contentUrl\":\"https:\/\/secure.gravatar.com\/avatar\/f33728e65febb1aa7ecf6792956f9b20?s=96&r=g\",\"caption\":\"Camila Paim\"},\"description\":\"Jornalista formada pela USP, tem experi\u00eancia em reda\u00e7\u00f5es, SEO, Branded Content e Webdesign. Com passagem pelo Jornal da USP, Empiricus e C6 Bank, hoje \u00e9 rep\u00f3rter no Suno Not\u00edcias cobrindo macroeconomia, finan\u00e7as pessoais e startups.\",\"url\":\"https:\/\/www.suno.com.br\/noticias\/author\/camila-figueiredosuno-com-br\/\"}]}<\/script>\n<!-- \/ Yoast SEO plugin. -->","yoast_head_json":{"title":"Imposto de Renda 2023: Quando ser\u00e1 liberada a consulta do 4\u00ba lote?","description":"As datas para consulta e restitui\u00e7\u00e3o do 4\u00ba lote do Imposto de Renda 2023 est\u00e3o agendadas para as \u00faltimas semanas do m\u00eas de agosto. Confira.","robots":{"index":"index","follow":"follow","max-snippet":"max-snippet:-1","max-image-preview":"max-image-preview:large","max-video-preview":"max-video-preview:-1"},"canonical":"https:\/\/www.suno.com.br\/noticias\/imposto-renda-2023-quando-consulta-quarto-lote-cpf\/","og_locale":"pt_BR","og_type":"article","og_title":"Imposto de Renda 2023: Quando ser\u00e1 liberada a consulta do 4\u00ba lote?","og_description":"As datas para consulta e restitui\u00e7\u00e3o do 4\u00ba lote do Imposto de Renda 2023 est\u00e3o agendadas para as \u00faltimas semanas do m\u00eas de agosto. Confira.","og_url":"https:\/\/www.suno.com.br\/noticias\/imposto-renda-2023-quando-consulta-quarto-lote-cpf\/","og_site_name":"Suno Not\u00edcias","article_publisher":"https:\/\/facebook.com\/sunoresearch","og_image":[{"width":2560,"height":1707,"url":"https:\/\/files.sunoresearch.com.br\/n\/uploads\/2023\/02\/infraestrutura-isento-imposto-de-renda-scaled.jpg","type":"image\/jpeg"}],"author":"Camila Paim","twitter_card":"summary_large_image","twitter_creator":"@sunoresearch","twitter_site":"@sunoresearch","twitter_misc":{"Escrito por":"Camila Paim","Est. tempo de leitura":"3 minutos"},"schema":{"@context":"https:\/\/schema.org","@graph":[{"@type":"NewsArticle","@id":"https:\/\/www.suno.com.br\/noticias\/imposto-renda-2023-quando-consulta-quarto-lote-cpf\/#article","isPartOf":{"@id":"https:\/\/www.suno.com.br\/noticias\/imposto-renda-2023-quando-consulta-quarto-lote-cpf\/"},"author":{"name":"Camila Paim","@id":"https:\/\/www.suno.com.br\/noticias\/#\/schema\/person\/f341d3ae5d1cc685176c9a5327cdfdbb"},"headline":"IRPF 2023: Quando ser\u00e1 liberada a consulta do 4\u00ba lote do Imposto de Renda?","datePublished":"2023-08-17T18:48:18+00:00","dateModified":"2023-08-17T18:48:24+00:00","mainEntityOfPage":{"@id":"https:\/\/www.suno.com.br\/noticias\/imposto-renda-2023-quando-consulta-quarto-lote-cpf\/"},"wordCount":512,"publisher":{"@id":"https:\/\/www.suno.com.br\/noticias\/#organization"},"image":{"@id":"https:\/\/www.suno.com.br\/noticias\/imposto-renda-2023-quando-consulta-quarto-lote-cpf\/#primaryimage"},"thumbnailUrl":"https:\/\/files.sunoresearch.com.br\/n\/uploads\/2023\/02\/infraestrutura-isento-imposto-de-renda-scaled.jpg","keywords":["Imposto de Renda","Receita Federal"],"articleSection":["Finan\u00e7as Pessoais"],"inLanguage":"pt-BR"},{"@type":"WebPage","@id":"https:\/\/www.suno.com.br\/noticias\/imposto-renda-2023-quando-consulta-quarto-lote-cpf\/","url":"https:\/\/www.suno.com.br\/noticias\/imposto-renda-2023-quando-consulta-quarto-lote-cpf\/","name":"Imposto de Renda 2023: Quando ser\u00e1 liberada a consulta do 4\u00ba lote?","isPartOf":{"@id":"https:\/\/www.suno.com.br\/noticias\/#website"},"primaryImageOfPage":{"@id":"https:\/\/www.suno.com.br\/noticias\/imposto-renda-2023-quando-consulta-quarto-lote-cpf\/#primaryimage"},"image":{"@id":"https:\/\/www.suno.com.br\/noticias\/imposto-renda-2023-quando-consulta-quarto-lote-cpf\/#primaryimage"},"thumbnailUrl":"https:\/\/files.sunoresearch.com.br\/n\/uploads\/2023\/02\/infraestrutura-isento-imposto-de-renda-scaled.jpg","datePublished":"2023-08-17T18:48:18+00:00","dateModified":"2023-08-17T18:48:24+00:00","description":"As datas para consulta e restitui\u00e7\u00e3o do 4\u00ba lote do Imposto de Renda 2023 est\u00e3o agendadas para as \u00faltimas semanas do m\u00eas de agosto. Confira.","breadcrumb":{"@id":"https:\/\/www.suno.com.br\/noticias\/imposto-renda-2023-quando-consulta-quarto-lote-cpf\/#breadcrumb"},"inLanguage":"pt-BR","potentialAction":[{"@type":"ReadAction","target":["https:\/\/www.suno.com.br\/noticias\/imposto-renda-2023-quando-consulta-quarto-lote-cpf\/"]}]},{"@type":"ImageObject","inLanguage":"pt-BR","@id":"https:\/\/www.suno.com.br\/noticias\/imposto-renda-2023-quando-consulta-quarto-lote-cpf\/#primaryimage","url":"https:\/\/files.sunoresearch.com.br\/n\/uploads\/2023\/02\/infraestrutura-isento-imposto-de-renda-scaled.jpg","contentUrl":"https:\/\/files.sunoresearch.com.br\/n\/uploads\/2023\/02\/infraestrutura-isento-imposto-de-renda-scaled.jpg","width":2560,"height":1707,"caption":"Desenrola para MEI e micro e pequenas empresas come\u00e7a nesta segunda. Foto Unsplash"},{"@type":"BreadcrumbList","@id":"https:\/\/www.suno.com.br\/noticias\/imposto-renda-2023-quando-consulta-quarto-lote-cpf\/#breadcrumb","itemListElement":[{"@type":"ListItem","position":1,"name":"Not\u00edcias","item":"https:\/\/www.suno.com.br\/noticias\/"},{"@type":"ListItem","position":2,"name":"Finan\u00e7as Pessoais","item":"https:\/\/www.suno.com.br\/noticias\/financas-pessoais\/"},{"@type":"ListItem","position":3,"name":"IRPF 2023: Quando ser\u00e1 liberada a consulta do 4\u00ba lote do Imposto de Renda?"}]},{"@type":"WebSite","@id":"https:\/\/www.suno.com.br\/noticias\/#website","url":"https:\/\/www.suno.com.br\/noticias\/","name":"Suno Not\u00edcias","description":"Seu portal de informa\u00e7\u00e3o sobre o mundo dos investimentos","publisher":{"@id":"https:\/\/www.suno.com.br\/noticias\/#organization"},"potentialAction":[{"@type":"SearchAction","target":{"@type":"EntryPoint","urlTemplate":"https:\/\/www.suno.com.br\/noticias\/?s={search_term_string}"},"query-input":{"@type":"PropertyValueSpecification","valueRequired":true,"valueName":"search_term_string"}}],"inLanguage":"pt-BR"},{"@type":"Organization","@id":"https:\/\/www.suno.com.br\/noticias\/#organization","name":"Suno Not\u00edcias","url":"https:\/\/www.suno.com.br\/noticias\/","logo":{"@type":"ImageObject","inLanguage":"pt-BR","@id":"https:\/\/www.suno.com.br\/noticias\/#\/schema\/logo\/image\/","url":"https:\/\/files.sunoresearch.com.br\/n\/uploads\/2021\/09\/suno-logo.png","contentUrl":"https:\/\/files.sunoresearch.com.br\/n\/uploads\/2021\/09\/suno-logo.png","width":180,"height":180,"caption":"Suno Not\u00edcias"},"image":{"@id":"https:\/\/www.suno.com.br\/noticias\/#\/schema\/logo\/image\/"},"sameAs":["https:\/\/facebook.com\/sunoresearch","https:\/\/x.com\/sunoresearch","https:\/\/www.instagram.com\/suno","https:\/\/www.linkedin.com\/company\/suno-research\/","https:\/\/www.youtube.com\/c\/sunoresearch"]},{"@type":"Person","@id":"https:\/\/www.suno.com.br\/noticias\/#\/schema\/person\/f341d3ae5d1cc685176c9a5327cdfdbb","name":"Camila Paim","image":{"@type":"ImageObject","inLanguage":"pt-BR","@id":"https:\/\/www.suno.com.br\/noticias\/#\/schema\/person\/image\/","url":"https:\/\/secure.gravatar.com\/avatar\/f33728e65febb1aa7ecf6792956f9b20?s=96&r=g","contentUrl":"https:\/\/secure.gravatar.com\/avatar\/f33728e65febb1aa7ecf6792956f9b20?s=96&r=g","caption":"Camila Paim"},"description":"Jornalista formada pela USP, tem experi\u00eancia em reda\u00e7\u00f5es, SEO, Branded Content e Webdesign. Com passagem pelo Jornal da USP, Empiricus e C6 Bank, hoje \u00e9 rep\u00f3rter no Suno Not\u00edcias cobrindo macroeconomia, finan\u00e7as pessoais e startups.","url":"https:\/\/www.suno.com.br\/noticias\/author\/camila-figueiredosuno-com-br\/"}]}},"default_loop_html":"<div class=\"cardsPage__listCard__boxs\"><div class=\"cardsPage__listCard__boxs__img\"><a href=\"https:\/\/www.suno.com.br\/noticias\/imposto-renda-2023-quando-consulta-quarto-lote-cpf\/\"><img class=\"mask\" src=\"https:\/\/www.suno.com.br\/noticias\/wp-content\/themes\/suno\/resources\/images\/spotlight\/spotlight1img\/bg-mask.png\" alt=\"Image Mask\"\/><img src=\"https:\/\/files.sunoresearch.com.br\/n\/uploads\/2023\/02\/infraestrutura-isento-imposto-de-renda-400x200.jpg\" alt=\"IRPF 2023: Quando ser\u00e1 liberada a consulta do 4\u00ba lote do Imposto de Renda?\"\/><\/a><span class=\"spotlightCategory\"><a href=\"https:\/\/www.suno.com.br\/noticias\/financas-pessoais\/\">Finan\u00e7as Pessoais<\/a><\/span><\/div><div class=\"cardsPage__listCard__boxs__content\"><a href=\"https:\/\/www.suno.com.br\/noticias\/imposto-renda-2023-quando-consulta-quarto-lote-cpf\/\"><h2 class=\"content__title\">IRPF 2023: Quando ser\u00e1 liberada a consulta do 4\u00ba lote do Imposto de Renda?<\/h2><\/a><div class=\"newsContent__article__meta\"><div class=\"newsContent__article__meta__authorBox\"><a href=\"https:\/\/www.suno.com.br\/noticias\/author\/camila-figueiredosuno-com-br\/\" class=\"authorBox__avatar noMobi\"><img src=\"https:\/\/files.sunoresearch.com.br\/n\/uploads\/2024\/05\/camila-paim-square-150x150.jpg\" alt=\"Camila Paim\"><\/a><div class=\"authorBox__name\"><span>por\n\t\t\t<a href=\"https:\/\/www.suno.com.br\/noticias\/author\/camila-figueiredosuno-com-br\/\"><span itemprop=\"author\">Camila Paim<\/span><\/a><\/span><time datetime=\"2023-08-17T15:48:18-03:00\" itemprop=\"datePublished\">17\/08\/2023 15:48<\/time><\/div><\/div><\/div><\/div><\/div>","single_layout":"posts","amp_enabled":true,"_links":{"self":[{"href":"https:\/\/www.suno.com.br\/noticias\/wp-json\/wp\/v2\/posts\/444231"}],"collection":[{"href":"https:\/\/www.suno.com.br\/noticias\/wp-json\/wp\/v2\/posts"}],"about":[{"href":"https:\/\/www.suno.com.br\/noticias\/wp-json\/wp\/v2\/types\/post"}],"author":[{"embeddable":true,"href":"https:\/\/www.suno.com.br\/noticias\/wp-json\/wp\/v2\/users\/283"}],"replies":[{"embeddable":true,"href":"https:\/\/www.suno.com.br\/noticias\/wp-json\/wp\/v2\/comments?post=444231"}],"version-history":[{"count":3,"href":"https:\/\/www.suno.com.br\/noticias\/wp-json\/wp\/v2\/posts\/444231\/revisions"}],"predecessor-version":[{"id":444243,"href":"https:\/\/www.suno.com.br\/noticias\/wp-json\/wp\/v2\/posts\/444231\/revisions\/444243"}],"wp:featuredmedia":[{"embeddable":true,"href":"https:\/\/www.suno.com.br\/noticias\/wp-json\/wp\/v2\/media\/361976"}],"wp:attachment":[{"href":"https:\/\/www.suno.com.br\/noticias\/wp-json\/wp\/v2\/media?parent=444231"}],"wp:term":[{"taxonomy":"category","embeddable":true,"href":"https:\/\/www.suno.com.br\/noticias\/wp-json\/wp\/v2\/categories?post=444231"},{"taxonomy":"post_tag","embeddable":true,"href":"https:\/\/www.suno.com.br\/noticias\/wp-json\/wp\/v2\/tags?post=444231"},{"taxonomy":"suno_strategy","embeddable":true,"href":"https:\/\/www.suno.com.br\/noticias\/wp-json\/wp\/v2\/suno_strategy?post=444231"}],"curies":[{"name":"wp","href":"https:\/\/api.w.org\/{rel}","templated":true}]}}