{"id":444070,"date":"2023-08-17T10:39:18","date_gmt":"2023-08-17T13:39:18","guid":{"rendered":"https:\/\/www.suno.com.br\/noticias\/?p=444070"},"modified":"2023-08-17T10:39:24","modified_gmt":"2023-08-17T13:39:24","slug":"tenda-avalia-oferta-acoes-milionaria-ar","status":"publish","type":"post","link":"https:\/\/www.suno.com.br\/noticias\/tenda-avalia-oferta-acoes-milionaria-ar\/","title":{"rendered":"Tenda (TEND3) avalia realizar oferta de a\u00e7\u00f5es de  R$ 250 milh\u00f5es e renegocia\u00e7\u00e3o de d\u00edvidas de at\u00e9 R$ 300 milh\u00f5es"},"content":{"rendered":"<p>A <strong>Tenda<\/strong> Construtora anunciou (TEND3) nesta manh\u00e3 (17) que estuda realizar uma oferta p\u00fablica prim\u00e1ria de a\u00e7\u00f5es (follow on) para levantar R$ 200 milh\u00f5es podendo ainda realizar a emiss\u00e3o de lote adicional de mais R$ 50 milh\u00f5es.<\/p>\t<div class=\"wrapper-featured-image\">\n\t\t<figure class=\"spotlightImg\">\n\n\t\t\t<picture>\n\t\t\t\t<source media=\"(max-width: 768px)\" srcset=\"https:\/\/files.sunoresearch.com.br\/n\/uploads\/2023\/05\/predio-construcao-investir-fii-400x200.jpg\">\n\t\t\t\t<img loading=\"lazy\" decoding=\"async\" class=\"newsContent__article__imgCapa lazyloadDisabled \" src=\"https:\/\/files.sunoresearch.com.br\/n\/uploads\/2023\/05\/predio-construcao-investir-fii-800x450.jpg\" width=\"800\" height=\"450\" alt=\"Tenda (TEND3) avalia realizar oferta de a\u00e7\u00f5es de  R$ 250 milh\u00f5es e renegocia\u00e7\u00e3o de d\u00edvidas de at\u00e9 R$ 300 milh\u00f5es\" fetchpriority=high \/>\n\t\t\t<\/picture>\n\n\t\t\t<figcaption class=\"wp-caption-text wp-caption-text--show\">Direcional e Cury s\u00e3o as principais op\u00e7\u00f5es para investidores no setor imobili\u00e1rio em 2025.<\/figcaption>\n\t\t<\/figure>\n\t<\/div>\n\n\n\n\n\n\n\n\t<p>\n\t\t<a href=\"https:\/\/lp.suno.com.br\/planilha-da-vida-financeira\/\" target=\"_blank\" data-element=\"shortcode-suno-banner\" title=\"Banner SUNO, clique e saiba mais\">\n\t\t\t<picture>\n\t\t\t\t<source media=\"(max-width: 500px)\" srcset=\"https:\/\/files.sunoresearch.com.br\/n\/uploads\/2023\/04\/400x300-Planilha-vida-financeira-true.png\">\n\t\t\t\t<img class=\"newsContent__article__imgCapa newsContent__article__imgCapa--banner\"\n\t\t\t\t\tsrc=\"https:\/\/files.sunoresearch.com.br\/n\/uploads\/2023\/04\/1420x240-Planilha-vida-financeira-true.png\"\n\t\t\t\t\tdata-promo-id=\"106682\"\t\t\t\t\t\t\t\t\t\twidth='1420' height='240'\t\t\t\t\talt=\"https:\/\/files.sunoresearch.com.br\/n\/uploads\/2023\/04\/1420x240-Planilha-vida-financeira-true.png\"\n\t\t\t\t>\n\t\t\t<\/picture>\n\t\t<\/a>\n\t<\/p>\n\n\n\n\n\n<p>O an\u00fancio da Tenda (<strong>TEND3<\/strong>) foi feito via <a class=\"suno-keyword\" data-force=\"no\" data-priority=\"1\" href=\"https:\/\/www.suno.com.br\/artigos\/fato-relevante\/\" target=\"_blank\" rel=\"noopener\">fato relevante<\/a> publicado no site da Comiss\u00e3o de Valores Mobili\u00e1rios (CVM).<\/p>\n\n\n\n<p>A construtora mineira, no entanto, ressaltou que nenhuma decis\u00e3o final foi tomada, sendo que a potencial oferta est\u00e1 sujeita \u00e0s condi\u00e7\u00f5es de mercado e aprova\u00e7\u00f5es necess\u00e1rias.<\/p>\n\n\n\n<p>A Tenda afirmou ainda estar em \u201cdiscuss\u00f5es avan\u00e7adas\u201d com seus credores para renegociar d\u00edvidas e que as conversas envolvem novas emiss\u00f5es de d\u00edvida de at\u00e9 R$ 300 milh\u00f5es.<\/p>\n\n\n\t<p>\n\t\t<a href=\"https:\/\/lp.suno.com.br\/ebook-como-analisar-uma-acao\/\" target=\"_blank\" data-element=\"shortcode-suno-banner\" title=\"Banner SUNO, clique e saiba mais\">\n\t\t\t<picture>\n\t\t\t\t<source media=\"(max-width: 500px)\" srcset=\"https:\/\/files.sunoresearch.com.br\/n\/uploads\/2023\/03\/Ebook-Acoes-Mobile.jpg\">\n\t\t\t\t<img class=\"newsContent__article__imgCapa newsContent__article__imgCapa--banner\"\n\t\t\t\t\tsrc=\"https:\/\/files.sunoresearch.com.br\/n\/uploads\/2023\/03\/Ebook-Acoes-Desktop.jpg\"\n\t\t\t\t\tdata-promo-id=\"378302\"\t\t\t\t\t\t\t\t\t\twidth='1420' height='286'\t\t\t\t\talt=\"https:\/\/files.sunoresearch.com.br\/n\/uploads\/2023\/03\/Ebook-Acoes-Desktop.jpg\"\n\t\t\t\t>\n\t\t\t<\/picture>\n\t\t<\/a>\n\t<\/p>\n\n\n\n\n\n<p>Segundo o <a class=\"suno-keyword\" target=\"_blank\" data-force=\"no\" data-priority=\"1\" href=\"https:\/\/www.suno.com.br\/artigos\/fato-relevante\/\" rel=\"noopener\">fato relevante<\/a>, a renegocia\u00e7\u00e3o visa melhorar a <a class=\"suno-keyword\" data-force=\"no\" data-priority=\"1\" href=\"https:\/\/www.suno.com.br\/artigos\/indicadores-estrutura-capital\/\" target=\"_blank\" rel=\"noopener\">estrutura de capital<\/a> com a otimiza\u00e7\u00e3o do passivo da companhia, assim como a <a class=\"suno-keyword\" data-force=\"no\" data-priority=\"1\" href=\"https:\/\/www.suno.com.br\/artigos\/liquidacao-antecipada\/\" target=\"_blank\" rel=\"noopener\">liquida\u00e7\u00e3o antecipada<\/a> de parte de suas d\u00edvidas de vencimento de curto e m\u00e9dio-prazos.<\/p>\n\n\n\n<h2 class=\"wp-block-heading\">Leia a \u00edntegra do comunicado:<\/h2>\n\n\n\n<p>A CONSTRUTORA TENDA S.A (TEND3) comunica seus acionistas e o mercado em geral a inten\u00e7\u00e3o da realiza\u00e7\u00e3o de potencial oferta p\u00fablica de distribui\u00e7\u00e3o prim\u00e1ria de <a class=\"suno-keyword\" target=\"_blank\" data-force=\"no\" data-priority=\"1\" href=\"https:\/\/www.suno.com.br\/artigos\/o-que-sao-acoes-ordinarias-preferenciais-e-units\/\" rel=\"noopener\">a\u00e7\u00f5es ordin\u00e1rias<\/a> de sua emiss\u00e3o no valor de, aproximadamente, R$ 200.000.000,00 (duzentos milh\u00f5es de reais), com previs\u00e3o de um lote adicional de at\u00e9 R$ 50.000.000,00 (cinquenta milh\u00f5es de reais), sob o rito autom\u00e1tico de registro perante a CVM, nos termos da Resolu\u00e7\u00e3o CVM n\u00ba 160, 13 de julho de 2023, e demais regulamenta\u00e7\u00f5es aplic\u00e1veis (\u201cPotencial Oferta\u201d), tendo como objetivo captar recursos a serem destinados \u00e0 melhora da <a class=\"suno-keyword\" target=\"_blank\" data-force=\"no\" data-priority=\"1\" href=\"https:\/\/www.suno.com.br\/artigos\/indicadores-estrutura-capital\/\" rel=\"noopener\">estrutura de capital<\/a> da companhia, visando a redu\u00e7\u00e3o de seu endividamento.<\/p>\n\n\n\n<p>Nenhuma decis\u00e3o final a respeito da efetiva realiza\u00e7\u00e3o da Potencial Oferta ou de qualquer opera\u00e7\u00e3o desta natureza foi tomada pela Companhia, sendo que a Potencial Oferta est\u00e1 sujeita, entre outros fatores, \u00e0s condi\u00e7\u00f5es do <a class=\"suno-keyword\" target=\"_blank\" data-force=\"no\" data-priority=\"1\" href=\"https:\/\/www.suno.com.br\/artigos\/mercado-de-capitais-conceito\/\" rel=\"noopener\">mercado de capitais<\/a> brasileiro, \u00e0 obten\u00e7\u00e3o das aprova\u00e7\u00f5es necess\u00e1rias, incluindo as aprova\u00e7\u00f5es societ\u00e1rias e, se for o caso, de terceiros aplic\u00e1veis, \u00e0s condi\u00e7\u00f5es pol\u00edticas e macroecon\u00f4mica favor\u00e1veis, ao interesse de investidores, dentre outros fatores alheios \u00e0 vontade da Companhia.<\/p>\n\n\n\n<p>Adicionalmente, a <strong>Tenda <\/strong>informa que est\u00e1 em negocia\u00e7\u00f5es avan\u00e7adas com importantes credores para renegocia\u00e7\u00e3o de suas d\u00edvidas, envolvendo novas emiss\u00f5es de d\u00edvida de at\u00e9 R$ 300.000,00 (trezentos milh\u00f5es de reais) visando a melhora da <a class=\"suno-keyword\" data-force=\"no\" data-priority=\"1\" href=\"https:\/\/www.suno.com.br\/artigos\/indicadores-estrutura-capital\/\" target=\"_blank\" rel=\"noopener\">estrutura de capital<\/a> com a otimiza\u00e7\u00e3o do passivo da Companhia, assim como a <a class=\"suno-keyword\" data-force=\"no\" data-priority=\"1\" href=\"https:\/\/www.suno.com.br\/artigos\/liquidacao-antecipada\/\" target=\"_blank\" rel=\"noopener\">liquida\u00e7\u00e3o antecipada<\/a> de parte de suas d\u00edvidas de vencimento de curto e m\u00e9dio-prazo.<\/p>\n\n\n\t<p>\n\t\t<a href=\"https:\/\/lp.suno.com.br\/planilha-da-vida-financeira\/\" target=\"_blank\" data-element=\"shortcode-suno-banner\" title=\"Banner SUNO, clique e saiba mais\">\n\t\t\t<picture>\n\t\t\t\t<source media=\"(max-width: 500px)\" srcset=\"https:\/\/files.sunoresearch.com.br\/n\/uploads\/2023\/04\/400x300-Planilha-vida-financeira-true.png\">\n\t\t\t\t<img class=\"newsContent__article__imgCapa newsContent__article__imgCapa--banner\"\n\t\t\t\t\tsrc=\"https:\/\/files.sunoresearch.com.br\/n\/uploads\/2023\/04\/1420x240-Planilha-vida-financeira-true.png\"\n\t\t\t\t\tdata-promo-id=\"383123\"\t\t\t\t\t\t\t\t\t\twidth='1420' height='240'\t\t\t\t\talt=\"https:\/\/files.sunoresearch.com.br\/n\/uploads\/2023\/04\/1420x240-Planilha-vida-financeira-true.png\"\n\t\t\t\t>\n\t\t\t<\/picture>\n\t\t<\/a>\n\t<\/p>\n\n\n","protected":false},"excerpt":{"rendered":"<p>A Tenda Construtora anunciou (TEND3) nesta manh\u00e3 (17) que estuda realizar uma oferta p\u00fablica prim\u00e1ria de a\u00e7\u00f5es (follow on) para levantar R$ 200 milh\u00f5es podendo ainda realizar a emiss\u00e3o de lote adicional de mais R$ 50 milh\u00f5es. Direcional e Cury s\u00e3o as principais op\u00e7\u00f5es para investidores no setor imobili\u00e1rio em 2025. O an\u00fancio da Tenda [&hellip;]<\/p>\n","protected":false},"author":305,"featured_media":401444,"comment_status":"closed","ping_status":"closed","sticky":false,"template":"","format":"standard","meta":[],"categories":[64],"tags":[286,660],"suno_strategy":[],"class_list":["post-444070","post","type-post","status-publish","format-standard","has-post-thumbnail","hentry","category-negocios","tag-acoes","tag-tenda-tend3"],"yoast_head":"<!-- This site is optimized with the Yoast SEO plugin v24.4 - https:\/\/yoast.com\/wordpress\/plugins\/seo\/ -->\n<title>Tenda avalia oferta de R$ 250 milh\u00f5es e renegocia\u00e7\u00e3o de d\u00edvidas<\/title>\n<meta name=\"description\" content=\"Neg\u00f3cio da Tenda visa melhorar a estrutura de capital com a otimiza\u00e7\u00e3o do passivo, assim como a liquida\u00e7\u00e3o antecipada de parte das d\u00edvidas.\" \/>\n<meta name=\"robots\" content=\"index, follow, max-snippet:-1, max-image-preview:large, max-video-preview:-1\" \/>\n<link rel=\"canonical\" href=\"https:\/\/www.suno.com.br\/noticias\/tenda-avalia-oferta-acoes-milionaria-ar\/\" \/>\n<meta property=\"og:locale\" content=\"pt_BR\" \/>\n<meta property=\"og:type\" content=\"article\" \/>\n<meta property=\"og:title\" content=\"Tenda avalia oferta de R$ 250 milh\u00f5es e renegocia\u00e7\u00e3o de d\u00edvidas\" \/>\n<meta property=\"og:description\" content=\"Neg\u00f3cio da Tenda visa melhorar a estrutura de capital com a otimiza\u00e7\u00e3o do passivo, assim como a liquida\u00e7\u00e3o antecipada de parte das d\u00edvidas.\" \/>\n<meta property=\"og:url\" content=\"https:\/\/www.suno.com.br\/noticias\/tenda-avalia-oferta-acoes-milionaria-ar\/\" \/>\n<meta property=\"og:site_name\" content=\"Suno Not\u00edcias\" \/>\n<meta property=\"article:publisher\" content=\"https:\/\/facebook.com\/sunoresearch\" \/>\n<meta property=\"og:image\" content=\"https:\/\/files.sunoresearch.com.br\/n\/uploads\/2023\/05\/predio-construcao-investir-fii.jpg\" \/>\n\t<meta property=\"og:image:width\" content=\"1200\" \/>\n\t<meta property=\"og:image:height\" content=\"800\" \/>\n\t<meta property=\"og:image:type\" content=\"image\/jpeg\" \/>\n<meta name=\"author\" content=\"Allan Ravagnani\" \/>\n<meta name=\"twitter:card\" content=\"summary_large_image\" \/>\n<meta name=\"twitter:creator\" content=\"@sunoresearch\" \/>\n<meta name=\"twitter:site\" content=\"@sunoresearch\" \/>\n<meta name=\"twitter:label1\" content=\"Escrito por\" \/>\n\t<meta name=\"twitter:data1\" content=\"Allan Ravagnani\" \/>\n\t<meta name=\"twitter:label2\" content=\"Est. tempo de leitura\" \/>\n\t<meta name=\"twitter:data2\" content=\"3 minutos\" \/>\n<script type=\"application\/ld+json\" class=\"yoast-schema-graph\">{\"@context\":\"https:\/\/schema.org\",\"@graph\":[{\"@type\":\"NewsArticle\",\"@id\":\"https:\/\/www.suno.com.br\/noticias\/tenda-avalia-oferta-acoes-milionaria-ar\/#article\",\"isPartOf\":{\"@id\":\"https:\/\/www.suno.com.br\/noticias\/tenda-avalia-oferta-acoes-milionaria-ar\/\"},\"author\":{\"name\":\"Allan Ravagnani\",\"@id\":\"https:\/\/www.suno.com.br\/noticias\/#\/schema\/person\/ff470fe052a717a4b7c2a467a4a084c2\"},\"headline\":\"Tenda (TEND3) avalia realizar oferta de a\u00e7\u00f5es de R$ 250 milh\u00f5es e renegocia\u00e7\u00e3o de d\u00edvidas de at\u00e9 R$ 300 milh\u00f5es\",\"datePublished\":\"2023-08-17T13:39:18+00:00\",\"dateModified\":\"2023-08-17T13:39:24+00:00\",\"mainEntityOfPage\":{\"@id\":\"https:\/\/www.suno.com.br\/noticias\/tenda-avalia-oferta-acoes-milionaria-ar\/\"},\"wordCount\":471,\"publisher\":{\"@id\":\"https:\/\/www.suno.com.br\/noticias\/#organization\"},\"image\":{\"@id\":\"https:\/\/www.suno.com.br\/noticias\/tenda-avalia-oferta-acoes-milionaria-ar\/#primaryimage\"},\"thumbnailUrl\":\"https:\/\/files.sunoresearch.com.br\/n\/uploads\/2023\/05\/predio-construcao-investir-fii.jpg\",\"keywords\":[\"A\u00e7\u00f5es\",\"Tenda (TEND3)\"],\"articleSection\":[\"Neg\u00f3cios\"],\"inLanguage\":\"pt-BR\"},{\"@type\":\"WebPage\",\"@id\":\"https:\/\/www.suno.com.br\/noticias\/tenda-avalia-oferta-acoes-milionaria-ar\/\",\"url\":\"https:\/\/www.suno.com.br\/noticias\/tenda-avalia-oferta-acoes-milionaria-ar\/\",\"name\":\"Tenda avalia oferta de R$ 250 milh\u00f5es e renegocia\u00e7\u00e3o de d\u00edvidas\",\"isPartOf\":{\"@id\":\"https:\/\/www.suno.com.br\/noticias\/#website\"},\"primaryImageOfPage\":{\"@id\":\"https:\/\/www.suno.com.br\/noticias\/tenda-avalia-oferta-acoes-milionaria-ar\/#primaryimage\"},\"image\":{\"@id\":\"https:\/\/www.suno.com.br\/noticias\/tenda-avalia-oferta-acoes-milionaria-ar\/#primaryimage\"},\"thumbnailUrl\":\"https:\/\/files.sunoresearch.com.br\/n\/uploads\/2023\/05\/predio-construcao-investir-fii.jpg\",\"datePublished\":\"2023-08-17T13:39:18+00:00\",\"dateModified\":\"2023-08-17T13:39:24+00:00\",\"description\":\"Neg\u00f3cio da Tenda visa melhorar a estrutura de capital com a otimiza\u00e7\u00e3o do passivo, assim como a liquida\u00e7\u00e3o antecipada de parte das d\u00edvidas.\",\"breadcrumb\":{\"@id\":\"https:\/\/www.suno.com.br\/noticias\/tenda-avalia-oferta-acoes-milionaria-ar\/#breadcrumb\"},\"inLanguage\":\"pt-BR\",\"potentialAction\":[{\"@type\":\"ReadAction\",\"target\":[\"https:\/\/www.suno.com.br\/noticias\/tenda-avalia-oferta-acoes-milionaria-ar\/\"]}]},{\"@type\":\"ImageObject\",\"inLanguage\":\"pt-BR\",\"@id\":\"https:\/\/www.suno.com.br\/noticias\/tenda-avalia-oferta-acoes-milionaria-ar\/#primaryimage\",\"url\":\"https:\/\/files.sunoresearch.com.br\/n\/uploads\/2023\/05\/predio-construcao-investir-fii.jpg\",\"contentUrl\":\"https:\/\/files.sunoresearch.com.br\/n\/uploads\/2023\/05\/predio-construcao-investir-fii.jpg\",\"width\":1200,\"height\":800,\"caption\":\"Direcional e Cury s\u00e3o as principais op\u00e7\u00f5es para investidores no setor imobili\u00e1rio em 2025.\"},{\"@type\":\"BreadcrumbList\",\"@id\":\"https:\/\/www.suno.com.br\/noticias\/tenda-avalia-oferta-acoes-milionaria-ar\/#breadcrumb\",\"itemListElement\":[{\"@type\":\"ListItem\",\"position\":1,\"name\":\"Not\u00edcias\",\"item\":\"https:\/\/www.suno.com.br\/noticias\/\"},{\"@type\":\"ListItem\",\"position\":2,\"name\":\"Neg\u00f3cios\",\"item\":\"https:\/\/www.suno.com.br\/noticias\/negocios\/\"},{\"@type\":\"ListItem\",\"position\":3,\"name\":\"Tenda (TEND3) avalia realizar oferta de a\u00e7\u00f5es de R$ 250 milh\u00f5es e renegocia\u00e7\u00e3o de d\u00edvidas de at\u00e9 R$ 300 milh\u00f5es\"}]},{\"@type\":\"WebSite\",\"@id\":\"https:\/\/www.suno.com.br\/noticias\/#website\",\"url\":\"https:\/\/www.suno.com.br\/noticias\/\",\"name\":\"Suno Not\u00edcias\",\"description\":\"Seu portal de informa\u00e7\u00e3o sobre o mundo dos investimentos\",\"publisher\":{\"@id\":\"https:\/\/www.suno.com.br\/noticias\/#organization\"},\"potentialAction\":[{\"@type\":\"SearchAction\",\"target\":{\"@type\":\"EntryPoint\",\"urlTemplate\":\"https:\/\/www.suno.com.br\/noticias\/?s={search_term_string}\"},\"query-input\":{\"@type\":\"PropertyValueSpecification\",\"valueRequired\":true,\"valueName\":\"search_term_string\"}}],\"inLanguage\":\"pt-BR\"},{\"@type\":\"Organization\",\"@id\":\"https:\/\/www.suno.com.br\/noticias\/#organization\",\"name\":\"Suno Not\u00edcias\",\"url\":\"https:\/\/www.suno.com.br\/noticias\/\",\"logo\":{\"@type\":\"ImageObject\",\"inLanguage\":\"pt-BR\",\"@id\":\"https:\/\/www.suno.com.br\/noticias\/#\/schema\/logo\/image\/\",\"url\":\"https:\/\/files.sunoresearch.com.br\/n\/uploads\/2021\/09\/suno-logo.png\",\"contentUrl\":\"https:\/\/files.sunoresearch.com.br\/n\/uploads\/2021\/09\/suno-logo.png\",\"width\":180,\"height\":180,\"caption\":\"Suno Not\u00edcias\"},\"image\":{\"@id\":\"https:\/\/www.suno.com.br\/noticias\/#\/schema\/logo\/image\/\"},\"sameAs\":[\"https:\/\/facebook.com\/sunoresearch\",\"https:\/\/x.com\/sunoresearch\",\"https:\/\/www.instagram.com\/suno\",\"https:\/\/www.linkedin.com\/company\/suno-research\/\",\"https:\/\/www.youtube.com\/c\/sunoresearch\"]},{\"@type\":\"Person\",\"@id\":\"https:\/\/www.suno.com.br\/noticias\/#\/schema\/person\/ff470fe052a717a4b7c2a467a4a084c2\",\"name\":\"Allan Ravagnani\",\"image\":{\"@type\":\"ImageObject\",\"inLanguage\":\"pt-BR\",\"@id\":\"https:\/\/www.suno.com.br\/noticias\/#\/schema\/person\/image\/\",\"url\":\"https:\/\/secure.gravatar.com\/avatar\/6ff047fc08f82f36fd10bcae9caa7303?s=96&r=g\",\"contentUrl\":\"https:\/\/secure.gravatar.com\/avatar\/6ff047fc08f82f36fd10bcae9caa7303?s=96&r=g\",\"caption\":\"Allan Ravagnani\"},\"description\":\"Jornalista com especializa\u00e7\u00f5es em macroeconomia, finan\u00e7as e ci\u00eancia pol\u00edtica. Foi editor no site Intelig\u00eancia Financeira e atuou nos ve\u00edculos TC Mover (Traders Club), Valor Econ\u00f4mico, CMA Markets, Terra e Folha de S.Paulo. Atualmente, \u00e9 colaborador do Suno Not\u00edcias.\",\"url\":\"https:\/\/www.suno.com.br\/noticias\/author\/allan-ravagnani\/\"}]}<\/script>\n<!-- \/ Yoast SEO plugin. -->","yoast_head_json":{"title":"Tenda avalia oferta de R$ 250 milh\u00f5es e renegocia\u00e7\u00e3o de d\u00edvidas","description":"Neg\u00f3cio da Tenda visa melhorar a estrutura de capital com a otimiza\u00e7\u00e3o do passivo, assim como a liquida\u00e7\u00e3o antecipada de parte das d\u00edvidas.","robots":{"index":"index","follow":"follow","max-snippet":"max-snippet:-1","max-image-preview":"max-image-preview:large","max-video-preview":"max-video-preview:-1"},"canonical":"https:\/\/www.suno.com.br\/noticias\/tenda-avalia-oferta-acoes-milionaria-ar\/","og_locale":"pt_BR","og_type":"article","og_title":"Tenda avalia oferta de R$ 250 milh\u00f5es e renegocia\u00e7\u00e3o de d\u00edvidas","og_description":"Neg\u00f3cio da Tenda visa melhorar a estrutura de capital com a otimiza\u00e7\u00e3o do passivo, assim como a liquida\u00e7\u00e3o antecipada de parte das d\u00edvidas.","og_url":"https:\/\/www.suno.com.br\/noticias\/tenda-avalia-oferta-acoes-milionaria-ar\/","og_site_name":"Suno Not\u00edcias","article_publisher":"https:\/\/facebook.com\/sunoresearch","og_image":[{"width":1200,"height":800,"url":"https:\/\/files.sunoresearch.com.br\/n\/uploads\/2023\/05\/predio-construcao-investir-fii.jpg","type":"image\/jpeg"}],"author":"Allan Ravagnani","twitter_card":"summary_large_image","twitter_creator":"@sunoresearch","twitter_site":"@sunoresearch","twitter_misc":{"Escrito por":"Allan Ravagnani","Est. tempo de leitura":"3 minutos"},"schema":{"@context":"https:\/\/schema.org","@graph":[{"@type":"NewsArticle","@id":"https:\/\/www.suno.com.br\/noticias\/tenda-avalia-oferta-acoes-milionaria-ar\/#article","isPartOf":{"@id":"https:\/\/www.suno.com.br\/noticias\/tenda-avalia-oferta-acoes-milionaria-ar\/"},"author":{"name":"Allan Ravagnani","@id":"https:\/\/www.suno.com.br\/noticias\/#\/schema\/person\/ff470fe052a717a4b7c2a467a4a084c2"},"headline":"Tenda (TEND3) avalia realizar oferta de a\u00e7\u00f5es de R$ 250 milh\u00f5es e renegocia\u00e7\u00e3o de d\u00edvidas de at\u00e9 R$ 300 milh\u00f5es","datePublished":"2023-08-17T13:39:18+00:00","dateModified":"2023-08-17T13:39:24+00:00","mainEntityOfPage":{"@id":"https:\/\/www.suno.com.br\/noticias\/tenda-avalia-oferta-acoes-milionaria-ar\/"},"wordCount":471,"publisher":{"@id":"https:\/\/www.suno.com.br\/noticias\/#organization"},"image":{"@id":"https:\/\/www.suno.com.br\/noticias\/tenda-avalia-oferta-acoes-milionaria-ar\/#primaryimage"},"thumbnailUrl":"https:\/\/files.sunoresearch.com.br\/n\/uploads\/2023\/05\/predio-construcao-investir-fii.jpg","keywords":["A\u00e7\u00f5es","Tenda (TEND3)"],"articleSection":["Neg\u00f3cios"],"inLanguage":"pt-BR"},{"@type":"WebPage","@id":"https:\/\/www.suno.com.br\/noticias\/tenda-avalia-oferta-acoes-milionaria-ar\/","url":"https:\/\/www.suno.com.br\/noticias\/tenda-avalia-oferta-acoes-milionaria-ar\/","name":"Tenda avalia oferta de R$ 250 milh\u00f5es e renegocia\u00e7\u00e3o de d\u00edvidas","isPartOf":{"@id":"https:\/\/www.suno.com.br\/noticias\/#website"},"primaryImageOfPage":{"@id":"https:\/\/www.suno.com.br\/noticias\/tenda-avalia-oferta-acoes-milionaria-ar\/#primaryimage"},"image":{"@id":"https:\/\/www.suno.com.br\/noticias\/tenda-avalia-oferta-acoes-milionaria-ar\/#primaryimage"},"thumbnailUrl":"https:\/\/files.sunoresearch.com.br\/n\/uploads\/2023\/05\/predio-construcao-investir-fii.jpg","datePublished":"2023-08-17T13:39:18+00:00","dateModified":"2023-08-17T13:39:24+00:00","description":"Neg\u00f3cio da Tenda visa melhorar a estrutura de capital com a otimiza\u00e7\u00e3o do passivo, assim como a liquida\u00e7\u00e3o antecipada de parte das d\u00edvidas.","breadcrumb":{"@id":"https:\/\/www.suno.com.br\/noticias\/tenda-avalia-oferta-acoes-milionaria-ar\/#breadcrumb"},"inLanguage":"pt-BR","potentialAction":[{"@type":"ReadAction","target":["https:\/\/www.suno.com.br\/noticias\/tenda-avalia-oferta-acoes-milionaria-ar\/"]}]},{"@type":"ImageObject","inLanguage":"pt-BR","@id":"https:\/\/www.suno.com.br\/noticias\/tenda-avalia-oferta-acoes-milionaria-ar\/#primaryimage","url":"https:\/\/files.sunoresearch.com.br\/n\/uploads\/2023\/05\/predio-construcao-investir-fii.jpg","contentUrl":"https:\/\/files.sunoresearch.com.br\/n\/uploads\/2023\/05\/predio-construcao-investir-fii.jpg","width":1200,"height":800,"caption":"Direcional e Cury s\u00e3o as principais op\u00e7\u00f5es para investidores no setor imobili\u00e1rio em 2025."},{"@type":"BreadcrumbList","@id":"https:\/\/www.suno.com.br\/noticias\/tenda-avalia-oferta-acoes-milionaria-ar\/#breadcrumb","itemListElement":[{"@type":"ListItem","position":1,"name":"Not\u00edcias","item":"https:\/\/www.suno.com.br\/noticias\/"},{"@type":"ListItem","position":2,"name":"Neg\u00f3cios","item":"https:\/\/www.suno.com.br\/noticias\/negocios\/"},{"@type":"ListItem","position":3,"name":"Tenda (TEND3) avalia realizar oferta de a\u00e7\u00f5es de R$ 250 milh\u00f5es e renegocia\u00e7\u00e3o de d\u00edvidas de at\u00e9 R$ 300 milh\u00f5es"}]},{"@type":"WebSite","@id":"https:\/\/www.suno.com.br\/noticias\/#website","url":"https:\/\/www.suno.com.br\/noticias\/","name":"Suno Not\u00edcias","description":"Seu portal de informa\u00e7\u00e3o sobre o mundo dos investimentos","publisher":{"@id":"https:\/\/www.suno.com.br\/noticias\/#organization"},"potentialAction":[{"@type":"SearchAction","target":{"@type":"EntryPoint","urlTemplate":"https:\/\/www.suno.com.br\/noticias\/?s={search_term_string}"},"query-input":{"@type":"PropertyValueSpecification","valueRequired":true,"valueName":"search_term_string"}}],"inLanguage":"pt-BR"},{"@type":"Organization","@id":"https:\/\/www.suno.com.br\/noticias\/#organization","name":"Suno Not\u00edcias","url":"https:\/\/www.suno.com.br\/noticias\/","logo":{"@type":"ImageObject","inLanguage":"pt-BR","@id":"https:\/\/www.suno.com.br\/noticias\/#\/schema\/logo\/image\/","url":"https:\/\/files.sunoresearch.com.br\/n\/uploads\/2021\/09\/suno-logo.png","contentUrl":"https:\/\/files.sunoresearch.com.br\/n\/uploads\/2021\/09\/suno-logo.png","width":180,"height":180,"caption":"Suno Not\u00edcias"},"image":{"@id":"https:\/\/www.suno.com.br\/noticias\/#\/schema\/logo\/image\/"},"sameAs":["https:\/\/facebook.com\/sunoresearch","https:\/\/x.com\/sunoresearch","https:\/\/www.instagram.com\/suno","https:\/\/www.linkedin.com\/company\/suno-research\/","https:\/\/www.youtube.com\/c\/sunoresearch"]},{"@type":"Person","@id":"https:\/\/www.suno.com.br\/noticias\/#\/schema\/person\/ff470fe052a717a4b7c2a467a4a084c2","name":"Allan Ravagnani","image":{"@type":"ImageObject","inLanguage":"pt-BR","@id":"https:\/\/www.suno.com.br\/noticias\/#\/schema\/person\/image\/","url":"https:\/\/secure.gravatar.com\/avatar\/6ff047fc08f82f36fd10bcae9caa7303?s=96&r=g","contentUrl":"https:\/\/secure.gravatar.com\/avatar\/6ff047fc08f82f36fd10bcae9caa7303?s=96&r=g","caption":"Allan Ravagnani"},"description":"Jornalista com especializa\u00e7\u00f5es em macroeconomia, finan\u00e7as e ci\u00eancia pol\u00edtica. Foi editor no site Intelig\u00eancia Financeira e atuou nos ve\u00edculos TC Mover (Traders Club), Valor Econ\u00f4mico, CMA Markets, Terra e Folha de S.Paulo. Atualmente, \u00e9 colaborador do Suno Not\u00edcias.","url":"https:\/\/www.suno.com.br\/noticias\/author\/allan-ravagnani\/"}]}},"default_loop_html":"<div class=\"cardsPage__listCard__boxs\"><div class=\"cardsPage__listCard__boxs__img\"><a href=\"https:\/\/www.suno.com.br\/noticias\/tenda-avalia-oferta-acoes-milionaria-ar\/\"><img class=\"mask\" src=\"https:\/\/www.suno.com.br\/noticias\/wp-content\/themes\/suno\/resources\/images\/spotlight\/spotlight1img\/bg-mask.png\" alt=\"Image Mask\"\/><img src=\"https:\/\/files.sunoresearch.com.br\/n\/uploads\/2023\/05\/predio-construcao-investir-fii-400x200.jpg\" alt=\"Tenda (TEND3) avalia realizar oferta de a\u00e7\u00f5es de  R$ 250 milh\u00f5es e renegocia\u00e7\u00e3o de d\u00edvidas de at\u00e9 R$ 300 milh\u00f5es\"\/><\/a><span class=\"spotlightCategory\"><a href=\"https:\/\/www.suno.com.br\/noticias\/negocios\/\">Neg\u00f3cios<\/a><\/span><\/div><div class=\"cardsPage__listCard__boxs__content\"><a href=\"https:\/\/www.suno.com.br\/noticias\/tenda-avalia-oferta-acoes-milionaria-ar\/\"><h2 class=\"content__title\">Tenda (TEND3) avalia realizar oferta de a\u00e7\u00f5es de  R$ 250 milh\u00f5es e renegocia\u00e7\u00e3o de d\u00edvidas de at\u00e9 R$ 300 milh\u00f5es<\/h2><\/a><div class=\"newsContent__article__meta\"><div class=\"newsContent__article__meta__authorBox\"><a href=\"https:\/\/www.suno.com.br\/noticias\/author\/allan-ravagnani\/\" class=\"authorBox__avatar noMobi\"><img src=\"https:\/\/files.sunoresearch.com.br\/n\/uploads\/2023\/06\/allan-usuario-150x150.png\" alt=\"Allan Ravagnani\"><\/a><div class=\"authorBox__name\"><span>por\n\t\t\t<a href=\"https:\/\/www.suno.com.br\/noticias\/author\/allan-ravagnani\/\"><span itemprop=\"author\">Allan Ravagnani<\/span><\/a><\/span><time datetime=\"2023-08-17T10:39:18-03:00\" itemprop=\"datePublished\">17\/08\/2023 10:39<\/time><\/div><\/div><\/div><\/div><\/div>","single_layout":"posts","amp_enabled":true,"_links":{"self":[{"href":"https:\/\/www.suno.com.br\/noticias\/wp-json\/wp\/v2\/posts\/444070"}],"collection":[{"href":"https:\/\/www.suno.com.br\/noticias\/wp-json\/wp\/v2\/posts"}],"about":[{"href":"https:\/\/www.suno.com.br\/noticias\/wp-json\/wp\/v2\/types\/post"}],"author":[{"embeddable":true,"href":"https:\/\/www.suno.com.br\/noticias\/wp-json\/wp\/v2\/users\/305"}],"replies":[{"embeddable":true,"href":"https:\/\/www.suno.com.br\/noticias\/wp-json\/wp\/v2\/comments?post=444070"}],"version-history":[{"count":3,"href":"https:\/\/www.suno.com.br\/noticias\/wp-json\/wp\/v2\/posts\/444070\/revisions"}],"predecessor-version":[{"id":444108,"href":"https:\/\/www.suno.com.br\/noticias\/wp-json\/wp\/v2\/posts\/444070\/revisions\/444108"}],"wp:featuredmedia":[{"embeddable":true,"href":"https:\/\/www.suno.com.br\/noticias\/wp-json\/wp\/v2\/media\/401444"}],"wp:attachment":[{"href":"https:\/\/www.suno.com.br\/noticias\/wp-json\/wp\/v2\/media?parent=444070"}],"wp:term":[{"taxonomy":"category","embeddable":true,"href":"https:\/\/www.suno.com.br\/noticias\/wp-json\/wp\/v2\/categories?post=444070"},{"taxonomy":"post_tag","embeddable":true,"href":"https:\/\/www.suno.com.br\/noticias\/wp-json\/wp\/v2\/tags?post=444070"},{"taxonomy":"suno_strategy","embeddable":true,"href":"https:\/\/www.suno.com.br\/noticias\/wp-json\/wp\/v2\/suno_strategy?post=444070"}],"curies":[{"name":"wp","href":"https:\/\/api.w.org\/{rel}","templated":true}]}}