{"id":444049,"date":"2023-08-17T10:26:12","date_gmt":"2023-08-17T13:26:12","guid":{"rendered":"https:\/\/www.suno.com.br\/noticias\/?p=444049"},"modified":"2023-08-17T10:26:21","modified_gmt":"2023-08-17T13:26:21","slug":"destaques-nubank-roxo34-eletrobras-e-mais-va","status":"publish","type":"post","link":"https:\/\/www.suno.com.br\/noticias\/destaques-nubank-roxo34-eletrobras-e-mais-va\/","title":{"rendered":"Nubank (ROXO34), Eletrobras (ELET3) e Americanas (AMER3) protagonizam mercado nesta quinta; veja destaques"},"content":{"rendered":"<p>A informa\u00e7\u00e3o sobre a venda das a\u00e7\u00f5es da<strong> Nubank<\/strong> (ROXO34) por Diego V\u00e9lez, CEO da fintech, \u00e9 um dos destaques desta quinta-feira (17). Desde o IPO, \u00e9 a primeira vez que V\u00e9lez se desfaz das a\u00e7\u00f5es da companhia.<\/p>\t<div class=\"wrapper-featured-image\">\n\t\t<figure class=\"spotlightImg\">\n\n\t\t\t<picture>\n\t\t\t\t<source media=\"(max-width: 768px)\" srcset=\"https:\/\/files.sunoresearch.com.br\/n\/uploads\/2023\/08\/pexels-artem-podrez-5716016-400x200.jpg\">\n\t\t\t\t<img loading=\"lazy\" decoding=\"async\" class=\"newsContent__article__imgCapa lazyloadDisabled \" src=\"https:\/\/files.sunoresearch.com.br\/n\/uploads\/2023\/08\/pexels-artem-podrez-5716016-800x450.jpg\" width=\"800\" height=\"450\" alt=\"Nubank (ROXO34), Eletrobras (ELET3) e Americanas (AMER3) protagonizam mercado nesta quinta; veja destaques\" fetchpriority=high \/>\n\t\t\t<\/picture>\n\n\t\t\t<figcaption class=\"wp-caption-text wp-caption-text--show\">Mercado.Foto: Pexels<\/figcaption>\n\t\t<\/figure>\n\t<\/div>\n\n\n\n\n\n\t<p>\n\t\t<a href=\"https:\/\/lp.suno.com.br\/planilha-da-vida-financeira\/\" target=\"_blank\" data-element=\"shortcode-suno-banner\" title=\"Banner SUNO, clique e saiba mais\">\n\t\t\t<picture>\n\t\t\t\t<source media=\"(max-width: 500px)\" srcset=\"https:\/\/files.sunoresearch.com.br\/n\/uploads\/2023\/04\/400x300-Planilha-vida-financeira-true.png\">\n\t\t\t\t<img class=\"newsContent__article__imgCapa newsContent__article__imgCapa--banner\"\n\t\t\t\t\tsrc=\"https:\/\/files.sunoresearch.com.br\/n\/uploads\/2023\/04\/1420x240-Planilha-vida-financeira-true.png\"\n\t\t\t\t\tdata-promo-id=\"106682\"\t\t\t\t\t\t\t\t\t\twidth='1420' height='240'\t\t\t\t\talt=\"https:\/\/files.sunoresearch.com.br\/n\/uploads\/2023\/04\/1420x240-Planilha-vida-financeira-true.png\"\n\t\t\t\t>\n\t\t\t<\/picture>\n\t\t<\/a>\n\t<\/p>\n\n\n\n\n\n<p>Tamb\u00e9m est\u00e1 entre os <strong>destaques do mercado financeiro<\/strong> a <a class=\"suno-keyword\" data-force=\"yes\" data-priority=\"2\" href=\"https:\/\/www.suno.com.br\/acoes\/ELET3\/\" target=\"_blank\" rel=\"noopener\">Eletrobras (ELET3)<\/a>, ap\u00f3s o governo federal publicar decreto excluindo do Programa Nacional de Desestatiza\u00e7\u00e3o (PND) as a\u00e7\u00f5es remanescentes da ex-estatal.<\/p>\n\n\n\n<p>A Americanas (AMER3) tamb\u00e9m \u00e9 destaque hoje, depois de anunciar queda no caixa dispon\u00edvel de 3,4% em julho.<\/p>\n\n\n\n<p>Veja os <strong>destaques do mercado financeiro<\/strong> de hoje:<\/p>\n\n\n\n<h2 class=\"wp-block-heading\">Nubank<\/h2>\n\n\n\n<p>O CEO e cofundador da Nubank (ROXO34), <strong>David V\u00e9lez<\/strong>, vendeu 25 milh\u00f5es de a\u00e7\u00f5es da companhia.&nbsp; A negocia\u00e7\u00e3o movimentou US$ 191 milh\u00f5es, o equivalente a R$ 952,4 milh\u00f5es.<\/p>\n\n\n\n<p>Segundo o Nubank,&nbsp; a quantia servir\u00e1 para financiar atividades filantr\u00f3picas do executivo.&nbsp;<\/p>\n\n\n\t<div data-element=\"shortcode-read-more\" class=\"knowMore\">\n\t\t\t\t<span class=\"knowMore__title\">Leia mais<\/span>\n\t\t\t\t<a class=\"knowMore__link\" href=\"https:\/\/www.suno.com.br\/noticias\/nubank-roxo34-venda-acoes-velez-veja-motivos\/\">\n\t\t\tNubank (ROXO34): V\u00e9lez vende 25 milh\u00f5es de a\u00e7\u00f5es por quase R$ 1 bi. Qual o motivo?\t\t<\/a>\n\t<\/div>\n\n\n\n\n<h2 class=\"wp-block-heading\">Eletrobras&nbsp;<\/h2>\n\n\n\n<p>O governo federal publicou um decreto excluindo do Programa Nacional de Desestatiza\u00e7\u00e3o (PND) as a\u00e7\u00f5es remanescentes da <strong>Eletrobras (ELET3)<\/strong> detidas pela Uni\u00e3o, que atualmente equivalem a 43%.<\/p>\n\n\n\n<p>&nbsp;O decreto 11.643 foi publicado nesta quinta-feira (17) na edi\u00e7\u00e3o do Di\u00e1rio Oficial da Uni\u00e3o.<\/p>\n\n\n\n<h2 class=\"wp-block-heading\">Americanas&nbsp;<\/h2>\n\n\n\n<p>A <strong>Americanas (AMER3)<\/strong> registrou uma queda no caixa dispon\u00edvel de 3,4%, ao passar de R$ 1,464 bilh\u00e3o registrados em junho, para R$ 1,405 bilh\u00e3o, em julho. As informa\u00e7\u00f5es constam do relat\u00f3rio de atividades mensais da companhia divulgado pelos administradores judiciais.<\/p>\n\n\n\n<p>Segundo o documento, a d\u00edvida da Americanas (AMER3), que est\u00e1 em <a class=\"suno-keyword\" data-force=\"no\" data-priority=\"2\" href=\"https:\/\/www.suno.com.br\/artigos\/recuperacao-judicial\/\" target=\"_blank\" rel=\"noopener\">recupera\u00e7\u00e3o judicial<\/a>, em julho era de R$ 20,628 bilh\u00f5es. Na moeda americana, a d\u00edvida era de US$ 1,068 bilh\u00e3o. Os dados n\u00e3o incluem o endividamento banc\u00e1rio associado ao risco sacado.<\/p>\n\n\n\t<div data-element=\"shortcode-read-more\" class=\"knowMore\">\n\t\t\t\t<span class=\"knowMore__title\">Leia mais<\/span>\n\t\t\t\t<a class=\"knowMore__link\" href=\"https:\/\/www.suno.com.br\/noticias\/americanas-registra-queda-caixa-disponivel-veja-mais\/\">\n\t\t\tAmericanas (AMER3) registra queda de 3,4% em caixa dispon\u00edvel em julho; Confira n\u00fameros\t\t<\/a>\n\t<\/div>\n\n\n\n\n<h2 class=\"wp-block-heading\">Cemig<\/h2>\n\n\n\n<p>A <a class=\"suno-keyword\" data-force=\"yes\" data-priority=\"2\" href=\"https:\/\/www.suno.com.br\/acoes\/CMIG4\/\" target=\"_blank\" rel=\"noopener\"><strong>Cemig (CMIG4)<\/strong><\/a> informou que a BlackRock alienou <a class=\"suno-keyword\" data-force=\"no\" data-priority=\"1\" href=\"https:\/\/www.suno.com.br\/artigos\/acoes-preferenciais\/\" target=\"_blank\" rel=\"noopener\">a\u00e7\u00f5es preferenciais<\/a> emitidas pela companhia, de forma que , em 11 de agosto, suas participa\u00e7\u00f5es agregadas passaram a ser de 9,88% do capital total da companhia.<\/p>\n\n\n\n<p>Foram 198.345.419 <a class=\"suno-keyword\" target=\"_blank\" data-force=\"no\" data-priority=\"1\" href=\"https:\/\/www.suno.com.br\/artigos\/acoes-preferenciais\/\" rel=\"noopener\">a\u00e7\u00f5es preferenciais<\/a> (PN) e 19.204.755 American Depositary Receipts (ADRs) representativos de 19.204.755 <a class=\"suno-keyword\" target=\"_blank\" data-force=\"no\" data-priority=\"1\" href=\"https:\/\/www.suno.com.br\/artigos\/acoes-preferenciais\/\" rel=\"noopener\">a\u00e7\u00f5es preferenciais<\/a> (PN), que totalizam 217.550.174 a\u00e7\u00f5es preferenciais, e representam aproximadamente 14,84% do total de a\u00e7\u00f5es preferenciais (PN).&nbsp;<\/p>\n\n\n\n<h2 class=\"wp-block-heading\">Irani<\/h2>\n\n\n\n<p>A <a class=\"suno-keyword\" data-force=\"yes\" data-priority=\"2\" href=\"https:\/\/www.suno.com.br\/acoes\/RANI3\/\" target=\"_blank\" rel=\"noopener\"><strong>Irani (RANI3)<\/strong><\/a> divulgou que deve realizar, em 31 de agosto, o resgate antecipado do total das deb\u00eantures da 3\u00aa Emiss\u00e3o, no valor de R$ 347,2 milh\u00f5es. Segundo a companhia, o valor do resgate pode sofrer altera\u00e7\u00f5es em raz\u00e3o da varia\u00e7\u00e3o das taxas m\u00e9dias di\u00e1rias do DI.<\/p>\n\n\n\n<h2 class=\"wp-block-heading\">RD&nbsp;<\/h2>\n\n\n\n<p>Em comunicado, a <strong>RD (RADL3)<\/strong>, antiga <strong>Raia Drogasil<\/strong>, anunciou a realiza\u00e7\u00e3o de sua 8\u00aa emiss\u00e3o de deb\u00eantures, totalizando R$ 700 milh\u00f5es.<\/p>\n\n\n\n<p>O <a class=\"suno-keyword\" data-force=\"no\" data-priority=\"1\" href=\"https:\/\/www.suno.com.br\/artigos\/valor-nominal\/\" target=\"_blank\" rel=\"noopener\">valor nominal<\/a> unit\u00e1rio das deb\u00eantures ser\u00e1 de R$ 1 mil na data de emiss\u00e3o.<\/p>\n\n\n\t<p>\n\t\t<a href=\"https:\/\/lp.suno.com.br\/ebook-como-analisar-uma-acao\/\" target=\"_blank\" data-element=\"shortcode-suno-banner\" title=\"Banner SUNO, clique e saiba mais\">\n\t\t\t<picture>\n\t\t\t\t<source media=\"(max-width: 500px)\" srcset=\"https:\/\/files.sunoresearch.com.br\/n\/uploads\/2023\/03\/Ebook-Acoes-Mobile.jpg\">\n\t\t\t\t<img class=\"newsContent__article__imgCapa newsContent__article__imgCapa--banner\"\n\t\t\t\t\tsrc=\"https:\/\/files.sunoresearch.com.br\/n\/uploads\/2023\/03\/Ebook-Acoes-Desktop.jpg\"\n\t\t\t\t\tdata-promo-id=\"378302\"\t\t\t\t\t\t\t\t\t\twidth='1420' height='286'\t\t\t\t\talt=\"https:\/\/files.sunoresearch.com.br\/n\/uploads\/2023\/03\/Ebook-Acoes-Desktop.jpg\"\n\t\t\t\t>\n\t\t\t<\/picture>\n\t\t<\/a>\n\t<\/p>\n\n\n\n\n\n<h2 class=\"wp-block-heading\">Banco Pine<\/h2>\n\n\n\n<p>O <a class=\"suno-keyword\" data-force=\"yes\" data-priority=\"2\" href=\"https:\/\/www.suno.com.br\/acoes\/PINE4\/\" target=\"_blank\" rel=\"noopener\"><strong>Banco Pine (PINE4)<\/strong><\/a> afirmou que modificou o programa de <a class=\"suno-keyword\" data-force=\"no\" data-priority=\"1\" href=\"https:\/\/www.suno.com.br\/artigos\/recompra-de-acoes\/\" target=\"_blank\" rel=\"noopener\">recompra de a\u00e7\u00f5es<\/a> de emiss\u00e3o pr\u00f3pria divulgado em 10 de abril de 2023.&nbsp;<\/p>\n\n\n\n<p>Segundo a companhia, a delibera\u00e7\u00e3o ocorreu por unanimidade e autorizou a aquisi\u00e7\u00e3o de at\u00e9 1.000.000 de a\u00e7\u00f5es de pr\u00f3pria emiss\u00e3o de qualquer classe.&nbsp;<\/p>\n\n\n\n<h2 class=\"wp-block-heading\">Tenda&nbsp;<\/h2>\n\n\n\n<p>A <a class=\"suno-keyword\" data-force=\"yes\" data-priority=\"2\" href=\"https:\/\/www.suno.com.br\/acoes\/TEND3\/\" target=\"_blank\" rel=\"noopener\"><strong>Tenda (TEND3)<\/strong><\/a> afirmou que pretende realizar uma oferta subsequente (follow-on) e p\u00fablica de distribui\u00e7\u00e3o prim\u00e1ria de <a class=\"suno-keyword\" data-force=\"no\" data-priority=\"1\" href=\"https:\/\/www.suno.com.br\/artigos\/o-que-sao-acoes-ordinarias-preferenciais-e-units\/\" target=\"_blank\" rel=\"noopener\">a\u00e7\u00f5es ordin\u00e1rias<\/a> na quantia de R$ 200 milh\u00f5es, com probabilidade de um lote adicional de R$ 50 milh\u00f5es. Um dos objetivos da companhia \u00e9 reduzir o endividamento.&nbsp;<\/p>\n\n\n\n<p>Al\u00e9m disso, a incorporadora disse estar em negocia\u00e7\u00e3o com credores para renegocia\u00e7\u00e3o de suas d\u00edvidas, envolvendo novas emiss\u00f5es de d\u00edvidas.&nbsp;<\/p>\n\n\n\n<p>Os destaques do <a class=\"suno-keyword\" data-force=\"no\" data-priority=\"2\" href=\"https:\/\/www.suno.com.br\/guias\/mercado-financeiro\/\" target=\"_blank\" rel=\"noopener\">mercado financeiro<\/a> do Suno Not\u00edcias mostram os principais acontecimentos que prometem movimentar o mercado durante o dia, como a <strong>Nubank<\/strong> (ROXO34), que deve estar no foco dos investidores ao longo do dia.<\/p>\n\n\n\n\n\t<p>\n\t\t<a href=\"https:\/\/lp.suno.com.br\/planilha-da-vida-financeira\/\" target=\"_blank\" data-element=\"shortcode-suno-banner\" title=\"Banner SUNO, clique e saiba mais\">\n\t\t\t<picture>\n\t\t\t\t<source media=\"(max-width: 500px)\" srcset=\"https:\/\/files.sunoresearch.com.br\/n\/uploads\/2023\/04\/400x300-Planilha-vida-financeira-true.png\">\n\t\t\t\t<img class=\"newsContent__article__imgCapa newsContent__article__imgCapa--banner\"\n\t\t\t\t\tsrc=\"https:\/\/files.sunoresearch.com.br\/n\/uploads\/2023\/04\/1420x240-Planilha-vida-financeira-true.png\"\n\t\t\t\t\tdata-promo-id=\"383123\"\t\t\t\t\t\t\t\t\t\twidth='1420' height='240'\t\t\t\t\talt=\"https:\/\/files.sunoresearch.com.br\/n\/uploads\/2023\/04\/1420x240-Planilha-vida-financeira-true.png\"\n\t\t\t\t>\n\t\t\t<\/picture>\n\t\t<\/a>\n\t<\/p>\n\n\n","protected":false},"excerpt":{"rendered":"<p>A informa\u00e7\u00e3o sobre a venda das a\u00e7\u00f5es da Nubank (ROXO34) por Diego V\u00e9lez, CEO da fintech, \u00e9 um dos destaques desta quinta-feira (17). Desde o IPO, \u00e9 a primeira vez que V\u00e9lez se desfaz das a\u00e7\u00f5es da companhia. Mercado.Foto: Pexels Tamb\u00e9m est\u00e1 entre os destaques do mercado financeiro a Eletrobras (ELET3), ap\u00f3s o governo federal [&hellip;]<\/p>\n","protected":false},"author":301,"featured_media":444093,"comment_status":"closed","ping_status":"closed","sticky":false,"template":"","format":"standard","meta":[],"categories":[60],"tags":[286,106605,420,455,848,613,621,660],"suno_strategy":[],"class_list":["post-444049","post","type-post","status-publish","format-standard","has-post-thumbnail","hentry","category-mercado","tag-acoes","tag-americanas-s-a-amer3","tag-cemig-cmig3-cmig4","tag-eletrobras-elet3-elet5-elet6","tag-nubank","tag-raia-drogasil-radl3","tag-sabesp","tag-tenda-tend3"],"yoast_head":"<!-- This site is optimized with the Yoast SEO plugin v24.4 - https:\/\/yoast.com\/wordpress\/plugins\/seo\/ -->\n<title>Nubank (ROXO34) e Eletrobras (ELET3) protagonizam mercado hoje<\/title>\n<meta name=\"description\" content=\"A informa\u00e7\u00e3o sobre a venda das a\u00e7\u00f5es da Nubank (ROXO34) por Diego V\u00e9lez, CEO da fintech, \u00e9 um dos destaques desta quinta-feira (17).\" \/>\n<meta name=\"robots\" content=\"index, follow, max-snippet:-1, max-image-preview:large, max-video-preview:-1\" \/>\n<link rel=\"canonical\" href=\"https:\/\/www.suno.com.br\/noticias\/destaques-nubank-roxo34-eletrobras-e-mais-va\/\" \/>\n<meta property=\"og:locale\" content=\"pt_BR\" \/>\n<meta property=\"og:type\" content=\"article\" \/>\n<meta property=\"og:title\" content=\"Nubank (ROXO34) e Eletrobras (ELET3) protagonizam mercado hoje\" \/>\n<meta property=\"og:description\" content=\"A informa\u00e7\u00e3o sobre a venda das a\u00e7\u00f5es da Nubank (ROXO34) por Diego V\u00e9lez, CEO da fintech, \u00e9 um dos destaques desta quinta-feira (17).\" \/>\n<meta property=\"og:url\" content=\"https:\/\/www.suno.com.br\/noticias\/destaques-nubank-roxo34-eletrobras-e-mais-va\/\" \/>\n<meta property=\"og:site_name\" content=\"Suno Not\u00edcias\" \/>\n<meta property=\"article:publisher\" content=\"https:\/\/facebook.com\/sunoresearch\" \/>\n<meta property=\"og:image\" content=\"https:\/\/files.sunoresearch.com.br\/n\/uploads\/2023\/08\/pexels-artem-podrez-5716016.jpg\" \/>\n\t<meta property=\"og:image:width\" content=\"1200\" \/>\n\t<meta property=\"og:image:height\" content=\"675\" \/>\n\t<meta property=\"og:image:type\" content=\"image\/jpeg\" \/>\n<meta name=\"author\" content=\"Vin\u00edcius Alves\" \/>\n<meta name=\"twitter:card\" content=\"summary_large_image\" \/>\n<meta name=\"twitter:creator\" content=\"@sunoresearch\" \/>\n<meta name=\"twitter:site\" content=\"@sunoresearch\" \/>\n<meta name=\"twitter:label1\" content=\"Escrito por\" \/>\n\t<meta name=\"twitter:data1\" content=\"Vin\u00edcius Alves\" \/>\n\t<meta name=\"twitter:label2\" content=\"Est. tempo de leitura\" \/>\n\t<meta name=\"twitter:data2\" content=\"4 minutos\" \/>\n<script type=\"application\/ld+json\" class=\"yoast-schema-graph\">{\"@context\":\"https:\/\/schema.org\",\"@graph\":[{\"@type\":\"NewsArticle\",\"@id\":\"https:\/\/www.suno.com.br\/noticias\/destaques-nubank-roxo34-eletrobras-e-mais-va\/#article\",\"isPartOf\":{\"@id\":\"https:\/\/www.suno.com.br\/noticias\/destaques-nubank-roxo34-eletrobras-e-mais-va\/\"},\"author\":{\"name\":\"Vin\u00edcius Alves\",\"@id\":\"https:\/\/www.suno.com.br\/noticias\/#\/schema\/person\/4a180549702d0e236b3e420862bcded3\"},\"headline\":\"Nubank (ROXO34), Eletrobras (ELET3) e Americanas (AMER3) protagonizam mercado nesta quinta; veja destaques\",\"datePublished\":\"2023-08-17T13:26:12+00:00\",\"dateModified\":\"2023-08-17T13:26:21+00:00\",\"mainEntityOfPage\":{\"@id\":\"https:\/\/www.suno.com.br\/noticias\/destaques-nubank-roxo34-eletrobras-e-mais-va\/\"},\"wordCount\":637,\"publisher\":{\"@id\":\"https:\/\/www.suno.com.br\/noticias\/#organization\"},\"image\":{\"@id\":\"https:\/\/www.suno.com.br\/noticias\/destaques-nubank-roxo34-eletrobras-e-mais-va\/#primaryimage\"},\"thumbnailUrl\":\"https:\/\/files.sunoresearch.com.br\/n\/uploads\/2023\/08\/pexels-artem-podrez-5716016.jpg\",\"keywords\":[\"A\u00e7\u00f5es\",\"Americanas (AMER3)\",\"Cemig (CMIG3\/CMIG4)\",\"Eletrobras (ELET3\/ELET5\/ELET6)\",\"Nubank (NUBR33)\",\"Raia Drogasil (RADL3)\",\"Sabesp\",\"Tenda (TEND3)\"],\"articleSection\":[\"Mercado\"],\"inLanguage\":\"pt-BR\"},{\"@type\":\"WebPage\",\"@id\":\"https:\/\/www.suno.com.br\/noticias\/destaques-nubank-roxo34-eletrobras-e-mais-va\/\",\"url\":\"https:\/\/www.suno.com.br\/noticias\/destaques-nubank-roxo34-eletrobras-e-mais-va\/\",\"name\":\"Nubank (ROXO34) e Eletrobras (ELET3) protagonizam mercado hoje\",\"isPartOf\":{\"@id\":\"https:\/\/www.suno.com.br\/noticias\/#website\"},\"primaryImageOfPage\":{\"@id\":\"https:\/\/www.suno.com.br\/noticias\/destaques-nubank-roxo34-eletrobras-e-mais-va\/#primaryimage\"},\"image\":{\"@id\":\"https:\/\/www.suno.com.br\/noticias\/destaques-nubank-roxo34-eletrobras-e-mais-va\/#primaryimage\"},\"thumbnailUrl\":\"https:\/\/files.sunoresearch.com.br\/n\/uploads\/2023\/08\/pexels-artem-podrez-5716016.jpg\",\"datePublished\":\"2023-08-17T13:26:12+00:00\",\"dateModified\":\"2023-08-17T13:26:21+00:00\",\"description\":\"A informa\u00e7\u00e3o sobre a venda das a\u00e7\u00f5es da Nubank (ROXO34) por Diego V\u00e9lez, CEO da fintech, \u00e9 um dos destaques desta quinta-feira (17).\",\"breadcrumb\":{\"@id\":\"https:\/\/www.suno.com.br\/noticias\/destaques-nubank-roxo34-eletrobras-e-mais-va\/#breadcrumb\"},\"inLanguage\":\"pt-BR\",\"potentialAction\":[{\"@type\":\"ReadAction\",\"target\":[\"https:\/\/www.suno.com.br\/noticias\/destaques-nubank-roxo34-eletrobras-e-mais-va\/\"]}]},{\"@type\":\"ImageObject\",\"inLanguage\":\"pt-BR\",\"@id\":\"https:\/\/www.suno.com.br\/noticias\/destaques-nubank-roxo34-eletrobras-e-mais-va\/#primaryimage\",\"url\":\"https:\/\/files.sunoresearch.com.br\/n\/uploads\/2023\/08\/pexels-artem-podrez-5716016.jpg\",\"contentUrl\":\"https:\/\/files.sunoresearch.com.br\/n\/uploads\/2023\/08\/pexels-artem-podrez-5716016.jpg\",\"width\":1200,\"height\":675,\"caption\":\"Mercado.Foto: Pexels\"},{\"@type\":\"BreadcrumbList\",\"@id\":\"https:\/\/www.suno.com.br\/noticias\/destaques-nubank-roxo34-eletrobras-e-mais-va\/#breadcrumb\",\"itemListElement\":[{\"@type\":\"ListItem\",\"position\":1,\"name\":\"Not\u00edcias\",\"item\":\"https:\/\/www.suno.com.br\/noticias\/\"},{\"@type\":\"ListItem\",\"position\":2,\"name\":\"Mercado\",\"item\":\"https:\/\/www.suno.com.br\/noticias\/mercado\/\"},{\"@type\":\"ListItem\",\"position\":3,\"name\":\"Nubank (ROXO34), Eletrobras (ELET3) e Americanas (AMER3) protagonizam mercado nesta quinta; veja destaques\"}]},{\"@type\":\"WebSite\",\"@id\":\"https:\/\/www.suno.com.br\/noticias\/#website\",\"url\":\"https:\/\/www.suno.com.br\/noticias\/\",\"name\":\"Suno Not\u00edcias\",\"description\":\"Seu portal de informa\u00e7\u00e3o sobre o mundo dos investimentos\",\"publisher\":{\"@id\":\"https:\/\/www.suno.com.br\/noticias\/#organization\"},\"potentialAction\":[{\"@type\":\"SearchAction\",\"target\":{\"@type\":\"EntryPoint\",\"urlTemplate\":\"https:\/\/www.suno.com.br\/noticias\/?s={search_term_string}\"},\"query-input\":{\"@type\":\"PropertyValueSpecification\",\"valueRequired\":true,\"valueName\":\"search_term_string\"}}],\"inLanguage\":\"pt-BR\"},{\"@type\":\"Organization\",\"@id\":\"https:\/\/www.suno.com.br\/noticias\/#organization\",\"name\":\"Suno Not\u00edcias\",\"url\":\"https:\/\/www.suno.com.br\/noticias\/\",\"logo\":{\"@type\":\"ImageObject\",\"inLanguage\":\"pt-BR\",\"@id\":\"https:\/\/www.suno.com.br\/noticias\/#\/schema\/logo\/image\/\",\"url\":\"https:\/\/files.sunoresearch.com.br\/n\/uploads\/2021\/09\/suno-logo.png\",\"contentUrl\":\"https:\/\/files.sunoresearch.com.br\/n\/uploads\/2021\/09\/suno-logo.png\",\"width\":180,\"height\":180,\"caption\":\"Suno Not\u00edcias\"},\"image\":{\"@id\":\"https:\/\/www.suno.com.br\/noticias\/#\/schema\/logo\/image\/\"},\"sameAs\":[\"https:\/\/facebook.com\/sunoresearch\",\"https:\/\/x.com\/sunoresearch\",\"https:\/\/www.instagram.com\/suno\",\"https:\/\/www.linkedin.com\/company\/suno-research\/\",\"https:\/\/www.youtube.com\/c\/sunoresearch\"]},{\"@type\":\"Person\",\"@id\":\"https:\/\/www.suno.com.br\/noticias\/#\/schema\/person\/4a180549702d0e236b3e420862bcded3\",\"name\":\"Vin\u00edcius Alves\",\"image\":{\"@type\":\"ImageObject\",\"inLanguage\":\"pt-BR\",\"@id\":\"https:\/\/www.suno.com.br\/noticias\/#\/schema\/person\/image\/\",\"url\":\"https:\/\/secure.gravatar.com\/avatar\/a95b7fe6d1b813f7907d4f476d5a39e1?s=96&r=g\",\"contentUrl\":\"https:\/\/secure.gravatar.com\/avatar\/a95b7fe6d1b813f7907d4f476d5a39e1?s=96&r=g\",\"caption\":\"Vin\u00edcius Alves\"},\"description\":\"Jornalista formado na Faculdade C\u00e1sper L\u00edbero. Com passagens pela Ag\u00eancia Estado, InfoMoney e Editora Globo.\",\"url\":\"https:\/\/www.suno.com.br\/noticias\/author\/vini08correiagmail-com\/\"}]}<\/script>\n<!-- \/ Yoast SEO plugin. -->","yoast_head_json":{"title":"Nubank (ROXO34) e Eletrobras (ELET3) protagonizam mercado hoje","description":"A informa\u00e7\u00e3o sobre a venda das a\u00e7\u00f5es da Nubank (ROXO34) por Diego V\u00e9lez, CEO da fintech, \u00e9 um dos destaques desta quinta-feira (17).","robots":{"index":"index","follow":"follow","max-snippet":"max-snippet:-1","max-image-preview":"max-image-preview:large","max-video-preview":"max-video-preview:-1"},"canonical":"https:\/\/www.suno.com.br\/noticias\/destaques-nubank-roxo34-eletrobras-e-mais-va\/","og_locale":"pt_BR","og_type":"article","og_title":"Nubank (ROXO34) e Eletrobras (ELET3) protagonizam mercado hoje","og_description":"A informa\u00e7\u00e3o sobre a venda das a\u00e7\u00f5es da Nubank (ROXO34) por Diego V\u00e9lez, CEO da fintech, \u00e9 um dos destaques desta quinta-feira (17).","og_url":"https:\/\/www.suno.com.br\/noticias\/destaques-nubank-roxo34-eletrobras-e-mais-va\/","og_site_name":"Suno Not\u00edcias","article_publisher":"https:\/\/facebook.com\/sunoresearch","og_image":[{"width":1200,"height":675,"url":"https:\/\/files.sunoresearch.com.br\/n\/uploads\/2023\/08\/pexels-artem-podrez-5716016.jpg","type":"image\/jpeg"}],"author":"Vin\u00edcius Alves","twitter_card":"summary_large_image","twitter_creator":"@sunoresearch","twitter_site":"@sunoresearch","twitter_misc":{"Escrito por":"Vin\u00edcius Alves","Est. tempo de leitura":"4 minutos"},"schema":{"@context":"https:\/\/schema.org","@graph":[{"@type":"NewsArticle","@id":"https:\/\/www.suno.com.br\/noticias\/destaques-nubank-roxo34-eletrobras-e-mais-va\/#article","isPartOf":{"@id":"https:\/\/www.suno.com.br\/noticias\/destaques-nubank-roxo34-eletrobras-e-mais-va\/"},"author":{"name":"Vin\u00edcius Alves","@id":"https:\/\/www.suno.com.br\/noticias\/#\/schema\/person\/4a180549702d0e236b3e420862bcded3"},"headline":"Nubank (ROXO34), Eletrobras (ELET3) e Americanas (AMER3) protagonizam mercado nesta quinta; veja destaques","datePublished":"2023-08-17T13:26:12+00:00","dateModified":"2023-08-17T13:26:21+00:00","mainEntityOfPage":{"@id":"https:\/\/www.suno.com.br\/noticias\/destaques-nubank-roxo34-eletrobras-e-mais-va\/"},"wordCount":637,"publisher":{"@id":"https:\/\/www.suno.com.br\/noticias\/#organization"},"image":{"@id":"https:\/\/www.suno.com.br\/noticias\/destaques-nubank-roxo34-eletrobras-e-mais-va\/#primaryimage"},"thumbnailUrl":"https:\/\/files.sunoresearch.com.br\/n\/uploads\/2023\/08\/pexels-artem-podrez-5716016.jpg","keywords":["A\u00e7\u00f5es","Americanas (AMER3)","Cemig (CMIG3\/CMIG4)","Eletrobras (ELET3\/ELET5\/ELET6)","Nubank (NUBR33)","Raia Drogasil (RADL3)","Sabesp","Tenda (TEND3)"],"articleSection":["Mercado"],"inLanguage":"pt-BR"},{"@type":"WebPage","@id":"https:\/\/www.suno.com.br\/noticias\/destaques-nubank-roxo34-eletrobras-e-mais-va\/","url":"https:\/\/www.suno.com.br\/noticias\/destaques-nubank-roxo34-eletrobras-e-mais-va\/","name":"Nubank (ROXO34) e Eletrobras (ELET3) protagonizam mercado hoje","isPartOf":{"@id":"https:\/\/www.suno.com.br\/noticias\/#website"},"primaryImageOfPage":{"@id":"https:\/\/www.suno.com.br\/noticias\/destaques-nubank-roxo34-eletrobras-e-mais-va\/#primaryimage"},"image":{"@id":"https:\/\/www.suno.com.br\/noticias\/destaques-nubank-roxo34-eletrobras-e-mais-va\/#primaryimage"},"thumbnailUrl":"https:\/\/files.sunoresearch.com.br\/n\/uploads\/2023\/08\/pexels-artem-podrez-5716016.jpg","datePublished":"2023-08-17T13:26:12+00:00","dateModified":"2023-08-17T13:26:21+00:00","description":"A informa\u00e7\u00e3o sobre a venda das a\u00e7\u00f5es da Nubank (ROXO34) por Diego V\u00e9lez, CEO da fintech, \u00e9 um dos destaques desta quinta-feira (17).","breadcrumb":{"@id":"https:\/\/www.suno.com.br\/noticias\/destaques-nubank-roxo34-eletrobras-e-mais-va\/#breadcrumb"},"inLanguage":"pt-BR","potentialAction":[{"@type":"ReadAction","target":["https:\/\/www.suno.com.br\/noticias\/destaques-nubank-roxo34-eletrobras-e-mais-va\/"]}]},{"@type":"ImageObject","inLanguage":"pt-BR","@id":"https:\/\/www.suno.com.br\/noticias\/destaques-nubank-roxo34-eletrobras-e-mais-va\/#primaryimage","url":"https:\/\/files.sunoresearch.com.br\/n\/uploads\/2023\/08\/pexels-artem-podrez-5716016.jpg","contentUrl":"https:\/\/files.sunoresearch.com.br\/n\/uploads\/2023\/08\/pexels-artem-podrez-5716016.jpg","width":1200,"height":675,"caption":"Mercado.Foto: Pexels"},{"@type":"BreadcrumbList","@id":"https:\/\/www.suno.com.br\/noticias\/destaques-nubank-roxo34-eletrobras-e-mais-va\/#breadcrumb","itemListElement":[{"@type":"ListItem","position":1,"name":"Not\u00edcias","item":"https:\/\/www.suno.com.br\/noticias\/"},{"@type":"ListItem","position":2,"name":"Mercado","item":"https:\/\/www.suno.com.br\/noticias\/mercado\/"},{"@type":"ListItem","position":3,"name":"Nubank (ROXO34), Eletrobras (ELET3) e Americanas (AMER3) protagonizam mercado nesta quinta; veja destaques"}]},{"@type":"WebSite","@id":"https:\/\/www.suno.com.br\/noticias\/#website","url":"https:\/\/www.suno.com.br\/noticias\/","name":"Suno Not\u00edcias","description":"Seu portal de informa\u00e7\u00e3o sobre o mundo dos investimentos","publisher":{"@id":"https:\/\/www.suno.com.br\/noticias\/#organization"},"potentialAction":[{"@type":"SearchAction","target":{"@type":"EntryPoint","urlTemplate":"https:\/\/www.suno.com.br\/noticias\/?s={search_term_string}"},"query-input":{"@type":"PropertyValueSpecification","valueRequired":true,"valueName":"search_term_string"}}],"inLanguage":"pt-BR"},{"@type":"Organization","@id":"https:\/\/www.suno.com.br\/noticias\/#organization","name":"Suno Not\u00edcias","url":"https:\/\/www.suno.com.br\/noticias\/","logo":{"@type":"ImageObject","inLanguage":"pt-BR","@id":"https:\/\/www.suno.com.br\/noticias\/#\/schema\/logo\/image\/","url":"https:\/\/files.sunoresearch.com.br\/n\/uploads\/2021\/09\/suno-logo.png","contentUrl":"https:\/\/files.sunoresearch.com.br\/n\/uploads\/2021\/09\/suno-logo.png","width":180,"height":180,"caption":"Suno Not\u00edcias"},"image":{"@id":"https:\/\/www.suno.com.br\/noticias\/#\/schema\/logo\/image\/"},"sameAs":["https:\/\/facebook.com\/sunoresearch","https:\/\/x.com\/sunoresearch","https:\/\/www.instagram.com\/suno","https:\/\/www.linkedin.com\/company\/suno-research\/","https:\/\/www.youtube.com\/c\/sunoresearch"]},{"@type":"Person","@id":"https:\/\/www.suno.com.br\/noticias\/#\/schema\/person\/4a180549702d0e236b3e420862bcded3","name":"Vin\u00edcius Alves","image":{"@type":"ImageObject","inLanguage":"pt-BR","@id":"https:\/\/www.suno.com.br\/noticias\/#\/schema\/person\/image\/","url":"https:\/\/secure.gravatar.com\/avatar\/a95b7fe6d1b813f7907d4f476d5a39e1?s=96&r=g","contentUrl":"https:\/\/secure.gravatar.com\/avatar\/a95b7fe6d1b813f7907d4f476d5a39e1?s=96&r=g","caption":"Vin\u00edcius Alves"},"description":"Jornalista formado na Faculdade C\u00e1sper L\u00edbero. Com passagens pela Ag\u00eancia Estado, InfoMoney e Editora Globo.","url":"https:\/\/www.suno.com.br\/noticias\/author\/vini08correiagmail-com\/"}]}},"default_loop_html":"<div class=\"cardsPage__listCard__boxs\"><div class=\"cardsPage__listCard__boxs__img\"><a href=\"https:\/\/www.suno.com.br\/noticias\/destaques-nubank-roxo34-eletrobras-e-mais-va\/\"><img class=\"mask\" src=\"https:\/\/www.suno.com.br\/noticias\/wp-content\/themes\/suno\/resources\/images\/spotlight\/spotlight1img\/bg-mask.png\" alt=\"Image Mask\"\/><img src=\"https:\/\/files.sunoresearch.com.br\/n\/uploads\/2023\/08\/pexels-artem-podrez-5716016-400x200.jpg\" alt=\"Nubank (ROXO34), Eletrobras (ELET3) e Americanas (AMER3) protagonizam mercado nesta quinta; veja destaques\"\/><\/a><span class=\"spotlightCategory\"><a href=\"https:\/\/www.suno.com.br\/noticias\/mercado\/\">Mercado<\/a><\/span><\/div><div class=\"cardsPage__listCard__boxs__content\"><a href=\"https:\/\/www.suno.com.br\/noticias\/destaques-nubank-roxo34-eletrobras-e-mais-va\/\"><h2 class=\"content__title\">Nubank (ROXO34), Eletrobras (ELET3) e Americanas (AMER3) protagonizam mercado nesta quinta; veja destaques<\/h2><\/a><div class=\"newsContent__article__meta\"><div class=\"newsContent__article__meta__authorBox\"><a href=\"https:\/\/www.suno.com.br\/noticias\/author\/vini08correiagmail-com\/\" class=\"authorBox__avatar noMobi\"><img src=\"https:\/\/files.sunoresearch.com.br\/n\/uploads\/2026\/04\/WhatsApp-Image-2026-04-20-at-19.35.48-150x150.webp\" alt=\"Vin\u00edcius Alves\"><\/a><div class=\"authorBox__name\"><span>por\n\t\t\t<a href=\"https:\/\/www.suno.com.br\/noticias\/author\/vini08correiagmail-com\/\"><span itemprop=\"author\">Vin\u00edcius Alves<\/span><\/a><\/span><time datetime=\"2023-08-17T10:26:12-03:00\" itemprop=\"datePublished\">17\/08\/2023 10:26<\/time><\/div><\/div><\/div><\/div><\/div>","single_layout":"posts","amp_enabled":true,"_links":{"self":[{"href":"https:\/\/www.suno.com.br\/noticias\/wp-json\/wp\/v2\/posts\/444049"}],"collection":[{"href":"https:\/\/www.suno.com.br\/noticias\/wp-json\/wp\/v2\/posts"}],"about":[{"href":"https:\/\/www.suno.com.br\/noticias\/wp-json\/wp\/v2\/types\/post"}],"author":[{"embeddable":true,"href":"https:\/\/www.suno.com.br\/noticias\/wp-json\/wp\/v2\/users\/301"}],"replies":[{"embeddable":true,"href":"https:\/\/www.suno.com.br\/noticias\/wp-json\/wp\/v2\/comments?post=444049"}],"version-history":[{"count":3,"href":"https:\/\/www.suno.com.br\/noticias\/wp-json\/wp\/v2\/posts\/444049\/revisions"}],"predecessor-version":[{"id":444102,"href":"https:\/\/www.suno.com.br\/noticias\/wp-json\/wp\/v2\/posts\/444049\/revisions\/444102"}],"wp:featuredmedia":[{"embeddable":true,"href":"https:\/\/www.suno.com.br\/noticias\/wp-json\/wp\/v2\/media\/444093"}],"wp:attachment":[{"href":"https:\/\/www.suno.com.br\/noticias\/wp-json\/wp\/v2\/media?parent=444049"}],"wp:term":[{"taxonomy":"category","embeddable":true,"href":"https:\/\/www.suno.com.br\/noticias\/wp-json\/wp\/v2\/categories?post=444049"},{"taxonomy":"post_tag","embeddable":true,"href":"https:\/\/www.suno.com.br\/noticias\/wp-json\/wp\/v2\/tags?post=444049"},{"taxonomy":"suno_strategy","embeddable":true,"href":"https:\/\/www.suno.com.br\/noticias\/wp-json\/wp\/v2\/suno_strategy?post=444049"}],"curies":[{"name":"wp","href":"https:\/\/api.w.org\/{rel}","templated":true}]}}