{"id":44398,"date":"2019-11-11T13:53:19","date_gmt":"2019-11-11T15:53:19","guid":{"rendered":"https:\/\/www.suno.com.br\/noticias\/?p=44398"},"modified":"2019-11-11T13:55:48","modified_gmt":"2019-11-11T15:55:48","slug":"eletrobras-sera-privatizada-no-segundo-semestre-2020","status":"publish","type":"post","link":"https:\/\/www.suno.com.br\/noticias\/eletrobras-sera-privatizada-no-segundo-semestre-2020\/","title":{"rendered":"Eletrobras ser\u00e1 privatizada no 2\u00aa semestre de 2020, segundo CEO"},"content":{"rendered":"<p>A <a href=\"https:\/\/www.suno.com.br\/artigos\/privatizacao\/\"><b>privatiza\u00e7\u00e3o<\/b><\/a>\u00a0da Eletrobras (<strong>ELET3<\/strong>; <strong>ELET6<\/strong>) dever\u00e1 acontecer no segundo semestre do ano que vem, segundo <a href=\"https:\/\/www.suno.com.br\/tudo-sobre\/wilson-ferreira-junior\/\">Wilson Ferreira J\u00fanior<\/a>, em evento na Funda\u00e7\u00e3o FHC, em S\u00e3o Paulo. O CEO da companhia. O processo deve ser discutido por seis meses no <strong>Congresso Nacional<\/strong>.<\/p>\t<div class=\"wrapper-featured-image\">\n\t\t<figure class=\"spotlightImg\">\n\n\t\t\t<picture>\n\t\t\t\t<source media=\"(max-width: 768px)\" srcset=\"https:\/\/files.sunoresearch.com.br\/n\/uploads\/2019\/11\/d40c1397-eletrobras-400x200.webp\">\n\t\t\t\t<img loading=\"lazy\" decoding=\"async\" class=\"newsContent__article__imgCapa lazyloadDisabled newsContent__article__imgCapa--noCaption\" src=\"https:\/\/files.sunoresearch.com.br\/n\/uploads\/2019\/11\/d40c1397-eletrobras-800x450.webp\" width=\"800\" height=\"450\" alt=\"Eletrobras ser\u00e1 privatizada no 2\u00aa semestre de 2020, segundo CEO\" fetchpriority=high \/>\n\t\t\t<\/picture>\n\n\t\t\t<figcaption class=\"wp-caption-text wp-caption-text--hide\">BR Distribuidora (BRDT3) elege Ferreira J\u00fanior como presidente <\/figcaption>\n\t\t<\/figure>\n\t<\/div>\n\n\n\n<p>Segundo o executivo da <strong>Eletrobras<\/strong>, a expectativa \u00e9 de que o projeto de lei que permite a capitaliza\u00e7\u00e3o da empresa seja aprovado no primeiro semestre de 2020, para que a venda da estatal seja realizada no segundo semestre.<\/p>\n<p><a href=\"https:\/\/www.suno.com.br\/noticias\/decreto-presidencial-confirma-aumento-de-capital-eletrobras\/\">Confira: Decreto presidencial confirma aumento de capital da Eletrobras<\/a><\/p>\n<p>O objetivo \u00e9 realizar um <a href=\"https:\/\/www.suno.com.br\/artigos\/aumento-capital\/\">aumento de capital<\/a> de R$ 15 bilh\u00f5es com a privatiza\u00e7\u00e3o da estatal. A participa\u00e7\u00e3o da <strong>Uni\u00e3o<\/strong> ser\u00e1 dilu\u00edda, criando uma corpora\u00e7\u00e3o sem controle definido, segundo o presidente.<\/p>\n<p>O presidente <strong>Jair Bolsonaro<\/strong> assinou na \u00faltima ter\u00e7a-feira (5) o projeto de lei sobre a privatiza\u00e7\u00e3o. O texto foi entregue pelo ministro de Minas e Energia, Bento Albuquerque, ao presidente da C\u00e2mara dos Deputados, <strong>Rodrigo Maia<\/strong>. Todavia, \u00e9 aguardado que exista resist\u00eancia dos parlamentares.<\/p>\n<h2>Eletrobras encontra dificuldades operacionais<\/h2>\n<p>Ferreira J\u00fanior tamb\u00e9m disse que os problemas <strong>socioambientais<\/strong> para a constru\u00e7\u00e3o de hidrel\u00e9tricas levaram a companhia a abandonar os estudos para 18 projetos de grandes usinas desde 2016.<\/p>\n\t<p>\n\t\t<a href=\"https:\/\/lp.suno.com.br\/plataforma-de-controle-de-investimentos\/\" target=\"_blank\" data-element=\"shortcode-suno-banner\" title=\"Banner SUNO, clique e saiba mais\">\n\t\t\t<picture>\n\t\t\t\t<source media=\"(max-width: 500px)\" srcset=\"https:\/\/files.sunoresearch.com.br\/n\/uploads\/2023\/03\/400x300-Controle-de-Investimentos.png\">\n\t\t\t\t<img class=\"newsContent__article__imgCapa newsContent__article__imgCapa--banner\"\n\t\t\t\t\tsrc=\"https:\/\/files.sunoresearch.com.br\/n\/uploads\/2023\/03\/1420x240-Controle-de-Investimentos.png\"\n\t\t\t\t\tdata-promo-id=\"383162\"\t\t\t\t\t\t\t\t\t\twidth='1420' height='240'\t\t\t\t\talt=\"https:\/\/files.sunoresearch.com.br\/n\/uploads\/2023\/03\/1420x240-Controle-de-Investimentos.png\"\n\t\t\t\t>\n\t\t\t<\/picture>\n\t\t<\/a>\n\t<\/p>\n\n\n<p>Naquele ano, a estatal possu\u00eda registros ativos para 32 empreendimentos, somando 25,2 gigawatts de pot\u00eancia. Atualmente, s\u00e3o 14 projetos que somam 15,7 gigawatts, uma queda de 37,7% na pot\u00eancia.<\/p>\n<p>Segundo o executivo, essas pesquisas foram abandonadas &#8220;principalmente por temas ambientais&#8221;.<\/p>\n<p><a href=\"https:\/\/www.suno.com.br\/noticias\/eletrobras-privatizacao-oferta-secundaria\/\">Saiba mais: Eletrobras: Privatiza\u00e7\u00e3o pode envolver oferta secund\u00e1ria, afirma minist\u00e9rio<\/a><\/p>\n<p>\u201cHoje, se for desenvolver hidrel\u00e9trica, mesmo querendo n\u00e3o conseguir\u00e1. Era um potencial excepcional brasileiro, mas novas tecnologias e quest\u00f5es de pre\u00e7o [travaram a expans\u00e3o]\u201d, afirmou o executivo.<\/p>\n<p>Segundo o presidente da <strong>Eletrobras<\/strong>, o Pa\u00eds como um todo optou por n\u00e3o construir mais grandes hidrel\u00e9tricas com reservat\u00f3rio e que, por conta disso, as usinas t\u00e9rmicas a g\u00e1s natural permanecem necess\u00e1rias para dar seguran\u00e7a ao sistema.<\/p>\n","protected":false},"excerpt":{"rendered":"<p>A privatiza\u00e7\u00e3o\u00a0da Eletrobras (ELET3; ELET6) dever\u00e1 acontecer no segundo semestre do ano que vem, segundo Wilson Ferreira J\u00fanior, em evento na Funda\u00e7\u00e3o FHC, em S\u00e3o Paulo. O CEO da companhia. O processo deve ser discutido por seis meses no Congresso Nacional. BR Distribuidora (BRDT3) elege Ferreira J\u00fanior como presidente Segundo o executivo da Eletrobras, a [&hellip;]<\/p>\n","protected":false},"author":24,"featured_media":44405,"comment_status":"closed","ping_status":"closed","sticky":false,"template":"","format":"standard","meta":[],"categories":[64],"tags":[455,945],"suno_strategy":[],"class_list":["post-44398","post","type-post","status-publish","format-standard","has-post-thumbnail","hentry","category-negocios","tag-eletrobras-elet3-elet5-elet6","tag-privatizacoes"],"yoast_head":"<!-- This site is optimized with the Yoast SEO plugin v24.4 - https:\/\/yoast.com\/wordpress\/plugins\/seo\/ -->\n<title>Eletrobras ser\u00e1 privatizada no 2\u00aa semestre de 2020, segundo CEO<\/title>\n<meta name=\"description\" content=\"A privatiza\u00e7\u00e3o\u00a0da Eletrobras dever\u00e1 acontecer no 2\u00ba semestre do ano que vem, segundo Wilson Ferreira J\u00fanior, o CEO da companhia. Saiba mais.\" \/>\n<meta name=\"robots\" content=\"index, follow, max-snippet:-1, max-image-preview:large, max-video-preview:-1\" \/>\n<link rel=\"canonical\" href=\"https:\/\/www.suno.com.br\/noticias\/eletrobras-sera-privatizada-no-segundo-semestre-2020\/\" \/>\n<meta property=\"og:locale\" content=\"pt_BR\" \/>\n<meta property=\"og:type\" content=\"article\" \/>\n<meta property=\"og:title\" content=\"Eletrobras ser\u00e1 privatizada no 2\u00aa semestre de 2020, segundo CEO\" \/>\n<meta property=\"og:description\" content=\"A privatiza\u00e7\u00e3o\u00a0da Eletrobras dever\u00e1 acontecer no 2\u00ba semestre do ano que vem, segundo Wilson Ferreira J\u00fanior, o CEO da companhia. Saiba mais.\" \/>\n<meta property=\"og:url\" content=\"https:\/\/www.suno.com.br\/noticias\/eletrobras-sera-privatizada-no-segundo-semestre-2020\/\" \/>\n<meta property=\"og:site_name\" content=\"Suno Not\u00edcias\" \/>\n<meta property=\"article:publisher\" content=\"https:\/\/facebook.com\/sunoresearch\" \/>\n<meta property=\"og:image\" content=\"https:\/\/files.sunoresearch.com.br\/n\/uploads\/2019\/11\/d40c1397-eletrobras.jpg\" \/>\n\t<meta property=\"og:image:width\" content=\"1140\" \/>\n\t<meta property=\"og:image:height\" content=\"760\" \/>\n\t<meta property=\"og:image:type\" content=\"image\/jpeg\" \/>\n<meta name=\"author\" content=\"Jader Lazarini\" \/>\n<meta name=\"twitter:card\" content=\"summary_large_image\" \/>\n<meta name=\"twitter:creator\" content=\"@sunoresearch\" \/>\n<meta name=\"twitter:site\" content=\"@sunoresearch\" \/>\n<meta name=\"twitter:label1\" content=\"Escrito por\" \/>\n\t<meta name=\"twitter:data1\" content=\"Jader Lazarini\" \/>\n\t<meta name=\"twitter:label2\" content=\"Est. tempo de leitura\" \/>\n\t<meta name=\"twitter:data2\" content=\"2 minutos\" \/>\n<script type=\"application\/ld+json\" class=\"yoast-schema-graph\">{\"@context\":\"https:\/\/schema.org\",\"@graph\":[{\"@type\":\"NewsArticle\",\"@id\":\"https:\/\/www.suno.com.br\/noticias\/eletrobras-sera-privatizada-no-segundo-semestre-2020\/#article\",\"isPartOf\":{\"@id\":\"https:\/\/www.suno.com.br\/noticias\/eletrobras-sera-privatizada-no-segundo-semestre-2020\/\"},\"author\":{\"name\":\"Jader Lazarini\",\"@id\":\"https:\/\/www.suno.com.br\/noticias\/#\/schema\/person\/918d79de1f0281f01599b93f9ea6e23f\"},\"headline\":\"Eletrobras ser\u00e1 privatizada no 2\u00aa semestre de 2020, segundo CEO\",\"datePublished\":\"2019-11-11T15:53:19+00:00\",\"dateModified\":\"2019-11-11T15:55:48+00:00\",\"mainEntityOfPage\":{\"@id\":\"https:\/\/www.suno.com.br\/noticias\/eletrobras-sera-privatizada-no-segundo-semestre-2020\/\"},\"wordCount\":350,\"publisher\":{\"@id\":\"https:\/\/www.suno.com.br\/noticias\/#organization\"},\"image\":{\"@id\":\"https:\/\/www.suno.com.br\/noticias\/eletrobras-sera-privatizada-no-segundo-semestre-2020\/#primaryimage\"},\"thumbnailUrl\":\"https:\/\/files.sunoresearch.com.br\/n\/uploads\/2019\/11\/d40c1397-eletrobras-jpg.webp\",\"keywords\":[\"Eletrobras (ELET3\/ELET5\/ELET6)\",\"privatiza\u00e7\u00f5es\"],\"articleSection\":[\"Neg\u00f3cios\"],\"inLanguage\":\"pt-BR\"},{\"@type\":\"WebPage\",\"@id\":\"https:\/\/www.suno.com.br\/noticias\/eletrobras-sera-privatizada-no-segundo-semestre-2020\/\",\"url\":\"https:\/\/www.suno.com.br\/noticias\/eletrobras-sera-privatizada-no-segundo-semestre-2020\/\",\"name\":\"Eletrobras ser\u00e1 privatizada no 2\u00aa semestre de 2020, segundo CEO\",\"isPartOf\":{\"@id\":\"https:\/\/www.suno.com.br\/noticias\/#website\"},\"primaryImageOfPage\":{\"@id\":\"https:\/\/www.suno.com.br\/noticias\/eletrobras-sera-privatizada-no-segundo-semestre-2020\/#primaryimage\"},\"image\":{\"@id\":\"https:\/\/www.suno.com.br\/noticias\/eletrobras-sera-privatizada-no-segundo-semestre-2020\/#primaryimage\"},\"thumbnailUrl\":\"https:\/\/files.sunoresearch.com.br\/n\/uploads\/2019\/11\/d40c1397-eletrobras-jpg.webp\",\"datePublished\":\"2019-11-11T15:53:19+00:00\",\"dateModified\":\"2019-11-11T15:55:48+00:00\",\"description\":\"A privatiza\u00e7\u00e3o\u00a0da Eletrobras dever\u00e1 acontecer no 2\u00ba semestre do ano que vem, segundo Wilson Ferreira J\u00fanior, o CEO da companhia. Saiba mais.\",\"breadcrumb\":{\"@id\":\"https:\/\/www.suno.com.br\/noticias\/eletrobras-sera-privatizada-no-segundo-semestre-2020\/#breadcrumb\"},\"inLanguage\":\"pt-BR\",\"potentialAction\":[{\"@type\":\"ReadAction\",\"target\":[\"https:\/\/www.suno.com.br\/noticias\/eletrobras-sera-privatizada-no-segundo-semestre-2020\/\"]}]},{\"@type\":\"ImageObject\",\"inLanguage\":\"pt-BR\",\"@id\":\"https:\/\/www.suno.com.br\/noticias\/eletrobras-sera-privatizada-no-segundo-semestre-2020\/#primaryimage\",\"url\":\"https:\/\/files.sunoresearch.com.br\/n\/uploads\/2019\/11\/d40c1397-eletrobras-jpg.webp\",\"contentUrl\":\"https:\/\/files.sunoresearch.com.br\/n\/uploads\/2019\/11\/d40c1397-eletrobras-jpg.webp\",\"width\":1140,\"height\":760,\"caption\":\"BR Distribuidora (BRDT3) elege Ferreira J\u00fanior como presidente\"},{\"@type\":\"BreadcrumbList\",\"@id\":\"https:\/\/www.suno.com.br\/noticias\/eletrobras-sera-privatizada-no-segundo-semestre-2020\/#breadcrumb\",\"itemListElement\":[{\"@type\":\"ListItem\",\"position\":1,\"name\":\"Not\u00edcias\",\"item\":\"https:\/\/www.suno.com.br\/noticias\/\"},{\"@type\":\"ListItem\",\"position\":2,\"name\":\"Neg\u00f3cios\",\"item\":\"https:\/\/www.suno.com.br\/noticias\/negocios\/\"},{\"@type\":\"ListItem\",\"position\":3,\"name\":\"Eletrobras ser\u00e1 privatizada no 2\u00aa semestre de 2020, segundo CEO\"}]},{\"@type\":\"WebSite\",\"@id\":\"https:\/\/www.suno.com.br\/noticias\/#website\",\"url\":\"https:\/\/www.suno.com.br\/noticias\/\",\"name\":\"Suno Not\u00edcias\",\"description\":\"Seu portal de informa\u00e7\u00e3o sobre o mundo dos investimentos\",\"publisher\":{\"@id\":\"https:\/\/www.suno.com.br\/noticias\/#organization\"},\"potentialAction\":[{\"@type\":\"SearchAction\",\"target\":{\"@type\":\"EntryPoint\",\"urlTemplate\":\"https:\/\/www.suno.com.br\/noticias\/?s={search_term_string}\"},\"query-input\":{\"@type\":\"PropertyValueSpecification\",\"valueRequired\":true,\"valueName\":\"search_term_string\"}}],\"inLanguage\":\"pt-BR\"},{\"@type\":\"Organization\",\"@id\":\"https:\/\/www.suno.com.br\/noticias\/#organization\",\"name\":\"Suno Not\u00edcias\",\"url\":\"https:\/\/www.suno.com.br\/noticias\/\",\"logo\":{\"@type\":\"ImageObject\",\"inLanguage\":\"pt-BR\",\"@id\":\"https:\/\/www.suno.com.br\/noticias\/#\/schema\/logo\/image\/\",\"url\":\"https:\/\/files.sunoresearch.com.br\/n\/uploads\/2021\/09\/suno-logo.png\",\"contentUrl\":\"https:\/\/files.sunoresearch.com.br\/n\/uploads\/2021\/09\/suno-logo.png\",\"width\":180,\"height\":180,\"caption\":\"Suno Not\u00edcias\"},\"image\":{\"@id\":\"https:\/\/www.suno.com.br\/noticias\/#\/schema\/logo\/image\/\"},\"sameAs\":[\"https:\/\/facebook.com\/sunoresearch\",\"https:\/\/x.com\/sunoresearch\",\"https:\/\/www.instagram.com\/suno\",\"https:\/\/www.linkedin.com\/company\/suno-research\/\",\"https:\/\/www.youtube.com\/c\/sunoresearch\"]},{\"@type\":\"Person\",\"@id\":\"https:\/\/www.suno.com.br\/noticias\/#\/schema\/person\/918d79de1f0281f01599b93f9ea6e23f\",\"name\":\"Jader Lazarini\",\"image\":{\"@type\":\"ImageObject\",\"inLanguage\":\"pt-BR\",\"@id\":\"https:\/\/www.suno.com.br\/noticias\/#\/schema\/person\/image\/\",\"url\":\"https:\/\/secure.gravatar.com\/avatar\/3c1ad8caa51589841baeb923fcddea97?s=96&r=g\",\"contentUrl\":\"https:\/\/secure.gravatar.com\/avatar\/3c1ad8caa51589841baeb923fcddea97?s=96&r=g\",\"caption\":\"Jader Lazarini\"},\"description\":\"Jader Lazarini escreve sobre investimentos, finan\u00e7as, economia e neg\u00f3cios. \u00c9 bacharel em Rela\u00e7\u00f5es Internacionais e analista CNPI (2619).\",\"url\":\"https:\/\/www.suno.com.br\/noticias\/author\/jader-lazarini\/\"}]}<\/script>\n<!-- \/ Yoast SEO plugin. -->","yoast_head_json":{"title":"Eletrobras ser\u00e1 privatizada no 2\u00aa semestre de 2020, segundo CEO","description":"A privatiza\u00e7\u00e3o\u00a0da Eletrobras dever\u00e1 acontecer no 2\u00ba semestre do ano que vem, segundo Wilson Ferreira J\u00fanior, o CEO da companhia. Saiba mais.","robots":{"index":"index","follow":"follow","max-snippet":"max-snippet:-1","max-image-preview":"max-image-preview:large","max-video-preview":"max-video-preview:-1"},"canonical":"https:\/\/www.suno.com.br\/noticias\/eletrobras-sera-privatizada-no-segundo-semestre-2020\/","og_locale":"pt_BR","og_type":"article","og_title":"Eletrobras ser\u00e1 privatizada no 2\u00aa semestre de 2020, segundo CEO","og_description":"A privatiza\u00e7\u00e3o\u00a0da Eletrobras dever\u00e1 acontecer no 2\u00ba semestre do ano que vem, segundo Wilson Ferreira J\u00fanior, o CEO da companhia. Saiba mais.","og_url":"https:\/\/www.suno.com.br\/noticias\/eletrobras-sera-privatizada-no-segundo-semestre-2020\/","og_site_name":"Suno Not\u00edcias","article_publisher":"https:\/\/facebook.com\/sunoresearch","og_image":[{"width":1140,"height":760,"url":"https:\/\/files.sunoresearch.com.br\/n\/uploads\/2019\/11\/d40c1397-eletrobras.jpg","type":"image\/jpeg"}],"author":"Jader Lazarini","twitter_card":"summary_large_image","twitter_creator":"@sunoresearch","twitter_site":"@sunoresearch","twitter_misc":{"Escrito por":"Jader Lazarini","Est. tempo de leitura":"2 minutos"},"schema":{"@context":"https:\/\/schema.org","@graph":[{"@type":"NewsArticle","@id":"https:\/\/www.suno.com.br\/noticias\/eletrobras-sera-privatizada-no-segundo-semestre-2020\/#article","isPartOf":{"@id":"https:\/\/www.suno.com.br\/noticias\/eletrobras-sera-privatizada-no-segundo-semestre-2020\/"},"author":{"name":"Jader Lazarini","@id":"https:\/\/www.suno.com.br\/noticias\/#\/schema\/person\/918d79de1f0281f01599b93f9ea6e23f"},"headline":"Eletrobras ser\u00e1 privatizada no 2\u00aa semestre de 2020, segundo CEO","datePublished":"2019-11-11T15:53:19+00:00","dateModified":"2019-11-11T15:55:48+00:00","mainEntityOfPage":{"@id":"https:\/\/www.suno.com.br\/noticias\/eletrobras-sera-privatizada-no-segundo-semestre-2020\/"},"wordCount":350,"publisher":{"@id":"https:\/\/www.suno.com.br\/noticias\/#organization"},"image":{"@id":"https:\/\/www.suno.com.br\/noticias\/eletrobras-sera-privatizada-no-segundo-semestre-2020\/#primaryimage"},"thumbnailUrl":"https:\/\/files.sunoresearch.com.br\/n\/uploads\/2019\/11\/d40c1397-eletrobras-jpg.webp","keywords":["Eletrobras (ELET3\/ELET5\/ELET6)","privatiza\u00e7\u00f5es"],"articleSection":["Neg\u00f3cios"],"inLanguage":"pt-BR"},{"@type":"WebPage","@id":"https:\/\/www.suno.com.br\/noticias\/eletrobras-sera-privatizada-no-segundo-semestre-2020\/","url":"https:\/\/www.suno.com.br\/noticias\/eletrobras-sera-privatizada-no-segundo-semestre-2020\/","name":"Eletrobras ser\u00e1 privatizada no 2\u00aa semestre de 2020, segundo CEO","isPartOf":{"@id":"https:\/\/www.suno.com.br\/noticias\/#website"},"primaryImageOfPage":{"@id":"https:\/\/www.suno.com.br\/noticias\/eletrobras-sera-privatizada-no-segundo-semestre-2020\/#primaryimage"},"image":{"@id":"https:\/\/www.suno.com.br\/noticias\/eletrobras-sera-privatizada-no-segundo-semestre-2020\/#primaryimage"},"thumbnailUrl":"https:\/\/files.sunoresearch.com.br\/n\/uploads\/2019\/11\/d40c1397-eletrobras-jpg.webp","datePublished":"2019-11-11T15:53:19+00:00","dateModified":"2019-11-11T15:55:48+00:00","description":"A privatiza\u00e7\u00e3o\u00a0da Eletrobras dever\u00e1 acontecer no 2\u00ba semestre do ano que vem, segundo Wilson Ferreira J\u00fanior, o CEO da companhia. Saiba mais.","breadcrumb":{"@id":"https:\/\/www.suno.com.br\/noticias\/eletrobras-sera-privatizada-no-segundo-semestre-2020\/#breadcrumb"},"inLanguage":"pt-BR","potentialAction":[{"@type":"ReadAction","target":["https:\/\/www.suno.com.br\/noticias\/eletrobras-sera-privatizada-no-segundo-semestre-2020\/"]}]},{"@type":"ImageObject","inLanguage":"pt-BR","@id":"https:\/\/www.suno.com.br\/noticias\/eletrobras-sera-privatizada-no-segundo-semestre-2020\/#primaryimage","url":"https:\/\/files.sunoresearch.com.br\/n\/uploads\/2019\/11\/d40c1397-eletrobras-jpg.webp","contentUrl":"https:\/\/files.sunoresearch.com.br\/n\/uploads\/2019\/11\/d40c1397-eletrobras-jpg.webp","width":1140,"height":760,"caption":"BR Distribuidora (BRDT3) elege Ferreira J\u00fanior como presidente"},{"@type":"BreadcrumbList","@id":"https:\/\/www.suno.com.br\/noticias\/eletrobras-sera-privatizada-no-segundo-semestre-2020\/#breadcrumb","itemListElement":[{"@type":"ListItem","position":1,"name":"Not\u00edcias","item":"https:\/\/www.suno.com.br\/noticias\/"},{"@type":"ListItem","position":2,"name":"Neg\u00f3cios","item":"https:\/\/www.suno.com.br\/noticias\/negocios\/"},{"@type":"ListItem","position":3,"name":"Eletrobras ser\u00e1 privatizada no 2\u00aa semestre de 2020, segundo CEO"}]},{"@type":"WebSite","@id":"https:\/\/www.suno.com.br\/noticias\/#website","url":"https:\/\/www.suno.com.br\/noticias\/","name":"Suno Not\u00edcias","description":"Seu portal de informa\u00e7\u00e3o sobre o mundo dos investimentos","publisher":{"@id":"https:\/\/www.suno.com.br\/noticias\/#organization"},"potentialAction":[{"@type":"SearchAction","target":{"@type":"EntryPoint","urlTemplate":"https:\/\/www.suno.com.br\/noticias\/?s={search_term_string}"},"query-input":{"@type":"PropertyValueSpecification","valueRequired":true,"valueName":"search_term_string"}}],"inLanguage":"pt-BR"},{"@type":"Organization","@id":"https:\/\/www.suno.com.br\/noticias\/#organization","name":"Suno Not\u00edcias","url":"https:\/\/www.suno.com.br\/noticias\/","logo":{"@type":"ImageObject","inLanguage":"pt-BR","@id":"https:\/\/www.suno.com.br\/noticias\/#\/schema\/logo\/image\/","url":"https:\/\/files.sunoresearch.com.br\/n\/uploads\/2021\/09\/suno-logo.png","contentUrl":"https:\/\/files.sunoresearch.com.br\/n\/uploads\/2021\/09\/suno-logo.png","width":180,"height":180,"caption":"Suno Not\u00edcias"},"image":{"@id":"https:\/\/www.suno.com.br\/noticias\/#\/schema\/logo\/image\/"},"sameAs":["https:\/\/facebook.com\/sunoresearch","https:\/\/x.com\/sunoresearch","https:\/\/www.instagram.com\/suno","https:\/\/www.linkedin.com\/company\/suno-research\/","https:\/\/www.youtube.com\/c\/sunoresearch"]},{"@type":"Person","@id":"https:\/\/www.suno.com.br\/noticias\/#\/schema\/person\/918d79de1f0281f01599b93f9ea6e23f","name":"Jader Lazarini","image":{"@type":"ImageObject","inLanguage":"pt-BR","@id":"https:\/\/www.suno.com.br\/noticias\/#\/schema\/person\/image\/","url":"https:\/\/secure.gravatar.com\/avatar\/3c1ad8caa51589841baeb923fcddea97?s=96&r=g","contentUrl":"https:\/\/secure.gravatar.com\/avatar\/3c1ad8caa51589841baeb923fcddea97?s=96&r=g","caption":"Jader Lazarini"},"description":"Jader Lazarini escreve sobre investimentos, finan\u00e7as, economia e neg\u00f3cios. \u00c9 bacharel em Rela\u00e7\u00f5es Internacionais e analista CNPI (2619).","url":"https:\/\/www.suno.com.br\/noticias\/author\/jader-lazarini\/"}]}},"default_loop_html":"<div class=\"cardsPage__listCard__boxs\"><div class=\"cardsPage__listCard__boxs__img\"><a href=\"https:\/\/www.suno.com.br\/noticias\/eletrobras-sera-privatizada-no-segundo-semestre-2020\/\"><img class=\"mask\" src=\"https:\/\/www.suno.com.br\/noticias\/wp-content\/themes\/suno\/resources\/images\/spotlight\/spotlight1img\/bg-mask.png\" alt=\"Image Mask\"\/><img src=\"https:\/\/files.sunoresearch.com.br\/n\/uploads\/2019\/11\/d40c1397-eletrobras-400x200.webp\" alt=\"Eletrobras ser\u00e1 privatizada no 2\u00aa semestre de 2020, segundo CEO\"\/><\/a><span class=\"spotlightCategory\"><a href=\"https:\/\/www.suno.com.br\/noticias\/negocios\/\">Neg\u00f3cios<\/a><\/span><\/div><div class=\"cardsPage__listCard__boxs__content\"><a href=\"https:\/\/www.suno.com.br\/noticias\/eletrobras-sera-privatizada-no-segundo-semestre-2020\/\"><h2 class=\"content__title\">Eletrobras ser\u00e1 privatizada no 2\u00aa semestre de 2020, segundo CEO<\/h2><\/a><div class=\"newsContent__article__meta\"><div class=\"newsContent__article__meta__authorBox\"><a href=\"https:\/\/www.suno.com.br\/noticias\/author\/jader-lazarini\/\" class=\"authorBox__avatar noMobi\"><img src=\"https:\/\/files.sunoresearch.com.br\/n\/uploads\/2021\/01\/178e6598-foto-perfil-2-150x150.jpg\" alt=\"Jader Lazarini\"><\/a><div class=\"authorBox__name\"><span>por\n\t\t\t<a href=\"https:\/\/www.suno.com.br\/noticias\/author\/jader-lazarini\/\"><span itemprop=\"author\">Jader Lazarini<\/span><\/a><\/span><time datetime=\"2019-11-11T13:53:19-03:00\" itemprop=\"datePublished\">11\/11\/2019 13:53<\/time><\/div><\/div><\/div><\/div><\/div>","single_layout":"posts","amp_enabled":true,"_links":{"self":[{"href":"https:\/\/www.suno.com.br\/noticias\/wp-json\/wp\/v2\/posts\/44398"}],"collection":[{"href":"https:\/\/www.suno.com.br\/noticias\/wp-json\/wp\/v2\/posts"}],"about":[{"href":"https:\/\/www.suno.com.br\/noticias\/wp-json\/wp\/v2\/types\/post"}],"author":[{"embeddable":true,"href":"https:\/\/www.suno.com.br\/noticias\/wp-json\/wp\/v2\/users\/24"}],"replies":[{"embeddable":true,"href":"https:\/\/www.suno.com.br\/noticias\/wp-json\/wp\/v2\/comments?post=44398"}],"version-history":[{"count":0,"href":"https:\/\/www.suno.com.br\/noticias\/wp-json\/wp\/v2\/posts\/44398\/revisions"}],"wp:featuredmedia":[{"embeddable":true,"href":"https:\/\/www.suno.com.br\/noticias\/wp-json\/wp\/v2\/media\/44405"}],"wp:attachment":[{"href":"https:\/\/www.suno.com.br\/noticias\/wp-json\/wp\/v2\/media?parent=44398"}],"wp:term":[{"taxonomy":"category","embeddable":true,"href":"https:\/\/www.suno.com.br\/noticias\/wp-json\/wp\/v2\/categories?post=44398"},{"taxonomy":"post_tag","embeddable":true,"href":"https:\/\/www.suno.com.br\/noticias\/wp-json\/wp\/v2\/tags?post=44398"},{"taxonomy":"suno_strategy","embeddable":true,"href":"https:\/\/www.suno.com.br\/noticias\/wp-json\/wp\/v2\/suno_strategy?post=44398"}],"curies":[{"name":"wp","href":"https:\/\/api.w.org\/{rel}","templated":true}]}}