{"id":443941,"date":"2023-08-16T21:00:13","date_gmt":"2023-08-17T00:00:13","guid":{"rendered":"https:\/\/www.suno.com.br\/noticias\/?p=443941"},"modified":"2023-08-16T21:33:54","modified_gmt":"2023-08-17T00:33:54","slug":"meliuz-cash3-deixar-ibovespa-jvj","status":"publish","type":"post","link":"https:\/\/www.suno.com.br\/noticias\/meliuz-cash3-deixar-ibovespa-jvj\/","title":{"rendered":"De sa\u00edda? M\u00e9liuz (CASH) pode deixar o Ibovespa em setembro; Veja os motivos"},"content":{"rendered":"<p>A <a class=\"suno-keyword\" data-force=\"yes\" data-priority=\"2\" href=\"https:\/\/www.suno.com.br\/acoes\/B3SA3\/\" target=\"_blank\" rel=\"noopener\">B3 (B3SA3)<\/a> anunciou a pr\u00e9via da nova composi\u00e7\u00e3o do Ibovespa, principal <a class=\"suno-keyword\" data-force=\"no\" data-priority=\"1\" href=\"https:\/\/www.suno.com.br\/artigos\/indice-de-acoes\/\" target=\"_blank\" rel=\"noopener\">\u00edndice de a\u00e7\u00f5es<\/a> da Bolsa de Valores brasileira, com a carteira que entrar\u00e1 em vigor no in\u00edcio de setembro. Chamou aten\u00e7\u00e3o a possibilidade de sa\u00edda do <a class=\"suno-keyword\" data-force=\"yes\" data-priority=\"2\" href=\"https:\/\/www.suno.com.br\/acoes\/CASH3\/\" target=\"_blank\" rel=\"noopener\"><strong>M\u00e9liuz<\/strong> (CASH3)<\/a>.<\/p>\t<div class=\"wrapper-featured-image\">\n\t\t<figure class=\"spotlightImg\">\n\n\t\t\t<picture>\n\t\t\t\t<source media=\"(max-width: 768px)\" srcset=\"https:\/\/files.sunoresearch.com.br\/n\/uploads\/2023\/01\/B3-B3SA3-Ibovespa-400x200.jpg\">\n\t\t\t\t<img loading=\"lazy\" decoding=\"async\" class=\"newsContent__article__imgCapa lazyloadDisabled \" src=\"https:\/\/files.sunoresearch.com.br\/n\/uploads\/2023\/01\/B3-B3SA3-Ibovespa-800x450.jpg\" width=\"800\" height=\"450\" alt=\"De sa\u00edda? M\u00e9liuz (CASH) pode deixar o Ibovespa em setembro; Veja os motivos\" fetchpriority=high \/>\n\t\t\t<\/picture>\n\n\t\t\t<figcaption class=\"wp-caption-text wp-caption-text--show\">M\u00e9liuz (CASH) pode deixar o Ibovespa em setembro. Foto: Divulga\u00e7\u00e3o\/B3<\/figcaption>\n\t\t<\/figure>\n\t<\/div>\n\n\n\n\n\n\t<p>\n\t\t<a href=\"https:\/\/lp2.suno.com.br\/cl\/black-friday-2025\/?utm_campaign=_SNCDF0E4858_\" target=\"_blank\" data-element=\"shortcode-suno-banner\" title=\"Banner SUNO, clique e saiba mais\">\n\t\t\t<picture>\n\t\t\t\t<source media=\"(max-width: 500px)\" srcset=\"https:\/\/files.sunoresearch.com.br\/n\/uploads\/2025\/10\/Artigos-e-Noticias-Banner-Home-artigos-01-Mobile_-400x300-1-png.webp\">\n\t\t\t\t<img class=\"newsContent__article__imgCapa newsContent__article__imgCapa--banner\"\n\t\t\t\t\tsrc=\"https:\/\/files.sunoresearch.com.br\/n\/uploads\/2025\/10\/Artigos-e-Noticias-Banner-Home-artigos-01-Desktop_-1420x240-1-png.webp\"\n\t\t\t\t\tdata-promo-id=\"311259\"\t\t\t\t\t\t\t\t\t\twidth='1420' height='240'\t\t\t\t\talt=\"https:\/\/files.sunoresearch.com.br\/n\/uploads\/2025\/10\/Artigos-e-Noticias-Banner-Home-artigos-01-Desktop_-1420x240-1-png.webp\"\n\t\t\t\t>\n\t\t\t<\/picture>\n\t\t<\/a>\n\t<\/p>\n\n\n\n\n\n<p>A nova <strong>carteira do Ibovespa<\/strong> vai passar a valer em 4 de setembro de 2023 e durar\u00e1 at\u00e9 29 de dezembro de 2023. A 1\u00aa pr\u00e9via foi divulgada no dia 1\u00ba de agosto. Para a 2\u00aa pr\u00e9via, divulgada hoje (16), n\u00e3o foram registradas altera\u00e7\u00f5es.<\/p>\n\n\n\n<p>Antes de anunciar a carteira definitiva, a nova carteira do Ibovespa ainda ter\u00e1 uma 3\u00aa pr\u00e9via, a ser divulgada no dia 31 de agosto.<\/p>\n\n\n\t<div data-element=\"shortcode-read-more\" class=\"knowMore\">\n\t\t\t\t<span class=\"knowMore__title\">Leia mais<\/span>\n\t\t\t\t<a class=\"knowMore__link\" href=\"https:\/\/www.suno.com.br\/noticias\/via-viia3-mudar-nome-capital-aumentar-jvj\/\">\n\t\t\tVia (VIIA3) pode mudar de nome e aumentar capital em R$ 2 bilh\u00f5es; temas ser\u00e3o pautas de assembleia na empresa, diz jornal\t\t<\/a>\n\t<\/div>\n\n\n\n\n<p>A perspectiva \u00e9 de que o M\u00e9liuz (CASH3) deve ser exclu\u00eddo do Ibovespa, podendo dar lugar a entrada do Grupo <a class=\"suno-keyword\" data-force=\"yes\" data-priority=\"2\" href=\"https:\/\/www.suno.com.br\/acoes\/vamo3\/\" target=\"_blank\" rel=\"noopener\"><strong>Vamos (VAMO3)<\/strong><\/a> e da <a href=\"https:\/\/www.suno.com.br\/acoes\/recv3\/\" target=\"_blank\" rel=\"noreferrer noopener\"><strong>PetroReconcavo (RECV3)<\/strong><\/a>. No total, a nova carteira deve contar com 86 pap\u00e9is e 83 empresas, conforme destacado na pr\u00e9via atual, que considera o fechamento do preg\u00e3o desta ter\u00e7a-feira (15).<\/p>\n\n\n\n<p>A nova <strong>pr\u00e9via do Ibovespa<\/strong> mostra que as a\u00e7\u00f5es com o maior peso no \u00edndice devem ser:<\/p>\n\n\n\n<ul class=\"wp-block-list\">\n<li>Vale ON (13,217%)<\/li>\n\n\n\n<li>Petrobras PN (6,864%)<\/li>\n\n\n\n<li>Ita\u00fa Unibanco PN (6,336%)<\/li>\n\n\n\n<li>Petrobras ON (4,554%)<\/li>\n\n\n\n<li>B3 ON (3,889%)<\/li>\n<\/ul>\n\n\n\n<h2 class=\"wp-block-heading\"><a><\/a>Por que o M\u00e9liuz pode sair do Ibovespa?<\/h2>\n\n\n\n<p>A XP Investimentos j\u00e1 apontava a possibilidade de <strong>sa\u00edda do M\u00e9liuz do Ibovespa<\/strong> em seu relat\u00f3rio. No \u00faltimo rebalanceamento, a empresa poderia sair do \u00edndice caso fosse considerada uma penny stock, que acontece quando sua cota\u00e7\u00e3o m\u00e9dia \u00e9 inferior a R$ 1.<\/p>\n\n\n\n<p>Dessa vez, o motivo para a poss\u00edvel <strong>sa\u00edda do M\u00e9liuz <\/strong>seria o baixo n\u00edvel de \u00cdndice de Negociabilidade do papel, conforme explicou a XP.<\/p>\n\n\n\n<p>A<strong> carteira do Ibovespa <\/strong>\u00e9 revista a cada 4 meses e, nesse meio tempo, s\u00e3o divulgadas as pr\u00e9vias com as poss\u00edveis mudan\u00e7as que podem ocorrer. Por outro lado, as empresas com risco de deixar o \u00edndice podem usar esse per\u00edodo para se adequarem aos crit\u00e9rios e evitar a sa\u00edda.<\/p>\n\n\n\n<p>As decis\u00f5es sobre as <strong>mudan\u00e7as do Ibovespa<\/strong> v\u00eam da B3, conforme os crit\u00e9rios previamente estabelecidos pela Bolsa de Valores brasileira. As pr\u00e9vias s\u00e3o usadas para que os gestores e investidores possam ajustar suas posi\u00e7\u00f5es diante de eventuais altera\u00e7\u00f5es que est\u00e3o por vir.<\/p>\n\n\n\n<h2 class=\"wp-block-heading\"><a><\/a>Cota\u00e7\u00e3o CASH3<\/h2>\n\n\n\n<p>As <strong>a\u00e7\u00f5es do M\u00e9liuz<\/strong>, negociadas sob o ticker <strong>CASH3<\/strong>, encerraram a sess\u00e3o desta quarta-feira (16) em queda de 3,26%, com a cota\u00e7\u00e3o de R$ 7,43.<\/p>\n\n\n\n<div class=\"pluginQuotation\">\n  <p class=\"ticker\">\n    Cota\u00e7\u00e3o <span>CASH3<\/span>\n  <\/p>\n  <div class=\"info\">\n    <div class=\"leftSide\">\n      Gr\u00e1fico gerado em: 16\/08\/2023    <\/div>\n\t\t\t\t\t<div class=\"rightSide\">\n\t\t\t\t\t<span class=\"period\">\n\t\t\t\t\t\t1 Dia\t\t\t\t\t<\/span>\n\t\t\t<\/div>\n\t\t  <\/div>\n\n  <div id=\"chart-631ae33a74130d85baa49f85f3adfe8e\" data-block-hash=\"631ae33a74130d85baa49f85f3adfe8e\"  class=\"chart\" style=\"width:100%;height:400px;\"><\/div>\n\n  <div class=\"pluginQuotation__footer\">\n    <div class=\"dataChart\">\n\n      <div class=\"dataChart__div1 variation\">\n        <div class=\"value-negative\">\n          -4,51 (-0,35%)        <\/div>\n        <div class=\"text\">\n          Varia\u00e7\u00e3o do per\u00edodo\n        <\/div>\n      <\/div>\n\n      <div class=\"dataChart__div2 minMax\">\n        <div class=\"value\">\n          R$\u00a07,41        <\/div>\n        <div class=\"text\">\n          M\u00ednima\n        <\/div>\n      <\/div>\n\n      <div class=\"dataChart__div3 minMax\">\n        <div class=\"value\">\n          R$\u00a07,76        <\/div>\n        <div class=\"text\">\n          M\u00e1xima\n        <\/div>\n      <\/div>\n\n\t\t\t<div class=\"dataChart__div4 rightSide\">\n\t\t\t\t<div class=\"analiticaSource\">\n\t\t\t\t\t<span>\n\t\t\t\t\t\tFonte:\n\t\t\t\t\t<\/span>\n\t\t\t\t\t<img decoding=\"async\" class=\"analiticaLogo\" src=\"https:\/\/www.suno.com.br\/noticias\/wp-content\/plugins\/suno-block-ticker-quotation\/src\/suno-analitica-logo.png\" alt=\"Logo Suno Anal\u00edtica\" \/>\n\t\t\t\t<\/div>\n\n\t\t\t\t<a href=\"https:\/\/www.suno.com.br\/analitica\/acoes\/CASH3\" target=\"_blank\">\n\t\t\t\t\t<span>\n\t\t\t\t\t\tVer mais cota\u00e7\u00f5es\n\t\t\t\t\t<\/span>\n\t\t\t\t\t<svg xmlns=\"http:\/\/www.w3.org\/2000\/svg\" width=\"9\" height=\"8\" viewBox=\"0 0 9 8\" fill=\"none\">\n\t\t\t\t\t\t<path d=\"M4.20996 0L3.50496 0.705L6.29496 3.5H0.209961V4.5H6.29496L3.50496 7.295L4.20996 8L8.20996 4L4.20996 0Z\" fill=\"#D42126\" \/>\n\t\t\t\t\t<\/svg>\n\t\t\t\t<\/a>\n    <\/div>\n\n    <\/div>\n  <\/div>\n<\/div>\n\n\n<script type=\"text\/javascript\">\n  let chart_631ae33a74130d85baa49f85f3adfe8e = document.getElementById('chart-631ae33a74130d85baa49f85f3adfe8e');\n  let data_json_631ae33a74130d85baa49f85f3adfe8e = \"[{\\\"date\\\":\\\"16\\\\\\\/08\\\\\\\/23 10:02\\\",\\\"value\\\":7.76},{\\\"date\\\":\\\"16\\\\\\\/08\\\\\\\/23 10:04\\\",\\\"value\\\":7.72},{\\\"date\\\":\\\"16\\\\\\\/08\\\\\\\/23 10:06\\\",\\\"value\\\":7.7},{\\\"date\\\":\\\"16\\\\\\\/08\\\\\\\/23 10:08\\\",\\\"value\\\":7.74},{\\\"date\\\":\\\"16\\\\\\\/08\\\\\\\/23 10:10\\\",\\\"value\\\":7.7},{\\\"date\\\":\\\"16\\\\\\\/08\\\\\\\/23 10:12\\\",\\\"value\\\":7.65},{\\\"date\\\":\\\"16\\\\\\\/08\\\\\\\/23 10:14\\\",\\\"value\\\":7.63},{\\\"date\\\":\\\"16\\\\\\\/08\\\\\\\/23 10:16\\\",\\\"value\\\":7.63},{\\\"date\\\":\\\"16\\\\\\\/08\\\\\\\/23 10:18\\\",\\\"value\\\":7.63},{\\\"date\\\":\\\"16\\\\\\\/08\\\\\\\/23 10:20\\\",\\\"value\\\":7.61},{\\\"date\\\":\\\"16\\\\\\\/08\\\\\\\/23 10:22\\\",\\\"value\\\":7.64},{\\\"date\\\":\\\"16\\\\\\\/08\\\\\\\/23 10:24\\\",\\\"value\\\":7.63},{\\\"date\\\":\\\"16\\\\\\\/08\\\\\\\/23 10:26\\\",\\\"value\\\":7.59},{\\\"date\\\":\\\"16\\\\\\\/08\\\\\\\/23 10:28\\\",\\\"value\\\":7.56},{\\\"date\\\":\\\"16\\\\\\\/08\\\\\\\/23 10:30\\\",\\\"value\\\":7.56},{\\\"date\\\":\\\"16\\\\\\\/08\\\\\\\/23 10:32\\\",\\\"value\\\":7.54},{\\\"date\\\":\\\"16\\\\\\\/08\\\\\\\/23 10:34\\\",\\\"value\\\":7.56},{\\\"date\\\":\\\"16\\\\\\\/08\\\\\\\/23 10:36\\\",\\\"value\\\":7.54},{\\\"date\\\":\\\"16\\\\\\\/08\\\\\\\/23 10:38\\\",\\\"value\\\":7.56},{\\\"date\\\":\\\"16\\\\\\\/08\\\\\\\/23 10:40\\\",\\\"value\\\":7.51},{\\\"date\\\":\\\"16\\\\\\\/08\\\\\\\/23 10:42\\\",\\\"value\\\":7.5},{\\\"date\\\":\\\"16\\\\\\\/08\\\\\\\/23 10:44\\\",\\\"value\\\":7.48},{\\\"date\\\":\\\"16\\\\\\\/08\\\\\\\/23 10:46\\\",\\\"value\\\":7.49},{\\\"date\\\":\\\"16\\\\\\\/08\\\\\\\/23 10:48\\\",\\\"value\\\":7.47},{\\\"date\\\":\\\"16\\\\\\\/08\\\\\\\/23 10:50\\\",\\\"value\\\":7.46},{\\\"date\\\":\\\"16\\\\\\\/08\\\\\\\/23 10:52\\\",\\\"value\\\":7.45},{\\\"date\\\":\\\"16\\\\\\\/08\\\\\\\/23 10:54\\\",\\\"value\\\":7.47},{\\\"date\\\":\\\"16\\\\\\\/08\\\\\\\/23 10:56\\\",\\\"value\\\":7.45},{\\\"date\\\":\\\"16\\\\\\\/08\\\\\\\/23 10:58\\\",\\\"value\\\":7.5},{\\\"date\\\":\\\"16\\\\\\\/08\\\\\\\/23 11:00\\\",\\\"value\\\":7.47},{\\\"date\\\":\\\"16\\\\\\\/08\\\\\\\/23 11:02\\\",\\\"value\\\":7.49},{\\\"date\\\":\\\"16\\\\\\\/08\\\\\\\/23 11:04\\\",\\\"value\\\":7.49},{\\\"date\\\":\\\"16\\\\\\\/08\\\\\\\/23 11:06\\\",\\\"value\\\":7.49},{\\\"date\\\":\\\"16\\\\\\\/08\\\\\\\/23 11:08\\\",\\\"value\\\":7.48},{\\\"date\\\":\\\"16\\\\\\\/08\\\\\\\/23 11:10\\\",\\\"value\\\":7.47},{\\\"date\\\":\\\"16\\\\\\\/08\\\\\\\/23 11:12\\\",\\\"value\\\":7.46},{\\\"date\\\":\\\"16\\\\\\\/08\\\\\\\/23 11:14\\\",\\\"value\\\":7.47},{\\\"date\\\":\\\"16\\\\\\\/08\\\\\\\/23 11:16\\\",\\\"value\\\":7.48},{\\\"date\\\":\\\"16\\\\\\\/08\\\\\\\/23 11:18\\\",\\\"value\\\":7.48},{\\\"date\\\":\\\"16\\\\\\\/08\\\\\\\/23 11:20\\\",\\\"value\\\":7.48},{\\\"date\\\":\\\"16\\\\\\\/08\\\\\\\/23 11:22\\\",\\\"value\\\":7.49},{\\\"date\\\":\\\"16\\\\\\\/08\\\\\\\/23 11:24\\\",\\\"value\\\":7.49},{\\\"date\\\":\\\"16\\\\\\\/08\\\\\\\/23 11:26\\\",\\\"value\\\":7.49},{\\\"date\\\":\\\"16\\\\\\\/08\\\\\\\/23 11:28\\\",\\\"value\\\":7.5},{\\\"date\\\":\\\"16\\\\\\\/08\\\\\\\/23 11:30\\\",\\\"value\\\":7.49},{\\\"date\\\":\\\"16\\\\\\\/08\\\\\\\/23 11:32\\\",\\\"value\\\":7.53},{\\\"date\\\":\\\"16\\\\\\\/08\\\\\\\/23 11:34\\\",\\\"value\\\":7.55},{\\\"date\\\":\\\"16\\\\\\\/08\\\\\\\/23 11:36\\\",\\\"value\\\":7.55},{\\\"date\\\":\\\"16\\\\\\\/08\\\\\\\/23 11:38\\\",\\\"value\\\":7.57},{\\\"date\\\":\\\"16\\\\\\\/08\\\\\\\/23 11:40\\\",\\\"value\\\":7.56},{\\\"date\\\":\\\"16\\\\\\\/08\\\\\\\/23 11:42\\\",\\\"value\\\":7.58},{\\\"date\\\":\\\"16\\\\\\\/08\\\\\\\/23 11:44\\\",\\\"value\\\":7.56},{\\\"date\\\":\\\"16\\\\\\\/08\\\\\\\/23 11:46\\\",\\\"value\\\":7.54},{\\\"date\\\":\\\"16\\\\\\\/08\\\\\\\/23 11:48\\\",\\\"value\\\":7.55},{\\\"date\\\":\\\"16\\\\\\\/08\\\\\\\/23 11:50\\\",\\\"value\\\":7.54},{\\\"date\\\":\\\"16\\\\\\\/08\\\\\\\/23 11:52\\\",\\\"value\\\":7.56},{\\\"date\\\":\\\"16\\\\\\\/08\\\\\\\/23 11:54\\\",\\\"value\\\":7.56},{\\\"date\\\":\\\"16\\\\\\\/08\\\\\\\/23 11:56\\\",\\\"value\\\":7.55},{\\\"date\\\":\\\"16\\\\\\\/08\\\\\\\/23 11:58\\\",\\\"value\\\":7.55},{\\\"date\\\":\\\"16\\\\\\\/08\\\\\\\/23 12:00\\\",\\\"value\\\":7.53},{\\\"date\\\":\\\"16\\\\\\\/08\\\\\\\/23 12:02\\\",\\\"value\\\":7.54},{\\\"date\\\":\\\"16\\\\\\\/08\\\\\\\/23 12:04\\\",\\\"value\\\":7.54},{\\\"date\\\":\\\"16\\\\\\\/08\\\\\\\/23 12:06\\\",\\\"value\\\":7.51},{\\\"date\\\":\\\"16\\\\\\\/08\\\\\\\/23 12:08\\\",\\\"value\\\":7.53},{\\\"date\\\":\\\"16\\\\\\\/08\\\\\\\/23 12:10\\\",\\\"value\\\":7.52},{\\\"date\\\":\\\"16\\\\\\\/08\\\\\\\/23 12:12\\\",\\\"value\\\":7.52},{\\\"date\\\":\\\"16\\\\\\\/08\\\\\\\/23 12:14\\\",\\\"value\\\":7.51},{\\\"date\\\":\\\"16\\\\\\\/08\\\\\\\/23 12:16\\\",\\\"value\\\":7.51},{\\\"date\\\":\\\"16\\\\\\\/08\\\\\\\/23 12:18\\\",\\\"value\\\":7.51},{\\\"date\\\":\\\"16\\\\\\\/08\\\\\\\/23 12:20\\\",\\\"value\\\":7.48},{\\\"date\\\":\\\"16\\\\\\\/08\\\\\\\/23 12:22\\\",\\\"value\\\":7.47},{\\\"date\\\":\\\"16\\\\\\\/08\\\\\\\/23 12:24\\\",\\\"value\\\":7.48},{\\\"date\\\":\\\"16\\\\\\\/08\\\\\\\/23 12:26\\\",\\\"value\\\":7.47},{\\\"date\\\":\\\"16\\\\\\\/08\\\\\\\/23 12:28\\\",\\\"value\\\":7.48},{\\\"date\\\":\\\"16\\\\\\\/08\\\\\\\/23 12:30\\\",\\\"value\\\":7.49},{\\\"date\\\":\\\"16\\\\\\\/08\\\\\\\/23 12:32\\\",\\\"value\\\":7.47},{\\\"date\\\":\\\"16\\\\\\\/08\\\\\\\/23 12:34\\\",\\\"value\\\":7.48},{\\\"date\\\":\\\"16\\\\\\\/08\\\\\\\/23 12:36\\\",\\\"value\\\":7.48},{\\\"date\\\":\\\"16\\\\\\\/08\\\\\\\/23 12:38\\\",\\\"value\\\":7.45},{\\\"date\\\":\\\"16\\\\\\\/08\\\\\\\/23 12:40\\\",\\\"value\\\":7.46},{\\\"date\\\":\\\"16\\\\\\\/08\\\\\\\/23 12:42\\\",\\\"value\\\":7.46},{\\\"date\\\":\\\"16\\\\\\\/08\\\\\\\/23 12:44\\\",\\\"value\\\":7.46},{\\\"date\\\":\\\"16\\\\\\\/08\\\\\\\/23 12:46\\\",\\\"value\\\":7.44},{\\\"date\\\":\\\"16\\\\\\\/08\\\\\\\/23 12:48\\\",\\\"value\\\":7.44},{\\\"date\\\":\\\"16\\\\\\\/08\\\\\\\/23 12:50\\\",\\\"value\\\":7.48},{\\\"date\\\":\\\"16\\\\\\\/08\\\\\\\/23 12:52\\\",\\\"value\\\":7.46},{\\\"date\\\":\\\"16\\\\\\\/08\\\\\\\/23 12:54\\\",\\\"value\\\":7.47},{\\\"date\\\":\\\"16\\\\\\\/08\\\\\\\/23 12:56\\\",\\\"value\\\":7.46},{\\\"date\\\":\\\"16\\\\\\\/08\\\\\\\/23 12:58\\\",\\\"value\\\":7.48},{\\\"date\\\":\\\"16\\\\\\\/08\\\\\\\/23 13:00\\\",\\\"value\\\":7.48},{\\\"date\\\":\\\"16\\\\\\\/08\\\\\\\/23 13:02\\\",\\\"value\\\":7.48},{\\\"date\\\":\\\"16\\\\\\\/08\\\\\\\/23 13:04\\\",\\\"value\\\":7.48},{\\\"date\\\":\\\"16\\\\\\\/08\\\\\\\/23 13:06\\\",\\\"value\\\":7.47},{\\\"date\\\":\\\"16\\\\\\\/08\\\\\\\/23 13:08\\\",\\\"value\\\":7.46},{\\\"date\\\":\\\"16\\\\\\\/08\\\\\\\/23 13:10\\\",\\\"value\\\":7.44},{\\\"date\\\":\\\"16\\\\\\\/08\\\\\\\/23 13:12\\\",\\\"value\\\":7.43},{\\\"date\\\":\\\"16\\\\\\\/08\\\\\\\/23 13:14\\\",\\\"value\\\":7.43},{\\\"date\\\":\\\"16\\\\\\\/08\\\\\\\/23 13:16\\\",\\\"value\\\":7.47},{\\\"date\\\":\\\"16\\\\\\\/08\\\\\\\/23 13:18\\\",\\\"value\\\":7.48},{\\\"date\\\":\\\"16\\\\\\\/08\\\\\\\/23 13:20\\\",\\\"value\\\":7.5},{\\\"date\\\":\\\"16\\\\\\\/08\\\\\\\/23 13:22\\\",\\\"value\\\":7.52},{\\\"date\\\":\\\"16\\\\\\\/08\\\\\\\/23 13:24\\\",\\\"value\\\":7.53},{\\\"date\\\":\\\"16\\\\\\\/08\\\\\\\/23 13:26\\\",\\\"value\\\":7.52},{\\\"date\\\":\\\"16\\\\\\\/08\\\\\\\/23 13:28\\\",\\\"value\\\":7.52},{\\\"date\\\":\\\"16\\\\\\\/08\\\\\\\/23 13:30\\\",\\\"value\\\":7.52},{\\\"date\\\":\\\"16\\\\\\\/08\\\\\\\/23 13:32\\\",\\\"value\\\":7.5},{\\\"date\\\":\\\"16\\\\\\\/08\\\\\\\/23 13:34\\\",\\\"value\\\":7.5},{\\\"date\\\":\\\"16\\\\\\\/08\\\\\\\/23 13:36\\\",\\\"value\\\":7.52},{\\\"date\\\":\\\"16\\\\\\\/08\\\\\\\/23 13:38\\\",\\\"value\\\":7.51},{\\\"date\\\":\\\"16\\\\\\\/08\\\\\\\/23 13:40\\\",\\\"value\\\":7.47},{\\\"date\\\":\\\"16\\\\\\\/08\\\\\\\/23 13:42\\\",\\\"value\\\":7.48},{\\\"date\\\":\\\"16\\\\\\\/08\\\\\\\/23 13:44\\\",\\\"value\\\":7.47},{\\\"date\\\":\\\"16\\\\\\\/08\\\\\\\/23 13:46\\\",\\\"value\\\":7.47},{\\\"date\\\":\\\"16\\\\\\\/08\\\\\\\/23 13:48\\\",\\\"value\\\":7.47},{\\\"date\\\":\\\"16\\\\\\\/08\\\\\\\/23 13:50\\\",\\\"value\\\":7.5},{\\\"date\\\":\\\"16\\\\\\\/08\\\\\\\/23 13:52\\\",\\\"value\\\":7.5},{\\\"date\\\":\\\"16\\\\\\\/08\\\\\\\/23 13:54\\\",\\\"value\\\":7.52},{\\\"date\\\":\\\"16\\\\\\\/08\\\\\\\/23 13:56\\\",\\\"value\\\":7.5},{\\\"date\\\":\\\"16\\\\\\\/08\\\\\\\/23 13:58\\\",\\\"value\\\":7.49},{\\\"date\\\":\\\"16\\\\\\\/08\\\\\\\/23 14:00\\\",\\\"value\\\":7.41}]\";\n  let isPositive_631ae33a74130d85baa49f85f3adfe8e = \"\";\n\n  let color_631ae33a74130d85baa49f85f3adfe8e = isPositive_631ae33a74130d85baa49f85f3adfe8e ? '#3AB53A' : '#D92C2D';\n\n  let data_631ae33a74130d85baa49f85f3adfe8e = JSON.parse(data_json_631ae33a74130d85baa49f85f3adfe8e);\n\n  const result_631ae33a74130d85baa49f85f3adfe8e = {\n    date: [],\n    value: [],\n  };\n\n  data_631ae33a74130d85baa49f85f3adfe8e.forEach((item) => {\n    result_631ae33a74130d85baa49f85f3adfe8e.date.push(item.date);\n    result_631ae33a74130d85baa49f85f3adfe8e.value.push(Number(item.value));\n  });\n\n  let option_631ae33a74130d85baa49f85f3adfe8e = {\n    \/\/ variavel de cor global\n    color: [color_631ae33a74130d85baa49f85f3adfe8e],\n    title: {\n      text: '',\n    },\n    tooltip: {\n      trigger: 'axis',\n      axisPointer: {\n        type: 'cross',\n        label: {\n          \/\/ cor dos valores em X e Y\n          backgroundColor: color_631ae33a74130d85baa49f85f3adfe8e,\n          formatter: (value) => {\n            if (typeof value.value === 'number') {\n              return Number(value.value).toLocaleString('pt-br', {\n                style: 'currency',\n                currency: 'BRL'\n              });\n            }\n            return value.value;\n          },\n        },\n      },\n      valueFormatter: (value) => Number(value).toLocaleString('pt-br', {\n        style: 'currency',\n        currency: 'BRL'\n      }),\n    },\n    legend: {\n      \/\/ data: ['Valor de Fechamento'],\n      show: false,\n    },\n    toolbox: {\n      feature: {\n        saveAsImage: {\n          show: false,\n        },\n      },\n    },\n    grid: {\n      left: '0px',\n      right: '0px',\n      bottom: '0px',\n      containLabel: true,\n    },\n    xAxis: [{\n      type: 'category',\n      data: result_631ae33a74130d85baa49f85f3adfe8e.date,\n      boundaryGap: true,\n    }],\n    yAxis: [{\n      type: 'value',\n      min: Math.min(...result_631ae33a74130d85baa49f85f3adfe8e.value),\n      max: Math.max(...result_631ae33a74130d85baa49f85f3adfe8e.value),\n      axisLabel: {\n        formatter: (value) => value.toLocaleString('pt-br', {\n          style: 'currency',\n          currency: 'BRL'\n        }),\n      },\n    }],\n    series: [{\n      name: 'Valor de Fechamento',\n      type: 'line',\n      stack: 'Total',\n      \/\/ cor do grafico\n      areaStyle: {},\n      emphasis: {\n        focus: 'series',\n      },\n      data: result_631ae33a74130d85baa49f85f3adfe8e.value,\n      \/\/ cor da linha\n      lineStyle: {\n        color: color_631ae33a74130d85baa49f85f3adfe8e,\n      },\n    }, ],\n  };\n\n\twindow.chart_631ae33a74130d85baa49f85f3adfe8e = {\n\t\tel: chart_631ae33a74130d85baa49f85f3adfe8e,\n\t\toption: option_631ae33a74130d85baa49f85f3adfe8e\t};\n\n\n<\/script>\n\n\n\n<p>O <strong>M\u00e9liuz<\/strong> vem registrando uma forte queda ao longo do m\u00eas de agosto, com uma desvaloriza\u00e7\u00e3o mensal superior a 25% at\u00e9 agora. De todos os preg\u00f5es do m\u00eas, apenas 2 foram positivos.<\/p>\n\n\n\t<p>\n\t\t<a href=\"https:\/\/lp.suno.com.br\/ebook-como-analisar-uma-acao\/\" target=\"_blank\" data-element=\"shortcode-suno-banner\" title=\"Banner SUNO, clique e saiba mais\">\n\t\t\t<picture>\n\t\t\t\t<source media=\"(max-width: 500px)\" srcset=\"https:\/\/files.sunoresearch.com.br\/n\/uploads\/2023\/12\/Ebook-Acoes-Mobile.jpg\">\n\t\t\t\t<img class=\"newsContent__article__imgCapa newsContent__article__imgCapa--banner\"\n\t\t\t\t\tsrc=\"https:\/\/files.sunoresearch.com.br\/n\/uploads\/2023\/12\/Ebook-Acoes-Desktop.webp\"\n\t\t\t\t\tdata-promo-id=\"311260\"\t\t\t\t\t\t\t\t\t\twidth='1420' height='286'\t\t\t\t\talt=\"https:\/\/files.sunoresearch.com.br\/n\/uploads\/2023\/12\/Ebook-Acoes-Desktop.webp\"\n\t\t\t\t>\n\t\t\t<\/picture>\n\t\t<\/a>\n\t<\/p>\n\n\n","protected":false},"excerpt":{"rendered":"<p>A B3 (B3SA3) anunciou a pr\u00e9via da nova composi\u00e7\u00e3o do Ibovespa, principal \u00edndice de a\u00e7\u00f5es da Bolsa de Valores brasileira, com a carteira que entrar\u00e1 em vigor no in\u00edcio de setembro. Chamou aten\u00e7\u00e3o a possibilidade de sa\u00edda do M\u00e9liuz (CASH3). M\u00e9liuz (CASH) pode deixar o Ibovespa em setembro. Foto: Divulga\u00e7\u00e3o\/B3 A nova carteira do Ibovespa [&hellip;]<\/p>\n","protected":false},"author":173,"featured_media":341306,"comment_status":"closed","ping_status":"closed","sticky":false,"template":"","format":"standard","meta":[],"categories":[64],"tags":[104467],"suno_strategy":[],"class_list":["post-443941","post","type-post","status-publish","format-standard","has-post-thumbnail","hentry","category-negocios","tag-meliuz-cash3"],"yoast_head":"<!-- This site is optimized with the Yoast SEO plugin v24.4 - https:\/\/yoast.com\/wordpress\/plugins\/seo\/ -->\n<title>M\u00e9liuz (CASH) pode deixar o Ibovespa em setembro; veja os motivos<\/title>\n<meta name=\"description\" content=\"O M\u00e9liuz (CASH3) pode deixar o Ibovespa em setembro. Veja os motivos e confira a nova pr\u00e9via divulgada hoje pela B3 (B3SA3).\" \/>\n<meta name=\"robots\" content=\"index, follow, max-snippet:-1, max-image-preview:large, max-video-preview:-1\" \/>\n<link rel=\"canonical\" href=\"https:\/\/www.suno.com.br\/noticias\/meliuz-cash3-deixar-ibovespa-jvj\/\" \/>\n<meta property=\"og:locale\" content=\"pt_BR\" \/>\n<meta property=\"og:type\" content=\"article\" \/>\n<meta property=\"og:title\" content=\"M\u00e9liuz (CASH) pode deixar o Ibovespa em setembro; veja os motivos\" \/>\n<meta property=\"og:description\" content=\"O M\u00e9liuz (CASH3) pode deixar o Ibovespa em setembro. Veja os motivos e confira a nova pr\u00e9via divulgada hoje pela B3 (B3SA3).\" \/>\n<meta property=\"og:url\" content=\"https:\/\/www.suno.com.br\/noticias\/meliuz-cash3-deixar-ibovespa-jvj\/\" \/>\n<meta property=\"og:site_name\" content=\"Suno Not\u00edcias\" \/>\n<meta property=\"article:publisher\" content=\"https:\/\/facebook.com\/sunoresearch\" \/>\n<meta property=\"og:image\" content=\"https:\/\/files.sunoresearch.com.br\/n\/uploads\/2023\/01\/B3-B3SA3-Ibovespa.jpg\" \/>\n\t<meta property=\"og:image:width\" content=\"1200\" \/>\n\t<meta property=\"og:image:height\" content=\"800\" \/>\n\t<meta property=\"og:image:type\" content=\"image\/jpeg\" \/>\n<meta name=\"author\" content=\"Jo\u00e3o Vitor\" \/>\n<meta name=\"twitter:card\" content=\"summary_large_image\" \/>\n<meta name=\"twitter:creator\" content=\"@sunoresearch\" \/>\n<meta name=\"twitter:site\" content=\"@sunoresearch\" \/>\n<meta name=\"twitter:label1\" content=\"Escrito por\" \/>\n\t<meta name=\"twitter:data1\" content=\"Jo\u00e3o Vitor\" \/>\n\t<meta name=\"twitter:label2\" content=\"Est. tempo de leitura\" \/>\n\t<meta name=\"twitter:data2\" content=\"3 minutos\" \/>\n<script type=\"application\/ld+json\" class=\"yoast-schema-graph\">{\"@context\":\"https:\/\/schema.org\",\"@graph\":[{\"@type\":\"NewsArticle\",\"@id\":\"https:\/\/www.suno.com.br\/noticias\/meliuz-cash3-deixar-ibovespa-jvj\/#article\",\"isPartOf\":{\"@id\":\"https:\/\/www.suno.com.br\/noticias\/meliuz-cash3-deixar-ibovespa-jvj\/\"},\"author\":{\"name\":\"Jo\u00e3o Vitor\",\"@id\":\"https:\/\/www.suno.com.br\/noticias\/#\/schema\/person\/87fc6973867c52dd884811905c43afba\"},\"headline\":\"De sa\u00edda? M\u00e9liuz (CASH) pode deixar o Ibovespa em setembro; Veja os motivos\",\"datePublished\":\"2023-08-17T00:00:13+00:00\",\"dateModified\":\"2023-08-17T00:33:54+00:00\",\"mainEntityOfPage\":{\"@id\":\"https:\/\/www.suno.com.br\/noticias\/meliuz-cash3-deixar-ibovespa-jvj\/\"},\"wordCount\":468,\"publisher\":{\"@id\":\"https:\/\/www.suno.com.br\/noticias\/#organization\"},\"image\":{\"@id\":\"https:\/\/www.suno.com.br\/noticias\/meliuz-cash3-deixar-ibovespa-jvj\/#primaryimage\"},\"thumbnailUrl\":\"https:\/\/files.sunoresearch.com.br\/n\/uploads\/2023\/01\/B3-B3SA3-Ibovespa.jpg\",\"keywords\":[\"M\u00e9liuz (CASH3)\"],\"articleSection\":[\"Neg\u00f3cios\"],\"inLanguage\":\"pt-BR\"},{\"@type\":\"WebPage\",\"@id\":\"https:\/\/www.suno.com.br\/noticias\/meliuz-cash3-deixar-ibovespa-jvj\/\",\"url\":\"https:\/\/www.suno.com.br\/noticias\/meliuz-cash3-deixar-ibovespa-jvj\/\",\"name\":\"M\u00e9liuz (CASH) pode deixar o Ibovespa em setembro; veja os motivos\",\"isPartOf\":{\"@id\":\"https:\/\/www.suno.com.br\/noticias\/#website\"},\"primaryImageOfPage\":{\"@id\":\"https:\/\/www.suno.com.br\/noticias\/meliuz-cash3-deixar-ibovespa-jvj\/#primaryimage\"},\"image\":{\"@id\":\"https:\/\/www.suno.com.br\/noticias\/meliuz-cash3-deixar-ibovespa-jvj\/#primaryimage\"},\"thumbnailUrl\":\"https:\/\/files.sunoresearch.com.br\/n\/uploads\/2023\/01\/B3-B3SA3-Ibovespa.jpg\",\"datePublished\":\"2023-08-17T00:00:13+00:00\",\"dateModified\":\"2023-08-17T00:33:54+00:00\",\"description\":\"O M\u00e9liuz (CASH3) pode deixar o Ibovespa em setembro. Veja os motivos e confira a nova pr\u00e9via divulgada hoje pela B3 (B3SA3).\",\"breadcrumb\":{\"@id\":\"https:\/\/www.suno.com.br\/noticias\/meliuz-cash3-deixar-ibovespa-jvj\/#breadcrumb\"},\"inLanguage\":\"pt-BR\",\"potentialAction\":[{\"@type\":\"ReadAction\",\"target\":[\"https:\/\/www.suno.com.br\/noticias\/meliuz-cash3-deixar-ibovespa-jvj\/\"]}]},{\"@type\":\"ImageObject\",\"inLanguage\":\"pt-BR\",\"@id\":\"https:\/\/www.suno.com.br\/noticias\/meliuz-cash3-deixar-ibovespa-jvj\/#primaryimage\",\"url\":\"https:\/\/files.sunoresearch.com.br\/n\/uploads\/2023\/01\/B3-B3SA3-Ibovespa.jpg\",\"contentUrl\":\"https:\/\/files.sunoresearch.com.br\/n\/uploads\/2023\/01\/B3-B3SA3-Ibovespa.jpg\",\"width\":1200,\"height\":800,\"caption\":\"M\u00e9liuz (CASH) pode deixar o Ibovespa em setembro. Foto: Divulga\u00e7\u00e3o\/B3\"},{\"@type\":\"BreadcrumbList\",\"@id\":\"https:\/\/www.suno.com.br\/noticias\/meliuz-cash3-deixar-ibovespa-jvj\/#breadcrumb\",\"itemListElement\":[{\"@type\":\"ListItem\",\"position\":1,\"name\":\"Not\u00edcias\",\"item\":\"https:\/\/www.suno.com.br\/noticias\/\"},{\"@type\":\"ListItem\",\"position\":2,\"name\":\"Neg\u00f3cios\",\"item\":\"https:\/\/www.suno.com.br\/noticias\/negocios\/\"},{\"@type\":\"ListItem\",\"position\":3,\"name\":\"De sa\u00edda? M\u00e9liuz (CASH) pode deixar o Ibovespa em setembro; Veja os motivos\"}]},{\"@type\":\"WebSite\",\"@id\":\"https:\/\/www.suno.com.br\/noticias\/#website\",\"url\":\"https:\/\/www.suno.com.br\/noticias\/\",\"name\":\"Suno Not\u00edcias\",\"description\":\"Seu portal de informa\u00e7\u00e3o sobre o mundo dos investimentos\",\"publisher\":{\"@id\":\"https:\/\/www.suno.com.br\/noticias\/#organization\"},\"potentialAction\":[{\"@type\":\"SearchAction\",\"target\":{\"@type\":\"EntryPoint\",\"urlTemplate\":\"https:\/\/www.suno.com.br\/noticias\/?s={search_term_string}\"},\"query-input\":{\"@type\":\"PropertyValueSpecification\",\"valueRequired\":true,\"valueName\":\"search_term_string\"}}],\"inLanguage\":\"pt-BR\"},{\"@type\":\"Organization\",\"@id\":\"https:\/\/www.suno.com.br\/noticias\/#organization\",\"name\":\"Suno Not\u00edcias\",\"url\":\"https:\/\/www.suno.com.br\/noticias\/\",\"logo\":{\"@type\":\"ImageObject\",\"inLanguage\":\"pt-BR\",\"@id\":\"https:\/\/www.suno.com.br\/noticias\/#\/schema\/logo\/image\/\",\"url\":\"https:\/\/files.sunoresearch.com.br\/n\/uploads\/2021\/09\/suno-logo.png\",\"contentUrl\":\"https:\/\/files.sunoresearch.com.br\/n\/uploads\/2021\/09\/suno-logo.png\",\"width\":180,\"height\":180,\"caption\":\"Suno Not\u00edcias\"},\"image\":{\"@id\":\"https:\/\/www.suno.com.br\/noticias\/#\/schema\/logo\/image\/\"},\"sameAs\":[\"https:\/\/facebook.com\/sunoresearch\",\"https:\/\/x.com\/sunoresearch\",\"https:\/\/www.instagram.com\/suno\",\"https:\/\/www.linkedin.com\/company\/suno-research\/\",\"https:\/\/www.youtube.com\/c\/sunoresearch\"]},{\"@type\":\"Person\",\"@id\":\"https:\/\/www.suno.com.br\/noticias\/#\/schema\/person\/87fc6973867c52dd884811905c43afba\",\"name\":\"Jo\u00e3o Vitor\",\"image\":{\"@type\":\"ImageObject\",\"inLanguage\":\"pt-BR\",\"@id\":\"https:\/\/www.suno.com.br\/noticias\/#\/schema\/person\/image\/\",\"url\":\"https:\/\/secure.gravatar.com\/avatar\/2843227ca03ccf8cc7ccca45204c127e?s=96&r=g\",\"contentUrl\":\"https:\/\/secure.gravatar.com\/avatar\/2843227ca03ccf8cc7ccca45204c127e?s=96&r=g\",\"caption\":\"Jo\u00e3o Vitor\"},\"description\":\"Redator profissional, com atua\u00e7\u00e3o no mercado editorial na produ\u00e7\u00e3o de not\u00edcias e conte\u00fados sobre o mercado de a\u00e7\u00f5es, fundos imobili\u00e1rios e economia popular. Graduando em Engenharia Qu\u00edmica pela Unesp, tamb\u00e9m j\u00e1 atuou como consultor financeiro.\",\"url\":\"https:\/\/www.suno.com.br\/noticias\/author\/joao-vitor-jacintho\/\"}]}<\/script>\n<!-- \/ Yoast SEO plugin. -->","yoast_head_json":{"title":"M\u00e9liuz (CASH) pode deixar o Ibovespa em setembro; veja os motivos","description":"O M\u00e9liuz (CASH3) pode deixar o Ibovespa em setembro. Veja os motivos e confira a nova pr\u00e9via divulgada hoje pela B3 (B3SA3).","robots":{"index":"index","follow":"follow","max-snippet":"max-snippet:-1","max-image-preview":"max-image-preview:large","max-video-preview":"max-video-preview:-1"},"canonical":"https:\/\/www.suno.com.br\/noticias\/meliuz-cash3-deixar-ibovespa-jvj\/","og_locale":"pt_BR","og_type":"article","og_title":"M\u00e9liuz (CASH) pode deixar o Ibovespa em setembro; veja os motivos","og_description":"O M\u00e9liuz (CASH3) pode deixar o Ibovespa em setembro. Veja os motivos e confira a nova pr\u00e9via divulgada hoje pela B3 (B3SA3).","og_url":"https:\/\/www.suno.com.br\/noticias\/meliuz-cash3-deixar-ibovespa-jvj\/","og_site_name":"Suno Not\u00edcias","article_publisher":"https:\/\/facebook.com\/sunoresearch","og_image":[{"width":1200,"height":800,"url":"https:\/\/files.sunoresearch.com.br\/n\/uploads\/2023\/01\/B3-B3SA3-Ibovespa.jpg","type":"image\/jpeg"}],"author":"Jo\u00e3o Vitor","twitter_card":"summary_large_image","twitter_creator":"@sunoresearch","twitter_site":"@sunoresearch","twitter_misc":{"Escrito por":"Jo\u00e3o Vitor","Est. tempo de leitura":"3 minutos"},"schema":{"@context":"https:\/\/schema.org","@graph":[{"@type":"NewsArticle","@id":"https:\/\/www.suno.com.br\/noticias\/meliuz-cash3-deixar-ibovespa-jvj\/#article","isPartOf":{"@id":"https:\/\/www.suno.com.br\/noticias\/meliuz-cash3-deixar-ibovespa-jvj\/"},"author":{"name":"Jo\u00e3o Vitor","@id":"https:\/\/www.suno.com.br\/noticias\/#\/schema\/person\/87fc6973867c52dd884811905c43afba"},"headline":"De sa\u00edda? M\u00e9liuz (CASH) pode deixar o Ibovespa em setembro; Veja os motivos","datePublished":"2023-08-17T00:00:13+00:00","dateModified":"2023-08-17T00:33:54+00:00","mainEntityOfPage":{"@id":"https:\/\/www.suno.com.br\/noticias\/meliuz-cash3-deixar-ibovespa-jvj\/"},"wordCount":468,"publisher":{"@id":"https:\/\/www.suno.com.br\/noticias\/#organization"},"image":{"@id":"https:\/\/www.suno.com.br\/noticias\/meliuz-cash3-deixar-ibovespa-jvj\/#primaryimage"},"thumbnailUrl":"https:\/\/files.sunoresearch.com.br\/n\/uploads\/2023\/01\/B3-B3SA3-Ibovespa.jpg","keywords":["M\u00e9liuz (CASH3)"],"articleSection":["Neg\u00f3cios"],"inLanguage":"pt-BR"},{"@type":"WebPage","@id":"https:\/\/www.suno.com.br\/noticias\/meliuz-cash3-deixar-ibovespa-jvj\/","url":"https:\/\/www.suno.com.br\/noticias\/meliuz-cash3-deixar-ibovespa-jvj\/","name":"M\u00e9liuz (CASH) pode deixar o Ibovespa em setembro; veja os motivos","isPartOf":{"@id":"https:\/\/www.suno.com.br\/noticias\/#website"},"primaryImageOfPage":{"@id":"https:\/\/www.suno.com.br\/noticias\/meliuz-cash3-deixar-ibovespa-jvj\/#primaryimage"},"image":{"@id":"https:\/\/www.suno.com.br\/noticias\/meliuz-cash3-deixar-ibovespa-jvj\/#primaryimage"},"thumbnailUrl":"https:\/\/files.sunoresearch.com.br\/n\/uploads\/2023\/01\/B3-B3SA3-Ibovespa.jpg","datePublished":"2023-08-17T00:00:13+00:00","dateModified":"2023-08-17T00:33:54+00:00","description":"O M\u00e9liuz (CASH3) pode deixar o Ibovespa em setembro. Veja os motivos e confira a nova pr\u00e9via divulgada hoje pela B3 (B3SA3).","breadcrumb":{"@id":"https:\/\/www.suno.com.br\/noticias\/meliuz-cash3-deixar-ibovespa-jvj\/#breadcrumb"},"inLanguage":"pt-BR","potentialAction":[{"@type":"ReadAction","target":["https:\/\/www.suno.com.br\/noticias\/meliuz-cash3-deixar-ibovespa-jvj\/"]}]},{"@type":"ImageObject","inLanguage":"pt-BR","@id":"https:\/\/www.suno.com.br\/noticias\/meliuz-cash3-deixar-ibovespa-jvj\/#primaryimage","url":"https:\/\/files.sunoresearch.com.br\/n\/uploads\/2023\/01\/B3-B3SA3-Ibovespa.jpg","contentUrl":"https:\/\/files.sunoresearch.com.br\/n\/uploads\/2023\/01\/B3-B3SA3-Ibovespa.jpg","width":1200,"height":800,"caption":"M\u00e9liuz (CASH) pode deixar o Ibovespa em setembro. Foto: Divulga\u00e7\u00e3o\/B3"},{"@type":"BreadcrumbList","@id":"https:\/\/www.suno.com.br\/noticias\/meliuz-cash3-deixar-ibovespa-jvj\/#breadcrumb","itemListElement":[{"@type":"ListItem","position":1,"name":"Not\u00edcias","item":"https:\/\/www.suno.com.br\/noticias\/"},{"@type":"ListItem","position":2,"name":"Neg\u00f3cios","item":"https:\/\/www.suno.com.br\/noticias\/negocios\/"},{"@type":"ListItem","position":3,"name":"De sa\u00edda? M\u00e9liuz (CASH) pode deixar o Ibovespa em setembro; Veja os motivos"}]},{"@type":"WebSite","@id":"https:\/\/www.suno.com.br\/noticias\/#website","url":"https:\/\/www.suno.com.br\/noticias\/","name":"Suno Not\u00edcias","description":"Seu portal de informa\u00e7\u00e3o sobre o mundo dos investimentos","publisher":{"@id":"https:\/\/www.suno.com.br\/noticias\/#organization"},"potentialAction":[{"@type":"SearchAction","target":{"@type":"EntryPoint","urlTemplate":"https:\/\/www.suno.com.br\/noticias\/?s={search_term_string}"},"query-input":{"@type":"PropertyValueSpecification","valueRequired":true,"valueName":"search_term_string"}}],"inLanguage":"pt-BR"},{"@type":"Organization","@id":"https:\/\/www.suno.com.br\/noticias\/#organization","name":"Suno Not\u00edcias","url":"https:\/\/www.suno.com.br\/noticias\/","logo":{"@type":"ImageObject","inLanguage":"pt-BR","@id":"https:\/\/www.suno.com.br\/noticias\/#\/schema\/logo\/image\/","url":"https:\/\/files.sunoresearch.com.br\/n\/uploads\/2021\/09\/suno-logo.png","contentUrl":"https:\/\/files.sunoresearch.com.br\/n\/uploads\/2021\/09\/suno-logo.png","width":180,"height":180,"caption":"Suno Not\u00edcias"},"image":{"@id":"https:\/\/www.suno.com.br\/noticias\/#\/schema\/logo\/image\/"},"sameAs":["https:\/\/facebook.com\/sunoresearch","https:\/\/x.com\/sunoresearch","https:\/\/www.instagram.com\/suno","https:\/\/www.linkedin.com\/company\/suno-research\/","https:\/\/www.youtube.com\/c\/sunoresearch"]},{"@type":"Person","@id":"https:\/\/www.suno.com.br\/noticias\/#\/schema\/person\/87fc6973867c52dd884811905c43afba","name":"Jo\u00e3o Vitor","image":{"@type":"ImageObject","inLanguage":"pt-BR","@id":"https:\/\/www.suno.com.br\/noticias\/#\/schema\/person\/image\/","url":"https:\/\/secure.gravatar.com\/avatar\/2843227ca03ccf8cc7ccca45204c127e?s=96&r=g","contentUrl":"https:\/\/secure.gravatar.com\/avatar\/2843227ca03ccf8cc7ccca45204c127e?s=96&r=g","caption":"Jo\u00e3o Vitor"},"description":"Redator profissional, com atua\u00e7\u00e3o no mercado editorial na produ\u00e7\u00e3o de not\u00edcias e conte\u00fados sobre o mercado de a\u00e7\u00f5es, fundos imobili\u00e1rios e economia popular. Graduando em Engenharia Qu\u00edmica pela Unesp, tamb\u00e9m j\u00e1 atuou como consultor financeiro.","url":"https:\/\/www.suno.com.br\/noticias\/author\/joao-vitor-jacintho\/"}]}},"default_loop_html":"<div class=\"cardsPage__listCard__boxs\"><div class=\"cardsPage__listCard__boxs__img\"><a href=\"https:\/\/www.suno.com.br\/noticias\/meliuz-cash3-deixar-ibovespa-jvj\/\"><img class=\"mask\" src=\"https:\/\/www.suno.com.br\/noticias\/wp-content\/themes\/suno\/resources\/images\/spotlight\/spotlight1img\/bg-mask.png\" alt=\"Image Mask\"\/><img src=\"https:\/\/files.sunoresearch.com.br\/n\/uploads\/2023\/01\/B3-B3SA3-Ibovespa-400x200.jpg\" alt=\"De sa\u00edda? M\u00e9liuz (CASH) pode deixar o Ibovespa em setembro; Veja os motivos\"\/><\/a><span class=\"spotlightCategory\"><a href=\"https:\/\/www.suno.com.br\/noticias\/negocios\/\">Neg\u00f3cios<\/a><\/span><\/div><div class=\"cardsPage__listCard__boxs__content\"><a href=\"https:\/\/www.suno.com.br\/noticias\/meliuz-cash3-deixar-ibovespa-jvj\/\"><h2 class=\"content__title\">De sa\u00edda? M\u00e9liuz (CASH) pode deixar o Ibovespa em setembro; Veja os motivos<\/h2><\/a><div class=\"newsContent__article__meta\"><div class=\"newsContent__article__meta__authorBox\"><a href=\"https:\/\/www.suno.com.br\/noticias\/author\/joao-vitor-jacintho\/\" class=\"authorBox__avatar noMobi\"><img src=\"https:\/\/secure.gravatar.com\/avatar\/2843227ca03ccf8cc7ccca45204c127e?s=96&#038;r=g\" alt=\"Jo\u00e3o Vitor Jacintho\"><\/a><div class=\"authorBox__name\"><span>por\n\t\t\t<a href=\"https:\/\/www.suno.com.br\/noticias\/author\/joao-vitor-jacintho\/\"><span itemprop=\"author\">Jo\u00e3o Vitor Jacintho<\/span><\/a><\/span><time datetime=\"2023-08-16T21:00:13-03:00\" itemprop=\"datePublished\">16\/08\/2023 21:00<\/time><\/div><\/div><\/div><\/div><\/div>","single_layout":"posts","amp_enabled":true,"_links":{"self":[{"href":"https:\/\/www.suno.com.br\/noticias\/wp-json\/wp\/v2\/posts\/443941"}],"collection":[{"href":"https:\/\/www.suno.com.br\/noticias\/wp-json\/wp\/v2\/posts"}],"about":[{"href":"https:\/\/www.suno.com.br\/noticias\/wp-json\/wp\/v2\/types\/post"}],"author":[{"embeddable":true,"href":"https:\/\/www.suno.com.br\/noticias\/wp-json\/wp\/v2\/users\/173"}],"replies":[{"embeddable":true,"href":"https:\/\/www.suno.com.br\/noticias\/wp-json\/wp\/v2\/comments?post=443941"}],"version-history":[{"count":2,"href":"https:\/\/www.suno.com.br\/noticias\/wp-json\/wp\/v2\/posts\/443941\/revisions"}],"predecessor-version":[{"id":443965,"href":"https:\/\/www.suno.com.br\/noticias\/wp-json\/wp\/v2\/posts\/443941\/revisions\/443965"}],"wp:featuredmedia":[{"embeddable":true,"href":"https:\/\/www.suno.com.br\/noticias\/wp-json\/wp\/v2\/media\/341306"}],"wp:attachment":[{"href":"https:\/\/www.suno.com.br\/noticias\/wp-json\/wp\/v2\/media?parent=443941"}],"wp:term":[{"taxonomy":"category","embeddable":true,"href":"https:\/\/www.suno.com.br\/noticias\/wp-json\/wp\/v2\/categories?post=443941"},{"taxonomy":"post_tag","embeddable":true,"href":"https:\/\/www.suno.com.br\/noticias\/wp-json\/wp\/v2\/tags?post=443941"},{"taxonomy":"suno_strategy","embeddable":true,"href":"https:\/\/www.suno.com.br\/noticias\/wp-json\/wp\/v2\/suno_strategy?post=443941"}],"curies":[{"name":"wp","href":"https:\/\/api.w.org\/{rel}","templated":true}]}}