{"id":44391,"date":"2019-11-11T13:50:59","date_gmt":"2019-11-11T15:50:59","guid":{"rendered":"https:\/\/www.suno.com.br\/noticias\/?p=44391"},"modified":"2019-11-11T13:50:59","modified_gmt":"2019-11-11T15:50:59","slug":"b3-investidores-ativos-bolsa-de-valores","status":"publish","type":"post","link":"https:\/\/www.suno.com.br\/noticias\/b3-investidores-ativos-bolsa-de-valores\/","title":{"rendered":"N\u00famero de investidores ativos na B3 cresce 95% em um ano"},"content":{"rendered":"<p>A <a href=\"https:\/\/www.suno.com.br\/artigos\/b3\/\">B3 <strong>(Brasil, Bolsa, Balc\u00e3o)<\/strong><\/a> (B3SA3) informou nesta segunda-feira (11) que o n\u00famero de investidores ativos na <strong><a href=\"https:\/\/www.suno.com.br\/artigos\/bovespa-precedente-b3\/\">Bolsa de Valores de S\u00e3o Paulo<\/a><\/strong> atingiu 1,536 milh\u00e3o de pessoas em outubro.<\/p>\t<div class=\"wrapper-featured-image\">\n\t\t<figure class=\"spotlightImg\">\n\n\t\t\t<picture>\n\t\t\t\t<source media=\"(max-width: 768px)\" srcset=\"https:\/\/files.sunoresearch.com.br\/n\/uploads\/2019\/03\/67ac7a65-tesouro-direto-400x200.webp\">\n\t\t\t\t<img loading=\"lazy\" decoding=\"async\" class=\"newsContent__article__imgCapa lazyloadDisabled newsContent__article__imgCapa--noCaption\" src=\"https:\/\/files.sunoresearch.com.br\/n\/uploads\/2019\/03\/67ac7a65-tesouro-direto-png.webp\" width=\"800\" height=\"450\" alt=\"N\u00famero de investidores ativos na B3 cresce 95% em um ano\" fetchpriority=high \/>\n\t\t\t<\/picture>\n\n\t\t\t<figcaption class=\"wp-caption-text wp-caption-text--hide\"><\/figcaption>\n\t\t<\/figure>\n\t<\/div>\n\n\n\n<p>Esse valor representa alta de 95% em compara\u00e7\u00e3o com o mesmo per\u00edodo no ano passado. Al\u00e9m disso, em compara\u00e7\u00e3o com o m\u00eas anterior, setembro, o n\u00famero representa alta de 6,5%. A<strong> B3<\/strong> informou que o valor de mercado das <strong><a href=\"https:\/\/www.suno.com.br\/artigos\/agenda-de-resultados-do-terceiro-trimestre\/\">empresas listadas<\/a><\/strong> apresentaram alta de 24% em compara\u00e7\u00e3o com outubro do ao passado, para R$ 4,232 trilh\u00f5es.<\/p>\n<p>No segmento de mercado de <a href=\"https:\/\/www.suno.com.br\/artigos\/derivativos\/\">derivativos<\/a> o volume m\u00e9dio di\u00e1rio de contratos teve uma eleva\u00e7\u00e3o de 35,9% em um ano, para 4,455 milh\u00f5es. Em compara\u00e7\u00e3o com o m\u00eas de setembro a alta foi de 21,2%. A receita m\u00e9dia por contrato caiu 15,9% em rela\u00e7\u00e3o ao ano passado.<\/p>\n<p>No segmento de<a href=\"https:\/\/www.suno.com.br\/artigos\/tipos-de-acoes\/\"> a\u00e7\u00f5es<\/a>, o volume financeiro m\u00e9dio di\u00e1rio caiu 2,3% em outubro deste ano, para R$ 16,614 bilh\u00f5es. Em compara\u00e7\u00e3o com setembro, houve alta de 0,8%.<\/p>\n<p>Por sua vez, no mercado da infraestrutura para financiamentos o n\u00famero de registro de ve\u00edculos financiados alcan\u00e7ou 569,463 mil unidades, uma eleva\u00e7\u00e3o de 14,9% no ano e avan\u00e7o de 12% no m\u00eas.<\/p>\n\t<p>\n\t\t<a href=\"https:\/\/lp.statusinvest.com.br\/ao\/assessoria-status-invest\/\" target=\"_blank\" data-element=\"shortcode-suno-banner\" title=\"Banner SUNO, clique e saiba mais\">\n\t\t\t<picture>\n\t\t\t\t<source media=\"(max-width: 500px)\" srcset=\"https:\/\/files.sunoresearch.com.br\/n\/uploads\/2024\/03\/400x300-Mobile-1.png\">\n\t\t\t\t<img class=\"newsContent__article__imgCapa newsContent__article__imgCapa--banner\"\n\t\t\t\t\tsrc=\"https:\/\/files.sunoresearch.com.br\/n\/uploads\/2024\/03\/1420-x-240-Desktop.png\"\n\t\t\t\t\tdata-promo-id=\"537299\"\t\t\t\t\t\t\t\t\t\twidth='1420' height='250'\t\t\t\t\talt=\"https:\/\/files.sunoresearch.com.br\/n\/uploads\/2024\/03\/1420-x-240-Desktop.png\"\n\t\t\t\t>\n\t\t\t<\/picture>\n\t\t<\/a>\n\t<\/p>\n\n\n<p>No segmento de<a href=\"https:\/\/www.suno.com.br\/artigos\/mercado-balcao\/\"> balc\u00e3o<\/a>, as novas emiss\u00f5es de renda fixa tiveram alta de 8,8% em compara\u00e7\u00e3o com outubro do ano passado, com R$ 849 bilh\u00f5es, e 6,5% em rela\u00e7\u00e3o ao m\u00eas anterior.<\/p>\n<h2>B3 tem novo hor\u00e1rio de negocia\u00e7\u00e3o<\/h2>\n<p>A B3 opera com novos hor\u00e1rios de negocia\u00e7\u00f5es desde a \u00faltima segunda-feira (4). A altera\u00e7\u00e3o no hor\u00e1rio de negocia\u00e7\u00e3o da <strong>Bolsa de Valores<\/strong> \u00e9 consequ\u00eancia do t\u00e9rmino do <strong>hor\u00e1rio de ver\u00e3o<\/strong> nos Estados Unidos, que ocorreu no dia 3 de novembro.<\/p>\n<p><a href=\"\/\/www.suno.com.br\/noticias\/bolsa-de-valores-novo-horario-negociacao\/&quot;\">Confira Tamb\u00e9m: Bolsa de Valores de S\u00e3o Paulo ter\u00e1 novo hor\u00e1rio de negocia\u00e7\u00e3o<\/a><\/p>\n<p>Nos EUA, os rel\u00f3gios ser\u00e3o atrasados em uma hora. Em contrapartida, no Brasil, o hor\u00e1rio de ver\u00e3o come\u00e7aria neste domingo, fazendo com que os rel\u00f3gios fossem adiantados em uma hora. No entanto, no in\u00edcio de abril deste ano, o presidente <strong>Jair Bolsonaro<\/strong> assinou um decreto suspendendo a medida.<\/p>\n<p>A medida n\u00e3o alterar\u00e1 a abertura do mercado, somente o hor\u00e1rio de fechamento. Sendo assim, a <strong>B3<\/strong>\u00a0continuar\u00e1 com suas opera\u00e7\u00f5es iniciadas \u00e0s 10h.<\/p>\n","protected":false},"excerpt":{"rendered":"<p>A B3 (Brasil, Bolsa, Balc\u00e3o) (B3SA3) informou nesta segunda-feira (11) que o n\u00famero de investidores ativos na Bolsa de Valores de S\u00e3o Paulo atingiu 1,536 milh\u00e3o de pessoas em outubro. Esse valor representa alta de 95% em compara\u00e7\u00e3o com o mesmo per\u00edodo no ano passado. Al\u00e9m disso, em compara\u00e7\u00e3o com o m\u00eas anterior, setembro, o [&hellip;]<\/p>\n","protected":false},"author":15,"featured_media":18779,"comment_status":"closed","ping_status":"closed","sticky":false,"template":"","format":"standard","meta":[],"categories":[60],"tags":[1937],"suno_strategy":[],"class_list":["post-44391","post","type-post","status-publish","format-standard","has-post-thumbnail","hentry","category-mercado","tag-bolsa-de-valores-de-sao-paulo-b3"],"yoast_head":"<!-- This site is optimized with the Yoast SEO plugin v24.4 - https:\/\/yoast.com\/wordpress\/plugins\/seo\/ -->\n<title>N\u00famero de investidores ativos na B3 cresce 95% em um ano<\/title>\n<meta name=\"description\" content=\"A B3 informou nesta segunda (11) que o n\u00famero de investidores ativos na Bolsa de Valores atingiu 1,536 milh\u00e3o. Clique aqui e saiba mais\" \/>\n<meta name=\"robots\" content=\"index, follow, max-snippet:-1, max-image-preview:large, max-video-preview:-1\" \/>\n<link rel=\"canonical\" href=\"https:\/\/www.suno.com.br\/noticias\/b3-investidores-ativos-bolsa-de-valores\/\" \/>\n<meta property=\"og:locale\" content=\"pt_BR\" \/>\n<meta property=\"og:type\" content=\"article\" \/>\n<meta property=\"og:title\" content=\"N\u00famero de investidores ativos na B3 cresce 95% em um ano\" \/>\n<meta property=\"og:description\" content=\"A B3 informou nesta segunda (11) que o n\u00famero de investidores ativos na Bolsa de Valores atingiu 1,536 milh\u00e3o. Clique aqui e saiba mais\" \/>\n<meta property=\"og:url\" content=\"https:\/\/www.suno.com.br\/noticias\/b3-investidores-ativos-bolsa-de-valores\/\" \/>\n<meta property=\"og:site_name\" content=\"Suno Not\u00edcias\" \/>\n<meta property=\"article:publisher\" content=\"https:\/\/facebook.com\/sunoresearch\" \/>\n<meta property=\"og:image\" content=\"https:\/\/files.sunoresearch.com.br\/n\/uploads\/2019\/03\/67ac7a65-tesouro-direto.png\" \/>\n\t<meta property=\"og:image:width\" content=\"500\" \/>\n\t<meta property=\"og:image:height\" content=\"375\" \/>\n\t<meta property=\"og:image:type\" content=\"image\/png\" \/>\n<meta name=\"author\" content=\"Poliana Santos\" \/>\n<meta name=\"twitter:card\" content=\"summary_large_image\" \/>\n<meta name=\"twitter:creator\" content=\"@sunoresearch\" \/>\n<meta name=\"twitter:site\" content=\"@sunoresearch\" \/>\n<meta name=\"twitter:label1\" content=\"Escrito por\" \/>\n\t<meta name=\"twitter:data1\" content=\"Poliana Santos\" \/>\n\t<meta name=\"twitter:label2\" content=\"Est. tempo de leitura\" \/>\n\t<meta name=\"twitter:data2\" content=\"2 minutos\" \/>\n<script type=\"application\/ld+json\" class=\"yoast-schema-graph\">{\"@context\":\"https:\/\/schema.org\",\"@graph\":[{\"@type\":\"NewsArticle\",\"@id\":\"https:\/\/www.suno.com.br\/noticias\/b3-investidores-ativos-bolsa-de-valores\/#article\",\"isPartOf\":{\"@id\":\"https:\/\/www.suno.com.br\/noticias\/b3-investidores-ativos-bolsa-de-valores\/\"},\"author\":{\"name\":\"Poliana Santos\",\"@id\":\"https:\/\/www.suno.com.br\/noticias\/#\/schema\/person\/02ec1f752758247878a2bf4abee1aeda\"},\"headline\":\"N\u00famero de investidores ativos na B3 cresce 95% em um ano\",\"datePublished\":\"2019-11-11T15:50:59+00:00\",\"mainEntityOfPage\":{\"@id\":\"https:\/\/www.suno.com.br\/noticias\/b3-investidores-ativos-bolsa-de-valores\/\"},\"wordCount\":413,\"publisher\":{\"@id\":\"https:\/\/www.suno.com.br\/noticias\/#organization\"},\"image\":{\"@id\":\"https:\/\/www.suno.com.br\/noticias\/b3-investidores-ativos-bolsa-de-valores\/#primaryimage\"},\"thumbnailUrl\":\"https:\/\/files.sunoresearch.com.br\/n\/uploads\/2019\/03\/67ac7a65-tesouro-direto-png.webp\",\"keywords\":[\"Bolsa de Valores de S\u00e3o Paulo (B3)\"],\"articleSection\":[\"Mercado\"],\"inLanguage\":\"pt-BR\"},{\"@type\":\"WebPage\",\"@id\":\"https:\/\/www.suno.com.br\/noticias\/b3-investidores-ativos-bolsa-de-valores\/\",\"url\":\"https:\/\/www.suno.com.br\/noticias\/b3-investidores-ativos-bolsa-de-valores\/\",\"name\":\"N\u00famero de investidores ativos na B3 cresce 95% em um ano\",\"isPartOf\":{\"@id\":\"https:\/\/www.suno.com.br\/noticias\/#website\"},\"primaryImageOfPage\":{\"@id\":\"https:\/\/www.suno.com.br\/noticias\/b3-investidores-ativos-bolsa-de-valores\/#primaryimage\"},\"image\":{\"@id\":\"https:\/\/www.suno.com.br\/noticias\/b3-investidores-ativos-bolsa-de-valores\/#primaryimage\"},\"thumbnailUrl\":\"https:\/\/files.sunoresearch.com.br\/n\/uploads\/2019\/03\/67ac7a65-tesouro-direto-png.webp\",\"datePublished\":\"2019-11-11T15:50:59+00:00\",\"description\":\"A B3 informou nesta segunda (11) que o n\u00famero de investidores ativos na Bolsa de Valores atingiu 1,536 milh\u00e3o. Clique aqui e saiba mais\",\"breadcrumb\":{\"@id\":\"https:\/\/www.suno.com.br\/noticias\/b3-investidores-ativos-bolsa-de-valores\/#breadcrumb\"},\"inLanguage\":\"pt-BR\",\"potentialAction\":[{\"@type\":\"ReadAction\",\"target\":[\"https:\/\/www.suno.com.br\/noticias\/b3-investidores-ativos-bolsa-de-valores\/\"]}]},{\"@type\":\"ImageObject\",\"inLanguage\":\"pt-BR\",\"@id\":\"https:\/\/www.suno.com.br\/noticias\/b3-investidores-ativos-bolsa-de-valores\/#primaryimage\",\"url\":\"https:\/\/files.sunoresearch.com.br\/n\/uploads\/2019\/03\/67ac7a65-tesouro-direto-png.webp\",\"contentUrl\":\"https:\/\/files.sunoresearch.com.br\/n\/uploads\/2019\/03\/67ac7a65-tesouro-direto-png.webp\",\"width\":500,\"height\":375,\"caption\":\"b3\"},{\"@type\":\"BreadcrumbList\",\"@id\":\"https:\/\/www.suno.com.br\/noticias\/b3-investidores-ativos-bolsa-de-valores\/#breadcrumb\",\"itemListElement\":[{\"@type\":\"ListItem\",\"position\":1,\"name\":\"Not\u00edcias\",\"item\":\"https:\/\/www.suno.com.br\/noticias\/\"},{\"@type\":\"ListItem\",\"position\":2,\"name\":\"Mercado\",\"item\":\"https:\/\/www.suno.com.br\/noticias\/mercado\/\"},{\"@type\":\"ListItem\",\"position\":3,\"name\":\"N\u00famero de investidores ativos na B3 cresce 95% em um ano\"}]},{\"@type\":\"WebSite\",\"@id\":\"https:\/\/www.suno.com.br\/noticias\/#website\",\"url\":\"https:\/\/www.suno.com.br\/noticias\/\",\"name\":\"Suno Not\u00edcias\",\"description\":\"Seu portal de informa\u00e7\u00e3o sobre o mundo dos investimentos\",\"publisher\":{\"@id\":\"https:\/\/www.suno.com.br\/noticias\/#organization\"},\"potentialAction\":[{\"@type\":\"SearchAction\",\"target\":{\"@type\":\"EntryPoint\",\"urlTemplate\":\"https:\/\/www.suno.com.br\/noticias\/?s={search_term_string}\"},\"query-input\":{\"@type\":\"PropertyValueSpecification\",\"valueRequired\":true,\"valueName\":\"search_term_string\"}}],\"inLanguage\":\"pt-BR\"},{\"@type\":\"Organization\",\"@id\":\"https:\/\/www.suno.com.br\/noticias\/#organization\",\"name\":\"Suno Not\u00edcias\",\"url\":\"https:\/\/www.suno.com.br\/noticias\/\",\"logo\":{\"@type\":\"ImageObject\",\"inLanguage\":\"pt-BR\",\"@id\":\"https:\/\/www.suno.com.br\/noticias\/#\/schema\/logo\/image\/\",\"url\":\"https:\/\/files.sunoresearch.com.br\/n\/uploads\/2021\/09\/suno-logo.png\",\"contentUrl\":\"https:\/\/files.sunoresearch.com.br\/n\/uploads\/2021\/09\/suno-logo.png\",\"width\":180,\"height\":180,\"caption\":\"Suno Not\u00edcias\"},\"image\":{\"@id\":\"https:\/\/www.suno.com.br\/noticias\/#\/schema\/logo\/image\/\"},\"sameAs\":[\"https:\/\/facebook.com\/sunoresearch\",\"https:\/\/x.com\/sunoresearch\",\"https:\/\/www.instagram.com\/suno\",\"https:\/\/www.linkedin.com\/company\/suno-research\/\",\"https:\/\/www.youtube.com\/c\/sunoresearch\"]},{\"@type\":\"Person\",\"@id\":\"https:\/\/www.suno.com.br\/noticias\/#\/schema\/person\/02ec1f752758247878a2bf4abee1aeda\",\"name\":\"Poliana Santos\",\"image\":{\"@type\":\"ImageObject\",\"inLanguage\":\"pt-BR\",\"@id\":\"https:\/\/www.suno.com.br\/noticias\/#\/schema\/person\/image\/\",\"url\":\"https:\/\/secure.gravatar.com\/avatar\/0645bd32f23d87b2130f2b2dff1d3f8d?s=96&r=g\",\"contentUrl\":\"https:\/\/secure.gravatar.com\/avatar\/0645bd32f23d87b2130f2b2dff1d3f8d?s=96&r=g\",\"caption\":\"Poliana Santos\"},\"description\":\"Rep\u00f3rter no Suno Not\u00edcias, com cobertura em mercado financeiro, economia, finan\u00e7as pessoais, renda fixa e varejo. Jornalista formada pela Faculdade C\u00e1sper L\u00edbero e possui passagem na R\u00e1dio Gazeta AM com a produ\u00e7\u00e3o de conte\u00fado sobre economia, pol\u00edtica, sa\u00fade, moda e m\u00fasica. Possui certificado de conclus\u00e3o do curso de An\u00e1lise de Balan\u00e7os pela Funda\u00e7\u00e3o Bradesco, Agenda Brasil pela FAAP, Educa\u00e7\u00e3o Pol\u00edtica por Alexandre Garcia e do Tesouro Direto e Mercado de A\u00e7\u00f5es pela B3.\",\"url\":\"https:\/\/www.suno.com.br\/noticias\/author\/poliana-santos\/\"}]}<\/script>\n<!-- \/ Yoast SEO plugin. -->","yoast_head_json":{"title":"N\u00famero de investidores ativos na B3 cresce 95% em um ano","description":"A B3 informou nesta segunda (11) que o n\u00famero de investidores ativos na Bolsa de Valores atingiu 1,536 milh\u00e3o. Clique aqui e saiba mais","robots":{"index":"index","follow":"follow","max-snippet":"max-snippet:-1","max-image-preview":"max-image-preview:large","max-video-preview":"max-video-preview:-1"},"canonical":"https:\/\/www.suno.com.br\/noticias\/b3-investidores-ativos-bolsa-de-valores\/","og_locale":"pt_BR","og_type":"article","og_title":"N\u00famero de investidores ativos na B3 cresce 95% em um ano","og_description":"A B3 informou nesta segunda (11) que o n\u00famero de investidores ativos na Bolsa de Valores atingiu 1,536 milh\u00e3o. Clique aqui e saiba mais","og_url":"https:\/\/www.suno.com.br\/noticias\/b3-investidores-ativos-bolsa-de-valores\/","og_site_name":"Suno Not\u00edcias","article_publisher":"https:\/\/facebook.com\/sunoresearch","og_image":[{"width":500,"height":375,"url":"https:\/\/files.sunoresearch.com.br\/n\/uploads\/2019\/03\/67ac7a65-tesouro-direto.png","type":"image\/png"}],"author":"Poliana Santos","twitter_card":"summary_large_image","twitter_creator":"@sunoresearch","twitter_site":"@sunoresearch","twitter_misc":{"Escrito por":"Poliana Santos","Est. tempo de leitura":"2 minutos"},"schema":{"@context":"https:\/\/schema.org","@graph":[{"@type":"NewsArticle","@id":"https:\/\/www.suno.com.br\/noticias\/b3-investidores-ativos-bolsa-de-valores\/#article","isPartOf":{"@id":"https:\/\/www.suno.com.br\/noticias\/b3-investidores-ativos-bolsa-de-valores\/"},"author":{"name":"Poliana Santos","@id":"https:\/\/www.suno.com.br\/noticias\/#\/schema\/person\/02ec1f752758247878a2bf4abee1aeda"},"headline":"N\u00famero de investidores ativos na B3 cresce 95% em um ano","datePublished":"2019-11-11T15:50:59+00:00","mainEntityOfPage":{"@id":"https:\/\/www.suno.com.br\/noticias\/b3-investidores-ativos-bolsa-de-valores\/"},"wordCount":413,"publisher":{"@id":"https:\/\/www.suno.com.br\/noticias\/#organization"},"image":{"@id":"https:\/\/www.suno.com.br\/noticias\/b3-investidores-ativos-bolsa-de-valores\/#primaryimage"},"thumbnailUrl":"https:\/\/files.sunoresearch.com.br\/n\/uploads\/2019\/03\/67ac7a65-tesouro-direto-png.webp","keywords":["Bolsa de Valores de S\u00e3o Paulo (B3)"],"articleSection":["Mercado"],"inLanguage":"pt-BR"},{"@type":"WebPage","@id":"https:\/\/www.suno.com.br\/noticias\/b3-investidores-ativos-bolsa-de-valores\/","url":"https:\/\/www.suno.com.br\/noticias\/b3-investidores-ativos-bolsa-de-valores\/","name":"N\u00famero de investidores ativos na B3 cresce 95% em um ano","isPartOf":{"@id":"https:\/\/www.suno.com.br\/noticias\/#website"},"primaryImageOfPage":{"@id":"https:\/\/www.suno.com.br\/noticias\/b3-investidores-ativos-bolsa-de-valores\/#primaryimage"},"image":{"@id":"https:\/\/www.suno.com.br\/noticias\/b3-investidores-ativos-bolsa-de-valores\/#primaryimage"},"thumbnailUrl":"https:\/\/files.sunoresearch.com.br\/n\/uploads\/2019\/03\/67ac7a65-tesouro-direto-png.webp","datePublished":"2019-11-11T15:50:59+00:00","description":"A B3 informou nesta segunda (11) que o n\u00famero de investidores ativos na Bolsa de Valores atingiu 1,536 milh\u00e3o. Clique aqui e saiba mais","breadcrumb":{"@id":"https:\/\/www.suno.com.br\/noticias\/b3-investidores-ativos-bolsa-de-valores\/#breadcrumb"},"inLanguage":"pt-BR","potentialAction":[{"@type":"ReadAction","target":["https:\/\/www.suno.com.br\/noticias\/b3-investidores-ativos-bolsa-de-valores\/"]}]},{"@type":"ImageObject","inLanguage":"pt-BR","@id":"https:\/\/www.suno.com.br\/noticias\/b3-investidores-ativos-bolsa-de-valores\/#primaryimage","url":"https:\/\/files.sunoresearch.com.br\/n\/uploads\/2019\/03\/67ac7a65-tesouro-direto-png.webp","contentUrl":"https:\/\/files.sunoresearch.com.br\/n\/uploads\/2019\/03\/67ac7a65-tesouro-direto-png.webp","width":500,"height":375,"caption":"b3"},{"@type":"BreadcrumbList","@id":"https:\/\/www.suno.com.br\/noticias\/b3-investidores-ativos-bolsa-de-valores\/#breadcrumb","itemListElement":[{"@type":"ListItem","position":1,"name":"Not\u00edcias","item":"https:\/\/www.suno.com.br\/noticias\/"},{"@type":"ListItem","position":2,"name":"Mercado","item":"https:\/\/www.suno.com.br\/noticias\/mercado\/"},{"@type":"ListItem","position":3,"name":"N\u00famero de investidores ativos na B3 cresce 95% em um ano"}]},{"@type":"WebSite","@id":"https:\/\/www.suno.com.br\/noticias\/#website","url":"https:\/\/www.suno.com.br\/noticias\/","name":"Suno Not\u00edcias","description":"Seu portal de informa\u00e7\u00e3o sobre o mundo dos investimentos","publisher":{"@id":"https:\/\/www.suno.com.br\/noticias\/#organization"},"potentialAction":[{"@type":"SearchAction","target":{"@type":"EntryPoint","urlTemplate":"https:\/\/www.suno.com.br\/noticias\/?s={search_term_string}"},"query-input":{"@type":"PropertyValueSpecification","valueRequired":true,"valueName":"search_term_string"}}],"inLanguage":"pt-BR"},{"@type":"Organization","@id":"https:\/\/www.suno.com.br\/noticias\/#organization","name":"Suno Not\u00edcias","url":"https:\/\/www.suno.com.br\/noticias\/","logo":{"@type":"ImageObject","inLanguage":"pt-BR","@id":"https:\/\/www.suno.com.br\/noticias\/#\/schema\/logo\/image\/","url":"https:\/\/files.sunoresearch.com.br\/n\/uploads\/2021\/09\/suno-logo.png","contentUrl":"https:\/\/files.sunoresearch.com.br\/n\/uploads\/2021\/09\/suno-logo.png","width":180,"height":180,"caption":"Suno Not\u00edcias"},"image":{"@id":"https:\/\/www.suno.com.br\/noticias\/#\/schema\/logo\/image\/"},"sameAs":["https:\/\/facebook.com\/sunoresearch","https:\/\/x.com\/sunoresearch","https:\/\/www.instagram.com\/suno","https:\/\/www.linkedin.com\/company\/suno-research\/","https:\/\/www.youtube.com\/c\/sunoresearch"]},{"@type":"Person","@id":"https:\/\/www.suno.com.br\/noticias\/#\/schema\/person\/02ec1f752758247878a2bf4abee1aeda","name":"Poliana Santos","image":{"@type":"ImageObject","inLanguage":"pt-BR","@id":"https:\/\/www.suno.com.br\/noticias\/#\/schema\/person\/image\/","url":"https:\/\/secure.gravatar.com\/avatar\/0645bd32f23d87b2130f2b2dff1d3f8d?s=96&r=g","contentUrl":"https:\/\/secure.gravatar.com\/avatar\/0645bd32f23d87b2130f2b2dff1d3f8d?s=96&r=g","caption":"Poliana Santos"},"description":"Rep\u00f3rter no Suno Not\u00edcias, com cobertura em mercado financeiro, economia, finan\u00e7as pessoais, renda fixa e varejo. Jornalista formada pela Faculdade C\u00e1sper L\u00edbero e possui passagem na R\u00e1dio Gazeta AM com a produ\u00e7\u00e3o de conte\u00fado sobre economia, pol\u00edtica, sa\u00fade, moda e m\u00fasica. Possui certificado de conclus\u00e3o do curso de An\u00e1lise de Balan\u00e7os pela Funda\u00e7\u00e3o Bradesco, Agenda Brasil pela FAAP, Educa\u00e7\u00e3o Pol\u00edtica por Alexandre Garcia e do Tesouro Direto e Mercado de A\u00e7\u00f5es pela B3.","url":"https:\/\/www.suno.com.br\/noticias\/author\/poliana-santos\/"}]}},"default_loop_html":"<div class=\"cardsPage__listCard__boxs\"><div class=\"cardsPage__listCard__boxs__img\"><a href=\"https:\/\/www.suno.com.br\/noticias\/b3-investidores-ativos-bolsa-de-valores\/\"><img class=\"mask\" src=\"https:\/\/www.suno.com.br\/noticias\/wp-content\/themes\/suno\/resources\/images\/spotlight\/spotlight1img\/bg-mask.png\" alt=\"Image Mask\"\/><img src=\"https:\/\/files.sunoresearch.com.br\/n\/uploads\/2019\/03\/67ac7a65-tesouro-direto-400x200.webp\" alt=\"N\u00famero de investidores ativos na B3 cresce 95% em um ano\"\/><\/a><span class=\"spotlightCategory\"><a href=\"https:\/\/www.suno.com.br\/noticias\/mercado\/\">Mercado<\/a><\/span><\/div><div class=\"cardsPage__listCard__boxs__content\"><a href=\"https:\/\/www.suno.com.br\/noticias\/b3-investidores-ativos-bolsa-de-valores\/\"><h2 class=\"content__title\">N\u00famero de investidores ativos na B3 cresce 95% em um ano<\/h2><\/a><div class=\"newsContent__article__meta\"><div class=\"newsContent__article__meta__authorBox\"><a href=\"https:\/\/www.suno.com.br\/noticias\/author\/poliana-santos\/\" class=\"authorBox__avatar noMobi\"><img src=\"https:\/\/files.sunoresearch.com.br\/n\/uploads\/2020\/08\/7ef34026-whatsapp-image-2020-08-03-at-12.37.57-150x150.webp\" alt=\"Poliana Santos\"><\/a><div class=\"authorBox__name\"><span>por\n\t\t\t<a href=\"https:\/\/www.suno.com.br\/noticias\/author\/poliana-santos\/\"><span itemprop=\"author\">Poliana Santos<\/span><\/a><\/span><time datetime=\"2019-11-11T13:50:59-03:00\" itemprop=\"datePublished\">11\/11\/2019 13:50<\/time><\/div><\/div><\/div><\/div><\/div>","single_layout":"posts","amp_enabled":true,"_links":{"self":[{"href":"https:\/\/www.suno.com.br\/noticias\/wp-json\/wp\/v2\/posts\/44391"}],"collection":[{"href":"https:\/\/www.suno.com.br\/noticias\/wp-json\/wp\/v2\/posts"}],"about":[{"href":"https:\/\/www.suno.com.br\/noticias\/wp-json\/wp\/v2\/types\/post"}],"author":[{"embeddable":true,"href":"https:\/\/www.suno.com.br\/noticias\/wp-json\/wp\/v2\/users\/15"}],"replies":[{"embeddable":true,"href":"https:\/\/www.suno.com.br\/noticias\/wp-json\/wp\/v2\/comments?post=44391"}],"version-history":[{"count":0,"href":"https:\/\/www.suno.com.br\/noticias\/wp-json\/wp\/v2\/posts\/44391\/revisions"}],"wp:featuredmedia":[{"embeddable":true,"href":"https:\/\/www.suno.com.br\/noticias\/wp-json\/wp\/v2\/media\/18779"}],"wp:attachment":[{"href":"https:\/\/www.suno.com.br\/noticias\/wp-json\/wp\/v2\/media?parent=44391"}],"wp:term":[{"taxonomy":"category","embeddable":true,"href":"https:\/\/www.suno.com.br\/noticias\/wp-json\/wp\/v2\/categories?post=44391"},{"taxonomy":"post_tag","embeddable":true,"href":"https:\/\/www.suno.com.br\/noticias\/wp-json\/wp\/v2\/tags?post=44391"},{"taxonomy":"suno_strategy","embeddable":true,"href":"https:\/\/www.suno.com.br\/noticias\/wp-json\/wp\/v2\/suno_strategy?post=44391"}],"curies":[{"name":"wp","href":"https:\/\/api.w.org\/{rel}","templated":true}]}}